{"id":25830,"date":"2021-05-12T09:18:47","date_gmt":"2021-05-12T07:18:47","guid":{"rendered":"https:\/\/charleroi-pourlapalestine.be\/?p=25830"},"modified":"2021-05-12T09:18:50","modified_gmt":"2021-05-12T07:18:50","slug":"les-bouchers-de-gaza-percus-comme-des-partenaires-par-lue","status":"publish","type":"post","link":"https:\/\/charleroi-pourlapalestine.be\/index.php\/2021\/05\/12\/les-bouchers-de-gaza-percus-comme-des-partenaires-par-lue\/","title":{"rendered":"Les bouchers de Gaza per\u00e7us comme des partenaires par l\u2019UE"},"content":{"rendered":"<p><em>Quand les diplomates de l&rsquo;UE consid\u00e8rent les criminels de guerre isra\u00e9liens comme leurs partenaires.<\/em><\/p>\n<div id=\"attachment_25833\" style=\"width: 441px\" class=\"wp-caption aligncenter\"><img loading=\"lazy\" decoding=\"async\" aria-describedby=\"caption-attachment-25833\" class=\"wp-image-25833 size-full\" src=\"https:\/\/charleroi-pourlapalestine.be\/wp-content\/uploads\/2021\/05\/Giaufret-e1620799945974.jpg\" alt=\"\" width=\"431\" height=\"320\"><p id=\"caption-attachment-25833\" class=\"wp-caption-text\">Le diplomate de l\u2019UE, Emanuele Giaufret, en train de papoter avec le criminel de guerre isra\u00e9lien Ghasan Alyan. (Photo&nbsp;: Via Facebook)<\/p><\/div>\n<p><a href=\"https:\/\/charleroi-pourlapalestine.be\/index.php\/tag\/david-cronin\/\"><strong>David Cronin<\/strong><\/a>, 11 mai 2021<\/p>\n<p>Malgr\u00e9 toutes leurs tentatives de para\u00eetre objectifs, les diplomates de l\u2019<strong>Union europ\u00e9enne<\/strong> ne sont pas des observateurs neutres, en Palestine. La majeure partie de ce qu\u2019ils racontent tend \u00e0 l\u00e9gitimer un mensonge. &nbsp;<\/p>\n<p>De fa\u00e7on typique, les diplomates ont pr\u00e9sent\u00e9 une image fauss\u00e9e, au moment o\u00f9 la police isra\u00e9lienne <a href=\"https:\/\/electronicintifada.net\/content\/israel-attacks-gaza-after-jerusalem-defeat\/32936\" target=\"_blank\" rel=\"noopener noreferrer\">a fait irruption<\/a> dans la mosqu\u00e9e <strong>Al-Aqsa<\/strong> lundi matin. Plut\u00f4t que de <strong>condamner<\/strong> la brutalit\u00e9 d\u2019Isra\u00ebl, l\u2019UE a pr\u00e9f\u00e9r\u00e9 faire allusion aux<em> \u00ab&nbsp;affrontements en cours&nbsp;\u00bb.<\/em><\/p>\n<p>Quelque 400 Palestiniens ont \u00e9t\u00e9 bless\u00e9s, quand ils ont \u00e9t\u00e9 attaqu\u00e9s \u00e0 coups de grenades assourdissantes et de balles d\u2019acier enrob\u00e9es de caoutchouc. Et l\u2019<strong>UE<\/strong> d\u2019insinuer qu\u2019ils ne l\u2019ont pas vol\u00e9. &nbsp;<\/p>\n<blockquote class=\"twitter-tweet\" data-width=\"500\" data-dnt=\"true\">\n<p lang=\"en\" dir=\"ltr\">Extremely concerned about the ongoing clashes between Palestinians and ISF in and around HaS\/TM and the Old City. We call for immediate calm, all must refrain from resorting to violence.<\/p>\n<p>&mdash; EU and Palestinians (@EUpalestinians) <a href=\"https:\/\/twitter.com\/EUpalestinians\/status\/1391677423327105025?ref_src=twsrc%5Etfw\">May 10, 2021<\/a><\/p><\/blockquote>\n<p><script async src=\"https:\/\/platform.twitter.com\/widgets.js\" charset=\"utf-8\"><\/script><\/p>\n<blockquote class=\"twitter-tweet\" data-width=\"500\" data-dnt=\"true\">\n<p lang=\"en\" dir=\"ltr\">Most of the injuries were to the face and eyes, as the occupation forces have been firing rubber-coated metal bullets and stun grenades at the worshipers, the Red Crescent said.<a href=\"https:\/\/t.co\/gB7IDBqYls\">https:\/\/t.co\/gB7IDBqYls<\/a><\/p>\n<p>&mdash; Quds News Network (@QudsNen) <a href=\"https:\/\/twitter.com\/QudsNen\/status\/1391687840761798662?ref_src=twsrc%5Etfw\">May 10, 2021<\/a><\/p><\/blockquote>\n<p><script async src=\"https:\/\/platform.twitter.com\/widgets.js\" charset=\"utf-8\"><\/script><\/p>\n<blockquote class=\"twitter-tweet\" data-width=\"500\" data-dnt=\"true\">\n<p lang=\"en\" dir=\"ltr\">Evidence we have gathered reveals a chilling pattern of Israeli forces using abusive and wanton force against largely peaceful Palestinian protesters in recent days. Some of those injured in the violence in East Jerusalem include bystanders or worshippers making Ramadan prayers.<\/p>\n<p>&mdash; Amnesty International (@amnesty) <a href=\"https:\/\/twitter.com\/amnesty\/status\/1392022165885800458?ref_src=twsrc%5Etfw\">May 11, 2021<\/a><\/p><\/blockquote>\n<p><script async src=\"https:\/\/platform.twitter.com\/widgets.js\" charset=\"utf-8\"><\/script><\/p>\n<p>Les d\u00e9clarations conventionnelles des diplomates ne disent pas le fin fond de l\u2019histoire sur la fa\u00e7on dont l\u2019<strong>UE<\/strong> prend le parti d\u2019<strong>Isra\u00ebl.<\/strong><\/p>\n<p>La force de police qui est mont\u00e9e \u00e0 l\u2019assaut de la mosqu\u00e9e <strong>Al-Aqsa<\/strong> cette semaine est <a href=\"https:\/\/www.gov.il\/en\/departments\/topics\/policing_and_law_enforcement\" target=\"_blank\" rel=\"noopener noreferrer\">plac\u00e9e sous le contr\u00f4le<\/a> du minist\u00e8re isra\u00e9lien de la <em>\u00ab&nbsp;s\u00e9curit\u00e9 publique&nbsp;\u00bb.<\/em> Ce minist\u00e8re a re\u00e7u directement plus de 2 millions de USD de donations scientifiques depuis 2014.<\/p>\n<p>L\u2019importance de ces donations&nbsp;va bien au-del\u00e0 des sommes impliqu\u00e9es.<\/p>\n<p>L\u2019<strong>UE<\/strong> s\u2019enorgueillit de <a href=\"https:\/\/ec.europa.eu\/programmes\/horizon2020\/what-horizon-2020\" target=\"_blank\" rel=\"noopener noreferrer\">g\u00e9rer<\/a> des programmes de recherche de renom mondial. En impliquant le minist\u00e8re isra\u00e9lien de la<em> \u00ab&nbsp;s\u00e9curit\u00e9 publique&nbsp;\u00bb<\/em> dans ces programmes, l\u2019<strong>UE<\/strong> conf\u00e8re de la respectabilit\u00e9 \u00e0 un pilier incontournable du syst\u00e8me d\u2019apartheid isra\u00e9lien.<\/p>\n<p>Un d\u00e9partement du gouvernement activement impliqu\u00e9 dans l\u2019expulsion des Palestiniens de J\u00e9rusalem a \u00e9t\u00e9 trait\u00e9 comme un acteur important dans les activit\u00e9s financ\u00e9es par l<strong>\u2019UE.<\/strong> Ces activit\u00e9s ont \u00e9galement \u00e9t\u00e9 <a href=\"https:\/\/electronicintifada.net\/content\/why-are-irelands-police-teaming-israels-torture-ministry\/32181\" target=\"_blank\" rel=\"noopener noreferrer\">d\u00e9crites<\/a> comme n\u00e9cessaires dans la lutte contre la criminalit\u00e9 internationale. &nbsp;<\/p>\n<h3>Un pion<\/h3>\n<p>Au nombre des pires diplomates figure <a href=\"https:\/\/electronicintifada.net\/tags\/emanuele-giaufret\" target=\"_blank\" rel=\"noopener noreferrer\"><strong>Emanuele Giaufret<\/strong><\/a>, <strong>l\u2019envoy\u00e9 de l\u2019UE \u00e0 Tel-Aviv<\/strong>. Il veut \u00eatre utilis\u00e9 comme un pion dans les exercices de propagande d\u2019Isra\u00ebl.<\/p>\n<p>La semaine derni\u00e8re, il a pos\u00e9 pour les photographes en compagnie de<strong> Ghasan Alyan<\/strong>, de l\u2019arm\u00e9e isra\u00e9lienne.<\/p>\n<p><strong>Alyan<\/strong> est litt\u00e9ralement le chef de l\u2019occupation inflig\u00e9e aux Palestiniens en Cisjordanie et \u00e0 Gaza.<\/p>\n<p>Tout r\u00e9cemment encore, Alyan dirigeait un organe \u00e0 l\u2019appellation trompeuse \u2013 l\u2019<strong>Administration civile isra\u00e9lienne<\/strong>. Le mois dernier, il \u00e9tait <a href=\"https:\/\/www.gov.il\/en\/departments\/news\/metaem\" target=\"_blank\" rel=\"noopener noreferrer\">d\u00e9sign\u00e9<\/a> \u00e0 la t\u00eate d\u2019un autre organe du m\u00eame genre \u2013 la <strong>Coordination des activit\u00e9s gouvernementales dans les territoires (la COGAT).<\/strong><\/p>\n<p>La rencontre entre <strong>Giaufret<\/strong> et<strong> Alyan<\/strong> portait sur la coop\u00e9ration potentielle en vue de promouvoir <em>\u00ab&nbsp;la stabilit\u00e9 et la prosp\u00e9rit\u00e9&nbsp;\u00bb<\/em>, <a href=\"https:\/\/www.facebook.com\/cogatonline\/posts\/3829828630446126\" target=\"_blank\" rel=\"noopener noreferrer\">sugg\u00e9rait<\/a> un bref rapport.<\/p>\n<p>Si <strong>Alyan<\/strong> est vraiment engag\u00e9 en faveur de la stabilit\u00e9 et de la prosp\u00e9rit\u00e9, il le montre de tr\u00e8s curieuse fa\u00e7on.<\/p>\n<p>Une partie de son <a href=\"https:\/\/www.haaretz.com\/israel-news\/.premium.MAGAZINE-the-village-where-palestinians-are-kept-entirely-powerless-1.9423349\" target=\"_blank\" rel=\"noopener noreferrer\">travail<\/a> ces quelques derni\u00e8res ann\u00e9es a consist\u00e9 \u00e0 faire en sorte que les <strong>ordonnances de d\u00e9molition<\/strong> soient bien mises en application en <strong>Cisjordanie.<\/strong><\/p>\n<p>En 2020, s\u2019adressant \u00e0 des membres de la<strong> Knesset<\/strong>, le Parlement isra\u00e9lien, il s\u2019\u00e9tait bel et bien <a href=\"https:\/\/www.haaretz.com\/israel-news\/.premium-knesset-committee-39-of-west-bank-suffices-for-palestinian-construction-1.9147990\" target=\"_blank\" rel=\"noopener noreferrer\">vant\u00e9<\/a> de ce qu\u2019il mettait tout en \u0153uvre pour compliquer l\u2019aide internationale au profit des Palestiniens.<\/p>\n<p>Vu qu\u2019<strong>Isra\u00ebl<\/strong> d\u00e9truit une si importante partie de cette aide, les donateurs ont r\u00e9duit le nombre de projets qu\u2019ils financent en<strong> Cisjordanie. &nbsp;<\/strong><\/p>\n<p>Les donateurs ont \u00e9t\u00e9 pr\u00e9venus&nbsp;: <em>\u00ab&nbsp;Nous ne tol\u00e9rerons aucun projet&nbsp;<\/em>\u00bb non approuv\u00e9 par Isra\u00ebl, a d\u00e9clar\u00e9 <strong>Alyan<\/strong>.<\/p>\n<p>L\u2019<strong>UE<\/strong> aurait d\u00fb interpr\u00e9ter cela comme une insulte calcul\u00e9e. Il s\u2019agissait l\u00e0 d\u2019un g\u00e9n\u00e9ral qui tirait son plaisir de tous les d\u00e9g\u00e2ts inflig\u00e9s par ses troupes aux projets d\u2019aide financ\u00e9s par les contribuables europ\u00e9ens.<\/p>\n<p>En dehors d\u2019une \u00e9valuation des destructions et de la r\u00e9daction d\u2019une lettre de temps \u00e0 autre, les gouvernements et institutions de l\u2019<strong>UE<\/strong> n\u2019ont<a href=\"https:\/\/electronicintifada.net\/blogs\/david-cronin\/israel-destroys-and-steals-2-million-worth-eu-aid\" target=\"_blank\" rel=\"noopener noreferrer\"> jamais entrepris la moindre action.<\/a> Personne, parmi ces gens, n\u2019a jamais intent\u00e9 un proc\u00e8s \u00e0 Isra\u00ebl.<\/p>\n<h3>Une pr\u00e9dilection pour la violence<\/h3>\n<p><strong>Ghasan Alyan<\/strong> est aujourd\u2019hui le principal moteur du <strong>blocus impos\u00e9 \u00e0 Gaza<\/strong>. Il est plus que probable, toutefois, qu\u2019il ne se d\u00e9crira pas en ces termes. &nbsp;&nbsp;<\/p>\n<p>En lieu et place, nous pouvons attendre de lui qu\u2019il <a href=\"https:\/\/electronicintifada.net\/blogs\/maureen-clare-murphy\/why-israeli-propaganda-reminds-me-hostage-videos\" target=\"_blank\" rel=\"noopener noreferrer\">entretienne la fiction<\/a> selon laquelle la <strong>COGAT<\/strong> abonde en bienfaiteurs. Les pages des m\u00e9dias sociaux de la <strong>COGAT<\/strong> insistent r\u00e9guli\u00e8rement sur le fait que l\u2019institution permet \u00e0 des produits essentiels d\u2019\u00eatre achemin\u00e9s vers <strong>Gaza. &nbsp;<\/strong><\/p>\n<blockquote class=\"twitter-tweet\" data-width=\"500\" data-dnt=\"true\">\n<p lang=\"en\" dir=\"ltr\">Weekly Summary of activity at <a href=\"https:\/\/twitter.com\/hashtag\/Gaza?src=hash&amp;ref_src=twsrc%5Etfw\">#Gaza<\/a> (Erez and Kerem Shalom) Crossings 07-13.02 <a href=\"https:\/\/t.co\/35k3XSKwzM\">pic.twitter.com\/35k3XSKwzM<\/a><\/p>\n<p>&mdash; COGAT (@cogatonline) <a href=\"https:\/\/twitter.com\/cogatonline\/status\/1360922734759444482?ref_src=twsrc%5Etfw\">February 14, 2021<\/a><\/p><\/blockquote>\n<p><script async src=\"https:\/\/platform.twitter.com\/widgets.js\" charset=\"utf-8\"><\/script><\/p>\n<p>&nbsp;<\/p>\n<p>Permettre \u00e0 un peuple assi\u00e9g\u00e9 de manger quelques miettes est cens\u00e9 repr\u00e9senter un grand geste humanitaire.<\/p>\n<p><strong>Alyan<\/strong> n\u2019\u00e9tait gu\u00e8re prodigue de gestes humanitaires quand il commandait la<strong> brigade Golani<\/strong>, une division d\u2019\u00e9lite de l\u2019arm\u00e9e&nbsp;isra\u00e9lienne.<\/p>\n<p>C\u2019est en tant que tel qu\u2019il participa \u00e0 <a href=\"https:\/\/electronicintifada.net\/blogs\/ali-abunimah\/balance-un-gaza-report-cant-hide-massive-israeli-war-crimes\" target=\"_blank\" rel=\"noopener noreferrer\">l\u2019\u00e9norme offensive isra\u00e9lienne<\/a> contre <strong>Gaza<\/strong> au cours de l\u2019\u00e9t\u00e9 2014.<\/p>\n<p>Alyan fut <a href=\"https:\/\/www.liberation.fr\/planete\/2014\/08\/11\/a-gaza-la-guerre-des-nombres-est-declaree_1079164\/\" target=\"_blank\" rel=\"noopener noreferrer\">charg\u00e9<\/a> de <em>\u00ab&nbsp;nettoyer&nbsp;\u00bb<\/em> <strong>Shujaiya<\/strong>, un quartier de la ville de<strong> Gaza<\/strong>, affirme le journal fran\u00e7ais <em>Lib\u00e9ration.<\/em><\/p>\n<p><em>\u00ab&nbsp;Nettoyer&nbsp;\u00bb<\/em> est un euph\u00e9misme bizarre pour<a href=\"https:\/\/electronicintifada.net\/tags\/shujaiya-massacre\" target=\"_blank\" rel=\"noopener noreferrer\"> d\u00e9signer<\/a> une<strong> boucherie d\u00e9lib\u00e9r\u00e9e.<\/strong> Quelque 55 civils, dont 19 enfants, furent <a href=\"https:\/\/electronicintifada.net\/content\/gaza-dreams-never-turn-out-way-we-want\/21631\" target=\"_blank\" rel=\"noopener noreferrer\">tu\u00e9s<\/a> dans le massacre de Shujaiya au cours de deux journ\u00e9es de ce mois de juillet.<\/p>\n<p>Lors d\u2019un<a href=\"https:\/\/electronicintifada.net\/content\/no-justice-gaza-youth-killed-viral-video\/17446\" target=\"_blank\" rel=\"noopener noreferrer\"> incident particuli\u00e8rement sordide<\/a> qui suivit directement le massacre, un jeune homme, <strong>Salem Shamaly<\/strong>, fut tu\u00e9 de sang-froid par un sniper isra\u00e9lien, alors qu\u2019il cherchait des survivants parmi les membres de sa famille ensevelis dans les ruines de leur maison.<\/p>\n<p>Du fait qu\u2019il avait \u00e9t\u00e9 bless\u00e9, <strong>Alyan<\/strong> fut salu\u00e9 comme un h\u00e9ros pour son r\u00f4le dans le nettoyage complet d\u2019al-Shujaiyeh. Le site internet de l\u2019arm\u00e9e isra\u00e9lienne a dit de lui qu\u2019il \u00e9tait une <a href=\"https:\/\/www.idf.il\/en\/minisites\/our-soldiers\/making-history-first-druze-commander-takes-over-golani-brigade\/\" target=\"_blank\" rel=\"noopener noreferrer\"><em>\u00ab&nbsp;personnalit\u00e9 parfaite&nbsp;\u00bb.<\/em><\/a><\/p>\n<p><strong>Alyan<\/strong> fut \u00e9vacu\u00e9 de <strong>Gaza<\/strong> pour recevoir des soins en juillet 2014. Il <a href=\"https:\/\/www.ynetnews.com\/articles\/0,7340,L-4548235,00.html\" target=\"_blank\" rel=\"noopener noreferrer\">revint<\/a> promptement sur les lieux parce que, selon ses propres termes, il voulait que son bataillon <em>\u00ab&nbsp;d\u00e9truise le plus de terroristes possible&nbsp;\u00bb.<\/em><\/p>\n<p>Une arm\u00e9e d\u2019invasion qui massacre des enfants ne peut \u00eatre prise au s\u00e9rieux lorsqu\u2019elle qualifie de terrorisme la r\u00e9sistance qu\u2019elle rencontre.<\/p>\n<p>\u00c0 leur grande honte, les diplomates de l\u2019<strong>UE<\/strong> prennent Isra\u00ebl au s\u00e9rieux.<\/p>\n<p>Une fois de plus, cette semaine, <strong>Gaza<\/strong> subit une <a href=\"https:\/\/electronicintifada.net\/content\/israel-attacks-gaza-after-jerusalem-defeat\/32936\" target=\"_blank\" rel=\"noopener noreferrer\">agression<\/a>. Une fois de plus, des enfants palestiniens se font tuer par Isra\u00ebl.<\/p>\n<p>Et, une fois de plus, <strong>Emanuele Giaufret,<\/strong> de l\u2019<strong>UE,<\/strong> d\u00e9crit les <strong>Palestiniens<\/strong> comme les agresseurs et Isra\u00ebl comme la victime.<\/p>\n<blockquote class=\"twitter-tweet\" data-width=\"500\" data-dnt=\"true\">\n<p lang=\"en\" dir=\"ltr\">Extremely concerned by today\u2019s violence in East Jerusalem. The firing of rockets from Gaza to Israel is totally unacceptable and needs to stop. We need immediate deescalation to step back from the brink and protect civilians.<\/p>\n<p>&mdash; Emanuele Giaufret (@EGiaufretEU) <a href=\"https:\/\/twitter.com\/EGiaufretEU\/status\/1391817085131579392?ref_src=twsrc%5Etfw\">May 10, 2021<\/a><\/p><\/blockquote>\n<p><script async src=\"https:\/\/platform.twitter.com\/widgets.js\" charset=\"utf-8\"><\/script><\/p>\n<p>&nbsp;<\/p>\n<p>Quand on lui a demand\u00e9 un commentaire, <strong>Peter Stano<\/strong>, le porte-parole de la politique \u00e9trang\u00e8re de l\u2019<strong>UE<\/strong>, a r\u00e9pondu que cela faisait partie du <em>\u00ab&nbsp;boulot quotidien&nbsp;\u00bb<\/em> de<strong> Giaufret<\/strong> d\u2019avoir des rencontres avec <em>\u00ab&nbsp;toute une s\u00e9rie de partenaires&nbsp;\u00bb.<\/em><\/p>\n<p>Remarquez le choix des termes. Les diplomates de l\u2019<strong>UE<\/strong> consid\u00e8rent les criminels de guerre isra\u00e9liens comme leurs partenaires.<\/p>\n<hr>\n<p>Publi\u00e9 le 11 mai 2021 sur <a href=\"https:\/\/electronicintifada.net\/blogs\/david-cronin\/butchers-gaza-viewed-partners-eu\" target=\"_blank\" rel=\"noopener noreferrer\">The Electronic Intifada<\/a><br \/>\nTraduction : Jean-Marie Fl\u00e9mal, <a href=\"https:\/\/charleroi-pourlapalestine.be\/\" target=\"_blank\" rel=\"noopener noreferrer\">Charleroi pour la Palestine<\/a><\/p>\n","protected":false},"excerpt":{"rendered":"<p>Les diplomates de l\u2019UE qui consid\u00e8rent les criminels de guerre isra\u00e9liens comme leurs partenaires ne sont pas des observateurs neutres en Palestine<\/p>\n","protected":false},"author":1,"featured_media":25833,"comment_status":"closed","ping_status":"closed","sticky":false,"template":"","format":"standard","meta":{"ngg_post_thumbnail":0,"footnotes":""},"categories":[46,743,6,45,185],"tags":[],"class_list":["post-25830","post","type-post","status-publish","format-standard","has-post-thumbnail","hentry","category-les-agressions-militaires","category-al-aqsa","category-gaza","category-le-nettoyage-ethique","category-union-europeenne"],"yoast_head":"<!-- This site is optimized with the Yoast SEO plugin v27.3 - https:\/\/yoast.com\/product\/yoast-seo-wordpress\/ -->\n<title>Les bouchers de Gaza per\u00e7us comme des partenaires par l\u2019UE<\/title>\n<meta name=\"description\" content=\"Les diplomates de l\u2019UE qui consid\u00e8rent les criminels de guerre isra\u00e9liens comme leurs partenaires ne sont pas des observateurs neutres en Palestine\" \/>\n<meta name=\"robots\" content=\"index, follow, max-snippet:-1, max-image-preview:large, max-video-preview:-1\" \/>\n<link rel=\"canonical\" href=\"https:\/\/charleroi-pourlapalestine.be\/index.php\/2021\/05\/12\/les-bouchers-de-gaza-percus-comme-des-partenaires-par-lue\/\" \/>\n<script type=\"application\/ld+json\" class=\"yoast-schema-graph\">{\"@context\":\"https:\\\/\\\/schema.org\",\"@graph\":[{\"@type\":\"Article\",\"@id\":\"https:\\\/\\\/charleroi-pourlapalestine.be\\\/index.php\\\/2021\\\/05\\\/12\\\/les-bouchers-de-gaza-percus-comme-des-partenaires-par-lue\\\/#article\",\"isPartOf\":{\"@id\":\"https:\\\/\\\/charleroi-pourlapalestine.be\\\/index.php\\\/2021\\\/05\\\/12\\\/les-bouchers-de-gaza-percus-comme-des-partenaires-par-lue\\\/\"},\"author\":{\"name\":\"admin1873\",\"@id\":\"https:\\\/\\\/charleroi-pourlapalestine.be\\\/#\\\/schema\\\/person\\\/c19ff515112f1299d8c12671d8fe3faa\"},\"headline\":\"Les bouchers de Gaza per\u00e7us comme des partenaires par l\u2019UE\",\"datePublished\":\"2021-05-12T07:18:47+00:00\",\"dateModified\":\"2021-05-12T07:18:50+00:00\",\"mainEntityOfPage\":{\"@id\":\"https:\\\/\\\/charleroi-pourlapalestine.be\\\/index.php\\\/2021\\\/05\\\/12\\\/les-bouchers-de-gaza-percus-comme-des-partenaires-par-lue\\\/\"},\"wordCount\":1315,\"publisher\":{\"@id\":\"https:\\\/\\\/charleroi-pourlapalestine.be\\\/#organization\"},\"image\":{\"@id\":\"https:\\\/\\\/charleroi-pourlapalestine.be\\\/index.php\\\/2021\\\/05\\\/12\\\/les-bouchers-de-gaza-percus-comme-des-partenaires-par-lue\\\/#primaryimage\"},\"thumbnailUrl\":\"https:\\\/\\\/charleroi-pourlapalestine.be\\\/wp-content\\\/uploads\\\/2021\\\/05\\\/Giaufret-e1620799945974.jpg\",\"articleSection\":[\"Agressions militaires\",\"Al-Aqsa\",\"Gaza\",\"Nettoyage ethnique\",\"Union europ\u00e9enne\"],\"inLanguage\":\"fr-FR\"},{\"@type\":\"WebPage\",\"@id\":\"https:\\\/\\\/charleroi-pourlapalestine.be\\\/index.php\\\/2021\\\/05\\\/12\\\/les-bouchers-de-gaza-percus-comme-des-partenaires-par-lue\\\/\",\"url\":\"https:\\\/\\\/charleroi-pourlapalestine.be\\\/index.php\\\/2021\\\/05\\\/12\\\/les-bouchers-de-gaza-percus-comme-des-partenaires-par-lue\\\/\",\"name\":\"Les bouchers de Gaza per\u00e7us comme des partenaires par l\u2019UE\",\"isPartOf\":{\"@id\":\"https:\\\/\\\/charleroi-pourlapalestine.be\\\/#website\"},\"primaryImageOfPage\":{\"@id\":\"https:\\\/\\\/charleroi-pourlapalestine.be\\\/index.php\\\/2021\\\/05\\\/12\\\/les-bouchers-de-gaza-percus-comme-des-partenaires-par-lue\\\/#primaryimage\"},\"image\":{\"@id\":\"https:\\\/\\\/charleroi-pourlapalestine.be\\\/index.php\\\/2021\\\/05\\\/12\\\/les-bouchers-de-gaza-percus-comme-des-partenaires-par-lue\\\/#primaryimage\"},\"thumbnailUrl\":\"https:\\\/\\\/charleroi-pourlapalestine.be\\\/wp-content\\\/uploads\\\/2021\\\/05\\\/Giaufret-e1620799945974.jpg\",\"datePublished\":\"2021-05-12T07:18:47+00:00\",\"dateModified\":\"2021-05-12T07:18:50+00:00\",\"description\":\"Les diplomates de l\u2019UE qui consid\u00e8rent les criminels de guerre isra\u00e9liens comme leurs partenaires ne sont pas des observateurs neutres en Palestine\",\"breadcrumb\":{\"@id\":\"https:\\\/\\\/charleroi-pourlapalestine.be\\\/index.php\\\/2021\\\/05\\\/12\\\/les-bouchers-de-gaza-percus-comme-des-partenaires-par-lue\\\/#breadcrumb\"},\"inLanguage\":\"fr-FR\",\"potentialAction\":[{\"@type\":\"ReadAction\",\"target\":[\"https:\\\/\\\/charleroi-pourlapalestine.be\\\/index.php\\\/2021\\\/05\\\/12\\\/les-bouchers-de-gaza-percus-comme-des-partenaires-par-lue\\\/\"]}]},{\"@type\":\"ImageObject\",\"inLanguage\":\"fr-FR\",\"@id\":\"https:\\\/\\\/charleroi-pourlapalestine.be\\\/index.php\\\/2021\\\/05\\\/12\\\/les-bouchers-de-gaza-percus-comme-des-partenaires-par-lue\\\/#primaryimage\",\"url\":\"https:\\\/\\\/charleroi-pourlapalestine.be\\\/wp-content\\\/uploads\\\/2021\\\/05\\\/Giaufret-e1620799945974.jpg\",\"contentUrl\":\"https:\\\/\\\/charleroi-pourlapalestine.be\\\/wp-content\\\/uploads\\\/2021\\\/05\\\/Giaufret-e1620799945974.jpg\",\"width\":431,\"height\":320},{\"@type\":\"BreadcrumbList\",\"@id\":\"https:\\\/\\\/charleroi-pourlapalestine.be\\\/index.php\\\/2021\\\/05\\\/12\\\/les-bouchers-de-gaza-percus-comme-des-partenaires-par-lue\\\/#breadcrumb\",\"itemListElement\":[{\"@type\":\"ListItem\",\"position\":1,\"name\":\"Accueil\",\"item\":\"https:\\\/\\\/charleroi-pourlapalestine.be\\\/\"},{\"@type\":\"ListItem\",\"position\":2,\"name\":\"Les bouchers de Gaza per\u00e7us comme des partenaires par l\u2019UE\"}]},{\"@type\":\"WebSite\",\"@id\":\"https:\\\/\\\/charleroi-pourlapalestine.be\\\/#website\",\"url\":\"https:\\\/\\\/charleroi-pourlapalestine.be\\\/\",\"name\":\"Charleroi Pour la Palestine\",\"description\":\"\",\"publisher\":{\"@id\":\"https:\\\/\\\/charleroi-pourlapalestine.be\\\/#organization\"},\"potentialAction\":[{\"@type\":\"SearchAction\",\"target\":{\"@type\":\"EntryPoint\",\"urlTemplate\":\"https:\\\/\\\/charleroi-pourlapalestine.be\\\/?s={search_term_string}\"},\"query-input\":{\"@type\":\"PropertyValueSpecification\",\"valueRequired\":true,\"valueName\":\"search_term_string\"}}],\"inLanguage\":\"fr-FR\"},{\"@type\":\"Organization\",\"@id\":\"https:\\\/\\\/charleroi-pourlapalestine.be\\\/#organization\",\"name\":\"Plate-forme Charleroi-Palestine\",\"url\":\"https:\\\/\\\/charleroi-pourlapalestine.be\\\/\",\"logo\":{\"@type\":\"ImageObject\",\"inLanguage\":\"fr-FR\",\"@id\":\"https:\\\/\\\/charleroi-pourlapalestine.be\\\/#\\\/schema\\\/logo\\\/image\\\/\",\"url\":\"https:\\\/\\\/charleroi-pourlapalestine.be\\\/wp-content\\\/uploads\\\/2020\\\/01\\\/logo-Copy.jpg\",\"contentUrl\":\"https:\\\/\\\/charleroi-pourlapalestine.be\\\/wp-content\\\/uploads\\\/2020\\\/01\\\/logo-Copy.jpg\",\"width\":180,\"height\":180,\"caption\":\"Plate-forme Charleroi-Palestine\"},\"image\":{\"@id\":\"https:\\\/\\\/charleroi-pourlapalestine.be\\\/#\\\/schema\\\/logo\\\/image\\\/\"},\"sameAs\":[\"https:\\\/\\\/www.facebook.com\\\/PlateformeCharleroiPalestine\\\/\",\"https:\\\/\\\/x.com\\\/LaCharleroi\"]},{\"@type\":\"Person\",\"@id\":\"https:\\\/\\\/charleroi-pourlapalestine.be\\\/#\\\/schema\\\/person\\\/c19ff515112f1299d8c12671d8fe3faa\",\"name\":\"admin1873\",\"url\":\"https:\\\/\\\/charleroi-pourlapalestine.be\\\/index.php\\\/author\\\/admin1873\\\/\"}]}<\/script>\n<!-- \/ Yoast SEO plugin. -->","yoast_head_json":{"title":"Les bouchers de Gaza per\u00e7us comme des partenaires par l\u2019UE","description":"Les diplomates de l\u2019UE qui consid\u00e8rent les criminels de guerre isra\u00e9liens comme leurs partenaires ne sont pas des observateurs neutres en Palestine","robots":{"index":"index","follow":"follow","max-snippet":"max-snippet:-1","max-image-preview":"max-image-preview:large","max-video-preview":"max-video-preview:-1"},"canonical":"https:\/\/charleroi-pourlapalestine.be\/index.php\/2021\/05\/12\/les-bouchers-de-gaza-percus-comme-des-partenaires-par-lue\/","schema":{"@context":"https:\/\/schema.org","@graph":[{"@type":"Article","@id":"https:\/\/charleroi-pourlapalestine.be\/index.php\/2021\/05\/12\/les-bouchers-de-gaza-percus-comme-des-partenaires-par-lue\/#article","isPartOf":{"@id":"https:\/\/charleroi-pourlapalestine.be\/index.php\/2021\/05\/12\/les-bouchers-de-gaza-percus-comme-des-partenaires-par-lue\/"},"author":{"name":"admin1873","@id":"https:\/\/charleroi-pourlapalestine.be\/#\/schema\/person\/c19ff515112f1299d8c12671d8fe3faa"},"headline":"Les bouchers de Gaza per\u00e7us comme des partenaires par l\u2019UE","datePublished":"2021-05-12T07:18:47+00:00","dateModified":"2021-05-12T07:18:50+00:00","mainEntityOfPage":{"@id":"https:\/\/charleroi-pourlapalestine.be\/index.php\/2021\/05\/12\/les-bouchers-de-gaza-percus-comme-des-partenaires-par-lue\/"},"wordCount":1315,"publisher":{"@id":"https:\/\/charleroi-pourlapalestine.be\/#organization"},"image":{"@id":"https:\/\/charleroi-pourlapalestine.be\/index.php\/2021\/05\/12\/les-bouchers-de-gaza-percus-comme-des-partenaires-par-lue\/#primaryimage"},"thumbnailUrl":"https:\/\/charleroi-pourlapalestine.be\/wp-content\/uploads\/2021\/05\/Giaufret-e1620799945974.jpg","articleSection":["Agressions militaires","Al-Aqsa","Gaza","Nettoyage ethnique","Union europ\u00e9enne"],"inLanguage":"fr-FR"},{"@type":"WebPage","@id":"https:\/\/charleroi-pourlapalestine.be\/index.php\/2021\/05\/12\/les-bouchers-de-gaza-percus-comme-des-partenaires-par-lue\/","url":"https:\/\/charleroi-pourlapalestine.be\/index.php\/2021\/05\/12\/les-bouchers-de-gaza-percus-comme-des-partenaires-par-lue\/","name":"Les bouchers de Gaza per\u00e7us comme des partenaires par l\u2019UE","isPartOf":{"@id":"https:\/\/charleroi-pourlapalestine.be\/#website"},"primaryImageOfPage":{"@id":"https:\/\/charleroi-pourlapalestine.be\/index.php\/2021\/05\/12\/les-bouchers-de-gaza-percus-comme-des-partenaires-par-lue\/#primaryimage"},"image":{"@id":"https:\/\/charleroi-pourlapalestine.be\/index.php\/2021\/05\/12\/les-bouchers-de-gaza-percus-comme-des-partenaires-par-lue\/#primaryimage"},"thumbnailUrl":"https:\/\/charleroi-pourlapalestine.be\/wp-content\/uploads\/2021\/05\/Giaufret-e1620799945974.jpg","datePublished":"2021-05-12T07:18:47+00:00","dateModified":"2021-05-12T07:18:50+00:00","description":"Les diplomates de l\u2019UE qui consid\u00e8rent les criminels de guerre isra\u00e9liens comme leurs partenaires ne sont pas des observateurs neutres en Palestine","breadcrumb":{"@id":"https:\/\/charleroi-pourlapalestine.be\/index.php\/2021\/05\/12\/les-bouchers-de-gaza-percus-comme-des-partenaires-par-lue\/#breadcrumb"},"inLanguage":"fr-FR","potentialAction":[{"@type":"ReadAction","target":["https:\/\/charleroi-pourlapalestine.be\/index.php\/2021\/05\/12\/les-bouchers-de-gaza-percus-comme-des-partenaires-par-lue\/"]}]},{"@type":"ImageObject","inLanguage":"fr-FR","@id":"https:\/\/charleroi-pourlapalestine.be\/index.php\/2021\/05\/12\/les-bouchers-de-gaza-percus-comme-des-partenaires-par-lue\/#primaryimage","url":"https:\/\/charleroi-pourlapalestine.be\/wp-content\/uploads\/2021\/05\/Giaufret-e1620799945974.jpg","contentUrl":"https:\/\/charleroi-pourlapalestine.be\/wp-content\/uploads\/2021\/05\/Giaufret-e1620799945974.jpg","width":431,"height":320},{"@type":"BreadcrumbList","@id":"https:\/\/charleroi-pourlapalestine.be\/index.php\/2021\/05\/12\/les-bouchers-de-gaza-percus-comme-des-partenaires-par-lue\/#breadcrumb","itemListElement":[{"@type":"ListItem","position":1,"name":"Accueil","item":"https:\/\/charleroi-pourlapalestine.be\/"},{"@type":"ListItem","position":2,"name":"Les bouchers de Gaza per\u00e7us comme des partenaires par l\u2019UE"}]},{"@type":"WebSite","@id":"https:\/\/charleroi-pourlapalestine.be\/#website","url":"https:\/\/charleroi-pourlapalestine.be\/","name":"Charleroi Pour la Palestine","description":"","publisher":{"@id":"https:\/\/charleroi-pourlapalestine.be\/#organization"},"potentialAction":[{"@type":"SearchAction","target":{"@type":"EntryPoint","urlTemplate":"https:\/\/charleroi-pourlapalestine.be\/?s={search_term_string}"},"query-input":{"@type":"PropertyValueSpecification","valueRequired":true,"valueName":"search_term_string"}}],"inLanguage":"fr-FR"},{"@type":"Organization","@id":"https:\/\/charleroi-pourlapalestine.be\/#organization","name":"Plate-forme Charleroi-Palestine","url":"https:\/\/charleroi-pourlapalestine.be\/","logo":{"@type":"ImageObject","inLanguage":"fr-FR","@id":"https:\/\/charleroi-pourlapalestine.be\/#\/schema\/logo\/image\/","url":"https:\/\/charleroi-pourlapalestine.be\/wp-content\/uploads\/2020\/01\/logo-Copy.jpg","contentUrl":"https:\/\/charleroi-pourlapalestine.be\/wp-content\/uploads\/2020\/01\/logo-Copy.jpg","width":180,"height":180,"caption":"Plate-forme Charleroi-Palestine"},"image":{"@id":"https:\/\/charleroi-pourlapalestine.be\/#\/schema\/logo\/image\/"},"sameAs":["https:\/\/www.facebook.com\/PlateformeCharleroiPalestine\/","https:\/\/x.com\/LaCharleroi"]},{"@type":"Person","@id":"https:\/\/charleroi-pourlapalestine.be\/#\/schema\/person\/c19ff515112f1299d8c12671d8fe3faa","name":"admin1873","url":"https:\/\/charleroi-pourlapalestine.be\/index.php\/author\/admin1873\/"}]}},"_links":{"self":[{"href":"https:\/\/charleroi-pourlapalestine.be\/index.php\/wp-json\/wp\/v2\/posts\/25830","targetHints":{"allow":["GET"]}}],"collection":[{"href":"https:\/\/charleroi-pourlapalestine.be\/index.php\/wp-json\/wp\/v2\/posts"}],"about":[{"href":"https:\/\/charleroi-pourlapalestine.be\/index.php\/wp-json\/wp\/v2\/types\/post"}],"author":[{"embeddable":true,"href":"https:\/\/charleroi-pourlapalestine.be\/index.php\/wp-json\/wp\/v2\/users\/1"}],"replies":[{"embeddable":true,"href":"https:\/\/charleroi-pourlapalestine.be\/index.php\/wp-json\/wp\/v2\/comments?post=25830"}],"version-history":[{"count":0,"href":"https:\/\/charleroi-pourlapalestine.be\/index.php\/wp-json\/wp\/v2\/posts\/25830\/revisions"}],"wp:featuredmedia":[{"embeddable":true,"href":"https:\/\/charleroi-pourlapalestine.be\/index.php\/wp-json\/wp\/v2\/media\/25833"}],"wp:attachment":[{"href":"https:\/\/charleroi-pourlapalestine.be\/index.php\/wp-json\/wp\/v2\/media?parent=25830"}],"wp:term":[{"taxonomy":"category","embeddable":true,"href":"https:\/\/charleroi-pourlapalestine.be\/index.php\/wp-json\/wp\/v2\/categories?post=25830"},{"taxonomy":"post_tag","embeddable":true,"href":"https:\/\/charleroi-pourlapalestine.be\/index.php\/wp-json\/wp\/v2\/tags?post=25830"}],"curies":[{"name":"wp","href":"https:\/\/api.w.org\/{rel}","templated":true}]}}