{"id":25950,"date":"2021-05-14T05:56:59","date_gmt":"2021-05-14T03:56:59","guid":{"rendered":"https:\/\/charleroi-pourlapalestine.be\/?p=25950"},"modified":"2021-05-14T06:05:44","modified_gmt":"2021-05-14T04:05:44","slug":"appel-de-la-palestine-tou-te-s-dans-la-rue-le-15-mai","status":"publish","type":"post","link":"https:\/\/charleroi-pourlapalestine.be\/index.php\/2021\/05\/14\/appel-de-la-palestine-tou-te-s-dans-la-rue-le-15-mai\/","title":{"rendered":"Appel de la Palestine : tous dans la rue le 15 mai !"},"content":{"rendered":"<p><strong>Les Palestiniens et Palestiniennes, de Gaza \u00e0 J\u00e9rusalem, lancent un appel<\/strong> : Tous et toutes dans la rue le samedi 15 mai pour mettre fin \u00e0 la Nakba en cours et au massacre de Gaza assi\u00e9g\u00e9e.<\/p>\n<p><strong>Descendez dans la rue le samedi 15 mai avec une demande unie de sanctions et d&#8217;embargo sur les armes contre Isra\u00ebl.<\/strong><\/p>\n<p><img loading=\"lazy\" decoding=\"async\" class=\"aligncenter wp-image-25957 size-full\" src=\"https:\/\/charleroi-pourlapalestine.be\/wp-content\/uploads\/2021\/05\/stop-arming-Isra\u00ebl-2-e1620963037160.jpg\" alt=\"\" width=\"567\" height=\"320\"><\/p>\n<p>Nous, Palestiniens, sommes confront\u00e9s \u00e0 un <strong>nouveau massacre dans la bande de Gaza<\/strong> assi\u00e9g\u00e9e, nous r\u00e9sistons au<strong> nettoyage ethnique \u00e0 J\u00e9rusalem<\/strong> et dans la <strong>vall\u00e9e du Jourdain<\/strong> et nous nous \u00e9levons contre <strong>l&rsquo;oppression dans nos villes de Palestine historique<\/strong>.<\/p>\n<p>L&rsquo;arsenal militaire et policier d&rsquo;Isra\u00ebl fait pleuvoir la mort et la destruction sur nos proches, nos familles et nos amis. Il est soutenu par<strong> les exportations d&rsquo;armes des \u00c9tats-Unis et des pays europ\u00e9ens<\/strong> et par des liens militaires florissants dans le monde entier, ce qui rend toutes les personnes impliqu\u00e9es complices de cette violence coloniale.<\/p>\n<p>Au moment de la r\u00e9daction de cet appel, la derni\u00e8re s\u00e9rie de crimes de guerre isra\u00e9liens \u00e0 Gaza a entra\u00een\u00e9 le meurtre brutal de 87 Palestiniens, dont 18 enfants et 8 femmes, et plus de 530 bless\u00e9s, dont 115 enfants et 50 femmes. Les maisons civiles sont vis\u00e9es par des<strong> F16 de fabrication am\u00e9ricaine et des drones Elbit.<\/strong><\/p>\n<p>Le massacre actuel intervient apr\u00e8s <strong>14 ans d&rsquo;un si\u00e8ge m\u00e9di\u00e9val<\/strong>, une forme de punition collective qui a entra\u00een\u00e9 la mort de centaines de civil.e.s, la destruction de notre \u00e9conomie et de notre soci\u00e9t\u00e9, nous privant de notre droit le plus fondamental \u00e0 une vie digne.<\/p>\n<p>Notre peuple \u00e0 <strong>Sheikh Jarrah, Silwan, Humsa, Masafer Yatta, Al Araqeeb<\/strong> r\u00e9siste \u00e0 la d\u00e9possession raciste continue d&rsquo;Isra\u00ebl, qui tente d&rsquo;expulser nos familles de leurs terres et de leurs maisons. Les Palestiniens et Palestiniennes de <strong>Nazareth, Ha\u00effa, Lydd, Ramleh, Rahat<\/strong> et de nombreux autres endroits d\u00e9fendent leurs droits contre 73 ans d&rsquo;oppression.<\/p>\n<p>Nous voulons \u00eatre libres dans notre patrie, et avoir la libert\u00e9 de nous \u00e9panouir et de vivre en s\u00e9curit\u00e9 et dans la dignit\u00e9.<\/p>\n<p>Vous avez le pouvoir de contribuer \u00e0 y mettre fin, de la m\u00eame mani\u00e8re que vous avez contribu\u00e9 \u00e0 vaincre l&rsquo;apartheid sud-africain et d&rsquo;autres crimes contre l&rsquo;humanit\u00e9.<\/p>\n<p><strong>Nous voulons la solidarit\u00e9, pas la charit\u00e9.<\/strong><\/p>\n<p><strong>Exposer et mettre fin \u00e0 la complicit\u00e9 avec le r\u00e9gime isra\u00e9lien d&rsquo;apartheid, de colonialisme et d&rsquo;occupation militaire sont les formes d&rsquo;intervention les plus \u00e9thiques et strat\u00e9giques pour mettre fin \u00e0 l&rsquo;oppression et \u00e0 la violence.<\/strong><\/p>\n<p>Nous devons nous rassembler et faire pression sur les gouvernements pour qu&rsquo;ils imposent des sanctions \u00e0 Isra\u00ebl, notamment <strong>un embargo complet sur les armes et la suppression de toute forme de financement et de commerce avec l&rsquo;industrie militaire isra\u00e9lienne.<\/strong><\/p>\n<h3>C&rsquo;est dans nos mains&nbsp; : Agir ce samedi pour mettre fin \u00e0 la Nakba palestinienne et au massacre de Gaza.<\/h3>\n<blockquote>\n<p><strong>1. Rejoignez les manifestations<\/strong> organis\u00e9es dans votre r\u00e9gion par des Palestiniens et des mouvements de solidarit\u00e9 avec la Palestine, ou rassemblez-vous pour en organiser une si aucune n&rsquo;est encore pr\u00e9vue.<br><strong>Faites du boycott, du d\u00e9sinvestissement et des sanctions (BDS)<\/strong> le message principal de chaque manifestation dans le monde. Apportez des banderoles et des pancartes demandant des<strong> sanctions contre Isra\u00ebl<\/strong> \u00e0 chaque manifestation. Partagez largement les photos et les vid\u00e9os sur les m\u00e9dias sociaux.<\/p>\n<p>2. <strong>Rejoignez le mouvement de boycott, d\u00e9sinvestissement et sanctions (BDS)<\/strong> d\u00e8s aujourd&rsquo;hui.<br><br><strong>3. Boycottez les produits de l&rsquo;apartheid isra\u00e9lien<\/strong> et agissez pour emp\u00eacher les entreprises de profiter du syst\u00e8me de colonialisme, d&rsquo;occupation et d&rsquo;apartheid d&rsquo;Isra\u00ebl.<br>Marchez vers des <strong>cibles de boycott dans votre ville<\/strong> et informez le public sur les entreprises complices de l&rsquo;assaut militaire permanent d&rsquo;Isra\u00ebl et du si\u00e8ge ill\u00e9gal de Gaza.<\/p>\n<p>4. Les nouvelles des protestations dans le monde entier nous ont donn\u00e9 de l&rsquo;espoir, nous vous exhortons \u00e0<strong> intensifier vos actions<\/strong>.<br>Protestez <strong>devant les ambassades isra\u00e9liennes<\/strong>, interpellez les responsables isra\u00e9liens (et autres) qui soutiennent l&rsquo;agression actuelle contre Gaza chaque fois qu&rsquo;ils apparaissent en public, et organisez des <strong>sit-in pacifiques devant les b\u00e2timents gouvernementaux.<\/strong><\/p>\n<p><strong>5. Les syndicats palestiniens demandent \u00e0 nos fr\u00e8res et s\u0153urs du mouvement syndical international de cesser de traiter les marchandises import\u00e9es ou export\u00e9es vers Isra\u00ebl. <br><\/strong>Le mouvement syndical a une fi\u00e8re histoire d&rsquo;action directe contre l&rsquo;apartheid en Afrique du Sud. Construisons un nouveau mouvement anti-apartheid pour mettre fin \u00e0 l&rsquo;impunit\u00e9 d&rsquo;Isra\u00ebl.<\/p>\n<\/blockquote>\n<h4>Signatures<\/h4>\n<blockquote>\n<p>#SaveSheikhJarrah Campaign \u2013 The Sheikh Jarrah Families<br>Council of National and Islamic Forces in Palestine<br>General Union of Palestine Workers<br>General Union of Palestinian Women&nbsp;<br>Grassroots Al-Quds&nbsp;<br>Land Defense Coalition&nbsp;<br>Palestine General Federation of Trade Unions<br>Palestine New Federation of Trade Unions&nbsp;<br>Palestinian BDS National Committee (BNC)<br>Palestinian Grassroots Anti-Apartheid Wall Campaign (Stop the Wall)<br>Palestinian Journalists Syndicate<br>Palestinian NGO Network (PNGO)<br>Student Union Secretariat<\/p>\n<\/blockquote>\n<hr>\n<p>Publi\u00e9 le 13 mai 2021 sur<a href=\"https:\/\/www.stopthewall.org\/2021\/05\/13\/nakbacall4action\/?fbclid=IwAR0iyWKY9OoLSHFM3aje7wLv-O8_N3XuqaP2m1lndrCOq8z9Os9fUN9S-xw\" target=\"_blank\" rel=\"noopener noreferrer\"> Stop The Wall<\/a><br>Traduction : via Fio Bck sur FB<\/p>\n<h4>Rejoignez le rassemblement \u00e0 Bruxelles le 15 mai<\/h4>\n<p><img loading=\"lazy\" decoding=\"async\" class=\"aligncenter wp-image-25960 size-full\" src=\"https:\/\/charleroi-pourlapalestine.be\/wp-content\/uploads\/2021\/05\/Rassemblement-Bxl-e1620963871720.jpg\" alt=\"\" width=\"593\" height=\"320\"><\/p>\n<p><strong>De 15 h \u00e0 16 h, place Albertine (pr\u00e8s de la gare centrale)<\/strong><\/p>\n<p><strong>Organisation<\/strong>&nbsp; : Association Belgo-Palestinienne WB, Communaut\u00e9 palestinienne en Belgique, CVDT, Forum d\u00e9mocratique palestinien en Europe, Intal, Palestina Solidariteit, Plate-forme Charleroi-Palestine, Rassemblement des d\u00e9mocrates arabes en Belgique, Union des Progressistes Juifs de Belgique (UPJB), Viva Salud,\u2026<\/p>\n<p>Ev\u00e9nement FB :<strong> <a href=\"https:\/\/www.facebook.com\/events\/911945669375799?acontext=%7B%22event_action_history%22%3A[%7B%22surface%22%3A%22page%22%7D]%7D\" target=\"_blank\" rel=\"noopener noreferrer\">ICI<\/a><\/strong><\/p>\n<p><strong>Depart collectif en train, avec la <a href=\"https:\/\/charleroi-pourlapalestine.be\/index.php\/category\/plate-forme-charleroi-palestine\/\">Plate-forme Charleroi-Palestine<\/a><br>de Charleroi a 13.05 <\/strong>(RV dans la gare \u00e0 12 h 45)<strong> , de Marchienne-au-Pont a 13.10<\/strong><\/p>\n\n\n<p>  <\/p>\n","protected":false},"excerpt":{"rendered":"<p>Rassemblement \u00e0 Bruxelles ce 15 mai, \u00e0 15 h, place Albertine (pr\u00e8s de la gare centrale). D\u00e9part en train de Charleroi : 13.05, de Marchienne : 13.10<\/p>\n","protected":false},"author":1,"featured_media":25957,"comment_status":"closed","ping_status":"closed","sticky":false,"template":"","format":"standard","meta":{"ngg_post_thumbnail":0,"footnotes":""},"categories":[7,6,8,4,20,45,192,193,86],"tags":[],"class_list":["post-25950","post","type-post","status-publish","format-standard","has-post-thumbnail","hentry","category-cisjordanie","category-gaza","category-jerusalem","category-les-palestiniens-de-48","category-la-nakba","category-le-nettoyage-ethique","category-palestine","category-mouvement-de-solidarite","category-les-syndicats"],"yoast_head":"<!-- This site is optimized with the Yoast SEO plugin v27.3 - https:\/\/yoast.com\/product\/yoast-seo-wordpress\/ -->\n<title>Appel de la Palestine : tous dans la rue le 15 mai ! -<\/title>\n<meta name=\"description\" content=\"Rassemblement \u00e0 Bruxelles ce 15 mai, \u00e0 15 h, place Albertine (pr\u00e8s de la gare centrale). D\u00e9part en train de Charleroi : 13.05, de Marchienne : 13.10\" \/>\n<meta name=\"robots\" content=\"index, follow, max-snippet:-1, max-image-preview:large, max-video-preview:-1\" \/>\n<link rel=\"canonical\" href=\"https:\/\/charleroi-pourlapalestine.be\/index.php\/2021\/05\/14\/appel-de-la-palestine-tou-te-s-dans-la-rue-le-15-mai\/\" \/>\n<script type=\"application\/ld+json\" class=\"yoast-schema-graph\">{\"@context\":\"https:\\\/\\\/schema.org\",\"@graph\":[{\"@type\":\"Article\",\"@id\":\"https:\\\/\\\/charleroi-pourlapalestine.be\\\/index.php\\\/2021\\\/05\\\/14\\\/appel-de-la-palestine-tou-te-s-dans-la-rue-le-15-mai\\\/#article\",\"isPartOf\":{\"@id\":\"https:\\\/\\\/charleroi-pourlapalestine.be\\\/index.php\\\/2021\\\/05\\\/14\\\/appel-de-la-palestine-tou-te-s-dans-la-rue-le-15-mai\\\/\"},\"author\":{\"name\":\"admin1873\",\"@id\":\"https:\\\/\\\/charleroi-pourlapalestine.be\\\/#\\\/schema\\\/person\\\/c19ff515112f1299d8c12671d8fe3faa\"},\"headline\":\"Appel de la Palestine : tous dans la rue le 15 mai !\",\"datePublished\":\"2021-05-14T03:56:59+00:00\",\"dateModified\":\"2021-05-14T04:05:44+00:00\",\"mainEntityOfPage\":{\"@id\":\"https:\\\/\\\/charleroi-pourlapalestine.be\\\/index.php\\\/2021\\\/05\\\/14\\\/appel-de-la-palestine-tou-te-s-dans-la-rue-le-15-mai\\\/\"},\"wordCount\":928,\"publisher\":{\"@id\":\"https:\\\/\\\/charleroi-pourlapalestine.be\\\/#organization\"},\"image\":{\"@id\":\"https:\\\/\\\/charleroi-pourlapalestine.be\\\/index.php\\\/2021\\\/05\\\/14\\\/appel-de-la-palestine-tou-te-s-dans-la-rue-le-15-mai\\\/#primaryimage\"},\"thumbnailUrl\":\"https:\\\/\\\/charleroi-pourlapalestine.be\\\/wp-content\\\/uploads\\\/2021\\\/05\\\/stop-arming-Isra\u00ebl-2-e1620963037160.jpg\",\"articleSection\":[\"Cisjordanie\",\"Gaza\",\"J\u00e9rusalem\",\"Les Palestiniens de 48\",\"Nakba\",\"Nettoyage ethnique\",\"Palestine\",\"Solidarit\u00e9 internationale\",\"Syndicats\"],\"inLanguage\":\"fr-FR\"},{\"@type\":\"WebPage\",\"@id\":\"https:\\\/\\\/charleroi-pourlapalestine.be\\\/index.php\\\/2021\\\/05\\\/14\\\/appel-de-la-palestine-tou-te-s-dans-la-rue-le-15-mai\\\/\",\"url\":\"https:\\\/\\\/charleroi-pourlapalestine.be\\\/index.php\\\/2021\\\/05\\\/14\\\/appel-de-la-palestine-tou-te-s-dans-la-rue-le-15-mai\\\/\",\"name\":\"Appel de la Palestine : tous dans la rue le 15 mai ! -\",\"isPartOf\":{\"@id\":\"https:\\\/\\\/charleroi-pourlapalestine.be\\\/#website\"},\"primaryImageOfPage\":{\"@id\":\"https:\\\/\\\/charleroi-pourlapalestine.be\\\/index.php\\\/2021\\\/05\\\/14\\\/appel-de-la-palestine-tou-te-s-dans-la-rue-le-15-mai\\\/#primaryimage\"},\"image\":{\"@id\":\"https:\\\/\\\/charleroi-pourlapalestine.be\\\/index.php\\\/2021\\\/05\\\/14\\\/appel-de-la-palestine-tou-te-s-dans-la-rue-le-15-mai\\\/#primaryimage\"},\"thumbnailUrl\":\"https:\\\/\\\/charleroi-pourlapalestine.be\\\/wp-content\\\/uploads\\\/2021\\\/05\\\/stop-arming-Isra\u00ebl-2-e1620963037160.jpg\",\"datePublished\":\"2021-05-14T03:56:59+00:00\",\"dateModified\":\"2021-05-14T04:05:44+00:00\",\"description\":\"Rassemblement \u00e0 Bruxelles ce 15 mai, \u00e0 15 h, place Albertine (pr\u00e8s de la gare centrale). D\u00e9part en train de Charleroi : 13.05, de Marchienne : 13.10\",\"breadcrumb\":{\"@id\":\"https:\\\/\\\/charleroi-pourlapalestine.be\\\/index.php\\\/2021\\\/05\\\/14\\\/appel-de-la-palestine-tou-te-s-dans-la-rue-le-15-mai\\\/#breadcrumb\"},\"inLanguage\":\"fr-FR\",\"potentialAction\":[{\"@type\":\"ReadAction\",\"target\":[\"https:\\\/\\\/charleroi-pourlapalestine.be\\\/index.php\\\/2021\\\/05\\\/14\\\/appel-de-la-palestine-tou-te-s-dans-la-rue-le-15-mai\\\/\"]}]},{\"@type\":\"ImageObject\",\"inLanguage\":\"fr-FR\",\"@id\":\"https:\\\/\\\/charleroi-pourlapalestine.be\\\/index.php\\\/2021\\\/05\\\/14\\\/appel-de-la-palestine-tou-te-s-dans-la-rue-le-15-mai\\\/#primaryimage\",\"url\":\"https:\\\/\\\/charleroi-pourlapalestine.be\\\/wp-content\\\/uploads\\\/2021\\\/05\\\/stop-arming-Isra\u00ebl-2-e1620963037160.jpg\",\"contentUrl\":\"https:\\\/\\\/charleroi-pourlapalestine.be\\\/wp-content\\\/uploads\\\/2021\\\/05\\\/stop-arming-Isra\u00ebl-2-e1620963037160.jpg\",\"width\":567,\"height\":320},{\"@type\":\"BreadcrumbList\",\"@id\":\"https:\\\/\\\/charleroi-pourlapalestine.be\\\/index.php\\\/2021\\\/05\\\/14\\\/appel-de-la-palestine-tou-te-s-dans-la-rue-le-15-mai\\\/#breadcrumb\",\"itemListElement\":[{\"@type\":\"ListItem\",\"position\":1,\"name\":\"Accueil\",\"item\":\"https:\\\/\\\/charleroi-pourlapalestine.be\\\/\"},{\"@type\":\"ListItem\",\"position\":2,\"name\":\"Appel de la Palestine : tous dans la rue le 15 mai !\"}]},{\"@type\":\"WebSite\",\"@id\":\"https:\\\/\\\/charleroi-pourlapalestine.be\\\/#website\",\"url\":\"https:\\\/\\\/charleroi-pourlapalestine.be\\\/\",\"name\":\"Charleroi Pour la Palestine\",\"description\":\"\",\"publisher\":{\"@id\":\"https:\\\/\\\/charleroi-pourlapalestine.be\\\/#organization\"},\"potentialAction\":[{\"@type\":\"SearchAction\",\"target\":{\"@type\":\"EntryPoint\",\"urlTemplate\":\"https:\\\/\\\/charleroi-pourlapalestine.be\\\/?s={search_term_string}\"},\"query-input\":{\"@type\":\"PropertyValueSpecification\",\"valueRequired\":true,\"valueName\":\"search_term_string\"}}],\"inLanguage\":\"fr-FR\"},{\"@type\":\"Organization\",\"@id\":\"https:\\\/\\\/charleroi-pourlapalestine.be\\\/#organization\",\"name\":\"Plate-forme Charleroi-Palestine\",\"url\":\"https:\\\/\\\/charleroi-pourlapalestine.be\\\/\",\"logo\":{\"@type\":\"ImageObject\",\"inLanguage\":\"fr-FR\",\"@id\":\"https:\\\/\\\/charleroi-pourlapalestine.be\\\/#\\\/schema\\\/logo\\\/image\\\/\",\"url\":\"https:\\\/\\\/charleroi-pourlapalestine.be\\\/wp-content\\\/uploads\\\/2020\\\/01\\\/logo-Copy.jpg\",\"contentUrl\":\"https:\\\/\\\/charleroi-pourlapalestine.be\\\/wp-content\\\/uploads\\\/2020\\\/01\\\/logo-Copy.jpg\",\"width\":180,\"height\":180,\"caption\":\"Plate-forme Charleroi-Palestine\"},\"image\":{\"@id\":\"https:\\\/\\\/charleroi-pourlapalestine.be\\\/#\\\/schema\\\/logo\\\/image\\\/\"},\"sameAs\":[\"https:\\\/\\\/www.facebook.com\\\/PlateformeCharleroiPalestine\\\/\",\"https:\\\/\\\/x.com\\\/LaCharleroi\"]},{\"@type\":\"Person\",\"@id\":\"https:\\\/\\\/charleroi-pourlapalestine.be\\\/#\\\/schema\\\/person\\\/c19ff515112f1299d8c12671d8fe3faa\",\"name\":\"admin1873\",\"url\":\"https:\\\/\\\/charleroi-pourlapalestine.be\\\/index.php\\\/author\\\/admin1873\\\/\"}]}<\/script>\n<!-- \/ Yoast SEO plugin. -->","yoast_head_json":{"title":"Appel de la Palestine : tous dans la rue le 15 mai ! -","description":"Rassemblement \u00e0 Bruxelles ce 15 mai, \u00e0 15 h, place Albertine (pr\u00e8s de la gare centrale). D\u00e9part en train de Charleroi : 13.05, de Marchienne : 13.10","robots":{"index":"index","follow":"follow","max-snippet":"max-snippet:-1","max-image-preview":"max-image-preview:large","max-video-preview":"max-video-preview:-1"},"canonical":"https:\/\/charleroi-pourlapalestine.be\/index.php\/2021\/05\/14\/appel-de-la-palestine-tou-te-s-dans-la-rue-le-15-mai\/","schema":{"@context":"https:\/\/schema.org","@graph":[{"@type":"Article","@id":"https:\/\/charleroi-pourlapalestine.be\/index.php\/2021\/05\/14\/appel-de-la-palestine-tou-te-s-dans-la-rue-le-15-mai\/#article","isPartOf":{"@id":"https:\/\/charleroi-pourlapalestine.be\/index.php\/2021\/05\/14\/appel-de-la-palestine-tou-te-s-dans-la-rue-le-15-mai\/"},"author":{"name":"admin1873","@id":"https:\/\/charleroi-pourlapalestine.be\/#\/schema\/person\/c19ff515112f1299d8c12671d8fe3faa"},"headline":"Appel de la Palestine : tous dans la rue le 15 mai !","datePublished":"2021-05-14T03:56:59+00:00","dateModified":"2021-05-14T04:05:44+00:00","mainEntityOfPage":{"@id":"https:\/\/charleroi-pourlapalestine.be\/index.php\/2021\/05\/14\/appel-de-la-palestine-tou-te-s-dans-la-rue-le-15-mai\/"},"wordCount":928,"publisher":{"@id":"https:\/\/charleroi-pourlapalestine.be\/#organization"},"image":{"@id":"https:\/\/charleroi-pourlapalestine.be\/index.php\/2021\/05\/14\/appel-de-la-palestine-tou-te-s-dans-la-rue-le-15-mai\/#primaryimage"},"thumbnailUrl":"https:\/\/charleroi-pourlapalestine.be\/wp-content\/uploads\/2021\/05\/stop-arming-Isra\u00ebl-2-e1620963037160.jpg","articleSection":["Cisjordanie","Gaza","J\u00e9rusalem","Les Palestiniens de 48","Nakba","Nettoyage ethnique","Palestine","Solidarit\u00e9 internationale","Syndicats"],"inLanguage":"fr-FR"},{"@type":"WebPage","@id":"https:\/\/charleroi-pourlapalestine.be\/index.php\/2021\/05\/14\/appel-de-la-palestine-tou-te-s-dans-la-rue-le-15-mai\/","url":"https:\/\/charleroi-pourlapalestine.be\/index.php\/2021\/05\/14\/appel-de-la-palestine-tou-te-s-dans-la-rue-le-15-mai\/","name":"Appel de la Palestine : tous dans la rue le 15 mai ! -","isPartOf":{"@id":"https:\/\/charleroi-pourlapalestine.be\/#website"},"primaryImageOfPage":{"@id":"https:\/\/charleroi-pourlapalestine.be\/index.php\/2021\/05\/14\/appel-de-la-palestine-tou-te-s-dans-la-rue-le-15-mai\/#primaryimage"},"image":{"@id":"https:\/\/charleroi-pourlapalestine.be\/index.php\/2021\/05\/14\/appel-de-la-palestine-tou-te-s-dans-la-rue-le-15-mai\/#primaryimage"},"thumbnailUrl":"https:\/\/charleroi-pourlapalestine.be\/wp-content\/uploads\/2021\/05\/stop-arming-Isra\u00ebl-2-e1620963037160.jpg","datePublished":"2021-05-14T03:56:59+00:00","dateModified":"2021-05-14T04:05:44+00:00","description":"Rassemblement \u00e0 Bruxelles ce 15 mai, \u00e0 15 h, place Albertine (pr\u00e8s de la gare centrale). D\u00e9part en train de Charleroi : 13.05, de Marchienne : 13.10","breadcrumb":{"@id":"https:\/\/charleroi-pourlapalestine.be\/index.php\/2021\/05\/14\/appel-de-la-palestine-tou-te-s-dans-la-rue-le-15-mai\/#breadcrumb"},"inLanguage":"fr-FR","potentialAction":[{"@type":"ReadAction","target":["https:\/\/charleroi-pourlapalestine.be\/index.php\/2021\/05\/14\/appel-de-la-palestine-tou-te-s-dans-la-rue-le-15-mai\/"]}]},{"@type":"ImageObject","inLanguage":"fr-FR","@id":"https:\/\/charleroi-pourlapalestine.be\/index.php\/2021\/05\/14\/appel-de-la-palestine-tou-te-s-dans-la-rue-le-15-mai\/#primaryimage","url":"https:\/\/charleroi-pourlapalestine.be\/wp-content\/uploads\/2021\/05\/stop-arming-Isra\u00ebl-2-e1620963037160.jpg","contentUrl":"https:\/\/charleroi-pourlapalestine.be\/wp-content\/uploads\/2021\/05\/stop-arming-Isra\u00ebl-2-e1620963037160.jpg","width":567,"height":320},{"@type":"BreadcrumbList","@id":"https:\/\/charleroi-pourlapalestine.be\/index.php\/2021\/05\/14\/appel-de-la-palestine-tou-te-s-dans-la-rue-le-15-mai\/#breadcrumb","itemListElement":[{"@type":"ListItem","position":1,"name":"Accueil","item":"https:\/\/charleroi-pourlapalestine.be\/"},{"@type":"ListItem","position":2,"name":"Appel de la Palestine : tous dans la rue le 15 mai !"}]},{"@type":"WebSite","@id":"https:\/\/charleroi-pourlapalestine.be\/#website","url":"https:\/\/charleroi-pourlapalestine.be\/","name":"Charleroi Pour la Palestine","description":"","publisher":{"@id":"https:\/\/charleroi-pourlapalestine.be\/#organization"},"potentialAction":[{"@type":"SearchAction","target":{"@type":"EntryPoint","urlTemplate":"https:\/\/charleroi-pourlapalestine.be\/?s={search_term_string}"},"query-input":{"@type":"PropertyValueSpecification","valueRequired":true,"valueName":"search_term_string"}}],"inLanguage":"fr-FR"},{"@type":"Organization","@id":"https:\/\/charleroi-pourlapalestine.be\/#organization","name":"Plate-forme Charleroi-Palestine","url":"https:\/\/charleroi-pourlapalestine.be\/","logo":{"@type":"ImageObject","inLanguage":"fr-FR","@id":"https:\/\/charleroi-pourlapalestine.be\/#\/schema\/logo\/image\/","url":"https:\/\/charleroi-pourlapalestine.be\/wp-content\/uploads\/2020\/01\/logo-Copy.jpg","contentUrl":"https:\/\/charleroi-pourlapalestine.be\/wp-content\/uploads\/2020\/01\/logo-Copy.jpg","width":180,"height":180,"caption":"Plate-forme Charleroi-Palestine"},"image":{"@id":"https:\/\/charleroi-pourlapalestine.be\/#\/schema\/logo\/image\/"},"sameAs":["https:\/\/www.facebook.com\/PlateformeCharleroiPalestine\/","https:\/\/x.com\/LaCharleroi"]},{"@type":"Person","@id":"https:\/\/charleroi-pourlapalestine.be\/#\/schema\/person\/c19ff515112f1299d8c12671d8fe3faa","name":"admin1873","url":"https:\/\/charleroi-pourlapalestine.be\/index.php\/author\/admin1873\/"}]}},"_links":{"self":[{"href":"https:\/\/charleroi-pourlapalestine.be\/index.php\/wp-json\/wp\/v2\/posts\/25950","targetHints":{"allow":["GET"]}}],"collection":[{"href":"https:\/\/charleroi-pourlapalestine.be\/index.php\/wp-json\/wp\/v2\/posts"}],"about":[{"href":"https:\/\/charleroi-pourlapalestine.be\/index.php\/wp-json\/wp\/v2\/types\/post"}],"author":[{"embeddable":true,"href":"https:\/\/charleroi-pourlapalestine.be\/index.php\/wp-json\/wp\/v2\/users\/1"}],"replies":[{"embeddable":true,"href":"https:\/\/charleroi-pourlapalestine.be\/index.php\/wp-json\/wp\/v2\/comments?post=25950"}],"version-history":[{"count":0,"href":"https:\/\/charleroi-pourlapalestine.be\/index.php\/wp-json\/wp\/v2\/posts\/25950\/revisions"}],"wp:featuredmedia":[{"embeddable":true,"href":"https:\/\/charleroi-pourlapalestine.be\/index.php\/wp-json\/wp\/v2\/media\/25957"}],"wp:attachment":[{"href":"https:\/\/charleroi-pourlapalestine.be\/index.php\/wp-json\/wp\/v2\/media?parent=25950"}],"wp:term":[{"taxonomy":"category","embeddable":true,"href":"https:\/\/charleroi-pourlapalestine.be\/index.php\/wp-json\/wp\/v2\/categories?post=25950"},{"taxonomy":"post_tag","embeddable":true,"href":"https:\/\/charleroi-pourlapalestine.be\/index.php\/wp-json\/wp\/v2\/tags?post=25950"}],"curies":[{"name":"wp","href":"https:\/\/api.w.org\/{rel}","templated":true}]}}