{"id":26299,"date":"2021-05-20T10:18:00","date_gmt":"2021-05-20T08:18:00","guid":{"rendered":"https:\/\/charleroi-pourlapalestine.be\/?p=26299"},"modified":"2021-05-22T10:20:10","modified_gmt":"2021-05-22T08:20:10","slug":"israel-tue-un-adolescent-qui-jouait-dans-un-film-sur-les-enfants-emprisonnes","status":"publish","type":"post","link":"https:\/\/charleroi-pourlapalestine.be\/index.php\/2021\/05\/20\/israel-tue-un-adolescent-qui-jouait-dans-un-film-sur-les-enfants-emprisonnes\/","title":{"rendered":"Isra\u00ebl tue un adolescent, t\u00e9moin dans un film sur les enfants emprisonn\u00e9s"},"content":{"rendered":"<p><em>\u00ab&nbsp;Pourquoi sommes-nous si diff\u00e9rents des autres enfants dans le monde&nbsp;? Pourquoi nous arr\u00eate-t-on quand nous sommes jeunes et nous fait-on souffrir, alors que d\u2019autres sont heureux de faire du sport et d\u2019avoir un tas d\u2019opportunit\u00e9s que nous n\u2019avons pas&nbsp;?&nbsp;\u00bb<br \/>\n<\/em><\/p>\n<div id=\"attachment_26331\" style=\"width: 490px\" class=\"wp-caption aligncenter\"><img loading=\"lazy\" decoding=\"async\" aria-describedby=\"caption-attachment-26331\" class=\"wp-image-26331 size-full\" src=\"https:\/\/charleroi-pourlapalestine.be\/wp-content\/uploads\/2021\/05\/Obaida-e1621670307582.jpg\" alt=\"L'adolescent Obaida\" width=\"480\" height=\"320\"><p id=\"caption-attachment-26331\" class=\"wp-caption-text\">L&rsquo;adolescent Obaida<\/p><\/div>\n<p><a href=\"https:\/\/charleroi-pourlapalestine.be\/index.php\/tag\/ali-abunimah\/\"><strong>Ali Abunimah<\/strong><\/a>, 19 mai 2021<\/p>\n<p>Telles sont les questions que l&rsquo;adolescent <strong>Oba\u00efda Akram Abdurahman Jawabra<\/strong>, 15 ans \u00e0 l\u2019\u00e9poque, pose dans la vid\u00e9o ci-dessus.<\/p>\n<p><em>\u00ab&nbsp;Jusqu\u2019\u00e0 ce jour, personne n\u2019a pu me r\u00e9pondre.&nbsp;\u00bb<\/em><\/p>\n<div class=\"video-container\"><iframe loading=\"lazy\" title=\"OBAIDA [FULL FILM]\" width=\"500\" height=\"281\" src=\"https:\/\/www.youtube.com\/embed\/JjAsFhYOwGc?start=5&#038;feature=oembed&#038;wmode=opaque\" frameborder=\"0\" allow=\"accelerometer; autoplay; clipboard-write; encrypted-media; gyroscope; picture-in-picture; web-share\" referrerpolicy=\"strict-origin-when-cross-origin\" allowfullscreen><\/iframe><\/div>\n<p>&nbsp;<\/p>\n<p>\u00c0 ce jeune \u00e2ge, <strong>Oba\u00efda<\/strong> a d\u00e9j\u00e0 \u00e9t\u00e9 emprisonn\u00e9 \u00e0 plusieurs reprises par<strong> Isra\u00ebl<\/strong>, et c\u2019est une \u00e9preuve dont il a eu du mal \u00e0 se remettre. Dans le film, on le voit travailler afin de remettre son existence sur ses rails et de se b\u00e2tir un avenir.<\/p>\n<p>Il a \u00e9t\u00e9 arr\u00eat\u00e9 une premi\u00e8re fois par les forces d\u2019occupation \u00e0 14 ans, puis arr\u00eat\u00e9 et emprisonn\u00e9 une nouvelle fois l\u2019ann\u00e9e suivante. &nbsp;<\/p>\n<p>Les forces isra\u00e9liennes ont bri\u00e8vement d\u00e9tenu <strong>Oba\u00efda<\/strong> une <a href=\"https:\/\/electronicintifada.net\/blogs\/tamara-nassar\/watch-israeli-prisons-rob-palestinians-their-childhood\" target=\"_blank\" rel=\"noopener noreferrer\">troisi\u00e8me fois<\/a> en avril 2019.<\/p>\n<p>Comme la plupart des centaines d\u2019enfants palestiniens arr\u00eat\u00e9s par Isra\u00ebl chaque ann\u00e9e, il a \u00e9t\u00e9 accus\u00e9 de jets de pierres.<\/p>\n<p>Dans la vid\u00e9o, l\u2019ami d\u2019<strong>Oba\u00efda<\/strong> lui demande s\u2019il a peur de retourner en prison.<\/p>\n<p><em>\u00ab&nbsp;Le probl\u00e8me, c\u2019est la Route 60 et la fa\u00e7on de la traverser pour se rendre au camp. Elle est contr\u00f4l\u00e9e par l\u2019arm\u00e9e [isra\u00e9lienne]&nbsp;\u00bb<\/em>, r\u00e9pond Oba\u00efda.<\/p>\n<p><em>\u00ab&nbsp;J\u2019aime faire la cuisine&nbsp;\u00bb,<\/em> dit<strong> Oba\u00efda<\/strong>. Dans la vid\u00e9o, il pr\u00e9pare une <em>maqlouba<\/em> qui vous ferait venir l\u2019eau \u00e0 la bouche \u2013 un plat palestinien traditionnel de riz et d\u2019agneau \u2013 et qu\u2019il servira \u00e0 ses amis et \u00e0 sa famille.<\/p>\n<p><em>\u00ab&nbsp;Je sens la libert\u00e9 mais ce n\u2019est pas une libert\u00e9 compl\u00e8te&nbsp;\u00bb<\/em>, dit <strong>Oba\u00efda<\/strong> \u00e0 propos de l\u2019existence au lendemain des prisons isra\u00e9liennes. <em>\u00ab&nbsp;Nous devons d\u2019abord \u00eatre lib\u00e9r\u00e9s [de l\u2019occupation] avant que je puisse ressentir que je suis vraiment libre.&nbsp;\u00bb<\/em><\/p>\n<p><strong>Oba\u00efda<\/strong>, qui a grandi dans le camp de r\u00e9fugi\u00e9s d\u2019<strong>Arroub,<\/strong> pr\u00e8s de la ville de<strong> H\u00e9bron<\/strong>, en <strong>Cisjordanie occup\u00e9e<\/strong>, ne verra jamais cette libert\u00e9.<\/p>\n<p>Lundi soir, <strong>Oba\u00efda<\/strong> a \u00e9t\u00e9 abattu d\u2019une balle dans la poitrine tir\u00e9e par un soldat de l\u2019occupation lors d\u2019une manifestation \u00e0 proximit\u00e9 de l\u2019entr\u00e9e du camp de r\u00e9fugi\u00e9s d\u2019Arroub.<\/p>\n<p>Il manifestait sur la route qu\u2019il redoutait&nbsp;: la <strong>Route 60.<\/strong><\/p>\n<blockquote class=\"twitter-tweet\" data-width=\"500\" data-dnt=\"true\">\n<p lang=\"en\" dir=\"ltr\">Obaida Jawabreh, the subject in this <a href=\"https:\/\/twitter.com\/DCIPalestine?ref_src=twsrc%5Etfw\">@DCIPalestine<\/a> short film, was killed by Israeli forces today in Al-Arroub refugee camp in the West Bank. With all the death around this week, I&#39;m beyond gutted. <a href=\"https:\/\/t.co\/U7bb2rmHac\">pic.twitter.com\/U7bb2rmHac<\/a><\/p>\n<p>&mdash; Brad Parker (@baparkr) <a href=\"https:\/\/twitter.com\/baparkr\/status\/1394373720903389189?ref_src=twsrc%5Etfw\">May 17, 2021<\/a><\/p><\/blockquote>\n<p><script async src=\"https:\/\/platform.twitter.com\/widgets.js\" charset=\"utf-8\"><\/script><\/p>\n<p>&nbsp;<\/p>\n<p>Le soldat qui a tir\u00e9 la balle \u00e9tait \u00e0 70 m\u00e8tres environ de l\u2019adolescent, ont <a href=\"https:\/\/www.dci-palestine.org\/israeli_forces_kill_17_year_old_palestinian_in_arroub_refugee_camp\" target=\"_blank\" rel=\"noopener noreferrer\">expliqu\u00e9<\/a> des t\u00e9moins \u00e0 <strong>Defense for Children International Palestine<\/strong> <a href=\"https:\/\/charleroi-pourlapalestine.be\/index.php\/category\/palestine\/les-enfants-jeunes\/dci-p\/\">(<strong>DCI-P<\/strong>)<\/a>.<\/p>\n<p>Les forces isra\u00e9liennes ont ensuite bloqu\u00e9 l\u2019entr\u00e9e du camp de r\u00e9fugi\u00e9s, emp\u00eachant ainsi une ambulance de se rendre pr\u00e8s d\u2019<strong>Oba\u00efda<\/strong>. L\u2019adolescent a \u00e9t\u00e9 emmen\u00e9 dans une voiture priv\u00e9e vers un centre m\u00e9dical de la ville de <strong>Beit Fajjar<\/strong>, o\u00f9 il a \u00e9t\u00e9 d\u00e9clar\u00e9 mort.<\/p>\n<p><strong>Oba\u00efda Jawabra<\/strong>, qui avait 17 ans, devait \u00eatre dipl\u00f4m\u00e9 d\u2019une formation professionnelle de cuisinier le mois prochain. Au lieu de f\u00eater cette r\u00e9ussite, sa famille a d\u00fb enterrer son fils.<\/p>\n<blockquote class=\"twitter-tweet\" data-width=\"500\" data-dnt=\"true\">\n<p lang=\"ar\" dir=\"rtl\">\u062a\u0634\u064a\u064a\u0639 \u062c\u062b\u0645\u0627\u0646 \u0627\u0644\u0634\u0647 \u064a\u062f \u0639\u0628\u064a\u062f\u0629 \u062c\u0648\u0627\u0628\u0631\u0629 \u0627\u0644\u0630\u064a \u0627\u0631\u062a\u0642\u0649 \u0628\u0631\u0635\u0627\u0635 \u0627\u0644\u0627\u062d\u062a\u0644\u0627\u0644 \u0641\u064a \u0627\u0644\u062e\u0644\u064a\u0644 <a href=\"https:\/\/t.co\/Ty5OD73nvT\">pic.twitter.com\/Ty5OD73nvT<\/a><\/p>\n<p>&mdash; \u0627\u0644\u0645\u0631\u0643\u0632 \u0627\u0644\u0641\u0644\u0633\u0637\u064a\u0646\u064a \u0644\u0644\u0625\u0639\u0644\u0627\u0645 (@PalinfoAr) <a href=\"https:\/\/twitter.com\/PalinfoAr\/status\/1394626353014652929?ref_src=twsrc%5Etfw\">May 18, 2021<\/a><\/p><\/blockquote>\n<p><script async src=\"https:\/\/platform.twitter.com\/widgets.js\" charset=\"utf-8\"><\/script><\/p>\n<p><em>\u00ab&nbsp;Il devient honteusement manifeste aux yeux de la communaut\u00e9 internationale que les forces isra\u00e9liennes tuent des enfants en toute impunit\u00e9&nbsp;\u00bb<\/em>, a d\u00e9clar\u00e9 <strong>Ayed Abu Eqtaish<\/strong>, le directeur du programme sur la responsabilisation de DCI-P.<\/p>\n<p><em>\u00ab&nbsp;Du fait de cette impunit\u00e9 syst\u00e9mique, il n\u2019y a pas d\u2019endroits s\u00fbrs pour les enfants palestiniens vivant sous l\u2019occupation isra\u00e9lienne.&nbsp;\u00bb<\/em><\/p>\n<blockquote class=\"twitter-tweet\" data-width=\"500\" data-dnt=\"true\">\n<p lang=\"en\" dir=\"ltr\">I never met Obaida, but hearing his story in <a href=\"https:\/\/twitter.com\/DCIPalestine?ref_src=twsrc%5Etfw\">@DCIPalestine<\/a>&#39;s short film made it feel like I did. <\/p>\n<p>Israeli forces arrested him twice, detained him a third time w\/o charge, and finally killed him with a bullet to the heart, all before his 18th birthday. Rest easy, sweet boy. <a href=\"https:\/\/t.co\/zODLwbi7x1\">https:\/\/t.co\/zODLwbi7x1<\/a><\/p>\n<p>&mdash; Miranda Cleland (@MirandaCleland) <a href=\"https:\/\/twitter.com\/MirandaCleland\/status\/1394378599592046593?ref_src=twsrc%5Etfw\">May 17, 2021<\/a><\/p><\/blockquote>\n<p><script async src=\"https:\/\/platform.twitter.com\/widgets.js\" charset=\"utf-8\"><\/script><\/p>\n<p><a href=\"https:\/\/electronicintifada.net\/people\/matthew-cassel\" target=\"_blank\" rel=\"noopener noreferrer\"><strong>Matthew Cassel<\/strong>,<\/a> le cin\u00e9aste qui a r\u00e9alis\u00e9 la vid\u00e9o sur <strong>Oba\u00efda<\/strong> pour le compte de<strong> DCI-P,<\/strong> a rendu hommage \u00e0 l\u2019adolescent dans un message publi\u00e9 sur <a href=\"https:\/\/www.instagram.com\/p\/CPAUeFMnokU\/\"><strong>Instagram.<\/strong><\/a><\/p>\n<p><em>\u00ab&nbsp;Oba\u00efda avait pass\u00e9 les quelques jours que nous avons v\u00e9cus ensemble \u00e0 me poser plus de questions que moi je ne lui en avais pos\u00e9&nbsp;\u00bb<\/em>, s\u2019est souvenu Cassel.<\/p>\n<p><em>\u00ab&nbsp;Il voulait devenir chef cuisinier mais, entour\u00e9 litt\u00e9ralement de toutes parts par l\u2019arm\u00e9e isra\u00e9lienne, les check-points et les colonies, m\u00eame poursuivre un r\u00eave aussi simple aurait toujours \u00e9t\u00e9 une lutte&nbsp;\u00bb<\/em>, a-t-il \u00e9crit.<\/p>\n<p><em>\u00ab&nbsp;Mon c\u0153ur va \u00e0 sa famille, particuli\u00e8rement \u00e0 son cher papa Akram, qui a continu\u00e9 \u00e0 m\u2019envoyer des messages tr\u00e8s gentils lors des f\u00eates, longtemps apr\u00e8s notre rencontre&nbsp;\u00bb<\/em>, a ajout\u00e9 <strong>Cassel.<\/strong><\/p>\n<p><em>\u00ab&nbsp;Il aimait son fils et ne voulait rien de plus que de le voir grandir loin de l\u2019occupation.&nbsp;\u00bb<\/em><\/p>\n<h3>La r\u00e9pression meurtri\u00e8re par Isra\u00ebl<\/h3>\n<p>Malheureusement, <strong>Oba\u00efda Jawabra<\/strong> n\u2019est que l\u2019un des nombreux Palestiniens \u2013 dont <strong>au moins trois enfants<\/strong> \u2013 tu\u00e9s par les forces isra\u00e9liennes d\u2019occupation en Cisjordanie ces derniers jours.<\/p>\n<p>Alors que les <a href=\"https:\/\/electronicintifada.net\/blogs\/maureen-clare-murphy\/gantz-admits-no-one-gaza-safe-israels-terror\" target=\"_blank\" rel=\"noopener noreferrer\">bombardements sauvages<\/a> de<strong> Gaza<\/strong> par<strong> Isra\u00ebl<\/strong> ont \u00f4t\u00e9 la vie \u00e0 plus de 200 Palestiniens, jeunes et moins jeunes, depuis qu\u2019ils ont d\u00e9but\u00e9 le 10 mai, les forces d\u2019occupation ont \u00e9galement <a href=\"https:\/\/electronicintifada.net\/blogs\/ali-abunimah\/israel-kills-boy-featured-film-about-imprisoned-kids\" target=\"_blank\" rel=\"noopener noreferrer\">r\u00e9prim\u00e9 avec violence<\/a> les protestations palestiniennes un peu partout en <strong>Cisjordanie.<\/strong><\/p>\n<p>Au moins <strong>22 Palestiniens avaient \u00e9t\u00e9 tu\u00e9s en Cisjordanie \u00e0 la date du 17 mai<\/strong>, <a href=\"https:\/\/reliefweb.int\/sites\/reliefweb.int\/files\/resources\/flash_update_8_escalations_of_hostilities.pdf\" target=\"_blank\" rel=\"noopener noreferrer\">estime<\/a> l\u2019agence de coordination humanitaire de l\u2019<strong>ONU,&nbsp;<\/strong>l\u2019<strong>OCHA.<\/strong><\/p>\n<p>Pr\u00e8s de 5&nbsp;000 personnes ont \u00e9t\u00e9 bless\u00e9es.<\/p>\n<p>L\u2019<strong>OCHA<\/strong> a fait part de ses inqui\u00e9tudes \u00e0 propos du <em>\u00ab&nbsp;recours \u00e0 une violence excessive de la part des forces isra\u00e9liennes, des attaques par les colons isra\u00e9liens en g\u00e9n\u00e9ral et tout particuli\u00e8rement de l\u2019utilisation de balles r\u00e9elles contre les Palestiniens&nbsp;\u00bb<\/em>.<\/p>\n<p>Les forces d\u2019occupation ont \u00e9galement continu\u00e9 d\u2019attaquer les Palestiniens \u00e0 J\u00e9rusalem, particuli\u00e8rement dans le quartier de <a href=\"https:\/\/charleroi-pourlapalestine.be\/index.php\/category\/palestine\/jerusalem\/sheikh-jarrah\/\"><strong>Sheikh Jarrah<\/strong><\/a>, o\u00f9 les Palestiniens r\u00e9sistent aux plans isra\u00e9liens d\u2019expulsion forc\u00e9e d\u2019un certain nombre de familles palestiniennes en vue de c\u00e9der leurs maisons \u00e0 des colons juifs isra\u00e9liens.<\/p>\n<p>https:\/\/twitter.com\/InesAbdelrazek\/status\/1394656241629253633?ref_src=twsrc%5Etfw%7Ctwcamp%5Etweetembed%7Ctwterm%5E1394656248860192775%7Ctwgr%5E%7Ctwcon%5Es2_&#038;ref_url=https%3A%2F%2Felectronicintifada.net%2Fblogs%2Fali-abunimah%2Fisrael-kills-boy-featured-film-about-imprisoned-kids<\/p>\n<blockquote class=\"twitter-tweet\" data-width=\"500\" data-dnt=\"true\">\n<p lang=\"en\" dir=\"ltr\">I saw a lot more instances of entirely unnecessary, provocative behavior by Israeli police\/military today. At Damascus Gate (stun grenades thrown at peaceful Palestinian group), in Sheikh Jarrah (skunk water fired on Palestinian homes) &amp; Bethlehem (volleys of tear gas) <a href=\"https:\/\/t.co\/7AhW5mKcjM\">pic.twitter.com\/7AhW5mKcjM<\/a><\/p>\n<p>&mdash; Mark Stone (@Stone_SkyNews) <a href=\"https:\/\/twitter.com\/Stone_SkyNews\/status\/1394731857099452419?ref_src=twsrc%5Etfw\">May 18, 2021<\/a><\/p><\/blockquote>\n<p><script async src=\"https:\/\/platform.twitter.com\/widgets.js\" charset=\"utf-8\"><\/script><\/p>\n<blockquote class=\"twitter-tweet\" data-width=\"500\" data-dnt=\"true\">\n<p lang=\"en\" dir=\"ltr\">Israeli soldiers (armed by the US, UK and EU) assault Palestinian journalist Latifeh Abdellatif and forcibly removed her hijab. This is the so-called \u2018only democracy in the Middle East\u2019? Or is this more accurately reminiscent of an apartheid state? <a href=\"https:\/\/twitter.com\/hashtag\/gaza?src=hash&amp;ref_src=twsrc%5Etfw\">#gaza<\/a> <a href=\"https:\/\/twitter.com\/hashtag\/WestBank?src=hash&amp;ref_src=twsrc%5Etfw\">#WestBank<\/a> <a href=\"https:\/\/twitter.com\/hashtag\/Palestine?src=hash&amp;ref_src=twsrc%5Etfw\">#Palestine<\/a>\ud83c\uddf5\ud83c\uddf8 <a href=\"https:\/\/t.co\/tpfoH8uTvV\">pic.twitter.com\/tpfoH8uTvV<\/a><\/p>\n<p>&mdash; Going Underground (@GUnderground_TV) <a href=\"https:\/\/twitter.com\/GUnderground_TV\/status\/1394689751911907329?ref_src=twsrc%5Etfw\">May 18, 2021<\/a><\/p><\/blockquote>\n<p><script async src=\"https:\/\/platform.twitter.com\/widgets.js\" charset=\"utf-8\"><\/script><\/p>\n<h3>Un enfant tu\u00e9 \u00e0 Bilin<\/h3>\n<p>Dans la seule journ\u00e9e de mardi, les forces isra\u00e9liennes d\u2019occupation ont tu\u00e9 quatre Palestiniens, dont un enfant, et en ont bless\u00e9 plus de 200, la majorit\u00e9 \u00e0 balles r\u00e9elles, <a href=\"http:\/\/wafa.ps\/Pages\/Details\/24472\" target=\"_blank\" rel=\"noopener noreferrer\">rapporte<\/a> le minist\u00e8re de la Sant\u00e9 \u00e0 <strong>Ramallah.<\/strong><\/p>\n<blockquote class=\"twitter-tweet\" data-width=\"500\" data-dnt=\"true\">\n<p lang=\"en\" dir=\"ltr\">Breaking: Israeli forces shot Islam Wael Fahmi Dar Nasser, 16, in the head with live ammunition around 5 pm today in the village of Bil&#39;in near Ramallah in the occupied West Bank. Doctors treated Islam at Palestine Medical Complex in Ramallah and pronounced him dead at 8:30 pm. <a href=\"https:\/\/t.co\/1gF63ESgpp\">pic.twitter.com\/1gF63ESgpp<\/a><\/p>\n<p>&mdash; Defense for Children (@DCIPalestine) <a href=\"https:\/\/twitter.com\/DCIPalestine\/status\/1394749751707512834?ref_src=twsrc%5Etfw\">May 18, 2021<\/a><\/p><\/blockquote>\n<p><script async src=\"https:\/\/platform.twitter.com\/widgets.js\" charset=\"utf-8\"><\/script><\/p>\n<p>Mardi apr\u00e8s-midi, dans le village de <strong>Bilin<\/strong>, pr\u00e8s de <strong>Ramallah<\/strong>, les forces d\u2019occupation ont mortellement abattu le jeune de 16 ans, <strong>Islam Wael Fahmi Dar Nasser.<\/strong><\/p>\n<p>L\u2019adolescent a \u00e9t\u00e9 touch\u00e9 \u00e0 la t\u00eate d\u2019une balle r\u00e9elle au cours d\u2019une manifestation \u00e0 proximit\u00e9 du mur isra\u00e9lien de s\u00e9paration qui, depuis longtemps, est la cible de la r\u00e9sistance populaire dans le village, <a href=\"https:\/\/www.dci-palestine.org\/israeli_forces_kill_16_year_old_palestinian_in_bilin\" target=\"_blank\" rel=\"noopener noreferrer\">rapporte<\/a> <strong>DCI-P. &nbsp;<\/strong><\/p>\n<p>Les m\u00e9decins du C<strong>omplexe m\u00e9dical de Palestine, <\/strong>\u00e0<strong> Ramallah,<\/strong>&nbsp;ne sont pas parvenus \u00e0 ramener le gar\u00e7on \u00e0 la vie et ont confirm\u00e9 son d\u00e9c\u00e8s le soir m\u00eame.<\/p>\n<p>Le mur de s\u00e9paration, qui coupe profond\u00e9ment dans la Cisjordanie, <em>\u00ab&nbsp;a scind\u00e9 le village en deux, emp\u00eachant les Palestiniens qui vivent \u00e0 Bilin de se rendre sur leurs propri\u00e9t\u00e9s&nbsp;\u00bb,<\/em> a fait remarquer <strong>DCI-P.<\/strong><\/p>\n<p>Apr\u00e8s <strong>Oba\u00efda Jawabra<\/strong> lundi, <strong>Islam Dar Nasser<\/strong> est le cinqui\u00e8me adolescent palestinien \u00e0 \u00eatre tu\u00e9 par les forces isra\u00e9liennes d\u2019occupation en Cisjordanie cette ann\u00e9e.<\/p>\n<p><strong>Deux Palestiniens<\/strong> ont \u00e9t\u00e9 <a href=\"https:\/\/www.wattan.net\/ar\/news\/340946.html\" target=\"_blank\" rel=\"noopener noreferrer\">tu\u00e9s<\/a> lors de confrontations violentes avec les forces d\u2019occupation pr\u00e8s de l\u2019entr\u00e9e nord du village de la zone de Ramallah, <strong>al-Bireh<\/strong>, qui jouxte la colonie isra\u00e9lienne de <strong>Beit El.<\/strong><\/p>\n<p>Il s\u2019agissait de<strong> Muhammad Ishaq Hamid, 25 ans, <\/strong>et d\u2019<strong>Adham Fayez Kashif, 20 an<\/strong>s.<\/p>\n<p>On rapporte qu\u2019il y a eu des \u00e9changes de coups de feu entre des <strong>Palestiniens<\/strong> et les soldats de l\u2019occupation dans la zone, bien qu\u2019il n\u2019y ait aucune indication que les deux jeunes tu\u00e9s pr\u00e8s de <strong>Beit El<\/strong> y aient \u00e9t\u00e9 impliqu\u00e9s.<\/p>\n<p>Isra\u00ebl a <a href=\"https:\/\/www.timesofisrael.com\/2-soldiers-shot-in-west-bank-palestinian-killed-by-gunfire-amid-unrest\/\" target=\"_blank\" rel=\"noopener noreferrer\">d\u00e9clar\u00e9<\/a> que deux de ses soldats avaient \u00e9t\u00e9 bless\u00e9s lors d\u2019une fusillade.<\/p>\n<blockquote class=\"twitter-tweet\" data-width=\"500\" data-dnt=\"true\">\n<p lang=\"en\" dir=\"ltr\">This is the moment Israeli forces shot a Palestinian protester in the knee cap in Beit El, West Bank.  <\/p>\n<p>The Israeli army sent reinforcements to the location as they continued a heavy crackdown on nearby protests marking the Palestinian nationwide strike <a href=\"https:\/\/t.co\/6mTaLH4dfG\">pic.twitter.com\/6mTaLH4dfG<\/a><\/p>\n<p>&mdash; Middle East Eye (@MiddleEastEye) <a href=\"https:\/\/twitter.com\/MiddleEastEye\/status\/1394699303780749312?ref_src=twsrc%5Etfw\">May 18, 2021<\/a><\/p><\/blockquote>\n<p><script async src=\"https:\/\/platform.twitter.com\/widgets.js\" charset=\"utf-8\"><\/script><\/p>\n<p>Dans la Vieille Ville de <strong>H\u00e9bron<\/strong>, les forces d\u2019occupation ont mortellement abattu <strong>Islam Zahida<\/strong>, 35 ans, pr\u00e9tendant qu\u2019il&nbsp;avait tent\u00e9 de lancer une attaque contre les forces arm\u00e9es isra\u00e9liennes.<\/p>\n<p>L\u2019arm\u00e9e isra\u00e9lienne a <a href=\"https:\/\/www.timesofisrael.com\/liveblog_entry\/idf-palestinian-tried-to-shoot-throw-explosive-at-troops-in-hebron-before-being-shot\/\" target=\"_blank\" rel=\"noopener noreferrer\">pr\u00e9tendu<\/a> qu\u2019un homme arm\u00e9 d\u2019explosifs, d\u2019une mitraillette artisanale de style Carlo et d\u2019un couteau <em>\u00ab&nbsp;avait tent\u00e9 de tirer et de lancer un engin explosif vers&nbsp;\u00bb<\/em> les soldats de l\u2019occupation, qui l\u2019avaient par cons\u00e9quent abattu et tu\u00e9.<\/p>\n<p>Aucun militaire isra\u00e9lien n\u2019a \u00e9t\u00e9 bless\u00e9, comme dans de nombreux cas pr\u00e9c\u00e9dents o\u00f9 un agresseur palestinien suppos\u00e9 avait \u00e9t\u00e9 abattu.<\/p>\n<hr>\n<p>Extrait d&rsquo;un article, publi\u00e9 le 19 mai 2021 sur <a href=\"https:\/\/electronicintifada.net\/blogs\/ali-abunimah\/israel-kills-boy-featured-film-about-imprisoned-kids\" target=\"_blank\" rel=\"noopener noreferrer\">The Electronic Intifada<\/a><br \/>\nTraduction : Jean-Marie Fl\u00e9mal, <a href=\"https:\/\/electronicintifada.net\/blogs\/ali-abunimah\/israel-kills-boy-featured-film-about-imprisoned-kids\" target=\"_blank\" rel=\"noopener noreferrer\">Charleroi pour la Palestine<\/a><\/p>\n","protected":false},"excerpt":{"rendered":"<p>Oba\u00efda Akram Abdurahman Jawabra a a \u00e9t\u00e9 abattu d\u2019une balle dans la poitrine lors d\u2019une manifestation pr\u00e8s de l&rsquo;entr\u00e9e du camp de r\u00e9fugi\u00e9s Arroub (Hebron)<\/p>\n","protected":false},"author":1,"featured_media":26331,"comment_status":"closed","ping_status":"closed","sticky":false,"template":"","format":"standard","meta":{"ngg_post_thumbnail":0,"footnotes":""},"categories":[354,17,8,47,362,742,387],"tags":[],"class_list":["post-26299","post","type-post","status-publish","format-standard","has-post-thumbnail","hentry","category-dci-p","category-les-enfants-jeunes","category-jerusalem","category-loccupation-militaire","category-repression-lautorite-palestinienne","category-sheikh-jarrah","category-terrorisme-detat"],"yoast_head":"<!-- This site is optimized with the Yoast SEO plugin v27.3 - https:\/\/yoast.com\/product\/yoast-seo-wordpress\/ -->\n<title>Isra\u00ebl tue un adolescent, t\u00e9moin dans un film sur les enfants emprisonn\u00e9s<\/title>\n<meta name=\"description\" content=\"L&#039;adolescent Oba\u00efda a a \u00e9t\u00e9 abattu d\u2019une balle dans la poitrine tir\u00e9e par un soldat de l\u2019occupation lors d\u2019une manifestation \u00e0 Hebron\" \/>\n<meta name=\"robots\" content=\"index, follow, max-snippet:-1, max-image-preview:large, max-video-preview:-1\" \/>\n<link rel=\"canonical\" href=\"https:\/\/charleroi-pourlapalestine.be\/index.php\/2021\/05\/20\/israel-tue-un-adolescent-qui-jouait-dans-un-film-sur-les-enfants-emprisonnes\/\" \/>\n<script type=\"application\/ld+json\" class=\"yoast-schema-graph\">{\"@context\":\"https:\\\/\\\/schema.org\",\"@graph\":[{\"@type\":\"Article\",\"@id\":\"https:\\\/\\\/charleroi-pourlapalestine.be\\\/index.php\\\/2021\\\/05\\\/20\\\/israel-tue-un-adolescent-qui-jouait-dans-un-film-sur-les-enfants-emprisonnes\\\/#article\",\"isPartOf\":{\"@id\":\"https:\\\/\\\/charleroi-pourlapalestine.be\\\/index.php\\\/2021\\\/05\\\/20\\\/israel-tue-un-adolescent-qui-jouait-dans-un-film-sur-les-enfants-emprisonnes\\\/\"},\"author\":{\"name\":\"admin1873\",\"@id\":\"https:\\\/\\\/charleroi-pourlapalestine.be\\\/#\\\/schema\\\/person\\\/c19ff515112f1299d8c12671d8fe3faa\"},\"headline\":\"Isra\u00ebl tue un adolescent, t\u00e9moin dans un film sur les enfants emprisonn\u00e9s\",\"datePublished\":\"2021-05-20T08:18:00+00:00\",\"dateModified\":\"2021-05-22T08:20:10+00:00\",\"mainEntityOfPage\":{\"@id\":\"https:\\\/\\\/charleroi-pourlapalestine.be\\\/index.php\\\/2021\\\/05\\\/20\\\/israel-tue-un-adolescent-qui-jouait-dans-un-film-sur-les-enfants-emprisonnes\\\/\"},\"wordCount\":1723,\"publisher\":{\"@id\":\"https:\\\/\\\/charleroi-pourlapalestine.be\\\/#organization\"},\"image\":{\"@id\":\"https:\\\/\\\/charleroi-pourlapalestine.be\\\/index.php\\\/2021\\\/05\\\/20\\\/israel-tue-un-adolescent-qui-jouait-dans-un-film-sur-les-enfants-emprisonnes\\\/#primaryimage\"},\"thumbnailUrl\":\"https:\\\/\\\/charleroi-pourlapalestine.be\\\/wp-content\\\/uploads\\\/2021\\\/05\\\/Obaida-e1621670307582.jpg\",\"articleSection\":[\"DCI-P\",\"Enfants\",\"J\u00e9rusalem\",\"Occupation\",\"R\u00e9pression\",\"Sheikh Jarrah\",\"Terrorisme d'Etat\"],\"inLanguage\":\"fr-FR\"},{\"@type\":\"WebPage\",\"@id\":\"https:\\\/\\\/charleroi-pourlapalestine.be\\\/index.php\\\/2021\\\/05\\\/20\\\/israel-tue-un-adolescent-qui-jouait-dans-un-film-sur-les-enfants-emprisonnes\\\/\",\"url\":\"https:\\\/\\\/charleroi-pourlapalestine.be\\\/index.php\\\/2021\\\/05\\\/20\\\/israel-tue-un-adolescent-qui-jouait-dans-un-film-sur-les-enfants-emprisonnes\\\/\",\"name\":\"Isra\u00ebl tue un adolescent, t\u00e9moin dans un film sur les enfants emprisonn\u00e9s\",\"isPartOf\":{\"@id\":\"https:\\\/\\\/charleroi-pourlapalestine.be\\\/#website\"},\"primaryImageOfPage\":{\"@id\":\"https:\\\/\\\/charleroi-pourlapalestine.be\\\/index.php\\\/2021\\\/05\\\/20\\\/israel-tue-un-adolescent-qui-jouait-dans-un-film-sur-les-enfants-emprisonnes\\\/#primaryimage\"},\"image\":{\"@id\":\"https:\\\/\\\/charleroi-pourlapalestine.be\\\/index.php\\\/2021\\\/05\\\/20\\\/israel-tue-un-adolescent-qui-jouait-dans-un-film-sur-les-enfants-emprisonnes\\\/#primaryimage\"},\"thumbnailUrl\":\"https:\\\/\\\/charleroi-pourlapalestine.be\\\/wp-content\\\/uploads\\\/2021\\\/05\\\/Obaida-e1621670307582.jpg\",\"datePublished\":\"2021-05-20T08:18:00+00:00\",\"dateModified\":\"2021-05-22T08:20:10+00:00\",\"description\":\"L'adolescent Oba\u00efda a a \u00e9t\u00e9 abattu d\u2019une balle dans la poitrine tir\u00e9e par un soldat de l\u2019occupation lors d\u2019une manifestation \u00e0 Hebron\",\"breadcrumb\":{\"@id\":\"https:\\\/\\\/charleroi-pourlapalestine.be\\\/index.php\\\/2021\\\/05\\\/20\\\/israel-tue-un-adolescent-qui-jouait-dans-un-film-sur-les-enfants-emprisonnes\\\/#breadcrumb\"},\"inLanguage\":\"fr-FR\",\"potentialAction\":[{\"@type\":\"ReadAction\",\"target\":[\"https:\\\/\\\/charleroi-pourlapalestine.be\\\/index.php\\\/2021\\\/05\\\/20\\\/israel-tue-un-adolescent-qui-jouait-dans-un-film-sur-les-enfants-emprisonnes\\\/\"]}]},{\"@type\":\"ImageObject\",\"inLanguage\":\"fr-FR\",\"@id\":\"https:\\\/\\\/charleroi-pourlapalestine.be\\\/index.php\\\/2021\\\/05\\\/20\\\/israel-tue-un-adolescent-qui-jouait-dans-un-film-sur-les-enfants-emprisonnes\\\/#primaryimage\",\"url\":\"https:\\\/\\\/charleroi-pourlapalestine.be\\\/wp-content\\\/uploads\\\/2021\\\/05\\\/Obaida-e1621670307582.jpg\",\"contentUrl\":\"https:\\\/\\\/charleroi-pourlapalestine.be\\\/wp-content\\\/uploads\\\/2021\\\/05\\\/Obaida-e1621670307582.jpg\",\"width\":480,\"height\":320},{\"@type\":\"BreadcrumbList\",\"@id\":\"https:\\\/\\\/charleroi-pourlapalestine.be\\\/index.php\\\/2021\\\/05\\\/20\\\/israel-tue-un-adolescent-qui-jouait-dans-un-film-sur-les-enfants-emprisonnes\\\/#breadcrumb\",\"itemListElement\":[{\"@type\":\"ListItem\",\"position\":1,\"name\":\"Accueil\",\"item\":\"https:\\\/\\\/charleroi-pourlapalestine.be\\\/\"},{\"@type\":\"ListItem\",\"position\":2,\"name\":\"Isra\u00ebl tue un adolescent, t\u00e9moin dans un film sur les enfants emprisonn\u00e9s\"}]},{\"@type\":\"WebSite\",\"@id\":\"https:\\\/\\\/charleroi-pourlapalestine.be\\\/#website\",\"url\":\"https:\\\/\\\/charleroi-pourlapalestine.be\\\/\",\"name\":\"Charleroi Pour la Palestine\",\"description\":\"\",\"publisher\":{\"@id\":\"https:\\\/\\\/charleroi-pourlapalestine.be\\\/#organization\"},\"potentialAction\":[{\"@type\":\"SearchAction\",\"target\":{\"@type\":\"EntryPoint\",\"urlTemplate\":\"https:\\\/\\\/charleroi-pourlapalestine.be\\\/?s={search_term_string}\"},\"query-input\":{\"@type\":\"PropertyValueSpecification\",\"valueRequired\":true,\"valueName\":\"search_term_string\"}}],\"inLanguage\":\"fr-FR\"},{\"@type\":\"Organization\",\"@id\":\"https:\\\/\\\/charleroi-pourlapalestine.be\\\/#organization\",\"name\":\"Plate-forme Charleroi-Palestine\",\"url\":\"https:\\\/\\\/charleroi-pourlapalestine.be\\\/\",\"logo\":{\"@type\":\"ImageObject\",\"inLanguage\":\"fr-FR\",\"@id\":\"https:\\\/\\\/charleroi-pourlapalestine.be\\\/#\\\/schema\\\/logo\\\/image\\\/\",\"url\":\"https:\\\/\\\/charleroi-pourlapalestine.be\\\/wp-content\\\/uploads\\\/2020\\\/01\\\/logo-Copy.jpg\",\"contentUrl\":\"https:\\\/\\\/charleroi-pourlapalestine.be\\\/wp-content\\\/uploads\\\/2020\\\/01\\\/logo-Copy.jpg\",\"width\":180,\"height\":180,\"caption\":\"Plate-forme Charleroi-Palestine\"},\"image\":{\"@id\":\"https:\\\/\\\/charleroi-pourlapalestine.be\\\/#\\\/schema\\\/logo\\\/image\\\/\"},\"sameAs\":[\"https:\\\/\\\/www.facebook.com\\\/PlateformeCharleroiPalestine\\\/\",\"https:\\\/\\\/x.com\\\/LaCharleroi\"]},{\"@type\":\"Person\",\"@id\":\"https:\\\/\\\/charleroi-pourlapalestine.be\\\/#\\\/schema\\\/person\\\/c19ff515112f1299d8c12671d8fe3faa\",\"name\":\"admin1873\",\"url\":\"https:\\\/\\\/charleroi-pourlapalestine.be\\\/index.php\\\/author\\\/admin1873\\\/\"}]}<\/script>\n<!-- \/ Yoast SEO plugin. -->","yoast_head_json":{"title":"Isra\u00ebl tue un adolescent, t\u00e9moin dans un film sur les enfants emprisonn\u00e9s","description":"L'adolescent Oba\u00efda a a \u00e9t\u00e9 abattu d\u2019une balle dans la poitrine tir\u00e9e par un soldat de l\u2019occupation lors d\u2019une manifestation \u00e0 Hebron","robots":{"index":"index","follow":"follow","max-snippet":"max-snippet:-1","max-image-preview":"max-image-preview:large","max-video-preview":"max-video-preview:-1"},"canonical":"https:\/\/charleroi-pourlapalestine.be\/index.php\/2021\/05\/20\/israel-tue-un-adolescent-qui-jouait-dans-un-film-sur-les-enfants-emprisonnes\/","schema":{"@context":"https:\/\/schema.org","@graph":[{"@type":"Article","@id":"https:\/\/charleroi-pourlapalestine.be\/index.php\/2021\/05\/20\/israel-tue-un-adolescent-qui-jouait-dans-un-film-sur-les-enfants-emprisonnes\/#article","isPartOf":{"@id":"https:\/\/charleroi-pourlapalestine.be\/index.php\/2021\/05\/20\/israel-tue-un-adolescent-qui-jouait-dans-un-film-sur-les-enfants-emprisonnes\/"},"author":{"name":"admin1873","@id":"https:\/\/charleroi-pourlapalestine.be\/#\/schema\/person\/c19ff515112f1299d8c12671d8fe3faa"},"headline":"Isra\u00ebl tue un adolescent, t\u00e9moin dans un film sur les enfants emprisonn\u00e9s","datePublished":"2021-05-20T08:18:00+00:00","dateModified":"2021-05-22T08:20:10+00:00","mainEntityOfPage":{"@id":"https:\/\/charleroi-pourlapalestine.be\/index.php\/2021\/05\/20\/israel-tue-un-adolescent-qui-jouait-dans-un-film-sur-les-enfants-emprisonnes\/"},"wordCount":1723,"publisher":{"@id":"https:\/\/charleroi-pourlapalestine.be\/#organization"},"image":{"@id":"https:\/\/charleroi-pourlapalestine.be\/index.php\/2021\/05\/20\/israel-tue-un-adolescent-qui-jouait-dans-un-film-sur-les-enfants-emprisonnes\/#primaryimage"},"thumbnailUrl":"https:\/\/charleroi-pourlapalestine.be\/wp-content\/uploads\/2021\/05\/Obaida-e1621670307582.jpg","articleSection":["DCI-P","Enfants","J\u00e9rusalem","Occupation","R\u00e9pression","Sheikh Jarrah","Terrorisme d'Etat"],"inLanguage":"fr-FR"},{"@type":"WebPage","@id":"https:\/\/charleroi-pourlapalestine.be\/index.php\/2021\/05\/20\/israel-tue-un-adolescent-qui-jouait-dans-un-film-sur-les-enfants-emprisonnes\/","url":"https:\/\/charleroi-pourlapalestine.be\/index.php\/2021\/05\/20\/israel-tue-un-adolescent-qui-jouait-dans-un-film-sur-les-enfants-emprisonnes\/","name":"Isra\u00ebl tue un adolescent, t\u00e9moin dans un film sur les enfants emprisonn\u00e9s","isPartOf":{"@id":"https:\/\/charleroi-pourlapalestine.be\/#website"},"primaryImageOfPage":{"@id":"https:\/\/charleroi-pourlapalestine.be\/index.php\/2021\/05\/20\/israel-tue-un-adolescent-qui-jouait-dans-un-film-sur-les-enfants-emprisonnes\/#primaryimage"},"image":{"@id":"https:\/\/charleroi-pourlapalestine.be\/index.php\/2021\/05\/20\/israel-tue-un-adolescent-qui-jouait-dans-un-film-sur-les-enfants-emprisonnes\/#primaryimage"},"thumbnailUrl":"https:\/\/charleroi-pourlapalestine.be\/wp-content\/uploads\/2021\/05\/Obaida-e1621670307582.jpg","datePublished":"2021-05-20T08:18:00+00:00","dateModified":"2021-05-22T08:20:10+00:00","description":"L'adolescent Oba\u00efda a a \u00e9t\u00e9 abattu d\u2019une balle dans la poitrine tir\u00e9e par un soldat de l\u2019occupation lors d\u2019une manifestation \u00e0 Hebron","breadcrumb":{"@id":"https:\/\/charleroi-pourlapalestine.be\/index.php\/2021\/05\/20\/israel-tue-un-adolescent-qui-jouait-dans-un-film-sur-les-enfants-emprisonnes\/#breadcrumb"},"inLanguage":"fr-FR","potentialAction":[{"@type":"ReadAction","target":["https:\/\/charleroi-pourlapalestine.be\/index.php\/2021\/05\/20\/israel-tue-un-adolescent-qui-jouait-dans-un-film-sur-les-enfants-emprisonnes\/"]}]},{"@type":"ImageObject","inLanguage":"fr-FR","@id":"https:\/\/charleroi-pourlapalestine.be\/index.php\/2021\/05\/20\/israel-tue-un-adolescent-qui-jouait-dans-un-film-sur-les-enfants-emprisonnes\/#primaryimage","url":"https:\/\/charleroi-pourlapalestine.be\/wp-content\/uploads\/2021\/05\/Obaida-e1621670307582.jpg","contentUrl":"https:\/\/charleroi-pourlapalestine.be\/wp-content\/uploads\/2021\/05\/Obaida-e1621670307582.jpg","width":480,"height":320},{"@type":"BreadcrumbList","@id":"https:\/\/charleroi-pourlapalestine.be\/index.php\/2021\/05\/20\/israel-tue-un-adolescent-qui-jouait-dans-un-film-sur-les-enfants-emprisonnes\/#breadcrumb","itemListElement":[{"@type":"ListItem","position":1,"name":"Accueil","item":"https:\/\/charleroi-pourlapalestine.be\/"},{"@type":"ListItem","position":2,"name":"Isra\u00ebl tue un adolescent, t\u00e9moin dans un film sur les enfants emprisonn\u00e9s"}]},{"@type":"WebSite","@id":"https:\/\/charleroi-pourlapalestine.be\/#website","url":"https:\/\/charleroi-pourlapalestine.be\/","name":"Charleroi Pour la Palestine","description":"","publisher":{"@id":"https:\/\/charleroi-pourlapalestine.be\/#organization"},"potentialAction":[{"@type":"SearchAction","target":{"@type":"EntryPoint","urlTemplate":"https:\/\/charleroi-pourlapalestine.be\/?s={search_term_string}"},"query-input":{"@type":"PropertyValueSpecification","valueRequired":true,"valueName":"search_term_string"}}],"inLanguage":"fr-FR"},{"@type":"Organization","@id":"https:\/\/charleroi-pourlapalestine.be\/#organization","name":"Plate-forme Charleroi-Palestine","url":"https:\/\/charleroi-pourlapalestine.be\/","logo":{"@type":"ImageObject","inLanguage":"fr-FR","@id":"https:\/\/charleroi-pourlapalestine.be\/#\/schema\/logo\/image\/","url":"https:\/\/charleroi-pourlapalestine.be\/wp-content\/uploads\/2020\/01\/logo-Copy.jpg","contentUrl":"https:\/\/charleroi-pourlapalestine.be\/wp-content\/uploads\/2020\/01\/logo-Copy.jpg","width":180,"height":180,"caption":"Plate-forme Charleroi-Palestine"},"image":{"@id":"https:\/\/charleroi-pourlapalestine.be\/#\/schema\/logo\/image\/"},"sameAs":["https:\/\/www.facebook.com\/PlateformeCharleroiPalestine\/","https:\/\/x.com\/LaCharleroi"]},{"@type":"Person","@id":"https:\/\/charleroi-pourlapalestine.be\/#\/schema\/person\/c19ff515112f1299d8c12671d8fe3faa","name":"admin1873","url":"https:\/\/charleroi-pourlapalestine.be\/index.php\/author\/admin1873\/"}]}},"_links":{"self":[{"href":"https:\/\/charleroi-pourlapalestine.be\/index.php\/wp-json\/wp\/v2\/posts\/26299","targetHints":{"allow":["GET"]}}],"collection":[{"href":"https:\/\/charleroi-pourlapalestine.be\/index.php\/wp-json\/wp\/v2\/posts"}],"about":[{"href":"https:\/\/charleroi-pourlapalestine.be\/index.php\/wp-json\/wp\/v2\/types\/post"}],"author":[{"embeddable":true,"href":"https:\/\/charleroi-pourlapalestine.be\/index.php\/wp-json\/wp\/v2\/users\/1"}],"replies":[{"embeddable":true,"href":"https:\/\/charleroi-pourlapalestine.be\/index.php\/wp-json\/wp\/v2\/comments?post=26299"}],"version-history":[{"count":0,"href":"https:\/\/charleroi-pourlapalestine.be\/index.php\/wp-json\/wp\/v2\/posts\/26299\/revisions"}],"wp:featuredmedia":[{"embeddable":true,"href":"https:\/\/charleroi-pourlapalestine.be\/index.php\/wp-json\/wp\/v2\/media\/26331"}],"wp:attachment":[{"href":"https:\/\/charleroi-pourlapalestine.be\/index.php\/wp-json\/wp\/v2\/media?parent=26299"}],"wp:term":[{"taxonomy":"category","embeddable":true,"href":"https:\/\/charleroi-pourlapalestine.be\/index.php\/wp-json\/wp\/v2\/categories?post=26299"},{"taxonomy":"post_tag","embeddable":true,"href":"https:\/\/charleroi-pourlapalestine.be\/index.php\/wp-json\/wp\/v2\/tags?post=26299"}],"curies":[{"name":"wp","href":"https:\/\/api.w.org\/{rel}","templated":true}]}}