{"id":26344,"date":"2021-05-22T13:36:42","date_gmt":"2021-05-22T11:36:42","guid":{"rendered":"https:\/\/charleroi-pourlapalestine.be\/?p=26344"},"modified":"2021-05-22T13:58:15","modified_gmt":"2021-05-22T11:58:15","slug":"les-pompiers-solidaire-des-protestataires-de-lusine-darmes-israeliennes","status":"publish","type":"post","link":"https:\/\/charleroi-pourlapalestine.be\/index.php\/2021\/05\/22\/les-pompiers-solidaire-des-protestataires-de-lusine-darmes-israeliennes\/","title":{"rendered":"Les pompiers solidaires avec les protestataires de l\u2019usine d\u2019armes isra\u00e9liennes"},"content":{"rendered":"<p>Le pr\u00e9sident du <strong>Syndicat de la brigade des pompiers (FBU) de Leicester<\/strong>, Graham Vaux, a fait une d\u00e9claration officielle, suite au refus du syndicat qu\u2019il dirige, de coop\u00e9rer \u00e0 l\u2019op\u00e9ration de police visant \u00e0 \u00e9vacuer les activistes de <strong>Palestine Action<\/strong> du toit de l\u2019usine d\u2019armes isra\u00e9liennes<strong> UAV Tactical Systems<\/strong> d\u2019<strong>Elbit<\/strong>, \u00e0 <strong>Leicester<\/strong>.<\/p>\n<div id=\"attachment_26350\" style=\"width: 572px\" class=\"wp-caption aligncenter\"><img loading=\"lazy\" decoding=\"async\" aria-describedby=\"caption-attachment-26350\" class=\"wp-image-26350 size-full\" src=\"https:\/\/charleroi-pourlapalestine.be\/wp-content\/uploads\/2021\/05\/Pompiers-e1621675183768.png\" alt=\"\" width=\"562\" height=\"320\"><p id=\"caption-attachment-26350\" class=\"wp-caption-text\">Photo : Palestine Action<\/p><\/div>\n<p><strong>Palestine Action<\/strong>, 20 mai 2021<\/p>\n<p>Les pompiers ont \u00e9t\u00e9 appel\u00e9s pour assister l\u2019op\u00e9ration de police visant \u00e0 interrompre l\u2019action directe et mettre fin \u00e0 l\u2019occupation du site de<strong> Leicester<\/strong>, mais le syndicat des pompiers, la <strong>FBU<\/strong> <strong>a fait savoir que ses membres ne contribueraient en aucun cas \u00e0 la protection de criminels de guerre par la police<\/strong>. L\u2019occupation du site se poursuit \u2013 le site \u00e9tant ferm\u00e9 depuis mercredi 19 mai \u00e0 5 h 30 du matin.<\/p>\n<p>Depuis lors, Palestine Action occupe l\u2019usine d\u2019<strong>Elbit<\/strong> de<strong> Leicester,<\/strong> qui fait partie d\u2019<strong>UAV Tactical Systems,<\/strong> une joint-venture entre les firmes<strong> Elbit<\/strong> et<strong> Thales<\/strong>. Le site \u2013 qui contribue \u00e0 la<strong> fabrication de drones<\/strong> \u2013 a \u00e9t\u00e9 barricad\u00e9, avec des activistes qui ont pris le contr\u00f4le du toit, ont endommag\u00e9 des b\u00e2timents en r\u00e9pandant de la peinture rouge sur ses fa\u00e7ades.<\/p>\n<p>Les pompiers ont \u00e9t\u00e9 appel\u00e9s dans le cadre d\u2019une op\u00e9ration impliquant la police et une entreprise de s\u00e9curit\u00e9 priv\u00e9e, afin d\u2019aider \u00e0 \u00e9vacuer les activistes de fa\u00e7on \u00e0 pouvoir reprendre la production de drones destin\u00e9s \u00e0 l&rsquo;arm\u00e9e isra\u00e9lienne). Quand la <strong>FBU<\/strong> a \u00e9t\u00e9 pr\u00e9venue de l\u2019action entreprise sur le site, ses responsables sont intervenus imm\u00e9diatement. Le pr\u00e9sident de la brigade du Leicestershire,<strong> Graham Vaux<\/strong>, s\u2019exprimant au nom de la<strong> FBU<\/strong>, a fait la d\u00e9claration suivante :<\/p>\n<blockquote><p>\u00ab On a demand\u00e9 aux membres du Syndicat de la brigade des pompiers du Leicestershire d\u2019intervenir \u00e0 Leicester dans un incident impliquant des protestataires juch\u00e9s sur le toit d\u2019une entreprise commerciale suppos\u00e9e fabriquer des drones destin\u00e9s \u00e0 \u00eatre utilis\u00e9s par l\u2019arm\u00e9e isra\u00e9lienne.<\/p>\n<p>\u00ab&nbsp;Au d\u00e9part, il a \u00e9t\u00e9 demand\u00e9 au service des pompiers d\u2019aider \u00e0 garantir la s\u00e9curit\u00e9 d\u2019un groupe de personnes sur un toit.<\/p>\n<p>\u00ab&nbsp;La FBU a \u00e9t\u00e9 inform\u00e9e ensuite que les protestataires repr\u00e9sentaient l\u2019organisation de solidarit\u00e9 avec la Palestine appel\u00e9e Palestine Action. Les responsables du syndicat ont aussit\u00f4t rappel\u00e9 \u00e0 la direction de l\u2019usine qu\u2019en tant que pompiers, nous sommes et resterons un service humanitaire fier de l\u2019\u00eatre et que notre r\u00f4le n\u2019implique pas de faire respecter les lois.<\/p>\n<p>\u00ab&nbsp;Une fois que la s\u00e9curit\u00e9 des personnes impliqu\u00e9es a \u00e9t\u00e9 confirm\u00e9e, les membres de la FBU se sont retir\u00e9s des lieux de l\u2019incident. La FBU soutient fermement la solidarit\u00e9 avec la Palestine et le droit de protester.&nbsp;\u00bb<\/p><\/blockquote>\n<p>La <strong>FBU<\/strong> a agi en<strong> solidarit\u00e9 r\u00e9elle<\/strong>, prenant ainsi part \u00e0 un mouvement mondial d\u2019action qui refuse toute complicit\u00e9 dans les atrocit\u00e9s commises \u00e0 Gaza. Les <strong>dockers italiens<\/strong> qui refusent de charger des armes destin\u00e9es aux FDI, les Palestiniens qui entreprennent une <strong>gr\u00e8ve g\u00e9n\u00e9rale<\/strong> de 48 heures, les activistes de <strong>Palestine Action<\/strong> qui perturbent la machine de guerre isra\u00e9lienne et, maintenant, les membres courageux de la <strong>FBU<\/strong>&nbsp;; ce sont <strong>les travailleurs du monde entier qui entreprennent des actions directes contre les crimes de guerre isra\u00e9liens.<\/strong><\/p>\n<p>L\u2019occupation du site d\u2019<strong>Elbit<\/strong> \u00e0 <strong>Leicester<\/strong> se poursuit et l\u2019usine reste ferm\u00e9e.&nbsp;L\u2019action directe se poursuivra tant qu\u2019<strong>Elbit<\/strong> n\u2019aura pas ferm\u00e9 ses portes pour de bon.<\/p>\n<p>L\u2019action d\u2019aujourd\u2019hui \u2013 c\u2019est la premi\u00e8re fois que le site <strong>Elbit<\/strong> de <strong>Leicester<\/strong> est vis\u00e9 \u2013 suit une s\u00e9rie d\u2019actions directes entreprises pour faire cesser les op\u00e9rations d\u2019<strong>Elbit<\/strong> dans ses bureaux et usines situ\u00e9s au <strong>Royaume-Uni.<\/strong><\/p>\n<p>Pr\u00e9c\u00e9demment, Palestine Action a d\u00e9j\u00e0 frapp\u00e9 les sites <strong>Elbit<\/strong> d\u2019<strong>Oldham, <\/strong>du <strong>Staffordshire,<\/strong> de<strong> Bristol, <\/strong>de<strong> Londres <\/strong>et du<strong> Kent<\/strong>. On estime que <strong>Palestine Action<\/strong> a caus\u00e9 au moins 2 millions de livres de pertes \u2013 soit via des d\u00e9g\u00e2ts \u00e0 la propri\u00e9t\u00e9, soit en emp\u00eachant la production et la vente de munitions et de technologie militaire.<\/p>\n<h3>Palestine Action<\/h3>\n<div id=\"attachment_26363\" style=\"width: 574px\" class=\"wp-caption aligncenter\"><img loading=\"lazy\" decoding=\"async\" aria-describedby=\"caption-attachment-26363\" class=\"wp-image-26363 size-full\" src=\"https:\/\/charleroi-pourlapalestine.be\/wp-content\/uploads\/2021\/05\/Palestine-Action-e1621684202849.png\" alt=\"Les activistes de Palestine Action sur le toit de l\u2019usine d\u2019armes isra\u00e9liennes UAV Tactical Systems d\u2019Elbit, \u00e0 Leicester\" width=\"564\" height=\"320\"><p id=\"caption-attachment-26363\" class=\"wp-caption-text\">Les activistes de Palestine Action sur le toit de l\u2019usine d\u2019armes isra\u00e9liennes UAV Tactical Systems d\u2019Elbit, \u00e0 Leicester<\/p><\/div>\n<p><strong>Palestine Action<\/strong> est un r\u00e9seau d\u2019action directe de groupes et d\u2019individus form\u00e9s dans la mission d\u2019entreprendre des actions directes contre les sites britanniques d\u2019<strong>Elbit Systems<\/strong> au niveau de la base, en r\u00e9clamant leur fermeture et en demandant au gouvernement britannique de mettre fin \u00e0 sa complicit\u00e9 dans l\u2019apartheid isra\u00e9lien. &nbsp;<\/p>\n<hr>\n<p>Publi\u00e9 le 20 mai 2021 sur <a href=\"https:\/\/palestineaction.org\/fire-brigades-union\/\" target=\"_blank\" rel=\"noopener noreferrer\">Palestine Action<\/a><br \/>\nTraduction : Jean-Marie Fl\u00e9mal, <a href=\"https:\/\/charleroi-pourlapalestine.be\/\">Charleroi pour la Palestine<\/a><\/p>\n<h4 class=\"fittexted_for_content_h4\">Bon \u00e0 savoir :<\/h4>\n<p>En <strong>Belgique,<\/strong> les entreprises OIP situ\u00e9es \u00e0 Oudenaarde et \u00e0 Tournai, sont \u00e9galement la propri\u00e9t\u00e9 d\u2019Elbit.<\/p>\n","protected":false},"excerpt":{"rendered":"<p>Le syndicat des pompiers a pris part ainsi \u00e0 un mouvement mondial d\u2019action qui refuse toute complicit\u00e9 dans les atrocit\u00e9s commises \u00e0 Gaza<\/p>\n","protected":false},"author":1,"featured_media":26350,"comment_status":"closed","ping_status":"closed","sticky":false,"template":"","format":"standard","meta":{"ngg_post_thumbnail":0,"footnotes":""},"categories":[460,382,86,201],"tags":[],"class_list":["post-26344","post","type-post","status-publish","format-standard","has-post-thumbnail","hentry","category-armements","category-grande-bretagne","category-les-syndicats","category-travailleurs"],"yoast_head":"<!-- This site is optimized with the Yoast SEO plugin v27.3 - https:\/\/yoast.com\/product\/yoast-seo-wordpress\/ -->\n<title>Les pompiers solidaires avec les protestataires de l\u2019usine d\u2019armes isra\u00e9liennes<\/title>\n<meta name=\"description\" content=\"Le syndicat des pompiers a pris part ainsi \u00e0 un mouvement mondial d\u2019action qui refuse toute complicit\u00e9 dans les atrocit\u00e9s commises \u00e0 Gaza\" \/>\n<meta name=\"robots\" content=\"index, follow, max-snippet:-1, max-image-preview:large, max-video-preview:-1\" \/>\n<link rel=\"canonical\" href=\"https:\/\/charleroi-pourlapalestine.be\/index.php\/2021\/05\/22\/les-pompiers-solidaire-des-protestataires-de-lusine-darmes-israeliennes\/\" \/>\n<script type=\"application\/ld+json\" class=\"yoast-schema-graph\">{\"@context\":\"https:\\\/\\\/schema.org\",\"@graph\":[{\"@type\":\"Article\",\"@id\":\"https:\\\/\\\/charleroi-pourlapalestine.be\\\/index.php\\\/2021\\\/05\\\/22\\\/les-pompiers-solidaire-des-protestataires-de-lusine-darmes-israeliennes\\\/#article\",\"isPartOf\":{\"@id\":\"https:\\\/\\\/charleroi-pourlapalestine.be\\\/index.php\\\/2021\\\/05\\\/22\\\/les-pompiers-solidaire-des-protestataires-de-lusine-darmes-israeliennes\\\/\"},\"author\":{\"name\":\"admin1873\",\"@id\":\"https:\\\/\\\/charleroi-pourlapalestine.be\\\/#\\\/schema\\\/person\\\/c19ff515112f1299d8c12671d8fe3faa\"},\"headline\":\"Les pompiers solidaires avec les protestataires de l\u2019usine d\u2019armes isra\u00e9liennes\",\"datePublished\":\"2021-05-22T11:36:42+00:00\",\"dateModified\":\"2021-05-22T11:58:15+00:00\",\"mainEntityOfPage\":{\"@id\":\"https:\\\/\\\/charleroi-pourlapalestine.be\\\/index.php\\\/2021\\\/05\\\/22\\\/les-pompiers-solidaire-des-protestataires-de-lusine-darmes-israeliennes\\\/\"},\"wordCount\":843,\"publisher\":{\"@id\":\"https:\\\/\\\/charleroi-pourlapalestine.be\\\/#organization\"},\"image\":{\"@id\":\"https:\\\/\\\/charleroi-pourlapalestine.be\\\/index.php\\\/2021\\\/05\\\/22\\\/les-pompiers-solidaire-des-protestataires-de-lusine-darmes-israeliennes\\\/#primaryimage\"},\"thumbnailUrl\":\"https:\\\/\\\/charleroi-pourlapalestine.be\\\/wp-content\\\/uploads\\\/2021\\\/05\\\/Pompiers-e1621675183768.png\",\"articleSection\":[\"armements\",\"Grande Bretagne\",\"Syndicats\",\"Travailleurs\"],\"inLanguage\":\"fr-FR\"},{\"@type\":\"WebPage\",\"@id\":\"https:\\\/\\\/charleroi-pourlapalestine.be\\\/index.php\\\/2021\\\/05\\\/22\\\/les-pompiers-solidaire-des-protestataires-de-lusine-darmes-israeliennes\\\/\",\"url\":\"https:\\\/\\\/charleroi-pourlapalestine.be\\\/index.php\\\/2021\\\/05\\\/22\\\/les-pompiers-solidaire-des-protestataires-de-lusine-darmes-israeliennes\\\/\",\"name\":\"Les pompiers solidaires avec les protestataires de l\u2019usine d\u2019armes isra\u00e9liennes\",\"isPartOf\":{\"@id\":\"https:\\\/\\\/charleroi-pourlapalestine.be\\\/#website\"},\"primaryImageOfPage\":{\"@id\":\"https:\\\/\\\/charleroi-pourlapalestine.be\\\/index.php\\\/2021\\\/05\\\/22\\\/les-pompiers-solidaire-des-protestataires-de-lusine-darmes-israeliennes\\\/#primaryimage\"},\"image\":{\"@id\":\"https:\\\/\\\/charleroi-pourlapalestine.be\\\/index.php\\\/2021\\\/05\\\/22\\\/les-pompiers-solidaire-des-protestataires-de-lusine-darmes-israeliennes\\\/#primaryimage\"},\"thumbnailUrl\":\"https:\\\/\\\/charleroi-pourlapalestine.be\\\/wp-content\\\/uploads\\\/2021\\\/05\\\/Pompiers-e1621675183768.png\",\"datePublished\":\"2021-05-22T11:36:42+00:00\",\"dateModified\":\"2021-05-22T11:58:15+00:00\",\"description\":\"Le syndicat des pompiers a pris part ainsi \u00e0 un mouvement mondial d\u2019action qui refuse toute complicit\u00e9 dans les atrocit\u00e9s commises \u00e0 Gaza\",\"breadcrumb\":{\"@id\":\"https:\\\/\\\/charleroi-pourlapalestine.be\\\/index.php\\\/2021\\\/05\\\/22\\\/les-pompiers-solidaire-des-protestataires-de-lusine-darmes-israeliennes\\\/#breadcrumb\"},\"inLanguage\":\"fr-FR\",\"potentialAction\":[{\"@type\":\"ReadAction\",\"target\":[\"https:\\\/\\\/charleroi-pourlapalestine.be\\\/index.php\\\/2021\\\/05\\\/22\\\/les-pompiers-solidaire-des-protestataires-de-lusine-darmes-israeliennes\\\/\"]}]},{\"@type\":\"ImageObject\",\"inLanguage\":\"fr-FR\",\"@id\":\"https:\\\/\\\/charleroi-pourlapalestine.be\\\/index.php\\\/2021\\\/05\\\/22\\\/les-pompiers-solidaire-des-protestataires-de-lusine-darmes-israeliennes\\\/#primaryimage\",\"url\":\"https:\\\/\\\/charleroi-pourlapalestine.be\\\/wp-content\\\/uploads\\\/2021\\\/05\\\/Pompiers-e1621675183768.png\",\"contentUrl\":\"https:\\\/\\\/charleroi-pourlapalestine.be\\\/wp-content\\\/uploads\\\/2021\\\/05\\\/Pompiers-e1621675183768.png\",\"width\":562,\"height\":320},{\"@type\":\"BreadcrumbList\",\"@id\":\"https:\\\/\\\/charleroi-pourlapalestine.be\\\/index.php\\\/2021\\\/05\\\/22\\\/les-pompiers-solidaire-des-protestataires-de-lusine-darmes-israeliennes\\\/#breadcrumb\",\"itemListElement\":[{\"@type\":\"ListItem\",\"position\":1,\"name\":\"Accueil\",\"item\":\"https:\\\/\\\/charleroi-pourlapalestine.be\\\/\"},{\"@type\":\"ListItem\",\"position\":2,\"name\":\"Les pompiers solidaires avec les protestataires de l\u2019usine d\u2019armes isra\u00e9liennes\"}]},{\"@type\":\"WebSite\",\"@id\":\"https:\\\/\\\/charleroi-pourlapalestine.be\\\/#website\",\"url\":\"https:\\\/\\\/charleroi-pourlapalestine.be\\\/\",\"name\":\"Charleroi Pour la Palestine\",\"description\":\"\",\"publisher\":{\"@id\":\"https:\\\/\\\/charleroi-pourlapalestine.be\\\/#organization\"},\"potentialAction\":[{\"@type\":\"SearchAction\",\"target\":{\"@type\":\"EntryPoint\",\"urlTemplate\":\"https:\\\/\\\/charleroi-pourlapalestine.be\\\/?s={search_term_string}\"},\"query-input\":{\"@type\":\"PropertyValueSpecification\",\"valueRequired\":true,\"valueName\":\"search_term_string\"}}],\"inLanguage\":\"fr-FR\"},{\"@type\":\"Organization\",\"@id\":\"https:\\\/\\\/charleroi-pourlapalestine.be\\\/#organization\",\"name\":\"Plate-forme Charleroi-Palestine\",\"url\":\"https:\\\/\\\/charleroi-pourlapalestine.be\\\/\",\"logo\":{\"@type\":\"ImageObject\",\"inLanguage\":\"fr-FR\",\"@id\":\"https:\\\/\\\/charleroi-pourlapalestine.be\\\/#\\\/schema\\\/logo\\\/image\\\/\",\"url\":\"https:\\\/\\\/charleroi-pourlapalestine.be\\\/wp-content\\\/uploads\\\/2020\\\/01\\\/logo-Copy.jpg\",\"contentUrl\":\"https:\\\/\\\/charleroi-pourlapalestine.be\\\/wp-content\\\/uploads\\\/2020\\\/01\\\/logo-Copy.jpg\",\"width\":180,\"height\":180,\"caption\":\"Plate-forme Charleroi-Palestine\"},\"image\":{\"@id\":\"https:\\\/\\\/charleroi-pourlapalestine.be\\\/#\\\/schema\\\/logo\\\/image\\\/\"},\"sameAs\":[\"https:\\\/\\\/www.facebook.com\\\/PlateformeCharleroiPalestine\\\/\",\"https:\\\/\\\/x.com\\\/LaCharleroi\"]},{\"@type\":\"Person\",\"@id\":\"https:\\\/\\\/charleroi-pourlapalestine.be\\\/#\\\/schema\\\/person\\\/c19ff515112f1299d8c12671d8fe3faa\",\"name\":\"admin1873\",\"url\":\"https:\\\/\\\/charleroi-pourlapalestine.be\\\/index.php\\\/author\\\/admin1873\\\/\"}]}<\/script>\n<!-- \/ Yoast SEO plugin. -->","yoast_head_json":{"title":"Les pompiers solidaires avec les protestataires de l\u2019usine d\u2019armes isra\u00e9liennes","description":"Le syndicat des pompiers a pris part ainsi \u00e0 un mouvement mondial d\u2019action qui refuse toute complicit\u00e9 dans les atrocit\u00e9s commises \u00e0 Gaza","robots":{"index":"index","follow":"follow","max-snippet":"max-snippet:-1","max-image-preview":"max-image-preview:large","max-video-preview":"max-video-preview:-1"},"canonical":"https:\/\/charleroi-pourlapalestine.be\/index.php\/2021\/05\/22\/les-pompiers-solidaire-des-protestataires-de-lusine-darmes-israeliennes\/","schema":{"@context":"https:\/\/schema.org","@graph":[{"@type":"Article","@id":"https:\/\/charleroi-pourlapalestine.be\/index.php\/2021\/05\/22\/les-pompiers-solidaire-des-protestataires-de-lusine-darmes-israeliennes\/#article","isPartOf":{"@id":"https:\/\/charleroi-pourlapalestine.be\/index.php\/2021\/05\/22\/les-pompiers-solidaire-des-protestataires-de-lusine-darmes-israeliennes\/"},"author":{"name":"admin1873","@id":"https:\/\/charleroi-pourlapalestine.be\/#\/schema\/person\/c19ff515112f1299d8c12671d8fe3faa"},"headline":"Les pompiers solidaires avec les protestataires de l\u2019usine d\u2019armes isra\u00e9liennes","datePublished":"2021-05-22T11:36:42+00:00","dateModified":"2021-05-22T11:58:15+00:00","mainEntityOfPage":{"@id":"https:\/\/charleroi-pourlapalestine.be\/index.php\/2021\/05\/22\/les-pompiers-solidaire-des-protestataires-de-lusine-darmes-israeliennes\/"},"wordCount":843,"publisher":{"@id":"https:\/\/charleroi-pourlapalestine.be\/#organization"},"image":{"@id":"https:\/\/charleroi-pourlapalestine.be\/index.php\/2021\/05\/22\/les-pompiers-solidaire-des-protestataires-de-lusine-darmes-israeliennes\/#primaryimage"},"thumbnailUrl":"https:\/\/charleroi-pourlapalestine.be\/wp-content\/uploads\/2021\/05\/Pompiers-e1621675183768.png","articleSection":["armements","Grande Bretagne","Syndicats","Travailleurs"],"inLanguage":"fr-FR"},{"@type":"WebPage","@id":"https:\/\/charleroi-pourlapalestine.be\/index.php\/2021\/05\/22\/les-pompiers-solidaire-des-protestataires-de-lusine-darmes-israeliennes\/","url":"https:\/\/charleroi-pourlapalestine.be\/index.php\/2021\/05\/22\/les-pompiers-solidaire-des-protestataires-de-lusine-darmes-israeliennes\/","name":"Les pompiers solidaires avec les protestataires de l\u2019usine d\u2019armes isra\u00e9liennes","isPartOf":{"@id":"https:\/\/charleroi-pourlapalestine.be\/#website"},"primaryImageOfPage":{"@id":"https:\/\/charleroi-pourlapalestine.be\/index.php\/2021\/05\/22\/les-pompiers-solidaire-des-protestataires-de-lusine-darmes-israeliennes\/#primaryimage"},"image":{"@id":"https:\/\/charleroi-pourlapalestine.be\/index.php\/2021\/05\/22\/les-pompiers-solidaire-des-protestataires-de-lusine-darmes-israeliennes\/#primaryimage"},"thumbnailUrl":"https:\/\/charleroi-pourlapalestine.be\/wp-content\/uploads\/2021\/05\/Pompiers-e1621675183768.png","datePublished":"2021-05-22T11:36:42+00:00","dateModified":"2021-05-22T11:58:15+00:00","description":"Le syndicat des pompiers a pris part ainsi \u00e0 un mouvement mondial d\u2019action qui refuse toute complicit\u00e9 dans les atrocit\u00e9s commises \u00e0 Gaza","breadcrumb":{"@id":"https:\/\/charleroi-pourlapalestine.be\/index.php\/2021\/05\/22\/les-pompiers-solidaire-des-protestataires-de-lusine-darmes-israeliennes\/#breadcrumb"},"inLanguage":"fr-FR","potentialAction":[{"@type":"ReadAction","target":["https:\/\/charleroi-pourlapalestine.be\/index.php\/2021\/05\/22\/les-pompiers-solidaire-des-protestataires-de-lusine-darmes-israeliennes\/"]}]},{"@type":"ImageObject","inLanguage":"fr-FR","@id":"https:\/\/charleroi-pourlapalestine.be\/index.php\/2021\/05\/22\/les-pompiers-solidaire-des-protestataires-de-lusine-darmes-israeliennes\/#primaryimage","url":"https:\/\/charleroi-pourlapalestine.be\/wp-content\/uploads\/2021\/05\/Pompiers-e1621675183768.png","contentUrl":"https:\/\/charleroi-pourlapalestine.be\/wp-content\/uploads\/2021\/05\/Pompiers-e1621675183768.png","width":562,"height":320},{"@type":"BreadcrumbList","@id":"https:\/\/charleroi-pourlapalestine.be\/index.php\/2021\/05\/22\/les-pompiers-solidaire-des-protestataires-de-lusine-darmes-israeliennes\/#breadcrumb","itemListElement":[{"@type":"ListItem","position":1,"name":"Accueil","item":"https:\/\/charleroi-pourlapalestine.be\/"},{"@type":"ListItem","position":2,"name":"Les pompiers solidaires avec les protestataires de l\u2019usine d\u2019armes isra\u00e9liennes"}]},{"@type":"WebSite","@id":"https:\/\/charleroi-pourlapalestine.be\/#website","url":"https:\/\/charleroi-pourlapalestine.be\/","name":"Charleroi Pour la Palestine","description":"","publisher":{"@id":"https:\/\/charleroi-pourlapalestine.be\/#organization"},"potentialAction":[{"@type":"SearchAction","target":{"@type":"EntryPoint","urlTemplate":"https:\/\/charleroi-pourlapalestine.be\/?s={search_term_string}"},"query-input":{"@type":"PropertyValueSpecification","valueRequired":true,"valueName":"search_term_string"}}],"inLanguage":"fr-FR"},{"@type":"Organization","@id":"https:\/\/charleroi-pourlapalestine.be\/#organization","name":"Plate-forme Charleroi-Palestine","url":"https:\/\/charleroi-pourlapalestine.be\/","logo":{"@type":"ImageObject","inLanguage":"fr-FR","@id":"https:\/\/charleroi-pourlapalestine.be\/#\/schema\/logo\/image\/","url":"https:\/\/charleroi-pourlapalestine.be\/wp-content\/uploads\/2020\/01\/logo-Copy.jpg","contentUrl":"https:\/\/charleroi-pourlapalestine.be\/wp-content\/uploads\/2020\/01\/logo-Copy.jpg","width":180,"height":180,"caption":"Plate-forme Charleroi-Palestine"},"image":{"@id":"https:\/\/charleroi-pourlapalestine.be\/#\/schema\/logo\/image\/"},"sameAs":["https:\/\/www.facebook.com\/PlateformeCharleroiPalestine\/","https:\/\/x.com\/LaCharleroi"]},{"@type":"Person","@id":"https:\/\/charleroi-pourlapalestine.be\/#\/schema\/person\/c19ff515112f1299d8c12671d8fe3faa","name":"admin1873","url":"https:\/\/charleroi-pourlapalestine.be\/index.php\/author\/admin1873\/"}]}},"_links":{"self":[{"href":"https:\/\/charleroi-pourlapalestine.be\/index.php\/wp-json\/wp\/v2\/posts\/26344","targetHints":{"allow":["GET"]}}],"collection":[{"href":"https:\/\/charleroi-pourlapalestine.be\/index.php\/wp-json\/wp\/v2\/posts"}],"about":[{"href":"https:\/\/charleroi-pourlapalestine.be\/index.php\/wp-json\/wp\/v2\/types\/post"}],"author":[{"embeddable":true,"href":"https:\/\/charleroi-pourlapalestine.be\/index.php\/wp-json\/wp\/v2\/users\/1"}],"replies":[{"embeddable":true,"href":"https:\/\/charleroi-pourlapalestine.be\/index.php\/wp-json\/wp\/v2\/comments?post=26344"}],"version-history":[{"count":0,"href":"https:\/\/charleroi-pourlapalestine.be\/index.php\/wp-json\/wp\/v2\/posts\/26344\/revisions"}],"wp:featuredmedia":[{"embeddable":true,"href":"https:\/\/charleroi-pourlapalestine.be\/index.php\/wp-json\/wp\/v2\/media\/26350"}],"wp:attachment":[{"href":"https:\/\/charleroi-pourlapalestine.be\/index.php\/wp-json\/wp\/v2\/media?parent=26344"}],"wp:term":[{"taxonomy":"category","embeddable":true,"href":"https:\/\/charleroi-pourlapalestine.be\/index.php\/wp-json\/wp\/v2\/categories?post=26344"},{"taxonomy":"post_tag","embeddable":true,"href":"https:\/\/charleroi-pourlapalestine.be\/index.php\/wp-json\/wp\/v2\/tags?post=26344"}],"curies":[{"name":"wp","href":"https:\/\/api.w.org\/{rel}","templated":true}]}}