{"id":26369,"date":"2021-05-23T11:30:28","date_gmt":"2021-05-23T09:30:28","guid":{"rendered":"https:\/\/charleroi-pourlapalestine.be\/?p=26369"},"modified":"2021-05-27T06:21:19","modified_gmt":"2021-05-27T04:21:19","slug":"stand-bds-a-charleroi-samedi-29-mai","status":"publish","type":"post","link":"https:\/\/charleroi-pourlapalestine.be\/index.php\/2021\/05\/23\/stand-bds-a-charleroi-samedi-29-mai\/","title":{"rendered":"Stand BDS \u00e0 Charleroi, samedi 29 mai"},"content":{"rendered":"<p>Rejoignez-nous au stand de la Plate-forme Charleroi-Palestine, <strong>samedi 29 mai, de 15 h \u00e0 17 h, sur la Place Verte <\/strong>(pr\u00e8s de la librairie Moli\u00e8re), <strong>\u00e0 Charleroi.<\/strong><\/p>\n<div id=\"attachment_26395\" style=\"width: 526px\" class=\"wp-caption aligncenter\"><img loading=\"lazy\" decoding=\"async\" aria-describedby=\"caption-attachment-26395\" class=\"wp-image-26395 size-full\" src=\"https:\/\/charleroi-pourlapalestine.be\/wp-content\/uploads\/2021\/05\/avec-trois-filles-scaled-e1621759841293.jpg\" alt=\"Photo : Plate-forme Charleroi-Palestine (devant le stand Boycott Isra\u00ebl \u00e0 ManiFiesta)\" width=\"516\" height=\"320\"><p id=\"caption-attachment-26395\" class=\"wp-caption-text\">Photo : Plate-forme Charleroi-Palestine (devant le stand Boycott Isra\u00ebl, \u00e0 ManiFiesta)<\/p><\/div>\n<h3>Un stand d&rsquo;information et d&rsquo;action<\/h3>\n<p>Retrouvez-y des keffiehs palestiniens, des parapluies, des T-shirts et casquettes <strong>\u00ab\u00a0Free Palestine\u00a0\u00bb<\/strong>, et aussi :<\/p>\n<blockquote><p>-des listes de produits isra\u00e9liens en vente en Belgique<br \/>\n-des flyers de mobilisation : <em>\u00ab\u00a0Des pommes de terre d&rsquo;Isra\u00ebl dans mon assiette ? Non, merci, je boycotte\u00a0\u00bb<\/em><br \/>\n-un photomaton : <em>\u00ab\u00a0Je boycotte Isra\u00ebl\u00a0\u00bb<\/em><br \/>\n-des RV pour participer \u00e0 des actions boycott<br \/>\n-des invitations \u00e0 des ateliers, anim\u00e9s par des ami.e.s palestinien.ne.s : <em>\u00ab\u00a0Se former pour mieux agir\u00a0\u00bb<\/em><\/p><\/blockquote>\n<div id=\"attachment_26393\" style=\"width: 340px\" class=\"wp-caption aligncenter\"><img loading=\"lazy\" decoding=\"async\" aria-describedby=\"caption-attachment-26393\" class=\"wp-image-26393 size-full\" src=\"https:\/\/charleroi-pourlapalestine.be\/wp-content\/uploads\/2021\/05\/avec-jeune-fille-scaled-e1621759736460.jpg\" alt=\"Photo : Charleroi pour la Palestine\" width=\"330\" height=\"320\"><p id=\"caption-attachment-26393\" class=\"wp-caption-text\">Photo : Charleroi pour la Palestine<\/p><\/div>\n<p>La <a href=\"https:\/\/charleroi-pourlapalestine.be\/index.php\/2020\/11\/10\/la-plate-forme-charleroi-palestine\/\">Plate-forme Charleroi-Palestine<\/a>, active depuis 2008, a \u00e9t\u00e9 particuli\u00e8rement mobilis\u00e9e depuis le <a href=\"https:\/\/charleroi-pourlapalestine.be\/index.php\/2021\/05\/17\/reflexions-sur-la-troisieme-intifada-palestinienne\/\">soul\u00e8vement palestinien<\/a> contre les provocations isra\u00e9liennes \u00e0 <strong>Sheikh Jarrah, J\u00e9rusalem<\/strong>, et dans la mosqu\u00e9e <strong>al-Aqsa<\/strong>. Nous nous sommes rendu.e.s devant le minist\u00e8re des Affaires \u00e9trang\u00e8res \u00e0 Bruxelles le 12 mai et au grand rassemblement pour la Palestine \u00e0 <a href=\"https:\/\/charleroi-pourlapalestine.be\/index.php\/2021\/05\/16\/nous-etions-10-000-pour-la-palestine-a-bruxelles-charleroi-y-etait\/\">Bruxelles, le 15 mai, jour de la Nakba<\/a>, et avons organis\u00e9 un rassemblement \u00e0 <strong>Charleroi, <\/strong>le 19 mai, en soutien \u00e0 la <a href=\"https:\/\/charleroi-pourlapalestine.be\/index.php\/2021\/05\/19\/charleroi-soutien-a-la-greve-des-travailleurs-palestiniens\/\">gr\u00e8ve g\u00e9n\u00e9rale<\/a><a href=\"https:\/\/charleroi-pourlapalestine.be\/index.php\/2021\/05\/19\/charleroi-soutien-a-la-greve-des-travailleurs-palestiniens\/\">,<\/a> avec les organisations syndicales, membres de la Plate-forme.<\/p>\n<div id=\"attachment_26405\" style=\"width: 493px\" class=\"wp-caption aligncenter\"><img loading=\"lazy\" decoding=\"async\" aria-describedby=\"caption-attachment-26405\" class=\"wp-image-26405 size-full\" src=\"https:\/\/charleroi-pourlapalestine.be\/wp-content\/uploads\/2021\/05\/avec-Abdallah-scaled-e1621761647761.jpg\" alt=\"Photo Plate-forme Charleroi-Palestine, devant le stand \u00e0 ManiFiesta\" width=\"483\" height=\"320\"><p id=\"caption-attachment-26405\" class=\"wp-caption-text\">Photo : Plate-forme Charleroi-Palestine<\/p><\/div>\n<p>Nous continuons nos actions, nos mobilisations, tant que durera l&rsquo;apartheid, la colonisation et le nettoyage ethnique, tant que les prisonniers ne sont pas lib\u00e9r\u00e9s, tant que les r\u00e9fugi\u00e9s palestiniens ne peuvent pas rentrer chez eux.<\/p>\n<p>Venez-nous rejoindre au stand. <a href=\"https:\/\/charleroi-pourlapalestine.be\/index.php\/2020\/12\/31\/soutenez-la-plate-forme-charleroi-palestine-devenez-membre\/\">Devenez membre de la Plate-forme Charleroi-Palestine<\/a> pour agir ensemble.<\/p>\n<p>Pour recevoir une newsletter hebdomadaire, cliquez sur ce lien : <a href=\"https:\/\/charleroi-pourlapalestine.be\/index.php\/newsletter\/\"><strong>Newsletter<\/strong><\/a><\/p>\n","protected":false},"excerpt":{"rendered":"<p>Rejoignez-nous au stand d&rsquo;information et d&rsquo;action de la Plate-forme Charleroi-Palestine, samedi 29 mai, de 15 h \u00e0 17 h, sur la Place Verte, \u00e0 Charleroi.<\/p>\n","protected":false},"author":1,"featured_media":26459,"comment_status":"closed","ping_status":"closed","sticky":false,"template":"","format":"standard","meta":{"ngg_post_thumbnail":0,"footnotes":""},"categories":[175,190],"tags":[],"class_list":["post-26369","post","type-post","status-publish","format-standard","has-post-thumbnail","hentry","category-agir","category-plate-forme-charleroi-palestine"],"yoast_head":"<!-- This site is optimized with the Yoast SEO plugin v27.3 - https:\/\/yoast.com\/product\/yoast-seo-wordpress\/ -->\n<title>Stand BDS \u00e0 Charleroi, samedi 29 mai - Charleroi Pour la Palestine<\/title>\n<meta name=\"description\" content=\"Rejoignez-nous au stand de la Plate-forme Charleroi-Palestine, samedi 29 mai, de 15 h \u00e0 17 h, sur la Place Verte, \u00e0 Charleroi.\" \/>\n<meta name=\"robots\" content=\"index, follow, max-snippet:-1, max-image-preview:large, max-video-preview:-1\" \/>\n<link rel=\"canonical\" href=\"https:\/\/charleroi-pourlapalestine.be\/index.php\/2021\/05\/23\/stand-bds-a-charleroi-samedi-29-mai\/\" \/>\n<script type=\"application\/ld+json\" class=\"yoast-schema-graph\">{\"@context\":\"https:\\\/\\\/schema.org\",\"@graph\":[{\"@type\":\"Article\",\"@id\":\"https:\\\/\\\/charleroi-pourlapalestine.be\\\/index.php\\\/2021\\\/05\\\/23\\\/stand-bds-a-charleroi-samedi-29-mai\\\/#article\",\"isPartOf\":{\"@id\":\"https:\\\/\\\/charleroi-pourlapalestine.be\\\/index.php\\\/2021\\\/05\\\/23\\\/stand-bds-a-charleroi-samedi-29-mai\\\/\"},\"author\":{\"name\":\"admin1873\",\"@id\":\"https:\\\/\\\/charleroi-pourlapalestine.be\\\/#\\\/schema\\\/person\\\/c19ff515112f1299d8c12671d8fe3faa\"},\"headline\":\"Stand BDS \u00e0 Charleroi, samedi 29 mai\",\"datePublished\":\"2021-05-23T09:30:28+00:00\",\"dateModified\":\"2021-05-27T04:21:19+00:00\",\"mainEntityOfPage\":{\"@id\":\"https:\\\/\\\/charleroi-pourlapalestine.be\\\/index.php\\\/2021\\\/05\\\/23\\\/stand-bds-a-charleroi-samedi-29-mai\\\/\"},\"wordCount\":298,\"publisher\":{\"@id\":\"https:\\\/\\\/charleroi-pourlapalestine.be\\\/#organization\"},\"image\":{\"@id\":\"https:\\\/\\\/charleroi-pourlapalestine.be\\\/index.php\\\/2021\\\/05\\\/23\\\/stand-bds-a-charleroi-samedi-29-mai\\\/#primaryimage\"},\"thumbnailUrl\":\"https:\\\/\\\/charleroi-pourlapalestine.be\\\/wp-content\\\/uploads\\\/2021\\\/05\\\/Stand-boycott-Isra\u00ebl.jpg\",\"articleSection\":[\"Agir\",\"La Plate-forme\"],\"inLanguage\":\"fr-FR\"},{\"@type\":\"WebPage\",\"@id\":\"https:\\\/\\\/charleroi-pourlapalestine.be\\\/index.php\\\/2021\\\/05\\\/23\\\/stand-bds-a-charleroi-samedi-29-mai\\\/\",\"url\":\"https:\\\/\\\/charleroi-pourlapalestine.be\\\/index.php\\\/2021\\\/05\\\/23\\\/stand-bds-a-charleroi-samedi-29-mai\\\/\",\"name\":\"Stand BDS \u00e0 Charleroi, samedi 29 mai - Charleroi Pour la Palestine\",\"isPartOf\":{\"@id\":\"https:\\\/\\\/charleroi-pourlapalestine.be\\\/#website\"},\"primaryImageOfPage\":{\"@id\":\"https:\\\/\\\/charleroi-pourlapalestine.be\\\/index.php\\\/2021\\\/05\\\/23\\\/stand-bds-a-charleroi-samedi-29-mai\\\/#primaryimage\"},\"image\":{\"@id\":\"https:\\\/\\\/charleroi-pourlapalestine.be\\\/index.php\\\/2021\\\/05\\\/23\\\/stand-bds-a-charleroi-samedi-29-mai\\\/#primaryimage\"},\"thumbnailUrl\":\"https:\\\/\\\/charleroi-pourlapalestine.be\\\/wp-content\\\/uploads\\\/2021\\\/05\\\/Stand-boycott-Isra\u00ebl.jpg\",\"datePublished\":\"2021-05-23T09:30:28+00:00\",\"dateModified\":\"2021-05-27T04:21:19+00:00\",\"description\":\"Rejoignez-nous au stand de la Plate-forme Charleroi-Palestine, samedi 29 mai, de 15 h \u00e0 17 h, sur la Place Verte, \u00e0 Charleroi.\",\"breadcrumb\":{\"@id\":\"https:\\\/\\\/charleroi-pourlapalestine.be\\\/index.php\\\/2021\\\/05\\\/23\\\/stand-bds-a-charleroi-samedi-29-mai\\\/#breadcrumb\"},\"inLanguage\":\"fr-FR\",\"potentialAction\":[{\"@type\":\"ReadAction\",\"target\":[\"https:\\\/\\\/charleroi-pourlapalestine.be\\\/index.php\\\/2021\\\/05\\\/23\\\/stand-bds-a-charleroi-samedi-29-mai\\\/\"]}]},{\"@type\":\"ImageObject\",\"inLanguage\":\"fr-FR\",\"@id\":\"https:\\\/\\\/charleroi-pourlapalestine.be\\\/index.php\\\/2021\\\/05\\\/23\\\/stand-bds-a-charleroi-samedi-29-mai\\\/#primaryimage\",\"url\":\"https:\\\/\\\/charleroi-pourlapalestine.be\\\/wp-content\\\/uploads\\\/2021\\\/05\\\/Stand-boycott-Isra\u00ebl.jpg\",\"contentUrl\":\"https:\\\/\\\/charleroi-pourlapalestine.be\\\/wp-content\\\/uploads\\\/2021\\\/05\\\/Stand-boycott-Isra\u00ebl.jpg\",\"width\":500,\"height\":331},{\"@type\":\"BreadcrumbList\",\"@id\":\"https:\\\/\\\/charleroi-pourlapalestine.be\\\/index.php\\\/2021\\\/05\\\/23\\\/stand-bds-a-charleroi-samedi-29-mai\\\/#breadcrumb\",\"itemListElement\":[{\"@type\":\"ListItem\",\"position\":1,\"name\":\"Accueil\",\"item\":\"https:\\\/\\\/charleroi-pourlapalestine.be\\\/\"},{\"@type\":\"ListItem\",\"position\":2,\"name\":\"Stand BDS \u00e0 Charleroi, samedi 29 mai\"}]},{\"@type\":\"WebSite\",\"@id\":\"https:\\\/\\\/charleroi-pourlapalestine.be\\\/#website\",\"url\":\"https:\\\/\\\/charleroi-pourlapalestine.be\\\/\",\"name\":\"Charleroi Pour la Palestine\",\"description\":\"\",\"publisher\":{\"@id\":\"https:\\\/\\\/charleroi-pourlapalestine.be\\\/#organization\"},\"potentialAction\":[{\"@type\":\"SearchAction\",\"target\":{\"@type\":\"EntryPoint\",\"urlTemplate\":\"https:\\\/\\\/charleroi-pourlapalestine.be\\\/?s={search_term_string}\"},\"query-input\":{\"@type\":\"PropertyValueSpecification\",\"valueRequired\":true,\"valueName\":\"search_term_string\"}}],\"inLanguage\":\"fr-FR\"},{\"@type\":\"Organization\",\"@id\":\"https:\\\/\\\/charleroi-pourlapalestine.be\\\/#organization\",\"name\":\"Plate-forme Charleroi-Palestine\",\"url\":\"https:\\\/\\\/charleroi-pourlapalestine.be\\\/\",\"logo\":{\"@type\":\"ImageObject\",\"inLanguage\":\"fr-FR\",\"@id\":\"https:\\\/\\\/charleroi-pourlapalestine.be\\\/#\\\/schema\\\/logo\\\/image\\\/\",\"url\":\"https:\\\/\\\/charleroi-pourlapalestine.be\\\/wp-content\\\/uploads\\\/2020\\\/01\\\/logo-Copy.jpg\",\"contentUrl\":\"https:\\\/\\\/charleroi-pourlapalestine.be\\\/wp-content\\\/uploads\\\/2020\\\/01\\\/logo-Copy.jpg\",\"width\":180,\"height\":180,\"caption\":\"Plate-forme Charleroi-Palestine\"},\"image\":{\"@id\":\"https:\\\/\\\/charleroi-pourlapalestine.be\\\/#\\\/schema\\\/logo\\\/image\\\/\"},\"sameAs\":[\"https:\\\/\\\/www.facebook.com\\\/PlateformeCharleroiPalestine\\\/\",\"https:\\\/\\\/x.com\\\/LaCharleroi\"]},{\"@type\":\"Person\",\"@id\":\"https:\\\/\\\/charleroi-pourlapalestine.be\\\/#\\\/schema\\\/person\\\/c19ff515112f1299d8c12671d8fe3faa\",\"name\":\"admin1873\",\"url\":\"https:\\\/\\\/charleroi-pourlapalestine.be\\\/index.php\\\/author\\\/admin1873\\\/\"}]}<\/script>\n<!-- \/ Yoast SEO plugin. -->","yoast_head_json":{"title":"Stand BDS \u00e0 Charleroi, samedi 29 mai - Charleroi Pour la Palestine","description":"Rejoignez-nous au stand de la Plate-forme Charleroi-Palestine, samedi 29 mai, de 15 h \u00e0 17 h, sur la Place Verte, \u00e0 Charleroi.","robots":{"index":"index","follow":"follow","max-snippet":"max-snippet:-1","max-image-preview":"max-image-preview:large","max-video-preview":"max-video-preview:-1"},"canonical":"https:\/\/charleroi-pourlapalestine.be\/index.php\/2021\/05\/23\/stand-bds-a-charleroi-samedi-29-mai\/","schema":{"@context":"https:\/\/schema.org","@graph":[{"@type":"Article","@id":"https:\/\/charleroi-pourlapalestine.be\/index.php\/2021\/05\/23\/stand-bds-a-charleroi-samedi-29-mai\/#article","isPartOf":{"@id":"https:\/\/charleroi-pourlapalestine.be\/index.php\/2021\/05\/23\/stand-bds-a-charleroi-samedi-29-mai\/"},"author":{"name":"admin1873","@id":"https:\/\/charleroi-pourlapalestine.be\/#\/schema\/person\/c19ff515112f1299d8c12671d8fe3faa"},"headline":"Stand BDS \u00e0 Charleroi, samedi 29 mai","datePublished":"2021-05-23T09:30:28+00:00","dateModified":"2021-05-27T04:21:19+00:00","mainEntityOfPage":{"@id":"https:\/\/charleroi-pourlapalestine.be\/index.php\/2021\/05\/23\/stand-bds-a-charleroi-samedi-29-mai\/"},"wordCount":298,"publisher":{"@id":"https:\/\/charleroi-pourlapalestine.be\/#organization"},"image":{"@id":"https:\/\/charleroi-pourlapalestine.be\/index.php\/2021\/05\/23\/stand-bds-a-charleroi-samedi-29-mai\/#primaryimage"},"thumbnailUrl":"https:\/\/charleroi-pourlapalestine.be\/wp-content\/uploads\/2021\/05\/Stand-boycott-Isra\u00ebl.jpg","articleSection":["Agir","La Plate-forme"],"inLanguage":"fr-FR"},{"@type":"WebPage","@id":"https:\/\/charleroi-pourlapalestine.be\/index.php\/2021\/05\/23\/stand-bds-a-charleroi-samedi-29-mai\/","url":"https:\/\/charleroi-pourlapalestine.be\/index.php\/2021\/05\/23\/stand-bds-a-charleroi-samedi-29-mai\/","name":"Stand BDS \u00e0 Charleroi, samedi 29 mai - Charleroi Pour la Palestine","isPartOf":{"@id":"https:\/\/charleroi-pourlapalestine.be\/#website"},"primaryImageOfPage":{"@id":"https:\/\/charleroi-pourlapalestine.be\/index.php\/2021\/05\/23\/stand-bds-a-charleroi-samedi-29-mai\/#primaryimage"},"image":{"@id":"https:\/\/charleroi-pourlapalestine.be\/index.php\/2021\/05\/23\/stand-bds-a-charleroi-samedi-29-mai\/#primaryimage"},"thumbnailUrl":"https:\/\/charleroi-pourlapalestine.be\/wp-content\/uploads\/2021\/05\/Stand-boycott-Isra\u00ebl.jpg","datePublished":"2021-05-23T09:30:28+00:00","dateModified":"2021-05-27T04:21:19+00:00","description":"Rejoignez-nous au stand de la Plate-forme Charleroi-Palestine, samedi 29 mai, de 15 h \u00e0 17 h, sur la Place Verte, \u00e0 Charleroi.","breadcrumb":{"@id":"https:\/\/charleroi-pourlapalestine.be\/index.php\/2021\/05\/23\/stand-bds-a-charleroi-samedi-29-mai\/#breadcrumb"},"inLanguage":"fr-FR","potentialAction":[{"@type":"ReadAction","target":["https:\/\/charleroi-pourlapalestine.be\/index.php\/2021\/05\/23\/stand-bds-a-charleroi-samedi-29-mai\/"]}]},{"@type":"ImageObject","inLanguage":"fr-FR","@id":"https:\/\/charleroi-pourlapalestine.be\/index.php\/2021\/05\/23\/stand-bds-a-charleroi-samedi-29-mai\/#primaryimage","url":"https:\/\/charleroi-pourlapalestine.be\/wp-content\/uploads\/2021\/05\/Stand-boycott-Isra\u00ebl.jpg","contentUrl":"https:\/\/charleroi-pourlapalestine.be\/wp-content\/uploads\/2021\/05\/Stand-boycott-Isra\u00ebl.jpg","width":500,"height":331},{"@type":"BreadcrumbList","@id":"https:\/\/charleroi-pourlapalestine.be\/index.php\/2021\/05\/23\/stand-bds-a-charleroi-samedi-29-mai\/#breadcrumb","itemListElement":[{"@type":"ListItem","position":1,"name":"Accueil","item":"https:\/\/charleroi-pourlapalestine.be\/"},{"@type":"ListItem","position":2,"name":"Stand BDS \u00e0 Charleroi, samedi 29 mai"}]},{"@type":"WebSite","@id":"https:\/\/charleroi-pourlapalestine.be\/#website","url":"https:\/\/charleroi-pourlapalestine.be\/","name":"Charleroi Pour la Palestine","description":"","publisher":{"@id":"https:\/\/charleroi-pourlapalestine.be\/#organization"},"potentialAction":[{"@type":"SearchAction","target":{"@type":"EntryPoint","urlTemplate":"https:\/\/charleroi-pourlapalestine.be\/?s={search_term_string}"},"query-input":{"@type":"PropertyValueSpecification","valueRequired":true,"valueName":"search_term_string"}}],"inLanguage":"fr-FR"},{"@type":"Organization","@id":"https:\/\/charleroi-pourlapalestine.be\/#organization","name":"Plate-forme Charleroi-Palestine","url":"https:\/\/charleroi-pourlapalestine.be\/","logo":{"@type":"ImageObject","inLanguage":"fr-FR","@id":"https:\/\/charleroi-pourlapalestine.be\/#\/schema\/logo\/image\/","url":"https:\/\/charleroi-pourlapalestine.be\/wp-content\/uploads\/2020\/01\/logo-Copy.jpg","contentUrl":"https:\/\/charleroi-pourlapalestine.be\/wp-content\/uploads\/2020\/01\/logo-Copy.jpg","width":180,"height":180,"caption":"Plate-forme Charleroi-Palestine"},"image":{"@id":"https:\/\/charleroi-pourlapalestine.be\/#\/schema\/logo\/image\/"},"sameAs":["https:\/\/www.facebook.com\/PlateformeCharleroiPalestine\/","https:\/\/x.com\/LaCharleroi"]},{"@type":"Person","@id":"https:\/\/charleroi-pourlapalestine.be\/#\/schema\/person\/c19ff515112f1299d8c12671d8fe3faa","name":"admin1873","url":"https:\/\/charleroi-pourlapalestine.be\/index.php\/author\/admin1873\/"}]}},"_links":{"self":[{"href":"https:\/\/charleroi-pourlapalestine.be\/index.php\/wp-json\/wp\/v2\/posts\/26369","targetHints":{"allow":["GET"]}}],"collection":[{"href":"https:\/\/charleroi-pourlapalestine.be\/index.php\/wp-json\/wp\/v2\/posts"}],"about":[{"href":"https:\/\/charleroi-pourlapalestine.be\/index.php\/wp-json\/wp\/v2\/types\/post"}],"author":[{"embeddable":true,"href":"https:\/\/charleroi-pourlapalestine.be\/index.php\/wp-json\/wp\/v2\/users\/1"}],"replies":[{"embeddable":true,"href":"https:\/\/charleroi-pourlapalestine.be\/index.php\/wp-json\/wp\/v2\/comments?post=26369"}],"version-history":[{"count":0,"href":"https:\/\/charleroi-pourlapalestine.be\/index.php\/wp-json\/wp\/v2\/posts\/26369\/revisions"}],"wp:featuredmedia":[{"embeddable":true,"href":"https:\/\/charleroi-pourlapalestine.be\/index.php\/wp-json\/wp\/v2\/media\/26459"}],"wp:attachment":[{"href":"https:\/\/charleroi-pourlapalestine.be\/index.php\/wp-json\/wp\/v2\/media?parent=26369"}],"wp:term":[{"taxonomy":"category","embeddable":true,"href":"https:\/\/charleroi-pourlapalestine.be\/index.php\/wp-json\/wp\/v2\/categories?post=26369"},{"taxonomy":"post_tag","embeddable":true,"href":"https:\/\/charleroi-pourlapalestine.be\/index.php\/wp-json\/wp\/v2\/tags?post=26369"}],"curies":[{"name":"wp","href":"https:\/\/api.w.org\/{rel}","templated":true}]}}