{"id":26901,"date":"2021-06-12T10:14:31","date_gmt":"2021-06-12T08:14:31","guid":{"rendered":"https:\/\/charleroi-pourlapalestine.be\/?p=26901"},"modified":"2021-06-13T09:48:17","modified_gmt":"2021-06-13T07:48:17","slug":"images-de-lagression-de-55-detenus-palestiniens-dans-la-prison-du-neguev","status":"publish","type":"post","link":"https:\/\/charleroi-pourlapalestine.be\/index.php\/2021\/06\/12\/images-de-lagression-de-55-detenus-palestiniens-dans-la-prison-du-neguev\/","title":{"rendered":"Images de l&rsquo;agression de 55\u00a0d\u00e9tenus palestiniens dans la prison du N\u00e9guev"},"content":{"rendered":"<p>Des gardiens de prison isra\u00e9liens ont brutalement agress\u00e9 des d\u00e9tenus palestiniens dans un tristement c\u00e9l\u00e8bre centre p\u00e9nitentiaire du d\u00e9sert du N\u00e9guev en Isra\u00ebl, r\u00e9v\u00e8lent des images publi\u00e9es jeudi par <a href=\"https:\/\/www.haaretz.co.il\/news\/politics\/.premium-MAGAZINE-1.9890422\" target=\"_blank\" rel=\"noopener noreferrer\"><em>Haaretz<\/em><\/a>.&nbsp;Des cam\u00e9ras de s\u00e9curit\u00e9 \u00e9tayent l\u2019agression de 55&nbsp;prisonniers palestiniens encha\u00een\u00e9s, qui se serait produite le 24&nbsp;mars&nbsp;2019.&nbsp;<\/p>\n<div id=\"attachment_26903\" style=\"width: 542px\" class=\"wp-caption aligncenter\"><img loading=\"lazy\" decoding=\"async\" aria-describedby=\"caption-attachment-26903\" class=\"wp-image-26903 size-full\" src=\"https:\/\/charleroi-pourlapalestine.be\/wp-content\/uploads\/2021\/06\/Prisonniers-Neguev-e1623482186220.png\" alt=\"\" width=\"532\" height=\"320\"><p id=\"caption-attachment-26903\" class=\"wp-caption-text\">Ces images r\u00e9v\u00e9l\u00e9es par Haaretz montrent plusieurs gardiens isra\u00e9liens attaquer des prisonniers palestiniens dans une prison du N\u00e9guev (capture d\u2019\u00e9cran)<\/p><\/div>\n<p>Sur les images, on voit plusieurs gardes isra\u00e9liens jeter des prisonniers, un par un, au sol, puis se regrouper autour d\u2019eux et leur donner des coups de pied, de poing et de matraque.<\/p>\n<div class=\"video-container\"><iframe loading=\"lazy\" title=\"From inside of Israel Al Naqab Prison (AKA &quot;Israeli Abu Ghraib&quot;)\" width=\"500\" height=\"375\" src=\"https:\/\/www.youtube.com\/embed\/2Cq5UjR_NB0?start=29&#038;feature=oembed&#038;wmode=opaque\" frameborder=\"0\" allow=\"accelerometer; autoplay; clipboard-write; encrypted-media; gyroscope; picture-in-picture; web-share\" referrerpolicy=\"strict-origin-when-cross-origin\" allowfullscreen><\/iframe><\/div>\n<p><em>Haaretz<\/em> indique que les prisonniers avaient les mains li\u00e9es dans le dos, qu\u2019on leur a ordonn\u00e9 de ne pas bouger ni de ne pas parler, et qu\u2019ils ont \u00e9t\u00e9 laiss\u00e9s attach\u00e9s par terre pendant des heures dans une cour en face d\u2019une rang\u00e9e de tentes de prisonniers.<\/p>\n<p>Un responsable de l\u2019administration p\u00e9nitentiaire isra\u00e9lienne, s\u2019exprimant sous couvert d\u2019anonymat, a d\u00e9clar\u00e9 \u00e0 Haaretz qu\u2019il s\u2019agissait de <em>\u00ab&nbsp;l\u2019un des incidents les plus violents dans les prisons isra\u00e9liennes&nbsp;\u00bb.&nbsp;<\/em><\/p>\n<p>On voit au moins une dizaine de gardiens de prison isra\u00e9liens s\u2019en prendre aux prisonniers palestiniens, li\u00e9s au <strong>Hamas<\/strong>, mais seulement quatre ont fait l\u2019objet d\u2019une enqu\u00eate de la part de<strong> Lahav&nbsp;433<\/strong>, une agence de s\u00e9curit\u00e9 qui s\u2019attaque \u00e0 la criminalit\u00e9 grave et \u00e0 la corruption.<\/p>\n<p><strong>Lahav&nbsp;433<\/strong> a maintenant clos son enqu\u00eate sous pr\u00e9texte de <em>\u00ab&nbsp;criminel non identifi\u00e9&nbsp;\u00bb<\/em> et n\u2019a pr\u00e9sent\u00e9 aucune poursuite pour cet incident.<\/p>\n<p>En mars&nbsp;2019, des d\u00e9tenus palestiniens avaient protest\u00e9 contre l\u2019installation par Isra\u00ebl de dispositifs de brouillage pour les emp\u00eacher d\u2019utiliser des t\u00e9l\u00e9phones de contrebande \u2013 parfois le seul moyen de contacter leurs proches.<\/p>\n<p>Une unit\u00e9 sp\u00e9ciale isra\u00e9lienne, appel\u00e9e <strong>Metzada<\/strong>, avait fait une descente dans la prison du <strong>N\u00e9guev<\/strong> en <a href=\"https:\/\/www.arab48.com\/%D9%81%D9%84%D8%B3%D8%B7%D9%8A%D9%86%D9%8A%D8%A7%D8%AA\/%D8%A7%D9%84%D8%AD%D8%B1%D9%83%D8%A9-%D8%A7%D9%84%D8%A3%D8%B3%D9%8A%D8%B1%D8%A9\/2019\/03\/03\/%D8%A7%D9%82%D8%AA%D8%AD%D8%A7%D9%85-%D8%B3%D8%AC%D9%86-%D8%A7%D9%84%D9%86%D9%82%D8%A8-%D9%88%D8%A7%D9%84%D8%A7%D8%AD%D8%AA%D9%84%D8%A7%D9%84-%D9%8A%D8%B5%D8%AF%D8%B1-87-%D8%A3%D9%85%D8%B1-%D8%A7%D8%B9%D8%AA%D9%82%D8%A7%D9%84-%D8%A5%D8%AF%D8%A7%D8%B1%D9%8A-%D9%84%D8%A3%D8%B3%D8%B1%D9%89\" target=\"_blank\" rel=\"noopener noreferrer\">mars<\/a> et plac\u00e9 certains prisonniers dans des cellules individuelles.&nbsp;Certains avaient \u00e9t\u00e9 hospitalis\u00e9s. Les prisonniers palestiniens avaient alors entam\u00e9 une<a href=\"https:\/\/www.middleeasteye.net\/fr\/reportages\/les-palestiniens-se-mobilisent-en-soutien-aux-prisonniers-en-greve-de-la-faim\" target=\"_blank\" rel=\"noopener noreferrer\"> gr\u00e8ve de la faim<\/a> et \u00e9taient parvenus \u00e0 un accord avec l\u2019administration p\u00e9nitentiaire isra\u00e9lienne en <a href=\"https:\/\/www.middleeasteye.net\/news\/palestinian-prisoners-end-hunger-strike-after-israel-agrees-demands\" target=\"_blank\" rel=\"noopener noreferrer\">avril<\/a> de cette ann\u00e9e concernant l\u2019installation de t\u00e9l\u00e9phones fixes \u00e0 l\u2019int\u00e9rieur des prisons et la lib\u00e9ration des d\u00e9tenus maintenus \u00e0 l\u2019isolement.<\/p>\n<p><a href=\"https:\/\/www.middleeasteye.net\/news\/jamming-devices-and-violent-raids-palestinians-face-new-battle-israeli-prisons\" target=\"_blank\" rel=\"noopener noreferrer\"><em>Middle East Eye<\/em><\/a> avait rapport\u00e9 \u00e0 l\u2019\u00e9poque que les autorit\u00e9s p\u00e9nitentiaires isra\u00e9liennes refusaient toute communication t\u00e9l\u00e9phonique aux quelque<a href=\"http:\/\/www.addameer.org\/index.php\/statistics\/2021\/06\" target=\"_blank\" rel=\"noopener noreferrer\"> 5&nbsp;300&nbsp;prisonniers palestiniens<\/a> incarc\u00e9r\u00e9s. Bien que les lettres soient autoris\u00e9es, la censure appliqu\u00e9e par les prisons isra\u00e9liennes implique de longs retards et, parfois, les familles des prisonniers ne re\u00e7oivent pas les lettres.<\/p>\n<p>En vertu du droit international, les d\u00e9tenus ont pourtant droit \u00e0 la visite de leur famille et de communiquer.<\/p>\n<p><em>Haaretz<\/em> rapporte que, selon les responsables de la prison isra\u00e9lienne, l\u2019incident d\u00e9coule du fait que deux gardiens avaient \u00e9t\u00e9 poignard\u00e9s.<\/p>\n<p>Cependant, on ne constate aucune confrontation entre prisonniers et ge\u00f4liers sur les images, et <em>Haaretz<\/em> note qu\u2019une quinzaine de prisonniers palestiniens ont \u00e9t\u00e9 transf\u00e9r\u00e9s \u00e0 l\u2019h\u00f4pital de<strong> Soroka<\/strong> pour y recevoir des soins apr\u00e8s l\u2019incident, dont deux \u00e9taient dans un \u00e9tat grave.<\/p>\n<p><strong>Amir Salloum<\/strong>, un <strong>Palestinien<\/strong> de 26&nbsp;ans du quartier de<strong> Shufaat<\/strong> \u00e0 <strong>J\u00e9rusalem-Est occup\u00e9e<\/strong>, a pass\u00e9 quatre ans dans cette prison du <strong>N\u00e9guev.<\/strong><\/p>\n<p>Il a confi\u00e9 \u00e0 <em>Haaretz<\/em> qu\u2019alors qu\u2019il attendait son transfert de la section&nbsp;4 \u00e0 la section&nbsp;3, il a entendu quelqu\u2019un crier <em>\u00ab&nbsp;coup de couteau, coup de couteau&nbsp;\u00bb.<\/em><\/p>\n<blockquote><p>\u00ab&nbsp;Quelques minutes plus tard, des gardiens de prison de l\u2019unit\u00e9 de Metzada sont arriv\u00e9s et ont commenc\u00e9 \u00e0 tirer des balles en m\u00e9tal sur nous. Nous nous sommes enfuis \u00e0 la p\u00e9riph\u00e9rie de la section.&nbsp;\u00bb<\/p><\/blockquote>\n<p><strong>Salloum<\/strong> a ajout\u00e9 qu\u2019une autre unit\u00e9 sp\u00e9ciale s\u2019\u00e9tait associ\u00e9e \u00e0 <strong>Metzada.<\/strong><\/p>\n<blockquote><p>\u00ab&nbsp;Ils nous ont ligot\u00e9s et personne n\u2019a r\u00e9sist\u00e9. Puis ils ont commenc\u00e9 \u00e0 nous frapper avec des matraques. Ils nous ont jet\u00e9s au milieu de la section comme si nous n\u2019\u00e9tions rien, et ils nous ont battus alors m\u00eame que nous \u00e9tions incapables de nous d\u00e9fendre. Ils m\u2019ont cass\u00e9 la m\u00e2choire, les dents et le nez&nbsp;\u00bb,<\/p><\/blockquote>\n<p>raconte <strong>Salloum.<\/strong><\/p>\n<p>Treize prisonniers palestiniens se sont plaints aux autorit\u00e9s isra\u00e9liennes, mais les r\u00e9sultats des deux ans d\u2019enqu\u00eate de <strong>Lahav&nbsp;433<\/strong> pourraient rendre toute justice impossible.<\/p>\n<p>Les prisonniers assurent qu\u2019ils connaissent les visages des gardiens impliqu\u00e9s dans l\u2019agression, lesquels auraient \u00e9galement cri\u00e9 des insultes racistes et ignor\u00e9 leurs appels \u00e0 cesser.<\/p>\n<p><strong>Salloum<\/strong> pr\u00e9cise qu\u2019il a \u00e9t\u00e9 envoy\u00e9 \u00e0 l\u2019h\u00f4pital apr\u00e8s avoir commenc\u00e9 \u00e0 saigner, mais avoir \u00e9galement \u00e9t\u00e9 battu durant son transfert.&nbsp;<\/p>\n<p><em>\u00ab&nbsp;Nous \u00e9tions persuad\u00e9s qu\u2019ils nous tueraient l\u00e0-bas. Tout le monde priait&nbsp;\u00bb<\/em>, se rappelle-t-il.<\/p>\n<hr>\n<p>Publi\u00e9 le 11 juin 2021 sur <a href=\"https:\/\/www.middleeasteye.net\/fr\/actu-et-enquetes\/israel-video-gardiens-prison-agressent-detenus-palestiniens-neguev\" target=\"_blank\" rel=\"noopener noreferrer\">Middle East Eye<\/a>, \u00e9dition en fran\u00e7ais<br \/>\nTraduit de l\u2019anglais (<a href=\"https:\/\/www.middleeasteye.net\/news\/israel-palestine-jailers-assault-palestinians-negev-prison\" target=\"_blank\" rel=\"noopener noreferrer\">original<\/a>) par <a href=\"https:\/\/www.vectranslation.com\/\" target=\"_blank\" rel=\"noopener noreferrer\"><em>VECTranslation<\/em><\/a>.<\/p>\n<p>Lisez \u00e9galement : <a href=\"https:\/\/charleroi-pourlapalestine.be\/index.php\/2021\/04\/19\/la-liberation-des-prisonniers-palestiniens-necessite-une-nouvelle-voie-revolutionnaire\/\">La lib\u00e9ration des prisonniers palestiniens n\u00e9cessit\u00e9 une nouvelle voie r\u00e9volutionnaire<\/a><\/p>\n","protected":false},"excerpt":{"rendered":"<p>Sur les images, on voit plusieurs gardiens jeter des prisonniers au sol, puis se regrouper autour d\u2019eux et leur donner des coups de pied, de poing et de matraque.<\/p>\n","protected":false},"author":1,"featured_media":26903,"comment_status":"closed","ping_status":"closed","sticky":false,"template":"","format":"standard","meta":{"ngg_post_thumbnail":0,"footnotes":""},"categories":[40,140,13,494],"tags":[],"class_list":["post-26901","post","type-post","status-publish","format-standard","has-post-thumbnail","hentry","category-les-crimes-de-guerre","category-letat-colonial","category-les-prisionners-palestiniens","category-torture"],"yoast_head":"<!-- This site is optimized with the Yoast SEO plugin v27.3 - https:\/\/yoast.com\/product\/yoast-seo-wordpress\/ -->\n<title>L&#039;agression de 55 d\u00e9tenus palestiniens dans la prison du N\u00e9guev<\/title>\n<meta name=\"description\" content=\"Des cam\u00e9ras de s\u00e9curit\u00e9 \u00e9tayent l\u2019agression de 55\u00a0prisonniers palestiniens encha\u00een\u00e9s, qui se serait produite le 24\u00a0mars\u00a02019.\u00a0\" \/>\n<meta name=\"robots\" content=\"index, follow, max-snippet:-1, max-image-preview:large, max-video-preview:-1\" \/>\n<link rel=\"canonical\" href=\"https:\/\/charleroi-pourlapalestine.be\/index.php\/2021\/06\/12\/images-de-lagression-de-55-detenus-palestiniens-dans-la-prison-du-neguev\/\" \/>\n<script type=\"application\/ld+json\" class=\"yoast-schema-graph\">{\"@context\":\"https:\\\/\\\/schema.org\",\"@graph\":[{\"@type\":\"Article\",\"@id\":\"https:\\\/\\\/charleroi-pourlapalestine.be\\\/index.php\\\/2021\\\/06\\\/12\\\/images-de-lagression-de-55-detenus-palestiniens-dans-la-prison-du-neguev\\\/#article\",\"isPartOf\":{\"@id\":\"https:\\\/\\\/charleroi-pourlapalestine.be\\\/index.php\\\/2021\\\/06\\\/12\\\/images-de-lagression-de-55-detenus-palestiniens-dans-la-prison-du-neguev\\\/\"},\"author\":{\"name\":\"admin1873\",\"@id\":\"https:\\\/\\\/charleroi-pourlapalestine.be\\\/#\\\/schema\\\/person\\\/c19ff515112f1299d8c12671d8fe3faa\"},\"headline\":\"Images de l&rsquo;agression de 55\u00a0d\u00e9tenus palestiniens dans la prison du N\u00e9guev\",\"datePublished\":\"2021-06-12T08:14:31+00:00\",\"dateModified\":\"2021-06-13T07:48:17+00:00\",\"mainEntityOfPage\":{\"@id\":\"https:\\\/\\\/charleroi-pourlapalestine.be\\\/index.php\\\/2021\\\/06\\\/12\\\/images-de-lagression-de-55-detenus-palestiniens-dans-la-prison-du-neguev\\\/\"},\"wordCount\":921,\"publisher\":{\"@id\":\"https:\\\/\\\/charleroi-pourlapalestine.be\\\/#organization\"},\"image\":{\"@id\":\"https:\\\/\\\/charleroi-pourlapalestine.be\\\/index.php\\\/2021\\\/06\\\/12\\\/images-de-lagression-de-55-detenus-palestiniens-dans-la-prison-du-neguev\\\/#primaryimage\"},\"thumbnailUrl\":\"https:\\\/\\\/charleroi-pourlapalestine.be\\\/wp-content\\\/uploads\\\/2021\\\/06\\\/Prisonniers-Neguev-e1623482186220.png\",\"articleSection\":[\"Crimes de guerre\",\"L'Etat colonial\",\"Prisonniers\",\"Torture\"],\"inLanguage\":\"fr-FR\"},{\"@type\":\"WebPage\",\"@id\":\"https:\\\/\\\/charleroi-pourlapalestine.be\\\/index.php\\\/2021\\\/06\\\/12\\\/images-de-lagression-de-55-detenus-palestiniens-dans-la-prison-du-neguev\\\/\",\"url\":\"https:\\\/\\\/charleroi-pourlapalestine.be\\\/index.php\\\/2021\\\/06\\\/12\\\/images-de-lagression-de-55-detenus-palestiniens-dans-la-prison-du-neguev\\\/\",\"name\":\"L'agression de 55 d\u00e9tenus palestiniens dans la prison du N\u00e9guev\",\"isPartOf\":{\"@id\":\"https:\\\/\\\/charleroi-pourlapalestine.be\\\/#website\"},\"primaryImageOfPage\":{\"@id\":\"https:\\\/\\\/charleroi-pourlapalestine.be\\\/index.php\\\/2021\\\/06\\\/12\\\/images-de-lagression-de-55-detenus-palestiniens-dans-la-prison-du-neguev\\\/#primaryimage\"},\"image\":{\"@id\":\"https:\\\/\\\/charleroi-pourlapalestine.be\\\/index.php\\\/2021\\\/06\\\/12\\\/images-de-lagression-de-55-detenus-palestiniens-dans-la-prison-du-neguev\\\/#primaryimage\"},\"thumbnailUrl\":\"https:\\\/\\\/charleroi-pourlapalestine.be\\\/wp-content\\\/uploads\\\/2021\\\/06\\\/Prisonniers-Neguev-e1623482186220.png\",\"datePublished\":\"2021-06-12T08:14:31+00:00\",\"dateModified\":\"2021-06-13T07:48:17+00:00\",\"description\":\"Des cam\u00e9ras de s\u00e9curit\u00e9 \u00e9tayent l\u2019agression de 55\u00a0prisonniers palestiniens encha\u00een\u00e9s, qui se serait produite le 24\u00a0mars\u00a02019.\u00a0\",\"breadcrumb\":{\"@id\":\"https:\\\/\\\/charleroi-pourlapalestine.be\\\/index.php\\\/2021\\\/06\\\/12\\\/images-de-lagression-de-55-detenus-palestiniens-dans-la-prison-du-neguev\\\/#breadcrumb\"},\"inLanguage\":\"fr-FR\",\"potentialAction\":[{\"@type\":\"ReadAction\",\"target\":[\"https:\\\/\\\/charleroi-pourlapalestine.be\\\/index.php\\\/2021\\\/06\\\/12\\\/images-de-lagression-de-55-detenus-palestiniens-dans-la-prison-du-neguev\\\/\"]}]},{\"@type\":\"ImageObject\",\"inLanguage\":\"fr-FR\",\"@id\":\"https:\\\/\\\/charleroi-pourlapalestine.be\\\/index.php\\\/2021\\\/06\\\/12\\\/images-de-lagression-de-55-detenus-palestiniens-dans-la-prison-du-neguev\\\/#primaryimage\",\"url\":\"https:\\\/\\\/charleroi-pourlapalestine.be\\\/wp-content\\\/uploads\\\/2021\\\/06\\\/Prisonniers-Neguev-e1623482186220.png\",\"contentUrl\":\"https:\\\/\\\/charleroi-pourlapalestine.be\\\/wp-content\\\/uploads\\\/2021\\\/06\\\/Prisonniers-Neguev-e1623482186220.png\",\"width\":532,\"height\":320},{\"@type\":\"BreadcrumbList\",\"@id\":\"https:\\\/\\\/charleroi-pourlapalestine.be\\\/index.php\\\/2021\\\/06\\\/12\\\/images-de-lagression-de-55-detenus-palestiniens-dans-la-prison-du-neguev\\\/#breadcrumb\",\"itemListElement\":[{\"@type\":\"ListItem\",\"position\":1,\"name\":\"Accueil\",\"item\":\"https:\\\/\\\/charleroi-pourlapalestine.be\\\/\"},{\"@type\":\"ListItem\",\"position\":2,\"name\":\"Images de l&#8217;agression de 55\u00a0d\u00e9tenus palestiniens dans la prison du N\u00e9guev\"}]},{\"@type\":\"WebSite\",\"@id\":\"https:\\\/\\\/charleroi-pourlapalestine.be\\\/#website\",\"url\":\"https:\\\/\\\/charleroi-pourlapalestine.be\\\/\",\"name\":\"Charleroi Pour la Palestine\",\"description\":\"\",\"publisher\":{\"@id\":\"https:\\\/\\\/charleroi-pourlapalestine.be\\\/#organization\"},\"potentialAction\":[{\"@type\":\"SearchAction\",\"target\":{\"@type\":\"EntryPoint\",\"urlTemplate\":\"https:\\\/\\\/charleroi-pourlapalestine.be\\\/?s={search_term_string}\"},\"query-input\":{\"@type\":\"PropertyValueSpecification\",\"valueRequired\":true,\"valueName\":\"search_term_string\"}}],\"inLanguage\":\"fr-FR\"},{\"@type\":\"Organization\",\"@id\":\"https:\\\/\\\/charleroi-pourlapalestine.be\\\/#organization\",\"name\":\"Plate-forme Charleroi-Palestine\",\"url\":\"https:\\\/\\\/charleroi-pourlapalestine.be\\\/\",\"logo\":{\"@type\":\"ImageObject\",\"inLanguage\":\"fr-FR\",\"@id\":\"https:\\\/\\\/charleroi-pourlapalestine.be\\\/#\\\/schema\\\/logo\\\/image\\\/\",\"url\":\"https:\\\/\\\/charleroi-pourlapalestine.be\\\/wp-content\\\/uploads\\\/2020\\\/01\\\/logo-Copy.jpg\",\"contentUrl\":\"https:\\\/\\\/charleroi-pourlapalestine.be\\\/wp-content\\\/uploads\\\/2020\\\/01\\\/logo-Copy.jpg\",\"width\":180,\"height\":180,\"caption\":\"Plate-forme Charleroi-Palestine\"},\"image\":{\"@id\":\"https:\\\/\\\/charleroi-pourlapalestine.be\\\/#\\\/schema\\\/logo\\\/image\\\/\"},\"sameAs\":[\"https:\\\/\\\/www.facebook.com\\\/PlateformeCharleroiPalestine\\\/\",\"https:\\\/\\\/x.com\\\/LaCharleroi\"]},{\"@type\":\"Person\",\"@id\":\"https:\\\/\\\/charleroi-pourlapalestine.be\\\/#\\\/schema\\\/person\\\/c19ff515112f1299d8c12671d8fe3faa\",\"name\":\"admin1873\",\"url\":\"https:\\\/\\\/charleroi-pourlapalestine.be\\\/index.php\\\/author\\\/admin1873\\\/\"}]}<\/script>\n<!-- \/ Yoast SEO plugin. -->","yoast_head_json":{"title":"L'agression de 55 d\u00e9tenus palestiniens dans la prison du N\u00e9guev","description":"Des cam\u00e9ras de s\u00e9curit\u00e9 \u00e9tayent l\u2019agression de 55\u00a0prisonniers palestiniens encha\u00een\u00e9s, qui se serait produite le 24\u00a0mars\u00a02019.\u00a0","robots":{"index":"index","follow":"follow","max-snippet":"max-snippet:-1","max-image-preview":"max-image-preview:large","max-video-preview":"max-video-preview:-1"},"canonical":"https:\/\/charleroi-pourlapalestine.be\/index.php\/2021\/06\/12\/images-de-lagression-de-55-detenus-palestiniens-dans-la-prison-du-neguev\/","schema":{"@context":"https:\/\/schema.org","@graph":[{"@type":"Article","@id":"https:\/\/charleroi-pourlapalestine.be\/index.php\/2021\/06\/12\/images-de-lagression-de-55-detenus-palestiniens-dans-la-prison-du-neguev\/#article","isPartOf":{"@id":"https:\/\/charleroi-pourlapalestine.be\/index.php\/2021\/06\/12\/images-de-lagression-de-55-detenus-palestiniens-dans-la-prison-du-neguev\/"},"author":{"name":"admin1873","@id":"https:\/\/charleroi-pourlapalestine.be\/#\/schema\/person\/c19ff515112f1299d8c12671d8fe3faa"},"headline":"Images de l&rsquo;agression de 55\u00a0d\u00e9tenus palestiniens dans la prison du N\u00e9guev","datePublished":"2021-06-12T08:14:31+00:00","dateModified":"2021-06-13T07:48:17+00:00","mainEntityOfPage":{"@id":"https:\/\/charleroi-pourlapalestine.be\/index.php\/2021\/06\/12\/images-de-lagression-de-55-detenus-palestiniens-dans-la-prison-du-neguev\/"},"wordCount":921,"publisher":{"@id":"https:\/\/charleroi-pourlapalestine.be\/#organization"},"image":{"@id":"https:\/\/charleroi-pourlapalestine.be\/index.php\/2021\/06\/12\/images-de-lagression-de-55-detenus-palestiniens-dans-la-prison-du-neguev\/#primaryimage"},"thumbnailUrl":"https:\/\/charleroi-pourlapalestine.be\/wp-content\/uploads\/2021\/06\/Prisonniers-Neguev-e1623482186220.png","articleSection":["Crimes de guerre","L'Etat colonial","Prisonniers","Torture"],"inLanguage":"fr-FR"},{"@type":"WebPage","@id":"https:\/\/charleroi-pourlapalestine.be\/index.php\/2021\/06\/12\/images-de-lagression-de-55-detenus-palestiniens-dans-la-prison-du-neguev\/","url":"https:\/\/charleroi-pourlapalestine.be\/index.php\/2021\/06\/12\/images-de-lagression-de-55-detenus-palestiniens-dans-la-prison-du-neguev\/","name":"L'agression de 55 d\u00e9tenus palestiniens dans la prison du N\u00e9guev","isPartOf":{"@id":"https:\/\/charleroi-pourlapalestine.be\/#website"},"primaryImageOfPage":{"@id":"https:\/\/charleroi-pourlapalestine.be\/index.php\/2021\/06\/12\/images-de-lagression-de-55-detenus-palestiniens-dans-la-prison-du-neguev\/#primaryimage"},"image":{"@id":"https:\/\/charleroi-pourlapalestine.be\/index.php\/2021\/06\/12\/images-de-lagression-de-55-detenus-palestiniens-dans-la-prison-du-neguev\/#primaryimage"},"thumbnailUrl":"https:\/\/charleroi-pourlapalestine.be\/wp-content\/uploads\/2021\/06\/Prisonniers-Neguev-e1623482186220.png","datePublished":"2021-06-12T08:14:31+00:00","dateModified":"2021-06-13T07:48:17+00:00","description":"Des cam\u00e9ras de s\u00e9curit\u00e9 \u00e9tayent l\u2019agression de 55\u00a0prisonniers palestiniens encha\u00een\u00e9s, qui se serait produite le 24\u00a0mars\u00a02019.\u00a0","breadcrumb":{"@id":"https:\/\/charleroi-pourlapalestine.be\/index.php\/2021\/06\/12\/images-de-lagression-de-55-detenus-palestiniens-dans-la-prison-du-neguev\/#breadcrumb"},"inLanguage":"fr-FR","potentialAction":[{"@type":"ReadAction","target":["https:\/\/charleroi-pourlapalestine.be\/index.php\/2021\/06\/12\/images-de-lagression-de-55-detenus-palestiniens-dans-la-prison-du-neguev\/"]}]},{"@type":"ImageObject","inLanguage":"fr-FR","@id":"https:\/\/charleroi-pourlapalestine.be\/index.php\/2021\/06\/12\/images-de-lagression-de-55-detenus-palestiniens-dans-la-prison-du-neguev\/#primaryimage","url":"https:\/\/charleroi-pourlapalestine.be\/wp-content\/uploads\/2021\/06\/Prisonniers-Neguev-e1623482186220.png","contentUrl":"https:\/\/charleroi-pourlapalestine.be\/wp-content\/uploads\/2021\/06\/Prisonniers-Neguev-e1623482186220.png","width":532,"height":320},{"@type":"BreadcrumbList","@id":"https:\/\/charleroi-pourlapalestine.be\/index.php\/2021\/06\/12\/images-de-lagression-de-55-detenus-palestiniens-dans-la-prison-du-neguev\/#breadcrumb","itemListElement":[{"@type":"ListItem","position":1,"name":"Accueil","item":"https:\/\/charleroi-pourlapalestine.be\/"},{"@type":"ListItem","position":2,"name":"Images de l&#8217;agression de 55\u00a0d\u00e9tenus palestiniens dans la prison du N\u00e9guev"}]},{"@type":"WebSite","@id":"https:\/\/charleroi-pourlapalestine.be\/#website","url":"https:\/\/charleroi-pourlapalestine.be\/","name":"Charleroi Pour la Palestine","description":"","publisher":{"@id":"https:\/\/charleroi-pourlapalestine.be\/#organization"},"potentialAction":[{"@type":"SearchAction","target":{"@type":"EntryPoint","urlTemplate":"https:\/\/charleroi-pourlapalestine.be\/?s={search_term_string}"},"query-input":{"@type":"PropertyValueSpecification","valueRequired":true,"valueName":"search_term_string"}}],"inLanguage":"fr-FR"},{"@type":"Organization","@id":"https:\/\/charleroi-pourlapalestine.be\/#organization","name":"Plate-forme Charleroi-Palestine","url":"https:\/\/charleroi-pourlapalestine.be\/","logo":{"@type":"ImageObject","inLanguage":"fr-FR","@id":"https:\/\/charleroi-pourlapalestine.be\/#\/schema\/logo\/image\/","url":"https:\/\/charleroi-pourlapalestine.be\/wp-content\/uploads\/2020\/01\/logo-Copy.jpg","contentUrl":"https:\/\/charleroi-pourlapalestine.be\/wp-content\/uploads\/2020\/01\/logo-Copy.jpg","width":180,"height":180,"caption":"Plate-forme Charleroi-Palestine"},"image":{"@id":"https:\/\/charleroi-pourlapalestine.be\/#\/schema\/logo\/image\/"},"sameAs":["https:\/\/www.facebook.com\/PlateformeCharleroiPalestine\/","https:\/\/x.com\/LaCharleroi"]},{"@type":"Person","@id":"https:\/\/charleroi-pourlapalestine.be\/#\/schema\/person\/c19ff515112f1299d8c12671d8fe3faa","name":"admin1873","url":"https:\/\/charleroi-pourlapalestine.be\/index.php\/author\/admin1873\/"}]}},"_links":{"self":[{"href":"https:\/\/charleroi-pourlapalestine.be\/index.php\/wp-json\/wp\/v2\/posts\/26901","targetHints":{"allow":["GET"]}}],"collection":[{"href":"https:\/\/charleroi-pourlapalestine.be\/index.php\/wp-json\/wp\/v2\/posts"}],"about":[{"href":"https:\/\/charleroi-pourlapalestine.be\/index.php\/wp-json\/wp\/v2\/types\/post"}],"author":[{"embeddable":true,"href":"https:\/\/charleroi-pourlapalestine.be\/index.php\/wp-json\/wp\/v2\/users\/1"}],"replies":[{"embeddable":true,"href":"https:\/\/charleroi-pourlapalestine.be\/index.php\/wp-json\/wp\/v2\/comments?post=26901"}],"version-history":[{"count":0,"href":"https:\/\/charleroi-pourlapalestine.be\/index.php\/wp-json\/wp\/v2\/posts\/26901\/revisions"}],"wp:featuredmedia":[{"embeddable":true,"href":"https:\/\/charleroi-pourlapalestine.be\/index.php\/wp-json\/wp\/v2\/media\/26903"}],"wp:attachment":[{"href":"https:\/\/charleroi-pourlapalestine.be\/index.php\/wp-json\/wp\/v2\/media?parent=26901"}],"wp:term":[{"taxonomy":"category","embeddable":true,"href":"https:\/\/charleroi-pourlapalestine.be\/index.php\/wp-json\/wp\/v2\/categories?post=26901"},{"taxonomy":"post_tag","embeddable":true,"href":"https:\/\/charleroi-pourlapalestine.be\/index.php\/wp-json\/wp\/v2\/tags?post=26901"}],"curies":[{"name":"wp","href":"https:\/\/api.w.org\/{rel}","templated":true}]}}