{"id":26989,"date":"2021-06-15T07:58:53","date_gmt":"2021-06-15T05:58:53","guid":{"rendered":"https:\/\/charleroi-pourlapalestine.be\/?p=26989"},"modified":"2021-06-15T08:07:06","modified_gmt":"2021-06-15T06:07:06","slug":"six-prisonniers-palestiniens-en-greve-de-la-faim-contre-leur-detention-administrative","status":"publish","type":"post","link":"https:\/\/charleroi-pourlapalestine.be\/index.php\/2021\/06\/15\/six-prisonniers-palestiniens-en-greve-de-la-faim-contre-leur-detention-administrative\/","title":{"rendered":"Six prisonniers palestiniens en gr\u00e8ve de la faim contre leur d\u00e9tention administrative"},"content":{"rendered":"<p>Il y a actuellement six prisonniers politiques palestiniens en gr\u00e8ve de la faim qui se battent pour leur libert\u00e9. Ils sont emprisonn\u00e9s en vertu d\u2019ordres de <em>\u00ab&nbsp;d\u00e9tention administrative&nbsp;\u00bb,<\/em> sans inculpation ni jugement.<\/p>\n<p><img loading=\"lazy\" decoding=\"async\" class=\"aligncenter wp-image-26990 size-full\" src=\"https:\/\/charleroi-pourlapalestine.be\/wp-content\/uploads\/2021\/06\/presos-pal-greve-tetes-e1623735315254.png\" alt=\"\" width=\"487\" height=\"320\"><\/p>\n<p><strong>Ghadanfar Abu Atwan<\/strong> est en gr\u00e8ve de la faim depuis 41 jours pour r\u00e9clamer sa lib\u00e9ration ; il est rejoint par&nbsp;<strong>Khader Adnan<\/strong>, ancien gr\u00e9viste de la faim de longue date, qui est en gr\u00e8ve de la faim depuis 16 jours, ainsi qu\u2019<strong>Amer al-Shami<\/strong>&nbsp;et&nbsp;<strong>Yousef al-Amer<\/strong>, en gr\u00e8ve de la faim depuis 15 jours, et&nbsp;<strong>Mohammed Masalmeh<\/strong>&nbsp;&nbsp;et <strong>Cheikh&nbsp;Jamal al-Tawil<\/strong> , en gr\u00e8ve de la faim depuis 12 jours.&nbsp;La gr\u00e8ve d\u2019<strong>Al-Tawil<\/strong> exige la lib\u00e9ration de sa fille,&nbsp;<strong>Bushra al-Tawil,<\/strong> de la d\u00e9tention administrative, ainsi que sa propre lib\u00e9ration.<\/p>\n<p>La<strong> d\u00e9tention administrative<\/strong>&nbsp;a d\u2019abord \u00e9t\u00e9 introduite en Palestine par le colonialisme britannique.&nbsp;Ces ordres peuvent \u00eatre \u00e9mis pour un \u00e0 six mois \u00e0 la fois, et ils sont ind\u00e9finiment renouvelables.&nbsp;En cons\u00e9quence, les <strong>Palestiniens<\/strong> sont r\u00e9guli\u00e8rement emprisonn\u00e9s pendant des ann\u00e9es sans inculpation ni proc\u00e8s.&nbsp;Ni eux ni leurs proches ne savent quand ils seront lib\u00e9r\u00e9s, et la d\u00e9tention administrative est une forme de <strong>torture psychologique.<\/strong>&nbsp;Les <strong>Palestiniens<\/strong> d\u00e9tenus et leurs avocats n\u2019ont pas le droit de voir le <em>\u00ab dossier secret \u00bb<\/em> utilis\u00e9 pour justifier leur emprisonnement.&nbsp;Le recours \u00e0 la d\u00e9tention administrative, d\u00e9j\u00e0 couramment utilis\u00e9 pour d\u00e9tenir arbitrairement des <strong>Palestiniens<\/strong>, s\u2019est rapidement intensifi\u00e9, avec plus de 200 ordres de d\u00e9tention \u00e9mis depuis d\u00e9but mai 2021.<\/p>\n<p><strong>Ghadanfar Abu Atwan<\/strong>, originaire de <strong>Dura<\/strong> pr\u00e8s d\u2019<strong>al-Khalil<\/strong>, a entam\u00e9 sa gr\u00e8ve de la faim le 5 mai 2021 \u00e0 la prison de <strong>Ramon<\/strong> pour protester contre sa d\u00e9tention sans inculpation ni jugement. Il a \u00e9t\u00e9 arr\u00eat\u00e9 par les forces d\u2019occupation en octobre 2020 et condamn\u00e9 \u00e0 six mois de d\u00e9tention administrative ;&nbsp;sa d\u00e9tention a ensuite \u00e9t\u00e9 renouvel\u00e9e pour six mois suppl\u00e9mentaires, ce qui l\u2019a incit\u00e9 \u00e0 lancer sa gr\u00e8ve de la faim ouverte pour la libert\u00e9.<\/p>\n<p>Apr\u00e8s avoir annonc\u00e9 sa gr\u00e8ve, il a \u00e9t\u00e9 plac\u00e9 en&nbsp;isolement pendant deux semaines&nbsp;dans la prison de<strong> Ramon<\/strong>, avant d\u2019\u00eatre transf\u00e9r\u00e9 en isolement dans la prison d\u2019<strong>Ohli Kedar,<\/strong> o\u00f9 sa cellule \u00e9tait infect\u00e9e d\u2019insectes et insalubre.&nbsp;Les transferts fr\u00e9quents et l\u2019isolement sont utilis\u00e9s comme moyen de pression physique sur les gr\u00e9vistes de la faim pour tenter de les forcer \u00e0 rompre leur gr\u00e8ve.&nbsp;Actuellement,<strong> Abu Atwan<\/strong> est d\u00e9tenu \u00e0 la clinique de la prison de <strong>Ramle<\/strong>.&nbsp;Lors de son transfert, les forces d\u2019occupation isra\u00e9liennes ont agress\u00e9 et battu <strong>Abu Atwan<\/strong>, physiquement affaibli apr\u00e8s 33 jours de gr\u00e8ve de la faim. Il a \u00e9t\u00e9 battu asperg\u00e9 d\u2019une substance nocive qui l\u2019emp\u00eachait de respirer.<\/p>\n<p><strong>Cheikh&nbsp;Khader Adnan<\/strong>, originaire de<strong> J\u00e9nine<\/strong>, a \u00e9t\u00e9 arr\u00eat\u00e9 \u00e0 l\u2019aube par les forces d\u2019occupation de la ville d\u2019<strong>Arraba<\/strong> le 30 mai. <strong>Adnan<\/strong>, qui a obtenu sa libert\u00e9 de d\u00e9tention administrative \u00e0 plusieurs reprises gr\u00e2ce \u00e0 des gr\u00e8ves de la faim de longue dur\u00e9e et a galvanis\u00e9 la solidarit\u00e9 internationale avec les prisonniers palestiniens, a imm\u00e9diatement lanc\u00e9 une gr\u00e8ve de la faim.&nbsp;Il a \u00e9t\u00e9 arr\u00eat\u00e9 12 fois&nbsp;et a pass\u00e9 8 ans dans les prisons de l\u2019occupation isra\u00e9lienne, la plupart en d\u00e9tention administrative.&nbsp;En 2004, il a entam\u00e9 une gr\u00e8ve de la faim de 25 jours ;&nbsp;en 2012 pendant 66 jours, en 2015 pendant 56 jours et 2018 pendant 58 jours.&nbsp;Il est p\u00e8re de neuf enfants dont le plus jeune n\u2019a qu\u2019un mois.<\/p>\n<p>Apr\u00e8s son arrestation, un ordre de d\u00e9tention administrative d\u2019un mois lui a \u00e9t\u00e9 impos\u00e9 presque imm\u00e9diatement.&nbsp;Il est en gr\u00e8ve de la faim depuis 16 jours pour r\u00e9clamer sa lib\u00e9ration ; il est d\u00e9tenu au centre d\u2019interrogatoire de <strong>Jalameh.<\/strong><\/p>\n<p><strong>Amr al-Shami<\/strong>, \u00e2g\u00e9 de 18 ans, et<strong> Yousef al-Amer<\/strong>, \u00e2g\u00e9 de 28 ans, tous deux du camp de <strong>J\u00e9nine,<\/strong> sont emprisonn\u00e9s sans inculpation ni jugement en d\u00e9tention administrative. Ils ont lanc\u00e9 leurs gr\u00e8ves il y a 15 jours. Tous deux ont purg\u00e9 leurs peines prononc\u00e9es par un tribunal militaire ;&nbsp;plut\u00f4t que d\u2019\u00eatre lib\u00e9r\u00e9s comme pr\u00e9vu, ils ont \u00e9t\u00e9 condamn\u00e9s \u00e0 \u00eatre emprisonn\u00e9s sans inculpation ni jugement.&nbsp;<strong>Al-Shami<\/strong> et <strong>al-Amer<\/strong> sont tous deux d\u00e9tenus \u00e0 la prison de <strong>Megiddo.<\/strong><\/p>\n<p><strong>Mohammed Masalmeh,<\/strong> originaire de <strong>Beit Awwa<\/strong> pr\u00e8s d\u2019<strong>al-Khalil<\/strong>, est en gr\u00e8ve de la faim pour le 12e jour. Il est d\u00e9tenu depuis f\u00e9vrier sans inculpation ni jugement et a lanc\u00e9 sa gr\u00e8ve lorsque l\u2019ordre de d\u00e9tention \u00e0 son encontre a \u00e9t\u00e9 arbitrairement renouvel\u00e9.<\/p>\n<p>Traduit devant le&nbsp;tribunal militaire isra\u00e9lien d\u2019<strong>Ofer&nbsp;<\/strong>le dimanche 13 juin, <strong>Cheikh&nbsp;Jamal al-Tawil<\/strong> a&nbsp;d\u00e9clar\u00e9 au juge d\u2019occupation qu\u2019il avait entam\u00e9 sa gr\u00e8ve de la faim pour exiger la libert\u00e9 de sa fille,&nbsp;Bushra al-Tawil&nbsp;, qui est l\u2019une des deux <strong>Palestiniennes<\/strong> emprisonn\u00e9es sous d\u00e9tention administrative, avec la <strong>pr\u00e9sidente de l\u2019Union des comit\u00e9s de femmes palestiniennes,&nbsp;Khitam Saafin.<\/strong>&nbsp;Il demande maintenant qu\u2019il soit mis fin \u00e0 sa propre d\u00e9tention apr\u00e8s que les forces de s\u00e9curit\u00e9 d\u2019occupation isra\u00e9liennes aient ignor\u00e9 ses demandes.<strong>&nbsp;Al-Tawil<\/strong>, un \u00e9minent dirigeant politique, a \u00e9t\u00e9 arr\u00eat\u00e9 le 1er juin par les forces d\u2019occupation isra\u00e9liennes, qui ont envahi son domicile \u00e0 <strong>al-Bireh<\/strong>, et transf\u00e9r\u00e9 presque imm\u00e9diatement en d\u00e9tention administrative.<\/p>\n<p><strong>Al-Tawil<\/strong> a \u00e9t\u00e9 transf\u00e9r\u00e9 vendredi 11 juin \u00e0 la prison de <strong>HaSharon<\/strong> depuis la prison d\u2019<strong>Ofer<\/strong>, malgr\u00e9 le fait qu\u2019il serait contraint de retourner \u00e0 <strong>Ofer<\/strong> pour l\u2019audience du tribunal militaire quelques jours plus tard.&nbsp;Ces transferts s\u2019effectuent \u00e0 l\u2019aide de la<em> \u00ab bosta \u00bb<\/em>, un v\u00e9hicule m\u00e9tallique sans contr\u00f4le de temp\u00e9rature, et les trajets qui devraient plut\u00f4t \u00eatre brefs sont prolong\u00e9s tout au long de la journ\u00e9e avec des arr\u00eats fr\u00e9quents.<\/p>\n<p><strong>Bushra al-Tawil<\/strong>, d\u00e9tenue \u00e0 la prison de <strong>Damon,<\/strong> est d\u00e9tenue sans inculpation ni jugement depuis novembre 2020. Elle est journaliste et d\u00e9fenseure des prisonniers palestiniens qui ont \u00e9t\u00e9 d\u00e9tenus \u00e0 plusieurs reprises par l\u2019occupation isra\u00e9lienne, le plus souvent en d\u00e9tention administrative.<\/p>\n<p>Le r\u00e9seau de solidarit\u00e9 avec les prisonniers palestiniens <strong>Samidoun,<\/strong> dont est membre le <strong>Collectif Palestine Vaincra,<\/strong> appelle&nbsp;tous les partisans de la<strong> Palestine<\/strong> \u00e0 prendre des mesures pour soutenir les gr\u00e9vistes de la faim et tous les prisonniers palestiniens qui luttent pour la libert\u00e9. Ces P<strong>alestiniens<\/strong> mettent leur corps et leur vie en danger \u00e0 l\u2019int\u00e9rieur des prisonniers de l\u2019occupation pour exiger non seulement la libert\u00e9 pour eux-m\u00eames, mais la fin de la d\u00e9tention administrative et de l\u2019ensemble du syst\u00e8me colonial sioniste dans toute la <strong>Palestine occup\u00e9e.<\/strong><\/p>\n<hr>\n<p>Publi\u00e9 le 13 juin 2021 sur <a href=\"https:\/\/samidoun.net\/2021\/06\/six-palestinian-prisoners-on-hunger-strike-against-imprisonment-without-charge-or-trial\/\" target=\"_blank\" rel=\"noopener noreferrer\">Samidoun<\/a> <br \/>Traduction : <a href=\"https:\/\/palestinevaincra.com\/2021\/06\/six-prisonniers-palestiniens-en-greve-de-la-faim-contre-lemprisonnement-sans-inculpation-ni-jugement\/\" target=\"_blank\" rel=\"noopener noreferrer\">Collectif Palestine Vaincra<\/a><\/p>\n","protected":false},"excerpt":{"rendered":"<p>Les ordres de la \u00ab\u00a0d\u00e9tention administrative\u00a0\u00bb, sans inculpation ni jugement, peuvent \u00eatre \u00e9mis pour un \u00e0 six mois \u00e0 la fois, et ils sont ind\u00e9finiment renouvelables<\/p>\n","protected":false},"author":1,"featured_media":26990,"comment_status":"closed","ping_status":"closed","sticky":false,"template":"","format":"standard","meta":{"ngg_post_thumbnail":0,"footnotes":""},"categories":[386,13],"tags":[],"class_list":["post-26989","post","type-post","status-publish","format-standard","has-post-thumbnail","hentry","category-greves-de-la-faim","category-les-prisionners-palestiniens"],"yoast_head":"<!-- This site is optimized with the Yoast SEO plugin v27.3 - https:\/\/yoast.com\/product\/yoast-seo-wordpress\/ -->\n<title>Six prisonniers palestiniens en luttent contre leur d\u00e9tention administrative<\/title>\n<meta name=\"description\" content=\"Les six prisonniers sont emprisonn\u00e9s en vertu d\u2019ordres de \u00ab\u00a0d\u00e9tention administrative\u00a0\u00bb, sans inculpation ni jugement et ind\u00e9finiment renouvelables\" \/>\n<meta name=\"robots\" content=\"index, follow, max-snippet:-1, max-image-preview:large, max-video-preview:-1\" \/>\n<link rel=\"canonical\" href=\"https:\/\/charleroi-pourlapalestine.be\/index.php\/2021\/06\/15\/six-prisonniers-palestiniens-en-greve-de-la-faim-contre-leur-detention-administrative\/\" \/>\n<script type=\"application\/ld+json\" class=\"yoast-schema-graph\">{\"@context\":\"https:\\\/\\\/schema.org\",\"@graph\":[{\"@type\":\"Article\",\"@id\":\"https:\\\/\\\/charleroi-pourlapalestine.be\\\/index.php\\\/2021\\\/06\\\/15\\\/six-prisonniers-palestiniens-en-greve-de-la-faim-contre-leur-detention-administrative\\\/#article\",\"isPartOf\":{\"@id\":\"https:\\\/\\\/charleroi-pourlapalestine.be\\\/index.php\\\/2021\\\/06\\\/15\\\/six-prisonniers-palestiniens-en-greve-de-la-faim-contre-leur-detention-administrative\\\/\"},\"author\":{\"name\":\"admin1873\",\"@id\":\"https:\\\/\\\/charleroi-pourlapalestine.be\\\/#\\\/schema\\\/person\\\/c19ff515112f1299d8c12671d8fe3faa\"},\"headline\":\"Six prisonniers palestiniens en gr\u00e8ve de la faim contre leur d\u00e9tention administrative\",\"datePublished\":\"2021-06-15T05:58:53+00:00\",\"dateModified\":\"2021-06-15T06:07:06+00:00\",\"mainEntityOfPage\":{\"@id\":\"https:\\\/\\\/charleroi-pourlapalestine.be\\\/index.php\\\/2021\\\/06\\\/15\\\/six-prisonniers-palestiniens-en-greve-de-la-faim-contre-leur-detention-administrative\\\/\"},\"wordCount\":1208,\"publisher\":{\"@id\":\"https:\\\/\\\/charleroi-pourlapalestine.be\\\/#organization\"},\"image\":{\"@id\":\"https:\\\/\\\/charleroi-pourlapalestine.be\\\/index.php\\\/2021\\\/06\\\/15\\\/six-prisonniers-palestiniens-en-greve-de-la-faim-contre-leur-detention-administrative\\\/#primaryimage\"},\"thumbnailUrl\":\"https:\\\/\\\/charleroi-pourlapalestine.be\\\/wp-content\\\/uploads\\\/2021\\\/06\\\/presos-pal-greve-tetes-e1623735315254.png\",\"articleSection\":[\"Gr\u00e8ves de la faim\",\"Prisonniers\"],\"inLanguage\":\"fr-FR\"},{\"@type\":\"WebPage\",\"@id\":\"https:\\\/\\\/charleroi-pourlapalestine.be\\\/index.php\\\/2021\\\/06\\\/15\\\/six-prisonniers-palestiniens-en-greve-de-la-faim-contre-leur-detention-administrative\\\/\",\"url\":\"https:\\\/\\\/charleroi-pourlapalestine.be\\\/index.php\\\/2021\\\/06\\\/15\\\/six-prisonniers-palestiniens-en-greve-de-la-faim-contre-leur-detention-administrative\\\/\",\"name\":\"Six prisonniers palestiniens en luttent contre leur d\u00e9tention administrative\",\"isPartOf\":{\"@id\":\"https:\\\/\\\/charleroi-pourlapalestine.be\\\/#website\"},\"primaryImageOfPage\":{\"@id\":\"https:\\\/\\\/charleroi-pourlapalestine.be\\\/index.php\\\/2021\\\/06\\\/15\\\/six-prisonniers-palestiniens-en-greve-de-la-faim-contre-leur-detention-administrative\\\/#primaryimage\"},\"image\":{\"@id\":\"https:\\\/\\\/charleroi-pourlapalestine.be\\\/index.php\\\/2021\\\/06\\\/15\\\/six-prisonniers-palestiniens-en-greve-de-la-faim-contre-leur-detention-administrative\\\/#primaryimage\"},\"thumbnailUrl\":\"https:\\\/\\\/charleroi-pourlapalestine.be\\\/wp-content\\\/uploads\\\/2021\\\/06\\\/presos-pal-greve-tetes-e1623735315254.png\",\"datePublished\":\"2021-06-15T05:58:53+00:00\",\"dateModified\":\"2021-06-15T06:07:06+00:00\",\"description\":\"Les six prisonniers sont emprisonn\u00e9s en vertu d\u2019ordres de \u00ab\u00a0d\u00e9tention administrative\u00a0\u00bb, sans inculpation ni jugement et ind\u00e9finiment renouvelables\",\"breadcrumb\":{\"@id\":\"https:\\\/\\\/charleroi-pourlapalestine.be\\\/index.php\\\/2021\\\/06\\\/15\\\/six-prisonniers-palestiniens-en-greve-de-la-faim-contre-leur-detention-administrative\\\/#breadcrumb\"},\"inLanguage\":\"fr-FR\",\"potentialAction\":[{\"@type\":\"ReadAction\",\"target\":[\"https:\\\/\\\/charleroi-pourlapalestine.be\\\/index.php\\\/2021\\\/06\\\/15\\\/six-prisonniers-palestiniens-en-greve-de-la-faim-contre-leur-detention-administrative\\\/\"]}]},{\"@type\":\"ImageObject\",\"inLanguage\":\"fr-FR\",\"@id\":\"https:\\\/\\\/charleroi-pourlapalestine.be\\\/index.php\\\/2021\\\/06\\\/15\\\/six-prisonniers-palestiniens-en-greve-de-la-faim-contre-leur-detention-administrative\\\/#primaryimage\",\"url\":\"https:\\\/\\\/charleroi-pourlapalestine.be\\\/wp-content\\\/uploads\\\/2021\\\/06\\\/presos-pal-greve-tetes-e1623735315254.png\",\"contentUrl\":\"https:\\\/\\\/charleroi-pourlapalestine.be\\\/wp-content\\\/uploads\\\/2021\\\/06\\\/presos-pal-greve-tetes-e1623735315254.png\",\"width\":487,\"height\":320},{\"@type\":\"BreadcrumbList\",\"@id\":\"https:\\\/\\\/charleroi-pourlapalestine.be\\\/index.php\\\/2021\\\/06\\\/15\\\/six-prisonniers-palestiniens-en-greve-de-la-faim-contre-leur-detention-administrative\\\/#breadcrumb\",\"itemListElement\":[{\"@type\":\"ListItem\",\"position\":1,\"name\":\"Accueil\",\"item\":\"https:\\\/\\\/charleroi-pourlapalestine.be\\\/\"},{\"@type\":\"ListItem\",\"position\":2,\"name\":\"Six prisonniers palestiniens en gr\u00e8ve de la faim contre leur d\u00e9tention administrative\"}]},{\"@type\":\"WebSite\",\"@id\":\"https:\\\/\\\/charleroi-pourlapalestine.be\\\/#website\",\"url\":\"https:\\\/\\\/charleroi-pourlapalestine.be\\\/\",\"name\":\"Charleroi Pour la Palestine\",\"description\":\"\",\"publisher\":{\"@id\":\"https:\\\/\\\/charleroi-pourlapalestine.be\\\/#organization\"},\"potentialAction\":[{\"@type\":\"SearchAction\",\"target\":{\"@type\":\"EntryPoint\",\"urlTemplate\":\"https:\\\/\\\/charleroi-pourlapalestine.be\\\/?s={search_term_string}\"},\"query-input\":{\"@type\":\"PropertyValueSpecification\",\"valueRequired\":true,\"valueName\":\"search_term_string\"}}],\"inLanguage\":\"fr-FR\"},{\"@type\":\"Organization\",\"@id\":\"https:\\\/\\\/charleroi-pourlapalestine.be\\\/#organization\",\"name\":\"Plate-forme Charleroi-Palestine\",\"url\":\"https:\\\/\\\/charleroi-pourlapalestine.be\\\/\",\"logo\":{\"@type\":\"ImageObject\",\"inLanguage\":\"fr-FR\",\"@id\":\"https:\\\/\\\/charleroi-pourlapalestine.be\\\/#\\\/schema\\\/logo\\\/image\\\/\",\"url\":\"https:\\\/\\\/charleroi-pourlapalestine.be\\\/wp-content\\\/uploads\\\/2020\\\/01\\\/logo-Copy.jpg\",\"contentUrl\":\"https:\\\/\\\/charleroi-pourlapalestine.be\\\/wp-content\\\/uploads\\\/2020\\\/01\\\/logo-Copy.jpg\",\"width\":180,\"height\":180,\"caption\":\"Plate-forme Charleroi-Palestine\"},\"image\":{\"@id\":\"https:\\\/\\\/charleroi-pourlapalestine.be\\\/#\\\/schema\\\/logo\\\/image\\\/\"},\"sameAs\":[\"https:\\\/\\\/www.facebook.com\\\/PlateformeCharleroiPalestine\\\/\",\"https:\\\/\\\/x.com\\\/LaCharleroi\"]},{\"@type\":\"Person\",\"@id\":\"https:\\\/\\\/charleroi-pourlapalestine.be\\\/#\\\/schema\\\/person\\\/c19ff515112f1299d8c12671d8fe3faa\",\"name\":\"admin1873\",\"url\":\"https:\\\/\\\/charleroi-pourlapalestine.be\\\/index.php\\\/author\\\/admin1873\\\/\"}]}<\/script>\n<!-- \/ Yoast SEO plugin. -->","yoast_head_json":{"title":"Six prisonniers palestiniens en luttent contre leur d\u00e9tention administrative","description":"Les six prisonniers sont emprisonn\u00e9s en vertu d\u2019ordres de \u00ab\u00a0d\u00e9tention administrative\u00a0\u00bb, sans inculpation ni jugement et ind\u00e9finiment renouvelables","robots":{"index":"index","follow":"follow","max-snippet":"max-snippet:-1","max-image-preview":"max-image-preview:large","max-video-preview":"max-video-preview:-1"},"canonical":"https:\/\/charleroi-pourlapalestine.be\/index.php\/2021\/06\/15\/six-prisonniers-palestiniens-en-greve-de-la-faim-contre-leur-detention-administrative\/","schema":{"@context":"https:\/\/schema.org","@graph":[{"@type":"Article","@id":"https:\/\/charleroi-pourlapalestine.be\/index.php\/2021\/06\/15\/six-prisonniers-palestiniens-en-greve-de-la-faim-contre-leur-detention-administrative\/#article","isPartOf":{"@id":"https:\/\/charleroi-pourlapalestine.be\/index.php\/2021\/06\/15\/six-prisonniers-palestiniens-en-greve-de-la-faim-contre-leur-detention-administrative\/"},"author":{"name":"admin1873","@id":"https:\/\/charleroi-pourlapalestine.be\/#\/schema\/person\/c19ff515112f1299d8c12671d8fe3faa"},"headline":"Six prisonniers palestiniens en gr\u00e8ve de la faim contre leur d\u00e9tention administrative","datePublished":"2021-06-15T05:58:53+00:00","dateModified":"2021-06-15T06:07:06+00:00","mainEntityOfPage":{"@id":"https:\/\/charleroi-pourlapalestine.be\/index.php\/2021\/06\/15\/six-prisonniers-palestiniens-en-greve-de-la-faim-contre-leur-detention-administrative\/"},"wordCount":1208,"publisher":{"@id":"https:\/\/charleroi-pourlapalestine.be\/#organization"},"image":{"@id":"https:\/\/charleroi-pourlapalestine.be\/index.php\/2021\/06\/15\/six-prisonniers-palestiniens-en-greve-de-la-faim-contre-leur-detention-administrative\/#primaryimage"},"thumbnailUrl":"https:\/\/charleroi-pourlapalestine.be\/wp-content\/uploads\/2021\/06\/presos-pal-greve-tetes-e1623735315254.png","articleSection":["Gr\u00e8ves de la faim","Prisonniers"],"inLanguage":"fr-FR"},{"@type":"WebPage","@id":"https:\/\/charleroi-pourlapalestine.be\/index.php\/2021\/06\/15\/six-prisonniers-palestiniens-en-greve-de-la-faim-contre-leur-detention-administrative\/","url":"https:\/\/charleroi-pourlapalestine.be\/index.php\/2021\/06\/15\/six-prisonniers-palestiniens-en-greve-de-la-faim-contre-leur-detention-administrative\/","name":"Six prisonniers palestiniens en luttent contre leur d\u00e9tention administrative","isPartOf":{"@id":"https:\/\/charleroi-pourlapalestine.be\/#website"},"primaryImageOfPage":{"@id":"https:\/\/charleroi-pourlapalestine.be\/index.php\/2021\/06\/15\/six-prisonniers-palestiniens-en-greve-de-la-faim-contre-leur-detention-administrative\/#primaryimage"},"image":{"@id":"https:\/\/charleroi-pourlapalestine.be\/index.php\/2021\/06\/15\/six-prisonniers-palestiniens-en-greve-de-la-faim-contre-leur-detention-administrative\/#primaryimage"},"thumbnailUrl":"https:\/\/charleroi-pourlapalestine.be\/wp-content\/uploads\/2021\/06\/presos-pal-greve-tetes-e1623735315254.png","datePublished":"2021-06-15T05:58:53+00:00","dateModified":"2021-06-15T06:07:06+00:00","description":"Les six prisonniers sont emprisonn\u00e9s en vertu d\u2019ordres de \u00ab\u00a0d\u00e9tention administrative\u00a0\u00bb, sans inculpation ni jugement et ind\u00e9finiment renouvelables","breadcrumb":{"@id":"https:\/\/charleroi-pourlapalestine.be\/index.php\/2021\/06\/15\/six-prisonniers-palestiniens-en-greve-de-la-faim-contre-leur-detention-administrative\/#breadcrumb"},"inLanguage":"fr-FR","potentialAction":[{"@type":"ReadAction","target":["https:\/\/charleroi-pourlapalestine.be\/index.php\/2021\/06\/15\/six-prisonniers-palestiniens-en-greve-de-la-faim-contre-leur-detention-administrative\/"]}]},{"@type":"ImageObject","inLanguage":"fr-FR","@id":"https:\/\/charleroi-pourlapalestine.be\/index.php\/2021\/06\/15\/six-prisonniers-palestiniens-en-greve-de-la-faim-contre-leur-detention-administrative\/#primaryimage","url":"https:\/\/charleroi-pourlapalestine.be\/wp-content\/uploads\/2021\/06\/presos-pal-greve-tetes-e1623735315254.png","contentUrl":"https:\/\/charleroi-pourlapalestine.be\/wp-content\/uploads\/2021\/06\/presos-pal-greve-tetes-e1623735315254.png","width":487,"height":320},{"@type":"BreadcrumbList","@id":"https:\/\/charleroi-pourlapalestine.be\/index.php\/2021\/06\/15\/six-prisonniers-palestiniens-en-greve-de-la-faim-contre-leur-detention-administrative\/#breadcrumb","itemListElement":[{"@type":"ListItem","position":1,"name":"Accueil","item":"https:\/\/charleroi-pourlapalestine.be\/"},{"@type":"ListItem","position":2,"name":"Six prisonniers palestiniens en gr\u00e8ve de la faim contre leur d\u00e9tention administrative"}]},{"@type":"WebSite","@id":"https:\/\/charleroi-pourlapalestine.be\/#website","url":"https:\/\/charleroi-pourlapalestine.be\/","name":"Charleroi Pour la Palestine","description":"","publisher":{"@id":"https:\/\/charleroi-pourlapalestine.be\/#organization"},"potentialAction":[{"@type":"SearchAction","target":{"@type":"EntryPoint","urlTemplate":"https:\/\/charleroi-pourlapalestine.be\/?s={search_term_string}"},"query-input":{"@type":"PropertyValueSpecification","valueRequired":true,"valueName":"search_term_string"}}],"inLanguage":"fr-FR"},{"@type":"Organization","@id":"https:\/\/charleroi-pourlapalestine.be\/#organization","name":"Plate-forme Charleroi-Palestine","url":"https:\/\/charleroi-pourlapalestine.be\/","logo":{"@type":"ImageObject","inLanguage":"fr-FR","@id":"https:\/\/charleroi-pourlapalestine.be\/#\/schema\/logo\/image\/","url":"https:\/\/charleroi-pourlapalestine.be\/wp-content\/uploads\/2020\/01\/logo-Copy.jpg","contentUrl":"https:\/\/charleroi-pourlapalestine.be\/wp-content\/uploads\/2020\/01\/logo-Copy.jpg","width":180,"height":180,"caption":"Plate-forme Charleroi-Palestine"},"image":{"@id":"https:\/\/charleroi-pourlapalestine.be\/#\/schema\/logo\/image\/"},"sameAs":["https:\/\/www.facebook.com\/PlateformeCharleroiPalestine\/","https:\/\/x.com\/LaCharleroi"]},{"@type":"Person","@id":"https:\/\/charleroi-pourlapalestine.be\/#\/schema\/person\/c19ff515112f1299d8c12671d8fe3faa","name":"admin1873","url":"https:\/\/charleroi-pourlapalestine.be\/index.php\/author\/admin1873\/"}]}},"_links":{"self":[{"href":"https:\/\/charleroi-pourlapalestine.be\/index.php\/wp-json\/wp\/v2\/posts\/26989","targetHints":{"allow":["GET"]}}],"collection":[{"href":"https:\/\/charleroi-pourlapalestine.be\/index.php\/wp-json\/wp\/v2\/posts"}],"about":[{"href":"https:\/\/charleroi-pourlapalestine.be\/index.php\/wp-json\/wp\/v2\/types\/post"}],"author":[{"embeddable":true,"href":"https:\/\/charleroi-pourlapalestine.be\/index.php\/wp-json\/wp\/v2\/users\/1"}],"replies":[{"embeddable":true,"href":"https:\/\/charleroi-pourlapalestine.be\/index.php\/wp-json\/wp\/v2\/comments?post=26989"}],"version-history":[{"count":0,"href":"https:\/\/charleroi-pourlapalestine.be\/index.php\/wp-json\/wp\/v2\/posts\/26989\/revisions"}],"wp:featuredmedia":[{"embeddable":true,"href":"https:\/\/charleroi-pourlapalestine.be\/index.php\/wp-json\/wp\/v2\/media\/26990"}],"wp:attachment":[{"href":"https:\/\/charleroi-pourlapalestine.be\/index.php\/wp-json\/wp\/v2\/media?parent=26989"}],"wp:term":[{"taxonomy":"category","embeddable":true,"href":"https:\/\/charleroi-pourlapalestine.be\/index.php\/wp-json\/wp\/v2\/categories?post=26989"},{"taxonomy":"post_tag","embeddable":true,"href":"https:\/\/charleroi-pourlapalestine.be\/index.php\/wp-json\/wp\/v2\/tags?post=26989"}],"curies":[{"name":"wp","href":"https:\/\/api.w.org\/{rel}","templated":true}]}}