{"id":27021,"date":"2021-06-16T09:17:48","date_gmt":"2021-06-16T07:17:48","guid":{"rendered":"https:\/\/charleroi-pourlapalestine.be\/?p=27021"},"modified":"2021-06-16T09:18:31","modified_gmt":"2021-06-16T07:18:31","slug":"pourquoi-israel-sacharne-a-faire-taire-la-campagne-savesheikhjarrah","status":"publish","type":"post","link":"https:\/\/charleroi-pourlapalestine.be\/index.php\/2021\/06\/16\/pourquoi-israel-sacharne-a-faire-taire-la-campagne-savesheikhjarrah\/","title":{"rendered":"Pourquoi Isra\u00ebl s\u2019acharne \u00e0 faire taire la campagne #SaveSheikhJarrah"},"content":{"rendered":"<p><em>La campagne populaire et de masse #SaveSheikhJarrah a uni les Palestiniens dans la r\u00e9sistance et a capt\u00e9 l\u2019attention du monde sur l\u2019occupation isra\u00e9lienne.<\/em><\/p>\n<div id=\"attachment_27023\" style=\"width: 487px\" class=\"wp-caption aligncenter\"><img loading=\"lazy\" decoding=\"async\" aria-describedby=\"caption-attachment-27023\" class=\"wp-image-27023 size-full\" src=\"https:\/\/charleroi-pourlapalestine.be\/wp-content\/uploads\/2021\/06\/Muna-et-Mohammed-al-Kurd-e1623826718459.jpg\" alt=\"Militants palestiniens connus, Muna et Mohammed al-Kurd rentrent chez eux \u00e0 Sheikh Jarrah, \u00e0 J\u00e9rusalem, apr\u00e8s avoir \u00e9t\u00e9 arr\u00eat\u00e9s par la police pour interrogatoire. Les deux jeunes gens ont \u00e9t\u00e9 interrog\u00e9s sur des soup\u00e7ons de trouble \u00e0 l'ordre public pour avoir particip\u00e9 \u00e0 des manifestations de protestation contre l'expulsion imminente de familles palestiniennes de Sheikh Jarrah. Muna et Mohammed sont devenus les visages publics de la campagne palestinienne contre le nettoyage ethnique de Sheikh Jarrah - Photo : Oren Ziv\/Activestills\" width=\"477\" height=\"320\"><p id=\"caption-attachment-27023\" class=\"wp-caption-text\">Militants palestiniens connus, Muna et Mohammed al-Kurd rentrent chez eux \u00e0 Sheikh Jarrah, \u00e0 J\u00e9rusalem, apr\u00e8s avoir \u00e9t\u00e9 arr\u00eat\u00e9s par la police pour interrogatoire. Les deux jeunes gens ont \u00e9t\u00e9 interrog\u00e9s sur des soup\u00e7ons de trouble \u00e0 l&rsquo;ordre public pour avoir particip\u00e9 \u00e0 des manifestations de protestation contre l&rsquo;expulsion imminente de familles palestiniennes de Sheikh Jarrah. Muna et Mohammed sont devenus les visages publics de la campagne palestinienne contre le nettoyage ethnique de Sheikh Jarrah &#8211; Photo : Oren Ziv\/Activestills<\/p><\/div>\n<p><strong><a href=\"https:\/\/charleroi-pourlapalestine.be\/index.php\/tag\/yara-hawari\/\" target=\"_blank\" rel=\"noopener noreferrer\">Yara Hawari<\/a>,<br \/>\n<\/strong><\/p>\n<p>Au cours des derni\u00e8res semaines, nous avons assist\u00e9 \u00e0 ce que beaucoup qualifient de nouveau soul\u00e8vement palestinien. Surnomm\u00e9 par certains <strong><em>\u00ab l\u2019Intifada de l\u2019unit\u00e9 \u00bb<\/em><\/strong>, il a rassembl\u00e9 autour de <strong>la r\u00e9sistance tous les Palestiniens de toute la Palestine colonis\u00e9e<\/strong>, les poussant \u00e0 r\u00e9sister et \u00e0 manifester unanimement contre le colonialisme de peuplement et ses manifestations dans diverses zones g\u00e9ographiques, de J\u00e9rusalem \u00e0 Gaza.<\/p>\n<p>Le catalyseur de ce nouveau soul\u00e8vement a \u00e9t\u00e9 la menace du r\u00e9gime isra\u00e9lien d\u2019expulser les familles palestiniennes de leurs maisons \u00e0 <strong>Sheikh Jarrah<\/strong> \u2013 le d\u00e9sormais c\u00e9l\u00e8bre quartier palestinien de <strong>J\u00e9rusalem-Est occup\u00e9e.<\/strong><\/p>\n<p>Les Palestiniens vivant \u00e0 <strong>Sheikh Jarrah<\/strong>, comme d\u2019innombrables autres communaut\u00e9s palestiniennes, sont menac\u00e9s d\u2019expulsion depuis des d\u00e9cennies. Ils ont \u00e9t\u00e9 engag\u00e9s dans une longue bataille juridique avec le r\u00e9gime isra\u00e9lien pour conserver leurs maisons et stopper, ou du moins ralentir, les tentatives isra\u00e9liennes de nettoyer ethniquement et de juda\u00efser compl\u00e8tement J\u00e9rusalem.<\/p>\n<p>Fin avril 2021, le tribunal de district de<strong> J\u00e9rusalem<\/strong> a rejet\u00e9 les appels contre ce que les tribunaux isra\u00e9liens appellent <em>\u00ab l\u2019expulsion \u00bb<\/em> de huit m\u00e9nages, et a ordonn\u00e9 que ces familles quittent leurs maisons avant le 2 mai 2021.<\/p>\n<p>Refusant cet ordre, les familles se sont engag\u00e9es dans une campagne de masse pour <em>\u00ab sauver Sheikh Jarrah \u00bb<\/em> du nettoyage ethnique colonial. La campagne a \u00e9t\u00e9 et continue d\u2019\u00eatre men\u00e9e par des membres de la communaut\u00e9, notamment par des jumeaux \u00e2g\u00e9s de 23 ans, <strong>Mohammed et Muna al-Kurd.<\/strong><\/p>\n<p>Les fr\u00e8res et s\u0153urs ont fait conna\u00eetre la r\u00e9alit\u00e9 sur le terrain \u00e0 <strong>Sheikh Jarrah<\/strong> et ont appel\u00e9 tous les Palestiniens \u00e0 l\u2019action via leurs comptes de m\u00e9dias sociaux qui comptent des centaines de milliers de<em> \u201csuiveurs\u201d.<\/em><\/p>\n<p>Leurs efforts ont depuis attir\u00e9 l\u2019attention non seulement au niveau local mais aussi international. La campagne a r\u00e9ussi \u00e0 <strong>unir les Palestiniens \u00e0 travers toute la Palestine colonis\u00e9e<\/strong> en r\u00e9sumant ce qui est la quintessence de l\u2019exp\u00e9rience palestinienne : <strong>le d\u00e9placement forc\u00e9.<\/strong><\/p>\n<p>Depuis le d\u00e9but, cependant, cette campagne a fait face \u00e0 une \u00e9norme r\u00e9pression. Les abonn\u00e9s de m\u00e9dias sociaux partageant du contenu de et \u00e0 propos de<strong> Sheikh Jarrah<\/strong> ont signal\u00e9 que leurs comptes avaient \u00e9t\u00e9 censur\u00e9s, limit\u00e9s ou ferm\u00e9s.<\/p>\n<p><strong>Mohammed al-Kurd<\/strong> lui-m\u00eame a d\u00e9clar\u00e9 avoir re\u00e7u un avertissement d\u2019Instagram selon lequel ses publications sur <strong>Sheikh Jarrah<\/strong> et la brutalit\u00e9 du r\u00e9gime isra\u00e9lien enfreignaient les <em>\u00ab r\u00e8gles communautaires \u00bb<\/em> et que l\u2019int\u00e9gralit\u00e9 de son compte pourrait \u00e9ventuellement \u00eatre supprim\u00e9e.<\/p>\n<p>Bien s\u00fbr, rien de tout cela n\u2019\u00e9tait surprenant. Les plateformes de m\u00e9dias sociaux comme <em>Facebook, WhatsApp, Twitter<\/em> et <em>YouTube<\/em> travaillent depuis longtemps main dans la main avec le r\u00e9gime isra\u00e9lien et ses nombreux affili\u00e9s pour censurer le discours palestinien.<\/p>\n<p>Les militants palestiniens savent trop bien que si ces plateformes ont \u00e9t\u00e9 tr\u00e8s efficaces pour les aider \u00e0 atteindre un public \u00e0 l\u2019\u00e9chelle mondiale, elles ont \u00e9galement \u00e9t\u00e9 utilis\u00e9es pour<strong> censurer et surveiller.<\/strong><\/p>\n<p>Au cours de la derni\u00e8re d\u00e9cennie, de nombreux Palestiniens ont \u00e9t\u00e9 arr\u00eat\u00e9s par le r\u00e9gime isra\u00e9lien pour avoir publi\u00e9 des articles sur leur lutte et appel\u00e9 les gens \u00e0 l\u2019action sur les r\u00e9seaux sociaux.<\/p>\n<p>Les efforts pour censurer la campagne #SaveSheikhJarrah et faire taire ceux qui rapportent les injustices subies par la communaut\u00e9 ne se sont pas limit\u00e9s aux m\u00e9dias sociaux non plus. Les<strong> journalistes sur le terrain ont \u00e9galement \u00e9t\u00e9 intimid\u00e9s et harcel\u00e9s<\/strong> par les forces du r\u00e9gime isra\u00e9lien.<\/p>\n<p>Plus r\u00e9cemment, la journaliste arabe d\u2019Al Jazeera, <strong>Givara Budeiri,<\/strong> a \u00e9t\u00e9 violemment arr\u00eat\u00e9e alors qu\u2019elle tentait de faire un reportage depuis le quartier.<\/p>\n<p>Bien s\u00fbr, ce n\u2019est pas nouveau non plus \u2013 le r\u00e9gime isra\u00e9lien prend syst\u00e9matiquement pour cible, depuis des d\u00e9cennies, les journalistes \u00e9trangers et locaux couvrant la Palestine.<\/p>\n<p>Les forces r\u00e9pressives isra\u00e9liennes ont perquisitionn\u00e9 plusieurs bureaux de m\u00e9dias en Palestine au fil des ann\u00e9es et, plus r\u00e9cemment, elles ont bombard\u00e9 l\u2019immeuble qui abritait \u00e0 la fois les bureaux d\u2019<em>Al Jazeera<\/em> et d\u2019<em>Associated Press<\/em> \u00e0 <strong>Gaza.<\/strong><\/p>\n<p>Alors qu\u2019Isra\u00ebl s\u2019est toujours efforc\u00e9 de faire taire les Palestiniens, sa r\u00e9pression contre la campagne <strong>Save Sheikh Jarrah<\/strong> et les journalistes qui la couvrent a \u00e9t\u00e9 particuli\u00e8rement forte et violente. Les forces isra\u00e9liennes utilisent r\u00e9guli\u00e8rement la force brute pour briser les manifestations et aspergent r\u00e9guli\u00e8rement les habitants palestiniens du quartier avec de l\u2019eau pestilentielle comme forme de punition collective.<\/p>\n<p>Elles ont \u00e9galement depuis <strong>entour\u00e9 le quartier de postes de contr\u00f4le<\/strong>. Seuls les Palestiniens qui sont enregistr\u00e9s comme r\u00e9sidents de Sheikh Jarrah sont autoris\u00e9s \u00e0 entrer, mais les <strong>colons isra\u00e9liens arm\u00e9s<\/strong> peuvent se promener dans le quartier sans aucune entrave \u00e0 tout moment. C\u2019est pourquoi beaucoup d\u00e9crivent maintenant la situation \u00e0 <strong>Sheikh Jarrah<\/strong> comme \u00e9tant un v\u00e9ritable <strong>blocus.<\/strong><\/p>\n<p>Il est clair que le ciblage de la campagne <strong>Sheikh Jarrah<\/strong> n\u2019est pas seulement parce qu\u2019elle a r\u00e9ussi \u00e0 montrer au monde la brutalit\u00e9 et l\u2019injustice du r\u00e9gime isra\u00e9lien, mais aussi parce qu\u2019elle a r\u00e9ussi \u00e0 unir les Palestiniens.<\/p>\n<p>La brutalit\u00e9 du r\u00e9gime isra\u00e9lien, cependant, n\u2019a pas r\u00e9ussi \u00e0 arr\u00eater la campagne ou \u00e0 limiter sa port\u00e9e. Les militants de <strong>Sheikh Jarrah<\/strong> se mobilisent toujours en ligne et sur le terrain. Ils ont non seulement r\u00e9ussi \u00e0 unir les Palestiniens de toute la Palestine colonis\u00e9e dans une lutte commune, mais ont \u00e9galement attir\u00e9 l\u2019attention du monde sur le <strong>nettoyage ethnique isra\u00e9lien.<\/strong><\/p>\n<p>Et pour cela,<strong> Sheikh Jarrah<\/strong> continuera d\u2019\u00eatre une \u00e9pine dans le pied du r\u00e9gime isra\u00e9lien.<\/p>\n<hr>\n<p>Publi\u00e9 le 10 juin 2021 sur <a href=\"https:\/\/www.aljazeera.com\/opinions\/2021\/6\/10\/why-israel-is-so-desperate-to-silence-savesheikhjarrah\" target=\"_blank\" rel=\"noopener noreferrer\">Al Jazeera<\/a><br \/>\nTraduction : <a href=\"https:\/\/www.chroniquepalestine.com\/pourquoi-israel-sacharne-a-faire-taire-la-campagne-savesheikhjarrah\/\" target=\"_blank\" rel=\"noopener noreferrer\">Chronique de Palestine<\/a><\/p>\n<div id=\"attachment_11038\" class=\"wp-caption alignleft\"><img loading=\"lazy\" decoding=\"async\" class=\"wp-image-11038 size-full\" src=\"https:\/\/charleroi-pourlapalestine.be\/wp-content\/uploads\/2020\/04\/Yara-Awari.jpg\" alt=\"Yara Hawari\" aria-describedby=\"caption-attachment-11038\" width=\"150\" height=\"150\"><\/p>\n<p id=\"caption-attachment-11038\" class=\"wp-caption-text\">Yara Hawari<\/p>\n<\/div>\n<p><strong>Yara Hawari<\/strong> est charg\u00e9e de recherche en politique palestinienne \u00e0 <em><strong>Al-Shabaka : The Palestinian Policy Network.<\/strong><\/em><\/p>\n<p>Elle a obtenu son doctorat en politique du Moyen-Orient \u00e0 l\u2019universit\u00e9 d\u2019Exeter, o\u00f9 elle a enseign\u00e9 divers cours de premier cycle et continue \u00e0 \u00eatre chercheur honoraire. En plus de son travail universitaire qui s\u2019est concentr\u00e9 sur les \u00e9tudes indig\u00e8nes et l\u2019histoire orale, elle publie fr\u00e9quemment ses commentaires politiques dans divers m\u00e9dias, notamment <em>The Guardian, Foreign Policy et Al Jazeera English<\/em>.<\/p>\n<p>Lisez \u00e9galement cet article de <strong>Yara Hawari<\/strong> :<strong> <a href=\"https:\/\/charleroi-pourlapalestine.be\/index.php\/2020\/04\/19\/futurs-radicaux-quand-les-palestiniens-imaginent\/\" target=\"_blank\" rel=\"noopener noreferrer\">Futurs radicaux : Quand les Palestiniens imaginent<\/a><\/strong><\/p>\n","protected":false},"excerpt":{"rendered":"<p>La campagne populaire et de masse #SaveSheikhJarrah a uni les Palestiniens dans la r\u00e9sistance et a capt\u00e9 l\u2019attention du monde sur l\u2019occupation isra\u00e9lienne.<\/p>\n","protected":false},"author":1,"featured_media":27023,"comment_status":"closed","ping_status":"closed","sticky":false,"template":"","format":"standard","meta":{"ngg_post_thumbnail":0,"footnotes":""},"categories":[8,140,45,742],"tags":[],"class_list":["post-27021","post","type-post","status-publish","format-standard","has-post-thumbnail","hentry","category-jerusalem","category-letat-colonial","category-le-nettoyage-ethique","category-sheikh-jarrah"],"yoast_head":"<!-- This site is optimized with the Yoast SEO plugin v27.3 - https:\/\/yoast.com\/product\/yoast-seo-wordpress\/ -->\n<title>Pourquoi Isra\u00ebl s\u2019acharne \u00e0 faire taire la campagne #SaveSheikhJarrah<\/title>\n<meta name=\"description\" content=\"La campagne populaire et de masse #SaveSheikhJarrah a uni les Palestiniens dans la r\u00e9sistance et a capt\u00e9 l\u2019attention du monde sur l\u2019occupation isra\u00e9lienne.\" \/>\n<meta name=\"robots\" content=\"index, follow, max-snippet:-1, max-image-preview:large, max-video-preview:-1\" \/>\n<link rel=\"canonical\" href=\"https:\/\/charleroi-pourlapalestine.be\/index.php\/2021\/06\/16\/pourquoi-israel-sacharne-a-faire-taire-la-campagne-savesheikhjarrah\/\" \/>\n<script type=\"application\/ld+json\" class=\"yoast-schema-graph\">{\"@context\":\"https:\\\/\\\/schema.org\",\"@graph\":[{\"@type\":\"Article\",\"@id\":\"https:\\\/\\\/charleroi-pourlapalestine.be\\\/index.php\\\/2021\\\/06\\\/16\\\/pourquoi-israel-sacharne-a-faire-taire-la-campagne-savesheikhjarrah\\\/#article\",\"isPartOf\":{\"@id\":\"https:\\\/\\\/charleroi-pourlapalestine.be\\\/index.php\\\/2021\\\/06\\\/16\\\/pourquoi-israel-sacharne-a-faire-taire-la-campagne-savesheikhjarrah\\\/\"},\"author\":{\"name\":\"admin1873\",\"@id\":\"https:\\\/\\\/charleroi-pourlapalestine.be\\\/#\\\/schema\\\/person\\\/c19ff515112f1299d8c12671d8fe3faa\"},\"headline\":\"Pourquoi Isra\u00ebl s\u2019acharne \u00e0 faire taire la campagne #SaveSheikhJarrah\",\"datePublished\":\"2021-06-16T07:17:48+00:00\",\"dateModified\":\"2021-06-16T07:18:31+00:00\",\"mainEntityOfPage\":{\"@id\":\"https:\\\/\\\/charleroi-pourlapalestine.be\\\/index.php\\\/2021\\\/06\\\/16\\\/pourquoi-israel-sacharne-a-faire-taire-la-campagne-savesheikhjarrah\\\/\"},\"wordCount\":1212,\"publisher\":{\"@id\":\"https:\\\/\\\/charleroi-pourlapalestine.be\\\/#organization\"},\"image\":{\"@id\":\"https:\\\/\\\/charleroi-pourlapalestine.be\\\/index.php\\\/2021\\\/06\\\/16\\\/pourquoi-israel-sacharne-a-faire-taire-la-campagne-savesheikhjarrah\\\/#primaryimage\"},\"thumbnailUrl\":\"https:\\\/\\\/charleroi-pourlapalestine.be\\\/wp-content\\\/uploads\\\/2021\\\/06\\\/Muna-et-Mohammed-al-Kurd-e1623826718459.jpg\",\"articleSection\":[\"J\u00e9rusalem\",\"L'Etat colonial\",\"Nettoyage ethnique\",\"Sheikh Jarrah\"],\"inLanguage\":\"fr-FR\"},{\"@type\":\"WebPage\",\"@id\":\"https:\\\/\\\/charleroi-pourlapalestine.be\\\/index.php\\\/2021\\\/06\\\/16\\\/pourquoi-israel-sacharne-a-faire-taire-la-campagne-savesheikhjarrah\\\/\",\"url\":\"https:\\\/\\\/charleroi-pourlapalestine.be\\\/index.php\\\/2021\\\/06\\\/16\\\/pourquoi-israel-sacharne-a-faire-taire-la-campagne-savesheikhjarrah\\\/\",\"name\":\"Pourquoi Isra\u00ebl s\u2019acharne \u00e0 faire taire la campagne #SaveSheikhJarrah\",\"isPartOf\":{\"@id\":\"https:\\\/\\\/charleroi-pourlapalestine.be\\\/#website\"},\"primaryImageOfPage\":{\"@id\":\"https:\\\/\\\/charleroi-pourlapalestine.be\\\/index.php\\\/2021\\\/06\\\/16\\\/pourquoi-israel-sacharne-a-faire-taire-la-campagne-savesheikhjarrah\\\/#primaryimage\"},\"image\":{\"@id\":\"https:\\\/\\\/charleroi-pourlapalestine.be\\\/index.php\\\/2021\\\/06\\\/16\\\/pourquoi-israel-sacharne-a-faire-taire-la-campagne-savesheikhjarrah\\\/#primaryimage\"},\"thumbnailUrl\":\"https:\\\/\\\/charleroi-pourlapalestine.be\\\/wp-content\\\/uploads\\\/2021\\\/06\\\/Muna-et-Mohammed-al-Kurd-e1623826718459.jpg\",\"datePublished\":\"2021-06-16T07:17:48+00:00\",\"dateModified\":\"2021-06-16T07:18:31+00:00\",\"description\":\"La campagne populaire et de masse #SaveSheikhJarrah a uni les Palestiniens dans la r\u00e9sistance et a capt\u00e9 l\u2019attention du monde sur l\u2019occupation isra\u00e9lienne.\",\"breadcrumb\":{\"@id\":\"https:\\\/\\\/charleroi-pourlapalestine.be\\\/index.php\\\/2021\\\/06\\\/16\\\/pourquoi-israel-sacharne-a-faire-taire-la-campagne-savesheikhjarrah\\\/#breadcrumb\"},\"inLanguage\":\"fr-FR\",\"potentialAction\":[{\"@type\":\"ReadAction\",\"target\":[\"https:\\\/\\\/charleroi-pourlapalestine.be\\\/index.php\\\/2021\\\/06\\\/16\\\/pourquoi-israel-sacharne-a-faire-taire-la-campagne-savesheikhjarrah\\\/\"]}]},{\"@type\":\"ImageObject\",\"inLanguage\":\"fr-FR\",\"@id\":\"https:\\\/\\\/charleroi-pourlapalestine.be\\\/index.php\\\/2021\\\/06\\\/16\\\/pourquoi-israel-sacharne-a-faire-taire-la-campagne-savesheikhjarrah\\\/#primaryimage\",\"url\":\"https:\\\/\\\/charleroi-pourlapalestine.be\\\/wp-content\\\/uploads\\\/2021\\\/06\\\/Muna-et-Mohammed-al-Kurd-e1623826718459.jpg\",\"contentUrl\":\"https:\\\/\\\/charleroi-pourlapalestine.be\\\/wp-content\\\/uploads\\\/2021\\\/06\\\/Muna-et-Mohammed-al-Kurd-e1623826718459.jpg\",\"width\":477,\"height\":320},{\"@type\":\"BreadcrumbList\",\"@id\":\"https:\\\/\\\/charleroi-pourlapalestine.be\\\/index.php\\\/2021\\\/06\\\/16\\\/pourquoi-israel-sacharne-a-faire-taire-la-campagne-savesheikhjarrah\\\/#breadcrumb\",\"itemListElement\":[{\"@type\":\"ListItem\",\"position\":1,\"name\":\"Accueil\",\"item\":\"https:\\\/\\\/charleroi-pourlapalestine.be\\\/\"},{\"@type\":\"ListItem\",\"position\":2,\"name\":\"Pourquoi Isra\u00ebl s\u2019acharne \u00e0 faire taire la campagne #SaveSheikhJarrah\"}]},{\"@type\":\"WebSite\",\"@id\":\"https:\\\/\\\/charleroi-pourlapalestine.be\\\/#website\",\"url\":\"https:\\\/\\\/charleroi-pourlapalestine.be\\\/\",\"name\":\"Charleroi Pour la Palestine\",\"description\":\"\",\"publisher\":{\"@id\":\"https:\\\/\\\/charleroi-pourlapalestine.be\\\/#organization\"},\"potentialAction\":[{\"@type\":\"SearchAction\",\"target\":{\"@type\":\"EntryPoint\",\"urlTemplate\":\"https:\\\/\\\/charleroi-pourlapalestine.be\\\/?s={search_term_string}\"},\"query-input\":{\"@type\":\"PropertyValueSpecification\",\"valueRequired\":true,\"valueName\":\"search_term_string\"}}],\"inLanguage\":\"fr-FR\"},{\"@type\":\"Organization\",\"@id\":\"https:\\\/\\\/charleroi-pourlapalestine.be\\\/#organization\",\"name\":\"Plate-forme Charleroi-Palestine\",\"url\":\"https:\\\/\\\/charleroi-pourlapalestine.be\\\/\",\"logo\":{\"@type\":\"ImageObject\",\"inLanguage\":\"fr-FR\",\"@id\":\"https:\\\/\\\/charleroi-pourlapalestine.be\\\/#\\\/schema\\\/logo\\\/image\\\/\",\"url\":\"https:\\\/\\\/charleroi-pourlapalestine.be\\\/wp-content\\\/uploads\\\/2020\\\/01\\\/logo-Copy.jpg\",\"contentUrl\":\"https:\\\/\\\/charleroi-pourlapalestine.be\\\/wp-content\\\/uploads\\\/2020\\\/01\\\/logo-Copy.jpg\",\"width\":180,\"height\":180,\"caption\":\"Plate-forme Charleroi-Palestine\"},\"image\":{\"@id\":\"https:\\\/\\\/charleroi-pourlapalestine.be\\\/#\\\/schema\\\/logo\\\/image\\\/\"},\"sameAs\":[\"https:\\\/\\\/www.facebook.com\\\/PlateformeCharleroiPalestine\\\/\",\"https:\\\/\\\/x.com\\\/LaCharleroi\"]},{\"@type\":\"Person\",\"@id\":\"https:\\\/\\\/charleroi-pourlapalestine.be\\\/#\\\/schema\\\/person\\\/c19ff515112f1299d8c12671d8fe3faa\",\"name\":\"admin1873\",\"url\":\"https:\\\/\\\/charleroi-pourlapalestine.be\\\/index.php\\\/author\\\/admin1873\\\/\"}]}<\/script>\n<!-- \/ Yoast SEO plugin. -->","yoast_head_json":{"title":"Pourquoi Isra\u00ebl s\u2019acharne \u00e0 faire taire la campagne #SaveSheikhJarrah","description":"La campagne populaire et de masse #SaveSheikhJarrah a uni les Palestiniens dans la r\u00e9sistance et a capt\u00e9 l\u2019attention du monde sur l\u2019occupation isra\u00e9lienne.","robots":{"index":"index","follow":"follow","max-snippet":"max-snippet:-1","max-image-preview":"max-image-preview:large","max-video-preview":"max-video-preview:-1"},"canonical":"https:\/\/charleroi-pourlapalestine.be\/index.php\/2021\/06\/16\/pourquoi-israel-sacharne-a-faire-taire-la-campagne-savesheikhjarrah\/","schema":{"@context":"https:\/\/schema.org","@graph":[{"@type":"Article","@id":"https:\/\/charleroi-pourlapalestine.be\/index.php\/2021\/06\/16\/pourquoi-israel-sacharne-a-faire-taire-la-campagne-savesheikhjarrah\/#article","isPartOf":{"@id":"https:\/\/charleroi-pourlapalestine.be\/index.php\/2021\/06\/16\/pourquoi-israel-sacharne-a-faire-taire-la-campagne-savesheikhjarrah\/"},"author":{"name":"admin1873","@id":"https:\/\/charleroi-pourlapalestine.be\/#\/schema\/person\/c19ff515112f1299d8c12671d8fe3faa"},"headline":"Pourquoi Isra\u00ebl s\u2019acharne \u00e0 faire taire la campagne #SaveSheikhJarrah","datePublished":"2021-06-16T07:17:48+00:00","dateModified":"2021-06-16T07:18:31+00:00","mainEntityOfPage":{"@id":"https:\/\/charleroi-pourlapalestine.be\/index.php\/2021\/06\/16\/pourquoi-israel-sacharne-a-faire-taire-la-campagne-savesheikhjarrah\/"},"wordCount":1212,"publisher":{"@id":"https:\/\/charleroi-pourlapalestine.be\/#organization"},"image":{"@id":"https:\/\/charleroi-pourlapalestine.be\/index.php\/2021\/06\/16\/pourquoi-israel-sacharne-a-faire-taire-la-campagne-savesheikhjarrah\/#primaryimage"},"thumbnailUrl":"https:\/\/charleroi-pourlapalestine.be\/wp-content\/uploads\/2021\/06\/Muna-et-Mohammed-al-Kurd-e1623826718459.jpg","articleSection":["J\u00e9rusalem","L'Etat colonial","Nettoyage ethnique","Sheikh Jarrah"],"inLanguage":"fr-FR"},{"@type":"WebPage","@id":"https:\/\/charleroi-pourlapalestine.be\/index.php\/2021\/06\/16\/pourquoi-israel-sacharne-a-faire-taire-la-campagne-savesheikhjarrah\/","url":"https:\/\/charleroi-pourlapalestine.be\/index.php\/2021\/06\/16\/pourquoi-israel-sacharne-a-faire-taire-la-campagne-savesheikhjarrah\/","name":"Pourquoi Isra\u00ebl s\u2019acharne \u00e0 faire taire la campagne #SaveSheikhJarrah","isPartOf":{"@id":"https:\/\/charleroi-pourlapalestine.be\/#website"},"primaryImageOfPage":{"@id":"https:\/\/charleroi-pourlapalestine.be\/index.php\/2021\/06\/16\/pourquoi-israel-sacharne-a-faire-taire-la-campagne-savesheikhjarrah\/#primaryimage"},"image":{"@id":"https:\/\/charleroi-pourlapalestine.be\/index.php\/2021\/06\/16\/pourquoi-israel-sacharne-a-faire-taire-la-campagne-savesheikhjarrah\/#primaryimage"},"thumbnailUrl":"https:\/\/charleroi-pourlapalestine.be\/wp-content\/uploads\/2021\/06\/Muna-et-Mohammed-al-Kurd-e1623826718459.jpg","datePublished":"2021-06-16T07:17:48+00:00","dateModified":"2021-06-16T07:18:31+00:00","description":"La campagne populaire et de masse #SaveSheikhJarrah a uni les Palestiniens dans la r\u00e9sistance et a capt\u00e9 l\u2019attention du monde sur l\u2019occupation isra\u00e9lienne.","breadcrumb":{"@id":"https:\/\/charleroi-pourlapalestine.be\/index.php\/2021\/06\/16\/pourquoi-israel-sacharne-a-faire-taire-la-campagne-savesheikhjarrah\/#breadcrumb"},"inLanguage":"fr-FR","potentialAction":[{"@type":"ReadAction","target":["https:\/\/charleroi-pourlapalestine.be\/index.php\/2021\/06\/16\/pourquoi-israel-sacharne-a-faire-taire-la-campagne-savesheikhjarrah\/"]}]},{"@type":"ImageObject","inLanguage":"fr-FR","@id":"https:\/\/charleroi-pourlapalestine.be\/index.php\/2021\/06\/16\/pourquoi-israel-sacharne-a-faire-taire-la-campagne-savesheikhjarrah\/#primaryimage","url":"https:\/\/charleroi-pourlapalestine.be\/wp-content\/uploads\/2021\/06\/Muna-et-Mohammed-al-Kurd-e1623826718459.jpg","contentUrl":"https:\/\/charleroi-pourlapalestine.be\/wp-content\/uploads\/2021\/06\/Muna-et-Mohammed-al-Kurd-e1623826718459.jpg","width":477,"height":320},{"@type":"BreadcrumbList","@id":"https:\/\/charleroi-pourlapalestine.be\/index.php\/2021\/06\/16\/pourquoi-israel-sacharne-a-faire-taire-la-campagne-savesheikhjarrah\/#breadcrumb","itemListElement":[{"@type":"ListItem","position":1,"name":"Accueil","item":"https:\/\/charleroi-pourlapalestine.be\/"},{"@type":"ListItem","position":2,"name":"Pourquoi Isra\u00ebl s\u2019acharne \u00e0 faire taire la campagne #SaveSheikhJarrah"}]},{"@type":"WebSite","@id":"https:\/\/charleroi-pourlapalestine.be\/#website","url":"https:\/\/charleroi-pourlapalestine.be\/","name":"Charleroi Pour la Palestine","description":"","publisher":{"@id":"https:\/\/charleroi-pourlapalestine.be\/#organization"},"potentialAction":[{"@type":"SearchAction","target":{"@type":"EntryPoint","urlTemplate":"https:\/\/charleroi-pourlapalestine.be\/?s={search_term_string}"},"query-input":{"@type":"PropertyValueSpecification","valueRequired":true,"valueName":"search_term_string"}}],"inLanguage":"fr-FR"},{"@type":"Organization","@id":"https:\/\/charleroi-pourlapalestine.be\/#organization","name":"Plate-forme Charleroi-Palestine","url":"https:\/\/charleroi-pourlapalestine.be\/","logo":{"@type":"ImageObject","inLanguage":"fr-FR","@id":"https:\/\/charleroi-pourlapalestine.be\/#\/schema\/logo\/image\/","url":"https:\/\/charleroi-pourlapalestine.be\/wp-content\/uploads\/2020\/01\/logo-Copy.jpg","contentUrl":"https:\/\/charleroi-pourlapalestine.be\/wp-content\/uploads\/2020\/01\/logo-Copy.jpg","width":180,"height":180,"caption":"Plate-forme Charleroi-Palestine"},"image":{"@id":"https:\/\/charleroi-pourlapalestine.be\/#\/schema\/logo\/image\/"},"sameAs":["https:\/\/www.facebook.com\/PlateformeCharleroiPalestine\/","https:\/\/x.com\/LaCharleroi"]},{"@type":"Person","@id":"https:\/\/charleroi-pourlapalestine.be\/#\/schema\/person\/c19ff515112f1299d8c12671d8fe3faa","name":"admin1873","url":"https:\/\/charleroi-pourlapalestine.be\/index.php\/author\/admin1873\/"}]}},"_links":{"self":[{"href":"https:\/\/charleroi-pourlapalestine.be\/index.php\/wp-json\/wp\/v2\/posts\/27021","targetHints":{"allow":["GET"]}}],"collection":[{"href":"https:\/\/charleroi-pourlapalestine.be\/index.php\/wp-json\/wp\/v2\/posts"}],"about":[{"href":"https:\/\/charleroi-pourlapalestine.be\/index.php\/wp-json\/wp\/v2\/types\/post"}],"author":[{"embeddable":true,"href":"https:\/\/charleroi-pourlapalestine.be\/index.php\/wp-json\/wp\/v2\/users\/1"}],"replies":[{"embeddable":true,"href":"https:\/\/charleroi-pourlapalestine.be\/index.php\/wp-json\/wp\/v2\/comments?post=27021"}],"version-history":[{"count":0,"href":"https:\/\/charleroi-pourlapalestine.be\/index.php\/wp-json\/wp\/v2\/posts\/27021\/revisions"}],"wp:featuredmedia":[{"embeddable":true,"href":"https:\/\/charleroi-pourlapalestine.be\/index.php\/wp-json\/wp\/v2\/media\/27023"}],"wp:attachment":[{"href":"https:\/\/charleroi-pourlapalestine.be\/index.php\/wp-json\/wp\/v2\/media?parent=27021"}],"wp:term":[{"taxonomy":"category","embeddable":true,"href":"https:\/\/charleroi-pourlapalestine.be\/index.php\/wp-json\/wp\/v2\/categories?post=27021"},{"taxonomy":"post_tag","embeddable":true,"href":"https:\/\/charleroi-pourlapalestine.be\/index.php\/wp-json\/wp\/v2\/tags?post=27021"}],"curies":[{"name":"wp","href":"https:\/\/api.w.org\/{rel}","templated":true}]}}