{"id":27487,"date":"2021-07-03T16:05:31","date_gmt":"2021-07-03T14:05:31","guid":{"rendered":"https:\/\/charleroi-pourlapalestine.be\/?p=27487"},"modified":"2021-07-03T16:05:32","modified_gmt":"2021-07-03T14:05:32","slug":"le-soutien-des-palestiniens-a-la-resistance-armee-et-a-lintifada-augmente","status":"publish","type":"post","link":"https:\/\/charleroi-pourlapalestine.be\/index.php\/2021\/07\/03\/le-soutien-des-palestiniens-a-la-resistance-armee-et-a-lintifada-augmente\/","title":{"rendered":"Le soutien des Palestiniens \u00e0 la r\u00e9sistance arm\u00e9e et \u00e0 l\u2019Intifada augmente"},"content":{"rendered":"<p><em>Les <strong>Palestiniens<\/strong> consid\u00e8rent massivement le <strong>Hamas<\/strong> comme le vainqueur de la guerre ; ils consid\u00e8rent massivement <strong>les roquettes comme une d\u00e9fense des quartiers de J\u00e9rusalem et de la mosqu\u00e9e Al-Aqsa<\/strong> ; ils a<strong>pprouvent massivement les soul\u00e8vements palestiniens dans les villes isra\u00e9liennes<\/strong> en solidarit\u00e9 avec les Palestiniens sous occupation ; et <strong>ils soutiennent \u00e0 une large majorit\u00e9 la r\u00e9sistance arm\u00e9e et l\u2019intifada comme r\u00e9ponse \u00e0 la domination isra\u00e9lienne<\/strong><\/em><\/p>\n<div id=\"attachment_27523\" style=\"width: 491px\" class=\"wp-caption aligncenter\"><img loading=\"lazy\" decoding=\"async\" aria-describedby=\"caption-attachment-27523\" class=\"wp-image-27523 size-full\" src=\"https:\/\/charleroi-pourlapalestine.be\/wp-content\/uploads\/2021\/07\/Resistance-e1625320886460.jpg\" alt=\"\" width=\"481\" height=\"320\"><p id=\"caption-attachment-27523\" class=\"wp-caption-text\">Photo : Activestills<\/p><\/div>\n<p>&nbsp;<\/p>\n<p><strong>Philip Weiss<\/strong>, 30 juin 2021<\/p>\n<p>Il y a deux semaines, le principal <strong>institut de sondage palestinien<\/strong> a publi\u00e9 des donn\u00e9es surprenantes sur les attitudes \u00e0 la suite du conflit de 11 jours entre Isra\u00ebl et les militants de Gaza en mai dernier. Je n\u2019ai pas vu ces r\u00e9sultats couverts aux <strong>\u00c9tats-Unis<\/strong>, c\u2019est pourquoi j\u2019ai voulu les mettre en lumi\u00e8re :<\/p>\n<p>Les <strong>Palestiniens<\/strong> consid\u00e8rent massivement le <strong>Hamas<\/strong> comme le vainqueur de la guerre ; ils consid\u00e8rent massivement <strong>les roquettes comme une d\u00e9fense des quartiers de J\u00e9rusalem et de la mosqu\u00e9e Al-Aqsa<\/strong> ; ils a<strong>pprouvent massivement les soul\u00e8vements palestiniens dans les villes isra\u00e9liennes<\/strong> en solidarit\u00e9 avec les Palestiniens sous occupation ; et <strong>ils soutiennent \u00e0 une large majorit\u00e9 la r\u00e9sistance arm\u00e9e et l\u2019intifada comme r\u00e9ponse \u00e0 la domination isra\u00e9lienne.<\/strong><\/p>\n<p>En fait, le soutien \u00e0 la r\u00e9sistance arm\u00e9e a grimp\u00e9 en fl\u00e8che \u00e0 la suite des actions du <strong>Hamas<\/strong>.<\/p>\n<p>Ces points de vue \u2013 de 1200 <strong>Palestiniens<\/strong> interrog\u00e9s en<strong> Cisjordanie <\/strong>et \u00e0 <strong>Gaza<\/strong> \u2013 devraient \u00eatre largement partag\u00e9s aux <strong>\u00c9tats-Unis<\/strong>, car ils r\u00e9v\u00e8lent la crise r\u00e9elle : la r\u00e9ponse des victimes de l\u2019apartheid. Ces personnes ne sont pas heureuses d\u2019attendre que les responsables politiques am\u00e9ricains trouvent le moyen de continuer \u00e0 mettre le conflit en veilleuse. Ils veulent leurs droits, et une majorit\u00e9 d\u2019entre eux est pr\u00eate \u00e0 prendre les armes pour les obtenir. Comme le ferait tout peuple souffrant de cette pers\u00e9cution.<\/p>\n<p>\u00c0 mon humble avis, les r\u00e9ponses soulignent l\u2019urgence pour les organisations am\u00e9ricaines de se mobiliser pour la campagne de <strong>Boycott, D\u00e9sinvestissement et Sanctions.<\/strong> C\u2019est une mani\u00e8re non violente d\u2019agir pour les droits des <strong>Palestiniens<\/strong> et de forcer Isra\u00ebl \u00e0 mettre fin \u00e0 l\u2019apartheid. Les alternatives sont l\u2019oppression et les effusions de sang.<\/p>\n<p>Voici quelques-unes des conclusions du <a href=\"https:\/\/www.pcpsr.org\/en\/node\/843\" target=\"_blank\" rel=\"noopener noreferrer\"><em><strong>Palestinian Center for Survey and Policy Research<\/strong> <\/em><\/a>dans un sondage publi\u00e9 le 15 juin.<\/p>\n<p>Le <strong>Hamas<\/strong> a gagn\u00e9. Et il a obtenu qu\u2019Isra\u00ebl cesse d\u2019expulser les Palestiniens de J\u00e9rusalem.<\/p>\n<blockquote><p>\u00ab&nbsp;Une majorit\u00e9 \u00e9crasante de Palestiniens (77%) estime que le <strong>Hamas<\/strong> est sorti vainqueur de sa derni\u00e8re guerre avec <strong>Isra\u00ebl<\/strong>, tandis que seulement 1% pense qu\u2019<strong>Isra\u00ebl<\/strong> est sorti vainqueur\u2026 De plus, 65% pensent que le <strong>Hamas<\/strong> a atteint son objectif d\u00e9clar\u00e9 derri\u00e8re les tirs de roquettes sur Isra\u00ebl : forcer<strong> Isra\u00ebl<\/strong> \u00e0 mettre fin \u00e0 l\u2019expulsion des familles de<strong> Sheikh Jarrah<\/strong> et mettre fin \u00e0 la restriction isra\u00e9lienne de l\u2019acc\u00e8s des musulmans \u00e0 al Aqsa\u2026&nbsp;\u00bb<\/p><\/blockquote>\n<p>Les<strong> Palestiniens<\/strong> ont le plus d\u2019admiration pour les<strong> r\u00e9sidents palestiniens de J\u00e9rusalem et d\u2019Isra\u00ebl qui se sont soulev\u00e9s, suivis par l\u2019admiration pour le Hamas.<\/strong><\/p>\n<blockquote><p>Dans une \u00e9valuation de la performance de 10 acteurs locaux et r\u00e9gionaux pendant les affrontements de <strong>J\u00e9rusalem<\/strong> et la guerre qui s\u2019en est suivie entre <strong>Isra\u00ebl <\/strong>et le <strong>Hamas<\/strong>, l\u2019\u00e9crasante majorit\u00e9 qualifie d\u2019excellente celle des r\u00e9sidents de J\u00e9rusalem et de sa jeunesse (89%), suivie de celle des citoyens arabes palestiniens d\u2019<strong>Isra\u00ebl<\/strong> (86%), puis de celle du <strong>Hamas<\/strong> (75%).<\/p><\/blockquote>\n<p>L\u2019<strong>Iran<\/strong> a plus de prestige que l\u2019<strong>Autorit\u00e9 palestinienne.<\/strong><\/p>\n<blockquote><p>Environ un cinqui\u00e8me des r\u00e9pondants qualifie d\u2019excellente la performance de chacun des gouvernements suivants : Celle de l\u2019<strong>\u00c9gypte<\/strong> (22%), de la <strong>Turquie<\/strong> (21%), de la<strong> Jordanie<\/strong> (21%) et de l\u2019I<strong>ran<\/strong> (18%). Enfin, seuls 13% qualifient d\u2019excellente la performance du <strong>Fatah<\/strong>, 11% celle du gouvernement de l\u2019<strong>AP<\/strong> et 8% celle d\u2019<strong>Abbas.<\/strong><\/p><\/blockquote>\n<p>\u00c0 en juger par ces r\u00e9sultats, le <strong>Hamas<\/strong> remporterait une \u00e9lection haut la main.<\/p>\n<blockquote><p>A la lumi\u00e8re des r\u00e9centes confrontations avec Isra\u00ebl, une majorit\u00e9 de 53% pense que le <strong>Hamas<\/strong> est le plus digne de repr\u00e9senter et de diriger le peuple palestinien, tandis que 14% pensent que le <strong>Fatah<\/strong> du pr\u00e9sident <strong>Abbas<\/strong> est le plus digne de repr\u00e9senter et de diriger les Palestiniens.<\/p><\/blockquote>\n<p>Le gouvernement isra\u00e9lien devrait comprendre que tout nouvel effort de nettoyage ethnique de <strong>J\u00e9rusalem<\/strong> se heurtera \u00e0 la violence, affirment les sond\u00e9s.<\/p>\n<blockquote><p>Si <strong>Isra\u00ebl<\/strong> expulse les familles de <strong>Sheikh Jarrah<\/strong> ou r\u00e9impose des restrictions d\u2019acc\u00e8s \u00e0 la mosqu\u00e9e <strong>al Aqsa<\/strong>, 68% pensent que la r\u00e9ponse dans ce cas devrait \u00eatre le lancement de roquettes sur les villes isra\u00e9liennes, tandis que 18% pensent qu\u2019elle devrait \u00eatre la mise en place d\u2019une r\u00e9sistance non violente, et 9% pensent que les <strong>Palestiniens<\/strong> devraient r\u00e9pondre en d\u00e9posant une plainte aupr\u00e8s de l\u2019<strong>ONU<\/strong> et de la <strong>Cour p\u00e9nale internationale (CPI).<\/strong><\/p><\/blockquote>\n<p>Regardez l\u2019immense fiert\u00e9 que suscitent les actions des habitants de <strong>Gaza<\/strong>, civils et militants.<\/p>\n<blockquote><p>94 % se disent fiers de la performance de la bande de <strong>Gaza<\/strong> lors de la confrontation avec <strong>Isra\u00ebl<\/strong> en mai, tandis que 6 % disent ne pas l\u2019\u00eatre. Interrog\u00e9s sur la principale raison de leur fiert\u00e9, 39% ont r\u00e9pondu qu\u2019ils sont fiers parce que<strong> Gaza<\/strong> a men\u00e9 une attaque militaire et \u00e0 la roquette pour d\u00e9fendre <strong>J\u00e9rusalem<\/strong>, d\u00e9montrant ainsi la faiblesse de l\u2019arm\u00e9e isra\u00e9lienne ; 39% ont r\u00e9pondu qu\u2019ils sont fiers parce que<strong> Gaza<\/strong> a ramen\u00e9 la cause palestinienne au premier plan de la politique arabe et internationale ; et 13% ont r\u00e9pondu qu\u2019ils sont fiers parce que Gaza a sacrifi\u00e9 et endur\u00e9 tous les morts et les destructions tout en faisant preuve de patience et de dignit\u00e9 pour d\u00e9fendre J\u00e9rusalem.<\/p><\/blockquote>\n<p>Passons maintenant au d\u00e9funt grand processus de paix. Les <strong>Palestinien<\/strong>s ont peu de foi dans la <strong>solution \u00e0 deux \u00c9tats.<\/strong> Mais ils la consid\u00e8rent toujours comme une fin pr\u00e9f\u00e9rable.<\/p>\n<blockquote><p>Le soutien au concept de la <strong>solution \u00e0 deux \u00c9tats<\/strong> s\u2019\u00e9l\u00e8ve \u00e0 39 % et l\u2019opposition \u00e0 58 %. Aucune description ou d\u00e9tail n\u2019a \u00e9t\u00e9 fourni pour ce concept.<\/p>\n<p>Lorsqu\u2019on demande au public de faire un choix parmi trois, 46 % choisissent la solution \u00e0 deux \u00c9tats bas\u00e9e sur les lignes de 1967, 10 % choisissent une conf\u00e9d\u00e9ration isra\u00e9lo-palestinienne et seulement 6 % choisissent<strong> un \u00c9tat unique pour les Juifs et les Arabe<\/strong>s.<\/p><\/blockquote>\n<p>Ils ne pensent pas que cela va se produire :<\/p>\n<blockquote><p>Une majorit\u00e9 de 61% pense que la solution \u00e0 deux \u00c9tats n\u2019est plus pratique ou faisable en raison de l\u2019expansion des colonies isra\u00e9liennes, tandis que 33% pensent que la solution reste pratique. En outre, 67 % des personnes interrog\u00e9es pensent que les chances de cr\u00e9ation d\u2019<strong>un \u00c9tat palestinien aux c\u00f4t\u00e9s de l\u2019\u00c9tat d\u2019Isra\u00ebl<\/strong> dans les cinq prochaines ann\u00e9es sont faibles ou inexistantes, tandis que 29 % estiment que ces chances sont moyennes ou \u00e9lev\u00e9es.<\/p><\/blockquote>\n<p>Venons-en maintenant \u00e0 la r\u00e9sistance arm\u00e9e. Notez le changement absolu du nombre de partisans de la n\u00e9gociation \u00e0 ceux qui pr\u00e9f\u00e8rent la lutte arm\u00e9e.<\/p>\n<blockquote><p>La solution pr\u00e9f\u00e9r\u00e9e pour sortir du statu quo actuel est de <em>\u00ab&nbsp;conclure un accord de paix avec Isra\u00ebl&nbsp;\u00bb<\/em> selon 27% du public, tandis que 39% pr\u00e9f\u00e8rent mener <em>\u00ab&nbsp;une lutte arm\u00e9e contre l\u2019occupation isra\u00e9lienne&nbsp;\u00bb. 11 % pr\u00e9f\u00e8rent \u00ab&nbsp;mener une r\u00e9sistance non violente&nbsp;\u00bb<\/em> et 18 % pr\u00e9f\u00e8rent maintenir le statu quo.<\/p>\n<p>Il y a trois mois, 36 % des personnes interrog\u00e9es ont d\u00e9clar\u00e9 pr\u00e9f\u00e9rer conclure un accord de paix avec Isra\u00ebl et 26 % ont d\u00e9clar\u00e9 pr\u00e9f\u00e9rer mener une lutte arm\u00e9e.<\/p><\/blockquote>\n<p>Cela semble \u00e9videmment refl\u00e9ter l\u2019opinion de la victoire du<strong> Hamas.<\/strong> La moiti\u00e9 des <strong>Palestiniens<\/strong> consid\u00e8rent d\u00e9sormais la lutte arm\u00e9e comme le moyen le plus efficace de mettre fin \u00e0 l\u2019occupation.<\/p>\n<blockquote><p>Interrog\u00e9 sur les moyens les plus efficaces de mettre fin \u00e0 l\u2019occupation isra\u00e9lienne, le public s\u2019est divis\u00e9 en trois groupes : 49% ont choisi la lutte arm\u00e9e, 27% les n\u00e9gociations et 18% la r\u00e9sistance populaire. Il y a trois mois, 37% choisissaient la lutte arm\u00e9e et 36% les n\u00e9gociations.<\/p><\/blockquote>\n<p>Notez les chiffres \u00e9lev\u00e9s pour la r\u00e9sistance arm\u00e9e, mais aussi les m\u00e9thodes non violentes et la solidarit\u00e9 internationale :<\/p>\n<blockquote><p>Lorsqu\u2019on les interroge sur leur soutien \u00e0 des choix politiques sp\u00e9cifiques, 66% sont favorables \u00e0 l\u2019adh\u00e9sion \u00e0 davantage d\u2019organisations internationales ; 58% sont favorables au recours \u00e0 la r\u00e9sistance non violente ; 60% sont favorables au retour aux confrontations arm\u00e9es et \u00e0 l\u2019<strong>Intifada ;<\/strong> 47% sont favorables \u00e0 la dissolution de l\u2019<strong>AP<\/strong> ; et 20% sont favorables \u00e0 l\u2019abandon de la solution \u00e0 deux \u00c9tats et \u00e0 l\u2019adoption d\u2019une solution \u00e0 <strong>un \u00c9tat pour les Palestiniens et les Isra\u00e9liens.<\/strong> Il y a trois mois, 43 % \u00e9taient favorables \u00e0 un retour aux affrontements et \u00e0 l\u2019intifada arm\u00e9e, 42 % \u00e0 la dissolution de l\u2019<strong>Autorit\u00e9 palestinienne<\/strong> et 33 % \u00e0 l\u2019abandon de la solution \u00e0 deux \u00c9tats en faveur d\u2019une solution \u00e0 un \u00c9tat.<\/p><\/blockquote>\n<p>Le soutien \u00e0 l\u2019<strong>intifada<\/strong> est donc pass\u00e9 de 43 \u00e0 60 % en deux mois.<\/p>\n<p>Quelques autres points de donn\u00e9es. Les <strong>Palestiniens<\/strong> n\u2019aiment pas les \u00c9tats-Unis comme interm\u00e9diaire.<\/p>\n<blockquote><p>54% sont oppos\u00e9s, et 39% sont favorables, \u00e0 un retour au dialogue avec la nouvelle administration am\u00e9ricaine dirig\u00e9e par le pr\u00e9sident <strong>Joe Biden<\/strong>. De plus, 63% sont oppos\u00e9s, et 29% sont favorables \u00e0 un retour aux n\u00e9gociations palestino-isra\u00e9liennes sous la direction des <strong>\u00c9tats-Unis<\/strong>\u2026.. Par ailleurs, 52% ne pensent pas, et 38% pensent que l\u2019\u00e9lection de<strong> Biden<\/strong> et la reprise de l\u2019aide am\u00e9ricaine \u00e0 l\u2019<strong>AP<\/strong> ouvrent la porte \u00e0 un retour aux n\u00e9gociations isra\u00e9lo-palestiniennes dans le cadre de <strong>la solution \u00e0 deux Etats.<\/strong><\/p><\/blockquote>\n<p>Un quart des Palestiniens soutient la d\u00e9cision de <strong>Mansour Abbas<\/strong> d\u2019entrer au gouvernement isra\u00e9lien avec deux autres membres du parti <strong>Ra\u2019am.<\/strong> Mais la majorit\u00e9 \u2013 45 % \u2013 est oppos\u00e9e \u00e0 ce que des partis palestiniens participent \u00e0 des coalitions gouvernementales isra\u00e9liennes, 21 % n\u2019\u00e9tant ni pour ni contre.<\/p>\n<p>Pas beaucoup de foi en <strong>Naftali Bennett<\/strong> :<\/p>\n<blockquote><p>Environ un cinqui\u00e8me (19%) pense qu\u2019un gouvernement isra\u00e9lien dirig\u00e9 par Naftali Bennett sera meilleur pour les relations isra\u00e9lo-palestiniennes qu\u2019un gouvernement dirig\u00e9 par Netanyahou ; une grande majorit\u00e9 de 69% n\u2019est pas d\u2019accord avec cela.<\/p><\/blockquote>\n<p>Enfin, les objectifs palestiniens.<\/p>\n<blockquote><p>47% pensent que le premier objectif palestinien le plus vital devrait \u00eatre de <strong>mettre fin \u00e0 l\u2019occupation isra\u00e9lienne dans les zones occup\u00e9es en 1967 et de construire un \u00c9tat palestinien en Cisjordanie et dans la bande de Gaza avec J\u00e9rusalem-Est comme capitale.<\/strong> En revanche, 34% pensent que le premier objectif le plus vital devrait \u00eatre d\u2019obtenir<strong> le droit de retour des r\u00e9fugi\u00e9s<\/strong> <strong>dans leurs villes et villages de 1948<\/strong>, 10% pensent que le premier objectif le plus vital devrait \u00eatre de construire un individu pieux ou moral et une<strong> soci\u00e9t\u00e9 religieuse,<\/strong> qui applique tous les enseignements islamiques et 8% pensent qu\u2019il devrait \u00eatre d\u2019\u00e9tablir <strong>un syst\u00e8me politique d\u00e9mocratique<\/strong> qui respecte les libert\u00e9s et les droits des Palestiniens.<\/p><\/blockquote>\n<hr>\n<p>Publi\u00e9 le 30 juin 2021 sur <a href=\"https:\/\/mondoweiss.net\/2021\/06\/palestinian-support-for-armed-resistance-and-intifada-surge-in-wake-of-perceived-hamas-victory-poll\/\" target=\"_blank\" rel=\"noopener noreferrer\">Mondoweiss<\/a><br \/>\nTraduction :<a href=\"https:\/\/palestinevaincra.com\/2021\/07\/le-soutien-des-palestiniens-a-la-resistance-armee-et-a-lintifada-augmente\/\" target=\"_blank\" rel=\"noopener noreferrer\"> Collectif Palestine Vaincra<\/a><\/p>\n<p>Lisez \u00e9galement :<strong><a href=\"https:\/\/charleroi-pourlapalestine.be\/index.php\/2021\/06\/30\/le-droit-inalienable-des-palestiniens-a-la-resistance\/\"> Le droit inali\u00e9nable des Palestiniens \u00e0 la r\u00e9sistance<\/a><\/strong><\/p>\n","protected":false},"excerpt":{"rendered":"<p>Les 1.200 Palestiniens interrog\u00e9s soutiennent \u00e0 une large majorit\u00e9 la r\u00e9sistance arm\u00e9e et l\u2019intifada comme r\u00e9ponse \u00e0 la domination isra\u00e9lienne.<\/p>\n","protected":false},"author":1,"featured_media":27523,"comment_status":"closed","ping_status":"closed","sticky":false,"template":"","format":"standard","meta":{"ngg_post_thumbnail":0,"footnotes":""},"categories":[24,6,197,25,163,103],"tags":[],"class_list":["post-27487","post","type-post","status-publish","format-standard","has-post-thumbnail","hentry","category-lautorite-palestinienne","category-gaza","category-hamas","category-la-resistance-palestinienne","category-soulevement","category-un-seul-etat-democratique"],"yoast_head":"<!-- This site is optimized with the Yoast SEO plugin v27.3 - https:\/\/yoast.com\/product\/yoast-seo-wordpress\/ -->\n<title>Le soutien des Palestiniens \u00e0 la r\u00e9sistance arm\u00e9e et \u00e0 l\u2019Intifada augmente<\/title>\n<meta name=\"description\" content=\"Les Palestiniens soutiennent \u00e0 une large majorit\u00e9 la r\u00e9sistance arm\u00e9e et l\u2019intifada comme r\u00e9ponse \u00e0 la domination isra\u00e9lienne\" \/>\n<meta name=\"robots\" content=\"index, follow, max-snippet:-1, max-image-preview:large, max-video-preview:-1\" \/>\n<link rel=\"canonical\" href=\"https:\/\/charleroi-pourlapalestine.be\/index.php\/2021\/07\/03\/le-soutien-des-palestiniens-a-la-resistance-armee-et-a-lintifada-augmente\/\" \/>\n<script type=\"application\/ld+json\" class=\"yoast-schema-graph\">{\"@context\":\"https:\\\/\\\/schema.org\",\"@graph\":[{\"@type\":\"Article\",\"@id\":\"https:\\\/\\\/charleroi-pourlapalestine.be\\\/index.php\\\/2021\\\/07\\\/03\\\/le-soutien-des-palestiniens-a-la-resistance-armee-et-a-lintifada-augmente\\\/#article\",\"isPartOf\":{\"@id\":\"https:\\\/\\\/charleroi-pourlapalestine.be\\\/index.php\\\/2021\\\/07\\\/03\\\/le-soutien-des-palestiniens-a-la-resistance-armee-et-a-lintifada-augmente\\\/\"},\"author\":{\"name\":\"admin1873\",\"@id\":\"https:\\\/\\\/charleroi-pourlapalestine.be\\\/#\\\/schema\\\/person\\\/c19ff515112f1299d8c12671d8fe3faa\"},\"headline\":\"Le soutien des Palestiniens \u00e0 la r\u00e9sistance arm\u00e9e et \u00e0 l\u2019Intifada augmente\",\"datePublished\":\"2021-07-03T14:05:31+00:00\",\"dateModified\":\"2021-07-03T14:05:32+00:00\",\"mainEntityOfPage\":{\"@id\":\"https:\\\/\\\/charleroi-pourlapalestine.be\\\/index.php\\\/2021\\\/07\\\/03\\\/le-soutien-des-palestiniens-a-la-resistance-armee-et-a-lintifada-augmente\\\/\"},\"wordCount\":1875,\"publisher\":{\"@id\":\"https:\\\/\\\/charleroi-pourlapalestine.be\\\/#organization\"},\"image\":{\"@id\":\"https:\\\/\\\/charleroi-pourlapalestine.be\\\/index.php\\\/2021\\\/07\\\/03\\\/le-soutien-des-palestiniens-a-la-resistance-armee-et-a-lintifada-augmente\\\/#primaryimage\"},\"thumbnailUrl\":\"https:\\\/\\\/charleroi-pourlapalestine.be\\\/wp-content\\\/uploads\\\/2021\\\/07\\\/Resistance-e1625320886460.jpg\",\"articleSection\":[\"Autorit\u00e9 palestinienne\",\"Gaza\",\"Hamas\",\"R\u00e9sistance\",\"Soul\u00e8vement\",\"Un Etat\"],\"inLanguage\":\"fr-FR\"},{\"@type\":\"WebPage\",\"@id\":\"https:\\\/\\\/charleroi-pourlapalestine.be\\\/index.php\\\/2021\\\/07\\\/03\\\/le-soutien-des-palestiniens-a-la-resistance-armee-et-a-lintifada-augmente\\\/\",\"url\":\"https:\\\/\\\/charleroi-pourlapalestine.be\\\/index.php\\\/2021\\\/07\\\/03\\\/le-soutien-des-palestiniens-a-la-resistance-armee-et-a-lintifada-augmente\\\/\",\"name\":\"Le soutien des Palestiniens \u00e0 la r\u00e9sistance arm\u00e9e et \u00e0 l\u2019Intifada augmente\",\"isPartOf\":{\"@id\":\"https:\\\/\\\/charleroi-pourlapalestine.be\\\/#website\"},\"primaryImageOfPage\":{\"@id\":\"https:\\\/\\\/charleroi-pourlapalestine.be\\\/index.php\\\/2021\\\/07\\\/03\\\/le-soutien-des-palestiniens-a-la-resistance-armee-et-a-lintifada-augmente\\\/#primaryimage\"},\"image\":{\"@id\":\"https:\\\/\\\/charleroi-pourlapalestine.be\\\/index.php\\\/2021\\\/07\\\/03\\\/le-soutien-des-palestiniens-a-la-resistance-armee-et-a-lintifada-augmente\\\/#primaryimage\"},\"thumbnailUrl\":\"https:\\\/\\\/charleroi-pourlapalestine.be\\\/wp-content\\\/uploads\\\/2021\\\/07\\\/Resistance-e1625320886460.jpg\",\"datePublished\":\"2021-07-03T14:05:31+00:00\",\"dateModified\":\"2021-07-03T14:05:32+00:00\",\"description\":\"Les Palestiniens soutiennent \u00e0 une large majorit\u00e9 la r\u00e9sistance arm\u00e9e et l\u2019intifada comme r\u00e9ponse \u00e0 la domination isra\u00e9lienne\",\"breadcrumb\":{\"@id\":\"https:\\\/\\\/charleroi-pourlapalestine.be\\\/index.php\\\/2021\\\/07\\\/03\\\/le-soutien-des-palestiniens-a-la-resistance-armee-et-a-lintifada-augmente\\\/#breadcrumb\"},\"inLanguage\":\"fr-FR\",\"potentialAction\":[{\"@type\":\"ReadAction\",\"target\":[\"https:\\\/\\\/charleroi-pourlapalestine.be\\\/index.php\\\/2021\\\/07\\\/03\\\/le-soutien-des-palestiniens-a-la-resistance-armee-et-a-lintifada-augmente\\\/\"]}]},{\"@type\":\"ImageObject\",\"inLanguage\":\"fr-FR\",\"@id\":\"https:\\\/\\\/charleroi-pourlapalestine.be\\\/index.php\\\/2021\\\/07\\\/03\\\/le-soutien-des-palestiniens-a-la-resistance-armee-et-a-lintifada-augmente\\\/#primaryimage\",\"url\":\"https:\\\/\\\/charleroi-pourlapalestine.be\\\/wp-content\\\/uploads\\\/2021\\\/07\\\/Resistance-e1625320886460.jpg\",\"contentUrl\":\"https:\\\/\\\/charleroi-pourlapalestine.be\\\/wp-content\\\/uploads\\\/2021\\\/07\\\/Resistance-e1625320886460.jpg\",\"width\":481,\"height\":320},{\"@type\":\"BreadcrumbList\",\"@id\":\"https:\\\/\\\/charleroi-pourlapalestine.be\\\/index.php\\\/2021\\\/07\\\/03\\\/le-soutien-des-palestiniens-a-la-resistance-armee-et-a-lintifada-augmente\\\/#breadcrumb\",\"itemListElement\":[{\"@type\":\"ListItem\",\"position\":1,\"name\":\"Accueil\",\"item\":\"https:\\\/\\\/charleroi-pourlapalestine.be\\\/\"},{\"@type\":\"ListItem\",\"position\":2,\"name\":\"Le soutien des Palestiniens \u00e0 la r\u00e9sistance arm\u00e9e et \u00e0 l\u2019Intifada augmente\"}]},{\"@type\":\"WebSite\",\"@id\":\"https:\\\/\\\/charleroi-pourlapalestine.be\\\/#website\",\"url\":\"https:\\\/\\\/charleroi-pourlapalestine.be\\\/\",\"name\":\"Charleroi Pour la Palestine\",\"description\":\"\",\"publisher\":{\"@id\":\"https:\\\/\\\/charleroi-pourlapalestine.be\\\/#organization\"},\"potentialAction\":[{\"@type\":\"SearchAction\",\"target\":{\"@type\":\"EntryPoint\",\"urlTemplate\":\"https:\\\/\\\/charleroi-pourlapalestine.be\\\/?s={search_term_string}\"},\"query-input\":{\"@type\":\"PropertyValueSpecification\",\"valueRequired\":true,\"valueName\":\"search_term_string\"}}],\"inLanguage\":\"fr-FR\"},{\"@type\":\"Organization\",\"@id\":\"https:\\\/\\\/charleroi-pourlapalestine.be\\\/#organization\",\"name\":\"Plate-forme Charleroi-Palestine\",\"url\":\"https:\\\/\\\/charleroi-pourlapalestine.be\\\/\",\"logo\":{\"@type\":\"ImageObject\",\"inLanguage\":\"fr-FR\",\"@id\":\"https:\\\/\\\/charleroi-pourlapalestine.be\\\/#\\\/schema\\\/logo\\\/image\\\/\",\"url\":\"https:\\\/\\\/charleroi-pourlapalestine.be\\\/wp-content\\\/uploads\\\/2020\\\/01\\\/logo-Copy.jpg\",\"contentUrl\":\"https:\\\/\\\/charleroi-pourlapalestine.be\\\/wp-content\\\/uploads\\\/2020\\\/01\\\/logo-Copy.jpg\",\"width\":180,\"height\":180,\"caption\":\"Plate-forme Charleroi-Palestine\"},\"image\":{\"@id\":\"https:\\\/\\\/charleroi-pourlapalestine.be\\\/#\\\/schema\\\/logo\\\/image\\\/\"},\"sameAs\":[\"https:\\\/\\\/www.facebook.com\\\/PlateformeCharleroiPalestine\\\/\",\"https:\\\/\\\/x.com\\\/LaCharleroi\"]},{\"@type\":\"Person\",\"@id\":\"https:\\\/\\\/charleroi-pourlapalestine.be\\\/#\\\/schema\\\/person\\\/c19ff515112f1299d8c12671d8fe3faa\",\"name\":\"admin1873\",\"url\":\"https:\\\/\\\/charleroi-pourlapalestine.be\\\/index.php\\\/author\\\/admin1873\\\/\"}]}<\/script>\n<!-- \/ Yoast SEO plugin. -->","yoast_head_json":{"title":"Le soutien des Palestiniens \u00e0 la r\u00e9sistance arm\u00e9e et \u00e0 l\u2019Intifada augmente","description":"Les Palestiniens soutiennent \u00e0 une large majorit\u00e9 la r\u00e9sistance arm\u00e9e et l\u2019intifada comme r\u00e9ponse \u00e0 la domination isra\u00e9lienne","robots":{"index":"index","follow":"follow","max-snippet":"max-snippet:-1","max-image-preview":"max-image-preview:large","max-video-preview":"max-video-preview:-1"},"canonical":"https:\/\/charleroi-pourlapalestine.be\/index.php\/2021\/07\/03\/le-soutien-des-palestiniens-a-la-resistance-armee-et-a-lintifada-augmente\/","schema":{"@context":"https:\/\/schema.org","@graph":[{"@type":"Article","@id":"https:\/\/charleroi-pourlapalestine.be\/index.php\/2021\/07\/03\/le-soutien-des-palestiniens-a-la-resistance-armee-et-a-lintifada-augmente\/#article","isPartOf":{"@id":"https:\/\/charleroi-pourlapalestine.be\/index.php\/2021\/07\/03\/le-soutien-des-palestiniens-a-la-resistance-armee-et-a-lintifada-augmente\/"},"author":{"name":"admin1873","@id":"https:\/\/charleroi-pourlapalestine.be\/#\/schema\/person\/c19ff515112f1299d8c12671d8fe3faa"},"headline":"Le soutien des Palestiniens \u00e0 la r\u00e9sistance arm\u00e9e et \u00e0 l\u2019Intifada augmente","datePublished":"2021-07-03T14:05:31+00:00","dateModified":"2021-07-03T14:05:32+00:00","mainEntityOfPage":{"@id":"https:\/\/charleroi-pourlapalestine.be\/index.php\/2021\/07\/03\/le-soutien-des-palestiniens-a-la-resistance-armee-et-a-lintifada-augmente\/"},"wordCount":1875,"publisher":{"@id":"https:\/\/charleroi-pourlapalestine.be\/#organization"},"image":{"@id":"https:\/\/charleroi-pourlapalestine.be\/index.php\/2021\/07\/03\/le-soutien-des-palestiniens-a-la-resistance-armee-et-a-lintifada-augmente\/#primaryimage"},"thumbnailUrl":"https:\/\/charleroi-pourlapalestine.be\/wp-content\/uploads\/2021\/07\/Resistance-e1625320886460.jpg","articleSection":["Autorit\u00e9 palestinienne","Gaza","Hamas","R\u00e9sistance","Soul\u00e8vement","Un Etat"],"inLanguage":"fr-FR"},{"@type":"WebPage","@id":"https:\/\/charleroi-pourlapalestine.be\/index.php\/2021\/07\/03\/le-soutien-des-palestiniens-a-la-resistance-armee-et-a-lintifada-augmente\/","url":"https:\/\/charleroi-pourlapalestine.be\/index.php\/2021\/07\/03\/le-soutien-des-palestiniens-a-la-resistance-armee-et-a-lintifada-augmente\/","name":"Le soutien des Palestiniens \u00e0 la r\u00e9sistance arm\u00e9e et \u00e0 l\u2019Intifada augmente","isPartOf":{"@id":"https:\/\/charleroi-pourlapalestine.be\/#website"},"primaryImageOfPage":{"@id":"https:\/\/charleroi-pourlapalestine.be\/index.php\/2021\/07\/03\/le-soutien-des-palestiniens-a-la-resistance-armee-et-a-lintifada-augmente\/#primaryimage"},"image":{"@id":"https:\/\/charleroi-pourlapalestine.be\/index.php\/2021\/07\/03\/le-soutien-des-palestiniens-a-la-resistance-armee-et-a-lintifada-augmente\/#primaryimage"},"thumbnailUrl":"https:\/\/charleroi-pourlapalestine.be\/wp-content\/uploads\/2021\/07\/Resistance-e1625320886460.jpg","datePublished":"2021-07-03T14:05:31+00:00","dateModified":"2021-07-03T14:05:32+00:00","description":"Les Palestiniens soutiennent \u00e0 une large majorit\u00e9 la r\u00e9sistance arm\u00e9e et l\u2019intifada comme r\u00e9ponse \u00e0 la domination isra\u00e9lienne","breadcrumb":{"@id":"https:\/\/charleroi-pourlapalestine.be\/index.php\/2021\/07\/03\/le-soutien-des-palestiniens-a-la-resistance-armee-et-a-lintifada-augmente\/#breadcrumb"},"inLanguage":"fr-FR","potentialAction":[{"@type":"ReadAction","target":["https:\/\/charleroi-pourlapalestine.be\/index.php\/2021\/07\/03\/le-soutien-des-palestiniens-a-la-resistance-armee-et-a-lintifada-augmente\/"]}]},{"@type":"ImageObject","inLanguage":"fr-FR","@id":"https:\/\/charleroi-pourlapalestine.be\/index.php\/2021\/07\/03\/le-soutien-des-palestiniens-a-la-resistance-armee-et-a-lintifada-augmente\/#primaryimage","url":"https:\/\/charleroi-pourlapalestine.be\/wp-content\/uploads\/2021\/07\/Resistance-e1625320886460.jpg","contentUrl":"https:\/\/charleroi-pourlapalestine.be\/wp-content\/uploads\/2021\/07\/Resistance-e1625320886460.jpg","width":481,"height":320},{"@type":"BreadcrumbList","@id":"https:\/\/charleroi-pourlapalestine.be\/index.php\/2021\/07\/03\/le-soutien-des-palestiniens-a-la-resistance-armee-et-a-lintifada-augmente\/#breadcrumb","itemListElement":[{"@type":"ListItem","position":1,"name":"Accueil","item":"https:\/\/charleroi-pourlapalestine.be\/"},{"@type":"ListItem","position":2,"name":"Le soutien des Palestiniens \u00e0 la r\u00e9sistance arm\u00e9e et \u00e0 l\u2019Intifada augmente"}]},{"@type":"WebSite","@id":"https:\/\/charleroi-pourlapalestine.be\/#website","url":"https:\/\/charleroi-pourlapalestine.be\/","name":"Charleroi Pour la Palestine","description":"","publisher":{"@id":"https:\/\/charleroi-pourlapalestine.be\/#organization"},"potentialAction":[{"@type":"SearchAction","target":{"@type":"EntryPoint","urlTemplate":"https:\/\/charleroi-pourlapalestine.be\/?s={search_term_string}"},"query-input":{"@type":"PropertyValueSpecification","valueRequired":true,"valueName":"search_term_string"}}],"inLanguage":"fr-FR"},{"@type":"Organization","@id":"https:\/\/charleroi-pourlapalestine.be\/#organization","name":"Plate-forme Charleroi-Palestine","url":"https:\/\/charleroi-pourlapalestine.be\/","logo":{"@type":"ImageObject","inLanguage":"fr-FR","@id":"https:\/\/charleroi-pourlapalestine.be\/#\/schema\/logo\/image\/","url":"https:\/\/charleroi-pourlapalestine.be\/wp-content\/uploads\/2020\/01\/logo-Copy.jpg","contentUrl":"https:\/\/charleroi-pourlapalestine.be\/wp-content\/uploads\/2020\/01\/logo-Copy.jpg","width":180,"height":180,"caption":"Plate-forme Charleroi-Palestine"},"image":{"@id":"https:\/\/charleroi-pourlapalestine.be\/#\/schema\/logo\/image\/"},"sameAs":["https:\/\/www.facebook.com\/PlateformeCharleroiPalestine\/","https:\/\/x.com\/LaCharleroi"]},{"@type":"Person","@id":"https:\/\/charleroi-pourlapalestine.be\/#\/schema\/person\/c19ff515112f1299d8c12671d8fe3faa","name":"admin1873","url":"https:\/\/charleroi-pourlapalestine.be\/index.php\/author\/admin1873\/"}]}},"_links":{"self":[{"href":"https:\/\/charleroi-pourlapalestine.be\/index.php\/wp-json\/wp\/v2\/posts\/27487","targetHints":{"allow":["GET"]}}],"collection":[{"href":"https:\/\/charleroi-pourlapalestine.be\/index.php\/wp-json\/wp\/v2\/posts"}],"about":[{"href":"https:\/\/charleroi-pourlapalestine.be\/index.php\/wp-json\/wp\/v2\/types\/post"}],"author":[{"embeddable":true,"href":"https:\/\/charleroi-pourlapalestine.be\/index.php\/wp-json\/wp\/v2\/users\/1"}],"replies":[{"embeddable":true,"href":"https:\/\/charleroi-pourlapalestine.be\/index.php\/wp-json\/wp\/v2\/comments?post=27487"}],"version-history":[{"count":0,"href":"https:\/\/charleroi-pourlapalestine.be\/index.php\/wp-json\/wp\/v2\/posts\/27487\/revisions"}],"wp:featuredmedia":[{"embeddable":true,"href":"https:\/\/charleroi-pourlapalestine.be\/index.php\/wp-json\/wp\/v2\/media\/27523"}],"wp:attachment":[{"href":"https:\/\/charleroi-pourlapalestine.be\/index.php\/wp-json\/wp\/v2\/media?parent=27487"}],"wp:term":[{"taxonomy":"category","embeddable":true,"href":"https:\/\/charleroi-pourlapalestine.be\/index.php\/wp-json\/wp\/v2\/categories?post=27487"},{"taxonomy":"post_tag","embeddable":true,"href":"https:\/\/charleroi-pourlapalestine.be\/index.php\/wp-json\/wp\/v2\/tags?post=27487"}],"curies":[{"name":"wp","href":"https:\/\/api.w.org\/{rel}","templated":true}]}}