{"id":27794,"date":"2021-07-11T20:23:31","date_gmt":"2021-07-11T18:23:31","guid":{"rendered":"https:\/\/charleroi-pourlapalestine.be\/?p=27794"},"modified":"2021-07-11T20:24:48","modified_gmt":"2021-07-11T18:24:48","slug":"jerusalem-est-une-ligne-rouge-une-marche-au-drapeau-palestinien-organisee-a-umm-al-fahm-video","status":"publish","type":"post","link":"https:\/\/charleroi-pourlapalestine.be\/index.php\/2021\/07\/11\/jerusalem-est-une-ligne-rouge-une-marche-au-drapeau-palestinien-organisee-a-umm-al-fahm-video\/","title":{"rendered":"<em>\u00ab J\u00e9rusalem est une ligne rouge \u00bb<\/em> : Une marche au drapeau palestinien organis\u00e9e \u00e0 Umm Al-Fahm"},"content":{"rendered":"<p>Des centaines de Palestiniens d\u2019Isra\u00ebl ont particip\u00e9 \u00e0 une marche au drapeau palestinien organis\u00e9e vendredi 9 juillet dans la ville d\u2019<strong>Umm Al-Fahm<\/strong>, en Isra\u00ebl, a rapport\u00e9 Arab48.com.<\/p>\n<div id=\"attachment_27796\" style=\"width: 487px\" class=\"wp-caption aligncenter\"><img loading=\"lazy\" decoding=\"async\" aria-describedby=\"caption-attachment-27796\" class=\"wp-image-27796 size-full\" src=\"https:\/\/charleroi-pourlapalestine.be\/wp-content\/uploads\/2021\/07\/Flag-march-678x455-1-e1626026236997.png\" alt=\"Vendredi, dans la ville d\u2019Umm Al-Fahm, en Isra\u00ebl, des centaines de Palestiniens ont particip\u00e9 \u00e0 une marche au drapeau palestinien. (Photo : via QNN)\" width=\"477\" height=\"320\"><p id=\"caption-attachment-27796\" class=\"wp-caption-text\">Vendredi, dans la ville d\u2019Umm Al-Fahm, en Isra\u00ebl, des centaines de Palestiniens ont particip\u00e9 \u00e0 une marche au drapeau palestinien. (Photo : via QNN)<\/p><\/div>\n<p>La <strong>Marche au drapeau palestinien<\/strong> \u00e9tait organis\u00e9e par de jeunes Palestiniens et sponsoris\u00e9es par les des factions et personnalit\u00e9s publiques palestiniennes en Isra\u00ebl. &nbsp;<\/p>\n<blockquote class=\"twitter-tweet\" data-width=\"500\" data-dnt=\"true\">\n<p lang=\"en\" dir=\"ltr\">Hundreds of Palestinians take part in Palestine flag march <a href=\"https:\/\/t.co\/RMYH7MSDMp\">https:\/\/t.co\/RMYH7MSDMp<\/a><\/p>\n<p>&mdash; Joe Catron (@jncatron) <a href=\"https:\/\/twitter.com\/jncatron\/status\/1413821555042394115?ref_src=twsrc%5Etfw\">July 10, 2021<\/a><\/p><\/blockquote>\n<p><script async src=\"https:\/\/platform.twitter.com\/widgets.js\" charset=\"utf-8\"><\/script><\/p>\n<p>Pendant la marche, le drapeau palestinien a \u00e9t\u00e9 brandi par des Palestiniens portant le keffieh palestinien et scandant des slogans hostiles \u00e0 l\u2019occupation isra\u00e9lienne.<\/p>\n<p>Parmi ces slogans, on a entendu&nbsp;: <em><strong>\u00ab&nbsp;J\u00e9rusalem est une ligne rouge.&nbsp;\u00bb<\/strong><\/em><\/p>\n<blockquote class=\"twitter-tweet\" data-width=\"500\" data-dnt=\"true\">\n<p lang=\"en\" dir=\"ltr\">Flag march at U al Fahm, NW of <a href=\"https:\/\/twitter.com\/hashtag\/Jenin?src=hash&amp;ref_src=twsrc%5Etfw\">#Jenin<\/a>, 1948 <a href=\"https:\/\/twitter.com\/hashtag\/Palestine?src=hash&amp;ref_src=twsrc%5Etfw\">#Palestine<\/a>. <a href=\"https:\/\/t.co\/1E0YwtI6J4\">pic.twitter.com\/1E0YwtI6J4<\/a><\/p>\n<p>&mdash; tim anderson (@timand2037) <a href=\"https:\/\/twitter.com\/timand2037\/status\/1413722166386847750?ref_src=twsrc%5Etfw\">July 10, 2021<\/a><\/p><\/blockquote>\n<p><script async src=\"https:\/\/platform.twitter.com\/widgets.js\" charset=\"utf-8\"><\/script><\/p>\n<p>La marche \u00e9tait une riposte \u00e0 la <a href=\"https:\/\/charleroi-pourlapalestine.be\/index.php\/2021\/06\/17\/des-hordes-disraeliens-scandent-des-slogans-genocidaires-a-jerusalem\/\">Marche du drapeau isra\u00e9lien<\/a> organis\u00e9e chaque ann\u00e9e le 15 juin. Elle entendait protester contre l\u2019agression isra\u00e9lienne permanente \u00e0 <strong>Sheikh Jarrah,<\/strong> \u00e0 <strong>Silwan et <\/strong>contre la mosqu\u00e9e<strong> Al-Aqsa.<\/strong><\/p>\n<p>(MEMO, PC, Social Media)<\/p>\n<hr>\n<p>Publi\u00e9 le 10 juillet 2021 sur <a href=\"https:\/\/www.palestinechronicle.com\/jerusalem-is-red-line-palestinian-flag-march-held-in-umm-al-fahm-video\/?fbclid=IwAR2ZPJkvMaZjmTF3-rVKAiva7xUrddst4vfJYuJ4zAX6dWi_LbZYgTrPaFs\" target=\"_blank\" rel=\"noopener noreferrer\">The Palestine Chronicle<\/a><br \/>Traduction : Jean-Marie Fl\u00e9mal, <a href=\"https:\/\/charleroi-pourlapalestine.be\/\" target=\"_blank\" rel=\"noopener noreferrer\">Charleroi pour la Palestine<\/a><\/p>\n","protected":false},"excerpt":{"rendered":"<p>La marche \u00e0 Umm Al-Fahm entendait protester contre l\u2019agression isra\u00e9lienne \u00e0 Sheikh Jarrah, \u00e0 Silwan et contre la mosqu\u00e9e Al-Aqsa<\/p>\n","protected":false},"author":1,"featured_media":27796,"comment_status":"closed","ping_status":"closed","sticky":false,"template":"","format":"standard","meta":{"ngg_post_thumbnail":0,"footnotes":""},"categories":[8,4,47,192,25,742,731],"tags":[],"class_list":["post-27794","post","type-post","status-publish","format-standard","has-post-thumbnail","hentry","category-jerusalem","category-les-palestiniens-de-48","category-loccupation-militaire","category-palestine","category-la-resistance-palestinienne","category-sheikh-jarrah","category-un-peuple"],"yoast_head":"<!-- This site is optimized with the Yoast SEO plugin v27.3 - https:\/\/yoast.com\/product\/yoast-seo-wordpress\/ -->\n<title>Une marche au drapeau palestinien organis\u00e9e \u00e0 Umm Al-Fahm (Vid\u00e9o)<\/title>\n<meta name=\"description\" content=\"La marche \u00e0 Umm Al-Fahm entendait protester contre l\u2019agression isra\u00e9lienne \u00e0 Sheikh Jarrah, \u00e0 Silwan et contre la mosqu\u00e9e Al-Aqsa.\" \/>\n<meta name=\"robots\" content=\"index, follow, max-snippet:-1, max-image-preview:large, max-video-preview:-1\" \/>\n<link rel=\"canonical\" href=\"https:\/\/charleroi-pourlapalestine.be\/index.php\/2021\/07\/11\/jerusalem-est-une-ligne-rouge-une-marche-au-drapeau-palestinien-organisee-a-umm-al-fahm-video\/\" \/>\n<script type=\"application\/ld+json\" class=\"yoast-schema-graph\">{\"@context\":\"https:\\\/\\\/schema.org\",\"@graph\":[{\"@type\":\"Article\",\"@id\":\"https:\\\/\\\/charleroi-pourlapalestine.be\\\/index.php\\\/2021\\\/07\\\/11\\\/jerusalem-est-une-ligne-rouge-une-marche-au-drapeau-palestinien-organisee-a-umm-al-fahm-video\\\/#article\",\"isPartOf\":{\"@id\":\"https:\\\/\\\/charleroi-pourlapalestine.be\\\/index.php\\\/2021\\\/07\\\/11\\\/jerusalem-est-une-ligne-rouge-une-marche-au-drapeau-palestinien-organisee-a-umm-al-fahm-video\\\/\"},\"author\":{\"name\":\"admin1873\",\"@id\":\"https:\\\/\\\/charleroi-pourlapalestine.be\\\/#\\\/schema\\\/person\\\/c19ff515112f1299d8c12671d8fe3faa\"},\"headline\":\"\u00ab J\u00e9rusalem est une ligne rouge \u00bb : Une marche au drapeau palestinien organis\u00e9e \u00e0 Umm Al-Fahm\",\"datePublished\":\"2021-07-11T18:23:31+00:00\",\"dateModified\":\"2021-07-11T18:24:48+00:00\",\"mainEntityOfPage\":{\"@id\":\"https:\\\/\\\/charleroi-pourlapalestine.be\\\/index.php\\\/2021\\\/07\\\/11\\\/jerusalem-est-une-ligne-rouge-une-marche-au-drapeau-palestinien-organisee-a-umm-al-fahm-video\\\/\"},\"wordCount\":256,\"publisher\":{\"@id\":\"https:\\\/\\\/charleroi-pourlapalestine.be\\\/#organization\"},\"image\":{\"@id\":\"https:\\\/\\\/charleroi-pourlapalestine.be\\\/index.php\\\/2021\\\/07\\\/11\\\/jerusalem-est-une-ligne-rouge-une-marche-au-drapeau-palestinien-organisee-a-umm-al-fahm-video\\\/#primaryimage\"},\"thumbnailUrl\":\"https:\\\/\\\/charleroi-pourlapalestine.be\\\/wp-content\\\/uploads\\\/2021\\\/07\\\/Flag-march-678x455-1-e1626026236997.png\",\"articleSection\":[\"J\u00e9rusalem\",\"Les Palestiniens de 48\",\"Occupation\",\"Palestine\",\"R\u00e9sistance\",\"Sheikh Jarrah\",\"Un peuple\"],\"inLanguage\":\"fr-FR\"},{\"@type\":\"WebPage\",\"@id\":\"https:\\\/\\\/charleroi-pourlapalestine.be\\\/index.php\\\/2021\\\/07\\\/11\\\/jerusalem-est-une-ligne-rouge-une-marche-au-drapeau-palestinien-organisee-a-umm-al-fahm-video\\\/\",\"url\":\"https:\\\/\\\/charleroi-pourlapalestine.be\\\/index.php\\\/2021\\\/07\\\/11\\\/jerusalem-est-une-ligne-rouge-une-marche-au-drapeau-palestinien-organisee-a-umm-al-fahm-video\\\/\",\"name\":\"Une marche au drapeau palestinien organis\u00e9e \u00e0 Umm Al-Fahm (Vid\u00e9o)\",\"isPartOf\":{\"@id\":\"https:\\\/\\\/charleroi-pourlapalestine.be\\\/#website\"},\"primaryImageOfPage\":{\"@id\":\"https:\\\/\\\/charleroi-pourlapalestine.be\\\/index.php\\\/2021\\\/07\\\/11\\\/jerusalem-est-une-ligne-rouge-une-marche-au-drapeau-palestinien-organisee-a-umm-al-fahm-video\\\/#primaryimage\"},\"image\":{\"@id\":\"https:\\\/\\\/charleroi-pourlapalestine.be\\\/index.php\\\/2021\\\/07\\\/11\\\/jerusalem-est-une-ligne-rouge-une-marche-au-drapeau-palestinien-organisee-a-umm-al-fahm-video\\\/#primaryimage\"},\"thumbnailUrl\":\"https:\\\/\\\/charleroi-pourlapalestine.be\\\/wp-content\\\/uploads\\\/2021\\\/07\\\/Flag-march-678x455-1-e1626026236997.png\",\"datePublished\":\"2021-07-11T18:23:31+00:00\",\"dateModified\":\"2021-07-11T18:24:48+00:00\",\"description\":\"La marche \u00e0 Umm Al-Fahm entendait protester contre l\u2019agression isra\u00e9lienne \u00e0 Sheikh Jarrah, \u00e0 Silwan et contre la mosqu\u00e9e Al-Aqsa.\",\"breadcrumb\":{\"@id\":\"https:\\\/\\\/charleroi-pourlapalestine.be\\\/index.php\\\/2021\\\/07\\\/11\\\/jerusalem-est-une-ligne-rouge-une-marche-au-drapeau-palestinien-organisee-a-umm-al-fahm-video\\\/#breadcrumb\"},\"inLanguage\":\"fr-FR\",\"potentialAction\":[{\"@type\":\"ReadAction\",\"target\":[\"https:\\\/\\\/charleroi-pourlapalestine.be\\\/index.php\\\/2021\\\/07\\\/11\\\/jerusalem-est-une-ligne-rouge-une-marche-au-drapeau-palestinien-organisee-a-umm-al-fahm-video\\\/\"]}]},{\"@type\":\"ImageObject\",\"inLanguage\":\"fr-FR\",\"@id\":\"https:\\\/\\\/charleroi-pourlapalestine.be\\\/index.php\\\/2021\\\/07\\\/11\\\/jerusalem-est-une-ligne-rouge-une-marche-au-drapeau-palestinien-organisee-a-umm-al-fahm-video\\\/#primaryimage\",\"url\":\"https:\\\/\\\/charleroi-pourlapalestine.be\\\/wp-content\\\/uploads\\\/2021\\\/07\\\/Flag-march-678x455-1-e1626026236997.png\",\"contentUrl\":\"https:\\\/\\\/charleroi-pourlapalestine.be\\\/wp-content\\\/uploads\\\/2021\\\/07\\\/Flag-march-678x455-1-e1626026236997.png\",\"width\":477,\"height\":320},{\"@type\":\"BreadcrumbList\",\"@id\":\"https:\\\/\\\/charleroi-pourlapalestine.be\\\/index.php\\\/2021\\\/07\\\/11\\\/jerusalem-est-une-ligne-rouge-une-marche-au-drapeau-palestinien-organisee-a-umm-al-fahm-video\\\/#breadcrumb\",\"itemListElement\":[{\"@type\":\"ListItem\",\"position\":1,\"name\":\"Accueil\",\"item\":\"https:\\\/\\\/charleroi-pourlapalestine.be\\\/\"},{\"@type\":\"ListItem\",\"position\":2,\"name\":\"\u00ab J\u00e9rusalem est une ligne rouge \u00bb : Une marche au drapeau palestinien organis\u00e9e \u00e0 Umm Al-Fahm\"}]},{\"@type\":\"WebSite\",\"@id\":\"https:\\\/\\\/charleroi-pourlapalestine.be\\\/#website\",\"url\":\"https:\\\/\\\/charleroi-pourlapalestine.be\\\/\",\"name\":\"Charleroi Pour la Palestine\",\"description\":\"\",\"publisher\":{\"@id\":\"https:\\\/\\\/charleroi-pourlapalestine.be\\\/#organization\"},\"potentialAction\":[{\"@type\":\"SearchAction\",\"target\":{\"@type\":\"EntryPoint\",\"urlTemplate\":\"https:\\\/\\\/charleroi-pourlapalestine.be\\\/?s={search_term_string}\"},\"query-input\":{\"@type\":\"PropertyValueSpecification\",\"valueRequired\":true,\"valueName\":\"search_term_string\"}}],\"inLanguage\":\"fr-FR\"},{\"@type\":\"Organization\",\"@id\":\"https:\\\/\\\/charleroi-pourlapalestine.be\\\/#organization\",\"name\":\"Plate-forme Charleroi-Palestine\",\"url\":\"https:\\\/\\\/charleroi-pourlapalestine.be\\\/\",\"logo\":{\"@type\":\"ImageObject\",\"inLanguage\":\"fr-FR\",\"@id\":\"https:\\\/\\\/charleroi-pourlapalestine.be\\\/#\\\/schema\\\/logo\\\/image\\\/\",\"url\":\"https:\\\/\\\/charleroi-pourlapalestine.be\\\/wp-content\\\/uploads\\\/2020\\\/01\\\/logo-Copy.jpg\",\"contentUrl\":\"https:\\\/\\\/charleroi-pourlapalestine.be\\\/wp-content\\\/uploads\\\/2020\\\/01\\\/logo-Copy.jpg\",\"width\":180,\"height\":180,\"caption\":\"Plate-forme Charleroi-Palestine\"},\"image\":{\"@id\":\"https:\\\/\\\/charleroi-pourlapalestine.be\\\/#\\\/schema\\\/logo\\\/image\\\/\"},\"sameAs\":[\"https:\\\/\\\/www.facebook.com\\\/PlateformeCharleroiPalestine\\\/\",\"https:\\\/\\\/x.com\\\/LaCharleroi\"]},{\"@type\":\"Person\",\"@id\":\"https:\\\/\\\/charleroi-pourlapalestine.be\\\/#\\\/schema\\\/person\\\/c19ff515112f1299d8c12671d8fe3faa\",\"name\":\"admin1873\",\"url\":\"https:\\\/\\\/charleroi-pourlapalestine.be\\\/index.php\\\/author\\\/admin1873\\\/\"}]}<\/script>\n<!-- \/ Yoast SEO plugin. -->","yoast_head_json":{"title":"Une marche au drapeau palestinien organis\u00e9e \u00e0 Umm Al-Fahm (Vid\u00e9o)","description":"La marche \u00e0 Umm Al-Fahm entendait protester contre l\u2019agression isra\u00e9lienne \u00e0 Sheikh Jarrah, \u00e0 Silwan et contre la mosqu\u00e9e Al-Aqsa.","robots":{"index":"index","follow":"follow","max-snippet":"max-snippet:-1","max-image-preview":"max-image-preview:large","max-video-preview":"max-video-preview:-1"},"canonical":"https:\/\/charleroi-pourlapalestine.be\/index.php\/2021\/07\/11\/jerusalem-est-une-ligne-rouge-une-marche-au-drapeau-palestinien-organisee-a-umm-al-fahm-video\/","schema":{"@context":"https:\/\/schema.org","@graph":[{"@type":"Article","@id":"https:\/\/charleroi-pourlapalestine.be\/index.php\/2021\/07\/11\/jerusalem-est-une-ligne-rouge-une-marche-au-drapeau-palestinien-organisee-a-umm-al-fahm-video\/#article","isPartOf":{"@id":"https:\/\/charleroi-pourlapalestine.be\/index.php\/2021\/07\/11\/jerusalem-est-une-ligne-rouge-une-marche-au-drapeau-palestinien-organisee-a-umm-al-fahm-video\/"},"author":{"name":"admin1873","@id":"https:\/\/charleroi-pourlapalestine.be\/#\/schema\/person\/c19ff515112f1299d8c12671d8fe3faa"},"headline":"\u00ab J\u00e9rusalem est une ligne rouge \u00bb : Une marche au drapeau palestinien organis\u00e9e \u00e0 Umm Al-Fahm","datePublished":"2021-07-11T18:23:31+00:00","dateModified":"2021-07-11T18:24:48+00:00","mainEntityOfPage":{"@id":"https:\/\/charleroi-pourlapalestine.be\/index.php\/2021\/07\/11\/jerusalem-est-une-ligne-rouge-une-marche-au-drapeau-palestinien-organisee-a-umm-al-fahm-video\/"},"wordCount":256,"publisher":{"@id":"https:\/\/charleroi-pourlapalestine.be\/#organization"},"image":{"@id":"https:\/\/charleroi-pourlapalestine.be\/index.php\/2021\/07\/11\/jerusalem-est-une-ligne-rouge-une-marche-au-drapeau-palestinien-organisee-a-umm-al-fahm-video\/#primaryimage"},"thumbnailUrl":"https:\/\/charleroi-pourlapalestine.be\/wp-content\/uploads\/2021\/07\/Flag-march-678x455-1-e1626026236997.png","articleSection":["J\u00e9rusalem","Les Palestiniens de 48","Occupation","Palestine","R\u00e9sistance","Sheikh Jarrah","Un peuple"],"inLanguage":"fr-FR"},{"@type":"WebPage","@id":"https:\/\/charleroi-pourlapalestine.be\/index.php\/2021\/07\/11\/jerusalem-est-une-ligne-rouge-une-marche-au-drapeau-palestinien-organisee-a-umm-al-fahm-video\/","url":"https:\/\/charleroi-pourlapalestine.be\/index.php\/2021\/07\/11\/jerusalem-est-une-ligne-rouge-une-marche-au-drapeau-palestinien-organisee-a-umm-al-fahm-video\/","name":"Une marche au drapeau palestinien organis\u00e9e \u00e0 Umm Al-Fahm (Vid\u00e9o)","isPartOf":{"@id":"https:\/\/charleroi-pourlapalestine.be\/#website"},"primaryImageOfPage":{"@id":"https:\/\/charleroi-pourlapalestine.be\/index.php\/2021\/07\/11\/jerusalem-est-une-ligne-rouge-une-marche-au-drapeau-palestinien-organisee-a-umm-al-fahm-video\/#primaryimage"},"image":{"@id":"https:\/\/charleroi-pourlapalestine.be\/index.php\/2021\/07\/11\/jerusalem-est-une-ligne-rouge-une-marche-au-drapeau-palestinien-organisee-a-umm-al-fahm-video\/#primaryimage"},"thumbnailUrl":"https:\/\/charleroi-pourlapalestine.be\/wp-content\/uploads\/2021\/07\/Flag-march-678x455-1-e1626026236997.png","datePublished":"2021-07-11T18:23:31+00:00","dateModified":"2021-07-11T18:24:48+00:00","description":"La marche \u00e0 Umm Al-Fahm entendait protester contre l\u2019agression isra\u00e9lienne \u00e0 Sheikh Jarrah, \u00e0 Silwan et contre la mosqu\u00e9e Al-Aqsa.","breadcrumb":{"@id":"https:\/\/charleroi-pourlapalestine.be\/index.php\/2021\/07\/11\/jerusalem-est-une-ligne-rouge-une-marche-au-drapeau-palestinien-organisee-a-umm-al-fahm-video\/#breadcrumb"},"inLanguage":"fr-FR","potentialAction":[{"@type":"ReadAction","target":["https:\/\/charleroi-pourlapalestine.be\/index.php\/2021\/07\/11\/jerusalem-est-une-ligne-rouge-une-marche-au-drapeau-palestinien-organisee-a-umm-al-fahm-video\/"]}]},{"@type":"ImageObject","inLanguage":"fr-FR","@id":"https:\/\/charleroi-pourlapalestine.be\/index.php\/2021\/07\/11\/jerusalem-est-une-ligne-rouge-une-marche-au-drapeau-palestinien-organisee-a-umm-al-fahm-video\/#primaryimage","url":"https:\/\/charleroi-pourlapalestine.be\/wp-content\/uploads\/2021\/07\/Flag-march-678x455-1-e1626026236997.png","contentUrl":"https:\/\/charleroi-pourlapalestine.be\/wp-content\/uploads\/2021\/07\/Flag-march-678x455-1-e1626026236997.png","width":477,"height":320},{"@type":"BreadcrumbList","@id":"https:\/\/charleroi-pourlapalestine.be\/index.php\/2021\/07\/11\/jerusalem-est-une-ligne-rouge-une-marche-au-drapeau-palestinien-organisee-a-umm-al-fahm-video\/#breadcrumb","itemListElement":[{"@type":"ListItem","position":1,"name":"Accueil","item":"https:\/\/charleroi-pourlapalestine.be\/"},{"@type":"ListItem","position":2,"name":"\u00ab J\u00e9rusalem est une ligne rouge \u00bb : Une marche au drapeau palestinien organis\u00e9e \u00e0 Umm Al-Fahm"}]},{"@type":"WebSite","@id":"https:\/\/charleroi-pourlapalestine.be\/#website","url":"https:\/\/charleroi-pourlapalestine.be\/","name":"Charleroi Pour la Palestine","description":"","publisher":{"@id":"https:\/\/charleroi-pourlapalestine.be\/#organization"},"potentialAction":[{"@type":"SearchAction","target":{"@type":"EntryPoint","urlTemplate":"https:\/\/charleroi-pourlapalestine.be\/?s={search_term_string}"},"query-input":{"@type":"PropertyValueSpecification","valueRequired":true,"valueName":"search_term_string"}}],"inLanguage":"fr-FR"},{"@type":"Organization","@id":"https:\/\/charleroi-pourlapalestine.be\/#organization","name":"Plate-forme Charleroi-Palestine","url":"https:\/\/charleroi-pourlapalestine.be\/","logo":{"@type":"ImageObject","inLanguage":"fr-FR","@id":"https:\/\/charleroi-pourlapalestine.be\/#\/schema\/logo\/image\/","url":"https:\/\/charleroi-pourlapalestine.be\/wp-content\/uploads\/2020\/01\/logo-Copy.jpg","contentUrl":"https:\/\/charleroi-pourlapalestine.be\/wp-content\/uploads\/2020\/01\/logo-Copy.jpg","width":180,"height":180,"caption":"Plate-forme Charleroi-Palestine"},"image":{"@id":"https:\/\/charleroi-pourlapalestine.be\/#\/schema\/logo\/image\/"},"sameAs":["https:\/\/www.facebook.com\/PlateformeCharleroiPalestine\/","https:\/\/x.com\/LaCharleroi"]},{"@type":"Person","@id":"https:\/\/charleroi-pourlapalestine.be\/#\/schema\/person\/c19ff515112f1299d8c12671d8fe3faa","name":"admin1873","url":"https:\/\/charleroi-pourlapalestine.be\/index.php\/author\/admin1873\/"}]}},"_links":{"self":[{"href":"https:\/\/charleroi-pourlapalestine.be\/index.php\/wp-json\/wp\/v2\/posts\/27794","targetHints":{"allow":["GET"]}}],"collection":[{"href":"https:\/\/charleroi-pourlapalestine.be\/index.php\/wp-json\/wp\/v2\/posts"}],"about":[{"href":"https:\/\/charleroi-pourlapalestine.be\/index.php\/wp-json\/wp\/v2\/types\/post"}],"author":[{"embeddable":true,"href":"https:\/\/charleroi-pourlapalestine.be\/index.php\/wp-json\/wp\/v2\/users\/1"}],"replies":[{"embeddable":true,"href":"https:\/\/charleroi-pourlapalestine.be\/index.php\/wp-json\/wp\/v2\/comments?post=27794"}],"version-history":[{"count":0,"href":"https:\/\/charleroi-pourlapalestine.be\/index.php\/wp-json\/wp\/v2\/posts\/27794\/revisions"}],"wp:featuredmedia":[{"embeddable":true,"href":"https:\/\/charleroi-pourlapalestine.be\/index.php\/wp-json\/wp\/v2\/media\/27796"}],"wp:attachment":[{"href":"https:\/\/charleroi-pourlapalestine.be\/index.php\/wp-json\/wp\/v2\/media?parent=27794"}],"wp:term":[{"taxonomy":"category","embeddable":true,"href":"https:\/\/charleroi-pourlapalestine.be\/index.php\/wp-json\/wp\/v2\/categories?post=27794"},{"taxonomy":"post_tag","embeddable":true,"href":"https:\/\/charleroi-pourlapalestine.be\/index.php\/wp-json\/wp\/v2\/tags?post=27794"}],"curies":[{"name":"wp","href":"https:\/\/api.w.org\/{rel}","templated":true}]}}