{"id":28263,"date":"2021-07-29T10:52:42","date_gmt":"2021-07-29T08:52:42","guid":{"rendered":"https:\/\/charleroi-pourlapalestine.be\/?p=28263"},"modified":"2021-07-29T10:55:35","modified_gmt":"2021-07-29T08:55:35","slug":"action-blocktheboat-dans-un-port-du-new-jersey","status":"publish","type":"post","link":"https:\/\/charleroi-pourlapalestine.be\/index.php\/2021\/07\/29\/action-blocktheboat-dans-un-port-du-new-jersey\/","title":{"rendered":"Action #BlockTheBoat dans un port du New Jersey"},"content":{"rendered":"<p>L&rsquo;action<strong> #BlockTheBoat<\/strong> dans un port du <strong>New Jersey<\/strong> mobilise en vue de soutenir les travailleurs palestiniens et de boycotter la <strong>ZIM.<\/strong><\/p>\n<div id=\"attachment_28264\" style=\"width: 657px\" class=\"wp-caption aligncenter\"><img loading=\"lazy\" decoding=\"async\" aria-describedby=\"caption-attachment-28264\" class=\"wp-image-28264 size-full\" src=\"https:\/\/charleroi-pourlapalestine.be\/wp-content\/uploads\/2021\/07\/Block-the-boat-e1627314094680.png\" alt=\"\" width=\"647\" height=\"296\"><p id=\"caption-attachment-28264\" class=\"wp-caption-text\">Photo&nbsp;: Jehad Dawoud<\/p><\/div>\n<p><strong>Samidoun,<\/strong> 26 juillet 2021<\/p>\n<p>Dans le <strong>New Jersey<\/strong>, une foule de protestataires est descendue dans les rues avoisinant le terminal <strong>Maher<\/strong>, \u00e0 <strong>Elizabeth<\/strong>, dans le cadre de la <a href=\"https:\/\/samidoun.net\/2021\/07\/vancouver-boycott-tour-protest-marches-for-justice-and-liberation-in-palestine\/\" target=\"_blank\" rel=\"noopener noreferrer\">campagne<\/a><strong> #BlockTheBoat<\/strong> (bloquez le navire) qui vise l\u2019armateur maritime isra\u00e9lien <strong>ZIM<\/strong> en raison de sa complicit\u00e9 avec le colonialisme sioniste et l\u2019apartheid isra\u00e9lien, et des substantiels profits qu\u2019il en tire. En d\u00e9pit du temps pluvieux, les manifestants se sont rassembl\u00e9s \u00e0 6 heures du matin pour accueillir le navire <strong>ZIM Qingdao<\/strong> et pour lancer un appel afin qu\u2019il ne soit pas d\u00e9charg\u00e9.<\/p>\n<div id=\"attachment_28284\" style=\"width: 493px\" class=\"wp-caption aligncenter\"><img loading=\"lazy\" decoding=\"async\" aria-describedby=\"caption-attachment-28284\" class=\"wp-image-28284 size-full\" src=\"https:\/\/charleroi-pourlapalestine.be\/wp-content\/uploads\/2021\/07\/stop-zim-1-e1627539095243.png\" alt=\"\" width=\"483\" height=\"320\"><p id=\"caption-attachment-28284\" class=\"wp-caption-text\">(Photo&nbsp;: Jehad Dawoud)<\/p><\/div>\n<p>Les protestations \u00e9taient organis\u00e9es par la <strong><em>Coalition Block The Boat<\/em><\/strong> pour les \u00c9tats de <strong>New York<\/strong> et du <strong>New Jersey,<\/strong> qui comprend la <em>Coalition New York pour la Palestine&nbsp;; Al-Awda NY&nbsp;: la Coalition du droit au retour&nbsp;en Palestine&nbsp;; De notre vivant \u2013 Unis pour la Palestine&nbsp;; le Monde du travail pour la Palestine&nbsp;; le r\u00e9seau Samidoun de solidarit\u00e9 avec les prisonniers palestiniens&nbsp;; les Musulmans am\u00e9ricains pour la Palestine, New Jersey&nbsp;; l\u2019Organisation populaire pour le progr\u00e8s&nbsp;; Juifs pour le droit des Palestiniens au retour&nbsp;; une Voix juive pour la paix, NY City&nbsp;; la Coalition ANSWER et la CUNY pour la Palestine.<\/em><\/p>\n<blockquote class=\"twitter-tweet\" data-width=\"500\" data-dnt=\"true\">\n<p lang=\"en\" dir=\"ltr\"><a href=\"https:\/\/twitter.com\/MichaelLetwin?ref_src=twsrc%5Etfw\">@MichaelLetwin<\/a> of <a href=\"https:\/\/twitter.com\/Labor4Palestine?ref_src=twsrc%5Etfw\">@Labor4Palestine<\/a> speaks on worker power and why <a href=\"https:\/\/twitter.com\/PortNYNJ?ref_src=twsrc%5Etfw\">@PortNYNJ<\/a> MUST refuse to unload apartheid Israel ZIM ship!<a href=\"https:\/\/twitter.com\/hashtag\/BlockTheBoat?src=hash&amp;ref_src=twsrc%5Etfw\">#BlockTheBoat<\/a> <a href=\"https:\/\/twitter.com\/hashtag\/BDS?src=hash&amp;ref_src=twsrc%5Etfw\">#BDS<\/a> <a href=\"https:\/\/twitter.com\/hashtag\/ShutDownApartheid?src=hash&amp;ref_src=twsrc%5Etfw\">#ShutDownApartheid<\/a> <a href=\"https:\/\/twitter.com\/AROCBayArea?ref_src=twsrc%5Etfw\">@AROCBayArea<\/a> <a href=\"https:\/\/twitter.com\/Ny4Palestine?ref_src=twsrc%5Etfw\">@Ny4Palestine<\/a> <a href=\"https:\/\/t.co\/yZyCq8Kaa9\">pic.twitter.com\/yZyCq8Kaa9<\/a><\/p>\n<p>&mdash; Labor for Palestine (@Labor4Palestine) <a href=\"https:\/\/twitter.com\/Labor4Palestine\/status\/1419266404788932613?ref_src=twsrc%5Etfw\">July 25, 2021<\/a><\/p><\/blockquote>\n<p><script async src=\"https:\/\/platform.twitter.com\/widgets.js\" charset=\"utf-8\"><\/script><\/p>\n<blockquote><p>\u00ab&nbsp;Nous faisons cela en guise de soutien \u00e0 la lib\u00e9ration palestinienne et \u00e0 l\u2019appel aux boycott, d\u00e9sinvestissement et sanctions, mais nous le faisons aussi en solidarit\u00e9 avec les travailleurs palestiniens&nbsp;\u00bb,<\/p><\/blockquote>\n<p>a d\u00e9clar\u00e9 <strong>Suzanne Adely<\/strong>, pr\u00e9sidente \u00e9lue de la <em>Guilde nationale des avocats. &nbsp;<\/em><\/p>\n<div id=\"attachment_28287\" style=\"width: 617px\" class=\"wp-caption aligncenter\"><img loading=\"lazy\" decoding=\"async\" aria-describedby=\"caption-attachment-28287\" class=\"wp-image-28287 size-full\" src=\"https:\/\/charleroi-pourlapalestine.be\/wp-content\/uploads\/2021\/07\/stop-zim-2-e1627539605295.png\" alt=\"\" width=\"607\" height=\"320\"><p id=\"caption-attachment-28287\" class=\"wp-caption-text\">(Photo&nbsp;: Jehad Dawoud)<\/p><\/div>\n<blockquote><p>\u00ab&nbsp;Nous lan\u00e7ons un message pour dire que le fait de tirer du profit de l\u2019apartheid isra\u00e9lien et de l\u2019actuelle violence contre le peuple palestinien ne sera pas bien accueilli \u00e0 New York, dans le New Jersey ni en d\u2019autres endroits de la c\u00f4te est&nbsp;\u00bb,<\/p><\/blockquote>\n<p>a d\u00e9clar\u00e9 <strong>Nerdeen Kiswani,<\/strong> pr\u00e9sidente de <em>De notre vivant \u2013 Unis pour la Palestine.<\/em><\/p>\n<blockquote><p>\u00ab&nbsp;Nos communaut\u00e9s prennent position contre le nettoyage ethnique, les expulsions et les bombardements auxquels les Palestiniens sont confront\u00e9s quotidiennement.&nbsp;\u00bb<\/p><\/blockquote>\n<blockquote class=\"twitter-tweet\" data-width=\"500\" data-dnt=\"true\">\n<p lang=\"en\" dir=\"ltr\">This morning in Elizabeth NJ: Sayel Kayed of <a href=\"https:\/\/twitter.com\/AMPNJ?ref_src=twsrc%5Etfw\">@AMPNJ<\/a>  speaks on why PortNYNJ workers must refuse to unload ZIM ship! <a href=\"https:\/\/twitter.com\/hashtag\/BlockTheBoat?src=hash&amp;ref_src=twsrc%5Etfw\">#BlockTheBoat<\/a> <a href=\"https:\/\/twitter.com\/hashtag\/BDS?src=hash&amp;ref_src=twsrc%5Etfw\">#BDS<\/a> <a href=\"https:\/\/twitter.com\/AROCBayArea?ref_src=twsrc%5Etfw\">@AROCBayArea<\/a>  <a href=\"https:\/\/twitter.com\/Ny4Palestine?ref_src=twsrc%5Etfw\">@Ny4Palestine<\/a> <a href=\"https:\/\/t.co\/imyeDINkxZ\">pic.twitter.com\/imyeDINkxZ<\/a><\/p>\n<p>&mdash; Labor for Palestine (@Labor4Palestine) <a href=\"https:\/\/twitter.com\/Labor4Palestine\/status\/1419467039719231493?ref_src=twsrc%5Etfw\">July 26, 2021<\/a><\/p><\/blockquote>\n<p><script async src=\"https:\/\/platform.twitter.com\/widgets.js\" charset=\"utf-8\"><\/script><\/p>\n<p>Cette action suit de pr\u00e8s les protestations de<strong> #BlockTheBoat<\/strong> un peu partout en <strong>Am\u00e9rique du Nord<\/strong> et au niveau international. Des dockers d\u2019<strong>Italie<\/strong> et d\u2019<strong>Afrique du Sud<\/strong> ont refus\u00e9 de d\u00e9charger des cargos <strong>ZIM<\/strong> isra\u00e9liens en solidarit\u00e9 avec la lutte des <strong>Palestiniens<\/strong> pour leur lib\u00e9ration&nbsp;<\/p>\n<div id=\"attachment_28292\" style=\"width: 492px\" class=\"wp-caption aligncenter\"><img loading=\"lazy\" decoding=\"async\" aria-describedby=\"caption-attachment-28292\" class=\"wp-image-28292 size-full\" src=\"https:\/\/charleroi-pourlapalestine.be\/wp-content\/uploads\/2021\/07\/zim-3-e1627543234414.png\" alt=\"\" width=\"482\" height=\"320\"><p id=\"caption-attachment-28292\" class=\"wp-caption-text\">(Photo&nbsp;: Jehad Dawoud)<\/p><\/div>\n<p>Pendant ce temps, des navires travaillant pour la <strong>ZIM<\/strong> ont \u00e9t\u00e9 emp\u00each\u00e9s de d\u00e9charger leur cargaison \u00e0 <strong>Oakland, Prince Rupert<\/strong> et <strong>Seattle<\/strong>, dans le m\u00eame temps que des manifestations \u00e9taient organis\u00e9es \u00e0 <strong>Vancouver, Los Angeles, Detroit, Philadelphie, Elizabeth <\/strong>et<strong> Houston<\/strong>.<\/p>\n<blockquote class=\"twitter-tweet\" data-width=\"500\" data-dnt=\"true\">\n<p lang=\"en\" dir=\"ltr\"><a href=\"https:\/\/twitter.com\/NerdeenKiswani?ref_src=twsrc%5Etfw\">@NerdeenKiswani<\/a> of <a href=\"https:\/\/twitter.com\/WOLPalestine?ref_src=twsrc%5Etfw\">@WOLPalestine<\/a> speaks on why <a href=\"https:\/\/twitter.com\/PortNYNJ?ref_src=twsrc%5Etfw\">@PortNYNJ<\/a> workers must refuse to unload ZIM ship! <a href=\"https:\/\/twitter.com\/hashtag\/BlockTheBoat?src=hash&amp;ref_src=twsrc%5Etfw\">#BlockTheBoat<\/a> <a href=\"https:\/\/twitter.com\/hashtag\/BDS?src=hash&amp;ref_src=twsrc%5Etfw\">#BDS<\/a> <a href=\"https:\/\/twitter.com\/AROCBayArea?ref_src=twsrc%5Etfw\">@AROCBayArea<\/a> <a href=\"https:\/\/twitter.com\/Ny4Palestine?ref_src=twsrc%5Etfw\">@Ny4Palestine<\/a> (3) <a href=\"https:\/\/t.co\/urvzrkwtL8\">pic.twitter.com\/urvzrkwtL8<\/a><\/p>\n<p>&mdash; Labor for Palestine (@Labor4Palestine) <a href=\"https:\/\/twitter.com\/Labor4Palestine\/status\/1419260955574382592?ref_src=twsrc%5Etfw\">July 25, 2021<\/a><\/p><\/blockquote>\n<p><script async src=\"https:\/\/platform.twitter.com\/widgets.js\" charset=\"utf-8\"><\/script><\/p>\n<p><strong>La Zim Integrated Shipping Services Ltd (ZIM)<\/strong> est le plus gros armateur isra\u00e9lien de transport de marchandises. Il achemine souvent de la technologie militaire, des armes et des \u00e9quipements logistiques de fabrication isra\u00e9lienne.<\/p>\n<div id=\"attachment_28296\" style=\"width: 583px\" class=\"wp-caption aligncenter\"><img loading=\"lazy\" decoding=\"async\" aria-describedby=\"caption-attachment-28296\" class=\"wp-image-28296 size-full\" src=\"https:\/\/charleroi-pourlapalestine.be\/wp-content\/uploads\/2021\/07\/zim-4-e1627544064978.png\" alt=\"\" width=\"573\" height=\"320\"><p id=\"caption-attachment-28296\" class=\"wp-caption-text\">(Photo&nbsp;: Jehad Dawoud)<\/p><\/div>\n<p>L\u2019<em>Arab Resource and Organizing Center<\/em>, install\u00e9 \u00e0 <strong>San Francisco<\/strong>, a demand\u00e9 aux communaut\u00e9s, pour la premi\u00e8re fois en 2014, de &nbsp;bloquer les navires affr\u00e9t\u00e9s par la <strong>ZIM<\/strong> et se trouvant aux <strong>\u00c9tats-Unis<\/strong>, et ce, via l\u2019action couronn\u00e9e de succ\u00e8s <strong>#BlockTheBoat<\/strong>, au cours de laquelle les travailleurs de la section locale n\u00b0 10 du syndicat <em>International Longshore and Warehouse Union<\/em> (<strong>ILWU<\/strong> \u2013 Union internationale des dockers), appuy\u00e9s par un piquet communautaire, ont maintenu le navire de la <strong>ZIM<\/strong> en dehors du port d\u2019<strong>Oakland<\/strong>. Cette victoire s\u2019est d\u2019ailleurs r\u00e9p\u00e9t\u00e9e cette ann\u00e9e.<\/p>\n<blockquote class=\"twitter-tweet\" data-width=\"500\" data-dnt=\"true\">\n<p lang=\"en\" dir=\"ltr\">Ahmed El Touny, Co-Chair of <a href=\"https:\/\/twitter.com\/GreenPartyUS?ref_src=twsrc%5Etfw\">@GreenPartyUS<\/a>, speaking on Israel&#39;s war crimes and why his party supports <a href=\"https:\/\/twitter.com\/hashtag\/BlockTheBoat?src=hash&amp;ref_src=twsrc%5Etfw\">#BlockTheBoat<\/a> <a href=\"https:\/\/twitter.com\/AROCBayArea?ref_src=twsrc%5Etfw\">@AROCBayArea<\/a> <a href=\"https:\/\/twitter.com\/PortNYNJ?ref_src=twsrc%5Etfw\">@PortNYNJ<\/a> <a href=\"https:\/\/twitter.com\/Ny4Palestine?ref_src=twsrc%5Etfw\">@Ny4Palestine<\/a> <a href=\"https:\/\/t.co\/mfIywgalXk\">pic.twitter.com\/mfIywgalXk<\/a><\/p>\n<p>&mdash; Labor for Palestine (@Labor4Palestine) <a href=\"https:\/\/twitter.com\/Labor4Palestine\/status\/1419306695369523202?ref_src=twsrc%5Etfw\">July 25, 2021<\/a><\/p><\/blockquote>\n<p><script async src=\"https:\/\/platform.twitter.com\/widgets.js\" charset=\"utf-8\"><\/script><\/p>\n<p>La Coalition <strong>Block the Boat<\/strong> poursuivra ses efforts \u00e0 <strong>New York<\/strong> et dans le <strong>New Jersey<\/strong>, combinera \u00e9galement ses efforts avec ceux de l\u2019<strong>AROC<\/strong> et des organisations, dans le monde entier, qui \u0153uvrent \u00e0 mettre un terme d\u00e9finitif aux profits que la <strong>ZIM<\/strong> r\u00e9alise \u00e0 partir des terres palestiniennes vol\u00e9es et de la colonisation en cours de la <strong>Palestine<\/strong>. La campagne <strong>Block the Boat<\/strong> \u0153uvre \u00e0 tisser des liens entre les travailleurs palestiniens et le mouvement ouvrier international.<\/p>\n<div id=\"attachment_28301\" style=\"width: 523px\" class=\"wp-caption aligncenter\"><img loading=\"lazy\" decoding=\"async\" aria-describedby=\"caption-attachment-28301\" class=\"wp-image-28301 size-full\" src=\"https:\/\/charleroi-pourlapalestine.be\/wp-content\/uploads\/2021\/07\/zim-5-e1627547692579.png\" alt=\"\" width=\"513\" height=\"320\"><p id=\"caption-attachment-28301\" class=\"wp-caption-text\">(Photo&nbsp;: Jehad Dawud)<\/p><\/div>\n<p>La prochaine action \u00e0 New York aura lieu mardi 27 juillet \u00e0 4 h 30 du matin, quand <em>Al-Awda New York&nbsp;: la Coalition du droit au retour en Palestine<\/em>, en compagnie de la <em>Coalition NY pour la Palestine,&nbsp; qui comprend les Musulmans am\u00e9ricains pour la Palestine \u2013 section du New Jersey, Exister c\u2019est r\u00e9sister, De notre vivant&nbsp;: Unis pour la Palestine, la r\u00e9seau Samidoun de solidarit\u00e9 avec les prisonniers palestiniens et Juifs pour le droit au retour des Palestiniens<\/em>, ainsi que des organisations amies comme une <em>Voix juive pour la paix \u2013 New York<\/em>, protesteront \u00e0 l\u2019ext\u00e9rieur du bureau de Brooklyn de l\u2019attorney g\u00e9n\u00e9rale de <em>New York, Letitia James.<\/em><\/p>\n<div id=\"attachment_28303\" style=\"width: 529px\" class=\"wp-caption aligncenter\"><img loading=\"lazy\" decoding=\"async\" aria-describedby=\"caption-attachment-28303\" class=\"wp-image-28303 size-full\" src=\"https:\/\/charleroi-pourlapalestine.be\/wp-content\/uploads\/2021\/07\/zim-6-e1627547883424.png\" alt=\"\" width=\"519\" height=\"320\"><p id=\"caption-attachment-28303\" class=\"wp-caption-text\">Photo : Jehad Dawoud<\/p><\/div>\n<p>Les protestations chercheront \u00e0 attirer l\u2019attention sur les organisations non marchandes sionistes install\u00e9es \u00e0 <strong>New York<\/strong> et qui aident les colons \u2013 tel celui qui est n\u00e9 \u00e0 <strong>Long Island<\/strong>,<em> Justin \u00ab&nbsp;Yaacov&nbsp;\u00bb Fauci<\/em> \u2013 \u00e0 se livrer au nettoyage ethnique et au g\u00e9nocide des Palestiniens. <strong>Fauci<\/strong> a quitt\u00e9<strong> New York<\/strong> pour envahir&nbsp;et voler des terres palestiniennes, dont la maison de la famille <strong>Al-Kurd<\/strong>, et il s\u2019est tristement illustr\u00e9 pour avoir publiquement admis ses crimes en d\u00e9clarant&nbsp;:<em> \u00ab&nbsp;Si je ne les vole pas moi-m\u00eame, d\u2019autres le feront&nbsp;\u00bb.<\/em> Et il a occup\u00e9 la maison palestinienne.<\/p>\n<p><img loading=\"lazy\" decoding=\"async\" class=\"aligncenter wp-image-28306 size-full\" src=\"https:\/\/charleroi-pourlapalestine.be\/wp-content\/uploads\/2021\/07\/zim-7-e1627548425904.png\" alt=\"\" width=\"522\" height=\"320\"><\/p>\n<p>Les avocats insisteront aupr\u00e8s de l\u2019attorney g\u00e9n\u00e9rale de <strong>New York, Letitia James<\/strong>, pour qu\u2019elle annule et supprime le statut non marchand, exempt de taxes, des organisations qui financent des crimes de guerre et des crimes contre l\u2019humanit\u00e9 en <strong>Palestine<\/strong>. Les associations protestataires demandent \u00e9galement que soit mis fin \u00e0 l\u2019extr\u00e9misme sioniste cantonn\u00e9 \u00e0 <strong>New York<\/strong> et appellent les communaut\u00e9s et les responsables gouvernementaux de&nbsp;<strong>New York<\/strong> \u00e0 cesser d\u2019aider et de normaliser les criminels de guerre qui op\u00e8rent dans l\u2019\u00c9tat. Tous les amis de la justice en <strong>Palestine<\/strong> sont invit\u00e9s \u00e0 se joindre \u00e0 l\u2019action.<\/p>\n<hr>\n<p>Publi\u00e9 le 26 juilllet 2021 sur <a href=\"https:\/\/samidoun.net\/2021\/07\/blocktheboat-action-at-new-jersey-port-mobilizes-to-support-palestinian-workers-boycott-zim\/\" target=\"_blank\" rel=\"noopener noreferrer\">Samidoun<\/a><br \/>\nTraduction : Jean-Marie Fl\u00e9mal, <a href=\"https:\/\/charleroi-pourlapalestine.be\/\">Charleroi pour la Palestine<\/a><\/p>\n<p>Lisez \u00e9galement : <strong><a href=\"https:\/\/charleroi-pourlapalestine.be\/index.php\/2021\/06\/13\/bds-gagne-en-intensite-avec-les-actions-de-blocktheboat-a-oakland-et-a-seattle\/\">BDS gagne en intensit\u00e9 avec les actions de #BlockTheBoat \u00e0 Oakland et \u00e0 Seattle<\/a><\/strong><\/p>\n","protected":false},"excerpt":{"rendered":"<p>L&rsquo;action #BlockTheBoat dans un port du New Jersey mobilise en vue de soutenir les travailleurs palestiniens et de boycotter la ZIM<\/p>\n","protected":false},"author":1,"featured_media":28264,"comment_status":"closed","ping_status":"closed","sticky":false,"template":"","format":"standard","meta":{"ngg_post_thumbnail":0,"footnotes":""},"categories":[90,201],"tags":[],"class_list":["post-28263","post","type-post","status-publish","format-standard","has-post-thumbnail","hentry","category-bds","category-travailleurs"],"yoast_head":"<!-- This site is optimized with the Yoast SEO plugin v27.3 - https:\/\/yoast.com\/product\/yoast-seo-wordpress\/ -->\n<title>Action #BlockTheBoat dans un port du New Jersey<\/title>\n<meta name=\"description\" content=\"L&#039;action #BlockTheBoat dans un port du New Jersey mobilise en vue de soutenir les travailleurs palestiniens et de boycotter la ZIM\" \/>\n<meta name=\"robots\" content=\"index, follow, max-snippet:-1, max-image-preview:large, max-video-preview:-1\" \/>\n<link rel=\"canonical\" href=\"https:\/\/charleroi-pourlapalestine.be\/index.php\/2021\/07\/29\/action-blocktheboat-dans-un-port-du-new-jersey\/\" \/>\n<script type=\"application\/ld+json\" class=\"yoast-schema-graph\">{\"@context\":\"https:\\\/\\\/schema.org\",\"@graph\":[{\"@type\":\"Article\",\"@id\":\"https:\\\/\\\/charleroi-pourlapalestine.be\\\/index.php\\\/2021\\\/07\\\/29\\\/action-blocktheboat-dans-un-port-du-new-jersey\\\/#article\",\"isPartOf\":{\"@id\":\"https:\\\/\\\/charleroi-pourlapalestine.be\\\/index.php\\\/2021\\\/07\\\/29\\\/action-blocktheboat-dans-un-port-du-new-jersey\\\/\"},\"author\":{\"name\":\"admin1873\",\"@id\":\"https:\\\/\\\/charleroi-pourlapalestine.be\\\/#\\\/schema\\\/person\\\/c19ff515112f1299d8c12671d8fe3faa\"},\"headline\":\"Action #BlockTheBoat dans un port du New Jersey\",\"datePublished\":\"2021-07-29T08:52:42+00:00\",\"dateModified\":\"2021-07-29T08:55:35+00:00\",\"mainEntityOfPage\":{\"@id\":\"https:\\\/\\\/charleroi-pourlapalestine.be\\\/index.php\\\/2021\\\/07\\\/29\\\/action-blocktheboat-dans-un-port-du-new-jersey\\\/\"},\"wordCount\":1230,\"publisher\":{\"@id\":\"https:\\\/\\\/charleroi-pourlapalestine.be\\\/#organization\"},\"image\":{\"@id\":\"https:\\\/\\\/charleroi-pourlapalestine.be\\\/index.php\\\/2021\\\/07\\\/29\\\/action-blocktheboat-dans-un-port-du-new-jersey\\\/#primaryimage\"},\"thumbnailUrl\":\"https:\\\/\\\/charleroi-pourlapalestine.be\\\/wp-content\\\/uploads\\\/2021\\\/07\\\/Block-the-boat-e1627549020217.png\",\"articleSection\":[\"BDS\",\"Travailleurs\"],\"inLanguage\":\"fr-FR\"},{\"@type\":\"WebPage\",\"@id\":\"https:\\\/\\\/charleroi-pourlapalestine.be\\\/index.php\\\/2021\\\/07\\\/29\\\/action-blocktheboat-dans-un-port-du-new-jersey\\\/\",\"url\":\"https:\\\/\\\/charleroi-pourlapalestine.be\\\/index.php\\\/2021\\\/07\\\/29\\\/action-blocktheboat-dans-un-port-du-new-jersey\\\/\",\"name\":\"Action #BlockTheBoat dans un port du New Jersey\",\"isPartOf\":{\"@id\":\"https:\\\/\\\/charleroi-pourlapalestine.be\\\/#website\"},\"primaryImageOfPage\":{\"@id\":\"https:\\\/\\\/charleroi-pourlapalestine.be\\\/index.php\\\/2021\\\/07\\\/29\\\/action-blocktheboat-dans-un-port-du-new-jersey\\\/#primaryimage\"},\"image\":{\"@id\":\"https:\\\/\\\/charleroi-pourlapalestine.be\\\/index.php\\\/2021\\\/07\\\/29\\\/action-blocktheboat-dans-un-port-du-new-jersey\\\/#primaryimage\"},\"thumbnailUrl\":\"https:\\\/\\\/charleroi-pourlapalestine.be\\\/wp-content\\\/uploads\\\/2021\\\/07\\\/Block-the-boat-e1627549020217.png\",\"datePublished\":\"2021-07-29T08:52:42+00:00\",\"dateModified\":\"2021-07-29T08:55:35+00:00\",\"description\":\"L'action #BlockTheBoat dans un port du New Jersey mobilise en vue de soutenir les travailleurs palestiniens et de boycotter la ZIM\",\"breadcrumb\":{\"@id\":\"https:\\\/\\\/charleroi-pourlapalestine.be\\\/index.php\\\/2021\\\/07\\\/29\\\/action-blocktheboat-dans-un-port-du-new-jersey\\\/#breadcrumb\"},\"inLanguage\":\"fr-FR\",\"potentialAction\":[{\"@type\":\"ReadAction\",\"target\":[\"https:\\\/\\\/charleroi-pourlapalestine.be\\\/index.php\\\/2021\\\/07\\\/29\\\/action-blocktheboat-dans-un-port-du-new-jersey\\\/\"]}]},{\"@type\":\"ImageObject\",\"inLanguage\":\"fr-FR\",\"@id\":\"https:\\\/\\\/charleroi-pourlapalestine.be\\\/index.php\\\/2021\\\/07\\\/29\\\/action-blocktheboat-dans-un-port-du-new-jersey\\\/#primaryimage\",\"url\":\"https:\\\/\\\/charleroi-pourlapalestine.be\\\/wp-content\\\/uploads\\\/2021\\\/07\\\/Block-the-boat-e1627549020217.png\",\"contentUrl\":\"https:\\\/\\\/charleroi-pourlapalestine.be\\\/wp-content\\\/uploads\\\/2021\\\/07\\\/Block-the-boat-e1627549020217.png\",\"width\":647,\"height\":281},{\"@type\":\"BreadcrumbList\",\"@id\":\"https:\\\/\\\/charleroi-pourlapalestine.be\\\/index.php\\\/2021\\\/07\\\/29\\\/action-blocktheboat-dans-un-port-du-new-jersey\\\/#breadcrumb\",\"itemListElement\":[{\"@type\":\"ListItem\",\"position\":1,\"name\":\"Accueil\",\"item\":\"https:\\\/\\\/charleroi-pourlapalestine.be\\\/\"},{\"@type\":\"ListItem\",\"position\":2,\"name\":\"Action #BlockTheBoat dans un port du New Jersey\"}]},{\"@type\":\"WebSite\",\"@id\":\"https:\\\/\\\/charleroi-pourlapalestine.be\\\/#website\",\"url\":\"https:\\\/\\\/charleroi-pourlapalestine.be\\\/\",\"name\":\"Charleroi Pour la Palestine\",\"description\":\"\",\"publisher\":{\"@id\":\"https:\\\/\\\/charleroi-pourlapalestine.be\\\/#organization\"},\"potentialAction\":[{\"@type\":\"SearchAction\",\"target\":{\"@type\":\"EntryPoint\",\"urlTemplate\":\"https:\\\/\\\/charleroi-pourlapalestine.be\\\/?s={search_term_string}\"},\"query-input\":{\"@type\":\"PropertyValueSpecification\",\"valueRequired\":true,\"valueName\":\"search_term_string\"}}],\"inLanguage\":\"fr-FR\"},{\"@type\":\"Organization\",\"@id\":\"https:\\\/\\\/charleroi-pourlapalestine.be\\\/#organization\",\"name\":\"Plate-forme Charleroi-Palestine\",\"url\":\"https:\\\/\\\/charleroi-pourlapalestine.be\\\/\",\"logo\":{\"@type\":\"ImageObject\",\"inLanguage\":\"fr-FR\",\"@id\":\"https:\\\/\\\/charleroi-pourlapalestine.be\\\/#\\\/schema\\\/logo\\\/image\\\/\",\"url\":\"https:\\\/\\\/charleroi-pourlapalestine.be\\\/wp-content\\\/uploads\\\/2020\\\/01\\\/logo-Copy.jpg\",\"contentUrl\":\"https:\\\/\\\/charleroi-pourlapalestine.be\\\/wp-content\\\/uploads\\\/2020\\\/01\\\/logo-Copy.jpg\",\"width\":180,\"height\":180,\"caption\":\"Plate-forme Charleroi-Palestine\"},\"image\":{\"@id\":\"https:\\\/\\\/charleroi-pourlapalestine.be\\\/#\\\/schema\\\/logo\\\/image\\\/\"},\"sameAs\":[\"https:\\\/\\\/www.facebook.com\\\/PlateformeCharleroiPalestine\\\/\",\"https:\\\/\\\/x.com\\\/LaCharleroi\"]},{\"@type\":\"Person\",\"@id\":\"https:\\\/\\\/charleroi-pourlapalestine.be\\\/#\\\/schema\\\/person\\\/c19ff515112f1299d8c12671d8fe3faa\",\"name\":\"admin1873\",\"url\":\"https:\\\/\\\/charleroi-pourlapalestine.be\\\/index.php\\\/author\\\/admin1873\\\/\"}]}<\/script>\n<!-- \/ Yoast SEO plugin. -->","yoast_head_json":{"title":"Action #BlockTheBoat dans un port du New Jersey","description":"L'action #BlockTheBoat dans un port du New Jersey mobilise en vue de soutenir les travailleurs palestiniens et de boycotter la ZIM","robots":{"index":"index","follow":"follow","max-snippet":"max-snippet:-1","max-image-preview":"max-image-preview:large","max-video-preview":"max-video-preview:-1"},"canonical":"https:\/\/charleroi-pourlapalestine.be\/index.php\/2021\/07\/29\/action-blocktheboat-dans-un-port-du-new-jersey\/","schema":{"@context":"https:\/\/schema.org","@graph":[{"@type":"Article","@id":"https:\/\/charleroi-pourlapalestine.be\/index.php\/2021\/07\/29\/action-blocktheboat-dans-un-port-du-new-jersey\/#article","isPartOf":{"@id":"https:\/\/charleroi-pourlapalestine.be\/index.php\/2021\/07\/29\/action-blocktheboat-dans-un-port-du-new-jersey\/"},"author":{"name":"admin1873","@id":"https:\/\/charleroi-pourlapalestine.be\/#\/schema\/person\/c19ff515112f1299d8c12671d8fe3faa"},"headline":"Action #BlockTheBoat dans un port du New Jersey","datePublished":"2021-07-29T08:52:42+00:00","dateModified":"2021-07-29T08:55:35+00:00","mainEntityOfPage":{"@id":"https:\/\/charleroi-pourlapalestine.be\/index.php\/2021\/07\/29\/action-blocktheboat-dans-un-port-du-new-jersey\/"},"wordCount":1230,"publisher":{"@id":"https:\/\/charleroi-pourlapalestine.be\/#organization"},"image":{"@id":"https:\/\/charleroi-pourlapalestine.be\/index.php\/2021\/07\/29\/action-blocktheboat-dans-un-port-du-new-jersey\/#primaryimage"},"thumbnailUrl":"https:\/\/charleroi-pourlapalestine.be\/wp-content\/uploads\/2021\/07\/Block-the-boat-e1627549020217.png","articleSection":["BDS","Travailleurs"],"inLanguage":"fr-FR"},{"@type":"WebPage","@id":"https:\/\/charleroi-pourlapalestine.be\/index.php\/2021\/07\/29\/action-blocktheboat-dans-un-port-du-new-jersey\/","url":"https:\/\/charleroi-pourlapalestine.be\/index.php\/2021\/07\/29\/action-blocktheboat-dans-un-port-du-new-jersey\/","name":"Action #BlockTheBoat dans un port du New Jersey","isPartOf":{"@id":"https:\/\/charleroi-pourlapalestine.be\/#website"},"primaryImageOfPage":{"@id":"https:\/\/charleroi-pourlapalestine.be\/index.php\/2021\/07\/29\/action-blocktheboat-dans-un-port-du-new-jersey\/#primaryimage"},"image":{"@id":"https:\/\/charleroi-pourlapalestine.be\/index.php\/2021\/07\/29\/action-blocktheboat-dans-un-port-du-new-jersey\/#primaryimage"},"thumbnailUrl":"https:\/\/charleroi-pourlapalestine.be\/wp-content\/uploads\/2021\/07\/Block-the-boat-e1627549020217.png","datePublished":"2021-07-29T08:52:42+00:00","dateModified":"2021-07-29T08:55:35+00:00","description":"L'action #BlockTheBoat dans un port du New Jersey mobilise en vue de soutenir les travailleurs palestiniens et de boycotter la ZIM","breadcrumb":{"@id":"https:\/\/charleroi-pourlapalestine.be\/index.php\/2021\/07\/29\/action-blocktheboat-dans-un-port-du-new-jersey\/#breadcrumb"},"inLanguage":"fr-FR","potentialAction":[{"@type":"ReadAction","target":["https:\/\/charleroi-pourlapalestine.be\/index.php\/2021\/07\/29\/action-blocktheboat-dans-un-port-du-new-jersey\/"]}]},{"@type":"ImageObject","inLanguage":"fr-FR","@id":"https:\/\/charleroi-pourlapalestine.be\/index.php\/2021\/07\/29\/action-blocktheboat-dans-un-port-du-new-jersey\/#primaryimage","url":"https:\/\/charleroi-pourlapalestine.be\/wp-content\/uploads\/2021\/07\/Block-the-boat-e1627549020217.png","contentUrl":"https:\/\/charleroi-pourlapalestine.be\/wp-content\/uploads\/2021\/07\/Block-the-boat-e1627549020217.png","width":647,"height":281},{"@type":"BreadcrumbList","@id":"https:\/\/charleroi-pourlapalestine.be\/index.php\/2021\/07\/29\/action-blocktheboat-dans-un-port-du-new-jersey\/#breadcrumb","itemListElement":[{"@type":"ListItem","position":1,"name":"Accueil","item":"https:\/\/charleroi-pourlapalestine.be\/"},{"@type":"ListItem","position":2,"name":"Action #BlockTheBoat dans un port du New Jersey"}]},{"@type":"WebSite","@id":"https:\/\/charleroi-pourlapalestine.be\/#website","url":"https:\/\/charleroi-pourlapalestine.be\/","name":"Charleroi Pour la Palestine","description":"","publisher":{"@id":"https:\/\/charleroi-pourlapalestine.be\/#organization"},"potentialAction":[{"@type":"SearchAction","target":{"@type":"EntryPoint","urlTemplate":"https:\/\/charleroi-pourlapalestine.be\/?s={search_term_string}"},"query-input":{"@type":"PropertyValueSpecification","valueRequired":true,"valueName":"search_term_string"}}],"inLanguage":"fr-FR"},{"@type":"Organization","@id":"https:\/\/charleroi-pourlapalestine.be\/#organization","name":"Plate-forme Charleroi-Palestine","url":"https:\/\/charleroi-pourlapalestine.be\/","logo":{"@type":"ImageObject","inLanguage":"fr-FR","@id":"https:\/\/charleroi-pourlapalestine.be\/#\/schema\/logo\/image\/","url":"https:\/\/charleroi-pourlapalestine.be\/wp-content\/uploads\/2020\/01\/logo-Copy.jpg","contentUrl":"https:\/\/charleroi-pourlapalestine.be\/wp-content\/uploads\/2020\/01\/logo-Copy.jpg","width":180,"height":180,"caption":"Plate-forme Charleroi-Palestine"},"image":{"@id":"https:\/\/charleroi-pourlapalestine.be\/#\/schema\/logo\/image\/"},"sameAs":["https:\/\/www.facebook.com\/PlateformeCharleroiPalestine\/","https:\/\/x.com\/LaCharleroi"]},{"@type":"Person","@id":"https:\/\/charleroi-pourlapalestine.be\/#\/schema\/person\/c19ff515112f1299d8c12671d8fe3faa","name":"admin1873","url":"https:\/\/charleroi-pourlapalestine.be\/index.php\/author\/admin1873\/"}]}},"_links":{"self":[{"href":"https:\/\/charleroi-pourlapalestine.be\/index.php\/wp-json\/wp\/v2\/posts\/28263","targetHints":{"allow":["GET"]}}],"collection":[{"href":"https:\/\/charleroi-pourlapalestine.be\/index.php\/wp-json\/wp\/v2\/posts"}],"about":[{"href":"https:\/\/charleroi-pourlapalestine.be\/index.php\/wp-json\/wp\/v2\/types\/post"}],"author":[{"embeddable":true,"href":"https:\/\/charleroi-pourlapalestine.be\/index.php\/wp-json\/wp\/v2\/users\/1"}],"replies":[{"embeddable":true,"href":"https:\/\/charleroi-pourlapalestine.be\/index.php\/wp-json\/wp\/v2\/comments?post=28263"}],"version-history":[{"count":0,"href":"https:\/\/charleroi-pourlapalestine.be\/index.php\/wp-json\/wp\/v2\/posts\/28263\/revisions"}],"wp:featuredmedia":[{"embeddable":true,"href":"https:\/\/charleroi-pourlapalestine.be\/index.php\/wp-json\/wp\/v2\/media\/28264"}],"wp:attachment":[{"href":"https:\/\/charleroi-pourlapalestine.be\/index.php\/wp-json\/wp\/v2\/media?parent=28263"}],"wp:term":[{"taxonomy":"category","embeddable":true,"href":"https:\/\/charleroi-pourlapalestine.be\/index.php\/wp-json\/wp\/v2\/categories?post=28263"},{"taxonomy":"post_tag","embeddable":true,"href":"https:\/\/charleroi-pourlapalestine.be\/index.php\/wp-json\/wp\/v2\/tags?post=28263"}],"curies":[{"name":"wp","href":"https:\/\/api.w.org\/{rel}","templated":true}]}}