{"id":28933,"date":"2021-08-22T09:16:21","date_gmt":"2021-08-22T07:16:21","guid":{"rendered":"https:\/\/charleroi-pourlapalestine.be\/?p=28933"},"modified":"2021-08-22T09:16:23","modified_gmt":"2021-08-22T07:16:23","slug":"lautorite-palestinienne-reprime-une-manifestation-et-arrete-des-militants-palestiniens","status":"publish","type":"post","link":"https:\/\/charleroi-pourlapalestine.be\/index.php\/2021\/08\/22\/lautorite-palestinienne-reprime-une-manifestation-et-arrete-des-militants-palestiniens\/","title":{"rendered":"L\u2019Autorit\u00e9 Palestinienne r\u00e9prime une manifestation et arr\u00eate des militants palestiniens"},"content":{"rendered":"<p><a href=\"https:\/\/palestinevaincra.com\/2021\/07\/les-forces-de-securite-de-lautorite-palestinienne-attaquent-et-arretent-des-avocats-des-ecrivains-des-militants-et-des-prisonniers-liberes-qui-protestaient-contre-lassassinat-de-nizar-banat\/\" target=\"_blank\" rel=\"noopener noreferrer\">Une fois de plus<\/a>, des militants palestiniens, des responsables politiques et d\u2019anciens prisonniers politiques ont \u00e9t\u00e9 agress\u00e9s et d\u00e9tenus par les forces de s\u00e9curit\u00e9 de l\u2019<strong><em>Autorit\u00e9 palestinienne <\/em>(AP)<\/strong> alors qu\u2019ils r\u00e9clamaient justice pour<a href=\"https:\/\/charleroi-pourlapalestine.be\/?s=nizar+banat\"><strong> Nizar Banat<\/strong><\/a>, assassin\u00e9 par les forces de s\u00e9curit\u00e9 de l\u2019<strong>AP<\/strong> le 24 juin 2021.<\/p>\n<p><img loading=\"lazy\" decoding=\"async\" class=\"aligncenter wp-image-28935 size-full\" src=\"https:\/\/charleroi-pourlapalestine.be\/wp-content\/uploads\/2021\/08\/Arrestations-de-militants-palestiniens-e1629614068213.jpg\" alt=\"\" width=\"512\" height=\"320\"><\/p>\n<p>Samedi 21 ao\u00fbt dans la soir\u00e9e, une manifestation \u00e9tait pr\u00e9vue pour demander des comptes \u00e0 ceux qui ont tu\u00e9 et dirig\u00e9 l\u2019assassinat de<strong> Banat<\/strong> et exiger la fin de la coordination de la s\u00e9curit\u00e9 de l\u2019<em><strong>Autorit\u00e9 palestinienne<\/strong><\/em> avec l\u2019occupation isra\u00e9lienne. Celle-ci a \u00e9t\u00e9 <strong>bloqu\u00e9e<\/strong> par les forces de s\u00e9curit\u00e9 de l\u2019AP, qui ont agress\u00e9 les manifestants et arr\u00eat\u00e9 au moins 23 personnes, dont :<\/p>\n<blockquote><p><strong><a href=\"https:\/\/charleroi-pourlapalestine.be\/?s=Maher+al-Akhras\">Maher al-Akhras<\/a>,<\/strong> ancien prisonnier politique et gr\u00e9viste de la faim qui a obtenu sa lib\u00e9ration apr\u00e8s plus de 100 jours de gr\u00e8ve.<br \/>\n<strong><a href=\"https:\/\/samidoun.net\/2020\/09\/palestinian-academic-imad-barghouthi-held-in-administrative-detention-a-letter-from-prison\/\" target=\"_blank\" rel=\"noopener noreferrer\">Imad al-Barghouthi<\/a>,<\/strong> professeur et astrophysicien palestinien, ancien prisonnier politique emprisonn\u00e9 par Isra\u00ebl sans inculpation ni proc\u00e8s.<br \/>\n<a href=\"https:\/\/charleroi-pourlapalestine.be\/index.php\/2020\/06\/03\/le-tribunal-militaire-israelien-condamne-le-chercheur-ubai-aboudi\/\"><strong>Ubai Aboudi<\/strong>,<\/a> directeur ex\u00e9cutif du Bisan Center for Research and Development, ancien prisonnier politique emprisonn\u00e9 par l\u2019occupation isra\u00e9lienne.<br \/>\n<strong>Jihad Abdo<\/strong><br \/>\n<strong>Ibrahim Abu Hijleh<\/strong><br \/>\n<strong>Yousef al-Sharqawi<\/strong><br \/>\n<strong>Bassem Qawasmeh<\/strong><br \/>\n<strong>Obaida Qawasmeh<\/strong><br \/>\n<strong>Kawthar Ebwainy<\/strong><br \/>\n<a href=\"https:\/\/samidoun.net\/2017\/10\/take-action-two-palestinian-youth-activists-detained-by-palestinian-authority-security-forces\/\" target=\"_blank\" rel=\"noopener noreferrer\"><strong>Hamza Zbeidat<\/strong><\/a><br \/>\n<strong>Mu\u2019in Barghouthi<\/strong><br \/>\n<strong>Omar Assaf<\/strong><br \/>\n<strong>Musa Abu Sharar<\/strong><br \/>\n<strong>Salem Quteish<\/strong><br \/>\n<strong>Abdel-Hadi Abu Shamsiah<\/strong><br \/>\n<strong>Yousef Amer Abu Mamdouh<\/strong><br \/>\n<strong>Duha Muaddi<\/strong><br \/>\n<strong>Ali Abu Diab<\/strong><br \/>\n<strong>Ghassan al-Saadi<\/strong><br \/>\n&nbsp;<\/p><\/blockquote>\n<p><strong>Maher al-Akhras<\/strong> a \u00e9t\u00e9 particuli\u00e8rement bless\u00e9 suite \u00e0 des coups des forces de s\u00e9curit\u00e9 de l\u2019<strong>AP<\/strong> et a \u00e9t\u00e9 transf\u00e9r\u00e9 \u00e0 l\u2019h\u00f4pital, comme l\u2019a rapport\u00e9<a href=\"https:\/\/www.facebook.com\/advhuman.org\" target=\"_blank\" rel=\"noopener noreferrer\"><em><strong> Avocats pour la Justice<\/strong><\/em><\/a> qui s\u2019efforce de repr\u00e9senter tous les d\u00e9tenus et d\u2019obtenir leur lib\u00e9ration. Cependant, les forces de s\u00e9curit\u00e9 de l\u2019<em><strong>Autorit\u00e9 palestinienne<\/strong><\/em> continuent d\u2019arr\u00eater des militants palestiniens, suivant les participants \u00e0 la manifestation dans les rues.<\/p>\n<p>Cette situation fait suite \u00e0 une s\u00e9rie d\u2019attaques, d\u2019arrestations et d\u2019actions r\u00e9pressives violentes de l\u2019<em><strong>Autorit\u00e9 palestinienne<\/strong> <\/em>\u00e0 l\u2019encontre des manifestants palestiniens, notamment des dizaines d\u2019arrestations lors de pr\u00e9c\u00e9dentes manifestations pour demander justice pour<strong> Nizar Banat.<\/strong><\/p>\n<p>Le r\u00e9seau de solidarit\u00e9 avec les prisonniers palestiniens<strong> Samidoun<\/strong>, dont est membre le <strong>Collectif Palestine Vaincra<\/strong>, exige la lib\u00e9ration imm\u00e9diate de tous ces d\u00e9tenus politiques. Le r\u00e9seau <a href=\"https:\/\/www.facebook.com\/samidoun3\" target=\"_blank\" rel=\"noopener noreferrer\"><strong>Samidoun en Palestine occup\u00e9e<\/strong><\/a> s\u2019efforce de recueillir des informations sur ces d\u00e9tenus et exige leur lib\u00e9ration.<\/p>\n<p>Comme l\u2019assassinat de <strong>Nizar Banat<\/strong>, ces arrestations et ces attaques refl\u00e8tent une politique consciente de <strong>l\u2019occupation isra\u00e9lienne<\/strong> et de l\u2019<strong><em>Autorit\u00e9 palestinienne<\/em> d\u2019Oslo<\/strong> qui lui est affili\u00e9e. Cette derni\u00e8re remplit sa fonction sp\u00e9cifique qui est de prot\u00e9ger l\u2019existence de l\u2019occupation et son contr\u00f4le sur le peuple palestinien en Cisjordanie. Agissant comme <strong>des agents de l\u2019occupation,<\/strong> l\u2019<strong>AP<\/strong> pratique toutes les formes d\u2019oppression et de terreur, y compris les arrestations politiques, les raids violents et les assassinats, contre le peuple palestinien afin de servir le projet colonial sioniste et de prot\u00e9ger les privil\u00e8ges de la petite partie des b\u00e9n\u00e9ficiaires de l\u2019<em><strong>Autorit\u00e9 palestinienne<\/strong> <\/em>\u2013 <strong>la classe d\u2019Oslo affili\u00e9e au r\u00e9gime sioniste.<\/strong><\/p>\n<p>Le cadre de <em>\u00ab&nbsp;coordination s\u00e9curitaire&nbsp;<\/em>\u00bb liant l\u2019<strong>AP<\/strong> \u00e0 l\u2019occupation isra\u00e9lienne, supervis\u00e9 et mis en \u0153uvre par les <strong>\u00c9tats-Unis, le Canada et l\u2019Union europ\u00e9enne<\/strong> (tous engag\u00e9s dans la<strong> formation, le financement et la supervision des forces de s\u00e9curit\u00e9 de l\u2019<em>Autorit\u00e9 palestinienne<\/em><\/strong>), est con\u00e7u pour employer des agences palestiniennes afin de mener \u00e0 bien la mission du colonialisme sioniste \u2013 chasser, r\u00e9primer, emprisonner et cibler la r\u00e9sistance palestinienne ainsi que de nombreux Palestiniens \u2013 militants, \u00e9crivains, intellectuels, \u00e9tudiants militants \u2013 qui pr\u00e9sentent <strong>une vision alternative pour la lib\u00e9ration de la Palestine, de la mer au Jourdain, sans l\u2019entit\u00e9 collaborationniste de l\u2019<em>Autorit\u00e9 palestinienne<\/em>.<\/strong> Le projet Oslo est soutenu par le sionisme, l\u2019imp\u00e9rialisme et les r\u00e9gimes r\u00e9actionnaires \u2013 et il doit tomber et tombera sur la route de la lib\u00e9ration de la Palestine de la mer au Jourdain !<\/p>\n<hr>\n<p>Publi\u00e9 le 21 ao\u00fbt 2021 sur <a href=\"https:\/\/samidoun.net\/2021\/08\/pa-security-forces-attack-demonstrators-for-justice-for-nizar-banat-arrest-activists-and-former-prisoners\/\" target=\"_blank\" rel=\"noopener noreferrer\">Samidoun<\/a><\/p>\n<p>Traduction : <a href=\"https:\/\/palestinevaincra.com\/2021\/08\/lautorite-palestinienne-reprime-une-manifestation-et-arrete-des-militants-palestiniens\/\" target=\"_blank\" rel=\"noopener noreferrer\">Collectif Palestine Vaincra<\/a><\/p>\n<p>Lisez \u00e9galement : <a href=\"https:\/\/charleroi-pourlapalestine.be\/index.php\/2021\/06\/30\/le-meurtre-de-nizar-banat-pourquoi-les-jours-de-lap-sont-comptes\/\"><strong>Le meurtre de Nizar Banat : Pourquoi les jours de l\u2019AP sont compt\u00e9s<\/strong><\/a><\/p>\n","protected":false},"excerpt":{"rendered":"<p>Agissant comme des agents de l\u2019occupation, l\u2019AP pratique toutes les formes d\u2019oppression et de terreur, y compris les arrestations politiques, les raids violents et les assassinats.<\/p>\n","protected":false},"author":1,"featured_media":28935,"comment_status":"closed","ping_status":"closed","sticky":false,"template":"","format":"standard","meta":{"ngg_post_thumbnail":0,"footnotes":""},"categories":[24,177,23,362],"tags":[],"class_list":["post-28933","post","type-post","status-publish","format-standard","has-post-thumbnail","hentry","category-lautorite-palestinienne","category-collaboration","category-oslo","category-repression-lautorite-palestinienne"],"yoast_head":"<!-- This site is optimized with the Yoast SEO plugin v27.3 - https:\/\/yoast.com\/product\/yoast-seo-wordpress\/ -->\n<title>L\u2019Autorit\u00e9 Palestinienne r\u00e9prime une manifestation et arr\u00eate des militants palestiniens<\/title>\n<meta name=\"description\" content=\"Des militants palestiniens, des responsables politiques et d\u2019anciens prisonniers politiques ont \u00e9t\u00e9 agress\u00e9s et d\u00e9tenus par les forces de s\u00e9curit\u00e9 de l\u2019Autorit\u00e9 palestinienne (AP)\" \/>\n<meta name=\"robots\" content=\"index, follow, max-snippet:-1, max-image-preview:large, max-video-preview:-1\" \/>\n<link rel=\"canonical\" href=\"https:\/\/charleroi-pourlapalestine.be\/index.php\/2021\/08\/22\/lautorite-palestinienne-reprime-une-manifestation-et-arrete-des-militants-palestiniens\/\" \/>\n<script type=\"application\/ld+json\" class=\"yoast-schema-graph\">{\"@context\":\"https:\\\/\\\/schema.org\",\"@graph\":[{\"@type\":\"Article\",\"@id\":\"https:\\\/\\\/charleroi-pourlapalestine.be\\\/index.php\\\/2021\\\/08\\\/22\\\/lautorite-palestinienne-reprime-une-manifestation-et-arrete-des-militants-palestiniens\\\/#article\",\"isPartOf\":{\"@id\":\"https:\\\/\\\/charleroi-pourlapalestine.be\\\/index.php\\\/2021\\\/08\\\/22\\\/lautorite-palestinienne-reprime-une-manifestation-et-arrete-des-militants-palestiniens\\\/\"},\"author\":{\"name\":\"admin1873\",\"@id\":\"https:\\\/\\\/charleroi-pourlapalestine.be\\\/#\\\/schema\\\/person\\\/c19ff515112f1299d8c12671d8fe3faa\"},\"headline\":\"L\u2019Autorit\u00e9 Palestinienne r\u00e9prime une manifestation et arr\u00eate des militants palestiniens\",\"datePublished\":\"2021-08-22T07:16:21+00:00\",\"dateModified\":\"2021-08-22T07:16:23+00:00\",\"mainEntityOfPage\":{\"@id\":\"https:\\\/\\\/charleroi-pourlapalestine.be\\\/index.php\\\/2021\\\/08\\\/22\\\/lautorite-palestinienne-reprime-une-manifestation-et-arrete-des-militants-palestiniens\\\/\"},\"wordCount\":720,\"publisher\":{\"@id\":\"https:\\\/\\\/charleroi-pourlapalestine.be\\\/#organization\"},\"image\":{\"@id\":\"https:\\\/\\\/charleroi-pourlapalestine.be\\\/index.php\\\/2021\\\/08\\\/22\\\/lautorite-palestinienne-reprime-une-manifestation-et-arrete-des-militants-palestiniens\\\/#primaryimage\"},\"thumbnailUrl\":\"https:\\\/\\\/charleroi-pourlapalestine.be\\\/wp-content\\\/uploads\\\/2021\\\/08\\\/Arrestations-de-militants-palestiniens-e1629614068213.jpg\",\"articleSection\":[\"Autorit\u00e9 palestinienne\",\"Collaboration\",\"Oslo\",\"R\u00e9pression\"],\"inLanguage\":\"fr-FR\"},{\"@type\":\"WebPage\",\"@id\":\"https:\\\/\\\/charleroi-pourlapalestine.be\\\/index.php\\\/2021\\\/08\\\/22\\\/lautorite-palestinienne-reprime-une-manifestation-et-arrete-des-militants-palestiniens\\\/\",\"url\":\"https:\\\/\\\/charleroi-pourlapalestine.be\\\/index.php\\\/2021\\\/08\\\/22\\\/lautorite-palestinienne-reprime-une-manifestation-et-arrete-des-militants-palestiniens\\\/\",\"name\":\"L\u2019Autorit\u00e9 Palestinienne r\u00e9prime une manifestation et arr\u00eate des militants palestiniens\",\"isPartOf\":{\"@id\":\"https:\\\/\\\/charleroi-pourlapalestine.be\\\/#website\"},\"primaryImageOfPage\":{\"@id\":\"https:\\\/\\\/charleroi-pourlapalestine.be\\\/index.php\\\/2021\\\/08\\\/22\\\/lautorite-palestinienne-reprime-une-manifestation-et-arrete-des-militants-palestiniens\\\/#primaryimage\"},\"image\":{\"@id\":\"https:\\\/\\\/charleroi-pourlapalestine.be\\\/index.php\\\/2021\\\/08\\\/22\\\/lautorite-palestinienne-reprime-une-manifestation-et-arrete-des-militants-palestiniens\\\/#primaryimage\"},\"thumbnailUrl\":\"https:\\\/\\\/charleroi-pourlapalestine.be\\\/wp-content\\\/uploads\\\/2021\\\/08\\\/Arrestations-de-militants-palestiniens-e1629614068213.jpg\",\"datePublished\":\"2021-08-22T07:16:21+00:00\",\"dateModified\":\"2021-08-22T07:16:23+00:00\",\"description\":\"Des militants palestiniens, des responsables politiques et d\u2019anciens prisonniers politiques ont \u00e9t\u00e9 agress\u00e9s et d\u00e9tenus par les forces de s\u00e9curit\u00e9 de l\u2019Autorit\u00e9 palestinienne (AP)\",\"breadcrumb\":{\"@id\":\"https:\\\/\\\/charleroi-pourlapalestine.be\\\/index.php\\\/2021\\\/08\\\/22\\\/lautorite-palestinienne-reprime-une-manifestation-et-arrete-des-militants-palestiniens\\\/#breadcrumb\"},\"inLanguage\":\"fr-FR\",\"potentialAction\":[{\"@type\":\"ReadAction\",\"target\":[\"https:\\\/\\\/charleroi-pourlapalestine.be\\\/index.php\\\/2021\\\/08\\\/22\\\/lautorite-palestinienne-reprime-une-manifestation-et-arrete-des-militants-palestiniens\\\/\"]}]},{\"@type\":\"ImageObject\",\"inLanguage\":\"fr-FR\",\"@id\":\"https:\\\/\\\/charleroi-pourlapalestine.be\\\/index.php\\\/2021\\\/08\\\/22\\\/lautorite-palestinienne-reprime-une-manifestation-et-arrete-des-militants-palestiniens\\\/#primaryimage\",\"url\":\"https:\\\/\\\/charleroi-pourlapalestine.be\\\/wp-content\\\/uploads\\\/2021\\\/08\\\/Arrestations-de-militants-palestiniens-e1629614068213.jpg\",\"contentUrl\":\"https:\\\/\\\/charleroi-pourlapalestine.be\\\/wp-content\\\/uploads\\\/2021\\\/08\\\/Arrestations-de-militants-palestiniens-e1629614068213.jpg\",\"width\":512,\"height\":320},{\"@type\":\"BreadcrumbList\",\"@id\":\"https:\\\/\\\/charleroi-pourlapalestine.be\\\/index.php\\\/2021\\\/08\\\/22\\\/lautorite-palestinienne-reprime-une-manifestation-et-arrete-des-militants-palestiniens\\\/#breadcrumb\",\"itemListElement\":[{\"@type\":\"ListItem\",\"position\":1,\"name\":\"Accueil\",\"item\":\"https:\\\/\\\/charleroi-pourlapalestine.be\\\/\"},{\"@type\":\"ListItem\",\"position\":2,\"name\":\"L\u2019Autorit\u00e9 Palestinienne r\u00e9prime une manifestation et arr\u00eate des militants palestiniens\"}]},{\"@type\":\"WebSite\",\"@id\":\"https:\\\/\\\/charleroi-pourlapalestine.be\\\/#website\",\"url\":\"https:\\\/\\\/charleroi-pourlapalestine.be\\\/\",\"name\":\"Charleroi Pour la Palestine\",\"description\":\"\",\"publisher\":{\"@id\":\"https:\\\/\\\/charleroi-pourlapalestine.be\\\/#organization\"},\"potentialAction\":[{\"@type\":\"SearchAction\",\"target\":{\"@type\":\"EntryPoint\",\"urlTemplate\":\"https:\\\/\\\/charleroi-pourlapalestine.be\\\/?s={search_term_string}\"},\"query-input\":{\"@type\":\"PropertyValueSpecification\",\"valueRequired\":true,\"valueName\":\"search_term_string\"}}],\"inLanguage\":\"fr-FR\"},{\"@type\":\"Organization\",\"@id\":\"https:\\\/\\\/charleroi-pourlapalestine.be\\\/#organization\",\"name\":\"Plate-forme Charleroi-Palestine\",\"url\":\"https:\\\/\\\/charleroi-pourlapalestine.be\\\/\",\"logo\":{\"@type\":\"ImageObject\",\"inLanguage\":\"fr-FR\",\"@id\":\"https:\\\/\\\/charleroi-pourlapalestine.be\\\/#\\\/schema\\\/logo\\\/image\\\/\",\"url\":\"https:\\\/\\\/charleroi-pourlapalestine.be\\\/wp-content\\\/uploads\\\/2020\\\/01\\\/logo-Copy.jpg\",\"contentUrl\":\"https:\\\/\\\/charleroi-pourlapalestine.be\\\/wp-content\\\/uploads\\\/2020\\\/01\\\/logo-Copy.jpg\",\"width\":180,\"height\":180,\"caption\":\"Plate-forme Charleroi-Palestine\"},\"image\":{\"@id\":\"https:\\\/\\\/charleroi-pourlapalestine.be\\\/#\\\/schema\\\/logo\\\/image\\\/\"},\"sameAs\":[\"https:\\\/\\\/www.facebook.com\\\/PlateformeCharleroiPalestine\\\/\",\"https:\\\/\\\/x.com\\\/LaCharleroi\"]},{\"@type\":\"Person\",\"@id\":\"https:\\\/\\\/charleroi-pourlapalestine.be\\\/#\\\/schema\\\/person\\\/c19ff515112f1299d8c12671d8fe3faa\",\"name\":\"admin1873\",\"url\":\"https:\\\/\\\/charleroi-pourlapalestine.be\\\/index.php\\\/author\\\/admin1873\\\/\"}]}<\/script>\n<!-- \/ Yoast SEO plugin. -->","yoast_head_json":{"title":"L\u2019Autorit\u00e9 Palestinienne r\u00e9prime une manifestation et arr\u00eate des militants palestiniens","description":"Des militants palestiniens, des responsables politiques et d\u2019anciens prisonniers politiques ont \u00e9t\u00e9 agress\u00e9s et d\u00e9tenus par les forces de s\u00e9curit\u00e9 de l\u2019Autorit\u00e9 palestinienne (AP)","robots":{"index":"index","follow":"follow","max-snippet":"max-snippet:-1","max-image-preview":"max-image-preview:large","max-video-preview":"max-video-preview:-1"},"canonical":"https:\/\/charleroi-pourlapalestine.be\/index.php\/2021\/08\/22\/lautorite-palestinienne-reprime-une-manifestation-et-arrete-des-militants-palestiniens\/","schema":{"@context":"https:\/\/schema.org","@graph":[{"@type":"Article","@id":"https:\/\/charleroi-pourlapalestine.be\/index.php\/2021\/08\/22\/lautorite-palestinienne-reprime-une-manifestation-et-arrete-des-militants-palestiniens\/#article","isPartOf":{"@id":"https:\/\/charleroi-pourlapalestine.be\/index.php\/2021\/08\/22\/lautorite-palestinienne-reprime-une-manifestation-et-arrete-des-militants-palestiniens\/"},"author":{"name":"admin1873","@id":"https:\/\/charleroi-pourlapalestine.be\/#\/schema\/person\/c19ff515112f1299d8c12671d8fe3faa"},"headline":"L\u2019Autorit\u00e9 Palestinienne r\u00e9prime une manifestation et arr\u00eate des militants palestiniens","datePublished":"2021-08-22T07:16:21+00:00","dateModified":"2021-08-22T07:16:23+00:00","mainEntityOfPage":{"@id":"https:\/\/charleroi-pourlapalestine.be\/index.php\/2021\/08\/22\/lautorite-palestinienne-reprime-une-manifestation-et-arrete-des-militants-palestiniens\/"},"wordCount":720,"publisher":{"@id":"https:\/\/charleroi-pourlapalestine.be\/#organization"},"image":{"@id":"https:\/\/charleroi-pourlapalestine.be\/index.php\/2021\/08\/22\/lautorite-palestinienne-reprime-une-manifestation-et-arrete-des-militants-palestiniens\/#primaryimage"},"thumbnailUrl":"https:\/\/charleroi-pourlapalestine.be\/wp-content\/uploads\/2021\/08\/Arrestations-de-militants-palestiniens-e1629614068213.jpg","articleSection":["Autorit\u00e9 palestinienne","Collaboration","Oslo","R\u00e9pression"],"inLanguage":"fr-FR"},{"@type":"WebPage","@id":"https:\/\/charleroi-pourlapalestine.be\/index.php\/2021\/08\/22\/lautorite-palestinienne-reprime-une-manifestation-et-arrete-des-militants-palestiniens\/","url":"https:\/\/charleroi-pourlapalestine.be\/index.php\/2021\/08\/22\/lautorite-palestinienne-reprime-une-manifestation-et-arrete-des-militants-palestiniens\/","name":"L\u2019Autorit\u00e9 Palestinienne r\u00e9prime une manifestation et arr\u00eate des militants palestiniens","isPartOf":{"@id":"https:\/\/charleroi-pourlapalestine.be\/#website"},"primaryImageOfPage":{"@id":"https:\/\/charleroi-pourlapalestine.be\/index.php\/2021\/08\/22\/lautorite-palestinienne-reprime-une-manifestation-et-arrete-des-militants-palestiniens\/#primaryimage"},"image":{"@id":"https:\/\/charleroi-pourlapalestine.be\/index.php\/2021\/08\/22\/lautorite-palestinienne-reprime-une-manifestation-et-arrete-des-militants-palestiniens\/#primaryimage"},"thumbnailUrl":"https:\/\/charleroi-pourlapalestine.be\/wp-content\/uploads\/2021\/08\/Arrestations-de-militants-palestiniens-e1629614068213.jpg","datePublished":"2021-08-22T07:16:21+00:00","dateModified":"2021-08-22T07:16:23+00:00","description":"Des militants palestiniens, des responsables politiques et d\u2019anciens prisonniers politiques ont \u00e9t\u00e9 agress\u00e9s et d\u00e9tenus par les forces de s\u00e9curit\u00e9 de l\u2019Autorit\u00e9 palestinienne (AP)","breadcrumb":{"@id":"https:\/\/charleroi-pourlapalestine.be\/index.php\/2021\/08\/22\/lautorite-palestinienne-reprime-une-manifestation-et-arrete-des-militants-palestiniens\/#breadcrumb"},"inLanguage":"fr-FR","potentialAction":[{"@type":"ReadAction","target":["https:\/\/charleroi-pourlapalestine.be\/index.php\/2021\/08\/22\/lautorite-palestinienne-reprime-une-manifestation-et-arrete-des-militants-palestiniens\/"]}]},{"@type":"ImageObject","inLanguage":"fr-FR","@id":"https:\/\/charleroi-pourlapalestine.be\/index.php\/2021\/08\/22\/lautorite-palestinienne-reprime-une-manifestation-et-arrete-des-militants-palestiniens\/#primaryimage","url":"https:\/\/charleroi-pourlapalestine.be\/wp-content\/uploads\/2021\/08\/Arrestations-de-militants-palestiniens-e1629614068213.jpg","contentUrl":"https:\/\/charleroi-pourlapalestine.be\/wp-content\/uploads\/2021\/08\/Arrestations-de-militants-palestiniens-e1629614068213.jpg","width":512,"height":320},{"@type":"BreadcrumbList","@id":"https:\/\/charleroi-pourlapalestine.be\/index.php\/2021\/08\/22\/lautorite-palestinienne-reprime-une-manifestation-et-arrete-des-militants-palestiniens\/#breadcrumb","itemListElement":[{"@type":"ListItem","position":1,"name":"Accueil","item":"https:\/\/charleroi-pourlapalestine.be\/"},{"@type":"ListItem","position":2,"name":"L\u2019Autorit\u00e9 Palestinienne r\u00e9prime une manifestation et arr\u00eate des militants palestiniens"}]},{"@type":"WebSite","@id":"https:\/\/charleroi-pourlapalestine.be\/#website","url":"https:\/\/charleroi-pourlapalestine.be\/","name":"Charleroi Pour la Palestine","description":"","publisher":{"@id":"https:\/\/charleroi-pourlapalestine.be\/#organization"},"potentialAction":[{"@type":"SearchAction","target":{"@type":"EntryPoint","urlTemplate":"https:\/\/charleroi-pourlapalestine.be\/?s={search_term_string}"},"query-input":{"@type":"PropertyValueSpecification","valueRequired":true,"valueName":"search_term_string"}}],"inLanguage":"fr-FR"},{"@type":"Organization","@id":"https:\/\/charleroi-pourlapalestine.be\/#organization","name":"Plate-forme Charleroi-Palestine","url":"https:\/\/charleroi-pourlapalestine.be\/","logo":{"@type":"ImageObject","inLanguage":"fr-FR","@id":"https:\/\/charleroi-pourlapalestine.be\/#\/schema\/logo\/image\/","url":"https:\/\/charleroi-pourlapalestine.be\/wp-content\/uploads\/2020\/01\/logo-Copy.jpg","contentUrl":"https:\/\/charleroi-pourlapalestine.be\/wp-content\/uploads\/2020\/01\/logo-Copy.jpg","width":180,"height":180,"caption":"Plate-forme Charleroi-Palestine"},"image":{"@id":"https:\/\/charleroi-pourlapalestine.be\/#\/schema\/logo\/image\/"},"sameAs":["https:\/\/www.facebook.com\/PlateformeCharleroiPalestine\/","https:\/\/x.com\/LaCharleroi"]},{"@type":"Person","@id":"https:\/\/charleroi-pourlapalestine.be\/#\/schema\/person\/c19ff515112f1299d8c12671d8fe3faa","name":"admin1873","url":"https:\/\/charleroi-pourlapalestine.be\/index.php\/author\/admin1873\/"}]}},"_links":{"self":[{"href":"https:\/\/charleroi-pourlapalestine.be\/index.php\/wp-json\/wp\/v2\/posts\/28933","targetHints":{"allow":["GET"]}}],"collection":[{"href":"https:\/\/charleroi-pourlapalestine.be\/index.php\/wp-json\/wp\/v2\/posts"}],"about":[{"href":"https:\/\/charleroi-pourlapalestine.be\/index.php\/wp-json\/wp\/v2\/types\/post"}],"author":[{"embeddable":true,"href":"https:\/\/charleroi-pourlapalestine.be\/index.php\/wp-json\/wp\/v2\/users\/1"}],"replies":[{"embeddable":true,"href":"https:\/\/charleroi-pourlapalestine.be\/index.php\/wp-json\/wp\/v2\/comments?post=28933"}],"version-history":[{"count":0,"href":"https:\/\/charleroi-pourlapalestine.be\/index.php\/wp-json\/wp\/v2\/posts\/28933\/revisions"}],"wp:featuredmedia":[{"embeddable":true,"href":"https:\/\/charleroi-pourlapalestine.be\/index.php\/wp-json\/wp\/v2\/media\/28935"}],"wp:attachment":[{"href":"https:\/\/charleroi-pourlapalestine.be\/index.php\/wp-json\/wp\/v2\/media?parent=28933"}],"wp:term":[{"taxonomy":"category","embeddable":true,"href":"https:\/\/charleroi-pourlapalestine.be\/index.php\/wp-json\/wp\/v2\/categories?post=28933"},{"taxonomy":"post_tag","embeddable":true,"href":"https:\/\/charleroi-pourlapalestine.be\/index.php\/wp-json\/wp\/v2\/tags?post=28933"}],"curies":[{"name":"wp","href":"https:\/\/api.w.org\/{rel}","templated":true}]}}