{"id":29045,"date":"2021-08-25T12:01:11","date_gmt":"2021-08-25T10:01:11","guid":{"rendered":"https:\/\/charleroi-pourlapalestine.be\/?p=29045"},"modified":"2021-08-25T13:13:40","modified_gmt":"2021-08-25T11:13:40","slug":"les-forces-occidentales-se-sont-servies-darmes-israeliennes-pour-traquer-les-talibans","status":"publish","type":"post","link":"https:\/\/charleroi-pourlapalestine.be\/index.php\/2021\/08\/25\/les-forces-occidentales-se-sont-servies-darmes-israeliennes-pour-traquer-les-talibans\/","title":{"rendered":"Les forces occidentales se sont servies d\u2019armes isra\u00e9liennes pour traquer les talibans"},"content":{"rendered":"<p>On a d\u00e9sormais plus d\u2019\u00e9claircissements sur l\u2019usage g\u00e9n\u00e9ralis\u00e9 d\u2019armes isra\u00e9liennes en<strong> Afghanistan<\/strong> au moment o\u00f9 les troupes am\u00e9ricaines d\u00e9crochent dans ce qui est per\u00e7u comme une d\u00e9faite embarrassante pour l\u2019Occident. Des drones et des armes de fabrication isra\u00e9lienne ont \u00e9t\u00e9 utilis\u00e9s pour traquer les talibans durant les deux d\u00e9cennies de guerre, a rapport\u00e9 le quotidien <em>Jerusalem Post.<\/em><\/p>\n<div id=\"attachment_29046\" style=\"width: 512px\" class=\"wp-caption aligncenter\"><img loading=\"lazy\" decoding=\"async\" aria-describedby=\"caption-attachment-29046\" class=\"wp-image-29046 size-full\" src=\"https:\/\/charleroi-pourlapalestine.be\/wp-content\/uploads\/2021\/08\/Suicide-drone-e1629884535654.jpg\" alt=\"\" width=\"502\" height=\"320\"><p id=\"caption-attachment-29046\" class=\"wp-caption-text\">Un mod\u00e8le du drone SkyStriker fabriqu\u00e9 par la firme isra\u00e9lienne Elbit Systems et commun\u00e9ment appel\u00e9 le \u00ab drone suicide \u00bb. 11 janvier 2019. (Photo : Facebook)<\/p><\/div>\n<p>Bien que les fabricants d\u2019armes isra\u00e9liens aient gard\u00e9 le silence \u00e0 propos de l\u2019utilisation de leurs produits, des d\u00e9tails sur l\u2019omnipr\u00e9sence de leurs armes dans ce pays d\u2019<strong>Asie centrale<\/strong> d\u00e9chir\u00e9 par la guerre ont commenc\u00e9 \u00e0 voir le jour. On dit que des pays comme la <strong>Grande-Bretagne, l\u2019Allemagne, le Canada et l\u2019Australie,<\/strong> qui sont tous membres de l\u2019<strong>OTAN<\/strong>, utilisent des armes isra\u00e9liennes depuis des ann\u00e9es. Les drones isra\u00e9liens font partie des achats d\u2019armes tr\u00e8s populaires aupr\u00e8s de l\u2019\u00c9tat occupant.<\/p>\n<p>Depuis 2005,<strong> l\u2019arm\u00e9e australienne en<\/strong> <strong>Afghanistan<\/strong> a \u00e9galement fait voler le v\u00e9hicule a\u00e9rien sans \u00e9quipage (drone) <strong>Skylark 1<\/strong> manufactur\u00e9 par <strong>Elbit Systems<\/strong>. En mai, toutefois, on rapporte que le gouvernement de<strong> Canberra<\/strong> a fait savoir \u00e0<strong> Elbit<\/strong> que ses forces arm\u00e9es allaient cesser d\u2019utiliser son <strong>Battle Management System<\/strong> (BMS \u2013 Syst\u00e8me de gestion des op\u00e9rations de combat) d\u00e8s la mi-juin.<\/p>\n<p><strong>Elbit Systems<\/strong> est fr\u00e9quemment la cible de <a href=\"https:\/\/charleroi-pourlapalestine.be\/index.php\/2021\/08\/08\/depuis-un-an-palestine-action-frappe-durement-le-constructeur-de-drones-elbit\/\"><strong>campagnes<\/strong><\/a> \u00e9manant d\u2019organisations en faveur des droits humains. La firme isra\u00e9lienne produit du mat\u00e9riel de surveillance destin\u00e9 au mur ill\u00e9gal de s\u00e9paration en<strong> Cisjordanie occup\u00e9e<\/strong> et on pr\u00e9tend qu\u2019elle manufacture \u00e9galement <strong>85 pour 100 des moteurs des drones militaires du pays<\/strong>, parmi d\u2019autres composantes d\u2019armements. On pr\u00e9tend que le fabricant d\u2019armes isra\u00e9lien a fourni 85 pour 100 des drones utilis\u00e9s <strong>dans la guerre contre Gaza en 2014,<\/strong> lorsque plus de 2&nbsp;200 Palestiniens \u2013 dont 500 enfants \u2013 avaient \u00e9t\u00e9 tu\u00e9s en 50 jours \u00e0 peine. La firme poss\u00e8de <strong>dix sites en Grande-Bretagne<\/strong>.<\/p>\n<p>Un<a href=\"https:\/\/www.middleeastmonitor.com\/20210519-protesters-seize-israel-weapons-manufacture-in-uk-as-bombs-rain-on-gaza\/\" target=\"_blank\" rel=\"noopener noreferrer\"> accroissement de la conscientisation<\/a> \u00e0 propos du r\u00f4le d\u2019<strong>Elbit<\/strong> dans les violations des droits humains et crimes de guerre suppos\u00e9s a terni l\u2019image de marque de la firme. En f\u00e9vrier, le <strong>Fonds de pensions du Sussex oriental<\/strong> a \u00e9t\u00e9 le dernier \u00e0 d\u00e9sinvestir des firmes isra\u00e9liennes quelques mois apr\u00e8s que des activistes avaient exerc\u00e9 sur lui des pressions afin qu\u2019il mette un terme \u00e0 ses liens avec des soci\u00e9t\u00e9s violant les lois internationales.<\/p>\n<p>Le<em> Jerusalem Post<\/em> a \u00e9galement comment\u00e9 des rapports pr\u00e9tendant que des <strong>troupes isra\u00e9liennes<\/strong> avaient \u00e9t\u00e9 envoy\u00e9es en <strong>Afghanistan<\/strong> en 2019 afin de collecter des <strong>renseignements sur les mouvements militaires iraniens<\/strong>. Apparemment, elles avaient \u00e9t\u00e9 envoy\u00e9es \u00e0 la fronti\u00e8re entre l\u2019<strong>Afghanistan<\/strong> et l\u2019<strong>Iran<\/strong> et avaient effectivement collect\u00e9 des informations sur ces mouvements dans les parages du golfe Persique.<\/p>\n<p>Le journal russe <em>Sputnik News<\/em> a d\u00e9clar\u00e9 \u00e0 l\u2019\u00e9poque que les Isra\u00e9liens op\u00e9raient <em>\u00ab&nbsp;sous la banni\u00e8re des \u00c9tats-Unis et des \u00c9mirats arabes unis&nbsp;\u00bb<\/em>. <em>Sputnik News<\/em> a cit\u00e9 un expert qui aurait dit que les troupes isra\u00e9liennes op\u00e9raient dans le cadre des forces am\u00e9ricaines stationn\u00e9es l\u00e0-bas et que leurs activit\u00e9s avaient lieu avec la connaissance et l\u2019approbation du gouvernement afghan tout r\u00e9cemment d\u00e9pos\u00e9.<\/p>\n<p>Avec les talibans revenus au pouvoir et sur le point sans doute de former le prochain gouvernement en <strong>Afghanistan<\/strong>, il est hautement susceptible que le r\u00f4le d\u2019Isra\u00ebl dans les vingt ann\u00e9es de l\u2019invasion et occupation am\u00e9ricaine va d\u00e9terminer la position du mouvement \u00e0 propos de l\u2019\u00c9tat d\u2019apartheid.<\/p>\n<hr>\n<p>Publi\u00e9 le 24 ao\u00fbt 2021 sur <a href=\"https:\/\/www.middleeastmonitor.com\/20210824-western-forces-used-israeli-weapons-to-hunt-down-the-taliban\/\" target=\"_blank\" rel=\"noopener noreferrer\">Middle East Monitor<\/a><br \/>\nTraduction : Jean-Marie Fl\u00e9mal, <a href=\"https:\/\/charleroi-pourlapalestine.be\/\">Charleroi pour la Palestine<\/a><\/p>\n<p>Lisez \u00e9galement : <strong><a href=\"https:\/\/charleroi-pourlapalestine.be\/index.php\/2021\/08\/08\/depuis-un-an-palestine-action-frappe-durement-le-constructeur-de-drones-elbit\/\">Depuis un an, Palestine Action frappe durement le constructeur de drones Elbit<\/a><\/strong><\/p>\n","protected":false},"excerpt":{"rendered":"<p>Des drones et des armes de fabrication isra\u00e9lienne ont \u00e9t\u00e9 utilis\u00e9s par les forces occidentales pour traquer les talibans durant les deux d\u00e9cennies de guerre.<\/p>\n","protected":false},"author":1,"featured_media":29046,"comment_status":"closed","ping_status":"closed","sticky":false,"template":"","format":"standard","meta":{"ngg_post_thumbnail":0,"footnotes":""},"categories":[689,329,460,767,104,246,598,382,142],"tags":[],"class_list":["post-29045","post","type-post","status-publish","format-standard","has-post-thumbnail","hentry","category-afghanistan","category-allemagne","category-armements","category-australie","category-canada","category-commerce-darmes-avec-israel","category-emirats-arabes-unis-eau","category-grande-bretagne","category-iran"],"yoast_head":"<!-- This site is optimized with the Yoast SEO plugin v27.3 - https:\/\/yoast.com\/product\/yoast-seo-wordpress\/ -->\n<title>L&#039;utilisation d&#039;armes isra\u00e9liennes pour traquer les talibans<\/title>\n<meta name=\"description\" content=\"Des drones et des armes de fabrication isra\u00e9lienne ont \u00e9t\u00e9 utilis\u00e9s pour traquer les talibans durant les deux d\u00e9cennies de guerre\" \/>\n<meta name=\"robots\" content=\"index, follow, max-snippet:-1, max-image-preview:large, max-video-preview:-1\" \/>\n<link rel=\"canonical\" href=\"https:\/\/charleroi-pourlapalestine.be\/index.php\/2021\/08\/25\/les-forces-occidentales-se-sont-servies-darmes-israeliennes-pour-traquer-les-talibans\/\" \/>\n<script type=\"application\/ld+json\" class=\"yoast-schema-graph\">{\"@context\":\"https:\\\/\\\/schema.org\",\"@graph\":[{\"@type\":\"Article\",\"@id\":\"https:\\\/\\\/charleroi-pourlapalestine.be\\\/index.php\\\/2021\\\/08\\\/25\\\/les-forces-occidentales-se-sont-servies-darmes-israeliennes-pour-traquer-les-talibans\\\/#article\",\"isPartOf\":{\"@id\":\"https:\\\/\\\/charleroi-pourlapalestine.be\\\/index.php\\\/2021\\\/08\\\/25\\\/les-forces-occidentales-se-sont-servies-darmes-israeliennes-pour-traquer-les-talibans\\\/\"},\"author\":{\"name\":\"admin1873\",\"@id\":\"https:\\\/\\\/charleroi-pourlapalestine.be\\\/#\\\/schema\\\/person\\\/c19ff515112f1299d8c12671d8fe3faa\"},\"headline\":\"Les forces occidentales se sont servies d\u2019armes isra\u00e9liennes pour traquer les talibans\",\"datePublished\":\"2021-08-25T10:01:11+00:00\",\"dateModified\":\"2021-08-25T11:13:40+00:00\",\"mainEntityOfPage\":{\"@id\":\"https:\\\/\\\/charleroi-pourlapalestine.be\\\/index.php\\\/2021\\\/08\\\/25\\\/les-forces-occidentales-se-sont-servies-darmes-israeliennes-pour-traquer-les-talibans\\\/\"},\"wordCount\":689,\"publisher\":{\"@id\":\"https:\\\/\\\/charleroi-pourlapalestine.be\\\/#organization\"},\"image\":{\"@id\":\"https:\\\/\\\/charleroi-pourlapalestine.be\\\/index.php\\\/2021\\\/08\\\/25\\\/les-forces-occidentales-se-sont-servies-darmes-israeliennes-pour-traquer-les-talibans\\\/#primaryimage\"},\"thumbnailUrl\":\"https:\\\/\\\/charleroi-pourlapalestine.be\\\/wp-content\\\/uploads\\\/2021\\\/08\\\/Suicide-drone-e1629884535654.jpg\",\"articleSection\":[\"Afghanistan\",\"Allemagne\",\"armements\",\"Australie\",\"Canada\",\"Commerce d'armes avec Isra\u00ebl\",\"Emirats arabes unis (EAU)\",\"Grande Bretagne\",\"Iran\"],\"inLanguage\":\"fr-FR\"},{\"@type\":\"WebPage\",\"@id\":\"https:\\\/\\\/charleroi-pourlapalestine.be\\\/index.php\\\/2021\\\/08\\\/25\\\/les-forces-occidentales-se-sont-servies-darmes-israeliennes-pour-traquer-les-talibans\\\/\",\"url\":\"https:\\\/\\\/charleroi-pourlapalestine.be\\\/index.php\\\/2021\\\/08\\\/25\\\/les-forces-occidentales-se-sont-servies-darmes-israeliennes-pour-traquer-les-talibans\\\/\",\"name\":\"L'utilisation d'armes isra\u00e9liennes pour traquer les talibans\",\"isPartOf\":{\"@id\":\"https:\\\/\\\/charleroi-pourlapalestine.be\\\/#website\"},\"primaryImageOfPage\":{\"@id\":\"https:\\\/\\\/charleroi-pourlapalestine.be\\\/index.php\\\/2021\\\/08\\\/25\\\/les-forces-occidentales-se-sont-servies-darmes-israeliennes-pour-traquer-les-talibans\\\/#primaryimage\"},\"image\":{\"@id\":\"https:\\\/\\\/charleroi-pourlapalestine.be\\\/index.php\\\/2021\\\/08\\\/25\\\/les-forces-occidentales-se-sont-servies-darmes-israeliennes-pour-traquer-les-talibans\\\/#primaryimage\"},\"thumbnailUrl\":\"https:\\\/\\\/charleroi-pourlapalestine.be\\\/wp-content\\\/uploads\\\/2021\\\/08\\\/Suicide-drone-e1629884535654.jpg\",\"datePublished\":\"2021-08-25T10:01:11+00:00\",\"dateModified\":\"2021-08-25T11:13:40+00:00\",\"description\":\"Des drones et des armes de fabrication isra\u00e9lienne ont \u00e9t\u00e9 utilis\u00e9s pour traquer les talibans durant les deux d\u00e9cennies de guerre\",\"breadcrumb\":{\"@id\":\"https:\\\/\\\/charleroi-pourlapalestine.be\\\/index.php\\\/2021\\\/08\\\/25\\\/les-forces-occidentales-se-sont-servies-darmes-israeliennes-pour-traquer-les-talibans\\\/#breadcrumb\"},\"inLanguage\":\"fr-FR\",\"potentialAction\":[{\"@type\":\"ReadAction\",\"target\":[\"https:\\\/\\\/charleroi-pourlapalestine.be\\\/index.php\\\/2021\\\/08\\\/25\\\/les-forces-occidentales-se-sont-servies-darmes-israeliennes-pour-traquer-les-talibans\\\/\"]}]},{\"@type\":\"ImageObject\",\"inLanguage\":\"fr-FR\",\"@id\":\"https:\\\/\\\/charleroi-pourlapalestine.be\\\/index.php\\\/2021\\\/08\\\/25\\\/les-forces-occidentales-se-sont-servies-darmes-israeliennes-pour-traquer-les-talibans\\\/#primaryimage\",\"url\":\"https:\\\/\\\/charleroi-pourlapalestine.be\\\/wp-content\\\/uploads\\\/2021\\\/08\\\/Suicide-drone-e1629884535654.jpg\",\"contentUrl\":\"https:\\\/\\\/charleroi-pourlapalestine.be\\\/wp-content\\\/uploads\\\/2021\\\/08\\\/Suicide-drone-e1629884535654.jpg\",\"width\":502,\"height\":320},{\"@type\":\"BreadcrumbList\",\"@id\":\"https:\\\/\\\/charleroi-pourlapalestine.be\\\/index.php\\\/2021\\\/08\\\/25\\\/les-forces-occidentales-se-sont-servies-darmes-israeliennes-pour-traquer-les-talibans\\\/#breadcrumb\",\"itemListElement\":[{\"@type\":\"ListItem\",\"position\":1,\"name\":\"Accueil\",\"item\":\"https:\\\/\\\/charleroi-pourlapalestine.be\\\/\"},{\"@type\":\"ListItem\",\"position\":2,\"name\":\"Les forces occidentales se sont servies d\u2019armes isra\u00e9liennes pour traquer les talibans\"}]},{\"@type\":\"WebSite\",\"@id\":\"https:\\\/\\\/charleroi-pourlapalestine.be\\\/#website\",\"url\":\"https:\\\/\\\/charleroi-pourlapalestine.be\\\/\",\"name\":\"Charleroi Pour la Palestine\",\"description\":\"\",\"publisher\":{\"@id\":\"https:\\\/\\\/charleroi-pourlapalestine.be\\\/#organization\"},\"potentialAction\":[{\"@type\":\"SearchAction\",\"target\":{\"@type\":\"EntryPoint\",\"urlTemplate\":\"https:\\\/\\\/charleroi-pourlapalestine.be\\\/?s={search_term_string}\"},\"query-input\":{\"@type\":\"PropertyValueSpecification\",\"valueRequired\":true,\"valueName\":\"search_term_string\"}}],\"inLanguage\":\"fr-FR\"},{\"@type\":\"Organization\",\"@id\":\"https:\\\/\\\/charleroi-pourlapalestine.be\\\/#organization\",\"name\":\"Plate-forme Charleroi-Palestine\",\"url\":\"https:\\\/\\\/charleroi-pourlapalestine.be\\\/\",\"logo\":{\"@type\":\"ImageObject\",\"inLanguage\":\"fr-FR\",\"@id\":\"https:\\\/\\\/charleroi-pourlapalestine.be\\\/#\\\/schema\\\/logo\\\/image\\\/\",\"url\":\"https:\\\/\\\/charleroi-pourlapalestine.be\\\/wp-content\\\/uploads\\\/2020\\\/01\\\/logo-Copy.jpg\",\"contentUrl\":\"https:\\\/\\\/charleroi-pourlapalestine.be\\\/wp-content\\\/uploads\\\/2020\\\/01\\\/logo-Copy.jpg\",\"width\":180,\"height\":180,\"caption\":\"Plate-forme Charleroi-Palestine\"},\"image\":{\"@id\":\"https:\\\/\\\/charleroi-pourlapalestine.be\\\/#\\\/schema\\\/logo\\\/image\\\/\"},\"sameAs\":[\"https:\\\/\\\/www.facebook.com\\\/PlateformeCharleroiPalestine\\\/\",\"https:\\\/\\\/x.com\\\/LaCharleroi\"]},{\"@type\":\"Person\",\"@id\":\"https:\\\/\\\/charleroi-pourlapalestine.be\\\/#\\\/schema\\\/person\\\/c19ff515112f1299d8c12671d8fe3faa\",\"name\":\"admin1873\",\"url\":\"https:\\\/\\\/charleroi-pourlapalestine.be\\\/index.php\\\/author\\\/admin1873\\\/\"}]}<\/script>\n<!-- \/ Yoast SEO plugin. -->","yoast_head_json":{"title":"L'utilisation d'armes isra\u00e9liennes pour traquer les talibans","description":"Des drones et des armes de fabrication isra\u00e9lienne ont \u00e9t\u00e9 utilis\u00e9s pour traquer les talibans durant les deux d\u00e9cennies de guerre","robots":{"index":"index","follow":"follow","max-snippet":"max-snippet:-1","max-image-preview":"max-image-preview:large","max-video-preview":"max-video-preview:-1"},"canonical":"https:\/\/charleroi-pourlapalestine.be\/index.php\/2021\/08\/25\/les-forces-occidentales-se-sont-servies-darmes-israeliennes-pour-traquer-les-talibans\/","schema":{"@context":"https:\/\/schema.org","@graph":[{"@type":"Article","@id":"https:\/\/charleroi-pourlapalestine.be\/index.php\/2021\/08\/25\/les-forces-occidentales-se-sont-servies-darmes-israeliennes-pour-traquer-les-talibans\/#article","isPartOf":{"@id":"https:\/\/charleroi-pourlapalestine.be\/index.php\/2021\/08\/25\/les-forces-occidentales-se-sont-servies-darmes-israeliennes-pour-traquer-les-talibans\/"},"author":{"name":"admin1873","@id":"https:\/\/charleroi-pourlapalestine.be\/#\/schema\/person\/c19ff515112f1299d8c12671d8fe3faa"},"headline":"Les forces occidentales se sont servies d\u2019armes isra\u00e9liennes pour traquer les talibans","datePublished":"2021-08-25T10:01:11+00:00","dateModified":"2021-08-25T11:13:40+00:00","mainEntityOfPage":{"@id":"https:\/\/charleroi-pourlapalestine.be\/index.php\/2021\/08\/25\/les-forces-occidentales-se-sont-servies-darmes-israeliennes-pour-traquer-les-talibans\/"},"wordCount":689,"publisher":{"@id":"https:\/\/charleroi-pourlapalestine.be\/#organization"},"image":{"@id":"https:\/\/charleroi-pourlapalestine.be\/index.php\/2021\/08\/25\/les-forces-occidentales-se-sont-servies-darmes-israeliennes-pour-traquer-les-talibans\/#primaryimage"},"thumbnailUrl":"https:\/\/charleroi-pourlapalestine.be\/wp-content\/uploads\/2021\/08\/Suicide-drone-e1629884535654.jpg","articleSection":["Afghanistan","Allemagne","armements","Australie","Canada","Commerce d'armes avec Isra\u00ebl","Emirats arabes unis (EAU)","Grande Bretagne","Iran"],"inLanguage":"fr-FR"},{"@type":"WebPage","@id":"https:\/\/charleroi-pourlapalestine.be\/index.php\/2021\/08\/25\/les-forces-occidentales-se-sont-servies-darmes-israeliennes-pour-traquer-les-talibans\/","url":"https:\/\/charleroi-pourlapalestine.be\/index.php\/2021\/08\/25\/les-forces-occidentales-se-sont-servies-darmes-israeliennes-pour-traquer-les-talibans\/","name":"L'utilisation d'armes isra\u00e9liennes pour traquer les talibans","isPartOf":{"@id":"https:\/\/charleroi-pourlapalestine.be\/#website"},"primaryImageOfPage":{"@id":"https:\/\/charleroi-pourlapalestine.be\/index.php\/2021\/08\/25\/les-forces-occidentales-se-sont-servies-darmes-israeliennes-pour-traquer-les-talibans\/#primaryimage"},"image":{"@id":"https:\/\/charleroi-pourlapalestine.be\/index.php\/2021\/08\/25\/les-forces-occidentales-se-sont-servies-darmes-israeliennes-pour-traquer-les-talibans\/#primaryimage"},"thumbnailUrl":"https:\/\/charleroi-pourlapalestine.be\/wp-content\/uploads\/2021\/08\/Suicide-drone-e1629884535654.jpg","datePublished":"2021-08-25T10:01:11+00:00","dateModified":"2021-08-25T11:13:40+00:00","description":"Des drones et des armes de fabrication isra\u00e9lienne ont \u00e9t\u00e9 utilis\u00e9s pour traquer les talibans durant les deux d\u00e9cennies de guerre","breadcrumb":{"@id":"https:\/\/charleroi-pourlapalestine.be\/index.php\/2021\/08\/25\/les-forces-occidentales-se-sont-servies-darmes-israeliennes-pour-traquer-les-talibans\/#breadcrumb"},"inLanguage":"fr-FR","potentialAction":[{"@type":"ReadAction","target":["https:\/\/charleroi-pourlapalestine.be\/index.php\/2021\/08\/25\/les-forces-occidentales-se-sont-servies-darmes-israeliennes-pour-traquer-les-talibans\/"]}]},{"@type":"ImageObject","inLanguage":"fr-FR","@id":"https:\/\/charleroi-pourlapalestine.be\/index.php\/2021\/08\/25\/les-forces-occidentales-se-sont-servies-darmes-israeliennes-pour-traquer-les-talibans\/#primaryimage","url":"https:\/\/charleroi-pourlapalestine.be\/wp-content\/uploads\/2021\/08\/Suicide-drone-e1629884535654.jpg","contentUrl":"https:\/\/charleroi-pourlapalestine.be\/wp-content\/uploads\/2021\/08\/Suicide-drone-e1629884535654.jpg","width":502,"height":320},{"@type":"BreadcrumbList","@id":"https:\/\/charleroi-pourlapalestine.be\/index.php\/2021\/08\/25\/les-forces-occidentales-se-sont-servies-darmes-israeliennes-pour-traquer-les-talibans\/#breadcrumb","itemListElement":[{"@type":"ListItem","position":1,"name":"Accueil","item":"https:\/\/charleroi-pourlapalestine.be\/"},{"@type":"ListItem","position":2,"name":"Les forces occidentales se sont servies d\u2019armes isra\u00e9liennes pour traquer les talibans"}]},{"@type":"WebSite","@id":"https:\/\/charleroi-pourlapalestine.be\/#website","url":"https:\/\/charleroi-pourlapalestine.be\/","name":"Charleroi Pour la Palestine","description":"","publisher":{"@id":"https:\/\/charleroi-pourlapalestine.be\/#organization"},"potentialAction":[{"@type":"SearchAction","target":{"@type":"EntryPoint","urlTemplate":"https:\/\/charleroi-pourlapalestine.be\/?s={search_term_string}"},"query-input":{"@type":"PropertyValueSpecification","valueRequired":true,"valueName":"search_term_string"}}],"inLanguage":"fr-FR"},{"@type":"Organization","@id":"https:\/\/charleroi-pourlapalestine.be\/#organization","name":"Plate-forme Charleroi-Palestine","url":"https:\/\/charleroi-pourlapalestine.be\/","logo":{"@type":"ImageObject","inLanguage":"fr-FR","@id":"https:\/\/charleroi-pourlapalestine.be\/#\/schema\/logo\/image\/","url":"https:\/\/charleroi-pourlapalestine.be\/wp-content\/uploads\/2020\/01\/logo-Copy.jpg","contentUrl":"https:\/\/charleroi-pourlapalestine.be\/wp-content\/uploads\/2020\/01\/logo-Copy.jpg","width":180,"height":180,"caption":"Plate-forme Charleroi-Palestine"},"image":{"@id":"https:\/\/charleroi-pourlapalestine.be\/#\/schema\/logo\/image\/"},"sameAs":["https:\/\/www.facebook.com\/PlateformeCharleroiPalestine\/","https:\/\/x.com\/LaCharleroi"]},{"@type":"Person","@id":"https:\/\/charleroi-pourlapalestine.be\/#\/schema\/person\/c19ff515112f1299d8c12671d8fe3faa","name":"admin1873","url":"https:\/\/charleroi-pourlapalestine.be\/index.php\/author\/admin1873\/"}]}},"_links":{"self":[{"href":"https:\/\/charleroi-pourlapalestine.be\/index.php\/wp-json\/wp\/v2\/posts\/29045","targetHints":{"allow":["GET"]}}],"collection":[{"href":"https:\/\/charleroi-pourlapalestine.be\/index.php\/wp-json\/wp\/v2\/posts"}],"about":[{"href":"https:\/\/charleroi-pourlapalestine.be\/index.php\/wp-json\/wp\/v2\/types\/post"}],"author":[{"embeddable":true,"href":"https:\/\/charleroi-pourlapalestine.be\/index.php\/wp-json\/wp\/v2\/users\/1"}],"replies":[{"embeddable":true,"href":"https:\/\/charleroi-pourlapalestine.be\/index.php\/wp-json\/wp\/v2\/comments?post=29045"}],"version-history":[{"count":0,"href":"https:\/\/charleroi-pourlapalestine.be\/index.php\/wp-json\/wp\/v2\/posts\/29045\/revisions"}],"wp:featuredmedia":[{"embeddable":true,"href":"https:\/\/charleroi-pourlapalestine.be\/index.php\/wp-json\/wp\/v2\/media\/29046"}],"wp:attachment":[{"href":"https:\/\/charleroi-pourlapalestine.be\/index.php\/wp-json\/wp\/v2\/media?parent=29045"}],"wp:term":[{"taxonomy":"category","embeddable":true,"href":"https:\/\/charleroi-pourlapalestine.be\/index.php\/wp-json\/wp\/v2\/categories?post=29045"},{"taxonomy":"post_tag","embeddable":true,"href":"https:\/\/charleroi-pourlapalestine.be\/index.php\/wp-json\/wp\/v2\/tags?post=29045"}],"curies":[{"name":"wp","href":"https:\/\/api.w.org\/{rel}","templated":true}]}}