{"id":29483,"date":"2021-09-06T10:25:06","date_gmt":"2021-09-06T08:25:06","guid":{"rendered":"https:\/\/charleroi-pourlapalestine.be\/?p=29483"},"modified":"2021-09-06T10:25:08","modified_gmt":"2021-09-06T08:25:08","slug":"six-prisonniers-palestiniens-sautoliberent-dune-prison-coloniale-israelienne","status":"publish","type":"post","link":"https:\/\/charleroi-pourlapalestine.be\/index.php\/2021\/09\/06\/six-prisonniers-palestiniens-sautoliberent-dune-prison-coloniale-israelienne\/","title":{"rendered":"Six prisonniers palestiniens s\u2019autolib\u00e8rent d\u2019une prison coloniale isra\u00e9lienne"},"content":{"rendered":"<p>On rapporte que, cette nuit du dimanche au lundi 6 septembre, six prisonniers politiques palestiniens se sont \u00e9vad\u00e9s de la prison isra\u00e9lienne de <strong>Gilboa<\/strong>, choisissant ainsi de se lib\u00e9rer eux-m\u00eames. Les forces isra\u00e9liennes d\u2019occupation ont rapport\u00e9 que six prisonniers politiques palestiniens \u00e9taient absents lors de l\u2019appel de 4 heures du matin et qu\u2019elles ont ensuite d\u00e9couvert un tunnel creus\u00e9 \u00e0 la main et dont la sortie d\u00e9bouchait hors de la prison.<\/p>\n<div id=\"attachment_29489\" style=\"width: 496px\" class=\"wp-caption aligncenter\"><img loading=\"lazy\" decoding=\"async\" aria-describedby=\"caption-attachment-29489\" class=\"wp-image-29489 size-full\" src=\"https:\/\/charleroi-pourlapalestine.be\/wp-content\/uploads\/2021\/09\/Le-trou-du-tunnel.jpg\" alt=\"\" width=\"486\" height=\"236\" srcset=\"https:\/\/charleroi-pourlapalestine.be\/wp-content\/uploads\/2021\/09\/Le-trou-du-tunnel.jpg 486w, https:\/\/charleroi-pourlapalestine.be\/wp-content\/uploads\/2021\/09\/Le-trou-du-tunnel-300x146.jpg 300w\" sizes=\"auto, (max-width: 486px) 100vw, 486px\" \/><p id=\"caption-attachment-29489\" class=\"wp-caption-text\">Photo de la \u00ab sortie \u00bb du tunnel d\u2019\u00e9vasion (Photo via Samidoun)<\/p><\/div>\n<p>&nbsp;<\/p>\n<p>Selon des m\u00e9dias palestiniens, les six prisonniers autolib\u00e9r\u00e9s sont <strong>Zakaria Al-Zubaidi, Munadil Yaqoub Naf\u2019at, Muhammad Qasim Ardah, Yaqoub Mahmoud Qadri, Ayham Fouad Kamamji <\/strong>et<strong> Mahmoud Abdullah Ardah<\/strong>. Les forces d\u2019occupation sont toujours \u00e0 la recherche des six hommes qui, jusqu\u2019\u00e0 pr\u00e9sent, demeurent introuvables.<\/p>\n<p>Il s\u2019agit ici d\u2019informations de derni\u00e8re minute et nous fournirons de nouvelles mises \u00e0 jour d\u00e8s que nous le pourrons.<\/p>\n<p><strong>Samidoun Palestinian Prisoner Solidarity Network<\/strong> (Le r\u00e9seau Samidoun de solidarit\u00e9 avec les prisonniers palestiniens) adresse ses salutations chaleureuses \u00e0 ces six prisonniers en qu\u00eate de justice et de lib\u00e9ration et \u00e0 leurs 4&nbsp;750 compagnons emprisonn\u00e9s par l\u2019occupation coloniale isra\u00e9lienne. Les d\u00e9tenus palestiniens sont tr\u00e8s r\u00e9guli\u00e8rement soumis \u00e0 la torture, \u00e0 des violences en tous genres et \u00e0 de tr\u00e8s longues peines d\u2019emprisonnement en raison de leur engagement en faveur d\u2019une Palestine libre.<\/p>\n<div id=\"attachment_29485\" style=\"width: 492px\" class=\"wp-caption aligncenter\"><img loading=\"lazy\" decoding=\"async\" aria-describedby=\"caption-attachment-29485\" class=\"wp-image-29485 size-full\" src=\"https:\/\/charleroi-pourlapalestine.be\/wp-content\/uploads\/2021\/09\/Les-prisonniers-qui-se-sont-\u00e9chapp\u00e9s.jpg\" alt=\"Les six prisonniers qui se sont \u00e9chapp\u00e9s (Photo via Samidoun)\" width=\"482\" height=\"509\" srcset=\"https:\/\/charleroi-pourlapalestine.be\/wp-content\/uploads\/2021\/09\/Les-prisonniers-qui-se-sont-\u00e9chapp\u00e9s.jpg 482w, https:\/\/charleroi-pourlapalestine.be\/wp-content\/uploads\/2021\/09\/Les-prisonniers-qui-se-sont-\u00e9chapp\u00e9s-284x300.jpg 284w\" sizes=\"auto, (max-width: 482px) 100vw, 482px\" \/><p id=\"caption-attachment-29485\" class=\"wp-caption-text\">Les six prisonniers qui se sont \u00e9chapp\u00e9s (Photo via Samidoun)<\/p><\/div>\n<hr>\n<p>Publi\u00e9 le 5 septembre 2021 sur <a href=\"https:\/\/samidoun.net\/2021\/09\/developing-news-six-palestinian-political-prisoners-liberate-themselves-from-colonial-israeli-prison\/\" target=\"_blank\" rel=\"noopener noreferrer\">Samidoun<\/a><br \/>\nTraduction : Jean-Marie Fl\u00e9mal, <a href=\"https:\/\/charleroi-pourlapalestine.be\/\">Charleroi pour la Palestine<\/a><\/p>\n","protected":false},"excerpt":{"rendered":"<p>Les six prisonniers autolib\u00e9r\u00e9s sont Zakaria Al-Zubaidi, Munadil Yaqoub Naf\u2019at, Muhammad Qasim Ardah, Yaqoub Mahmoud Qadri, Ayham Fouad Kamamji et Mahmoud Abdullah Ardah.<\/p>\n","protected":false},"author":1,"featured_media":29489,"comment_status":"closed","ping_status":"closed","sticky":false,"template":"","format":"standard","meta":{"ngg_post_thumbnail":0,"footnotes":""},"categories":[13,25],"tags":[],"class_list":["post-29483","post","type-post","status-publish","format-standard","has-post-thumbnail","hentry","category-les-prisionners-palestiniens","category-la-resistance-palestinienne"],"yoast_head":"<!-- This site is optimized with the Yoast SEO plugin v27.3 - https:\/\/yoast.com\/product\/yoast-seo-wordpress\/ -->\n<title>Six prisonniers palestiniens s\u2019autolib\u00e8rent d\u2019une prison isra\u00e9lienne<\/title>\n<meta name=\"description\" content=\"Cette nuit du dimanche au lundi 6 septembre, six prisonniers politiques palestiniens se sont \u00e9vad\u00e9s de la prison isra\u00e9lienne de Gilboa, choisissant de se lib\u00e9rer eux-m\u00eames.\" \/>\n<meta name=\"robots\" content=\"index, follow, max-snippet:-1, max-image-preview:large, max-video-preview:-1\" \/>\n<link rel=\"canonical\" href=\"https:\/\/charleroi-pourlapalestine.be\/index.php\/2021\/09\/06\/six-prisonniers-palestiniens-sautoliberent-dune-prison-coloniale-israelienne\/\" \/>\n<script type=\"application\/ld+json\" class=\"yoast-schema-graph\">{\"@context\":\"https:\\\/\\\/schema.org\",\"@graph\":[{\"@type\":\"Article\",\"@id\":\"https:\\\/\\\/charleroi-pourlapalestine.be\\\/index.php\\\/2021\\\/09\\\/06\\\/six-prisonniers-palestiniens-sautoliberent-dune-prison-coloniale-israelienne\\\/#article\",\"isPartOf\":{\"@id\":\"https:\\\/\\\/charleroi-pourlapalestine.be\\\/index.php\\\/2021\\\/09\\\/06\\\/six-prisonniers-palestiniens-sautoliberent-dune-prison-coloniale-israelienne\\\/\"},\"author\":{\"name\":\"admin1873\",\"@id\":\"https:\\\/\\\/charleroi-pourlapalestine.be\\\/#\\\/schema\\\/person\\\/c19ff515112f1299d8c12671d8fe3faa\"},\"headline\":\"Six prisonniers palestiniens s\u2019autolib\u00e8rent d\u2019une prison coloniale isra\u00e9lienne\",\"datePublished\":\"2021-09-06T08:25:06+00:00\",\"dateModified\":\"2021-09-06T08:25:08+00:00\",\"mainEntityOfPage\":{\"@id\":\"https:\\\/\\\/charleroi-pourlapalestine.be\\\/index.php\\\/2021\\\/09\\\/06\\\/six-prisonniers-palestiniens-sautoliberent-dune-prison-coloniale-israelienne\\\/\"},\"wordCount\":291,\"publisher\":{\"@id\":\"https:\\\/\\\/charleroi-pourlapalestine.be\\\/#organization\"},\"image\":{\"@id\":\"https:\\\/\\\/charleroi-pourlapalestine.be\\\/index.php\\\/2021\\\/09\\\/06\\\/six-prisonniers-palestiniens-sautoliberent-dune-prison-coloniale-israelienne\\\/#primaryimage\"},\"thumbnailUrl\":\"https:\\\/\\\/charleroi-pourlapalestine.be\\\/wp-content\\\/uploads\\\/2021\\\/09\\\/Le-trou-du-tunnel.jpg\",\"articleSection\":[\"Prisonniers\",\"R\u00e9sistance\"],\"inLanguage\":\"fr-FR\"},{\"@type\":\"WebPage\",\"@id\":\"https:\\\/\\\/charleroi-pourlapalestine.be\\\/index.php\\\/2021\\\/09\\\/06\\\/six-prisonniers-palestiniens-sautoliberent-dune-prison-coloniale-israelienne\\\/\",\"url\":\"https:\\\/\\\/charleroi-pourlapalestine.be\\\/index.php\\\/2021\\\/09\\\/06\\\/six-prisonniers-palestiniens-sautoliberent-dune-prison-coloniale-israelienne\\\/\",\"name\":\"Six prisonniers palestiniens s\u2019autolib\u00e8rent d\u2019une prison isra\u00e9lienne\",\"isPartOf\":{\"@id\":\"https:\\\/\\\/charleroi-pourlapalestine.be\\\/#website\"},\"primaryImageOfPage\":{\"@id\":\"https:\\\/\\\/charleroi-pourlapalestine.be\\\/index.php\\\/2021\\\/09\\\/06\\\/six-prisonniers-palestiniens-sautoliberent-dune-prison-coloniale-israelienne\\\/#primaryimage\"},\"image\":{\"@id\":\"https:\\\/\\\/charleroi-pourlapalestine.be\\\/index.php\\\/2021\\\/09\\\/06\\\/six-prisonniers-palestiniens-sautoliberent-dune-prison-coloniale-israelienne\\\/#primaryimage\"},\"thumbnailUrl\":\"https:\\\/\\\/charleroi-pourlapalestine.be\\\/wp-content\\\/uploads\\\/2021\\\/09\\\/Le-trou-du-tunnel.jpg\",\"datePublished\":\"2021-09-06T08:25:06+00:00\",\"dateModified\":\"2021-09-06T08:25:08+00:00\",\"description\":\"Cette nuit du dimanche au lundi 6 septembre, six prisonniers politiques palestiniens se sont \u00e9vad\u00e9s de la prison isra\u00e9lienne de Gilboa, choisissant de se lib\u00e9rer eux-m\u00eames.\",\"breadcrumb\":{\"@id\":\"https:\\\/\\\/charleroi-pourlapalestine.be\\\/index.php\\\/2021\\\/09\\\/06\\\/six-prisonniers-palestiniens-sautoliberent-dune-prison-coloniale-israelienne\\\/#breadcrumb\"},\"inLanguage\":\"fr-FR\",\"potentialAction\":[{\"@type\":\"ReadAction\",\"target\":[\"https:\\\/\\\/charleroi-pourlapalestine.be\\\/index.php\\\/2021\\\/09\\\/06\\\/six-prisonniers-palestiniens-sautoliberent-dune-prison-coloniale-israelienne\\\/\"]}]},{\"@type\":\"ImageObject\",\"inLanguage\":\"fr-FR\",\"@id\":\"https:\\\/\\\/charleroi-pourlapalestine.be\\\/index.php\\\/2021\\\/09\\\/06\\\/six-prisonniers-palestiniens-sautoliberent-dune-prison-coloniale-israelienne\\\/#primaryimage\",\"url\":\"https:\\\/\\\/charleroi-pourlapalestine.be\\\/wp-content\\\/uploads\\\/2021\\\/09\\\/Le-trou-du-tunnel.jpg\",\"contentUrl\":\"https:\\\/\\\/charleroi-pourlapalestine.be\\\/wp-content\\\/uploads\\\/2021\\\/09\\\/Le-trou-du-tunnel.jpg\",\"width\":486,\"height\":236},{\"@type\":\"BreadcrumbList\",\"@id\":\"https:\\\/\\\/charleroi-pourlapalestine.be\\\/index.php\\\/2021\\\/09\\\/06\\\/six-prisonniers-palestiniens-sautoliberent-dune-prison-coloniale-israelienne\\\/#breadcrumb\",\"itemListElement\":[{\"@type\":\"ListItem\",\"position\":1,\"name\":\"Accueil\",\"item\":\"https:\\\/\\\/charleroi-pourlapalestine.be\\\/\"},{\"@type\":\"ListItem\",\"position\":2,\"name\":\"Six prisonniers palestiniens s\u2019autolib\u00e8rent d\u2019une prison coloniale isra\u00e9lienne\"}]},{\"@type\":\"WebSite\",\"@id\":\"https:\\\/\\\/charleroi-pourlapalestine.be\\\/#website\",\"url\":\"https:\\\/\\\/charleroi-pourlapalestine.be\\\/\",\"name\":\"Charleroi Pour la Palestine\",\"description\":\"\",\"publisher\":{\"@id\":\"https:\\\/\\\/charleroi-pourlapalestine.be\\\/#organization\"},\"potentialAction\":[{\"@type\":\"SearchAction\",\"target\":{\"@type\":\"EntryPoint\",\"urlTemplate\":\"https:\\\/\\\/charleroi-pourlapalestine.be\\\/?s={search_term_string}\"},\"query-input\":{\"@type\":\"PropertyValueSpecification\",\"valueRequired\":true,\"valueName\":\"search_term_string\"}}],\"inLanguage\":\"fr-FR\"},{\"@type\":\"Organization\",\"@id\":\"https:\\\/\\\/charleroi-pourlapalestine.be\\\/#organization\",\"name\":\"Plate-forme Charleroi-Palestine\",\"url\":\"https:\\\/\\\/charleroi-pourlapalestine.be\\\/\",\"logo\":{\"@type\":\"ImageObject\",\"inLanguage\":\"fr-FR\",\"@id\":\"https:\\\/\\\/charleroi-pourlapalestine.be\\\/#\\\/schema\\\/logo\\\/image\\\/\",\"url\":\"https:\\\/\\\/charleroi-pourlapalestine.be\\\/wp-content\\\/uploads\\\/2020\\\/01\\\/logo-Copy.jpg\",\"contentUrl\":\"https:\\\/\\\/charleroi-pourlapalestine.be\\\/wp-content\\\/uploads\\\/2020\\\/01\\\/logo-Copy.jpg\",\"width\":180,\"height\":180,\"caption\":\"Plate-forme Charleroi-Palestine\"},\"image\":{\"@id\":\"https:\\\/\\\/charleroi-pourlapalestine.be\\\/#\\\/schema\\\/logo\\\/image\\\/\"},\"sameAs\":[\"https:\\\/\\\/www.facebook.com\\\/PlateformeCharleroiPalestine\\\/\",\"https:\\\/\\\/x.com\\\/LaCharleroi\"]},{\"@type\":\"Person\",\"@id\":\"https:\\\/\\\/charleroi-pourlapalestine.be\\\/#\\\/schema\\\/person\\\/c19ff515112f1299d8c12671d8fe3faa\",\"name\":\"admin1873\",\"url\":\"https:\\\/\\\/charleroi-pourlapalestine.be\\\/index.php\\\/author\\\/admin1873\\\/\"}]}<\/script>\n<!-- \/ Yoast SEO plugin. -->","yoast_head_json":{"title":"Six prisonniers palestiniens s\u2019autolib\u00e8rent d\u2019une prison isra\u00e9lienne","description":"Cette nuit du dimanche au lundi 6 septembre, six prisonniers politiques palestiniens se sont \u00e9vad\u00e9s de la prison isra\u00e9lienne de Gilboa, choisissant de se lib\u00e9rer eux-m\u00eames.","robots":{"index":"index","follow":"follow","max-snippet":"max-snippet:-1","max-image-preview":"max-image-preview:large","max-video-preview":"max-video-preview:-1"},"canonical":"https:\/\/charleroi-pourlapalestine.be\/index.php\/2021\/09\/06\/six-prisonniers-palestiniens-sautoliberent-dune-prison-coloniale-israelienne\/","schema":{"@context":"https:\/\/schema.org","@graph":[{"@type":"Article","@id":"https:\/\/charleroi-pourlapalestine.be\/index.php\/2021\/09\/06\/six-prisonniers-palestiniens-sautoliberent-dune-prison-coloniale-israelienne\/#article","isPartOf":{"@id":"https:\/\/charleroi-pourlapalestine.be\/index.php\/2021\/09\/06\/six-prisonniers-palestiniens-sautoliberent-dune-prison-coloniale-israelienne\/"},"author":{"name":"admin1873","@id":"https:\/\/charleroi-pourlapalestine.be\/#\/schema\/person\/c19ff515112f1299d8c12671d8fe3faa"},"headline":"Six prisonniers palestiniens s\u2019autolib\u00e8rent d\u2019une prison coloniale isra\u00e9lienne","datePublished":"2021-09-06T08:25:06+00:00","dateModified":"2021-09-06T08:25:08+00:00","mainEntityOfPage":{"@id":"https:\/\/charleroi-pourlapalestine.be\/index.php\/2021\/09\/06\/six-prisonniers-palestiniens-sautoliberent-dune-prison-coloniale-israelienne\/"},"wordCount":291,"publisher":{"@id":"https:\/\/charleroi-pourlapalestine.be\/#organization"},"image":{"@id":"https:\/\/charleroi-pourlapalestine.be\/index.php\/2021\/09\/06\/six-prisonniers-palestiniens-sautoliberent-dune-prison-coloniale-israelienne\/#primaryimage"},"thumbnailUrl":"https:\/\/charleroi-pourlapalestine.be\/wp-content\/uploads\/2021\/09\/Le-trou-du-tunnel.jpg","articleSection":["Prisonniers","R\u00e9sistance"],"inLanguage":"fr-FR"},{"@type":"WebPage","@id":"https:\/\/charleroi-pourlapalestine.be\/index.php\/2021\/09\/06\/six-prisonniers-palestiniens-sautoliberent-dune-prison-coloniale-israelienne\/","url":"https:\/\/charleroi-pourlapalestine.be\/index.php\/2021\/09\/06\/six-prisonniers-palestiniens-sautoliberent-dune-prison-coloniale-israelienne\/","name":"Six prisonniers palestiniens s\u2019autolib\u00e8rent d\u2019une prison isra\u00e9lienne","isPartOf":{"@id":"https:\/\/charleroi-pourlapalestine.be\/#website"},"primaryImageOfPage":{"@id":"https:\/\/charleroi-pourlapalestine.be\/index.php\/2021\/09\/06\/six-prisonniers-palestiniens-sautoliberent-dune-prison-coloniale-israelienne\/#primaryimage"},"image":{"@id":"https:\/\/charleroi-pourlapalestine.be\/index.php\/2021\/09\/06\/six-prisonniers-palestiniens-sautoliberent-dune-prison-coloniale-israelienne\/#primaryimage"},"thumbnailUrl":"https:\/\/charleroi-pourlapalestine.be\/wp-content\/uploads\/2021\/09\/Le-trou-du-tunnel.jpg","datePublished":"2021-09-06T08:25:06+00:00","dateModified":"2021-09-06T08:25:08+00:00","description":"Cette nuit du dimanche au lundi 6 septembre, six prisonniers politiques palestiniens se sont \u00e9vad\u00e9s de la prison isra\u00e9lienne de Gilboa, choisissant de se lib\u00e9rer eux-m\u00eames.","breadcrumb":{"@id":"https:\/\/charleroi-pourlapalestine.be\/index.php\/2021\/09\/06\/six-prisonniers-palestiniens-sautoliberent-dune-prison-coloniale-israelienne\/#breadcrumb"},"inLanguage":"fr-FR","potentialAction":[{"@type":"ReadAction","target":["https:\/\/charleroi-pourlapalestine.be\/index.php\/2021\/09\/06\/six-prisonniers-palestiniens-sautoliberent-dune-prison-coloniale-israelienne\/"]}]},{"@type":"ImageObject","inLanguage":"fr-FR","@id":"https:\/\/charleroi-pourlapalestine.be\/index.php\/2021\/09\/06\/six-prisonniers-palestiniens-sautoliberent-dune-prison-coloniale-israelienne\/#primaryimage","url":"https:\/\/charleroi-pourlapalestine.be\/wp-content\/uploads\/2021\/09\/Le-trou-du-tunnel.jpg","contentUrl":"https:\/\/charleroi-pourlapalestine.be\/wp-content\/uploads\/2021\/09\/Le-trou-du-tunnel.jpg","width":486,"height":236},{"@type":"BreadcrumbList","@id":"https:\/\/charleroi-pourlapalestine.be\/index.php\/2021\/09\/06\/six-prisonniers-palestiniens-sautoliberent-dune-prison-coloniale-israelienne\/#breadcrumb","itemListElement":[{"@type":"ListItem","position":1,"name":"Accueil","item":"https:\/\/charleroi-pourlapalestine.be\/"},{"@type":"ListItem","position":2,"name":"Six prisonniers palestiniens s\u2019autolib\u00e8rent d\u2019une prison coloniale isra\u00e9lienne"}]},{"@type":"WebSite","@id":"https:\/\/charleroi-pourlapalestine.be\/#website","url":"https:\/\/charleroi-pourlapalestine.be\/","name":"Charleroi Pour la Palestine","description":"","publisher":{"@id":"https:\/\/charleroi-pourlapalestine.be\/#organization"},"potentialAction":[{"@type":"SearchAction","target":{"@type":"EntryPoint","urlTemplate":"https:\/\/charleroi-pourlapalestine.be\/?s={search_term_string}"},"query-input":{"@type":"PropertyValueSpecification","valueRequired":true,"valueName":"search_term_string"}}],"inLanguage":"fr-FR"},{"@type":"Organization","@id":"https:\/\/charleroi-pourlapalestine.be\/#organization","name":"Plate-forme Charleroi-Palestine","url":"https:\/\/charleroi-pourlapalestine.be\/","logo":{"@type":"ImageObject","inLanguage":"fr-FR","@id":"https:\/\/charleroi-pourlapalestine.be\/#\/schema\/logo\/image\/","url":"https:\/\/charleroi-pourlapalestine.be\/wp-content\/uploads\/2020\/01\/logo-Copy.jpg","contentUrl":"https:\/\/charleroi-pourlapalestine.be\/wp-content\/uploads\/2020\/01\/logo-Copy.jpg","width":180,"height":180,"caption":"Plate-forme Charleroi-Palestine"},"image":{"@id":"https:\/\/charleroi-pourlapalestine.be\/#\/schema\/logo\/image\/"},"sameAs":["https:\/\/www.facebook.com\/PlateformeCharleroiPalestine\/","https:\/\/x.com\/LaCharleroi"]},{"@type":"Person","@id":"https:\/\/charleroi-pourlapalestine.be\/#\/schema\/person\/c19ff515112f1299d8c12671d8fe3faa","name":"admin1873","url":"https:\/\/charleroi-pourlapalestine.be\/index.php\/author\/admin1873\/"}]}},"_links":{"self":[{"href":"https:\/\/charleroi-pourlapalestine.be\/index.php\/wp-json\/wp\/v2\/posts\/29483","targetHints":{"allow":["GET"]}}],"collection":[{"href":"https:\/\/charleroi-pourlapalestine.be\/index.php\/wp-json\/wp\/v2\/posts"}],"about":[{"href":"https:\/\/charleroi-pourlapalestine.be\/index.php\/wp-json\/wp\/v2\/types\/post"}],"author":[{"embeddable":true,"href":"https:\/\/charleroi-pourlapalestine.be\/index.php\/wp-json\/wp\/v2\/users\/1"}],"replies":[{"embeddable":true,"href":"https:\/\/charleroi-pourlapalestine.be\/index.php\/wp-json\/wp\/v2\/comments?post=29483"}],"version-history":[{"count":0,"href":"https:\/\/charleroi-pourlapalestine.be\/index.php\/wp-json\/wp\/v2\/posts\/29483\/revisions"}],"wp:featuredmedia":[{"embeddable":true,"href":"https:\/\/charleroi-pourlapalestine.be\/index.php\/wp-json\/wp\/v2\/media\/29489"}],"wp:attachment":[{"href":"https:\/\/charleroi-pourlapalestine.be\/index.php\/wp-json\/wp\/v2\/media?parent=29483"}],"wp:term":[{"taxonomy":"category","embeddable":true,"href":"https:\/\/charleroi-pourlapalestine.be\/index.php\/wp-json\/wp\/v2\/categories?post=29483"},{"taxonomy":"post_tag","embeddable":true,"href":"https:\/\/charleroi-pourlapalestine.be\/index.php\/wp-json\/wp\/v2\/tags?post=29483"}],"curies":[{"name":"wp","href":"https:\/\/api.w.org\/{rel}","templated":true}]}}