{"id":29649,"date":"2021-09-10T19:07:42","date_gmt":"2021-09-10T17:07:42","guid":{"rendered":"https:\/\/charleroi-pourlapalestine.be\/?p=29649"},"modified":"2021-09-10T19:13:22","modified_gmt":"2021-09-10T17:13:22","slug":"gideon-levy-oui-les-evades-de-prison-palestiniens-sont-des-combattants-de-la-liberte","status":"publish","type":"post","link":"https:\/\/charleroi-pourlapalestine.be\/index.php\/2021\/09\/10\/gideon-levy-oui-les-evades-de-prison-palestiniens-sont-des-combattants-de-la-liberte\/","title":{"rendered":"Gideon Levy : <em>\u00ab\u00a0Oui, les \u00e9vad\u00e9s de prison palestiniens sont des combattants de la libert\u00e9 \u00ab\u00a0<\/em>"},"content":{"rendered":"<p><img loading=\"lazy\" decoding=\"async\" class=\"aligncenter wp-image-29659 size-full\" src=\"https:\/\/charleroi-pourlapalestine.be\/wp-content\/uploads\/2021\/09\/six-freedom-2-1-e1631293235287.jpg\" alt=\"\" width=\"611\" height=\"320\"><\/p>\n<p><a href=\"https:\/\/charleroi-pourlapalestine.be\/index.php\/tag\/gideon-levy\/\"><strong>Gideon Levy<\/strong><\/a>, 9 septembre 2021<\/p>\n<p>Les six prisonniers palestiniens \u00e9vad\u00e9s sur les plus t\u00e9m\u00e9raires des combattants de la libert\u00e9 qu\u2019on puisse imaginer. Les Isra\u00e9liens qui ont du mal \u00e0 admettre la chose feraient bien de se rappeler les nombreux films et s\u00e9ries de t\u00e9l\u00e9vision qu\u2019ils ont vus&nbsp;: S\u2019\u00e9vader de prison est ce qui s\u2019appelle un <em>\u00ab&nbsp;happy end&nbsp;\u00bb<\/em> parfait.<\/p>\n<p>L\u2019\u00e9vasion de la prison d\u2019Acre, en 1949, au cours de laquelle des membres de l\u2019<strong>Irgoun<\/strong>, la milice clandestine d\u2019avant la cr\u00e9ation de l\u2019\u00c9tat et dirig\u00e9e par <strong>Menahem Begin<\/strong>, avaient fait irruption dans la prison de la ville pour lib\u00e9rer d\u2019autres membres de la milice d\u00e9tenus par le gouvernement du Mandat britannique, a \u00e9t\u00e9 fix\u00e9e \u00e0 jamais dans la m\u00e9moire collective comme un summum d\u2019h\u00e9ro\u00efsme.<\/p>\n<p><strong>Mais ce qui convient au cin\u00e9ma et aux juifs n\u2019est jamais applicable aux Palestiniens<\/strong>. Les six \u00e9vad\u00e9s ne sont que des terroristes et le sentiment national veut les voir morts. Pendant ce temps, les m\u00e9dias sociaux d\u00e9bordent de traits d\u2019esprit et de blagues sur l\u2019\u00e9vasion, peut-\u00eatre afin d\u2019\u00e9viter de traiter de sa signification ou de se soustraire \u00e0 l\u2019embarras qu\u2019elle provoque.<\/p>\n<p>Les six r\u00e9fractaires ont choisi la voie de la r\u00e9sistance cruelle et violente \u00e0 l\u2019occupation. On pourrait discuter de son efficacit\u00e9 face \u00e0 un \u00c9tat isra\u00e9lien puissant et bien arm\u00e9, mais sa l\u00e9gitimit\u00e9 ne peut \u00eatre mise en doute. Ils ont le droit de recourir \u00e0 la violence afin de r\u00e9sister \u00e0 une occupation plus cruelle et plus violente encore que toute terreur palestinienne.<\/p>\n<p>Apr\u00e8s leur arrestation, ils avaient \u00e9t\u00e9 condamn\u00e9s \u00e0 des peines draconiennes, hors de toute proportion, surtout si on les compare aux normes en vigueur en Isra\u00ebl pour d\u2019autres condamn\u00e9s. Leurs conditions de d\u00e9tention sont \u00e9galement une honte, d\u00e9fiant tout test d\u2019humanit\u00e9 et de droits humains, et m\u00eame une comparaison avec les conditions dans lesquelles les pires criminels sont d\u00e9tenus. Ignorez cette propagande minable et fallacieuse \u00e0 propos de leurs conditions, accompagn\u00e9e d\u2019une photo de baklava prise en prison m\u00eame&nbsp;: Aucun d\u00e9tenu en Isra\u00ebl ne b\u00e9n\u00e9ficie de telles conditions. Des d\u00e9cennies sans cong\u00e9, sans appel t\u00e9l\u00e9phonique pourtant l\u00e9gal avec la famille, et parfois m\u00eame sans visite de la famille, voil\u00e0 des conditions de vie tellement p\u00e9nibles que m\u00eame la Haute Cour de justice a jug\u00e9 n\u00e9cessaire d\u2019intervenir.<\/p>\n<p>La plupart des six \u00e9vad\u00e9s ont d\u00e9j\u00e0 purg\u00e9 une vingtaine d\u2019ann\u00e9es de prison, sans le moindre espoir de futur&nbsp;; chacun d\u2019eux a \u00e9cop\u00e9 de plusieurs fois la perp\u00e9tuit\u00e9 plus vingt ou trente ans. Pourquoi ne tenteraient-ils pas de s\u2019\u00e9vader&nbsp;? Pourquoi ne devrait-il pas y avoir un petit peu de compr\u00e9hension pour leur acte et m\u00eame un espoir secret, apr\u00e8s leur \u00e9vasion, de les voir dispara\u00eetre et entamer une nouvelle vie, comme au cin\u00e9ma&nbsp;?<\/p>\n<p>Je connais tr\u00e8s bien<strong> Zakaria Zubeidi<\/strong>, je pourrais m\u00eame me dire son ami. \u00c0 l\u2019instar d\u2019une poign\u00e9e d\u2019autres journalistes isra\u00e9liens, je l&rsquo;ai rencontr\u00e9 souvent au fil des ann\u00e9es, en particulier lorsqu&rsquo;il \u00e9tait recherch\u00e9. Jusqu&rsquo;\u00e0 il y a environ trois ans, je lui envoyais encore des articles d&rsquo;opinion provenant des archives <em>Haaretz<\/em> et qu\u2019il d\u00e9sirait pour terminer sa th\u00e8se de ma\u00eetrise. Toutefois, il est rest\u00e9 un peu une \u00e9nigme pour moi, et le micmac qui a d\u00e9bouch\u00e9 sur sa nouvelle arrestation il y a deux ans est toujours un myst\u00e8re aussi&nbsp;; Zakaria n&rsquo;est pas un gamin, c&rsquo;est un p\u00e8re maintenant, alors pourquoi ?<\/p>\n<p>Mais son histoire est l&rsquo;histoire classique d&rsquo;une victime et d&rsquo;un h\u00e9ros. <em>\u00ab&nbsp;Je n&rsquo;ai jamais v\u00e9cu comme un \u00eatre humain&nbsp;\u00bb<\/em>, m\u2019a-t-il expliqu\u00e9 un jour. Jeune gar\u00e7on, il transportait d\u00e9j\u00e0 des sacs de sable sur un chantier de la rue Abbas \u00e0 <strong>Ha\u00effa<\/strong>, tandis que des juifs de son \u00e2ge \u00e9taient \u00e0 la maison avec leurs parents. Son p\u00e8re est mort quand il \u00e9tait jeune ; il \u00e9tait adolescent lorsque sa m\u00e8re fut abattue par l&rsquo;arm\u00e9e isra\u00e9lienne \u00e0 la fen\u00eatre de sa maison et, quelques semaines plus tard, c\u2019\u00e9tait son fr\u00e8re qui se faisait tuer, alors que sa maison \u00e9tait d\u00e9molie par l&rsquo;arm\u00e9e. De tous ses amis du camp de r\u00e9fugi\u00e9s de<strong> J\u00e9nine<\/strong> qui ont \u00e9t\u00e9 immortalis\u00e9s dans le merveilleux documentaire de 2004, <a href=\"http:\/\/www.film-documentaire.fr\/4DACTION\/w_fiche_film\/13797_1\" target=\"_blank\" rel=\"noopener noreferrer\"><strong><em>\u00ab Les enfants d&rsquo;Arna \u00bb<\/em><\/strong>,<\/a> (*)&nbsp; il est le seul survivant. En 2004, il m&rsquo;a dit : <em>\u00ab Je suis mort. Je sais que je suis mort \u00bb<\/em>, mais la chance, ou autre chose, \u00e9tait de son c\u00f4t\u00e9.<\/p>\n<p>Comme <strong>Marwan Barghouti<\/strong> et d&rsquo;autres h\u00e9ros palestiniens, il voulait la paix avec Isra\u00ebl, mais dans des conditions de justice et d&rsquo;honneur pour son peuple, et lui aussi estimait que la seule option qui lui restait \u00e9tait celle de la r\u00e9sistance violente. Jamais je ne l\u2019ai vu sans arme.<\/p>\n<p>Je pense \u00e0 <strong>Zakaria<\/strong> aujourd\u2019hui et j\u2019esp\u00e8re qu\u2019il s\u2019\u00e9chappera vers la libert\u00e9, de m\u00eame que j\u2019esp\u00e8re que <strong>Barghouti<\/strong> sera lib\u00e9r\u00e9 un jour lui aussi. Ces personnes m\u00e9ritent d\u2019\u00eatre punies pour leurs actes, mais elles m\u00e9ritent \u00e9galement de la compr\u00e9hension et de l\u2019appr\u00e9ciation pour leur courage et leur droiture. Isra\u00ebl a d\u00e9cid\u00e9 de les garder en prison \u00e0 jamais et ils essaient, chacun \u00e0 sa mani\u00e8re, d\u2019annuler le d\u00e9cret inique et malsain. Ils sont exactement ce que j\u2019appellerais des combattants de la libert\u00e9. Des combattants pour la libert\u00e9 de la Palestine. Comment pourrait-on les d\u00e9finir autrement ?<\/p>\n<hr>\n<p>Publi\u00e9 le 9 septembre 2021 sur <a href=\"https:\/\/www.haaretz.com\/opinion\/.premium-yes-the-palestinian-prison-escapees-are-freedom-fighters-1.10191847\" target=\"_blank\" rel=\"noopener noreferrer\">Haaretz<\/a><br \/>\nTraduction : Jean-Marie Fl\u00e9mal, <a href=\"https:\/\/charleroi-pourlapalestine.be\/\">Charleroi pour la Palestine<\/a><\/p>\n<p><strong><img loading=\"lazy\" decoding=\"async\" class=\"wp-image-4801 size-thumbnail alignleft\" src=\"https:\/\/charleroi-pourlapalestine.be\/wp-content\/uploads\/2020\/02\/Gideon-Levy-150x150.jpg\" alt=\"\" width=\"150\" height=\"150\">Gideon Levy<\/strong>, est un chroniqueur et membre du comit\u00e9 de r\u00e9daction du quotidien Haaretz. Il a obtenu le prix Euro-Med Journalist en 2008, le prix Leipzig Freedom en 2001, le prix Israeli Journalists\u2019 Union en 1997, et le prix de l\u2019Association of Human Rights in Israel en 1996.<\/p>\n<p>Il est l\u2019auteur du livre <em><strong>The Punishment of Gaza,<\/strong><\/em> qui a \u00e9t\u00e9 traduit en fran\u00e7ais : <strong><em>Gaza, articles pour Haaretz, 2006-2009<\/em><\/strong>, La Fabrique, 2009<\/p>\n<p>(*)<\/p>\n","protected":false},"excerpt":{"rendered":"<p>Gideon Levy : Je pense \u00e0 Zakaria aujourd\u2019hui et j\u2019esp\u00e8re qu\u2019il s\u2019\u00e9chappera vers la libert\u00e9, de m\u00eame que j\u2019esp\u00e8re que Barghouti sera lib\u00e9r\u00e9 un jour lui aussi.<\/p>\n","protected":false},"author":1,"featured_media":29659,"comment_status":"closed","ping_status":"closed","sticky":false,"template":"","format":"standard","meta":{"ngg_post_thumbnail":0,"footnotes":""},"categories":[13,25],"tags":[],"class_list":["post-29649","post","type-post","status-publish","format-standard","has-post-thumbnail","hentry","category-les-prisionners-palestiniens","category-la-resistance-palestinienne"],"yoast_head":"<!-- This site is optimized with the Yoast SEO plugin v27.3 - https:\/\/yoast.com\/product\/yoast-seo-wordpress\/ -->\n<title>Gideon Levy : &quot;Oui, les \u00e9vad\u00e9s de prison palestiniens sont des combattants de la libert\u00e9 &quot;<\/title>\n<meta name=\"description\" content=\"Gideon Levy : Je pense \u00e0 Zakaria aujourd\u2019hui et j\u2019esp\u00e8re qu\u2019il s\u2019\u00e9chappera vers la libert\u00e9, de m\u00eame que j\u2019esp\u00e8re que Barghouti sera lib\u00e9r\u00e9 un jour lui aussi.\" \/>\n<meta name=\"robots\" content=\"index, follow, max-snippet:-1, max-image-preview:large, max-video-preview:-1\" \/>\n<link rel=\"canonical\" href=\"https:\/\/charleroi-pourlapalestine.be\/index.php\/2021\/09\/10\/gideon-levy-oui-les-evades-de-prison-palestiniens-sont-des-combattants-de-la-liberte\/\" \/>\n<script type=\"application\/ld+json\" class=\"yoast-schema-graph\">{\"@context\":\"https:\\\/\\\/schema.org\",\"@graph\":[{\"@type\":\"Article\",\"@id\":\"https:\\\/\\\/charleroi-pourlapalestine.be\\\/index.php\\\/2021\\\/09\\\/10\\\/gideon-levy-oui-les-evades-de-prison-palestiniens-sont-des-combattants-de-la-liberte\\\/#article\",\"isPartOf\":{\"@id\":\"https:\\\/\\\/charleroi-pourlapalestine.be\\\/index.php\\\/2021\\\/09\\\/10\\\/gideon-levy-oui-les-evades-de-prison-palestiniens-sont-des-combattants-de-la-liberte\\\/\"},\"author\":{\"name\":\"admin1873\",\"@id\":\"https:\\\/\\\/charleroi-pourlapalestine.be\\\/#\\\/schema\\\/person\\\/c19ff515112f1299d8c12671d8fe3faa\"},\"headline\":\"Gideon Levy : \u00ab\u00a0Oui, les \u00e9vad\u00e9s de prison palestiniens sont des combattants de la libert\u00e9 \u00ab\u00a0\",\"datePublished\":\"2021-09-10T17:07:42+00:00\",\"dateModified\":\"2021-09-10T17:13:22+00:00\",\"mainEntityOfPage\":{\"@id\":\"https:\\\/\\\/charleroi-pourlapalestine.be\\\/index.php\\\/2021\\\/09\\\/10\\\/gideon-levy-oui-les-evades-de-prison-palestiniens-sont-des-combattants-de-la-liberte\\\/\"},\"wordCount\":1087,\"publisher\":{\"@id\":\"https:\\\/\\\/charleroi-pourlapalestine.be\\\/#organization\"},\"image\":{\"@id\":\"https:\\\/\\\/charleroi-pourlapalestine.be\\\/index.php\\\/2021\\\/09\\\/10\\\/gideon-levy-oui-les-evades-de-prison-palestiniens-sont-des-combattants-de-la-liberte\\\/#primaryimage\"},\"thumbnailUrl\":\"https:\\\/\\\/charleroi-pourlapalestine.be\\\/wp-content\\\/uploads\\\/2021\\\/09\\\/six-freedom-2-1-e1631293235287.jpg\",\"articleSection\":[\"Prisonniers\",\"R\u00e9sistance\"],\"inLanguage\":\"fr-FR\"},{\"@type\":\"WebPage\",\"@id\":\"https:\\\/\\\/charleroi-pourlapalestine.be\\\/index.php\\\/2021\\\/09\\\/10\\\/gideon-levy-oui-les-evades-de-prison-palestiniens-sont-des-combattants-de-la-liberte\\\/\",\"url\":\"https:\\\/\\\/charleroi-pourlapalestine.be\\\/index.php\\\/2021\\\/09\\\/10\\\/gideon-levy-oui-les-evades-de-prison-palestiniens-sont-des-combattants-de-la-liberte\\\/\",\"name\":\"Gideon Levy : \\\"Oui, les \u00e9vad\u00e9s de prison palestiniens sont des combattants de la libert\u00e9 \\\"\",\"isPartOf\":{\"@id\":\"https:\\\/\\\/charleroi-pourlapalestine.be\\\/#website\"},\"primaryImageOfPage\":{\"@id\":\"https:\\\/\\\/charleroi-pourlapalestine.be\\\/index.php\\\/2021\\\/09\\\/10\\\/gideon-levy-oui-les-evades-de-prison-palestiniens-sont-des-combattants-de-la-liberte\\\/#primaryimage\"},\"image\":{\"@id\":\"https:\\\/\\\/charleroi-pourlapalestine.be\\\/index.php\\\/2021\\\/09\\\/10\\\/gideon-levy-oui-les-evades-de-prison-palestiniens-sont-des-combattants-de-la-liberte\\\/#primaryimage\"},\"thumbnailUrl\":\"https:\\\/\\\/charleroi-pourlapalestine.be\\\/wp-content\\\/uploads\\\/2021\\\/09\\\/six-freedom-2-1-e1631293235287.jpg\",\"datePublished\":\"2021-09-10T17:07:42+00:00\",\"dateModified\":\"2021-09-10T17:13:22+00:00\",\"description\":\"Gideon Levy : Je pense \u00e0 Zakaria aujourd\u2019hui et j\u2019esp\u00e8re qu\u2019il s\u2019\u00e9chappera vers la libert\u00e9, de m\u00eame que j\u2019esp\u00e8re que Barghouti sera lib\u00e9r\u00e9 un jour lui aussi.\",\"breadcrumb\":{\"@id\":\"https:\\\/\\\/charleroi-pourlapalestine.be\\\/index.php\\\/2021\\\/09\\\/10\\\/gideon-levy-oui-les-evades-de-prison-palestiniens-sont-des-combattants-de-la-liberte\\\/#breadcrumb\"},\"inLanguage\":\"fr-FR\",\"potentialAction\":[{\"@type\":\"ReadAction\",\"target\":[\"https:\\\/\\\/charleroi-pourlapalestine.be\\\/index.php\\\/2021\\\/09\\\/10\\\/gideon-levy-oui-les-evades-de-prison-palestiniens-sont-des-combattants-de-la-liberte\\\/\"]}]},{\"@type\":\"ImageObject\",\"inLanguage\":\"fr-FR\",\"@id\":\"https:\\\/\\\/charleroi-pourlapalestine.be\\\/index.php\\\/2021\\\/09\\\/10\\\/gideon-levy-oui-les-evades-de-prison-palestiniens-sont-des-combattants-de-la-liberte\\\/#primaryimage\",\"url\":\"https:\\\/\\\/charleroi-pourlapalestine.be\\\/wp-content\\\/uploads\\\/2021\\\/09\\\/six-freedom-2-1-e1631293235287.jpg\",\"contentUrl\":\"https:\\\/\\\/charleroi-pourlapalestine.be\\\/wp-content\\\/uploads\\\/2021\\\/09\\\/six-freedom-2-1-e1631293235287.jpg\",\"width\":611,\"height\":320},{\"@type\":\"BreadcrumbList\",\"@id\":\"https:\\\/\\\/charleroi-pourlapalestine.be\\\/index.php\\\/2021\\\/09\\\/10\\\/gideon-levy-oui-les-evades-de-prison-palestiniens-sont-des-combattants-de-la-liberte\\\/#breadcrumb\",\"itemListElement\":[{\"@type\":\"ListItem\",\"position\":1,\"name\":\"Accueil\",\"item\":\"https:\\\/\\\/charleroi-pourlapalestine.be\\\/\"},{\"@type\":\"ListItem\",\"position\":2,\"name\":\"Gideon Levy : &#8220;Oui, les \u00e9vad\u00e9s de prison palestiniens sont des combattants de la libert\u00e9 &#8220;\"}]},{\"@type\":\"WebSite\",\"@id\":\"https:\\\/\\\/charleroi-pourlapalestine.be\\\/#website\",\"url\":\"https:\\\/\\\/charleroi-pourlapalestine.be\\\/\",\"name\":\"Charleroi Pour la Palestine\",\"description\":\"\",\"publisher\":{\"@id\":\"https:\\\/\\\/charleroi-pourlapalestine.be\\\/#organization\"},\"potentialAction\":[{\"@type\":\"SearchAction\",\"target\":{\"@type\":\"EntryPoint\",\"urlTemplate\":\"https:\\\/\\\/charleroi-pourlapalestine.be\\\/?s={search_term_string}\"},\"query-input\":{\"@type\":\"PropertyValueSpecification\",\"valueRequired\":true,\"valueName\":\"search_term_string\"}}],\"inLanguage\":\"fr-FR\"},{\"@type\":\"Organization\",\"@id\":\"https:\\\/\\\/charleroi-pourlapalestine.be\\\/#organization\",\"name\":\"Plate-forme Charleroi-Palestine\",\"url\":\"https:\\\/\\\/charleroi-pourlapalestine.be\\\/\",\"logo\":{\"@type\":\"ImageObject\",\"inLanguage\":\"fr-FR\",\"@id\":\"https:\\\/\\\/charleroi-pourlapalestine.be\\\/#\\\/schema\\\/logo\\\/image\\\/\",\"url\":\"https:\\\/\\\/charleroi-pourlapalestine.be\\\/wp-content\\\/uploads\\\/2020\\\/01\\\/logo-Copy.jpg\",\"contentUrl\":\"https:\\\/\\\/charleroi-pourlapalestine.be\\\/wp-content\\\/uploads\\\/2020\\\/01\\\/logo-Copy.jpg\",\"width\":180,\"height\":180,\"caption\":\"Plate-forme Charleroi-Palestine\"},\"image\":{\"@id\":\"https:\\\/\\\/charleroi-pourlapalestine.be\\\/#\\\/schema\\\/logo\\\/image\\\/\"},\"sameAs\":[\"https:\\\/\\\/www.facebook.com\\\/PlateformeCharleroiPalestine\\\/\",\"https:\\\/\\\/x.com\\\/LaCharleroi\"]},{\"@type\":\"Person\",\"@id\":\"https:\\\/\\\/charleroi-pourlapalestine.be\\\/#\\\/schema\\\/person\\\/c19ff515112f1299d8c12671d8fe3faa\",\"name\":\"admin1873\",\"url\":\"https:\\\/\\\/charleroi-pourlapalestine.be\\\/index.php\\\/author\\\/admin1873\\\/\"}]}<\/script>\n<!-- \/ Yoast SEO plugin. -->","yoast_head_json":{"title":"Gideon Levy : \"Oui, les \u00e9vad\u00e9s de prison palestiniens sont des combattants de la libert\u00e9 \"","description":"Gideon Levy : Je pense \u00e0 Zakaria aujourd\u2019hui et j\u2019esp\u00e8re qu\u2019il s\u2019\u00e9chappera vers la libert\u00e9, de m\u00eame que j\u2019esp\u00e8re que Barghouti sera lib\u00e9r\u00e9 un jour lui aussi.","robots":{"index":"index","follow":"follow","max-snippet":"max-snippet:-1","max-image-preview":"max-image-preview:large","max-video-preview":"max-video-preview:-1"},"canonical":"https:\/\/charleroi-pourlapalestine.be\/index.php\/2021\/09\/10\/gideon-levy-oui-les-evades-de-prison-palestiniens-sont-des-combattants-de-la-liberte\/","schema":{"@context":"https:\/\/schema.org","@graph":[{"@type":"Article","@id":"https:\/\/charleroi-pourlapalestine.be\/index.php\/2021\/09\/10\/gideon-levy-oui-les-evades-de-prison-palestiniens-sont-des-combattants-de-la-liberte\/#article","isPartOf":{"@id":"https:\/\/charleroi-pourlapalestine.be\/index.php\/2021\/09\/10\/gideon-levy-oui-les-evades-de-prison-palestiniens-sont-des-combattants-de-la-liberte\/"},"author":{"name":"admin1873","@id":"https:\/\/charleroi-pourlapalestine.be\/#\/schema\/person\/c19ff515112f1299d8c12671d8fe3faa"},"headline":"Gideon Levy : \u00ab\u00a0Oui, les \u00e9vad\u00e9s de prison palestiniens sont des combattants de la libert\u00e9 \u00ab\u00a0","datePublished":"2021-09-10T17:07:42+00:00","dateModified":"2021-09-10T17:13:22+00:00","mainEntityOfPage":{"@id":"https:\/\/charleroi-pourlapalestine.be\/index.php\/2021\/09\/10\/gideon-levy-oui-les-evades-de-prison-palestiniens-sont-des-combattants-de-la-liberte\/"},"wordCount":1087,"publisher":{"@id":"https:\/\/charleroi-pourlapalestine.be\/#organization"},"image":{"@id":"https:\/\/charleroi-pourlapalestine.be\/index.php\/2021\/09\/10\/gideon-levy-oui-les-evades-de-prison-palestiniens-sont-des-combattants-de-la-liberte\/#primaryimage"},"thumbnailUrl":"https:\/\/charleroi-pourlapalestine.be\/wp-content\/uploads\/2021\/09\/six-freedom-2-1-e1631293235287.jpg","articleSection":["Prisonniers","R\u00e9sistance"],"inLanguage":"fr-FR"},{"@type":"WebPage","@id":"https:\/\/charleroi-pourlapalestine.be\/index.php\/2021\/09\/10\/gideon-levy-oui-les-evades-de-prison-palestiniens-sont-des-combattants-de-la-liberte\/","url":"https:\/\/charleroi-pourlapalestine.be\/index.php\/2021\/09\/10\/gideon-levy-oui-les-evades-de-prison-palestiniens-sont-des-combattants-de-la-liberte\/","name":"Gideon Levy : \"Oui, les \u00e9vad\u00e9s de prison palestiniens sont des combattants de la libert\u00e9 \"","isPartOf":{"@id":"https:\/\/charleroi-pourlapalestine.be\/#website"},"primaryImageOfPage":{"@id":"https:\/\/charleroi-pourlapalestine.be\/index.php\/2021\/09\/10\/gideon-levy-oui-les-evades-de-prison-palestiniens-sont-des-combattants-de-la-liberte\/#primaryimage"},"image":{"@id":"https:\/\/charleroi-pourlapalestine.be\/index.php\/2021\/09\/10\/gideon-levy-oui-les-evades-de-prison-palestiniens-sont-des-combattants-de-la-liberte\/#primaryimage"},"thumbnailUrl":"https:\/\/charleroi-pourlapalestine.be\/wp-content\/uploads\/2021\/09\/six-freedom-2-1-e1631293235287.jpg","datePublished":"2021-09-10T17:07:42+00:00","dateModified":"2021-09-10T17:13:22+00:00","description":"Gideon Levy : Je pense \u00e0 Zakaria aujourd\u2019hui et j\u2019esp\u00e8re qu\u2019il s\u2019\u00e9chappera vers la libert\u00e9, de m\u00eame que j\u2019esp\u00e8re que Barghouti sera lib\u00e9r\u00e9 un jour lui aussi.","breadcrumb":{"@id":"https:\/\/charleroi-pourlapalestine.be\/index.php\/2021\/09\/10\/gideon-levy-oui-les-evades-de-prison-palestiniens-sont-des-combattants-de-la-liberte\/#breadcrumb"},"inLanguage":"fr-FR","potentialAction":[{"@type":"ReadAction","target":["https:\/\/charleroi-pourlapalestine.be\/index.php\/2021\/09\/10\/gideon-levy-oui-les-evades-de-prison-palestiniens-sont-des-combattants-de-la-liberte\/"]}]},{"@type":"ImageObject","inLanguage":"fr-FR","@id":"https:\/\/charleroi-pourlapalestine.be\/index.php\/2021\/09\/10\/gideon-levy-oui-les-evades-de-prison-palestiniens-sont-des-combattants-de-la-liberte\/#primaryimage","url":"https:\/\/charleroi-pourlapalestine.be\/wp-content\/uploads\/2021\/09\/six-freedom-2-1-e1631293235287.jpg","contentUrl":"https:\/\/charleroi-pourlapalestine.be\/wp-content\/uploads\/2021\/09\/six-freedom-2-1-e1631293235287.jpg","width":611,"height":320},{"@type":"BreadcrumbList","@id":"https:\/\/charleroi-pourlapalestine.be\/index.php\/2021\/09\/10\/gideon-levy-oui-les-evades-de-prison-palestiniens-sont-des-combattants-de-la-liberte\/#breadcrumb","itemListElement":[{"@type":"ListItem","position":1,"name":"Accueil","item":"https:\/\/charleroi-pourlapalestine.be\/"},{"@type":"ListItem","position":2,"name":"Gideon Levy : &#8220;Oui, les \u00e9vad\u00e9s de prison palestiniens sont des combattants de la libert\u00e9 &#8220;"}]},{"@type":"WebSite","@id":"https:\/\/charleroi-pourlapalestine.be\/#website","url":"https:\/\/charleroi-pourlapalestine.be\/","name":"Charleroi Pour la Palestine","description":"","publisher":{"@id":"https:\/\/charleroi-pourlapalestine.be\/#organization"},"potentialAction":[{"@type":"SearchAction","target":{"@type":"EntryPoint","urlTemplate":"https:\/\/charleroi-pourlapalestine.be\/?s={search_term_string}"},"query-input":{"@type":"PropertyValueSpecification","valueRequired":true,"valueName":"search_term_string"}}],"inLanguage":"fr-FR"},{"@type":"Organization","@id":"https:\/\/charleroi-pourlapalestine.be\/#organization","name":"Plate-forme Charleroi-Palestine","url":"https:\/\/charleroi-pourlapalestine.be\/","logo":{"@type":"ImageObject","inLanguage":"fr-FR","@id":"https:\/\/charleroi-pourlapalestine.be\/#\/schema\/logo\/image\/","url":"https:\/\/charleroi-pourlapalestine.be\/wp-content\/uploads\/2020\/01\/logo-Copy.jpg","contentUrl":"https:\/\/charleroi-pourlapalestine.be\/wp-content\/uploads\/2020\/01\/logo-Copy.jpg","width":180,"height":180,"caption":"Plate-forme Charleroi-Palestine"},"image":{"@id":"https:\/\/charleroi-pourlapalestine.be\/#\/schema\/logo\/image\/"},"sameAs":["https:\/\/www.facebook.com\/PlateformeCharleroiPalestine\/","https:\/\/x.com\/LaCharleroi"]},{"@type":"Person","@id":"https:\/\/charleroi-pourlapalestine.be\/#\/schema\/person\/c19ff515112f1299d8c12671d8fe3faa","name":"admin1873","url":"https:\/\/charleroi-pourlapalestine.be\/index.php\/author\/admin1873\/"}]}},"_links":{"self":[{"href":"https:\/\/charleroi-pourlapalestine.be\/index.php\/wp-json\/wp\/v2\/posts\/29649","targetHints":{"allow":["GET"]}}],"collection":[{"href":"https:\/\/charleroi-pourlapalestine.be\/index.php\/wp-json\/wp\/v2\/posts"}],"about":[{"href":"https:\/\/charleroi-pourlapalestine.be\/index.php\/wp-json\/wp\/v2\/types\/post"}],"author":[{"embeddable":true,"href":"https:\/\/charleroi-pourlapalestine.be\/index.php\/wp-json\/wp\/v2\/users\/1"}],"replies":[{"embeddable":true,"href":"https:\/\/charleroi-pourlapalestine.be\/index.php\/wp-json\/wp\/v2\/comments?post=29649"}],"version-history":[{"count":0,"href":"https:\/\/charleroi-pourlapalestine.be\/index.php\/wp-json\/wp\/v2\/posts\/29649\/revisions"}],"wp:featuredmedia":[{"embeddable":true,"href":"https:\/\/charleroi-pourlapalestine.be\/index.php\/wp-json\/wp\/v2\/media\/29659"}],"wp:attachment":[{"href":"https:\/\/charleroi-pourlapalestine.be\/index.php\/wp-json\/wp\/v2\/media?parent=29649"}],"wp:term":[{"taxonomy":"category","embeddable":true,"href":"https:\/\/charleroi-pourlapalestine.be\/index.php\/wp-json\/wp\/v2\/categories?post=29649"},{"taxonomy":"post_tag","embeddable":true,"href":"https:\/\/charleroi-pourlapalestine.be\/index.php\/wp-json\/wp\/v2\/tags?post=29649"}],"curies":[{"name":"wp","href":"https:\/\/api.w.org\/{rel}","templated":true}]}}