{"id":30207,"date":"2021-09-26T18:10:08","date_gmt":"2021-09-26T16:10:08","guid":{"rendered":"https:\/\/charleroi-pourlapalestine.be\/?p=30207"},"modified":"2021-09-26T18:10:10","modified_gmt":"2021-09-26T16:10:10","slug":"khalida-jarrar-est-libre-il-est-temps-de-sorganiser-pour-la-liberation-de-la-palestine","status":"publish","type":"post","link":"https:\/\/charleroi-pourlapalestine.be\/index.php\/2021\/09\/26\/khalida-jarrar-est-libre-il-est-temps-de-sorganiser-pour-la-liberation-de-la-palestine\/","title":{"rendered":"Khalida Jarrar est libre : Il est temps de s\u2019organiser pour la lib\u00e9ration de la Palestine !"},"content":{"rendered":"<p><strong><em>Samidoun Palestinian Prisoner Solidarity Network<\/em>,<\/strong> dont est membre le <strong><em>Collectif Palestine Vaincra<\/em>, <\/strong>salue <strong><a href=\"https:\/\/charleroi-pourlapalestine.be\/index.php\/tag\/khalida-jarrar\/\">Khalida Jarrar<\/a><\/strong>, sa famille et ses proches, ses camarades et le peuple palestinien \u00e0 l\u2019occasion de sa lib\u00e9ration apr\u00e8s deux ans d\u2019emprisonnement injuste dans les prisons de l\u2019occupation isra\u00e9lienne. Le moment de sa lib\u00e9ration est un moment de joie pour tous ceux qui, dans le monde entier, soutiennent la juste cause du peuple palestinien et le mouvement international pour la lib\u00e9ration et la justice. Aujourd\u2019hui, sa d\u00e9termination, sa force et son leadership doivent nous donner l\u2019occasion non seulement de c\u00e9l\u00e9brer son retour au pays, mais aussi de redoubler nos efforts pour la lib\u00e9ration et le retour des Palestiniens.<\/p>\n<p>Bien s\u00fbr, notre c\u00e9l\u00e9bration d\u2019aujourd\u2019hui s\u2019accompagne du deuil des cinq vies palestiniennes prises par l\u2019occupation isra\u00e9lienne aujourd\u2019hui alors qu\u2019elles r\u00e9sistaient aux raids d\u2019assassinat et d\u2019arrestation : <strong>Ahmad Zahran, Mahmoud Hmaidan, Osama Sobh, Mohammed Sobh et Zakaria Badwan. <\/strong>Ces martyrs ont r\u00e9sist\u00e9 jusqu\u2019\u00e0 leur dernier souffle au vol et \u00e0 la colonisation des terres et des vies palestiniennes.<\/p>\n<div id=\"attachment_30208\" style=\"width: 522px\" class=\"wp-caption aligncenter\"><img loading=\"lazy\" decoding=\"async\" aria-describedby=\"caption-attachment-30208\" class=\"wp-image-30208 size-full\" src=\"https:\/\/charleroi-pourlapalestine.be\/wp-content\/uploads\/2021\/09\/Khalida-Jarrar-e1632670685124.jpg\" alt=\"Photo via Samidoun\" width=\"512\" height=\"320\"><p id=\"caption-attachment-30208\" class=\"wp-caption-text\">Photo via Samidoun<\/p><\/div>\n<p><strong>Khalida Jarrar<\/strong> est une dirigeante politique, militante f\u00e9ministe et parlementaire palestinienne. Elle a \u00e9t\u00e9 arr\u00eat\u00e9e par les forces d\u2019occupation isra\u00e9liennes le 1er novembre 2019, huit mois seulement apr\u00e8s<a href=\"https:\/\/samidoun.net\/2019\/02\/khalida-jarrar-freed-from-israeli-prison-after-20-months-of-administrative-detention\/\"> sa lib\u00e9ration de 20 mois de d\u00e9tention administrative isra\u00e9lienne<\/a> \u2013 emprisonnement sans inculpation ni proc\u00e8s \u2013 apr\u00e8s sa derni\u00e8re arrestation par les forces d\u2019occupation en 2017. Pendant sa d\u00e9tention de 2017 \u00e0 2019, plus de 275 organisations ont sign\u00e9 <a href=\"https:\/\/samidoun.net\/2018\/07\/growing-call-for-freedom-for-khalida-jarrar-275-organizations-sign-call-to-free-palestinian-leader-jailed-by-israel\/\">un appel international pour sa lib\u00e9ration<\/a>. L\u2019attaque de 2019 par les forces d\u2019occupation isra\u00e9liennes est \u00e9galement survenue alors qu\u2019elle se pr\u00e9parait \u00e0 enseigner \u00e0 l\u2019universit\u00e9 de Bir Zeit sur le droit international et le mouvement palestinien. L\u2019annulation forc\u00e9e de son cours accompagnant <a href=\"https:\/\/samidoun.net\/freepalestinianstudents\/\">le ciblage des \u00e9tudiants pour leur propre activit\u00e9 politique et \u00e9tudiante sur le campus.<\/a><\/p>\n<p>En 2014, elle a r\u00e9sist\u00e9 \u2013 et a vaincu \u2013 une tentative isra\u00e9lienne de<a href=\"https:\/\/samidoun.net\/2014\/08\/addameer-urgent-palestinian-legislative-council-member-khalida-jarrar-expelled-to-jericho\/\"> la d\u00e9placer de force de sa maison familiale d\u2019el-Bireh \u00e0 J\u00e9richo<\/a>. Seulement neuf mois plus tard, en avril 2015, elle a \u00e9t\u00e9 arr\u00eat\u00e9e par les forces d\u2019occupation isra\u00e9liennes et condamn\u00e9e \u00e0 la d\u00e9tention administrative, un emprisonnement sans charge ni proc\u00e8s. Apr\u00e8s un toll\u00e9 mondial, elle a \u00e9t\u00e9 traduite devant des tribunaux militaires isra\u00e9liens et a d\u00fb r\u00e9pondre de 12 chefs d\u2019accusation fond\u00e9s sur son activit\u00e9 politique, qu\u2019il s\u2019agisse de prononcer des discours ou de participer \u00e0 des \u00e9v\u00e9nements en faveur des prisonniers palestiniens. Elle a pass\u00e9 15 mois dans une prison isra\u00e9lienne \u2013 et n\u2019a \u00e9t\u00e9 libre que pendant 13 mois avant son arrestation en 2017.<\/p>\n<p>Pendant les 2 ans d\u2019emprisonnement de<strong> Khalida Jarrar<\/strong>, le peuple palestinien a \u00e9t\u00e9 t\u00e9moin de la tentative d\u2019imposer le soi-disant <a href=\"https:\/\/palestinevaincra.com\/2020\/02\/face-a-laccord-du-siecle-les-palestiniens-et-leurs-soutiens-se-mobilisent-a-travers-le-monde\/\">\u00ab&nbsp;accord du si\u00e8cle&nbsp;\u00bb<\/a> par le biais de campagnes de normalisation men\u00e9es par les \u00c9tats-Unis. en partenariat avec des r\u00e9gimes arabes r\u00e9actionnaires ; les bombardements r\u00e9p\u00e9t\u00e9s et le si\u00e8ge de Gaza ; la pand\u00e9mie de COVID-19 et ses effets palestiniens et mondiaux ; le soul\u00e8vement des Palestiniens de la mer au Jourdain, \u00e0 l\u2019int\u00e9rieur et \u00e0 l\u2019ext\u00e9rieur de la Palestine, en mai 2021, parall\u00e8lement \u00e0 la bataille de Seif al-Quds ; l\u2019auto-lib\u00e9ration de six prisonniers palestiniens avec les outils qu\u2019ils pouvaient fabriquer eux-m\u00eames, mettant en avant le mensonge de la pr\u00e9tendue invincibilit\u00e9 de l\u2019occupation isra\u00e9lienne. Pendant tout ce temps, <strong>Khalida<\/strong> est rest\u00e9e enferm\u00e9e derri\u00e8re les barreaux isra\u00e9liens, dans le but de priver le peuple palestinien et le mouvement mondial de son leadership, de ses analyses et de son action.<\/p>\n<p>Bien entendu, <strong>Khalida Jarrar<\/strong> a \u00e9galement \u00e9t\u00e9 tenue \u00e0 l\u2019\u00e9cart de sa famille et de ses proches, malgr\u00e9 une trag\u00e9die personnelle. Le 11 juillet 2021, la fille bien-aim\u00e9e de Khalida, <a href=\"https:\/\/palestinevaincra.com\/2021\/07\/lettre-de-khalida-jarrar-a-sa-fille-suha-jarrar-tragiquement-disparue\/\">Suha Ghassan Jarrar,<\/a> est d\u00e9c\u00e9d\u00e9e subitement d\u2019une crise cardiaque \u00e0 l\u2019\u00e2ge de 30 ans. Elle \u00e9tait une d\u00e9fenseuse palestinienne des droits de l\u2019homme engag\u00e9e qui travaillait avec <em>Al-Haq<\/em> et s\u2019exprimait dans le monde entier pour d\u00e9fendre et faire respecter les droits et la lib\u00e9ration des Palestiniens. Alors que des centaines de Palestiniens ont rejoint son cort\u00e8ge fun\u00e8bre \u00e0 Ramallah, la m\u00e8re de Suha s\u2019est vu refuser une lib\u00e9ration anticip\u00e9e pour ses fun\u00e9railles ou m\u00eame la possibilit\u00e9 de voir le corps de sa fille avant son enterrement.<\/p>\n<p><a href=\"https:\/\/palestinevaincra.com\/2021\/07\/freekhalidajarrar-appel-a-la-liberation-immediate-de-khalida-jarrar-apres-le-deces-de-sa-fille-suha-jarrar\/\">Des milliers de Palestiniens et de sympathisants du monde entier se sont exprim\u00e9s<\/a>, ont fait campagne sur les r\u00e9seaux sociaux, ont sign\u00e9 des p\u00e9titions, ont demand\u00e9 \u00e0 leurs gouvernements d\u2019agir et ont exprim\u00e9 leur indignation face au d\u00e9ni de ce droit humain fondamental. <strong>Khalida<\/strong> repr\u00e9sentait une dirigeante politique palestinienne ainsi qu\u2019une m\u00e8re palestinienne, continuant \u00e0 r\u00e9sister \u00e0 l\u2019occupation isra\u00e9lienne dans une douleur d\u00e9vastatrice.<\/p>\n<p><strong>Khalida Jarrar<\/strong> est membre du comit\u00e9 palestinien qui a adh\u00e9r\u00e9 au Statut de Rome de la <em>Cour p\u00e9nale internationale<\/em> et a pr\u00e9sent\u00e9 \u00e0 l\u2019organisme international des preuves des crimes isra\u00e9liens en cours. Les forces d\u2019occupation isra\u00e9liennes ont envahi son domicile au moment m\u00eame o\u00f9 le procureur en chef de la<em> Cour p\u00e9nale internationale<\/em> annon\u00e7ait qu\u2019<a href=\"https:\/\/samidoun.net\/2019\/12\/icc-responds-to-mounting-calls-for-action-opens-official-investigation-into-war-crimes-in-palestine\/\">il recommandait \u00e0 la <em>CPI<\/em> d\u2019ouvrir une enqu\u00eate officielle<\/a> sur les crimes de guerre et les crimes contre l\u2019humanit\u00e9 commis par Isra\u00ebl en Palestine. Elle a \u00e9t\u00e9 condamn\u00e9e quelques semaines seulement apr\u00e8s que <a href=\"https:\/\/iadllaw.org\/2021\/02\/iadl-salutes-icc-ruling-confirming-its-jurisdiction-in-occupied-palestine\/\">la <em>CPI<\/em> a affirm\u00e9 sa comp\u00e9tence sur la Palestine occup\u00e9e<\/a>, malgr\u00e9 les objections de l\u2019occupation isra\u00e9lienne ainsi que de ses soutiens parmi les puissances imp\u00e9rialistes. En fait, son arrestation de 2015 est intervenue litt\u00e9ralement un jour apr\u00e8s l\u2019adh\u00e9sion de la Palestine \u00e0 la <em>CPI<\/em>.<\/p>\n<p>Malgr\u00e9 toutes les arrestations politiques, les pers\u00e9cutions en cours et les tentatives de faire taire <strong>Khalida Jarrar,<\/strong> l\u2019occupation n\u2019a jamais pu briser sa volont\u00e9 et son engagement pour la libert\u00e9 de la Palestine et de son peuple. \u00c0 cette occasion, nous invitons tous les amis de la Palestine \u00e0 se joindre \u00e0 nous pour c\u00e9l\u00e9brer \u2013 et s\u2019indigner \u2013 <strong>par l\u2019action<\/strong> : en partageant les histoires, les images et les luttes des<strong> prisonniers politiques palestiniens<\/strong>, en construisant le <strong>boycott d\u2019Isra\u00ebl,<\/strong> et en s\u2019organisant ensemble pour un jour o\u00f9 les <strong>barreaux des prisons en Palestine et dans le monde entier<\/strong> seront abattus pour lib\u00e9rer chaque prisonnier de l\u2019injustice \u2013 et o\u00f9 <strong>la Palestine sera libre de la mer au Jourdain<\/strong>.<\/p>\n<hr>\n<p>Publi\u00e9 le 26 septembre 2021 sur <a href=\"https:\/\/samidoun.net\/2021\/09\/khalida-jarrar-is-free-time-to-organize-to-free-palestine\/\">Samidoun<\/a> <br \/>Traduction : <a href=\"https:\/\/palestinevaincra.com\/2021\/09\/khalida-jarrar-est-libre-il-est-temps-de-sorganiser-pour-liberer-la-palestine\/\" target=\"_blank\" rel=\"noopener noreferrer\">Collectif Palestine Vaincra<\/a><\/p>\n","protected":false},"excerpt":{"rendered":"<p>La d\u00e9termination de Khalida Jarrar, sa force et son leadership doivent nous motiver pour redoubler nos efforts pour la lib\u00e9ration et le retour des Palestiniens.<\/p>\n","protected":false},"author":1,"featured_media":30208,"comment_status":"closed","ping_status":"closed","sticky":false,"template":"","format":"standard","meta":{"ngg_post_thumbnail":0,"footnotes":""},"categories":[192,13],"tags":[348],"class_list":["post-30207","post","type-post","status-publish","format-standard","has-post-thumbnail","hentry","category-palestine","category-les-prisionners-palestiniens","tag-khalida-jarrar"],"yoast_head":"<!-- This site is optimized with the Yoast SEO plugin v27.3 - https:\/\/yoast.com\/product\/yoast-seo-wordpress\/ -->\n<title>Khalida Jarrar est libre. Organisons-nous pour la lib\u00e9ration de la Palestine<\/title>\n<meta name=\"description\" content=\"La d\u00e9termination de Khalida Jarrar doit nous donner l\u2019occasion de redoubler nos efforts pour la lib\u00e9ration et le retour des Palestiniens.\" \/>\n<meta name=\"robots\" content=\"index, follow, max-snippet:-1, max-image-preview:large, max-video-preview:-1\" \/>\n<link rel=\"canonical\" href=\"https:\/\/charleroi-pourlapalestine.be\/index.php\/2021\/09\/26\/khalida-jarrar-est-libre-il-est-temps-de-sorganiser-pour-la-liberation-de-la-palestine\/\" \/>\n<script type=\"application\/ld+json\" class=\"yoast-schema-graph\">{\"@context\":\"https:\\\/\\\/schema.org\",\"@graph\":[{\"@type\":\"Article\",\"@id\":\"https:\\\/\\\/charleroi-pourlapalestine.be\\\/index.php\\\/2021\\\/09\\\/26\\\/khalida-jarrar-est-libre-il-est-temps-de-sorganiser-pour-la-liberation-de-la-palestine\\\/#article\",\"isPartOf\":{\"@id\":\"https:\\\/\\\/charleroi-pourlapalestine.be\\\/index.php\\\/2021\\\/09\\\/26\\\/khalida-jarrar-est-libre-il-est-temps-de-sorganiser-pour-la-liberation-de-la-palestine\\\/\"},\"author\":{\"name\":\"admin1873\",\"@id\":\"https:\\\/\\\/charleroi-pourlapalestine.be\\\/#\\\/schema\\\/person\\\/c19ff515112f1299d8c12671d8fe3faa\"},\"headline\":\"Khalida Jarrar est libre : Il est temps de s\u2019organiser pour la lib\u00e9ration de la Palestine !\",\"datePublished\":\"2021-09-26T16:10:08+00:00\",\"dateModified\":\"2021-09-26T16:10:10+00:00\",\"mainEntityOfPage\":{\"@id\":\"https:\\\/\\\/charleroi-pourlapalestine.be\\\/index.php\\\/2021\\\/09\\\/26\\\/khalida-jarrar-est-libre-il-est-temps-de-sorganiser-pour-la-liberation-de-la-palestine\\\/\"},\"wordCount\":1144,\"publisher\":{\"@id\":\"https:\\\/\\\/charleroi-pourlapalestine.be\\\/#organization\"},\"image\":{\"@id\":\"https:\\\/\\\/charleroi-pourlapalestine.be\\\/index.php\\\/2021\\\/09\\\/26\\\/khalida-jarrar-est-libre-il-est-temps-de-sorganiser-pour-la-liberation-de-la-palestine\\\/#primaryimage\"},\"thumbnailUrl\":\"https:\\\/\\\/charleroi-pourlapalestine.be\\\/wp-content\\\/uploads\\\/2021\\\/09\\\/Khalida-Jarrar-e1632670685124.jpg\",\"keywords\":[\"Khalida Jarrar\"],\"articleSection\":[\"Palestine\",\"Prisonniers\"],\"inLanguage\":\"fr-FR\"},{\"@type\":\"WebPage\",\"@id\":\"https:\\\/\\\/charleroi-pourlapalestine.be\\\/index.php\\\/2021\\\/09\\\/26\\\/khalida-jarrar-est-libre-il-est-temps-de-sorganiser-pour-la-liberation-de-la-palestine\\\/\",\"url\":\"https:\\\/\\\/charleroi-pourlapalestine.be\\\/index.php\\\/2021\\\/09\\\/26\\\/khalida-jarrar-est-libre-il-est-temps-de-sorganiser-pour-la-liberation-de-la-palestine\\\/\",\"name\":\"Khalida Jarrar est libre. Organisons-nous pour la lib\u00e9ration de la Palestine\",\"isPartOf\":{\"@id\":\"https:\\\/\\\/charleroi-pourlapalestine.be\\\/#website\"},\"primaryImageOfPage\":{\"@id\":\"https:\\\/\\\/charleroi-pourlapalestine.be\\\/index.php\\\/2021\\\/09\\\/26\\\/khalida-jarrar-est-libre-il-est-temps-de-sorganiser-pour-la-liberation-de-la-palestine\\\/#primaryimage\"},\"image\":{\"@id\":\"https:\\\/\\\/charleroi-pourlapalestine.be\\\/index.php\\\/2021\\\/09\\\/26\\\/khalida-jarrar-est-libre-il-est-temps-de-sorganiser-pour-la-liberation-de-la-palestine\\\/#primaryimage\"},\"thumbnailUrl\":\"https:\\\/\\\/charleroi-pourlapalestine.be\\\/wp-content\\\/uploads\\\/2021\\\/09\\\/Khalida-Jarrar-e1632670685124.jpg\",\"datePublished\":\"2021-09-26T16:10:08+00:00\",\"dateModified\":\"2021-09-26T16:10:10+00:00\",\"description\":\"La d\u00e9termination de Khalida Jarrar doit nous donner l\u2019occasion de redoubler nos efforts pour la lib\u00e9ration et le retour des Palestiniens.\",\"breadcrumb\":{\"@id\":\"https:\\\/\\\/charleroi-pourlapalestine.be\\\/index.php\\\/2021\\\/09\\\/26\\\/khalida-jarrar-est-libre-il-est-temps-de-sorganiser-pour-la-liberation-de-la-palestine\\\/#breadcrumb\"},\"inLanguage\":\"fr-FR\",\"potentialAction\":[{\"@type\":\"ReadAction\",\"target\":[\"https:\\\/\\\/charleroi-pourlapalestine.be\\\/index.php\\\/2021\\\/09\\\/26\\\/khalida-jarrar-est-libre-il-est-temps-de-sorganiser-pour-la-liberation-de-la-palestine\\\/\"]}]},{\"@type\":\"ImageObject\",\"inLanguage\":\"fr-FR\",\"@id\":\"https:\\\/\\\/charleroi-pourlapalestine.be\\\/index.php\\\/2021\\\/09\\\/26\\\/khalida-jarrar-est-libre-il-est-temps-de-sorganiser-pour-la-liberation-de-la-palestine\\\/#primaryimage\",\"url\":\"https:\\\/\\\/charleroi-pourlapalestine.be\\\/wp-content\\\/uploads\\\/2021\\\/09\\\/Khalida-Jarrar-e1632670685124.jpg\",\"contentUrl\":\"https:\\\/\\\/charleroi-pourlapalestine.be\\\/wp-content\\\/uploads\\\/2021\\\/09\\\/Khalida-Jarrar-e1632670685124.jpg\",\"width\":512,\"height\":320},{\"@type\":\"BreadcrumbList\",\"@id\":\"https:\\\/\\\/charleroi-pourlapalestine.be\\\/index.php\\\/2021\\\/09\\\/26\\\/khalida-jarrar-est-libre-il-est-temps-de-sorganiser-pour-la-liberation-de-la-palestine\\\/#breadcrumb\",\"itemListElement\":[{\"@type\":\"ListItem\",\"position\":1,\"name\":\"Accueil\",\"item\":\"https:\\\/\\\/charleroi-pourlapalestine.be\\\/\"},{\"@type\":\"ListItem\",\"position\":2,\"name\":\"Khalida Jarrar est libre : Il est temps de s\u2019organiser pour la lib\u00e9ration de la Palestine !\"}]},{\"@type\":\"WebSite\",\"@id\":\"https:\\\/\\\/charleroi-pourlapalestine.be\\\/#website\",\"url\":\"https:\\\/\\\/charleroi-pourlapalestine.be\\\/\",\"name\":\"Charleroi Pour la Palestine\",\"description\":\"\",\"publisher\":{\"@id\":\"https:\\\/\\\/charleroi-pourlapalestine.be\\\/#organization\"},\"potentialAction\":[{\"@type\":\"SearchAction\",\"target\":{\"@type\":\"EntryPoint\",\"urlTemplate\":\"https:\\\/\\\/charleroi-pourlapalestine.be\\\/?s={search_term_string}\"},\"query-input\":{\"@type\":\"PropertyValueSpecification\",\"valueRequired\":true,\"valueName\":\"search_term_string\"}}],\"inLanguage\":\"fr-FR\"},{\"@type\":\"Organization\",\"@id\":\"https:\\\/\\\/charleroi-pourlapalestine.be\\\/#organization\",\"name\":\"Plate-forme Charleroi-Palestine\",\"url\":\"https:\\\/\\\/charleroi-pourlapalestine.be\\\/\",\"logo\":{\"@type\":\"ImageObject\",\"inLanguage\":\"fr-FR\",\"@id\":\"https:\\\/\\\/charleroi-pourlapalestine.be\\\/#\\\/schema\\\/logo\\\/image\\\/\",\"url\":\"https:\\\/\\\/charleroi-pourlapalestine.be\\\/wp-content\\\/uploads\\\/2020\\\/01\\\/logo-Copy.jpg\",\"contentUrl\":\"https:\\\/\\\/charleroi-pourlapalestine.be\\\/wp-content\\\/uploads\\\/2020\\\/01\\\/logo-Copy.jpg\",\"width\":180,\"height\":180,\"caption\":\"Plate-forme Charleroi-Palestine\"},\"image\":{\"@id\":\"https:\\\/\\\/charleroi-pourlapalestine.be\\\/#\\\/schema\\\/logo\\\/image\\\/\"},\"sameAs\":[\"https:\\\/\\\/www.facebook.com\\\/PlateformeCharleroiPalestine\\\/\",\"https:\\\/\\\/x.com\\\/LaCharleroi\"]},{\"@type\":\"Person\",\"@id\":\"https:\\\/\\\/charleroi-pourlapalestine.be\\\/#\\\/schema\\\/person\\\/c19ff515112f1299d8c12671d8fe3faa\",\"name\":\"admin1873\",\"url\":\"https:\\\/\\\/charleroi-pourlapalestine.be\\\/index.php\\\/author\\\/admin1873\\\/\"}]}<\/script>\n<!-- \/ Yoast SEO plugin. -->","yoast_head_json":{"title":"Khalida Jarrar est libre. Organisons-nous pour la lib\u00e9ration de la Palestine","description":"La d\u00e9termination de Khalida Jarrar doit nous donner l\u2019occasion de redoubler nos efforts pour la lib\u00e9ration et le retour des Palestiniens.","robots":{"index":"index","follow":"follow","max-snippet":"max-snippet:-1","max-image-preview":"max-image-preview:large","max-video-preview":"max-video-preview:-1"},"canonical":"https:\/\/charleroi-pourlapalestine.be\/index.php\/2021\/09\/26\/khalida-jarrar-est-libre-il-est-temps-de-sorganiser-pour-la-liberation-de-la-palestine\/","schema":{"@context":"https:\/\/schema.org","@graph":[{"@type":"Article","@id":"https:\/\/charleroi-pourlapalestine.be\/index.php\/2021\/09\/26\/khalida-jarrar-est-libre-il-est-temps-de-sorganiser-pour-la-liberation-de-la-palestine\/#article","isPartOf":{"@id":"https:\/\/charleroi-pourlapalestine.be\/index.php\/2021\/09\/26\/khalida-jarrar-est-libre-il-est-temps-de-sorganiser-pour-la-liberation-de-la-palestine\/"},"author":{"name":"admin1873","@id":"https:\/\/charleroi-pourlapalestine.be\/#\/schema\/person\/c19ff515112f1299d8c12671d8fe3faa"},"headline":"Khalida Jarrar est libre : Il est temps de s\u2019organiser pour la lib\u00e9ration de la Palestine !","datePublished":"2021-09-26T16:10:08+00:00","dateModified":"2021-09-26T16:10:10+00:00","mainEntityOfPage":{"@id":"https:\/\/charleroi-pourlapalestine.be\/index.php\/2021\/09\/26\/khalida-jarrar-est-libre-il-est-temps-de-sorganiser-pour-la-liberation-de-la-palestine\/"},"wordCount":1144,"publisher":{"@id":"https:\/\/charleroi-pourlapalestine.be\/#organization"},"image":{"@id":"https:\/\/charleroi-pourlapalestine.be\/index.php\/2021\/09\/26\/khalida-jarrar-est-libre-il-est-temps-de-sorganiser-pour-la-liberation-de-la-palestine\/#primaryimage"},"thumbnailUrl":"https:\/\/charleroi-pourlapalestine.be\/wp-content\/uploads\/2021\/09\/Khalida-Jarrar-e1632670685124.jpg","keywords":["Khalida Jarrar"],"articleSection":["Palestine","Prisonniers"],"inLanguage":"fr-FR"},{"@type":"WebPage","@id":"https:\/\/charleroi-pourlapalestine.be\/index.php\/2021\/09\/26\/khalida-jarrar-est-libre-il-est-temps-de-sorganiser-pour-la-liberation-de-la-palestine\/","url":"https:\/\/charleroi-pourlapalestine.be\/index.php\/2021\/09\/26\/khalida-jarrar-est-libre-il-est-temps-de-sorganiser-pour-la-liberation-de-la-palestine\/","name":"Khalida Jarrar est libre. Organisons-nous pour la lib\u00e9ration de la Palestine","isPartOf":{"@id":"https:\/\/charleroi-pourlapalestine.be\/#website"},"primaryImageOfPage":{"@id":"https:\/\/charleroi-pourlapalestine.be\/index.php\/2021\/09\/26\/khalida-jarrar-est-libre-il-est-temps-de-sorganiser-pour-la-liberation-de-la-palestine\/#primaryimage"},"image":{"@id":"https:\/\/charleroi-pourlapalestine.be\/index.php\/2021\/09\/26\/khalida-jarrar-est-libre-il-est-temps-de-sorganiser-pour-la-liberation-de-la-palestine\/#primaryimage"},"thumbnailUrl":"https:\/\/charleroi-pourlapalestine.be\/wp-content\/uploads\/2021\/09\/Khalida-Jarrar-e1632670685124.jpg","datePublished":"2021-09-26T16:10:08+00:00","dateModified":"2021-09-26T16:10:10+00:00","description":"La d\u00e9termination de Khalida Jarrar doit nous donner l\u2019occasion de redoubler nos efforts pour la lib\u00e9ration et le retour des Palestiniens.","breadcrumb":{"@id":"https:\/\/charleroi-pourlapalestine.be\/index.php\/2021\/09\/26\/khalida-jarrar-est-libre-il-est-temps-de-sorganiser-pour-la-liberation-de-la-palestine\/#breadcrumb"},"inLanguage":"fr-FR","potentialAction":[{"@type":"ReadAction","target":["https:\/\/charleroi-pourlapalestine.be\/index.php\/2021\/09\/26\/khalida-jarrar-est-libre-il-est-temps-de-sorganiser-pour-la-liberation-de-la-palestine\/"]}]},{"@type":"ImageObject","inLanguage":"fr-FR","@id":"https:\/\/charleroi-pourlapalestine.be\/index.php\/2021\/09\/26\/khalida-jarrar-est-libre-il-est-temps-de-sorganiser-pour-la-liberation-de-la-palestine\/#primaryimage","url":"https:\/\/charleroi-pourlapalestine.be\/wp-content\/uploads\/2021\/09\/Khalida-Jarrar-e1632670685124.jpg","contentUrl":"https:\/\/charleroi-pourlapalestine.be\/wp-content\/uploads\/2021\/09\/Khalida-Jarrar-e1632670685124.jpg","width":512,"height":320},{"@type":"BreadcrumbList","@id":"https:\/\/charleroi-pourlapalestine.be\/index.php\/2021\/09\/26\/khalida-jarrar-est-libre-il-est-temps-de-sorganiser-pour-la-liberation-de-la-palestine\/#breadcrumb","itemListElement":[{"@type":"ListItem","position":1,"name":"Accueil","item":"https:\/\/charleroi-pourlapalestine.be\/"},{"@type":"ListItem","position":2,"name":"Khalida Jarrar est libre : Il est temps de s\u2019organiser pour la lib\u00e9ration de la Palestine !"}]},{"@type":"WebSite","@id":"https:\/\/charleroi-pourlapalestine.be\/#website","url":"https:\/\/charleroi-pourlapalestine.be\/","name":"Charleroi Pour la Palestine","description":"","publisher":{"@id":"https:\/\/charleroi-pourlapalestine.be\/#organization"},"potentialAction":[{"@type":"SearchAction","target":{"@type":"EntryPoint","urlTemplate":"https:\/\/charleroi-pourlapalestine.be\/?s={search_term_string}"},"query-input":{"@type":"PropertyValueSpecification","valueRequired":true,"valueName":"search_term_string"}}],"inLanguage":"fr-FR"},{"@type":"Organization","@id":"https:\/\/charleroi-pourlapalestine.be\/#organization","name":"Plate-forme Charleroi-Palestine","url":"https:\/\/charleroi-pourlapalestine.be\/","logo":{"@type":"ImageObject","inLanguage":"fr-FR","@id":"https:\/\/charleroi-pourlapalestine.be\/#\/schema\/logo\/image\/","url":"https:\/\/charleroi-pourlapalestine.be\/wp-content\/uploads\/2020\/01\/logo-Copy.jpg","contentUrl":"https:\/\/charleroi-pourlapalestine.be\/wp-content\/uploads\/2020\/01\/logo-Copy.jpg","width":180,"height":180,"caption":"Plate-forme Charleroi-Palestine"},"image":{"@id":"https:\/\/charleroi-pourlapalestine.be\/#\/schema\/logo\/image\/"},"sameAs":["https:\/\/www.facebook.com\/PlateformeCharleroiPalestine\/","https:\/\/x.com\/LaCharleroi"]},{"@type":"Person","@id":"https:\/\/charleroi-pourlapalestine.be\/#\/schema\/person\/c19ff515112f1299d8c12671d8fe3faa","name":"admin1873","url":"https:\/\/charleroi-pourlapalestine.be\/index.php\/author\/admin1873\/"}]}},"_links":{"self":[{"href":"https:\/\/charleroi-pourlapalestine.be\/index.php\/wp-json\/wp\/v2\/posts\/30207","targetHints":{"allow":["GET"]}}],"collection":[{"href":"https:\/\/charleroi-pourlapalestine.be\/index.php\/wp-json\/wp\/v2\/posts"}],"about":[{"href":"https:\/\/charleroi-pourlapalestine.be\/index.php\/wp-json\/wp\/v2\/types\/post"}],"author":[{"embeddable":true,"href":"https:\/\/charleroi-pourlapalestine.be\/index.php\/wp-json\/wp\/v2\/users\/1"}],"replies":[{"embeddable":true,"href":"https:\/\/charleroi-pourlapalestine.be\/index.php\/wp-json\/wp\/v2\/comments?post=30207"}],"version-history":[{"count":0,"href":"https:\/\/charleroi-pourlapalestine.be\/index.php\/wp-json\/wp\/v2\/posts\/30207\/revisions"}],"wp:featuredmedia":[{"embeddable":true,"href":"https:\/\/charleroi-pourlapalestine.be\/index.php\/wp-json\/wp\/v2\/media\/30208"}],"wp:attachment":[{"href":"https:\/\/charleroi-pourlapalestine.be\/index.php\/wp-json\/wp\/v2\/media?parent=30207"}],"wp:term":[{"taxonomy":"category","embeddable":true,"href":"https:\/\/charleroi-pourlapalestine.be\/index.php\/wp-json\/wp\/v2\/categories?post=30207"},{"taxonomy":"post_tag","embeddable":true,"href":"https:\/\/charleroi-pourlapalestine.be\/index.php\/wp-json\/wp\/v2\/tags?post=30207"}],"curies":[{"name":"wp","href":"https:\/\/api.w.org\/{rel}","templated":true}]}}