{"id":30314,"date":"2021-09-29T18:57:42","date_gmt":"2021-09-29T16:57:42","guid":{"rendered":"https:\/\/charleroi-pourlapalestine.be\/?p=30314"},"modified":"2023-03-01T10:34:20","modified_gmt":"2023-03-01T09:34:20","slug":"temoignage-un-autre-pogrom-horrible-contre-les-palestiniens","status":"publish","type":"post","link":"https:\/\/charleroi-pourlapalestine.be\/index.php\/2021\/09\/29\/temoignage-un-autre-pogrom-horrible-contre-les-palestiniens\/","title":{"rendered":"T\u00e9moignage : Un autre pogrom horrible contre les Palestiniens"},"content":{"rendered":"<p>Trouvez ci-dessous le t\u00e9moignage en direct de <a href=\"https:\/\/www.facebook.com\/Yuval.Abraham1\" target=\"_blank\" rel=\"noopener noreferrer\"><strong>Yuval Abraham<\/strong><\/a>, activiste isra\u00e9lien, pr\u00e9sent dans le village <strong>Mufaqara<\/strong>, dans le sud des collines de <strong>H\u00e9bron<\/strong>, au moment du pogrom. Ce t\u00e9moignage a \u00e9t\u00e9 \u00e9crit le 28 septembre 2021.<\/p>\n<div id=\"attachment_30316\" style=\"width: 479px\" class=\"wp-caption aligncenter\"><img loading=\"lazy\" decoding=\"async\" aria-describedby=\"caption-attachment-30316\" class=\"wp-image-30316 size-full\" src=\"https:\/\/charleroi-pourlapalestine.be\/wp-content\/uploads\/2021\/09\/Colons-masqu\u00e9s-e1632915631119.jpg\" alt=\"\" width=\"469\" height=\"320\"><p id=\"caption-attachment-30316\" class=\"wp-caption-text\">Photo via Haaretz (*)<\/p><\/div>\n<p>Dans un d\u00e9cha\u00eenement d\u2019une violence horrible, des dizaines de <strong>colons isra\u00e9liens masqu\u00e9s<\/strong> ont comm\u00e9mor\u00e9 un jour de f\u00eate en attaquant un village palestinien de <strong>Cisjordanie<\/strong>. Ils ont massacr\u00e9 des moutons, d\u00e9moli des voitures, agress\u00e9 sauvagement des r\u00e9sidents palestiniens, dont une douzaine au moins ont \u00e9t\u00e9 bless\u00e9s, parmi lesquels un petit gar\u00e7on de trois ans. Ils ont \u00e9galement saccag\u00e9 des maisons \u00e0 l\u2019aide de battes et de marteaux, pulv\u00e9risant les meubles et tout ce qui tombait \u00e0 leur port\u00e9e. Pendant tout ce temps, les soldats se tenaient derri\u00e8re les agresseurs et n\u2019ont rien fait pour les arr\u00eater. Au contraire, ils ont lanc\u00e9 de grandes quantit\u00e9s de gaz ainsi que des grenades incapacitantes sur les Palestiniens.<\/p>\n<p>Un carnage insens\u00e9 se d\u00e9roule actuellement \u00e0 <strong>Mufaqara<\/strong>, un village palestinien dans le sud des collines de <strong>H\u00e9bron.<\/strong> Quelque<strong> soixante hommes masqu\u00e9s<\/strong> ont d\u00e9barqu\u00e9, portant des battes, des b\u00e2tons, des armes \u00e0 feu et des pierres. On n\u2019a jamais rien vu de ce genre, ici. On dirait une petite arm\u00e9e. Des dizaines de colons. J\u2019\u00e9cris ceci en toute h\u00e2te, parce qu\u2019ils sont toujours ici, au milieu des arbres. C\u2019est l\u2019une des choses les plus effrayantes que j\u2019aie jamais vues. &nbsp;<\/p>\n<p>Pour commencer, un groupe d\u2019une vingtaine d\u2019hommes masqu\u00e9s ont surgi et ont attaqu\u00e9 un berger. Ils ont tranch\u00e9 la gorge \u00e0 trois de ses moutons, juste sous ses yeux. L\u2019homme s\u2019est enfui avec ses deux enfants, de six et sept ans. Le reste du troupeau a \u00e9t\u00e9 massacr\u00e9. <strong>Basil Adraa<\/strong> a tout vu et je suis avec lui ici, maintenant. Il a pris quelques photos. Il y a \u00e9galement des vid\u00e9os, que nous t\u00e9l\u00e9chargerons d\u00e8s que nous le pourrons.<\/p>\n<p>Ensuite, quelques dizaines d\u2019autres hommes masqu\u00e9s ont rejoint les premiers, tous arm\u00e9s de battes, ont dit les villageois. Ils ont fait irruption dans le village et se sont mis \u00e0 lancer des pierres contre les maisons. Ils ont taill\u00e9 dans les tuyauteries d\u2019eau \u00e0 l\u2019aide de machettes et de couteaux, maison apr\u00e8s maison. Les familles terrifi\u00e9es se sont enfuies en direction du cours d\u2019eau. C\u2019est une vision horrible, difficile \u00e0 d\u00e9crire. Pas une seule voiture qui n\u2019ait pas \u00e9t\u00e9 d\u00e9molie et mise en pi\u00e8ces&nbsp;!<\/p>\n<p>Puis les collons sont entr\u00e9s dans les maisons, dans les salles de s\u00e9jour, les cuisines. Ils ont commenc\u00e9 \u00e0 tout d\u00e9truire \u00e0 coups de battes et de marteaux. Quelques-uns des villageois ont \u00e9t\u00e9 bless\u00e9s. L\u2019un a \u00e9t\u00e9 frapp\u00e9 \u00e0 la t\u00eate, l\u2019autre \u00e0 l\u2019estomac. Un gamin de trois ans, <strong>Muhammad<\/strong>, a \u00e9t\u00e9 frapp\u00e9 \u00e0 la t\u00eate avec une pierre et il a \u00e9t\u00e9 emmen\u00e9 d\u2019urgence \u00e0 l\u2019h\u00f4pital, o\u00f9 il est toujours soign\u00e9 actuellement. Il a une fracture du cr\u00e2ne, des h\u00e9morragies internes et il va probablement \u00eatre op\u00e9r\u00e9 demain. Il y a toute une tra\u00een\u00e9e de sang sur le sol de sa maison. Il \u00e9tait \u00e0 la maison quand les colons ont attaqu\u00e9. Son grand-p\u00e8re est ici avec nous, maintenant, rong\u00e9 de peur et bless\u00e9 lui aussi.<\/p>\n<p>Des soldats sont rest\u00e9s tout le temps derri\u00e8re les agresseurs et n\u2019ont rien fait pour les arr\u00eater. Ils ont lanc\u00e9 de grandes quantit\u00e9s de gaz ainsi que des grenades incapacitantes contre les <strong>Palestiniens<\/strong>. Dans des situations pareilles, les soldats soutiennent presque toujours les colons. C\u2019est simple&nbsp;: Si les Palestiniens se d\u00e9fendent et font face \u00e0 leurs agresseurs, s\u2019ils jettent des pierres contre les hommes qui envahissent leur village, les soldats leur tirent dessus. C\u2019est ainsi qu\u2019un homme de <strong>Kosra<\/strong> (dans la r\u00e9gion de <strong>Naplouse)<\/strong>, <strong>Muhammad Hassan<\/strong>, a \u00e9t\u00e9 tu\u00e9 il y a quelques mois, dans une attaque du m\u00eame genre par des colons, qui avaient fait irruption dans sa maison avec des marteaux.<\/p>\n<p>Je ne puis quasiment plus rien entendre \u00e0 cause des d\u00e9tonations. Le gaz vous d\u00e9truit la gorge et les soldats qui tirent sont effrayants. Pendant ce temps, les pierres des colons passent au-dessus de votre t\u00eate. Et tout cela se passe r\u00e9ellement, en plein village, au milieu des maisons palestiniennes. Je ne savais que faire, sauf crier&nbsp;: <em>\u00ab&nbsp;Ne tirez pas&nbsp;! Ne tirez pas&nbsp;!&nbsp;\u00bb &nbsp;<\/em><\/p>\n<p>Plusieurs personnes ont \u00e9t\u00e9 bless\u00e9es et certaines sont d\u00e9j\u00e0 en train de se faire soigner. Il y avait tellement d\u2019hommes masqu\u00e9s qu\u2019ils pouvaient soulever les voitures et les faire d\u00e9gringoler vers le cours d\u2019eau, vraiment. Un colon a ouvert le feu sur un Palestinien qui \u00e9tait chez lui et qui jetait des pierres. Il ne l\u2019a pas touch\u00e9. Les douilles sont toujours sur le sol. Navr\u00e9, mais&nbsp;mon r\u00e9cit est d\u00e9cousu.<\/p>\n<p>Les m\u00e9dias refusent de voir ce qui se passe ici, en<strong> Cisjordanie<\/strong>. Rien que dans le sud des collines de H\u00e9bron, sept nouveaux avant-postes sont apparus durant l\u2019ann\u00e9e \u00e9coul\u00e9e&nbsp;; on les appelle les \u00ab&nbsp;fermes \u00e0 moutons&nbsp;\u00bb. Il y a tout un r\u00e9seau d\u2019avant-postes absurdement violents un peu partout en Cisjordanie \u2013 on en a \u00e9tabli environ quarante ces cinq derni\u00e8res ann\u00e9es.<\/p>\n<p>L\u2019\u00c9tat donne aux fermes des milliers de dounams (un dounam = 10 ares, soit 0,1 hectare) dont ils ont expropri\u00e9 les <strong>Palestiniens<\/strong> et les colons isra\u00e9liens recourent \u00e0 une violence d\u00e9lib\u00e9r\u00e9e et flagrante pour terroriser les r\u00e9sidents locaux. Il existe un r\u00e9seau de plusieurs centaines de colons qui op\u00e8rent dans les fermes, et de nombreux d\u2019entre eux se d\u00e9placent de ferme en ferme. Ils cassent les poignets des gens et saignent les b\u00eates, de sorte qu\u2019\u00e0 la fin les Palestiniens s\u2019en iront. Rien que l\u2019an dernier, j\u2019ai vu des dizaines d\u2019incidents de ce genre. Ces colons sont tr\u00e8s organis\u00e9s, avec des groupes <em>WhatsApp.<\/em> Chaque jour, ils font pa\u00eetre leurs moutons dans un endroit nouveau afin de r\u00e9occuper le maximum de terres. Avant les vacances, ils demandent \u00e0 leurs proches de venir dans les fermes comme volontaires. Je pense qu\u2019il y a un rapport, l\u00e0, mais je n\u2019en suis pas absolument s\u00fbr. Lors d\u2019un jour f\u00e9ri\u00e9, le fait de voir tous ces gens ensemble au m\u00eame moment n\u2019a rien d\u2019un hasard.<\/p>\n<p>Cela n\u2019a rien d\u2019une horde d\u2019extr\u00e9mistes. Non. C\u2019est l\u2019\u00c9tat, c\u2019est la politique officielle, et c\u2019est <strong>Benny Gantz<\/strong> qui en est responsable. Exactement \u00e0 l\u2019instar des hommes masqu\u00e9s, le gouvernement pousse \u00e0 l\u2019expulsion de r\u00e9gions enti\u00e8res. Le village de <strong>Mufaqara<\/strong> est un village non reconnu, parmi des dizaines d\u2019autres, et l\u2019arm\u00e9e vient de temps \u00e0 autre afin de d\u00e9molir les maisons. M\u00eame s\u2019ils vivent ici depuis des g\u00e9n\u00e9rations, les r\u00e9sidents n\u2019ont pas l\u2019autorisation de b\u00e2tir, si bien qu\u2019ils finiront par s\u2019en aller.<\/p>\n<p>Et c\u2019est ainsi qu\u2019aujourd\u2019hui, en ce jour de <em>Sim\u2019hat Torah<\/em> (f\u00eate h\u00e9bra\u00efque, litt\u00e9ralement <em>\u00ab&nbsp;joie de la Torah&nbsp;<\/em>\u00bb, les 28 et 29 septembre, NdT), quatre-vingts hommes se sont rassembl\u00e9s, sont sortis de leurs fermes et avant-postes et ont tout simplement d\u00e9truit un village de sorte que les gens finiront par s\u2019en aller, ou alors ils agissent par vulgaire racisme, ou je ne sais quoi. Cela se reproduira sans cesse, si on n\u2019y met fin. Et notre pays est cynique, il b\u00e2ille \u00e0 la vue de la violence, les gens ne voient pas les connexions, ils refusent de voir le fait que notre arm\u00e9e domine vraiment d\u2019autres gens, que les Palestiniens n\u2019ont pas de droits, que nous avons cr\u00e9\u00e9 un syst\u00e8me de ma\u00eetres et d\u2019esclaves. \u00c9veillez-vous&nbsp;! Venez voir par vous-m\u00eames&nbsp;! D\u00e9couvrez ce qui se passe dans ce pays, et je m\u2019adresse surtout \u00e0 ma g\u00e9n\u00e9ration. Venez voir \u00e0 quoi ressemble une occupation militaire, \u00e0 quoi ressemble le supr\u00e9macisme. Je suis fatigu\u00e9 de la complaisance, du racisme, du fait que personne n\u2019y pr\u00eate attention.<\/p>\n<blockquote class=\"twitter-tweet\" data-width=\"500\" data-dnt=\"true\">\n<p lang=\"iw\" dir=\"rtl\">\u05d9\u05dc\u05d3 \u05e4\u05dc\u05e1\u05d8\u05d9\u05e0\u05d9 \u05d1\u05df 3 \u05de\u05d0\u05d5\u05e9\u05e4\u05d6 \u05d1\u05d1\u05d9\u05f4\u05d7 \u05e1\u05d5\u05e8\u05d5\u05e7\u05d4 \u05d1\u05de\u05e6\u05d1 \u05d1\u05d9\u05e0\u05d5\u05e0\u05d9 \u05e2\u05dd \u05e4\u05e6\u05d9\u05e2\u05ea \u05e8\u05d0\u05e9 \u05dc\u05d0\u05d7\u05e8 \u05e9\u05e8\u05e2\u05d5\u05dc\u05d9 \u05e4\u05e0\u05d9\u05dd \u05d6\u05e8\u05e7\u05d5 \u05d0\u05d1\u05e0\u05d9\u05dd \u05d0\u05dc \u05ea\u05d5\u05da \u05d4\u05d1\u05d9\u05ea \u05d1\u05d5 \u05d9\u05e9\u05df \u05d1\u05db\u05e4\u05e8 \u05de\u05d5\u05e4\u05e7\u05e8\u05d4 \u05e9\u05d1\u05d3\u05e8\u05d5\u05dd \u05d4\u05e8 \u05d7\u05d1\u05e8\u05d5\u05df. \u05ea\u05d5\u05e9\u05d1\u05d9 \u05d4\u05db\u05e4\u05e8 \u05de\u05e1\u05e4\u05e8\u05d9\u05dd \u05e2\u05dc \u05db10 \u05de\u05db\u05d5\u05e0\u05d9\u05d5\u05ea \u05d510 \u05d1\u05ea\u05d9\u05dd \u05e9\u05d7\u05dc\u05d5\u05e0\u05d5\u05ea\u05d9\u05d4\u05dd \u05e0\u05d5\u05e4\u05e6\u05d5. <br \/>\u05f4\u05d6\u05d4 \u05d4\u05d9\u05d4 \u05d4\u05d9\u05d5\u05dd \u05d4\u05db\u05d9 \u05d2\u05e8\u05d5\u05e2 \u05e9\u05d0\u05e0\u05d9 \u05d6\u05d5\u05db\u05e8 \u05d0\u05d9 \u05e4\u05e2\u05dd, \u05d0\u05e3 \u05d7\u05dc\u05d5\u05df \u05dc\u05d0 \u05e0\u05e9\u05d0\u05e8 \u05d1\u05db\u05e4\u05e8\u05f4, \u05d0\u05de\u05e8 \u05e1\u05d1\u05d5 \u05e9\u05dc \u05d4\u05d9\u05dc\u05d3.<\/p>\n<p>&mdash; Hagar Shezaf (@hagar_shezaf) <a href=\"https:\/\/twitter.com\/hagar_shezaf\/status\/1442894232331558921?ref_src=twsrc%5Etfw\">September 28, 2021<\/a><\/p><\/blockquote>\n<p><script async src=\"https:\/\/platform.twitter.com\/widgets.js\" charset=\"utf-8\"><\/script><\/p>\n<hr>\n<p>Publi\u00e9 le 29 septembre 2021 sur <a href=\"https:\/\/thepalestineproject.medium.com\/another-horrible-pogrom-against-palestinians-32ea9842eeef\" target=\"_blank\" rel=\"noopener noreferrer\">The Palestine Project<\/a><br \/>\nTraduction :&nbsp; Jean-Marie Fl\u00e9mal, <a href=\"https:\/\/charleroi-pourlapalestine.be\/\">Charleroi pour la Palestine<\/a>&nbsp; (\u00e0 partir de la traduction en anglais, par Riva Hocherman, du texte original en h\u00e9breu)<\/p>\n<p>(*) Trouvez ici un article sur le m\u00eame sujet publi\u00e9 sur <a href=\"https:\/\/www.haaretz.com\/israel-news\/.premium-masked-settlers-attack-palestinians-with-stones-injuring-12-including-3-year-old-1.10249163?utm_source=mailchimp&amp;utm_medium=content&amp;utm_campaign=daily-brief&amp;utm_content=1e5b25aecd\" target=\"_blank\" rel=\"noopener noreferrer\">Haaretz<\/a> (en anglais)<\/p>\n","protected":false},"excerpt":{"rendered":"<p>Yuval Abraham, activiste isra\u00e9lien pour la Palestine, \u00e9tait pr\u00e9sent dans le village Mufaqara, dans le sud des collines de H\u00e9bron, au moment du pogrom<\/p>\n","protected":false},"author":1,"featured_media":30332,"comment_status":"closed","ping_status":"closed","sticky":false,"template":"","format":"standard","meta":{"ngg_post_thumbnail":0,"footnotes":""},"categories":[7,140,45,47,891],"tags":[],"class_list":["post-30314","post","type-post","status-publish","format-standard","has-post-thumbnail","hentry","category-cisjordanie","category-letat-colonial","category-le-nettoyage-ethique","category-loccupation-militaire","category-pogroms"],"yoast_head":"<!-- This site is optimized with the Yoast SEO plugin v27.3 - https:\/\/yoast.com\/product\/yoast-seo-wordpress\/ -->\n<title>T\u00e9moignage : Un autre pogrom horrible contre les Palestiniens<\/title>\n<meta name=\"description\" content=\"Le t\u00e9moignage poignant de Yuval Abraham, activiste isra\u00e9lien, pr\u00e9sent dans le village Mufaqara, dans le sud des collines de H\u00e9bron, au moment du pogrom\" \/>\n<meta name=\"robots\" content=\"index, follow, max-snippet:-1, max-image-preview:large, max-video-preview:-1\" \/>\n<link rel=\"canonical\" href=\"https:\/\/charleroi-pourlapalestine.be\/index.php\/2021\/09\/29\/temoignage-un-autre-pogrom-horrible-contre-les-palestiniens\/\" \/>\n<script type=\"application\/ld+json\" class=\"yoast-schema-graph\">{\"@context\":\"https:\\\/\\\/schema.org\",\"@graph\":[{\"@type\":\"Article\",\"@id\":\"https:\\\/\\\/charleroi-pourlapalestine.be\\\/index.php\\\/2021\\\/09\\\/29\\\/temoignage-un-autre-pogrom-horrible-contre-les-palestiniens\\\/#article\",\"isPartOf\":{\"@id\":\"https:\\\/\\\/charleroi-pourlapalestine.be\\\/index.php\\\/2021\\\/09\\\/29\\\/temoignage-un-autre-pogrom-horrible-contre-les-palestiniens\\\/\"},\"author\":{\"name\":\"admin1873\",\"@id\":\"https:\\\/\\\/charleroi-pourlapalestine.be\\\/#\\\/schema\\\/person\\\/c19ff515112f1299d8c12671d8fe3faa\"},\"headline\":\"T\u00e9moignage : Un autre pogrom horrible contre les Palestiniens\",\"datePublished\":\"2021-09-29T16:57:42+00:00\",\"dateModified\":\"2023-03-01T09:34:20+00:00\",\"mainEntityOfPage\":{\"@id\":\"https:\\\/\\\/charleroi-pourlapalestine.be\\\/index.php\\\/2021\\\/09\\\/29\\\/temoignage-un-autre-pogrom-horrible-contre-les-palestiniens\\\/\"},\"wordCount\":1567,\"publisher\":{\"@id\":\"https:\\\/\\\/charleroi-pourlapalestine.be\\\/#organization\"},\"image\":{\"@id\":\"https:\\\/\\\/charleroi-pourlapalestine.be\\\/index.php\\\/2021\\\/09\\\/29\\\/temoignage-un-autre-pogrom-horrible-contre-les-palestiniens\\\/#primaryimage\"},\"thumbnailUrl\":\"https:\\\/\\\/charleroi-pourlapalestine.be\\\/wp-content\\\/uploads\\\/2021\\\/09\\\/Pogrom-e1632933852586.jpeg\",\"articleSection\":[\"Cisjordanie\",\"L'Etat colonial\",\"Nettoyage ethnique\",\"Occupation\",\"pogroms\"],\"inLanguage\":\"fr-FR\"},{\"@type\":\"WebPage\",\"@id\":\"https:\\\/\\\/charleroi-pourlapalestine.be\\\/index.php\\\/2021\\\/09\\\/29\\\/temoignage-un-autre-pogrom-horrible-contre-les-palestiniens\\\/\",\"url\":\"https:\\\/\\\/charleroi-pourlapalestine.be\\\/index.php\\\/2021\\\/09\\\/29\\\/temoignage-un-autre-pogrom-horrible-contre-les-palestiniens\\\/\",\"name\":\"T\u00e9moignage : Un autre pogrom horrible contre les Palestiniens\",\"isPartOf\":{\"@id\":\"https:\\\/\\\/charleroi-pourlapalestine.be\\\/#website\"},\"primaryImageOfPage\":{\"@id\":\"https:\\\/\\\/charleroi-pourlapalestine.be\\\/index.php\\\/2021\\\/09\\\/29\\\/temoignage-un-autre-pogrom-horrible-contre-les-palestiniens\\\/#primaryimage\"},\"image\":{\"@id\":\"https:\\\/\\\/charleroi-pourlapalestine.be\\\/index.php\\\/2021\\\/09\\\/29\\\/temoignage-un-autre-pogrom-horrible-contre-les-palestiniens\\\/#primaryimage\"},\"thumbnailUrl\":\"https:\\\/\\\/charleroi-pourlapalestine.be\\\/wp-content\\\/uploads\\\/2021\\\/09\\\/Pogrom-e1632933852586.jpeg\",\"datePublished\":\"2021-09-29T16:57:42+00:00\",\"dateModified\":\"2023-03-01T09:34:20+00:00\",\"description\":\"Le t\u00e9moignage poignant de Yuval Abraham, activiste isra\u00e9lien, pr\u00e9sent dans le village Mufaqara, dans le sud des collines de H\u00e9bron, au moment du pogrom\",\"breadcrumb\":{\"@id\":\"https:\\\/\\\/charleroi-pourlapalestine.be\\\/index.php\\\/2021\\\/09\\\/29\\\/temoignage-un-autre-pogrom-horrible-contre-les-palestiniens\\\/#breadcrumb\"},\"inLanguage\":\"fr-FR\",\"potentialAction\":[{\"@type\":\"ReadAction\",\"target\":[\"https:\\\/\\\/charleroi-pourlapalestine.be\\\/index.php\\\/2021\\\/09\\\/29\\\/temoignage-un-autre-pogrom-horrible-contre-les-palestiniens\\\/\"]}]},{\"@type\":\"ImageObject\",\"inLanguage\":\"fr-FR\",\"@id\":\"https:\\\/\\\/charleroi-pourlapalestine.be\\\/index.php\\\/2021\\\/09\\\/29\\\/temoignage-un-autre-pogrom-horrible-contre-les-palestiniens\\\/#primaryimage\",\"url\":\"https:\\\/\\\/charleroi-pourlapalestine.be\\\/wp-content\\\/uploads\\\/2021\\\/09\\\/Pogrom-e1632933852586.jpeg\",\"contentUrl\":\"https:\\\/\\\/charleroi-pourlapalestine.be\\\/wp-content\\\/uploads\\\/2021\\\/09\\\/Pogrom-e1632933852586.jpeg\",\"width\":569,\"height\":320},{\"@type\":\"BreadcrumbList\",\"@id\":\"https:\\\/\\\/charleroi-pourlapalestine.be\\\/index.php\\\/2021\\\/09\\\/29\\\/temoignage-un-autre-pogrom-horrible-contre-les-palestiniens\\\/#breadcrumb\",\"itemListElement\":[{\"@type\":\"ListItem\",\"position\":1,\"name\":\"Accueil\",\"item\":\"https:\\\/\\\/charleroi-pourlapalestine.be\\\/\"},{\"@type\":\"ListItem\",\"position\":2,\"name\":\"T\u00e9moignage : Un autre pogrom horrible contre les Palestiniens\"}]},{\"@type\":\"WebSite\",\"@id\":\"https:\\\/\\\/charleroi-pourlapalestine.be\\\/#website\",\"url\":\"https:\\\/\\\/charleroi-pourlapalestine.be\\\/\",\"name\":\"Charleroi Pour la Palestine\",\"description\":\"\",\"publisher\":{\"@id\":\"https:\\\/\\\/charleroi-pourlapalestine.be\\\/#organization\"},\"potentialAction\":[{\"@type\":\"SearchAction\",\"target\":{\"@type\":\"EntryPoint\",\"urlTemplate\":\"https:\\\/\\\/charleroi-pourlapalestine.be\\\/?s={search_term_string}\"},\"query-input\":{\"@type\":\"PropertyValueSpecification\",\"valueRequired\":true,\"valueName\":\"search_term_string\"}}],\"inLanguage\":\"fr-FR\"},{\"@type\":\"Organization\",\"@id\":\"https:\\\/\\\/charleroi-pourlapalestine.be\\\/#organization\",\"name\":\"Plate-forme Charleroi-Palestine\",\"url\":\"https:\\\/\\\/charleroi-pourlapalestine.be\\\/\",\"logo\":{\"@type\":\"ImageObject\",\"inLanguage\":\"fr-FR\",\"@id\":\"https:\\\/\\\/charleroi-pourlapalestine.be\\\/#\\\/schema\\\/logo\\\/image\\\/\",\"url\":\"https:\\\/\\\/charleroi-pourlapalestine.be\\\/wp-content\\\/uploads\\\/2020\\\/01\\\/logo-Copy.jpg\",\"contentUrl\":\"https:\\\/\\\/charleroi-pourlapalestine.be\\\/wp-content\\\/uploads\\\/2020\\\/01\\\/logo-Copy.jpg\",\"width\":180,\"height\":180,\"caption\":\"Plate-forme Charleroi-Palestine\"},\"image\":{\"@id\":\"https:\\\/\\\/charleroi-pourlapalestine.be\\\/#\\\/schema\\\/logo\\\/image\\\/\"},\"sameAs\":[\"https:\\\/\\\/www.facebook.com\\\/PlateformeCharleroiPalestine\\\/\",\"https:\\\/\\\/x.com\\\/LaCharleroi\"]},{\"@type\":\"Person\",\"@id\":\"https:\\\/\\\/charleroi-pourlapalestine.be\\\/#\\\/schema\\\/person\\\/c19ff515112f1299d8c12671d8fe3faa\",\"name\":\"admin1873\",\"url\":\"https:\\\/\\\/charleroi-pourlapalestine.be\\\/index.php\\\/author\\\/admin1873\\\/\"}]}<\/script>\n<!-- \/ Yoast SEO plugin. -->","yoast_head_json":{"title":"T\u00e9moignage : Un autre pogrom horrible contre les Palestiniens","description":"Le t\u00e9moignage poignant de Yuval Abraham, activiste isra\u00e9lien, pr\u00e9sent dans le village Mufaqara, dans le sud des collines de H\u00e9bron, au moment du pogrom","robots":{"index":"index","follow":"follow","max-snippet":"max-snippet:-1","max-image-preview":"max-image-preview:large","max-video-preview":"max-video-preview:-1"},"canonical":"https:\/\/charleroi-pourlapalestine.be\/index.php\/2021\/09\/29\/temoignage-un-autre-pogrom-horrible-contre-les-palestiniens\/","schema":{"@context":"https:\/\/schema.org","@graph":[{"@type":"Article","@id":"https:\/\/charleroi-pourlapalestine.be\/index.php\/2021\/09\/29\/temoignage-un-autre-pogrom-horrible-contre-les-palestiniens\/#article","isPartOf":{"@id":"https:\/\/charleroi-pourlapalestine.be\/index.php\/2021\/09\/29\/temoignage-un-autre-pogrom-horrible-contre-les-palestiniens\/"},"author":{"name":"admin1873","@id":"https:\/\/charleroi-pourlapalestine.be\/#\/schema\/person\/c19ff515112f1299d8c12671d8fe3faa"},"headline":"T\u00e9moignage : Un autre pogrom horrible contre les Palestiniens","datePublished":"2021-09-29T16:57:42+00:00","dateModified":"2023-03-01T09:34:20+00:00","mainEntityOfPage":{"@id":"https:\/\/charleroi-pourlapalestine.be\/index.php\/2021\/09\/29\/temoignage-un-autre-pogrom-horrible-contre-les-palestiniens\/"},"wordCount":1567,"publisher":{"@id":"https:\/\/charleroi-pourlapalestine.be\/#organization"},"image":{"@id":"https:\/\/charleroi-pourlapalestine.be\/index.php\/2021\/09\/29\/temoignage-un-autre-pogrom-horrible-contre-les-palestiniens\/#primaryimage"},"thumbnailUrl":"https:\/\/charleroi-pourlapalestine.be\/wp-content\/uploads\/2021\/09\/Pogrom-e1632933852586.jpeg","articleSection":["Cisjordanie","L'Etat colonial","Nettoyage ethnique","Occupation","pogroms"],"inLanguage":"fr-FR"},{"@type":"WebPage","@id":"https:\/\/charleroi-pourlapalestine.be\/index.php\/2021\/09\/29\/temoignage-un-autre-pogrom-horrible-contre-les-palestiniens\/","url":"https:\/\/charleroi-pourlapalestine.be\/index.php\/2021\/09\/29\/temoignage-un-autre-pogrom-horrible-contre-les-palestiniens\/","name":"T\u00e9moignage : Un autre pogrom horrible contre les Palestiniens","isPartOf":{"@id":"https:\/\/charleroi-pourlapalestine.be\/#website"},"primaryImageOfPage":{"@id":"https:\/\/charleroi-pourlapalestine.be\/index.php\/2021\/09\/29\/temoignage-un-autre-pogrom-horrible-contre-les-palestiniens\/#primaryimage"},"image":{"@id":"https:\/\/charleroi-pourlapalestine.be\/index.php\/2021\/09\/29\/temoignage-un-autre-pogrom-horrible-contre-les-palestiniens\/#primaryimage"},"thumbnailUrl":"https:\/\/charleroi-pourlapalestine.be\/wp-content\/uploads\/2021\/09\/Pogrom-e1632933852586.jpeg","datePublished":"2021-09-29T16:57:42+00:00","dateModified":"2023-03-01T09:34:20+00:00","description":"Le t\u00e9moignage poignant de Yuval Abraham, activiste isra\u00e9lien, pr\u00e9sent dans le village Mufaqara, dans le sud des collines de H\u00e9bron, au moment du pogrom","breadcrumb":{"@id":"https:\/\/charleroi-pourlapalestine.be\/index.php\/2021\/09\/29\/temoignage-un-autre-pogrom-horrible-contre-les-palestiniens\/#breadcrumb"},"inLanguage":"fr-FR","potentialAction":[{"@type":"ReadAction","target":["https:\/\/charleroi-pourlapalestine.be\/index.php\/2021\/09\/29\/temoignage-un-autre-pogrom-horrible-contre-les-palestiniens\/"]}]},{"@type":"ImageObject","inLanguage":"fr-FR","@id":"https:\/\/charleroi-pourlapalestine.be\/index.php\/2021\/09\/29\/temoignage-un-autre-pogrom-horrible-contre-les-palestiniens\/#primaryimage","url":"https:\/\/charleroi-pourlapalestine.be\/wp-content\/uploads\/2021\/09\/Pogrom-e1632933852586.jpeg","contentUrl":"https:\/\/charleroi-pourlapalestine.be\/wp-content\/uploads\/2021\/09\/Pogrom-e1632933852586.jpeg","width":569,"height":320},{"@type":"BreadcrumbList","@id":"https:\/\/charleroi-pourlapalestine.be\/index.php\/2021\/09\/29\/temoignage-un-autre-pogrom-horrible-contre-les-palestiniens\/#breadcrumb","itemListElement":[{"@type":"ListItem","position":1,"name":"Accueil","item":"https:\/\/charleroi-pourlapalestine.be\/"},{"@type":"ListItem","position":2,"name":"T\u00e9moignage : Un autre pogrom horrible contre les Palestiniens"}]},{"@type":"WebSite","@id":"https:\/\/charleroi-pourlapalestine.be\/#website","url":"https:\/\/charleroi-pourlapalestine.be\/","name":"Charleroi Pour la Palestine","description":"","publisher":{"@id":"https:\/\/charleroi-pourlapalestine.be\/#organization"},"potentialAction":[{"@type":"SearchAction","target":{"@type":"EntryPoint","urlTemplate":"https:\/\/charleroi-pourlapalestine.be\/?s={search_term_string}"},"query-input":{"@type":"PropertyValueSpecification","valueRequired":true,"valueName":"search_term_string"}}],"inLanguage":"fr-FR"},{"@type":"Organization","@id":"https:\/\/charleroi-pourlapalestine.be\/#organization","name":"Plate-forme Charleroi-Palestine","url":"https:\/\/charleroi-pourlapalestine.be\/","logo":{"@type":"ImageObject","inLanguage":"fr-FR","@id":"https:\/\/charleroi-pourlapalestine.be\/#\/schema\/logo\/image\/","url":"https:\/\/charleroi-pourlapalestine.be\/wp-content\/uploads\/2020\/01\/logo-Copy.jpg","contentUrl":"https:\/\/charleroi-pourlapalestine.be\/wp-content\/uploads\/2020\/01\/logo-Copy.jpg","width":180,"height":180,"caption":"Plate-forme Charleroi-Palestine"},"image":{"@id":"https:\/\/charleroi-pourlapalestine.be\/#\/schema\/logo\/image\/"},"sameAs":["https:\/\/www.facebook.com\/PlateformeCharleroiPalestine\/","https:\/\/x.com\/LaCharleroi"]},{"@type":"Person","@id":"https:\/\/charleroi-pourlapalestine.be\/#\/schema\/person\/c19ff515112f1299d8c12671d8fe3faa","name":"admin1873","url":"https:\/\/charleroi-pourlapalestine.be\/index.php\/author\/admin1873\/"}]}},"_links":{"self":[{"href":"https:\/\/charleroi-pourlapalestine.be\/index.php\/wp-json\/wp\/v2\/posts\/30314","targetHints":{"allow":["GET"]}}],"collection":[{"href":"https:\/\/charleroi-pourlapalestine.be\/index.php\/wp-json\/wp\/v2\/posts"}],"about":[{"href":"https:\/\/charleroi-pourlapalestine.be\/index.php\/wp-json\/wp\/v2\/types\/post"}],"author":[{"embeddable":true,"href":"https:\/\/charleroi-pourlapalestine.be\/index.php\/wp-json\/wp\/v2\/users\/1"}],"replies":[{"embeddable":true,"href":"https:\/\/charleroi-pourlapalestine.be\/index.php\/wp-json\/wp\/v2\/comments?post=30314"}],"version-history":[{"count":0,"href":"https:\/\/charleroi-pourlapalestine.be\/index.php\/wp-json\/wp\/v2\/posts\/30314\/revisions"}],"wp:featuredmedia":[{"embeddable":true,"href":"https:\/\/charleroi-pourlapalestine.be\/index.php\/wp-json\/wp\/v2\/media\/30332"}],"wp:attachment":[{"href":"https:\/\/charleroi-pourlapalestine.be\/index.php\/wp-json\/wp\/v2\/media?parent=30314"}],"wp:term":[{"taxonomy":"category","embeddable":true,"href":"https:\/\/charleroi-pourlapalestine.be\/index.php\/wp-json\/wp\/v2\/categories?post=30314"},{"taxonomy":"post_tag","embeddable":true,"href":"https:\/\/charleroi-pourlapalestine.be\/index.php\/wp-json\/wp\/v2\/tags?post=30314"}],"curies":[{"name":"wp","href":"https:\/\/api.w.org\/{rel}","templated":true}]}}