{"id":30517,"date":"2021-10-04T19:41:34","date_gmt":"2021-10-04T17:41:34","guid":{"rendered":"https:\/\/charleroi-pourlapalestine.be\/?p=30517"},"modified":"2021-10-04T19:52:18","modified_gmt":"2021-10-04T17:52:18","slug":"cisjordanie-il-reste-des-braises-sous-la-cendre","status":"publish","type":"post","link":"https:\/\/charleroi-pourlapalestine.be\/index.php\/2021\/10\/04\/cisjordanie-il-reste-des-braises-sous-la-cendre\/","title":{"rendered":"Cisjordanie : Il reste des braises, sous la cendre\u2026"},"content":{"rendered":"<p>La Cisjordanie occup\u00e9e a beau avoir \u00e9t\u00e9 la derni\u00e8re r\u00e9gion palestinienne \u00e0 rallier le soul\u00e8vement populaire massif contre les expulsions de Sheikh Jarrah en mai dernier, elle reste n\u00e9anmoins aujourd\u2019hui la seule r\u00e9gion o\u00f9 les protestations de r\u00e9sistance continuent \u00e0 flamber. Aujourd\u2019hui, la <strong>Cisjordanie<\/strong> est un <strong><em>\u00ab&nbsp;lion endormi&nbsp;\u00bb<\/em><\/strong> sur le point de s\u2019\u00e9veiller apr\u00e8s des d\u00e9cennies de l\u00e9thargie. D\u00e9sormais, sa jeunesse palestinienne rejette ouvertement l\u2019<strong>Autorit\u00e9 palestinienne<\/strong> et la tra\u00eetrise du <em>\u00ab&nbsp;processus de paix&nbsp;\u00bb<\/em> arabe \u2013 de sorte qu\u2019elle engage directement, dans la rue m\u00eame, le combat contre l\u2019occupation isra\u00e9lienne, recourant ainsi au m\u00eame mod\u00e8le de r\u00e9sistance que celui de <strong>Gaza.<\/strong><\/p>\n<div id=\"attachment_30519\" style=\"width: 686px\" class=\"wp-caption aligncenter\"><img loading=\"lazy\" decoding=\"async\" aria-describedby=\"caption-attachment-30519\" class=\"wp-image-30519 size-full\" src=\"https:\/\/charleroi-pourlapalestine.be\/wp-content\/uploads\/2021\/10\/The-Cradle-e1633351331650.jpeg\" alt=\"D\u00e9\u00e7us par l\u2019Autorit\u00e9 palestinienne et par des d\u00e9cennies de \u00ab&nbsp;processus de paix&nbsp;\u00bb futile, les Palestiniens de la Cisjordanie occup\u00e9e se tournent vers la r\u00e9sistance comme seule alternative disponible. (Photo&nbsp;: The Cradle)\" width=\"676\" height=\"320\"><p id=\"caption-attachment-30519\" class=\"wp-caption-text\">D\u00e9\u00e7us par l\u2019Autorit\u00e9 palestinienne et par des d\u00e9cennies de \u00ab&nbsp;processus de paix&nbsp;\u00bb futile, les Palestiniens de la Cisjordanie occup\u00e9e se tournent vers la r\u00e9sistance comme seule alternative disponible. (Photo&nbsp;: The Cradle)<\/p><\/div>\n<p><strong>Abdelrahman Nassar,<\/strong> 27 septembre 2021<\/p>\n<p>La <strong>Cisjordanie occup\u00e9e<\/strong> a beau avoir \u00e9t\u00e9 la derni\u00e8re r\u00e9gion palestinienne \u00e0 rallier le soul\u00e8vement populaire massif contre les expulsions de <strong>Sheikh Jarrah<\/strong> en mai dernier, elle reste n\u00e9anmoins aujourd\u2019hui la seule r\u00e9gion o\u00f9 les protestations de r\u00e9sistance continuent \u00e0 flamber.<\/p>\n<p>Sept jours apr\u00e8s le d\u00e9clenchement des affrontements, le 7 mai 2021, l\u2019implication de la<strong> Cisjordanie<\/strong> \u00e9tait rest\u00e9e mod\u00e9r\u00e9e. La surprise est venue quand les Palestiniens r\u00e9sidant dans les territoires occup\u00e9s en 1948 se sont dress\u00e9s afin de d\u00e9fendre la mosqu\u00e9e <strong>Al-Aqsa<\/strong>, organisant d\u2019abord des marches, puis passant \u00e0 des confrontations directes avec les forces isra\u00e9liennes. Ensuite, les factions de r\u00e9sistance de la bande de <strong>Gaza<\/strong> se sont lanc\u00e9es dans un combat majeur, associant directement le sort de <strong>J\u00e9rusalem<\/strong> \u00e0 celui de <strong>Gaza<\/strong> et ce, pour la premi\u00e8re fois depuis la fin de la<strong> Seconde Intifada.<\/strong><\/p>\n<p>Ce n\u2019est que le 14 mai 2021, le <em>\u00ab&nbsp;vendredi de la col\u00e8re&nbsp;\u00bb,<\/em> que la <strong>Cisjordanie<\/strong> a ralli\u00e9 la m\u00eal\u00e9e. Ce seul jour, plus de deux cents heurts ont eu lieu dans tout le pays \u2013 des confrontations qui se poursuivent encore quotidiennement, bien que leur nombre diminue progressivement, passant \u00e0 80 environ, puis \u00e0 20 par jour.<\/p>\n<p><em>\u00ab&nbsp;Le lion endormi&nbsp;\u00bb<\/em>, une expression utilis\u00e9e par feu le pr\u00e9sident palestinien Y<strong>asser Arafat<\/strong> pour d\u00e9crire<strong> H\u00e9bron<\/strong>, la ville chaude du sud de la Palestine, convient tout aussi bien aujourd\u2019hui pour d\u00e9signer l\u2019ensemble de la <strong>Cisjordanie.&nbsp;&nbsp;<\/strong><\/p>\n<p>Avant de discuter des raisons de cette dichotomie de la <strong>Cisjordanie<\/strong> \u2013 tout d\u2019abord, le retard de sa r\u00e9action, ensuite, ses embrasements continuels \u2013, il convient de faire remarquer que, pour l\u2019arm\u00e9e isra\u00e9lienne d\u2019occupation, qui approche la <strong>Palestine<\/strong> sous un angle uniquement militaire et s\u00e9curitaire, ce nouveau d\u00e9veloppement constitue un dilemme.<\/p>\n<p>Bien que le nombre d\u2019op\u00e9rations arm\u00e9es des Palestiniens soit consid\u00e9rablement plus bas que durant le soul\u00e8vement d\u2019<strong>Al-Aqsa<\/strong> des ann\u00e9es 2000-2005 (la <strong>Seconde Intifada<\/strong>), l\u2019arm\u00e9e, d\u2019un jour \u00e0 l\u2019autre, a \u00e9t\u00e9 bien davantage pr\u00e9occup\u00e9e de g\u00e9rer de nombreuses confrontations sur divers fronts, alors que les services de s\u00e9curit\u00e9 dirig\u00e9s par le <strong>Shin Bet<\/strong> et op\u00e9rant en <strong>Cisjordanie<\/strong> sont obs\u00e9d\u00e9s par les <em>\u00ab&nbsp;pires issues possibles&nbsp;\u00bb.<\/em><\/p>\n<p>Aucune des solutions r\u00e9cemment propos\u00e9es en vue d\u2019att\u00e9nuer ces escalades \u2013 l\u2019activit\u00e9 du renseignement politique chez les Am\u00e9ricains, la relance \u00e9conomique de l\u2019<strong>Autorit\u00e9 palestinienne (AP),<\/strong> l\u2019initiative \u00e9gyptienne en vue de reprendre les n\u00e9gociations, ou les concessions limit\u00e9es de la part des Isra\u00e9liens \u2013 ne sont parvenues \u00e0 r\u00e9duire le pessimisme dominant au sein des milieux d\u00e9cisionnels isra\u00e9liens \u00e0 propos de la r\u00e9surgence politique de la<strong> Cisjordanie<\/strong>. Et c\u2019est ainsi que la situation reste charg\u00e9e de tension.<\/p>\n<p>Le dernier exemple a \u00e9t\u00e9 <strong>l\u2019\u00e9vasion de six d\u00e9tenus palestiniens d\u2019une prison isra\u00e9lienne.<\/strong> Deux ont cherch\u00e9 refuge \u00e0 <strong>J\u00e9nine<\/strong>, la ville rebelle de Cisjordanie souvent cit\u00e9e comme <em>\u00ab&nbsp;nid de frelons&nbsp;\u00bb<\/em> par ses occupants. En raison de leur pass\u00e9 punitif avec<strong> J\u00e9nine<\/strong>, les Isra\u00e9liens ont \u00e9t\u00e9 forc\u00e9s de r\u00e9primer leur impulsion normale \u00e0 vouloir y intervenir directement et ils ont d\u00fb se tourner vers les autorit\u00e9s palestiniennes pour qu\u2019elles les aident et leur \u00e9viter d\u2019\u00eatre aspir\u00e9s une fois de plus dans ce nouveau bourbier militaire que serait le camp de r\u00e9fugi\u00e9s de J\u00e9nine, une ic\u00f4ne de la r\u00e9sistance palestinienne depuis 2002.<\/p>\n<p>Selon certaines sources, l\u2019A<strong>P<\/strong> a travaill\u00e9 avec les dirigeants du<strong> Fatah<\/strong> pour convaincre les deux derniers \u00e9vad\u00e9s, <strong>Ayham Nayef Kamamji et Munadel Nufay\u2019at<\/strong>, de quitter le <strong>camp de J\u00e9nine<\/strong> et de prendre le chemin de la ville afin d\u2019\u00e9viter un potentiel massacre de Palestiniens du camp par les Isra\u00e9liens. C\u2019est tout de suite apr\u00e8s que les deux hommes ont \u00e9t\u00e9 captur\u00e9s par les forces isra\u00e9liennes d\u2019occupation.<\/p>\n<p>&nbsp;<\/p>\n<h3>Le retard de la Cisjordanie et ses protestations continues<\/h3>\n<p>Pourquoi la <strong>Cisjordanie<\/strong> a-t-elle mis du temps avant de rallier les protestations de r\u00e9sistance en mai&nbsp;? Et pourquoi ces protestations continuent-elles \u00e0 s\u2019y manifester&nbsp;? D\u2019abord, il importe de comprendre que la <strong>Cisjordanie<\/strong> n\u2019a jamais \u00e9t\u00e9 un endroit paisible, ces derni\u00e8res ann\u00e9es, comme la question semblerait le sugg\u00e9rer.<\/p>\n<p>Au contraire, <strong>depuis 2015, les braises qui couvaient nagu\u00e8re sous la cendre se sont raviv\u00e9es<\/strong>. \u00c0 l\u2019\u00e9poque, <strong>Omar Dia Talahmeh,<\/strong> le tout jeune ing\u00e9nieur pr\u00e9sent\u00e9 comme l\u2019initiateur de l\u2019<strong>intifada Al-Quds<\/strong>, n\u2019avait que 20 ans. <strong>Talahmeh<\/strong> soutenait l\u2019axe de la r\u00e9sistance et il \u00e9tait membre du <strong>Comit\u00e9 de soutien \u00e0 la Syrie<\/strong> \u00e0 l\u2019int\u00e9rieur de la Palestine. Bien des photos de lui ont \u00e9t\u00e9 publi\u00e9es sur lesquelles on le voit afficher un portrait du secr\u00e9taire g\u00e9n\u00e9ral du<strong> Hezbollah, Hassan Nasrallah.<\/strong> S\u2019inspirant peut-\u00eatre des op\u00e9rations de la r\u00e9sistance islamique au <strong>Liban<\/strong> dans les ann\u00e9es 1990, <strong>Talahmeh<\/strong> avait pr\u00e9par\u00e9 une embuscade en se servant de petits engins locaux appel\u00e9s <em>\u00ab&nbsp;coudes&nbsp;\u00bb<\/em> explosifs contre une patrouille isra\u00e9lienne \u00e0 <strong>H\u00e9bron<\/strong> et il avait perdu la vie dans l\u2019op\u00e9ration. Le 22 septembre de cette ann\u00e9e marquait le 6e anniversaire de son martyre.<\/p>\n<p>Le tir fatal qui avait tu\u00e9 <strong>Talahmeh<\/strong> fut bient\u00f4t suivi d\u2019un autre d\u00e9c\u00e8s, celui de l\u2019ami de Talahmeh, <strong>Muhannad Halabi<\/strong>, lui aussi \u00e2g\u00e9 de 20 ans, abattu et tu\u00e9 apr\u00e8s qu\u2019il avait tu\u00e9 et bless\u00e9 plusieurs soldats de l\u2019occupation isra\u00e9lienne \u00e0<strong> J\u00e9rusalem,<\/strong> ce qui avait d\u00e9clench\u00e9 des agressions similaires qui se poursuivent toujours aujourd\u2019hui.<\/p>\n<p>De tels actes de r\u00e9sistance ont \u00e9t\u00e9 particuli\u00e8rement fr\u00e9quents entre 2015 et 2018, mais leur nombre a diminu\u00e9 apr\u00e8s 2019 en raison de la r\u00e9pression exerc\u00e9e par l\u2019<strong>Autorit\u00e9 palestinienne (AP)<\/strong> et par les renseignements isra\u00e9liens.<\/p>\n<p>Apr\u00e8s cela, m\u00eame les plans du<strong> <em>\u00ab&nbsp;deal du si\u00e8cle&nbsp;\u00bb<\/em><\/strong> en vue d\u2019annexer la Cisjordanie, propos\u00e9s par l\u2019ancien pr\u00e9sident am\u00e9ricain <strong>Donald Trump<\/strong> et l\u2019ancien Premier ministre isra\u00e9lien <strong>Benjamin Netanyahu<\/strong> \u2013 un accord dont on s\u2019attendait \u00e0 ce qu\u2019il rallume la Cisjordanie \u2013 ne se traduisit pas par de nouveaux actes de r\u00e9sistance, comme l\u2019avaient pr\u00e9vu les services de s\u00e9curit\u00e9 isra\u00e9liens.<\/p>\n<p><strong>Tout changea en 2021<\/strong>. Juste avant l\u2019entr\u00e9e du pr\u00e9sident <strong>Joe Biden<\/strong> \u00e0 la Maison-Blanche, Netanyahou tenta de maximaliser les fruits du travail de Trump avant de quitter lui-m\u00eame le pouvoir, laissant ainsi le pr\u00e9sident <strong>Mahmoud Abbas et l\u2019AP<\/strong> se d\u00e9battre pour leur propre survie.<\/p>\n<p>Bien qu\u2019il y ait eu une l\u00e9g\u00e8re am\u00e9lioration dans le discours officiel palestinien durant ces trois ann\u00e9es interm\u00e9diaires, la confiance avait compl\u00e8tement disparu entre la nouvelle g\u00e9n\u00e9ration repr\u00e9sent\u00e9e par <strong>Talahmeh et Halabi,<\/strong> d\u2019une part, et <strong>la classe dirigeante de l\u2019AP<\/strong>, dont la r\u00e9putation s\u2019\u00e9tait fortement ternie sur les plans politique et \u00e9conomique, d\u2019autre part. Aujourd\u2019hui, en effet, on pourrait pr\u00e9tendre qu\u2019il n\u2019y a litt\u00e9ralement aucun point de convergence entre le discours de l\u2019AP et ce que pensent ces jeunes Palestiniens.<\/p>\n<p>N\u00e9anmoins, l\u2019<strong>AP<\/strong> b\u00e9n\u00e9ficie toujours d\u2019un environnement de crainte qui pr\u00e9vaut parmi les g\u00e9n\u00e9rations plus \u00e2g\u00e9es \u2013<strong> les g\u00e9n\u00e9rations d\u2019Oslo et d\u2019avant Oslo<\/strong> \u2013 qui ont assist\u00e9 \u00e0 une s\u00e9rie d\u2019\u00e9checs dans la <strong>Seconde Intifada<\/strong> et ces \u00e9checs ne les ont pas du tout incit\u00e9es \u00e0 r\u00e9p\u00e9ter l\u2019exp\u00e9rience.<\/p>\n<p>Le facteur<em> \u00ab&nbsp;crainte&nbsp;\u00bb<\/em> peut fournir une r\u00e9ponse aux deux questions ci-dessus. Le retard de la Cisjordanie pour rallier les protestations \u00e9tait d\u00fb \u00e0 <strong>la crainte de la g\u00e9n\u00e9ration plus ancienne de r\u00e9p\u00e9ter les erreurs et d\u2019en arriver aux m\u00eames impasses.<\/strong> Les flamb\u00e9es de protestation en cours, par ailleurs, sont dues au fait que ceux qui dirigent les confrontations actuelles ne sont pas affect\u00e9s par ce pessimisme.<\/p>\n<p>&nbsp;<\/p>\n<h3>Washington tente de sauver Ramallah<\/h3>\n<p><em>The Cradle<\/em> a interview\u00e9 plusieurs cadres du <strong>Fatah<\/strong> dans des villes de <strong>Cisjordanie.<\/strong> La plupart se sont r\u00e9v\u00e9l\u00e9s mal \u00e0 l\u2019aise \u00e0 propos du comportement de la <strong>direction du Fatah<\/strong> et tout particuli\u00e8rement quant \u00e0 celle du chef de l\u2019AP, des forces arm\u00e9es palestiniennes et de l\u2019OLP, <strong>Mahmoud Abbas,<\/strong> qui exerce tout seul le contr\u00f4le sur les processus d\u00e9cisionnels.<\/p>\n<p><strong>Abbas<\/strong> dirige le jeu politique d\u2019une fa\u00e7on archa\u00efque et obsol\u00e8te, disent certains de ces cadres. D\u2019autres rappellent <strong>Arafat<\/strong> avec ferveur, particuli\u00e8rement \u00e0 la fin de sa vie, quand il \u00e9tait repass\u00e9 \u00e0 l\u2019action arm\u00e9e. Les personnes interview\u00e9es ne voient aucun espoir de changement en <strong>Cisjordanie<\/strong> tant qu\u2019<strong>Abbas<\/strong> tiendra les r\u00eanes du pouvoir. En lieu et place, ils per\u00e7oivent leur pr\u00e9sident de 85 ans comme quelqu\u2019un qui, bizarrement, ne se lasse pas d\u2019<em>\u00ab&nbsp;exp\u00e9rimenter avec des gens exp\u00e9riment\u00e9s&nbsp;\u00bb<\/em>, un choix qui a d\u00e9bouch\u00e9 sur une s\u00e9rie de d\u00e9parts et de d\u00e9missions, particuli\u00e8rement parmi la <strong>Jeunesse du Fatah,<\/strong> le bras estudiantin du parti.<\/p>\n<p>Nombre de ces cadres constatent que leur mouvement perd trop de terrain sur le <strong>Hamas<\/strong> et le <strong>Djihad islamique<\/strong>, qui sont de plus en plus populaires et dont la forte r\u00e9sistance et l\u2019opposition \u00e0 l\u2019occupation sont devenues une source d\u2019inspiration pour les jeunes de <strong>Cisjordanie<\/strong> qui d\u00e9sirent aujourd\u2019hui se confronter aux forces de l\u2019occupation.<\/p>\n<p>La g\u00e9n\u00e9ration qui affronte aujourd\u2019hui l\u2019arm\u00e9e \u00e0 coups de pierres est surtout constitu\u00e9 d\u2019enfants du mill\u00e9naires, n\u00e9s apr\u00e8s l\u2019an 2000. Ils n\u2019ont aucun lien organisationnel avec l\u2019un ou l\u2019autre des deux mouvements islamiques mais certains d\u2019entre eux reconnaissent qu\u2019ils puisent leur inspiration dans le <em><strong>\u00ab&nbsp;mod\u00e8le de Gaza&nbsp;\u00bb,<\/strong><\/em> ainsi que dans les nouvelles confrontations arm\u00e9es apparaissant \u00e0<strong> J\u00e9nine, Tubas et Salfit,<\/strong> dans le nord de la <strong>Cisjordanie.<\/strong><\/p>\n<p>De r\u00e9cents sondages d\u2019opinion appuient le point de vue des cadres du <strong>Fatah<\/strong>. Les derniers sondages, men\u00e9s par les centres de recherche palestiniens \u00e0 la demande des <strong>\u00c9tats-Unis<\/strong>, qui les a \u00e9galement financ\u00e9s, confirment que tant la popularit\u00e9 de Fatah que le soutien public \u00e0 l\u2019AP ont d\u00e9gringol\u00e9 et que le<strong> Fatah<\/strong> perdrait de fa\u00e7on retentissante les \u00e9lections prochaines s\u2019il y participait. Voici quelques jours, le <em>Centre palestinien de recherche sur la politique et les enqu\u00eates<\/em>, install\u00e9 en Cisjordanie, a organis\u00e9 un nouveau sondage qui a r\u00e9v\u00e9l\u00e9 que 80 pour 100 des Palestiniens interrog\u00e9s veulent qu\u2019<strong>Abbas s\u2019en aille<\/strong>, dans le m\u00eame temps que 45 pour 100 veulent que ce soit <strong>le Hamas<\/strong> qui les dirige.<\/p>\n<p>La disparit\u00e9 des chiffres entre ce qui pr\u00e9c\u00e8de et le pr\u00e9c\u00e9dent sondage du centre de recherche peut \u00eatre reli\u00e9e directement \u00e0 la mort violente de l\u2019activiste de l\u2019opposition <a href=\"https:\/\/charleroi-pourlapalestine.be\/index.php\/2021\/06\/30\/le-meurtre-de-nizar-banat-pourquoi-les-jours-de-lap-sont-comptes\/\"><strong>Nizar Banat<\/strong> <\/a>(de H\u00e9bron) lors de son arrestation par l\u2019<strong>AP<\/strong>. Deux tiers des personnes interrog\u00e9es aujourd\u2019hui croient que la mort de <strong>Banat<\/strong> \u00e9tait intentionnelle et elles soutiennent les manifestations <strong>hostiles \u00e0 l\u2019AP<\/strong> qui ont eu lieu dans la foul\u00e9e et qui ont d\u00e9clench\u00e9 de nouvelles actions de r\u00e9pression contre les Palestiniens de Cisjordanie. <strong>Khalil Shikaki,<\/strong> le directeur du centre de recherche, a d\u00e9crit le r\u00e9sultat du sondage comme <em>\u00ab&nbsp;le pire que nous ayons jamais vu pour le pr\u00e9sident. Il n\u2019a jamais \u00e9t\u00e9 dans une situation pire qu\u2019aujourd\u2019hui.&nbsp;\u00bb<\/em><\/p>\n<p>Les agences am\u00e9ricaines int\u00e9ress\u00e9es, dirig\u00e9es par l\u2019envoy\u00e9 am\u00e9ricain d\u2019origine palestinienne<strong> Hadi Amr<\/strong>, relev\u00e8rent ce comportement, qui n\u2019\u00e9chappa pas non plus aux agences am\u00e9ricaines de s\u00e9curit\u00e9 et de renseignement, dont la <strong>CIA<\/strong> tout sp\u00e9cialement. Elles se m\u00e9fiaient des intentions isra\u00e9liennes visant \u00e0 permettre l\u2019effondrement de l<strong>\u2019AP<\/strong>, surtout pendant la p\u00e9riode<strong> Netanyahou<\/strong>. L\u2019actuel Premier ministre <strong>Naftali Bennett<\/strong> semble totalement indiff\u00e9rent vis-\u00e0-vis de cette question, alors que le ministre de la D\u00e9fense <strong>Benny Gantz,<\/strong> celui des Affaires \u00e9trang\u00e8res,<strong> Yair Lapid<\/strong> et, jusqu\u2019\u00e0 un certain point, celui des Finances, <strong>Avigdor Lieberman<\/strong> s\u2019av\u00e8rent plus pr\u00e9occup\u00e9s de ce que pourrait entra\u00eener le fait de laisser l\u2019AP affronter son propre sort. &nbsp;<\/p>\n<p>La visite r\u00e9cente du<strong> roi de Jordanie Abdallah<\/strong> \u00e0 Washington et les appels t\u00e9l\u00e9phoniques du pr\u00e9sident \u00e9gyptien<strong> Abdel Fattah Sisi<\/strong> au pr\u00e9sident Joe Biden n\u2019ont fait que renforcer ces pr\u00e9occupations.<\/p>\n<p>Une nouvelle approche \u00e9tait n\u00e9cessaire. Sous les pressions de<strong> Washington<\/strong>,<strong> Isra\u00ebl<\/strong> r\u00e9tablit<strong> le r\u00f4le s\u00e9curitaire fonctionnel de l\u2019AP<\/strong> dans la sauvegarde de sa s\u00e9curit\u00e9 (\u00e0 Isra\u00ebl), si pas de sa propre existence. Mais il n\u2019allait pas supprimer d\u2019autres mesures affaiblissantes, comme sa mainmise sur les fonds \u00e9manant des taxes palestiniennes, qui est la cause m\u00eame de la crise \u00e9conomique actuelle en Palestine. En lieu et place, <strong>Isra\u00ebl<\/strong> d\u00e9cida de compenser la perte des fonds palestiniens vitaux en introduisant ses <em>\u00ab&nbsp;pr\u00eats&nbsp;\u00bb <\/em>et son<em> \u00ab&nbsp;aide&nbsp;\u00bb <\/em>\u00e0<strong> Ramallah<\/strong> mais, cette fois, selon ses propres conditions. &nbsp;<\/p>\n<p>L\u2019<strong>\u00c9gypte<\/strong>, pendant ce temps, essayait de r\u00e9unir <strong>Abbas et Bennett<\/strong> pour une s\u00e9ance photo, mais le projet n\u2019aboutit pas car, selon des sources du Caire, Bennett avait insist\u00e9 \u2013 lors de sa rencontre avec Sisi \u00e0 Sharm El-Sheikh \u2013 pour que l\u2019on s\u2019abstienne de tout geste susceptible de ressembler \u00e0 un <em>\u00ab&nbsp;processus politique&nbsp;\u00bb<\/em>. <strong>Bennett<\/strong> craint que m\u00eame une allusion \u00e0 un copinage diplomatique avec le dirigeant de l\u2019<strong>AP<\/strong> ne puisse aboutir \u00e0 son d\u00e9boulonnage par des membres de son propre gouvernement encore plus \u00e0 droite que lui. \u00c0 son grand d\u00e9plaisir, le ministre de la <strong>D\u00e9fense, Gantz<\/strong>, rencontra <strong>Abbas<\/strong> publiquement, violant ainsi la d\u00e9cision de Bennett de garder secr\u00e8tes les rencontres avec Abbas, alors que ce dernier, sans affectation, exprima le d\u00e9sir de rencontrer ensuite le ministre isra\u00e9lien des Affaires \u00e9trang\u00e8res, <strong>Lapid.<\/strong><\/p>\n<p>&nbsp;<\/p>\n<h3>Les jeunes de Cisjordanie ont choisi la <em>\u00ab&nbsp;r\u00e9sistance&nbsp;\u00bb<\/em><\/h3>\n<p>En tout cas, les r\u00e9alit\u00e9s \u00e9mergentes en Cisjordanie ont exig\u00e9 qu\u2019\u00e0 la fois l\u2019AP et Isra\u00ebl gardent un certain calme et s\u2019accordent un peu plus de temps. Mais ces plans r\u00e9ussiront-ils, ou vont-ils \u00eatre confront\u00e9s au m\u00eame sort que le mal nomm\u00e9 <em>\u00ab&nbsp;deal du si\u00e8cle&nbsp;\u00bb<\/em>&nbsp;?<\/p>\n<p>La r\u00e9ponse \u00e0 cette question commence et se termine par un regard superficiel sur ce qui se passe quotidiennement en<strong> Cisjordanie<\/strong>&nbsp;: <strong>des confrontations \u00e9clatent r\u00e9guli\u00e8remen<\/strong>t parce qu\u2019Isra\u00ebl insiste pour faire avancer \u00e0 tout prix ses projets de colonies ill\u00e9gales, perturbant ainsi grandement les existences des Palestiniens et ce, jour apr\u00e8s jour. Tels sont les probl\u00e8mes auxquels la nouvelle g\u00e9n\u00e9ration doit faire face et, d\u00e9sormais, elle appelle cela protester selon<em> \u00ab&nbsp;le mod\u00e8le gazaoui&nbsp;\u00bb. &nbsp;<\/em><\/p>\n<p>L\u2019une des tactiques du mod\u00e8le gazaoui s\u2019est fait conna\u00eetre sous l\u2019appellation <em>\u00ab&nbsp;confusion nocturne&nbsp;\u00bb<\/em> et son but est d\u2019emp\u00eacher l\u2019installation de tout nouvel avant-poste de peuplement. Elle est surtout utilis\u00e9e \u00e0<strong> Jbeil Sobeih,<\/strong> dans la ville de <strong>Beita<\/strong>, \u00e0 une dizaine de kilom\u00e8tres au sud de <strong>Naplouse.<\/strong><\/p>\n<p>C\u2019est une g\u00e9n\u00e9ration qui commence \u00e0 recourir \u00e0 <strong>de nouvelles tactiques avec les m\u00eames vieux outils<\/strong> \u2013 pierres, cocktails Molotov et \u00ab&nbsp;coudes&nbsp;\u00bb explosifs \u2013 afin de perturber le plus possible les op\u00e9rations de l\u2019arm\u00e9e d\u2019occupation. &nbsp;<\/p>\n<p>Aux yeux des<strong> jeunes de Palestine<\/strong>, Abbas et ses propositions politiques ont expir\u00e9 depuis longtemps et Washington et Tel-Aviv n\u2019ont gu\u00e8re propos\u00e9 davantage que des mesures de secours \u00e9cul\u00e9es et bien trop \u00e9loign\u00e9es de tout v\u00e9ritable processus politique susceptible de satisfaire les aspirations nationales palestiniennes. Au lieu de cela, <strong>les jeunes Palestiniens<\/strong> n\u2019ont assist\u00e9 qu\u2019au <em>\u00ab&nbsp;deal du si\u00e8cle&nbsp;<\/em>\u00bb, d\u00e9j\u00e0 mort \u00e0 son arriv\u00e9e et, par cons\u00e9quent, <strong>ils ont totalement renonc\u00e9 aux solutions de fabrication \u00e9trang\u00e8re qu\u2019on pourrait leur proposer<\/strong>.<\/p>\n<p>Les responsables de plusieurs organisations locales en contact direct avec le public expliquent \u00e9galement dans les pages de <em>The Cradle<\/em> que les Palestiniens ont d\u00e9sormais perdu absolument toute confiance dans les <strong>r\u00e9gimes du Golf<\/strong>\u2013 m\u00eame en termes de soutien humanitaire \u2013 suite \u00e0 la trahison qu\u2019est la normalisation des <strong>accords Abraham<\/strong> et la d\u00e9couverte qui s\u2019en est suivie de l\u2019hypocrisie de ces r\u00e9gimes \u00e0 l\u2019\u00e9gard de la Palestine. &nbsp;<\/p>\n<p>Ces responsables font r\u00e9f\u00e9rence \u00e0 des d\u00e9clarations faites par le ministre iranien des <strong>Affaires \u00e9trang\u00e8res, Hossein Amir-Abdollahian,<\/strong> un peu plus t\u00f4t en septembre et r\u00e9v\u00e9lant l\u2019intention de l\u2019<strong>Iran<\/strong> d\u2019activer une proposition de r\u00e9f\u00e9rendum populaire d\u00e9j\u00e0 \u00e9mise voici plusieurs ann\u00e9es par le Chef supr\u00eame du pays, <strong>Ali Khamenei.<\/strong><\/p>\n<p><strong>T\u00e9h\u00e9ran<\/strong> a demand\u00e9 que l\u2019<strong>AP<\/strong> coop\u00e8re en faisant avancer une r\u00e9solution des <strong>Nations unies<\/strong> concernant l\u2019autod\u00e9termination. La fa\u00e7on dont l\u2019<strong>AP<\/strong> r\u00e9agira \u00e0 cette proposition exceptionnelle indiquera si l\u2019AP cherche simplement \u00e0 renforcer son pouvoir et sa richesse ou si elle est dispos\u00e9e \u00e0 investir les ressources n\u00e9cessaires et sa volont\u00e9 en vue de ce combat pour son peuple.<\/p>\n<p>Pour l\u2019instant, toutefois,<strong> l\u2019AP<\/strong> ne semble pas pr\u00eate \u00e0 s\u2019\u00e9carter du r\u00f4le que lui ont assign\u00e9 ses sponsors occidentaux et l\u2019occupation isra\u00e9lienne. Cela sugg\u00e8re que l\u2019avenir de la<strong> Cisjordanie<\/strong> pourrait de plus en plus d\u00e9pendre de l\u2019inspiration de la rue, o\u00f9 peuvent na\u00eetre des plans et des d\u00e9cisions&nbsp;; o\u00f9 l\u2019on peut affronter directement les activit\u00e9s de l\u2019occupation et la mise en place de colonies&nbsp;; o\u00f9 les populations peuvent \u00eatre rassembl\u00e9es et organis\u00e9es. Un vide dans la gouvernance est une chose qui a ses limites.<strong> Et, ce vide, les gens finiront par le combler.<\/strong><\/p>\n<hr>\n<p>Publi\u00e9 le 27 septembre 2021 sur <a href=\"https:\/\/thecradle.co\/Article\/analysis\/2170\" target=\"_blank\" rel=\"noopener noreferrer\"><strong>The Cradle<\/strong><\/a><br \/>\nTraduction : Jean-Marie Fl\u00e9mal, <strong><a href=\"https:\/\/charleroi-pourlapalestine.be\/\">Charleroi pour la Palestine<\/a><\/strong><\/p>\n<p><strong>Abdelrahman Nasser<\/strong> est un journaliste et commentateur palestinien qui vit \u00e0 Beyrouth depuis 2014. Il produit des documentaires et publie \u00e9galement des livres.<\/p>\n<p>Lisez \u00e9galement :<strong> <a href=\"https:\/\/charleroi-pourlapalestine.be\/index.php\/2021\/09\/22\/une-nuit-avec-les-defenseurs-palestiniens-de-la-montagne\/\">Une nuit avec les D\u00e9fenseurs palestiniens de la montagne<\/a><\/strong><\/p>\n<p><a href=\"https:\/\/charleroi-pourlapalestine.be\/index.php\/2021\/05\/11\/sheikh-jarrah-met-en-lumiere-toute-la-violence-provocatrice-du-projet-colonial-israelien\/\"><strong>Sheikh Jarrah met en lumi\u00e8re toute la violence provocatrice du projet colonial isra\u00e9lien<\/strong><\/a><\/p>\n","protected":false},"excerpt":{"rendered":"<p>La jeunesse palestinienne en Cisjordanie rejette ouvertement l\u2019Autorit\u00e9 palestinienne et la tra\u00eetrise du \u00ab\u00a0processus de paix\u00a0\u00bb.<\/p>\n","protected":false},"author":1,"featured_media":30519,"comment_status":"closed","ping_status":"closed","sticky":false,"template":"","format":"standard","meta":{"ngg_post_thumbnail":0,"footnotes":""},"categories":[24,356,52,196,197,142,140,192,13,25],"tags":[],"class_list":["post-30517","post","type-post","status-publish","format-standard","has-post-thumbnail","hentry","category-lautorite-palestinienne","category-djihad-islamique","category-la-cour-penale-internationale","category-fatah","category-hamas","category-iran","category-letat-colonial","category-palestine","category-les-prisionners-palestiniens","category-la-resistance-palestinienne"],"yoast_head":"<!-- This site is optimized with the Yoast SEO plugin v27.3 - https:\/\/yoast.com\/product\/yoast-seo-wordpress\/ -->\n<title>Cisjordanie : Il reste des braises, sous la cendre\u2026<\/title>\n<meta name=\"description\" content=\"La jeunesse palestinienne en Cisjordanie rejette ouvertement l\u2019Autorit\u00e9 palestinienne et la tra\u00eetrise du \u00ab\u00a0processus de paix\u00a0\u00bb\" \/>\n<meta name=\"robots\" content=\"index, follow, max-snippet:-1, max-image-preview:large, max-video-preview:-1\" \/>\n<link rel=\"canonical\" href=\"https:\/\/charleroi-pourlapalestine.be\/index.php\/2021\/10\/04\/cisjordanie-il-reste-des-braises-sous-la-cendre\/\" \/>\n<script type=\"application\/ld+json\" class=\"yoast-schema-graph\">{\"@context\":\"https:\\\/\\\/schema.org\",\"@graph\":[{\"@type\":\"Article\",\"@id\":\"https:\\\/\\\/charleroi-pourlapalestine.be\\\/index.php\\\/2021\\\/10\\\/04\\\/cisjordanie-il-reste-des-braises-sous-la-cendre\\\/#article\",\"isPartOf\":{\"@id\":\"https:\\\/\\\/charleroi-pourlapalestine.be\\\/index.php\\\/2021\\\/10\\\/04\\\/cisjordanie-il-reste-des-braises-sous-la-cendre\\\/\"},\"author\":{\"name\":\"admin1873\",\"@id\":\"https:\\\/\\\/charleroi-pourlapalestine.be\\\/#\\\/schema\\\/person\\\/c19ff515112f1299d8c12671d8fe3faa\"},\"headline\":\"Cisjordanie : Il reste des braises, sous la cendre\u2026\",\"datePublished\":\"2021-10-04T17:41:34+00:00\",\"dateModified\":\"2021-10-04T17:52:18+00:00\",\"mainEntityOfPage\":{\"@id\":\"https:\\\/\\\/charleroi-pourlapalestine.be\\\/index.php\\\/2021\\\/10\\\/04\\\/cisjordanie-il-reste-des-braises-sous-la-cendre\\\/\"},\"wordCount\":3292,\"publisher\":{\"@id\":\"https:\\\/\\\/charleroi-pourlapalestine.be\\\/#organization\"},\"image\":{\"@id\":\"https:\\\/\\\/charleroi-pourlapalestine.be\\\/index.php\\\/2021\\\/10\\\/04\\\/cisjordanie-il-reste-des-braises-sous-la-cendre\\\/#primaryimage\"},\"thumbnailUrl\":\"https:\\\/\\\/charleroi-pourlapalestine.be\\\/wp-content\\\/uploads\\\/2021\\\/10\\\/The-Cradle-e1633351331650.jpeg\",\"articleSection\":[\"Autorit\u00e9 palestinienne\",\"Djihad islamique\",\"Etats-Unis\",\"Fatah\",\"Hamas\",\"Iran\",\"L'Etat colonial\",\"Palestine\",\"Prisonniers\",\"R\u00e9sistance\"],\"inLanguage\":\"fr-FR\"},{\"@type\":\"WebPage\",\"@id\":\"https:\\\/\\\/charleroi-pourlapalestine.be\\\/index.php\\\/2021\\\/10\\\/04\\\/cisjordanie-il-reste-des-braises-sous-la-cendre\\\/\",\"url\":\"https:\\\/\\\/charleroi-pourlapalestine.be\\\/index.php\\\/2021\\\/10\\\/04\\\/cisjordanie-il-reste-des-braises-sous-la-cendre\\\/\",\"name\":\"Cisjordanie : Il reste des braises, sous la cendre\u2026\",\"isPartOf\":{\"@id\":\"https:\\\/\\\/charleroi-pourlapalestine.be\\\/#website\"},\"primaryImageOfPage\":{\"@id\":\"https:\\\/\\\/charleroi-pourlapalestine.be\\\/index.php\\\/2021\\\/10\\\/04\\\/cisjordanie-il-reste-des-braises-sous-la-cendre\\\/#primaryimage\"},\"image\":{\"@id\":\"https:\\\/\\\/charleroi-pourlapalestine.be\\\/index.php\\\/2021\\\/10\\\/04\\\/cisjordanie-il-reste-des-braises-sous-la-cendre\\\/#primaryimage\"},\"thumbnailUrl\":\"https:\\\/\\\/charleroi-pourlapalestine.be\\\/wp-content\\\/uploads\\\/2021\\\/10\\\/The-Cradle-e1633351331650.jpeg\",\"datePublished\":\"2021-10-04T17:41:34+00:00\",\"dateModified\":\"2021-10-04T17:52:18+00:00\",\"description\":\"La jeunesse palestinienne en Cisjordanie rejette ouvertement l\u2019Autorit\u00e9 palestinienne et la tra\u00eetrise du \u00ab\u00a0processus de paix\u00a0\u00bb\",\"breadcrumb\":{\"@id\":\"https:\\\/\\\/charleroi-pourlapalestine.be\\\/index.php\\\/2021\\\/10\\\/04\\\/cisjordanie-il-reste-des-braises-sous-la-cendre\\\/#breadcrumb\"},\"inLanguage\":\"fr-FR\",\"potentialAction\":[{\"@type\":\"ReadAction\",\"target\":[\"https:\\\/\\\/charleroi-pourlapalestine.be\\\/index.php\\\/2021\\\/10\\\/04\\\/cisjordanie-il-reste-des-braises-sous-la-cendre\\\/\"]}]},{\"@type\":\"ImageObject\",\"inLanguage\":\"fr-FR\",\"@id\":\"https:\\\/\\\/charleroi-pourlapalestine.be\\\/index.php\\\/2021\\\/10\\\/04\\\/cisjordanie-il-reste-des-braises-sous-la-cendre\\\/#primaryimage\",\"url\":\"https:\\\/\\\/charleroi-pourlapalestine.be\\\/wp-content\\\/uploads\\\/2021\\\/10\\\/The-Cradle-e1633351331650.jpeg\",\"contentUrl\":\"https:\\\/\\\/charleroi-pourlapalestine.be\\\/wp-content\\\/uploads\\\/2021\\\/10\\\/The-Cradle-e1633351331650.jpeg\",\"width\":676,\"height\":320},{\"@type\":\"BreadcrumbList\",\"@id\":\"https:\\\/\\\/charleroi-pourlapalestine.be\\\/index.php\\\/2021\\\/10\\\/04\\\/cisjordanie-il-reste-des-braises-sous-la-cendre\\\/#breadcrumb\",\"itemListElement\":[{\"@type\":\"ListItem\",\"position\":1,\"name\":\"Accueil\",\"item\":\"https:\\\/\\\/charleroi-pourlapalestine.be\\\/\"},{\"@type\":\"ListItem\",\"position\":2,\"name\":\"Cisjordanie : Il reste des braises, sous la cendre\u2026\"}]},{\"@type\":\"WebSite\",\"@id\":\"https:\\\/\\\/charleroi-pourlapalestine.be\\\/#website\",\"url\":\"https:\\\/\\\/charleroi-pourlapalestine.be\\\/\",\"name\":\"Charleroi Pour la Palestine\",\"description\":\"\",\"publisher\":{\"@id\":\"https:\\\/\\\/charleroi-pourlapalestine.be\\\/#organization\"},\"potentialAction\":[{\"@type\":\"SearchAction\",\"target\":{\"@type\":\"EntryPoint\",\"urlTemplate\":\"https:\\\/\\\/charleroi-pourlapalestine.be\\\/?s={search_term_string}\"},\"query-input\":{\"@type\":\"PropertyValueSpecification\",\"valueRequired\":true,\"valueName\":\"search_term_string\"}}],\"inLanguage\":\"fr-FR\"},{\"@type\":\"Organization\",\"@id\":\"https:\\\/\\\/charleroi-pourlapalestine.be\\\/#organization\",\"name\":\"Plate-forme Charleroi-Palestine\",\"url\":\"https:\\\/\\\/charleroi-pourlapalestine.be\\\/\",\"logo\":{\"@type\":\"ImageObject\",\"inLanguage\":\"fr-FR\",\"@id\":\"https:\\\/\\\/charleroi-pourlapalestine.be\\\/#\\\/schema\\\/logo\\\/image\\\/\",\"url\":\"https:\\\/\\\/charleroi-pourlapalestine.be\\\/wp-content\\\/uploads\\\/2020\\\/01\\\/logo-Copy.jpg\",\"contentUrl\":\"https:\\\/\\\/charleroi-pourlapalestine.be\\\/wp-content\\\/uploads\\\/2020\\\/01\\\/logo-Copy.jpg\",\"width\":180,\"height\":180,\"caption\":\"Plate-forme Charleroi-Palestine\"},\"image\":{\"@id\":\"https:\\\/\\\/charleroi-pourlapalestine.be\\\/#\\\/schema\\\/logo\\\/image\\\/\"},\"sameAs\":[\"https:\\\/\\\/www.facebook.com\\\/PlateformeCharleroiPalestine\\\/\",\"https:\\\/\\\/x.com\\\/LaCharleroi\"]},{\"@type\":\"Person\",\"@id\":\"https:\\\/\\\/charleroi-pourlapalestine.be\\\/#\\\/schema\\\/person\\\/c19ff515112f1299d8c12671d8fe3faa\",\"name\":\"admin1873\",\"url\":\"https:\\\/\\\/charleroi-pourlapalestine.be\\\/index.php\\\/author\\\/admin1873\\\/\"}]}<\/script>\n<!-- \/ Yoast SEO plugin. -->","yoast_head_json":{"title":"Cisjordanie : Il reste des braises, sous la cendre\u2026","description":"La jeunesse palestinienne en Cisjordanie rejette ouvertement l\u2019Autorit\u00e9 palestinienne et la tra\u00eetrise du \u00ab\u00a0processus de paix\u00a0\u00bb","robots":{"index":"index","follow":"follow","max-snippet":"max-snippet:-1","max-image-preview":"max-image-preview:large","max-video-preview":"max-video-preview:-1"},"canonical":"https:\/\/charleroi-pourlapalestine.be\/index.php\/2021\/10\/04\/cisjordanie-il-reste-des-braises-sous-la-cendre\/","schema":{"@context":"https:\/\/schema.org","@graph":[{"@type":"Article","@id":"https:\/\/charleroi-pourlapalestine.be\/index.php\/2021\/10\/04\/cisjordanie-il-reste-des-braises-sous-la-cendre\/#article","isPartOf":{"@id":"https:\/\/charleroi-pourlapalestine.be\/index.php\/2021\/10\/04\/cisjordanie-il-reste-des-braises-sous-la-cendre\/"},"author":{"name":"admin1873","@id":"https:\/\/charleroi-pourlapalestine.be\/#\/schema\/person\/c19ff515112f1299d8c12671d8fe3faa"},"headline":"Cisjordanie : Il reste des braises, sous la cendre\u2026","datePublished":"2021-10-04T17:41:34+00:00","dateModified":"2021-10-04T17:52:18+00:00","mainEntityOfPage":{"@id":"https:\/\/charleroi-pourlapalestine.be\/index.php\/2021\/10\/04\/cisjordanie-il-reste-des-braises-sous-la-cendre\/"},"wordCount":3292,"publisher":{"@id":"https:\/\/charleroi-pourlapalestine.be\/#organization"},"image":{"@id":"https:\/\/charleroi-pourlapalestine.be\/index.php\/2021\/10\/04\/cisjordanie-il-reste-des-braises-sous-la-cendre\/#primaryimage"},"thumbnailUrl":"https:\/\/charleroi-pourlapalestine.be\/wp-content\/uploads\/2021\/10\/The-Cradle-e1633351331650.jpeg","articleSection":["Autorit\u00e9 palestinienne","Djihad islamique","Etats-Unis","Fatah","Hamas","Iran","L'Etat colonial","Palestine","Prisonniers","R\u00e9sistance"],"inLanguage":"fr-FR"},{"@type":"WebPage","@id":"https:\/\/charleroi-pourlapalestine.be\/index.php\/2021\/10\/04\/cisjordanie-il-reste-des-braises-sous-la-cendre\/","url":"https:\/\/charleroi-pourlapalestine.be\/index.php\/2021\/10\/04\/cisjordanie-il-reste-des-braises-sous-la-cendre\/","name":"Cisjordanie : Il reste des braises, sous la cendre\u2026","isPartOf":{"@id":"https:\/\/charleroi-pourlapalestine.be\/#website"},"primaryImageOfPage":{"@id":"https:\/\/charleroi-pourlapalestine.be\/index.php\/2021\/10\/04\/cisjordanie-il-reste-des-braises-sous-la-cendre\/#primaryimage"},"image":{"@id":"https:\/\/charleroi-pourlapalestine.be\/index.php\/2021\/10\/04\/cisjordanie-il-reste-des-braises-sous-la-cendre\/#primaryimage"},"thumbnailUrl":"https:\/\/charleroi-pourlapalestine.be\/wp-content\/uploads\/2021\/10\/The-Cradle-e1633351331650.jpeg","datePublished":"2021-10-04T17:41:34+00:00","dateModified":"2021-10-04T17:52:18+00:00","description":"La jeunesse palestinienne en Cisjordanie rejette ouvertement l\u2019Autorit\u00e9 palestinienne et la tra\u00eetrise du \u00ab\u00a0processus de paix\u00a0\u00bb","breadcrumb":{"@id":"https:\/\/charleroi-pourlapalestine.be\/index.php\/2021\/10\/04\/cisjordanie-il-reste-des-braises-sous-la-cendre\/#breadcrumb"},"inLanguage":"fr-FR","potentialAction":[{"@type":"ReadAction","target":["https:\/\/charleroi-pourlapalestine.be\/index.php\/2021\/10\/04\/cisjordanie-il-reste-des-braises-sous-la-cendre\/"]}]},{"@type":"ImageObject","inLanguage":"fr-FR","@id":"https:\/\/charleroi-pourlapalestine.be\/index.php\/2021\/10\/04\/cisjordanie-il-reste-des-braises-sous-la-cendre\/#primaryimage","url":"https:\/\/charleroi-pourlapalestine.be\/wp-content\/uploads\/2021\/10\/The-Cradle-e1633351331650.jpeg","contentUrl":"https:\/\/charleroi-pourlapalestine.be\/wp-content\/uploads\/2021\/10\/The-Cradle-e1633351331650.jpeg","width":676,"height":320},{"@type":"BreadcrumbList","@id":"https:\/\/charleroi-pourlapalestine.be\/index.php\/2021\/10\/04\/cisjordanie-il-reste-des-braises-sous-la-cendre\/#breadcrumb","itemListElement":[{"@type":"ListItem","position":1,"name":"Accueil","item":"https:\/\/charleroi-pourlapalestine.be\/"},{"@type":"ListItem","position":2,"name":"Cisjordanie : Il reste des braises, sous la cendre\u2026"}]},{"@type":"WebSite","@id":"https:\/\/charleroi-pourlapalestine.be\/#website","url":"https:\/\/charleroi-pourlapalestine.be\/","name":"Charleroi Pour la Palestine","description":"","publisher":{"@id":"https:\/\/charleroi-pourlapalestine.be\/#organization"},"potentialAction":[{"@type":"SearchAction","target":{"@type":"EntryPoint","urlTemplate":"https:\/\/charleroi-pourlapalestine.be\/?s={search_term_string}"},"query-input":{"@type":"PropertyValueSpecification","valueRequired":true,"valueName":"search_term_string"}}],"inLanguage":"fr-FR"},{"@type":"Organization","@id":"https:\/\/charleroi-pourlapalestine.be\/#organization","name":"Plate-forme Charleroi-Palestine","url":"https:\/\/charleroi-pourlapalestine.be\/","logo":{"@type":"ImageObject","inLanguage":"fr-FR","@id":"https:\/\/charleroi-pourlapalestine.be\/#\/schema\/logo\/image\/","url":"https:\/\/charleroi-pourlapalestine.be\/wp-content\/uploads\/2020\/01\/logo-Copy.jpg","contentUrl":"https:\/\/charleroi-pourlapalestine.be\/wp-content\/uploads\/2020\/01\/logo-Copy.jpg","width":180,"height":180,"caption":"Plate-forme Charleroi-Palestine"},"image":{"@id":"https:\/\/charleroi-pourlapalestine.be\/#\/schema\/logo\/image\/"},"sameAs":["https:\/\/www.facebook.com\/PlateformeCharleroiPalestine\/","https:\/\/x.com\/LaCharleroi"]},{"@type":"Person","@id":"https:\/\/charleroi-pourlapalestine.be\/#\/schema\/person\/c19ff515112f1299d8c12671d8fe3faa","name":"admin1873","url":"https:\/\/charleroi-pourlapalestine.be\/index.php\/author\/admin1873\/"}]}},"_links":{"self":[{"href":"https:\/\/charleroi-pourlapalestine.be\/index.php\/wp-json\/wp\/v2\/posts\/30517","targetHints":{"allow":["GET"]}}],"collection":[{"href":"https:\/\/charleroi-pourlapalestine.be\/index.php\/wp-json\/wp\/v2\/posts"}],"about":[{"href":"https:\/\/charleroi-pourlapalestine.be\/index.php\/wp-json\/wp\/v2\/types\/post"}],"author":[{"embeddable":true,"href":"https:\/\/charleroi-pourlapalestine.be\/index.php\/wp-json\/wp\/v2\/users\/1"}],"replies":[{"embeddable":true,"href":"https:\/\/charleroi-pourlapalestine.be\/index.php\/wp-json\/wp\/v2\/comments?post=30517"}],"version-history":[{"count":0,"href":"https:\/\/charleroi-pourlapalestine.be\/index.php\/wp-json\/wp\/v2\/posts\/30517\/revisions"}],"wp:featuredmedia":[{"embeddable":true,"href":"https:\/\/charleroi-pourlapalestine.be\/index.php\/wp-json\/wp\/v2\/media\/30519"}],"wp:attachment":[{"href":"https:\/\/charleroi-pourlapalestine.be\/index.php\/wp-json\/wp\/v2\/media?parent=30517"}],"wp:term":[{"taxonomy":"category","embeddable":true,"href":"https:\/\/charleroi-pourlapalestine.be\/index.php\/wp-json\/wp\/v2\/categories?post=30517"},{"taxonomy":"post_tag","embeddable":true,"href":"https:\/\/charleroi-pourlapalestine.be\/index.php\/wp-json\/wp\/v2\/tags?post=30517"}],"curies":[{"name":"wp","href":"https:\/\/api.w.org\/{rel}","templated":true}]}}