{"id":31356,"date":"2021-10-26T14:05:33","date_gmt":"2021-10-26T12:05:33","guid":{"rendered":"https:\/\/charleroi-pourlapalestine.be\/?p=31356"},"modified":"2021-10-26T14:06:27","modified_gmt":"2021-10-26T12:06:27","slug":"victoire-pour-les-detenus-du-djihad-islamique-dans-leur-greve-de-la-faim","status":"publish","type":"post","link":"https:\/\/charleroi-pourlapalestine.be\/index.php\/2021\/10\/26\/victoire-pour-les-detenus-du-djihad-islamique-dans-leur-greve-de-la-faim\/","title":{"rendered":"Victoire pour les d\u00e9tenus du Djihad islamique dans leur gr\u00e8ve de la faim"},"content":{"rendered":"<p>&nbsp;<\/p>\n<p><strong>Dans une nouvelle victoire remport\u00e9e par les d\u00e9tenus du Djihad islamique palestinien, le comit\u00e9 de direction du mouvement de r\u00e9sistance a annonc\u00e9 que ses d\u00e9tenus avaient suspendu leur gr\u00e8ve de la faim, proclamant ainsi leur victoire sur l\u2019administration carc\u00e9rale de l\u2019occupation isra\u00e9lienne. <\/strong><\/p>\n<p><img loading=\"lazy\" decoding=\"async\" class=\"aligncenter wp-image-31361 size-full\" src=\"https:\/\/charleroi-pourlapalestine.be\/wp-content\/uploads\/2021\/10\/Le-V-de-la-victoire-e1635249310522.jpg\" alt=\"Victoire pour les prisonniers du Djihad islamique\" width=\"569\" height=\"320\"><\/p>\n<p>Une d\u00e9claration du porte-parole du <strong>Djihad islamique, Tarek Izzeddine<\/strong>, a fait savoir que,<\/p>\n<blockquote><p>\u00ab&nbsp;suite \u00e0 l\u2019\u00e9volution rapide de la situation, le comit\u00e9 avait d\u00e9cid\u00e9 de suspendre la gr\u00e8ve, annon\u00e7ant ainsi \u00e0 notre peuple la victoire de nos combattants de la r\u00e9sistance dans le combat des \u2018estomacs vides\u2019&nbsp;\u00bb.<\/p><\/blockquote>\n<p>Il a cependant expliqu\u00e9 que les termes de l\u2019arrangement seraient communiqu\u00e9s un peu plus tard.<\/p>\n<blockquote><p>\u00ab&nbsp;La victoire des d\u00e9tenus dans leur gr\u00e8ve de la faim contre l\u2019administration carc\u00e9rale de l\u2019occupation est une victoire du peuple palestinien tout entier et marque un tournant dans la confrontation avec les ge\u00f4liers en vue de concr\u00e9tiser nos revendications&nbsp;; nous ajoutons qu\u2019il est certain que le Djihad islamique a port\u00e9 un s\u00e9rieux coup \u00e0 l\u2019orgueil des occupants.&nbsp;\u00bb &nbsp;<\/p><\/blockquote>\n<p>Le comit\u00e9 a \u00e9galement expliqu\u00e9 que la d\u00e9cision de suspendre la gr\u00e8ve de la faim ouverte \u00e9t\u00e9 prise apr\u00e8s que l\u2019administration carc\u00e9rale isra\u00e9lienne avait accept\u00e9 la plupart des revendications des d\u00e9tenus du Djihad islamique, dont les principales \u00e9taient de mettre un terme \u00e0 la violente campagne organis\u00e9e contre eux, de supprimer la d\u00e9tention en isolement de certains d\u2019entre eux et d\u2019am\u00e9liorer les conditions de d\u00e9tention des femmes.<\/p>\n<p>En outre, le comit\u00e9 a remerci\u00e9 le peuple palestinien et les peuples libres du monde entier qui ont soutenu le mouvement pour avoir pr\u00e9serv\u00e9 l\u2019identit\u00e9 organisationnelle et l\u2019h\u00e9ritage des martyrs palestiniens.<\/p>\n<p style=\"text-align: center;\">\u00b0\u00b0\u00b0\u00b0\u00b0<\/p>\n<p>Publi\u00e9 le 22 octobre 2021 sur <a href=\"https:\/\/english.alahednews.com.lb\/62479\/388\" target=\"_blank\" rel=\"noopener\">Alahed News<\/a><br \/>\nTraduction : Jean-Marie Fl\u00e9mal,&nbsp;<a href=\"https:\/\/charleroi-pourlapalestine.be\/\"> Charleroi pour la Palestine<\/a><\/p>\n<p>&nbsp;<\/p>\n<p>&nbsp;<\/p>\n","protected":false},"excerpt":{"rendered":"<p>Le comit\u00e9 de direction du mouvement de r\u00e9sistance Djihad islamique a annonc\u00e9 que les d\u00e9tenus avaient suspendu leur gr\u00e8ve de la faim<\/p>\n","protected":false},"author":1,"featured_media":31361,"comment_status":"closed","ping_status":"closed","sticky":false,"template":"","format":"standard","meta":{"ngg_post_thumbnail":0,"footnotes":""},"categories":[356,386,13],"tags":[],"class_list":["post-31356","post","type-post","status-publish","format-standard","has-post-thumbnail","hentry","category-djihad-islamique","category-greves-de-la-faim","category-les-prisionners-palestiniens"],"yoast_head":"<!-- This site is optimized with the Yoast SEO plugin v27.3 - https:\/\/yoast.com\/product\/yoast-seo-wordpress\/ -->\n<title>Victoire pour les d\u00e9tenus du Djihad islamique dans leur gr\u00e8ve de la faim<\/title>\n<meta name=\"description\" content=\"Le comit\u00e9 de direction du mouvement de r\u00e9sistance Djihad islamique a annonc\u00e9 que les d\u00e9tenus avaient suspendu leur gr\u00e8ve de la faim\" \/>\n<meta name=\"robots\" content=\"index, follow, max-snippet:-1, max-image-preview:large, max-video-preview:-1\" \/>\n<link rel=\"canonical\" href=\"https:\/\/charleroi-pourlapalestine.be\/index.php\/2021\/10\/26\/victoire-pour-les-detenus-du-djihad-islamique-dans-leur-greve-de-la-faim\/\" \/>\n<script type=\"application\/ld+json\" class=\"yoast-schema-graph\">{\"@context\":\"https:\\\/\\\/schema.org\",\"@graph\":[{\"@type\":\"Article\",\"@id\":\"https:\\\/\\\/charleroi-pourlapalestine.be\\\/index.php\\\/2021\\\/10\\\/26\\\/victoire-pour-les-detenus-du-djihad-islamique-dans-leur-greve-de-la-faim\\\/#article\",\"isPartOf\":{\"@id\":\"https:\\\/\\\/charleroi-pourlapalestine.be\\\/index.php\\\/2021\\\/10\\\/26\\\/victoire-pour-les-detenus-du-djihad-islamique-dans-leur-greve-de-la-faim\\\/\"},\"author\":{\"name\":\"admin1873\",\"@id\":\"https:\\\/\\\/charleroi-pourlapalestine.be\\\/#\\\/schema\\\/person\\\/c19ff515112f1299d8c12671d8fe3faa\"},\"headline\":\"Victoire pour les d\u00e9tenus du Djihad islamique dans leur gr\u00e8ve de la faim\",\"datePublished\":\"2021-10-26T12:05:33+00:00\",\"dateModified\":\"2021-10-26T12:06:27+00:00\",\"mainEntityOfPage\":{\"@id\":\"https:\\\/\\\/charleroi-pourlapalestine.be\\\/index.php\\\/2021\\\/10\\\/26\\\/victoire-pour-les-detenus-du-djihad-islamique-dans-leur-greve-de-la-faim\\\/\"},\"wordCount\":338,\"publisher\":{\"@id\":\"https:\\\/\\\/charleroi-pourlapalestine.be\\\/#organization\"},\"image\":{\"@id\":\"https:\\\/\\\/charleroi-pourlapalestine.be\\\/index.php\\\/2021\\\/10\\\/26\\\/victoire-pour-les-detenus-du-djihad-islamique-dans-leur-greve-de-la-faim\\\/#primaryimage\"},\"thumbnailUrl\":\"https:\\\/\\\/charleroi-pourlapalestine.be\\\/wp-content\\\/uploads\\\/2021\\\/10\\\/Le-V-de-la-victoire-e1635249310522.jpg\",\"articleSection\":[\"Djihad islamique\",\"Gr\u00e8ves de la faim\",\"Prisonniers\"],\"inLanguage\":\"fr-FR\"},{\"@type\":\"WebPage\",\"@id\":\"https:\\\/\\\/charleroi-pourlapalestine.be\\\/index.php\\\/2021\\\/10\\\/26\\\/victoire-pour-les-detenus-du-djihad-islamique-dans-leur-greve-de-la-faim\\\/\",\"url\":\"https:\\\/\\\/charleroi-pourlapalestine.be\\\/index.php\\\/2021\\\/10\\\/26\\\/victoire-pour-les-detenus-du-djihad-islamique-dans-leur-greve-de-la-faim\\\/\",\"name\":\"Victoire pour les d\u00e9tenus du Djihad islamique dans leur gr\u00e8ve de la faim\",\"isPartOf\":{\"@id\":\"https:\\\/\\\/charleroi-pourlapalestine.be\\\/#website\"},\"primaryImageOfPage\":{\"@id\":\"https:\\\/\\\/charleroi-pourlapalestine.be\\\/index.php\\\/2021\\\/10\\\/26\\\/victoire-pour-les-detenus-du-djihad-islamique-dans-leur-greve-de-la-faim\\\/#primaryimage\"},\"image\":{\"@id\":\"https:\\\/\\\/charleroi-pourlapalestine.be\\\/index.php\\\/2021\\\/10\\\/26\\\/victoire-pour-les-detenus-du-djihad-islamique-dans-leur-greve-de-la-faim\\\/#primaryimage\"},\"thumbnailUrl\":\"https:\\\/\\\/charleroi-pourlapalestine.be\\\/wp-content\\\/uploads\\\/2021\\\/10\\\/Le-V-de-la-victoire-e1635249310522.jpg\",\"datePublished\":\"2021-10-26T12:05:33+00:00\",\"dateModified\":\"2021-10-26T12:06:27+00:00\",\"description\":\"Le comit\u00e9 de direction du mouvement de r\u00e9sistance Djihad islamique a annonc\u00e9 que les d\u00e9tenus avaient suspendu leur gr\u00e8ve de la faim\",\"breadcrumb\":{\"@id\":\"https:\\\/\\\/charleroi-pourlapalestine.be\\\/index.php\\\/2021\\\/10\\\/26\\\/victoire-pour-les-detenus-du-djihad-islamique-dans-leur-greve-de-la-faim\\\/#breadcrumb\"},\"inLanguage\":\"fr-FR\",\"potentialAction\":[{\"@type\":\"ReadAction\",\"target\":[\"https:\\\/\\\/charleroi-pourlapalestine.be\\\/index.php\\\/2021\\\/10\\\/26\\\/victoire-pour-les-detenus-du-djihad-islamique-dans-leur-greve-de-la-faim\\\/\"]}]},{\"@type\":\"ImageObject\",\"inLanguage\":\"fr-FR\",\"@id\":\"https:\\\/\\\/charleroi-pourlapalestine.be\\\/index.php\\\/2021\\\/10\\\/26\\\/victoire-pour-les-detenus-du-djihad-islamique-dans-leur-greve-de-la-faim\\\/#primaryimage\",\"url\":\"https:\\\/\\\/charleroi-pourlapalestine.be\\\/wp-content\\\/uploads\\\/2021\\\/10\\\/Le-V-de-la-victoire-e1635249310522.jpg\",\"contentUrl\":\"https:\\\/\\\/charleroi-pourlapalestine.be\\\/wp-content\\\/uploads\\\/2021\\\/10\\\/Le-V-de-la-victoire-e1635249310522.jpg\",\"width\":569,\"height\":320},{\"@type\":\"BreadcrumbList\",\"@id\":\"https:\\\/\\\/charleroi-pourlapalestine.be\\\/index.php\\\/2021\\\/10\\\/26\\\/victoire-pour-les-detenus-du-djihad-islamique-dans-leur-greve-de-la-faim\\\/#breadcrumb\",\"itemListElement\":[{\"@type\":\"ListItem\",\"position\":1,\"name\":\"Accueil\",\"item\":\"https:\\\/\\\/charleroi-pourlapalestine.be\\\/\"},{\"@type\":\"ListItem\",\"position\":2,\"name\":\"Victoire pour les d\u00e9tenus du Djihad islamique dans leur gr\u00e8ve de la faim\"}]},{\"@type\":\"WebSite\",\"@id\":\"https:\\\/\\\/charleroi-pourlapalestine.be\\\/#website\",\"url\":\"https:\\\/\\\/charleroi-pourlapalestine.be\\\/\",\"name\":\"Charleroi Pour la Palestine\",\"description\":\"\",\"publisher\":{\"@id\":\"https:\\\/\\\/charleroi-pourlapalestine.be\\\/#organization\"},\"potentialAction\":[{\"@type\":\"SearchAction\",\"target\":{\"@type\":\"EntryPoint\",\"urlTemplate\":\"https:\\\/\\\/charleroi-pourlapalestine.be\\\/?s={search_term_string}\"},\"query-input\":{\"@type\":\"PropertyValueSpecification\",\"valueRequired\":true,\"valueName\":\"search_term_string\"}}],\"inLanguage\":\"fr-FR\"},{\"@type\":\"Organization\",\"@id\":\"https:\\\/\\\/charleroi-pourlapalestine.be\\\/#organization\",\"name\":\"Plate-forme Charleroi-Palestine\",\"url\":\"https:\\\/\\\/charleroi-pourlapalestine.be\\\/\",\"logo\":{\"@type\":\"ImageObject\",\"inLanguage\":\"fr-FR\",\"@id\":\"https:\\\/\\\/charleroi-pourlapalestine.be\\\/#\\\/schema\\\/logo\\\/image\\\/\",\"url\":\"https:\\\/\\\/charleroi-pourlapalestine.be\\\/wp-content\\\/uploads\\\/2020\\\/01\\\/logo-Copy.jpg\",\"contentUrl\":\"https:\\\/\\\/charleroi-pourlapalestine.be\\\/wp-content\\\/uploads\\\/2020\\\/01\\\/logo-Copy.jpg\",\"width\":180,\"height\":180,\"caption\":\"Plate-forme Charleroi-Palestine\"},\"image\":{\"@id\":\"https:\\\/\\\/charleroi-pourlapalestine.be\\\/#\\\/schema\\\/logo\\\/image\\\/\"},\"sameAs\":[\"https:\\\/\\\/www.facebook.com\\\/PlateformeCharleroiPalestine\\\/\",\"https:\\\/\\\/x.com\\\/LaCharleroi\"]},{\"@type\":\"Person\",\"@id\":\"https:\\\/\\\/charleroi-pourlapalestine.be\\\/#\\\/schema\\\/person\\\/c19ff515112f1299d8c12671d8fe3faa\",\"name\":\"admin1873\",\"url\":\"https:\\\/\\\/charleroi-pourlapalestine.be\\\/index.php\\\/author\\\/admin1873\\\/\"}]}<\/script>\n<!-- \/ Yoast SEO plugin. -->","yoast_head_json":{"title":"Victoire pour les d\u00e9tenus du Djihad islamique dans leur gr\u00e8ve de la faim","description":"Le comit\u00e9 de direction du mouvement de r\u00e9sistance Djihad islamique a annonc\u00e9 que les d\u00e9tenus avaient suspendu leur gr\u00e8ve de la faim","robots":{"index":"index","follow":"follow","max-snippet":"max-snippet:-1","max-image-preview":"max-image-preview:large","max-video-preview":"max-video-preview:-1"},"canonical":"https:\/\/charleroi-pourlapalestine.be\/index.php\/2021\/10\/26\/victoire-pour-les-detenus-du-djihad-islamique-dans-leur-greve-de-la-faim\/","schema":{"@context":"https:\/\/schema.org","@graph":[{"@type":"Article","@id":"https:\/\/charleroi-pourlapalestine.be\/index.php\/2021\/10\/26\/victoire-pour-les-detenus-du-djihad-islamique-dans-leur-greve-de-la-faim\/#article","isPartOf":{"@id":"https:\/\/charleroi-pourlapalestine.be\/index.php\/2021\/10\/26\/victoire-pour-les-detenus-du-djihad-islamique-dans-leur-greve-de-la-faim\/"},"author":{"name":"admin1873","@id":"https:\/\/charleroi-pourlapalestine.be\/#\/schema\/person\/c19ff515112f1299d8c12671d8fe3faa"},"headline":"Victoire pour les d\u00e9tenus du Djihad islamique dans leur gr\u00e8ve de la faim","datePublished":"2021-10-26T12:05:33+00:00","dateModified":"2021-10-26T12:06:27+00:00","mainEntityOfPage":{"@id":"https:\/\/charleroi-pourlapalestine.be\/index.php\/2021\/10\/26\/victoire-pour-les-detenus-du-djihad-islamique-dans-leur-greve-de-la-faim\/"},"wordCount":338,"publisher":{"@id":"https:\/\/charleroi-pourlapalestine.be\/#organization"},"image":{"@id":"https:\/\/charleroi-pourlapalestine.be\/index.php\/2021\/10\/26\/victoire-pour-les-detenus-du-djihad-islamique-dans-leur-greve-de-la-faim\/#primaryimage"},"thumbnailUrl":"https:\/\/charleroi-pourlapalestine.be\/wp-content\/uploads\/2021\/10\/Le-V-de-la-victoire-e1635249310522.jpg","articleSection":["Djihad islamique","Gr\u00e8ves de la faim","Prisonniers"],"inLanguage":"fr-FR"},{"@type":"WebPage","@id":"https:\/\/charleroi-pourlapalestine.be\/index.php\/2021\/10\/26\/victoire-pour-les-detenus-du-djihad-islamique-dans-leur-greve-de-la-faim\/","url":"https:\/\/charleroi-pourlapalestine.be\/index.php\/2021\/10\/26\/victoire-pour-les-detenus-du-djihad-islamique-dans-leur-greve-de-la-faim\/","name":"Victoire pour les d\u00e9tenus du Djihad islamique dans leur gr\u00e8ve de la faim","isPartOf":{"@id":"https:\/\/charleroi-pourlapalestine.be\/#website"},"primaryImageOfPage":{"@id":"https:\/\/charleroi-pourlapalestine.be\/index.php\/2021\/10\/26\/victoire-pour-les-detenus-du-djihad-islamique-dans-leur-greve-de-la-faim\/#primaryimage"},"image":{"@id":"https:\/\/charleroi-pourlapalestine.be\/index.php\/2021\/10\/26\/victoire-pour-les-detenus-du-djihad-islamique-dans-leur-greve-de-la-faim\/#primaryimage"},"thumbnailUrl":"https:\/\/charleroi-pourlapalestine.be\/wp-content\/uploads\/2021\/10\/Le-V-de-la-victoire-e1635249310522.jpg","datePublished":"2021-10-26T12:05:33+00:00","dateModified":"2021-10-26T12:06:27+00:00","description":"Le comit\u00e9 de direction du mouvement de r\u00e9sistance Djihad islamique a annonc\u00e9 que les d\u00e9tenus avaient suspendu leur gr\u00e8ve de la faim","breadcrumb":{"@id":"https:\/\/charleroi-pourlapalestine.be\/index.php\/2021\/10\/26\/victoire-pour-les-detenus-du-djihad-islamique-dans-leur-greve-de-la-faim\/#breadcrumb"},"inLanguage":"fr-FR","potentialAction":[{"@type":"ReadAction","target":["https:\/\/charleroi-pourlapalestine.be\/index.php\/2021\/10\/26\/victoire-pour-les-detenus-du-djihad-islamique-dans-leur-greve-de-la-faim\/"]}]},{"@type":"ImageObject","inLanguage":"fr-FR","@id":"https:\/\/charleroi-pourlapalestine.be\/index.php\/2021\/10\/26\/victoire-pour-les-detenus-du-djihad-islamique-dans-leur-greve-de-la-faim\/#primaryimage","url":"https:\/\/charleroi-pourlapalestine.be\/wp-content\/uploads\/2021\/10\/Le-V-de-la-victoire-e1635249310522.jpg","contentUrl":"https:\/\/charleroi-pourlapalestine.be\/wp-content\/uploads\/2021\/10\/Le-V-de-la-victoire-e1635249310522.jpg","width":569,"height":320},{"@type":"BreadcrumbList","@id":"https:\/\/charleroi-pourlapalestine.be\/index.php\/2021\/10\/26\/victoire-pour-les-detenus-du-djihad-islamique-dans-leur-greve-de-la-faim\/#breadcrumb","itemListElement":[{"@type":"ListItem","position":1,"name":"Accueil","item":"https:\/\/charleroi-pourlapalestine.be\/"},{"@type":"ListItem","position":2,"name":"Victoire pour les d\u00e9tenus du Djihad islamique dans leur gr\u00e8ve de la faim"}]},{"@type":"WebSite","@id":"https:\/\/charleroi-pourlapalestine.be\/#website","url":"https:\/\/charleroi-pourlapalestine.be\/","name":"Charleroi Pour la Palestine","description":"","publisher":{"@id":"https:\/\/charleroi-pourlapalestine.be\/#organization"},"potentialAction":[{"@type":"SearchAction","target":{"@type":"EntryPoint","urlTemplate":"https:\/\/charleroi-pourlapalestine.be\/?s={search_term_string}"},"query-input":{"@type":"PropertyValueSpecification","valueRequired":true,"valueName":"search_term_string"}}],"inLanguage":"fr-FR"},{"@type":"Organization","@id":"https:\/\/charleroi-pourlapalestine.be\/#organization","name":"Plate-forme Charleroi-Palestine","url":"https:\/\/charleroi-pourlapalestine.be\/","logo":{"@type":"ImageObject","inLanguage":"fr-FR","@id":"https:\/\/charleroi-pourlapalestine.be\/#\/schema\/logo\/image\/","url":"https:\/\/charleroi-pourlapalestine.be\/wp-content\/uploads\/2020\/01\/logo-Copy.jpg","contentUrl":"https:\/\/charleroi-pourlapalestine.be\/wp-content\/uploads\/2020\/01\/logo-Copy.jpg","width":180,"height":180,"caption":"Plate-forme Charleroi-Palestine"},"image":{"@id":"https:\/\/charleroi-pourlapalestine.be\/#\/schema\/logo\/image\/"},"sameAs":["https:\/\/www.facebook.com\/PlateformeCharleroiPalestine\/","https:\/\/x.com\/LaCharleroi"]},{"@type":"Person","@id":"https:\/\/charleroi-pourlapalestine.be\/#\/schema\/person\/c19ff515112f1299d8c12671d8fe3faa","name":"admin1873","url":"https:\/\/charleroi-pourlapalestine.be\/index.php\/author\/admin1873\/"}]}},"_links":{"self":[{"href":"https:\/\/charleroi-pourlapalestine.be\/index.php\/wp-json\/wp\/v2\/posts\/31356","targetHints":{"allow":["GET"]}}],"collection":[{"href":"https:\/\/charleroi-pourlapalestine.be\/index.php\/wp-json\/wp\/v2\/posts"}],"about":[{"href":"https:\/\/charleroi-pourlapalestine.be\/index.php\/wp-json\/wp\/v2\/types\/post"}],"author":[{"embeddable":true,"href":"https:\/\/charleroi-pourlapalestine.be\/index.php\/wp-json\/wp\/v2\/users\/1"}],"replies":[{"embeddable":true,"href":"https:\/\/charleroi-pourlapalestine.be\/index.php\/wp-json\/wp\/v2\/comments?post=31356"}],"version-history":[{"count":0,"href":"https:\/\/charleroi-pourlapalestine.be\/index.php\/wp-json\/wp\/v2\/posts\/31356\/revisions"}],"wp:featuredmedia":[{"embeddable":true,"href":"https:\/\/charleroi-pourlapalestine.be\/index.php\/wp-json\/wp\/v2\/media\/31361"}],"wp:attachment":[{"href":"https:\/\/charleroi-pourlapalestine.be\/index.php\/wp-json\/wp\/v2\/media?parent=31356"}],"wp:term":[{"taxonomy":"category","embeddable":true,"href":"https:\/\/charleroi-pourlapalestine.be\/index.php\/wp-json\/wp\/v2\/categories?post=31356"},{"taxonomy":"post_tag","embeddable":true,"href":"https:\/\/charleroi-pourlapalestine.be\/index.php\/wp-json\/wp\/v2\/tags?post=31356"}],"curies":[{"name":"wp","href":"https:\/\/api.w.org\/{rel}","templated":true}]}}