{"id":31498,"date":"2021-10-30T01:46:28","date_gmt":"2021-10-29T23:46:28","guid":{"rendered":"https:\/\/charleroi-pourlapalestine.be\/?p=31498"},"modified":"2021-10-30T01:53:37","modified_gmt":"2021-10-29T23:53:37","slug":"stop-a-la-criminalisation-des-organisations-palestiniennes-de-defense-des-droits-humains","status":"publish","type":"post","link":"https:\/\/charleroi-pourlapalestine.be\/index.php\/2021\/10\/30\/stop-a-la-criminalisation-des-organisations-palestiniennes-de-defense-des-droits-humains\/","title":{"rendered":"Stop \u00e0 la criminalisation des organisations palestiniennes de d\u00e9fense des droits humains"},"content":{"rendered":"<p><em><strong>Le gouvernement isra\u00e9lien&nbsp;a&nbsp;annonc\u00e9 qualifier&nbsp;de \u00ab\u202fterroristes&nbsp;\u00bb&nbsp;six&nbsp;organisations&nbsp;de la soci\u00e9t\u00e9 civile&nbsp;palestiniennes de d\u00e9fense des droits humains, parmi lesquelles&nbsp;des partenaires directs des ONG&nbsp;belges.&nbsp;La condamnation de la mesure prise par Isra\u00ebl est unanime dans la communaut\u00e9 internationale de d\u00e9fense des droits humains.&nbsp;&nbsp;La Centrale G\u00e9n\u00e9rale \u2013 FGTB et 16 ONG belges appelle \u00e0 l\u2019action. En tant que syndicat,&nbsp;nous ne savons que trop bien comment les gouvernements, en criminalisant les actions, tentent de freiner la r\u00e9sistance sociale.&nbsp;<\/strong><\/em><\/p>\n<p>Addameer, Al&nbsp;Haq, Defense for Children International &#8211; Palestine, Union of Agricultural Work Committees,&nbsp;Bisan&nbsp;Center for Research and Development et Union of Palestinian Women Committees.&nbsp;Toutes ces organisations sont des organisations reconnues de d\u00e9fense des droits des Palestiniens avec lesquelles&nbsp;des&nbsp;organisations de la soci\u00e9t\u00e9 civile belge&nbsp;travaillent&nbsp;r\u00e9guli\u00e8rement et&nbsp;en toute&nbsp;confiance.&nbsp;<\/p>\n<h3><strong>Des cons\u00e9quences graves&nbsp;<\/strong><\/h3>\n<p>La plupart de ces organisations&nbsp;<a href=\"https:\/\/www.cncd.be\/Israel-Palestine-Occupation-shrinking-space-report-2020\" target=\"_blank\" rel=\"noopener\">ont&nbsp;d\u00e9j\u00e0 \u00e9t\u00e9 vis\u00e9es par des campagnes de diffamation<\/a>&nbsp;men\u00e9e par le gouvernement isra\u00e9lien, mais la mesure prise vendredi constitue un pas suppl\u00e9mentaire et tr\u00e8s inqui\u00e9tant.&nbsp;La qualification de \u00ab\u202fterroriste\u202f\u00bb permet au gouvernement isra\u00e9lien de prendre une s\u00e9rie de mesures r\u00e9pressives comme&nbsp;fermeture des bureaux,&nbsp;la&nbsp;saisie des biens et&nbsp;l\u2019arrestation de leurs personnel et affili\u00e9s, qui&nbsp;peuvent non seulement mettre en danger le travail de ces organisations mais aussi la s\u00e9curit\u00e9 de leurs employ\u00e9s et membres.&nbsp;&nbsp;<\/p>\n<p>Par ailleurs, tout soutien financier et politique \u00e0 ces organisations peut \u00eatre consid\u00e9r\u00e9 par le gouvernement isra\u00e9lien comme un soutien au terrorisme. Cela peut par cons\u00e9quent avoir des cons\u00e9quences sur leur partenariat avec les organisations belges et europ\u00e9ennes, ainsi que sur la coop\u00e9ration au d\u00e9veloppement dans le territoire palestinien en g\u00e9n\u00e9ral.&nbsp;<\/p>\n<h3><strong>Dernier rempart&nbsp;<\/strong><\/h3>\n<p>Depuis les \u00e9v\u00e9nements de mai dernier en Palestine et en Isra\u00ebl, la r\u00e9pression&nbsp;isra\u00e9lienne&nbsp;des organisations palestiniennes&nbsp;de d\u00e9fense des droits humains s\u2019est intensifi\u00e9e.&nbsp;A l\u2019heure o\u00f9 la r\u00e9alit\u00e9 du r\u00e9gime d\u2019apartheid exerc\u00e9 par Isra\u00ebl sur le peuple palestinien est de plus en plus largement reconnue et expos\u00e9e, \u00e0 l\u2019heure aussi o\u00f9 l\u2019Autorit\u00e9 palestinienne connait une d\u00e9rive autoritaire sans pr\u00e9c\u00e9dent, le r\u00f4le de la soci\u00e9t\u00e9 civile palestinienne comme dernier rempart contre&nbsp;la violation&nbsp;des droits&nbsp;humains&nbsp;des Palestiniens&nbsp;est essentiel.&nbsp;&nbsp;<\/p>\n<p>La condamnation de la mesure prise par Isra\u00ebl est unanime dans la communaut\u00e9 internationale&nbsp;de d\u00e9fense des droits humains.&nbsp;Comme le souligne l\u2019organisation isra\u00e9lienne de d\u00e9fense des droits humains&nbsp;B\u2019tselem,&nbsp;l\u2019assimilation d\u2019organisations de d\u00e9fense des droits humains \u00e0 du terrorisme&nbsp;est <em>\u00ab\u202fun acte caract\u00e9ristique&nbsp;des r\u00e9gimes totalitaires\u202f\u00bb<\/em>.&nbsp;L&rsquo;ONU est cinglante \u00e0 propos&nbsp;des <em>\u00ab\u202fpreuves\u202f\u00bb<\/em>&nbsp;isra\u00e9liennes, \u00e9voquant des all\u00e9gations \u00ab extr\u00eamement vagues ou non pertinentes \u00bb.&nbsp;&nbsp;<\/p>\n<table>\n<tbody>\n<tr>\n<td>\n<p><strong>Les organisations belges de la soci\u00e9t\u00e9 civile signataires &nbsp;condamnent fermement la mesure prise par le gouvernement isra\u00e9lien et demandent au gouvernement belge et \u00e0 l\u2019Union europ\u00e9enne\u202f:&nbsp;&nbsp;<\/strong><\/p>\n<ul>\n<li>\n<p><strong>D\u2019 exiger du gouvernement isra\u00e9lien qu\u2019il r\u00e9voque imm\u00e9diatement la d\u00e9signation de ces six organisations comme \u00ab\u202forganisations terroristes\u202f\u00bb ;&nbsp;&nbsp;<\/strong><\/p>\n<\/li>\n<li>\n<p><strong>D\u2019exiger du gouvernement isra\u00e9lien qu\u2019il cesse de criminaliser et de diffamer les organisations de la soci\u00e9t\u00e9 civile palestinienne\u202f;&nbsp;&nbsp;<\/strong><\/p>\n<\/li>\n<li>\n<p><strong>D\u2019imm\u00e9diatement prendre toutes les mesures n\u00e9cessaires pour surveiller activement et d\u00e9fendre la s\u00e9curit\u00e9 des travailleurs des&nbsp;organisations vis\u00e9es\u202f;&nbsp;&nbsp;<\/strong><\/p>\n<\/li>\n<li>\n<p><strong>De continuer \u00e0 soutenir politiquement et financi\u00e8rement le travail essentiel men\u00e9 par les organisations de la soci\u00e9t\u00e9 civile palestinienne.&nbsp;<\/strong><\/p>\n<\/li>\n<\/ul>\n<p>Signataires\u202f:&nbsp;<\/p>\n<p><em>11.11.11, Actions in the&nbsp;Mediterranean, Association Belgo-Palestinienne,&nbsp;Broederlijk&nbsp;Delen,&nbsp;Centrale G\u00e9n\u00e9rale-FGTB, Centrale nationale des Employ\u00e9s, CNCD-11.11.11,&nbsp;De-Colonizer,&nbsp;Defence&nbsp;for&nbsp;Children&nbsp;International \u2013 Belgique,&nbsp;Een&nbsp;Andere&nbsp;Joodse&nbsp;Stem, Mouvement Ouvrier Chr\u00e9tien,&nbsp;Palestina&nbsp;Solidariteit,&nbsp;Pax Christi&nbsp;Vlaanderen,&nbsp;SolSoc, Union des Progressistes Juifs de Belgique,&nbsp;Viva&nbsp;Salud,&nbsp;Vrede&nbsp;vzw&nbsp;<\/em><\/p>\n<\/td>\n<\/tr>\n<\/tbody>\n<\/table>\n<p style=\"text-align: center;\">\u00b0\u00b0\u00b0\u00b0\u00b0<\/p>\n<p>Publi\u00e9 le 26 octobre 2021 sur<strong><a href=\"https:\/\/www.accg.be\/fr\/actualite\/20211026-stop-a-la-criminalisation-des-organisations-palestiniennes-de-defense-des-droits-humains\" target=\"_blank\" rel=\"noopener\"> FGTB Centrale G\u00e9n\u00e9rale<\/a><\/strong><\/p>\n<p style=\"text-align: center;\">\u00b0\u00b0\u00b0\u00b0\u00b0<\/p>\n<p>En f\u00e9vrier 2021 d\u00e9j\u00e0<strong><a href=\"https:\/\/charleroi-pourlapalestine.be\/index.php\/2021\/03\/01\/campagne-de-diffamation-a-lencontre-de-samidoun\/\"> Gantz et le r\u00e9gime isra\u00e9lien avaient d\u00e9sign\u00e9 <\/a><\/strong><strong><a href=\"https:\/\/charleroi-pourlapalestine.be\/index.php\/2021\/03\/01\/campagne-de-diffamation-a-lencontre-de-samidoun\/\">Samidoun<\/a><\/strong><a href=\"https:\/\/charleroi-pourlapalestine.be\/index.php\/2021\/03\/01\/campagne-de-diffamation-a-lencontre-de-samidoun\/\"> comme une organisation <\/a><a href=\"https:\/\/charleroi-pourlapalestine.be\/index.php\/2021\/03\/01\/campagne-de-diffamation-a-lencontre-de-samidoun\/\"><em>\u00ab&nbsp;terroriste&nbsp;\u00bb<\/em><\/a><strong><a href=\"https:\/\/charleroi-pourlapalestine.be\/index.php\/2021\/03\/01\/campagne-de-diffamation-a-lencontre-de-samidoun\/\">.&nbsp;<\/a><\/strong> Fin ao\u00fbt 2021, sans m\u00eame publier un communiqu\u00e9 de presse, Gantz a \u00e9galement d\u00e9sign\u00e9 comme<em> \u00ab&nbsp;terroristes&nbsp;\u00bb<\/em> <strong>EuroPal Forum, la Coalition juridique internationale pour la Palestine <\/strong>et la <strong>Conf\u00e9rence populaire des Palestiniens \u00e0 l\u2019\u00e9tranger.&nbsp;<\/strong><\/p>\n<p>Et maintenant en octobre 2021, c&rsquo;est le cas pour <strong>Al-Haq, Addameer Prisoner Support and Human Rights Association, Defence for Children International Palestine, Bisan Center for Research and Development, Union of Palestinian Women\u2019s Committees <\/strong>et <strong>Union of Agricultural Work Committees<\/strong><\/p>\n<p>Trouvez ici l&rsquo;analyse de <strong>Samidoun<\/strong> sur ces 10 d\u00e9signations :<\/p>\n<h3><a href=\"https:\/\/charleroi-pourlapalestine.be\/index.php\/2021\/10\/23\/le-qualificatif-de-terroristes-applique-par-israel-vise-a-reprimer-les-organisations-palestiniennes\/\"><strong> Le qualificatif de <em>\u00ab\u00a0terroristes\u00a0\u00bb<\/em> vise \u00e0 r\u00e9primer les organisations palestiniennes.<\/strong><\/a><\/h3>\n<p><img loading=\"lazy\" decoding=\"async\" class=\"aligncenter wp-image-31507 size-full\" src=\"https:\/\/charleroi-pourlapalestine.be\/wp-content\/uploads\/2021\/10\/Stand-with-the-Six-e1635550928159.jpg\" alt=\"\" width=\"569\" height=\"320\"><\/p>\n","protected":false},"excerpt":{"rendered":"<p>FGTB (CG) : En tant que syndicat,\u00a0nous ne savons que trop bien comment les gouvernements, en criminalisant les actions, tentent de freiner la r\u00e9sistance sociale.\u00a0<\/p>\n","protected":false},"author":1,"featured_media":31507,"comment_status":"closed","ping_status":"closed","sticky":false,"template":"","format":"standard","meta":{"ngg_post_thumbnail":0,"footnotes":""},"categories":[454,193,86],"tags":[],"class_list":["post-31498","post","type-post","status-publish","format-standard","has-post-thumbnail","hentry","category-criminalisation","category-mouvement-de-solidarite","category-les-syndicats"],"yoast_head":"<!-- This site is optimized with the Yoast SEO plugin v27.3 - https:\/\/yoast.com\/product\/yoast-seo-wordpress\/ -->\n<title>Stop \u00e0 la criminalisation des organisations palestiniennes de d\u00e9fense des droits humains<\/title>\n<meta name=\"description\" content=\"La condamnation de la mesure prise par Isra\u00ebl est unanime dans la communaut\u00e9 internationale de d\u00e9fense des droits humains.\" \/>\n<meta name=\"robots\" content=\"index, follow, max-snippet:-1, max-image-preview:large, max-video-preview:-1\" \/>\n<link rel=\"canonical\" href=\"https:\/\/charleroi-pourlapalestine.be\/index.php\/2021\/10\/30\/stop-a-la-criminalisation-des-organisations-palestiniennes-de-defense-des-droits-humains\/\" \/>\n<script type=\"application\/ld+json\" class=\"yoast-schema-graph\">{\"@context\":\"https:\\\/\\\/schema.org\",\"@graph\":[{\"@type\":\"Article\",\"@id\":\"https:\\\/\\\/charleroi-pourlapalestine.be\\\/index.php\\\/2021\\\/10\\\/30\\\/stop-a-la-criminalisation-des-organisations-palestiniennes-de-defense-des-droits-humains\\\/#article\",\"isPartOf\":{\"@id\":\"https:\\\/\\\/charleroi-pourlapalestine.be\\\/index.php\\\/2021\\\/10\\\/30\\\/stop-a-la-criminalisation-des-organisations-palestiniennes-de-defense-des-droits-humains\\\/\"},\"author\":{\"name\":\"admin1873\",\"@id\":\"https:\\\/\\\/charleroi-pourlapalestine.be\\\/#\\\/schema\\\/person\\\/c19ff515112f1299d8c12671d8fe3faa\"},\"headline\":\"Stop \u00e0 la criminalisation des organisations palestiniennes de d\u00e9fense des droits humains\",\"datePublished\":\"2021-10-29T23:46:28+00:00\",\"dateModified\":\"2021-10-29T23:53:37+00:00\",\"mainEntityOfPage\":{\"@id\":\"https:\\\/\\\/charleroi-pourlapalestine.be\\\/index.php\\\/2021\\\/10\\\/30\\\/stop-a-la-criminalisation-des-organisations-palestiniennes-de-defense-des-droits-humains\\\/\"},\"wordCount\":888,\"publisher\":{\"@id\":\"https:\\\/\\\/charleroi-pourlapalestine.be\\\/#organization\"},\"image\":{\"@id\":\"https:\\\/\\\/charleroi-pourlapalestine.be\\\/index.php\\\/2021\\\/10\\\/30\\\/stop-a-la-criminalisation-des-organisations-palestiniennes-de-defense-des-droits-humains\\\/#primaryimage\"},\"thumbnailUrl\":\"https:\\\/\\\/charleroi-pourlapalestine.be\\\/wp-content\\\/uploads\\\/2021\\\/10\\\/Stand-with-the-Six-e1635550928159.jpg\",\"articleSection\":[\"criminalisation\",\"Solidarit\u00e9 internationale\",\"Syndicats\"],\"inLanguage\":\"fr-FR\"},{\"@type\":\"WebPage\",\"@id\":\"https:\\\/\\\/charleroi-pourlapalestine.be\\\/index.php\\\/2021\\\/10\\\/30\\\/stop-a-la-criminalisation-des-organisations-palestiniennes-de-defense-des-droits-humains\\\/\",\"url\":\"https:\\\/\\\/charleroi-pourlapalestine.be\\\/index.php\\\/2021\\\/10\\\/30\\\/stop-a-la-criminalisation-des-organisations-palestiniennes-de-defense-des-droits-humains\\\/\",\"name\":\"Stop \u00e0 la criminalisation des organisations palestiniennes de d\u00e9fense des droits humains\",\"isPartOf\":{\"@id\":\"https:\\\/\\\/charleroi-pourlapalestine.be\\\/#website\"},\"primaryImageOfPage\":{\"@id\":\"https:\\\/\\\/charleroi-pourlapalestine.be\\\/index.php\\\/2021\\\/10\\\/30\\\/stop-a-la-criminalisation-des-organisations-palestiniennes-de-defense-des-droits-humains\\\/#primaryimage\"},\"image\":{\"@id\":\"https:\\\/\\\/charleroi-pourlapalestine.be\\\/index.php\\\/2021\\\/10\\\/30\\\/stop-a-la-criminalisation-des-organisations-palestiniennes-de-defense-des-droits-humains\\\/#primaryimage\"},\"thumbnailUrl\":\"https:\\\/\\\/charleroi-pourlapalestine.be\\\/wp-content\\\/uploads\\\/2021\\\/10\\\/Stand-with-the-Six-e1635550928159.jpg\",\"datePublished\":\"2021-10-29T23:46:28+00:00\",\"dateModified\":\"2021-10-29T23:53:37+00:00\",\"description\":\"La condamnation de la mesure prise par Isra\u00ebl est unanime dans la communaut\u00e9 internationale de d\u00e9fense des droits humains.\",\"breadcrumb\":{\"@id\":\"https:\\\/\\\/charleroi-pourlapalestine.be\\\/index.php\\\/2021\\\/10\\\/30\\\/stop-a-la-criminalisation-des-organisations-palestiniennes-de-defense-des-droits-humains\\\/#breadcrumb\"},\"inLanguage\":\"fr-FR\",\"potentialAction\":[{\"@type\":\"ReadAction\",\"target\":[\"https:\\\/\\\/charleroi-pourlapalestine.be\\\/index.php\\\/2021\\\/10\\\/30\\\/stop-a-la-criminalisation-des-organisations-palestiniennes-de-defense-des-droits-humains\\\/\"]}]},{\"@type\":\"ImageObject\",\"inLanguage\":\"fr-FR\",\"@id\":\"https:\\\/\\\/charleroi-pourlapalestine.be\\\/index.php\\\/2021\\\/10\\\/30\\\/stop-a-la-criminalisation-des-organisations-palestiniennes-de-defense-des-droits-humains\\\/#primaryimage\",\"url\":\"https:\\\/\\\/charleroi-pourlapalestine.be\\\/wp-content\\\/uploads\\\/2021\\\/10\\\/Stand-with-the-Six-e1635550928159.jpg\",\"contentUrl\":\"https:\\\/\\\/charleroi-pourlapalestine.be\\\/wp-content\\\/uploads\\\/2021\\\/10\\\/Stand-with-the-Six-e1635550928159.jpg\",\"width\":569,\"height\":320},{\"@type\":\"BreadcrumbList\",\"@id\":\"https:\\\/\\\/charleroi-pourlapalestine.be\\\/index.php\\\/2021\\\/10\\\/30\\\/stop-a-la-criminalisation-des-organisations-palestiniennes-de-defense-des-droits-humains\\\/#breadcrumb\",\"itemListElement\":[{\"@type\":\"ListItem\",\"position\":1,\"name\":\"Accueil\",\"item\":\"https:\\\/\\\/charleroi-pourlapalestine.be\\\/\"},{\"@type\":\"ListItem\",\"position\":2,\"name\":\"Stop \u00e0 la criminalisation des organisations palestiniennes de d\u00e9fense des droits humains\"}]},{\"@type\":\"WebSite\",\"@id\":\"https:\\\/\\\/charleroi-pourlapalestine.be\\\/#website\",\"url\":\"https:\\\/\\\/charleroi-pourlapalestine.be\\\/\",\"name\":\"Charleroi Pour la Palestine\",\"description\":\"\",\"publisher\":{\"@id\":\"https:\\\/\\\/charleroi-pourlapalestine.be\\\/#organization\"},\"potentialAction\":[{\"@type\":\"SearchAction\",\"target\":{\"@type\":\"EntryPoint\",\"urlTemplate\":\"https:\\\/\\\/charleroi-pourlapalestine.be\\\/?s={search_term_string}\"},\"query-input\":{\"@type\":\"PropertyValueSpecification\",\"valueRequired\":true,\"valueName\":\"search_term_string\"}}],\"inLanguage\":\"fr-FR\"},{\"@type\":\"Organization\",\"@id\":\"https:\\\/\\\/charleroi-pourlapalestine.be\\\/#organization\",\"name\":\"Plate-forme Charleroi-Palestine\",\"url\":\"https:\\\/\\\/charleroi-pourlapalestine.be\\\/\",\"logo\":{\"@type\":\"ImageObject\",\"inLanguage\":\"fr-FR\",\"@id\":\"https:\\\/\\\/charleroi-pourlapalestine.be\\\/#\\\/schema\\\/logo\\\/image\\\/\",\"url\":\"https:\\\/\\\/charleroi-pourlapalestine.be\\\/wp-content\\\/uploads\\\/2020\\\/01\\\/logo-Copy.jpg\",\"contentUrl\":\"https:\\\/\\\/charleroi-pourlapalestine.be\\\/wp-content\\\/uploads\\\/2020\\\/01\\\/logo-Copy.jpg\",\"width\":180,\"height\":180,\"caption\":\"Plate-forme Charleroi-Palestine\"},\"image\":{\"@id\":\"https:\\\/\\\/charleroi-pourlapalestine.be\\\/#\\\/schema\\\/logo\\\/image\\\/\"},\"sameAs\":[\"https:\\\/\\\/www.facebook.com\\\/PlateformeCharleroiPalestine\\\/\",\"https:\\\/\\\/x.com\\\/LaCharleroi\"]},{\"@type\":\"Person\",\"@id\":\"https:\\\/\\\/charleroi-pourlapalestine.be\\\/#\\\/schema\\\/person\\\/c19ff515112f1299d8c12671d8fe3faa\",\"name\":\"admin1873\",\"url\":\"https:\\\/\\\/charleroi-pourlapalestine.be\\\/index.php\\\/author\\\/admin1873\\\/\"}]}<\/script>\n<!-- \/ Yoast SEO plugin. -->","yoast_head_json":{"title":"Stop \u00e0 la criminalisation des organisations palestiniennes de d\u00e9fense des droits humains","description":"La condamnation de la mesure prise par Isra\u00ebl est unanime dans la communaut\u00e9 internationale de d\u00e9fense des droits humains.","robots":{"index":"index","follow":"follow","max-snippet":"max-snippet:-1","max-image-preview":"max-image-preview:large","max-video-preview":"max-video-preview:-1"},"canonical":"https:\/\/charleroi-pourlapalestine.be\/index.php\/2021\/10\/30\/stop-a-la-criminalisation-des-organisations-palestiniennes-de-defense-des-droits-humains\/","schema":{"@context":"https:\/\/schema.org","@graph":[{"@type":"Article","@id":"https:\/\/charleroi-pourlapalestine.be\/index.php\/2021\/10\/30\/stop-a-la-criminalisation-des-organisations-palestiniennes-de-defense-des-droits-humains\/#article","isPartOf":{"@id":"https:\/\/charleroi-pourlapalestine.be\/index.php\/2021\/10\/30\/stop-a-la-criminalisation-des-organisations-palestiniennes-de-defense-des-droits-humains\/"},"author":{"name":"admin1873","@id":"https:\/\/charleroi-pourlapalestine.be\/#\/schema\/person\/c19ff515112f1299d8c12671d8fe3faa"},"headline":"Stop \u00e0 la criminalisation des organisations palestiniennes de d\u00e9fense des droits humains","datePublished":"2021-10-29T23:46:28+00:00","dateModified":"2021-10-29T23:53:37+00:00","mainEntityOfPage":{"@id":"https:\/\/charleroi-pourlapalestine.be\/index.php\/2021\/10\/30\/stop-a-la-criminalisation-des-organisations-palestiniennes-de-defense-des-droits-humains\/"},"wordCount":888,"publisher":{"@id":"https:\/\/charleroi-pourlapalestine.be\/#organization"},"image":{"@id":"https:\/\/charleroi-pourlapalestine.be\/index.php\/2021\/10\/30\/stop-a-la-criminalisation-des-organisations-palestiniennes-de-defense-des-droits-humains\/#primaryimage"},"thumbnailUrl":"https:\/\/charleroi-pourlapalestine.be\/wp-content\/uploads\/2021\/10\/Stand-with-the-Six-e1635550928159.jpg","articleSection":["criminalisation","Solidarit\u00e9 internationale","Syndicats"],"inLanguage":"fr-FR"},{"@type":"WebPage","@id":"https:\/\/charleroi-pourlapalestine.be\/index.php\/2021\/10\/30\/stop-a-la-criminalisation-des-organisations-palestiniennes-de-defense-des-droits-humains\/","url":"https:\/\/charleroi-pourlapalestine.be\/index.php\/2021\/10\/30\/stop-a-la-criminalisation-des-organisations-palestiniennes-de-defense-des-droits-humains\/","name":"Stop \u00e0 la criminalisation des organisations palestiniennes de d\u00e9fense des droits humains","isPartOf":{"@id":"https:\/\/charleroi-pourlapalestine.be\/#website"},"primaryImageOfPage":{"@id":"https:\/\/charleroi-pourlapalestine.be\/index.php\/2021\/10\/30\/stop-a-la-criminalisation-des-organisations-palestiniennes-de-defense-des-droits-humains\/#primaryimage"},"image":{"@id":"https:\/\/charleroi-pourlapalestine.be\/index.php\/2021\/10\/30\/stop-a-la-criminalisation-des-organisations-palestiniennes-de-defense-des-droits-humains\/#primaryimage"},"thumbnailUrl":"https:\/\/charleroi-pourlapalestine.be\/wp-content\/uploads\/2021\/10\/Stand-with-the-Six-e1635550928159.jpg","datePublished":"2021-10-29T23:46:28+00:00","dateModified":"2021-10-29T23:53:37+00:00","description":"La condamnation de la mesure prise par Isra\u00ebl est unanime dans la communaut\u00e9 internationale de d\u00e9fense des droits humains.","breadcrumb":{"@id":"https:\/\/charleroi-pourlapalestine.be\/index.php\/2021\/10\/30\/stop-a-la-criminalisation-des-organisations-palestiniennes-de-defense-des-droits-humains\/#breadcrumb"},"inLanguage":"fr-FR","potentialAction":[{"@type":"ReadAction","target":["https:\/\/charleroi-pourlapalestine.be\/index.php\/2021\/10\/30\/stop-a-la-criminalisation-des-organisations-palestiniennes-de-defense-des-droits-humains\/"]}]},{"@type":"ImageObject","inLanguage":"fr-FR","@id":"https:\/\/charleroi-pourlapalestine.be\/index.php\/2021\/10\/30\/stop-a-la-criminalisation-des-organisations-palestiniennes-de-defense-des-droits-humains\/#primaryimage","url":"https:\/\/charleroi-pourlapalestine.be\/wp-content\/uploads\/2021\/10\/Stand-with-the-Six-e1635550928159.jpg","contentUrl":"https:\/\/charleroi-pourlapalestine.be\/wp-content\/uploads\/2021\/10\/Stand-with-the-Six-e1635550928159.jpg","width":569,"height":320},{"@type":"BreadcrumbList","@id":"https:\/\/charleroi-pourlapalestine.be\/index.php\/2021\/10\/30\/stop-a-la-criminalisation-des-organisations-palestiniennes-de-defense-des-droits-humains\/#breadcrumb","itemListElement":[{"@type":"ListItem","position":1,"name":"Accueil","item":"https:\/\/charleroi-pourlapalestine.be\/"},{"@type":"ListItem","position":2,"name":"Stop \u00e0 la criminalisation des organisations palestiniennes de d\u00e9fense des droits humains"}]},{"@type":"WebSite","@id":"https:\/\/charleroi-pourlapalestine.be\/#website","url":"https:\/\/charleroi-pourlapalestine.be\/","name":"Charleroi Pour la Palestine","description":"","publisher":{"@id":"https:\/\/charleroi-pourlapalestine.be\/#organization"},"potentialAction":[{"@type":"SearchAction","target":{"@type":"EntryPoint","urlTemplate":"https:\/\/charleroi-pourlapalestine.be\/?s={search_term_string}"},"query-input":{"@type":"PropertyValueSpecification","valueRequired":true,"valueName":"search_term_string"}}],"inLanguage":"fr-FR"},{"@type":"Organization","@id":"https:\/\/charleroi-pourlapalestine.be\/#organization","name":"Plate-forme Charleroi-Palestine","url":"https:\/\/charleroi-pourlapalestine.be\/","logo":{"@type":"ImageObject","inLanguage":"fr-FR","@id":"https:\/\/charleroi-pourlapalestine.be\/#\/schema\/logo\/image\/","url":"https:\/\/charleroi-pourlapalestine.be\/wp-content\/uploads\/2020\/01\/logo-Copy.jpg","contentUrl":"https:\/\/charleroi-pourlapalestine.be\/wp-content\/uploads\/2020\/01\/logo-Copy.jpg","width":180,"height":180,"caption":"Plate-forme Charleroi-Palestine"},"image":{"@id":"https:\/\/charleroi-pourlapalestine.be\/#\/schema\/logo\/image\/"},"sameAs":["https:\/\/www.facebook.com\/PlateformeCharleroiPalestine\/","https:\/\/x.com\/LaCharleroi"]},{"@type":"Person","@id":"https:\/\/charleroi-pourlapalestine.be\/#\/schema\/person\/c19ff515112f1299d8c12671d8fe3faa","name":"admin1873","url":"https:\/\/charleroi-pourlapalestine.be\/index.php\/author\/admin1873\/"}]}},"_links":{"self":[{"href":"https:\/\/charleroi-pourlapalestine.be\/index.php\/wp-json\/wp\/v2\/posts\/31498","targetHints":{"allow":["GET"]}}],"collection":[{"href":"https:\/\/charleroi-pourlapalestine.be\/index.php\/wp-json\/wp\/v2\/posts"}],"about":[{"href":"https:\/\/charleroi-pourlapalestine.be\/index.php\/wp-json\/wp\/v2\/types\/post"}],"author":[{"embeddable":true,"href":"https:\/\/charleroi-pourlapalestine.be\/index.php\/wp-json\/wp\/v2\/users\/1"}],"replies":[{"embeddable":true,"href":"https:\/\/charleroi-pourlapalestine.be\/index.php\/wp-json\/wp\/v2\/comments?post=31498"}],"version-history":[{"count":0,"href":"https:\/\/charleroi-pourlapalestine.be\/index.php\/wp-json\/wp\/v2\/posts\/31498\/revisions"}],"wp:featuredmedia":[{"embeddable":true,"href":"https:\/\/charleroi-pourlapalestine.be\/index.php\/wp-json\/wp\/v2\/media\/31507"}],"wp:attachment":[{"href":"https:\/\/charleroi-pourlapalestine.be\/index.php\/wp-json\/wp\/v2\/media?parent=31498"}],"wp:term":[{"taxonomy":"category","embeddable":true,"href":"https:\/\/charleroi-pourlapalestine.be\/index.php\/wp-json\/wp\/v2\/categories?post=31498"},{"taxonomy":"post_tag","embeddable":true,"href":"https:\/\/charleroi-pourlapalestine.be\/index.php\/wp-json\/wp\/v2\/tags?post=31498"}],"curies":[{"name":"wp","href":"https:\/\/api.w.org\/{rel}","templated":true}]}}