{"id":32040,"date":"2021-11-13T08:27:55","date_gmt":"2021-11-13T07:27:55","guid":{"rendered":"https:\/\/charleroi-pourlapalestine.be\/?p=32040"},"modified":"2021-11-13T08:27:56","modified_gmt":"2021-11-13T07:27:56","slug":"jerusalem-des-palestiniens-risquent-detre-deplaces-a-cause-des-demolitions","status":"publish","type":"post","link":"https:\/\/charleroi-pourlapalestine.be\/index.php\/2021\/11\/13\/jerusalem-des-palestiniens-risquent-detre-deplaces-a-cause-des-demolitions\/","title":{"rendered":"J\u00e9rusalem : 70 Palestiniens risquent d\u2019\u00eatre d\u00e9plac\u00e9s \u00e0 cause des d\u00e9molitions"},"content":{"rendered":"<p>Les d\u00e9molitions de maisons palestiniennes et l\u2019expansion ill\u00e9gale des colonies font partie d&rsquo;un plan visant une majorit\u00e9 juive \u00e0 J\u00e9rusalem<\/p>\n<div id=\"attachment_32063\" style=\"width: 502px\" class=\"wp-caption aligncenter\"><img loading=\"lazy\" decoding=\"async\" aria-describedby=\"caption-attachment-32063\" class=\"wp-image-32063 size-full\" src=\"https:\/\/charleroi-pourlapalestine.be\/wp-content\/uploads\/2021\/11\/Mere-et-fils-Jerusalem-e1636785933790.jpg\" alt=\"Iyad al-Ghouj, 25 ans, et sa m\u00e8re Rania, 47 ans, sont au nombre des 70 Palestiniens risquant d\u2019\u00eatre expuls\u00e9s du quartier d\u2019At-Tur suite aux d\u00e9molitions, \u00e0 J\u00e9rusalem-Est, par les autorit\u00e9s d\u2019occupation isra\u00e9liennes. [Photo : Al Jazeera]   \" width=\"492\" height=\"320\"><p id=\"caption-attachment-32063\" class=\"wp-caption-text\">Iyad al-Ghouj, 25 ans, et sa m\u00e8re Rania, 47 ans, sont au nombre des 70 Palestiniens risquant d\u2019\u00eatre expuls\u00e9s du quartier d\u2019At-Tur, \u00e0 J\u00e9rusalem-Est, par les autorit\u00e9s d\u2019occupation isra\u00e9liennes. [Photo : Al Jazeera]<\/p><\/div>\n<p><strong>Zena Al Tahhan<\/strong>, 9 novembre 2021<\/p>\n<p><strong>Al-Tur, J\u00e9rusalem-Est occup\u00e9e \u2013<\/strong> Quelque <strong>70 Palestiniens<\/strong>, dont une moiti\u00e9 d\u2019enfants, risquent d\u2019\u00eatre expuls\u00e9s de force du quartier d\u2019<strong>At-Tur<\/strong>, \u00e0<strong> J\u00e9rusalem<\/strong>, puisqu\u2019ils attendent la d\u00e9cision d\u2019un tribunal isra\u00e9lien concernant le sort de leur immeuble r\u00e9sidentiel de cinq \u00e9tages.<\/p>\n<p>Les autorit\u00e9s d\u2019occupation isra\u00e9liennes ont inform\u00e9 les r\u00e9sidents le 4 novembre qu\u2019il leur restait une semaine pour quitter leur logement avant que l\u2019immeuble ne soit d\u00e9moli en raison d\u2019une absence de permis de b\u00e2tir.&nbsp;<\/p>\n<p>Les r\u00e9sidents ont dit \u00e0 <i>Al Jazeera<\/i> qu\u2019on leur avait propos\u00e9 un autre<strong> ultimatum,<\/strong> dimanche&nbsp;: devoir payer 200&nbsp;000 shekels (64&nbsp;400 dollars) remboursables et avoir jusqu\u2019\u00e0 la fin du moins pour proc\u00e9der eux-m\u00eames \u00e0 la d\u00e9molition, sinon l\u2019\u00c9tat le fera pour eux \u2013 et il leur en co\u00fbtera deux millions de skekels (644&nbsp;000 dollars).<\/p>\n<p><strong>Hussein Ghanayem<\/strong>, l\u2019avocat des r\u00e9sidents, a d\u00e9clar\u00e9 qu\u2019il avait introduit un appel lundi, et qu\u2019une audience du tribunal \u00e9tait pr\u00e9vue pour jeudi afin que les autorit\u00e9s statuent sur les d\u00e9marches qu\u2019elles allaient entreprendre.<\/p>\n<p>L\u2019immeuble \u00e0 appartements de cinq \u00e9tages est situ\u00e9 dans un sous-quartier d\u2019<strong>At-Tur,<\/strong> <strong>Khallet al-Ain<\/strong>, \u00e9galement connu sous le nom de <strong>Jabal al-Zaytun<\/strong> (<strong>Mont des Oliviers<\/strong>). Il h\u00e9berge les 70 r\u00e9sidents de 10 familles depuis sa construction en 2012, sans permis de b\u00e2tir d\u00e9livr\u00e9 par Isra\u00ebl, comme bien des logements de cette zone, d\u00e9clare l\u2019avocat des familles.<\/p>\n<p>Les organisations de d\u00e9fense des droits et les Palestiniens font \u00e9tat depuis tr\u00e8s longtemps du refus des autorit\u00e9s isra\u00e9liennes de d\u00e9livrer des permis de b\u00e2tir \u00e0 <strong>J\u00e9rusalem-Est occup\u00e9e,<\/strong> et les <strong>Nations unies<\/strong> disent que cela fait partie d\u2019un<\/p>\n<blockquote><p>\u00ab&nbsp;r\u00e9gime restrictif de planification&nbsp;qui fait qu\u2019il est pratiquement impossible pour les Palestiniens d\u2019obtenir des permis de b\u00e2tir, ce qui emp\u00eache le d\u00e9veloppement de logements, infrastructures et gagne-pain ad\u00e9quats&nbsp;\u00bb.<\/p><\/blockquote>\n<div id=\"attachment_32048\" style=\"width: 498px\" class=\"wp-caption aligncenter\"><img loading=\"lazy\" decoding=\"async\" aria-describedby=\"caption-attachment-32048\" class=\"wp-image-32048 size-full\" src=\"https:\/\/charleroi-pourlapalestine.be\/wp-content\/uploads\/2021\/11\/Building-Jerusalem-Est-e1636784304618.jpg\" alt=\"L\u2019immeuble \u00e0 appartements de cinq \u00e9tages qui risque d\u2019\u00eatre d\u00e9moli par les autorit\u00e9s isra\u00e9liennes h\u00e9berge 10 familles palestiniennes, comptant en tout 70 personnes. [Photo&amp;nbsp;: Al Jazeera]\" width=\"488\" height=\"320\"><p id=\"caption-attachment-32048\" class=\"wp-caption-text\">L\u2019immeuble \u00e0 appartements de cinq \u00e9tages qui risque d\u2019\u00eatre d\u00e9moli par les autorit\u00e9s isra\u00e9liennes h\u00e9berge 10 familles palestiniennes, comptant en tout 70 personnes. [Photo&nbsp;: Al Jazeera]<\/p><\/div>\n<p>Les r\u00e9sidents ont choisi de rester dans l\u2019immeuble jusqu\u2019\u00e0 l\u2019arriv\u00e9e des bulldozers. \u00c0 de multiples reprises, ils ont demand\u00e9 l\u2019obtention d\u2019un permis et ont pass\u00e9 pr\u00e8s de neuf ans dans les tribunaux pour contester l\u2019ordonnance de d\u00e9molition mais, chaque fois, sous divers pr\u00e9textes, affirment-ils, ils se sont vu opposer des refus de la part des autorit\u00e9s d\u2019occupation.<\/p>\n<blockquote><p>\u00ab&nbsp;Nous resterons ici jusqu\u2019au moment o\u00f9 ils viendront et nous forceront de nous en aller&nbsp;\u00bb,<\/p><\/blockquote>\n<p>a d\u00e9clar\u00e9 lundi matin <strong>Rania al-Ghouj<\/strong>, 47 ans, au moment o\u00f9 elle et les membres de sa famille s\u2019\u00e9taient rassembl\u00e9s pour prendre le petit d\u00e9jeuner dans leur appartement du rez-de-chauss\u00e9e.<\/p>\n<p>Elle et d\u2019autres r\u00e9sidents d\u00e9clarent qu\u2019ils n\u2019ont ni les 200&nbsp;000 shekels \u00e0 verser \u00e0 l\u2019\u00c9tat, pas plus qu\u2019ils n\u2019ont l\u2019intention de d\u00e9molir l\u2019immeuble eux-m\u00eames, en raison des risques s\u00e9curitaires que cela implique.<\/p>\n<blockquote><p>\u00ab&nbsp;C\u2019est une expulsion collective forc\u00e9e. Nous ne pouvons rien faire du tout, pour l\u2019instant&nbsp;\u00bb,<\/p><\/blockquote>\n<p>a ajout\u00e9<strong> Iyad,<\/strong> 25 ans, fils de Rania.<\/p>\n<blockquote><p>\u00ab&nbsp;Ils pensent que s\u2019ils d\u00e9molissent nos maisons, ils vont se d\u00e9barrasser de nous \u2013 ils ne savent pas que cela ne fera qu\u2019accroitre notre r\u00e9silience&nbsp;\u00bb,<\/p><\/blockquote>\n<p>a encore ajout\u00e9 Iyad, en fourrant un falafel dans un morceau de ka\u2019ak \u2013 un pain de s\u00e9same palestinien en provenance de J\u00e9rusalem.<\/p>\n<div id=\"attachment_32052\" style=\"width: 493px\" class=\"wp-caption alignnone\"><img loading=\"lazy\" decoding=\"async\" aria-describedby=\"caption-attachment-32052\" class=\"wp-image-32052 size-full\" src=\"https:\/\/charleroi-pourlapalestine.be\/wp-content\/uploads\/2021\/11\/Iyad-et-sa-mere-e1636784573468.jpg\" alt=\"\" width=\"483\" height=\"320\"><p id=\"caption-attachment-32052\" class=\"wp-caption-text\">Iyad al-Ghouj assis \u00e0 c\u00f4t\u00e9 de sa m\u00e8re, Rania. Les 11 membres de la famille al-Ghouj vivent dans un appartement disposant de trois chambres \u00e0 coucher. [Photo&nbsp;: Al Jazeera]<\/p><\/div>\n<p>Depuis qu\u2019elles ont emm\u00e9nag\u00e9 dans l\u2019immeuble, les familles paient chaque mois \u00e0 la municipalit\u00e9 de <strong>J\u00e9rusalem<\/strong> contr\u00f4l\u00e9e par <strong>Isra\u00ebl<\/strong> des amendes s\u2019\u00e9levant \u00e0 75&nbsp;000 shekels (24&nbsp;153 dollars) par famille et par an, parce qu\u2019elles vivent dans un <em>\u00ab&nbsp;immeuble b\u00e2ti sans autorisation&nbsp;\u00bb.<\/em> Elles paient \u00e9galement une taxe de propri\u00e9t\u00e9, appel\u00e9e <em>\u00ab&nbsp;arnona&nbsp;\u00bb<\/em> en h\u00e9breu, ainsi que des honoraires d\u2019avocats. De nombreuses familles d\u00e9clarent qu\u2019elles sont endett\u00e9es, alors que d\u2019autres disent qu\u2019elles ne peuvent se permettre de louer une habitation dans un autre quartier.<\/p>\n<p>Selon l\u2019avocat, <strong>Ghanayem<\/strong>, le terrain est la propri\u00e9t\u00e9 priv\u00e9e d\u2019un membre de la famille <strong>Abu Sbeitan<\/strong>, qui poss\u00e8de \u00e9galement des appartements dans l\u2019immeuble. Mais il dit que les autorit\u00e9s d\u2019occupation ont refus\u00e9 un permis, disant que le terrain a \u00e9t\u00e9 d\u00e9clar\u00e9 <em>\u00ab&nbsp;zone \u00e0 usage public&nbsp;\u00bb<\/em>. L\u2019avocat a expliqu\u00e9 \u00e0 <i>Al Jazeera<\/i> que les autorit\u00e9s avaient affirm\u00e9 qu\u2019elles avaient l\u2019intention de b\u00e2tir une \u00e9cole au profit du quartier, en lieu et place.&nbsp;<\/p>\n<p><a href=\"https:\/\/www.ochaopt.org\/sites\/default\/files\/ocha_opt_planning_crisis_east_jerusalem_april_2009_english.pdf\" target=\"_blank\" rel=\"noopener\">Selon les <strong>Nations unies<\/strong><\/a>, 13 pour 100 seulement de <strong>J\u00e9rusalem-Est occup\u00e9e,<\/strong> qu\u2019Isra\u00ebl a annex\u00e9e au lendemain de la&nbsp;guerre de 1967, est actuellement destin\u00e9e au d\u00e9veloppement palestinien et \u00e0 la construction de r\u00e9sidences, et une grande partie de ces 13 pour 100 a d\u00e9j\u00e0 \u00e9t\u00e9 b\u00e2tie.<\/p>\n<blockquote><p>\u00ab&nbsp;Un planning inad\u00e9quat et inappropri\u00e9 des quartiers palestiniens a d\u00e9bouch\u00e9 sur le ph\u00e9nom\u00e8ne tr\u00e8s r\u00e9pandu des constructions \u2018ill\u00e9gales\u2019 et de la d\u00e9molition de structures par les autorit\u00e9s isra\u00e9liennes&nbsp;\u00bb,<\/p><\/blockquote>\n<p>a d\u00e9clar\u00e9 le <strong>Bureau de coordination des Nations unies pour les questions humanitaires (OCHA).<\/strong><\/p>\n<p>Environ 57 pour 100 de tous les terrains de <strong>J\u00e9rusalem-Est occup\u00e9e<\/strong> ont \u00e9t\u00e9 expropri\u00e9s, y compris chez des propri\u00e9taires priv\u00e9s palestiniens, en vue de la construction de colonies ill\u00e9gales et d\u2019un am\u00e9nagement du territoire en <em>\u00ab&nbsp;zones vertes et infrastructures publiques&nbsp;\u00bb.<\/em> Les 30 pour 100 restants, fait remarquer l\u2019<strong>OCHA,<\/strong> comprennent des <em>\u00ab&nbsp;zones non planifi\u00e9es&nbsp;<\/em>\u00bb dans lesquelles il est interdit de b\u00e2tir.<\/p>\n<p>&nbsp;<\/p>\n<h2><strong>\u00ab&nbsp;Ils mettent nos nerfs \u00e0 bout&nbsp;\u00bb&nbsp;<\/strong><\/h2>\n<p><strong>Myassar Abu Halaweh<\/strong>, une jeune m\u00e8re de trois fillettes, a emm\u00e9nag\u00e9 dans l\u2019immeuble avec son mari en 2013, apr\u00e8s avoir vendu une partie de ses bijoux en or pour payer un acompte sur les 100&nbsp;000 dollars que co\u00fbtait l\u2019appartement \u00e0 l\u2019\u00e9poque.<\/p>\n<p>La femme, qui a 31 ans, a expliqu\u00e9 \u00e0 <i>Al Jazeera<\/i> que la d\u00e9cision du 4 novembre avait provoqu\u00e9 un choc \u00e9norme chez les r\u00e9sidents, qui avaient esp\u00e9r\u00e9 recevoir un permis, en fin de compte.<\/p>\n<blockquote><p>\u00ab&nbsp;Nous avons toujours connu la m\u00eame chose depuis les neuf ann\u00e9es \u00e9coul\u00e9es \u2013 nous avons re\u00e7u plusieurs ordonnances de d\u00e9molition, avant cela, mais nous n\u2019avons jamais renonc\u00e9 \u2013 et nous n\u2019avons cess\u00e9 d\u2019aller en appel contre les d\u00e9cisions&nbsp;\u00bb,<\/p><\/blockquote>\n<p>a d\u00e9clar\u00e9 <strong>Myassar Abu Halaweh<\/strong>.<\/p>\n<blockquote><p>\u00ab&nbsp;L\u2019an dernier, nous avons re\u00e7u des indications de ce que l\u2019immeuble obtiendrait sa licence, de sorte que mon mari et moi-m\u00eame, nous nous sommes mis \u00e0 investir davantage dans notre habitation.&nbsp;\u00bb<\/p>\n<p>\u00ab&nbsp;Ce devait \u00eatre la maison dans laquelle nous avions choisi de nous installer. C\u2019est comme si, au moment o\u00f9 vous commencez \u00e0 voir que votre existence prend forme, l\u2019on vous repoussait en dessous du niveau z\u00e9ro.&nbsp;\u00bb<\/p><\/blockquote>\n<p>&nbsp;<\/p>\n<div id=\"attachment_32056\" style=\"width: 497px\" class=\"wp-caption aligncenter\"><img loading=\"lazy\" decoding=\"async\" aria-describedby=\"caption-attachment-32056\" class=\"wp-image-32056 size-full\" src=\"https:\/\/charleroi-pourlapalestine.be\/wp-content\/uploads\/2021\/11\/Famille-a-Jerusalem-e1636785113338.jpg\" alt=\"Myassar Abu Halaweh avec son mari et leurs trois filles, Mariam, 5 ans, Julia, 9 ans, de Elya, 10 ans. [Photo&nbsp;: Al Jazeera]\" width=\"487\" height=\"320\"><p id=\"caption-attachment-32056\" class=\"wp-caption-text\">Myassar Abu Halaweh avec son mari et leurs trois filles, Mariam, 5 ans, Julia, 9 ans, de Elya, 10 ans. [Photo&nbsp;: Al Jazeera]<\/p><\/div>\n<blockquote><p>\u00ab&nbsp;J\u2019ai obtenu mon dipl\u00f4me \u00e0 l\u2019universit\u00e9 alors que j\u2019habitais cette maison, j\u2019y ai donn\u00e9 naissance \u00e0 mes filles et c\u2019est ici aussi que je les ai \u00e9lev\u00e9es. Cette maison est t\u00e9moin de l\u2019amour que nous avons toujours privil\u00e9gi\u00e9, dans notre famille. Tout le temps que nous y avons pass\u00e9, pendant le corona&nbsp;!&nbsp;\u00bb,<\/p><\/blockquote>\n<p>poursuit-celle alors que des larmes inondent son visage, avant que la derni\u00e8re de ses filles, <strong>Mariam,<\/strong> cinq ans, ne vienne l\u2019embrasser et lui donner un baiser.<\/p>\n<blockquote><p>\u00ab&nbsp;Ils mettent nos nerfs \u00e0 bout \u2013 et ils nous \u00e9puisent sur le plan financier et sur le plan \u00e9motionnel&nbsp;\u00bb, dit-elle, ajoutant qu\u2019elle et son mari sont toujours occup\u00e9s \u00e0 rembourser le prix de l\u2019appartement.<\/p>\n<p>\u00ab&nbsp;Nous allons rester ici, dans des tentes. Pourquoi devrions-nous nous en aller aussi facilement que cela&nbsp;? Cela ne diff\u00e8re en rien de Sheikh Jarrah. Soixante-dix personnes transform\u00e9es en sans-logis, c\u2019est une autre Nakba&nbsp;!&nbsp;\u00bb<\/p><\/blockquote>\n<p>&nbsp;<\/p>\n<h2><strong>Pas de place pour prendre de l\u2019expansion<\/strong><\/h2>\n<p><strong>At-Tur<\/strong> est<a href=\"https:\/\/c1e2dc91-b0dc-4955-b966-431537a42536.usrfiles.com\/ugd\/c1e2dc_a588e7e0370a4e6fa829180b3122d0af.pdf\" target=\"_blank\" rel=\"noopener\"> l\u2019un des quartiers palestiniens les plus surpeupl\u00e9s<\/a> de<strong> J\u00e9rusalem.<\/strong> Deux colonies isra\u00e9liennes ill\u00e9gales ont \u00e9t\u00e9 construites sur des terrains du quartier, alors que celui-ci voit son expansion bloqu\u00e9e par les villages palestiniens avoisinants, les routes r\u00e9serv\u00e9es aux colons et le mur de s\u00e9paration.<\/p>\n<p>Selon <strong>Bimkom<\/strong> \u2013 une organisation isra\u00e9lienne de d\u00e9fense des droits compos\u00e9e de planificateurs et d\u2019architectes \u2013 le <em>\u00ab&nbsp;c\u0153ur historique&nbsp;\u00bb<\/em> d\u2019<strong>At-Tur<\/strong> est<\/p>\n<blockquote><p>\u00ab&nbsp;tr\u00e8s dens\u00e9ment b\u00e2ti et n\u2019a pratiquement pas de r\u00e9serves de terrains en vue de la construction r\u00e9sidentielle&nbsp;\u00bb.<\/p><\/blockquote>\n<p>Le groupe de d\u00e9fense des droits de planification<a href=\"http:\/\/bimkom.org\/eng\/wp-content\/uploads\/2.2_at-atur-Eng-update-Jun-14-w.pdf\" target=\"_blank\" rel=\"noopener\"> fait remarquer<\/a> que<\/p>\n<blockquote><p>\u00ab le seul espoir d\u2019expansion, c\u2019est vers le nord-est o\u00f9 se trouve le sous-quartier non reconnu de Khallet al-Ain , mais qu\u2019un plan de parc national a \u00e9t\u00e9 propos\u00e9, en cet endroit, alors que&nbsp; des lotissements additionnels pour des logements sont consid\u00e9r\u00e9s comme ill\u00e9gaux du fait qu\u2019ils ont \u00e9t\u00e9 b\u00e2tis dans des zones non pr\u00e9vues \u00e0 cet effet.&nbsp;<\/p>\n<p>\u00ab&nbsp;Les r\u00e9sidents d\u2019At-Tur, et principalement ceux habitant dans des zones non reconnues et n\u2019ayant pas fait l\u2019objet de plans, vivent sous la menace constante des d\u00e9molitions de maisons et des ordonnances d\u2019\u00e9vacuation&nbsp;\u00bb,<\/p><\/blockquote>\n<p><a href=\"http:\/\/bimkom.org\/eng\/wp-content\/uploads\/2.2_at-atur-Eng-update-Jun-14-w.pdf\" target=\"_blank\" rel=\"noopener\">\u00e9crivait<\/a> <strong>Binkom<\/strong> en 2014.<\/p>\n<div id=\"attachment_32060\" style=\"width: 505px\" class=\"wp-caption aligncenter\"><img loading=\"lazy\" decoding=\"async\" aria-describedby=\"caption-attachment-32060\" class=\"wp-image-32060 size-full\" src=\"https:\/\/charleroi-pourlapalestine.be\/wp-content\/uploads\/2021\/11\/Mere-et-fille-Jerusalem-e1636785441635.jpg\" alt=\"Myassar Abu Halaweh et sa fille de cinq ans, Mariam. [Photo&nbsp;: Al Jazeera]\" width=\"495\" height=\"320\"><p id=\"caption-attachment-32060\" class=\"wp-caption-text\">Myassar Abu Halaweh et sa fille de cinq ans, Mariam. [Photo&nbsp;: Al Jazeera]<\/p><\/div>\n<p><strong>Ghanayem<\/strong> a expliqu\u00e9 \u00e0 <i>Al Jazeera<\/i> qu\u2019il d\u00e9fendait les r\u00e9sidents de 155 autres immeubles et habitations dans la zone de <strong>Khallet al-Ain<\/strong> qui manque de permis.<\/p>\n<blockquote><p>\u00ab&nbsp;De 1967 \u00e0 aujourd\u2019hui, ils n\u2019ont pas cr\u00e9\u00e9 un seul ma\u00eetre plan qui satisfasse les besoins des r\u00e9sidents d\u2019At-Tur&nbsp;\u00bb,<\/p><\/blockquote>\n<p>a d\u00e9clar\u00e9 <strong>Ghanayem. <\/strong><\/p>\n<blockquote><p>\u00ab&nbsp;La construction sans permis \u00e0 At-Tur ne vient pas de ce que les gens ne veulent pas du permis, mais bien de la r\u00e9alit\u00e9 dans laquelle les gens vivent&nbsp;\u00bb,<\/p><\/blockquote>\n<p>a-t-il ajout\u00e9, en faisant remarquer le consid\u00e9rable accroissement de la population dans le quartier face au manque de permis d\u00e9livr\u00e9s par la municipalit\u00e9 de<strong> J\u00e9rusalem.<\/strong><\/p>\n<p>Selon les m\u00e9dias isra\u00e9liens, la municipalit\u00e9 a<a href=\"https:\/\/www.makan.org.il\/item\/?itemid=116462\" target=\"_blank\" rel=\"noopener\"> soumis<\/a> dimanche un dossier structurel pour <strong>At-Tur<\/strong> et la ville toute proche d\u2019<strong>al-Issawiya<\/strong>, lequel dossiers devra \u00eatre discut\u00e9 et approuv\u00e9 par les autorit\u00e9s. On n\u2019est toutefois pas certain du tout que le plan permettra aux r\u00e9sidents d\u2019obtenir des permis, ce qui constitue<a href=\"https:\/\/64d2b920-2cb4-439e-88ef-0e686c650022.usrfiles.com\/ugd\/64d2b9_6a0ea127cbe1488582d14f41a7fe8399.pdf\" target=\"_blank\" rel=\"noopener\"> un processus de longue haleine et co\u00fbteux,<\/a> pour des b\u00e2timents existants ou neufs.<\/p>\n<p>Au moins un tiers de toutes les habitations palestiniennes de<strong> J\u00e9rusalem-Est occup\u00e9e<\/strong> n\u2019ont pas de permis de b\u00e2tir, ce qui expose potentiellement plus de 100&nbsp;000 r\u00e9sidents au risque de se voir expuls\u00e9s, <a href=\"https:\/\/www.ochaopt.org\/content\/wadi-yasul-community-risk-mass-displacement\" target=\"_blank\" rel=\"noopener\">selon<\/a> l\u2019<strong>OCHA.<\/strong><\/p>\n<p>Les ONG et organisations de d\u00e9fense des droits au niveau local pointent depuis longtemps du doigt toute une s\u00e9rie de pratiques et mesures isra\u00e9liennes \u00e0 <strong>J\u00e9rusalem<\/strong> qui visent \u00e0 modifier le ratio d\u00e9mographique en faveur des juifs, un objectif <a href=\"https:\/\/www.hrw.org\/node\/307513\/printable\/print\" target=\"_blank\" rel=\"noopener\">d\u00e9fini par le ma\u00eetre plan 2000<\/a> de la municipalit\u00e9 comme une <em>\u00ab&nbsp;n\u00e9cessit\u00e9 de disposer d\u2019une solide majorit\u00e9 juive dans la ville&nbsp;\u00bb. &nbsp;<\/em><\/p>\n<p>L\u2019expansion ill\u00e9gale des colonies, les d\u00e9molitions de maisons palestiniennes et les restrictions sur le d\u00e9veloppement urbain constituent certaines des principales mani\u00e8res utilis\u00e9es pour atteindre cet objectif, estiment les organisations de d\u00e9fense des droits. &nbsp;<\/p>\n<p><strong>&nbsp;<\/strong><\/p>\n<h2><strong><em>\u00ab&nbsp;Pas d\u2019excuse&nbsp;\u00bb<\/em> <\/strong><\/h2>\n<p>Quand nous retournons \u00e0 la maison familiale des <strong>al-Ghouj, Iyad<\/strong>, qui vit avec ses parents en m\u00eame temps que ses deux fils, sa femme et d\u2019autres proches, fr\u00e8res et s\u0153urs, dans l\u2019appartement de trois chambres \u00e0 coucher, explique \u00e0 <i>Al Jazeera<\/i> qu\u2019il esp\u00e8re que ses enfants<em> \u00ab&nbsp;conna\u00eetront un meilleur avenir&nbsp;\u00bb<\/em> que le sien.<\/p>\n<blockquote><p>\u00ab&nbsp;Il n\u2019y a pas d\u2019alternative pour nous \u2013 nous n\u2019avons nulle part o\u00f9 aller. Il existe d\u2019\u00e9normes espaces, ici, ils n\u2019ont pas d\u2019excuse pour nous interdire de disposer d\u2019un permis&nbsp;\u00bb,<\/p><\/blockquote>\n<p>d\u00e9clare <strong>Iyad<\/strong>, en montrant du doigt le vaste espace ouvert qui jouxte l\u2019immeuble.<\/p>\n<blockquote><p>\u00ab Le monde devrait venir voir de plus pr\u00e8s l\u2019injustice et l\u2019indignit\u00e9 dans laquelle le peuple palestinien est contraint de vivre. Nous ne sommes pas le premier peuple, ni non plus le dernier, \u00e0 subir cela. \u00bb<\/p><\/blockquote>\n<blockquote><p>\u00ab&nbsp;Nous voyons comment, dans des colonies comme Modi\u2019in, les b\u00e2timents jaillissent du sol, ou comment, en Cisjordanie, une poign\u00e9e de colons installent des mobil-homes qui, au bout de quelques ann\u00e9es \u00e0 peine, deviennent une colonie bien implant\u00e9e&nbsp;\u00bb,<\/p><\/blockquote>\n<p>dit <strong>Iyad.<\/strong><\/p>\n<p><strong>Fayez Khalafawi<\/strong>, 60 ans, dont la famille poss\u00e8de deux appartements dans l\u2019immeuble, se dit d\u2019accord.<\/p>\n<blockquote><p>\u00ab&nbsp;Si nous amenons des colons pour qu\u2019ils vivent ici, en 24 heures, ils auront un permis et l\u2019\u00c9tat fera tout ce qu\u2019il peut pour eux&nbsp;\u00bb,<\/p><\/blockquote>\n<p>d\u00e9clare-t-il. &nbsp;<\/p>\n<blockquote><p>\u00ab&nbsp;La municipalit\u00e9 de J\u00e9rusalem ne veut pas qu\u2019il y ait des Palestiniens \u00e0 J\u00e9rusalem.&nbsp;\u00bb<\/p><\/blockquote>\n<p style=\"text-align: center;\">\u00b0\u00b0\u00b0\u00b0\u00b0<\/p>\n<p>Publi\u00e9 le 9 novembre sur <a href=\"https:\/\/www.aljazeera.com\/news\/2021\/11\/9\/jerusalem-palestinians-at-risk-of-displacement-due-to-demolition\" target=\"_blank\" rel=\"noopener\">Al Jazeera<\/a><br \/>\nTraduction : Jean-Marie Fl\u00e9mal, <a href=\"https:\/\/charleroi-pourlapalestine.be\/\" target=\"_blank\" rel=\"noopener\">Charleroi pour la Palestine<\/a><i><br \/>\n<\/i><\/p>\n","protected":false},"excerpt":{"rendered":"<p>Les d\u00e9molitions de maisons palestiniennes et l\u2019expansion ill\u00e9gale des colonies font partie d&rsquo;un plan visant une majorit\u00e9 juive \u00e0 J\u00e9rusalem.<\/p>\n","protected":false},"author":1,"featured_media":32063,"comment_status":"closed","ping_status":"closed","sticky":false,"template":"","format":"standard","meta":{"ngg_post_thumbnail":0,"footnotes":""},"categories":[8,25],"tags":[],"class_list":["post-32040","post","type-post","status-publish","format-standard","has-post-thumbnail","hentry","category-jerusalem","category-la-resistance-palestinienne"],"yoast_head":"<!-- This site is optimized with the Yoast SEO plugin v27.3 - https:\/\/yoast.com\/product\/yoast-seo-wordpress\/ -->\n<title>J\u00e9rusalem : 70 Palestiniens risquent d\u2019\u00eatre d\u00e9plac\u00e9s \u00e0 cause des d\u00e9molitions<\/title>\n<meta name=\"description\" content=\"Les d\u00e9molitions de maisons palestiniennes et l\u2019expansion ill\u00e9gale des colonies font partie d&#039;un plan visant une majorit\u00e9 juive \u00e0 J\u00e9rusalem\" \/>\n<meta name=\"robots\" content=\"index, follow, max-snippet:-1, max-image-preview:large, max-video-preview:-1\" \/>\n<link rel=\"canonical\" href=\"https:\/\/charleroi-pourlapalestine.be\/index.php\/2021\/11\/13\/jerusalem-des-palestiniens-risquent-detre-deplaces-a-cause-des-demolitions\/\" \/>\n<script type=\"application\/ld+json\" class=\"yoast-schema-graph\">{\"@context\":\"https:\\\/\\\/schema.org\",\"@graph\":[{\"@type\":\"Article\",\"@id\":\"https:\\\/\\\/charleroi-pourlapalestine.be\\\/index.php\\\/2021\\\/11\\\/13\\\/jerusalem-des-palestiniens-risquent-detre-deplaces-a-cause-des-demolitions\\\/#article\",\"isPartOf\":{\"@id\":\"https:\\\/\\\/charleroi-pourlapalestine.be\\\/index.php\\\/2021\\\/11\\\/13\\\/jerusalem-des-palestiniens-risquent-detre-deplaces-a-cause-des-demolitions\\\/\"},\"author\":{\"name\":\"admin1873\",\"@id\":\"https:\\\/\\\/charleroi-pourlapalestine.be\\\/#\\\/schema\\\/person\\\/c19ff515112f1299d8c12671d8fe3faa\"},\"headline\":\"J\u00e9rusalem : 70 Palestiniens risquent d\u2019\u00eatre d\u00e9plac\u00e9s \u00e0 cause des d\u00e9molitions\",\"datePublished\":\"2021-11-13T07:27:55+00:00\",\"dateModified\":\"2021-11-13T07:27:56+00:00\",\"mainEntityOfPage\":{\"@id\":\"https:\\\/\\\/charleroi-pourlapalestine.be\\\/index.php\\\/2021\\\/11\\\/13\\\/jerusalem-des-palestiniens-risquent-detre-deplaces-a-cause-des-demolitions\\\/\"},\"wordCount\":2400,\"publisher\":{\"@id\":\"https:\\\/\\\/charleroi-pourlapalestine.be\\\/#organization\"},\"image\":{\"@id\":\"https:\\\/\\\/charleroi-pourlapalestine.be\\\/index.php\\\/2021\\\/11\\\/13\\\/jerusalem-des-palestiniens-risquent-detre-deplaces-a-cause-des-demolitions\\\/#primaryimage\"},\"thumbnailUrl\":\"https:\\\/\\\/charleroi-pourlapalestine.be\\\/wp-content\\\/uploads\\\/2021\\\/11\\\/Mere-et-fils-Jerusalem-e1636785933790.jpg\",\"articleSection\":[\"J\u00e9rusalem\",\"R\u00e9sistance\"],\"inLanguage\":\"fr-FR\"},{\"@type\":\"WebPage\",\"@id\":\"https:\\\/\\\/charleroi-pourlapalestine.be\\\/index.php\\\/2021\\\/11\\\/13\\\/jerusalem-des-palestiniens-risquent-detre-deplaces-a-cause-des-demolitions\\\/\",\"url\":\"https:\\\/\\\/charleroi-pourlapalestine.be\\\/index.php\\\/2021\\\/11\\\/13\\\/jerusalem-des-palestiniens-risquent-detre-deplaces-a-cause-des-demolitions\\\/\",\"name\":\"J\u00e9rusalem : 70 Palestiniens risquent d\u2019\u00eatre d\u00e9plac\u00e9s \u00e0 cause des d\u00e9molitions\",\"isPartOf\":{\"@id\":\"https:\\\/\\\/charleroi-pourlapalestine.be\\\/#website\"},\"primaryImageOfPage\":{\"@id\":\"https:\\\/\\\/charleroi-pourlapalestine.be\\\/index.php\\\/2021\\\/11\\\/13\\\/jerusalem-des-palestiniens-risquent-detre-deplaces-a-cause-des-demolitions\\\/#primaryimage\"},\"image\":{\"@id\":\"https:\\\/\\\/charleroi-pourlapalestine.be\\\/index.php\\\/2021\\\/11\\\/13\\\/jerusalem-des-palestiniens-risquent-detre-deplaces-a-cause-des-demolitions\\\/#primaryimage\"},\"thumbnailUrl\":\"https:\\\/\\\/charleroi-pourlapalestine.be\\\/wp-content\\\/uploads\\\/2021\\\/11\\\/Mere-et-fils-Jerusalem-e1636785933790.jpg\",\"datePublished\":\"2021-11-13T07:27:55+00:00\",\"dateModified\":\"2021-11-13T07:27:56+00:00\",\"description\":\"Les d\u00e9molitions de maisons palestiniennes et l\u2019expansion ill\u00e9gale des colonies font partie d'un plan visant une majorit\u00e9 juive \u00e0 J\u00e9rusalem\",\"breadcrumb\":{\"@id\":\"https:\\\/\\\/charleroi-pourlapalestine.be\\\/index.php\\\/2021\\\/11\\\/13\\\/jerusalem-des-palestiniens-risquent-detre-deplaces-a-cause-des-demolitions\\\/#breadcrumb\"},\"inLanguage\":\"fr-FR\",\"potentialAction\":[{\"@type\":\"ReadAction\",\"target\":[\"https:\\\/\\\/charleroi-pourlapalestine.be\\\/index.php\\\/2021\\\/11\\\/13\\\/jerusalem-des-palestiniens-risquent-detre-deplaces-a-cause-des-demolitions\\\/\"]}]},{\"@type\":\"ImageObject\",\"inLanguage\":\"fr-FR\",\"@id\":\"https:\\\/\\\/charleroi-pourlapalestine.be\\\/index.php\\\/2021\\\/11\\\/13\\\/jerusalem-des-palestiniens-risquent-detre-deplaces-a-cause-des-demolitions\\\/#primaryimage\",\"url\":\"https:\\\/\\\/charleroi-pourlapalestine.be\\\/wp-content\\\/uploads\\\/2021\\\/11\\\/Mere-et-fils-Jerusalem-e1636785933790.jpg\",\"contentUrl\":\"https:\\\/\\\/charleroi-pourlapalestine.be\\\/wp-content\\\/uploads\\\/2021\\\/11\\\/Mere-et-fils-Jerusalem-e1636785933790.jpg\",\"width\":492,\"height\":320},{\"@type\":\"BreadcrumbList\",\"@id\":\"https:\\\/\\\/charleroi-pourlapalestine.be\\\/index.php\\\/2021\\\/11\\\/13\\\/jerusalem-des-palestiniens-risquent-detre-deplaces-a-cause-des-demolitions\\\/#breadcrumb\",\"itemListElement\":[{\"@type\":\"ListItem\",\"position\":1,\"name\":\"Accueil\",\"item\":\"https:\\\/\\\/charleroi-pourlapalestine.be\\\/\"},{\"@type\":\"ListItem\",\"position\":2,\"name\":\"J\u00e9rusalem : 70 Palestiniens risquent d\u2019\u00eatre d\u00e9plac\u00e9s \u00e0 cause des d\u00e9molitions\"}]},{\"@type\":\"WebSite\",\"@id\":\"https:\\\/\\\/charleroi-pourlapalestine.be\\\/#website\",\"url\":\"https:\\\/\\\/charleroi-pourlapalestine.be\\\/\",\"name\":\"Charleroi Pour la Palestine\",\"description\":\"\",\"publisher\":{\"@id\":\"https:\\\/\\\/charleroi-pourlapalestine.be\\\/#organization\"},\"potentialAction\":[{\"@type\":\"SearchAction\",\"target\":{\"@type\":\"EntryPoint\",\"urlTemplate\":\"https:\\\/\\\/charleroi-pourlapalestine.be\\\/?s={search_term_string}\"},\"query-input\":{\"@type\":\"PropertyValueSpecification\",\"valueRequired\":true,\"valueName\":\"search_term_string\"}}],\"inLanguage\":\"fr-FR\"},{\"@type\":\"Organization\",\"@id\":\"https:\\\/\\\/charleroi-pourlapalestine.be\\\/#organization\",\"name\":\"Plate-forme Charleroi-Palestine\",\"url\":\"https:\\\/\\\/charleroi-pourlapalestine.be\\\/\",\"logo\":{\"@type\":\"ImageObject\",\"inLanguage\":\"fr-FR\",\"@id\":\"https:\\\/\\\/charleroi-pourlapalestine.be\\\/#\\\/schema\\\/logo\\\/image\\\/\",\"url\":\"https:\\\/\\\/charleroi-pourlapalestine.be\\\/wp-content\\\/uploads\\\/2020\\\/01\\\/logo-Copy.jpg\",\"contentUrl\":\"https:\\\/\\\/charleroi-pourlapalestine.be\\\/wp-content\\\/uploads\\\/2020\\\/01\\\/logo-Copy.jpg\",\"width\":180,\"height\":180,\"caption\":\"Plate-forme Charleroi-Palestine\"},\"image\":{\"@id\":\"https:\\\/\\\/charleroi-pourlapalestine.be\\\/#\\\/schema\\\/logo\\\/image\\\/\"},\"sameAs\":[\"https:\\\/\\\/www.facebook.com\\\/PlateformeCharleroiPalestine\\\/\",\"https:\\\/\\\/x.com\\\/LaCharleroi\"]},{\"@type\":\"Person\",\"@id\":\"https:\\\/\\\/charleroi-pourlapalestine.be\\\/#\\\/schema\\\/person\\\/c19ff515112f1299d8c12671d8fe3faa\",\"name\":\"admin1873\",\"url\":\"https:\\\/\\\/charleroi-pourlapalestine.be\\\/index.php\\\/author\\\/admin1873\\\/\"}]}<\/script>\n<!-- \/ Yoast SEO plugin. -->","yoast_head_json":{"title":"J\u00e9rusalem : 70 Palestiniens risquent d\u2019\u00eatre d\u00e9plac\u00e9s \u00e0 cause des d\u00e9molitions","description":"Les d\u00e9molitions de maisons palestiniennes et l\u2019expansion ill\u00e9gale des colonies font partie d'un plan visant une majorit\u00e9 juive \u00e0 J\u00e9rusalem","robots":{"index":"index","follow":"follow","max-snippet":"max-snippet:-1","max-image-preview":"max-image-preview:large","max-video-preview":"max-video-preview:-1"},"canonical":"https:\/\/charleroi-pourlapalestine.be\/index.php\/2021\/11\/13\/jerusalem-des-palestiniens-risquent-detre-deplaces-a-cause-des-demolitions\/","schema":{"@context":"https:\/\/schema.org","@graph":[{"@type":"Article","@id":"https:\/\/charleroi-pourlapalestine.be\/index.php\/2021\/11\/13\/jerusalem-des-palestiniens-risquent-detre-deplaces-a-cause-des-demolitions\/#article","isPartOf":{"@id":"https:\/\/charleroi-pourlapalestine.be\/index.php\/2021\/11\/13\/jerusalem-des-palestiniens-risquent-detre-deplaces-a-cause-des-demolitions\/"},"author":{"name":"admin1873","@id":"https:\/\/charleroi-pourlapalestine.be\/#\/schema\/person\/c19ff515112f1299d8c12671d8fe3faa"},"headline":"J\u00e9rusalem : 70 Palestiniens risquent d\u2019\u00eatre d\u00e9plac\u00e9s \u00e0 cause des d\u00e9molitions","datePublished":"2021-11-13T07:27:55+00:00","dateModified":"2021-11-13T07:27:56+00:00","mainEntityOfPage":{"@id":"https:\/\/charleroi-pourlapalestine.be\/index.php\/2021\/11\/13\/jerusalem-des-palestiniens-risquent-detre-deplaces-a-cause-des-demolitions\/"},"wordCount":2400,"publisher":{"@id":"https:\/\/charleroi-pourlapalestine.be\/#organization"},"image":{"@id":"https:\/\/charleroi-pourlapalestine.be\/index.php\/2021\/11\/13\/jerusalem-des-palestiniens-risquent-detre-deplaces-a-cause-des-demolitions\/#primaryimage"},"thumbnailUrl":"https:\/\/charleroi-pourlapalestine.be\/wp-content\/uploads\/2021\/11\/Mere-et-fils-Jerusalem-e1636785933790.jpg","articleSection":["J\u00e9rusalem","R\u00e9sistance"],"inLanguage":"fr-FR"},{"@type":"WebPage","@id":"https:\/\/charleroi-pourlapalestine.be\/index.php\/2021\/11\/13\/jerusalem-des-palestiniens-risquent-detre-deplaces-a-cause-des-demolitions\/","url":"https:\/\/charleroi-pourlapalestine.be\/index.php\/2021\/11\/13\/jerusalem-des-palestiniens-risquent-detre-deplaces-a-cause-des-demolitions\/","name":"J\u00e9rusalem : 70 Palestiniens risquent d\u2019\u00eatre d\u00e9plac\u00e9s \u00e0 cause des d\u00e9molitions","isPartOf":{"@id":"https:\/\/charleroi-pourlapalestine.be\/#website"},"primaryImageOfPage":{"@id":"https:\/\/charleroi-pourlapalestine.be\/index.php\/2021\/11\/13\/jerusalem-des-palestiniens-risquent-detre-deplaces-a-cause-des-demolitions\/#primaryimage"},"image":{"@id":"https:\/\/charleroi-pourlapalestine.be\/index.php\/2021\/11\/13\/jerusalem-des-palestiniens-risquent-detre-deplaces-a-cause-des-demolitions\/#primaryimage"},"thumbnailUrl":"https:\/\/charleroi-pourlapalestine.be\/wp-content\/uploads\/2021\/11\/Mere-et-fils-Jerusalem-e1636785933790.jpg","datePublished":"2021-11-13T07:27:55+00:00","dateModified":"2021-11-13T07:27:56+00:00","description":"Les d\u00e9molitions de maisons palestiniennes et l\u2019expansion ill\u00e9gale des colonies font partie d'un plan visant une majorit\u00e9 juive \u00e0 J\u00e9rusalem","breadcrumb":{"@id":"https:\/\/charleroi-pourlapalestine.be\/index.php\/2021\/11\/13\/jerusalem-des-palestiniens-risquent-detre-deplaces-a-cause-des-demolitions\/#breadcrumb"},"inLanguage":"fr-FR","potentialAction":[{"@type":"ReadAction","target":["https:\/\/charleroi-pourlapalestine.be\/index.php\/2021\/11\/13\/jerusalem-des-palestiniens-risquent-detre-deplaces-a-cause-des-demolitions\/"]}]},{"@type":"ImageObject","inLanguage":"fr-FR","@id":"https:\/\/charleroi-pourlapalestine.be\/index.php\/2021\/11\/13\/jerusalem-des-palestiniens-risquent-detre-deplaces-a-cause-des-demolitions\/#primaryimage","url":"https:\/\/charleroi-pourlapalestine.be\/wp-content\/uploads\/2021\/11\/Mere-et-fils-Jerusalem-e1636785933790.jpg","contentUrl":"https:\/\/charleroi-pourlapalestine.be\/wp-content\/uploads\/2021\/11\/Mere-et-fils-Jerusalem-e1636785933790.jpg","width":492,"height":320},{"@type":"BreadcrumbList","@id":"https:\/\/charleroi-pourlapalestine.be\/index.php\/2021\/11\/13\/jerusalem-des-palestiniens-risquent-detre-deplaces-a-cause-des-demolitions\/#breadcrumb","itemListElement":[{"@type":"ListItem","position":1,"name":"Accueil","item":"https:\/\/charleroi-pourlapalestine.be\/"},{"@type":"ListItem","position":2,"name":"J\u00e9rusalem : 70 Palestiniens risquent d\u2019\u00eatre d\u00e9plac\u00e9s \u00e0 cause des d\u00e9molitions"}]},{"@type":"WebSite","@id":"https:\/\/charleroi-pourlapalestine.be\/#website","url":"https:\/\/charleroi-pourlapalestine.be\/","name":"Charleroi Pour la Palestine","description":"","publisher":{"@id":"https:\/\/charleroi-pourlapalestine.be\/#organization"},"potentialAction":[{"@type":"SearchAction","target":{"@type":"EntryPoint","urlTemplate":"https:\/\/charleroi-pourlapalestine.be\/?s={search_term_string}"},"query-input":{"@type":"PropertyValueSpecification","valueRequired":true,"valueName":"search_term_string"}}],"inLanguage":"fr-FR"},{"@type":"Organization","@id":"https:\/\/charleroi-pourlapalestine.be\/#organization","name":"Plate-forme Charleroi-Palestine","url":"https:\/\/charleroi-pourlapalestine.be\/","logo":{"@type":"ImageObject","inLanguage":"fr-FR","@id":"https:\/\/charleroi-pourlapalestine.be\/#\/schema\/logo\/image\/","url":"https:\/\/charleroi-pourlapalestine.be\/wp-content\/uploads\/2020\/01\/logo-Copy.jpg","contentUrl":"https:\/\/charleroi-pourlapalestine.be\/wp-content\/uploads\/2020\/01\/logo-Copy.jpg","width":180,"height":180,"caption":"Plate-forme Charleroi-Palestine"},"image":{"@id":"https:\/\/charleroi-pourlapalestine.be\/#\/schema\/logo\/image\/"},"sameAs":["https:\/\/www.facebook.com\/PlateformeCharleroiPalestine\/","https:\/\/x.com\/LaCharleroi"]},{"@type":"Person","@id":"https:\/\/charleroi-pourlapalestine.be\/#\/schema\/person\/c19ff515112f1299d8c12671d8fe3faa","name":"admin1873","url":"https:\/\/charleroi-pourlapalestine.be\/index.php\/author\/admin1873\/"}]}},"_links":{"self":[{"href":"https:\/\/charleroi-pourlapalestine.be\/index.php\/wp-json\/wp\/v2\/posts\/32040","targetHints":{"allow":["GET"]}}],"collection":[{"href":"https:\/\/charleroi-pourlapalestine.be\/index.php\/wp-json\/wp\/v2\/posts"}],"about":[{"href":"https:\/\/charleroi-pourlapalestine.be\/index.php\/wp-json\/wp\/v2\/types\/post"}],"author":[{"embeddable":true,"href":"https:\/\/charleroi-pourlapalestine.be\/index.php\/wp-json\/wp\/v2\/users\/1"}],"replies":[{"embeddable":true,"href":"https:\/\/charleroi-pourlapalestine.be\/index.php\/wp-json\/wp\/v2\/comments?post=32040"}],"version-history":[{"count":0,"href":"https:\/\/charleroi-pourlapalestine.be\/index.php\/wp-json\/wp\/v2\/posts\/32040\/revisions"}],"wp:featuredmedia":[{"embeddable":true,"href":"https:\/\/charleroi-pourlapalestine.be\/index.php\/wp-json\/wp\/v2\/media\/32063"}],"wp:attachment":[{"href":"https:\/\/charleroi-pourlapalestine.be\/index.php\/wp-json\/wp\/v2\/media?parent=32040"}],"wp:term":[{"taxonomy":"category","embeddable":true,"href":"https:\/\/charleroi-pourlapalestine.be\/index.php\/wp-json\/wp\/v2\/categories?post=32040"},{"taxonomy":"post_tag","embeddable":true,"href":"https:\/\/charleroi-pourlapalestine.be\/index.php\/wp-json\/wp\/v2\/tags?post=32040"}],"curies":[{"name":"wp","href":"https:\/\/api.w.org\/{rel}","templated":true}]}}