{"id":32082,"date":"2021-11-14T12:03:26","date_gmt":"2021-11-14T11:03:26","guid":{"rendered":"https:\/\/charleroi-pourlapalestine.be\/?p=32082"},"modified":"2021-11-14T12:11:06","modified_gmt":"2021-11-14T11:11:06","slug":"lue-a-t-elle-reellement-ete-choquee-par-lassassinat-de-lenfant-muhammad-amjad-dadas","status":"publish","type":"post","link":"https:\/\/charleroi-pourlapalestine.be\/index.php\/2021\/11\/14\/lue-a-t-elle-reellement-ete-choquee-par-lassassinat-de-lenfant-muhammad-amjad-dadas\/","title":{"rendered":"L\u2019UE a-t-elle r\u00e9ellement \u00e9t\u00e9 choqu\u00e9e par l\u2019assassinat de l&rsquo;enfant  Muhammad Amjad Dadas ?"},"content":{"rendered":"<p><em>Les repr\u00e9sentants de l\u2019<strong>UE<\/strong> \u00e0 Ramallah se disent choqu\u00e9s par la mort de <strong>Muhammad Amjad Dadas<\/strong>. Mais ils ne r\u00e9clament pas de sanctions. <\/em><em>Au contraire, l\u2019<strong>UE<\/strong> est en fait sur le point de donner <strong>un coup de pouce \u00e0 ses relations avec Isra\u00ebl. &nbsp;<\/strong><br><\/em><\/p>\n<p>&nbsp;<\/p>\n<div id=\"attachment_32086\" style=\"width: 579px\" class=\"wp-caption aligncenter\"><img loading=\"lazy\" decoding=\"async\" aria-describedby=\"caption-attachment-32086\" class=\"wp-image-32086 size-full\" src=\"https:\/\/charleroi-pourlapalestine.be\/wp-content\/uploads\/2021\/11\/muhammad-dadas-e1636820603543.png\" alt=\"Muhammad Amjad Dadas, 15 ans, abattu par un sniper isra\u00e9lien. (Photo&nbsp;: Defense for Children International \u2013 Palestine)\" width=\"569\" height=\"320\"><p id=\"caption-attachment-32086\" class=\"wp-caption-text\">Muhammad Amjad Dadas, 15 ans, abattu par un sniper isra\u00e9lien. (Photo&nbsp;: Defense for Children International \u2013 Palestine)<\/p><\/div>\n<p><a href=\"https:\/\/charleroi-pourlapalestine.be\/index.php\/tag\/tamara-nassar\/\" target=\"_blank\" rel=\"noopener\"><strong>Tamara Nassar<\/strong><\/a>, 9 novembre 2011<\/p>\n<p>Un enfant palestinien a \u00e9t\u00e9 tu\u00e9 par les forces isra\u00e9liennes, vendredi dernier.<\/p>\n<p><strong>Muhammad Amjad Dadas<\/strong> s\u2019\u00e9tait rendu au village de <strong>Deir al-Hatab,<\/strong> pr\u00e8s de la ville de Naplouse, en Cisjordanie occup\u00e9e, o\u00f9 les forces isra\u00e9liennes attaquaient les jeunes Palestiniens \u00e0 l\u2019aide de gaz lacrymog\u00e8nes et de grenades incapacitantes.<\/p>\n<p>Les Palestiniens protestaient contre l\u2019empi\u00e8tement de la colonie juive d\u2019<strong>Elon Moreh<\/strong> sur des terres qui avaient \u00e9t\u00e9 saisies de force au village.<\/p>\n<p><strong>Muhammad<\/strong>, 15 ans, accompagnait d\u2019autres jeunes du camp de r\u00e9fugi\u00e9s de <strong>New Askar,<\/strong> dans la p\u00e9riph\u00e9rie de <strong>Naplouse<\/strong>, a <a href=\"https:\/\/www.dci-palestine.org\/israeli_forces_shoot_kill_15_year_old_palestinian_boy_near_nablus\" target=\"_blank\" rel=\"noopener\">d\u00e9clar\u00e9<\/a> l\u2019organisation en faveur des droits humains <strong>Defense for Children International \u2013 Palestine (DCI-P).<\/strong><\/p>\n<p>Le gar\u00e7on <em>\u00ab&nbsp;s\u2019est rapproch\u00e9&nbsp;\u00bb<\/em> des soldats environ 30 minutes apr\u00e8s son arriv\u00e9e. Un sniper isra\u00e9lien l\u2019a abattu d\u2019une balle dans l\u2019abdomen \u00e0 une distance de 50 m\u00e8tres.<\/p>\n<p>Muhammad a \u00e9t\u00e9 transf\u00e9r\u00e9 \u00e0 l\u2019h\u00f4pital<strong> Rafidia<\/strong> \u00e0 <strong>Naplouse<\/strong> dans une voiture priv\u00e9e, alors qu\u2019il <em>\u00ab&nbsp;saignait abondamment&nbsp;\u00bb.<\/em><\/p>\n<p>Il a \u00e9t\u00e9 d\u00e9clar\u00e9 mort une heure apr\u00e8s son arriv\u00e9e.<\/p>\n<p>Dimanche, les condisciples de <strong>Muhammad<\/strong>, en 10<sup>e<\/sup> ann\u00e9e, ont laiss\u00e9 un petit sanctuaire sur son pupitre en t\u00e9moignant leur deuil.<\/p>\n<p>https:\/\/twitter.com\/ShehabAgency\/status\/1457336396591599618?ref_src=twsrc%5Etfw%7Ctwcamp%5Etweetembed%7Ctwterm%5E1457336396591599618%7Ctwgr%5E%7Ctwcon%5Es1_&#038;ref_url=https%3A%2F%2Felectronicintifada.net%2Fblogs%2Ftamara-nassar%2Feu-really-shocked-about-killing-palestinian-boy<\/p>\n<p>Les repr\u00e9sentants de l\u2019<strong>Union europ\u00e9enne<\/strong> dans la ville de Ramallah, en Cisjordanie, ont publi\u00e9 une d\u00e9claration exprimant le <em>\u00ab&nbsp;choc&nbsp;\u00bb<\/em> provoqu\u00e9 par la mort de <strong>Muhammad Amjad Dadas<\/strong>, la d\u00e9crivant comme un <em>\u00ab&nbsp;recours disproportionn\u00e9 \u00e0 la force l\u00e9tale&nbsp;\u00bb.<\/em> L\u2019<strong>UE<\/strong> n\u2019a pas pr\u00e9cis\u00e9 quel niveau de force l\u00e9tale elle consid\u00e9rait comme <em>\u00ab&nbsp;proportionn\u00e9&nbsp;\u00bb.<\/em><\/p>\n<p><blockquote class=\"twitter-tweet\" data-width=\"500\" data-dnt=\"true\"><p lang=\"en\" dir=\"ltr\">1\/2 Shocked by yet another killing of a child by the ISF. 15 year old Palestinian boy Mohammad Daddas died yesterday near Nablus as a result of\u00a0 the continued disproportionate use of lethal force by Israeli security forces.<\/p>&mdash; EU and Palestinians (@EUpalestinians) <a href=\"https:\/\/twitter.com\/EUpalestinians\/status\/1456996378320809988?ref_src=twsrc%5Etfw\">November 6, 2021<\/a><\/blockquote><script async src=\"https:\/\/platform.twitter.com\/widgets.js\" charset=\"utf-8\"><\/script><\/p>\n<p>Pas plus que les diplomates de l\u2019<strong>UE<\/strong> n\u2019ont r\u00e9clam\u00e9 que des sanctions soient impos\u00e9es \u00e0 Isra\u00ebl.<\/p>\n<p>Plut\u00f4t que d\u2019envisager des sanctions, l\u2019<strong>UE<\/strong> est en fait sur le point de donner <strong>un coup de pouce \u00e0 ses relations avec Isra\u00ebl. &nbsp;<\/strong><\/p>\n<p>Les entretiens concernant<strong> la participation d\u2019Isra\u00ebl au nouveau programme europ\u00e9en de recherche scientifique<\/strong> sont arriv\u00e9s \u00e0 leur<a href=\"https:\/\/ec.europa.eu\/info\/news\/european-commission-concludes-formal-negotiations-horizon-europe-association-israel-2021-oct-15_en\" target=\"_blank\" rel=\"noopener\"> conclusion<\/a> et il est tr\u00e8s probable qu\u2019un accord sera sign\u00e9 avant la fin de cette ann\u00e9e.<\/p>\n<p>Connu sous l\u2019appellation d\u2019<strong>Horizon Europe,<\/strong> ce programme a un<a href=\"https:\/\/ec.europa.eu\/info\/research-and-innovation\/funding\/funding-opportunities\/funding-programmes-and-open-calls\/horizon-europe_en\" target=\"_blank\" rel=\"noopener\"> budget total<\/a> de 110 milliards de dollars entre aujourd\u2019hui et l\u2019an 2027.<\/p>\n<p>Alors que les diplomates de l\u2019<strong>UE<\/strong> \u00e0 Ramallah peuvent pr\u00e9tendre avoir \u00e9t\u00e9 choqu\u00e9s, il n\u2019y a rien qui sort de l\u2019ordinaire dans l\u2019assassinat de<strong> Muhammad.<\/strong><\/p>\n<p>Jusqu\u2019\u00e0 pr\u00e9sent, en cette seule ann\u00e9e 2021, 15 enfants palestiniens ont \u00e9t\u00e9<a href=\"https:\/\/electronicintifada.net\/blogs\/ali-abunimah\/netherlands-rewards-israel-killing-gaza-children\" target=\"_blank\" rel=\"noopener\"> tu\u00e9s<\/a> par Isra\u00ebl en Cisjordanie, y compris \u00e0 J\u00e9rusalem-Est. Et plus de 60 enfants ont \u00e9t\u00e9 tu\u00e9s \u00e0 Gaza au moment o\u00f9 Isra\u00ebl l\u2019a bombard\u00e9e durant 11 jours d\u2019affil\u00e9e en mai.<\/p>\n<p>&nbsp;<\/p>\n<h2><b>\u00ab&nbsp;C\u2019\u00e9tait un petit gar\u00e7on innocent, souriant et enjou\u00e9&nbsp;\u00bb<\/b><\/h2>\n<p>Pendant ce temps, de nouveaux d\u00e9tails ont fait surface \u00e0 propos de<a href=\"https:\/\/electronicintifada.net\/blogs\/tamara-nassar\/israel-kills-15-year-old-night-attack-refugee-camp\" target=\"_blank\" rel=\"noopener\"> l\u2019assassinat d\u2019un autre adolescent<\/a> par Isra\u00ebl, au mois d\u2019ao\u00fbt dernier. &nbsp;<\/p>\n<p>D\u00e8s l\u2019aube du 24 ao\u00fbt, <strong>Imad Khaled Hashash<\/strong>, 15 ans, et son fr\u00e8re <strong>Muhammad,<\/strong> 19 ans, avaient \u00e9t\u00e9 \u00e9veill\u00e9s par un raid des forces isra\u00e9liennes dans le camp de r\u00e9fugi\u00e9s de <strong>Balata<\/strong>, \u00e0 <strong>Naplouse.<\/strong><\/p>\n<p>Les deux fr\u00e8res \u00e9taient mont\u00e9s sur le toit de leur maison pour voir ce qui se passait au moment o\u00f9 les forces isra\u00e9liennes envahissaient le camp et faisaient feu sur des Palestiniens qu\u2019elles venaient de rencontrer.<\/p>\n<p>L\u2019arm\u00e9e isra\u00e9lienne avait pr\u00e9tendu qu\u2019il y avait de<em> \u00ab&nbsp;violentes perturbations de la paix&nbsp;\u00bb.<\/em><\/p>\n<p>L\u2019arm\u00e9e avait affirm\u00e9 que quelqu\u2019un sur le toit tenait un objet large en main et qu\u2019il tentait de le jeter en bas. Il en \u00e9tait r\u00e9sult\u00e9 qu\u2019un soldat isra\u00e9lien s\u2019\u00e9tait empress\u00e9 d\u2019ouvrir le feu, avaient encore pr\u00e9tendu les militaires.<\/p>\n<p>Mais c\u2019est un mensonge absolu, a \u00e9tabli une <a href=\"https:\/\/www.btselem.org\/firearms\/20211104_killling_of_imad_al_hashash_in_balata_refugee_camp\" target=\"_blank\" rel=\"noopener\">enqu\u00eate<\/a> de l\u2019organisation isra\u00e9lienne des droits de l\u2019homme, <strong>B\u2019Tselem.<\/strong><\/p>\n<p><em>\u00ab&nbsp;Rien ne troublait la paix \u00e0 ce moment-l\u00e0&nbsp;\u00bb<\/em>, a d\u00e9clar\u00e9 l\u2019organisation.<\/p>\n<p><strong>Imad Hashash<\/strong> \u00e9tait <em>\u00ab&nbsp;debout sur le toit de sa maison en compagnie de son fr\u00e8re, et filmait les soldats au moment o\u00f9 ils sortaient du camp&nbsp;\u00bb.<\/em><\/p>\n<p>L\u2019homicide&nbsp;a \u00e9t\u00e9 commis sous les yeux du fr\u00e8re d\u2019<strong>Imad, Muhammad<\/strong>, et d\u2019un proche qui se trouvait sur le toit d\u2019en face. Les deux t\u00e9moins ont corrobor\u00e9 chacun le t\u00e9moignage de l\u2019autre.<\/p>\n<blockquote>\n<p>\u00ab&nbsp;J\u2019ai dit \u00e0 Imad de reculer, mais il voulait voir ce qui se passait et il filmait la chose avec son t\u00e9l\u00e9phone. Je l\u2019ai tir\u00e9 en arri\u00e8re&nbsp;\u00bb,<\/p>\n<\/blockquote>\n<p>a expliqu\u00e9 Muhammad \u00e0 B\u2019Tselem.<\/p>\n<blockquote>\n<p>\u00ab&nbsp;Imad s\u2019est de nouveau rapproch\u00e9 du bord pour voir ce qui se passait, puis j\u2019ai entendu un coup de feu et Imad est tomb\u00e9, le visage tourn\u00e9 vers le sol.&nbsp;\u00bb<\/p>\n<\/blockquote>\n<p>Le parent des deux fr\u00e8res, <strong>Ali Hashash<\/strong>, 25 ans, se tenait lui aussi sur le toit de sa maison pour regarder ce qui se passait dans le quartier au moment o\u00f9 <strong>Imad<\/strong> a \u00e9t\u00e9 tu\u00e9.<\/p>\n<blockquote>\n<p>\u00ab&nbsp;J\u2019ai remarqu\u00e9 l\u2019un des soldats qui regardait vers le haut et qui a point\u00e9 son arme. J\u2019ai signal\u00e9 \u00e0 Imad qu\u2019il devait reculer et que les soldats \u00e9taient en bas&nbsp;\u00bb,<\/p>\n<\/blockquote>\n<p>a d\u00e9clar\u00e9<strong> Ali<\/strong> aux gens de <em>B\u2019Tselem.<\/em><\/p>\n<blockquote>\n<p>\u00ab&nbsp;La rue est bien \u00e9clair\u00e9e et nous pouvions nous voir mutuellement&nbsp;\u00bb,<\/p>\n<\/blockquote>\n<p>a-t-il&nbsp;ajout\u00e9. &nbsp;<\/p>\n<blockquote>\n<p>\u00ab&nbsp;Imad a recul\u00e9 un peu et moi aussi, de fa\u00e7on \u00e0 ce que les soldats ne puissent me voir. Puis Imad s\u2019est avanc\u00e9 \u00e0 nouveau et a regard\u00e9 vers le bas et j\u2019ai entendu une d\u00e9tonation suivie de cris en provenance de sa maison.&nbsp;\u00bb<\/p>\n<\/blockquote>\n<p><strong>Muhammad <\/strong>et <strong>Ali<\/strong> ont d\u00e9crit comment les soldats isra\u00e9liens ont alors lanc\u00e9 des grenades de gaz lacrymog\u00e8ne dans les parages de la maison.<\/p>\n<p>L\u2019assassinat d\u2019<strong>Imad<\/strong> a laiss\u00e9 sa famille dans un \u00e9tat de chagrin profond.<\/p>\n<blockquote>\n<p>\u00ab&nbsp;Je ne puis comprendre pourquoi mon fr\u00e8re a \u00e9t\u00e9 tu\u00e9. Je l\u2019ai regard\u00e9 et \u00e7\u2019a \u00e9t\u00e9 comme un cauchemar&nbsp;\u00bb,<\/p>\n<\/blockquote>\n<p>a expliqu\u00e9 Muhammad.<\/p>\n<blockquote>\n<p>\u00ab&nbsp;Nous dormions sur un matelas au sol, l\u2019un \u00e0 c\u00f4t\u00e9 de l\u2019autre, chaque nuit. Si nous n\u2019avions pas entendu ces satan\u00e9s bruits dehors, Imad serait en classe avec ses amis, aujourd\u2019hui.&nbsp;\u00bb<\/p>\n<\/blockquote>\n<p>Le p\u00e8re d\u2019Imad, <strong>Khaled Hashash<\/strong>, a racont\u00e9 comment son fils plaisantait avec lui un peu plus t\u00f4t ce soir-l\u00e0, en lui disant qu\u2019il voulait se marier le jour m\u00eame.<\/p>\n<blockquote>\n<p>\u00ab&nbsp;Il m\u2019a chatouill\u00e9 sous l\u2019aisselle, puis s\u2019est mis \u00e0 rigoler&nbsp;\u00bb,<\/p>\n<\/blockquote>\n<p>rappelle Khaled.<\/p>\n<blockquote>\n<p>\u00ab&nbsp;Imad adorait plaisanter avec son entourage, mais je ne savais pas que ce serait la derni\u00e8re fois qu\u2019il plaisanterait avec moi. Si j\u2019avais pu le savoir&nbsp;!&nbsp;\u00bb,<\/p>\n<\/blockquote>\n<p>ajoute-t-il.<\/p>\n<blockquote>\n<p>\u00ab C\u2019\u00e9tait un petit gar\u00e7on innocent, souriant et enjou\u00e9 qui illuminait notre maison et tout le voisinage de sa joie. Ils l\u2019ont tu\u00e9 sans m\u00eame un avertissement, sans la moindre raison. \u00bb<\/p>\n<\/blockquote>\n<p style=\"text-align: center;\">\u00b0\u00b0\u00b0\u00b0\u00b0<\/p>\n<p style=\"text-align: center;\"><a href=\"https:\/\/charleroi-pourlapalestine.be\/index.php\/tag\/david-cronin\/\" target=\"_blank\" rel=\"noopener\"><strong>David Cronin<\/strong> <\/a>a contribu\u00e9 \u00e0 cet article. <i><\/i><\/p>\n<p>&nbsp;<\/p>\n<p><i>\u00b0\u00b0\u00b0\u00b0\u00b0<br><\/i><\/p>\n<hr>\n<p>Publi\u00e9 le 9 novembre 2021 sur<a href=\"https:\/\/electronicintifada.net\/blogs\/tamara-nassar\/eu-really-shocked-about-killing-palestinian-boy\" target=\"_blank\" rel=\"noopener\"> The Electronic Intifada<\/a><br>Traduction : Jean-Marie Fl\u00e9mal, <a href=\"https:\/\/charleroi-pourlapalestine.be\/\" target=\"_blank\" rel=\"noopener noreferrer\">Charleroi pour la Palestine<\/a><\/p>\n\n\n<p><\/p>\n","protected":false},"excerpt":{"rendered":"<p>Les repr\u00e9sentants de l&rsquo;UE \u00e0 Ramallah se dit \u00ab\u00a0choqu\u00e9s\u00a0\u00bb par la mort de Muhammad. Mais au lieu de r\u00e9clamer des sanctions, ils pr\u00e9parent de nouveaux accords avec Isra\u00ebl.<\/p>\n","protected":false},"author":1,"featured_media":32086,"comment_status":"closed","ping_status":"closed","sticky":false,"template":"","format":"standard","meta":{"ngg_post_thumbnail":0,"footnotes":""},"categories":[354,17,47,192,362,185],"tags":[],"class_list":["post-32082","post","type-post","status-publish","format-standard","has-post-thumbnail","hentry","category-dci-p","category-les-enfants-jeunes","category-loccupation-militaire","category-palestine","category-repression-lautorite-palestinienne","category-union-europeenne"],"yoast_head":"<!-- This site is optimized with the Yoast SEO plugin v27.3 - https:\/\/yoast.com\/product\/yoast-seo-wordpress\/ -->\n<title>L\u2019UE a-t-elle r\u00e9ellement \u00e9t\u00e9 choqu\u00e9e par l\u2019assassinat de l&#039;enfant Muhammad Amjad Dadas ?<\/title>\n<meta name=\"description\" content=\"L\u2019UE \u00e0 Ramallah se dit choqu\u00e9e par la mort de Muhammad Amjad Dadas. Mais au lieu de r\u00e9clamer des sanctions, ils pr\u00e9parent de nouveaux accords avec Isra\u00ebl.\" \/>\n<meta name=\"robots\" content=\"index, follow, max-snippet:-1, max-image-preview:large, max-video-preview:-1\" \/>\n<link rel=\"canonical\" href=\"https:\/\/charleroi-pourlapalestine.be\/index.php\/2021\/11\/14\/lue-a-t-elle-reellement-ete-choquee-par-lassassinat-de-lenfant-muhammad-amjad-dadas\/\" \/>\n<script type=\"application\/ld+json\" class=\"yoast-schema-graph\">{\"@context\":\"https:\\\/\\\/schema.org\",\"@graph\":[{\"@type\":\"Article\",\"@id\":\"https:\\\/\\\/charleroi-pourlapalestine.be\\\/index.php\\\/2021\\\/11\\\/14\\\/lue-a-t-elle-reellement-ete-choquee-par-lassassinat-de-lenfant-muhammad-amjad-dadas\\\/#article\",\"isPartOf\":{\"@id\":\"https:\\\/\\\/charleroi-pourlapalestine.be\\\/index.php\\\/2021\\\/11\\\/14\\\/lue-a-t-elle-reellement-ete-choquee-par-lassassinat-de-lenfant-muhammad-amjad-dadas\\\/\"},\"author\":{\"name\":\"admin1873\",\"@id\":\"https:\\\/\\\/charleroi-pourlapalestine.be\\\/#\\\/schema\\\/person\\\/c19ff515112f1299d8c12671d8fe3faa\"},\"headline\":\"L\u2019UE a-t-elle r\u00e9ellement \u00e9t\u00e9 choqu\u00e9e par l\u2019assassinat de l&rsquo;enfant Muhammad Amjad Dadas ?\",\"datePublished\":\"2021-11-14T11:03:26+00:00\",\"dateModified\":\"2021-11-14T11:11:06+00:00\",\"mainEntityOfPage\":{\"@id\":\"https:\\\/\\\/charleroi-pourlapalestine.be\\\/index.php\\\/2021\\\/11\\\/14\\\/lue-a-t-elle-reellement-ete-choquee-par-lassassinat-de-lenfant-muhammad-amjad-dadas\\\/\"},\"wordCount\":1366,\"publisher\":{\"@id\":\"https:\\\/\\\/charleroi-pourlapalestine.be\\\/#organization\"},\"image\":{\"@id\":\"https:\\\/\\\/charleroi-pourlapalestine.be\\\/index.php\\\/2021\\\/11\\\/14\\\/lue-a-t-elle-reellement-ete-choquee-par-lassassinat-de-lenfant-muhammad-amjad-dadas\\\/#primaryimage\"},\"thumbnailUrl\":\"https:\\\/\\\/charleroi-pourlapalestine.be\\\/wp-content\\\/uploads\\\/2021\\\/11\\\/muhammad-dadas-e1636820603543.png\",\"articleSection\":[\"DCI-P\",\"Enfants\",\"Occupation\",\"Palestine\",\"R\u00e9pression\",\"Union europ\u00e9enne\"],\"inLanguage\":\"fr-FR\"},{\"@type\":\"WebPage\",\"@id\":\"https:\\\/\\\/charleroi-pourlapalestine.be\\\/index.php\\\/2021\\\/11\\\/14\\\/lue-a-t-elle-reellement-ete-choquee-par-lassassinat-de-lenfant-muhammad-amjad-dadas\\\/\",\"url\":\"https:\\\/\\\/charleroi-pourlapalestine.be\\\/index.php\\\/2021\\\/11\\\/14\\\/lue-a-t-elle-reellement-ete-choquee-par-lassassinat-de-lenfant-muhammad-amjad-dadas\\\/\",\"name\":\"L\u2019UE a-t-elle r\u00e9ellement \u00e9t\u00e9 choqu\u00e9e par l\u2019assassinat de l'enfant Muhammad Amjad Dadas ?\",\"isPartOf\":{\"@id\":\"https:\\\/\\\/charleroi-pourlapalestine.be\\\/#website\"},\"primaryImageOfPage\":{\"@id\":\"https:\\\/\\\/charleroi-pourlapalestine.be\\\/index.php\\\/2021\\\/11\\\/14\\\/lue-a-t-elle-reellement-ete-choquee-par-lassassinat-de-lenfant-muhammad-amjad-dadas\\\/#primaryimage\"},\"image\":{\"@id\":\"https:\\\/\\\/charleroi-pourlapalestine.be\\\/index.php\\\/2021\\\/11\\\/14\\\/lue-a-t-elle-reellement-ete-choquee-par-lassassinat-de-lenfant-muhammad-amjad-dadas\\\/#primaryimage\"},\"thumbnailUrl\":\"https:\\\/\\\/charleroi-pourlapalestine.be\\\/wp-content\\\/uploads\\\/2021\\\/11\\\/muhammad-dadas-e1636820603543.png\",\"datePublished\":\"2021-11-14T11:03:26+00:00\",\"dateModified\":\"2021-11-14T11:11:06+00:00\",\"description\":\"L\u2019UE \u00e0 Ramallah se dit choqu\u00e9e par la mort de Muhammad Amjad Dadas. Mais au lieu de r\u00e9clamer des sanctions, ils pr\u00e9parent de nouveaux accords avec Isra\u00ebl.\",\"breadcrumb\":{\"@id\":\"https:\\\/\\\/charleroi-pourlapalestine.be\\\/index.php\\\/2021\\\/11\\\/14\\\/lue-a-t-elle-reellement-ete-choquee-par-lassassinat-de-lenfant-muhammad-amjad-dadas\\\/#breadcrumb\"},\"inLanguage\":\"fr-FR\",\"potentialAction\":[{\"@type\":\"ReadAction\",\"target\":[\"https:\\\/\\\/charleroi-pourlapalestine.be\\\/index.php\\\/2021\\\/11\\\/14\\\/lue-a-t-elle-reellement-ete-choquee-par-lassassinat-de-lenfant-muhammad-amjad-dadas\\\/\"]}]},{\"@type\":\"ImageObject\",\"inLanguage\":\"fr-FR\",\"@id\":\"https:\\\/\\\/charleroi-pourlapalestine.be\\\/index.php\\\/2021\\\/11\\\/14\\\/lue-a-t-elle-reellement-ete-choquee-par-lassassinat-de-lenfant-muhammad-amjad-dadas\\\/#primaryimage\",\"url\":\"https:\\\/\\\/charleroi-pourlapalestine.be\\\/wp-content\\\/uploads\\\/2021\\\/11\\\/muhammad-dadas-e1636820603543.png\",\"contentUrl\":\"https:\\\/\\\/charleroi-pourlapalestine.be\\\/wp-content\\\/uploads\\\/2021\\\/11\\\/muhammad-dadas-e1636820603543.png\",\"width\":569,\"height\":320},{\"@type\":\"BreadcrumbList\",\"@id\":\"https:\\\/\\\/charleroi-pourlapalestine.be\\\/index.php\\\/2021\\\/11\\\/14\\\/lue-a-t-elle-reellement-ete-choquee-par-lassassinat-de-lenfant-muhammad-amjad-dadas\\\/#breadcrumb\",\"itemListElement\":[{\"@type\":\"ListItem\",\"position\":1,\"name\":\"Accueil\",\"item\":\"https:\\\/\\\/charleroi-pourlapalestine.be\\\/\"},{\"@type\":\"ListItem\",\"position\":2,\"name\":\"L\u2019UE a-t-elle r\u00e9ellement \u00e9t\u00e9 choqu\u00e9e par l\u2019assassinat de l&#8217;enfant Muhammad Amjad Dadas ?\"}]},{\"@type\":\"WebSite\",\"@id\":\"https:\\\/\\\/charleroi-pourlapalestine.be\\\/#website\",\"url\":\"https:\\\/\\\/charleroi-pourlapalestine.be\\\/\",\"name\":\"Charleroi Pour la Palestine\",\"description\":\"\",\"publisher\":{\"@id\":\"https:\\\/\\\/charleroi-pourlapalestine.be\\\/#organization\"},\"potentialAction\":[{\"@type\":\"SearchAction\",\"target\":{\"@type\":\"EntryPoint\",\"urlTemplate\":\"https:\\\/\\\/charleroi-pourlapalestine.be\\\/?s={search_term_string}\"},\"query-input\":{\"@type\":\"PropertyValueSpecification\",\"valueRequired\":true,\"valueName\":\"search_term_string\"}}],\"inLanguage\":\"fr-FR\"},{\"@type\":\"Organization\",\"@id\":\"https:\\\/\\\/charleroi-pourlapalestine.be\\\/#organization\",\"name\":\"Plate-forme Charleroi-Palestine\",\"url\":\"https:\\\/\\\/charleroi-pourlapalestine.be\\\/\",\"logo\":{\"@type\":\"ImageObject\",\"inLanguage\":\"fr-FR\",\"@id\":\"https:\\\/\\\/charleroi-pourlapalestine.be\\\/#\\\/schema\\\/logo\\\/image\\\/\",\"url\":\"https:\\\/\\\/charleroi-pourlapalestine.be\\\/wp-content\\\/uploads\\\/2020\\\/01\\\/logo-Copy.jpg\",\"contentUrl\":\"https:\\\/\\\/charleroi-pourlapalestine.be\\\/wp-content\\\/uploads\\\/2020\\\/01\\\/logo-Copy.jpg\",\"width\":180,\"height\":180,\"caption\":\"Plate-forme Charleroi-Palestine\"},\"image\":{\"@id\":\"https:\\\/\\\/charleroi-pourlapalestine.be\\\/#\\\/schema\\\/logo\\\/image\\\/\"},\"sameAs\":[\"https:\\\/\\\/www.facebook.com\\\/PlateformeCharleroiPalestine\\\/\",\"https:\\\/\\\/x.com\\\/LaCharleroi\"]},{\"@type\":\"Person\",\"@id\":\"https:\\\/\\\/charleroi-pourlapalestine.be\\\/#\\\/schema\\\/person\\\/c19ff515112f1299d8c12671d8fe3faa\",\"name\":\"admin1873\",\"url\":\"https:\\\/\\\/charleroi-pourlapalestine.be\\\/index.php\\\/author\\\/admin1873\\\/\"}]}<\/script>\n<!-- \/ Yoast SEO plugin. -->","yoast_head_json":{"title":"L\u2019UE a-t-elle r\u00e9ellement \u00e9t\u00e9 choqu\u00e9e par l\u2019assassinat de l'enfant Muhammad Amjad Dadas ?","description":"L\u2019UE \u00e0 Ramallah se dit choqu\u00e9e par la mort de Muhammad Amjad Dadas. Mais au lieu de r\u00e9clamer des sanctions, ils pr\u00e9parent de nouveaux accords avec Isra\u00ebl.","robots":{"index":"index","follow":"follow","max-snippet":"max-snippet:-1","max-image-preview":"max-image-preview:large","max-video-preview":"max-video-preview:-1"},"canonical":"https:\/\/charleroi-pourlapalestine.be\/index.php\/2021\/11\/14\/lue-a-t-elle-reellement-ete-choquee-par-lassassinat-de-lenfant-muhammad-amjad-dadas\/","schema":{"@context":"https:\/\/schema.org","@graph":[{"@type":"Article","@id":"https:\/\/charleroi-pourlapalestine.be\/index.php\/2021\/11\/14\/lue-a-t-elle-reellement-ete-choquee-par-lassassinat-de-lenfant-muhammad-amjad-dadas\/#article","isPartOf":{"@id":"https:\/\/charleroi-pourlapalestine.be\/index.php\/2021\/11\/14\/lue-a-t-elle-reellement-ete-choquee-par-lassassinat-de-lenfant-muhammad-amjad-dadas\/"},"author":{"name":"admin1873","@id":"https:\/\/charleroi-pourlapalestine.be\/#\/schema\/person\/c19ff515112f1299d8c12671d8fe3faa"},"headline":"L\u2019UE a-t-elle r\u00e9ellement \u00e9t\u00e9 choqu\u00e9e par l\u2019assassinat de l&rsquo;enfant Muhammad Amjad Dadas ?","datePublished":"2021-11-14T11:03:26+00:00","dateModified":"2021-11-14T11:11:06+00:00","mainEntityOfPage":{"@id":"https:\/\/charleroi-pourlapalestine.be\/index.php\/2021\/11\/14\/lue-a-t-elle-reellement-ete-choquee-par-lassassinat-de-lenfant-muhammad-amjad-dadas\/"},"wordCount":1366,"publisher":{"@id":"https:\/\/charleroi-pourlapalestine.be\/#organization"},"image":{"@id":"https:\/\/charleroi-pourlapalestine.be\/index.php\/2021\/11\/14\/lue-a-t-elle-reellement-ete-choquee-par-lassassinat-de-lenfant-muhammad-amjad-dadas\/#primaryimage"},"thumbnailUrl":"https:\/\/charleroi-pourlapalestine.be\/wp-content\/uploads\/2021\/11\/muhammad-dadas-e1636820603543.png","articleSection":["DCI-P","Enfants","Occupation","Palestine","R\u00e9pression","Union europ\u00e9enne"],"inLanguage":"fr-FR"},{"@type":"WebPage","@id":"https:\/\/charleroi-pourlapalestine.be\/index.php\/2021\/11\/14\/lue-a-t-elle-reellement-ete-choquee-par-lassassinat-de-lenfant-muhammad-amjad-dadas\/","url":"https:\/\/charleroi-pourlapalestine.be\/index.php\/2021\/11\/14\/lue-a-t-elle-reellement-ete-choquee-par-lassassinat-de-lenfant-muhammad-amjad-dadas\/","name":"L\u2019UE a-t-elle r\u00e9ellement \u00e9t\u00e9 choqu\u00e9e par l\u2019assassinat de l'enfant Muhammad Amjad Dadas ?","isPartOf":{"@id":"https:\/\/charleroi-pourlapalestine.be\/#website"},"primaryImageOfPage":{"@id":"https:\/\/charleroi-pourlapalestine.be\/index.php\/2021\/11\/14\/lue-a-t-elle-reellement-ete-choquee-par-lassassinat-de-lenfant-muhammad-amjad-dadas\/#primaryimage"},"image":{"@id":"https:\/\/charleroi-pourlapalestine.be\/index.php\/2021\/11\/14\/lue-a-t-elle-reellement-ete-choquee-par-lassassinat-de-lenfant-muhammad-amjad-dadas\/#primaryimage"},"thumbnailUrl":"https:\/\/charleroi-pourlapalestine.be\/wp-content\/uploads\/2021\/11\/muhammad-dadas-e1636820603543.png","datePublished":"2021-11-14T11:03:26+00:00","dateModified":"2021-11-14T11:11:06+00:00","description":"L\u2019UE \u00e0 Ramallah se dit choqu\u00e9e par la mort de Muhammad Amjad Dadas. Mais au lieu de r\u00e9clamer des sanctions, ils pr\u00e9parent de nouveaux accords avec Isra\u00ebl.","breadcrumb":{"@id":"https:\/\/charleroi-pourlapalestine.be\/index.php\/2021\/11\/14\/lue-a-t-elle-reellement-ete-choquee-par-lassassinat-de-lenfant-muhammad-amjad-dadas\/#breadcrumb"},"inLanguage":"fr-FR","potentialAction":[{"@type":"ReadAction","target":["https:\/\/charleroi-pourlapalestine.be\/index.php\/2021\/11\/14\/lue-a-t-elle-reellement-ete-choquee-par-lassassinat-de-lenfant-muhammad-amjad-dadas\/"]}]},{"@type":"ImageObject","inLanguage":"fr-FR","@id":"https:\/\/charleroi-pourlapalestine.be\/index.php\/2021\/11\/14\/lue-a-t-elle-reellement-ete-choquee-par-lassassinat-de-lenfant-muhammad-amjad-dadas\/#primaryimage","url":"https:\/\/charleroi-pourlapalestine.be\/wp-content\/uploads\/2021\/11\/muhammad-dadas-e1636820603543.png","contentUrl":"https:\/\/charleroi-pourlapalestine.be\/wp-content\/uploads\/2021\/11\/muhammad-dadas-e1636820603543.png","width":569,"height":320},{"@type":"BreadcrumbList","@id":"https:\/\/charleroi-pourlapalestine.be\/index.php\/2021\/11\/14\/lue-a-t-elle-reellement-ete-choquee-par-lassassinat-de-lenfant-muhammad-amjad-dadas\/#breadcrumb","itemListElement":[{"@type":"ListItem","position":1,"name":"Accueil","item":"https:\/\/charleroi-pourlapalestine.be\/"},{"@type":"ListItem","position":2,"name":"L\u2019UE a-t-elle r\u00e9ellement \u00e9t\u00e9 choqu\u00e9e par l\u2019assassinat de l&#8217;enfant Muhammad Amjad Dadas ?"}]},{"@type":"WebSite","@id":"https:\/\/charleroi-pourlapalestine.be\/#website","url":"https:\/\/charleroi-pourlapalestine.be\/","name":"Charleroi Pour la Palestine","description":"","publisher":{"@id":"https:\/\/charleroi-pourlapalestine.be\/#organization"},"potentialAction":[{"@type":"SearchAction","target":{"@type":"EntryPoint","urlTemplate":"https:\/\/charleroi-pourlapalestine.be\/?s={search_term_string}"},"query-input":{"@type":"PropertyValueSpecification","valueRequired":true,"valueName":"search_term_string"}}],"inLanguage":"fr-FR"},{"@type":"Organization","@id":"https:\/\/charleroi-pourlapalestine.be\/#organization","name":"Plate-forme Charleroi-Palestine","url":"https:\/\/charleroi-pourlapalestine.be\/","logo":{"@type":"ImageObject","inLanguage":"fr-FR","@id":"https:\/\/charleroi-pourlapalestine.be\/#\/schema\/logo\/image\/","url":"https:\/\/charleroi-pourlapalestine.be\/wp-content\/uploads\/2020\/01\/logo-Copy.jpg","contentUrl":"https:\/\/charleroi-pourlapalestine.be\/wp-content\/uploads\/2020\/01\/logo-Copy.jpg","width":180,"height":180,"caption":"Plate-forme Charleroi-Palestine"},"image":{"@id":"https:\/\/charleroi-pourlapalestine.be\/#\/schema\/logo\/image\/"},"sameAs":["https:\/\/www.facebook.com\/PlateformeCharleroiPalestine\/","https:\/\/x.com\/LaCharleroi"]},{"@type":"Person","@id":"https:\/\/charleroi-pourlapalestine.be\/#\/schema\/person\/c19ff515112f1299d8c12671d8fe3faa","name":"admin1873","url":"https:\/\/charleroi-pourlapalestine.be\/index.php\/author\/admin1873\/"}]}},"_links":{"self":[{"href":"https:\/\/charleroi-pourlapalestine.be\/index.php\/wp-json\/wp\/v2\/posts\/32082","targetHints":{"allow":["GET"]}}],"collection":[{"href":"https:\/\/charleroi-pourlapalestine.be\/index.php\/wp-json\/wp\/v2\/posts"}],"about":[{"href":"https:\/\/charleroi-pourlapalestine.be\/index.php\/wp-json\/wp\/v2\/types\/post"}],"author":[{"embeddable":true,"href":"https:\/\/charleroi-pourlapalestine.be\/index.php\/wp-json\/wp\/v2\/users\/1"}],"replies":[{"embeddable":true,"href":"https:\/\/charleroi-pourlapalestine.be\/index.php\/wp-json\/wp\/v2\/comments?post=32082"}],"version-history":[{"count":0,"href":"https:\/\/charleroi-pourlapalestine.be\/index.php\/wp-json\/wp\/v2\/posts\/32082\/revisions"}],"wp:featuredmedia":[{"embeddable":true,"href":"https:\/\/charleroi-pourlapalestine.be\/index.php\/wp-json\/wp\/v2\/media\/32086"}],"wp:attachment":[{"href":"https:\/\/charleroi-pourlapalestine.be\/index.php\/wp-json\/wp\/v2\/media?parent=32082"}],"wp:term":[{"taxonomy":"category","embeddable":true,"href":"https:\/\/charleroi-pourlapalestine.be\/index.php\/wp-json\/wp\/v2\/categories?post=32082"},{"taxonomy":"post_tag","embeddable":true,"href":"https:\/\/charleroi-pourlapalestine.be\/index.php\/wp-json\/wp\/v2\/tags?post=32082"}],"curies":[{"name":"wp","href":"https:\/\/api.w.org\/{rel}","templated":true}]}}