{"id":32108,"date":"2021-11-15T07:21:17","date_gmt":"2021-11-15T06:21:17","guid":{"rendered":"https:\/\/charleroi-pourlapalestine.be\/?p=32108"},"modified":"2022-11-10T11:21:05","modified_gmt":"2022-11-10T10:21:05","slug":"un-mouvement-de-lutte-pour-la-liberation-de-la-palestine-qui-ne-craint-pas-de-clamer-son-nom","status":"publish","type":"post","link":"https:\/\/charleroi-pourlapalestine.be\/index.php\/2021\/11\/15\/un-mouvement-de-lutte-pour-la-liberation-de-la-palestine-qui-ne-craint-pas-de-clamer-son-nom\/","title":{"rendered":"Un mouvement de lutte pour la lib\u00e9ration de la Palestine qui ne craint pas de clamer son nom"},"content":{"rendered":"<p><em>Bien que <strong>Masar Badil<\/strong> soit pour une Palestine unique et indivis\u00e9e du fleuve \u00e0 la mer, il se d\u00e9finit comme un <strong>mouvement de lutte pour la lib\u00e9ration de toute la Palestine<\/strong>, ce qui n\u2019est pas exactement la m\u00eame revendication que celle exprim\u00e9e par \u00ab&nbsp;un seul \u00c9tat d\u00e9mocratique&nbsp;\u00bb, qui cherche \u00e0 d\u00e9manteler l\u2019apartheid en Isra\u00ebl, plut\u00f4t qu\u2019\u00e0 lib\u00e9rer (d\u00e9coloniser) la Palestine.<\/em><\/p>\n<p>&nbsp;<\/p>\n<div id=\"attachment_32116\" style=\"width: 522px\" class=\"wp-caption aligncenter\"><img loading=\"lazy\" decoding=\"async\" aria-describedby=\"caption-attachment-32116\" class=\"wp-image-32116 size-full\" src=\"https:\/\/charleroi-pourlapalestine.be\/wp-content\/uploads\/2021\/11\/Masar-Badil-e1636956221773.jpg\" alt=\"Photo : Masar Badil\" width=\"512\" height=\"320\"><p id=\"caption-attachment-32116\" class=\"wp-caption-text\">Photo : Masar Badil<\/p><\/div>\n<p>&nbsp;<\/p>\n<p><a href=\"https:\/\/charleroi-pourlapalestine.be\/index.php\/tag\/rima-najjar\/\"><strong>Rima Najjar<\/strong><\/a>, 14 novembre 2021<\/p>\n<p>Maintenant que les informations sur <a href=\"https:\/\/masarbadil.org\/fr\/page-daccueil\/\" target=\"_blank\" rel=\"noopener\"><strong>Masar Basil<\/strong><\/a> commencent \u00e0 faire surface, certains Palestiniens et leurs alli\u00e9s sont sans doute un peu confus. <strong>En quoi ce mouvement diff\u00e8re-t-il d\u2019autres initiatives<\/strong>, tel le mouvement de boycott, d\u00e9sinvestissement et sanctions (BDS) et la Campagne pour un seul \u00c9tat d\u00e9mocratique (ODSC), qui ont d\u00e9j\u00e0 pris une certaine ampleur sur la sc\u00e8ne internationale&nbsp;?<\/p>\n<p>\u00c0 l\u2019instar de<strong> BDS<\/strong> et d\u2019<strong>ODSC<\/strong>, Masar Badil est un mouvement populaire de masse soutenu \u00e0 partir de divers points de vue palestiniens. Mais il y a une diff\u00e9rence fondamentale \u2013 et pas simplement th\u00e9orique \u2013 dans l\u2019approche de la lutte palestinienne au sein de ces mouvements. <strong>BDS<\/strong> constitue une <strong>tactique<\/strong> (inclue dans Masar) d\u00e9nu\u00e9e de programme politique. Et, bien que Masar soit pour une Palestine unique et indivis\u00e9e du fleuve \u00e0 la mer, il se d\u00e9finit comme <strong>un mouvement de lutte pour la lib\u00e9ration de toute la Palestine<\/strong>, ce qui n\u2019est pas exactement la m\u00eame revendication que celle exprim\u00e9e par <em>\u00ab&nbsp;un seul \u00c9tat d\u00e9mocratique&nbsp;\u00bb<\/em>, qui cherche \u00e0 <strong>d\u00e9manteler l\u2019apartheid en Isra\u00ebl<\/strong>, plut\u00f4t qu\u2019\u00e0 lib\u00e9rer (d\u00e9coloniser) la Palestine.<\/p>\n<p>Du fait que la rh\u00e9torique de Masar Badil d\u00e9rive de l\u2019id\u00e9ologie communiste et de l\u2019histoire r\u00e9volutionnaire de l\u2019<strong>OLP<\/strong> \u00e0 l\u2019\u00e9poque de ses d\u00e9buts (voir&nbsp;: <a href=\"https:\/\/avalon.law.yale.edu\/20th_century\/plocov.asp\" target=\"_blank\" rel=\"noreferrer nofollow noopener\">The Palestinian National Charter: Resolutions of the Palestine National Council July 1\u201317, 1968<\/a> \u2013 La Charte nationale palestinienne&nbsp;: R\u00e9solutions du Conseil national palestinien \u2013 1<sup>er<\/sup>-17 juillet 1968), et du fait que le mouvement identifie correctement les ennemis de la r\u00e9volution palestinienne comme \u00e9tant <strong>le sionisme, Isra\u00ebl, l\u2019imp\u00e9rialisme et la r\u00e9action arabe<\/strong>, certaines personnes l\u2019associent au Front populaire pour la lib\u00e9ration de la Palestine (<strong>FPLP<\/strong>), mais il n\u2019est en fait li\u00e9 \u00e0 aucun des blocs politiques palestiniens existants.<\/p>\n<p>En fin de compte, de plus en plus de personnes s\u2019expriment, bien qu\u2019avec prudence, contre le sionisme, non seulement en tant que r\u00e9gime d\u2019apartheid l\u00e9galis\u00e9 qui d\u00e9shumanise les Palestiniens depuis qu\u2019il s\u2019est manifest\u00e9 avec violence en Palestine en tant qu\u2019\u00c9tat juif en 1948, mais surtout en tant que<strong> r\u00e9gime colonial de peuplement<\/strong>. Ces personnes rejettent les revendications sionistes (autrement dit, le<em> \u00ab&nbsp;discours&nbsp;\u00bb<\/em> d\u2019Isra\u00ebl) portant sur la terre de Palestine en tant que terre appartenant aux juifs du monde entier et non \u00e0 sa population autochtone, et elles <strong>allient la lutte palestinienne de lib\u00e9ration de la colonisation sioniste \u00e0 d\u2019autres luttes partout dans le monde<\/strong>, y compris les luttes des peuples des <strong>Philippines, de l\u2019\u00eele de la Tortue (Am\u00e9rindiens) <\/strong>et de <strong>l\u2019Afrique du Sud. <\/strong><\/p>\n<p><strong>&nbsp;<\/strong>Parmi les personnes s\u2019exprimant contre l\u2019id\u00e9ologie sioniste figurent des juifs, et ce, d\u00e8s l\u2019\u00e9poque o\u00f9 un mouvement antisioniste juif \u00e9tait d\u00e9j\u00e0 bien vivant, comme l\u2019expriment, par exemple,&nbsp;les paroles d\u2019une <a href=\"https:\/\/www.haggadot.com\/clip\/lyrics-oy-ir-narishe-tsienistn-oh-you-foolish-little-zionists-%D0%B3%D0%BB%D1%83%D0%BF%D1%8B%D0%B5-%D1%81%D0%B8%D0%BE%D0%BD%D0%B8%D1%81%D1%82%D1%8B\" target=\"_blank\" rel=\"noopener\">chanson<\/a> de 1931&nbsp;intitul\u00e9e <em>\u00ab&nbsp;Oy Ir Narishe Tsienistn \/ Oh You Foolish Little Zionists \/ \u0413\u043b\u0443\u043f\u044b\u0435 \u0421\u0438\u043e\u043d\u0438\u0441\u0442\u044b&nbsp;\u00bb<\/em> (Oh&nbsp;! Vous les petits sionistes ridicules)&nbsp;:<\/p>\n<blockquote><p>Vous voulez nous emmener \u00e0 J\u00e9rusalem<br \/>\nAfin que nous puissions mourir comme une nation<br \/>\nNous pr\u00e9f\u00e9rerions rester dans la diaspora<b><br \/>\n<\/b>Et lutter pour notre lib\u00e9ration<\/p><\/blockquote>\n<p>Il vaut la peine de remarquer que, parmi les nombreuses organisations et activistes qui ont particip\u00e9 \u00e0 la conf\u00e9rence de <strong>Masar Badil<\/strong> figurait l\u2019<a href=\"http:\/\/www.ijan.org\/\" target=\"_blank\" rel=\"noopener\"><strong>International Jewish Anti-Zionist Network<\/strong><\/a> (R\u00e9seau international juif antisioniste).<\/p>\n<p><strong>Masar Badil<\/strong> salue <em>\u00ab&nbsp;la lutte tout enti\u00e8re de notre peuple palestinien dans tous ses lieux de r\u00e9sidence, et toutes les forces de la r\u00e9sistance en Palestine&nbsp;\u00bb.<\/em> Masar Basil promeut <strong>une voie alternative de r\u00e9sistance r\u00e9volutionnaire<\/strong> dont l\u2019objectif est d\u2019isoler l\u2019\u00c9tat sioniste.<\/p>\n<p>Ses cris de ralliement sont audacieux, directs, sans \u00e9quivoque ni compromission&nbsp;:<\/p>\n<blockquote><p>Longue vie \u00e0 la lutte de notre peuple palestinien o\u00f9 qu\u2019il se trouve !<br \/>\nAucune voix n\u2019est plus forte que la voix du peuple Palestinien&nbsp;!<br \/>\nGloire aux martyrs, libert\u00e9 pour les prisonniers&nbsp;!<br \/>\nNous reviendrons, et en vainqueurs&nbsp;!<\/p><\/blockquote>\n<p>Bien qu\u2019enracin\u00e9 dans la pens\u00e9e politique r\u00e9volutionnaire, <strong>Masar Badil<\/strong> est all\u00e9 bien au-del\u00e0 des g\u00e9n\u00e9ralit\u00e9s. Lors de la conf\u00e9rence qui s\u2019est tenue \u00e0 <strong>Madrid<\/strong> (Espagne), \u00e0 <strong>Beyrouth<\/strong> (Liban) et \u00e0<strong> Sao Paulo<\/strong> (Br\u00e9sil) entre le 30 octobre et le 2 novembre 2021, Masar Badil &nbsp;<\/p>\n<blockquote><p><em>(\u2026) a discut\u00e9 non seulement de la&nbsp;politique de l\u2019organisation et de la r\u00e9sistance palestiniennes, mais il a \u00e9galement d\u00e9velopp\u00e9 un plan quinquennal et de nombreuses propositions politiques d\u2019\u00e9laboration d\u2019un plan distinct des activit\u00e9s \u00e0 venir. Des comit\u00e9s se concentrant sur l\u2019organisation des \u00e9tudiants palestiniens, la protection et la concr\u00e9tisation du droit palestinien au retour et la progression du boycott d\u2019Isra\u00ebl ont \u00e9t\u00e9 lanc\u00e9s, dans le m\u00eame temps que la conf\u00e9rence pr\u00e9voyait le d\u00e9veloppement d\u2019un r\u00e9seau de centres palestiniens dans de nombreuses villes du monde entier, cens\u00e9s se concentrer sur les besoins des r\u00e9fugi\u00e9s palestiniens ainsi que sur leur organisation et \u00e9ducation politiques.<\/em><\/p><\/blockquote>\n<p><strong>Masar Badil<\/strong> a devant soi une t\u00e2che tr\u00e8s sacr\u00e9e, \u00e0 savoir la t\u00e2che de prot\u00e9ger la r\u00e9volution palestinienne en ce moment critique de l\u2019histoire de la Palestine, une histoire de quatre mill\u00e9naires, comme la d\u00e9taille l\u2019historien<strong> Nur Masalha<\/strong> dans son ouvrage intitul\u00e9 <em>\u00ab&nbsp;De l\u2019\u00c9gypte de l\u2019\u00e2ge tardif du bronze \u00e0 l\u2019\u00e8re contemporaine, en passant par les empires grec, romain, byzantin et islamique&nbsp;\u00bb.<\/em><\/p>\n<p style=\"text-align: center;\">\u00b0\u00b0\u00b0\u00b0\u00b0<br \/>\nPubli\u00e9 le 14 novembre 2021 sur le blog de<a href=\"https:\/\/rimanajjar.medium.com\/masar-badil-the-palestinian-liberation-struggle-movement-that-dare-speak-its-name-782ae1afd5d1\" target=\"_blank\" rel=\"noopener\"><strong> Rima Najjar<\/strong><\/a><br \/>\nTraduction : Jean-Marie Fl\u00e9mal,<a href=\"https:\/\/charleroi-pourlapalestine.be\/\"><strong> Charleroi pour la Palestine<\/strong><\/a><br \/>\n\u00b0\u00b0\u00b0\u00b0\u00b0<\/p>\n<p style=\"text-align: left;\">Lisez \u00e9galement : <a href=\"https:\/\/palestinevaincra.com\/2021\/11\/le-mouvement-alternatif-de-la-voie-revolutionnaire-palestinienne-est-fonde-rejoignez-le\/\" target=\"_blank\" rel=\"noopener\"><strong>Le mouvement alternatif de la voie r\u00e9volutionnaire palestinienne est fond\u00e9, <\/strong><strong>rejoignez-le<\/strong> !<\/a><\/p>\n","protected":false},"excerpt":{"rendered":"<p>Masar Badil : En quoi ce mouvement diff\u00e8re-t-il d\u2019autres initiatives, tel le mouvement BDS et la Campagne pour un seul \u00c9tat d\u00e9mocratique (ODSC) ?<\/p>\n","protected":false},"author":1,"featured_media":32116,"comment_status":"closed","ping_status":"closed","sticky":false,"template":"","format":"standard","meta":{"ngg_post_thumbnail":0,"footnotes":""},"categories":[480,192,25],"tags":[843,599],"class_list":["post-32108","post","type-post","status-publish","format-standard","has-post-thumbnail","hentry","category-liberation","category-palestine","category-la-resistance-palestinienne","tag-masar-badil","tag-rima-najjar"],"yoast_head":"<!-- This site is optimized with the Yoast SEO plugin v27.3 - https:\/\/yoast.com\/product\/yoast-seo-wordpress\/ -->\n<title>Un mouvement de lutte pour la lib\u00e9ration de la Palestine<\/title>\n<meta name=\"description\" content=\"Bien que Masar soit pour une Palestine unique et indivis\u00e9e du fleuve \u00e0 la mer, il se d\u00e9finit comme un mouvement de lutte pour la lib\u00e9ration de toute la Palestine\" \/>\n<meta name=\"robots\" content=\"index, follow, max-snippet:-1, max-image-preview:large, max-video-preview:-1\" \/>\n<link rel=\"canonical\" href=\"https:\/\/charleroi-pourlapalestine.be\/index.php\/2021\/11\/15\/un-mouvement-de-lutte-pour-la-liberation-de-la-palestine-qui-ne-craint-pas-de-clamer-son-nom\/\" \/>\n<script type=\"application\/ld+json\" class=\"yoast-schema-graph\">{\"@context\":\"https:\\\/\\\/schema.org\",\"@graph\":[{\"@type\":\"Article\",\"@id\":\"https:\\\/\\\/charleroi-pourlapalestine.be\\\/index.php\\\/2021\\\/11\\\/15\\\/un-mouvement-de-lutte-pour-la-liberation-de-la-palestine-qui-ne-craint-pas-de-clamer-son-nom\\\/#article\",\"isPartOf\":{\"@id\":\"https:\\\/\\\/charleroi-pourlapalestine.be\\\/index.php\\\/2021\\\/11\\\/15\\\/un-mouvement-de-lutte-pour-la-liberation-de-la-palestine-qui-ne-craint-pas-de-clamer-son-nom\\\/\"},\"author\":{\"name\":\"admin1873\",\"@id\":\"https:\\\/\\\/charleroi-pourlapalestine.be\\\/#\\\/schema\\\/person\\\/c19ff515112f1299d8c12671d8fe3faa\"},\"headline\":\"Un mouvement de lutte pour la lib\u00e9ration de la Palestine qui ne craint pas de clamer son nom\",\"datePublished\":\"2021-11-15T06:21:17+00:00\",\"dateModified\":\"2022-11-10T10:21:05+00:00\",\"mainEntityOfPage\":{\"@id\":\"https:\\\/\\\/charleroi-pourlapalestine.be\\\/index.php\\\/2021\\\/11\\\/15\\\/un-mouvement-de-lutte-pour-la-liberation-de-la-palestine-qui-ne-craint-pas-de-clamer-son-nom\\\/\"},\"wordCount\":1066,\"publisher\":{\"@id\":\"https:\\\/\\\/charleroi-pourlapalestine.be\\\/#organization\"},\"image\":{\"@id\":\"https:\\\/\\\/charleroi-pourlapalestine.be\\\/index.php\\\/2021\\\/11\\\/15\\\/un-mouvement-de-lutte-pour-la-liberation-de-la-palestine-qui-ne-craint-pas-de-clamer-son-nom\\\/#primaryimage\"},\"thumbnailUrl\":\"https:\\\/\\\/charleroi-pourlapalestine.be\\\/wp-content\\\/uploads\\\/2021\\\/11\\\/Masar-Badil-e1636956221773.jpg\",\"keywords\":[\"Masar Badil\",\"Rima Najjar\"],\"articleSection\":[\"Lib\u00e9ration\",\"Palestine\",\"R\u00e9sistance\"],\"inLanguage\":\"fr-FR\"},{\"@type\":\"WebPage\",\"@id\":\"https:\\\/\\\/charleroi-pourlapalestine.be\\\/index.php\\\/2021\\\/11\\\/15\\\/un-mouvement-de-lutte-pour-la-liberation-de-la-palestine-qui-ne-craint-pas-de-clamer-son-nom\\\/\",\"url\":\"https:\\\/\\\/charleroi-pourlapalestine.be\\\/index.php\\\/2021\\\/11\\\/15\\\/un-mouvement-de-lutte-pour-la-liberation-de-la-palestine-qui-ne-craint-pas-de-clamer-son-nom\\\/\",\"name\":\"Un mouvement de lutte pour la lib\u00e9ration de la Palestine\",\"isPartOf\":{\"@id\":\"https:\\\/\\\/charleroi-pourlapalestine.be\\\/#website\"},\"primaryImageOfPage\":{\"@id\":\"https:\\\/\\\/charleroi-pourlapalestine.be\\\/index.php\\\/2021\\\/11\\\/15\\\/un-mouvement-de-lutte-pour-la-liberation-de-la-palestine-qui-ne-craint-pas-de-clamer-son-nom\\\/#primaryimage\"},\"image\":{\"@id\":\"https:\\\/\\\/charleroi-pourlapalestine.be\\\/index.php\\\/2021\\\/11\\\/15\\\/un-mouvement-de-lutte-pour-la-liberation-de-la-palestine-qui-ne-craint-pas-de-clamer-son-nom\\\/#primaryimage\"},\"thumbnailUrl\":\"https:\\\/\\\/charleroi-pourlapalestine.be\\\/wp-content\\\/uploads\\\/2021\\\/11\\\/Masar-Badil-e1636956221773.jpg\",\"datePublished\":\"2021-11-15T06:21:17+00:00\",\"dateModified\":\"2022-11-10T10:21:05+00:00\",\"description\":\"Bien que Masar soit pour une Palestine unique et indivis\u00e9e du fleuve \u00e0 la mer, il se d\u00e9finit comme un mouvement de lutte pour la lib\u00e9ration de toute la Palestine\",\"breadcrumb\":{\"@id\":\"https:\\\/\\\/charleroi-pourlapalestine.be\\\/index.php\\\/2021\\\/11\\\/15\\\/un-mouvement-de-lutte-pour-la-liberation-de-la-palestine-qui-ne-craint-pas-de-clamer-son-nom\\\/#breadcrumb\"},\"inLanguage\":\"fr-FR\",\"potentialAction\":[{\"@type\":\"ReadAction\",\"target\":[\"https:\\\/\\\/charleroi-pourlapalestine.be\\\/index.php\\\/2021\\\/11\\\/15\\\/un-mouvement-de-lutte-pour-la-liberation-de-la-palestine-qui-ne-craint-pas-de-clamer-son-nom\\\/\"]}]},{\"@type\":\"ImageObject\",\"inLanguage\":\"fr-FR\",\"@id\":\"https:\\\/\\\/charleroi-pourlapalestine.be\\\/index.php\\\/2021\\\/11\\\/15\\\/un-mouvement-de-lutte-pour-la-liberation-de-la-palestine-qui-ne-craint-pas-de-clamer-son-nom\\\/#primaryimage\",\"url\":\"https:\\\/\\\/charleroi-pourlapalestine.be\\\/wp-content\\\/uploads\\\/2021\\\/11\\\/Masar-Badil-e1636956221773.jpg\",\"contentUrl\":\"https:\\\/\\\/charleroi-pourlapalestine.be\\\/wp-content\\\/uploads\\\/2021\\\/11\\\/Masar-Badil-e1636956221773.jpg\",\"width\":512,\"height\":320},{\"@type\":\"BreadcrumbList\",\"@id\":\"https:\\\/\\\/charleroi-pourlapalestine.be\\\/index.php\\\/2021\\\/11\\\/15\\\/un-mouvement-de-lutte-pour-la-liberation-de-la-palestine-qui-ne-craint-pas-de-clamer-son-nom\\\/#breadcrumb\",\"itemListElement\":[{\"@type\":\"ListItem\",\"position\":1,\"name\":\"Accueil\",\"item\":\"https:\\\/\\\/charleroi-pourlapalestine.be\\\/\"},{\"@type\":\"ListItem\",\"position\":2,\"name\":\"Un mouvement de lutte pour la lib\u00e9ration de la Palestine qui ne craint pas de clamer son nom\"}]},{\"@type\":\"WebSite\",\"@id\":\"https:\\\/\\\/charleroi-pourlapalestine.be\\\/#website\",\"url\":\"https:\\\/\\\/charleroi-pourlapalestine.be\\\/\",\"name\":\"Charleroi Pour la Palestine\",\"description\":\"\",\"publisher\":{\"@id\":\"https:\\\/\\\/charleroi-pourlapalestine.be\\\/#organization\"},\"potentialAction\":[{\"@type\":\"SearchAction\",\"target\":{\"@type\":\"EntryPoint\",\"urlTemplate\":\"https:\\\/\\\/charleroi-pourlapalestine.be\\\/?s={search_term_string}\"},\"query-input\":{\"@type\":\"PropertyValueSpecification\",\"valueRequired\":true,\"valueName\":\"search_term_string\"}}],\"inLanguage\":\"fr-FR\"},{\"@type\":\"Organization\",\"@id\":\"https:\\\/\\\/charleroi-pourlapalestine.be\\\/#organization\",\"name\":\"Plate-forme Charleroi-Palestine\",\"url\":\"https:\\\/\\\/charleroi-pourlapalestine.be\\\/\",\"logo\":{\"@type\":\"ImageObject\",\"inLanguage\":\"fr-FR\",\"@id\":\"https:\\\/\\\/charleroi-pourlapalestine.be\\\/#\\\/schema\\\/logo\\\/image\\\/\",\"url\":\"https:\\\/\\\/charleroi-pourlapalestine.be\\\/wp-content\\\/uploads\\\/2020\\\/01\\\/logo-Copy.jpg\",\"contentUrl\":\"https:\\\/\\\/charleroi-pourlapalestine.be\\\/wp-content\\\/uploads\\\/2020\\\/01\\\/logo-Copy.jpg\",\"width\":180,\"height\":180,\"caption\":\"Plate-forme Charleroi-Palestine\"},\"image\":{\"@id\":\"https:\\\/\\\/charleroi-pourlapalestine.be\\\/#\\\/schema\\\/logo\\\/image\\\/\"},\"sameAs\":[\"https:\\\/\\\/www.facebook.com\\\/PlateformeCharleroiPalestine\\\/\",\"https:\\\/\\\/x.com\\\/LaCharleroi\"]},{\"@type\":\"Person\",\"@id\":\"https:\\\/\\\/charleroi-pourlapalestine.be\\\/#\\\/schema\\\/person\\\/c19ff515112f1299d8c12671d8fe3faa\",\"name\":\"admin1873\",\"url\":\"https:\\\/\\\/charleroi-pourlapalestine.be\\\/index.php\\\/author\\\/admin1873\\\/\"}]}<\/script>\n<!-- \/ Yoast SEO plugin. -->","yoast_head_json":{"title":"Un mouvement de lutte pour la lib\u00e9ration de la Palestine","description":"Bien que Masar soit pour une Palestine unique et indivis\u00e9e du fleuve \u00e0 la mer, il se d\u00e9finit comme un mouvement de lutte pour la lib\u00e9ration de toute la Palestine","robots":{"index":"index","follow":"follow","max-snippet":"max-snippet:-1","max-image-preview":"max-image-preview:large","max-video-preview":"max-video-preview:-1"},"canonical":"https:\/\/charleroi-pourlapalestine.be\/index.php\/2021\/11\/15\/un-mouvement-de-lutte-pour-la-liberation-de-la-palestine-qui-ne-craint-pas-de-clamer-son-nom\/","schema":{"@context":"https:\/\/schema.org","@graph":[{"@type":"Article","@id":"https:\/\/charleroi-pourlapalestine.be\/index.php\/2021\/11\/15\/un-mouvement-de-lutte-pour-la-liberation-de-la-palestine-qui-ne-craint-pas-de-clamer-son-nom\/#article","isPartOf":{"@id":"https:\/\/charleroi-pourlapalestine.be\/index.php\/2021\/11\/15\/un-mouvement-de-lutte-pour-la-liberation-de-la-palestine-qui-ne-craint-pas-de-clamer-son-nom\/"},"author":{"name":"admin1873","@id":"https:\/\/charleroi-pourlapalestine.be\/#\/schema\/person\/c19ff515112f1299d8c12671d8fe3faa"},"headline":"Un mouvement de lutte pour la lib\u00e9ration de la Palestine qui ne craint pas de clamer son nom","datePublished":"2021-11-15T06:21:17+00:00","dateModified":"2022-11-10T10:21:05+00:00","mainEntityOfPage":{"@id":"https:\/\/charleroi-pourlapalestine.be\/index.php\/2021\/11\/15\/un-mouvement-de-lutte-pour-la-liberation-de-la-palestine-qui-ne-craint-pas-de-clamer-son-nom\/"},"wordCount":1066,"publisher":{"@id":"https:\/\/charleroi-pourlapalestine.be\/#organization"},"image":{"@id":"https:\/\/charleroi-pourlapalestine.be\/index.php\/2021\/11\/15\/un-mouvement-de-lutte-pour-la-liberation-de-la-palestine-qui-ne-craint-pas-de-clamer-son-nom\/#primaryimage"},"thumbnailUrl":"https:\/\/charleroi-pourlapalestine.be\/wp-content\/uploads\/2021\/11\/Masar-Badil-e1636956221773.jpg","keywords":["Masar Badil","Rima Najjar"],"articleSection":["Lib\u00e9ration","Palestine","R\u00e9sistance"],"inLanguage":"fr-FR"},{"@type":"WebPage","@id":"https:\/\/charleroi-pourlapalestine.be\/index.php\/2021\/11\/15\/un-mouvement-de-lutte-pour-la-liberation-de-la-palestine-qui-ne-craint-pas-de-clamer-son-nom\/","url":"https:\/\/charleroi-pourlapalestine.be\/index.php\/2021\/11\/15\/un-mouvement-de-lutte-pour-la-liberation-de-la-palestine-qui-ne-craint-pas-de-clamer-son-nom\/","name":"Un mouvement de lutte pour la lib\u00e9ration de la Palestine","isPartOf":{"@id":"https:\/\/charleroi-pourlapalestine.be\/#website"},"primaryImageOfPage":{"@id":"https:\/\/charleroi-pourlapalestine.be\/index.php\/2021\/11\/15\/un-mouvement-de-lutte-pour-la-liberation-de-la-palestine-qui-ne-craint-pas-de-clamer-son-nom\/#primaryimage"},"image":{"@id":"https:\/\/charleroi-pourlapalestine.be\/index.php\/2021\/11\/15\/un-mouvement-de-lutte-pour-la-liberation-de-la-palestine-qui-ne-craint-pas-de-clamer-son-nom\/#primaryimage"},"thumbnailUrl":"https:\/\/charleroi-pourlapalestine.be\/wp-content\/uploads\/2021\/11\/Masar-Badil-e1636956221773.jpg","datePublished":"2021-11-15T06:21:17+00:00","dateModified":"2022-11-10T10:21:05+00:00","description":"Bien que Masar soit pour une Palestine unique et indivis\u00e9e du fleuve \u00e0 la mer, il se d\u00e9finit comme un mouvement de lutte pour la lib\u00e9ration de toute la Palestine","breadcrumb":{"@id":"https:\/\/charleroi-pourlapalestine.be\/index.php\/2021\/11\/15\/un-mouvement-de-lutte-pour-la-liberation-de-la-palestine-qui-ne-craint-pas-de-clamer-son-nom\/#breadcrumb"},"inLanguage":"fr-FR","potentialAction":[{"@type":"ReadAction","target":["https:\/\/charleroi-pourlapalestine.be\/index.php\/2021\/11\/15\/un-mouvement-de-lutte-pour-la-liberation-de-la-palestine-qui-ne-craint-pas-de-clamer-son-nom\/"]}]},{"@type":"ImageObject","inLanguage":"fr-FR","@id":"https:\/\/charleroi-pourlapalestine.be\/index.php\/2021\/11\/15\/un-mouvement-de-lutte-pour-la-liberation-de-la-palestine-qui-ne-craint-pas-de-clamer-son-nom\/#primaryimage","url":"https:\/\/charleroi-pourlapalestine.be\/wp-content\/uploads\/2021\/11\/Masar-Badil-e1636956221773.jpg","contentUrl":"https:\/\/charleroi-pourlapalestine.be\/wp-content\/uploads\/2021\/11\/Masar-Badil-e1636956221773.jpg","width":512,"height":320},{"@type":"BreadcrumbList","@id":"https:\/\/charleroi-pourlapalestine.be\/index.php\/2021\/11\/15\/un-mouvement-de-lutte-pour-la-liberation-de-la-palestine-qui-ne-craint-pas-de-clamer-son-nom\/#breadcrumb","itemListElement":[{"@type":"ListItem","position":1,"name":"Accueil","item":"https:\/\/charleroi-pourlapalestine.be\/"},{"@type":"ListItem","position":2,"name":"Un mouvement de lutte pour la lib\u00e9ration de la Palestine qui ne craint pas de clamer son nom"}]},{"@type":"WebSite","@id":"https:\/\/charleroi-pourlapalestine.be\/#website","url":"https:\/\/charleroi-pourlapalestine.be\/","name":"Charleroi Pour la Palestine","description":"","publisher":{"@id":"https:\/\/charleroi-pourlapalestine.be\/#organization"},"potentialAction":[{"@type":"SearchAction","target":{"@type":"EntryPoint","urlTemplate":"https:\/\/charleroi-pourlapalestine.be\/?s={search_term_string}"},"query-input":{"@type":"PropertyValueSpecification","valueRequired":true,"valueName":"search_term_string"}}],"inLanguage":"fr-FR"},{"@type":"Organization","@id":"https:\/\/charleroi-pourlapalestine.be\/#organization","name":"Plate-forme Charleroi-Palestine","url":"https:\/\/charleroi-pourlapalestine.be\/","logo":{"@type":"ImageObject","inLanguage":"fr-FR","@id":"https:\/\/charleroi-pourlapalestine.be\/#\/schema\/logo\/image\/","url":"https:\/\/charleroi-pourlapalestine.be\/wp-content\/uploads\/2020\/01\/logo-Copy.jpg","contentUrl":"https:\/\/charleroi-pourlapalestine.be\/wp-content\/uploads\/2020\/01\/logo-Copy.jpg","width":180,"height":180,"caption":"Plate-forme Charleroi-Palestine"},"image":{"@id":"https:\/\/charleroi-pourlapalestine.be\/#\/schema\/logo\/image\/"},"sameAs":["https:\/\/www.facebook.com\/PlateformeCharleroiPalestine\/","https:\/\/x.com\/LaCharleroi"]},{"@type":"Person","@id":"https:\/\/charleroi-pourlapalestine.be\/#\/schema\/person\/c19ff515112f1299d8c12671d8fe3faa","name":"admin1873","url":"https:\/\/charleroi-pourlapalestine.be\/index.php\/author\/admin1873\/"}]}},"_links":{"self":[{"href":"https:\/\/charleroi-pourlapalestine.be\/index.php\/wp-json\/wp\/v2\/posts\/32108","targetHints":{"allow":["GET"]}}],"collection":[{"href":"https:\/\/charleroi-pourlapalestine.be\/index.php\/wp-json\/wp\/v2\/posts"}],"about":[{"href":"https:\/\/charleroi-pourlapalestine.be\/index.php\/wp-json\/wp\/v2\/types\/post"}],"author":[{"embeddable":true,"href":"https:\/\/charleroi-pourlapalestine.be\/index.php\/wp-json\/wp\/v2\/users\/1"}],"replies":[{"embeddable":true,"href":"https:\/\/charleroi-pourlapalestine.be\/index.php\/wp-json\/wp\/v2\/comments?post=32108"}],"version-history":[{"count":0,"href":"https:\/\/charleroi-pourlapalestine.be\/index.php\/wp-json\/wp\/v2\/posts\/32108\/revisions"}],"wp:featuredmedia":[{"embeddable":true,"href":"https:\/\/charleroi-pourlapalestine.be\/index.php\/wp-json\/wp\/v2\/media\/32116"}],"wp:attachment":[{"href":"https:\/\/charleroi-pourlapalestine.be\/index.php\/wp-json\/wp\/v2\/media?parent=32108"}],"wp:term":[{"taxonomy":"category","embeddable":true,"href":"https:\/\/charleroi-pourlapalestine.be\/index.php\/wp-json\/wp\/v2\/categories?post=32108"},{"taxonomy":"post_tag","embeddable":true,"href":"https:\/\/charleroi-pourlapalestine.be\/index.php\/wp-json\/wp\/v2\/tags?post=32108"}],"curies":[{"name":"wp","href":"https:\/\/api.w.org\/{rel}","templated":true}]}}