{"id":32191,"date":"2021-11-18T16:30:11","date_gmt":"2021-11-18T15:30:11","guid":{"rendered":"https:\/\/charleroi-pourlapalestine.be\/?p=32191"},"modified":"2021-11-18T17:01:25","modified_gmt":"2021-11-18T16:01:25","slug":"ce-sont-eux-les-criminels-nous-croyons-en-la-justice","status":"publish","type":"post","link":"https:\/\/charleroi-pourlapalestine.be\/index.php\/2021\/11\/18\/ce-sont-eux-les-criminels-nous-croyons-en-la-justice\/","title":{"rendered":"Ce sont eux les criminels, nous croyons en la justice"},"content":{"rendered":"<p><em>\u00ab Ce sont eux les criminels, ce sont eux les terroristes, ce sont eux les oppresseurs qui commettent des crimes internationaux. Leur place normale, c\u2019est \u00e0 La Haye, derri\u00e8re des barreaux \u00bb<\/em>, dit <strong>Shawan Jabarin<\/strong> des dirigeants isra\u00e9liens.<\/p>\n<div id=\"attachment_32192\" style=\"width: 490px\" class=\"wp-caption aligncenter\"><img loading=\"lazy\" decoding=\"async\" aria-describedby=\"caption-attachment-32192\" class=\"wp-image-32192 size-full\" src=\"https:\/\/charleroi-pourlapalestine.be\/wp-content\/uploads\/2021\/11\/Shawan-Jabari-e1637230293955.jpg\" alt=\"\" width=\"480\" height=\"320\"><p id=\"caption-attachment-32192\" class=\"wp-caption-text\">Shawan Jabarin, directeur d\u2019Al-Haq, dans les bureaux de l\u2019organisation pour les droits humains \u00e0 Ramallah, en Cisjordanie occup\u00e9e, le 23 octobre dernier. Al-Haq est l\u2019une des six organisations des droits d\u00e9sign\u00e9es par les autorit\u00e9s isra\u00e9liennes d\u2019occupation comme \u00ab terroristes \u00bb, et ce, dans une tentative de mettre un terme \u00e0 leur travail. (Photo : Majdi Mohammed \/ AP Photo)<\/p><\/div>\n<p><a href=\"https:\/\/charleroi-pourlapalestine.be\/index.php\/tag\/adri-nieuwhof\/\"><strong>Adri Nieuwhof<\/strong><\/a>, 16 novembre 2021<\/p>\n<p>Certains membres de l\u2019<strong>Union europ\u00e9enne<\/strong> traitent Isra\u00ebl comme un<em> \u00ab&nbsp;enfant g\u00e2t\u00e9&nbsp;\u00bb<\/em>, a d\u00e9clar\u00e9 \u00e0 <i>The Electronic Intifada<\/i> <strong>Shawan Jabarin,<\/strong> directeur d\u2019<strong><a href=\"https:\/\/electronicintifada.net\/tags\/al-haq-0\" target=\"_blank\" rel=\"noopener\">Al-Haq<\/a>,<\/strong> une organisation palestinienne d\u00e9fendant les droits humains, lors d\u2019une visite \u00e0 <strong>La Haye<\/strong> la semaine derni\u00e8re.<\/p>\n<p><strong>Jabarin<\/strong> fait une tourn\u00e9e des capitales europ\u00e9ennes afin de rencontrer des responsables, des parlementaires et des activistes, suite \u00e0 la<a href=\"https:\/\/electronicintifada.net\/content\/israel-declares-war-palestinian-rights-groups\/34166\" target=\"_blank\" rel=\"noopener\"> d\u00e9cision<\/a> d\u2019Isra\u00ebl, le mois dernier, de cataloguer comme <em>\u00ab&nbsp;terroristes&nbsp;<\/em>\u00bb <strong>Al-Haq<\/strong> et cinq autres organisations palestiniennes des droits de l\u2019homme toutes aussi estim\u00e9es les unes que les autres.<\/p>\n<p>Le principal message qu\u2019il apporte en <strong>Europe<\/strong>, c\u2019est que les mots ne suffisent pas&nbsp;: <strong>Il faut en plus r\u00e9clamer des comptes \u00e0 Tel-Aviv.<\/strong><\/p>\n<blockquote>\n<p>\u00ab&nbsp;Isra\u00ebl peut continuer \u00e0 vivre ind\u00e9finiment, avec des condamnations&nbsp;\u00bb,<\/p>\n<\/blockquote>\n<p>estime Jabarin.<\/p>\n<blockquote>\n<p>\u00ab&nbsp;Mais ils ne peuvent vivre avec des actions, ne serait-ce que quelques jours ou quelques semaines.&nbsp;\u00bb<\/p>\n<\/blockquote>\n<p>Trois des organisations interdites par Isra\u00ebl, dont Al-Haq, travaillaient en<a href=\"https:\/\/electronicintifada.net\/content\/west-throws-palestinian-rights-groups-wolves\/34221\" target=\"_blank\" rel=\"noopener\"> \u00e9troite collaboration<\/a> avec la<strong> Cour p\u00e9nale internationale<\/strong> afin de collecter des preuves pour l\u2019enqu\u00eate de cette derni\u00e8re sur les crimes de guerre commis en<strong> Cisjordanie occup\u00e9e<\/strong> et dans la <strong>bande de Gaza.<\/strong><\/p>\n<p>Isra\u00ebl a pr\u00e9tendu \u2013 sans exhiber la moindre preuve cr\u00e9dible \u2013 que les six organisations transf\u00e8rent des fonds vers le <strong>Front populaire pour la lib\u00e9ration de la Palestine,<\/strong> consid\u00e9r\u00e9 par Isra\u00ebl comme une organisation <em>\u00ab&nbsp;terroriste&nbsp;\u00bb<\/em>, \u00e0 l\u2019instar de pratiquement tous les partis politiques palestiniens.<\/p>\n<p><strong>Jabarin<\/strong> rejette avec v\u00e9h\u00e9mence la tentative d\u2019Isra\u00ebl de criminaliser le travail autour des droits humains ainsi que la politique palestinienne.<\/p>\n<p>Tous les partis politiques palestiniens ont <em>\u00ab&nbsp;le droit d\u2019exister, le droit d\u2019agir, le droit de d\u00e9fendre les droits de leur peuple&nbsp;\u00bb,<\/em> affirme Jabarin.<\/p>\n<p><em>\u00ab Ce sont eux les criminels, ce sont eux les terroristes, ce sont eux les oppresseurs qui commettent des crimes internationaux \u00bb<\/em>, dit Jabarin des dirigeants isra\u00e9liens.<\/p>\n<blockquote>\n<p>\u00ab Ils n\u2019ont pas le droit de nous donner des \u00e9tiquettes \u2013 vous \u00eates bons et vous \u00eates mauvais. <\/p>\n<p>\u00ab&nbsp;Leur place normale, c\u2019est \u00e0 La Haye, derri\u00e8re des barreaux&nbsp;\u00bb,<\/p>\n<\/blockquote>\n<p>ajoute-t-il. &nbsp;<\/p>\n<p>Selon<strong> Jabarin<\/strong>, Isra\u00ebl est <em>\u00ab&nbsp;de plus en plus nerveux \u00e0 propos du discours commun&nbsp;\u00bb<\/em> aux activistes des droits de l\u2019homme et autres, qui dit qu\u2019\u00ab<em>&nbsp;Isra\u00ebl est un r\u00e9gime colonial d\u2019apartheid&nbsp;\u00bb.<\/em><\/p>\n<p>Mais il dit que ne pas agir contre Isra\u00ebl \u00e9quivaut \u00e0 adresser un message clair aux jeunes Palestiniens&nbsp;: toutes les voies pacifiques en vue de parvenir \u00e0 la justice sont barr\u00e9es et <em>\u00ab&nbsp;vous devez chercher vos fa\u00e7ons de vous prot\u00e9ger&nbsp;\u00bb.<\/em><\/p>\n<p><strong>Jabarin<\/strong> fait allusion \u00e0 ce qui s\u2019est pass\u00e9 en mai quand, <strong>dans chaque partie de leur patrie,<\/strong> dont<strong> J\u00e9rusalem-Est occup\u00e9e<\/strong> et <strong>ce qui est aujourd\u2019hui Isra\u00ebl,<\/strong> les Palestiniens se sont dress\u00e9s ensemble pour la premi\u00e8re fois depuis des g\u00e9n\u00e9rations \u2013 et Isra\u00ebl a cherch\u00e9 \u00e0 se venger en d\u00e9clenchant une campagne sauvage de bombardements contre <strong>Gaza. &nbsp;<\/strong><\/p>\n<p><em>\u00ab Ils ont vu ce que notre jeune g\u00e9n\u00e9ration a fait \u00e0 Sheikh Jarrah et partout alleurs, \u00e0 l\u2019int\u00e9rieur de \u201948 et partout.&nbsp; \u00bb,<\/em> d\u00e9clare Jabarin<em>.<\/em><\/p>\n<p>&nbsp;<\/p>\n<h2><b>Une heure de v\u00e9rit\u00e9<\/b><\/h2>\n<p>C\u2019est une <em>\u00ab&nbsp;heure de v\u00e9rit\u00e9&nbsp;\u00bb<\/em> pour voir si l\u2019<strong>UE<\/strong> va transformer son soutien d\u00e9clar\u00e9 \u00e0 la soci\u00e9t\u00e9 civile palestinienne en r\u00e9elles actions, selon le point de vue de Jabarin.<\/p>\n<p>Isra\u00ebl et <a href=\"https:\/\/www.europarl.europa.eu\/doceo\/document\/E-9-2021-000553_EN.html\" target=\"_blank\" rel=\"noopener\">ses alli\u00e9s<\/a> au sein de l\u2019UE exercent des pressions en vue d\u2019une reprise du<strong> Conseil d\u2019association UE-Isra\u00ebl<\/strong>, un organe commun \u00e9tabli par l\u2019accord qui octroie \u00e0 Isra\u00ebl des <strong>privil\u00e8ges sp\u00e9ciaux<\/strong> au sein de l\u2019Union europ\u00e9enne.<\/p>\n<p>Le conseil ne s\u2019est plus r\u00e9uni depuis pr\u00e8s d\u2019une d\u00e9cennie, mais on assiste \u00e0 une recrudescence des<a href=\"https:\/\/www.jpost.com\/israel-news\/lapid-to-slovnia-fm-end-9-year-freeze-of-eu-israel-association-council-677503\" target=\"_blank\" rel=\"noopener\"> pressions<\/a> pour qu\u2019il se r\u00e9unisse de nouveau afin de bien montrer les liens chaleureux croissants qu\u2019il y a entre Tel-Aviv et Bruxelles. Il est d\u00e9sormais question d\u2019une telle rencontre chaque ann\u00e9e. &nbsp;<\/p>\n<p><strong>Jabarin<\/strong> dit que la r\u00e9union ne devrait pas se poursuivre et qu\u2019Isra\u00ebl ne doit plus b\u00e9n\u00e9ficier de la moindre r\u00e9compense de la part de Bruxelles. Il compare <strong>l\u2019inertie de l\u2019UE<\/strong> quand il s\u2019agit de r\u00e9clamer des comptes \u00e0 Isra\u00ebl et la fa\u00e7on dont elle s\u2019empresse d\u2019imposer des sanctions \u00e0 d\u2019autres pays \u2013 dont, tout r\u00e9cemment, la <a href=\"https:\/\/www.consilium.europa.eu\/en\/press\/press-releases\/2021\/11\/15\/belarus-eu-broadens-scope-for-sanctions-to-tackle-hybrid-attacks-and-instrumentalisation-of-migrants\/\" target=\"_blank\" rel=\"noopener\"><strong>Bi\u00e9lorussie. &nbsp;<\/strong><\/a><\/p>\n<p>Il est temps que l\u2019UE cesse de se contenter d\u2019\u00e9tiqueter tout simplement les produits des colonies de peuplement isra\u00e9liennes en Cisjordanie et embraie en m\u00eame temps sur <strong>l\u2019interdiction<\/strong> du commerce de ce genre de marchandises, ajoute Jabarin.<\/p>\n<p>&nbsp;<\/p>\n<h2><b>L\u2019absence d\u2019action<\/b><\/h2>\n<p><strong>L\u2019UE n\u2019a pas agi<\/strong> quand Isra\u00ebl l\u2019a <a href=\"https:\/\/electronicintifada.net\/blogs\/ali-abunimah\/israel-told-eu-advance-plan-label-rights-groups-terrorist\" target=\"_blank\" rel=\"noopener\">inform\u00e9e<\/a> d\u2019avance qu\u2019il allait d\u00e9signer six organisations palestiniennes des droits humains comme organisations<em> \u00ab&nbsp;terroristes&nbsp;\u00bb.<\/em><\/p>\n<p>Jusqu\u2019au pr\u00e9sent, estime Jabarin, les<a href=\"https:\/\/electronicintifada.net\/blogs\/ali-abunimah\/ireland-and-eu-split-over-israels-terrorist-label-rights-groups\" target=\"_blank\" rel=\"noopener\"> d\u00e9clarations de l\u2019UE<\/a> sont tr\u00e8s \u00e9loign\u00e9es de ce \u00e0 quoi on devrait s\u2019attendre de gens qui pr\u00e9tendent croire <em>\u00ab&nbsp;dans les lois internationales, la justice, la libert\u00e9 et les droits&nbsp;\u00bb.<\/em><\/p>\n<p>Malgr\u00e9 ses s\u00e9v\u00e8res critiques \u00e0 l\u2019encontre de l\u2019UE,<strong> Jabarin<\/strong> est convaincu que <em>\u00ab&nbsp;les Europ\u00e9ens peuvent faire la diff\u00e9rence&nbsp;\u00bb. &nbsp;<\/em><\/p>\n<p>Il fait remarquer que certains gouvernements europ\u00e9ens, dont la <strong>Norv\u00e8ge, l\u2019Irlande et l\u2019Italie,<\/strong> ont sorti des d\u00e9clarations <em>\u00ab&nbsp;convenables et fortes&nbsp;\u00bb<\/em> \u00e0 propos de l\u2019attaque isra\u00e9lienne contre les organisations palestiniennes de d\u00e9fense des droits.<\/p>\n<p>Et il fait r\u00e9f\u00e9rence aux messages<em> \u00ab&nbsp;encourageants&nbsp;\u00bb<\/em> qu\u2019il a re\u00e7us de la part de plusieurs pays. &nbsp;<\/p>\n<p>Parmi ces messages, des promesses de ce que sera maintenu le financement du travail effectu\u00e9 par les organisations palestiniennes ainsi qu\u2019une saine compr\u00e9hension du <em>\u00ab&nbsp;but cach\u00e9&nbsp;\u00bb<\/em> sous-tendant les actions d\u2019Isra\u00ebl \u2013 autrement dit, comme l\u2019affirme Jabarin,<\/p>\n<blockquote>\n<p>\u00ab Isra\u00ebl tente de nous r\u00e9duire au silence, de nous faire fermer et de ne plus nous permettre de poursuivre notre travail dans l\u2019ar\u00e8ne internationale.<\/p>\n<p>\u00ab&nbsp;Les \u00c9tats \u00e0 titre individuel n\u2019ont pas \u00e0 se placer \u00e0 la merci d\u2019un syst\u00e8me en plein dysfonctionnement&nbsp;\u00bb,<\/p>\n<\/blockquote>\n<p>ajoute<strong> Jabarin<\/strong>, insistant sur le fait qu\u2019il n\u2019est nul besoin de faire la courbette devant le consensus pro-isra\u00e9lien de Bruxelles.<\/p>\n<p>&nbsp;<\/p>\n<h2><b>Manipuler la soci\u00e9t\u00e9 palestinienne<\/b><\/h2>\n<p>L\u2019attaque isra\u00e9lienne contre les six organisations palestiniennes de d\u00e9fense des droits ne vise pas seulement \u00e0 r\u00e9duire au silence ceux qui voudraient demander des comptes \u00e0 Isra\u00ebl, mais constitue \u00e9galement une tentative de <em>\u00ab&nbsp;manipuler la soci\u00e9t\u00e9 palestinienne&nbsp;\u00bb,<\/em> d\u00e9clare Jabarin.<\/p>\n<p>Isra\u00ebl veut installer la crainte chez tout le monde en disant<\/p>\n<blockquote>\n<p>\u00ab&nbsp;nous sommes ici, nous pouvons vous bloquer, nous pouvons vous tuer, nous pouvons vous assassiner, nous ne vous permettrons pas de faire cela.&nbsp;\u00bb<\/p>\n<\/blockquote>\n<p>Jabarin met en garde contre le fait qu\u2019Isra\u00ebl cherche \u00e0<\/p>\n<blockquote>\n<p>\u00ab construire une culture de l\u2019autocensure chez les individus, ainsi qu\u2019au sein des organisations et des partis politiques.<\/p>\n<p>\u00ab&nbsp;Ils veulent que nous suivions leur politique et que nous soyons heureux des crimes qu\u2019ils commettent contre notre peuple&nbsp;\u00bb,<\/p>\n<\/blockquote>\n<p>dit-il.<\/p>\n<blockquote>\n<p>\u00ab&nbsp;Cela ne se passera pas comme cela&nbsp;!&nbsp;\u00bb<\/p>\n<\/blockquote>\n<p>&nbsp;<\/p>\n<h2><b>\u00ab&nbsp;Nous comptons sur nos amis&nbsp;\u00bb<\/b><\/h2>\n<p>Quels que soient les frustrations et obstacles auxquels les &nbsp;Palestiniens sont confront\u00e9s pour obtenir le soutien officiel et institutionnel \u00e0 leur combat l\u00e9gitime, <strong>Jabarin<\/strong> se sent fortement encourag\u00e9 par l\u2019\u00e9norme soutien \u00e9manant de la base \u00e0 l\u2019int\u00e9rieur de la Palestine et au niveau international.<\/p>\n<p>L\u2019imprimeur, le graphiste responsable du design, le traiteur qui propose ses services lorsqu\u2019il y a des visiteurs, tous ont propos\u00e9 de travailler gratuitement, explique Jabarin. Des syndicalistes et m\u00eame l\u2019<strong>Autorit\u00e9 palestinienne<\/strong> ont propos\u00e9 leur soutien aux organisations frapp\u00e9es d\u2019interdiction.<\/p>\n<blockquote>\n<p>\u00ab&nbsp;Cela a rafra\u00eechi notre \u00e9nergie en tant que peuple en g\u00e9n\u00e9ral et cela nous a pouss\u00e9s \u00e0 nous dresser du bon c\u00f4t\u00e9 \u2013 afin de d\u00e9fendre les droits du peuple contre l\u2019occupation et le pouvoir occupant&nbsp;\u00bb,<\/p>\n<\/blockquote>\n<p>d\u00e9clare Jabarin.<\/p>\n<blockquote>\n<p>\u00ab&nbsp;Nous comptons sur notre peuple, sur nos amis dans&nbsp;le monde entier&nbsp;\u00bb,<\/p>\n<\/blockquote>\n<p>ajoute-t-il, encensant les associations du barreau, les \u00e9tudiants et les universitaires, les parlementaires et autres qui t entent de repousser les attaques isra\u00e9liennes contre les organisations de d\u00e9fense des droits.<\/p>\n<blockquote>\n<p>\u00ab&nbsp;Ils peuvent d\u00e9truire des maisons, ils peuvent tuer, ils peuvent proc\u00e9der \u00e0 des arrestations, ils peuvent imposer des fermetures, ils peuvent fermer tel ou tel bureau&nbsp;\u00bb,<\/p>\n<\/blockquote>\n<p>dit-il encore d\u2019Isra\u00ebl.<\/p>\n<blockquote>\n<p>\u00ab&nbsp;Mais ils ne peuvent changer notre foi en la justice. Nous devons poursuivre les criminels.&nbsp;\u00bb<\/p>\n<\/blockquote>\n<p style=\"text-align: center;\">\u00b0\u00b0\u00b0\u00b0\u00b0<br>Publi\u00e9 le 16 novembre 2021 sur<a href=\"https:\/\/electronicintifada.net\/blogs\/adri-nieuwhof\/they-are-criminals-we-believe-justice\" target=\"_blank\" rel=\"noopener\"> The Electronic Intifada<\/a><br>Traduction : Jean-Marie Fl\u00e9mal, <a href=\"https:\/\/charleroi-pourlapalestine.be\/\">Charleroi pour la Palestine<\/a><\/p>\n\n\n<p><\/p>\n","protected":false},"excerpt":{"rendered":"<p>Shawan Jabarin fait une tourn\u00e9e des capitales europ\u00e9ennes, suite \u00e0 la d\u00e9cision d\u2019Isra\u00ebl de cataloguer six organisations des droits humains comme \u00ab\u00a0terroristes\u00a0\u00bb<\/p>\n","protected":false},"author":1,"featured_media":32192,"comment_status":"closed","ping_status":"closed","sticky":false,"template":"","format":"standard","meta":{"ngg_post_thumbnail":0,"footnotes":""},"categories":[209,454,106,71,185],"tags":[],"class_list":["post-32191","post","type-post","status-publish","format-standard","has-post-thumbnail","hentry","category-cpi","category-criminalisation","category-fplp","category-les-sanctions","category-union-europeenne"],"yoast_head":"<!-- This site is optimized with the Yoast SEO plugin v27.3 - https:\/\/yoast.com\/product\/yoast-seo-wordpress\/ -->\n<title>Ce sont eux les criminels, nous croyons en la justice<\/title>\n<meta name=\"description\" content=\"\u00ab Ce sont eux les criminels, ce sont eux les terroristes, ce sont eux les oppresseurs qui commettent des crimes internationaux \u00bb, dit Jabarin des dirigeants isra\u00e9liens.\" \/>\n<meta name=\"robots\" content=\"index, follow, max-snippet:-1, max-image-preview:large, max-video-preview:-1\" \/>\n<link rel=\"canonical\" href=\"https:\/\/charleroi-pourlapalestine.be\/index.php\/2021\/11\/18\/ce-sont-eux-les-criminels-nous-croyons-en-la-justice\/\" \/>\n<script type=\"application\/ld+json\" class=\"yoast-schema-graph\">{\"@context\":\"https:\\\/\\\/schema.org\",\"@graph\":[{\"@type\":\"Article\",\"@id\":\"https:\\\/\\\/charleroi-pourlapalestine.be\\\/index.php\\\/2021\\\/11\\\/18\\\/ce-sont-eux-les-criminels-nous-croyons-en-la-justice\\\/#article\",\"isPartOf\":{\"@id\":\"https:\\\/\\\/charleroi-pourlapalestine.be\\\/index.php\\\/2021\\\/11\\\/18\\\/ce-sont-eux-les-criminels-nous-croyons-en-la-justice\\\/\"},\"author\":{\"name\":\"admin1873\",\"@id\":\"https:\\\/\\\/charleroi-pourlapalestine.be\\\/#\\\/schema\\\/person\\\/c19ff515112f1299d8c12671d8fe3faa\"},\"headline\":\"Ce sont eux les criminels, nous croyons en la justice\",\"datePublished\":\"2021-11-18T15:30:11+00:00\",\"dateModified\":\"2021-11-18T16:01:25+00:00\",\"mainEntityOfPage\":{\"@id\":\"https:\\\/\\\/charleroi-pourlapalestine.be\\\/index.php\\\/2021\\\/11\\\/18\\\/ce-sont-eux-les-criminels-nous-croyons-en-la-justice\\\/\"},\"wordCount\":1622,\"publisher\":{\"@id\":\"https:\\\/\\\/charleroi-pourlapalestine.be\\\/#organization\"},\"image\":{\"@id\":\"https:\\\/\\\/charleroi-pourlapalestine.be\\\/index.php\\\/2021\\\/11\\\/18\\\/ce-sont-eux-les-criminels-nous-croyons-en-la-justice\\\/#primaryimage\"},\"thumbnailUrl\":\"https:\\\/\\\/charleroi-pourlapalestine.be\\\/wp-content\\\/uploads\\\/2021\\\/11\\\/Shawan-Jabari-e1637230293955.jpg\",\"articleSection\":[\"CPI\",\"criminalisation\",\"FPLP\",\"Sanctions\",\"Union europ\u00e9enne\"],\"inLanguage\":\"fr-FR\"},{\"@type\":\"WebPage\",\"@id\":\"https:\\\/\\\/charleroi-pourlapalestine.be\\\/index.php\\\/2021\\\/11\\\/18\\\/ce-sont-eux-les-criminels-nous-croyons-en-la-justice\\\/\",\"url\":\"https:\\\/\\\/charleroi-pourlapalestine.be\\\/index.php\\\/2021\\\/11\\\/18\\\/ce-sont-eux-les-criminels-nous-croyons-en-la-justice\\\/\",\"name\":\"Ce sont eux les criminels, nous croyons en la justice\",\"isPartOf\":{\"@id\":\"https:\\\/\\\/charleroi-pourlapalestine.be\\\/#website\"},\"primaryImageOfPage\":{\"@id\":\"https:\\\/\\\/charleroi-pourlapalestine.be\\\/index.php\\\/2021\\\/11\\\/18\\\/ce-sont-eux-les-criminels-nous-croyons-en-la-justice\\\/#primaryimage\"},\"image\":{\"@id\":\"https:\\\/\\\/charleroi-pourlapalestine.be\\\/index.php\\\/2021\\\/11\\\/18\\\/ce-sont-eux-les-criminels-nous-croyons-en-la-justice\\\/#primaryimage\"},\"thumbnailUrl\":\"https:\\\/\\\/charleroi-pourlapalestine.be\\\/wp-content\\\/uploads\\\/2021\\\/11\\\/Shawan-Jabari-e1637230293955.jpg\",\"datePublished\":\"2021-11-18T15:30:11+00:00\",\"dateModified\":\"2021-11-18T16:01:25+00:00\",\"description\":\"\u00ab Ce sont eux les criminels, ce sont eux les terroristes, ce sont eux les oppresseurs qui commettent des crimes internationaux \u00bb, dit Jabarin des dirigeants isra\u00e9liens.\",\"breadcrumb\":{\"@id\":\"https:\\\/\\\/charleroi-pourlapalestine.be\\\/index.php\\\/2021\\\/11\\\/18\\\/ce-sont-eux-les-criminels-nous-croyons-en-la-justice\\\/#breadcrumb\"},\"inLanguage\":\"fr-FR\",\"potentialAction\":[{\"@type\":\"ReadAction\",\"target\":[\"https:\\\/\\\/charleroi-pourlapalestine.be\\\/index.php\\\/2021\\\/11\\\/18\\\/ce-sont-eux-les-criminels-nous-croyons-en-la-justice\\\/\"]}]},{\"@type\":\"ImageObject\",\"inLanguage\":\"fr-FR\",\"@id\":\"https:\\\/\\\/charleroi-pourlapalestine.be\\\/index.php\\\/2021\\\/11\\\/18\\\/ce-sont-eux-les-criminels-nous-croyons-en-la-justice\\\/#primaryimage\",\"url\":\"https:\\\/\\\/charleroi-pourlapalestine.be\\\/wp-content\\\/uploads\\\/2021\\\/11\\\/Shawan-Jabari-e1637230293955.jpg\",\"contentUrl\":\"https:\\\/\\\/charleroi-pourlapalestine.be\\\/wp-content\\\/uploads\\\/2021\\\/11\\\/Shawan-Jabari-e1637230293955.jpg\",\"width\":480,\"height\":320},{\"@type\":\"BreadcrumbList\",\"@id\":\"https:\\\/\\\/charleroi-pourlapalestine.be\\\/index.php\\\/2021\\\/11\\\/18\\\/ce-sont-eux-les-criminels-nous-croyons-en-la-justice\\\/#breadcrumb\",\"itemListElement\":[{\"@type\":\"ListItem\",\"position\":1,\"name\":\"Accueil\",\"item\":\"https:\\\/\\\/charleroi-pourlapalestine.be\\\/\"},{\"@type\":\"ListItem\",\"position\":2,\"name\":\"Ce sont eux les criminels, nous croyons en la justice\"}]},{\"@type\":\"WebSite\",\"@id\":\"https:\\\/\\\/charleroi-pourlapalestine.be\\\/#website\",\"url\":\"https:\\\/\\\/charleroi-pourlapalestine.be\\\/\",\"name\":\"Charleroi Pour la Palestine\",\"description\":\"\",\"publisher\":{\"@id\":\"https:\\\/\\\/charleroi-pourlapalestine.be\\\/#organization\"},\"potentialAction\":[{\"@type\":\"SearchAction\",\"target\":{\"@type\":\"EntryPoint\",\"urlTemplate\":\"https:\\\/\\\/charleroi-pourlapalestine.be\\\/?s={search_term_string}\"},\"query-input\":{\"@type\":\"PropertyValueSpecification\",\"valueRequired\":true,\"valueName\":\"search_term_string\"}}],\"inLanguage\":\"fr-FR\"},{\"@type\":\"Organization\",\"@id\":\"https:\\\/\\\/charleroi-pourlapalestine.be\\\/#organization\",\"name\":\"Plate-forme Charleroi-Palestine\",\"url\":\"https:\\\/\\\/charleroi-pourlapalestine.be\\\/\",\"logo\":{\"@type\":\"ImageObject\",\"inLanguage\":\"fr-FR\",\"@id\":\"https:\\\/\\\/charleroi-pourlapalestine.be\\\/#\\\/schema\\\/logo\\\/image\\\/\",\"url\":\"https:\\\/\\\/charleroi-pourlapalestine.be\\\/wp-content\\\/uploads\\\/2020\\\/01\\\/logo-Copy.jpg\",\"contentUrl\":\"https:\\\/\\\/charleroi-pourlapalestine.be\\\/wp-content\\\/uploads\\\/2020\\\/01\\\/logo-Copy.jpg\",\"width\":180,\"height\":180,\"caption\":\"Plate-forme Charleroi-Palestine\"},\"image\":{\"@id\":\"https:\\\/\\\/charleroi-pourlapalestine.be\\\/#\\\/schema\\\/logo\\\/image\\\/\"},\"sameAs\":[\"https:\\\/\\\/www.facebook.com\\\/PlateformeCharleroiPalestine\\\/\",\"https:\\\/\\\/x.com\\\/LaCharleroi\"]},{\"@type\":\"Person\",\"@id\":\"https:\\\/\\\/charleroi-pourlapalestine.be\\\/#\\\/schema\\\/person\\\/c19ff515112f1299d8c12671d8fe3faa\",\"name\":\"admin1873\",\"url\":\"https:\\\/\\\/charleroi-pourlapalestine.be\\\/index.php\\\/author\\\/admin1873\\\/\"}]}<\/script>\n<!-- \/ Yoast SEO plugin. -->","yoast_head_json":{"title":"Ce sont eux les criminels, nous croyons en la justice","description":"\u00ab Ce sont eux les criminels, ce sont eux les terroristes, ce sont eux les oppresseurs qui commettent des crimes internationaux \u00bb, dit Jabarin des dirigeants isra\u00e9liens.","robots":{"index":"index","follow":"follow","max-snippet":"max-snippet:-1","max-image-preview":"max-image-preview:large","max-video-preview":"max-video-preview:-1"},"canonical":"https:\/\/charleroi-pourlapalestine.be\/index.php\/2021\/11\/18\/ce-sont-eux-les-criminels-nous-croyons-en-la-justice\/","schema":{"@context":"https:\/\/schema.org","@graph":[{"@type":"Article","@id":"https:\/\/charleroi-pourlapalestine.be\/index.php\/2021\/11\/18\/ce-sont-eux-les-criminels-nous-croyons-en-la-justice\/#article","isPartOf":{"@id":"https:\/\/charleroi-pourlapalestine.be\/index.php\/2021\/11\/18\/ce-sont-eux-les-criminels-nous-croyons-en-la-justice\/"},"author":{"name":"admin1873","@id":"https:\/\/charleroi-pourlapalestine.be\/#\/schema\/person\/c19ff515112f1299d8c12671d8fe3faa"},"headline":"Ce sont eux les criminels, nous croyons en la justice","datePublished":"2021-11-18T15:30:11+00:00","dateModified":"2021-11-18T16:01:25+00:00","mainEntityOfPage":{"@id":"https:\/\/charleroi-pourlapalestine.be\/index.php\/2021\/11\/18\/ce-sont-eux-les-criminels-nous-croyons-en-la-justice\/"},"wordCount":1622,"publisher":{"@id":"https:\/\/charleroi-pourlapalestine.be\/#organization"},"image":{"@id":"https:\/\/charleroi-pourlapalestine.be\/index.php\/2021\/11\/18\/ce-sont-eux-les-criminels-nous-croyons-en-la-justice\/#primaryimage"},"thumbnailUrl":"https:\/\/charleroi-pourlapalestine.be\/wp-content\/uploads\/2021\/11\/Shawan-Jabari-e1637230293955.jpg","articleSection":["CPI","criminalisation","FPLP","Sanctions","Union europ\u00e9enne"],"inLanguage":"fr-FR"},{"@type":"WebPage","@id":"https:\/\/charleroi-pourlapalestine.be\/index.php\/2021\/11\/18\/ce-sont-eux-les-criminels-nous-croyons-en-la-justice\/","url":"https:\/\/charleroi-pourlapalestine.be\/index.php\/2021\/11\/18\/ce-sont-eux-les-criminels-nous-croyons-en-la-justice\/","name":"Ce sont eux les criminels, nous croyons en la justice","isPartOf":{"@id":"https:\/\/charleroi-pourlapalestine.be\/#website"},"primaryImageOfPage":{"@id":"https:\/\/charleroi-pourlapalestine.be\/index.php\/2021\/11\/18\/ce-sont-eux-les-criminels-nous-croyons-en-la-justice\/#primaryimage"},"image":{"@id":"https:\/\/charleroi-pourlapalestine.be\/index.php\/2021\/11\/18\/ce-sont-eux-les-criminels-nous-croyons-en-la-justice\/#primaryimage"},"thumbnailUrl":"https:\/\/charleroi-pourlapalestine.be\/wp-content\/uploads\/2021\/11\/Shawan-Jabari-e1637230293955.jpg","datePublished":"2021-11-18T15:30:11+00:00","dateModified":"2021-11-18T16:01:25+00:00","description":"\u00ab Ce sont eux les criminels, ce sont eux les terroristes, ce sont eux les oppresseurs qui commettent des crimes internationaux \u00bb, dit Jabarin des dirigeants isra\u00e9liens.","breadcrumb":{"@id":"https:\/\/charleroi-pourlapalestine.be\/index.php\/2021\/11\/18\/ce-sont-eux-les-criminels-nous-croyons-en-la-justice\/#breadcrumb"},"inLanguage":"fr-FR","potentialAction":[{"@type":"ReadAction","target":["https:\/\/charleroi-pourlapalestine.be\/index.php\/2021\/11\/18\/ce-sont-eux-les-criminels-nous-croyons-en-la-justice\/"]}]},{"@type":"ImageObject","inLanguage":"fr-FR","@id":"https:\/\/charleroi-pourlapalestine.be\/index.php\/2021\/11\/18\/ce-sont-eux-les-criminels-nous-croyons-en-la-justice\/#primaryimage","url":"https:\/\/charleroi-pourlapalestine.be\/wp-content\/uploads\/2021\/11\/Shawan-Jabari-e1637230293955.jpg","contentUrl":"https:\/\/charleroi-pourlapalestine.be\/wp-content\/uploads\/2021\/11\/Shawan-Jabari-e1637230293955.jpg","width":480,"height":320},{"@type":"BreadcrumbList","@id":"https:\/\/charleroi-pourlapalestine.be\/index.php\/2021\/11\/18\/ce-sont-eux-les-criminels-nous-croyons-en-la-justice\/#breadcrumb","itemListElement":[{"@type":"ListItem","position":1,"name":"Accueil","item":"https:\/\/charleroi-pourlapalestine.be\/"},{"@type":"ListItem","position":2,"name":"Ce sont eux les criminels, nous croyons en la justice"}]},{"@type":"WebSite","@id":"https:\/\/charleroi-pourlapalestine.be\/#website","url":"https:\/\/charleroi-pourlapalestine.be\/","name":"Charleroi Pour la Palestine","description":"","publisher":{"@id":"https:\/\/charleroi-pourlapalestine.be\/#organization"},"potentialAction":[{"@type":"SearchAction","target":{"@type":"EntryPoint","urlTemplate":"https:\/\/charleroi-pourlapalestine.be\/?s={search_term_string}"},"query-input":{"@type":"PropertyValueSpecification","valueRequired":true,"valueName":"search_term_string"}}],"inLanguage":"fr-FR"},{"@type":"Organization","@id":"https:\/\/charleroi-pourlapalestine.be\/#organization","name":"Plate-forme Charleroi-Palestine","url":"https:\/\/charleroi-pourlapalestine.be\/","logo":{"@type":"ImageObject","inLanguage":"fr-FR","@id":"https:\/\/charleroi-pourlapalestine.be\/#\/schema\/logo\/image\/","url":"https:\/\/charleroi-pourlapalestine.be\/wp-content\/uploads\/2020\/01\/logo-Copy.jpg","contentUrl":"https:\/\/charleroi-pourlapalestine.be\/wp-content\/uploads\/2020\/01\/logo-Copy.jpg","width":180,"height":180,"caption":"Plate-forme Charleroi-Palestine"},"image":{"@id":"https:\/\/charleroi-pourlapalestine.be\/#\/schema\/logo\/image\/"},"sameAs":["https:\/\/www.facebook.com\/PlateformeCharleroiPalestine\/","https:\/\/x.com\/LaCharleroi"]},{"@type":"Person","@id":"https:\/\/charleroi-pourlapalestine.be\/#\/schema\/person\/c19ff515112f1299d8c12671d8fe3faa","name":"admin1873","url":"https:\/\/charleroi-pourlapalestine.be\/index.php\/author\/admin1873\/"}]}},"_links":{"self":[{"href":"https:\/\/charleroi-pourlapalestine.be\/index.php\/wp-json\/wp\/v2\/posts\/32191","targetHints":{"allow":["GET"]}}],"collection":[{"href":"https:\/\/charleroi-pourlapalestine.be\/index.php\/wp-json\/wp\/v2\/posts"}],"about":[{"href":"https:\/\/charleroi-pourlapalestine.be\/index.php\/wp-json\/wp\/v2\/types\/post"}],"author":[{"embeddable":true,"href":"https:\/\/charleroi-pourlapalestine.be\/index.php\/wp-json\/wp\/v2\/users\/1"}],"replies":[{"embeddable":true,"href":"https:\/\/charleroi-pourlapalestine.be\/index.php\/wp-json\/wp\/v2\/comments?post=32191"}],"version-history":[{"count":0,"href":"https:\/\/charleroi-pourlapalestine.be\/index.php\/wp-json\/wp\/v2\/posts\/32191\/revisions"}],"wp:featuredmedia":[{"embeddable":true,"href":"https:\/\/charleroi-pourlapalestine.be\/index.php\/wp-json\/wp\/v2\/media\/32192"}],"wp:attachment":[{"href":"https:\/\/charleroi-pourlapalestine.be\/index.php\/wp-json\/wp\/v2\/media?parent=32191"}],"wp:term":[{"taxonomy":"category","embeddable":true,"href":"https:\/\/charleroi-pourlapalestine.be\/index.php\/wp-json\/wp\/v2\/categories?post=32191"},{"taxonomy":"post_tag","embeddable":true,"href":"https:\/\/charleroi-pourlapalestine.be\/index.php\/wp-json\/wp\/v2\/tags?post=32191"}],"curies":[{"name":"wp","href":"https:\/\/api.w.org\/{rel}","templated":true}]}}