{"id":32443,"date":"2021-11-25T16:48:41","date_gmt":"2021-11-25T15:48:41","guid":{"rendered":"https:\/\/charleroi-pourlapalestine.be\/?p=32443"},"modified":"2021-11-25T16:57:59","modified_gmt":"2021-11-25T15:57:59","slug":"israa-jaabis-de-victime-a-criminelle-du-jour-au-lendemain","status":"publish","type":"post","link":"https:\/\/charleroi-pourlapalestine.be\/index.php\/2021\/11\/25\/israa-jaabis-de-victime-a-criminelle-du-jour-au-lendemain\/","title":{"rendered":"Israa Jaabis : De victime \u00e0 criminelle, du jour au lendemain"},"content":{"rendered":"<p>Un tribunal isra\u00e9lien a condamn\u00e9 une m\u00e8re palestinienne, <strong>Israa Jaabis,<\/strong>&nbsp; gravement br\u00fbl\u00e9e \u00e0 <strong>onze ans de prison<\/strong> pour n\u2019avoir litt\u00e9ralement rien fait, en 2017. Il n\u2019y a qu\u2019en Isra\u00ebl qu\u2019on peut \u00eatre incarc\u00e9r\u00e9 sans aucune accusation de criminalit\u00e9 et \u00eatre condamn\u00e9 \u00e0 supporter des blessures pour toujours, jusqu\u2019\u00e0 la mort.<\/p>\n<p><img loading=\"lazy\" decoding=\"async\" class=\"aligncenter wp-image-32453 size-full\" src=\"https:\/\/charleroi-pourlapalestine.be\/wp-content\/uploads\/2021\/11\/Save-Israa-e1637854310909.jpg\" alt=\"\" width=\"536\" height=\"536\"><\/p>\n<p>&nbsp;<\/p>\n<p>&nbsp;<\/p>\n<p><strong>Israa Jaabis,<\/strong> 37 ans, se rendait \u00e0 son domicile \u00e0 <strong>J\u00e9rusalem<\/strong> le 10 octobre 2015, la veille de la remise finale de son projet de recherche pour le module d\u2019Education sp\u00e9ciale. Sa voiture a pris feu brusquement en raison d\u2019un probl\u00e8me technique, \u00e0 cinq cents m\u00e8tres du poste de contr\u00f4le militaire d\u2019<strong>Al-Zayyim<\/strong> \u00e0 <strong>J\u00e9rusalem.<\/strong> Les soldats isra\u00e9liens qui se trouvaient \u00e0 proximit\u00e9 ont consid\u00e9r\u00e9 <strong>Israa<\/strong> comme un danger potentiel et ont point\u00e9 leurs armes sur la dame qui a perdu le contr\u00f4le du v\u00e9hicule qui a pris feu.<\/p>\n<p>Selon l\u2019avocat d\u2019Israa, du groupe de d\u00e9fense des droits de l\u2019homme <strong>Addameer,<\/strong> Israa transportait une bouteille de gaz qui a accidentellement explos\u00e9, \u00e0 la suite de quoi elle s\u2019est pr\u00e9cipit\u00e9e hors de son v\u00e9hicule en criant \u00e0 l\u2019aide. Elle a re\u00e7u comme r\u00e9ponse le canon d\u2019un fusil et les cris d\u2019un officier isra\u00e9lien : \u201c<em>L\u00e2chez le couteau<\/em>\u201c. <strong>Israa<\/strong>, en flammes, s\u2019est \u00e9tendue sur l\u2019asphalte pendant 15 minutes, attendant la piti\u00e9 du soldat ou une mort imminente, pour finir par \u00eatre arr\u00eat\u00e9e.<\/p>\n<p>Les forces isra\u00e9liennes ont accus\u00e9 Israa de \u201c<em>tentative de meurtre<\/em>\u201c. Aucune preuve n\u2019a cependant \u00e9t\u00e9 pr\u00e9sent\u00e9e. La m\u00e8re palestinienne a \u00e9galement ni\u00e9 avec v\u00e9h\u00e9mence ces accusations, soulignant qu\u2019elle d\u00e9m\u00e9nageait des meubles dans sa maison du quartier de <strong>Jabal Al-Mukabe<\/strong>r.<\/p>\n<p>Cet accident s\u2019est produit pendant ce que l\u2019on appelle <strong><em>\u201cl\u2019Intifada de J\u00e9rusalem\u201d<\/em><\/strong>, qui a \u00e9clat\u00e9 en 2014, \u00e0 la suite de l\u2019indignation des Palestiniens face aux provocations isra\u00e9liennes \u00e0 la mosqu\u00e9e <strong>Al-Aqsa.<\/strong> Le soul\u00e8vement s\u2019est poursuivi jusqu\u2019\u00e0 la seconde moiti\u00e9 de 2015.<\/p>\n<p>Des affrontements quotidiens et une vague de violence se sont r\u00e9pandus en <strong>Cisjordanie<\/strong> et aux fronti\u00e8res de <strong>Gaza<\/strong>, les forces isra\u00e9liennes se livrant \u00e0 des attaques aveugles et des repr\u00e9sailles.<\/p>\n<p><strong>Ibrahim Abu Thuraya<\/strong>, jeune homme doublement amput\u00e9, est un exemple des dizaines de Palestiniens tu\u00e9s au gr\u00e9 des forces isra\u00e9liennes. Il a \u00e9t\u00e9 abattu \u00e0 la cl\u00f4ture de s\u00e9paration de Gaza alors qu\u2019il protestait pacifiquement contre les violations isra\u00e9liennes \u00e0 J\u00e9rusalem.<\/p>\n<p>Les forces isra\u00e9liennes ont ex\u00e9cut\u00e9 de nombreux Palestiniens et adolescents dans les rues de Cisjordanie, apr\u00e8s les avoir accus\u00e9s de<em> \u201cporter un couteau\u201d.<\/em> Le bilan s\u2019\u00e9l\u00e8ve \u00e0 222 Palestiniens tu\u00e9s au cours de ces \u00e9v\u00e9nements.<\/p>\n<p><strong>Israa<\/strong> croupit dans la prison de <strong>Damon<\/strong>, au nord d\u2019Isra\u00ebl, avec dix autres m\u00e8res palestiniennes et trente-cinq prisonni\u00e8res, selon <em>Addameer<\/em>.<\/p>\n<p>Elle souffre de br\u00fblures au deuxi\u00e8me ou troisi\u00e8me degr\u00e9 sur 60 % de son corps. Huit de ses doigts ont fondu et elle a besoin de soins m\u00e9dicaux d\u2019urgence, selon un rapport de <strong>M\u00e9decins sans fronti\u00e8res.<\/strong><\/p>\n<p><strong>Nasreen Abu Kmail<\/strong>, une prisonni\u00e8re r\u00e9cemment lib\u00e9r\u00e9e qui est rest\u00e9e dans la m\u00eame cellule qu<strong>\u2019Israa<\/strong> \u00e0 la prison de <strong>Damon<\/strong>, a d\u00e9crit sa situation comme \u201c<em>la plus difficile<\/em>\u201d parmi les prisonni\u00e8res. \u201c<em>Elle ne peut pas manger ni respirer correctement et souffre d\u2019inflammations aigu\u00ebs dues \u00e0 sa blessure<\/em>\u201c.<\/p>\n<p>Malgr\u00e9 sa douleur, l\u2019administration de la prison de Damon ne fournit pas les soins m\u00e9dicaux n\u00e9cessaires pour traiter son traumatisme. <strong>L\u2019administration p\u00e9nitentiaire isra\u00e9lienne (IPS)<\/strong> laisse d\u00e9lib\u00e9r\u00e9ment Israa souffrir de n\u00e9gligence m\u00e9dicale.<\/p>\n<blockquote><p>\u201cChaque fois qu\u2019Israa demande un traitement m\u00e9dical, qu\u2019il s\u2019agisse de soins m\u00e9dicaux de base ou de chirurgie plastique, l\u2019administration p\u00e9nitentiaire r\u00e9pond qu\u2019elle s\u2019est fait mal elle-m\u00eame\u201c,<\/p><\/blockquote>\n<p>a d\u00e9clar\u00e9 <strong>Anhar Al-Deek<\/strong>, une prisonni\u00e8re palestinienne lib\u00e9r\u00e9e sous caution en septembre dernier.<\/p>\n<p><strong>Israa<\/strong> a comparu devant un tribunal en janvier 2018 pour faire appel de sa peine d\u2019emprisonnement. Interrog\u00e9e sur son \u00e9tat \u00e0 l\u2019audience (vid\u00e9o <a href=\"https:\/\/www.middleeastmonitor.com\/20211104-israa-jaabis-from-victim-to-criminal-overnight\/\">ici<\/a>), Israa a lev\u00e9 ce qui reste de ses mains vers le tribunal, en disant : \u201c<em>Y a-t-il une douleur plus dure que celle-ci ?<\/em>\u201d Son visage et ses yeux ont tout dit sur ce qu\u2019elle ressent et combien elle souffre. <strong>Mona Jaabis<\/strong>, s\u0153ur d\u2019Israa, a d\u00e9clar\u00e9 \u00e0 MEMO qu\u2019elle a besoin de huit op\u00e9rations chirurgicales urgentes, sans parler de trente op\u00e9rations de chirurgie plastique pour traiter ses blessures extr\u00eames, m\u00eame partiellement.<\/p>\n<blockquote><p>\u201cIsraa respire par la bouche car ses narines sont enti\u00e8rement bouch\u00e9es. Nous sommes actuellement dans une bataille judiciaire pour faire pression sur l\u2019IPS afin qu\u2019il permette \u00e0 Israa de subir les op\u00e9rations chirurgicales n\u00e9cessaires au niveau du nez, des oreilles, de la gorge et de la l\u00e8vre inf\u00e9rieure.\u201d<\/p><\/blockquote>\n<p>&nbsp;<\/p>\n<div id=\"attachment_32455\" style=\"width: 490px\" class=\"wp-caption aligncenter\"><img loading=\"lazy\" decoding=\"async\" aria-describedby=\"caption-attachment-32455\" class=\"wp-image-32455 size-full\" src=\"https:\/\/charleroi-pourlapalestine.be\/wp-content\/uploads\/2021\/11\/rassemblement-israa-e1637854721438.jpg\" alt=\"Rassemblement \u00e0 Gaza pour exiger des soins m\u00e9dicaux pour Israa Al-Jaabis [Mohammed Asad\/Middle East Monitor].\" width=\"480\" height=\"320\"><p id=\"caption-attachment-32455\" class=\"wp-caption-text\">Rassemblement \u00e0 Gaza pour exiger des soins m\u00e9dicaux pour Israa Al-Jaabis [Mohammed Asad\/Middle East Monitor].<\/p><\/div>\n<p>L\u2019<strong>IPS<\/strong> ne fournit aucune pommade pour les br\u00fblures \u00e0 <strong>Israa<\/strong> et ne permet pas \u00e0 sa famille de le faire. \u201c<em>Ils ne permettent aucun type de soins m\u00e9dicaux<\/em>\u201c.<\/p>\n<p>Mona a soulign\u00e9 que sa s\u0153ur a subi un traumatisme psychologique aigu depuis sa d\u00e9tention : \u201c<em>J\u2019ai peur quand je regarde mon visage dans le miroir (\u2026) et j\u2019ai le souvenir de l\u2019accident comme un cauchemar quotidien.<\/em>\u201c, dit-elle.<\/p>\n<p><strong>Abu Kmail<\/strong> et <strong>Al-Deek<\/strong>, qui ont pass\u00e9 leur peine de prison dans la m\u00eame cellule qu\u2019Israa, ont racont\u00e9 que la m\u00e8re palestinienne se levait toujours le matin en criant : \u201c<em>Au feu, au feu, au feu !<\/em>\u201d<\/p>\n<p>Les militants palestiniens ont mobilis\u00e9 le soutien des m\u00e9dias sociaux en faveur de la m\u00e8re palestinienne. D\u00e9but septembre, <a href=\"https:\/\/twitter.com\/SaveIsraa\">#SaveIsraa <\/a>est en t\u00eate des mots-cl\u00e9s sur Twitter. La famille d\u2019Israa a d\u00e9clar\u00e9 \u00e0 MEMO que la campagne est toujours en cours.<\/p>\n<p>Le fils d\u2019Israa, <strong>Mutasim,<\/strong> \u00e2g\u00e9 de 13 ans, a pris la t\u00eate de ces initiatives.<\/p>\n<blockquote><p>\u201cJe suis s\u00e9par\u00e9 de ma m\u00e8re depuis six ans. Tous les enfants du monde rentrent chez eux et voient leur m\u00e8re. Mais ce n\u2019est pas le cas pour moi\u201c,<\/p><\/blockquote>\n<p>a d\u00e9clar\u00e9 Mutasim dans une vid\u00e9o.<\/p>\n<p>Depuis sa d\u00e9tention, l\u2019<strong>IPS<\/strong> a refus\u00e9 \u00e0 Israa les visites de sa famille en violation flagrante de la Convention IV de Gen\u00e8ve de 1949, \u00e0 l\u2019exception d\u2019une rencontre sp\u00e9ciale entre Israa et Mutasim coordonn\u00e9e par le <strong>Comit\u00e9 international de la Croix-Rouge (CICR)<\/strong>, dix-huit mois apr\u00e8s sa d\u00e9tention.<\/p>\n<blockquote><p>\u201cIl y avait une vitre \u00e0 double vitrage entre Israa et Mutasim et un t\u00e9l\u00e9phone avec un mauvais signal de chaque c\u00f4t\u00e9 de la barri\u00e8re. Ils se sont parl\u00e9 via le t\u00e9l\u00e9phone. <em>\u2018Montre-moi ton visage, maman.<\/em>\u2019 Israa a lev\u00e9 la t\u00eate \u00e0 contrec\u0153ur. Elle a \u00e9galement couvert son visage avec un masque jaune qu\u2019elle a fabriqu\u00e9 elle-m\u00eame. Elle a dessin\u00e9 un animal de dessin anim\u00e9 sur le masque pour dissimuler ses blessures et ne pas effrayer le petit gar\u00e7on. <em>\u2018Montre-moi ton visage, maman\u2019,<\/em> a r\u00e9p\u00e9t\u00e9 Mutasim\u201c,<\/p><\/blockquote>\n<p>a racont\u00e9 <strong>Mona<\/strong>, la s\u0153ur d\u2019Israa, qui accompagnait l\u2019enfant lors de la visite.<\/p>\n<blockquote><p>\u201cA ce moment-l\u00e0, tout le monde dans le parloir a fondu en larmes, m\u00eame les autres visiteurs et les gardes isra\u00e9liens. <em>\u2018Je t\u2019aime comme tu es, maman<\/em>\u2019, a dit Mutasim, et il a pos\u00e9 sa main sur l\u2019un des c\u00f4t\u00e9s de la barri\u00e8re, invitant sa m\u00e8re \u00e0 faire de m\u00eame.\u201d<\/p><\/blockquote>\n<p>Ce fut le premier et dernier <em>\u201ccontact\u201d<\/em> entre les deux.<\/p>\n<p>Les autorit\u00e9s isra\u00e9liennes ont \u00e9galement retir\u00e9 l\u2019assurance m\u00e9dicale d\u2019<strong>Israa,<\/strong> ruinant ainsi toute possibilit\u00e9 de traitement m\u00e9dical \u00e0 l\u2019avenir, \u00e0 sa sortie de l\u2019h\u00f4pital. L<strong>\u2019IPS<\/strong> veut accabler<strong> Israa<\/strong> de chagrin et d\u2019humiliation pour le reste de sa demi-vie. Alors, \u00eatre en vie peut-il \u00eatre plus douloureux ?<\/p>\n<p style=\"text-align: center;\">\u00b0\u00b0\u00b0\u00b0\u00b0<\/p>\n<p>Publi\u00e9 le 4 novembre 2021 sur <a href=\"https:\/\/www.middleeastmonitor.com\/20211104-israa-jaabis-from-victim-to-criminal-overnight\/\">Middle East Monitor<\/a><br \/>\nTraduction : MR, <a href=\"https:\/\/ismfrance.org\/index.php\/2021\/11\/05\/israa-jaabis-de-victime-a-criminelle-du-jour-au-lendemain\/\" target=\"_blank\" rel=\"noopener\">ISM &#8211; France<\/a><\/p>\n","protected":false},"excerpt":{"rendered":"<p>Israa Jaabis, victime d&rsquo;un accident d&rsquo;abord, enferm\u00e9e dans une prison isra\u00e9lienne par la suite et laiss\u00e9 sans soins par l&rsquo;Etat isra\u00e9lien criminel depuis quatre ans<\/p>\n","protected":false},"author":1,"featured_media":32459,"comment_status":"closed","ping_status":"closed","sticky":false,"template":"","format":"standard","meta":{"ngg_post_thumbnail":0,"footnotes":""},"categories":[16,140,13],"tags":[],"class_list":["post-32443","post","type-post","status-publish","format-standard","has-post-thumbnail","hentry","category-les-femmes","category-letat-colonial","category-les-prisionners-palestiniens"],"yoast_head":"<!-- This site is optimized with the Yoast SEO plugin v27.3 - https:\/\/yoast.com\/product\/yoast-seo-wordpress\/ -->\n<title>Israa Jaabis : De victime \u00e0 criminelle, du jour au lendemain<\/title>\n<meta name=\"description\" content=\"Israa Jaabis, victime d&#039;un accident d&#039;abord, enferm\u00e9e dans une prison isra\u00e9lienne par la suite et laiss\u00e9 sans soins par l&#039;Etat isra\u00e9lien criminel\" \/>\n<meta name=\"robots\" content=\"index, follow, max-snippet:-1, max-image-preview:large, max-video-preview:-1\" \/>\n<link rel=\"canonical\" href=\"https:\/\/charleroi-pourlapalestine.be\/index.php\/2021\/11\/25\/israa-jaabis-de-victime-a-criminelle-du-jour-au-lendemain\/\" \/>\n<script type=\"application\/ld+json\" class=\"yoast-schema-graph\">{\"@context\":\"https:\\\/\\\/schema.org\",\"@graph\":[{\"@type\":\"Article\",\"@id\":\"https:\\\/\\\/charleroi-pourlapalestine.be\\\/index.php\\\/2021\\\/11\\\/25\\\/israa-jaabis-de-victime-a-criminelle-du-jour-au-lendemain\\\/#article\",\"isPartOf\":{\"@id\":\"https:\\\/\\\/charleroi-pourlapalestine.be\\\/index.php\\\/2021\\\/11\\\/25\\\/israa-jaabis-de-victime-a-criminelle-du-jour-au-lendemain\\\/\"},\"author\":{\"name\":\"admin1873\",\"@id\":\"https:\\\/\\\/charleroi-pourlapalestine.be\\\/#\\\/schema\\\/person\\\/c19ff515112f1299d8c12671d8fe3faa\"},\"headline\":\"Israa Jaabis : De victime \u00e0 criminelle, du jour au lendemain\",\"datePublished\":\"2021-11-25T15:48:41+00:00\",\"dateModified\":\"2021-11-25T15:57:59+00:00\",\"mainEntityOfPage\":{\"@id\":\"https:\\\/\\\/charleroi-pourlapalestine.be\\\/index.php\\\/2021\\\/11\\\/25\\\/israa-jaabis-de-victime-a-criminelle-du-jour-au-lendemain\\\/\"},\"wordCount\":1386,\"publisher\":{\"@id\":\"https:\\\/\\\/charleroi-pourlapalestine.be\\\/#organization\"},\"image\":{\"@id\":\"https:\\\/\\\/charleroi-pourlapalestine.be\\\/index.php\\\/2021\\\/11\\\/25\\\/israa-jaabis-de-victime-a-criminelle-du-jour-au-lendemain\\\/#primaryimage\"},\"thumbnailUrl\":\"https:\\\/\\\/charleroi-pourlapalestine.be\\\/wp-content\\\/uploads\\\/2021\\\/11\\\/Israa-Jaabis-e1637855160410.jpg\",\"articleSection\":[\"Femmes\",\"L'Etat colonial\",\"Prisonniers\"],\"inLanguage\":\"fr-FR\"},{\"@type\":\"WebPage\",\"@id\":\"https:\\\/\\\/charleroi-pourlapalestine.be\\\/index.php\\\/2021\\\/11\\\/25\\\/israa-jaabis-de-victime-a-criminelle-du-jour-au-lendemain\\\/\",\"url\":\"https:\\\/\\\/charleroi-pourlapalestine.be\\\/index.php\\\/2021\\\/11\\\/25\\\/israa-jaabis-de-victime-a-criminelle-du-jour-au-lendemain\\\/\",\"name\":\"Israa Jaabis : De victime \u00e0 criminelle, du jour au lendemain\",\"isPartOf\":{\"@id\":\"https:\\\/\\\/charleroi-pourlapalestine.be\\\/#website\"},\"primaryImageOfPage\":{\"@id\":\"https:\\\/\\\/charleroi-pourlapalestine.be\\\/index.php\\\/2021\\\/11\\\/25\\\/israa-jaabis-de-victime-a-criminelle-du-jour-au-lendemain\\\/#primaryimage\"},\"image\":{\"@id\":\"https:\\\/\\\/charleroi-pourlapalestine.be\\\/index.php\\\/2021\\\/11\\\/25\\\/israa-jaabis-de-victime-a-criminelle-du-jour-au-lendemain\\\/#primaryimage\"},\"thumbnailUrl\":\"https:\\\/\\\/charleroi-pourlapalestine.be\\\/wp-content\\\/uploads\\\/2021\\\/11\\\/Israa-Jaabis-e1637855160410.jpg\",\"datePublished\":\"2021-11-25T15:48:41+00:00\",\"dateModified\":\"2021-11-25T15:57:59+00:00\",\"description\":\"Israa Jaabis, victime d'un accident d'abord, enferm\u00e9e dans une prison isra\u00e9lienne par la suite et laiss\u00e9 sans soins par l'Etat isra\u00e9lien criminel\",\"breadcrumb\":{\"@id\":\"https:\\\/\\\/charleroi-pourlapalestine.be\\\/index.php\\\/2021\\\/11\\\/25\\\/israa-jaabis-de-victime-a-criminelle-du-jour-au-lendemain\\\/#breadcrumb\"},\"inLanguage\":\"fr-FR\",\"potentialAction\":[{\"@type\":\"ReadAction\",\"target\":[\"https:\\\/\\\/charleroi-pourlapalestine.be\\\/index.php\\\/2021\\\/11\\\/25\\\/israa-jaabis-de-victime-a-criminelle-du-jour-au-lendemain\\\/\"]}]},{\"@type\":\"ImageObject\",\"inLanguage\":\"fr-FR\",\"@id\":\"https:\\\/\\\/charleroi-pourlapalestine.be\\\/index.php\\\/2021\\\/11\\\/25\\\/israa-jaabis-de-victime-a-criminelle-du-jour-au-lendemain\\\/#primaryimage\",\"url\":\"https:\\\/\\\/charleroi-pourlapalestine.be\\\/wp-content\\\/uploads\\\/2021\\\/11\\\/Israa-Jaabis-e1637855160410.jpg\",\"contentUrl\":\"https:\\\/\\\/charleroi-pourlapalestine.be\\\/wp-content\\\/uploads\\\/2021\\\/11\\\/Israa-Jaabis-e1637855160410.jpg\",\"width\":458,\"height\":320},{\"@type\":\"BreadcrumbList\",\"@id\":\"https:\\\/\\\/charleroi-pourlapalestine.be\\\/index.php\\\/2021\\\/11\\\/25\\\/israa-jaabis-de-victime-a-criminelle-du-jour-au-lendemain\\\/#breadcrumb\",\"itemListElement\":[{\"@type\":\"ListItem\",\"position\":1,\"name\":\"Accueil\",\"item\":\"https:\\\/\\\/charleroi-pourlapalestine.be\\\/\"},{\"@type\":\"ListItem\",\"position\":2,\"name\":\"Israa Jaabis : De victime \u00e0 criminelle, du jour au lendemain\"}]},{\"@type\":\"WebSite\",\"@id\":\"https:\\\/\\\/charleroi-pourlapalestine.be\\\/#website\",\"url\":\"https:\\\/\\\/charleroi-pourlapalestine.be\\\/\",\"name\":\"Charleroi Pour la Palestine\",\"description\":\"\",\"publisher\":{\"@id\":\"https:\\\/\\\/charleroi-pourlapalestine.be\\\/#organization\"},\"potentialAction\":[{\"@type\":\"SearchAction\",\"target\":{\"@type\":\"EntryPoint\",\"urlTemplate\":\"https:\\\/\\\/charleroi-pourlapalestine.be\\\/?s={search_term_string}\"},\"query-input\":{\"@type\":\"PropertyValueSpecification\",\"valueRequired\":true,\"valueName\":\"search_term_string\"}}],\"inLanguage\":\"fr-FR\"},{\"@type\":\"Organization\",\"@id\":\"https:\\\/\\\/charleroi-pourlapalestine.be\\\/#organization\",\"name\":\"Plate-forme Charleroi-Palestine\",\"url\":\"https:\\\/\\\/charleroi-pourlapalestine.be\\\/\",\"logo\":{\"@type\":\"ImageObject\",\"inLanguage\":\"fr-FR\",\"@id\":\"https:\\\/\\\/charleroi-pourlapalestine.be\\\/#\\\/schema\\\/logo\\\/image\\\/\",\"url\":\"https:\\\/\\\/charleroi-pourlapalestine.be\\\/wp-content\\\/uploads\\\/2020\\\/01\\\/logo-Copy.jpg\",\"contentUrl\":\"https:\\\/\\\/charleroi-pourlapalestine.be\\\/wp-content\\\/uploads\\\/2020\\\/01\\\/logo-Copy.jpg\",\"width\":180,\"height\":180,\"caption\":\"Plate-forme Charleroi-Palestine\"},\"image\":{\"@id\":\"https:\\\/\\\/charleroi-pourlapalestine.be\\\/#\\\/schema\\\/logo\\\/image\\\/\"},\"sameAs\":[\"https:\\\/\\\/www.facebook.com\\\/PlateformeCharleroiPalestine\\\/\",\"https:\\\/\\\/x.com\\\/LaCharleroi\"]},{\"@type\":\"Person\",\"@id\":\"https:\\\/\\\/charleroi-pourlapalestine.be\\\/#\\\/schema\\\/person\\\/c19ff515112f1299d8c12671d8fe3faa\",\"name\":\"admin1873\",\"url\":\"https:\\\/\\\/charleroi-pourlapalestine.be\\\/index.php\\\/author\\\/admin1873\\\/\"}]}<\/script>\n<!-- \/ Yoast SEO plugin. -->","yoast_head_json":{"title":"Israa Jaabis : De victime \u00e0 criminelle, du jour au lendemain","description":"Israa Jaabis, victime d'un accident d'abord, enferm\u00e9e dans une prison isra\u00e9lienne par la suite et laiss\u00e9 sans soins par l'Etat isra\u00e9lien criminel","robots":{"index":"index","follow":"follow","max-snippet":"max-snippet:-1","max-image-preview":"max-image-preview:large","max-video-preview":"max-video-preview:-1"},"canonical":"https:\/\/charleroi-pourlapalestine.be\/index.php\/2021\/11\/25\/israa-jaabis-de-victime-a-criminelle-du-jour-au-lendemain\/","schema":{"@context":"https:\/\/schema.org","@graph":[{"@type":"Article","@id":"https:\/\/charleroi-pourlapalestine.be\/index.php\/2021\/11\/25\/israa-jaabis-de-victime-a-criminelle-du-jour-au-lendemain\/#article","isPartOf":{"@id":"https:\/\/charleroi-pourlapalestine.be\/index.php\/2021\/11\/25\/israa-jaabis-de-victime-a-criminelle-du-jour-au-lendemain\/"},"author":{"name":"admin1873","@id":"https:\/\/charleroi-pourlapalestine.be\/#\/schema\/person\/c19ff515112f1299d8c12671d8fe3faa"},"headline":"Israa Jaabis : De victime \u00e0 criminelle, du jour au lendemain","datePublished":"2021-11-25T15:48:41+00:00","dateModified":"2021-11-25T15:57:59+00:00","mainEntityOfPage":{"@id":"https:\/\/charleroi-pourlapalestine.be\/index.php\/2021\/11\/25\/israa-jaabis-de-victime-a-criminelle-du-jour-au-lendemain\/"},"wordCount":1386,"publisher":{"@id":"https:\/\/charleroi-pourlapalestine.be\/#organization"},"image":{"@id":"https:\/\/charleroi-pourlapalestine.be\/index.php\/2021\/11\/25\/israa-jaabis-de-victime-a-criminelle-du-jour-au-lendemain\/#primaryimage"},"thumbnailUrl":"https:\/\/charleroi-pourlapalestine.be\/wp-content\/uploads\/2021\/11\/Israa-Jaabis-e1637855160410.jpg","articleSection":["Femmes","L'Etat colonial","Prisonniers"],"inLanguage":"fr-FR"},{"@type":"WebPage","@id":"https:\/\/charleroi-pourlapalestine.be\/index.php\/2021\/11\/25\/israa-jaabis-de-victime-a-criminelle-du-jour-au-lendemain\/","url":"https:\/\/charleroi-pourlapalestine.be\/index.php\/2021\/11\/25\/israa-jaabis-de-victime-a-criminelle-du-jour-au-lendemain\/","name":"Israa Jaabis : De victime \u00e0 criminelle, du jour au lendemain","isPartOf":{"@id":"https:\/\/charleroi-pourlapalestine.be\/#website"},"primaryImageOfPage":{"@id":"https:\/\/charleroi-pourlapalestine.be\/index.php\/2021\/11\/25\/israa-jaabis-de-victime-a-criminelle-du-jour-au-lendemain\/#primaryimage"},"image":{"@id":"https:\/\/charleroi-pourlapalestine.be\/index.php\/2021\/11\/25\/israa-jaabis-de-victime-a-criminelle-du-jour-au-lendemain\/#primaryimage"},"thumbnailUrl":"https:\/\/charleroi-pourlapalestine.be\/wp-content\/uploads\/2021\/11\/Israa-Jaabis-e1637855160410.jpg","datePublished":"2021-11-25T15:48:41+00:00","dateModified":"2021-11-25T15:57:59+00:00","description":"Israa Jaabis, victime d'un accident d'abord, enferm\u00e9e dans une prison isra\u00e9lienne par la suite et laiss\u00e9 sans soins par l'Etat isra\u00e9lien criminel","breadcrumb":{"@id":"https:\/\/charleroi-pourlapalestine.be\/index.php\/2021\/11\/25\/israa-jaabis-de-victime-a-criminelle-du-jour-au-lendemain\/#breadcrumb"},"inLanguage":"fr-FR","potentialAction":[{"@type":"ReadAction","target":["https:\/\/charleroi-pourlapalestine.be\/index.php\/2021\/11\/25\/israa-jaabis-de-victime-a-criminelle-du-jour-au-lendemain\/"]}]},{"@type":"ImageObject","inLanguage":"fr-FR","@id":"https:\/\/charleroi-pourlapalestine.be\/index.php\/2021\/11\/25\/israa-jaabis-de-victime-a-criminelle-du-jour-au-lendemain\/#primaryimage","url":"https:\/\/charleroi-pourlapalestine.be\/wp-content\/uploads\/2021\/11\/Israa-Jaabis-e1637855160410.jpg","contentUrl":"https:\/\/charleroi-pourlapalestine.be\/wp-content\/uploads\/2021\/11\/Israa-Jaabis-e1637855160410.jpg","width":458,"height":320},{"@type":"BreadcrumbList","@id":"https:\/\/charleroi-pourlapalestine.be\/index.php\/2021\/11\/25\/israa-jaabis-de-victime-a-criminelle-du-jour-au-lendemain\/#breadcrumb","itemListElement":[{"@type":"ListItem","position":1,"name":"Accueil","item":"https:\/\/charleroi-pourlapalestine.be\/"},{"@type":"ListItem","position":2,"name":"Israa Jaabis : De victime \u00e0 criminelle, du jour au lendemain"}]},{"@type":"WebSite","@id":"https:\/\/charleroi-pourlapalestine.be\/#website","url":"https:\/\/charleroi-pourlapalestine.be\/","name":"Charleroi Pour la Palestine","description":"","publisher":{"@id":"https:\/\/charleroi-pourlapalestine.be\/#organization"},"potentialAction":[{"@type":"SearchAction","target":{"@type":"EntryPoint","urlTemplate":"https:\/\/charleroi-pourlapalestine.be\/?s={search_term_string}"},"query-input":{"@type":"PropertyValueSpecification","valueRequired":true,"valueName":"search_term_string"}}],"inLanguage":"fr-FR"},{"@type":"Organization","@id":"https:\/\/charleroi-pourlapalestine.be\/#organization","name":"Plate-forme Charleroi-Palestine","url":"https:\/\/charleroi-pourlapalestine.be\/","logo":{"@type":"ImageObject","inLanguage":"fr-FR","@id":"https:\/\/charleroi-pourlapalestine.be\/#\/schema\/logo\/image\/","url":"https:\/\/charleroi-pourlapalestine.be\/wp-content\/uploads\/2020\/01\/logo-Copy.jpg","contentUrl":"https:\/\/charleroi-pourlapalestine.be\/wp-content\/uploads\/2020\/01\/logo-Copy.jpg","width":180,"height":180,"caption":"Plate-forme Charleroi-Palestine"},"image":{"@id":"https:\/\/charleroi-pourlapalestine.be\/#\/schema\/logo\/image\/"},"sameAs":["https:\/\/www.facebook.com\/PlateformeCharleroiPalestine\/","https:\/\/x.com\/LaCharleroi"]},{"@type":"Person","@id":"https:\/\/charleroi-pourlapalestine.be\/#\/schema\/person\/c19ff515112f1299d8c12671d8fe3faa","name":"admin1873","url":"https:\/\/charleroi-pourlapalestine.be\/index.php\/author\/admin1873\/"}]}},"_links":{"self":[{"href":"https:\/\/charleroi-pourlapalestine.be\/index.php\/wp-json\/wp\/v2\/posts\/32443","targetHints":{"allow":["GET"]}}],"collection":[{"href":"https:\/\/charleroi-pourlapalestine.be\/index.php\/wp-json\/wp\/v2\/posts"}],"about":[{"href":"https:\/\/charleroi-pourlapalestine.be\/index.php\/wp-json\/wp\/v2\/types\/post"}],"author":[{"embeddable":true,"href":"https:\/\/charleroi-pourlapalestine.be\/index.php\/wp-json\/wp\/v2\/users\/1"}],"replies":[{"embeddable":true,"href":"https:\/\/charleroi-pourlapalestine.be\/index.php\/wp-json\/wp\/v2\/comments?post=32443"}],"version-history":[{"count":0,"href":"https:\/\/charleroi-pourlapalestine.be\/index.php\/wp-json\/wp\/v2\/posts\/32443\/revisions"}],"wp:featuredmedia":[{"embeddable":true,"href":"https:\/\/charleroi-pourlapalestine.be\/index.php\/wp-json\/wp\/v2\/media\/32459"}],"wp:attachment":[{"href":"https:\/\/charleroi-pourlapalestine.be\/index.php\/wp-json\/wp\/v2\/media?parent=32443"}],"wp:term":[{"taxonomy":"category","embeddable":true,"href":"https:\/\/charleroi-pourlapalestine.be\/index.php\/wp-json\/wp\/v2\/categories?post=32443"},{"taxonomy":"post_tag","embeddable":true,"href":"https:\/\/charleroi-pourlapalestine.be\/index.php\/wp-json\/wp\/v2\/tags?post=32443"}],"curies":[{"name":"wp","href":"https:\/\/api.w.org\/{rel}","templated":true}]}}