{"id":32600,"date":"2021-11-30T10:40:33","date_gmt":"2021-11-30T09:40:33","guid":{"rendered":"https:\/\/charleroi-pourlapalestine.be\/?p=32600"},"modified":"2021-11-30T10:44:59","modified_gmt":"2021-11-30T09:44:59","slug":"israel-exportateur-de-mort-et-de-repression-en-afrique","status":"publish","type":"post","link":"https:\/\/charleroi-pourlapalestine.be\/index.php\/2021\/11\/30\/israel-exportateur-de-mort-et-de-repression-en-afrique\/","title":{"rendered":"Isra\u00ebl \u2013 Exportateur de mort et de r\u00e9pression en Afrique"},"content":{"rendered":"<p>Alors que<strong> l\u2019Union africaine<\/strong> se d\u00e9bat avec elle-m\u00eame pour avoir octroy\u00e9 r\u00e9cemment le statut d\u2019observateur \u00e0<strong> Isra\u00ebl,<\/strong> il incombe au continent de chercher plus loin que des discussions politiques imm\u00e9diates. Les critiques insistent, et \u00e0 juste titre, en disant qu\u2019il est contraire \u00e0 la <strong>charte de l\u2019UA<\/strong> d\u2019admettre une nation coloniale dont l\u2019existence est vou\u00e9e au nettoyage historique et ethnique permanent des Palestiniens autochtones. Mais on ne dit pas grand-chose du <strong>r\u00f4le actuel et historique d\u2019Isra\u00ebl dans toute l\u2019Afrique<\/strong>.<\/p>\n<p><img loading=\"lazy\" decoding=\"async\" class=\"aligncenter wp-image-29076 size-full\" src=\"https:\/\/charleroi-pourlapalestine.be\/wp-content\/uploads\/2021\/08\/South-Africa-Solidarity-678x455-1-e1629897973868.png\" alt=\"\" width=\"477\" height=\"320\"><\/p>\n<p>&nbsp;<\/p>\n<p><a href=\"https:\/\/charleroi-pourlapalestine.be\/index.php\/tag\/susan-abulhawa\/\" target=\"_blank\" rel=\"noopener\"><strong>Susan Abulhawa<\/strong><\/a>, 22 novembre 2021<\/p>\n<p>Commen\u00e7ons par un fait peu connu :<strong> Isra\u00ebl<\/strong> est le plus important exportateur \u2013 par habitant \u2013 d\u2019armes, de syst\u00e8mes de surveillance et de tactiques de r\u00e9pression dans le monde. En fait, l\u2019ampleur de ces exportations est sans pr\u00e9c\u00e9dent dans l\u2019histoire de l\u2019humanit\u00e9. De plus, les chiffres cit\u00e9s sont des sous-estimations, puisqu\u2019ils s\u2019appuient uniquement sur des ventes connues, qui sont rapport\u00e9es en tant que telles par les pays r\u00e9cipiendaires ou par le biais des semeurs d\u2019alerte, puisqu\u2019il est bien connu qu\u2019Isra\u00ebl n\u2019est vraiment pas bavard du tout \u00e0 propos de ses exportations d\u2019armes.<\/p>\n<p>Une grande partie de ces transactions commerciales ont eu lieu avec l\u2019<strong>Afrique<\/strong> et l\u2019<strong>Asie,<\/strong> o\u00f9 Isra\u00ebl a \u00e9t\u00e9 le plus s\u00e9rieux fournisseur d\u2019armes en soutenant des guerres civiles, en encourageant des r\u00e9gimes coloniaux racistes, en appuyant des coups d\u2019\u00c9tat d\u2019extr\u00eame droite et des dictateurs r\u00e9pressifs, en facilitant le pillage des richesses par des soci\u00e9t\u00e9s multinationales et m\u00eame en alimentant des g\u00e9nocides.<\/p>\n<p>Au<strong> Rwanda,<\/strong> o\u00f9 l\u2019on estime qu\u2019un million d\u2019hommes, de femmes et d\u2019enfants ont \u00e9t\u00e9 massacr\u00e9s en l\u2019espace d\u2019une centaine de jours en 1994, c\u2019est Isra\u00ebl qui a fourni les fusils, les munitions et les grenades qui ont rendu ce carnage possible. Litt\u00e9ralement, un transfert d\u2019armes avait \u00e9t\u00e9 effectu\u00e9 vers ce pays quinze jours \u00e0 peine avant le bain de sang. Apr\u00e8s avoir fait la tourn\u00e9e des th\u00e9\u00e2tres des massacres, un marchand d\u2019armes isra\u00e9lien avait exprim\u00e9 sa fiert\u00e9 pour le travail qu\u2019il venait d\u2019accomplir, en pr\u00e9tendant <em>\u00ab je suis en fait un docteur \u00bb<\/em> parce que, avait-il ajout\u00e9, les armes qu\u2019il avait fournies avaient aid\u00e9 les victimes \u00e0 mourir rapidement. La <strong>Cour supr\u00eame isra\u00e9lienne<\/strong> a rejet\u00e9 les demandes de d\u00e9classification de la totalit\u00e9 des documents concernant l\u2019implication d\u2019Isra\u00ebl dans cette boucherie, conf\u00e9rant ainsi, comme elle le fait habituellement, une couverture de l\u00e9gitimit\u00e9 aux crimes de guerre isra\u00e9liens.<\/p>\n<p>Au cours de la guerre civile au <strong>Sud-Soudan<\/strong>, qui a tu\u00e9 un demi-million de personnes et en a d\u00e9plac\u00e9 4 millions en quelques ann\u00e9es \u00e0 peine<strong>, Isra\u00ebl<\/strong> a continu\u00e9 \u00e0 fournir des armes au r\u00e9gime soudanais du Sud et ce, m\u00eame apr\u00e8s qu\u2019un embargo mondial des armes avait \u00e9t\u00e9 mis en place par l\u2019<strong>ONU<\/strong>. Un g\u00e9n\u00e9ral isra\u00e9lien retrait\u00e9 avait cr\u00e9\u00e9 sur place une ONG agricole bidon qui fut utilis\u00e9e pour acheminer l\u00e0-bas plus de 150 millions de dollars d\u2019armes, m\u00eame apr\u00e8s que les<strong> Nations unies<\/strong> avaient rapport\u00e9 d\u2019\u00e9normes et graves violations des droits humains, y compris la formation et l\u2019entra\u00eenement d\u2019enfants soldats, la destruction de villages entiers par le feu, les viols syst\u00e9matiques, les massacres sans discrimination aucune, le pillage et la destruction des infrastructures, etc. Comme \u00e0 son habitude, la<strong> Cour supr\u00eame isra\u00e9lienne<\/strong> rejeta les requ\u00eates d\u2019activistes en vue de d\u00e9classifier les documents illustrant l\u2019importance r\u00e9elle du r\u00f4le d\u2019Isra\u00ebl dans la perp\u00e9tration de ces atrocit\u00e9s.<\/p>\n<p>De fa\u00e7on similaire, Isra\u00ebl alimenta la guerre civile en <strong>Angola<\/strong> pendant quatre d\u00e9cennies, fournissant des armes aux milices de droite soutenues par le gouvernement de l\u2019apartheid sud-africain, et extrayant souvent des diamants du sang en guise de paiement. En d\u2019autres endroits, <strong>Isra\u00ebl<\/strong> recourut \u00e0 la tactique coloniale du diviser pour r\u00e9gner afin d\u2019alimenter et d\u2019armer des guerres permettant l\u2019extraction facile des richesses naturelles africaines.<\/p>\n<p><strong>Isra\u00ebl<\/strong> continua de fournir des armes \u00e0 la <strong>Rhod\u00e9sie<\/strong> (le <strong>Zimbabwe<\/strong> actuel) au cours de sa domination coloniale blanche tr\u00e8s r\u00e9pressive, m\u00eame apr\u00e8s que l\u2019<strong>ONU<\/strong> eut impos\u00e9 des sanctions en 1967, dans le m\u00eame temps que la minorit\u00e9 blanche \u00e9tait engag\u00e9e dans une r\u00e9pression brutale des aspirations indig\u00e8nes \u00e0 la lib\u00e9ration<strong>. Isra\u00ebl<\/strong> arma et soutint le <strong>Portugal<\/strong> contre les mouvements de lib\u00e9ration nationale de ses anciennes colonies (<strong>Mozambique, Angola et Guin\u00e9e-Bissau<\/strong>). De m\u00eame, Isra\u00ebl finan\u00e7a et entra\u00eena la r\u00e9pression militaire des soul\u00e8vements anticoloniaux et\/ou de la dictature en <strong>C\u00f4te-d\u2019Ivoire, en R\u00e9publique centrafricaine, au B\u00e9nin, au Cameroun, au S\u00e9n\u00e9gal, au Togo, en Ouganda, au Nig\u00e9ria et en Somalie.<\/strong><\/p>\n<p><strong>En R\u00e9publique d\u00e9mocratique du Congo (RDC)<\/strong>, des g\u00e9n\u00e9raux isra\u00e9liens ont arm\u00e9 et entra\u00een\u00e9 <strong>Mobutu Sese Seko,<\/strong> responsable de l\u2019assassinat du nationaliste panafricaniste <strong>Patrice Lumumba<\/strong>, l\u2019un des assassinats les plus bouleversants du 20e si\u00e8cle. Ils continu\u00e8rent d\u2019armer et d\u2019entra\u00eener l\u2019arm\u00e9e de Mobutu, facilitant ainsi son pouvoir militaire brutal. Isra\u00ebl soutint ensuite un coup d\u2019\u00c9tat foment\u00e9 contre Mobutu par les <strong>Kabila<\/strong> (p\u00e8re et fils).<\/p>\n<p>Isra\u00ebl fait la m\u00eame chose dans le pays riche en p\u00e9trole qu\u2019est la <strong>Guin\u00e9e \u00e9quatoriale<\/strong>, en collusion avec<strong> Exxon Mobil<\/strong> pour r\u00e9primer la dissension politique et faciliter le siphonnage des ressources de cette nation pendant que son peuple est embourb\u00e9 dans une pauvret\u00e9 effroyable. De la m\u00eame fa\u00e7on, ce sont des armes, des formations d\u2019entra\u00eenement et des forces isra\u00e9liennes qui ont facilit\u00e9 le pillage par l\u2019entreprise <strong>Chevron<\/strong> des ressources du<strong> Nigeria<\/strong> et de l\u2019<strong>Angola.<\/strong><\/p>\n<p>Le cas peut-\u00eatre le plus honteux du soutien isra\u00e9lien aux r\u00e9gimes coloniaux racistes eut pour th\u00e9\u00e2tre <strong>l\u2019Afrique du Sud de l\u2019apartheid.<\/strong> Ce n\u2019est qu\u2019apr\u00e8s la chute de ce r\u00e9gime peu glorieux que se r\u00e9v\u00e9l\u00e8rent l\u2019ampleur et la profondeur des connexions entre les deux nations. Isra\u00ebl fut l\u2019alli\u00e9 le plus proche de l\u2019Afrique du Sud, son principal fournisseur d\u2019armes et, en fin de compte, son seul ami dans le monde. Les armes qui avaient abattu les enfants des \u00e9coles \u00e0<strong> Soweto<\/strong> avaient \u00e9t\u00e9 fournies par<strong> Isra\u00ebl.<\/strong> M\u00eame apr\u00e8s que les images de ce massacre eurent choqu\u00e9 le monde entier, Isra\u00ebl continua d\u2019armer et d\u2019entra\u00eener l\u2019Afrique du Sud, de partager avec elle ses renseignements et de se faire l\u2019avocat de son racisme. Un article du <em>New York Times,<\/em> publi\u00e9 six ans apr\u00e8s que la fameuse photo du corps sans vie d\u2019<strong>Hector Pieterson<\/strong> avait \u00e9t\u00e9 prise \u00e0<strong> Soweto,<\/strong> citait des responsables isra\u00e9liens essayant de convaincre le monde d\u2019envoyer des armes \u00e0 l\u2019Afrique du Sud, en d\u00e9plorant que l\u2019embargo impos\u00e9 par l\u2019ONU avait provoqu\u00e9 une p\u00e9nurie de pi\u00e8ces de rechange chez leurs amis. Il ne faut pas oublier le fait qu\u2019Isra\u00ebl partageait \u00e9galement <strong>sa technologie nucl\u00e9aire<\/strong> avec le gouvernement de l\u2019apartheid, ce qui aboutit \u00e0 la possession par ce dernier d\u2019un arsenal nucl\u00e9aire, peut-\u00eatre dans l\u2019intention de placer plus tard toute l\u2019Afrique sous son pouce.<\/p>\n<p>En m\u00eame temps que <strong>l\u2019exportation de technologies de mort, de r\u00e9pression et de surveillance<\/strong>, il y a eu <strong>l\u2019extraction des ressources naturelles<\/strong>, principalement des <strong>diamants bruts<\/strong>, qui ont constitu\u00e9 la plus importante exportation d\u2019Isra\u00ebl depuis sa cr\u00e9ation en 1948 par les puissances coloniales, afin de remplacer la Palestine historique. En fait, l\u2019extraction des <strong>diamants africains<\/strong> repr\u00e9sentait pr\u00e8s de la moiti\u00e9 de l\u2019\u00e9conomie d\u2019Isra\u00ebl, au lendemain de sa cr\u00e9ation. Aujourd\u2019hui, les diamants polis comptent pour au moins un cinqui\u00e8me de toutes les exportations isra\u00e9liennes. Avant le<strong> Processus de Kimberley<\/strong>, cens\u00e9 \u00e9carter du march\u00e9 ce qu\u2019on appelait les diamants de la guerre, l\u2019extraction meurtri\u00e8re des diamants africains constituait le moteur de l\u2019\u00e9conomie d\u2019Isra\u00ebl. L\u2019extraction et la vente de diamants \u00e9taient li\u00e9e \u00e0 l\u2019armement et le financement de guerres civiles, de conflits fratricides, de trafic d\u2019\u00eatres humains, de travail des enfants, de formation d\u2019enfants soldats et de mutilations syst\u00e9matiques \u2013 le tout \u00e9tait inextricablement li\u00e9 aux industries isra\u00e9liennes du diamant et des armes.<\/p>\n<p>Suite \u00e0 l\u2019instauration du <strong>Processus de Kimberley,<\/strong> Isra\u00ebl sauta sur l\u2019occasion de reprendre \u00e0 son compte des zones qui devinrent <em>\u00ab hors limites \u00bb<\/em>. Un r\u00e9seau d\u2019Isra\u00e9liens s\u2019\u00e9tablirent donc dans des r\u00e9gions en conflit telles que la<strong> Sierra Leone, l\u2019Angola et la RDC<\/strong> et gagn\u00e8rent des milliards \u00e0 \u00e9changer des diamants du sang contre des armes, des entra\u00eenements militaires et de l\u2019argent. Deux p\u00f4les principaux de ce r\u00e9seau furent <strong>Dan Gertler en RDC<\/strong> et <strong>Lev Leviev en Angola<\/strong>. Les diamants du sang \u00e9chang\u00e9s allaient \u00eatre sortis de ces pays par d\u2019anciens pilotes des forces a\u00e9riennes isra\u00e9liennes. Dans ce r\u00e9seau, on trouve d\u2019anciens g\u00e9n\u00e9raux isra\u00e9liens et des agents du <strong>Mossad<\/strong> qui g\u00e8rent l\u2019armement, l\u2019entra\u00eenement et la collecte de renseignements pour les milices et les dictateurs.<\/p>\n<p><strong>Ainsi donc, dans le m\u00eame temps qu\u2019un pilier de la richesse isra\u00e9liennes \u00e9tait construit sur les corps et le sang des Palestiniens, l\u2019autre pilier \u00e9tait construit, lui, sur les corps et le sang des Africains.<\/strong><\/p>\n<p>\u00c0 ce jour, il y a tr\u00e8s, tr\u00e8s peu, voire pas du tout, de transparence quand il s\u2019agit des exportations d\u2019armes isra\u00e9liennes, et l\u2019industrie du diamant fonctionne plus ou moins comme un \u00c9tat dans l\u2019\u00c9tat, apr\u00e8s tr\u00e8s peu de contr\u00f4le, voire pas du tout, de contr\u00f4le de la part du gouvernement. Il est certain qu\u2019on ne demandera jamais des comptes \u00e0 ce propos, m\u00eame pas du c\u00f4t\u00e9 de la Cour supr\u00eame.<\/p>\n<p>Et nous ne disons encore rien de la destruction et de la torture syst\u00e9matiques des Palestiniens, c\u2019est-\u00e0-dire de la soci\u00e9t\u00e9 autochtone du pays. Le nettoyage ethnique syst\u00e9matique, la d\u00e9molition des maisons, le vol des terres pour les r\u00e9server \u00e0 l\u2019usage exclusif des juifs, que l\u2019on attire dans le monde entier \u00e0 l\u2019aide de stimulus financiers massifs afin qu\u2019ils s\u2019\u00e9tablissent sur des terres palestiniennes. Et nous ne disons rien non plus des violences inflig\u00e9es aux enfants, du ciblage des \u00e9coles, des lieux de culte et de la destruction des cimeti\u00e8res musulmans et chr\u00e9tiens et de l\u2019effa\u00e7age des preuves et vestiges arch\u00e9ologiques non juifs.<\/p>\n<p>Il est hallucinant que des nations africaines invitent chez elles une telle<strong> force raciste et colonialiste.<\/strong> Et dans quelle optique ? Hormis sa camelote militaire et ses gadgets de surveillance, qu\u2019est-ce qu\u2019Isra\u00ebl peut offrir \u00e0 l\u2019Afrique que l\u2019ing\u00e9niosit\u00e9 propre \u00e0 celle-ci ne pourrait cr\u00e9er ? En investissant un tant soit peu dans l\u2019\u00e9ducation de leurs jeunes, il n\u2019y a rien que les Africains ne pourraient faire pour eux-m\u00eames et, naturellement, pour le monde entier. Comprendre cela \u2013 en l\u2019assimilant vraiment \u2013 voil\u00e0 en fin de compte ce que signifie d\u00e9coloniser. Et se dresser en solidarit\u00e9 avec ceux qui g\u00e9missent toujours sous les bottes des colonisateurs \u00e9trangers est l\u2019expression minimale de ce que signifie \u00eatre le souverain moral de sa propre histoire et de sa propre destin\u00e9e.<\/p>\n<p style=\"text-align: center;\">\u00b0\u00b0\u00b0\u00b0\u00b0<\/p>\n<p><strong><img loading=\"lazy\" decoding=\"async\" class=\"wp-image-16514 size-thumbnail alignleft\" src=\"https:\/\/charleroi-pourlapalestine.be\/wp-content\/uploads\/2020\/08\/susan-abulhawa-150x150.jpg\" alt=\"\" width=\"150\" height=\"150\">Susan Abulhawa<\/strong> est n\u00e9e en 1967 en <strong>Palestine<\/strong>, de parents r\u00e9fugi\u00e9s de la guerre des Six-Jours. \u00c9lev\u00e9e en partie au <strong>Kowe\u00eft<\/strong>, en <strong>Jordanie<\/strong> et dans la partie occup\u00e9e de <strong>J\u00e9rusalem-Est<\/strong>, elle vit maintenant aux <strong>\u00c9tats-Unis<\/strong>.<\/p>\n<p><strong>Susan Abulhawa<\/strong> est l\u2019auteur de <em><strong>\u00ab Les Matins de J\u00e9nine \u00bb<\/strong><\/em> (\u00e9dit\u00e9 en fran\u00e7ais chez Buchet-Chastel en 2008), qui a remport\u00e9 le <em>Best Book Award 2007<\/em> dans la cat\u00e9gorie Fiction historique.<br>Elle est commentatrice politique, activiste pour les droits humains et fondatrice d\u2019une organisation internationale pour la d\u00e9fense des enfants.<br>Son premier recueil de po\u00e9sie <strong><em>\u00ab My voice sought the wind \u00bb<\/em><\/strong> est publi\u00e9 en 2013 chez Just World Books.<br>Sa deuxi\u00e8me publication en fran\u00e7ais,<strong> \u00ab&nbsp;<em>Le Bleu entre le ciel et la mer&nbsp;\u00bb<\/em> <\/strong>(\u00ab The Blue between Sky and Water \u00bb), est \u00e9dit\u00e9 chez Deno\u00ebl, en 2016.<br>Son dernier roman s\u2019appelle <em><strong>Against the Loveless World. Bloomsbury <\/strong><\/em>et est \u00e9dit\u00e9 chez Bloomsburry, Londres, en 2020<em><strong>.<br><\/strong><\/em><\/p>\n<p style=\"text-align: center;\">\u00b0\u00b0\u00b0\u00b0\u00b0<\/p>\n<p>Publi\u00e9 le 22 novembre 2021 sur <a href=\"https:\/\/mediareviewnet.com\/2021\/11\/israel-exporter-of-death-and-repression-in-africa\/?fbclid=IwAR3TuJpUDp3t0F1qkPAydzYzPXmmSxizSMILKu25BHRsjXcugcm0zefjLrM\" target=\"_blank\" rel=\"noopener\">MRN Media Review Network<\/a><br>Traduction : Jean-Marie Fl\u00e9mal, <a href=\"https:\/\/charleroi-pourlapalestine.be\/\">Charleroi pour la Palestine<\/a><\/p>\n<p>Lisez \u00e9galement : <a href=\"https:\/\/charleroi-pourlapalestine.be\/index.php\/2021\/08\/26\/israel-est-il-vraiment-en-train-de-conquerir-lafrique\/\"><strong>Isra\u00ebl est-il vraiment en train de <em>\u00ab conqu\u00e9rir \u00bb<\/em> l\u2019Afrique ?&nbsp;<\/strong><\/a><\/p>\n<p><strong><a href=\"_wp_link_placeholder\" data-wplink-edit=\"true\">L&rsquo;Union africaine s&rsquo;autod\u00e9truit en accordant \u00e0 Isra\u00ebl un statut d&rsquo;observateur<\/a><\/strong><\/p>\n\n\n<p><\/p>\n","protected":false},"excerpt":{"rendered":"<p>Alors que l\u2019Union africaine se d\u00e9bat avec elle-m\u00eame pour avoir octroy\u00e9 r\u00e9cemment le statut d\u2019observateur \u00e0 Isra\u00ebl, Susan Abulhawa analyse le r\u00f4le actuel et historique d&rsquo;Isra\u00ebl en Afrique<\/p>\n","protected":false},"author":1,"featured_media":29076,"comment_status":"closed","ping_status":"closed","sticky":false,"template":"","format":"standard","meta":{"ngg_post_thumbnail":0,"footnotes":""},"categories":[56,126],"tags":[242],"class_list":["post-32600","post","type-post","status-publish","format-standard","has-post-thumbnail","hentry","category-l-afrique","category-israel","tag-susan-abulhawa"],"yoast_head":"<!-- This site is optimized with the Yoast SEO plugin v27.3 - https:\/\/yoast.com\/product\/yoast-seo-wordpress\/ -->\n<title>Isra\u00ebl \u2013 Exportateur de mort et de r\u00e9pression en Afrique<\/title>\n<meta name=\"description\" content=\"Alors que l\u2019Union africaine se d\u00e9bat avec elle-m\u00eame pour avoir octroy\u00e9 r\u00e9cemment le statut d\u2019observateur \u00e0 Isra\u00ebl, Susan Abulhawa analyse le r\u00f4le actuel et historique d&#039;Isra\u00ebl en Afrique\" \/>\n<meta name=\"robots\" content=\"index, follow, max-snippet:-1, max-image-preview:large, max-video-preview:-1\" \/>\n<link rel=\"canonical\" href=\"https:\/\/charleroi-pourlapalestine.be\/index.php\/2021\/11\/30\/israel-exportateur-de-mort-et-de-repression-en-afrique\/\" \/>\n<script type=\"application\/ld+json\" class=\"yoast-schema-graph\">{\"@context\":\"https:\\\/\\\/schema.org\",\"@graph\":[{\"@type\":\"Article\",\"@id\":\"https:\\\/\\\/charleroi-pourlapalestine.be\\\/index.php\\\/2021\\\/11\\\/30\\\/israel-exportateur-de-mort-et-de-repression-en-afrique\\\/#article\",\"isPartOf\":{\"@id\":\"https:\\\/\\\/charleroi-pourlapalestine.be\\\/index.php\\\/2021\\\/11\\\/30\\\/israel-exportateur-de-mort-et-de-repression-en-afrique\\\/\"},\"author\":{\"name\":\"admin1873\",\"@id\":\"https:\\\/\\\/charleroi-pourlapalestine.be\\\/#\\\/schema\\\/person\\\/c19ff515112f1299d8c12671d8fe3faa\"},\"headline\":\"Isra\u00ebl \u2013 Exportateur de mort et de r\u00e9pression en Afrique\",\"datePublished\":\"2021-11-30T09:40:33+00:00\",\"dateModified\":\"2021-11-30T09:44:59+00:00\",\"mainEntityOfPage\":{\"@id\":\"https:\\\/\\\/charleroi-pourlapalestine.be\\\/index.php\\\/2021\\\/11\\\/30\\\/israel-exportateur-de-mort-et-de-repression-en-afrique\\\/\"},\"wordCount\":2192,\"publisher\":{\"@id\":\"https:\\\/\\\/charleroi-pourlapalestine.be\\\/#organization\"},\"image\":{\"@id\":\"https:\\\/\\\/charleroi-pourlapalestine.be\\\/index.php\\\/2021\\\/11\\\/30\\\/israel-exportateur-de-mort-et-de-repression-en-afrique\\\/#primaryimage\"},\"thumbnailUrl\":\"https:\\\/\\\/charleroi-pourlapalestine.be\\\/wp-content\\\/uploads\\\/2021\\\/08\\\/South-Africa-Solidarity-678x455-1-e1629897973868.png\",\"keywords\":[\"Susan Abulhawa\"],\"articleSection\":[\"Afrique\",\"Isra\u00ebl\"],\"inLanguage\":\"fr-FR\"},{\"@type\":\"WebPage\",\"@id\":\"https:\\\/\\\/charleroi-pourlapalestine.be\\\/index.php\\\/2021\\\/11\\\/30\\\/israel-exportateur-de-mort-et-de-repression-en-afrique\\\/\",\"url\":\"https:\\\/\\\/charleroi-pourlapalestine.be\\\/index.php\\\/2021\\\/11\\\/30\\\/israel-exportateur-de-mort-et-de-repression-en-afrique\\\/\",\"name\":\"Isra\u00ebl \u2013 Exportateur de mort et de r\u00e9pression en Afrique\",\"isPartOf\":{\"@id\":\"https:\\\/\\\/charleroi-pourlapalestine.be\\\/#website\"},\"primaryImageOfPage\":{\"@id\":\"https:\\\/\\\/charleroi-pourlapalestine.be\\\/index.php\\\/2021\\\/11\\\/30\\\/israel-exportateur-de-mort-et-de-repression-en-afrique\\\/#primaryimage\"},\"image\":{\"@id\":\"https:\\\/\\\/charleroi-pourlapalestine.be\\\/index.php\\\/2021\\\/11\\\/30\\\/israel-exportateur-de-mort-et-de-repression-en-afrique\\\/#primaryimage\"},\"thumbnailUrl\":\"https:\\\/\\\/charleroi-pourlapalestine.be\\\/wp-content\\\/uploads\\\/2021\\\/08\\\/South-Africa-Solidarity-678x455-1-e1629897973868.png\",\"datePublished\":\"2021-11-30T09:40:33+00:00\",\"dateModified\":\"2021-11-30T09:44:59+00:00\",\"description\":\"Alors que l\u2019Union africaine se d\u00e9bat avec elle-m\u00eame pour avoir octroy\u00e9 r\u00e9cemment le statut d\u2019observateur \u00e0 Isra\u00ebl, Susan Abulhawa analyse le r\u00f4le actuel et historique d'Isra\u00ebl en Afrique\",\"breadcrumb\":{\"@id\":\"https:\\\/\\\/charleroi-pourlapalestine.be\\\/index.php\\\/2021\\\/11\\\/30\\\/israel-exportateur-de-mort-et-de-repression-en-afrique\\\/#breadcrumb\"},\"inLanguage\":\"fr-FR\",\"potentialAction\":[{\"@type\":\"ReadAction\",\"target\":[\"https:\\\/\\\/charleroi-pourlapalestine.be\\\/index.php\\\/2021\\\/11\\\/30\\\/israel-exportateur-de-mort-et-de-repression-en-afrique\\\/\"]}]},{\"@type\":\"ImageObject\",\"inLanguage\":\"fr-FR\",\"@id\":\"https:\\\/\\\/charleroi-pourlapalestine.be\\\/index.php\\\/2021\\\/11\\\/30\\\/israel-exportateur-de-mort-et-de-repression-en-afrique\\\/#primaryimage\",\"url\":\"https:\\\/\\\/charleroi-pourlapalestine.be\\\/wp-content\\\/uploads\\\/2021\\\/08\\\/South-Africa-Solidarity-678x455-1-e1629897973868.png\",\"contentUrl\":\"https:\\\/\\\/charleroi-pourlapalestine.be\\\/wp-content\\\/uploads\\\/2021\\\/08\\\/South-Africa-Solidarity-678x455-1-e1629897973868.png\",\"width\":477,\"height\":320},{\"@type\":\"BreadcrumbList\",\"@id\":\"https:\\\/\\\/charleroi-pourlapalestine.be\\\/index.php\\\/2021\\\/11\\\/30\\\/israel-exportateur-de-mort-et-de-repression-en-afrique\\\/#breadcrumb\",\"itemListElement\":[{\"@type\":\"ListItem\",\"position\":1,\"name\":\"Accueil\",\"item\":\"https:\\\/\\\/charleroi-pourlapalestine.be\\\/\"},{\"@type\":\"ListItem\",\"position\":2,\"name\":\"Isra\u00ebl \u2013 Exportateur de mort et de r\u00e9pression en Afrique\"}]},{\"@type\":\"WebSite\",\"@id\":\"https:\\\/\\\/charleroi-pourlapalestine.be\\\/#website\",\"url\":\"https:\\\/\\\/charleroi-pourlapalestine.be\\\/\",\"name\":\"Charleroi Pour la Palestine\",\"description\":\"\",\"publisher\":{\"@id\":\"https:\\\/\\\/charleroi-pourlapalestine.be\\\/#organization\"},\"potentialAction\":[{\"@type\":\"SearchAction\",\"target\":{\"@type\":\"EntryPoint\",\"urlTemplate\":\"https:\\\/\\\/charleroi-pourlapalestine.be\\\/?s={search_term_string}\"},\"query-input\":{\"@type\":\"PropertyValueSpecification\",\"valueRequired\":true,\"valueName\":\"search_term_string\"}}],\"inLanguage\":\"fr-FR\"},{\"@type\":\"Organization\",\"@id\":\"https:\\\/\\\/charleroi-pourlapalestine.be\\\/#organization\",\"name\":\"Plate-forme Charleroi-Palestine\",\"url\":\"https:\\\/\\\/charleroi-pourlapalestine.be\\\/\",\"logo\":{\"@type\":\"ImageObject\",\"inLanguage\":\"fr-FR\",\"@id\":\"https:\\\/\\\/charleroi-pourlapalestine.be\\\/#\\\/schema\\\/logo\\\/image\\\/\",\"url\":\"https:\\\/\\\/charleroi-pourlapalestine.be\\\/wp-content\\\/uploads\\\/2020\\\/01\\\/logo-Copy.jpg\",\"contentUrl\":\"https:\\\/\\\/charleroi-pourlapalestine.be\\\/wp-content\\\/uploads\\\/2020\\\/01\\\/logo-Copy.jpg\",\"width\":180,\"height\":180,\"caption\":\"Plate-forme Charleroi-Palestine\"},\"image\":{\"@id\":\"https:\\\/\\\/charleroi-pourlapalestine.be\\\/#\\\/schema\\\/logo\\\/image\\\/\"},\"sameAs\":[\"https:\\\/\\\/www.facebook.com\\\/PlateformeCharleroiPalestine\\\/\",\"https:\\\/\\\/x.com\\\/LaCharleroi\"]},{\"@type\":\"Person\",\"@id\":\"https:\\\/\\\/charleroi-pourlapalestine.be\\\/#\\\/schema\\\/person\\\/c19ff515112f1299d8c12671d8fe3faa\",\"name\":\"admin1873\",\"url\":\"https:\\\/\\\/charleroi-pourlapalestine.be\\\/index.php\\\/author\\\/admin1873\\\/\"}]}<\/script>\n<!-- \/ Yoast SEO plugin. -->","yoast_head_json":{"title":"Isra\u00ebl \u2013 Exportateur de mort et de r\u00e9pression en Afrique","description":"Alors que l\u2019Union africaine se d\u00e9bat avec elle-m\u00eame pour avoir octroy\u00e9 r\u00e9cemment le statut d\u2019observateur \u00e0 Isra\u00ebl, Susan Abulhawa analyse le r\u00f4le actuel et historique d'Isra\u00ebl en Afrique","robots":{"index":"index","follow":"follow","max-snippet":"max-snippet:-1","max-image-preview":"max-image-preview:large","max-video-preview":"max-video-preview:-1"},"canonical":"https:\/\/charleroi-pourlapalestine.be\/index.php\/2021\/11\/30\/israel-exportateur-de-mort-et-de-repression-en-afrique\/","schema":{"@context":"https:\/\/schema.org","@graph":[{"@type":"Article","@id":"https:\/\/charleroi-pourlapalestine.be\/index.php\/2021\/11\/30\/israel-exportateur-de-mort-et-de-repression-en-afrique\/#article","isPartOf":{"@id":"https:\/\/charleroi-pourlapalestine.be\/index.php\/2021\/11\/30\/israel-exportateur-de-mort-et-de-repression-en-afrique\/"},"author":{"name":"admin1873","@id":"https:\/\/charleroi-pourlapalestine.be\/#\/schema\/person\/c19ff515112f1299d8c12671d8fe3faa"},"headline":"Isra\u00ebl \u2013 Exportateur de mort et de r\u00e9pression en Afrique","datePublished":"2021-11-30T09:40:33+00:00","dateModified":"2021-11-30T09:44:59+00:00","mainEntityOfPage":{"@id":"https:\/\/charleroi-pourlapalestine.be\/index.php\/2021\/11\/30\/israel-exportateur-de-mort-et-de-repression-en-afrique\/"},"wordCount":2192,"publisher":{"@id":"https:\/\/charleroi-pourlapalestine.be\/#organization"},"image":{"@id":"https:\/\/charleroi-pourlapalestine.be\/index.php\/2021\/11\/30\/israel-exportateur-de-mort-et-de-repression-en-afrique\/#primaryimage"},"thumbnailUrl":"https:\/\/charleroi-pourlapalestine.be\/wp-content\/uploads\/2021\/08\/South-Africa-Solidarity-678x455-1-e1629897973868.png","keywords":["Susan Abulhawa"],"articleSection":["Afrique","Isra\u00ebl"],"inLanguage":"fr-FR"},{"@type":"WebPage","@id":"https:\/\/charleroi-pourlapalestine.be\/index.php\/2021\/11\/30\/israel-exportateur-de-mort-et-de-repression-en-afrique\/","url":"https:\/\/charleroi-pourlapalestine.be\/index.php\/2021\/11\/30\/israel-exportateur-de-mort-et-de-repression-en-afrique\/","name":"Isra\u00ebl \u2013 Exportateur de mort et de r\u00e9pression en Afrique","isPartOf":{"@id":"https:\/\/charleroi-pourlapalestine.be\/#website"},"primaryImageOfPage":{"@id":"https:\/\/charleroi-pourlapalestine.be\/index.php\/2021\/11\/30\/israel-exportateur-de-mort-et-de-repression-en-afrique\/#primaryimage"},"image":{"@id":"https:\/\/charleroi-pourlapalestine.be\/index.php\/2021\/11\/30\/israel-exportateur-de-mort-et-de-repression-en-afrique\/#primaryimage"},"thumbnailUrl":"https:\/\/charleroi-pourlapalestine.be\/wp-content\/uploads\/2021\/08\/South-Africa-Solidarity-678x455-1-e1629897973868.png","datePublished":"2021-11-30T09:40:33+00:00","dateModified":"2021-11-30T09:44:59+00:00","description":"Alors que l\u2019Union africaine se d\u00e9bat avec elle-m\u00eame pour avoir octroy\u00e9 r\u00e9cemment le statut d\u2019observateur \u00e0 Isra\u00ebl, Susan Abulhawa analyse le r\u00f4le actuel et historique d'Isra\u00ebl en Afrique","breadcrumb":{"@id":"https:\/\/charleroi-pourlapalestine.be\/index.php\/2021\/11\/30\/israel-exportateur-de-mort-et-de-repression-en-afrique\/#breadcrumb"},"inLanguage":"fr-FR","potentialAction":[{"@type":"ReadAction","target":["https:\/\/charleroi-pourlapalestine.be\/index.php\/2021\/11\/30\/israel-exportateur-de-mort-et-de-repression-en-afrique\/"]}]},{"@type":"ImageObject","inLanguage":"fr-FR","@id":"https:\/\/charleroi-pourlapalestine.be\/index.php\/2021\/11\/30\/israel-exportateur-de-mort-et-de-repression-en-afrique\/#primaryimage","url":"https:\/\/charleroi-pourlapalestine.be\/wp-content\/uploads\/2021\/08\/South-Africa-Solidarity-678x455-1-e1629897973868.png","contentUrl":"https:\/\/charleroi-pourlapalestine.be\/wp-content\/uploads\/2021\/08\/South-Africa-Solidarity-678x455-1-e1629897973868.png","width":477,"height":320},{"@type":"BreadcrumbList","@id":"https:\/\/charleroi-pourlapalestine.be\/index.php\/2021\/11\/30\/israel-exportateur-de-mort-et-de-repression-en-afrique\/#breadcrumb","itemListElement":[{"@type":"ListItem","position":1,"name":"Accueil","item":"https:\/\/charleroi-pourlapalestine.be\/"},{"@type":"ListItem","position":2,"name":"Isra\u00ebl \u2013 Exportateur de mort et de r\u00e9pression en Afrique"}]},{"@type":"WebSite","@id":"https:\/\/charleroi-pourlapalestine.be\/#website","url":"https:\/\/charleroi-pourlapalestine.be\/","name":"Charleroi Pour la Palestine","description":"","publisher":{"@id":"https:\/\/charleroi-pourlapalestine.be\/#organization"},"potentialAction":[{"@type":"SearchAction","target":{"@type":"EntryPoint","urlTemplate":"https:\/\/charleroi-pourlapalestine.be\/?s={search_term_string}"},"query-input":{"@type":"PropertyValueSpecification","valueRequired":true,"valueName":"search_term_string"}}],"inLanguage":"fr-FR"},{"@type":"Organization","@id":"https:\/\/charleroi-pourlapalestine.be\/#organization","name":"Plate-forme Charleroi-Palestine","url":"https:\/\/charleroi-pourlapalestine.be\/","logo":{"@type":"ImageObject","inLanguage":"fr-FR","@id":"https:\/\/charleroi-pourlapalestine.be\/#\/schema\/logo\/image\/","url":"https:\/\/charleroi-pourlapalestine.be\/wp-content\/uploads\/2020\/01\/logo-Copy.jpg","contentUrl":"https:\/\/charleroi-pourlapalestine.be\/wp-content\/uploads\/2020\/01\/logo-Copy.jpg","width":180,"height":180,"caption":"Plate-forme Charleroi-Palestine"},"image":{"@id":"https:\/\/charleroi-pourlapalestine.be\/#\/schema\/logo\/image\/"},"sameAs":["https:\/\/www.facebook.com\/PlateformeCharleroiPalestine\/","https:\/\/x.com\/LaCharleroi"]},{"@type":"Person","@id":"https:\/\/charleroi-pourlapalestine.be\/#\/schema\/person\/c19ff515112f1299d8c12671d8fe3faa","name":"admin1873","url":"https:\/\/charleroi-pourlapalestine.be\/index.php\/author\/admin1873\/"}]}},"_links":{"self":[{"href":"https:\/\/charleroi-pourlapalestine.be\/index.php\/wp-json\/wp\/v2\/posts\/32600","targetHints":{"allow":["GET"]}}],"collection":[{"href":"https:\/\/charleroi-pourlapalestine.be\/index.php\/wp-json\/wp\/v2\/posts"}],"about":[{"href":"https:\/\/charleroi-pourlapalestine.be\/index.php\/wp-json\/wp\/v2\/types\/post"}],"author":[{"embeddable":true,"href":"https:\/\/charleroi-pourlapalestine.be\/index.php\/wp-json\/wp\/v2\/users\/1"}],"replies":[{"embeddable":true,"href":"https:\/\/charleroi-pourlapalestine.be\/index.php\/wp-json\/wp\/v2\/comments?post=32600"}],"version-history":[{"count":0,"href":"https:\/\/charleroi-pourlapalestine.be\/index.php\/wp-json\/wp\/v2\/posts\/32600\/revisions"}],"wp:featuredmedia":[{"embeddable":true,"href":"https:\/\/charleroi-pourlapalestine.be\/index.php\/wp-json\/wp\/v2\/media\/29076"}],"wp:attachment":[{"href":"https:\/\/charleroi-pourlapalestine.be\/index.php\/wp-json\/wp\/v2\/media?parent=32600"}],"wp:term":[{"taxonomy":"category","embeddable":true,"href":"https:\/\/charleroi-pourlapalestine.be\/index.php\/wp-json\/wp\/v2\/categories?post=32600"},{"taxonomy":"post_tag","embeddable":true,"href":"https:\/\/charleroi-pourlapalestine.be\/index.php\/wp-json\/wp\/v2\/tags?post=32600"}],"curies":[{"name":"wp","href":"https:\/\/api.w.org\/{rel}","templated":true}]}}