{"id":33043,"date":"2021-12-10T16:46:10","date_gmt":"2021-12-10T15:46:10","guid":{"rendered":"https:\/\/charleroi-pourlapalestine.be\/?p=33043"},"modified":"2023-01-04T11:00:56","modified_gmt":"2023-01-04T10:00:56","slug":"la-lutte-des-prisonniers-palestiniens-et-le-34e-anniversaire-de-la-grande-intifada-palestinienne","status":"publish","type":"post","link":"https:\/\/charleroi-pourlapalestine.be\/index.php\/2021\/12\/10\/la-lutte-des-prisonniers-palestiniens-et-le-34e-anniversaire-de-la-grande-intifada-palestinienne\/","title":{"rendered":"La lutte des prisonniers palestiniens et le 34e anniversaire de la Grande Intifada palestinienne"},"content":{"rendered":"<p>Au moment o\u00f9 les Palestiniens comm\u00e9morent<strong> le 34<sup>e<\/sup> anniversaire du lancement de leur grand soul\u00e8vement populaire,<\/strong> ils continuent d\u2019affronter la machinerie de l\u2019oppression, d\u2019un si\u00e8ge, de la r\u00e9pression et des arrestations sur base quotidienne, et m\u00eame d\u2019heure en heure. Les Palestiniens d\u00e9fient le colonialisme sioniste raciste dans toute la Palestine occup\u00e9e, aspirant au retour, \u00e0 la lib\u00e9ration et \u00e0 la dignit\u00e9 et poursuivant leur vaillante r\u00e9sistance en d\u00e9pit de tous les obstacles et d\u00e9fis.<\/p>\n<p>&nbsp;<\/p>\n<p><img loading=\"lazy\" decoding=\"async\" class=\"aligncenter wp-image-33054 size-full\" src=\"https:\/\/charleroi-pourlapalestine.be\/wp-content\/uploads\/2021\/12\/Liberez-les-pionniers-de-lindependance.jpg\" alt=\"\" width=\"353\" height=\"516\" srcset=\"https:\/\/charleroi-pourlapalestine.be\/wp-content\/uploads\/2021\/12\/Liberez-les-pionniers-de-lindependance.jpg 353w, https:\/\/charleroi-pourlapalestine.be\/wp-content\/uploads\/2021\/12\/Liberez-les-pionniers-de-lindependance-205x300.jpg 205w\" sizes=\"auto, (max-width: 353px) 100vw, 353px\" \/><\/p>\n<p>&nbsp;<\/p>\n<div dir=\"ltr\">\n<p>Ce jour marque l\u2019anniversaire de la glorieuse Intifada populaire de 1987, qui a constitu\u00e9 un nouveau jalon de la lutte vers la lib\u00e9ration et de l\u2019histoire du mouvement palestinien de lib\u00e9ration nationale. Elle reste un r\u00e9servoir in\u00e9puisable de savoir et de r\u00e9volution, avec le peuple palestinien dress\u00e9 face \u00e0 cette \u00e9tape importante dont il ne cesse de tirer des le\u00e7ons, lesquelles sont transmises d\u2019une g\u00e9n\u00e9ration \u00e0 l\u2019autre du peuple palestinien et arabe. La grande Intifada populaire palestinienne est une source de fiert\u00e9 et de force pour toute l\u2019humanit\u00e9. <strong>D\u00e9butant le 8 d\u00e9cembre 1987<\/strong>, l\u2019Intifada a \u00e9t\u00e9 la r\u00e9sultante naturelle d\u2019une longue exp\u00e9rience r\u00e9volutionnaire de lutte, en combattant l\u2019occupation sioniste depuis 1948.<\/p>\n<p>Le soul\u00e8vement populaire a exprim\u00e9 la d\u00e9termination et la volont\u00e9 d\u2019un peuple en lutte d\u00e9sireux de se sacrifier et d\u2019apporter sa contribution en vue d\u2019arracher ses droits nationaux et humains. Elle a r\u00e9v\u00e9l\u00e9 la maturit\u00e9 et l\u2019intensit\u00e9 du mouvement palestinien de lib\u00e9ration \u00e0 tous les niveaux, particuli\u00e8rement \u00e0 travers le mouvement des femmes et le mouvement estudiantin. L\u2019aptitude sans limite du peuple palestinien pour l\u2019organisation populaire et la cr\u00e9ativit\u00e9 s\u2019est \u00e9panouie dans <strong>l\u2019Intifada,<\/strong> en cr\u00e9ant une alternative nationale et en construisant une \u00e9conomie nationale de la r\u00e9sistance. Les Palestiniens ont mis en valeur leur savoir-faire et leur expertise en g\u00e9rant leurs affaires civiles et collectives, en dirigeant leurs institutions agricoles, industrielles, m\u00e9dicales, \u00e9ducatives, sportives et culturelles et en imposant une autorit\u00e9 populaire dans les villages, les camps et les villes via la formation de <strong>Comit\u00e9s populaires<\/strong> et de <strong>Comit\u00e9s de protection<\/strong>, dont la r\u00e9f\u00e9rence a \u00e9t\u00e9 les masses. Ces comit\u00e9s \u00e9taient dirig\u00e9s par des cadres et dirigeants nationaux \u00e0 la fois r\u00e9volutionnaires et fiables, dont la majorit\u00e9 \u00e9taient <strong>des prisonniers lib\u00e9r\u00e9s au pass\u00e9<\/strong> et aux exp\u00e9riences de luttes des plus cr\u00e9dibles.<\/p>\n<p><strong>Le mouvement des prisonniers palestiniens<\/strong> a jou\u00e9 un r\u00f4le important dans la guidance et la direction du soul\u00e8vement populaire \u00e0 l\u2019int\u00e9rieur et \u00e0 l\u2019ext\u00e9rieur des prisons. <strong>La lib\u00e9ration de 1 150 prisonniers en 1985<\/strong> lors d\u2019un processus d\u2019\u00e9change entre la r\u00e9sistance palestinienne et l\u2019\u00c9tat sioniste a jou\u00e9 un r\u00f4le majeur dans <strong>le retour de centaines de cadres r\u00e9volutionnaires des prisons vers les domaines et espaces de la lutte populaire, culturelle, syndicale et arm\u00e9e<\/strong>. Le mouvement des prisonniers a transform\u00e9 les prisons et les centres de d\u00e9tention en <strong>\u00e9coles r\u00e9volutionnaires<\/strong> qui accueillaient de jeunes adultes, des \u00e9tudiants et des jeunes et les laissaient repartir afin qu\u2019ils stimulent l\u2019exp\u00e9rience de la nouvelle g\u00e9n\u00e9ration et son r\u00f4le pr\u00e9pond\u00e9rant dans la lutte, particuli\u00e8rement au moment o\u00f9 l\u2019occupation arr\u00eatait et emprisonnait des dizaines, des centaines et m\u00eame des milliers de Palestiniens, et surtout des jeunes.<\/p>\n<p>Le r\u00f4le du mouvement des prisonniers palestiniens ne se limitait pas \u00e0 <strong>diriger les t\u00e2ches quotidiennes de la lutte<\/strong> en d\u00e9veloppant et en soutenant la flamme du soul\u00e8vement populaire, mais il pr\u00e9sentait \u00e9galement <strong>des centaines de documents et \u00e9tudes importants r\u00e9dig\u00e9s dans les prisons et traitant de l\u2019exp\u00e9rience du travail r\u00e9volutionnaire.<\/strong> Les prisonniers ont contribu\u00e9 \u00e0 renforcer la culture nationale palestinienne et \u00e0 la transformer en une arme de conscientisation et de profonde connaissance r\u00e9volutionnaires tirant leurs racines dans la culture de <strong>la d\u00e9termination forg\u00e9e dans les cachots des interrogatoires<\/strong> et dans <strong>les valeurs de la collectivit\u00e9 et de la solidarit\u00e9 sociale et humaine.<\/strong><\/p>\n<p>Au m\u00eame titre que<strong> le mouvement des prisonniers palestiniens<\/strong> adoptait <strong>l\u2019Intifada<\/strong> et guidait et renfor\u00e7ait son action, le peuple palestinien \u00e0 l\u2019ext\u00e9rieur soutenait le mouvement des prisonniers et consid\u00e9rait leur cause comme une importante composante quotidienne et permanente de la lutte.<\/p>\n<p>Aujourd\u2019hui, 34 ans apr\u00e8s le d\u00e9clenchement de l\u2019Intifada populaire, nous nous souvenons \u00e9galement des <strong>prisonniers toujours d\u00e9tenus aujourd\u2019hui et qui sont entr\u00e9s dans les prisons sionistes avant cette date,<\/strong> comme les combattants de premier plan que sont <strong>Karim Younes, Nael Barghouthi <\/strong>et <strong>Walid Daqqa<\/strong>, et les martyrs du mouvement des prisonniers dans les prisons de l\u2019occupation et leur direction r\u00e9volutionnaire, de m\u00eame que nous nous souvenons du combattant internationaliste libanais <strong>Georges Ibrahim Abdallah<\/strong>, emprisonn\u00e9 dans les ge\u00f4les fran\u00e7aises depuis 1984. Nous demandons instamment que s\u2019intensifie le travail en cours en vue de s\u2019organiser pour <strong>leur lib\u00e9ration,<\/strong> en prenant la responsabilit\u00e9 de d\u00e9noncer les crimes de l\u2019occupation commis contre les prisonniers palestiniens dans les prisons coloniales et racistes du sionisme.<\/p>\n<p>Aujourd\u2019hui, nous affirmons une fois de plus notre rejet de toutes les mesures officielles de la direction palestinienne qui sapent le r\u00f4le et la position du mouvement des prisonniers palestiniens, de m\u00eame que les accords qui ont g\u00e2ch\u00e9 leurs sacrifices et les r\u00e9alisations de l\u2019Intifada populaire \u2014 tout particuli\u00e8rement <strong>les accords d\u2019Oslo<\/strong> en 1993 et les annexes et accords d\u00e9vastateurs qui ont suivi. Ces <em>\u00ab accords \u00bb<\/em> ont occasionn\u00e9 de tr\u00e8s graves d\u00e9g\u00e2ts \u00e0 la cause et \u00e0 la lutte du peuple palestinien, y compris au mouvement des prisonniers.<\/p>\n<p>Aujourd\u2019hui, nous affirmons de nouveau que <strong>les prisonniers palestiniens resteront le c\u0153ur solide de la r\u00e9sistance et la v\u00e9ritable direction de la lutte de lib\u00e9ration palestinienne en Palestine,<\/strong> sur les lignes de front qui d\u00e9fendent les droits l\u00e9gitimes du peuple palestinien et la lib\u00e9ration de la terre et du peuple de Palestine, et ce, du fleuve \u00e0 la mer.<\/p>\n<p style=\"text-align: center;\">\u00b0\u00b0\u00b0\u00b0\u00b0<\/p>\n<p>Publi\u00e9 le 8 d\u00e9cembre 2021 sur <a href=\"https:\/\/samidoun.net\/2021\/12\/the-palestinian-prisoners-struggle-and-the-34th-anniversary-of-the-great-palestinian-intifada\/\" target=\"_blank\" rel=\"noopener\">Samidoun<\/a><br \/>\nTraduction : Jean-Marie Fl\u00e9mal, <a href=\"https:\/\/charleroi-pourlapalestine.be\/\">Charleroi pour la Palestine<\/a><\/p>\n<\/div>\n<p><strong>Lisez \u00e9galement : &nbsp;<a href=\"https:\/\/charleroi-pourlapalestine.be\/index.php\/2021\/12\/10\/34e-anniversaire-de-la-grande-intifada-la-lutte-continue-jusqua-la-liberation-jusquau-retour\/\">34e anniversaire de la grande Intifada : La lutte continue jusqu\u2019\u00e0 la lib\u00e9ration, jusqu\u2019au retour<\/a><\/strong><\/p>\n","protected":false},"excerpt":{"rendered":"<p>La lib\u00e9ration de 1.150 prisonniers en 1985 a jou\u00e9 un r\u00f4le majeur dans le retour de centaines de cadres r\u00e9volutionnaires des prisons vers la lutte populaire, culturelle, syndicale et arm\u00e9e.<\/p>\n","protected":false},"author":1,"featured_media":33053,"comment_status":"closed","ping_status":"closed","sticky":false,"template":"","format":"standard","meta":{"ngg_post_thumbnail":0,"footnotes":""},"categories":[392,192,13,25,163],"tags":[865],"class_list":["post-33043","post","type-post","status-publish","format-standard","has-post-thumbnail","hentry","category-intifada","category-palestine","category-les-prisionners-palestiniens","category-la-resistance-palestinienne","category-soulevement","tag-walid-daqqa"],"yoast_head":"<!-- This site is optimized with the Yoast SEO plugin v27.3 - https:\/\/yoast.com\/product\/yoast-seo-wordpress\/ -->\n<title>Les prisonniers palestiniens et le 34e anniversaire de l&#039;Intifada<\/title>\n<meta name=\"description\" content=\"A l&#039;heure du 34e anniversaire de l&#039;Intifada, Samidoun rappelle le r\u00f4le du mouvement des prisonniers dans la direction du soul\u00e8vement populaire\" \/>\n<meta name=\"robots\" content=\"index, follow, max-snippet:-1, max-image-preview:large, max-video-preview:-1\" \/>\n<link rel=\"canonical\" href=\"https:\/\/charleroi-pourlapalestine.be\/index.php\/2021\/12\/10\/la-lutte-des-prisonniers-palestiniens-et-le-34e-anniversaire-de-la-grande-intifada-palestinienne\/\" \/>\n<script type=\"application\/ld+json\" class=\"yoast-schema-graph\">{\"@context\":\"https:\\\/\\\/schema.org\",\"@graph\":[{\"@type\":\"Article\",\"@id\":\"https:\\\/\\\/charleroi-pourlapalestine.be\\\/index.php\\\/2021\\\/12\\\/10\\\/la-lutte-des-prisonniers-palestiniens-et-le-34e-anniversaire-de-la-grande-intifada-palestinienne\\\/#article\",\"isPartOf\":{\"@id\":\"https:\\\/\\\/charleroi-pourlapalestine.be\\\/index.php\\\/2021\\\/12\\\/10\\\/la-lutte-des-prisonniers-palestiniens-et-le-34e-anniversaire-de-la-grande-intifada-palestinienne\\\/\"},\"author\":{\"name\":\"admin1873\",\"@id\":\"https:\\\/\\\/charleroi-pourlapalestine.be\\\/#\\\/schema\\\/person\\\/c19ff515112f1299d8c12671d8fe3faa\"},\"headline\":\"La lutte des prisonniers palestiniens et le 34e anniversaire de la Grande Intifada palestinienne\",\"datePublished\":\"2021-12-10T15:46:10+00:00\",\"dateModified\":\"2023-01-04T10:00:56+00:00\",\"mainEntityOfPage\":{\"@id\":\"https:\\\/\\\/charleroi-pourlapalestine.be\\\/index.php\\\/2021\\\/12\\\/10\\\/la-lutte-des-prisonniers-palestiniens-et-le-34e-anniversaire-de-la-grande-intifada-palestinienne\\\/\"},\"wordCount\":1089,\"publisher\":{\"@id\":\"https:\\\/\\\/charleroi-pourlapalestine.be\\\/#organization\"},\"image\":{\"@id\":\"https:\\\/\\\/charleroi-pourlapalestine.be\\\/index.php\\\/2021\\\/12\\\/10\\\/la-lutte-des-prisonniers-palestiniens-et-le-34e-anniversaire-de-la-grande-intifada-palestinienne\\\/#primaryimage\"},\"thumbnailUrl\":\"https:\\\/\\\/charleroi-pourlapalestine.be\\\/wp-content\\\/uploads\\\/2021\\\/12\\\/Liberez-les-prisonniers-de-lindependance.jpg\",\"keywords\":[\"Walid Daqqa\"],\"articleSection\":[\"Intifada\",\"Palestine\",\"Prisonniers\",\"R\u00e9sistance\",\"Soul\u00e8vement\"],\"inLanguage\":\"fr-FR\"},{\"@type\":\"WebPage\",\"@id\":\"https:\\\/\\\/charleroi-pourlapalestine.be\\\/index.php\\\/2021\\\/12\\\/10\\\/la-lutte-des-prisonniers-palestiniens-et-le-34e-anniversaire-de-la-grande-intifada-palestinienne\\\/\",\"url\":\"https:\\\/\\\/charleroi-pourlapalestine.be\\\/index.php\\\/2021\\\/12\\\/10\\\/la-lutte-des-prisonniers-palestiniens-et-le-34e-anniversaire-de-la-grande-intifada-palestinienne\\\/\",\"name\":\"Les prisonniers palestiniens et le 34e anniversaire de l'Intifada\",\"isPartOf\":{\"@id\":\"https:\\\/\\\/charleroi-pourlapalestine.be\\\/#website\"},\"primaryImageOfPage\":{\"@id\":\"https:\\\/\\\/charleroi-pourlapalestine.be\\\/index.php\\\/2021\\\/12\\\/10\\\/la-lutte-des-prisonniers-palestiniens-et-le-34e-anniversaire-de-la-grande-intifada-palestinienne\\\/#primaryimage\"},\"image\":{\"@id\":\"https:\\\/\\\/charleroi-pourlapalestine.be\\\/index.php\\\/2021\\\/12\\\/10\\\/la-lutte-des-prisonniers-palestiniens-et-le-34e-anniversaire-de-la-grande-intifada-palestinienne\\\/#primaryimage\"},\"thumbnailUrl\":\"https:\\\/\\\/charleroi-pourlapalestine.be\\\/wp-content\\\/uploads\\\/2021\\\/12\\\/Liberez-les-prisonniers-de-lindependance.jpg\",\"datePublished\":\"2021-12-10T15:46:10+00:00\",\"dateModified\":\"2023-01-04T10:00:56+00:00\",\"description\":\"A l'heure du 34e anniversaire de l'Intifada, Samidoun rappelle le r\u00f4le du mouvement des prisonniers dans la direction du soul\u00e8vement populaire\",\"breadcrumb\":{\"@id\":\"https:\\\/\\\/charleroi-pourlapalestine.be\\\/index.php\\\/2021\\\/12\\\/10\\\/la-lutte-des-prisonniers-palestiniens-et-le-34e-anniversaire-de-la-grande-intifada-palestinienne\\\/#breadcrumb\"},\"inLanguage\":\"fr-FR\",\"potentialAction\":[{\"@type\":\"ReadAction\",\"target\":[\"https:\\\/\\\/charleroi-pourlapalestine.be\\\/index.php\\\/2021\\\/12\\\/10\\\/la-lutte-des-prisonniers-palestiniens-et-le-34e-anniversaire-de-la-grande-intifada-palestinienne\\\/\"]}]},{\"@type\":\"ImageObject\",\"inLanguage\":\"fr-FR\",\"@id\":\"https:\\\/\\\/charleroi-pourlapalestine.be\\\/index.php\\\/2021\\\/12\\\/10\\\/la-lutte-des-prisonniers-palestiniens-et-le-34e-anniversaire-de-la-grande-intifada-palestinienne\\\/#primaryimage\",\"url\":\"https:\\\/\\\/charleroi-pourlapalestine.be\\\/wp-content\\\/uploads\\\/2021\\\/12\\\/Liberez-les-prisonniers-de-lindependance.jpg\",\"contentUrl\":\"https:\\\/\\\/charleroi-pourlapalestine.be\\\/wp-content\\\/uploads\\\/2021\\\/12\\\/Liberez-les-prisonniers-de-lindependance.jpg\",\"width\":413,\"height\":272},{\"@type\":\"BreadcrumbList\",\"@id\":\"https:\\\/\\\/charleroi-pourlapalestine.be\\\/index.php\\\/2021\\\/12\\\/10\\\/la-lutte-des-prisonniers-palestiniens-et-le-34e-anniversaire-de-la-grande-intifada-palestinienne\\\/#breadcrumb\",\"itemListElement\":[{\"@type\":\"ListItem\",\"position\":1,\"name\":\"Accueil\",\"item\":\"https:\\\/\\\/charleroi-pourlapalestine.be\\\/\"},{\"@type\":\"ListItem\",\"position\":2,\"name\":\"La lutte des prisonniers palestiniens et le 34e anniversaire de la Grande Intifada palestinienne\"}]},{\"@type\":\"WebSite\",\"@id\":\"https:\\\/\\\/charleroi-pourlapalestine.be\\\/#website\",\"url\":\"https:\\\/\\\/charleroi-pourlapalestine.be\\\/\",\"name\":\"Charleroi Pour la Palestine\",\"description\":\"\",\"publisher\":{\"@id\":\"https:\\\/\\\/charleroi-pourlapalestine.be\\\/#organization\"},\"potentialAction\":[{\"@type\":\"SearchAction\",\"target\":{\"@type\":\"EntryPoint\",\"urlTemplate\":\"https:\\\/\\\/charleroi-pourlapalestine.be\\\/?s={search_term_string}\"},\"query-input\":{\"@type\":\"PropertyValueSpecification\",\"valueRequired\":true,\"valueName\":\"search_term_string\"}}],\"inLanguage\":\"fr-FR\"},{\"@type\":\"Organization\",\"@id\":\"https:\\\/\\\/charleroi-pourlapalestine.be\\\/#organization\",\"name\":\"Plate-forme Charleroi-Palestine\",\"url\":\"https:\\\/\\\/charleroi-pourlapalestine.be\\\/\",\"logo\":{\"@type\":\"ImageObject\",\"inLanguage\":\"fr-FR\",\"@id\":\"https:\\\/\\\/charleroi-pourlapalestine.be\\\/#\\\/schema\\\/logo\\\/image\\\/\",\"url\":\"https:\\\/\\\/charleroi-pourlapalestine.be\\\/wp-content\\\/uploads\\\/2020\\\/01\\\/logo-Copy.jpg\",\"contentUrl\":\"https:\\\/\\\/charleroi-pourlapalestine.be\\\/wp-content\\\/uploads\\\/2020\\\/01\\\/logo-Copy.jpg\",\"width\":180,\"height\":180,\"caption\":\"Plate-forme Charleroi-Palestine\"},\"image\":{\"@id\":\"https:\\\/\\\/charleroi-pourlapalestine.be\\\/#\\\/schema\\\/logo\\\/image\\\/\"},\"sameAs\":[\"https:\\\/\\\/www.facebook.com\\\/PlateformeCharleroiPalestine\\\/\",\"https:\\\/\\\/x.com\\\/LaCharleroi\"]},{\"@type\":\"Person\",\"@id\":\"https:\\\/\\\/charleroi-pourlapalestine.be\\\/#\\\/schema\\\/person\\\/c19ff515112f1299d8c12671d8fe3faa\",\"name\":\"admin1873\",\"url\":\"https:\\\/\\\/charleroi-pourlapalestine.be\\\/index.php\\\/author\\\/admin1873\\\/\"}]}<\/script>\n<!-- \/ Yoast SEO plugin. -->","yoast_head_json":{"title":"Les prisonniers palestiniens et le 34e anniversaire de l'Intifada","description":"A l'heure du 34e anniversaire de l'Intifada, Samidoun rappelle le r\u00f4le du mouvement des prisonniers dans la direction du soul\u00e8vement populaire","robots":{"index":"index","follow":"follow","max-snippet":"max-snippet:-1","max-image-preview":"max-image-preview:large","max-video-preview":"max-video-preview:-1"},"canonical":"https:\/\/charleroi-pourlapalestine.be\/index.php\/2021\/12\/10\/la-lutte-des-prisonniers-palestiniens-et-le-34e-anniversaire-de-la-grande-intifada-palestinienne\/","schema":{"@context":"https:\/\/schema.org","@graph":[{"@type":"Article","@id":"https:\/\/charleroi-pourlapalestine.be\/index.php\/2021\/12\/10\/la-lutte-des-prisonniers-palestiniens-et-le-34e-anniversaire-de-la-grande-intifada-palestinienne\/#article","isPartOf":{"@id":"https:\/\/charleroi-pourlapalestine.be\/index.php\/2021\/12\/10\/la-lutte-des-prisonniers-palestiniens-et-le-34e-anniversaire-de-la-grande-intifada-palestinienne\/"},"author":{"name":"admin1873","@id":"https:\/\/charleroi-pourlapalestine.be\/#\/schema\/person\/c19ff515112f1299d8c12671d8fe3faa"},"headline":"La lutte des prisonniers palestiniens et le 34e anniversaire de la Grande Intifada palestinienne","datePublished":"2021-12-10T15:46:10+00:00","dateModified":"2023-01-04T10:00:56+00:00","mainEntityOfPage":{"@id":"https:\/\/charleroi-pourlapalestine.be\/index.php\/2021\/12\/10\/la-lutte-des-prisonniers-palestiniens-et-le-34e-anniversaire-de-la-grande-intifada-palestinienne\/"},"wordCount":1089,"publisher":{"@id":"https:\/\/charleroi-pourlapalestine.be\/#organization"},"image":{"@id":"https:\/\/charleroi-pourlapalestine.be\/index.php\/2021\/12\/10\/la-lutte-des-prisonniers-palestiniens-et-le-34e-anniversaire-de-la-grande-intifada-palestinienne\/#primaryimage"},"thumbnailUrl":"https:\/\/charleroi-pourlapalestine.be\/wp-content\/uploads\/2021\/12\/Liberez-les-prisonniers-de-lindependance.jpg","keywords":["Walid Daqqa"],"articleSection":["Intifada","Palestine","Prisonniers","R\u00e9sistance","Soul\u00e8vement"],"inLanguage":"fr-FR"},{"@type":"WebPage","@id":"https:\/\/charleroi-pourlapalestine.be\/index.php\/2021\/12\/10\/la-lutte-des-prisonniers-palestiniens-et-le-34e-anniversaire-de-la-grande-intifada-palestinienne\/","url":"https:\/\/charleroi-pourlapalestine.be\/index.php\/2021\/12\/10\/la-lutte-des-prisonniers-palestiniens-et-le-34e-anniversaire-de-la-grande-intifada-palestinienne\/","name":"Les prisonniers palestiniens et le 34e anniversaire de l'Intifada","isPartOf":{"@id":"https:\/\/charleroi-pourlapalestine.be\/#website"},"primaryImageOfPage":{"@id":"https:\/\/charleroi-pourlapalestine.be\/index.php\/2021\/12\/10\/la-lutte-des-prisonniers-palestiniens-et-le-34e-anniversaire-de-la-grande-intifada-palestinienne\/#primaryimage"},"image":{"@id":"https:\/\/charleroi-pourlapalestine.be\/index.php\/2021\/12\/10\/la-lutte-des-prisonniers-palestiniens-et-le-34e-anniversaire-de-la-grande-intifada-palestinienne\/#primaryimage"},"thumbnailUrl":"https:\/\/charleroi-pourlapalestine.be\/wp-content\/uploads\/2021\/12\/Liberez-les-prisonniers-de-lindependance.jpg","datePublished":"2021-12-10T15:46:10+00:00","dateModified":"2023-01-04T10:00:56+00:00","description":"A l'heure du 34e anniversaire de l'Intifada, Samidoun rappelle le r\u00f4le du mouvement des prisonniers dans la direction du soul\u00e8vement populaire","breadcrumb":{"@id":"https:\/\/charleroi-pourlapalestine.be\/index.php\/2021\/12\/10\/la-lutte-des-prisonniers-palestiniens-et-le-34e-anniversaire-de-la-grande-intifada-palestinienne\/#breadcrumb"},"inLanguage":"fr-FR","potentialAction":[{"@type":"ReadAction","target":["https:\/\/charleroi-pourlapalestine.be\/index.php\/2021\/12\/10\/la-lutte-des-prisonniers-palestiniens-et-le-34e-anniversaire-de-la-grande-intifada-palestinienne\/"]}]},{"@type":"ImageObject","inLanguage":"fr-FR","@id":"https:\/\/charleroi-pourlapalestine.be\/index.php\/2021\/12\/10\/la-lutte-des-prisonniers-palestiniens-et-le-34e-anniversaire-de-la-grande-intifada-palestinienne\/#primaryimage","url":"https:\/\/charleroi-pourlapalestine.be\/wp-content\/uploads\/2021\/12\/Liberez-les-prisonniers-de-lindependance.jpg","contentUrl":"https:\/\/charleroi-pourlapalestine.be\/wp-content\/uploads\/2021\/12\/Liberez-les-prisonniers-de-lindependance.jpg","width":413,"height":272},{"@type":"BreadcrumbList","@id":"https:\/\/charleroi-pourlapalestine.be\/index.php\/2021\/12\/10\/la-lutte-des-prisonniers-palestiniens-et-le-34e-anniversaire-de-la-grande-intifada-palestinienne\/#breadcrumb","itemListElement":[{"@type":"ListItem","position":1,"name":"Accueil","item":"https:\/\/charleroi-pourlapalestine.be\/"},{"@type":"ListItem","position":2,"name":"La lutte des prisonniers palestiniens et le 34e anniversaire de la Grande Intifada palestinienne"}]},{"@type":"WebSite","@id":"https:\/\/charleroi-pourlapalestine.be\/#website","url":"https:\/\/charleroi-pourlapalestine.be\/","name":"Charleroi Pour la Palestine","description":"","publisher":{"@id":"https:\/\/charleroi-pourlapalestine.be\/#organization"},"potentialAction":[{"@type":"SearchAction","target":{"@type":"EntryPoint","urlTemplate":"https:\/\/charleroi-pourlapalestine.be\/?s={search_term_string}"},"query-input":{"@type":"PropertyValueSpecification","valueRequired":true,"valueName":"search_term_string"}}],"inLanguage":"fr-FR"},{"@type":"Organization","@id":"https:\/\/charleroi-pourlapalestine.be\/#organization","name":"Plate-forme Charleroi-Palestine","url":"https:\/\/charleroi-pourlapalestine.be\/","logo":{"@type":"ImageObject","inLanguage":"fr-FR","@id":"https:\/\/charleroi-pourlapalestine.be\/#\/schema\/logo\/image\/","url":"https:\/\/charleroi-pourlapalestine.be\/wp-content\/uploads\/2020\/01\/logo-Copy.jpg","contentUrl":"https:\/\/charleroi-pourlapalestine.be\/wp-content\/uploads\/2020\/01\/logo-Copy.jpg","width":180,"height":180,"caption":"Plate-forme Charleroi-Palestine"},"image":{"@id":"https:\/\/charleroi-pourlapalestine.be\/#\/schema\/logo\/image\/"},"sameAs":["https:\/\/www.facebook.com\/PlateformeCharleroiPalestine\/","https:\/\/x.com\/LaCharleroi"]},{"@type":"Person","@id":"https:\/\/charleroi-pourlapalestine.be\/#\/schema\/person\/c19ff515112f1299d8c12671d8fe3faa","name":"admin1873","url":"https:\/\/charleroi-pourlapalestine.be\/index.php\/author\/admin1873\/"}]}},"_links":{"self":[{"href":"https:\/\/charleroi-pourlapalestine.be\/index.php\/wp-json\/wp\/v2\/posts\/33043","targetHints":{"allow":["GET"]}}],"collection":[{"href":"https:\/\/charleroi-pourlapalestine.be\/index.php\/wp-json\/wp\/v2\/posts"}],"about":[{"href":"https:\/\/charleroi-pourlapalestine.be\/index.php\/wp-json\/wp\/v2\/types\/post"}],"author":[{"embeddable":true,"href":"https:\/\/charleroi-pourlapalestine.be\/index.php\/wp-json\/wp\/v2\/users\/1"}],"replies":[{"embeddable":true,"href":"https:\/\/charleroi-pourlapalestine.be\/index.php\/wp-json\/wp\/v2\/comments?post=33043"}],"version-history":[{"count":0,"href":"https:\/\/charleroi-pourlapalestine.be\/index.php\/wp-json\/wp\/v2\/posts\/33043\/revisions"}],"wp:featuredmedia":[{"embeddable":true,"href":"https:\/\/charleroi-pourlapalestine.be\/index.php\/wp-json\/wp\/v2\/media\/33053"}],"wp:attachment":[{"href":"https:\/\/charleroi-pourlapalestine.be\/index.php\/wp-json\/wp\/v2\/media?parent=33043"}],"wp:term":[{"taxonomy":"category","embeddable":true,"href":"https:\/\/charleroi-pourlapalestine.be\/index.php\/wp-json\/wp\/v2\/categories?post=33043"},{"taxonomy":"post_tag","embeddable":true,"href":"https:\/\/charleroi-pourlapalestine.be\/index.php\/wp-json\/wp\/v2\/tags?post=33043"}],"curies":[{"name":"wp","href":"https:\/\/api.w.org\/{rel}","templated":true}]}}