{"id":33060,"date":"2021-12-11T14:06:13","date_gmt":"2021-12-11T13:06:13","guid":{"rendered":"https:\/\/charleroi-pourlapalestine.be\/?p=33060"},"modified":"2021-12-11T14:08:56","modified_gmt":"2021-12-11T13:08:56","slug":"fadwa-tuqan-les-martyrs-de-lintifada","status":"publish","type":"post","link":"https:\/\/charleroi-pourlapalestine.be\/index.php\/2021\/12\/11\/fadwa-tuqan-les-martyrs-de-lintifada\/","title":{"rendered":"Fadwa Tuqan : <em>\u00ab\u00a0Les martyrs de l\u2019Intifada\u00a0\u00bb<\/em>"},"content":{"rendered":"\n<p><\/p>\n\n\n<div id=\"attachment_33063\" style=\"width: 477px\" class=\"wp-caption aligncenter\"><img loading=\"lazy\" decoding=\"async\" aria-describedby=\"caption-attachment-33063\" class=\"wp-image-33063 size-full\" src=\"https:\/\/charleroi-pourlapalestine.be\/wp-content\/uploads\/2021\/12\/Les-martyrs-de-lIntifada-e1639220984343.jpg\" alt=\"\" width=\"467\" height=\"320\"><p id=\"caption-attachment-33063\" class=\"wp-caption-text\">Affiche publi\u00e9e par Samidoun \u00e0 l&rsquo;occasion du 34e anniversaire de la grande Intifada<\/p><\/div>\n<p>&nbsp;<\/p>\n<h3 style=\"text-align: center;\">Les martyrs de l\u2019Intifada<\/h3>\n<h4 class=\"fittexted_for_content_h4\">&nbsp;<\/h4>\n<p style=\"text-align: center;\">Ils ont trac\u00e9 la route vers la vie<br>l\u2019ont pav\u00e9e de corail et de forces jeunes<br>Ils ont lev\u00e9 leurs c\u0153urs comme des pierres de braise,<br>des br\u00fblots dans leurs mains et lapid\u00e9 la b\u00eate du chemin.<br>Ils ont cri\u00e9&nbsp;:<br>c\u2019est le temps de se battre, l\u00e8ve-toi&nbsp;!<br>Leur voix a retenti aux oreilles du monde,<br>son \u00e9cho a retenti aux oreilles du monde,<br>son \u00e9cho s\u2019est d\u00e9ploy\u00e9 jusqu\u2019aux confins du monde.<br>C\u2019est le temps de se battre , ils se sont battu, et ils sont<br>morts debout<br>astres scintillants<br>embrassant la vie sur la bouche.<br>Regarde-les au loin enlacer la mort pour exister encore \u2026<br>S\u2019\u00e9lever jusqu\u2019au plus haut devant les yeux de l\u2019univers,<br>monter,<br>\u00e0 leur sang encord\u00e9 monter monter monter \u2026<br>La mort tra\u00eetresse ne prendra pas leurs c\u0153urs<br>car la r\u00e9surrection, l\u2019aube nouvelle, comme des songes les<br>accompagne sur le sentier du sacrifice.<br>Regarde-les, faucons, dans leur Intifada, ils attachent le<br>sol, la sainte patrie au ciel.<\/p>\n<p style=\"text-align: center;\">\u00b0\u00b0\u00b0\u00b0\u00b0<\/p>\n<p style=\"text-align: center;\">Traduit de l\u2019arabe par <a href=\"http:\/\/www.aloufok.net\/spip.php?article2345\" target=\"_blank\" rel=\"noopener noreferrer\">Marianne Weiss<\/a><\/p>\n<p style=\"text-align: center;\">\u00b0\u00b0\u00b0\u00b0\u00b0<\/p>\n<div id=\"attachment_33072\" style=\"width: 160px\" class=\"wp-caption alignright\"><img loading=\"lazy\" decoding=\"async\" aria-describedby=\"caption-attachment-33072\" class=\"wp-image-33072 size-thumbnail\" src=\"https:\/\/charleroi-pourlapalestine.be\/wp-content\/uploads\/2021\/12\/fadwa-tuqan1-150x150.jpg\" alt=\"Fadwa Tuqan\" width=\"150\" height=\"150\" srcset=\"https:\/\/charleroi-pourlapalestine.be\/wp-content\/uploads\/2021\/12\/fadwa-tuqan1-150x150.jpg 150w, https:\/\/charleroi-pourlapalestine.be\/wp-content\/uploads\/2021\/12\/fadwa-tuqan1-80x80.jpg 80w\" sizes=\"auto, (max-width: 150px) 100vw, 150px\" \/><p id=\"caption-attachment-33072\" class=\"wp-caption-text\">Fadwa Tuqan<\/p><\/div>\n<p><strong><a href=\"https:\/\/charleroi-pourlapalestine.be\/index.php\/2020\/12\/13\/poesie-dyvonne-sterk-a-fadwa-touqan\/\">Fadwa Touqan<\/a><\/strong> est n\u00e9e \u00e0 Naplouse le 1er mars 1917. Elle est consid\u00e9r\u00e9e comme une des premi\u00e8res po\u00e9tesses palestiniennes et a re\u00e7u de nombreux prix litt\u00e9raires tels que le <em>Prix International de Po\u00e9sie<\/em> \u00e0 Palerme (Italie), le <em>Prix J\u00e9rusalem pour la Culture et le Prix des Lettres<\/em> par l\u2019<strong>OLP<\/strong> en 1990, le <em>Prix des Emirats Arabes Unis<\/em> la m\u00eame ann\u00e9e ainsi que le <em>Prix d\u2019Honneur Palestinien pour la Po\u00e9sie<\/em> en 1996.&nbsp; Elle fut le sujet d\u2019un documentaire film\u00e9 dirig\u00e9 par la romanci\u00e8re Liana Badr en 1999 avant de mourir \u00e0 Naplouse le 12 d\u00e9cembre 2003 suite \u00e0 une attaque c\u00e9r\u00e9brale. Son autobiographie en deux volumes a \u00e9t\u00e9 traduite en fran\u00e7ais sous les titres : <em>\u00ab&nbsp;Le Rocher et la peine&nbsp;\u00bb<\/em> et <em>\u00ab&nbsp;Le Cri de la Pierre&nbsp;\u00bb.<\/em><\/p>\n<p><strong>Lisez \u00e9galement : <a href=\"https:\/\/charleroi-pourlapalestine.be\/index.php\/2020\/12\/13\/poesie-dyvonne-sterk-a-fadwa-touqan\/\">Po\u00e9sie :&nbsp;<\/a><a href=\"https:\/\/charleroi-pourlapalestine.be\/index.php\/2020\/12\/13\/poesie-dyvonne-sterk-a-fadwa-touqan\/\">D&rsquo;Yvonne Sterk \u00e0 Fadwa Tuqan<\/a><br><\/strong><\/p>","protected":false},"excerpt":{"rendered":"<p>Fadwa Touqan (1917-2003) est consid\u00e9r\u00e9e comme une des premi\u00e8res po\u00e9tesses palestiniennes<\/p>\n","protected":false},"author":1,"featured_media":33063,"comment_status":"closed","ping_status":"closed","sticky":false,"template":"","format":"standard","meta":{"ngg_post_thumbnail":0,"footnotes":""},"categories":[178,392,26],"tags":[470],"class_list":["post-33060","post","type-post","status-publish","format-standard","has-post-thumbnail","hentry","category-culture-2","category-intifada","category-la-poesie","tag-fadwa-tuqan"],"yoast_head":"<!-- This site is optimized with the Yoast SEO plugin v27.3 - https:\/\/yoast.com\/product\/yoast-seo-wordpress\/ -->\n<title>Fadwa Tuqan : &quot;Les martyrs de l\u2019Intifada&quot;<\/title>\n<meta name=\"description\" content=\"Fadwa Touqan (1917-2003) est consid\u00e9r\u00e9e comme une des premi\u00e8res po\u00e9tesses palestiniennes et a re\u00e7u de nombreux prix litt\u00e9raires\" \/>\n<meta name=\"robots\" content=\"index, follow, max-snippet:-1, max-image-preview:large, max-video-preview:-1\" \/>\n<link rel=\"canonical\" href=\"https:\/\/charleroi-pourlapalestine.be\/index.php\/2021\/12\/11\/fadwa-tuqan-les-martyrs-de-lintifada\/\" \/>\n<script type=\"application\/ld+json\" class=\"yoast-schema-graph\">{\"@context\":\"https:\\\/\\\/schema.org\",\"@graph\":[{\"@type\":\"Article\",\"@id\":\"https:\\\/\\\/charleroi-pourlapalestine.be\\\/index.php\\\/2021\\\/12\\\/11\\\/fadwa-tuqan-les-martyrs-de-lintifada\\\/#article\",\"isPartOf\":{\"@id\":\"https:\\\/\\\/charleroi-pourlapalestine.be\\\/index.php\\\/2021\\\/12\\\/11\\\/fadwa-tuqan-les-martyrs-de-lintifada\\\/\"},\"author\":{\"name\":\"admin1873\",\"@id\":\"https:\\\/\\\/charleroi-pourlapalestine.be\\\/#\\\/schema\\\/person\\\/c19ff515112f1299d8c12671d8fe3faa\"},\"headline\":\"Fadwa Tuqan : \u00ab\u00a0Les martyrs de l\u2019Intifada\u00a0\u00bb\",\"datePublished\":\"2021-12-11T13:06:13+00:00\",\"dateModified\":\"2021-12-11T13:08:56+00:00\",\"mainEntityOfPage\":{\"@id\":\"https:\\\/\\\/charleroi-pourlapalestine.be\\\/index.php\\\/2021\\\/12\\\/11\\\/fadwa-tuqan-les-martyrs-de-lintifada\\\/\"},\"wordCount\":368,\"publisher\":{\"@id\":\"https:\\\/\\\/charleroi-pourlapalestine.be\\\/#organization\"},\"image\":{\"@id\":\"https:\\\/\\\/charleroi-pourlapalestine.be\\\/index.php\\\/2021\\\/12\\\/11\\\/fadwa-tuqan-les-martyrs-de-lintifada\\\/#primaryimage\"},\"thumbnailUrl\":\"https:\\\/\\\/charleroi-pourlapalestine.be\\\/wp-content\\\/uploads\\\/2021\\\/12\\\/Les-martyrs-de-lIntifada-e1639220984343.jpg\",\"keywords\":[\"Fadwa Tuqan\"],\"articleSection\":[\"Culture\",\"Intifada\",\"Po\u00e9sie\"],\"inLanguage\":\"fr-FR\"},{\"@type\":\"WebPage\",\"@id\":\"https:\\\/\\\/charleroi-pourlapalestine.be\\\/index.php\\\/2021\\\/12\\\/11\\\/fadwa-tuqan-les-martyrs-de-lintifada\\\/\",\"url\":\"https:\\\/\\\/charleroi-pourlapalestine.be\\\/index.php\\\/2021\\\/12\\\/11\\\/fadwa-tuqan-les-martyrs-de-lintifada\\\/\",\"name\":\"Fadwa Tuqan : \\\"Les martyrs de l\u2019Intifada\\\"\",\"isPartOf\":{\"@id\":\"https:\\\/\\\/charleroi-pourlapalestine.be\\\/#website\"},\"primaryImageOfPage\":{\"@id\":\"https:\\\/\\\/charleroi-pourlapalestine.be\\\/index.php\\\/2021\\\/12\\\/11\\\/fadwa-tuqan-les-martyrs-de-lintifada\\\/#primaryimage\"},\"image\":{\"@id\":\"https:\\\/\\\/charleroi-pourlapalestine.be\\\/index.php\\\/2021\\\/12\\\/11\\\/fadwa-tuqan-les-martyrs-de-lintifada\\\/#primaryimage\"},\"thumbnailUrl\":\"https:\\\/\\\/charleroi-pourlapalestine.be\\\/wp-content\\\/uploads\\\/2021\\\/12\\\/Les-martyrs-de-lIntifada-e1639220984343.jpg\",\"datePublished\":\"2021-12-11T13:06:13+00:00\",\"dateModified\":\"2021-12-11T13:08:56+00:00\",\"description\":\"Fadwa Touqan (1917-2003) est consid\u00e9r\u00e9e comme une des premi\u00e8res po\u00e9tesses palestiniennes et a re\u00e7u de nombreux prix litt\u00e9raires\",\"breadcrumb\":{\"@id\":\"https:\\\/\\\/charleroi-pourlapalestine.be\\\/index.php\\\/2021\\\/12\\\/11\\\/fadwa-tuqan-les-martyrs-de-lintifada\\\/#breadcrumb\"},\"inLanguage\":\"fr-FR\",\"potentialAction\":[{\"@type\":\"ReadAction\",\"target\":[\"https:\\\/\\\/charleroi-pourlapalestine.be\\\/index.php\\\/2021\\\/12\\\/11\\\/fadwa-tuqan-les-martyrs-de-lintifada\\\/\"]}]},{\"@type\":\"ImageObject\",\"inLanguage\":\"fr-FR\",\"@id\":\"https:\\\/\\\/charleroi-pourlapalestine.be\\\/index.php\\\/2021\\\/12\\\/11\\\/fadwa-tuqan-les-martyrs-de-lintifada\\\/#primaryimage\",\"url\":\"https:\\\/\\\/charleroi-pourlapalestine.be\\\/wp-content\\\/uploads\\\/2021\\\/12\\\/Les-martyrs-de-lIntifada-e1639220984343.jpg\",\"contentUrl\":\"https:\\\/\\\/charleroi-pourlapalestine.be\\\/wp-content\\\/uploads\\\/2021\\\/12\\\/Les-martyrs-de-lIntifada-e1639220984343.jpg\",\"width\":467,\"height\":320},{\"@type\":\"BreadcrumbList\",\"@id\":\"https:\\\/\\\/charleroi-pourlapalestine.be\\\/index.php\\\/2021\\\/12\\\/11\\\/fadwa-tuqan-les-martyrs-de-lintifada\\\/#breadcrumb\",\"itemListElement\":[{\"@type\":\"ListItem\",\"position\":1,\"name\":\"Accueil\",\"item\":\"https:\\\/\\\/charleroi-pourlapalestine.be\\\/\"},{\"@type\":\"ListItem\",\"position\":2,\"name\":\"Fadwa Tuqan : &#8220;Les martyrs de l\u2019Intifada&#8221;\"}]},{\"@type\":\"WebSite\",\"@id\":\"https:\\\/\\\/charleroi-pourlapalestine.be\\\/#website\",\"url\":\"https:\\\/\\\/charleroi-pourlapalestine.be\\\/\",\"name\":\"Charleroi Pour la Palestine\",\"description\":\"\",\"publisher\":{\"@id\":\"https:\\\/\\\/charleroi-pourlapalestine.be\\\/#organization\"},\"potentialAction\":[{\"@type\":\"SearchAction\",\"target\":{\"@type\":\"EntryPoint\",\"urlTemplate\":\"https:\\\/\\\/charleroi-pourlapalestine.be\\\/?s={search_term_string}\"},\"query-input\":{\"@type\":\"PropertyValueSpecification\",\"valueRequired\":true,\"valueName\":\"search_term_string\"}}],\"inLanguage\":\"fr-FR\"},{\"@type\":\"Organization\",\"@id\":\"https:\\\/\\\/charleroi-pourlapalestine.be\\\/#organization\",\"name\":\"Plate-forme Charleroi-Palestine\",\"url\":\"https:\\\/\\\/charleroi-pourlapalestine.be\\\/\",\"logo\":{\"@type\":\"ImageObject\",\"inLanguage\":\"fr-FR\",\"@id\":\"https:\\\/\\\/charleroi-pourlapalestine.be\\\/#\\\/schema\\\/logo\\\/image\\\/\",\"url\":\"https:\\\/\\\/charleroi-pourlapalestine.be\\\/wp-content\\\/uploads\\\/2020\\\/01\\\/logo-Copy.jpg\",\"contentUrl\":\"https:\\\/\\\/charleroi-pourlapalestine.be\\\/wp-content\\\/uploads\\\/2020\\\/01\\\/logo-Copy.jpg\",\"width\":180,\"height\":180,\"caption\":\"Plate-forme Charleroi-Palestine\"},\"image\":{\"@id\":\"https:\\\/\\\/charleroi-pourlapalestine.be\\\/#\\\/schema\\\/logo\\\/image\\\/\"},\"sameAs\":[\"https:\\\/\\\/www.facebook.com\\\/PlateformeCharleroiPalestine\\\/\",\"https:\\\/\\\/x.com\\\/LaCharleroi\"]},{\"@type\":\"Person\",\"@id\":\"https:\\\/\\\/charleroi-pourlapalestine.be\\\/#\\\/schema\\\/person\\\/c19ff515112f1299d8c12671d8fe3faa\",\"name\":\"admin1873\",\"url\":\"https:\\\/\\\/charleroi-pourlapalestine.be\\\/index.php\\\/author\\\/admin1873\\\/\"}]}<\/script>\n<!-- \/ Yoast SEO plugin. -->","yoast_head_json":{"title":"Fadwa Tuqan : \"Les martyrs de l\u2019Intifada\"","description":"Fadwa Touqan (1917-2003) est consid\u00e9r\u00e9e comme une des premi\u00e8res po\u00e9tesses palestiniennes et a re\u00e7u de nombreux prix litt\u00e9raires","robots":{"index":"index","follow":"follow","max-snippet":"max-snippet:-1","max-image-preview":"max-image-preview:large","max-video-preview":"max-video-preview:-1"},"canonical":"https:\/\/charleroi-pourlapalestine.be\/index.php\/2021\/12\/11\/fadwa-tuqan-les-martyrs-de-lintifada\/","schema":{"@context":"https:\/\/schema.org","@graph":[{"@type":"Article","@id":"https:\/\/charleroi-pourlapalestine.be\/index.php\/2021\/12\/11\/fadwa-tuqan-les-martyrs-de-lintifada\/#article","isPartOf":{"@id":"https:\/\/charleroi-pourlapalestine.be\/index.php\/2021\/12\/11\/fadwa-tuqan-les-martyrs-de-lintifada\/"},"author":{"name":"admin1873","@id":"https:\/\/charleroi-pourlapalestine.be\/#\/schema\/person\/c19ff515112f1299d8c12671d8fe3faa"},"headline":"Fadwa Tuqan : \u00ab\u00a0Les martyrs de l\u2019Intifada\u00a0\u00bb","datePublished":"2021-12-11T13:06:13+00:00","dateModified":"2021-12-11T13:08:56+00:00","mainEntityOfPage":{"@id":"https:\/\/charleroi-pourlapalestine.be\/index.php\/2021\/12\/11\/fadwa-tuqan-les-martyrs-de-lintifada\/"},"wordCount":368,"publisher":{"@id":"https:\/\/charleroi-pourlapalestine.be\/#organization"},"image":{"@id":"https:\/\/charleroi-pourlapalestine.be\/index.php\/2021\/12\/11\/fadwa-tuqan-les-martyrs-de-lintifada\/#primaryimage"},"thumbnailUrl":"https:\/\/charleroi-pourlapalestine.be\/wp-content\/uploads\/2021\/12\/Les-martyrs-de-lIntifada-e1639220984343.jpg","keywords":["Fadwa Tuqan"],"articleSection":["Culture","Intifada","Po\u00e9sie"],"inLanguage":"fr-FR"},{"@type":"WebPage","@id":"https:\/\/charleroi-pourlapalestine.be\/index.php\/2021\/12\/11\/fadwa-tuqan-les-martyrs-de-lintifada\/","url":"https:\/\/charleroi-pourlapalestine.be\/index.php\/2021\/12\/11\/fadwa-tuqan-les-martyrs-de-lintifada\/","name":"Fadwa Tuqan : \"Les martyrs de l\u2019Intifada\"","isPartOf":{"@id":"https:\/\/charleroi-pourlapalestine.be\/#website"},"primaryImageOfPage":{"@id":"https:\/\/charleroi-pourlapalestine.be\/index.php\/2021\/12\/11\/fadwa-tuqan-les-martyrs-de-lintifada\/#primaryimage"},"image":{"@id":"https:\/\/charleroi-pourlapalestine.be\/index.php\/2021\/12\/11\/fadwa-tuqan-les-martyrs-de-lintifada\/#primaryimage"},"thumbnailUrl":"https:\/\/charleroi-pourlapalestine.be\/wp-content\/uploads\/2021\/12\/Les-martyrs-de-lIntifada-e1639220984343.jpg","datePublished":"2021-12-11T13:06:13+00:00","dateModified":"2021-12-11T13:08:56+00:00","description":"Fadwa Touqan (1917-2003) est consid\u00e9r\u00e9e comme une des premi\u00e8res po\u00e9tesses palestiniennes et a re\u00e7u de nombreux prix litt\u00e9raires","breadcrumb":{"@id":"https:\/\/charleroi-pourlapalestine.be\/index.php\/2021\/12\/11\/fadwa-tuqan-les-martyrs-de-lintifada\/#breadcrumb"},"inLanguage":"fr-FR","potentialAction":[{"@type":"ReadAction","target":["https:\/\/charleroi-pourlapalestine.be\/index.php\/2021\/12\/11\/fadwa-tuqan-les-martyrs-de-lintifada\/"]}]},{"@type":"ImageObject","inLanguage":"fr-FR","@id":"https:\/\/charleroi-pourlapalestine.be\/index.php\/2021\/12\/11\/fadwa-tuqan-les-martyrs-de-lintifada\/#primaryimage","url":"https:\/\/charleroi-pourlapalestine.be\/wp-content\/uploads\/2021\/12\/Les-martyrs-de-lIntifada-e1639220984343.jpg","contentUrl":"https:\/\/charleroi-pourlapalestine.be\/wp-content\/uploads\/2021\/12\/Les-martyrs-de-lIntifada-e1639220984343.jpg","width":467,"height":320},{"@type":"BreadcrumbList","@id":"https:\/\/charleroi-pourlapalestine.be\/index.php\/2021\/12\/11\/fadwa-tuqan-les-martyrs-de-lintifada\/#breadcrumb","itemListElement":[{"@type":"ListItem","position":1,"name":"Accueil","item":"https:\/\/charleroi-pourlapalestine.be\/"},{"@type":"ListItem","position":2,"name":"Fadwa Tuqan : &#8220;Les martyrs de l\u2019Intifada&#8221;"}]},{"@type":"WebSite","@id":"https:\/\/charleroi-pourlapalestine.be\/#website","url":"https:\/\/charleroi-pourlapalestine.be\/","name":"Charleroi Pour la Palestine","description":"","publisher":{"@id":"https:\/\/charleroi-pourlapalestine.be\/#organization"},"potentialAction":[{"@type":"SearchAction","target":{"@type":"EntryPoint","urlTemplate":"https:\/\/charleroi-pourlapalestine.be\/?s={search_term_string}"},"query-input":{"@type":"PropertyValueSpecification","valueRequired":true,"valueName":"search_term_string"}}],"inLanguage":"fr-FR"},{"@type":"Organization","@id":"https:\/\/charleroi-pourlapalestine.be\/#organization","name":"Plate-forme Charleroi-Palestine","url":"https:\/\/charleroi-pourlapalestine.be\/","logo":{"@type":"ImageObject","inLanguage":"fr-FR","@id":"https:\/\/charleroi-pourlapalestine.be\/#\/schema\/logo\/image\/","url":"https:\/\/charleroi-pourlapalestine.be\/wp-content\/uploads\/2020\/01\/logo-Copy.jpg","contentUrl":"https:\/\/charleroi-pourlapalestine.be\/wp-content\/uploads\/2020\/01\/logo-Copy.jpg","width":180,"height":180,"caption":"Plate-forme Charleroi-Palestine"},"image":{"@id":"https:\/\/charleroi-pourlapalestine.be\/#\/schema\/logo\/image\/"},"sameAs":["https:\/\/www.facebook.com\/PlateformeCharleroiPalestine\/","https:\/\/x.com\/LaCharleroi"]},{"@type":"Person","@id":"https:\/\/charleroi-pourlapalestine.be\/#\/schema\/person\/c19ff515112f1299d8c12671d8fe3faa","name":"admin1873","url":"https:\/\/charleroi-pourlapalestine.be\/index.php\/author\/admin1873\/"}]}},"_links":{"self":[{"href":"https:\/\/charleroi-pourlapalestine.be\/index.php\/wp-json\/wp\/v2\/posts\/33060","targetHints":{"allow":["GET"]}}],"collection":[{"href":"https:\/\/charleroi-pourlapalestine.be\/index.php\/wp-json\/wp\/v2\/posts"}],"about":[{"href":"https:\/\/charleroi-pourlapalestine.be\/index.php\/wp-json\/wp\/v2\/types\/post"}],"author":[{"embeddable":true,"href":"https:\/\/charleroi-pourlapalestine.be\/index.php\/wp-json\/wp\/v2\/users\/1"}],"replies":[{"embeddable":true,"href":"https:\/\/charleroi-pourlapalestine.be\/index.php\/wp-json\/wp\/v2\/comments?post=33060"}],"version-history":[{"count":0,"href":"https:\/\/charleroi-pourlapalestine.be\/index.php\/wp-json\/wp\/v2\/posts\/33060\/revisions"}],"wp:featuredmedia":[{"embeddable":true,"href":"https:\/\/charleroi-pourlapalestine.be\/index.php\/wp-json\/wp\/v2\/media\/33063"}],"wp:attachment":[{"href":"https:\/\/charleroi-pourlapalestine.be\/index.php\/wp-json\/wp\/v2\/media?parent=33060"}],"wp:term":[{"taxonomy":"category","embeddable":true,"href":"https:\/\/charleroi-pourlapalestine.be\/index.php\/wp-json\/wp\/v2\/categories?post=33060"},{"taxonomy":"post_tag","embeddable":true,"href":"https:\/\/charleroi-pourlapalestine.be\/index.php\/wp-json\/wp\/v2\/tags?post=33060"}],"curies":[{"name":"wp","href":"https:\/\/api.w.org\/{rel}","templated":true}]}}