{"id":34101,"date":"2022-01-05T13:30:51","date_gmt":"2022-01-05T12:30:51","guid":{"rendered":"https:\/\/charleroi-pourlapalestine.be\/?p=34101"},"modified":"2022-01-05T18:10:41","modified_gmt":"2022-01-05T17:10:41","slug":"apres-141-jours-de-greve-de-la-faim-victoire-pour-hisham-abu-hawash","status":"publish","type":"post","link":"https:\/\/charleroi-pourlapalestine.be\/index.php\/2022\/01\/05\/apres-141-jours-de-greve-de-la-faim-victoire-pour-hisham-abu-hawash\/","title":{"rendered":"Apr\u00e8s 141 jours de gr\u00e8ve de la faim, victoire pour Hisham Abu Hawash !"},"content":{"rendered":"<p>Le r\u00e9seau de soutien aux prisonniers palestiniens<strong> Samidoun<\/strong>, dont est membre le <strong>Collectif Palestine Vaincra<\/strong>, salue <strong>Hisham Abu Hawash<\/strong> qui a suspendu sa <a href=\"https:\/\/charleroi-pourlapalestine.be\/index.php\/2022\/01\/02\/a-laube-de-2022-hisham-abou-hawash-en-est-a-son-138e-jour-de-greve-de-la-faim\/\">gr\u00e8ve de la faim<\/a> aujourd\u2019hui apr\u00e8s 141 jours. Il gagnera sa libert\u00e9 le 26 f\u00e9vrier.<\/p>\n<div id=\"attachment_34105\" style=\"width: 465px\" class=\"wp-caption aligncenter\"><img loading=\"lazy\" decoding=\"async\" aria-describedby=\"caption-attachment-34105\" class=\"wp-image-34105 size-full\" src=\"https:\/\/charleroi-pourlapalestine.be\/wp-content\/uploads\/2022\/01\/Abu-Hawash-e1641384954698.jpg\" alt=\"Abu Hawash\" width=\"455\" height=\"320\"><p id=\"caption-attachment-34105\" class=\"wp-caption-text\">Abu Hawash<\/p><\/div>\n<p>La victoire d\u2019<strong>Abu Hawash<\/strong> montre la puissance de la r\u00e9sistance des prisonniers pour gagner leur libert\u00e9, c\u00f4te \u00e0 c\u00f4te avec le peuple palestinien et sa r\u00e9sistance, le peuple arabe, et le mouvement international pour la justice. Il est maintenant temps de redoubler d\u2019efforts pour lib\u00e9rer tous les prisonniers palestiniens et faire tomber le syst\u00e8me de la d\u00e9tention administrative tout comme l\u2019ensemble du r\u00e9gime isra\u00e9lien.<\/p>\n<p>En ce moment, 500 prisonniers palestiniens en d\u00e9tention administrative boycottent les tribunaux militaires pour exiger la fin de ce syst\u00e8me. Ils font partie des plus de 4 500 prisonniers politiques palestiniens qui luttent pour leur libert\u00e9.<\/p>\n<p>Il est temps d\u2019intensifier notre mobilisation pour mettre fin \u00e0 la d\u00e9tention administrative et soutenir le mouvement des prisonniers palestiniens en lutte. <a href=\"https:\/\/charleroi-pourlapalestine.be\/index.php\/2021\/12\/12\/semaine-internationale-dactions-pour-la-liberation-dahmad-saadat\/\"><strong>Organisez des actions lors de la Semaine d\u2019actions pour la lib\u00e9ration d\u2019Ahmad Sa\u2019adat et de tous les prisonniers palestiniens du 15 au 22 janvier 2022.<\/strong><\/a><\/p>\n<p>Cette victoire a \u00e9t\u00e9 obtenue gr\u00e2ce \u00e0 la lutte et au sacrifice d\u2019Hisham et gr\u00e2ce \u00e0 la r\u00e9sistance du mouvement des prisonniers et du peuple palestinien.<br>Libert\u00e9 pour tous les prisonniers palestiniens !<br>Libert\u00e9 pour la Palestine de la mer au Jourdain !<\/p>\n<p style=\"text-align: center;\">\u00b0\u00b0\u00b0\u00b0\u00b0<\/p>\n<p>Publi\u00e9 le 4 janvier 2022 sur <a href=\"https:\/\/charleroi-pourlapalestine.be\/index.php\/2022\/01\/03\/pourquoi-israel-veut-une-situation-de-guerre-permanente\/\" target=\"_blank\" rel=\"noopener\">Samidoun<\/a><br>Traduction : <a href=\"https:\/\/palestinevaincra.com\/2022\/01\/apres-141-jours-de-greve-de-la-faim-victoire-pour-hisham-abu-hawash\/\" target=\"_blank\" rel=\"noopener\">Collectif Palestine Vaincra<\/a><\/p>\n<p>Vous voulez participez aux actions pour les prisonniers palestiniens ? Ecrivez-nous \u00e0 charleroi.palestine@gmail.com.<\/p>\n<p>Commandez ici <a href=\"https:\/\/charleroi-pourlapalestine.be\/index.php\/2021\/12\/28\/sumud-un-livre-sur-la-resistance-des-prisonniers-palestinienssumud\/\"><strong>le livre SUMUD<\/strong><\/a>, sur la r\u00e9sistance des prisonniers palestiniens<\/p>\n\n\n<p><\/p>\n","protected":false},"excerpt":{"rendered":"<p>Il est maintenant temps de redoubler d\u2019efforts pour lib\u00e9rer tous les prisonniers palestiniens et faire tomber le syst\u00e8me de la d\u00e9tention administrative tout comme l\u2019ensemble du r\u00e9gime isra\u00e9lien.<\/p>\n","protected":false},"author":1,"featured_media":34105,"comment_status":"closed","ping_status":"closed","sticky":false,"template":"","format":"standard","meta":{"ngg_post_thumbnail":0,"footnotes":""},"categories":[386,13],"tags":[],"class_list":["post-34101","post","type-post","status-publish","format-standard","has-post-thumbnail","hentry","category-greves-de-la-faim","category-les-prisionners-palestiniens"],"yoast_head":"<!-- This site is optimized with the Yoast SEO plugin v27.3 - https:\/\/yoast.com\/product\/yoast-seo-wordpress\/ -->\n<title>Apr\u00e8s 141 jours de gr\u00e8ve de la faim, victoire pour Hisham Abu Hawash !<\/title>\n<meta name=\"description\" content=\"La victoire d\u2019Abu Hawash montre la puissance de la r\u00e9sistance des prisonniers pour gagner leur libert\u00e9, c\u00f4te \u00e0 c\u00f4te avec le peuple palestinien et sa r\u00e9sistance, le peuple arabe, et le mouvement international pour la justice.\" \/>\n<meta name=\"robots\" content=\"index, follow, max-snippet:-1, max-image-preview:large, max-video-preview:-1\" \/>\n<link rel=\"canonical\" href=\"https:\/\/charleroi-pourlapalestine.be\/index.php\/2022\/01\/05\/apres-141-jours-de-greve-de-la-faim-victoire-pour-hisham-abu-hawash\/\" \/>\n<script type=\"application\/ld+json\" class=\"yoast-schema-graph\">{\"@context\":\"https:\\\/\\\/schema.org\",\"@graph\":[{\"@type\":\"Article\",\"@id\":\"https:\\\/\\\/charleroi-pourlapalestine.be\\\/index.php\\\/2022\\\/01\\\/05\\\/apres-141-jours-de-greve-de-la-faim-victoire-pour-hisham-abu-hawash\\\/#article\",\"isPartOf\":{\"@id\":\"https:\\\/\\\/charleroi-pourlapalestine.be\\\/index.php\\\/2022\\\/01\\\/05\\\/apres-141-jours-de-greve-de-la-faim-victoire-pour-hisham-abu-hawash\\\/\"},\"author\":{\"name\":\"admin1873\",\"@id\":\"https:\\\/\\\/charleroi-pourlapalestine.be\\\/#\\\/schema\\\/person\\\/c19ff515112f1299d8c12671d8fe3faa\"},\"headline\":\"Apr\u00e8s 141 jours de gr\u00e8ve de la faim, victoire pour Hisham Abu Hawash !\",\"datePublished\":\"2022-01-05T12:30:51+00:00\",\"dateModified\":\"2022-01-05T17:10:41+00:00\",\"mainEntityOfPage\":{\"@id\":\"https:\\\/\\\/charleroi-pourlapalestine.be\\\/index.php\\\/2022\\\/01\\\/05\\\/apres-141-jours-de-greve-de-la-faim-victoire-pour-hisham-abu-hawash\\\/\"},\"wordCount\":301,\"publisher\":{\"@id\":\"https:\\\/\\\/charleroi-pourlapalestine.be\\\/#organization\"},\"image\":{\"@id\":\"https:\\\/\\\/charleroi-pourlapalestine.be\\\/index.php\\\/2022\\\/01\\\/05\\\/apres-141-jours-de-greve-de-la-faim-victoire-pour-hisham-abu-hawash\\\/#primaryimage\"},\"thumbnailUrl\":\"https:\\\/\\\/charleroi-pourlapalestine.be\\\/wp-content\\\/uploads\\\/2022\\\/01\\\/Abu-Hawash-e1641384954698.jpg\",\"articleSection\":[\"Gr\u00e8ves de la faim\",\"Prisonniers\"],\"inLanguage\":\"fr-FR\"},{\"@type\":\"WebPage\",\"@id\":\"https:\\\/\\\/charleroi-pourlapalestine.be\\\/index.php\\\/2022\\\/01\\\/05\\\/apres-141-jours-de-greve-de-la-faim-victoire-pour-hisham-abu-hawash\\\/\",\"url\":\"https:\\\/\\\/charleroi-pourlapalestine.be\\\/index.php\\\/2022\\\/01\\\/05\\\/apres-141-jours-de-greve-de-la-faim-victoire-pour-hisham-abu-hawash\\\/\",\"name\":\"Apr\u00e8s 141 jours de gr\u00e8ve de la faim, victoire pour Hisham Abu Hawash !\",\"isPartOf\":{\"@id\":\"https:\\\/\\\/charleroi-pourlapalestine.be\\\/#website\"},\"primaryImageOfPage\":{\"@id\":\"https:\\\/\\\/charleroi-pourlapalestine.be\\\/index.php\\\/2022\\\/01\\\/05\\\/apres-141-jours-de-greve-de-la-faim-victoire-pour-hisham-abu-hawash\\\/#primaryimage\"},\"image\":{\"@id\":\"https:\\\/\\\/charleroi-pourlapalestine.be\\\/index.php\\\/2022\\\/01\\\/05\\\/apres-141-jours-de-greve-de-la-faim-victoire-pour-hisham-abu-hawash\\\/#primaryimage\"},\"thumbnailUrl\":\"https:\\\/\\\/charleroi-pourlapalestine.be\\\/wp-content\\\/uploads\\\/2022\\\/01\\\/Abu-Hawash-e1641384954698.jpg\",\"datePublished\":\"2022-01-05T12:30:51+00:00\",\"dateModified\":\"2022-01-05T17:10:41+00:00\",\"description\":\"La victoire d\u2019Abu Hawash montre la puissance de la r\u00e9sistance des prisonniers pour gagner leur libert\u00e9, c\u00f4te \u00e0 c\u00f4te avec le peuple palestinien et sa r\u00e9sistance, le peuple arabe, et le mouvement international pour la justice.\",\"breadcrumb\":{\"@id\":\"https:\\\/\\\/charleroi-pourlapalestine.be\\\/index.php\\\/2022\\\/01\\\/05\\\/apres-141-jours-de-greve-de-la-faim-victoire-pour-hisham-abu-hawash\\\/#breadcrumb\"},\"inLanguage\":\"fr-FR\",\"potentialAction\":[{\"@type\":\"ReadAction\",\"target\":[\"https:\\\/\\\/charleroi-pourlapalestine.be\\\/index.php\\\/2022\\\/01\\\/05\\\/apres-141-jours-de-greve-de-la-faim-victoire-pour-hisham-abu-hawash\\\/\"]}]},{\"@type\":\"ImageObject\",\"inLanguage\":\"fr-FR\",\"@id\":\"https:\\\/\\\/charleroi-pourlapalestine.be\\\/index.php\\\/2022\\\/01\\\/05\\\/apres-141-jours-de-greve-de-la-faim-victoire-pour-hisham-abu-hawash\\\/#primaryimage\",\"url\":\"https:\\\/\\\/charleroi-pourlapalestine.be\\\/wp-content\\\/uploads\\\/2022\\\/01\\\/Abu-Hawash-e1641384954698.jpg\",\"contentUrl\":\"https:\\\/\\\/charleroi-pourlapalestine.be\\\/wp-content\\\/uploads\\\/2022\\\/01\\\/Abu-Hawash-e1641384954698.jpg\",\"width\":455,\"height\":320},{\"@type\":\"BreadcrumbList\",\"@id\":\"https:\\\/\\\/charleroi-pourlapalestine.be\\\/index.php\\\/2022\\\/01\\\/05\\\/apres-141-jours-de-greve-de-la-faim-victoire-pour-hisham-abu-hawash\\\/#breadcrumb\",\"itemListElement\":[{\"@type\":\"ListItem\",\"position\":1,\"name\":\"Accueil\",\"item\":\"https:\\\/\\\/charleroi-pourlapalestine.be\\\/\"},{\"@type\":\"ListItem\",\"position\":2,\"name\":\"Apr\u00e8s 141 jours de gr\u00e8ve de la faim, victoire pour Hisham Abu Hawash !\"}]},{\"@type\":\"WebSite\",\"@id\":\"https:\\\/\\\/charleroi-pourlapalestine.be\\\/#website\",\"url\":\"https:\\\/\\\/charleroi-pourlapalestine.be\\\/\",\"name\":\"Charleroi Pour la Palestine\",\"description\":\"\",\"publisher\":{\"@id\":\"https:\\\/\\\/charleroi-pourlapalestine.be\\\/#organization\"},\"potentialAction\":[{\"@type\":\"SearchAction\",\"target\":{\"@type\":\"EntryPoint\",\"urlTemplate\":\"https:\\\/\\\/charleroi-pourlapalestine.be\\\/?s={search_term_string}\"},\"query-input\":{\"@type\":\"PropertyValueSpecification\",\"valueRequired\":true,\"valueName\":\"search_term_string\"}}],\"inLanguage\":\"fr-FR\"},{\"@type\":\"Organization\",\"@id\":\"https:\\\/\\\/charleroi-pourlapalestine.be\\\/#organization\",\"name\":\"Plate-forme Charleroi-Palestine\",\"url\":\"https:\\\/\\\/charleroi-pourlapalestine.be\\\/\",\"logo\":{\"@type\":\"ImageObject\",\"inLanguage\":\"fr-FR\",\"@id\":\"https:\\\/\\\/charleroi-pourlapalestine.be\\\/#\\\/schema\\\/logo\\\/image\\\/\",\"url\":\"https:\\\/\\\/charleroi-pourlapalestine.be\\\/wp-content\\\/uploads\\\/2020\\\/01\\\/logo-Copy.jpg\",\"contentUrl\":\"https:\\\/\\\/charleroi-pourlapalestine.be\\\/wp-content\\\/uploads\\\/2020\\\/01\\\/logo-Copy.jpg\",\"width\":180,\"height\":180,\"caption\":\"Plate-forme Charleroi-Palestine\"},\"image\":{\"@id\":\"https:\\\/\\\/charleroi-pourlapalestine.be\\\/#\\\/schema\\\/logo\\\/image\\\/\"},\"sameAs\":[\"https:\\\/\\\/www.facebook.com\\\/PlateformeCharleroiPalestine\\\/\",\"https:\\\/\\\/x.com\\\/LaCharleroi\"]},{\"@type\":\"Person\",\"@id\":\"https:\\\/\\\/charleroi-pourlapalestine.be\\\/#\\\/schema\\\/person\\\/c19ff515112f1299d8c12671d8fe3faa\",\"name\":\"admin1873\",\"url\":\"https:\\\/\\\/charleroi-pourlapalestine.be\\\/index.php\\\/author\\\/admin1873\\\/\"}]}<\/script>\n<!-- \/ Yoast SEO plugin. -->","yoast_head_json":{"title":"Apr\u00e8s 141 jours de gr\u00e8ve de la faim, victoire pour Hisham Abu Hawash !","description":"La victoire d\u2019Abu Hawash montre la puissance de la r\u00e9sistance des prisonniers pour gagner leur libert\u00e9, c\u00f4te \u00e0 c\u00f4te avec le peuple palestinien et sa r\u00e9sistance, le peuple arabe, et le mouvement international pour la justice.","robots":{"index":"index","follow":"follow","max-snippet":"max-snippet:-1","max-image-preview":"max-image-preview:large","max-video-preview":"max-video-preview:-1"},"canonical":"https:\/\/charleroi-pourlapalestine.be\/index.php\/2022\/01\/05\/apres-141-jours-de-greve-de-la-faim-victoire-pour-hisham-abu-hawash\/","schema":{"@context":"https:\/\/schema.org","@graph":[{"@type":"Article","@id":"https:\/\/charleroi-pourlapalestine.be\/index.php\/2022\/01\/05\/apres-141-jours-de-greve-de-la-faim-victoire-pour-hisham-abu-hawash\/#article","isPartOf":{"@id":"https:\/\/charleroi-pourlapalestine.be\/index.php\/2022\/01\/05\/apres-141-jours-de-greve-de-la-faim-victoire-pour-hisham-abu-hawash\/"},"author":{"name":"admin1873","@id":"https:\/\/charleroi-pourlapalestine.be\/#\/schema\/person\/c19ff515112f1299d8c12671d8fe3faa"},"headline":"Apr\u00e8s 141 jours de gr\u00e8ve de la faim, victoire pour Hisham Abu Hawash !","datePublished":"2022-01-05T12:30:51+00:00","dateModified":"2022-01-05T17:10:41+00:00","mainEntityOfPage":{"@id":"https:\/\/charleroi-pourlapalestine.be\/index.php\/2022\/01\/05\/apres-141-jours-de-greve-de-la-faim-victoire-pour-hisham-abu-hawash\/"},"wordCount":301,"publisher":{"@id":"https:\/\/charleroi-pourlapalestine.be\/#organization"},"image":{"@id":"https:\/\/charleroi-pourlapalestine.be\/index.php\/2022\/01\/05\/apres-141-jours-de-greve-de-la-faim-victoire-pour-hisham-abu-hawash\/#primaryimage"},"thumbnailUrl":"https:\/\/charleroi-pourlapalestine.be\/wp-content\/uploads\/2022\/01\/Abu-Hawash-e1641384954698.jpg","articleSection":["Gr\u00e8ves de la faim","Prisonniers"],"inLanguage":"fr-FR"},{"@type":"WebPage","@id":"https:\/\/charleroi-pourlapalestine.be\/index.php\/2022\/01\/05\/apres-141-jours-de-greve-de-la-faim-victoire-pour-hisham-abu-hawash\/","url":"https:\/\/charleroi-pourlapalestine.be\/index.php\/2022\/01\/05\/apres-141-jours-de-greve-de-la-faim-victoire-pour-hisham-abu-hawash\/","name":"Apr\u00e8s 141 jours de gr\u00e8ve de la faim, victoire pour Hisham Abu Hawash !","isPartOf":{"@id":"https:\/\/charleroi-pourlapalestine.be\/#website"},"primaryImageOfPage":{"@id":"https:\/\/charleroi-pourlapalestine.be\/index.php\/2022\/01\/05\/apres-141-jours-de-greve-de-la-faim-victoire-pour-hisham-abu-hawash\/#primaryimage"},"image":{"@id":"https:\/\/charleroi-pourlapalestine.be\/index.php\/2022\/01\/05\/apres-141-jours-de-greve-de-la-faim-victoire-pour-hisham-abu-hawash\/#primaryimage"},"thumbnailUrl":"https:\/\/charleroi-pourlapalestine.be\/wp-content\/uploads\/2022\/01\/Abu-Hawash-e1641384954698.jpg","datePublished":"2022-01-05T12:30:51+00:00","dateModified":"2022-01-05T17:10:41+00:00","description":"La victoire d\u2019Abu Hawash montre la puissance de la r\u00e9sistance des prisonniers pour gagner leur libert\u00e9, c\u00f4te \u00e0 c\u00f4te avec le peuple palestinien et sa r\u00e9sistance, le peuple arabe, et le mouvement international pour la justice.","breadcrumb":{"@id":"https:\/\/charleroi-pourlapalestine.be\/index.php\/2022\/01\/05\/apres-141-jours-de-greve-de-la-faim-victoire-pour-hisham-abu-hawash\/#breadcrumb"},"inLanguage":"fr-FR","potentialAction":[{"@type":"ReadAction","target":["https:\/\/charleroi-pourlapalestine.be\/index.php\/2022\/01\/05\/apres-141-jours-de-greve-de-la-faim-victoire-pour-hisham-abu-hawash\/"]}]},{"@type":"ImageObject","inLanguage":"fr-FR","@id":"https:\/\/charleroi-pourlapalestine.be\/index.php\/2022\/01\/05\/apres-141-jours-de-greve-de-la-faim-victoire-pour-hisham-abu-hawash\/#primaryimage","url":"https:\/\/charleroi-pourlapalestine.be\/wp-content\/uploads\/2022\/01\/Abu-Hawash-e1641384954698.jpg","contentUrl":"https:\/\/charleroi-pourlapalestine.be\/wp-content\/uploads\/2022\/01\/Abu-Hawash-e1641384954698.jpg","width":455,"height":320},{"@type":"BreadcrumbList","@id":"https:\/\/charleroi-pourlapalestine.be\/index.php\/2022\/01\/05\/apres-141-jours-de-greve-de-la-faim-victoire-pour-hisham-abu-hawash\/#breadcrumb","itemListElement":[{"@type":"ListItem","position":1,"name":"Accueil","item":"https:\/\/charleroi-pourlapalestine.be\/"},{"@type":"ListItem","position":2,"name":"Apr\u00e8s 141 jours de gr\u00e8ve de la faim, victoire pour Hisham Abu Hawash !"}]},{"@type":"WebSite","@id":"https:\/\/charleroi-pourlapalestine.be\/#website","url":"https:\/\/charleroi-pourlapalestine.be\/","name":"Charleroi Pour la Palestine","description":"","publisher":{"@id":"https:\/\/charleroi-pourlapalestine.be\/#organization"},"potentialAction":[{"@type":"SearchAction","target":{"@type":"EntryPoint","urlTemplate":"https:\/\/charleroi-pourlapalestine.be\/?s={search_term_string}"},"query-input":{"@type":"PropertyValueSpecification","valueRequired":true,"valueName":"search_term_string"}}],"inLanguage":"fr-FR"},{"@type":"Organization","@id":"https:\/\/charleroi-pourlapalestine.be\/#organization","name":"Plate-forme Charleroi-Palestine","url":"https:\/\/charleroi-pourlapalestine.be\/","logo":{"@type":"ImageObject","inLanguage":"fr-FR","@id":"https:\/\/charleroi-pourlapalestine.be\/#\/schema\/logo\/image\/","url":"https:\/\/charleroi-pourlapalestine.be\/wp-content\/uploads\/2020\/01\/logo-Copy.jpg","contentUrl":"https:\/\/charleroi-pourlapalestine.be\/wp-content\/uploads\/2020\/01\/logo-Copy.jpg","width":180,"height":180,"caption":"Plate-forme Charleroi-Palestine"},"image":{"@id":"https:\/\/charleroi-pourlapalestine.be\/#\/schema\/logo\/image\/"},"sameAs":["https:\/\/www.facebook.com\/PlateformeCharleroiPalestine\/","https:\/\/x.com\/LaCharleroi"]},{"@type":"Person","@id":"https:\/\/charleroi-pourlapalestine.be\/#\/schema\/person\/c19ff515112f1299d8c12671d8fe3faa","name":"admin1873","url":"https:\/\/charleroi-pourlapalestine.be\/index.php\/author\/admin1873\/"}]}},"_links":{"self":[{"href":"https:\/\/charleroi-pourlapalestine.be\/index.php\/wp-json\/wp\/v2\/posts\/34101","targetHints":{"allow":["GET"]}}],"collection":[{"href":"https:\/\/charleroi-pourlapalestine.be\/index.php\/wp-json\/wp\/v2\/posts"}],"about":[{"href":"https:\/\/charleroi-pourlapalestine.be\/index.php\/wp-json\/wp\/v2\/types\/post"}],"author":[{"embeddable":true,"href":"https:\/\/charleroi-pourlapalestine.be\/index.php\/wp-json\/wp\/v2\/users\/1"}],"replies":[{"embeddable":true,"href":"https:\/\/charleroi-pourlapalestine.be\/index.php\/wp-json\/wp\/v2\/comments?post=34101"}],"version-history":[{"count":0,"href":"https:\/\/charleroi-pourlapalestine.be\/index.php\/wp-json\/wp\/v2\/posts\/34101\/revisions"}],"wp:featuredmedia":[{"embeddable":true,"href":"https:\/\/charleroi-pourlapalestine.be\/index.php\/wp-json\/wp\/v2\/media\/34105"}],"wp:attachment":[{"href":"https:\/\/charleroi-pourlapalestine.be\/index.php\/wp-json\/wp\/v2\/media?parent=34101"}],"wp:term":[{"taxonomy":"category","embeddable":true,"href":"https:\/\/charleroi-pourlapalestine.be\/index.php\/wp-json\/wp\/v2\/categories?post=34101"},{"taxonomy":"post_tag","embeddable":true,"href":"https:\/\/charleroi-pourlapalestine.be\/index.php\/wp-json\/wp\/v2\/tags?post=34101"}],"curies":[{"name":"wp","href":"https:\/\/api.w.org\/{rel}","templated":true}]}}