{"id":34120,"date":"2022-01-06T09:43:37","date_gmt":"2022-01-06T08:43:37","guid":{"rendered":"https:\/\/charleroi-pourlapalestine.be\/?p=34120"},"modified":"2022-01-06T10:09:58","modified_gmt":"2022-01-06T09:09:58","slug":"en-2021-les-forces-israeliennes-ont-cible-les-enfants-palestiniens-en-toute-impunite","status":"publish","type":"post","link":"https:\/\/charleroi-pourlapalestine.be\/index.php\/2022\/01\/06\/en-2021-les-forces-israeliennes-ont-cible-les-enfants-palestiniens-en-toute-impunite\/","title":{"rendered":"En 2021, les forces isra\u00e9liennes ont cibl\u00e9 les enfants palestiniens en toute impunit\u00e9"},"content":{"rendered":"<p>En 2021, les forces, autorit\u00e9s et colons isra\u00e9liens ont cibl\u00e9 en toute impunit\u00e9 des enfants palestiniens via des attaques militaires, un recours abusif \u00e0 la force, des arrestations arbitraires par l\u2019arm\u00e9e, des expulsions et des d\u00e9molitions de maisons, r\u00e9v\u00e8le toute une documentation collect\u00e9e par <strong>Defense for Children International \u2013 Palestine (DCI-P)<\/strong>.<\/p>\n<p>&nbsp;<\/p>\n<div id=\"attachment_34122\" style=\"width: 490px\" class=\"wp-caption aligncenter\"><img loading=\"lazy\" decoding=\"async\" aria-describedby=\"caption-attachment-34122\" class=\"wp-image-34122 size-full\" src=\"https:\/\/charleroi-pourlapalestine.be\/wp-content\/uploads\/2022\/01\/001_hero_yir2021-e1641429464564.jpg\" alt=\"\" width=\"480\" height=\"320\"><p id=\"caption-attachment-34122\" class=\"wp-caption-text\">Un adolescent palestinien derri\u00e8re une cl\u00f4ture \u00e0 proximit\u00e9 de la barri\u00e8re ferm\u00e9e du croisement de Rafah, \u00e0 la fronti\u00e8re \u00e9gyptienne. (Photo : AFP \/ Said Khatib)<\/p><\/div>\n<p>&nbsp;<\/p>\n<p><b>Ramallah, 28 d\u00e9cembre 2021&nbsp;&nbsp;<\/b><\/p>\n<p>&nbsp;<\/p>\n<h4><b>1<sup>e<\/sup> partie : En mai, les forces isra\u00e9liennes ont bombard\u00e9 la bande de Gaza pendant 11 jours, tuant 60 enfants palestiniens <\/b><\/h4>\n<p>D\u2019apr\u00e8s la documentation r\u00e9unie par <strong>DCI-P,<\/strong> au cours de l\u2019offensive militaire contre la bande de Gaza \u2013 l\u2019op\u00e9ration <em>\u00ab Gardien des murailles \u00bb<\/em> \u2013 <strong>les forces isra\u00e9liennes ont tu\u00e9 60 enfants.<\/strong> Durant les 11 jours de cette offensive, entre le 10 et le 21 mai, les forces isra\u00e9liennes ont tu\u00e9 des enfants palestiniens \u00e0 l\u2019aide d\u2019obus tir\u00e9s par des chars, de balles r\u00e9elles et de missiles largu\u00e9s par des drones arm\u00e9s, des avions de combat et des h\u00e9licopt\u00e8res Apache de fabrication am\u00e9ricaine.<\/p>\n<p><strong>DCI-P<\/strong> a d\u00e9termin\u00e9 qu\u2019au cours des 11 jours d\u2019escalade de la violence, sept enfants palestiniens avaient \u00e9t\u00e9 tu\u00e9s par des roquettes non guid\u00e9es lanc\u00e9es par des groupes arm\u00e9s palestiniens depuis la bande de Gaza. En tout, 67 enfants palestiniens ont donc \u00e9t\u00e9 tu\u00e9s au cours de l\u2019offensive militaire, selon les preuves collect\u00e9es par DCI-P.<\/p>\n<p>&nbsp;<\/p>\n<div class=\"video-container\"><iframe loading=\"lazy\" title=\"&quot;This war was the scariest:&quot; Palestinian children reflect on Israel&#039;s May 2021 bombardment of Gaza\" width=\"500\" height=\"281\" src=\"https:\/\/www.youtube.com\/embed\/v3iNX7sI9Ds?feature=oembed&#038;wmode=opaque\" frameborder=\"0\" allow=\"accelerometer; autoplay; clipboard-write; encrypted-media; gyroscope; picture-in-picture; web-share\" referrerpolicy=\"strict-origin-when-cross-origin\" allowfullscreen><\/iframe><\/div>\n<p>&nbsp;<\/p>\n<p>Au moins <strong>685 enfants palestiniens ont \u00e9t\u00e9 bless\u00e9<\/strong>s lors de l\u2019offensive militaire de mai 2021. Au plus fort des bombardements, <strong>113 000 Palestiniens ont d\u00fb \u00eatre d\u00e9plac\u00e9s<\/strong> et, en novembre, 8 250 d\u2019entre eux l\u2019\u00e9taient toujours, rapporte l\u2019agence <strong>OCHA<\/strong> des <strong>Nations unies.<\/strong><\/p>\n<p>Les lois humanitaires internationales interdisent les attaques indiscrimin\u00e9es et disproportionn\u00e9s et requi\u00e8rent de toutes les parties d\u2019un conflit arm\u00e9 qu\u2019elles fassent la distinction entre les cibles militaires, les civils et les objets civils. En tant que puissance occupante dans les Territoires palestiniens occup\u00e9s, dont la bande de Gaza, Isra\u00ebl est tenu de prot\u00e9ger de toute forme de violence la population civile palestinienne.<\/p>\n<p>&nbsp;<\/p>\n<h4><b>2<sup>e<\/sup> partie : Les forces isra\u00e9liennes ont cibl\u00e9 des enfants palestiniens en recourant \u00e0 une violence excessive, ce qui a fait de l\u2019ann\u00e9e 2021 l\u2019ann\u00e9e la plus meurtri\u00e8re pour les enfants palestiniens depuis 2014 <\/b><\/h4>\n<p>Les forces isra\u00e9liennes ont <strong>abattu et tu\u00e9 17 enfants palestiniens \u00e0 balles r\u00e9elles<\/strong>, cette ann\u00e9e, 15 en <strong>Cisjordanie<\/strong> et deux dans la bande de <strong>Gaza<\/strong>. Selon les lois internationales, la violence meurtri\u00e8re intentionnelle ne se justifie que dans des circonstances o\u00f9 une menace directe pour la vie ou un risque de blessure est pr\u00e9sent. Toutefois, les enqu\u00eates effectu\u00e9es et les preuves collect\u00e9es par DCI-P sugg\u00e8rent r\u00e9guli\u00e8rement que les forces isra\u00e9liennes recourent \u00e0 la violence meurtri\u00e8re contre les enfants palestiniens dans des circonstances qui peuvent \u00e9quivaloir \u00e0 des ex\u00e9cutions extrajudiciaires ou des assassinats d\u00e9lib\u00e9r\u00e9s.<\/p>\n<p>Le 17 mai 2021, <strong>Obaida Akram Abdurahman Jawabra,<\/strong> 17 ans, \u00e9tait<a href=\"https:\/\/charleroi-pourlapalestine.be\/index.php\/2021\/05\/20\/israel-tue-un-adolescent-qui-jouait-dans-un-film-sur-les-enfants-emprisonnes\/\"> abattu et tu\u00e9 \u00e0 balles r\u00e9elles<\/a> par les forces isra\u00e9liennes dans le camp de r\u00e9fugi\u00e9s d\u2019<strong>Al-Arroub,<\/strong> situ\u00e9 pr\u00e8s de la ville de <strong>H\u00e9bron,<\/strong> dans le sud de la Cisjordanie occup\u00e9e. Obaida avait re\u00e7u une blessure par balle dans la poitrine lors d\u2019une manifestation \u00e0 l\u2019entr\u00e9e du camp, pr\u00e8s de la Route 60, la voie principale de Cisjordanie qui relie H\u00e9bron et J\u00e9rusalem. Un soldat isra\u00e9lien positionn\u00e9 \u00e0 quelque 70 m\u00e8tres (230 pieds) de l\u00e0 avait tir\u00e9 le coup mortel, ont racont\u00e9 des t\u00e9moins interview\u00e9s par DCI-P.<\/p>\n<p>En 2018, dans le cadre des relations d\u00e9velopp\u00e9es par le biais de l\u2019aide juridique accord\u00e9e par DCI-P \u00e0 Obaida et \u00e0 sa famille, l\u2019adolescent avait \u00e9t\u00e9 d\u2019accord pour \u00eatre le sujet d\u2019un court m\u00e9trage produit par DCI-P. Le film <strong><em>\u00ab Obaida \u00bb<\/em><\/strong>, par Matthew Cassel, se concentrait sur l\u2019exp\u00e9rience d\u2019Obaida en tant qu\u2019enfant palestinien arr\u00eat\u00e9 \u00e0 de multiples reprises par les forces isra\u00e9liennes et poursuivi devant les tribunaux militaires isra\u00e9liens.<\/p>\n<p>&nbsp;<\/p>\n<div class=\"video-container\"><iframe loading=\"lazy\" title=\"OBAIDA [FULL FILM]\" width=\"500\" height=\"281\" src=\"https:\/\/www.youtube.com\/embed\/JjAsFhYOwGc?start=19&#038;feature=oembed&#038;wmode=opaque\" frameborder=\"0\" allow=\"accelerometer; autoplay; clipboard-write; encrypted-media; gyroscope; picture-in-picture; web-share\" referrerpolicy=\"strict-origin-when-cross-origin\" allowfullscreen><\/iframe><\/div>\n<p>&nbsp;<\/p>\n<p><strong>Obaida<\/strong> avait d\u2019abord \u00e9t\u00e9 arr\u00eat\u00e9 par les forces isra\u00e9liennes au moment o\u00f9 il venait d\u2019avoir 14 ans. Il avait \u00e9t\u00e9 arr\u00eat\u00e9 et emprisonn\u00e9 une deuxi\u00e8me fois par les forces isra\u00e9liennes l\u2019ann\u00e9e d\u2019apr\u00e8s. Comme l\u2019\u00e9crasante majorit\u00e9 des enfants palestiniens arr\u00eat\u00e9s par les forces isra\u00e9liennes en Cisjordanie occup\u00e9e, Obaida avait \u00e9t\u00e9 accus\u00e9 de jet de pierres.<\/p>\n<p>Il devait recevoir en juin son dipl\u00f4me d\u2019un cours professionnel de cuisine, au Coll\u00e8ge communautaire Talitha Kumi, dans la ville cisjordanienne de<strong> Beit Jala,<\/strong> disent des informations collect\u00e9es par DCI-P.<\/p>\n<p>En juin, les forces isra\u00e9liennes ont abattu et tu\u00e9 deux jeunes Palestiniens, <strong>Ahmad Zahi Ibrahim Bani-Shamsa,<\/strong> 15 ans, et <strong>Mohammad Said Mohammad Hamayel,<\/strong> 16 ans, dans la ville de <strong>Beita<\/strong>, en Cisjordanie occup\u00e9e, alors qu\u2019ils manifestaient contre l\u2019installation ill\u00e9gale d\u2019un nouveau poste avanc\u00e9 isra\u00e9lien, Evyatar, sur des terres appartenant \u00e0 Beita et \u00e0 deux autres villages palestiniens, Qabalan et Yatma.<\/p>\n<p>&nbsp;<\/p>\n<div id=\"attachment_34124\" style=\"width: 970px\" class=\"wp-caption aligncenter\"><img loading=\"lazy\" decoding=\"async\" aria-describedby=\"caption-attachment-34124\" class=\"wp-image-34124 size-full\" src=\"https:\/\/charleroi-pourlapalestine.be\/wp-content\/uploads\/2022\/01\/Ahmad_Mohammad_1.jpg\" alt=\"\" width=\"960\" height=\"450\" srcset=\"https:\/\/charleroi-pourlapalestine.be\/wp-content\/uploads\/2022\/01\/Ahmad_Mohammad_1.jpg 960w, https:\/\/charleroi-pourlapalestine.be\/wp-content\/uploads\/2022\/01\/Ahmad_Mohammad_1-300x141.jpg 300w, https:\/\/charleroi-pourlapalestine.be\/wp-content\/uploads\/2022\/01\/Ahmad_Mohammad_1-768x360.jpg 768w, https:\/\/charleroi-pourlapalestine.be\/wp-content\/uploads\/2022\/01\/Ahmad_Mohammad_1-520x245.jpg 520w\" sizes=\"auto, (max-width: 960px) 100vw, 960px\" \/><p id=\"caption-attachment-34124\" class=\"wp-caption-text\">Ahmad Zahi Ibrahim Bani-Shamsa, 15 ans (\u00e0 gauche), et Mohammad Said Mohammad Hamayel, 16 ans (\u00e0 droite) ont tous deux \u00e9t\u00e9 abattus et tu\u00e9s par les forces isra\u00e9liennes dans leur ville natale de Beita, en Cisjordanie occup\u00e9e.<\/p><\/div>\n<p>&nbsp;<\/p>\n<p><strong>Les<\/strong> <strong>colonies d\u2019Isra\u00ebl en Cisjordanie occup\u00e9e, dont J\u00e9rusalem-Est, sont ill\u00e9gales<\/strong>, aux yeux des lois internationales. La politique isra\u00e9lienne d\u2019implantation de ses civils dans les territoires occup\u00e9s constitue une grave violation des lois humanitaires internationales et \u00e9quivaut \u00e0 un crime de guerre, d\u2019apr\u00e8s le Statut de Rome de la <strong>Cour p\u00e9nale internationale.<\/strong><\/p>\n<p>&nbsp;<\/p>\n<h4><b>3<sup>e<\/sup> partie : Les colons isra\u00e9liens, enhardis par l\u2019\u00c9tat, ont attaqu\u00e9 des enfants palestiniens et ont continu\u00e9 de s\u2019emparer de terres et de biens palestiniens <\/b><\/h4>\n<p>L\u2019expansion des colonies ill\u00e9gales d\u2019Isra\u00ebl dans toute la Cisjordanie occup\u00e9e a contribu\u00e9 \u00e0 une escalade de<strong> la violence des colons isra\u00e9liens<\/strong> contre les Palestiniens, y compris les enfants. La violence des colons isra\u00e9liens contre les Palestiniens et leurs biens est tr\u00e8s r\u00e9pandue et quotidienne, en Cisjordanie. Les colons isra\u00e9liens infligent leur violence et endommagent et d\u00e9truisent les biens palestiniens, s\u2019emparent de terres palestiniennes et commettent d\u2019autres d\u00e9lits contre les civils palestiniens vivant en Cisjordanie occup\u00e9e. \u00c0 la date du 20 d\u00e9cembre 2021, le <strong>Bureau de l\u2019ONU pour la Coordination des affaires humanitaires<\/strong> avait r\u00e9pertori\u00e9 450 attaques de colons en 2021, une augmentation de 26 pour 100 par rapport \u00e0 l\u2019ann\u00e9e pr\u00e9c\u00e9dente.<\/p>\n<p>En 2021, <strong>DCI-P<\/strong> a r\u00e9pertori\u00e9 17 attaques de colons isra\u00e9liens en Cisjordanie occup\u00e9e pour la seule journ\u00e9e du 16 d\u00e9cembre. Ces attaques ont bless\u00e9 24 enfants palestiniens \u00e2g\u00e9s de 2 \u00e0 17 ans. Les colons isra\u00e9liens ont attaqu\u00e9 ces enfants en les tabassant, en leur jetant des pierres, en les aspergeant de spray au poivre, en les terrorisant dans le m\u00eame temps qu\u2019ils leur logement, et en tirant \u00e0 balles r\u00e9elles. Les attaques ont eu lieu \u00e0 proximit\u00e9 directe d\u2019un certain nombre de colonies isra\u00e9liennes ill\u00e9gales install\u00e9es en Cisjordanie occup\u00e9e.<\/p>\n<p>Le 14 mai, vers 14 heures, des colons isra\u00e9liens de la colonie exclusivement juive de <strong>Yitzhar<\/strong> ont abattu et bless\u00e9 deux adolescents palestiniens de 17 ans, <strong>Shadi S<\/strong>. and <strong>Mahmoud S.<\/strong> (*), au cours d\u2019une attaque de colons dans le village d\u2019Urif, pr\u00e8s de Naplouse, en Cisjordanie occup\u00e9e, rapportent des documents collect\u00e9s par DCI-P. Des dizaines de colons isra\u00e9liens de la colonie de Yitzhar, accompagn\u00e9s et prot\u00e9g\u00e9s par les forces isra\u00e9liennes, ont attaqu\u00e9 les r\u00e9sidents palestiniens et leurs maisons \u00e0 coups de pierres et en tirant des balles r\u00e9elles.<\/p>\n<p><strong>Yitzhar<\/strong> est tr\u00e8s connu comme foyer de la violence des colons isra\u00e9liens contre les Palestiniens. Cette colonie ill\u00e9gale a \u00e9t\u00e9 fond\u00e9e en 1983 en tant qu\u2019avant-poste militaire bien vite transform\u00e9 en colonie civile. Les villages du voisinage utilisaient pr\u00e9c\u00e9demment les terres \u00e0 des fins agricoles et les villageois palestiniens sont donc fr\u00e9quemment cibl\u00e9s par la violence des colons de Yitzhar. La yeshiva <strong>Od Yosef Chai<\/strong> est install\u00e9e \u00e0 Yitzhar et il est bien connu qu\u2019elle encourage ses \u00e9tudiants \u00e0 perp\u00e9trer des actes violents contre les Palestiniens. Anciennement, la yeshiva \u00e9tait situ\u00e9e \u00e0 Naplouse, jusqu\u2019au moment o\u00f9 elle a d\u00fb aller s\u2019installer \u00e0 Yitzhar, en 2000, durant la Seconde Intifada.<\/p>\n<p>Bien qu\u2019ils soient des civils, les colons isra\u00e9liens se font livrer des armes \u00e0 feu par le gouvernement isra\u00e9lien et nombre d\u2019entre eux souscrivent \u00e0 des credo nationalistes qui se manifestent par une extr\u00eame violence \u00e0 l\u2019\u00e9gard des Palestiniens, y compris les enfants. Les colons isra\u00e9liens qui attaquent les Palestiniens sont motiv\u00e9s par la volont\u00e9 de d\u00e9poss\u00e9der les Palestiniens de leur terre, affirme l\u2019organisation isra\u00e9lienne de d\u00e9fense des droits humains, <strong>Yesh Din.<\/strong><\/p>\n<p>Le 17 ao\u00fbt, pr\u00e8s de <strong>Homes<\/strong>h (une colonie isra\u00e9lienne \u2013 aujourd\u2019hui \u00e9vacu\u00e9e \u2013 install\u00e9e au sud de la ville de <strong>J\u00e9nine<\/strong>, en Cisjordanie occup\u00e9e), des colons isra\u00e9liens ont enlev\u00e9 et brutalis\u00e9 <strong>Tareq Z<\/strong>., 15 ans. Les colons l\u2019ont poursuivi et heurt\u00e9 avec leur voiture, l\u2019ont li\u00e9 au coffre du v\u00e9hicule, l\u2019ont pendu par les bras \u00e0 un arbre et l\u2019ont battu jusqu\u2019\u00e0 ce qu\u2019il perde conscience, pr\u00e9tendent des informations recueillies par DCI-P. L\u2019adolescent s\u2019est r\u00e9veill\u00e9 \u00e0 l\u2019int\u00e9rieur d\u2019un v\u00e9hicule militaire isra\u00e9lien et a \u00e9t\u00e9 emmen\u00e9 par la suite par une ambulance palestinienne \u00e0 l\u2019h\u00f4pital gouvernemental de J\u00e9nine, o\u00f9 il a \u00e9t\u00e9 soign\u00e9 pour ses blessures, dont une rotule fractur\u00e9e, affirme toute une documentation collect\u00e9e par DCI-P.<\/p>\n<blockquote><p>\u00ab J\u2019ai regard\u00e9 autour de moi et j\u2019ai vu environ 70 colons. Une fois qu\u2019ils m\u2019ont aper\u00e7u, l\u2019un d\u2019eux m\u2019a frapp\u00e9 \u00e0 plusieurs reprises dans le dos et dans les jambes avec une barre m\u00e9tallique \u00bb,<\/p><\/blockquote>\n<p>a racont\u00e9 Tareq \u00e0 un enqu\u00eateur de terrain de DCI-P.<\/p>\n<blockquote><p>\u00ab Puis un autre colon est venu vers moi et m\u2019a asperg\u00e9 de spray au poivre, alors que je criais et que j\u2019avais mal. J\u2019\u00e9tais vraiment effray\u00e9. \u00bb<\/p><\/blockquote>\n<p>&nbsp;<\/p>\n<div class=\"video-container\"><iframe loading=\"lazy\" title=\"15-year-old Palestinian boy brutally attacked by Israeli settlers\" width=\"500\" height=\"281\" src=\"https:\/\/www.youtube.com\/embed\/6-fqPUDNcbc?start=8&#038;feature=oembed&#038;wmode=opaque\" frameborder=\"0\" allow=\"accelerometer; autoplay; clipboard-write; encrypted-media; gyroscope; picture-in-picture; web-share\" referrerpolicy=\"strict-origin-when-cross-origin\" allowfullscreen><\/iframe><\/div>\n<p>&nbsp;<\/p>\n<p>Bien qu\u2019ils vivent dans le m\u00eame territoire, les<strong> Palestiniens<\/strong> de Cisjordanie occup\u00e9e sont soumis \u00e0 la <strong>loi martiale isra\u00e9lienne<\/strong>, alors que les <strong>colons isra\u00e9liens<\/strong> qui vivent ill\u00e9galement dans des communaut\u00e9s permanentes, r\u00e9serv\u00e9es exclusivement aux juifs et construites sur des terres palestiniennes, sont soumis au <strong>syst\u00e8me juridique civil<\/strong> d\u2019Isra\u00ebl. Depuis que les forces isra\u00e9liennes occupent la Cisjordanie, c\u2019est-\u00e0-dire depuis 1967, les autorit\u00e9s isra\u00e9liennes ont \u00e9tabli plus de 200 colonies exclusivement juives qui accueillent environ 700 000 citoyens isra\u00e9liens, selon <i>The<\/i> <i>Times of Israel<\/i>.<\/p>\n<p>L\u2019impunit\u00e9 est g\u00e9n\u00e9ralis\u00e9e pour les colons isra\u00e9liens qui s\u2019en prennent \u00e0 des Palestiniens. Selon l\u2019organisation isra\u00e9lienne de d\u00e9fense des droits humains, <strong>Yesh Din<\/strong>, 91 pour 100 des enqu\u00eates sur les crimes id\u00e9ologiques contre les Palestiniens sont cl\u00f4tur\u00e9es sans aboutir \u00e0 une condamnation.<\/p>\n<p>Les autorit\u00e9s isra\u00e9liennes n\u00e9gligent invariablement d\u2019enqu\u00eater sur les plaintes d\u00e9pos\u00e9es contre les colons. Selon Yesh Din, de 2005 \u00e0 2019, quelque 82 pour 100 des dossiers d\u2019enqu\u00eate concernant des crimes id\u00e9ologiques \u00e0 l\u2019encontre de Palestiniens ont \u00e9t\u00e9 class\u00e9s en raison de la mauvaise volont\u00e9 de la police.<\/p>\n<p>&nbsp;<\/p>\n<h4><b>4<sup>e<\/sup> partie : Malgr\u00e9 la pand\u00e9mie de COVID-19, les autorit\u00e9s isra\u00e9liennes ont emprisonn\u00e9 des enfants palestiniens en r\u00e9tention administrative, sans la moindre accusation<\/b><\/h4>\n<p>La pand\u00e9mie de COVID-19 n\u2019a pas emp\u00each\u00e9 les forces isra\u00e9liennes de continuer d\u2019arr\u00eater, d\u2019interroger, de poursuivre et d\u2019emprisonner des enfants palestiniens. DCI-P estime qu\u2019<strong>une moyenne de 160 enfants palestiniens \u00e9taient d\u00e9tenus en r\u00e9tention chaque mois<\/strong> par l\u2019arm\u00e9e isra\u00e9lienne. Des donn\u00e9es plus pr\u00e9cises ne sont pas disponibles parce que le Service carc\u00e9ral isra\u00e9lien (IPS) a cess\u00e9 de publier le d\u00e9nombrement mensuel de ses d\u00e9tenus.<\/p>\n<p>&nbsp;<\/p>\n<div class=\"video-container\"><iframe loading=\"lazy\" title=\"Palestinian teen tests positive for COVID-19 while detained by Israeli military\" width=\"500\" height=\"281\" src=\"https:\/\/www.youtube.com\/embed\/OoLqN_ho6_c?start=2&#038;feature=oembed&#038;wmode=opaque\" frameborder=\"0\" allow=\"accelerometer; autoplay; clipboard-write; encrypted-media; gyroscope; picture-in-picture; web-share\" referrerpolicy=\"strict-origin-when-cross-origin\" allowfullscreen><\/iframe><\/div>\n<p>&nbsp;<\/p>\n<p>Les autorit\u00e9s isra\u00e9liennes ont d\u00e9tenu au moins six enfants palestiniens en r\u00e9tention administrative, ce qui constitue une forme d\u2019emprisonnement sans accusation ni proc\u00e8s r\u00e9guli\u00e8rement utilis\u00e9e par les autorit\u00e9s isra\u00e9liennes pour arr\u00eater des Palestiniens, enfants y compris. Les enfants palestiniens d\u00e9tenus sous r\u00e9tention administrative ne sont pas confront\u00e9s \u00e0 des accusations et leur d\u00e9tention s\u2019appuie sur des preuves secr\u00e8tes qui ne sont r\u00e9v\u00e9l\u00e9es ni \u00e0 l\u2019enfant ni \u00e0 leur avocat, ce qui les emp\u00eache de pr\u00e9parer une contestation juridique de la d\u00e9tention et de sa base suppos\u00e9e.<\/p>\n<p>Deux des six enfants palestiniens d\u00e9tenus en r\u00e9tention administrative en 2021 ont \u00e9t\u00e9 rel\u00e2ch\u00e9s \u00e0 la date du 16 d\u00e9cembre, alors que les quatre continuent d\u2019\u00eatre emprisonn\u00e9s.<\/p>\n<p>Un enfant palestinien d\u00e9tenu en r\u00e9tention administrative, <strong>Amal Nakhleh,<\/strong> 17 ans, souffre de myasth\u00e9nie grave, une maladie auto-immune chronique et rare, neuromusculaire, qui provoque une faiblesse des muscles, y compris les muscles utilis\u00e9s pour respirer et avaler. Son traitement requiert des soins m\u00e9dicaux permanents et il doit prendre des m\u00e9dicaments tr\u00e8s r\u00e9guli\u00e8rement et sans interruption. Les autorit\u00e9s isra\u00e9liennes d\u00e9tiennent Amal en r\u00e9tention administrative depuis le 21 janvier 2021.<\/p>\n<p>&nbsp;<\/p>\n<p><img loading=\"lazy\" decoding=\"async\" class=\"aligncenter wp-image-34131 size-full\" src=\"https:\/\/charleroi-pourlapalestine.be\/wp-content\/uploads\/2022\/01\/Amal.jpg\" alt=\"\" width=\"420\" height=\"466\" srcset=\"https:\/\/charleroi-pourlapalestine.be\/wp-content\/uploads\/2022\/01\/Amal.jpg 420w, https:\/\/charleroi-pourlapalestine.be\/wp-content\/uploads\/2022\/01\/Amal-270x300.jpg 270w\" sizes=\"auto, (max-width: 420px) 100vw, 420px\" \/>&nbsp;<\/p>\n<p>Les commandants militaires r\u00e9gionaux d\u00e9livrent des ordonnances d\u2019arrestation administrative. Les juges des tribunaux militaires, qui sont des officiers en service actif ou des officiers de r\u00e9serve de l\u2019arm\u00e9e isra\u00e9lienne, ont l\u2019autorit\u00e9 d\u2019approuver les ordonnances d\u2019arrestation administrative pouvant durer jusque six mois. Il n\u2019y a pas de limite au nombre de fois qu\u2019il est possible de renouveler une ordonnance de d\u00e9tention administrative. Par cons\u00e9quent, des enfants emprisonn\u00e9s en r\u00e9tention administrative sont confront\u00e9s \u00e0 l\u2019incertitude suppl\u00e9mentaire d\u2019un emprisonnement ind\u00e9fini, outre les combats ordinaires auxquels sont confront\u00e9s les prisonniers mineurs d\u2019\u00e2ge.<\/p>\n<p>Entre 2012 et 2014, les autorit\u00e9s isra\u00e9liennes ont <strong>bri\u00e8vement suspendu<\/strong> la pratique de l\u2019emprisonnement d\u2019enfants palestiniens en fonction d\u2019ordonnance d\u2019arrestation administrative. Toutefois, depuis octobre 2015,<strong> DCI-P<\/strong> a r\u00e9pertori\u00e9 un total de 41 enfants palestiniens emprisonn\u00e9s par les autorit\u00e9s isra\u00e9liennes dans le sillage d\u2019ordonnances de d\u00e9tention administrative, une pratique qui \u00e9quivaut \u00e0 la r\u00e9tention arbitraire, aux yeux des lois internationales.<\/p>\n<p>Le 16 avril, la repr\u00e9sentante des \u00c9tats-Unis, Betty McCollum (d\u00e9mocrate-Minnesota), introduisait le projet de loi H.R. (Chambre des Repr\u00e9sentants) 2590 qui cherche \u00e0 promouvoir la justice, l\u2019\u00e9galit\u00e9 et les droits humains pour les enfants palestiniens et leurs familles en <strong>interdisant aux autorit\u00e9s isra\u00e9liennes d\u2019utiliser les fonds des contribuables am\u00e9ricains pour commettre des violations des droits humains en Cisjordanie occup\u00e9e.<\/strong> \u00c0 la date du 16 d\u00e9cembre, le projet de loi <strong>H.R. 2590<\/strong> avait 31 co-sponsors.<\/p>\n<p>La Loi de d\u00e9fense des droits humains des enfants palestiniens et de leurs familles vivant sous occupation militaire, ou H.R. 2590, stipule que nul argent am\u00e9ricain vers\u00e9 au gouvernement isra\u00e9lien ne peut \u00eatre utilis\u00e9 pour soutenir la r\u00e9tention militaire ou les mauvais traitements \u00e0 l\u2019encontre des enfants palestiniens ; la saisie, l\u2019appropriation ou la destruction de biens palestiniens et le transfert forc\u00e9 de civils en Cisjordanie occup\u00e9e ; ou pour faciliter la continuation de l\u2019annexion unilat\u00e9rale de terres palestiniennes par le gouvernement isra\u00e9lien en violation des lois humanitaires internationales.<\/p>\n<p>Le projet de loi \u00e9tablit une certification annuelle et des obligations de rapport au secr\u00e9taire d\u2019\u00c9tat afin de prouver que nul argent am\u00e9ricain n\u2019a \u00e9t\u00e9 utilis\u00e9 par le gouvernement am\u00e9ricain pour soutenir les activit\u00e9s prohib\u00e9es reprises dans la l\u00e9gislation. Le projet de loi McCollum requiert \u00e9galement un contr\u00f4le des rapports d\u00e9taillant les violations des droits humains par le gouvernement isra\u00e9lien \u00e0 l\u2019encontre des Palestiniens.<\/p>\n<p>La l\u00e9gislation demande \u00e9galement de la part du Government Accountability Office (GAO \u2013 Bureau de la responsabilit\u00e9 gouvernementale), une agence de la section l\u00e9gislative du gouvernement qui fournit des audits, des \u00e9valuations et des services d\u2019enqu\u00eate aux repr\u00e9sentants, qu\u2019il soumette un rapport au Congr\u00e8s d\u00e9taillant les d\u00e9penses d\u2019Isra\u00ebl pour ses achats \u00e0 l\u2019\u00e9tranger.<\/p>\n<p>Le 20 novembre<strong>, Journ\u00e9e mondiale des enfants<\/strong>, DCI-P a organis\u00e9 la premi\u00e8re d\u2019un nouveau documentaire qui montre les exp\u00e9riences de trois enfants palestiniens arr\u00eat\u00e9s par l\u2019arm\u00e9e isra\u00e9lienne. Plus de 300 personnes du monde entier ont assist\u00e9 \u00e0 la premi\u00e8re virtuelle du documentaire.<\/p>\n<p>&nbsp;<\/p>\n<div class=\"video-container\"><iframe loading=\"lazy\" title=\"Caging Childhood: Palestinian Children in Israel&#039;s Military Detention System\" width=\"500\" height=\"281\" src=\"https:\/\/www.youtube.com\/embed\/euGtCT1IBDw?start=3&#038;feature=oembed&#038;wmode=opaque\" frameborder=\"0\" allow=\"accelerometer; autoplay; clipboard-write; encrypted-media; gyroscope; picture-in-picture; web-share\" referrerpolicy=\"strict-origin-when-cross-origin\" allowfullscreen><\/iframe><\/div>\n<p>&nbsp;<\/p>\n<p><strong>Isra\u00ebl<\/strong> a l\u2019honneur douteux d\u2019\u00eatre le seul pays au monde qui poursuit syst\u00e9matiquement, chaque ann\u00e9e, <strong>entre 500 et 700 enfants dans ses tribunaux militaires<\/strong>, sans leur accorder le moindre droit (\u00e0 tout le moins fondamental) \u00e0 un proc\u00e8s \u00e9quitable.<\/p>\n<p>&nbsp;<\/p>\n<h4><b>5<sup>e<\/sup> partie : Les autorit\u00e9s isra\u00e9liennes ont activ\u00e9 leur campagne de d\u00e9l\u00e9gitimation contre la soci\u00e9t\u00e9 civile en criminalisant et d\u00e9clarant hors la loi six organisations de tout premier plan <\/b><\/h4>\n<p>2021 a \u00e9t\u00e9 t\u00e9moin d\u2019une nette escalade dans la campagne des autorit\u00e9s isra\u00e9liennes en vue de<strong> d\u00e9l\u00e9gitimer la soci\u00e9t\u00e9 civile palestinienne<\/strong> ; cette campagne a culmin\u00e9 par la d\u00e9signation de DCI-P et de cinq autres organisations palestiniennes de la soci\u00e9t\u00e9 civile comme \u00ab organisations terroristes \u00bb, le 22 octobre 2021.<\/p>\n<p>Le 29 juillet 2021, vers 5 h 15 du matin, les forces isra\u00e9liennes de la police paramilitaire des fronti\u00e8res ont effectu\u00e9 un <strong>raid au quartier g\u00e9n\u00e9ral de DCI-P<\/strong> situ\u00e9 \u00e0<strong> Al-Bireh,<\/strong> dans le quartier de Sateh Marhaba, juste au sud de <strong>Ramallah<\/strong>. Plus d\u2019une douzaine de soldats isra\u00e9liens ont forc\u00e9 la porte principale ferm\u00e9e du bureau et ont confisqu\u00e9 six ordinateurs \u00e0 clavier, deux portables, des disques durs et des dossiers clients relatifs \u00e0 des enfants palestiniens emprisonn\u00e9s et repr\u00e9sent\u00e9s dans les tribunaux militaires isra\u00e9liens par des avocats de DCI-P. Aucun document n\u2019a \u00e9t\u00e9 laiss\u00e9 dans le bureau pour donner la moindre indication sur la raison du raid et les policiers n\u2019ont laiss\u00e9 derri\u00e8re eux aucun re\u00e7u concernant tout le mat\u00e9riel saisi.<\/p>\n<p>&nbsp;<\/p>\n<blockquote class=\"twitter-tweet\" data-width=\"500\" data-dnt=\"true\">\n<p lang=\"en\" dir=\"ltr\">BREAKING: Israeli forces raided our main office in Al-Bireh today around 5 a.m., confiscating computers, laptops, and files concerning our Palestinian child detainee clients in the Israeli military courts. We were not informed of the reason for the raid. <a href=\"https:\/\/t.co\/IE9i4ZDvfP\">pic.twitter.com\/IE9i4ZDvfP<\/a><\/p>\n<p>&mdash; Defense for Children (@DCIPalestine) <a href=\"https:\/\/twitter.com\/DCIPalestine\/status\/1420663222764462080?ref_src=twsrc%5Etfw\">July 29, 2021<\/a><\/p><\/blockquote>\n<p><script async src=\"https:\/\/platform.twitter.com\/widgets.js\" charset=\"utf-8\"><\/script><\/p>\n<p>&nbsp;<\/p>\n<p>Des prises de vue de la vid\u00e9o-surveillance \u00e0 l\u2019int\u00e9rieur du bureau de DCI-P montre l\u2019entr\u00e9e dans les locaux des forces isra\u00e9liennes, \u00e0 5 h 15 du matin. Les soldats isra\u00e9liens se sont d\u00e9plac\u00e9s dans les locaux pour rassembler des ordinateurs, des portables et des dossiers, puis, \u00e0 5 h 27, ont coup\u00e9 l\u2019alimentation des cam\u00e9ras de t\u00e9l\u00e9vision en circuit ferm\u00e9.<\/p>\n<p>&nbsp;<\/p>\n<div class=\"video-container\"><iframe loading=\"lazy\" title=\"Israeli forces raid DCIP office, confiscate computers and client files\" width=\"500\" height=\"281\" src=\"https:\/\/www.youtube.com\/embed\/-fijWG2J1s8?start=5&#038;feature=oembed&#038;wmode=opaque\" frameborder=\"0\" allow=\"accelerometer; autoplay; clipboard-write; encrypted-media; gyroscope; picture-in-picture; web-share\" referrerpolicy=\"strict-origin-when-cross-origin\" allowfullscreen><\/iframe><\/div>\n<p>&nbsp;<\/p>\n<p>Le 22 octobre 2021, le ministre isra\u00e9lien de la D\u00e9fense, <strong>Benny Gantz,<\/strong> annon\u00e7ait que<strong> six organisations de la soci\u00e9t\u00e9 civile palestinienne, dont DCI-P, avaient \u00e9t\u00e9 d\u00e9sign\u00e9es comme <a href=\"https:\/\/charleroi-pourlapalestine.be\/index.php\/2021\/10\/23\/le-qualificatif-de-terroristes-applique-par-israel-vise-a-reprimer-les-organisations-palestiniennes\/\"><em>\u00ab organisations terroristes \u00bb<\/em><\/a>,<\/strong> en vertu d\u2019une loi isra\u00e9lienne de 2016. Une ordonnance militaire suivait le 7 novembre, d\u00e9cr\u00e9tant effectivement comme hors-la-loi ces organisations dans les Territoires palestiniens occup\u00e9s. L\u2019ordonnance militaire criminalise effectivement les activit\u00e9s de ces organisations et autorise les autorit\u00e9s isra\u00e9liennes \u00e0 fermer leurs bureaux, saisir leurs avoirs et arr\u00eater et emprisonner les membres de leur personnel.<\/p>\n<blockquote><p>\u00ab Plut\u00f4t que d\u2019exiger que les forces isra\u00e9liennes mettent un terme \u00e0 leurs graves violations des lois internationales ou que les autorit\u00e9s isra\u00e9liennes r\u00e9clament des comptes aux coupables, ces forces nationalistes conservatrices en pleine mont\u00e9e en Isra\u00ebl, y compris les minist\u00e8res et institutions du gouvernement, cherchent \u00e0 r\u00e9duire au silence et \u00e0 \u00e9liminer le travail de<strong> DCI-P<\/strong> autour des droits humains, un travail qui d\u00e9nonce les tr\u00e8s fr\u00e9quentes violations des droits de l\u2019homme inh\u00e9rentes \u00e0 l\u2019occupation militaire des Palestiniens par Isra\u00ebl \u00bb,<\/p><\/blockquote>\n<p>a d\u00e9clar\u00e9 <strong>Khaled Quzmar<\/strong>, directeur g\u00e9n\u00e9ral de DCI-P dans une d\u00e9claration qui a suivi la fameuse d\u00e9signation.<\/p>\n<blockquote><p>\u00ab Nous rejetons la r\u00e9cente d\u00e9signation par le gouvernement isra\u00e9lien du DCI-P comme \u2018organisation terroriste\u2019, puisqu\u2019il s\u2019agit d\u2019une autre action injuste des autorit\u00e9s isra\u00e9liennes en vue de criminaliser et d\u2019\u00e9liminer nos droits humains l\u00e9gaux et notre travail de protection des enfants. \u00bb<\/p><\/blockquote>\n<p>Les hauts responsables des gouvernements et des Nations unies, dont les experts en droits humains, ont condamn\u00e9 la d\u00e9signation et ont demand\u00e9 aux autorit\u00e9s isra\u00e9liennes d\u2019annuler la d\u00e9signation imm\u00e9diatement et de mettre un terme \u00e0 leurs efforts en vue de criminaliser le travail autour des droits humains. De nombreuses d\u00e9clarations de solidarit\u00e9 ont \u00e9t\u00e9 prononc\u00e9es par des syndicats, des universitaires, des comit\u00e9s \u00e9ditoriaux, des organisations en faveur des droits humains ou du d\u00e9veloppement, des c\u00e9l\u00e9brit\u00e9s et des artistes, et des personnes \u00e0 titre individuel.<\/p>\n<p>Le 28 octobre, la repr\u00e9sentante des \u00c9tats-Unis, Betty McCollum (d\u00e9mocrate-Minnesota) et neuf autres membres du Congr\u00e8s ont introduit une r\u00e9solution \u00e0 la Chambre des Repr\u00e9sentants condamnant la d\u00e9signation du gouvernement isra\u00e9lien. \u00c0 la date du 14 d\u00e9cembre, la r\u00e9solution avait 11 co-sponsors.<\/p>\n<p>Les organisations isra\u00e9liennes, palestiniennes et internationales de d\u00e9fense des droits de l\u2019homme ou humanitaires sont confront\u00e9s \u00e0 un <strong>environnement op\u00e9ratoire de plus en plus difficile et \u00e0 un espace civique en r\u00e9tr\u00e9cissement permanent<\/strong> tant en Isra\u00ebl qu\u2019en Cisjordanie occup\u00e9e, y compris J\u00e9rusalem-Est et la bande de Gaza. Des tentatives r\u00e9centes en vue de d\u00e9l\u00e9gitimer les organisations humanitaires et des droits de l\u2019homme op\u00e9rant dans les Territoires palestiniens occup\u00e9s en particulier n\u2019ont cess\u00e9 de se multiplier, ces derni\u00e8res ann\u00e9es, impactant n\u00e9gativement la capacit\u00e9 de ces organisations \u00e0 fournir de l\u2019aide et \u00e0 plaider au nom des droits humains palestiniens.<\/p>\n<p>Des tentatives de d\u00e9l\u00e9gitimation et de d\u00e9sinformation ont progress\u00e9 gr\u00e2ce \u00e0 un r\u00e9seau d\u2019organisations de la soci\u00e9t\u00e9 civile nationaliste montante d\u2019Isra\u00ebl et d\u2019organisations associ\u00e9es d\u2019ailleurs, avec le soutien du minist\u00e8re isra\u00e9lien des Affaires \u00e9trang\u00e8res. Ces efforts rev\u00eatent la forme de campagnes de diffamation cibl\u00e9es et organis\u00e9es s\u2019appuyant sur toute une s\u00e9rie d\u2019all\u00e9gations concernant la violation de la l\u00e9gislation antiterroriste et les lois internationales. Dans la plupart des cas, sinon tous, ces all\u00e9gations sont erron\u00e9es et non repr\u00e9sentatives et elles d\u00e9forment compl\u00e8tement les \u00e9l\u00e9ments factuels ou juridiques critiques.<\/p>\n<p><strong>DCI-P<\/strong> demande que la communaut\u00e9 internationale recoure \u00e0 tous les moyens disponibles pour r\u00e9clamer des comptes aux autorit\u00e9s isra\u00e9liennes \u00e0 propos de leurs attaques cibl\u00e9es et de leur r\u00e9pression \u00e0 l\u2019encontre les organisations de la soci\u00e9t\u00e9 civile palestinienne et pour mettre un terme \u00e0 la complicit\u00e9 internationale avec le r\u00e9gime d\u2019apartheid d\u2019Isra\u00ebl et le soutien \u00e0 ce m\u00eame r\u00e9gime.<\/p>\n<p style=\"text-align: center;\">\u00b0\u00b0\u00b0\u00b0\u00b0<\/p>\n<p>Publi\u00e9 le 28 d\u00e9cembre 2021 sur <a href=\"https:\/\/www.dci-palestine.org\/year_in_review_2021\" target=\"_blank\" rel=\"noopener\">DCI-Palestine<\/a><br \/>\nTraduction : Jean-Marie Fl\u00e9mal, <a href=\"https:\/\/charleroi-pourlapalestine.be\/\" target=\"_blank\" rel=\"noopener\">Charleroi pour la Palestine<\/a><\/p>\n","protected":false},"excerpt":{"rendered":"<p>Les enfants ont \u00e9t\u00e9 victimes d&rsquo;attaques militaires, d&rsquo;un recours abusif \u00e0 la force, d&rsquo;arrestations arbitraires par l\u2019arm\u00e9e, d&rsquo;expulsions et de d\u00e9molitions de maisons<\/p>\n","protected":false},"author":1,"featured_media":34122,"comment_status":"closed","ping_status":"closed","sticky":false,"template":"","format":"standard","meta":{"ngg_post_thumbnail":0,"footnotes":""},"categories":[454,354,17,125,192],"tags":[],"class_list":["post-34120","post","type-post","status-publish","format-standard","has-post-thumbnail","hentry","category-criminalisation","category-dci-p","category-les-enfants-jeunes","category-impunite","category-palestine"],"yoast_head":"<!-- This site is optimized with the Yoast SEO plugin v27.3 - https:\/\/yoast.com\/product\/yoast-seo-wordpress\/ -->\n<title>En 2021, les forces isra\u00e9liennes ont cibl\u00e9 les enfants palestiniens<\/title>\n<meta name=\"description\" content=\"En 2021, les forces, autorit\u00e9s et colons isra\u00e9liens ont cibl\u00e9 en toute impunit\u00e9 des enfants palestiniens r\u00e9v\u00e8le une documentation de DCI-P\" \/>\n<meta name=\"robots\" content=\"index, follow, max-snippet:-1, max-image-preview:large, max-video-preview:-1\" \/>\n<link rel=\"canonical\" href=\"https:\/\/charleroi-pourlapalestine.be\/index.php\/2022\/01\/06\/en-2021-les-forces-israeliennes-ont-cible-les-enfants-palestiniens-en-toute-impunite\/\" \/>\n<script type=\"application\/ld+json\" class=\"yoast-schema-graph\">{\"@context\":\"https:\\\/\\\/schema.org\",\"@graph\":[{\"@type\":\"Article\",\"@id\":\"https:\\\/\\\/charleroi-pourlapalestine.be\\\/index.php\\\/2022\\\/01\\\/06\\\/en-2021-les-forces-israeliennes-ont-cible-les-enfants-palestiniens-en-toute-impunite\\\/#article\",\"isPartOf\":{\"@id\":\"https:\\\/\\\/charleroi-pourlapalestine.be\\\/index.php\\\/2022\\\/01\\\/06\\\/en-2021-les-forces-israeliennes-ont-cible-les-enfants-palestiniens-en-toute-impunite\\\/\"},\"author\":{\"name\":\"admin1873\",\"@id\":\"https:\\\/\\\/charleroi-pourlapalestine.be\\\/#\\\/schema\\\/person\\\/c19ff515112f1299d8c12671d8fe3faa\"},\"headline\":\"En 2021, les forces isra\u00e9liennes ont cibl\u00e9 les enfants palestiniens en toute impunit\u00e9\",\"datePublished\":\"2022-01-06T08:43:37+00:00\",\"dateModified\":\"2022-01-06T09:09:58+00:00\",\"mainEntityOfPage\":{\"@id\":\"https:\\\/\\\/charleroi-pourlapalestine.be\\\/index.php\\\/2022\\\/01\\\/06\\\/en-2021-les-forces-israeliennes-ont-cible-les-enfants-palestiniens-en-toute-impunite\\\/\"},\"wordCount\":3944,\"publisher\":{\"@id\":\"https:\\\/\\\/charleroi-pourlapalestine.be\\\/#organization\"},\"image\":{\"@id\":\"https:\\\/\\\/charleroi-pourlapalestine.be\\\/index.php\\\/2022\\\/01\\\/06\\\/en-2021-les-forces-israeliennes-ont-cible-les-enfants-palestiniens-en-toute-impunite\\\/#primaryimage\"},\"thumbnailUrl\":\"https:\\\/\\\/charleroi-pourlapalestine.be\\\/wp-content\\\/uploads\\\/2022\\\/01\\\/001_hero_yir2021-e1641429464564.jpg\",\"articleSection\":[\"criminalisation\",\"DCI-P\",\"Enfants\",\"Impunit\u00e9\",\"Palestine\"],\"inLanguage\":\"fr-FR\"},{\"@type\":\"WebPage\",\"@id\":\"https:\\\/\\\/charleroi-pourlapalestine.be\\\/index.php\\\/2022\\\/01\\\/06\\\/en-2021-les-forces-israeliennes-ont-cible-les-enfants-palestiniens-en-toute-impunite\\\/\",\"url\":\"https:\\\/\\\/charleroi-pourlapalestine.be\\\/index.php\\\/2022\\\/01\\\/06\\\/en-2021-les-forces-israeliennes-ont-cible-les-enfants-palestiniens-en-toute-impunite\\\/\",\"name\":\"En 2021, les forces isra\u00e9liennes ont cibl\u00e9 les enfants palestiniens\",\"isPartOf\":{\"@id\":\"https:\\\/\\\/charleroi-pourlapalestine.be\\\/#website\"},\"primaryImageOfPage\":{\"@id\":\"https:\\\/\\\/charleroi-pourlapalestine.be\\\/index.php\\\/2022\\\/01\\\/06\\\/en-2021-les-forces-israeliennes-ont-cible-les-enfants-palestiniens-en-toute-impunite\\\/#primaryimage\"},\"image\":{\"@id\":\"https:\\\/\\\/charleroi-pourlapalestine.be\\\/index.php\\\/2022\\\/01\\\/06\\\/en-2021-les-forces-israeliennes-ont-cible-les-enfants-palestiniens-en-toute-impunite\\\/#primaryimage\"},\"thumbnailUrl\":\"https:\\\/\\\/charleroi-pourlapalestine.be\\\/wp-content\\\/uploads\\\/2022\\\/01\\\/001_hero_yir2021-e1641429464564.jpg\",\"datePublished\":\"2022-01-06T08:43:37+00:00\",\"dateModified\":\"2022-01-06T09:09:58+00:00\",\"description\":\"En 2021, les forces, autorit\u00e9s et colons isra\u00e9liens ont cibl\u00e9 en toute impunit\u00e9 des enfants palestiniens r\u00e9v\u00e8le une documentation de DCI-P\",\"breadcrumb\":{\"@id\":\"https:\\\/\\\/charleroi-pourlapalestine.be\\\/index.php\\\/2022\\\/01\\\/06\\\/en-2021-les-forces-israeliennes-ont-cible-les-enfants-palestiniens-en-toute-impunite\\\/#breadcrumb\"},\"inLanguage\":\"fr-FR\",\"potentialAction\":[{\"@type\":\"ReadAction\",\"target\":[\"https:\\\/\\\/charleroi-pourlapalestine.be\\\/index.php\\\/2022\\\/01\\\/06\\\/en-2021-les-forces-israeliennes-ont-cible-les-enfants-palestiniens-en-toute-impunite\\\/\"]}]},{\"@type\":\"ImageObject\",\"inLanguage\":\"fr-FR\",\"@id\":\"https:\\\/\\\/charleroi-pourlapalestine.be\\\/index.php\\\/2022\\\/01\\\/06\\\/en-2021-les-forces-israeliennes-ont-cible-les-enfants-palestiniens-en-toute-impunite\\\/#primaryimage\",\"url\":\"https:\\\/\\\/charleroi-pourlapalestine.be\\\/wp-content\\\/uploads\\\/2022\\\/01\\\/001_hero_yir2021-e1641429464564.jpg\",\"contentUrl\":\"https:\\\/\\\/charleroi-pourlapalestine.be\\\/wp-content\\\/uploads\\\/2022\\\/01\\\/001_hero_yir2021-e1641429464564.jpg\",\"width\":480,\"height\":320,\"caption\":\"A Palestinian boy stands behind a fence near the closed gate of the Rafah border crossing bordering with Egypt, which is under the control of the Palestinian Authority, in the southern Gaza Strip on November 17, 2017. The largely sealed border between Gaza and Egypt is expected to open for three days for the first time since the Palestinian reconciliation deal, an official said on November 17. \\\/ AFP PHOTO \\\/ SAID KHATIB\"},{\"@type\":\"BreadcrumbList\",\"@id\":\"https:\\\/\\\/charleroi-pourlapalestine.be\\\/index.php\\\/2022\\\/01\\\/06\\\/en-2021-les-forces-israeliennes-ont-cible-les-enfants-palestiniens-en-toute-impunite\\\/#breadcrumb\",\"itemListElement\":[{\"@type\":\"ListItem\",\"position\":1,\"name\":\"Accueil\",\"item\":\"https:\\\/\\\/charleroi-pourlapalestine.be\\\/\"},{\"@type\":\"ListItem\",\"position\":2,\"name\":\"En 2021, les forces isra\u00e9liennes ont cibl\u00e9 les enfants palestiniens en toute impunit\u00e9\"}]},{\"@type\":\"WebSite\",\"@id\":\"https:\\\/\\\/charleroi-pourlapalestine.be\\\/#website\",\"url\":\"https:\\\/\\\/charleroi-pourlapalestine.be\\\/\",\"name\":\"Charleroi Pour la Palestine\",\"description\":\"\",\"publisher\":{\"@id\":\"https:\\\/\\\/charleroi-pourlapalestine.be\\\/#organization\"},\"potentialAction\":[{\"@type\":\"SearchAction\",\"target\":{\"@type\":\"EntryPoint\",\"urlTemplate\":\"https:\\\/\\\/charleroi-pourlapalestine.be\\\/?s={search_term_string}\"},\"query-input\":{\"@type\":\"PropertyValueSpecification\",\"valueRequired\":true,\"valueName\":\"search_term_string\"}}],\"inLanguage\":\"fr-FR\"},{\"@type\":\"Organization\",\"@id\":\"https:\\\/\\\/charleroi-pourlapalestine.be\\\/#organization\",\"name\":\"Plate-forme Charleroi-Palestine\",\"url\":\"https:\\\/\\\/charleroi-pourlapalestine.be\\\/\",\"logo\":{\"@type\":\"ImageObject\",\"inLanguage\":\"fr-FR\",\"@id\":\"https:\\\/\\\/charleroi-pourlapalestine.be\\\/#\\\/schema\\\/logo\\\/image\\\/\",\"url\":\"https:\\\/\\\/charleroi-pourlapalestine.be\\\/wp-content\\\/uploads\\\/2020\\\/01\\\/logo-Copy.jpg\",\"contentUrl\":\"https:\\\/\\\/charleroi-pourlapalestine.be\\\/wp-content\\\/uploads\\\/2020\\\/01\\\/logo-Copy.jpg\",\"width\":180,\"height\":180,\"caption\":\"Plate-forme Charleroi-Palestine\"},\"image\":{\"@id\":\"https:\\\/\\\/charleroi-pourlapalestine.be\\\/#\\\/schema\\\/logo\\\/image\\\/\"},\"sameAs\":[\"https:\\\/\\\/www.facebook.com\\\/PlateformeCharleroiPalestine\\\/\",\"https:\\\/\\\/x.com\\\/LaCharleroi\"]},{\"@type\":\"Person\",\"@id\":\"https:\\\/\\\/charleroi-pourlapalestine.be\\\/#\\\/schema\\\/person\\\/c19ff515112f1299d8c12671d8fe3faa\",\"name\":\"admin1873\",\"url\":\"https:\\\/\\\/charleroi-pourlapalestine.be\\\/index.php\\\/author\\\/admin1873\\\/\"}]}<\/script>\n<!-- \/ Yoast SEO plugin. -->","yoast_head_json":{"title":"En 2021, les forces isra\u00e9liennes ont cibl\u00e9 les enfants palestiniens","description":"En 2021, les forces, autorit\u00e9s et colons isra\u00e9liens ont cibl\u00e9 en toute impunit\u00e9 des enfants palestiniens r\u00e9v\u00e8le une documentation de DCI-P","robots":{"index":"index","follow":"follow","max-snippet":"max-snippet:-1","max-image-preview":"max-image-preview:large","max-video-preview":"max-video-preview:-1"},"canonical":"https:\/\/charleroi-pourlapalestine.be\/index.php\/2022\/01\/06\/en-2021-les-forces-israeliennes-ont-cible-les-enfants-palestiniens-en-toute-impunite\/","schema":{"@context":"https:\/\/schema.org","@graph":[{"@type":"Article","@id":"https:\/\/charleroi-pourlapalestine.be\/index.php\/2022\/01\/06\/en-2021-les-forces-israeliennes-ont-cible-les-enfants-palestiniens-en-toute-impunite\/#article","isPartOf":{"@id":"https:\/\/charleroi-pourlapalestine.be\/index.php\/2022\/01\/06\/en-2021-les-forces-israeliennes-ont-cible-les-enfants-palestiniens-en-toute-impunite\/"},"author":{"name":"admin1873","@id":"https:\/\/charleroi-pourlapalestine.be\/#\/schema\/person\/c19ff515112f1299d8c12671d8fe3faa"},"headline":"En 2021, les forces isra\u00e9liennes ont cibl\u00e9 les enfants palestiniens en toute impunit\u00e9","datePublished":"2022-01-06T08:43:37+00:00","dateModified":"2022-01-06T09:09:58+00:00","mainEntityOfPage":{"@id":"https:\/\/charleroi-pourlapalestine.be\/index.php\/2022\/01\/06\/en-2021-les-forces-israeliennes-ont-cible-les-enfants-palestiniens-en-toute-impunite\/"},"wordCount":3944,"publisher":{"@id":"https:\/\/charleroi-pourlapalestine.be\/#organization"},"image":{"@id":"https:\/\/charleroi-pourlapalestine.be\/index.php\/2022\/01\/06\/en-2021-les-forces-israeliennes-ont-cible-les-enfants-palestiniens-en-toute-impunite\/#primaryimage"},"thumbnailUrl":"https:\/\/charleroi-pourlapalestine.be\/wp-content\/uploads\/2022\/01\/001_hero_yir2021-e1641429464564.jpg","articleSection":["criminalisation","DCI-P","Enfants","Impunit\u00e9","Palestine"],"inLanguage":"fr-FR"},{"@type":"WebPage","@id":"https:\/\/charleroi-pourlapalestine.be\/index.php\/2022\/01\/06\/en-2021-les-forces-israeliennes-ont-cible-les-enfants-palestiniens-en-toute-impunite\/","url":"https:\/\/charleroi-pourlapalestine.be\/index.php\/2022\/01\/06\/en-2021-les-forces-israeliennes-ont-cible-les-enfants-palestiniens-en-toute-impunite\/","name":"En 2021, les forces isra\u00e9liennes ont cibl\u00e9 les enfants palestiniens","isPartOf":{"@id":"https:\/\/charleroi-pourlapalestine.be\/#website"},"primaryImageOfPage":{"@id":"https:\/\/charleroi-pourlapalestine.be\/index.php\/2022\/01\/06\/en-2021-les-forces-israeliennes-ont-cible-les-enfants-palestiniens-en-toute-impunite\/#primaryimage"},"image":{"@id":"https:\/\/charleroi-pourlapalestine.be\/index.php\/2022\/01\/06\/en-2021-les-forces-israeliennes-ont-cible-les-enfants-palestiniens-en-toute-impunite\/#primaryimage"},"thumbnailUrl":"https:\/\/charleroi-pourlapalestine.be\/wp-content\/uploads\/2022\/01\/001_hero_yir2021-e1641429464564.jpg","datePublished":"2022-01-06T08:43:37+00:00","dateModified":"2022-01-06T09:09:58+00:00","description":"En 2021, les forces, autorit\u00e9s et colons isra\u00e9liens ont cibl\u00e9 en toute impunit\u00e9 des enfants palestiniens r\u00e9v\u00e8le une documentation de DCI-P","breadcrumb":{"@id":"https:\/\/charleroi-pourlapalestine.be\/index.php\/2022\/01\/06\/en-2021-les-forces-israeliennes-ont-cible-les-enfants-palestiniens-en-toute-impunite\/#breadcrumb"},"inLanguage":"fr-FR","potentialAction":[{"@type":"ReadAction","target":["https:\/\/charleroi-pourlapalestine.be\/index.php\/2022\/01\/06\/en-2021-les-forces-israeliennes-ont-cible-les-enfants-palestiniens-en-toute-impunite\/"]}]},{"@type":"ImageObject","inLanguage":"fr-FR","@id":"https:\/\/charleroi-pourlapalestine.be\/index.php\/2022\/01\/06\/en-2021-les-forces-israeliennes-ont-cible-les-enfants-palestiniens-en-toute-impunite\/#primaryimage","url":"https:\/\/charleroi-pourlapalestine.be\/wp-content\/uploads\/2022\/01\/001_hero_yir2021-e1641429464564.jpg","contentUrl":"https:\/\/charleroi-pourlapalestine.be\/wp-content\/uploads\/2022\/01\/001_hero_yir2021-e1641429464564.jpg","width":480,"height":320,"caption":"A Palestinian boy stands behind a fence near the closed gate of the Rafah border crossing bordering with Egypt, which is under the control of the Palestinian Authority, in the southern Gaza Strip on November 17, 2017. The largely sealed border between Gaza and Egypt is expected to open for three days for the first time since the Palestinian reconciliation deal, an official said on November 17. \/ AFP PHOTO \/ SAID KHATIB"},{"@type":"BreadcrumbList","@id":"https:\/\/charleroi-pourlapalestine.be\/index.php\/2022\/01\/06\/en-2021-les-forces-israeliennes-ont-cible-les-enfants-palestiniens-en-toute-impunite\/#breadcrumb","itemListElement":[{"@type":"ListItem","position":1,"name":"Accueil","item":"https:\/\/charleroi-pourlapalestine.be\/"},{"@type":"ListItem","position":2,"name":"En 2021, les forces isra\u00e9liennes ont cibl\u00e9 les enfants palestiniens en toute impunit\u00e9"}]},{"@type":"WebSite","@id":"https:\/\/charleroi-pourlapalestine.be\/#website","url":"https:\/\/charleroi-pourlapalestine.be\/","name":"Charleroi Pour la Palestine","description":"","publisher":{"@id":"https:\/\/charleroi-pourlapalestine.be\/#organization"},"potentialAction":[{"@type":"SearchAction","target":{"@type":"EntryPoint","urlTemplate":"https:\/\/charleroi-pourlapalestine.be\/?s={search_term_string}"},"query-input":{"@type":"PropertyValueSpecification","valueRequired":true,"valueName":"search_term_string"}}],"inLanguage":"fr-FR"},{"@type":"Organization","@id":"https:\/\/charleroi-pourlapalestine.be\/#organization","name":"Plate-forme Charleroi-Palestine","url":"https:\/\/charleroi-pourlapalestine.be\/","logo":{"@type":"ImageObject","inLanguage":"fr-FR","@id":"https:\/\/charleroi-pourlapalestine.be\/#\/schema\/logo\/image\/","url":"https:\/\/charleroi-pourlapalestine.be\/wp-content\/uploads\/2020\/01\/logo-Copy.jpg","contentUrl":"https:\/\/charleroi-pourlapalestine.be\/wp-content\/uploads\/2020\/01\/logo-Copy.jpg","width":180,"height":180,"caption":"Plate-forme Charleroi-Palestine"},"image":{"@id":"https:\/\/charleroi-pourlapalestine.be\/#\/schema\/logo\/image\/"},"sameAs":["https:\/\/www.facebook.com\/PlateformeCharleroiPalestine\/","https:\/\/x.com\/LaCharleroi"]},{"@type":"Person","@id":"https:\/\/charleroi-pourlapalestine.be\/#\/schema\/person\/c19ff515112f1299d8c12671d8fe3faa","name":"admin1873","url":"https:\/\/charleroi-pourlapalestine.be\/index.php\/author\/admin1873\/"}]}},"_links":{"self":[{"href":"https:\/\/charleroi-pourlapalestine.be\/index.php\/wp-json\/wp\/v2\/posts\/34120","targetHints":{"allow":["GET"]}}],"collection":[{"href":"https:\/\/charleroi-pourlapalestine.be\/index.php\/wp-json\/wp\/v2\/posts"}],"about":[{"href":"https:\/\/charleroi-pourlapalestine.be\/index.php\/wp-json\/wp\/v2\/types\/post"}],"author":[{"embeddable":true,"href":"https:\/\/charleroi-pourlapalestine.be\/index.php\/wp-json\/wp\/v2\/users\/1"}],"replies":[{"embeddable":true,"href":"https:\/\/charleroi-pourlapalestine.be\/index.php\/wp-json\/wp\/v2\/comments?post=34120"}],"version-history":[{"count":0,"href":"https:\/\/charleroi-pourlapalestine.be\/index.php\/wp-json\/wp\/v2\/posts\/34120\/revisions"}],"wp:featuredmedia":[{"embeddable":true,"href":"https:\/\/charleroi-pourlapalestine.be\/index.php\/wp-json\/wp\/v2\/media\/34122"}],"wp:attachment":[{"href":"https:\/\/charleroi-pourlapalestine.be\/index.php\/wp-json\/wp\/v2\/media?parent=34120"}],"wp:term":[{"taxonomy":"category","embeddable":true,"href":"https:\/\/charleroi-pourlapalestine.be\/index.php\/wp-json\/wp\/v2\/categories?post=34120"},{"taxonomy":"post_tag","embeddable":true,"href":"https:\/\/charleroi-pourlapalestine.be\/index.php\/wp-json\/wp\/v2\/tags?post=34120"}],"curies":[{"name":"wp","href":"https:\/\/api.w.org\/{rel}","templated":true}]}}