{"id":34291,"date":"2022-01-10T13:53:04","date_gmt":"2022-01-10T12:53:04","guid":{"rendered":"https:\/\/charleroi-pourlapalestine.be\/?p=34291"},"modified":"2022-01-10T13:54:07","modified_gmt":"2022-01-10T12:54:07","slug":"une-troisieme-intifada-en-cisjordanie","status":"publish","type":"post","link":"https:\/\/charleroi-pourlapalestine.be\/index.php\/2022\/01\/10\/une-troisieme-intifada-en-cisjordanie\/","title":{"rendered":"Une troisi\u00e8me Intifada en Cisjordanie ?"},"content":{"rendered":"<p>Ces tout derniers jours, la Cisjordanie est en \u00e9tat de fermentation. La col\u00e8re et la frustration se sont accrues suite aux actions brutales de l\u2019occupation et de ses colons. Cela se manifeste clairement dans le nombre croissant <strong>d\u2019attaques de repr\u00e9sailles contre les colons<\/strong> et c\u2019est ce qui a provoqu\u00e9 une v\u00e9ritable inqui\u00e9tude au sein de l\u2019\u00c9tat d\u2019occupation isra\u00e9lien, au point d\u2019inciter le ministre isra\u00e9lien de la D\u00e9fense, le g\u00e9n\u00e9ral <strong>Benny Gantz<\/strong>, \u00e0 inviter le pr\u00e9sident palestinien <strong>Mahmoud Abbas<\/strong> chez lui, pr\u00e8s de Tel-Aviv, en vue de discuter <em>\u00ab conjointement \u00bb<\/em> de la fa\u00e7on d\u2019affronter ce ph\u00e9nom\u00e8ne alarmant.<\/p>\n<p>&nbsp;<\/p>\n<p><a href=\"https:\/\/charleroi-pourlapalestine.be\/index.php\/tag\/abdel-bari-atwan\/\"><strong>Abdel Bari Atwan<\/strong><\/a>, 9 janvier 2022<\/p>\n<div dir=\"ltr\">\n<p>Deux incidents r\u00e9cents en Cisjordanie indiquent qu\u2019une explosion de la r\u00e9sistance arm\u00e9e peut \u00eatre imminente.<\/p>\n<p>Primo, des membres de la <strong>Brigade des Martyrs d\u2019al-Aqsa,<\/strong> affili\u00e9e au mouvement du Fatah, ont organis\u00e9 un d\u00e9ploiement arm\u00e9, brandissant des armes automatiques en plein jour dans le camp de r\u00e9fugi\u00e9s d\u2019<strong>al-Am\u2019ari<\/strong>. Ils ont sorti une d\u00e9claration jurant de se venger et de <em>\u00ab rendre la terre brune sous les pas des sionistes \u00bb<\/em>, si le moindre mal \u00e9tait fait \u00e0 <strong>Nasser Abou-Za\u00efd<\/strong>, l\u2019un des fondateurs du groupe emprisonn\u00e9 par Isra\u00ebl. L\u2019homme souffre d\u2019un cancer et il a \u00e9t\u00e9 connect\u00e9 \u00e0 un respirateur apr\u00e8s une longue p\u00e9riode de <strong>n\u00e9gligence m\u00e9dicale apparemment d\u00e9lib\u00e9r\u00e9e<\/strong>.<\/p>\n<div id=\"attachment_34302\" style=\"width: 310px\" class=\"wp-caption aligncenter\"><img loading=\"lazy\" decoding=\"async\" aria-describedby=\"caption-attachment-34302\" class=\"wp-image-34302 size-medium\" src=\"https:\/\/charleroi-pourlapalestine.be\/wp-content\/uploads\/2022\/01\/Naser-Abu-Hmeid-300x287.jpg\" alt=\"\" width=\"300\" height=\"287\" srcset=\"https:\/\/charleroi-pourlapalestine.be\/wp-content\/uploads\/2022\/01\/Naser-Abu-Hmeid-300x287.jpg 300w, https:\/\/charleroi-pourlapalestine.be\/wp-content\/uploads\/2022\/01\/Naser-Abu-Hmeid.jpg 512w\" sizes=\"auto, (max-width: 300px) 100vw, 300px\" \/><p id=\"caption-attachment-34302\" class=\"wp-caption-text\">Naser Abu Hmeid<\/p><\/div>\n<p>Secundo, la r\u00e9action qui a suivi l\u2019arrestation et le tabassage bestial par les forces s\u00e9curitaires de l\u2019Autorit\u00e9 palestinienne de <strong>Muhammad al-Zubaidi<\/strong>, <strong>fils du prisonnier Zakaria al-Zubaidi<\/strong> qui fut l\u2019un des h\u00e9ros de la fameuse \u00e9vasion de la prison de <strong>Gilboa<\/strong> l\u2019an dernier. Un groupe arm\u00e9 a organis\u00e9 une manifestation \u00e0 l\u2019ext\u00e9rieur du quartier g\u00e9n\u00e9ral de l\u2019AP \u00e0 Ramallah, o\u00f9 Zubaidi \u00e9tait d\u00e9tenu, ce qui a forc\u00e9 les autorit\u00e9s de le rel\u00e2cher, dans une tentative de ma\u00eetriser la situation avant qu\u2019elle ne d\u00e9g\u00e9n\u00e8re en un affrontement arm\u00e9.<\/p>\n<div id=\"attachment_34305\" style=\"width: 466px\" class=\"wp-caption alignnone\"><img loading=\"lazy\" decoding=\"async\" aria-describedby=\"caption-attachment-34305\" class=\"wp-image-34305 size-full\" src=\"https:\/\/charleroi-pourlapalestine.be\/wp-content\/uploads\/2022\/01\/Muhammad-al-Zubaidi-fils-du-prisonnier-Zakaria-al-Zubaidi-e1641818363845.jpg\" alt=\"\" width=\"456\" height=\"320\"><p id=\"caption-attachment-34305\" class=\"wp-caption-text\">Muhammad al-Zubaidi, fils du prisonnier Zakaria al-Zubaidi<\/p><\/div>\n<p><strong>La r\u00e9apparition des Brigade des Martyrs d\u2019al-Aqsa<\/strong>, ses d\u00e9ploiements arm\u00e9s tr\u00e8s visibles dans les camps de r\u00e9fugi\u00e9s et les villes, de m\u00eame que ses menaces de venger ses membres emprisonn\u00e9s, pourraient \u00eatre des signes d\u2019une<strong> r\u00e9bellion naissante au sein m\u00eame du Fatah<\/strong> et de ses jeunes recrues contre la direction et la politique d\u2019Abbas et de son entourage.<\/p>\n<p>Cela pourrait consid\u00e9rablement alt\u00e9rer la situation au d\u00e9savantage du<strong> Fatah<\/strong>, en <strong>Cisjordanie<\/strong> ainsi que dans la bande de <strong>Gaza<\/strong>. Le Fatah dispose toujours dans les deux r\u00e9gions d\u2019un large soutien qui pourrait <em>\u00ab rendre la terre brune sous les pas des sionistes \u00bb,<\/em> comme l\u2019affirme la menace.<\/p>\n<p>Les membres plus jeunes constituent la majorit\u00e9, dans les rangs du <strong>Fatah<\/strong> et ils se sont mis \u00e0 \u00e9lever la voix avec col\u00e8re contre la situation humiliante dans laquelle le mouvement a \u00e9t\u00e9 men\u00e9 \u2013 en tant que sous-traitant de l\u2019occupation, charg\u00e9 de contribuer \u00e0 maintenir cette derni\u00e8re en place et \u00e0 la prot\u00e9ger, elle et ses colons.<\/p>\n<p>Les hommes de la s\u00e9curit\u00e9 de l\u2019AP qui ont<strong> brutalement tabass\u00e9 le jeune<\/strong> <strong>Mahmoud al-Zubaidi<\/strong> peuvent avoir h\u00e2t\u00e9 par inadvertance le d\u00e9clenchement d\u2019une troisi\u00e8me Intifada arm\u00e9e \u2013 <strong>non pas contre l\u2019occupation, mais contre l\u2019AP et une direction du Fatah qui s\u2019est ossifi\u00e9e et d\u00e9tach\u00e9e en m\u00eame temps, en transformant le mouvement en un outil r\u00e9pressif de l\u2019occupation.<\/strong><\/p>\n<\/div>\n<p style=\"text-align: center;\">\u00b0\u00b0\u00b0\u00b0\u00b0<\/p>\n<p><strong><img loading=\"lazy\" decoding=\"async\" class=\"alignleft wp-image-32577 size-thumbnail\" src=\"https:\/\/charleroi-pourlapalestine.be\/wp-content\/uploads\/2021\/11\/Abdel-Bari-Atwan-150x150.jpg\" sizes=\"auto, (max-width: 150px) 100vw, 150px\" srcset=\"https:\/\/charleroi-pourlapalestine.be\/wp-content\/uploads\/2021\/11\/Abdel-Bari-Atwan-150x150.jpg 150w, https:\/\/charleroi-pourlapalestine.be\/wp-content\/uploads\/2021\/11\/Abdel-Bari-Atwan-80x80.jpg 80w\" alt=\"Abdel Bari Atwan\" width=\"150\" height=\"150\">Abdel Bari Atwan<\/strong> est le r\u00e9dacteur en chef du site <a href=\"http:\/\/www.raialyoum.com\/\" target=\"_blank\" rel=\"noopener noreferrer\">Rai al-Youm<\/a> (<em>\u201cL\u2019opinion d\u2019aujourd\u2019hui\u201d<\/em>, un site qui se veut nationaliste arabe, antisaoudien et antisioniste). Il est l\u2019ancien directeur du quotidien <strong>Al-Quds Al-Arabi<\/strong> et l\u2019auteur de <a href=\"https:\/\/www.amazon.com\/Secret-History-al-Q%C3%A6da\/dp\/0520255615\/166-8476056-4104055?ie=UTF8&amp;*Version*=1&amp;*entries*=0\" target=\"_blank\" rel=\"noopener noreferrer\">L\u2019histoire secr\u00e8te d\u2019al-Qa\u00efda<\/a>, de ses m\u00e9moires, <a href=\"https:\/\/www.amazon.co.uk\/Country-Words-Palestinian-Journey-Refugee\/dp\/0863566219\/277-5311943-5713818?ie=UTF8&amp;*Version*=1&amp;*entries*=0\" target=\"_blank\" rel=\"noopener noreferrer\">A Country of Words<\/a>, et d\u2019<a href=\"https:\/\/www.amazon.com\/After-bin-Laden-Qaeda-Generation\/dp\/159558899X?ie=UTF8&amp;*Version*=1&amp;*entries*=0\" target=\"_blank\" rel=\"noopener noreferrer\">Al-Qaida : la nouvelle g\u00e9n\u00e9ration<\/a>. Vous pouvez le suivre sur Twitter : <a href=\"https:\/\/twitter.com\/abdelbariatwan\" target=\"_blank\" rel=\"noopener noreferrer\">@abdelbariatwan<\/a><\/p>\n<p>\u00b0\u00b0\u00b0\u00b0\u00b0<\/p>\n<p>Publi\u00e9 le 10 janvier 2022 sur le site<a href=\"https:\/\/www.raialyoum.com\/a-third-west-bank-intifada\/\" target=\"_blank\" rel=\"noopener\"><strong> Rai al-Youm<\/strong><\/a><br \/>\nTraduction :<span class=\"trad\"> Jean-Marie Fl\u00e9mal, <a href=\"https:\/\/charleroi-pourlapalestine.be\/\" target=\"_blank\" rel=\"noopener noreferrer\"><strong>Charleroi pour la Palestine<\/strong><\/a><\/span><\/p>\n<p>&nbsp;<\/p>\n<p>&nbsp;<\/p>\n<p>&nbsp;<\/p>\n","protected":false},"excerpt":{"rendered":"<p>Les hommes de la s\u00e9curit\u00e9 de l\u2019AP qui ont brutalement tabass\u00e9 le jeune Mahmoud al-Zubaidi peuvent avoir h\u00e2t\u00e9 le d\u00e9clenchement d\u2019une troisi\u00e8me Intifada arm\u00e9e<\/p>\n","protected":false},"author":1,"featured_media":34305,"comment_status":"closed","ping_status":"closed","sticky":false,"template":"","format":"standard","meta":{"ngg_post_thumbnail":0,"footnotes":""},"categories":[24,7,391,13,25],"tags":[],"class_list":["post-34291","post","type-post","status-publish","format-standard","has-post-thumbnail","hentry","category-lautorite-palestinienne","category-cisjordanie","category-lutte-armee","category-les-prisionners-palestiniens","category-la-resistance-palestinienne"],"yoast_head":"<!-- This site is optimized with the Yoast SEO plugin v27.3 - https:\/\/yoast.com\/product\/yoast-seo-wordpress\/ -->\n<title>Une troisi\u00e8me Intifada en Cisjordanie ? - Charleroi Pour la Palestine<\/title>\n<meta name=\"description\" content=\"La Cisjordanie est en \u00e9tat de fermentation. La col\u00e8re et la frustration se sont accrues suite aux actions brutales de l\u2019occupation et de ses colons.\" \/>\n<meta name=\"robots\" content=\"index, follow, max-snippet:-1, max-image-preview:large, max-video-preview:-1\" \/>\n<link rel=\"canonical\" href=\"https:\/\/charleroi-pourlapalestine.be\/index.php\/2022\/01\/10\/une-troisieme-intifada-en-cisjordanie\/\" \/>\n<script type=\"application\/ld+json\" class=\"yoast-schema-graph\">{\"@context\":\"https:\\\/\\\/schema.org\",\"@graph\":[{\"@type\":\"Article\",\"@id\":\"https:\\\/\\\/charleroi-pourlapalestine.be\\\/index.php\\\/2022\\\/01\\\/10\\\/une-troisieme-intifada-en-cisjordanie\\\/#article\",\"isPartOf\":{\"@id\":\"https:\\\/\\\/charleroi-pourlapalestine.be\\\/index.php\\\/2022\\\/01\\\/10\\\/une-troisieme-intifada-en-cisjordanie\\\/\"},\"author\":{\"name\":\"admin1873\",\"@id\":\"https:\\\/\\\/charleroi-pourlapalestine.be\\\/#\\\/schema\\\/person\\\/c19ff515112f1299d8c12671d8fe3faa\"},\"headline\":\"Une troisi\u00e8me Intifada en Cisjordanie ?\",\"datePublished\":\"2022-01-10T12:53:04+00:00\",\"dateModified\":\"2022-01-10T12:54:07+00:00\",\"mainEntityOfPage\":{\"@id\":\"https:\\\/\\\/charleroi-pourlapalestine.be\\\/index.php\\\/2022\\\/01\\\/10\\\/une-troisieme-intifada-en-cisjordanie\\\/\"},\"wordCount\":723,\"publisher\":{\"@id\":\"https:\\\/\\\/charleroi-pourlapalestine.be\\\/#organization\"},\"image\":{\"@id\":\"https:\\\/\\\/charleroi-pourlapalestine.be\\\/index.php\\\/2022\\\/01\\\/10\\\/une-troisieme-intifada-en-cisjordanie\\\/#primaryimage\"},\"thumbnailUrl\":\"https:\\\/\\\/charleroi-pourlapalestine.be\\\/wp-content\\\/uploads\\\/2022\\\/01\\\/Muhammad-al-Zubaidi-fils-du-prisonnier-Zakaria-al-Zubaidi-e1641818363845.jpg\",\"articleSection\":[\"Autorit\u00e9 palestinienne\",\"Cisjordanie\",\"Lutte arm\u00e9e\",\"Prisonniers\",\"R\u00e9sistance\"],\"inLanguage\":\"fr-FR\"},{\"@type\":\"WebPage\",\"@id\":\"https:\\\/\\\/charleroi-pourlapalestine.be\\\/index.php\\\/2022\\\/01\\\/10\\\/une-troisieme-intifada-en-cisjordanie\\\/\",\"url\":\"https:\\\/\\\/charleroi-pourlapalestine.be\\\/index.php\\\/2022\\\/01\\\/10\\\/une-troisieme-intifada-en-cisjordanie\\\/\",\"name\":\"Une troisi\u00e8me Intifada en Cisjordanie ? - Charleroi Pour la Palestine\",\"isPartOf\":{\"@id\":\"https:\\\/\\\/charleroi-pourlapalestine.be\\\/#website\"},\"primaryImageOfPage\":{\"@id\":\"https:\\\/\\\/charleroi-pourlapalestine.be\\\/index.php\\\/2022\\\/01\\\/10\\\/une-troisieme-intifada-en-cisjordanie\\\/#primaryimage\"},\"image\":{\"@id\":\"https:\\\/\\\/charleroi-pourlapalestine.be\\\/index.php\\\/2022\\\/01\\\/10\\\/une-troisieme-intifada-en-cisjordanie\\\/#primaryimage\"},\"thumbnailUrl\":\"https:\\\/\\\/charleroi-pourlapalestine.be\\\/wp-content\\\/uploads\\\/2022\\\/01\\\/Muhammad-al-Zubaidi-fils-du-prisonnier-Zakaria-al-Zubaidi-e1641818363845.jpg\",\"datePublished\":\"2022-01-10T12:53:04+00:00\",\"dateModified\":\"2022-01-10T12:54:07+00:00\",\"description\":\"La Cisjordanie est en \u00e9tat de fermentation. La col\u00e8re et la frustration se sont accrues suite aux actions brutales de l\u2019occupation et de ses colons.\",\"breadcrumb\":{\"@id\":\"https:\\\/\\\/charleroi-pourlapalestine.be\\\/index.php\\\/2022\\\/01\\\/10\\\/une-troisieme-intifada-en-cisjordanie\\\/#breadcrumb\"},\"inLanguage\":\"fr-FR\",\"potentialAction\":[{\"@type\":\"ReadAction\",\"target\":[\"https:\\\/\\\/charleroi-pourlapalestine.be\\\/index.php\\\/2022\\\/01\\\/10\\\/une-troisieme-intifada-en-cisjordanie\\\/\"]}]},{\"@type\":\"ImageObject\",\"inLanguage\":\"fr-FR\",\"@id\":\"https:\\\/\\\/charleroi-pourlapalestine.be\\\/index.php\\\/2022\\\/01\\\/10\\\/une-troisieme-intifada-en-cisjordanie\\\/#primaryimage\",\"url\":\"https:\\\/\\\/charleroi-pourlapalestine.be\\\/wp-content\\\/uploads\\\/2022\\\/01\\\/Muhammad-al-Zubaidi-fils-du-prisonnier-Zakaria-al-Zubaidi-e1641818363845.jpg\",\"contentUrl\":\"https:\\\/\\\/charleroi-pourlapalestine.be\\\/wp-content\\\/uploads\\\/2022\\\/01\\\/Muhammad-al-Zubaidi-fils-du-prisonnier-Zakaria-al-Zubaidi-e1641818363845.jpg\",\"width\":456,\"height\":320},{\"@type\":\"BreadcrumbList\",\"@id\":\"https:\\\/\\\/charleroi-pourlapalestine.be\\\/index.php\\\/2022\\\/01\\\/10\\\/une-troisieme-intifada-en-cisjordanie\\\/#breadcrumb\",\"itemListElement\":[{\"@type\":\"ListItem\",\"position\":1,\"name\":\"Accueil\",\"item\":\"https:\\\/\\\/charleroi-pourlapalestine.be\\\/\"},{\"@type\":\"ListItem\",\"position\":2,\"name\":\"Une troisi\u00e8me Intifada en Cisjordanie ?\"}]},{\"@type\":\"WebSite\",\"@id\":\"https:\\\/\\\/charleroi-pourlapalestine.be\\\/#website\",\"url\":\"https:\\\/\\\/charleroi-pourlapalestine.be\\\/\",\"name\":\"Charleroi Pour la Palestine\",\"description\":\"\",\"publisher\":{\"@id\":\"https:\\\/\\\/charleroi-pourlapalestine.be\\\/#organization\"},\"potentialAction\":[{\"@type\":\"SearchAction\",\"target\":{\"@type\":\"EntryPoint\",\"urlTemplate\":\"https:\\\/\\\/charleroi-pourlapalestine.be\\\/?s={search_term_string}\"},\"query-input\":{\"@type\":\"PropertyValueSpecification\",\"valueRequired\":true,\"valueName\":\"search_term_string\"}}],\"inLanguage\":\"fr-FR\"},{\"@type\":\"Organization\",\"@id\":\"https:\\\/\\\/charleroi-pourlapalestine.be\\\/#organization\",\"name\":\"Plate-forme Charleroi-Palestine\",\"url\":\"https:\\\/\\\/charleroi-pourlapalestine.be\\\/\",\"logo\":{\"@type\":\"ImageObject\",\"inLanguage\":\"fr-FR\",\"@id\":\"https:\\\/\\\/charleroi-pourlapalestine.be\\\/#\\\/schema\\\/logo\\\/image\\\/\",\"url\":\"https:\\\/\\\/charleroi-pourlapalestine.be\\\/wp-content\\\/uploads\\\/2020\\\/01\\\/logo-Copy.jpg\",\"contentUrl\":\"https:\\\/\\\/charleroi-pourlapalestine.be\\\/wp-content\\\/uploads\\\/2020\\\/01\\\/logo-Copy.jpg\",\"width\":180,\"height\":180,\"caption\":\"Plate-forme Charleroi-Palestine\"},\"image\":{\"@id\":\"https:\\\/\\\/charleroi-pourlapalestine.be\\\/#\\\/schema\\\/logo\\\/image\\\/\"},\"sameAs\":[\"https:\\\/\\\/www.facebook.com\\\/PlateformeCharleroiPalestine\\\/\",\"https:\\\/\\\/x.com\\\/LaCharleroi\"]},{\"@type\":\"Person\",\"@id\":\"https:\\\/\\\/charleroi-pourlapalestine.be\\\/#\\\/schema\\\/person\\\/c19ff515112f1299d8c12671d8fe3faa\",\"name\":\"admin1873\",\"url\":\"https:\\\/\\\/charleroi-pourlapalestine.be\\\/index.php\\\/author\\\/admin1873\\\/\"}]}<\/script>\n<!-- \/ Yoast SEO plugin. -->","yoast_head_json":{"title":"Une troisi\u00e8me Intifada en Cisjordanie ? - Charleroi Pour la Palestine","description":"La Cisjordanie est en \u00e9tat de fermentation. La col\u00e8re et la frustration se sont accrues suite aux actions brutales de l\u2019occupation et de ses colons.","robots":{"index":"index","follow":"follow","max-snippet":"max-snippet:-1","max-image-preview":"max-image-preview:large","max-video-preview":"max-video-preview:-1"},"canonical":"https:\/\/charleroi-pourlapalestine.be\/index.php\/2022\/01\/10\/une-troisieme-intifada-en-cisjordanie\/","schema":{"@context":"https:\/\/schema.org","@graph":[{"@type":"Article","@id":"https:\/\/charleroi-pourlapalestine.be\/index.php\/2022\/01\/10\/une-troisieme-intifada-en-cisjordanie\/#article","isPartOf":{"@id":"https:\/\/charleroi-pourlapalestine.be\/index.php\/2022\/01\/10\/une-troisieme-intifada-en-cisjordanie\/"},"author":{"name":"admin1873","@id":"https:\/\/charleroi-pourlapalestine.be\/#\/schema\/person\/c19ff515112f1299d8c12671d8fe3faa"},"headline":"Une troisi\u00e8me Intifada en Cisjordanie ?","datePublished":"2022-01-10T12:53:04+00:00","dateModified":"2022-01-10T12:54:07+00:00","mainEntityOfPage":{"@id":"https:\/\/charleroi-pourlapalestine.be\/index.php\/2022\/01\/10\/une-troisieme-intifada-en-cisjordanie\/"},"wordCount":723,"publisher":{"@id":"https:\/\/charleroi-pourlapalestine.be\/#organization"},"image":{"@id":"https:\/\/charleroi-pourlapalestine.be\/index.php\/2022\/01\/10\/une-troisieme-intifada-en-cisjordanie\/#primaryimage"},"thumbnailUrl":"https:\/\/charleroi-pourlapalestine.be\/wp-content\/uploads\/2022\/01\/Muhammad-al-Zubaidi-fils-du-prisonnier-Zakaria-al-Zubaidi-e1641818363845.jpg","articleSection":["Autorit\u00e9 palestinienne","Cisjordanie","Lutte arm\u00e9e","Prisonniers","R\u00e9sistance"],"inLanguage":"fr-FR"},{"@type":"WebPage","@id":"https:\/\/charleroi-pourlapalestine.be\/index.php\/2022\/01\/10\/une-troisieme-intifada-en-cisjordanie\/","url":"https:\/\/charleroi-pourlapalestine.be\/index.php\/2022\/01\/10\/une-troisieme-intifada-en-cisjordanie\/","name":"Une troisi\u00e8me Intifada en Cisjordanie ? - Charleroi Pour la Palestine","isPartOf":{"@id":"https:\/\/charleroi-pourlapalestine.be\/#website"},"primaryImageOfPage":{"@id":"https:\/\/charleroi-pourlapalestine.be\/index.php\/2022\/01\/10\/une-troisieme-intifada-en-cisjordanie\/#primaryimage"},"image":{"@id":"https:\/\/charleroi-pourlapalestine.be\/index.php\/2022\/01\/10\/une-troisieme-intifada-en-cisjordanie\/#primaryimage"},"thumbnailUrl":"https:\/\/charleroi-pourlapalestine.be\/wp-content\/uploads\/2022\/01\/Muhammad-al-Zubaidi-fils-du-prisonnier-Zakaria-al-Zubaidi-e1641818363845.jpg","datePublished":"2022-01-10T12:53:04+00:00","dateModified":"2022-01-10T12:54:07+00:00","description":"La Cisjordanie est en \u00e9tat de fermentation. La col\u00e8re et la frustration se sont accrues suite aux actions brutales de l\u2019occupation et de ses colons.","breadcrumb":{"@id":"https:\/\/charleroi-pourlapalestine.be\/index.php\/2022\/01\/10\/une-troisieme-intifada-en-cisjordanie\/#breadcrumb"},"inLanguage":"fr-FR","potentialAction":[{"@type":"ReadAction","target":["https:\/\/charleroi-pourlapalestine.be\/index.php\/2022\/01\/10\/une-troisieme-intifada-en-cisjordanie\/"]}]},{"@type":"ImageObject","inLanguage":"fr-FR","@id":"https:\/\/charleroi-pourlapalestine.be\/index.php\/2022\/01\/10\/une-troisieme-intifada-en-cisjordanie\/#primaryimage","url":"https:\/\/charleroi-pourlapalestine.be\/wp-content\/uploads\/2022\/01\/Muhammad-al-Zubaidi-fils-du-prisonnier-Zakaria-al-Zubaidi-e1641818363845.jpg","contentUrl":"https:\/\/charleroi-pourlapalestine.be\/wp-content\/uploads\/2022\/01\/Muhammad-al-Zubaidi-fils-du-prisonnier-Zakaria-al-Zubaidi-e1641818363845.jpg","width":456,"height":320},{"@type":"BreadcrumbList","@id":"https:\/\/charleroi-pourlapalestine.be\/index.php\/2022\/01\/10\/une-troisieme-intifada-en-cisjordanie\/#breadcrumb","itemListElement":[{"@type":"ListItem","position":1,"name":"Accueil","item":"https:\/\/charleroi-pourlapalestine.be\/"},{"@type":"ListItem","position":2,"name":"Une troisi\u00e8me Intifada en Cisjordanie ?"}]},{"@type":"WebSite","@id":"https:\/\/charleroi-pourlapalestine.be\/#website","url":"https:\/\/charleroi-pourlapalestine.be\/","name":"Charleroi Pour la Palestine","description":"","publisher":{"@id":"https:\/\/charleroi-pourlapalestine.be\/#organization"},"potentialAction":[{"@type":"SearchAction","target":{"@type":"EntryPoint","urlTemplate":"https:\/\/charleroi-pourlapalestine.be\/?s={search_term_string}"},"query-input":{"@type":"PropertyValueSpecification","valueRequired":true,"valueName":"search_term_string"}}],"inLanguage":"fr-FR"},{"@type":"Organization","@id":"https:\/\/charleroi-pourlapalestine.be\/#organization","name":"Plate-forme Charleroi-Palestine","url":"https:\/\/charleroi-pourlapalestine.be\/","logo":{"@type":"ImageObject","inLanguage":"fr-FR","@id":"https:\/\/charleroi-pourlapalestine.be\/#\/schema\/logo\/image\/","url":"https:\/\/charleroi-pourlapalestine.be\/wp-content\/uploads\/2020\/01\/logo-Copy.jpg","contentUrl":"https:\/\/charleroi-pourlapalestine.be\/wp-content\/uploads\/2020\/01\/logo-Copy.jpg","width":180,"height":180,"caption":"Plate-forme Charleroi-Palestine"},"image":{"@id":"https:\/\/charleroi-pourlapalestine.be\/#\/schema\/logo\/image\/"},"sameAs":["https:\/\/www.facebook.com\/PlateformeCharleroiPalestine\/","https:\/\/x.com\/LaCharleroi"]},{"@type":"Person","@id":"https:\/\/charleroi-pourlapalestine.be\/#\/schema\/person\/c19ff515112f1299d8c12671d8fe3faa","name":"admin1873","url":"https:\/\/charleroi-pourlapalestine.be\/index.php\/author\/admin1873\/"}]}},"_links":{"self":[{"href":"https:\/\/charleroi-pourlapalestine.be\/index.php\/wp-json\/wp\/v2\/posts\/34291","targetHints":{"allow":["GET"]}}],"collection":[{"href":"https:\/\/charleroi-pourlapalestine.be\/index.php\/wp-json\/wp\/v2\/posts"}],"about":[{"href":"https:\/\/charleroi-pourlapalestine.be\/index.php\/wp-json\/wp\/v2\/types\/post"}],"author":[{"embeddable":true,"href":"https:\/\/charleroi-pourlapalestine.be\/index.php\/wp-json\/wp\/v2\/users\/1"}],"replies":[{"embeddable":true,"href":"https:\/\/charleroi-pourlapalestine.be\/index.php\/wp-json\/wp\/v2\/comments?post=34291"}],"version-history":[{"count":0,"href":"https:\/\/charleroi-pourlapalestine.be\/index.php\/wp-json\/wp\/v2\/posts\/34291\/revisions"}],"wp:featuredmedia":[{"embeddable":true,"href":"https:\/\/charleroi-pourlapalestine.be\/index.php\/wp-json\/wp\/v2\/media\/34305"}],"wp:attachment":[{"href":"https:\/\/charleroi-pourlapalestine.be\/index.php\/wp-json\/wp\/v2\/media?parent=34291"}],"wp:term":[{"taxonomy":"category","embeddable":true,"href":"https:\/\/charleroi-pourlapalestine.be\/index.php\/wp-json\/wp\/v2\/categories?post=34291"},{"taxonomy":"post_tag","embeddable":true,"href":"https:\/\/charleroi-pourlapalestine.be\/index.php\/wp-json\/wp\/v2\/tags?post=34291"}],"curies":[{"name":"wp","href":"https:\/\/api.w.org\/{rel}","templated":true}]}}