{"id":34331,"date":"2022-01-11T20:17:12","date_gmt":"2022-01-11T19:17:12","guid":{"rendered":"https:\/\/charleroi-pourlapalestine.be\/?p=34331"},"modified":"2022-01-11T20:17:14","modified_gmt":"2022-01-11T19:17:14","slug":"sahar-francis-la-directrice-daddameer-cela-ne-sarretera-pas-avec-nous","status":"publish","type":"post","link":"https:\/\/charleroi-pourlapalestine.be\/index.php\/2022\/01\/11\/sahar-francis-la-directrice-daddameer-cela-ne-sarretera-pas-avec-nous\/","title":{"rendered":"Sahar Francis, la directrice d\u2019Addameer : <em>\u00ab Cela ne s\u2019arr\u00eatera pas avec nous \u00bb<\/em>"},"content":{"rendered":"<div dir=\"ltr\">\n<p><b>Addameer est l\u2019une des six ONG palestiniennes \u00e0 avoir \u00e9t\u00e9 d\u00e9sign\u00e9es par Isra\u00ebl comme organisations terroristes. L\u2019organisation de d\u00e9fense des droits des prisonniers pr\u00e9tend que les accusations dont elle fait l\u2019objet sont infond\u00e9es et que cela pourrait avoir des cons\u00e9quences potentiellement d\u00e9sastreuses pour le mouvement en faveur des droits humains palestiniens. <\/b><\/p>\n<div id=\"attachment_34333\" style=\"width: 579px\" class=\"wp-caption aligncenter\"><img loading=\"lazy\" decoding=\"async\" aria-describedby=\"caption-attachment-34333\" class=\"wp-image-34333 size-full\" src=\"https:\/\/charleroi-pourlapalestine.be\/wp-content\/uploads\/2022\/01\/Sahar-Francis-e1641926563627.jpg\" alt=\" D\u00e9cembre 2021. Sahar Francis, directrice d\u2019Addameer, une organisation de d\u00e9fense des droits des prisonniers palestiniens, dans son bureau de Ramallah, en Cisjordanie occup\u00e9e. (Photo : Yumna Patel)\" width=\"569\" height=\"320\"><p id=\"caption-attachment-34333\" class=\"wp-caption-text\">D\u00e9cembre 2021. Sahar Francis, directrice d\u2019Addameer, une organisation de d\u00e9fense des droits des prisonniers palestiniens, dans son bureau de Ramallah, en Cisjordanie occup\u00e9e. (Photo : Yumna Patel)<\/p><\/div>\n<p>&nbsp;<\/p>\n<p><strong>Yumna Patel,<\/strong> 7 janvier 2022<\/p>\n<p>Dans un petit bureau \u00e0 proximit\u00e9 du bas de la ville de <strong>Ramallah,<\/strong> on peut voit entrer et sortir tout un melting-pot de membres de tous \u00e2ges, genres et contextes. Certains de ces personnes bavardent en mangeant un morceau, d\u2019autres, \u00e0 leurs bureaux, travaillent sur leurs ordinateurs ou feuillettent des dossiers.<\/p>\n<p>C\u2019est une sc\u00e8ne de bureau typique que l\u2019on peut d\u00e9couvrir pour ainsi dire partout dans le monde \u2013 des livres sont align\u00e9s sur des \u00e9tag\u00e8res, en m\u00eame temps que des reproductions d\u2019\u0153uvres d\u2019art ou des photos de clients aid\u00e9s par l\u2019organisation couvrent les murs.<\/p>\n<p>Tout personne \u00e9trang\u00e8re qui pourrait entrer dans les bureaux d\u2019<strong>Addameer,<\/strong> la premi\u00e8re des organisations de d\u00e9fense des prisonniers palestiniens, serait surprise de d\u00e9couvrir que les membres du personnel en face d\u2019eux courent le risque d\u2019\u00eatre arr\u00eat\u00e9s \u00e0 tout moment par Isra\u00ebl, qui consid\u00e8re l\u2019organisation qui emploie ces personnes comme une <em>\u00ab institution terroriste \u00bb.<\/em><\/p>\n<p><strong>Addameer,<\/strong> ainsi que cinq autres organisations de la soci\u00e9t\u00e9 civile palestinienne, a \u00e9t\u00e9 d\u00e9sign\u00e9e par Isra\u00ebl comme <em>\u00ab institution terroriste \u00bb<\/em> en octobre dernier, lorsque le gouvernement isra\u00e9lien a pr\u00e9tendu que ces organisations avaient des liens avec le<strong> Front populaire pour la lib\u00e9ration de la Palestine (FPLP)<\/strong> et qu\u2019elles lui transf\u00e9raient des fonds. Le <strong>FPLP<\/strong>, une organisation marxiste-l\u00e9niniste qui, comme plusieurs autres factions politiques palestiniennes, est consid\u00e9r\u00e9 comme<em> \u00ab terroriste \u00bb<\/em> par Isra\u00ebl.<\/p>\n<p>La d\u00e9marche, destin\u00e9e \u00e0 criminaliser le travail des six organisations et \u00e0 les priver de leur financement international, a d\u00e9clench\u00e9 de v\u00e9h\u00e9mentes condamnations de la part de tr\u00e8s nombreuses organisations de d\u00e9fense des droits humains du monde entier.<\/p>\n<p>Malgr\u00e9 l\u2019opposition \u00e0 sa d\u00e9cision<strong>, Isra\u00ebl<\/strong> a refus\u00e9 de fournir des preuves concr\u00e8tes de ses all\u00e9gations. En novembre, le commandant militaire isra\u00e9lien en Cisjordanie a sorti cinq ordonnances militaires s\u00e9par\u00e9es d\u00e9clarant hors la loi le travail des organisations en territoire occup\u00e9, autorisant ainsi leur fermeture imminente, la saisie de leurs biens et l\u2019arrestation des membres de leur personnel.<\/p>\n<p><em>\u00ab \u00c7\u2019a \u00e9t\u00e9 une \u00e9poque des plus stressantes, ici \u00bb<\/em>, d\u00e9clare \u00e0 <i>Mondoweiss<\/i> Sahar <strong>Francis<\/strong>, directrice d\u2019<strong>Addameer,<\/strong> depuis son bureau \u00e0 Ramallah. <em>\u00ab Tout cela est tr\u00e8s effrayant, et cela a d\u00e9finitivement affect\u00e9 les esprits du personnel \u00bb<\/em>, ajoute-t-elle.<\/p>\n<p><em>\u00ab Mais c\u2019est ce que veut Isra\u00ebl \u00bb<\/em>, dit-elle encore.<\/p>\n<blockquote><p>\u00ab Ils font tout cela pour nous forcer \u00e0 fermer et pour nous r\u00e9duire au silence, et nous amener au point o\u00f9 nous renoncerons en disant : <em>\u2018\u00c7a ne vaut pas la peine\u2019<\/em>. \u00bb<\/p><\/blockquote>\n<p>&nbsp;<\/p>\n<h3><b>Pourquoi maintenant ?<\/b><\/h3>\n<p><strong>Sahar Francis<\/strong> et son \u00e9quipe font partie du r\u00e9seau des avocats des droits humains palestiniens travaillant \u00e0 la d\u00e9fense des droits des prisonniers palestiniens \u2013 aujourd\u2019hui au nombre de 5 000 \u2013 d\u00e9tenus dans les prisons isra\u00e9liennes.<\/p>\n<p>Lors de sa cr\u00e9ation en 1991, <strong>Addameer<\/strong> \u00e9tait l\u2019une des rares organisations proposant \u00e0 titre gracieux de <strong>l\u2019aide juridique aux prisonniers palestiniens devant les tribunaux isra\u00e9liens<\/strong>, tant militaires que civils. D\u00e8s la cr\u00e9ation de l\u2019Autorit\u00e9 palestinienne, l\u2019organisation a accord\u00e9 des services identiques aux <strong>prisonniers politiques d\u00e9tenus par l\u2019AP.<\/strong><\/p>\n<p>Avant tout, <strong>Addameer<\/strong> travaille au service des prisonniers palestiniens qui ont \u00e9t\u00e9 emprisonn\u00e9s par un syst\u00e8me militaire pratiquant un taux de condamnation de plus de 99 pour 100. L\u2019organisation met sur pied des visites et des consultations juridiques pour les prisonniers, elle contr\u00f4le et r\u00e9pertorie les violations commises par les <strong>Services carc\u00e9raux isra\u00e9liens (IPS),<\/strong> en particulier la torture et les mauvais traitements inflig\u00e9s aux prisonniers et elle plaide au niveau international en faveur des droits des prisonniers palestiniens.<\/p>\n<p>L\u2019organisation met \u00e9galement sur pied des programmes de formation et de conscientisation destin\u00e9s aux communaut\u00e9s locales, aux \u00e9tudiants et aux enfants \u2013 \u00e0 toute personne qui pourrait faire l\u2019objet d\u2019une arrestation et d\u2019un emprisonnement par Isra\u00ebl.<\/p>\n<p>Depuis 30 ans, l\u2019organisation plaide pour les droits des prisonniers sous l\u2019occupation et elle est devenue un pilier de la communaut\u00e9 locale et, en cours de processus, de la communaut\u00e9 internationale des droits humains.<\/p>\n<p>Ainsi donc, pourquoi, apr\u00e8s 30 ans de travail, Isra\u00ebl voudrait-il criminaliser l\u2019organisation ?<\/p>\n<p><em>\u00ab Les attaques contre notre organisation datent de bien avant la d\u00e9signation, en fait \u00bb,<\/em> d\u00e9clare <strong>Sahar Francis,<\/strong> ajoutant que la d\u00e9cision d\u2019octobre a \u00e9t\u00e9 la derni\u00e8re \u00e9tape d\u2019un long parcours de harc\u00e8lement cibl\u00e9 de la part de l\u2019\u00c9tat contre <strong>Addameer<\/strong> et d\u2019autres ONG palestiniennes.<\/p>\n<blockquote><p>\u00ab La campagne contre nous dure depuis bien des ann\u00e9es : harc\u00e8lement, campagnes de diffamation, distribution de fausses informations sur nous par diff\u00e9rentes organisations comme <strong>NGO Monitor, UK Lawyers for Israel<\/strong>, (UKLFI \u2013 Avocats du Royaume-Uni pour Isra\u00ebl) et d\u2019autres organisations isra\u00e9liennes de droite \u00bb,<\/p><\/blockquote>\n<p>explique Sahar Francis.<\/p>\n<p>Le but principal des pr\u00e9c\u00e9dentes campagnes de diffamation et de la criminalisation r\u00e9cente de l\u2019organisation, ajoute Sahar Francis, consiste \u00e0 \u00ab<em> affecter notre travail en affectant notre r\u00e9putation \u00bb.<\/em><\/p>\n<p>La principale cible de ce genre de campagnes, dit-elle, ce sont les donateurs et partenaires internationaux qui financent et soutiennent des organisations comme <strong>Addameer.<\/strong><\/p>\n<blockquote><p>\u00ab En attaquant nos donateurs, ils esp\u00e8rent que ceux-ci seront terrifi\u00e9s et qu\u2019ils nous couperont les vivres et, par ce biais, ils pourraient ainsi nous emp\u00eacher de faire notre travail quotidien \u00bb,<\/p><\/blockquote>\n<p>d\u00e9clare<strong> Sahar Francis<\/strong>, ajoutant que la r\u00e9cente d\u00e9signation de l\u2019organisation comme<\/p>\n<blockquote><p><em>\u00ab institution terroriste \u00bb<\/em> a \u00e9t\u00e9 le point culminant des tentatives pr\u00e9c\u00e9demment avort\u00e9es en vue de faire cesser le financement international des organisations \u00bb.<\/p>\n<p>\u00ab Du fait que toutes leurs campagnes ont \u00e9chou\u00e9 auparavant, ils ont recouru \u00e0 la d\u00e9signation \u00bb,<\/p><\/blockquote>\n<p>dit-elle.<\/p>\n<blockquote><p>\u00ab La politique derri\u00e8re toutes ces attaques consiste en fait \u00e0 vouloir effrayer ceux qui investissaient dans la soci\u00e9t\u00e9 civile en Palestine. \u00bb<\/p>\n<p>\u00ab Le message d\u2019Isra\u00ebl \u00e0 la communaut\u00e9 internationale qui soutient le peuple palestinien est celui-ci : N\u2019ayez pas le front de venir ici pour y concr\u00e9tiser vos projets. \u00bb<\/p><\/blockquote>\n<p>&nbsp;<\/p>\n<h3><b>Pourquoi Addameer, et \u00ab les 6 \u00bb ?<\/b><\/h3>\n<p>En sus d\u2019<strong>Addameer<\/strong> sur la liste des organisations interdites, on trouve d\u2019autres institutions importantes comme <strong>Al-Haq, Defense for Children International \u2013 Palestine (DCI-P), le Centre Bisan de recherche et de d\u00e9veloppement, l\u2019Union des comit\u00e9s des femmes palestiniennes (UPWC) et l\u2019Union des comit\u00e9s du travail agricole (UAWC).<\/strong><\/p>\n<p>Pour <strong>Sahar Francis,<\/strong> la raison pour laquelle Isra\u00ebl a choisi de cibler les six organisations est claire : en criminalisant la soci\u00e9t\u00e9 civile palestinienne, Isra\u00ebl peut continuer de modifier les faits sur le terrain, sans devoir se justifier de ses violations des lois internationales.<\/p>\n<blockquote><p>\u00ab Des organisations comme les comit\u00e9s du travail agricole, par exemple, traitent de l\u2019am\u00e9nagement de la terre et du soutien aux fermiers palestiniens, sp\u00e9cialement dans les zones o\u00f9 Isra\u00ebl cherche \u00e0 confisquer et annexer la terre, comme la vall\u00e9e du Jourdain et la Zone C \u00bb,<\/p><\/blockquote>\n<p>explique <strong>Sahar Francis.<\/strong><\/p>\n<blockquote><p>\u00ab Il y a des zones tr\u00e8s sensibles qu\u2019Isra\u00ebl veut contr\u00f4ler, de sorte, naturellement, que cette organisation va \u00eatre attaqu\u00e9e sur ce plan. \u00bb<\/p><\/blockquote>\n<p><strong>Addameer, Al-Haq et DCI-P<\/strong> se sont consid\u00e9rablement concentr\u00e9es sur la d\u00e9fense au niveau international et elles fournissent \u00e0 la<strong> CPI<\/strong> et \u00e0 d\u2019autres institutions internationales des rapports et de la documentation sur les violations commises par Isra\u00ebl, afin de r\u00e9clamer des comptes \u00e0 Isra\u00ebl au sujet de ses crimes dans les territoires occup\u00e9s.<\/p>\n<blockquote><p>\u00ab Nous insistons sur la responsabilisation et sur le fait que, pour nous assurer qu\u2019elle ait bien lieu, il nous faut utiliser le moindre outil propos\u00e9 par les lois internationales au niveau des Nations unies et des autres plates-formes \u00bb<\/p><\/blockquote>\n<p>explique <strong>Sahar Fran\u00e7is.<\/strong><\/p>\n<blockquote><p>\u00ab Et c\u2019est ainsi que nous avons \u00e9t\u00e9 attaqu\u00e9s pour avoir effectu\u00e9 ce travail. \u00bb<\/p>\n<p>\u00ab Isra\u00ebl ne veut pas qu\u2019on dise non \u00e0 ses plans ni qu\u2019on r\u00e9pertorie ses violations et qu\u2019on les soumette \u00e0 la CPI de fa\u00e7on \u00e0 pouvoir lui demander des comptes \u00e0 propos des crimes de guerre qu\u2019il commet sur base quotidienne \u00bb,<\/p><\/blockquote>\n<p>poursuit <strong>Sahar Francis.<\/strong><\/p>\n<blockquote><p>\u00ab Le fait qu\u2019ils tentent de nous r\u00e9duire au silence est reli\u00e9 \u00e0 tout cela. \u00bb<\/p><\/blockquote>\n<p>&nbsp;<\/p>\n<h3><b>Que va-t-il se passer, maintenant ?<\/b><\/h3>\n<p>Dans le sillage de l\u2019attaque contre les six organisations, celles-ci ont lanc\u00e9 une campagne de soutien aux 6 (<strong>#StandWithThe6<\/strong>), appelant les sympathisants \u00e0 exprimer leur solidarit\u00e9 avec les six organisations palestiniennes des droits humains et \u00e0 r\u00e9clamer une annulation de la d\u00e9cision isra\u00e9lienne.<\/p>\n<p>En d\u00e9pit d\u2019une forte r\u00e9ponse des organisations s\u0153urs de d\u00e9fense des droits humains et de d\u00e9fense des droits civiques, les organisations sont rest\u00e9es d\u00e9\u00e7ues par la r\u00e9action, ou plut\u00f4t par le manque de r\u00e9action, du c\u00f4t\u00e9 des grands acteurs comme les <strong>\u00c9tats-Unis<\/strong> et l\u2019<strong>Union europ\u00e9enne.<\/strong><\/p>\n<p>Alors que l\u2019<strong>UE<\/strong> a renforc\u00e9 son soutien \u00e0 la soci\u00e9t\u00e9 civile palestinienne, les \u00c9tats \u00e0 titre individuel se sont abstenus de rejeter directement la d\u00e9signation et les <strong>\u00c9tats-Unis<\/strong> sont rest\u00e9s relativement silencieux sur la question tout en refusant d\u2019adopter la moindre position.<\/p>\n<blockquote><p>\u00ab Je pense que ce silence est tr\u00e8s mauvais et dangereux, pas seulement contre la soci\u00e9t\u00e9 civile palestinienne, mais aussi contre le mouvement des droits humains tout entier dans le monde \u00bb,<\/p><\/blockquote>\n<p>ajoute-t-elle.<\/p>\n<blockquote><p>\u00ab Les \u00c9tats-Unis ont un r\u00f4le tr\u00e8s important, dans cette question. S\u2019ils n\u2019adoptent pas une position tr\u00e8s claire en rejetant cette d\u00e9cision, c\u2019est un message silencieux adress\u00e9, \u00e0 tout le moins, au syst\u00e8me bancaire, disant :<em>\u2019Vous pouvez faire tout ce que vous voulez, vous pouvez geler les comptes, ce ne sont pas nos oignons\u2019<\/em> \u00bb,<\/p><\/blockquote>\n<p>dit encore<strong> Sahar Francis.<\/strong><\/p>\n<p>Elle met \u00e9galement en garde contre le fait que, si la d\u00e9signation en tant que <em>\u00ab terroristes \u00bb<\/em> a d\u00e9but\u00e9 par les six organisations, elle ne s\u2019arr\u00eatera certainement pas avec elles.<\/p>\n<blockquote><p>\u00ab Cela commencera avec nous, mais il n\u2019y aura pas que nous, \u00e0 la fin. Cela va affecter tout le secteur palestinien des droits humains et de la soci\u00e9t\u00e9 civile \u00bb,<\/p><\/blockquote>\n<p>dit-elle.<\/p>\n<blockquote><p>\u00ab Les \u00c9tats-Unis sont-ils int\u00e9ress\u00e9s par le d\u00e9mant\u00e8lement complet de tout le syst\u00e8me de la soci\u00e9t\u00e9 civile palestinienne ? Si c\u2019est le cas, le silence serait la r\u00e9ponse. Mais si ce n\u2019est pas le cas, il est tr\u00e8s important qu\u2019ils adoptent une position. \u00bb<\/p><\/blockquote>\n<p>En d\u00e9pit des pressions en cours auxquelles sont confront\u00e9es les organisations et de la menace imminente de leur fermeture et des potentielles arrestations parmi le personnel, <strong>Sahar Francis<\/strong> d\u00e9clare qu\u2019elle et son \u00e9quipe d\u2019<strong>Addameer<\/strong> vont continuer \u00e0 aller de l\u2019avant.<\/p>\n<p><em>\u00ab Nous n\u2019avons pas d\u2019autre choix que d\u2019aller de l\u2019avant, de continuer<\/em> \u00bb, dit-elle. <em>\u00ab Cela en vaut la peine. \u00bb<\/em><\/p>\n<blockquote><p>\u00ab Pas seulement \u00e0 cause des prisonniers, mais \u00e0 cause de l\u2019autod\u00e9termination de notre peuple. Notre combat pour la justice et la dignit\u00e9 vaut le prix \u00e9lev\u00e9 que nous pourrions payer en tant qu\u2019individus \u00bb,<\/p><\/blockquote>\n<p>poursuit-elle.<\/p>\n<blockquote><p>\u00ab \u00c0 la fin de la journ\u00e9e, nous ne sommes pas seuls. Le soutien \u00e9manant de nos amis du monde entier et des organisations citoyennes de partout, nous apporte \u00e9galement l\u2019espoir qu\u2019un jour, la justice viendra r\u00e9ellement. Il ne se peut que l\u2019occupation dure pour toujours. Non, elle finira bien un jour. \u00bb<\/p><\/blockquote>\n<p style=\"text-align: center;\">\u00b0\u00b0\u00b0\u00b0\u00b0<\/p>\n<p><strong>Yumna Patel<\/strong> est la directrice de l\u2019information sur la Palestine \u00e0 <i>Mondoweiss<\/i>.<\/p>\n<p style=\"text-align: center;\">\u00b0\u00b0\u00b0\u00b0\u00b0<\/p>\n<p>Publi\u00e9 le 7 janvier 2022 sur <a href=\"https:\/\/mondoweiss.net\/2022\/01\/it-wont-end-with-us-addameer-director-warns-of-repercussions-of-israeli-terror-designation\/\" target=\"_blank\" rel=\"noopener\">Mondoweiss<\/a><br \/>\nTraduction : Jean-Marie Fl\u00e9mal, <a href=\"https:\/\/charleroi-pourlapalestine.be\/\">Charleroi pour la Palestine<\/a><\/p>\n<\/div>\n","protected":false},"excerpt":{"rendered":"<p>Addameer est l\u2019une des six ONG palestiniennes \u00e0 avoir \u00e9t\u00e9 d\u00e9sign\u00e9es par Isra\u00ebl comme organisations terroristes.<\/p>\n","protected":false},"author":1,"featured_media":34333,"comment_status":"closed","ping_status":"closed","sticky":false,"template":"","format":"standard","meta":{"ngg_post_thumbnail":0,"footnotes":""},"categories":[209,454,52,13,185],"tags":[648],"class_list":["post-34331","post","type-post","status-publish","format-standard","has-post-thumbnail","hentry","category-cpi","category-criminalisation","category-la-cour-penale-internationale","category-les-prisionners-palestiniens","category-union-europeenne","tag-yumna-patel"],"yoast_head":"<!-- This site is optimized with the Yoast SEO plugin v27.3 - https:\/\/yoast.com\/product\/yoast-seo-wordpress\/ -->\n<title>La directrice d&#039;Addameer : &quot;Cela ne s&#039;arr\u00eatera pas avec nous&quot;<\/title>\n<meta name=\"description\" content=\"Addameer est l\u2019une des six ONG palestiniennes \u00e0 avoir \u00e9t\u00e9 d\u00e9sign\u00e9es par Isra\u00ebl comme organisations terroristes.\" \/>\n<meta name=\"robots\" content=\"index, follow, max-snippet:-1, max-image-preview:large, max-video-preview:-1\" \/>\n<link rel=\"canonical\" href=\"https:\/\/charleroi-pourlapalestine.be\/index.php\/2022\/01\/11\/sahar-francis-la-directrice-daddameer-cela-ne-sarretera-pas-avec-nous\/\" \/>\n<script type=\"application\/ld+json\" class=\"yoast-schema-graph\">{\"@context\":\"https:\\\/\\\/schema.org\",\"@graph\":[{\"@type\":\"Article\",\"@id\":\"https:\\\/\\\/charleroi-pourlapalestine.be\\\/index.php\\\/2022\\\/01\\\/11\\\/sahar-francis-la-directrice-daddameer-cela-ne-sarretera-pas-avec-nous\\\/#article\",\"isPartOf\":{\"@id\":\"https:\\\/\\\/charleroi-pourlapalestine.be\\\/index.php\\\/2022\\\/01\\\/11\\\/sahar-francis-la-directrice-daddameer-cela-ne-sarretera-pas-avec-nous\\\/\"},\"author\":{\"name\":\"admin1873\",\"@id\":\"https:\\\/\\\/charleroi-pourlapalestine.be\\\/#\\\/schema\\\/person\\\/c19ff515112f1299d8c12671d8fe3faa\"},\"headline\":\"Sahar Francis, la directrice d\u2019Addameer : \u00ab Cela ne s\u2019arr\u00eatera pas avec nous \u00bb\",\"datePublished\":\"2022-01-11T19:17:12+00:00\",\"dateModified\":\"2022-01-11T19:17:14+00:00\",\"mainEntityOfPage\":{\"@id\":\"https:\\\/\\\/charleroi-pourlapalestine.be\\\/index.php\\\/2022\\\/01\\\/11\\\/sahar-francis-la-directrice-daddameer-cela-ne-sarretera-pas-avec-nous\\\/\"},\"wordCount\":2026,\"publisher\":{\"@id\":\"https:\\\/\\\/charleroi-pourlapalestine.be\\\/#organization\"},\"image\":{\"@id\":\"https:\\\/\\\/charleroi-pourlapalestine.be\\\/index.php\\\/2022\\\/01\\\/11\\\/sahar-francis-la-directrice-daddameer-cela-ne-sarretera-pas-avec-nous\\\/#primaryimage\"},\"thumbnailUrl\":\"https:\\\/\\\/charleroi-pourlapalestine.be\\\/wp-content\\\/uploads\\\/2022\\\/01\\\/Sahar-Francis-e1641926563627.jpg\",\"keywords\":[\"Yumna Patel\"],\"articleSection\":[\"CPI\",\"criminalisation\",\"Etats-Unis\",\"Prisonniers\",\"Union europ\u00e9enne\"],\"inLanguage\":\"fr-FR\"},{\"@type\":\"WebPage\",\"@id\":\"https:\\\/\\\/charleroi-pourlapalestine.be\\\/index.php\\\/2022\\\/01\\\/11\\\/sahar-francis-la-directrice-daddameer-cela-ne-sarretera-pas-avec-nous\\\/\",\"url\":\"https:\\\/\\\/charleroi-pourlapalestine.be\\\/index.php\\\/2022\\\/01\\\/11\\\/sahar-francis-la-directrice-daddameer-cela-ne-sarretera-pas-avec-nous\\\/\",\"name\":\"La directrice d'Addameer : \\\"Cela ne s'arr\u00eatera pas avec nous\\\"\",\"isPartOf\":{\"@id\":\"https:\\\/\\\/charleroi-pourlapalestine.be\\\/#website\"},\"primaryImageOfPage\":{\"@id\":\"https:\\\/\\\/charleroi-pourlapalestine.be\\\/index.php\\\/2022\\\/01\\\/11\\\/sahar-francis-la-directrice-daddameer-cela-ne-sarretera-pas-avec-nous\\\/#primaryimage\"},\"image\":{\"@id\":\"https:\\\/\\\/charleroi-pourlapalestine.be\\\/index.php\\\/2022\\\/01\\\/11\\\/sahar-francis-la-directrice-daddameer-cela-ne-sarretera-pas-avec-nous\\\/#primaryimage\"},\"thumbnailUrl\":\"https:\\\/\\\/charleroi-pourlapalestine.be\\\/wp-content\\\/uploads\\\/2022\\\/01\\\/Sahar-Francis-e1641926563627.jpg\",\"datePublished\":\"2022-01-11T19:17:12+00:00\",\"dateModified\":\"2022-01-11T19:17:14+00:00\",\"description\":\"Addameer est l\u2019une des six ONG palestiniennes \u00e0 avoir \u00e9t\u00e9 d\u00e9sign\u00e9es par Isra\u00ebl comme organisations terroristes.\",\"breadcrumb\":{\"@id\":\"https:\\\/\\\/charleroi-pourlapalestine.be\\\/index.php\\\/2022\\\/01\\\/11\\\/sahar-francis-la-directrice-daddameer-cela-ne-sarretera-pas-avec-nous\\\/#breadcrumb\"},\"inLanguage\":\"fr-FR\",\"potentialAction\":[{\"@type\":\"ReadAction\",\"target\":[\"https:\\\/\\\/charleroi-pourlapalestine.be\\\/index.php\\\/2022\\\/01\\\/11\\\/sahar-francis-la-directrice-daddameer-cela-ne-sarretera-pas-avec-nous\\\/\"]}]},{\"@type\":\"ImageObject\",\"inLanguage\":\"fr-FR\",\"@id\":\"https:\\\/\\\/charleroi-pourlapalestine.be\\\/index.php\\\/2022\\\/01\\\/11\\\/sahar-francis-la-directrice-daddameer-cela-ne-sarretera-pas-avec-nous\\\/#primaryimage\",\"url\":\"https:\\\/\\\/charleroi-pourlapalestine.be\\\/wp-content\\\/uploads\\\/2022\\\/01\\\/Sahar-Francis-e1641926563627.jpg\",\"contentUrl\":\"https:\\\/\\\/charleroi-pourlapalestine.be\\\/wp-content\\\/uploads\\\/2022\\\/01\\\/Sahar-Francis-e1641926563627.jpg\",\"width\":569,\"height\":320},{\"@type\":\"BreadcrumbList\",\"@id\":\"https:\\\/\\\/charleroi-pourlapalestine.be\\\/index.php\\\/2022\\\/01\\\/11\\\/sahar-francis-la-directrice-daddameer-cela-ne-sarretera-pas-avec-nous\\\/#breadcrumb\",\"itemListElement\":[{\"@type\":\"ListItem\",\"position\":1,\"name\":\"Accueil\",\"item\":\"https:\\\/\\\/charleroi-pourlapalestine.be\\\/\"},{\"@type\":\"ListItem\",\"position\":2,\"name\":\"Sahar Francis, la directrice d\u2019Addameer : \u00ab Cela ne s\u2019arr\u00eatera pas avec nous \u00bb\"}]},{\"@type\":\"WebSite\",\"@id\":\"https:\\\/\\\/charleroi-pourlapalestine.be\\\/#website\",\"url\":\"https:\\\/\\\/charleroi-pourlapalestine.be\\\/\",\"name\":\"Charleroi Pour la Palestine\",\"description\":\"\",\"publisher\":{\"@id\":\"https:\\\/\\\/charleroi-pourlapalestine.be\\\/#organization\"},\"potentialAction\":[{\"@type\":\"SearchAction\",\"target\":{\"@type\":\"EntryPoint\",\"urlTemplate\":\"https:\\\/\\\/charleroi-pourlapalestine.be\\\/?s={search_term_string}\"},\"query-input\":{\"@type\":\"PropertyValueSpecification\",\"valueRequired\":true,\"valueName\":\"search_term_string\"}}],\"inLanguage\":\"fr-FR\"},{\"@type\":\"Organization\",\"@id\":\"https:\\\/\\\/charleroi-pourlapalestine.be\\\/#organization\",\"name\":\"Plate-forme Charleroi-Palestine\",\"url\":\"https:\\\/\\\/charleroi-pourlapalestine.be\\\/\",\"logo\":{\"@type\":\"ImageObject\",\"inLanguage\":\"fr-FR\",\"@id\":\"https:\\\/\\\/charleroi-pourlapalestine.be\\\/#\\\/schema\\\/logo\\\/image\\\/\",\"url\":\"https:\\\/\\\/charleroi-pourlapalestine.be\\\/wp-content\\\/uploads\\\/2020\\\/01\\\/logo-Copy.jpg\",\"contentUrl\":\"https:\\\/\\\/charleroi-pourlapalestine.be\\\/wp-content\\\/uploads\\\/2020\\\/01\\\/logo-Copy.jpg\",\"width\":180,\"height\":180,\"caption\":\"Plate-forme Charleroi-Palestine\"},\"image\":{\"@id\":\"https:\\\/\\\/charleroi-pourlapalestine.be\\\/#\\\/schema\\\/logo\\\/image\\\/\"},\"sameAs\":[\"https:\\\/\\\/www.facebook.com\\\/PlateformeCharleroiPalestine\\\/\",\"https:\\\/\\\/x.com\\\/LaCharleroi\"]},{\"@type\":\"Person\",\"@id\":\"https:\\\/\\\/charleroi-pourlapalestine.be\\\/#\\\/schema\\\/person\\\/c19ff515112f1299d8c12671d8fe3faa\",\"name\":\"admin1873\",\"url\":\"https:\\\/\\\/charleroi-pourlapalestine.be\\\/index.php\\\/author\\\/admin1873\\\/\"}]}<\/script>\n<!-- \/ Yoast SEO plugin. -->","yoast_head_json":{"title":"La directrice d'Addameer : \"Cela ne s'arr\u00eatera pas avec nous\"","description":"Addameer est l\u2019une des six ONG palestiniennes \u00e0 avoir \u00e9t\u00e9 d\u00e9sign\u00e9es par Isra\u00ebl comme organisations terroristes.","robots":{"index":"index","follow":"follow","max-snippet":"max-snippet:-1","max-image-preview":"max-image-preview:large","max-video-preview":"max-video-preview:-1"},"canonical":"https:\/\/charleroi-pourlapalestine.be\/index.php\/2022\/01\/11\/sahar-francis-la-directrice-daddameer-cela-ne-sarretera-pas-avec-nous\/","schema":{"@context":"https:\/\/schema.org","@graph":[{"@type":"Article","@id":"https:\/\/charleroi-pourlapalestine.be\/index.php\/2022\/01\/11\/sahar-francis-la-directrice-daddameer-cela-ne-sarretera-pas-avec-nous\/#article","isPartOf":{"@id":"https:\/\/charleroi-pourlapalestine.be\/index.php\/2022\/01\/11\/sahar-francis-la-directrice-daddameer-cela-ne-sarretera-pas-avec-nous\/"},"author":{"name":"admin1873","@id":"https:\/\/charleroi-pourlapalestine.be\/#\/schema\/person\/c19ff515112f1299d8c12671d8fe3faa"},"headline":"Sahar Francis, la directrice d\u2019Addameer : \u00ab Cela ne s\u2019arr\u00eatera pas avec nous \u00bb","datePublished":"2022-01-11T19:17:12+00:00","dateModified":"2022-01-11T19:17:14+00:00","mainEntityOfPage":{"@id":"https:\/\/charleroi-pourlapalestine.be\/index.php\/2022\/01\/11\/sahar-francis-la-directrice-daddameer-cela-ne-sarretera-pas-avec-nous\/"},"wordCount":2026,"publisher":{"@id":"https:\/\/charleroi-pourlapalestine.be\/#organization"},"image":{"@id":"https:\/\/charleroi-pourlapalestine.be\/index.php\/2022\/01\/11\/sahar-francis-la-directrice-daddameer-cela-ne-sarretera-pas-avec-nous\/#primaryimage"},"thumbnailUrl":"https:\/\/charleroi-pourlapalestine.be\/wp-content\/uploads\/2022\/01\/Sahar-Francis-e1641926563627.jpg","keywords":["Yumna Patel"],"articleSection":["CPI","criminalisation","Etats-Unis","Prisonniers","Union europ\u00e9enne"],"inLanguage":"fr-FR"},{"@type":"WebPage","@id":"https:\/\/charleroi-pourlapalestine.be\/index.php\/2022\/01\/11\/sahar-francis-la-directrice-daddameer-cela-ne-sarretera-pas-avec-nous\/","url":"https:\/\/charleroi-pourlapalestine.be\/index.php\/2022\/01\/11\/sahar-francis-la-directrice-daddameer-cela-ne-sarretera-pas-avec-nous\/","name":"La directrice d'Addameer : \"Cela ne s'arr\u00eatera pas avec nous\"","isPartOf":{"@id":"https:\/\/charleroi-pourlapalestine.be\/#website"},"primaryImageOfPage":{"@id":"https:\/\/charleroi-pourlapalestine.be\/index.php\/2022\/01\/11\/sahar-francis-la-directrice-daddameer-cela-ne-sarretera-pas-avec-nous\/#primaryimage"},"image":{"@id":"https:\/\/charleroi-pourlapalestine.be\/index.php\/2022\/01\/11\/sahar-francis-la-directrice-daddameer-cela-ne-sarretera-pas-avec-nous\/#primaryimage"},"thumbnailUrl":"https:\/\/charleroi-pourlapalestine.be\/wp-content\/uploads\/2022\/01\/Sahar-Francis-e1641926563627.jpg","datePublished":"2022-01-11T19:17:12+00:00","dateModified":"2022-01-11T19:17:14+00:00","description":"Addameer est l\u2019une des six ONG palestiniennes \u00e0 avoir \u00e9t\u00e9 d\u00e9sign\u00e9es par Isra\u00ebl comme organisations terroristes.","breadcrumb":{"@id":"https:\/\/charleroi-pourlapalestine.be\/index.php\/2022\/01\/11\/sahar-francis-la-directrice-daddameer-cela-ne-sarretera-pas-avec-nous\/#breadcrumb"},"inLanguage":"fr-FR","potentialAction":[{"@type":"ReadAction","target":["https:\/\/charleroi-pourlapalestine.be\/index.php\/2022\/01\/11\/sahar-francis-la-directrice-daddameer-cela-ne-sarretera-pas-avec-nous\/"]}]},{"@type":"ImageObject","inLanguage":"fr-FR","@id":"https:\/\/charleroi-pourlapalestine.be\/index.php\/2022\/01\/11\/sahar-francis-la-directrice-daddameer-cela-ne-sarretera-pas-avec-nous\/#primaryimage","url":"https:\/\/charleroi-pourlapalestine.be\/wp-content\/uploads\/2022\/01\/Sahar-Francis-e1641926563627.jpg","contentUrl":"https:\/\/charleroi-pourlapalestine.be\/wp-content\/uploads\/2022\/01\/Sahar-Francis-e1641926563627.jpg","width":569,"height":320},{"@type":"BreadcrumbList","@id":"https:\/\/charleroi-pourlapalestine.be\/index.php\/2022\/01\/11\/sahar-francis-la-directrice-daddameer-cela-ne-sarretera-pas-avec-nous\/#breadcrumb","itemListElement":[{"@type":"ListItem","position":1,"name":"Accueil","item":"https:\/\/charleroi-pourlapalestine.be\/"},{"@type":"ListItem","position":2,"name":"Sahar Francis, la directrice d\u2019Addameer : \u00ab Cela ne s\u2019arr\u00eatera pas avec nous \u00bb"}]},{"@type":"WebSite","@id":"https:\/\/charleroi-pourlapalestine.be\/#website","url":"https:\/\/charleroi-pourlapalestine.be\/","name":"Charleroi Pour la Palestine","description":"","publisher":{"@id":"https:\/\/charleroi-pourlapalestine.be\/#organization"},"potentialAction":[{"@type":"SearchAction","target":{"@type":"EntryPoint","urlTemplate":"https:\/\/charleroi-pourlapalestine.be\/?s={search_term_string}"},"query-input":{"@type":"PropertyValueSpecification","valueRequired":true,"valueName":"search_term_string"}}],"inLanguage":"fr-FR"},{"@type":"Organization","@id":"https:\/\/charleroi-pourlapalestine.be\/#organization","name":"Plate-forme Charleroi-Palestine","url":"https:\/\/charleroi-pourlapalestine.be\/","logo":{"@type":"ImageObject","inLanguage":"fr-FR","@id":"https:\/\/charleroi-pourlapalestine.be\/#\/schema\/logo\/image\/","url":"https:\/\/charleroi-pourlapalestine.be\/wp-content\/uploads\/2020\/01\/logo-Copy.jpg","contentUrl":"https:\/\/charleroi-pourlapalestine.be\/wp-content\/uploads\/2020\/01\/logo-Copy.jpg","width":180,"height":180,"caption":"Plate-forme Charleroi-Palestine"},"image":{"@id":"https:\/\/charleroi-pourlapalestine.be\/#\/schema\/logo\/image\/"},"sameAs":["https:\/\/www.facebook.com\/PlateformeCharleroiPalestine\/","https:\/\/x.com\/LaCharleroi"]},{"@type":"Person","@id":"https:\/\/charleroi-pourlapalestine.be\/#\/schema\/person\/c19ff515112f1299d8c12671d8fe3faa","name":"admin1873","url":"https:\/\/charleroi-pourlapalestine.be\/index.php\/author\/admin1873\/"}]}},"_links":{"self":[{"href":"https:\/\/charleroi-pourlapalestine.be\/index.php\/wp-json\/wp\/v2\/posts\/34331","targetHints":{"allow":["GET"]}}],"collection":[{"href":"https:\/\/charleroi-pourlapalestine.be\/index.php\/wp-json\/wp\/v2\/posts"}],"about":[{"href":"https:\/\/charleroi-pourlapalestine.be\/index.php\/wp-json\/wp\/v2\/types\/post"}],"author":[{"embeddable":true,"href":"https:\/\/charleroi-pourlapalestine.be\/index.php\/wp-json\/wp\/v2\/users\/1"}],"replies":[{"embeddable":true,"href":"https:\/\/charleroi-pourlapalestine.be\/index.php\/wp-json\/wp\/v2\/comments?post=34331"}],"version-history":[{"count":0,"href":"https:\/\/charleroi-pourlapalestine.be\/index.php\/wp-json\/wp\/v2\/posts\/34331\/revisions"}],"wp:featuredmedia":[{"embeddable":true,"href":"https:\/\/charleroi-pourlapalestine.be\/index.php\/wp-json\/wp\/v2\/media\/34333"}],"wp:attachment":[{"href":"https:\/\/charleroi-pourlapalestine.be\/index.php\/wp-json\/wp\/v2\/media?parent=34331"}],"wp:term":[{"taxonomy":"category","embeddable":true,"href":"https:\/\/charleroi-pourlapalestine.be\/index.php\/wp-json\/wp\/v2\/categories?post=34331"},{"taxonomy":"post_tag","embeddable":true,"href":"https:\/\/charleroi-pourlapalestine.be\/index.php\/wp-json\/wp\/v2\/tags?post=34331"}],"curies":[{"name":"wp","href":"https:\/\/api.w.org\/{rel}","templated":true}]}}