{"id":34763,"date":"2022-01-25T17:02:19","date_gmt":"2022-01-25T16:02:19","guid":{"rendered":"https:\/\/charleroi-pourlapalestine.be\/?p=34763"},"modified":"2022-01-25T20:05:47","modified_gmt":"2022-01-25T19:05:47","slug":"boycott-teva-avec-toi-olivia","status":"publish","type":"post","link":"https:\/\/charleroi-pourlapalestine.be\/index.php\/2022\/01\/25\/boycott-teva-avec-toi-olivia\/","title":{"rendered":"Boycott TEVA ! Avec toi, Olivia !"},"content":{"rendered":"<p>Le<strong> Comit\u00e9 belge de soutien \u00e0 Olivia Z\u00e9mor <\/strong>a organis\u00e9 ce mardi 25 janvier devant le consulat de France \u00e0 Bruxelles afin de r\u00e9agir par rapport \u00e0 la comparition l<span class=\"d2edcug0 hpfvmrgz qv66sw1b c1et5uql lr9zc1uh a8c37x1j fe6kdd0r mau55g9w c8b282yb keod5gw0 nxhoafnm aigsh9s9 d3f4x2em iv3no6db jq4qci2q a3bd9o3v b1v8xokw oo9gr5id\" dir=\"auto\">e 27 janvier d&rsquo;<strong>Olivia Z\u00e9mor,<\/strong> pr\u00e9sidente de<a href=\"https:\/\/europalestine.com\/2022\/01\/12\/non-pas-teva-video\/\" target=\"_blank\" rel=\"noopener\"> CAPJPO-Europalestine<\/a>, devant la Cour d\u2019Appel de Lyon.<\/span><\/p>\n<p><span class=\"d2edcug0 hpfvmrgz qv66sw1b c1et5uql lr9zc1uh a8c37x1j fe6kdd0r mau55g9w c8b282yb keod5gw0 nxhoafnm aigsh9s9 d3f4x2em iv3no6db jq4qci2q a3bd9o3v b1v8xokw oo9gr5id\" dir=\"auto\">La firme isra\u00e9lienne<strong> TEVA<\/strong> qui accusait <strong>Europalestine<\/strong> d\u2019appeler au boycott de ses m\u00e9dicaments g\u00e9n\u00e9riques et qui se pr\u00e9tendait victime d\u2019une discrimination antis\u00e9mite, avait \u00e9t\u00e9 <strong>d\u00e9bout\u00e9e<\/strong> le 18 mai 2021 par un tribunal lyonnais (sp\u00e9cialis\u00e9 dans le droit de la presse). Olivia avait \u00e9t\u00e9 <a href=\"https:\/\/charleroi-pourlapalestine.be\/index.php\/2021\/05\/26\/france-victoire-bds-dans-le-proces-teva\/\">acquitt\u00e9e sur toute la ligne<\/a>. Mais<a href=\"https:\/\/charleroi-pourlapalestine.be\/index.php\/2022\/01\/12\/solidarite-avec-olivia-zemor-boycott-teva\/\"><strong> TEVA<\/strong> s\u2019acharne et a fait appel<\/a>.<\/span><\/p>\n<p>&nbsp;<\/p>\n<p><img loading=\"lazy\" decoding=\"async\" class=\"aligncenter wp-image-34768 size-full\" src=\"https:\/\/charleroi-pourlapalestine.be\/wp-content\/uploads\/2022\/01\/O1-e1643123488775.jpg\" alt=\"\" width=\"427\" height=\"320\"><\/p>\n<p>&nbsp;<\/p>\n<p><strong>Nadine Rosa-Rosso<\/strong>, membre du<strong> Comit\u00e9 belge de soutien \u00e0 Olivia Z\u00e9mor,<\/strong> a lu la lettre envoy\u00e9e au <strong>Consulat de France.<\/strong><\/p>\n<p><img loading=\"lazy\" decoding=\"async\" class=\"aligncenter wp-image-34777 size-full\" src=\"https:\/\/charleroi-pourlapalestine.be\/wp-content\/uploads\/2022\/01\/O8-e1643124882690.jpg\" alt=\"\" width=\"390\" height=\"520\"><\/p>\n<p>&nbsp;<\/p>\n<blockquote><p>En tant que citoyens et citoyennes belges engag\u00e9s dans la d\u00e9fense des droits des Palestiniens, nous ne comprenons pas l\u2019acharnement des autorit\u00e9s fran\u00e7aises \u00e0 <strong>criminaliser la campagne BDS (Boycott, D\u00e9sinvestissement, Sanctions).<\/strong><br \/>\nLa <strong>France<\/strong> est le seul pays \u00e0 engager des proc\u00e8s contre les militants <strong>BDS,<\/strong> et cela malgr\u00e9 le fait que la<strong> CEDH<\/strong> (Cour Europ\u00e9enne des Droits de l\u2019Homme) l\u2019a condamn\u00e9e \u00e0 ce titre en juin 2020.<\/p>\n<p>Et le seul boycott que vous tentez de criminaliser est celui d\u2019<strong>Isra\u00ebl<\/strong>, tous les autres n&rsquo;\u00e9tant jamais poursuivis, qu\u2019il s\u2019agisse de la Chine, de l\u2019Iran, de la Russie ou encore du Canada dont Brigitte Bardot appelle \u00e0 boycotter les produits, en raison de la chasse aux b\u00e9b\u00e9s phoques&#8230;<\/p>\n<p>Cet<strong> acharnement judiciaire,<\/strong> qui va se traduire par un nouveau proc\u00e8s en appel le 27 janvier \u00e0 Lyon contre Mme <strong>Olivia Z\u00e9mor,<\/strong> directrice de publication du site <strong>Europalestine.com<\/strong>, alors que celle-ci a \u00e9t\u00e9 relax\u00e9e en premi\u00e8re instance le 18 mai dernier, est incompr\u00e9hensible.<\/p>\n<p>D\u2019autant que<strong> TEVA,<\/strong> groupe pharmaceutique isra\u00e9lien, qui profite de l\u2019occupation des territoires palestiniens, et dont les g\u00e9n\u00e9riques sont, de ce fait, <strong>la cible d\u2019un boycott international,<\/strong> n\u2019est pas seul \u00e0 engager de nouvelles poursuites contre Mme Z\u00e9mor.<\/p>\n<p>Le<strong> gouvernement fran\u00e7ais<\/strong>, par le biais du <strong>Parquet<\/strong>, s\u2019est joint \u00e0 TEVA contre cet appel pacifique et antiraciste. Pourquoi ?<\/p>\n<p>L\u2019appel au boycott d\u2019Isra\u00ebl et de tous ses produits, tout comme celui de l\u2019<strong>Afrique du Sud<\/strong> de l\u2019apartheid, est parfaitement l\u00e9gitime. Il ne cessera que lorsque finiront l\u2019occupation et la colonisation isra\u00e9liennes, lorsque les <strong>Palestiniens<\/strong> seront libres, et que tous leurs droits, inscrits dans les r\u00e9solutions de l\u2019<strong>ONU,<\/strong> seront respect\u00e9s.<\/p>\n<p>Et nous attendons de la France, comme de tous les pays qui ont sign\u00e9 ces r\u00e9solutions de l\u2019ONU, qu\u2019elle prenne des <strong>sanctions<\/strong> pour que son alli\u00e9, <strong>Isra\u00ebl,<\/strong> cesse de violer les droits humains et le droit international.<\/p><\/blockquote>\n<p>Les participantes et participants au rassemblement sont bien d\u00e9cid\u00e9s d&rsquo;une chose : poursuivre les campagnes de <strong>boycott de TEVA et de tous les produits isra\u00e9liens et r\u00e9pondre \u00e0 toutes les attaques ayant pour but la criminalisation des activistes.<br \/>\n<\/strong><\/p>\n<p>&nbsp;<\/p>\n<p>&nbsp;<\/p>\n<p><img loading=\"lazy\" decoding=\"async\" class=\"size-medium wp-image-34782 aligncenter\" src=\"https:\/\/charleroi-pourlapalestine.be\/wp-content\/uploads\/2022\/01\/O5-225x300.jpg\" alt=\"\" width=\"225\" height=\"300\"><\/p>\n<p><img loading=\"lazy\" decoding=\"async\" class=\"size-medium wp-image-34780 aligncenter\" src=\"https:\/\/charleroi-pourlapalestine.be\/wp-content\/uploads\/2022\/01\/O3-225x300.jpg\" alt=\"\" width=\"225\" height=\"300\"><\/p>\n<p><img loading=\"lazy\" decoding=\"async\" class=\"aligncenter wp-image-34786 size-medium\" src=\"https:\/\/charleroi-pourlapalestine.be\/wp-content\/uploads\/2022\/01\/O6-225x300.jpg\" alt=\"\" width=\"225\" height=\"300\"><\/p>\n<p><img loading=\"lazy\" decoding=\"async\" class=\"aligncenter wp-image-34787 size-full\" src=\"https:\/\/charleroi-pourlapalestine.be\/wp-content\/uploads\/2022\/01\/O4-1-e1643125547290.jpg\" alt=\"\" width=\"656\" height=\"320\"><\/p>\n","protected":false},"excerpt":{"rendered":"<p>Ce mardi un rassemblement a eu lieu devant le consulat de France \u00e0 Bruxelles en soutien \u00e0 Olivia Z\u00e9mor et pour le boycott de TEVA<\/p>\n","protected":false},"author":1,"featured_media":34768,"comment_status":"closed","ping_status":"closed","sticky":false,"template":"","format":"standard","meta":{"ngg_post_thumbnail":0,"footnotes":""},"categories":[90,454,193],"tags":[],"class_list":["post-34763","post","type-post","status-publish","format-standard","has-post-thumbnail","hentry","category-bds","category-criminalisation","category-mouvement-de-solidarite"],"yoast_head":"<!-- This site is optimized with the Yoast SEO plugin v27.3 - https:\/\/yoast.com\/product\/yoast-seo-wordpress\/ -->\n<title>Boycott TEVA ! Avec toi, Olivia ! - Charleroi Pour la Palestine<\/title>\n<meta name=\"description\" content=\"Ce mardi un rassemblement a eu lieu devant le consulat de France \u00e0 Bruxelles en soutien \u00e0 Olivia Z\u00e9mor et pour le boycott de TEVA\" \/>\n<meta name=\"robots\" content=\"index, follow, max-snippet:-1, max-image-preview:large, max-video-preview:-1\" \/>\n<link rel=\"canonical\" href=\"https:\/\/charleroi-pourlapalestine.be\/index.php\/2022\/01\/25\/boycott-teva-avec-toi-olivia\/\" \/>\n<script type=\"application\/ld+json\" class=\"yoast-schema-graph\">{\"@context\":\"https:\\\/\\\/schema.org\",\"@graph\":[{\"@type\":\"Article\",\"@id\":\"https:\\\/\\\/charleroi-pourlapalestine.be\\\/index.php\\\/2022\\\/01\\\/25\\\/boycott-teva-avec-toi-olivia\\\/#article\",\"isPartOf\":{\"@id\":\"https:\\\/\\\/charleroi-pourlapalestine.be\\\/index.php\\\/2022\\\/01\\\/25\\\/boycott-teva-avec-toi-olivia\\\/\"},\"author\":{\"name\":\"admin1873\",\"@id\":\"https:\\\/\\\/charleroi-pourlapalestine.be\\\/#\\\/schema\\\/person\\\/c19ff515112f1299d8c12671d8fe3faa\"},\"headline\":\"Boycott TEVA ! Avec toi, Olivia !\",\"datePublished\":\"2022-01-25T16:02:19+00:00\",\"dateModified\":\"2022-01-25T19:05:47+00:00\",\"mainEntityOfPage\":{\"@id\":\"https:\\\/\\\/charleroi-pourlapalestine.be\\\/index.php\\\/2022\\\/01\\\/25\\\/boycott-teva-avec-toi-olivia\\\/\"},\"wordCount\":523,\"publisher\":{\"@id\":\"https:\\\/\\\/charleroi-pourlapalestine.be\\\/#organization\"},\"image\":{\"@id\":\"https:\\\/\\\/charleroi-pourlapalestine.be\\\/index.php\\\/2022\\\/01\\\/25\\\/boycott-teva-avec-toi-olivia\\\/#primaryimage\"},\"thumbnailUrl\":\"https:\\\/\\\/charleroi-pourlapalestine.be\\\/wp-content\\\/uploads\\\/2022\\\/01\\\/O1-e1643123488775.jpg\",\"articleSection\":[\"BDS\",\"criminalisation\",\"Solidarit\u00e9 internationale\"],\"inLanguage\":\"fr-FR\"},{\"@type\":\"WebPage\",\"@id\":\"https:\\\/\\\/charleroi-pourlapalestine.be\\\/index.php\\\/2022\\\/01\\\/25\\\/boycott-teva-avec-toi-olivia\\\/\",\"url\":\"https:\\\/\\\/charleroi-pourlapalestine.be\\\/index.php\\\/2022\\\/01\\\/25\\\/boycott-teva-avec-toi-olivia\\\/\",\"name\":\"Boycott TEVA ! Avec toi, Olivia ! - Charleroi Pour la Palestine\",\"isPartOf\":{\"@id\":\"https:\\\/\\\/charleroi-pourlapalestine.be\\\/#website\"},\"primaryImageOfPage\":{\"@id\":\"https:\\\/\\\/charleroi-pourlapalestine.be\\\/index.php\\\/2022\\\/01\\\/25\\\/boycott-teva-avec-toi-olivia\\\/#primaryimage\"},\"image\":{\"@id\":\"https:\\\/\\\/charleroi-pourlapalestine.be\\\/index.php\\\/2022\\\/01\\\/25\\\/boycott-teva-avec-toi-olivia\\\/#primaryimage\"},\"thumbnailUrl\":\"https:\\\/\\\/charleroi-pourlapalestine.be\\\/wp-content\\\/uploads\\\/2022\\\/01\\\/O1-e1643123488775.jpg\",\"datePublished\":\"2022-01-25T16:02:19+00:00\",\"dateModified\":\"2022-01-25T19:05:47+00:00\",\"description\":\"Ce mardi un rassemblement a eu lieu devant le consulat de France \u00e0 Bruxelles en soutien \u00e0 Olivia Z\u00e9mor et pour le boycott de TEVA\",\"breadcrumb\":{\"@id\":\"https:\\\/\\\/charleroi-pourlapalestine.be\\\/index.php\\\/2022\\\/01\\\/25\\\/boycott-teva-avec-toi-olivia\\\/#breadcrumb\"},\"inLanguage\":\"fr-FR\",\"potentialAction\":[{\"@type\":\"ReadAction\",\"target\":[\"https:\\\/\\\/charleroi-pourlapalestine.be\\\/index.php\\\/2022\\\/01\\\/25\\\/boycott-teva-avec-toi-olivia\\\/\"]}]},{\"@type\":\"ImageObject\",\"inLanguage\":\"fr-FR\",\"@id\":\"https:\\\/\\\/charleroi-pourlapalestine.be\\\/index.php\\\/2022\\\/01\\\/25\\\/boycott-teva-avec-toi-olivia\\\/#primaryimage\",\"url\":\"https:\\\/\\\/charleroi-pourlapalestine.be\\\/wp-content\\\/uploads\\\/2022\\\/01\\\/O1-e1643123488775.jpg\",\"contentUrl\":\"https:\\\/\\\/charleroi-pourlapalestine.be\\\/wp-content\\\/uploads\\\/2022\\\/01\\\/O1-e1643123488775.jpg\",\"width\":427,\"height\":320},{\"@type\":\"BreadcrumbList\",\"@id\":\"https:\\\/\\\/charleroi-pourlapalestine.be\\\/index.php\\\/2022\\\/01\\\/25\\\/boycott-teva-avec-toi-olivia\\\/#breadcrumb\",\"itemListElement\":[{\"@type\":\"ListItem\",\"position\":1,\"name\":\"Accueil\",\"item\":\"https:\\\/\\\/charleroi-pourlapalestine.be\\\/\"},{\"@type\":\"ListItem\",\"position\":2,\"name\":\"Boycott TEVA ! Avec toi, Olivia !\"}]},{\"@type\":\"WebSite\",\"@id\":\"https:\\\/\\\/charleroi-pourlapalestine.be\\\/#website\",\"url\":\"https:\\\/\\\/charleroi-pourlapalestine.be\\\/\",\"name\":\"Charleroi Pour la Palestine\",\"description\":\"\",\"publisher\":{\"@id\":\"https:\\\/\\\/charleroi-pourlapalestine.be\\\/#organization\"},\"potentialAction\":[{\"@type\":\"SearchAction\",\"target\":{\"@type\":\"EntryPoint\",\"urlTemplate\":\"https:\\\/\\\/charleroi-pourlapalestine.be\\\/?s={search_term_string}\"},\"query-input\":{\"@type\":\"PropertyValueSpecification\",\"valueRequired\":true,\"valueName\":\"search_term_string\"}}],\"inLanguage\":\"fr-FR\"},{\"@type\":\"Organization\",\"@id\":\"https:\\\/\\\/charleroi-pourlapalestine.be\\\/#organization\",\"name\":\"Plate-forme Charleroi-Palestine\",\"url\":\"https:\\\/\\\/charleroi-pourlapalestine.be\\\/\",\"logo\":{\"@type\":\"ImageObject\",\"inLanguage\":\"fr-FR\",\"@id\":\"https:\\\/\\\/charleroi-pourlapalestine.be\\\/#\\\/schema\\\/logo\\\/image\\\/\",\"url\":\"https:\\\/\\\/charleroi-pourlapalestine.be\\\/wp-content\\\/uploads\\\/2020\\\/01\\\/logo-Copy.jpg\",\"contentUrl\":\"https:\\\/\\\/charleroi-pourlapalestine.be\\\/wp-content\\\/uploads\\\/2020\\\/01\\\/logo-Copy.jpg\",\"width\":180,\"height\":180,\"caption\":\"Plate-forme Charleroi-Palestine\"},\"image\":{\"@id\":\"https:\\\/\\\/charleroi-pourlapalestine.be\\\/#\\\/schema\\\/logo\\\/image\\\/\"},\"sameAs\":[\"https:\\\/\\\/www.facebook.com\\\/PlateformeCharleroiPalestine\\\/\",\"https:\\\/\\\/x.com\\\/LaCharleroi\"]},{\"@type\":\"Person\",\"@id\":\"https:\\\/\\\/charleroi-pourlapalestine.be\\\/#\\\/schema\\\/person\\\/c19ff515112f1299d8c12671d8fe3faa\",\"name\":\"admin1873\",\"url\":\"https:\\\/\\\/charleroi-pourlapalestine.be\\\/index.php\\\/author\\\/admin1873\\\/\"}]}<\/script>\n<!-- \/ Yoast SEO plugin. -->","yoast_head_json":{"title":"Boycott TEVA ! Avec toi, Olivia ! - Charleroi Pour la Palestine","description":"Ce mardi un rassemblement a eu lieu devant le consulat de France \u00e0 Bruxelles en soutien \u00e0 Olivia Z\u00e9mor et pour le boycott de TEVA","robots":{"index":"index","follow":"follow","max-snippet":"max-snippet:-1","max-image-preview":"max-image-preview:large","max-video-preview":"max-video-preview:-1"},"canonical":"https:\/\/charleroi-pourlapalestine.be\/index.php\/2022\/01\/25\/boycott-teva-avec-toi-olivia\/","schema":{"@context":"https:\/\/schema.org","@graph":[{"@type":"Article","@id":"https:\/\/charleroi-pourlapalestine.be\/index.php\/2022\/01\/25\/boycott-teva-avec-toi-olivia\/#article","isPartOf":{"@id":"https:\/\/charleroi-pourlapalestine.be\/index.php\/2022\/01\/25\/boycott-teva-avec-toi-olivia\/"},"author":{"name":"admin1873","@id":"https:\/\/charleroi-pourlapalestine.be\/#\/schema\/person\/c19ff515112f1299d8c12671d8fe3faa"},"headline":"Boycott TEVA ! Avec toi, Olivia !","datePublished":"2022-01-25T16:02:19+00:00","dateModified":"2022-01-25T19:05:47+00:00","mainEntityOfPage":{"@id":"https:\/\/charleroi-pourlapalestine.be\/index.php\/2022\/01\/25\/boycott-teva-avec-toi-olivia\/"},"wordCount":523,"publisher":{"@id":"https:\/\/charleroi-pourlapalestine.be\/#organization"},"image":{"@id":"https:\/\/charleroi-pourlapalestine.be\/index.php\/2022\/01\/25\/boycott-teva-avec-toi-olivia\/#primaryimage"},"thumbnailUrl":"https:\/\/charleroi-pourlapalestine.be\/wp-content\/uploads\/2022\/01\/O1-e1643123488775.jpg","articleSection":["BDS","criminalisation","Solidarit\u00e9 internationale"],"inLanguage":"fr-FR"},{"@type":"WebPage","@id":"https:\/\/charleroi-pourlapalestine.be\/index.php\/2022\/01\/25\/boycott-teva-avec-toi-olivia\/","url":"https:\/\/charleroi-pourlapalestine.be\/index.php\/2022\/01\/25\/boycott-teva-avec-toi-olivia\/","name":"Boycott TEVA ! Avec toi, Olivia ! - Charleroi Pour la Palestine","isPartOf":{"@id":"https:\/\/charleroi-pourlapalestine.be\/#website"},"primaryImageOfPage":{"@id":"https:\/\/charleroi-pourlapalestine.be\/index.php\/2022\/01\/25\/boycott-teva-avec-toi-olivia\/#primaryimage"},"image":{"@id":"https:\/\/charleroi-pourlapalestine.be\/index.php\/2022\/01\/25\/boycott-teva-avec-toi-olivia\/#primaryimage"},"thumbnailUrl":"https:\/\/charleroi-pourlapalestine.be\/wp-content\/uploads\/2022\/01\/O1-e1643123488775.jpg","datePublished":"2022-01-25T16:02:19+00:00","dateModified":"2022-01-25T19:05:47+00:00","description":"Ce mardi un rassemblement a eu lieu devant le consulat de France \u00e0 Bruxelles en soutien \u00e0 Olivia Z\u00e9mor et pour le boycott de TEVA","breadcrumb":{"@id":"https:\/\/charleroi-pourlapalestine.be\/index.php\/2022\/01\/25\/boycott-teva-avec-toi-olivia\/#breadcrumb"},"inLanguage":"fr-FR","potentialAction":[{"@type":"ReadAction","target":["https:\/\/charleroi-pourlapalestine.be\/index.php\/2022\/01\/25\/boycott-teva-avec-toi-olivia\/"]}]},{"@type":"ImageObject","inLanguage":"fr-FR","@id":"https:\/\/charleroi-pourlapalestine.be\/index.php\/2022\/01\/25\/boycott-teva-avec-toi-olivia\/#primaryimage","url":"https:\/\/charleroi-pourlapalestine.be\/wp-content\/uploads\/2022\/01\/O1-e1643123488775.jpg","contentUrl":"https:\/\/charleroi-pourlapalestine.be\/wp-content\/uploads\/2022\/01\/O1-e1643123488775.jpg","width":427,"height":320},{"@type":"BreadcrumbList","@id":"https:\/\/charleroi-pourlapalestine.be\/index.php\/2022\/01\/25\/boycott-teva-avec-toi-olivia\/#breadcrumb","itemListElement":[{"@type":"ListItem","position":1,"name":"Accueil","item":"https:\/\/charleroi-pourlapalestine.be\/"},{"@type":"ListItem","position":2,"name":"Boycott TEVA ! Avec toi, Olivia !"}]},{"@type":"WebSite","@id":"https:\/\/charleroi-pourlapalestine.be\/#website","url":"https:\/\/charleroi-pourlapalestine.be\/","name":"Charleroi Pour la Palestine","description":"","publisher":{"@id":"https:\/\/charleroi-pourlapalestine.be\/#organization"},"potentialAction":[{"@type":"SearchAction","target":{"@type":"EntryPoint","urlTemplate":"https:\/\/charleroi-pourlapalestine.be\/?s={search_term_string}"},"query-input":{"@type":"PropertyValueSpecification","valueRequired":true,"valueName":"search_term_string"}}],"inLanguage":"fr-FR"},{"@type":"Organization","@id":"https:\/\/charleroi-pourlapalestine.be\/#organization","name":"Plate-forme Charleroi-Palestine","url":"https:\/\/charleroi-pourlapalestine.be\/","logo":{"@type":"ImageObject","inLanguage":"fr-FR","@id":"https:\/\/charleroi-pourlapalestine.be\/#\/schema\/logo\/image\/","url":"https:\/\/charleroi-pourlapalestine.be\/wp-content\/uploads\/2020\/01\/logo-Copy.jpg","contentUrl":"https:\/\/charleroi-pourlapalestine.be\/wp-content\/uploads\/2020\/01\/logo-Copy.jpg","width":180,"height":180,"caption":"Plate-forme Charleroi-Palestine"},"image":{"@id":"https:\/\/charleroi-pourlapalestine.be\/#\/schema\/logo\/image\/"},"sameAs":["https:\/\/www.facebook.com\/PlateformeCharleroiPalestine\/","https:\/\/x.com\/LaCharleroi"]},{"@type":"Person","@id":"https:\/\/charleroi-pourlapalestine.be\/#\/schema\/person\/c19ff515112f1299d8c12671d8fe3faa","name":"admin1873","url":"https:\/\/charleroi-pourlapalestine.be\/index.php\/author\/admin1873\/"}]}},"_links":{"self":[{"href":"https:\/\/charleroi-pourlapalestine.be\/index.php\/wp-json\/wp\/v2\/posts\/34763","targetHints":{"allow":["GET"]}}],"collection":[{"href":"https:\/\/charleroi-pourlapalestine.be\/index.php\/wp-json\/wp\/v2\/posts"}],"about":[{"href":"https:\/\/charleroi-pourlapalestine.be\/index.php\/wp-json\/wp\/v2\/types\/post"}],"author":[{"embeddable":true,"href":"https:\/\/charleroi-pourlapalestine.be\/index.php\/wp-json\/wp\/v2\/users\/1"}],"replies":[{"embeddable":true,"href":"https:\/\/charleroi-pourlapalestine.be\/index.php\/wp-json\/wp\/v2\/comments?post=34763"}],"version-history":[{"count":0,"href":"https:\/\/charleroi-pourlapalestine.be\/index.php\/wp-json\/wp\/v2\/posts\/34763\/revisions"}],"wp:featuredmedia":[{"embeddable":true,"href":"https:\/\/charleroi-pourlapalestine.be\/index.php\/wp-json\/wp\/v2\/media\/34768"}],"wp:attachment":[{"href":"https:\/\/charleroi-pourlapalestine.be\/index.php\/wp-json\/wp\/v2\/media?parent=34763"}],"wp:term":[{"taxonomy":"category","embeddable":true,"href":"https:\/\/charleroi-pourlapalestine.be\/index.php\/wp-json\/wp\/v2\/categories?post=34763"},{"taxonomy":"post_tag","embeddable":true,"href":"https:\/\/charleroi-pourlapalestine.be\/index.php\/wp-json\/wp\/v2\/tags?post=34763"}],"curies":[{"name":"wp","href":"https:\/\/api.w.org\/{rel}","templated":true}]}}