{"id":35048,"date":"2022-02-03T09:47:41","date_gmt":"2022-02-03T08:47:41","guid":{"rendered":"https:\/\/charleroi-pourlapalestine.be\/?p=35048"},"modified":"2022-02-03T09:52:27","modified_gmt":"2022-02-03T08:52:27","slug":"le-liban-pour-cible","status":"publish","type":"post","link":"https:\/\/charleroi-pourlapalestine.be\/index.php\/2022\/02\/03\/le-liban-pour-cible\/","title":{"rendered":"Le Liban pour cible"},"content":{"rendered":"<p>Le Liban est une cible de premier choix pour Isra\u00ebl et ce pays est de toutes les conspirations en vue de semer au Liban une zizanie sectaire susceptible de le plonger dans une guerre civile.<\/p>\n<p><img loading=\"lazy\" decoding=\"async\" class=\"aligncenter wp-image-35053 size-full\" src=\"https:\/\/charleroi-pourlapalestine.be\/wp-content\/uploads\/2022\/02\/Hezbollah-e1643877928813.jpg\" alt=\"\" width=\"512\" height=\"320\"><\/p>\n<p><a href=\"https:\/\/charleroi-pourlapalestine.be\/index.php\/tag\/abdel-bari-atwan\/\"><strong>Abdel Bari Atwan<\/strong><\/a>, 1<sup>er<\/sup> f\u00e9vrier 2022<\/p>\n<p>Le ministre int\u00e9rimaire libanais de l\u2019Information,<strong> Abbas al-Halabi,<\/strong> annon\u00e7ait ce lundi le d\u00e9samor\u00e7age de<strong> 17 r\u00e9seaux d\u2019espionnage<\/strong> g\u00e9r\u00e9s par l\u2019\u00c9tat d\u2019occupation isra\u00e9lien et l\u2019arrestation de plus de 20 ressortissants libanais, palestiniens et syriens impliqu\u00e9s dans ces m\u00eames r\u00e9seaux.<\/p>\n<p>C\u2019est une importante r\u00e9ussite, pour les forces s\u00e9curitaires libanaises, surtout \u00e9tant donn\u00e9 les circonstances politiques et \u00e9conomiques difficiles du pays. Cela confirme que, dans le m\u00eame temps o\u00f9 d\u2019autres gouvernements arabes peuvent se h\u00e2ter \u00e0 normaliser leurs relations avec Isra\u00ebl, ce dernier, <strong>pour le Liban, reste un occupant raciste et un ennemi.<\/strong><\/p>\n<p>La mise au jour de ces r\u00e9seaux et leur ampleur ne devraient pas constituer une surprise. Le<strong> Liban<\/strong> est une cible de premier choix pour Isra\u00ebl et ce pays est de toutes les conspirations en vue de semer au Liban une zizanie sectaire susceptible de le plonger dans une guerre civile.<\/p>\n<p>Le<strong> Hezbollah<\/strong> et ses forces de r\u00e9sistance, aid\u00e9es par un \u00e9norme arsenal de missiles et une vaste exp\u00e9rience de combat et d\u2019organisation acquise en<strong> Syrie<\/strong> et en<strong> Irak<\/strong> de m\u00eame qu\u2019au<strong> Liban<\/strong>, sont per\u00e7us comme une menace existentielle par l\u2019\u00c9tat d\u2019occupation isra\u00e9lien, apr\u00e8s qu\u2019ils ont inflig\u00e9 \u00e0 son arm\u00e9e deux d\u00e9faites humiliantes en 2002 et 2006. D\u2019o\u00f9 les efforts incessants de ses renseignements pour implanter au Liban des espions et des agents et pour y semer des graines de s\u00e9dition.<\/p>\n<p>Malgr\u00e9 30 ans d\u2019efforts acharn\u00e9s, la plupart de ses tentatives d\u2019infiltration de la r\u00e9sistance libanaise ont \u00e9chou\u00e9, de m\u00eame que ses tentatives d\u2019assassinat de son dirigeant <strong>Hassan Nasrallah<\/strong>. Les personnalit\u00e9s du Hezbollah que les Isra\u00e9liens sont parvenus \u00e0 atteindre se trouvaient pour la plupart hors du Liban, entre autres, son commandant militaire, feu <strong>Imad Mughniyeh.<\/strong><\/p>\n<p>Le Liban est dans l\u2019\u0153il d\u2019un cyclone d\u2019op\u00e9rations de renseignement et psychologiques du fait qu\u2019il est <strong>l\u2019un des rares \u00c9tats arabes qui continuent \u00e0 croire et \u00e0 adh\u00e9rer \u00e0 la r\u00e9sistance.<\/strong> La plupart de ses forces politiques patriotiques, qui constituent une majorit\u00e9, croient en la n\u00e9cessit\u00e9 de lib\u00e9rer <strong>tous les territoires arabes occup\u00e9s \u2013 en Palestine et dans les hauteurs du Golan, outre les fermes libanaises de Cheeba et sept autres villages occup\u00e9s dans le sud<\/strong> \u2013 et en l\u2019affirmation de la souverainet\u00e9 du Liban sur tous ses <strong>gisements p\u00e9troliers et gaziers<\/strong> offshore de la M\u00e9diterran\u00e9e orientale.<\/p>\n<p>Il est \u00e0 porter au cr\u00e9dit du <strong>Hezbollah<\/strong> qu\u2019il traite avec sagesse avec ses adversaires, particuli\u00e8rement quand d\u2019importants principes nationaux sont en jeu. Il s\u2019est \u00e9lev\u00e9 au-dessus de ses divergences id\u00e9ologiques et politiques avec certaines factions palestiniennes et il a accueilli leurs dirigeants dans son bastion au sud de <strong>Beyrouth<\/strong>. Il sait que certains de leurs associ\u00e9s ont \u00e9t\u00e9 impliqu\u00e9s dans des bombardements qui ont vis\u00e9 le faubourg et provoqu\u00e9 des pertes humaines civiles, mais il a refus\u00e9 d\u2019en parler afin d\u2019\u00e9viter de saper leur image aux yeux de ses propres partisans et du public libanais en g\u00e9n\u00e9ral, et d\u2019\u00e9viter \u00e9galement la discorde et un bain de sang.<\/p>\n<p>Le<strong> Liban<\/strong> continue \u00e0 tenir bon sur le plan de ses principes nationaux. Les crises et conspirations qui visent sa s\u00e9curit\u00e9 et sa stabilit\u00e9 peuvent faire partie du prix \u00e0 payer pour cela. Il m\u00e9rite par cons\u00e9quent le respect et l\u2019appr\u00e9ciation. Ses ennuis actuels finiront s\u00fbrement par passer, comme l\u2019ont d\u00e9j\u00e0 fait tant de probl\u00e8mes ant\u00e9rieurs.<\/p>\n<p style=\"text-align: center;\">\u00b0\u00b0\u00b0\u00b0\u00b0<\/p>\n<p><strong><img loading=\"lazy\" decoding=\"async\" class=\"alignleft wp-image-32577 size-thumbnail\" src=\"https:\/\/charleroi-pourlapalestine.be\/wp-content\/uploads\/2021\/11\/Abdel-Bari-Atwan-150x150.jpg\" sizes=\"auto, (max-width: 150px) 100vw, 150px\" srcset=\"https:\/\/charleroi-pourlapalestine.be\/wp-content\/uploads\/2021\/11\/Abdel-Bari-Atwan-150x150.jpg 150w, https:\/\/charleroi-pourlapalestine.be\/wp-content\/uploads\/2021\/11\/Abdel-Bari-Atwan-80x80.jpg 80w\" alt=\"Abdel Bari Atwan\" width=\"150\" height=\"150\">Abdel Bari Atwan<\/strong> est le r\u00e9dacteur en chef du site <a href=\"http:\/\/www.raialyoum.com\/\" target=\"_blank\" rel=\"noopener noreferrer\">Rai al-Youm<\/a> (<em>\u201cL\u2019opinion d\u2019aujourd\u2019hui\u201d<\/em>, un site qui se veut nationaliste arabe, antisaoudien et antisioniste). Il est l\u2019ancien directeur du quotidien <strong>Al-Quds Al-Arabi<\/strong> et l\u2019auteur de <a href=\"https:\/\/www.amazon.com\/Secret-History-al-Q%C3%A6da\/dp\/0520255615\/166-8476056-4104055?ie=UTF8&amp;*Version*=1&amp;*entries*=0\" target=\"_blank\" rel=\"noopener noreferrer\">L\u2019histoire secr\u00e8te d\u2019al-Qa\u00efda<\/a>, de ses m\u00e9moires, <a href=\"https:\/\/www.amazon.co.uk\/Country-Words-Palestinian-Journey-Refugee\/dp\/0863566219\/277-5311943-5713818?ie=UTF8&amp;*Version*=1&amp;*entries*=0\" target=\"_blank\" rel=\"noopener noreferrer\">A Country of Words<\/a>, et d\u2019<a href=\"https:\/\/www.amazon.com\/After-bin-Laden-Qaeda-Generation\/dp\/159558899X?ie=UTF8&amp;*Version*=1&amp;*entries*=0\" target=\"_blank\" rel=\"noopener noreferrer\">Al-Qaida : la nouvelle g\u00e9n\u00e9ration<\/a>. Vous pouvez le suivre sur Twitter : <a href=\"https:\/\/twitter.com\/abdelbariatwan\" target=\"_blank\" rel=\"noopener noreferrer\">@abdelbariatwan<\/a><\/p>\n<p style=\"text-align: center;\">\u00b0\u00b0\u00b0\u00b0\u00b0<\/p>\n<p>Publi\u00e9 le 1er f\u00e9vrier 2022 sur le site<a href=\"https:\/\/www.raialyoum.com\/category\/english\/\" target=\"_blank\" rel=\"noopener\"><strong> Rai al-Youm<\/strong><\/a><br \/>\nTraduction :<span class=\"trad\"> Jean-Marie Fl\u00e9mal, <a href=\"https:\/\/charleroi-pourlapalestine.be\/\" target=\"_blank\" rel=\"noopener noreferrer\"><strong>Charleroi pour la Palestine<\/strong><\/a><\/span><\/p>\n<p>&nbsp;<\/p>\n","protected":false},"excerpt":{"rendered":"<p>Le Liban est une cible de premier choix pour Isra\u00ebl et ce pays est de toutes les conspirations en vue de semer au Liban une zizanie sectaire susceptible de le plonger dans une guerre civile.<\/p>\n","protected":false},"author":1,"featured_media":0,"comment_status":"closed","ping_status":"closed","sticky":false,"template":"","format":"standard","meta":{"ngg_post_thumbnail":0,"footnotes":""},"categories":[137,126,191],"tags":[],"class_list":["post-35048","post","type-post","status-publish","format-standard","hentry","category-hezbollah","category-israel","category-liban"],"yoast_head":"<!-- This site is optimized with the Yoast SEO plugin v27.3 - https:\/\/yoast.com\/product\/yoast-seo-wordpress\/ -->\n<title>Le Liban pour cible - Charleroi Pour la Palestine<\/title>\n<meta name=\"description\" content=\"Le Liban est une cible de premier choix pour Isra\u00ebl et ce pays est de toutes les conspirations en vue de semer au Liban une zizanie sectaire susceptible de le plonger dans une guerre civile.\" \/>\n<meta name=\"robots\" content=\"index, follow, max-snippet:-1, max-image-preview:large, max-video-preview:-1\" \/>\n<link rel=\"canonical\" href=\"https:\/\/charleroi-pourlapalestine.be\/index.php\/2022\/02\/03\/le-liban-pour-cible\/\" \/>\n<script type=\"application\/ld+json\" class=\"yoast-schema-graph\">{\"@context\":\"https:\\\/\\\/schema.org\",\"@graph\":[{\"@type\":\"Article\",\"@id\":\"https:\\\/\\\/charleroi-pourlapalestine.be\\\/index.php\\\/2022\\\/02\\\/03\\\/le-liban-pour-cible\\\/#article\",\"isPartOf\":{\"@id\":\"https:\\\/\\\/charleroi-pourlapalestine.be\\\/index.php\\\/2022\\\/02\\\/03\\\/le-liban-pour-cible\\\/\"},\"author\":{\"name\":\"admin1873\",\"@id\":\"https:\\\/\\\/charleroi-pourlapalestine.be\\\/#\\\/schema\\\/person\\\/c19ff515112f1299d8c12671d8fe3faa\"},\"headline\":\"Le Liban pour cible\",\"datePublished\":\"2022-02-03T08:47:41+00:00\",\"dateModified\":\"2022-02-03T08:52:27+00:00\",\"mainEntityOfPage\":{\"@id\":\"https:\\\/\\\/charleroi-pourlapalestine.be\\\/index.php\\\/2022\\\/02\\\/03\\\/le-liban-pour-cible\\\/\"},\"wordCount\":745,\"publisher\":{\"@id\":\"https:\\\/\\\/charleroi-pourlapalestine.be\\\/#organization\"},\"image\":{\"@id\":\"https:\\\/\\\/charleroi-pourlapalestine.be\\\/index.php\\\/2022\\\/02\\\/03\\\/le-liban-pour-cible\\\/#primaryimage\"},\"thumbnailUrl\":\"https:\\\/\\\/charleroi-pourlapalestine.be\\\/wp-content\\\/uploads\\\/2022\\\/02\\\/Hezbollah-e1643877928813.jpg\",\"articleSection\":[\"Hezbollah\",\"Isra\u00ebl\",\"Liban\"],\"inLanguage\":\"fr-FR\"},{\"@type\":\"WebPage\",\"@id\":\"https:\\\/\\\/charleroi-pourlapalestine.be\\\/index.php\\\/2022\\\/02\\\/03\\\/le-liban-pour-cible\\\/\",\"url\":\"https:\\\/\\\/charleroi-pourlapalestine.be\\\/index.php\\\/2022\\\/02\\\/03\\\/le-liban-pour-cible\\\/\",\"name\":\"Le Liban pour cible - Charleroi Pour la Palestine\",\"isPartOf\":{\"@id\":\"https:\\\/\\\/charleroi-pourlapalestine.be\\\/#website\"},\"primaryImageOfPage\":{\"@id\":\"https:\\\/\\\/charleroi-pourlapalestine.be\\\/index.php\\\/2022\\\/02\\\/03\\\/le-liban-pour-cible\\\/#primaryimage\"},\"image\":{\"@id\":\"https:\\\/\\\/charleroi-pourlapalestine.be\\\/index.php\\\/2022\\\/02\\\/03\\\/le-liban-pour-cible\\\/#primaryimage\"},\"thumbnailUrl\":\"https:\\\/\\\/charleroi-pourlapalestine.be\\\/wp-content\\\/uploads\\\/2022\\\/02\\\/Hezbollah-e1643877928813.jpg\",\"datePublished\":\"2022-02-03T08:47:41+00:00\",\"dateModified\":\"2022-02-03T08:52:27+00:00\",\"description\":\"Le Liban est une cible de premier choix pour Isra\u00ebl et ce pays est de toutes les conspirations en vue de semer au Liban une zizanie sectaire susceptible de le plonger dans une guerre civile.\",\"breadcrumb\":{\"@id\":\"https:\\\/\\\/charleroi-pourlapalestine.be\\\/index.php\\\/2022\\\/02\\\/03\\\/le-liban-pour-cible\\\/#breadcrumb\"},\"inLanguage\":\"fr-FR\",\"potentialAction\":[{\"@type\":\"ReadAction\",\"target\":[\"https:\\\/\\\/charleroi-pourlapalestine.be\\\/index.php\\\/2022\\\/02\\\/03\\\/le-liban-pour-cible\\\/\"]}]},{\"@type\":\"ImageObject\",\"inLanguage\":\"fr-FR\",\"@id\":\"https:\\\/\\\/charleroi-pourlapalestine.be\\\/index.php\\\/2022\\\/02\\\/03\\\/le-liban-pour-cible\\\/#primaryimage\",\"url\":\"\",\"contentUrl\":\"\"},{\"@type\":\"BreadcrumbList\",\"@id\":\"https:\\\/\\\/charleroi-pourlapalestine.be\\\/index.php\\\/2022\\\/02\\\/03\\\/le-liban-pour-cible\\\/#breadcrumb\",\"itemListElement\":[{\"@type\":\"ListItem\",\"position\":1,\"name\":\"Accueil\",\"item\":\"https:\\\/\\\/charleroi-pourlapalestine.be\\\/\"},{\"@type\":\"ListItem\",\"position\":2,\"name\":\"Le Liban pour cible\"}]},{\"@type\":\"WebSite\",\"@id\":\"https:\\\/\\\/charleroi-pourlapalestine.be\\\/#website\",\"url\":\"https:\\\/\\\/charleroi-pourlapalestine.be\\\/\",\"name\":\"Charleroi Pour la Palestine\",\"description\":\"\",\"publisher\":{\"@id\":\"https:\\\/\\\/charleroi-pourlapalestine.be\\\/#organization\"},\"potentialAction\":[{\"@type\":\"SearchAction\",\"target\":{\"@type\":\"EntryPoint\",\"urlTemplate\":\"https:\\\/\\\/charleroi-pourlapalestine.be\\\/?s={search_term_string}\"},\"query-input\":{\"@type\":\"PropertyValueSpecification\",\"valueRequired\":true,\"valueName\":\"search_term_string\"}}],\"inLanguage\":\"fr-FR\"},{\"@type\":\"Organization\",\"@id\":\"https:\\\/\\\/charleroi-pourlapalestine.be\\\/#organization\",\"name\":\"Plate-forme Charleroi-Palestine\",\"url\":\"https:\\\/\\\/charleroi-pourlapalestine.be\\\/\",\"logo\":{\"@type\":\"ImageObject\",\"inLanguage\":\"fr-FR\",\"@id\":\"https:\\\/\\\/charleroi-pourlapalestine.be\\\/#\\\/schema\\\/logo\\\/image\\\/\",\"url\":\"https:\\\/\\\/charleroi-pourlapalestine.be\\\/wp-content\\\/uploads\\\/2020\\\/01\\\/logo-Copy.jpg\",\"contentUrl\":\"https:\\\/\\\/charleroi-pourlapalestine.be\\\/wp-content\\\/uploads\\\/2020\\\/01\\\/logo-Copy.jpg\",\"width\":180,\"height\":180,\"caption\":\"Plate-forme Charleroi-Palestine\"},\"image\":{\"@id\":\"https:\\\/\\\/charleroi-pourlapalestine.be\\\/#\\\/schema\\\/logo\\\/image\\\/\"},\"sameAs\":[\"https:\\\/\\\/www.facebook.com\\\/PlateformeCharleroiPalestine\\\/\",\"https:\\\/\\\/x.com\\\/LaCharleroi\"]},{\"@type\":\"Person\",\"@id\":\"https:\\\/\\\/charleroi-pourlapalestine.be\\\/#\\\/schema\\\/person\\\/c19ff515112f1299d8c12671d8fe3faa\",\"name\":\"admin1873\",\"url\":\"https:\\\/\\\/charleroi-pourlapalestine.be\\\/index.php\\\/author\\\/admin1873\\\/\"}]}<\/script>\n<!-- \/ Yoast SEO plugin. -->","yoast_head_json":{"title":"Le Liban pour cible - Charleroi Pour la Palestine","description":"Le Liban est une cible de premier choix pour Isra\u00ebl et ce pays est de toutes les conspirations en vue de semer au Liban une zizanie sectaire susceptible de le plonger dans une guerre civile.","robots":{"index":"index","follow":"follow","max-snippet":"max-snippet:-1","max-image-preview":"max-image-preview:large","max-video-preview":"max-video-preview:-1"},"canonical":"https:\/\/charleroi-pourlapalestine.be\/index.php\/2022\/02\/03\/le-liban-pour-cible\/","schema":{"@context":"https:\/\/schema.org","@graph":[{"@type":"Article","@id":"https:\/\/charleroi-pourlapalestine.be\/index.php\/2022\/02\/03\/le-liban-pour-cible\/#article","isPartOf":{"@id":"https:\/\/charleroi-pourlapalestine.be\/index.php\/2022\/02\/03\/le-liban-pour-cible\/"},"author":{"name":"admin1873","@id":"https:\/\/charleroi-pourlapalestine.be\/#\/schema\/person\/c19ff515112f1299d8c12671d8fe3faa"},"headline":"Le Liban pour cible","datePublished":"2022-02-03T08:47:41+00:00","dateModified":"2022-02-03T08:52:27+00:00","mainEntityOfPage":{"@id":"https:\/\/charleroi-pourlapalestine.be\/index.php\/2022\/02\/03\/le-liban-pour-cible\/"},"wordCount":745,"publisher":{"@id":"https:\/\/charleroi-pourlapalestine.be\/#organization"},"image":{"@id":"https:\/\/charleroi-pourlapalestine.be\/index.php\/2022\/02\/03\/le-liban-pour-cible\/#primaryimage"},"thumbnailUrl":"https:\/\/charleroi-pourlapalestine.be\/wp-content\/uploads\/2022\/02\/Hezbollah-e1643877928813.jpg","articleSection":["Hezbollah","Isra\u00ebl","Liban"],"inLanguage":"fr-FR"},{"@type":"WebPage","@id":"https:\/\/charleroi-pourlapalestine.be\/index.php\/2022\/02\/03\/le-liban-pour-cible\/","url":"https:\/\/charleroi-pourlapalestine.be\/index.php\/2022\/02\/03\/le-liban-pour-cible\/","name":"Le Liban pour cible - Charleroi Pour la Palestine","isPartOf":{"@id":"https:\/\/charleroi-pourlapalestine.be\/#website"},"primaryImageOfPage":{"@id":"https:\/\/charleroi-pourlapalestine.be\/index.php\/2022\/02\/03\/le-liban-pour-cible\/#primaryimage"},"image":{"@id":"https:\/\/charleroi-pourlapalestine.be\/index.php\/2022\/02\/03\/le-liban-pour-cible\/#primaryimage"},"thumbnailUrl":"https:\/\/charleroi-pourlapalestine.be\/wp-content\/uploads\/2022\/02\/Hezbollah-e1643877928813.jpg","datePublished":"2022-02-03T08:47:41+00:00","dateModified":"2022-02-03T08:52:27+00:00","description":"Le Liban est une cible de premier choix pour Isra\u00ebl et ce pays est de toutes les conspirations en vue de semer au Liban une zizanie sectaire susceptible de le plonger dans une guerre civile.","breadcrumb":{"@id":"https:\/\/charleroi-pourlapalestine.be\/index.php\/2022\/02\/03\/le-liban-pour-cible\/#breadcrumb"},"inLanguage":"fr-FR","potentialAction":[{"@type":"ReadAction","target":["https:\/\/charleroi-pourlapalestine.be\/index.php\/2022\/02\/03\/le-liban-pour-cible\/"]}]},{"@type":"ImageObject","inLanguage":"fr-FR","@id":"https:\/\/charleroi-pourlapalestine.be\/index.php\/2022\/02\/03\/le-liban-pour-cible\/#primaryimage","url":"","contentUrl":""},{"@type":"BreadcrumbList","@id":"https:\/\/charleroi-pourlapalestine.be\/index.php\/2022\/02\/03\/le-liban-pour-cible\/#breadcrumb","itemListElement":[{"@type":"ListItem","position":1,"name":"Accueil","item":"https:\/\/charleroi-pourlapalestine.be\/"},{"@type":"ListItem","position":2,"name":"Le Liban pour cible"}]},{"@type":"WebSite","@id":"https:\/\/charleroi-pourlapalestine.be\/#website","url":"https:\/\/charleroi-pourlapalestine.be\/","name":"Charleroi Pour la Palestine","description":"","publisher":{"@id":"https:\/\/charleroi-pourlapalestine.be\/#organization"},"potentialAction":[{"@type":"SearchAction","target":{"@type":"EntryPoint","urlTemplate":"https:\/\/charleroi-pourlapalestine.be\/?s={search_term_string}"},"query-input":{"@type":"PropertyValueSpecification","valueRequired":true,"valueName":"search_term_string"}}],"inLanguage":"fr-FR"},{"@type":"Organization","@id":"https:\/\/charleroi-pourlapalestine.be\/#organization","name":"Plate-forme Charleroi-Palestine","url":"https:\/\/charleroi-pourlapalestine.be\/","logo":{"@type":"ImageObject","inLanguage":"fr-FR","@id":"https:\/\/charleroi-pourlapalestine.be\/#\/schema\/logo\/image\/","url":"https:\/\/charleroi-pourlapalestine.be\/wp-content\/uploads\/2020\/01\/logo-Copy.jpg","contentUrl":"https:\/\/charleroi-pourlapalestine.be\/wp-content\/uploads\/2020\/01\/logo-Copy.jpg","width":180,"height":180,"caption":"Plate-forme Charleroi-Palestine"},"image":{"@id":"https:\/\/charleroi-pourlapalestine.be\/#\/schema\/logo\/image\/"},"sameAs":["https:\/\/www.facebook.com\/PlateformeCharleroiPalestine\/","https:\/\/x.com\/LaCharleroi"]},{"@type":"Person","@id":"https:\/\/charleroi-pourlapalestine.be\/#\/schema\/person\/c19ff515112f1299d8c12671d8fe3faa","name":"admin1873","url":"https:\/\/charleroi-pourlapalestine.be\/index.php\/author\/admin1873\/"}]}},"_links":{"self":[{"href":"https:\/\/charleroi-pourlapalestine.be\/index.php\/wp-json\/wp\/v2\/posts\/35048","targetHints":{"allow":["GET"]}}],"collection":[{"href":"https:\/\/charleroi-pourlapalestine.be\/index.php\/wp-json\/wp\/v2\/posts"}],"about":[{"href":"https:\/\/charleroi-pourlapalestine.be\/index.php\/wp-json\/wp\/v2\/types\/post"}],"author":[{"embeddable":true,"href":"https:\/\/charleroi-pourlapalestine.be\/index.php\/wp-json\/wp\/v2\/users\/1"}],"replies":[{"embeddable":true,"href":"https:\/\/charleroi-pourlapalestine.be\/index.php\/wp-json\/wp\/v2\/comments?post=35048"}],"version-history":[{"count":0,"href":"https:\/\/charleroi-pourlapalestine.be\/index.php\/wp-json\/wp\/v2\/posts\/35048\/revisions"}],"wp:attachment":[{"href":"https:\/\/charleroi-pourlapalestine.be\/index.php\/wp-json\/wp\/v2\/media?parent=35048"}],"wp:term":[{"taxonomy":"category","embeddable":true,"href":"https:\/\/charleroi-pourlapalestine.be\/index.php\/wp-json\/wp\/v2\/categories?post=35048"},{"taxonomy":"post_tag","embeddable":true,"href":"https:\/\/charleroi-pourlapalestine.be\/index.php\/wp-json\/wp\/v2\/tags?post=35048"}],"curies":[{"name":"wp","href":"https:\/\/api.w.org\/{rel}","templated":true}]}}