{"id":3526,"date":"2020-01-22T10:47:15","date_gmt":"2020-01-22T09:47:15","guid":{"rendered":"https:\/\/charleroi-pourlapalestine.be\/?p=3526"},"modified":"2020-01-23T10:46:31","modified_gmt":"2020-01-23T09:46:31","slug":"trois-jeunes-palestiniens-assassines-par-larmee-israelienne-a-gaza-ce-mardi-21-janvier-2020","status":"publish","type":"post","link":"https:\/\/charleroi-pourlapalestine.be\/index.php\/2020\/01\/22\/trois-jeunes-palestiniens-assassines-par-larmee-israelienne-a-gaza-ce-mardi-21-janvier-2020\/","title":{"rendered":"Gaza : trois jeunes Palestiniens assassin\u00e9s"},"content":{"rendered":"<h3>Ziad Medoukh<\/h3>\n<p><img loading=\"lazy\" decoding=\"async\" class=\"aligncenter wp-image-3538 size-full\" src=\"https:\/\/charleroi-pourlapalestine.be\/wp-content\/uploads\/2020\/01\/Gaza-janvier-2020-Copy.jpg\" alt=\"L'arm\u00e9e isra\u00e9lienne a assassin\u00e9 trois jeunes Palestiniens ce mardi 21 janvier 2020 au centre de la bande de Gaza sur les fronti\u00e8res.\" width=\"520\" height=\"270\" srcset=\"https:\/\/charleroi-pourlapalestine.be\/wp-content\/uploads\/2020\/01\/Gaza-janvier-2020-Copy.jpg 520w, https:\/\/charleroi-pourlapalestine.be\/wp-content\/uploads\/2020\/01\/Gaza-janvier-2020-Copy-300x156.jpg 300w\" sizes=\"auto, (max-width: 520px) 100vw, 520px\" \/><br \/>\nHorrible !<\/p>\n<p>L&rsquo;arm\u00e9e isra\u00e9lienne a assassin\u00e9 trois jeunes Palestiniens ce mardi 21 janvier 2020 au centre de la bande de Gaza sur les fronti\u00e8res.&nbsp; Ces jeunes avaient tous 18 ans<\/p>\n<p>Insupportable !<\/p>\n<p>Un d\u00e9but d&rsquo;ann\u00e9e dramatique pour les Palestiniens de Gaza.<br \/>\nEt \u00e7a continue !<\/p>\n<p>Horrible !<\/p>\n<p>Rien ne semble changer pour les Palestiniens de Gaza en 2020. Bombardements, agressions, attaques, incursions, blocus, souffrance, et des jeunes palestiniens qui tombent tous les jours. Au d\u00e9but de cette nouvelle ann\u00e9e, les soldats isra\u00e9liens tuent les jeunes palestiniens sur les fronti\u00e8res de Gaza<\/p>\n<p>Terrible !<\/p>\n<p>Les agressions isra\u00e9liennes contre les civils palestiniens se poursuivent dans tous les territoires palestiniens .<br \/>\nDevant le silence complice de cette communaut\u00e9 internationale officielle.<br \/>\nEt devant l\u2019absence des m\u00e9dias qui occultent cette r\u00e9alit\u00e9.<\/p>\n<p>La Palestine occup\u00e9e r\u00e9siste&nbsp;!<br \/>\nLa Palestine digne est plus que jamais d\u00e9termin\u00e9e&nbsp;!<br \/>\nGaza r\u00e9siste, existe et vit&nbsp;!<br \/>\nGaza sous blocus patiente&nbsp;!<br \/>\nGaza la dignit\u00e9 garde toujours espoir&nbsp;!<br \/>\nGaza la d\u00e9termin\u00e9e continue de s\u2019accrocher \u00e0 la vie&nbsp;!<br \/>\nGaza l\u2019agress\u00e9e r\u00e9siste, persiste et existe&nbsp;!<br \/>\nLa lutte continue&nbsp;!<br \/>\nVive la solidarit\u00e9 !<br \/>\nLa Palestine vivra&nbsp;!<br \/>\nLa justice triomphera&nbsp;!<\/p>\n<hr>\n<p>Publi\u00e9 le 22 janvier 2020 sur la page FB de <a href=\"http:\/\/Ziad Medoukh\" target=\"_blank\" rel=\"noopener noreferrer\" data-wplink-url-error=\"true\">Ziad Medoukh<\/a><\/p>\n","protected":false},"excerpt":{"rendered":"<p>L&rsquo;arm\u00e9e isra\u00e9lienne a assassin\u00e9 trois jeunes Palestiniens ce mardi 21 janvier 2020 au centre de la bande de Gaza sur les fronti\u00e8res.\u00a0<\/p>\n","protected":false},"author":1,"featured_media":3540,"comment_status":"closed","ping_status":"open","sticky":false,"template":"","format":"standard","meta":{"ngg_post_thumbnail":0,"footnotes":""},"categories":[46,6],"tags":[],"class_list":["post-3526","post","type-post","status-publish","format-standard","has-post-thumbnail","hentry","category-les-agressions-militaires","category-gaza"],"yoast_head":"<!-- This site is optimized with the Yoast SEO plugin v27.3 - https:\/\/yoast.com\/product\/yoast-seo-wordpress\/ -->\n<title>Gaza : trois jeunes Palestiniens assassin\u00e9s - Charleroi pour la Palestine<\/title>\n<meta name=\"description\" content=\"L&#039;arm\u00e9e isra\u00e9lienne a assassin\u00e9 trois jeunes Palestiniens ce mardi 21 janvier 2020 au centre de la bande de Gaza sur les fronti\u00e8res.\" \/>\n<meta name=\"robots\" content=\"index, follow, max-snippet:-1, max-image-preview:large, max-video-preview:-1\" \/>\n<link rel=\"canonical\" href=\"https:\/\/charleroi-pourlapalestine.be\/index.php\/2020\/01\/22\/trois-jeunes-palestiniens-assassines-par-larmee-israelienne-a-gaza-ce-mardi-21-janvier-2020\/\" \/>\n<script type=\"application\/ld+json\" class=\"yoast-schema-graph\">{\"@context\":\"https:\\\/\\\/schema.org\",\"@graph\":[{\"@type\":\"Article\",\"@id\":\"https:\\\/\\\/charleroi-pourlapalestine.be\\\/index.php\\\/2020\\\/01\\\/22\\\/trois-jeunes-palestiniens-assassines-par-larmee-israelienne-a-gaza-ce-mardi-21-janvier-2020\\\/#article\",\"isPartOf\":{\"@id\":\"https:\\\/\\\/charleroi-pourlapalestine.be\\\/index.php\\\/2020\\\/01\\\/22\\\/trois-jeunes-palestiniens-assassines-par-larmee-israelienne-a-gaza-ce-mardi-21-janvier-2020\\\/\"},\"author\":{\"name\":\"admin1873\",\"@id\":\"https:\\\/\\\/charleroi-pourlapalestine.be\\\/#\\\/schema\\\/person\\\/c19ff515112f1299d8c12671d8fe3faa\"},\"headline\":\"Gaza : trois jeunes Palestiniens assassin\u00e9s\",\"datePublished\":\"2020-01-22T09:47:15+00:00\",\"dateModified\":\"2020-01-23T09:46:31+00:00\",\"mainEntityOfPage\":{\"@id\":\"https:\\\/\\\/charleroi-pourlapalestine.be\\\/index.php\\\/2020\\\/01\\\/22\\\/trois-jeunes-palestiniens-assassines-par-larmee-israelienne-a-gaza-ce-mardi-21-janvier-2020\\\/\"},\"wordCount\":224,\"publisher\":{\"@id\":\"https:\\\/\\\/charleroi-pourlapalestine.be\\\/#organization\"},\"image\":{\"@id\":\"https:\\\/\\\/charleroi-pourlapalestine.be\\\/index.php\\\/2020\\\/01\\\/22\\\/trois-jeunes-palestiniens-assassines-par-larmee-israelienne-a-gaza-ce-mardi-21-janvier-2020\\\/#primaryimage\"},\"thumbnailUrl\":\"https:\\\/\\\/charleroi-pourlapalestine.be\\\/wp-content\\\/uploads\\\/2020\\\/01\\\/Gaza-21-janvier-2020-Copy.jpg\",\"articleSection\":[\"Agressions militaires\",\"Gaza\"],\"inLanguage\":\"fr-FR\"},{\"@type\":\"WebPage\",\"@id\":\"https:\\\/\\\/charleroi-pourlapalestine.be\\\/index.php\\\/2020\\\/01\\\/22\\\/trois-jeunes-palestiniens-assassines-par-larmee-israelienne-a-gaza-ce-mardi-21-janvier-2020\\\/\",\"url\":\"https:\\\/\\\/charleroi-pourlapalestine.be\\\/index.php\\\/2020\\\/01\\\/22\\\/trois-jeunes-palestiniens-assassines-par-larmee-israelienne-a-gaza-ce-mardi-21-janvier-2020\\\/\",\"name\":\"Gaza : trois jeunes Palestiniens assassin\u00e9s - Charleroi pour la Palestine\",\"isPartOf\":{\"@id\":\"https:\\\/\\\/charleroi-pourlapalestine.be\\\/#website\"},\"primaryImageOfPage\":{\"@id\":\"https:\\\/\\\/charleroi-pourlapalestine.be\\\/index.php\\\/2020\\\/01\\\/22\\\/trois-jeunes-palestiniens-assassines-par-larmee-israelienne-a-gaza-ce-mardi-21-janvier-2020\\\/#primaryimage\"},\"image\":{\"@id\":\"https:\\\/\\\/charleroi-pourlapalestine.be\\\/index.php\\\/2020\\\/01\\\/22\\\/trois-jeunes-palestiniens-assassines-par-larmee-israelienne-a-gaza-ce-mardi-21-janvier-2020\\\/#primaryimage\"},\"thumbnailUrl\":\"https:\\\/\\\/charleroi-pourlapalestine.be\\\/wp-content\\\/uploads\\\/2020\\\/01\\\/Gaza-21-janvier-2020-Copy.jpg\",\"datePublished\":\"2020-01-22T09:47:15+00:00\",\"dateModified\":\"2020-01-23T09:46:31+00:00\",\"description\":\"L'arm\u00e9e isra\u00e9lienne a assassin\u00e9 trois jeunes Palestiniens ce mardi 21 janvier 2020 au centre de la bande de Gaza sur les fronti\u00e8res.\",\"breadcrumb\":{\"@id\":\"https:\\\/\\\/charleroi-pourlapalestine.be\\\/index.php\\\/2020\\\/01\\\/22\\\/trois-jeunes-palestiniens-assassines-par-larmee-israelienne-a-gaza-ce-mardi-21-janvier-2020\\\/#breadcrumb\"},\"inLanguage\":\"fr-FR\",\"potentialAction\":[{\"@type\":\"ReadAction\",\"target\":[\"https:\\\/\\\/charleroi-pourlapalestine.be\\\/index.php\\\/2020\\\/01\\\/22\\\/trois-jeunes-palestiniens-assassines-par-larmee-israelienne-a-gaza-ce-mardi-21-janvier-2020\\\/\"]}]},{\"@type\":\"ImageObject\",\"inLanguage\":\"fr-FR\",\"@id\":\"https:\\\/\\\/charleroi-pourlapalestine.be\\\/index.php\\\/2020\\\/01\\\/22\\\/trois-jeunes-palestiniens-assassines-par-larmee-israelienne-a-gaza-ce-mardi-21-janvier-2020\\\/#primaryimage\",\"url\":\"https:\\\/\\\/charleroi-pourlapalestine.be\\\/wp-content\\\/uploads\\\/2020\\\/01\\\/Gaza-21-janvier-2020-Copy.jpg\",\"contentUrl\":\"https:\\\/\\\/charleroi-pourlapalestine.be\\\/wp-content\\\/uploads\\\/2020\\\/01\\\/Gaza-21-janvier-2020-Copy.jpg\",\"width\":226,\"height\":159},{\"@type\":\"BreadcrumbList\",\"@id\":\"https:\\\/\\\/charleroi-pourlapalestine.be\\\/index.php\\\/2020\\\/01\\\/22\\\/trois-jeunes-palestiniens-assassines-par-larmee-israelienne-a-gaza-ce-mardi-21-janvier-2020\\\/#breadcrumb\",\"itemListElement\":[{\"@type\":\"ListItem\",\"position\":1,\"name\":\"Accueil\",\"item\":\"https:\\\/\\\/charleroi-pourlapalestine.be\\\/\"},{\"@type\":\"ListItem\",\"position\":2,\"name\":\"Gaza : trois jeunes Palestiniens assassin\u00e9s\"}]},{\"@type\":\"WebSite\",\"@id\":\"https:\\\/\\\/charleroi-pourlapalestine.be\\\/#website\",\"url\":\"https:\\\/\\\/charleroi-pourlapalestine.be\\\/\",\"name\":\"Charleroi Pour la Palestine\",\"description\":\"\",\"publisher\":{\"@id\":\"https:\\\/\\\/charleroi-pourlapalestine.be\\\/#organization\"},\"potentialAction\":[{\"@type\":\"SearchAction\",\"target\":{\"@type\":\"EntryPoint\",\"urlTemplate\":\"https:\\\/\\\/charleroi-pourlapalestine.be\\\/?s={search_term_string}\"},\"query-input\":{\"@type\":\"PropertyValueSpecification\",\"valueRequired\":true,\"valueName\":\"search_term_string\"}}],\"inLanguage\":\"fr-FR\"},{\"@type\":\"Organization\",\"@id\":\"https:\\\/\\\/charleroi-pourlapalestine.be\\\/#organization\",\"name\":\"Plate-forme Charleroi-Palestine\",\"url\":\"https:\\\/\\\/charleroi-pourlapalestine.be\\\/\",\"logo\":{\"@type\":\"ImageObject\",\"inLanguage\":\"fr-FR\",\"@id\":\"https:\\\/\\\/charleroi-pourlapalestine.be\\\/#\\\/schema\\\/logo\\\/image\\\/\",\"url\":\"https:\\\/\\\/charleroi-pourlapalestine.be\\\/wp-content\\\/uploads\\\/2020\\\/01\\\/logo-Copy.jpg\",\"contentUrl\":\"https:\\\/\\\/charleroi-pourlapalestine.be\\\/wp-content\\\/uploads\\\/2020\\\/01\\\/logo-Copy.jpg\",\"width\":180,\"height\":180,\"caption\":\"Plate-forme Charleroi-Palestine\"},\"image\":{\"@id\":\"https:\\\/\\\/charleroi-pourlapalestine.be\\\/#\\\/schema\\\/logo\\\/image\\\/\"},\"sameAs\":[\"https:\\\/\\\/www.facebook.com\\\/PlateformeCharleroiPalestine\\\/\",\"https:\\\/\\\/x.com\\\/LaCharleroi\"]},{\"@type\":\"Person\",\"@id\":\"https:\\\/\\\/charleroi-pourlapalestine.be\\\/#\\\/schema\\\/person\\\/c19ff515112f1299d8c12671d8fe3faa\",\"name\":\"admin1873\",\"url\":\"https:\\\/\\\/charleroi-pourlapalestine.be\\\/index.php\\\/author\\\/admin1873\\\/\"}]}<\/script>\n<!-- \/ Yoast SEO plugin. -->","yoast_head_json":{"title":"Gaza : trois jeunes Palestiniens assassin\u00e9s - Charleroi pour la Palestine","description":"L'arm\u00e9e isra\u00e9lienne a assassin\u00e9 trois jeunes Palestiniens ce mardi 21 janvier 2020 au centre de la bande de Gaza sur les fronti\u00e8res.","robots":{"index":"index","follow":"follow","max-snippet":"max-snippet:-1","max-image-preview":"max-image-preview:large","max-video-preview":"max-video-preview:-1"},"canonical":"https:\/\/charleroi-pourlapalestine.be\/index.php\/2020\/01\/22\/trois-jeunes-palestiniens-assassines-par-larmee-israelienne-a-gaza-ce-mardi-21-janvier-2020\/","schema":{"@context":"https:\/\/schema.org","@graph":[{"@type":"Article","@id":"https:\/\/charleroi-pourlapalestine.be\/index.php\/2020\/01\/22\/trois-jeunes-palestiniens-assassines-par-larmee-israelienne-a-gaza-ce-mardi-21-janvier-2020\/#article","isPartOf":{"@id":"https:\/\/charleroi-pourlapalestine.be\/index.php\/2020\/01\/22\/trois-jeunes-palestiniens-assassines-par-larmee-israelienne-a-gaza-ce-mardi-21-janvier-2020\/"},"author":{"name":"admin1873","@id":"https:\/\/charleroi-pourlapalestine.be\/#\/schema\/person\/c19ff515112f1299d8c12671d8fe3faa"},"headline":"Gaza : trois jeunes Palestiniens assassin\u00e9s","datePublished":"2020-01-22T09:47:15+00:00","dateModified":"2020-01-23T09:46:31+00:00","mainEntityOfPage":{"@id":"https:\/\/charleroi-pourlapalestine.be\/index.php\/2020\/01\/22\/trois-jeunes-palestiniens-assassines-par-larmee-israelienne-a-gaza-ce-mardi-21-janvier-2020\/"},"wordCount":224,"publisher":{"@id":"https:\/\/charleroi-pourlapalestine.be\/#organization"},"image":{"@id":"https:\/\/charleroi-pourlapalestine.be\/index.php\/2020\/01\/22\/trois-jeunes-palestiniens-assassines-par-larmee-israelienne-a-gaza-ce-mardi-21-janvier-2020\/#primaryimage"},"thumbnailUrl":"https:\/\/charleroi-pourlapalestine.be\/wp-content\/uploads\/2020\/01\/Gaza-21-janvier-2020-Copy.jpg","articleSection":["Agressions militaires","Gaza"],"inLanguage":"fr-FR"},{"@type":"WebPage","@id":"https:\/\/charleroi-pourlapalestine.be\/index.php\/2020\/01\/22\/trois-jeunes-palestiniens-assassines-par-larmee-israelienne-a-gaza-ce-mardi-21-janvier-2020\/","url":"https:\/\/charleroi-pourlapalestine.be\/index.php\/2020\/01\/22\/trois-jeunes-palestiniens-assassines-par-larmee-israelienne-a-gaza-ce-mardi-21-janvier-2020\/","name":"Gaza : trois jeunes Palestiniens assassin\u00e9s - Charleroi pour la Palestine","isPartOf":{"@id":"https:\/\/charleroi-pourlapalestine.be\/#website"},"primaryImageOfPage":{"@id":"https:\/\/charleroi-pourlapalestine.be\/index.php\/2020\/01\/22\/trois-jeunes-palestiniens-assassines-par-larmee-israelienne-a-gaza-ce-mardi-21-janvier-2020\/#primaryimage"},"image":{"@id":"https:\/\/charleroi-pourlapalestine.be\/index.php\/2020\/01\/22\/trois-jeunes-palestiniens-assassines-par-larmee-israelienne-a-gaza-ce-mardi-21-janvier-2020\/#primaryimage"},"thumbnailUrl":"https:\/\/charleroi-pourlapalestine.be\/wp-content\/uploads\/2020\/01\/Gaza-21-janvier-2020-Copy.jpg","datePublished":"2020-01-22T09:47:15+00:00","dateModified":"2020-01-23T09:46:31+00:00","description":"L'arm\u00e9e isra\u00e9lienne a assassin\u00e9 trois jeunes Palestiniens ce mardi 21 janvier 2020 au centre de la bande de Gaza sur les fronti\u00e8res.","breadcrumb":{"@id":"https:\/\/charleroi-pourlapalestine.be\/index.php\/2020\/01\/22\/trois-jeunes-palestiniens-assassines-par-larmee-israelienne-a-gaza-ce-mardi-21-janvier-2020\/#breadcrumb"},"inLanguage":"fr-FR","potentialAction":[{"@type":"ReadAction","target":["https:\/\/charleroi-pourlapalestine.be\/index.php\/2020\/01\/22\/trois-jeunes-palestiniens-assassines-par-larmee-israelienne-a-gaza-ce-mardi-21-janvier-2020\/"]}]},{"@type":"ImageObject","inLanguage":"fr-FR","@id":"https:\/\/charleroi-pourlapalestine.be\/index.php\/2020\/01\/22\/trois-jeunes-palestiniens-assassines-par-larmee-israelienne-a-gaza-ce-mardi-21-janvier-2020\/#primaryimage","url":"https:\/\/charleroi-pourlapalestine.be\/wp-content\/uploads\/2020\/01\/Gaza-21-janvier-2020-Copy.jpg","contentUrl":"https:\/\/charleroi-pourlapalestine.be\/wp-content\/uploads\/2020\/01\/Gaza-21-janvier-2020-Copy.jpg","width":226,"height":159},{"@type":"BreadcrumbList","@id":"https:\/\/charleroi-pourlapalestine.be\/index.php\/2020\/01\/22\/trois-jeunes-palestiniens-assassines-par-larmee-israelienne-a-gaza-ce-mardi-21-janvier-2020\/#breadcrumb","itemListElement":[{"@type":"ListItem","position":1,"name":"Accueil","item":"https:\/\/charleroi-pourlapalestine.be\/"},{"@type":"ListItem","position":2,"name":"Gaza : trois jeunes Palestiniens assassin\u00e9s"}]},{"@type":"WebSite","@id":"https:\/\/charleroi-pourlapalestine.be\/#website","url":"https:\/\/charleroi-pourlapalestine.be\/","name":"Charleroi Pour la Palestine","description":"","publisher":{"@id":"https:\/\/charleroi-pourlapalestine.be\/#organization"},"potentialAction":[{"@type":"SearchAction","target":{"@type":"EntryPoint","urlTemplate":"https:\/\/charleroi-pourlapalestine.be\/?s={search_term_string}"},"query-input":{"@type":"PropertyValueSpecification","valueRequired":true,"valueName":"search_term_string"}}],"inLanguage":"fr-FR"},{"@type":"Organization","@id":"https:\/\/charleroi-pourlapalestine.be\/#organization","name":"Plate-forme Charleroi-Palestine","url":"https:\/\/charleroi-pourlapalestine.be\/","logo":{"@type":"ImageObject","inLanguage":"fr-FR","@id":"https:\/\/charleroi-pourlapalestine.be\/#\/schema\/logo\/image\/","url":"https:\/\/charleroi-pourlapalestine.be\/wp-content\/uploads\/2020\/01\/logo-Copy.jpg","contentUrl":"https:\/\/charleroi-pourlapalestine.be\/wp-content\/uploads\/2020\/01\/logo-Copy.jpg","width":180,"height":180,"caption":"Plate-forme Charleroi-Palestine"},"image":{"@id":"https:\/\/charleroi-pourlapalestine.be\/#\/schema\/logo\/image\/"},"sameAs":["https:\/\/www.facebook.com\/PlateformeCharleroiPalestine\/","https:\/\/x.com\/LaCharleroi"]},{"@type":"Person","@id":"https:\/\/charleroi-pourlapalestine.be\/#\/schema\/person\/c19ff515112f1299d8c12671d8fe3faa","name":"admin1873","url":"https:\/\/charleroi-pourlapalestine.be\/index.php\/author\/admin1873\/"}]}},"_links":{"self":[{"href":"https:\/\/charleroi-pourlapalestine.be\/index.php\/wp-json\/wp\/v2\/posts\/3526","targetHints":{"allow":["GET"]}}],"collection":[{"href":"https:\/\/charleroi-pourlapalestine.be\/index.php\/wp-json\/wp\/v2\/posts"}],"about":[{"href":"https:\/\/charleroi-pourlapalestine.be\/index.php\/wp-json\/wp\/v2\/types\/post"}],"author":[{"embeddable":true,"href":"https:\/\/charleroi-pourlapalestine.be\/index.php\/wp-json\/wp\/v2\/users\/1"}],"replies":[{"embeddable":true,"href":"https:\/\/charleroi-pourlapalestine.be\/index.php\/wp-json\/wp\/v2\/comments?post=3526"}],"version-history":[{"count":0,"href":"https:\/\/charleroi-pourlapalestine.be\/index.php\/wp-json\/wp\/v2\/posts\/3526\/revisions"}],"wp:featuredmedia":[{"embeddable":true,"href":"https:\/\/charleroi-pourlapalestine.be\/index.php\/wp-json\/wp\/v2\/media\/3540"}],"wp:attachment":[{"href":"https:\/\/charleroi-pourlapalestine.be\/index.php\/wp-json\/wp\/v2\/media?parent=3526"}],"wp:term":[{"taxonomy":"category","embeddable":true,"href":"https:\/\/charleroi-pourlapalestine.be\/index.php\/wp-json\/wp\/v2\/categories?post=3526"},{"taxonomy":"post_tag","embeddable":true,"href":"https:\/\/charleroi-pourlapalestine.be\/index.php\/wp-json\/wp\/v2\/tags?post=3526"}],"curies":[{"name":"wp","href":"https:\/\/api.w.org\/{rel}","templated":true}]}}