{"id":35990,"date":"2022-03-04T09:36:04","date_gmt":"2022-03-04T08:36:04","guid":{"rendered":"https:\/\/charleroi-pourlapalestine.be\/?p=35990"},"modified":"2022-03-04T09:40:35","modified_gmt":"2022-03-04T08:40:35","slug":"decouverte-et-initiation-a-tatreez-la-broderie-palestinienne-traditionnelle","status":"publish","type":"post","link":"https:\/\/charleroi-pourlapalestine.be\/index.php\/2022\/03\/04\/decouverte-et-initiation-a-tatreez-la-broderie-palestinienne-traditionnelle\/","title":{"rendered":"D\u00e9couverte et initiation \u00e0 \u00ab\u00a0tatreez\u00a0\u00bb, la broderie palestinienne traditionnelle"},"content":{"rendered":"<p>La broderie traditionnelle \u00ab\u00a0Tatreez\u00a0\u00bb fait partie de l&rsquo;identit\u00e9 palestinienne. La Plate-forme Charleroi-Palestine et Vie F\u00e9minine organisent ce samedi 12 mars un atelier \u00ab\u00a0D\u00e9couverte et initiation \u00e0 la broderie palestinienne\u00a0\u00bb. Cela se passera dans le local de \u00ab\u00a0Femmes de Mars\u00a0\u00bb, Passage de la Bourse, 8, 6000 Charleroi, de 14 h \u00e0 16 h 30. Participation libre aux frais et<strong> inscription<\/strong> \u00e0 charleroi.palestine@gmail.com.<\/p>\n<div dir=\"ltr\">\n<div id=\"attachment_36001\" style=\"width: 464px\" class=\"wp-caption alignnone\"><img loading=\"lazy\" decoding=\"async\" aria-describedby=\"caption-attachment-36001\" class=\"wp-image-36001 size-full\" src=\"https:\/\/charleroi-pourlapalestine.be\/wp-content\/uploads\/2022\/03\/Tatreez-Carmen-et-Rana.jpg\" alt=\"Carmen et Rana animeront cet atelier tatreez. Photo : Rana Maher Daibes.\" width=\"454\" height=\"280\" srcset=\"https:\/\/charleroi-pourlapalestine.be\/wp-content\/uploads\/2022\/03\/Tatreez-Carmen-et-Rana.jpg 454w, https:\/\/charleroi-pourlapalestine.be\/wp-content\/uploads\/2022\/03\/Tatreez-Carmen-et-Rana-300x185.jpg 300w\" sizes=\"auto, (max-width: 454px) 100vw, 454px\" \/><p id=\"caption-attachment-36001\" class=\"wp-caption-text\">Carmen et Rana animeront cet atelier tatreez. Photo : Rana Maher Daibes.<\/p><\/div>\n<\/div>\n<p>Sur l&rsquo;importance de la broderie traditionnelle palestinienne, trouvez ci-dessous un article publi\u00e9 sur <a href=\"https:\/\/agencemediapalestine.fr\/blog\/2021\/12\/16\/une-broderie-palestinienne-traditionnelle-est-ajoutee-a-la-liste-du-patrimoine-culturel-de-lunesco\/\" target=\"_blank\" rel=\"noopener\">Agence Media Palestine.<\/a>&nbsp;&nbsp;<\/p>\n<p>\u00c0 l\u2019occasion de la 16\u00e8me session du Comit\u00e9 intergouvernemental pour la sauvegarde du patrimoine culturel immat\u00e9riel, qui a lieu virtuellement du 13 au 18 d\u00e9cembre 2021, une broderie palestinienne traditionnelle a \u00e9t\u00e9 ajout\u00e9e \u00e0 la liste du patrimoine culturel de l\u2019<strong>UNESCO.<\/strong><\/p>\n<div id=\"attachment_36015\" style=\"width: 510px\" class=\"wp-caption aligncenter\"><img loading=\"lazy\" decoding=\"async\" aria-describedby=\"caption-attachment-36015\" class=\"wp-image-36015 size-full\" src=\"https:\/\/charleroi-pourlapalestine.be\/wp-content\/uploads\/2022\/03\/Tatreez.jpg\" alt=\"\" width=\"500\" height=\"498\" srcset=\"https:\/\/charleroi-pourlapalestine.be\/wp-content\/uploads\/2022\/03\/Tatreez.jpg 500w, https:\/\/charleroi-pourlapalestine.be\/wp-content\/uploads\/2022\/03\/Tatreez-300x300.jpg 300w, https:\/\/charleroi-pourlapalestine.be\/wp-content\/uploads\/2022\/03\/Tatreez-150x150.jpg 150w, https:\/\/charleroi-pourlapalestine.be\/wp-content\/uploads\/2022\/03\/Tatreez-80x80.jpg 80w, https:\/\/charleroi-pourlapalestine.be\/wp-content\/uploads\/2022\/03\/Tatreez-320x320.jpg 320w\" sizes=\"auto, (max-width: 500px) 100vw, 500px\" \/><p id=\"caption-attachment-36015\" class=\"wp-caption-text\">@Tania Tamari Nasir, Palestine, 2019<\/p><\/div>\n<p>Cette broderie palestinienne, aussi appel\u00e9e <em><strong>\u00ab tatreez \u00bb<\/strong>,<\/em> incarne un savoir-faire artistique qui se transmet de g\u00e9n\u00e9ration en g\u00e9n\u00e9ration au sein du peuple palestinien. Que ce soit pour un usage personnel ou comme source de revenu, on peut retrouver ces broderies sur des robes et des coiffes, mais \u00e9galement sur toutes sortes d\u2019accessoires.<\/p>\n<p>Dot\u00e9e d\u2019une grande popularit\u00e9, le choix des symboles, des motifs et des couleurs permet d\u2019indiquer l\u2019identit\u00e9 r\u00e9gionale de la femme, ou bien son statut marital. Caract\u00e9ris\u00e9e comme une <em>\u00ab pratique sociale et interg\u00e9n\u00e9rationnelle \u00bb<\/em>, cette broderie palestinienne correspond ainsi \u00e0 la d\u00e9finition du patrimoine culturel immat\u00e9riel de l\u2019UNESCO, qui m\u00eale manifestation culturelle, richesse des connaissances et relation interg\u00e9n\u00e9rationnelle.<\/p>\n<div id=\"attachment_36017\" style=\"width: 438px\" class=\"wp-caption aligncenter\"><img loading=\"lazy\" decoding=\"async\" aria-describedby=\"caption-attachment-36017\" class=\"wp-image-36017 size-full\" src=\"https:\/\/charleroi-pourlapalestine.be\/wp-content\/uploads\/2022\/03\/Tatreez-2.jpg\" alt=\"\" width=\"428\" height=\"600\" srcset=\"https:\/\/charleroi-pourlapalestine.be\/wp-content\/uploads\/2022\/03\/Tatreez-2.jpg 428w, https:\/\/charleroi-pourlapalestine.be\/wp-content\/uploads\/2022\/03\/Tatreez-2-214x300.jpg 214w\" sizes=\"auto, (max-width: 428px) 100vw, 428px\" \/><p id=\"caption-attachment-36017\" class=\"wp-caption-text\">@Wafaa Abu Gulmee, Palestine, 2020<\/p><\/div>\n<p>Cette inscription par l\u2019UNESCO de <strong><em>\u00ab l\u2019art de la broderie en Palestine, pratiques, comp\u00e9tences, connaissances et rituels \u00bb<\/em><\/strong> sur la liste du patrimoine culturel immat\u00e9riel de l\u2019humanit\u00e9 marque une \u00e9tape cruciale dans la protection de l\u2019histoire et du patrimoine culturel palestinien, \u00e0 une \u00e9poque o\u00f9<strong> l\u2019identit\u00e9 palestinienne doit faire face \u00e0 de nombreux d\u00e9fis<\/strong>. Parmi eux, <strong>l\u2019occupation<\/strong> et <strong>l\u2019appropriation culturelle<\/strong> sont deux \u00e9l\u00e9ments qui tentent de m\u00e9priser et d\u2019effacer le peuple palestinien. \u00c0 cet \u00e9gard, lors du Concours international Miss Univers, qui a eu lieu en Isra\u00ebl \u00e0 la mi-d\u00e9cembre 2021, certaines candidates ont fait l\u2019objet de vives critiques pour avoir particip\u00e9 \u00e0 l\u2019effacement des Palestiniens et de leur culture sur la sc\u00e8ne mondiale.<\/p>\n<p><strong>Lisez \u00e9galement : <a href=\"https:\/\/charleroi-pourlapalestine.be\/index.php\/2020\/12\/04\/la-broderie-palestinienne-avant-et-maintenant\/\">La broderie palestinienne, avant et maintenant<\/a><\/strong><\/p>\n","protected":false},"excerpt":{"rendered":"<p>Cela se passera le samedi 12 mars, de 14 h \u00e0 16 h 30 dans le local de \u00ab\u00a0Femmes de Mars\u00a0\u00bb, Passage de la Bourse, 8, 6000 Charleroi. Inscription : charleroi.palestine@gmail.com<\/p>\n","protected":false},"author":1,"featured_media":36001,"comment_status":"closed","ping_status":"closed","sticky":false,"template":"","format":"standard","meta":{"ngg_post_thumbnail":0,"footnotes":""},"categories":[178,192],"tags":[],"class_list":["post-35990","post","type-post","status-publish","format-standard","has-post-thumbnail","hentry","category-culture-2","category-palestine"],"yoast_head":"<!-- This site is optimized with the Yoast SEO plugin v27.3 - https:\/\/yoast.com\/product\/yoast-seo-wordpress\/ -->\n<title>D\u00e9couverte et initiation \u00e0 &quot;tatreez&quot;, la broderie palestinienne traditionnelle<\/title>\n<meta name=\"description\" content=\"La Plate-forme Charleroi-Palestine et Vie F\u00e9minine organisent un atelier &quot;D\u00e9couverte - initiation \u00e0 la broderie palestinienne&quot;.\" \/>\n<meta name=\"robots\" content=\"index, follow, max-snippet:-1, max-image-preview:large, max-video-preview:-1\" \/>\n<link rel=\"canonical\" href=\"https:\/\/charleroi-pourlapalestine.be\/index.php\/2022\/03\/04\/decouverte-et-initiation-a-tatreez-la-broderie-palestinienne-traditionnelle\/\" \/>\n<script type=\"application\/ld+json\" class=\"yoast-schema-graph\">{\"@context\":\"https:\\\/\\\/schema.org\",\"@graph\":[{\"@type\":\"Article\",\"@id\":\"https:\\\/\\\/charleroi-pourlapalestine.be\\\/index.php\\\/2022\\\/03\\\/04\\\/decouverte-et-initiation-a-tatreez-la-broderie-palestinienne-traditionnelle\\\/#article\",\"isPartOf\":{\"@id\":\"https:\\\/\\\/charleroi-pourlapalestine.be\\\/index.php\\\/2022\\\/03\\\/04\\\/decouverte-et-initiation-a-tatreez-la-broderie-palestinienne-traditionnelle\\\/\"},\"author\":{\"name\":\"admin1873\",\"@id\":\"https:\\\/\\\/charleroi-pourlapalestine.be\\\/#\\\/schema\\\/person\\\/c19ff515112f1299d8c12671d8fe3faa\"},\"headline\":\"D\u00e9couverte et initiation \u00e0 \u00ab\u00a0tatreez\u00a0\u00bb, la broderie palestinienne traditionnelle\",\"datePublished\":\"2022-03-04T08:36:04+00:00\",\"dateModified\":\"2022-03-04T08:40:35+00:00\",\"mainEntityOfPage\":{\"@id\":\"https:\\\/\\\/charleroi-pourlapalestine.be\\\/index.php\\\/2022\\\/03\\\/04\\\/decouverte-et-initiation-a-tatreez-la-broderie-palestinienne-traditionnelle\\\/\"},\"wordCount\":426,\"publisher\":{\"@id\":\"https:\\\/\\\/charleroi-pourlapalestine.be\\\/#organization\"},\"image\":{\"@id\":\"https:\\\/\\\/charleroi-pourlapalestine.be\\\/index.php\\\/2022\\\/03\\\/04\\\/decouverte-et-initiation-a-tatreez-la-broderie-palestinienne-traditionnelle\\\/#primaryimage\"},\"thumbnailUrl\":\"https:\\\/\\\/charleroi-pourlapalestine.be\\\/wp-content\\\/uploads\\\/2022\\\/03\\\/Tatreez-Carmen-et-Rana.jpg\",\"articleSection\":[\"Culture\",\"Palestine\"],\"inLanguage\":\"fr-FR\"},{\"@type\":\"WebPage\",\"@id\":\"https:\\\/\\\/charleroi-pourlapalestine.be\\\/index.php\\\/2022\\\/03\\\/04\\\/decouverte-et-initiation-a-tatreez-la-broderie-palestinienne-traditionnelle\\\/\",\"url\":\"https:\\\/\\\/charleroi-pourlapalestine.be\\\/index.php\\\/2022\\\/03\\\/04\\\/decouverte-et-initiation-a-tatreez-la-broderie-palestinienne-traditionnelle\\\/\",\"name\":\"D\u00e9couverte et initiation \u00e0 \\\"tatreez\\\", la broderie palestinienne traditionnelle\",\"isPartOf\":{\"@id\":\"https:\\\/\\\/charleroi-pourlapalestine.be\\\/#website\"},\"primaryImageOfPage\":{\"@id\":\"https:\\\/\\\/charleroi-pourlapalestine.be\\\/index.php\\\/2022\\\/03\\\/04\\\/decouverte-et-initiation-a-tatreez-la-broderie-palestinienne-traditionnelle\\\/#primaryimage\"},\"image\":{\"@id\":\"https:\\\/\\\/charleroi-pourlapalestine.be\\\/index.php\\\/2022\\\/03\\\/04\\\/decouverte-et-initiation-a-tatreez-la-broderie-palestinienne-traditionnelle\\\/#primaryimage\"},\"thumbnailUrl\":\"https:\\\/\\\/charleroi-pourlapalestine.be\\\/wp-content\\\/uploads\\\/2022\\\/03\\\/Tatreez-Carmen-et-Rana.jpg\",\"datePublished\":\"2022-03-04T08:36:04+00:00\",\"dateModified\":\"2022-03-04T08:40:35+00:00\",\"description\":\"La Plate-forme Charleroi-Palestine et Vie F\u00e9minine organisent un atelier \\\"D\u00e9couverte - initiation \u00e0 la broderie palestinienne\\\".\",\"breadcrumb\":{\"@id\":\"https:\\\/\\\/charleroi-pourlapalestine.be\\\/index.php\\\/2022\\\/03\\\/04\\\/decouverte-et-initiation-a-tatreez-la-broderie-palestinienne-traditionnelle\\\/#breadcrumb\"},\"inLanguage\":\"fr-FR\",\"potentialAction\":[{\"@type\":\"ReadAction\",\"target\":[\"https:\\\/\\\/charleroi-pourlapalestine.be\\\/index.php\\\/2022\\\/03\\\/04\\\/decouverte-et-initiation-a-tatreez-la-broderie-palestinienne-traditionnelle\\\/\"]}]},{\"@type\":\"ImageObject\",\"inLanguage\":\"fr-FR\",\"@id\":\"https:\\\/\\\/charleroi-pourlapalestine.be\\\/index.php\\\/2022\\\/03\\\/04\\\/decouverte-et-initiation-a-tatreez-la-broderie-palestinienne-traditionnelle\\\/#primaryimage\",\"url\":\"https:\\\/\\\/charleroi-pourlapalestine.be\\\/wp-content\\\/uploads\\\/2022\\\/03\\\/Tatreez-Carmen-et-Rana.jpg\",\"contentUrl\":\"https:\\\/\\\/charleroi-pourlapalestine.be\\\/wp-content\\\/uploads\\\/2022\\\/03\\\/Tatreez-Carmen-et-Rana.jpg\",\"width\":454,\"height\":280},{\"@type\":\"BreadcrumbList\",\"@id\":\"https:\\\/\\\/charleroi-pourlapalestine.be\\\/index.php\\\/2022\\\/03\\\/04\\\/decouverte-et-initiation-a-tatreez-la-broderie-palestinienne-traditionnelle\\\/#breadcrumb\",\"itemListElement\":[{\"@type\":\"ListItem\",\"position\":1,\"name\":\"Accueil\",\"item\":\"https:\\\/\\\/charleroi-pourlapalestine.be\\\/\"},{\"@type\":\"ListItem\",\"position\":2,\"name\":\"D\u00e9couverte et initiation \u00e0 &#8220;tatreez&#8221;, la broderie palestinienne traditionnelle\"}]},{\"@type\":\"WebSite\",\"@id\":\"https:\\\/\\\/charleroi-pourlapalestine.be\\\/#website\",\"url\":\"https:\\\/\\\/charleroi-pourlapalestine.be\\\/\",\"name\":\"Charleroi Pour la Palestine\",\"description\":\"\",\"publisher\":{\"@id\":\"https:\\\/\\\/charleroi-pourlapalestine.be\\\/#organization\"},\"potentialAction\":[{\"@type\":\"SearchAction\",\"target\":{\"@type\":\"EntryPoint\",\"urlTemplate\":\"https:\\\/\\\/charleroi-pourlapalestine.be\\\/?s={search_term_string}\"},\"query-input\":{\"@type\":\"PropertyValueSpecification\",\"valueRequired\":true,\"valueName\":\"search_term_string\"}}],\"inLanguage\":\"fr-FR\"},{\"@type\":\"Organization\",\"@id\":\"https:\\\/\\\/charleroi-pourlapalestine.be\\\/#organization\",\"name\":\"Plate-forme Charleroi-Palestine\",\"url\":\"https:\\\/\\\/charleroi-pourlapalestine.be\\\/\",\"logo\":{\"@type\":\"ImageObject\",\"inLanguage\":\"fr-FR\",\"@id\":\"https:\\\/\\\/charleroi-pourlapalestine.be\\\/#\\\/schema\\\/logo\\\/image\\\/\",\"url\":\"https:\\\/\\\/charleroi-pourlapalestine.be\\\/wp-content\\\/uploads\\\/2020\\\/01\\\/logo-Copy.jpg\",\"contentUrl\":\"https:\\\/\\\/charleroi-pourlapalestine.be\\\/wp-content\\\/uploads\\\/2020\\\/01\\\/logo-Copy.jpg\",\"width\":180,\"height\":180,\"caption\":\"Plate-forme Charleroi-Palestine\"},\"image\":{\"@id\":\"https:\\\/\\\/charleroi-pourlapalestine.be\\\/#\\\/schema\\\/logo\\\/image\\\/\"},\"sameAs\":[\"https:\\\/\\\/www.facebook.com\\\/PlateformeCharleroiPalestine\\\/\",\"https:\\\/\\\/x.com\\\/LaCharleroi\"]},{\"@type\":\"Person\",\"@id\":\"https:\\\/\\\/charleroi-pourlapalestine.be\\\/#\\\/schema\\\/person\\\/c19ff515112f1299d8c12671d8fe3faa\",\"name\":\"admin1873\",\"url\":\"https:\\\/\\\/charleroi-pourlapalestine.be\\\/index.php\\\/author\\\/admin1873\\\/\"}]}<\/script>\n<!-- \/ Yoast SEO plugin. -->","yoast_head_json":{"title":"D\u00e9couverte et initiation \u00e0 \"tatreez\", la broderie palestinienne traditionnelle","description":"La Plate-forme Charleroi-Palestine et Vie F\u00e9minine organisent un atelier \"D\u00e9couverte - initiation \u00e0 la broderie palestinienne\".","robots":{"index":"index","follow":"follow","max-snippet":"max-snippet:-1","max-image-preview":"max-image-preview:large","max-video-preview":"max-video-preview:-1"},"canonical":"https:\/\/charleroi-pourlapalestine.be\/index.php\/2022\/03\/04\/decouverte-et-initiation-a-tatreez-la-broderie-palestinienne-traditionnelle\/","schema":{"@context":"https:\/\/schema.org","@graph":[{"@type":"Article","@id":"https:\/\/charleroi-pourlapalestine.be\/index.php\/2022\/03\/04\/decouverte-et-initiation-a-tatreez-la-broderie-palestinienne-traditionnelle\/#article","isPartOf":{"@id":"https:\/\/charleroi-pourlapalestine.be\/index.php\/2022\/03\/04\/decouverte-et-initiation-a-tatreez-la-broderie-palestinienne-traditionnelle\/"},"author":{"name":"admin1873","@id":"https:\/\/charleroi-pourlapalestine.be\/#\/schema\/person\/c19ff515112f1299d8c12671d8fe3faa"},"headline":"D\u00e9couverte et initiation \u00e0 \u00ab\u00a0tatreez\u00a0\u00bb, la broderie palestinienne traditionnelle","datePublished":"2022-03-04T08:36:04+00:00","dateModified":"2022-03-04T08:40:35+00:00","mainEntityOfPage":{"@id":"https:\/\/charleroi-pourlapalestine.be\/index.php\/2022\/03\/04\/decouverte-et-initiation-a-tatreez-la-broderie-palestinienne-traditionnelle\/"},"wordCount":426,"publisher":{"@id":"https:\/\/charleroi-pourlapalestine.be\/#organization"},"image":{"@id":"https:\/\/charleroi-pourlapalestine.be\/index.php\/2022\/03\/04\/decouverte-et-initiation-a-tatreez-la-broderie-palestinienne-traditionnelle\/#primaryimage"},"thumbnailUrl":"https:\/\/charleroi-pourlapalestine.be\/wp-content\/uploads\/2022\/03\/Tatreez-Carmen-et-Rana.jpg","articleSection":["Culture","Palestine"],"inLanguage":"fr-FR"},{"@type":"WebPage","@id":"https:\/\/charleroi-pourlapalestine.be\/index.php\/2022\/03\/04\/decouverte-et-initiation-a-tatreez-la-broderie-palestinienne-traditionnelle\/","url":"https:\/\/charleroi-pourlapalestine.be\/index.php\/2022\/03\/04\/decouverte-et-initiation-a-tatreez-la-broderie-palestinienne-traditionnelle\/","name":"D\u00e9couverte et initiation \u00e0 \"tatreez\", la broderie palestinienne traditionnelle","isPartOf":{"@id":"https:\/\/charleroi-pourlapalestine.be\/#website"},"primaryImageOfPage":{"@id":"https:\/\/charleroi-pourlapalestine.be\/index.php\/2022\/03\/04\/decouverte-et-initiation-a-tatreez-la-broderie-palestinienne-traditionnelle\/#primaryimage"},"image":{"@id":"https:\/\/charleroi-pourlapalestine.be\/index.php\/2022\/03\/04\/decouverte-et-initiation-a-tatreez-la-broderie-palestinienne-traditionnelle\/#primaryimage"},"thumbnailUrl":"https:\/\/charleroi-pourlapalestine.be\/wp-content\/uploads\/2022\/03\/Tatreez-Carmen-et-Rana.jpg","datePublished":"2022-03-04T08:36:04+00:00","dateModified":"2022-03-04T08:40:35+00:00","description":"La Plate-forme Charleroi-Palestine et Vie F\u00e9minine organisent un atelier \"D\u00e9couverte - initiation \u00e0 la broderie palestinienne\".","breadcrumb":{"@id":"https:\/\/charleroi-pourlapalestine.be\/index.php\/2022\/03\/04\/decouverte-et-initiation-a-tatreez-la-broderie-palestinienne-traditionnelle\/#breadcrumb"},"inLanguage":"fr-FR","potentialAction":[{"@type":"ReadAction","target":["https:\/\/charleroi-pourlapalestine.be\/index.php\/2022\/03\/04\/decouverte-et-initiation-a-tatreez-la-broderie-palestinienne-traditionnelle\/"]}]},{"@type":"ImageObject","inLanguage":"fr-FR","@id":"https:\/\/charleroi-pourlapalestine.be\/index.php\/2022\/03\/04\/decouverte-et-initiation-a-tatreez-la-broderie-palestinienne-traditionnelle\/#primaryimage","url":"https:\/\/charleroi-pourlapalestine.be\/wp-content\/uploads\/2022\/03\/Tatreez-Carmen-et-Rana.jpg","contentUrl":"https:\/\/charleroi-pourlapalestine.be\/wp-content\/uploads\/2022\/03\/Tatreez-Carmen-et-Rana.jpg","width":454,"height":280},{"@type":"BreadcrumbList","@id":"https:\/\/charleroi-pourlapalestine.be\/index.php\/2022\/03\/04\/decouverte-et-initiation-a-tatreez-la-broderie-palestinienne-traditionnelle\/#breadcrumb","itemListElement":[{"@type":"ListItem","position":1,"name":"Accueil","item":"https:\/\/charleroi-pourlapalestine.be\/"},{"@type":"ListItem","position":2,"name":"D\u00e9couverte et initiation \u00e0 &#8220;tatreez&#8221;, la broderie palestinienne traditionnelle"}]},{"@type":"WebSite","@id":"https:\/\/charleroi-pourlapalestine.be\/#website","url":"https:\/\/charleroi-pourlapalestine.be\/","name":"Charleroi Pour la Palestine","description":"","publisher":{"@id":"https:\/\/charleroi-pourlapalestine.be\/#organization"},"potentialAction":[{"@type":"SearchAction","target":{"@type":"EntryPoint","urlTemplate":"https:\/\/charleroi-pourlapalestine.be\/?s={search_term_string}"},"query-input":{"@type":"PropertyValueSpecification","valueRequired":true,"valueName":"search_term_string"}}],"inLanguage":"fr-FR"},{"@type":"Organization","@id":"https:\/\/charleroi-pourlapalestine.be\/#organization","name":"Plate-forme Charleroi-Palestine","url":"https:\/\/charleroi-pourlapalestine.be\/","logo":{"@type":"ImageObject","inLanguage":"fr-FR","@id":"https:\/\/charleroi-pourlapalestine.be\/#\/schema\/logo\/image\/","url":"https:\/\/charleroi-pourlapalestine.be\/wp-content\/uploads\/2020\/01\/logo-Copy.jpg","contentUrl":"https:\/\/charleroi-pourlapalestine.be\/wp-content\/uploads\/2020\/01\/logo-Copy.jpg","width":180,"height":180,"caption":"Plate-forme Charleroi-Palestine"},"image":{"@id":"https:\/\/charleroi-pourlapalestine.be\/#\/schema\/logo\/image\/"},"sameAs":["https:\/\/www.facebook.com\/PlateformeCharleroiPalestine\/","https:\/\/x.com\/LaCharleroi"]},{"@type":"Person","@id":"https:\/\/charleroi-pourlapalestine.be\/#\/schema\/person\/c19ff515112f1299d8c12671d8fe3faa","name":"admin1873","url":"https:\/\/charleroi-pourlapalestine.be\/index.php\/author\/admin1873\/"}]}},"_links":{"self":[{"href":"https:\/\/charleroi-pourlapalestine.be\/index.php\/wp-json\/wp\/v2\/posts\/35990","targetHints":{"allow":["GET"]}}],"collection":[{"href":"https:\/\/charleroi-pourlapalestine.be\/index.php\/wp-json\/wp\/v2\/posts"}],"about":[{"href":"https:\/\/charleroi-pourlapalestine.be\/index.php\/wp-json\/wp\/v2\/types\/post"}],"author":[{"embeddable":true,"href":"https:\/\/charleroi-pourlapalestine.be\/index.php\/wp-json\/wp\/v2\/users\/1"}],"replies":[{"embeddable":true,"href":"https:\/\/charleroi-pourlapalestine.be\/index.php\/wp-json\/wp\/v2\/comments?post=35990"}],"version-history":[{"count":0,"href":"https:\/\/charleroi-pourlapalestine.be\/index.php\/wp-json\/wp\/v2\/posts\/35990\/revisions"}],"wp:featuredmedia":[{"embeddable":true,"href":"https:\/\/charleroi-pourlapalestine.be\/index.php\/wp-json\/wp\/v2\/media\/36001"}],"wp:attachment":[{"href":"https:\/\/charleroi-pourlapalestine.be\/index.php\/wp-json\/wp\/v2\/media?parent=35990"}],"wp:term":[{"taxonomy":"category","embeddable":true,"href":"https:\/\/charleroi-pourlapalestine.be\/index.php\/wp-json\/wp\/v2\/categories?post=35990"},{"taxonomy":"post_tag","embeddable":true,"href":"https:\/\/charleroi-pourlapalestine.be\/index.php\/wp-json\/wp\/v2\/tags?post=35990"}],"curies":[{"name":"wp","href":"https:\/\/api.w.org\/{rel}","templated":true}]}}