{"id":36178,"date":"2022-03-08T03:50:22","date_gmt":"2022-03-08T02:50:22","guid":{"rendered":"https:\/\/charleroi-pourlapalestine.be\/?p=36178"},"modified":"2022-03-08T03:50:25","modified_gmt":"2022-03-08T02:50:25","slug":"les-forces-doccupation-israeliennes-arretent-a-nouveau-salah-hamouri","status":"publish","type":"post","link":"https:\/\/charleroi-pourlapalestine.be\/index.php\/2022\/03\/08\/les-forces-doccupation-israeliennes-arretent-a-nouveau-salah-hamouri\/","title":{"rendered":"Les forces d\u2019occupation isra\u00e9liennes arr\u00eatent \u00e0 nouveau Salah Hamouri"},"content":{"rendered":"<p>D\u00e8s les premi\u00e8res lueurs de l\u2019aube du 7 mars 2022, les forces d\u2019occupation isra\u00e9liennes (FOI) ont fait irruption au domicile du <strong>d\u00e9fenseur des droits humains et avocat d\u2019Addameer<\/strong> <strong>Salah Hamouri<\/strong>, \u00e0 Kufr Aqab, l\u2019arr\u00eatant de fa\u00e7on arbitraire et le transf\u00e9rant aussit\u00f4t \u00e0 la prison militaire isra\u00e9lienne d\u2019<strong>Ofer.<\/strong><\/p>\n<p>&nbsp;<\/p>\n<p><img loading=\"lazy\" decoding=\"async\" class=\"aligncenter wp-image-36180 size-full\" src=\"https:\/\/charleroi-pourlapalestine.be\/wp-content\/uploads\/2022\/03\/Salah-Hamouri.jpg\" alt=\"\" width=\"503\" height=\"272\" srcset=\"https:\/\/charleroi-pourlapalestine.be\/wp-content\/uploads\/2022\/03\/Salah-Hamouri.jpg 503w, https:\/\/charleroi-pourlapalestine.be\/wp-content\/uploads\/2022\/03\/Salah-Hamouri-300x162.jpg 300w\" sizes=\"auto, (max-width: 503px) 100vw, 503px\" \/><\/p>\n<p><strong>Addameer,<\/strong> 7 mars 2022<\/p>\n<p><a href=\"https:\/\/charleroi-pourlapalestine.be\/index.php\/tag\/salah-hamouri\/\"><strong>Salah Hamouri<\/strong>,<\/a> 36 ans, est un J\u00e9rusal\u00e9mite palestino-fran\u00e7ais, d\u00e9fenseur des droits humains (DDH) depuis tr\u00e8s longtemps d\u00e9j\u00e0 et<strong> ancien prisonnier politique<\/strong>. Au fil des ann\u00e9es, <strong>Salah Hamouri n\u2019a cess\u00e9 d\u2019\u00eatre cibl\u00e9 par les autorit\u00e9s d\u2019occupation, <\/strong>d\u2019\u00eatre soumis \u00e0 des arrestations arbitraires et \u00e0 des arrestations administratives sans accusation ni proc\u00e8s, \u00e0 des amendes exorbitantes, \u00e0 des interdictions de d\u00e9placement contre lui et sa famille, \u00e0 la d\u00e9portation de sa femme<strong> Elsa Lefort<\/strong>, de nationalit\u00e9 fran\u00e7aise et, plus r\u00e9cemment,<strong> \u00e0 la r\u00e9vocation ill\u00e9gale de sa r\u00e9sidence permanente et \u00e0 son expulsion forc\u00e9e de J\u00e9rusalem,<\/strong> le 18 octobre 2021. De plus, le 8 novembre 2021, une enqu\u00eate de <strong>Front Line Defenders<\/strong> men\u00e9e en collaboration avec Citizen Lab et le Security Lab d\u2019<strong>Amnesty International<\/strong> a d\u00e9couvert que Salah Hamouri avait \u00e9t\u00e9 <strong>l\u2019un des six DDH pirat\u00e9s par le tristement c\u00e9l\u00e8bre logiciel espion Pegasus de la firme isra\u00e9lienne NSO Group.<\/strong><\/p>\n<p>Pour cette raison,<strong> Salah Hamouri<\/strong> est apparu comme l\u2019un des cas les plus connus de <strong>harc\u00e8lement syst\u00e9matique et de pers\u00e9cution<\/strong> de DDH de la part du r\u00e9gime isra\u00e9lien d\u2019occupation et d\u2019apartheid. Son cas a \u00e9t\u00e9 mis en exergue dans le fameux rapport d\u2019<strong>Amnesty International<\/strong> prouvant les crimes isra\u00e9liens d\u2019apartheid et tout particuli\u00e8rement la pratique ill\u00e9gale du transfert forc\u00e9 et de la d\u00e9portation de la population, ainsi que de la manipulation d\u00e9mographique. De m\u00eame, le 3 mars 2022, pendant son examen du cinqui\u00e8me rapport p\u00e9riodique d\u2019Isra\u00ebl concernant sa mise en application du <strong>Pacte international concernant les droits civils et politiques<\/strong> (ICCPR), le<strong> Comit\u00e9 des Nations unies pour les droits de l\u2019homme<\/strong> a \u00e9pingl\u00e9 le cas <strong>Hamouri<\/strong> et a montr\u00e9 du doigt la politique arbitraire alarmante d\u2019Isra\u00ebl de <strong>r\u00e9vocation de r\u00e9sidence<\/strong> s\u2019appuyant sur la <em>\u00ab rupture d\u2019all\u00e9geance \u00bb<\/em>, et ce, afin de contr\u00f4ler la composition d\u00e9mographique de J\u00e9rusalem.<\/p>\n<p>De plus, au moment de sa toute derni\u00e8re arrestation, <strong>Salah Hamouri<\/strong> continue de mener un combat juridique afin de <strong>contester sa r\u00e9vocation ill\u00e9gale de r\u00e9sidence.<\/strong> Le conseil de d\u00e9fense de Salah Hamouri, repr\u00e9sent\u00e9 par <strong>HaMoked<\/strong> pour la d\u00e9fense de l\u2019individu et l\u2019avocate <a href=\"https:\/\/charleroi-pourlapalestine.be\/index.php\/tag\/lea-tsemel\/\"><strong>Lea Tsemel<\/strong><\/a>, a soumis un appel contre la r\u00e9vocation de r\u00e9sidence ainsi qu\u2019une requ\u00eate de suspension des proc\u00e9dures associ\u00e9es \u00e0 la r\u00e9vocation de r\u00e9sidence \u2013 en insistant particuli\u00e8rement sur l\u2019interdiction de d\u00e9placement et sur la suppression de la s\u00e9curit\u00e9 sociale de r\u00e9sidence et des b\u00e9n\u00e9fices d\u2019assurance.<\/p>\n<p>N\u00e9anmoins, le 26 d\u00e9cembre 2021, la <strong>Cour supr\u00eame isra\u00e9lienne<\/strong> a rejet\u00e9 les appels en vue de suspendre les proc\u00e9dures de r\u00e9vocation de r\u00e9sidence. Le 24 f\u00e9vrier 2022, en r\u00e9ponse \u00e0 la Cour supr\u00eame, le procureur g\u00e9n\u00e9ral isra\u00e9lien a \u00e9galement recommand\u00e9 de rejeter l\u2019appel, citant des <strong><em>\u00ab informations secr\u00e8tes \u00bb<\/em><\/strong> fournies par le minist\u00e8re isra\u00e9lien de l\u2019Int\u00e9rieur et disant que Salah Hamouri restait une <em>\u00ab menace pour la s\u00e9curit\u00e9 \u00bb.<\/em> La retenue et l\u2019usage d\u2019<em>\u00ab informations secr\u00e8tes \u00bb<\/em> refl\u00e8te tr\u00e8s remarquablement la pratique par l\u2019occupation isra\u00e9lienne de l\u2019arrestation administrative, <strong>qui envoie les Palestiniens en d\u00e9tention ind\u00e9finie sans accusation ni proc\u00e8s.<\/strong> Plus encore, la <strong>criminalisation arbitraire et g\u00e9n\u00e9rale<\/strong> par le r\u00e9gime d\u2019occupation isra\u00e9lien de <strong>six organisations de pointe de la soci\u00e9t\u00e9 civile palestinienne<\/strong> \u2013 dont <strong>Addameer<\/strong> \u2013 en octobre 2021 s\u2019appuyait \u00e9galement sur le d\u00e9ni d\u2019un proc\u00e8s en bonne et due forme de sur le recours \u00e0 de pr\u00e9tendues <em>\u00ab preuves secr\u00e8tes \u00bb.<\/em><\/p>\n<p>De plus, \u00e0 la lumi\u00e8re de la d\u00e9couverte du logiciel espion <strong>Pegasus<\/strong> dans les appareils de six DDH palestiniens, plusieurs ONG, dont la <strong>F\u00e9d\u00e9ration internationale des droits de l\u2019homme (FIDH)<\/strong>, ont insist\u00e9 aupr\u00e8s de l\u2019<strong>Union europ\u00e9enne<\/strong> afin qu\u2019elle place <strong>NSO Group<\/strong> sur la liste mondiale des firmes sanctionn\u00e9es pour non-respect des droits humains. Entre autres, la <strong>FIDH <\/strong>et <strong>Salah Hamouri<\/strong> ont pr\u00e9vu d\u2019introduire en<strong> France<\/strong> une<strong> plainte commune contre NSO Group<\/strong>, \u00e0 la lumi\u00e8re des violations contre sa personne en tant que ressortissant fran\u00e7ais.<\/p>\n<p>Parmi les proc\u00e9dures et plaidoyers juridiques d\u00e9fiant les violations grossi\u00e8res du r\u00e9gime d\u2019occupation isra\u00e9lien \u00e9quivalent \u00e0 des crimes de guerre et au crime d\u2019apartheid, le cas de Salah Hamouri a \u00e9t\u00e9 de plus en plus mis en exergue dans les forums internationaux par les institutions, ONG et organisations des droits humains du monde entier, sans oublier nombre de partis politiques de maints \u00c9tats. Pour cette raison, <strong>les autorit\u00e9s d\u2019occupation isra\u00e9liennes ont syst\u00e9matiquement harcel\u00e9 et cibl\u00e9 Salah Hamouri,<\/strong> un avocat remuant des droits humains palestiniens, afin de r\u00e9primer son droit \u00e0 la libert\u00e9 d\u2019expression et de d\u00e9l\u00e9gitimer et discr\u00e9diter son travail en tant que DDH.<\/p>\n<p>Il ne suffit pas pour les acteurs internationaux de simplement sortir des d\u00e9clarations ; <strong>l\u2019inaction de la part de la communaut\u00e9 internationale et des \u00c9tats \u2013 parmi lesquels la France<\/strong>, dont Salah Hamouri est ressortissant \u00e9galement, puisqu\u2019il a une <strong>double nationalit\u00e9<\/strong> \u2013 continue \u00e0 accorder l\u2019impunit\u00e9 \u00e0 l\u2019occupation isra\u00e9lienne et \u00e0 son r\u00e9gime d\u2019apartheid alors qu\u2019elle multiplie de plus en plus ses attaques contre la soci\u00e9t\u00e9 civile palestinienne et les DDH.<\/p>\n<p><strong>Nous demandons aux \u00c9tats, aux institutions internationales et \u00e0 toutes les tierces parties d\u2019entreprendre des actions concr\u00e8tes contre le harc\u00e8lement continu et la criminalisation des DDH palestiniens et de la soci\u00e9t\u00e9 civile palestinien de la part des autorit\u00e9s d\u2019occupation isra\u00e9liennes et de r\u00e9clamer la lib\u00e9ration de Salah Hamouri et de tous les prisonniers politiques palestiniens d\u00e9tenus arbitrairement dans les prisons isra\u00e9liennes.<\/strong><\/p>\n<p style=\"text-align: center;\">\u00b0\u00b0\u00b0\u00b0\u00b0<\/p>\n<p>Publi\u00e9 le 7 mars 2022 sur <a href=\"https:\/\/www.addameer.org\/news\/4716\" target=\"_blank\" rel=\"noopener\">Addameer<\/a><br \/>\nTraduction : Jean-Marie Fl\u00e9mal, <a href=\"https:\/\/charleroi-pourlapalestine.be\/\">Charleroi pour la Palestine<\/a><\/p>\n","protected":false},"excerpt":{"rendered":"<p>Au fil des ann\u00e9es, Salah Hamouri, d\u00e9fenseur des droits humains et avocat d\u2019Addameer, n\u2019a cess\u00e9 d\u2019\u00eatre cibl\u00e9 par les autorit\u00e9s d\u2019occupation.<\/p>\n","protected":false},"author":1,"featured_media":36180,"comment_status":"closed","ping_status":"closed","sticky":false,"template":"","format":"standard","meta":{"ngg_post_thumbnail":0,"footnotes":""},"categories":[192,13],"tags":[479],"class_list":["post-36178","post","type-post","status-publish","format-standard","has-post-thumbnail","hentry","category-palestine","category-les-prisionners-palestiniens","tag-salah-hamouri"],"yoast_head":"<!-- This site is optimized with the Yoast SEO plugin v27.3 - https:\/\/yoast.com\/product\/yoast-seo-wordpress\/ -->\n<title>Les forces d\u2019occupation isra\u00e9liennes arr\u00eatent \u00e0 nouveau Salah Hamouri<\/title>\n<meta name=\"description\" content=\"D\u00e8s les premi\u00e8res lueurs de l\u2019aube du 7 mars 2022, les forces d\u2019occupation isra\u00e9liennes ont fait irruption au domicile du d\u00e9fenseur des droits humains et avocat d\u2019Addameer Salah Hamouri\" \/>\n<meta name=\"robots\" content=\"index, follow, max-snippet:-1, max-image-preview:large, max-video-preview:-1\" \/>\n<link rel=\"canonical\" href=\"https:\/\/charleroi-pourlapalestine.be\/index.php\/2022\/03\/08\/les-forces-doccupation-israeliennes-arretent-a-nouveau-salah-hamouri\/\" \/>\n<script type=\"application\/ld+json\" class=\"yoast-schema-graph\">{\"@context\":\"https:\\\/\\\/schema.org\",\"@graph\":[{\"@type\":\"Article\",\"@id\":\"https:\\\/\\\/charleroi-pourlapalestine.be\\\/index.php\\\/2022\\\/03\\\/08\\\/les-forces-doccupation-israeliennes-arretent-a-nouveau-salah-hamouri\\\/#article\",\"isPartOf\":{\"@id\":\"https:\\\/\\\/charleroi-pourlapalestine.be\\\/index.php\\\/2022\\\/03\\\/08\\\/les-forces-doccupation-israeliennes-arretent-a-nouveau-salah-hamouri\\\/\"},\"author\":{\"name\":\"admin1873\",\"@id\":\"https:\\\/\\\/charleroi-pourlapalestine.be\\\/#\\\/schema\\\/person\\\/c19ff515112f1299d8c12671d8fe3faa\"},\"headline\":\"Les forces d\u2019occupation isra\u00e9liennes arr\u00eatent \u00e0 nouveau Salah Hamouri\",\"datePublished\":\"2022-03-08T02:50:22+00:00\",\"dateModified\":\"2022-03-08T02:50:25+00:00\",\"mainEntityOfPage\":{\"@id\":\"https:\\\/\\\/charleroi-pourlapalestine.be\\\/index.php\\\/2022\\\/03\\\/08\\\/les-forces-doccupation-israeliennes-arretent-a-nouveau-salah-hamouri\\\/\"},\"wordCount\":1070,\"publisher\":{\"@id\":\"https:\\\/\\\/charleroi-pourlapalestine.be\\\/#organization\"},\"image\":{\"@id\":\"https:\\\/\\\/charleroi-pourlapalestine.be\\\/index.php\\\/2022\\\/03\\\/08\\\/les-forces-doccupation-israeliennes-arretent-a-nouveau-salah-hamouri\\\/#primaryimage\"},\"thumbnailUrl\":\"https:\\\/\\\/charleroi-pourlapalestine.be\\\/wp-content\\\/uploads\\\/2022\\\/03\\\/Salah-Hamouri.jpg\",\"keywords\":[\"Salah Hamouri\"],\"articleSection\":[\"Palestine\",\"Prisonniers\"],\"inLanguage\":\"fr-FR\"},{\"@type\":\"WebPage\",\"@id\":\"https:\\\/\\\/charleroi-pourlapalestine.be\\\/index.php\\\/2022\\\/03\\\/08\\\/les-forces-doccupation-israeliennes-arretent-a-nouveau-salah-hamouri\\\/\",\"url\":\"https:\\\/\\\/charleroi-pourlapalestine.be\\\/index.php\\\/2022\\\/03\\\/08\\\/les-forces-doccupation-israeliennes-arretent-a-nouveau-salah-hamouri\\\/\",\"name\":\"Les forces d\u2019occupation isra\u00e9liennes arr\u00eatent \u00e0 nouveau Salah Hamouri\",\"isPartOf\":{\"@id\":\"https:\\\/\\\/charleroi-pourlapalestine.be\\\/#website\"},\"primaryImageOfPage\":{\"@id\":\"https:\\\/\\\/charleroi-pourlapalestine.be\\\/index.php\\\/2022\\\/03\\\/08\\\/les-forces-doccupation-israeliennes-arretent-a-nouveau-salah-hamouri\\\/#primaryimage\"},\"image\":{\"@id\":\"https:\\\/\\\/charleroi-pourlapalestine.be\\\/index.php\\\/2022\\\/03\\\/08\\\/les-forces-doccupation-israeliennes-arretent-a-nouveau-salah-hamouri\\\/#primaryimage\"},\"thumbnailUrl\":\"https:\\\/\\\/charleroi-pourlapalestine.be\\\/wp-content\\\/uploads\\\/2022\\\/03\\\/Salah-Hamouri.jpg\",\"datePublished\":\"2022-03-08T02:50:22+00:00\",\"dateModified\":\"2022-03-08T02:50:25+00:00\",\"description\":\"D\u00e8s les premi\u00e8res lueurs de l\u2019aube du 7 mars 2022, les forces d\u2019occupation isra\u00e9liennes ont fait irruption au domicile du d\u00e9fenseur des droits humains et avocat d\u2019Addameer Salah Hamouri\",\"breadcrumb\":{\"@id\":\"https:\\\/\\\/charleroi-pourlapalestine.be\\\/index.php\\\/2022\\\/03\\\/08\\\/les-forces-doccupation-israeliennes-arretent-a-nouveau-salah-hamouri\\\/#breadcrumb\"},\"inLanguage\":\"fr-FR\",\"potentialAction\":[{\"@type\":\"ReadAction\",\"target\":[\"https:\\\/\\\/charleroi-pourlapalestine.be\\\/index.php\\\/2022\\\/03\\\/08\\\/les-forces-doccupation-israeliennes-arretent-a-nouveau-salah-hamouri\\\/\"]}]},{\"@type\":\"ImageObject\",\"inLanguage\":\"fr-FR\",\"@id\":\"https:\\\/\\\/charleroi-pourlapalestine.be\\\/index.php\\\/2022\\\/03\\\/08\\\/les-forces-doccupation-israeliennes-arretent-a-nouveau-salah-hamouri\\\/#primaryimage\",\"url\":\"https:\\\/\\\/charleroi-pourlapalestine.be\\\/wp-content\\\/uploads\\\/2022\\\/03\\\/Salah-Hamouri.jpg\",\"contentUrl\":\"https:\\\/\\\/charleroi-pourlapalestine.be\\\/wp-content\\\/uploads\\\/2022\\\/03\\\/Salah-Hamouri.jpg\",\"width\":503,\"height\":272},{\"@type\":\"BreadcrumbList\",\"@id\":\"https:\\\/\\\/charleroi-pourlapalestine.be\\\/index.php\\\/2022\\\/03\\\/08\\\/les-forces-doccupation-israeliennes-arretent-a-nouveau-salah-hamouri\\\/#breadcrumb\",\"itemListElement\":[{\"@type\":\"ListItem\",\"position\":1,\"name\":\"Accueil\",\"item\":\"https:\\\/\\\/charleroi-pourlapalestine.be\\\/\"},{\"@type\":\"ListItem\",\"position\":2,\"name\":\"Les forces d\u2019occupation isra\u00e9liennes arr\u00eatent \u00e0 nouveau Salah Hamouri\"}]},{\"@type\":\"WebSite\",\"@id\":\"https:\\\/\\\/charleroi-pourlapalestine.be\\\/#website\",\"url\":\"https:\\\/\\\/charleroi-pourlapalestine.be\\\/\",\"name\":\"Charleroi Pour la Palestine\",\"description\":\"\",\"publisher\":{\"@id\":\"https:\\\/\\\/charleroi-pourlapalestine.be\\\/#organization\"},\"potentialAction\":[{\"@type\":\"SearchAction\",\"target\":{\"@type\":\"EntryPoint\",\"urlTemplate\":\"https:\\\/\\\/charleroi-pourlapalestine.be\\\/?s={search_term_string}\"},\"query-input\":{\"@type\":\"PropertyValueSpecification\",\"valueRequired\":true,\"valueName\":\"search_term_string\"}}],\"inLanguage\":\"fr-FR\"},{\"@type\":\"Organization\",\"@id\":\"https:\\\/\\\/charleroi-pourlapalestine.be\\\/#organization\",\"name\":\"Plate-forme Charleroi-Palestine\",\"url\":\"https:\\\/\\\/charleroi-pourlapalestine.be\\\/\",\"logo\":{\"@type\":\"ImageObject\",\"inLanguage\":\"fr-FR\",\"@id\":\"https:\\\/\\\/charleroi-pourlapalestine.be\\\/#\\\/schema\\\/logo\\\/image\\\/\",\"url\":\"https:\\\/\\\/charleroi-pourlapalestine.be\\\/wp-content\\\/uploads\\\/2020\\\/01\\\/logo-Copy.jpg\",\"contentUrl\":\"https:\\\/\\\/charleroi-pourlapalestine.be\\\/wp-content\\\/uploads\\\/2020\\\/01\\\/logo-Copy.jpg\",\"width\":180,\"height\":180,\"caption\":\"Plate-forme Charleroi-Palestine\"},\"image\":{\"@id\":\"https:\\\/\\\/charleroi-pourlapalestine.be\\\/#\\\/schema\\\/logo\\\/image\\\/\"},\"sameAs\":[\"https:\\\/\\\/www.facebook.com\\\/PlateformeCharleroiPalestine\\\/\",\"https:\\\/\\\/x.com\\\/LaCharleroi\"]},{\"@type\":\"Person\",\"@id\":\"https:\\\/\\\/charleroi-pourlapalestine.be\\\/#\\\/schema\\\/person\\\/c19ff515112f1299d8c12671d8fe3faa\",\"name\":\"admin1873\",\"url\":\"https:\\\/\\\/charleroi-pourlapalestine.be\\\/index.php\\\/author\\\/admin1873\\\/\"}]}<\/script>\n<!-- \/ Yoast SEO plugin. -->","yoast_head_json":{"title":"Les forces d\u2019occupation isra\u00e9liennes arr\u00eatent \u00e0 nouveau Salah Hamouri","description":"D\u00e8s les premi\u00e8res lueurs de l\u2019aube du 7 mars 2022, les forces d\u2019occupation isra\u00e9liennes ont fait irruption au domicile du d\u00e9fenseur des droits humains et avocat d\u2019Addameer Salah Hamouri","robots":{"index":"index","follow":"follow","max-snippet":"max-snippet:-1","max-image-preview":"max-image-preview:large","max-video-preview":"max-video-preview:-1"},"canonical":"https:\/\/charleroi-pourlapalestine.be\/index.php\/2022\/03\/08\/les-forces-doccupation-israeliennes-arretent-a-nouveau-salah-hamouri\/","schema":{"@context":"https:\/\/schema.org","@graph":[{"@type":"Article","@id":"https:\/\/charleroi-pourlapalestine.be\/index.php\/2022\/03\/08\/les-forces-doccupation-israeliennes-arretent-a-nouveau-salah-hamouri\/#article","isPartOf":{"@id":"https:\/\/charleroi-pourlapalestine.be\/index.php\/2022\/03\/08\/les-forces-doccupation-israeliennes-arretent-a-nouveau-salah-hamouri\/"},"author":{"name":"admin1873","@id":"https:\/\/charleroi-pourlapalestine.be\/#\/schema\/person\/c19ff515112f1299d8c12671d8fe3faa"},"headline":"Les forces d\u2019occupation isra\u00e9liennes arr\u00eatent \u00e0 nouveau Salah Hamouri","datePublished":"2022-03-08T02:50:22+00:00","dateModified":"2022-03-08T02:50:25+00:00","mainEntityOfPage":{"@id":"https:\/\/charleroi-pourlapalestine.be\/index.php\/2022\/03\/08\/les-forces-doccupation-israeliennes-arretent-a-nouveau-salah-hamouri\/"},"wordCount":1070,"publisher":{"@id":"https:\/\/charleroi-pourlapalestine.be\/#organization"},"image":{"@id":"https:\/\/charleroi-pourlapalestine.be\/index.php\/2022\/03\/08\/les-forces-doccupation-israeliennes-arretent-a-nouveau-salah-hamouri\/#primaryimage"},"thumbnailUrl":"https:\/\/charleroi-pourlapalestine.be\/wp-content\/uploads\/2022\/03\/Salah-Hamouri.jpg","keywords":["Salah Hamouri"],"articleSection":["Palestine","Prisonniers"],"inLanguage":"fr-FR"},{"@type":"WebPage","@id":"https:\/\/charleroi-pourlapalestine.be\/index.php\/2022\/03\/08\/les-forces-doccupation-israeliennes-arretent-a-nouveau-salah-hamouri\/","url":"https:\/\/charleroi-pourlapalestine.be\/index.php\/2022\/03\/08\/les-forces-doccupation-israeliennes-arretent-a-nouveau-salah-hamouri\/","name":"Les forces d\u2019occupation isra\u00e9liennes arr\u00eatent \u00e0 nouveau Salah Hamouri","isPartOf":{"@id":"https:\/\/charleroi-pourlapalestine.be\/#website"},"primaryImageOfPage":{"@id":"https:\/\/charleroi-pourlapalestine.be\/index.php\/2022\/03\/08\/les-forces-doccupation-israeliennes-arretent-a-nouveau-salah-hamouri\/#primaryimage"},"image":{"@id":"https:\/\/charleroi-pourlapalestine.be\/index.php\/2022\/03\/08\/les-forces-doccupation-israeliennes-arretent-a-nouveau-salah-hamouri\/#primaryimage"},"thumbnailUrl":"https:\/\/charleroi-pourlapalestine.be\/wp-content\/uploads\/2022\/03\/Salah-Hamouri.jpg","datePublished":"2022-03-08T02:50:22+00:00","dateModified":"2022-03-08T02:50:25+00:00","description":"D\u00e8s les premi\u00e8res lueurs de l\u2019aube du 7 mars 2022, les forces d\u2019occupation isra\u00e9liennes ont fait irruption au domicile du d\u00e9fenseur des droits humains et avocat d\u2019Addameer Salah Hamouri","breadcrumb":{"@id":"https:\/\/charleroi-pourlapalestine.be\/index.php\/2022\/03\/08\/les-forces-doccupation-israeliennes-arretent-a-nouveau-salah-hamouri\/#breadcrumb"},"inLanguage":"fr-FR","potentialAction":[{"@type":"ReadAction","target":["https:\/\/charleroi-pourlapalestine.be\/index.php\/2022\/03\/08\/les-forces-doccupation-israeliennes-arretent-a-nouveau-salah-hamouri\/"]}]},{"@type":"ImageObject","inLanguage":"fr-FR","@id":"https:\/\/charleroi-pourlapalestine.be\/index.php\/2022\/03\/08\/les-forces-doccupation-israeliennes-arretent-a-nouveau-salah-hamouri\/#primaryimage","url":"https:\/\/charleroi-pourlapalestine.be\/wp-content\/uploads\/2022\/03\/Salah-Hamouri.jpg","contentUrl":"https:\/\/charleroi-pourlapalestine.be\/wp-content\/uploads\/2022\/03\/Salah-Hamouri.jpg","width":503,"height":272},{"@type":"BreadcrumbList","@id":"https:\/\/charleroi-pourlapalestine.be\/index.php\/2022\/03\/08\/les-forces-doccupation-israeliennes-arretent-a-nouveau-salah-hamouri\/#breadcrumb","itemListElement":[{"@type":"ListItem","position":1,"name":"Accueil","item":"https:\/\/charleroi-pourlapalestine.be\/"},{"@type":"ListItem","position":2,"name":"Les forces d\u2019occupation isra\u00e9liennes arr\u00eatent \u00e0 nouveau Salah Hamouri"}]},{"@type":"WebSite","@id":"https:\/\/charleroi-pourlapalestine.be\/#website","url":"https:\/\/charleroi-pourlapalestine.be\/","name":"Charleroi Pour la Palestine","description":"","publisher":{"@id":"https:\/\/charleroi-pourlapalestine.be\/#organization"},"potentialAction":[{"@type":"SearchAction","target":{"@type":"EntryPoint","urlTemplate":"https:\/\/charleroi-pourlapalestine.be\/?s={search_term_string}"},"query-input":{"@type":"PropertyValueSpecification","valueRequired":true,"valueName":"search_term_string"}}],"inLanguage":"fr-FR"},{"@type":"Organization","@id":"https:\/\/charleroi-pourlapalestine.be\/#organization","name":"Plate-forme Charleroi-Palestine","url":"https:\/\/charleroi-pourlapalestine.be\/","logo":{"@type":"ImageObject","inLanguage":"fr-FR","@id":"https:\/\/charleroi-pourlapalestine.be\/#\/schema\/logo\/image\/","url":"https:\/\/charleroi-pourlapalestine.be\/wp-content\/uploads\/2020\/01\/logo-Copy.jpg","contentUrl":"https:\/\/charleroi-pourlapalestine.be\/wp-content\/uploads\/2020\/01\/logo-Copy.jpg","width":180,"height":180,"caption":"Plate-forme Charleroi-Palestine"},"image":{"@id":"https:\/\/charleroi-pourlapalestine.be\/#\/schema\/logo\/image\/"},"sameAs":["https:\/\/www.facebook.com\/PlateformeCharleroiPalestine\/","https:\/\/x.com\/LaCharleroi"]},{"@type":"Person","@id":"https:\/\/charleroi-pourlapalestine.be\/#\/schema\/person\/c19ff515112f1299d8c12671d8fe3faa","name":"admin1873","url":"https:\/\/charleroi-pourlapalestine.be\/index.php\/author\/admin1873\/"}]}},"_links":{"self":[{"href":"https:\/\/charleroi-pourlapalestine.be\/index.php\/wp-json\/wp\/v2\/posts\/36178","targetHints":{"allow":["GET"]}}],"collection":[{"href":"https:\/\/charleroi-pourlapalestine.be\/index.php\/wp-json\/wp\/v2\/posts"}],"about":[{"href":"https:\/\/charleroi-pourlapalestine.be\/index.php\/wp-json\/wp\/v2\/types\/post"}],"author":[{"embeddable":true,"href":"https:\/\/charleroi-pourlapalestine.be\/index.php\/wp-json\/wp\/v2\/users\/1"}],"replies":[{"embeddable":true,"href":"https:\/\/charleroi-pourlapalestine.be\/index.php\/wp-json\/wp\/v2\/comments?post=36178"}],"version-history":[{"count":0,"href":"https:\/\/charleroi-pourlapalestine.be\/index.php\/wp-json\/wp\/v2\/posts\/36178\/revisions"}],"wp:featuredmedia":[{"embeddable":true,"href":"https:\/\/charleroi-pourlapalestine.be\/index.php\/wp-json\/wp\/v2\/media\/36180"}],"wp:attachment":[{"href":"https:\/\/charleroi-pourlapalestine.be\/index.php\/wp-json\/wp\/v2\/media?parent=36178"}],"wp:term":[{"taxonomy":"category","embeddable":true,"href":"https:\/\/charleroi-pourlapalestine.be\/index.php\/wp-json\/wp\/v2\/categories?post=36178"},{"taxonomy":"post_tag","embeddable":true,"href":"https:\/\/charleroi-pourlapalestine.be\/index.php\/wp-json\/wp\/v2\/tags?post=36178"}],"curies":[{"name":"wp","href":"https:\/\/api.w.org\/{rel}","templated":true}]}}