{"id":37672,"date":"2022-04-10T06:54:56","date_gmt":"2022-04-10T04:54:56","guid":{"rendered":"https:\/\/charleroi-pourlapalestine.be\/?p=37672"},"modified":"2022-04-10T07:01:05","modified_gmt":"2022-04-10T05:01:05","slug":"pas-de-droits-pour-les-travailleurs-de-gaza-en-israel","status":"publish","type":"post","link":"https:\/\/charleroi-pourlapalestine.be\/index.php\/2022\/04\/10\/pas-de-droits-pour-les-travailleurs-de-gaza-en-israel\/","title":{"rendered":"Pas de droits pour les travailleurs de Gaza en Isra\u00ebl"},"content":{"rendered":"<p>Au lieu de permis de travail, les travailleurs de Gaza se voient accorder des permis de <em>\u00ab besoins financiers \u00bb<\/em> qui ne leur garantissent aucunement les droits du travail.<\/p>\n<div id=\"attachment_37676\" style=\"width: 490px\" class=\"wp-caption aligncenter\"><img loading=\"lazy\" decoding=\"async\" aria-describedby=\"caption-attachment-37676\" class=\"wp-image-37676 size-full\" src=\"https:\/\/charleroi-pourlapalestine.be\/wp-content\/uploads\/2022\/04\/Travailleurs-de-Gaza-e1649525524808.jpg\" alt=\"Les travailleurs de Gaza qui passent par le check-point d\u2019Erez sont souvent interrog\u00e9s par l\u2019arm\u00e9e isra\u00e9lienne. (Photo : Ashraf Amra \/ APA images)\" width=\"480\" height=\"320\"><p id=\"caption-attachment-37676\" class=\"wp-caption-text\">Les travailleurs de Gaza qui passent par le check-point d\u2019Erez sont souvent interrog\u00e9s par l\u2019arm\u00e9e isra\u00e9lienne. (Photo : Ashraf Amra \/ APA images)<\/p><\/div>\n<p><strong>Amjad Ayman Yaghi<\/strong>, 7 avril 2022<\/p>\n<p>Muhammad Abdelwahab a eu un accident alors qu\u2019il travaillait sur un site en construction en Isra\u00ebl.<\/p>\n<p>Ses blessures \u00e9taient graves \u2013 une h\u00e9morragie dans la t\u00eate \u2013 et il est donc all\u00e9 dans une clinique.<\/p>\n<p>La clinique lui a conseill\u00e9 de se rendre \u00e0 l\u2019h\u00f4pital, mais Abdelwahab a pr\u00e9f\u00e9r\u00e9 attendre et retourner \u00e0 Gaza pour le traitement. Du fait qu\u2019il n\u2019avait pas d\u2019assurance sant\u00e9, un traitement aurait \u00e9t\u00e9 trop cher en Isra\u00ebl.<\/p>\n<p>Malgr\u00e9 la gravit\u00e9 de la blessure d\u2019Abdelwahab, son employeur ne lui a pas fourni le moindre d\u00e9dommagement financier ou traitement m\u00e9dical.<\/p>\n<p>Abdelwahab, 39 ans, est p\u00e8re de quatre enfants et il vit au camp de r\u00e9fugi\u00e9s de Jabaliya, dans le nord de la bande de Gaza.<\/p>\n<p>Il \u00e9tait sans emploi depuis trois ans quand il avait commenc\u00e9 \u00e0 travailler dans la construction en Isra\u00ebl, en d\u00e9cembre 2021. Son accident a eu lieu en f\u00e9vrier cette ann\u00e9e.<\/p>\n<p>Bien qu\u2019il ait \u00e9t\u00e9 forgeron de formation, Abdelwahab \u00e9tait d\u2019accord d\u2019assumer n\u2019importe quel travail en Isra\u00ebl, non seulement parce que ces emplois payaient relativement bien, mais aussi parce que le blocus de Gaza par Isra\u00ebl \u2013 depuis 2007 \u2013 a dramatiquement r\u00e9duit les possibilit\u00e9s d\u2019emploi dans l\u2019enclave.<\/p>\n<p>Abdelwahab \u00e9tait parvenu \u00e0 obtenir un permis de travail en Isra\u00ebl, mais il n\u2019\u00e9tait pas officiellement d\u00e9sign\u00e9 comme <em>\u00ab travailleur \u00bb.<\/em><\/p>\n<p>En lieu et place, il avait re\u00e7u un permis de <em>\u00ab besoins financiers \u00bb<\/em>, qui prive le travailleur de toute forme d\u2019acc\u00e8s \u00e0 des avantages tels que les indemnit\u00e9s des travailleurs, l\u2019assurance sant\u00e9 et les autres droits du travail accord\u00e9s aux travailleurs en Isra\u00ebl.<\/p>\n<p><em>\u00ab J\u2019attends d\u2019\u00eatre gu\u00e9ri de ma blessure pour retourner travailler \u00bb,<\/em> a-t-il d\u00e9clar\u00e9.<\/p>\n<blockquote><p>\u00ab Plus je reste chez moi, plus les choses empirent pour moi. J\u2019ai des enfants, dont trois sont \u00e0 l\u2019\u00e9cole et j\u2019ai des d\u00e9penses importantes. \u00bb<\/p><\/blockquote>\n<p>Bien qu\u2019Abdelwahab consid\u00e8re que des questions comme la sant\u00e9 et l\u2019assurance vie sont importantes, il estime que les conditions \u00e0 Gaza sont si p\u00e9nibles que tout travail, m\u00eame sans avantage, est \u00ab<em> comme un r\u00eave \u00bb.<\/em><\/p>\n<p>En disant cela, Abdelwahab prend en consid\u00e9ration l\u2019avenir de ses enfants, qui semble compromis, lorsque lui et les autres travailleurs n\u2019ont pas de s\u00e9curit\u00e9 d\u2019emploi.<\/p>\n<h3><strong>Des travailleurs sans assurance<\/strong><\/h3>\n<p>R\u00e9cemment, Isra\u00ebl a accord\u00e9 8 000 permis suppl\u00e9mentaires \u00e0 des travailleurs palestiniens de la bande de Gaza pour qu\u2019ils aillent travailler en Isra\u00ebl, et ce, dans le cadre d\u2019un accord avec le Hamas n\u00e9goci\u00e9 par l\u2019\u00c9gypte.<\/p>\n<p>Pourtant, vu la nature de ces permis, ces travailleurs ne b\u00e9n\u00e9ficient pas des avantages sociaux du travail et ils sont trait\u00e9s diff\u00e9remment des autres travailleurs et, souvent, moins bien pay\u00e9s que les travailleurs palestiniens de la Cisjordanie occup\u00e9e.<\/p>\n<p>Au lieu de permis de travail, les travailleurs de Gaza se voient accorder des permis de <em>\u00ab besoins financiers \u00bb<\/em> qui ne leur garantissent aucunement les droits du travail.<\/p>\n<p>Pendant ce temps, les travailleurs de Cisjordanie ont des permis en bonne et due forme.<\/p>\n<p>Fahmi Amin, 40 ans, qui travaille dans une usine isra\u00e9lienne pr\u00e8s de Gaza, a d\u00e9clar\u00e9 qu\u2019obtenir ce genre de permis peut co\u00fbter \u00e0 un Palestinien de Gaza jusqu\u2019\u00e0 1 000 USD en frais d\u2019enregistrement et d\u2019inscription au minist\u00e8re des finances de Gaza, une somme \u00e9norme pour quelqu\u2019un qui ne travaille pas.<\/p>\n<p>Pourtant, bien des travailleurs sont retenus et interrog\u00e9s durant de br\u00e8ves p\u00e9riodes par les autorit\u00e9s isra\u00e9liennes au check-point d\u2019Erez, le seul passage permettant aux gens de se rendre de Gaza en Isra\u00ebl.<\/p>\n<p>Fahmi Amin fait remarquer qu\u2019en raison de leur manque de droits, les travailleurs palestiniens en Isra\u00ebl craignent que l\u2019aide humanitaire de l\u2019Autorit\u00e9 palestinienne ne leur soit supprim\u00e9e et que, \u00e0 un moment donn\u00e9, une dispute entre Isra\u00ebl n\u2019\u00e9clate, ce qui les laisserait sans emploi et sans grande perspective de travail \u00e0 l\u2019avenir.<\/p>\n<p>Fahmi Amin explique que travailler en Isra\u00ebl peut rapporter un salaire cinq fois sup\u00e9rieur \u00e0 celui que l\u2019on touche \u00e0 Gaza.<\/p>\n<p><em>\u00ab Mais ce sera un d\u00e9sastre si nous envisageons de cesser de travailler \u00bb<\/em> en Isra\u00ebl, ajoute-t-il.<\/p>\n<blockquote><p>\u00ab Nous avons bien trop peur que l\u2019aide que nous obtenons de l\u2019Autorit\u00e9 palestinienne \u2013 qui a d\u00e9j\u00e0 \u00e9t\u00e9 suspendue pendant plusieurs mois \u2013 ne soit supprim\u00e9e \u00bb,<\/p><\/blockquote>\n<p>dit-il encore.<\/p>\n<p>L\u2019Autorit\u00e9 palestinienne \u2013 qui d\u00e9pend de l\u2019aide \u00e9trang\u00e8re \u2013 accorde des allocations sociales aux familles les plus pauvres de Gaza.<\/p>\n<p><em>\u00ab Le travail en Isra\u00ebl n\u2019est pas garanti \u00bb<\/em> ajoute Fahmi Amin.<\/p>\n<blockquote><p>\u00ab Nous retournerons pour chercher une fa\u00e7on de convaincre les autorit\u00e9s officielles de notre besoin de soutien financier p\u00e9riodique au cas o\u00f9 l\u2019aide serait supprim\u00e9e. Nous ne voulons pas en arriver \u00e0 ce point. \u00bb<\/p><\/blockquote>\n<p>Fahmi Amin dit que lui et d\u2019autres travailleurs travailleraient n\u2019importe o\u00f9, du moment qu\u2019ils peuvent fournir nourriture et v\u00eatements \u00e0 leurs enfants.<\/p>\n<blockquote><p>\u00ab Nous esp\u00e9rons qu\u2019on nous accordera nos droits, \u00e0 l\u2019avenir, de fa\u00e7on que rien ne puisse nous emp\u00eacher de travailler \u00bb, dit-il.<\/p><\/blockquote>\n<h3><strong>Le d\u00e9ni des droits \u00e9l\u00e9mentaires<\/strong><\/h3>\n<p>Suite \u00e0 l\u2019agression isra\u00e9lienne contre Gaza, en mai 2021, Isra\u00ebl a autoris\u00e9 l\u2019octroi de 3 000 permis de commer\u00e7ants de plus pour les Palestiniens de Gaza, portant ainsi leur nombre total \u00e0 10 000. Mais ni ces permis de commer\u00e7ants ni les permis de<em> \u00ab besoins financiers \u00bb<\/em> ne d\u00e9bouchent sur les droits du travail.<\/p>\n<p>Jusqu\u2019au moment du d\u00e9clenchement de la Seconde Intifada, en 2000, le nombre total de travailleurs de Gaza en Isra\u00ebl atteignait presque 30 000.<\/p>\n<p>Aujourd\u2019hui, ce nombre n\u2019exc\u00e8de pas 10 000 travailleurs palestiniens de Gaza, estime Sami al-Amasi, chef de la <strong>F\u00e9d\u00e9ration g\u00e9n\u00e9rale des syndicats palestiniens \u00e0 Gaza.<\/strong><\/p>\n<p>Sami Al-Amasi fait remarquer qu\u2019en refusant de cataloguer les Palestiniens de Gaza comme <em>\u00ab travailleurs \u00bb,<\/em> Isra\u00ebl se soustrait \u00e0 tout engagement de leur fournir du travail et des droits financiers.<\/p>\n<p>Bien des travailleurs qui ont \u00e9t\u00e9 bless\u00e9s ou licenci\u00e9s avant 2000, ajoute Sami Al-Amasi, ont contact\u00e9 des avocats palestiniens de citoyennet\u00e9 isra\u00e9lienne pour obtenir leurs droits.<\/p>\n<p>Certains de ces cas ont tra\u00een\u00e9 pendant des ann\u00e9es dans les tribunaux du fait que les employeurs isra\u00e9liens cherchaient \u00e0 refuser leurs droits aux travailleurs palestiniens.<\/p>\n<p>Sami Al-Amasi explique qu\u2019Isra\u00ebl a remplac\u00e9 les permis de commer\u00e7ants par des permis de moyens financiers afin d\u2019\u00e9viter de devoir fournir aux travailleurs une assurance sant\u00e9, des indemnit\u00e9s en cas de blessure ou encore des indemnit\u00e9s de licenciement.<\/p>\n<p>Il fait \u00e9galement remarquer qu\u2019avant 2000, les Gazaouis employ\u00e9s en Isra\u00ebl se voyaient octroyer le titre de <em>\u00ab travailleurs \u00bb.<\/em><\/p>\n<p>Chacun devrait se voir accorder le statut de travailleur, ajoute-t-il, <em>\u00ab de fa\u00e7on que chacun puisse obtenir les droits qui lui sont dus \u00bb.<\/em><\/p>\n<p>Le syndicat qu\u2019il repr\u00e9sente exerce actuellement des pressions afin qu\u2019au moins 30 000 permis soient d\u00e9livr\u00e9s pour que des gens de Gaza puissent travailler en Isra\u00ebl. Ces efforts sont assist\u00e9s par des personnes que Sami Al-Amasi d\u00e9finit comme des <em>\u00ab interm\u00e9diaires \u00bb.<\/em><\/p>\n<p>Selon le<strong> Bureau central palestinien de la statistique<\/strong>, quelque 230 000 personnes de Gaza ont \u00e9t\u00e9 sans emploi, en 2021.<\/p>\n<p>Parmi les Palestiniens dipl\u00f4m\u00e9s \u00e2g\u00e9s de 19 \u00e0 29 ans dans la bande de Gaza, 66 pour 100 de femmes sont sans travail, contre 39 pour 100 des hommes.<\/p>\n<p>Maher al-Tabaa, le directeur de la<strong> Chambre de commerce de Gaza,<\/strong> explique que le permis de commer\u00e7ant et le permis de besoins financiers octroy\u00e9s aux Palestiniens de Gaza ne leur accordent aucun droit.<\/p>\n<p>Pourtant, les travailleurs acceptent ces permis, ajoute-t-il, en raison des taux \u00e9lev\u00e9s de pauvret\u00e9 et de ch\u00f4mage.<\/p>\n<p>Et d\u2019ajouter qu\u2019Isra\u00ebl pourrait utiliser cela plus tard comme un moyen de pression sur les factions palestiniennes pour qu\u2019elles acceptent un armistice \u00e0 long terme avec Isra\u00ebl, lequel n\u2019a pas \u00e9t\u00e9 pris en compte lors des premi\u00e8res n\u00e9gociations organis\u00e9es par l\u2019\u00c9gypte.<\/p>\n<p>Actuellement, les travailleurs qui ont des permis ont un impact tr\u00e8s limit\u00e9 sur l\u2019\u00e9conomie de Gaza quand on \u00e9tablit la comparaison avec les ann\u00e9es pr\u00e9c\u00e9dentes, d\u00e9clare Maher al-Tabaa. Le nombre de personnes qui cherchent un emploi exc\u00e8de plus que largement le nombre de permis disponibles.<\/p>\n<p>Le salaire minimum \u00e0 Gaza est de moins de 600 USD par mois, mais le salaire mensuel moyen r\u00e9el est de 200 USD.<\/p>\n<p><em>\u00ab Les bas salaires pr\u00e9dominent, \u00e0 Gaza en \u00e9tat de si\u00e8ge \u00bb,<\/em> explique Maher al-Tabaa, ajoutant que tr\u00e8s peu d\u2019institutions publiques et priv\u00e9es sont en mesure de payer le salaire minimum.<\/p>\n<p>M\u00eame dans ce cas,<\/p>\n<blockquote><p>\u00ab cela se limite \u00e0 des institutions majeures comme des banques ou des entreprises de t\u00e9l\u00e9communications, dans le m\u00eame temps que les autres travailleurs de Gaza re\u00e7oivent la moiti\u00e9 ou moins de la moiti\u00e9 du salaire minimum \u00bb.<\/p><\/blockquote>\n<p style=\"text-align: center;\">\u00b0\u00b0\u00b0\u00b0\u00b0<\/p>\n<p><em>Amjad Ayman Yaghi est journaliste. Il vit et travaille \u00e0 Gaza.<\/em><\/p>\n<p style=\"text-align: center;\">\u00b0\u00b0\u00b0\u00b0\u00b0<\/p>\n<p>Publi\u00e9 le 7 avril 2022 sur <a href=\"https:\/\/electronicintifada.net\/content\/no-rights-gazas-workers-israel\/35161\" target=\"_blank\" rel=\"noopener\">The Electronic Intifada<\/a><br \/>\nTraduction : Jean-Marie Fl\u00e9mal, <a href=\"https:\/\/charleroi-pourlapalestine.be\/\">Charleroi pour la Palestine<\/a><\/p>\n","protected":false},"excerpt":{"rendered":"<p>Au lieu de permis de travail, les travailleurs de Gaza se voient accorder des permis de \u00ab besoins financiers \u00bb qui ne leur garantissent aucunement les droits du travail.<\/p>\n","protected":false},"author":1,"featured_media":37676,"comment_status":"closed","ping_status":"closed","sticky":false,"template":"","format":"standard","meta":{"ngg_post_thumbnail":0,"footnotes":""},"categories":[6,126,86,201],"tags":[],"class_list":["post-37672","post","type-post","status-publish","format-standard","has-post-thumbnail","hentry","category-gaza","category-israel","category-les-syndicats","category-travailleurs"],"yoast_head":"<!-- This site is optimized with the Yoast SEO plugin v27.3 - https:\/\/yoast.com\/product\/yoast-seo-wordpress\/ -->\n<title>Pas de droits pour les travailleurs de Gaza en Isra\u00ebl<\/title>\n<meta name=\"description\" content=\"Les travailleurs de Gaza se voient accorder des permis de \u00ab besoins financiers \u00bb qui ne leur garantissent aucunement les droits du travail.\" \/>\n<meta name=\"robots\" content=\"index, follow, max-snippet:-1, max-image-preview:large, max-video-preview:-1\" \/>\n<link rel=\"canonical\" href=\"https:\/\/charleroi-pourlapalestine.be\/index.php\/2022\/04\/10\/pas-de-droits-pour-les-travailleurs-de-gaza-en-israel\/\" \/>\n<script type=\"application\/ld+json\" class=\"yoast-schema-graph\">{\"@context\":\"https:\\\/\\\/schema.org\",\"@graph\":[{\"@type\":\"Article\",\"@id\":\"https:\\\/\\\/charleroi-pourlapalestine.be\\\/index.php\\\/2022\\\/04\\\/10\\\/pas-de-droits-pour-les-travailleurs-de-gaza-en-israel\\\/#article\",\"isPartOf\":{\"@id\":\"https:\\\/\\\/charleroi-pourlapalestine.be\\\/index.php\\\/2022\\\/04\\\/10\\\/pas-de-droits-pour-les-travailleurs-de-gaza-en-israel\\\/\"},\"author\":{\"name\":\"admin1873\",\"@id\":\"https:\\\/\\\/charleroi-pourlapalestine.be\\\/#\\\/schema\\\/person\\\/c19ff515112f1299d8c12671d8fe3faa\"},\"headline\":\"Pas de droits pour les travailleurs de Gaza en Isra\u00ebl\",\"datePublished\":\"2022-04-10T04:54:56+00:00\",\"dateModified\":\"2022-04-10T05:01:05+00:00\",\"mainEntityOfPage\":{\"@id\":\"https:\\\/\\\/charleroi-pourlapalestine.be\\\/index.php\\\/2022\\\/04\\\/10\\\/pas-de-droits-pour-les-travailleurs-de-gaza-en-israel\\\/\"},\"wordCount\":1597,\"publisher\":{\"@id\":\"https:\\\/\\\/charleroi-pourlapalestine.be\\\/#organization\"},\"image\":{\"@id\":\"https:\\\/\\\/charleroi-pourlapalestine.be\\\/index.php\\\/2022\\\/04\\\/10\\\/pas-de-droits-pour-les-travailleurs-de-gaza-en-israel\\\/#primaryimage\"},\"thumbnailUrl\":\"https:\\\/\\\/charleroi-pourlapalestine.be\\\/wp-content\\\/uploads\\\/2022\\\/04\\\/Travailleurs-de-Gaza-e1649525524808.jpg\",\"articleSection\":[\"Gaza\",\"Isra\u00ebl\",\"Syndicats\",\"Travailleurs\"],\"inLanguage\":\"fr-FR\"},{\"@type\":\"WebPage\",\"@id\":\"https:\\\/\\\/charleroi-pourlapalestine.be\\\/index.php\\\/2022\\\/04\\\/10\\\/pas-de-droits-pour-les-travailleurs-de-gaza-en-israel\\\/\",\"url\":\"https:\\\/\\\/charleroi-pourlapalestine.be\\\/index.php\\\/2022\\\/04\\\/10\\\/pas-de-droits-pour-les-travailleurs-de-gaza-en-israel\\\/\",\"name\":\"Pas de droits pour les travailleurs de Gaza en Isra\u00ebl\",\"isPartOf\":{\"@id\":\"https:\\\/\\\/charleroi-pourlapalestine.be\\\/#website\"},\"primaryImageOfPage\":{\"@id\":\"https:\\\/\\\/charleroi-pourlapalestine.be\\\/index.php\\\/2022\\\/04\\\/10\\\/pas-de-droits-pour-les-travailleurs-de-gaza-en-israel\\\/#primaryimage\"},\"image\":{\"@id\":\"https:\\\/\\\/charleroi-pourlapalestine.be\\\/index.php\\\/2022\\\/04\\\/10\\\/pas-de-droits-pour-les-travailleurs-de-gaza-en-israel\\\/#primaryimage\"},\"thumbnailUrl\":\"https:\\\/\\\/charleroi-pourlapalestine.be\\\/wp-content\\\/uploads\\\/2022\\\/04\\\/Travailleurs-de-Gaza-e1649525524808.jpg\",\"datePublished\":\"2022-04-10T04:54:56+00:00\",\"dateModified\":\"2022-04-10T05:01:05+00:00\",\"description\":\"Les travailleurs de Gaza se voient accorder des permis de \u00ab besoins financiers \u00bb qui ne leur garantissent aucunement les droits du travail.\",\"breadcrumb\":{\"@id\":\"https:\\\/\\\/charleroi-pourlapalestine.be\\\/index.php\\\/2022\\\/04\\\/10\\\/pas-de-droits-pour-les-travailleurs-de-gaza-en-israel\\\/#breadcrumb\"},\"inLanguage\":\"fr-FR\",\"potentialAction\":[{\"@type\":\"ReadAction\",\"target\":[\"https:\\\/\\\/charleroi-pourlapalestine.be\\\/index.php\\\/2022\\\/04\\\/10\\\/pas-de-droits-pour-les-travailleurs-de-gaza-en-israel\\\/\"]}]},{\"@type\":\"ImageObject\",\"inLanguage\":\"fr-FR\",\"@id\":\"https:\\\/\\\/charleroi-pourlapalestine.be\\\/index.php\\\/2022\\\/04\\\/10\\\/pas-de-droits-pour-les-travailleurs-de-gaza-en-israel\\\/#primaryimage\",\"url\":\"https:\\\/\\\/charleroi-pourlapalestine.be\\\/wp-content\\\/uploads\\\/2022\\\/04\\\/Travailleurs-de-Gaza-e1649525524808.jpg\",\"contentUrl\":\"https:\\\/\\\/charleroi-pourlapalestine.be\\\/wp-content\\\/uploads\\\/2022\\\/04\\\/Travailleurs-de-Gaza-e1649525524808.jpg\",\"width\":480,\"height\":320},{\"@type\":\"BreadcrumbList\",\"@id\":\"https:\\\/\\\/charleroi-pourlapalestine.be\\\/index.php\\\/2022\\\/04\\\/10\\\/pas-de-droits-pour-les-travailleurs-de-gaza-en-israel\\\/#breadcrumb\",\"itemListElement\":[{\"@type\":\"ListItem\",\"position\":1,\"name\":\"Accueil\",\"item\":\"https:\\\/\\\/charleroi-pourlapalestine.be\\\/\"},{\"@type\":\"ListItem\",\"position\":2,\"name\":\"Pas de droits pour les travailleurs de Gaza en Isra\u00ebl\"}]},{\"@type\":\"WebSite\",\"@id\":\"https:\\\/\\\/charleroi-pourlapalestine.be\\\/#website\",\"url\":\"https:\\\/\\\/charleroi-pourlapalestine.be\\\/\",\"name\":\"Charleroi Pour la Palestine\",\"description\":\"\",\"publisher\":{\"@id\":\"https:\\\/\\\/charleroi-pourlapalestine.be\\\/#organization\"},\"potentialAction\":[{\"@type\":\"SearchAction\",\"target\":{\"@type\":\"EntryPoint\",\"urlTemplate\":\"https:\\\/\\\/charleroi-pourlapalestine.be\\\/?s={search_term_string}\"},\"query-input\":{\"@type\":\"PropertyValueSpecification\",\"valueRequired\":true,\"valueName\":\"search_term_string\"}}],\"inLanguage\":\"fr-FR\"},{\"@type\":\"Organization\",\"@id\":\"https:\\\/\\\/charleroi-pourlapalestine.be\\\/#organization\",\"name\":\"Plate-forme Charleroi-Palestine\",\"url\":\"https:\\\/\\\/charleroi-pourlapalestine.be\\\/\",\"logo\":{\"@type\":\"ImageObject\",\"inLanguage\":\"fr-FR\",\"@id\":\"https:\\\/\\\/charleroi-pourlapalestine.be\\\/#\\\/schema\\\/logo\\\/image\\\/\",\"url\":\"https:\\\/\\\/charleroi-pourlapalestine.be\\\/wp-content\\\/uploads\\\/2020\\\/01\\\/logo-Copy.jpg\",\"contentUrl\":\"https:\\\/\\\/charleroi-pourlapalestine.be\\\/wp-content\\\/uploads\\\/2020\\\/01\\\/logo-Copy.jpg\",\"width\":180,\"height\":180,\"caption\":\"Plate-forme Charleroi-Palestine\"},\"image\":{\"@id\":\"https:\\\/\\\/charleroi-pourlapalestine.be\\\/#\\\/schema\\\/logo\\\/image\\\/\"},\"sameAs\":[\"https:\\\/\\\/www.facebook.com\\\/PlateformeCharleroiPalestine\\\/\",\"https:\\\/\\\/x.com\\\/LaCharleroi\"]},{\"@type\":\"Person\",\"@id\":\"https:\\\/\\\/charleroi-pourlapalestine.be\\\/#\\\/schema\\\/person\\\/c19ff515112f1299d8c12671d8fe3faa\",\"name\":\"admin1873\",\"url\":\"https:\\\/\\\/charleroi-pourlapalestine.be\\\/index.php\\\/author\\\/admin1873\\\/\"}]}<\/script>\n<!-- \/ Yoast SEO plugin. -->","yoast_head_json":{"title":"Pas de droits pour les travailleurs de Gaza en Isra\u00ebl","description":"Les travailleurs de Gaza se voient accorder des permis de \u00ab besoins financiers \u00bb qui ne leur garantissent aucunement les droits du travail.","robots":{"index":"index","follow":"follow","max-snippet":"max-snippet:-1","max-image-preview":"max-image-preview:large","max-video-preview":"max-video-preview:-1"},"canonical":"https:\/\/charleroi-pourlapalestine.be\/index.php\/2022\/04\/10\/pas-de-droits-pour-les-travailleurs-de-gaza-en-israel\/","schema":{"@context":"https:\/\/schema.org","@graph":[{"@type":"Article","@id":"https:\/\/charleroi-pourlapalestine.be\/index.php\/2022\/04\/10\/pas-de-droits-pour-les-travailleurs-de-gaza-en-israel\/#article","isPartOf":{"@id":"https:\/\/charleroi-pourlapalestine.be\/index.php\/2022\/04\/10\/pas-de-droits-pour-les-travailleurs-de-gaza-en-israel\/"},"author":{"name":"admin1873","@id":"https:\/\/charleroi-pourlapalestine.be\/#\/schema\/person\/c19ff515112f1299d8c12671d8fe3faa"},"headline":"Pas de droits pour les travailleurs de Gaza en Isra\u00ebl","datePublished":"2022-04-10T04:54:56+00:00","dateModified":"2022-04-10T05:01:05+00:00","mainEntityOfPage":{"@id":"https:\/\/charleroi-pourlapalestine.be\/index.php\/2022\/04\/10\/pas-de-droits-pour-les-travailleurs-de-gaza-en-israel\/"},"wordCount":1597,"publisher":{"@id":"https:\/\/charleroi-pourlapalestine.be\/#organization"},"image":{"@id":"https:\/\/charleroi-pourlapalestine.be\/index.php\/2022\/04\/10\/pas-de-droits-pour-les-travailleurs-de-gaza-en-israel\/#primaryimage"},"thumbnailUrl":"https:\/\/charleroi-pourlapalestine.be\/wp-content\/uploads\/2022\/04\/Travailleurs-de-Gaza-e1649525524808.jpg","articleSection":["Gaza","Isra\u00ebl","Syndicats","Travailleurs"],"inLanguage":"fr-FR"},{"@type":"WebPage","@id":"https:\/\/charleroi-pourlapalestine.be\/index.php\/2022\/04\/10\/pas-de-droits-pour-les-travailleurs-de-gaza-en-israel\/","url":"https:\/\/charleroi-pourlapalestine.be\/index.php\/2022\/04\/10\/pas-de-droits-pour-les-travailleurs-de-gaza-en-israel\/","name":"Pas de droits pour les travailleurs de Gaza en Isra\u00ebl","isPartOf":{"@id":"https:\/\/charleroi-pourlapalestine.be\/#website"},"primaryImageOfPage":{"@id":"https:\/\/charleroi-pourlapalestine.be\/index.php\/2022\/04\/10\/pas-de-droits-pour-les-travailleurs-de-gaza-en-israel\/#primaryimage"},"image":{"@id":"https:\/\/charleroi-pourlapalestine.be\/index.php\/2022\/04\/10\/pas-de-droits-pour-les-travailleurs-de-gaza-en-israel\/#primaryimage"},"thumbnailUrl":"https:\/\/charleroi-pourlapalestine.be\/wp-content\/uploads\/2022\/04\/Travailleurs-de-Gaza-e1649525524808.jpg","datePublished":"2022-04-10T04:54:56+00:00","dateModified":"2022-04-10T05:01:05+00:00","description":"Les travailleurs de Gaza se voient accorder des permis de \u00ab besoins financiers \u00bb qui ne leur garantissent aucunement les droits du travail.","breadcrumb":{"@id":"https:\/\/charleroi-pourlapalestine.be\/index.php\/2022\/04\/10\/pas-de-droits-pour-les-travailleurs-de-gaza-en-israel\/#breadcrumb"},"inLanguage":"fr-FR","potentialAction":[{"@type":"ReadAction","target":["https:\/\/charleroi-pourlapalestine.be\/index.php\/2022\/04\/10\/pas-de-droits-pour-les-travailleurs-de-gaza-en-israel\/"]}]},{"@type":"ImageObject","inLanguage":"fr-FR","@id":"https:\/\/charleroi-pourlapalestine.be\/index.php\/2022\/04\/10\/pas-de-droits-pour-les-travailleurs-de-gaza-en-israel\/#primaryimage","url":"https:\/\/charleroi-pourlapalestine.be\/wp-content\/uploads\/2022\/04\/Travailleurs-de-Gaza-e1649525524808.jpg","contentUrl":"https:\/\/charleroi-pourlapalestine.be\/wp-content\/uploads\/2022\/04\/Travailleurs-de-Gaza-e1649525524808.jpg","width":480,"height":320},{"@type":"BreadcrumbList","@id":"https:\/\/charleroi-pourlapalestine.be\/index.php\/2022\/04\/10\/pas-de-droits-pour-les-travailleurs-de-gaza-en-israel\/#breadcrumb","itemListElement":[{"@type":"ListItem","position":1,"name":"Accueil","item":"https:\/\/charleroi-pourlapalestine.be\/"},{"@type":"ListItem","position":2,"name":"Pas de droits pour les travailleurs de Gaza en Isra\u00ebl"}]},{"@type":"WebSite","@id":"https:\/\/charleroi-pourlapalestine.be\/#website","url":"https:\/\/charleroi-pourlapalestine.be\/","name":"Charleroi Pour la Palestine","description":"","publisher":{"@id":"https:\/\/charleroi-pourlapalestine.be\/#organization"},"potentialAction":[{"@type":"SearchAction","target":{"@type":"EntryPoint","urlTemplate":"https:\/\/charleroi-pourlapalestine.be\/?s={search_term_string}"},"query-input":{"@type":"PropertyValueSpecification","valueRequired":true,"valueName":"search_term_string"}}],"inLanguage":"fr-FR"},{"@type":"Organization","@id":"https:\/\/charleroi-pourlapalestine.be\/#organization","name":"Plate-forme Charleroi-Palestine","url":"https:\/\/charleroi-pourlapalestine.be\/","logo":{"@type":"ImageObject","inLanguage":"fr-FR","@id":"https:\/\/charleroi-pourlapalestine.be\/#\/schema\/logo\/image\/","url":"https:\/\/charleroi-pourlapalestine.be\/wp-content\/uploads\/2020\/01\/logo-Copy.jpg","contentUrl":"https:\/\/charleroi-pourlapalestine.be\/wp-content\/uploads\/2020\/01\/logo-Copy.jpg","width":180,"height":180,"caption":"Plate-forme Charleroi-Palestine"},"image":{"@id":"https:\/\/charleroi-pourlapalestine.be\/#\/schema\/logo\/image\/"},"sameAs":["https:\/\/www.facebook.com\/PlateformeCharleroiPalestine\/","https:\/\/x.com\/LaCharleroi"]},{"@type":"Person","@id":"https:\/\/charleroi-pourlapalestine.be\/#\/schema\/person\/c19ff515112f1299d8c12671d8fe3faa","name":"admin1873","url":"https:\/\/charleroi-pourlapalestine.be\/index.php\/author\/admin1873\/"}]}},"_links":{"self":[{"href":"https:\/\/charleroi-pourlapalestine.be\/index.php\/wp-json\/wp\/v2\/posts\/37672","targetHints":{"allow":["GET"]}}],"collection":[{"href":"https:\/\/charleroi-pourlapalestine.be\/index.php\/wp-json\/wp\/v2\/posts"}],"about":[{"href":"https:\/\/charleroi-pourlapalestine.be\/index.php\/wp-json\/wp\/v2\/types\/post"}],"author":[{"embeddable":true,"href":"https:\/\/charleroi-pourlapalestine.be\/index.php\/wp-json\/wp\/v2\/users\/1"}],"replies":[{"embeddable":true,"href":"https:\/\/charleroi-pourlapalestine.be\/index.php\/wp-json\/wp\/v2\/comments?post=37672"}],"version-history":[{"count":0,"href":"https:\/\/charleroi-pourlapalestine.be\/index.php\/wp-json\/wp\/v2\/posts\/37672\/revisions"}],"wp:featuredmedia":[{"embeddable":true,"href":"https:\/\/charleroi-pourlapalestine.be\/index.php\/wp-json\/wp\/v2\/media\/37676"}],"wp:attachment":[{"href":"https:\/\/charleroi-pourlapalestine.be\/index.php\/wp-json\/wp\/v2\/media?parent=37672"}],"wp:term":[{"taxonomy":"category","embeddable":true,"href":"https:\/\/charleroi-pourlapalestine.be\/index.php\/wp-json\/wp\/v2\/categories?post=37672"},{"taxonomy":"post_tag","embeddable":true,"href":"https:\/\/charleroi-pourlapalestine.be\/index.php\/wp-json\/wp\/v2\/tags?post=37672"}],"curies":[{"name":"wp","href":"https:\/\/api.w.org\/{rel}","templated":true}]}}