{"id":37961,"date":"2022-04-19T16:32:41","date_gmt":"2022-04-19T14:32:41","guid":{"rendered":"https:\/\/charleroi-pourlapalestine.be\/?p=37961"},"modified":"2022-04-19T19:03:57","modified_gmt":"2022-04-19T17:03:57","slug":"georges-abdallah-sur-la-journee-internationale-du-17-avril-de-solidarite-avec-les-prisonniers-politiques","status":"publish","type":"post","link":"https:\/\/charleroi-pourlapalestine.be\/index.php\/2022\/04\/19\/georges-abdallah-sur-la-journee-internationale-du-17-avril-de-solidarite-avec-les-prisonniers-politiques\/","title":{"rendered":"Georges Abdallah sur la journ\u00e9e internationale de solidarit\u00e9 avec les prisonniers politiques"},"content":{"rendered":"<p>\u00ab\u00a0La c\u00e9l\u00e9bration de cette<em> \u00ab Journ\u00e9e du Prisonnier \u00bb<\/em> du 17 avril est destin\u00e9e avant toute autre chose, \u00e0 affirmer nos devoirs envers nos camarades captifs et en premier lieu inscrire leur lib\u00e9ration dans la dynamique globale de nos luttes en cours.\u00a0\u00bb<\/p>\n<p><img loading=\"lazy\" decoding=\"async\" class=\"aligncenter wp-image-37968 size-full\" src=\"https:\/\/charleroi-pourlapalestine.be\/wp-content\/uploads\/2022\/04\/Prisonniers-politiques.jpg\" alt=\"\" width=\"653\" height=\"322\" srcset=\"https:\/\/charleroi-pourlapalestine.be\/wp-content\/uploads\/2022\/04\/Prisonniers-politiques.jpg 653w, https:\/\/charleroi-pourlapalestine.be\/wp-content\/uploads\/2022\/04\/Prisonniers-politiques-300x148.jpg 300w\" sizes=\"auto, (max-width: 653px) 100vw, 653px\" \/><\/p>\n<p>&nbsp;<\/p>\n<blockquote>\n<p>Cher\u00abe\u00bbs Camarades, Cher\u00abe\u00bbs ami\u00abe\u00bbs,<\/p>\n<p>C\u00e9l\u00e9brer aujourd\u2019hui, \u00e0 travers votre rassemblement ici, la <em>\u00ab Journ\u00e9e du Prisonnier Palestinien \u00bb<\/em> ou la<em> \u00ab Journ\u00e9e Internationale du Prisonnier R\u00e9volutionnaire \u00bb<\/em> ce n\u2019est certainement pas seulement exprimer notre ind\u00e9fectible solidarit\u00e9 avec nos camarades embastill\u00e9\u00abe\u00bbs dans les ge\u00f4les sionistes ou dans les ge\u00f4les du fascisme en Turquie ou ailleurs de par le monde ; ce n\u2019est pas seulement soutenir de toutes nos forces leurs justes revendications et saluer par l\u00e0 m\u00eame la mobilisation en cours, autour de la gr\u00e8ve de <em>\u00ab la faim \u00e0 tombeau ouvert \u00bb<\/em> de nos deux chers camarades <strong>Sibel Bala\u00e7<\/strong> et<strong> G\u00f6khan Y\u0131ld\u0131r\u0131m<\/strong>, entam\u00e9e il y a plus de 110 jours d\u00e9j\u00e0. La c\u00e9l\u00e9bration de la <em>\u00ab Journ\u00e9e du Prisonnier Palestinien \u00bb<\/em> ou la <em>\u00ab Journ\u00e9e Internationale du Prisonnier R\u00e9volutionnaire \u00bb<\/em> est destin\u00e9e avant toute autre chose Camarades, \u00e0 affirmer haut et fort la ferme d\u00e9termination d\u2019arracher nos camarades aux griffes de leurs criminels ge\u00f4liers.<\/p>\n<p>Peut-\u00eatre serait-il utile de nous rappeler, Camarades, que si en 1974, <em>\u00ab La Conf\u00e9rence Nationale Palestinienne<\/em> \u00bb, a d\u00e9cr\u00e9t\u00e9 le 17 avril <em>\u00ab Journ\u00e9e du Prisonnier Palestinien \u00bb<\/em>, cela n\u2019\u00e9tait pas seulement destin\u00e9 \u00e0 d\u00e9noncer \u00e0 cette occasion la barbarie de l\u2019occupant sioniste, ni seulement destin\u00e9 \u00e0 honorer les R\u00e9sistant\u00abe\u00bbs captifs en rappelant aux masses populaires leurs sacrifices et leur in\u00e9branlable volont\u00e9 de tenir debout face \u00e0 soldatesque sioniste. La c\u00e9l\u00e9bration de cette <em>\u00ab Journ\u00e9e du Prisonnier \u00bb<\/em> est destin\u00e9e avant toute autre chose, \u00e0 affirmer haut et fort nos devoirs envers nos camarades captifs et en premier lieu<strong> inscrire leur lib\u00e9ration dans la dynamique globale de nos luttes en cours.<\/strong> En effet, \u00e0 plusieurs reprises, les avant-gardes de la lutte r\u00e9volutionnaire palestinienne ont assum\u00e9 cette t\u00e2che avec beaucoup de courage et d\u2019abn\u00e9gation obligeant l\u2019ennemi \u00e0 lib\u00e9rer des milliers de camarades captifs sans aucune contrepartie de leur part. Certainement vous n\u2019\u00eates pas sans savoir Camarades, que la lib\u00e9ration des prisonniers r\u00e9volutionnaires a toujours \u00e9t\u00e9 un moment de grande effervescence populaire et a toujours particip\u00e9 de la fa\u00e7on la plus significative au rayonnement de la r\u00e9volution palestinienne et \u00e0 l\u2019enrichissement de la lutte, aussi bien au niveau r\u00e9gional qu\u2019au niveau international. Ceci ne veut pas dire que les prisonniers r\u00e9volutionnaires ne participent pas directement au processus de la lutte en cours de derri\u00e8re les barreaux ; seulement Camarades, dans les conditions de d\u00e9tention qui sont les leurs et face \u00e0 la politique d\u2019an\u00e9antissement dont ils font l\u2019objet, le rapport de force n\u2019est jamais circonscrit au p\u00e9rim\u00e8tre de la prison ; il est l\u2019expression particuli\u00e8re du rapport g\u00e9n\u00e9ral r\u00e9volution\/contre-r\u00e9volution. C\u2019est bien pourquoi Camarades, les initiatives des luttes carc\u00e9rales doivent toujours s\u2019inscrire d\u2019embl\u00e9e dans ce rapport global. Quand nos camarades incarc\u00e9r\u00e9s se mobilisent contre l\u2019isolement dans les prisons de type \u00ab F \u00bb et contre les proc\u00e8s truqu\u00e9s en<strong> Turquie<\/strong>, ils expriment, dans les conditions particuli\u00e8res qui sont les leurs, la dynamique globale de la lutte contre la dictature fasciste de la bourgeoisie turque. Cette dynamique globale est essentiellement fonction de l\u2019activit\u00e9 des protagonistes r\u00e9volutionnaires au sein du <em>\u00ab bloc social historique \u00bb<\/em>. C\u2019est bien pourquoi Camarades, la lutte carc\u00e9rale ne devrait d\u2019aucune fa\u00e7on laisser supposer que c\u2019est au d\u00e9tachement des prisonniers de s\u2019afficher en 1\u00e8re ligne et de payer le tribut de l\u2019affrontement contre la dictature fasciste.<\/p>\n<p>Quand nos camarades incarc\u00e9r\u00e9s font usage de l\u2019ultime arme dont ils disposent, \u00e0 savoir leurs corps, il incombe aux camarades en dehors des prisons de faire de m\u00eame, \u00e0 savoir de faire usage <em>\u00ab des armes \u00bb<\/em> qui sont cens\u00e9es \u00eatre \u00e0 leur disposition (\u00e0 moins qu\u2019ils soient d\u00e9sarm\u00e9s par principe !). Si ce n\u2019est pas le cas, c\u2019est-\u00e0-dire si, pour une quelconque raison, ils ne sont pas en mesure de faire usage<em> \u00ab des armes \u00bb,<\/em> la gr\u00e8ve \u00e0 <em>\u00ab tombeau ouvert \u00bb<\/em> s\u2019av\u00e8re non seulement inappropri\u00e9e mais surtout contre-productive\u2026<\/p>\n<p>Bien entendu Camarades la solidarit\u00e9 toute la solidarit\u00e9 avec nos camarades incarc\u00e9r\u00e9s en lutte contre la politique d\u2019an\u00e9antissement dont ils font l\u2019objet depuis tr\u00e8s longtemps, sachant que la solidarit\u00e9 la plus appropri\u00e9e que l\u2019on peut apporter \u00e0 un prisonnier politique c\u2019est de s\u2019engager toujours plus sur le terrain de la lutte contre le syst\u00e8me d\u2019exploitation et de domination r\u00e9ellement en place.<\/p>\n<p>Comme il a \u00e9t\u00e9 rappel\u00e9 lors de la <em>\u00ab Journ\u00e9e de la terre \u00bb,<\/em> le peuple palestinien affirme par le sang de ses martyrs<strong> \u00e0 J\u00e9nine, \u00e0 Hdayrat, \u00e0 Yaaboud et \u00e0 Bethl\u00e9em<\/strong> que la Palestine, terre et peuple, est unifi\u00e9e plus que jamais. Il pulv\u00e9rise par le sang de ses martyrs non seulement le <em>\u00ab deal du si\u00e8cle \u00bb<\/em> mais aussi et surtout les accords d\u2019<strong>Oslo<\/strong>, et signifie \u00e0 toute la bourgeoisie arabe son refus et sa condamnation de toutes les d\u00e9marches visant la <em>\u00ab normalisation \u00bb<\/em> des rapports entre les pays arabes et l\u2019entit\u00e9 sioniste. Il affirme ainsi l\u2019in\u00e9branlable volont\u00e9 des masses populaires palestiniennes d\u2019envoyer aux poubelles de l\u2019histoire la normalisation entre l\u2019entit\u00e9 sioniste et tous ces laquais \u00e9mirs et roitelets\u2026 Ainsi en ce d\u00e9but du mois de Ramadan, les masses populaires palestiniennes se pr\u00e9parent pour une mobilisation \u00e0 la hauteur des enjeux en cours ; ainsi de <em>\u00ab <strong>Cheikh Jarrah<\/strong> \u00bb<\/em> \u00e0 <strong>Gaza<\/strong> et \u00e0 toutes les villes et localit\u00e9s de la Cisjordanie et des territoires de 48, les Palestiniens et les Palestiniennes, tout \u00e2ge confondu, affirment par le sang des martyrs que rien et personne ne sera en mesure d\u2019\u00e9radiquer cette Intifada populaire si enracin\u00e9e dans la conscience collective et si n\u00e9cessaire pour en finir avec l\u2019occupation. Elle est plus que jamais l\u2019incarnation de toute la dignit\u00e9 et de tous les espoirs\u2026 Regardons cette r\u00e9sistance populaire \u00e0 <strong><em>\u00ab Beita \u00bb<\/em><\/strong>ou \u00e0 <strong>J\u00e9nine<\/strong> et ses environs dans le Nord ou \u00e0 <strong>H\u00e9bron<\/strong> pour ne pas parler de tout ce qui se passe \u00e0<strong> Al-Quds<\/strong> et dans les<strong> territoires de 48<\/strong> et la mobilisation des masses populaires \u00e0 <strong>Gaza<\/strong>\u2026<\/p>\n<p>Le peuple palestinien et ses avant-gardes combattantes ont accumul\u00e9, tout au long de leur parcours de lutte existentielle, le n\u00e9cessaire pour relever le d\u00e9fi et continuer la lutte jusqu\u2019\u00e0 la victoire.<\/p>\n<p>Tout naturellement les masses populaires palestiniennes, ainsi que leurs avant-gardes combattantes en captivit\u00e9, peuvent compter sur votre solidarit\u00e9 active.<\/p>\n<p>Que mille initiatives solidaires fleurissent en faveur de la<strong> Palestine<\/strong> et sa glorieuse <strong>R\u00e9sistance<\/strong> !<\/p>\n<p>Que mille initiatives solidaires fleurissent en faveur de nos deux camarades<strong> Sibel Bala\u00e7<\/strong> et <strong>G\u00f6khan Y\u0131ld\u0131r\u0131m<\/strong>, et de leurs camarades incarc\u00e9r\u00e9s !<\/p>\n<p>La solidarit\u00e9, toute la solidarit\u00e9 avec les r\u00e9sistants dans les ge\u00f4les sionistes, et dans les cellules d\u2019isolement <strong>au Maroc, en Turquie, en Gr\u00e8ce et aux Philippines<\/strong> et ailleurs de par le monde !<\/p>\n<p>La solidarit\u00e9 toute la solidarit\u00e9 avec <strong>le peuple Y\u00e9m\u00e9nite<\/strong> !<\/p>\n<p>Honneur aux Martyrs et aux masses populaires en lutte !<\/p>\n<p>\u00c0 bas l\u2019imp\u00e9rialisme et ses chiens de garde sionistes et autres r\u00e9actionnaires arabes !<\/p>\n<p>Le capitalisme n\u2019est plus que barbarie, honneur \u00e0 tous ceux et celles qui s\u2019y opposent dans la diversit\u00e9 de leurs expressions !<\/p>\n<p>Ensemble Camarades, et ce n\u2019est qu\u2019ensemble que nous vaincrons !<\/p>\n<p>\u00c0 vous tous, Camarades et ami\u00abe\u00bbs, mes plus chaleureuses salutations r\u00e9volutionnaires.<\/p>\n<p>Votre camarade <strong><a href=\"https:\/\/charleroi-pourlapalestine.be\/index.php\/tag\/georges-abdallah\/\">Georges Abdallah<\/a><\/strong><\/p>\n<\/blockquote>\n<p>Source :<strong> <a href=\"https:\/\/liberonsgeorges.samizdat.net\/\" target=\"_blank\" rel=\"noopener\">Site du Collectif pour la Lib\u00e9ration de Georges Ibrahim Abdallah<\/a><\/strong><\/p>\n<h4><strong>Georges Abdallah a rejoint, pendant la journ\u00e9e du 17 avril, la gr\u00e8ve de la faim des prisonniers politiques en Turquie <\/strong><\/h4>\n<p>Samedi 16 avril, <strong>Georges Ibrahim Abdallah<\/strong>, le combattant communiste arabe libanais pour la Palestine, emprisonn\u00e9 en France depuis plus de 37 ans bien qu\u2019il soit lib\u00e9rable depuis 1999, a annonc\u00e9 une gr\u00e8ve de la faim d\u2019une journ\u00e9e en guise de soutien de<strong> Sibel Bala\u00e7 et de G\u00f6khan Yildirim,<\/strong> deux prisonniers politiques enferm\u00e9s en Turquie. Tous deux se sont lanc\u00e9s dans une gr\u00e8ve de la faim au finish \u2013 que le mouvement en Turquie appelle <em>\u00ab je\u00fbne de la mort \u00bb<\/em> \u2013, respectivement, le 19 et le 25 d\u00e9cembre de l\u2019an dernier.<\/p>\n<p><img loading=\"lazy\" decoding=\"async\" class=\"aligncenter wp-image-37986 size-full\" src=\"https:\/\/charleroi-pourlapalestine.be\/wp-content\/uploads\/2022\/04\/Sibel-Balac-et-Gokhan-Yildirim.jpg\" alt=\"\" width=\"414\" height=\"414\" srcset=\"https:\/\/charleroi-pourlapalestine.be\/wp-content\/uploads\/2022\/04\/Sibel-Balac-et-Gokhan-Yildirim.jpg 414w, https:\/\/charleroi-pourlapalestine.be\/wp-content\/uploads\/2022\/04\/Sibel-Balac-et-Gokhan-Yildirim-300x300.jpg 300w, https:\/\/charleroi-pourlapalestine.be\/wp-content\/uploads\/2022\/04\/Sibel-Balac-et-Gokhan-Yildirim-150x150.jpg 150w, https:\/\/charleroi-pourlapalestine.be\/wp-content\/uploads\/2022\/04\/Sibel-Balac-et-Gokhan-Yildirim-80x80.jpg 80w, https:\/\/charleroi-pourlapalestine.be\/wp-content\/uploads\/2022\/04\/Sibel-Balac-et-Gokhan-Yildirim-320x320.jpg 320w\" sizes=\"auto, (max-width: 414px) 100vw, 414px\" \/><\/p>\n<p><strong>Pourquoi Sibel Bala\u00e7 a-t-elle \u00e9t\u00e9 arr\u00eat\u00e9e ? <\/strong><strong>Pourquoi est-elle en je\u00fbne de la mort ? <br><\/strong><\/p>\n<blockquote>\n<p><strong>Sibel Bala\u00e7<\/strong> est une ancienne enseignante qui a d\u00e9missionn\u00e9 de ses fonctions afin de protester contre plus de 100 000 licenciements arbitraires dans le secteur public dans le sillage de l\u2019\u00e9tat d\u2019urgence annonc\u00e9 en 2016. Elle a soutenu le sit-in de la rue Y\u00fcksel \u00e0 Ankara, qui avait \u00e9t\u00e9 initi\u00e9 par l\u2019universitaire licenci\u00e9e Nuriye G\u00fclmen et elle avait acc\u00e9d\u00e9 \u00e0 la notori\u00e9t\u00e9 internationale. Nuriye G\u00fclmen est de nouveau en d\u00e9tention actuellement, alors qu\u2019\u00e0 la rue Y\u00fcksel, la lutte pour les emplois supprim\u00e9s se poursuit de jour en jour malgr\u00e9 les attaques incessantes de la police.<\/p>\n<p><strong>Sibel Bala\u00e7<\/strong> a \u00e9t\u00e9 arr\u00eat\u00e9e lors d\u2019une de ces protestations et elle a \u00e9t\u00e9 emprisonn\u00e9e uniquement en raison de sa participation \u00e0 des actions d\u00e9mocratiques contre les licenciements massifs de ses coll\u00e8gues suite \u00e0 des lois d\u2019exception. Elle a \u00e9t\u00e9 condamn\u00e9e \u00e0 8 ans et demi de prison sans aucune base juridique.<\/p>\n<p>Elle se d\u00e9fendu elle-m\u00eame contre cette injustice depuis plus de 100 jours (depuis le 19 d\u00e9cembre 2021) via un je\u00fbne de la mort et, dans le m\u00eame temps, elle lutte pour les droits d\u2019autres prisonniers politiques eux-m\u00eames gravement malades et qui, s\u2019il n\u2019y avait cette<em> \u00ab publicit\u00e9 \u00bb,<\/em> seraient tous \u00e0 la merci de leur sort en prison.<\/p>\n<\/blockquote>\n<p><strong>Pourquoi G\u00f6khaan Yildirim a-t-il \u00e9t\u00e9 arr\u00eat\u00e9 ? <\/strong><strong>Pourquoi est-il en je\u00fbne de la mort ? <\/strong><\/p>\n<blockquote>\n<p>On s\u2019est servi d\u2019un ancien <em>\u00ab garde villageois \u00bb<\/em> kurde comme principal t\u00e9moin contre G\u00f6khan Yildirim. Ce pr\u00e9tendu t\u00e9moin a \u00e9t\u00e9 impliqu\u00e9 dans des trafics de drogue et d\u2019autres activit\u00e9s criminelles, apr\u00e8s avoir servi d\u2019informateur contre les Kurdes dans le district progressiste alevi de Gazi, \u00e0 Istanbul. Les r\u00e9sidents de Gazi l\u2019ont livr\u00e9 \u00e0 la police pour une affaire de harc\u00e8lement sexuel. Il a \u00e9t\u00e9 lib\u00e9r\u00e9 et n\u2019a \u00e9t\u00e9 arr\u00eat\u00e9 que plus tard, lorsqu\u2019on a saisi de la drogue chez lui.<\/p>\n<p>G\u00f6khan vivait \u00e0 Gazi et il essayait d\u2019emp\u00eacher la propagation du trafic de drogue et le d\u00e9veloppement des gangs criminels dans son quartier en les d\u00e9non\u00e7ant. Ce n\u2019est pas une co\u00efncidence si ce criminel, arr\u00eat\u00e9 pour trafic de drogue et utilis\u00e9 auparavant comme <em>\u00ab garde villageois \u00bb<\/em> contre les Kurdes, a \u00e9t\u00e9 utilis\u00e9 ensuite comme t\u00e9moin contre G\u00f6khan.<\/p>\n<p>Dans une d\u00e9claration, il a pr\u00e9tendu que G\u00f6khan avait \u00e9t\u00e9 impliqu\u00e9 dans des protestations et des \u00e9meutes dans le quartier au cours desquelles des milliers de personnes avaient d\u00e9nonc\u00e9 des massacres perp\u00e9tr\u00e9s en 2016 contre la population kurde. Il avait \u00e9t\u00e9 pr\u00e9tendu que G\u00f6khan avait incit\u00e9 aux protestations.<\/p>\n<p>Bien qu\u2019il n\u2019y ait aucune preuve pour \u00e9tayer ces accusations, G\u00f6khan a \u00e9t\u00e9 condamn\u00e9 \u00e0 46 ans de prison, uniquement sur base des d\u00e9clarations de ce criminel.<\/p>\n<p>Il est en je\u00fbne de la mort depuis le 25 d\u00e9cembre 2021. Il r\u00e9clame l\u2019annulation de cette sentence ill\u00e9gale et veut lui aussi obtenir justice pour tous les autres prisonniers politiques malades.<\/p>\n<\/blockquote>\n<p style=\"text-align: center;\">\u00b0\u00b0\u00b0\u00b0\u00b0<\/p>\n<p>Publi\u00e9 le 17 avril 2022 sur <a href=\"https:\/\/samidoun.net\/2022\/04\/georges-abdallah-joins-one-day-hunger-strike-for-political-prisoners-in-turkey\/\" target=\"_blank\" rel=\"noopener\">Samidoun<\/a><br>Traduction : Jean-Marie Fl\u00e9mal<\/p>\n<p style=\"text-align: center;\"><strong>\u00b0\u00b0\u00b0\u00b0\u00b0<\/strong><\/p>\n<p><a href=\"https:\/\/charleroi-pourlapalestine.be\/index.php\/2022\/04\/09\/cuillers-et-sumud-rencontre-culturelle-en-soutien-avec-les-prisonniers-palestiniens\/\"><strong>Ne manquez pas la rencontre culturelle avec des ex-prisonniers palestiniens samedi 23 avril 14 h dans la biblioth\u00e8que A. Langlois de Charleroi (UT)<\/strong><\/a><strong>.<\/strong> Il y aura \u00e9galement une expo des \u0153uvres de l\u2019artiste palestinien de Gaza,<strong> Iyad Sabbah<\/strong>. Cette rencontre est organis\u00e9e par la Plate-forme Charleroi-Palestine, dans le cadre de la<strong> Journ\u00e9e du prisonnier palestinien.<\/strong><\/p>\n<p style=\"text-align: center;\"><img loading=\"lazy\" decoding=\"async\" class=\"alignnone wp-image-37637 size-full\" src=\"https:\/\/charleroi-pourlapalestine.be\/wp-content\/uploads\/2022\/04\/Affiche-CUILLERS-ET-SUMUD-e1649493448152.jpg\" alt=\"\" width=\"459\" height=\"320\"><\/p>\n\n\n<p><\/p>\n","protected":false},"excerpt":{"rendered":"<p>\u00ab\u00a0La c\u00e9l\u00e9bration de cette \u00ab Journ\u00e9e du Prisonnier \u00bb est destin\u00e9e  \u00e0 affirmer nos devoirs envers nos camarades captifs et en premier lieu inscrire leur lib\u00e9ration dans la dynamique globale de nos luttes en cours.\u00a0\u00bb<\/p>\n","protected":false},"author":1,"featured_media":37968,"comment_status":"closed","ping_status":"closed","sticky":false,"template":"","format":"standard","meta":{"ngg_post_thumbnail":0,"footnotes":""},"categories":[13],"tags":[216],"class_list":["post-37961","post","type-post","status-publish","format-standard","has-post-thumbnail","hentry","category-les-prisionners-palestiniens","tag-georges-abdallah"],"yoast_head":"<!-- This site is optimized with the Yoast SEO plugin v27.3 - https:\/\/yoast.com\/product\/yoast-seo-wordpress\/ -->\n<title>Georges Abdallah sur la journ\u00e9e internationale de solidarit\u00e9 avec les prisonniers politiques<\/title>\n<meta name=\"description\" content=\"La c\u00e9l\u00e9bration du 17 avril est destin\u00e9e \u00e0 affirmer nos devoirs envers nos camarades captifs et \u00e0 inscrire leur lib\u00e9ration dans la dynamique globale de nos luttes en cours.\" \/>\n<meta name=\"robots\" content=\"index, follow, max-snippet:-1, max-image-preview:large, max-video-preview:-1\" \/>\n<link rel=\"canonical\" href=\"https:\/\/charleroi-pourlapalestine.be\/index.php\/2022\/04\/19\/georges-abdallah-sur-la-journee-internationale-du-17-avril-de-solidarite-avec-les-prisonniers-politiques\/\" \/>\n<script type=\"application\/ld+json\" class=\"yoast-schema-graph\">{\"@context\":\"https:\\\/\\\/schema.org\",\"@graph\":[{\"@type\":\"Article\",\"@id\":\"https:\\\/\\\/charleroi-pourlapalestine.be\\\/index.php\\\/2022\\\/04\\\/19\\\/georges-abdallah-sur-la-journee-internationale-du-17-avril-de-solidarite-avec-les-prisonniers-politiques\\\/#article\",\"isPartOf\":{\"@id\":\"https:\\\/\\\/charleroi-pourlapalestine.be\\\/index.php\\\/2022\\\/04\\\/19\\\/georges-abdallah-sur-la-journee-internationale-du-17-avril-de-solidarite-avec-les-prisonniers-politiques\\\/\"},\"author\":{\"name\":\"admin1873\",\"@id\":\"https:\\\/\\\/charleroi-pourlapalestine.be\\\/#\\\/schema\\\/person\\\/c19ff515112f1299d8c12671d8fe3faa\"},\"headline\":\"Georges Abdallah sur la journ\u00e9e internationale de solidarit\u00e9 avec les prisonniers politiques\",\"datePublished\":\"2022-04-19T14:32:41+00:00\",\"dateModified\":\"2022-04-19T17:03:57+00:00\",\"mainEntityOfPage\":{\"@id\":\"https:\\\/\\\/charleroi-pourlapalestine.be\\\/index.php\\\/2022\\\/04\\\/19\\\/georges-abdallah-sur-la-journee-internationale-du-17-avril-de-solidarite-avec-les-prisonniers-politiques\\\/\"},\"wordCount\":2039,\"publisher\":{\"@id\":\"https:\\\/\\\/charleroi-pourlapalestine.be\\\/#organization\"},\"image\":{\"@id\":\"https:\\\/\\\/charleroi-pourlapalestine.be\\\/index.php\\\/2022\\\/04\\\/19\\\/georges-abdallah-sur-la-journee-internationale-du-17-avril-de-solidarite-avec-les-prisonniers-politiques\\\/#primaryimage\"},\"thumbnailUrl\":\"https:\\\/\\\/charleroi-pourlapalestine.be\\\/wp-content\\\/uploads\\\/2022\\\/04\\\/Prisonniers-politiques.jpg\",\"keywords\":[\"Georges Abdallah\"],\"articleSection\":[\"Prisonniers\"],\"inLanguage\":\"fr-FR\"},{\"@type\":\"WebPage\",\"@id\":\"https:\\\/\\\/charleroi-pourlapalestine.be\\\/index.php\\\/2022\\\/04\\\/19\\\/georges-abdallah-sur-la-journee-internationale-du-17-avril-de-solidarite-avec-les-prisonniers-politiques\\\/\",\"url\":\"https:\\\/\\\/charleroi-pourlapalestine.be\\\/index.php\\\/2022\\\/04\\\/19\\\/georges-abdallah-sur-la-journee-internationale-du-17-avril-de-solidarite-avec-les-prisonniers-politiques\\\/\",\"name\":\"Georges Abdallah sur la journ\u00e9e internationale de solidarit\u00e9 avec les prisonniers politiques\",\"isPartOf\":{\"@id\":\"https:\\\/\\\/charleroi-pourlapalestine.be\\\/#website\"},\"primaryImageOfPage\":{\"@id\":\"https:\\\/\\\/charleroi-pourlapalestine.be\\\/index.php\\\/2022\\\/04\\\/19\\\/georges-abdallah-sur-la-journee-internationale-du-17-avril-de-solidarite-avec-les-prisonniers-politiques\\\/#primaryimage\"},\"image\":{\"@id\":\"https:\\\/\\\/charleroi-pourlapalestine.be\\\/index.php\\\/2022\\\/04\\\/19\\\/georges-abdallah-sur-la-journee-internationale-du-17-avril-de-solidarite-avec-les-prisonniers-politiques\\\/#primaryimage\"},\"thumbnailUrl\":\"https:\\\/\\\/charleroi-pourlapalestine.be\\\/wp-content\\\/uploads\\\/2022\\\/04\\\/Prisonniers-politiques.jpg\",\"datePublished\":\"2022-04-19T14:32:41+00:00\",\"dateModified\":\"2022-04-19T17:03:57+00:00\",\"description\":\"La c\u00e9l\u00e9bration du 17 avril est destin\u00e9e \u00e0 affirmer nos devoirs envers nos camarades captifs et \u00e0 inscrire leur lib\u00e9ration dans la dynamique globale de nos luttes en cours.\",\"breadcrumb\":{\"@id\":\"https:\\\/\\\/charleroi-pourlapalestine.be\\\/index.php\\\/2022\\\/04\\\/19\\\/georges-abdallah-sur-la-journee-internationale-du-17-avril-de-solidarite-avec-les-prisonniers-politiques\\\/#breadcrumb\"},\"inLanguage\":\"fr-FR\",\"potentialAction\":[{\"@type\":\"ReadAction\",\"target\":[\"https:\\\/\\\/charleroi-pourlapalestine.be\\\/index.php\\\/2022\\\/04\\\/19\\\/georges-abdallah-sur-la-journee-internationale-du-17-avril-de-solidarite-avec-les-prisonniers-politiques\\\/\"]}]},{\"@type\":\"ImageObject\",\"inLanguage\":\"fr-FR\",\"@id\":\"https:\\\/\\\/charleroi-pourlapalestine.be\\\/index.php\\\/2022\\\/04\\\/19\\\/georges-abdallah-sur-la-journee-internationale-du-17-avril-de-solidarite-avec-les-prisonniers-politiques\\\/#primaryimage\",\"url\":\"https:\\\/\\\/charleroi-pourlapalestine.be\\\/wp-content\\\/uploads\\\/2022\\\/04\\\/Prisonniers-politiques.jpg\",\"contentUrl\":\"https:\\\/\\\/charleroi-pourlapalestine.be\\\/wp-content\\\/uploads\\\/2022\\\/04\\\/Prisonniers-politiques.jpg\",\"width\":653,\"height\":322},{\"@type\":\"BreadcrumbList\",\"@id\":\"https:\\\/\\\/charleroi-pourlapalestine.be\\\/index.php\\\/2022\\\/04\\\/19\\\/georges-abdallah-sur-la-journee-internationale-du-17-avril-de-solidarite-avec-les-prisonniers-politiques\\\/#breadcrumb\",\"itemListElement\":[{\"@type\":\"ListItem\",\"position\":1,\"name\":\"Accueil\",\"item\":\"https:\\\/\\\/charleroi-pourlapalestine.be\\\/\"},{\"@type\":\"ListItem\",\"position\":2,\"name\":\"Georges Abdallah sur la journ\u00e9e internationale de solidarit\u00e9 avec les prisonniers politiques\"}]},{\"@type\":\"WebSite\",\"@id\":\"https:\\\/\\\/charleroi-pourlapalestine.be\\\/#website\",\"url\":\"https:\\\/\\\/charleroi-pourlapalestine.be\\\/\",\"name\":\"Charleroi Pour la Palestine\",\"description\":\"\",\"publisher\":{\"@id\":\"https:\\\/\\\/charleroi-pourlapalestine.be\\\/#organization\"},\"potentialAction\":[{\"@type\":\"SearchAction\",\"target\":{\"@type\":\"EntryPoint\",\"urlTemplate\":\"https:\\\/\\\/charleroi-pourlapalestine.be\\\/?s={search_term_string}\"},\"query-input\":{\"@type\":\"PropertyValueSpecification\",\"valueRequired\":true,\"valueName\":\"search_term_string\"}}],\"inLanguage\":\"fr-FR\"},{\"@type\":\"Organization\",\"@id\":\"https:\\\/\\\/charleroi-pourlapalestine.be\\\/#organization\",\"name\":\"Plate-forme Charleroi-Palestine\",\"url\":\"https:\\\/\\\/charleroi-pourlapalestine.be\\\/\",\"logo\":{\"@type\":\"ImageObject\",\"inLanguage\":\"fr-FR\",\"@id\":\"https:\\\/\\\/charleroi-pourlapalestine.be\\\/#\\\/schema\\\/logo\\\/image\\\/\",\"url\":\"https:\\\/\\\/charleroi-pourlapalestine.be\\\/wp-content\\\/uploads\\\/2020\\\/01\\\/logo-Copy.jpg\",\"contentUrl\":\"https:\\\/\\\/charleroi-pourlapalestine.be\\\/wp-content\\\/uploads\\\/2020\\\/01\\\/logo-Copy.jpg\",\"width\":180,\"height\":180,\"caption\":\"Plate-forme Charleroi-Palestine\"},\"image\":{\"@id\":\"https:\\\/\\\/charleroi-pourlapalestine.be\\\/#\\\/schema\\\/logo\\\/image\\\/\"},\"sameAs\":[\"https:\\\/\\\/www.facebook.com\\\/PlateformeCharleroiPalestine\\\/\",\"https:\\\/\\\/x.com\\\/LaCharleroi\"]},{\"@type\":\"Person\",\"@id\":\"https:\\\/\\\/charleroi-pourlapalestine.be\\\/#\\\/schema\\\/person\\\/c19ff515112f1299d8c12671d8fe3faa\",\"name\":\"admin1873\",\"url\":\"https:\\\/\\\/charleroi-pourlapalestine.be\\\/index.php\\\/author\\\/admin1873\\\/\"}]}<\/script>\n<!-- \/ Yoast SEO plugin. -->","yoast_head_json":{"title":"Georges Abdallah sur la journ\u00e9e internationale de solidarit\u00e9 avec les prisonniers politiques","description":"La c\u00e9l\u00e9bration du 17 avril est destin\u00e9e \u00e0 affirmer nos devoirs envers nos camarades captifs et \u00e0 inscrire leur lib\u00e9ration dans la dynamique globale de nos luttes en cours.","robots":{"index":"index","follow":"follow","max-snippet":"max-snippet:-1","max-image-preview":"max-image-preview:large","max-video-preview":"max-video-preview:-1"},"canonical":"https:\/\/charleroi-pourlapalestine.be\/index.php\/2022\/04\/19\/georges-abdallah-sur-la-journee-internationale-du-17-avril-de-solidarite-avec-les-prisonniers-politiques\/","schema":{"@context":"https:\/\/schema.org","@graph":[{"@type":"Article","@id":"https:\/\/charleroi-pourlapalestine.be\/index.php\/2022\/04\/19\/georges-abdallah-sur-la-journee-internationale-du-17-avril-de-solidarite-avec-les-prisonniers-politiques\/#article","isPartOf":{"@id":"https:\/\/charleroi-pourlapalestine.be\/index.php\/2022\/04\/19\/georges-abdallah-sur-la-journee-internationale-du-17-avril-de-solidarite-avec-les-prisonniers-politiques\/"},"author":{"name":"admin1873","@id":"https:\/\/charleroi-pourlapalestine.be\/#\/schema\/person\/c19ff515112f1299d8c12671d8fe3faa"},"headline":"Georges Abdallah sur la journ\u00e9e internationale de solidarit\u00e9 avec les prisonniers politiques","datePublished":"2022-04-19T14:32:41+00:00","dateModified":"2022-04-19T17:03:57+00:00","mainEntityOfPage":{"@id":"https:\/\/charleroi-pourlapalestine.be\/index.php\/2022\/04\/19\/georges-abdallah-sur-la-journee-internationale-du-17-avril-de-solidarite-avec-les-prisonniers-politiques\/"},"wordCount":2039,"publisher":{"@id":"https:\/\/charleroi-pourlapalestine.be\/#organization"},"image":{"@id":"https:\/\/charleroi-pourlapalestine.be\/index.php\/2022\/04\/19\/georges-abdallah-sur-la-journee-internationale-du-17-avril-de-solidarite-avec-les-prisonniers-politiques\/#primaryimage"},"thumbnailUrl":"https:\/\/charleroi-pourlapalestine.be\/wp-content\/uploads\/2022\/04\/Prisonniers-politiques.jpg","keywords":["Georges Abdallah"],"articleSection":["Prisonniers"],"inLanguage":"fr-FR"},{"@type":"WebPage","@id":"https:\/\/charleroi-pourlapalestine.be\/index.php\/2022\/04\/19\/georges-abdallah-sur-la-journee-internationale-du-17-avril-de-solidarite-avec-les-prisonniers-politiques\/","url":"https:\/\/charleroi-pourlapalestine.be\/index.php\/2022\/04\/19\/georges-abdallah-sur-la-journee-internationale-du-17-avril-de-solidarite-avec-les-prisonniers-politiques\/","name":"Georges Abdallah sur la journ\u00e9e internationale de solidarit\u00e9 avec les prisonniers politiques","isPartOf":{"@id":"https:\/\/charleroi-pourlapalestine.be\/#website"},"primaryImageOfPage":{"@id":"https:\/\/charleroi-pourlapalestine.be\/index.php\/2022\/04\/19\/georges-abdallah-sur-la-journee-internationale-du-17-avril-de-solidarite-avec-les-prisonniers-politiques\/#primaryimage"},"image":{"@id":"https:\/\/charleroi-pourlapalestine.be\/index.php\/2022\/04\/19\/georges-abdallah-sur-la-journee-internationale-du-17-avril-de-solidarite-avec-les-prisonniers-politiques\/#primaryimage"},"thumbnailUrl":"https:\/\/charleroi-pourlapalestine.be\/wp-content\/uploads\/2022\/04\/Prisonniers-politiques.jpg","datePublished":"2022-04-19T14:32:41+00:00","dateModified":"2022-04-19T17:03:57+00:00","description":"La c\u00e9l\u00e9bration du 17 avril est destin\u00e9e \u00e0 affirmer nos devoirs envers nos camarades captifs et \u00e0 inscrire leur lib\u00e9ration dans la dynamique globale de nos luttes en cours.","breadcrumb":{"@id":"https:\/\/charleroi-pourlapalestine.be\/index.php\/2022\/04\/19\/georges-abdallah-sur-la-journee-internationale-du-17-avril-de-solidarite-avec-les-prisonniers-politiques\/#breadcrumb"},"inLanguage":"fr-FR","potentialAction":[{"@type":"ReadAction","target":["https:\/\/charleroi-pourlapalestine.be\/index.php\/2022\/04\/19\/georges-abdallah-sur-la-journee-internationale-du-17-avril-de-solidarite-avec-les-prisonniers-politiques\/"]}]},{"@type":"ImageObject","inLanguage":"fr-FR","@id":"https:\/\/charleroi-pourlapalestine.be\/index.php\/2022\/04\/19\/georges-abdallah-sur-la-journee-internationale-du-17-avril-de-solidarite-avec-les-prisonniers-politiques\/#primaryimage","url":"https:\/\/charleroi-pourlapalestine.be\/wp-content\/uploads\/2022\/04\/Prisonniers-politiques.jpg","contentUrl":"https:\/\/charleroi-pourlapalestine.be\/wp-content\/uploads\/2022\/04\/Prisonniers-politiques.jpg","width":653,"height":322},{"@type":"BreadcrumbList","@id":"https:\/\/charleroi-pourlapalestine.be\/index.php\/2022\/04\/19\/georges-abdallah-sur-la-journee-internationale-du-17-avril-de-solidarite-avec-les-prisonniers-politiques\/#breadcrumb","itemListElement":[{"@type":"ListItem","position":1,"name":"Accueil","item":"https:\/\/charleroi-pourlapalestine.be\/"},{"@type":"ListItem","position":2,"name":"Georges Abdallah sur la journ\u00e9e internationale de solidarit\u00e9 avec les prisonniers politiques"}]},{"@type":"WebSite","@id":"https:\/\/charleroi-pourlapalestine.be\/#website","url":"https:\/\/charleroi-pourlapalestine.be\/","name":"Charleroi Pour la Palestine","description":"","publisher":{"@id":"https:\/\/charleroi-pourlapalestine.be\/#organization"},"potentialAction":[{"@type":"SearchAction","target":{"@type":"EntryPoint","urlTemplate":"https:\/\/charleroi-pourlapalestine.be\/?s={search_term_string}"},"query-input":{"@type":"PropertyValueSpecification","valueRequired":true,"valueName":"search_term_string"}}],"inLanguage":"fr-FR"},{"@type":"Organization","@id":"https:\/\/charleroi-pourlapalestine.be\/#organization","name":"Plate-forme Charleroi-Palestine","url":"https:\/\/charleroi-pourlapalestine.be\/","logo":{"@type":"ImageObject","inLanguage":"fr-FR","@id":"https:\/\/charleroi-pourlapalestine.be\/#\/schema\/logo\/image\/","url":"https:\/\/charleroi-pourlapalestine.be\/wp-content\/uploads\/2020\/01\/logo-Copy.jpg","contentUrl":"https:\/\/charleroi-pourlapalestine.be\/wp-content\/uploads\/2020\/01\/logo-Copy.jpg","width":180,"height":180,"caption":"Plate-forme Charleroi-Palestine"},"image":{"@id":"https:\/\/charleroi-pourlapalestine.be\/#\/schema\/logo\/image\/"},"sameAs":["https:\/\/www.facebook.com\/PlateformeCharleroiPalestine\/","https:\/\/x.com\/LaCharleroi"]},{"@type":"Person","@id":"https:\/\/charleroi-pourlapalestine.be\/#\/schema\/person\/c19ff515112f1299d8c12671d8fe3faa","name":"admin1873","url":"https:\/\/charleroi-pourlapalestine.be\/index.php\/author\/admin1873\/"}]}},"_links":{"self":[{"href":"https:\/\/charleroi-pourlapalestine.be\/index.php\/wp-json\/wp\/v2\/posts\/37961","targetHints":{"allow":["GET"]}}],"collection":[{"href":"https:\/\/charleroi-pourlapalestine.be\/index.php\/wp-json\/wp\/v2\/posts"}],"about":[{"href":"https:\/\/charleroi-pourlapalestine.be\/index.php\/wp-json\/wp\/v2\/types\/post"}],"author":[{"embeddable":true,"href":"https:\/\/charleroi-pourlapalestine.be\/index.php\/wp-json\/wp\/v2\/users\/1"}],"replies":[{"embeddable":true,"href":"https:\/\/charleroi-pourlapalestine.be\/index.php\/wp-json\/wp\/v2\/comments?post=37961"}],"version-history":[{"count":0,"href":"https:\/\/charleroi-pourlapalestine.be\/index.php\/wp-json\/wp\/v2\/posts\/37961\/revisions"}],"wp:featuredmedia":[{"embeddable":true,"href":"https:\/\/charleroi-pourlapalestine.be\/index.php\/wp-json\/wp\/v2\/media\/37968"}],"wp:attachment":[{"href":"https:\/\/charleroi-pourlapalestine.be\/index.php\/wp-json\/wp\/v2\/media?parent=37961"}],"wp:term":[{"taxonomy":"category","embeddable":true,"href":"https:\/\/charleroi-pourlapalestine.be\/index.php\/wp-json\/wp\/v2\/categories?post=37961"},{"taxonomy":"post_tag","embeddable":true,"href":"https:\/\/charleroi-pourlapalestine.be\/index.php\/wp-json\/wp\/v2\/tags?post=37961"}],"curies":[{"name":"wp","href":"https:\/\/api.w.org\/{rel}","templated":true}]}}