{"id":3797,"date":"2020-01-26T15:59:00","date_gmt":"2020-01-26T14:59:00","guid":{"rendered":"https:\/\/charleroi-pourlapalestine.be\/?p=3797"},"modified":"2020-02-11T10:04:34","modified_gmt":"2020-02-11T09:04:34","slug":"israel-dirige-sa-desinformation-vers-les-capitales-europeennes","status":"publish","type":"post","link":"https:\/\/charleroi-pourlapalestine.be\/index.php\/2020\/01\/26\/israel-dirige-sa-desinformation-vers-les-capitales-europeennes\/","title":{"rendered":"Isra\u00ebl dirige sa d\u00e9sinformation vers les capitales europ\u00e9ennes"},"content":{"rendered":"<h3>Opinion &#8211; Campagne 11.11.11<\/h3>\n<p>Les ONG et activistes isra\u00e9liens et palestiniens se voient imposer le silence de nombreuses fa\u00e7ons. Ils sont poursuivis par l&rsquo;Autorit\u00e9 palestinienne et par le Hamas d&rsquo;une part, par les autorit\u00e9s isra\u00e9liennes d&rsquo;autre part.<\/p>\n<p>Les campagnes isra\u00e9liennes de d\u00e9sinformation contre les ONG locales sautent de plus en plus aux yeux.<\/p>\n<p>Le terrain d&rsquo;action de ces campagnes de calomnie se d\u00e9place de plus en plus vers les capitales europ\u00e9ennes.<\/p>\n<p>Via des accusations vagues et non fond\u00e9es d&rsquo;antis\u00e9mitisme et de liens avec les organisations terroristes, on essaie de d\u00e9cider l&rsquo;Europe \u00e0 ass\u00e9cher financi\u00e8rement les ONG locales.<\/p>\n<p>Dans un nouveau rapport, 11.11.11. met en lumi\u00e8re ces pratiques malsaines.<\/p>\n<p>Depuis longtemps d\u00e9j\u00e0, en Isra\u00ebl et en Palestine, les organisations du monde associatif doivent tenir compte des acteurs qui tentent d&rsquo;entraver leur fonctionnement.<\/p>\n<p>Cet <em>\u00ab&nbsp;espace de plus en plus restreint&nbsp;\u00bb<\/em> dans lequel elles doivent op\u00e9rer se manifeste de diverses mani\u00e8res.<\/p>\n<p>On emp\u00eache les activistes de manifester, on les enferme ou m\u00eame on les moleste, et ils sont la cible de lois restrictives et de campagnes incendiaires de calomnie.<\/p>\n<p>Tant les autorit\u00e9s isra\u00e9liennes, les groupes isra\u00e9liens favorables \u00e0 l&rsquo;occupation, le Hamas que l&rsquo;Autorit\u00e9 palestinienne jouent un r\u00f4le important dans cette <em>\u00ab&nbsp;restriction de l&rsquo;espace&nbsp;\u00bb.<\/em><\/p>\n<blockquote>\n<p>\u00ab&nbsp;Mondialement, nous voyons une tendance \u00e0 la restriction de l&rsquo;espace pour les voix critiques, et c&rsquo;est \u00e9galement le cas en Isra\u00ebl et en Palestine.Alors que nagu\u00e8re les activistes \u00e9taient vis\u00e9s en Isra\u00ebl et en Palestine m\u00eame, les autorit\u00e9s isra\u00e9liennes d\u00e9placent de plus en plus leur terrain d&rsquo;action vers les capitales europ\u00e9ennes&nbsp;\u00bb,<\/p>\n<\/blockquote>\n<p>explique la directrice de 11.11.11, Els Hertogen.<\/p>\n<blockquote>\n<p>\u00ab&nbsp;Cela se fait en lan\u00e7ant des accusations vagues et non fond\u00e9es d&rsquo;antis\u00e9mitisme ou de liens avec des organisations terroristes les ONG qui d\u00e9fendent les droits de l&rsquo;homme et une solution juste au conflit isra\u00e9lo-palestinien, et ce, dans le but de faire cesser les flux d&rsquo;argent europ\u00e9ens vers ces organisations. Il faut veiller de tr\u00e8s pr\u00e8s \u00e0 ce que ces accusations vagues et non fond\u00e9es ne soient pas utilis\u00e9es pour imposer le silence aux activistes locaux qui, jour apr\u00e8s jour, luttent pour les droits humains.&nbsp;\u00bb<\/p>\n<\/blockquote>\n<p><strong>Un r\u00f4le cl\u00e9 dans cette campagne de d\u00e9sinformation est celui que jouent le minist\u00e8re isra\u00e9lien des Affaires strat\u00e9giques ainsi que des organisations \u00e9troitement li\u00e9es au pouvoir, telle l&rsquo;<em>\u00ab&nbsp;ONG Monitor&nbsp;\u00bb<\/em><\/strong>.<\/p>\n<p>R\u00e9cemment, cette campagne a engrang\u00e9 nombre de succ\u00e8s.<\/p>\n<p>Ces derniers mois, les parlements allemand et tch\u00e8que ont adopt\u00e9 des motions qui assimilent le mouvement de <strong>boycott (BDS)<\/strong> contre Isra\u00ebl \u00e0 de l&rsquo;antis\u00e9mitisme et qui appellent \u00e0 supprimer tout soutien financier \u00e0 ce mouvement.<\/p>\n<p>Entre autres, sous les pressions du lobby pro-occupation, un m\u00e9canisme financier europ\u00e9en destin\u00e9 aux organisations des droits humains palestiniennes et isra\u00e9liennes a \u00e9t\u00e9 supprim\u00e9.<\/p>\n<p>De m\u00eame, en Autriche, aux Pays-Bas, en France, en Suisse et au Danemark, il est question d&rsquo;\u00e9volutions probl\u00e9matiques. Chaque fois, on peut y voir la main du minist\u00e8re isra\u00e9lien et de l&rsquo;ONG Monitor.<\/p>\n<p>11.11.11 n&rsquo;est pas seule dans son analyse.<\/p>\n<p>L&rsquo;ancienne haute repr\u00e9sentante de l&rsquo;UE pour les affaires \u00e9trang\u00e8res, Federica Mogherini, avait accus\u00e9 le minist\u00e8re isra\u00e9lien des Affaires strat\u00e9giques de <em>\u00ab&nbsp;campagnes de d\u00e9sinformation&nbsp;\u00bb<\/em> et d&rsquo;all\u00e9gations<em> \u00ab&nbsp;non fond\u00e9es&nbsp;\u00bb<\/em> et <em>\u00ab&nbsp;inacceptables&nbsp;\u00bb.<\/em><\/p>\n<p>Toute une s\u00e9rie d&rsquo;experts de l&rsquo;ONU qualifient les motions anti-BDS d&rsquo;attaques directes contre la libert\u00e9 d&rsquo;expression.<\/p>\n<p>Ces derniers mois, des centaines d&rsquo;experts isra\u00e9liens, juifs et internationaux ont souscrit \u00e0 des lettres ouvertes qui d\u00e9noncent l&rsquo;assimilation de BDS \u00e0 de l&rsquo;antis\u00e9mitisme.<\/p>\n<p>En Belgique aussi, en novembre 2019, 96 personnalit\u00e9s, experts et sympathisants juifs ont sign\u00e9 \u00e0 une lettre ouverte dans laquelle \u00e9tait d\u00e9nonc\u00e9 l&rsquo;usage abusif du terme antis\u00e9mitisme.<\/p>\n<p>Bien des experts juifs insistent ici pour dire que la campagne isra\u00e9lienne de calomnie contre les ONG locales sape la lutte d&rsquo;une importance vitale contre le v\u00e9ritable militantisme \u2013 qui conna\u00eet actuellement une mont\u00e9e au niveau mondial.<\/p>\n<p><strong>Une tactique importante de la campagne isra\u00e9lienne de d\u00e9sinformation consiste \u00e0 instrumentaliser de fa\u00e7on probl\u00e9matique la d\u00e9finition de travail de l&rsquo;antis\u00e9mitisme utilis\u00e9e par l&rsquo;<a href=\"https:\/\/charleroi-pourlapalestine.be\/?s=IHRA\" target=\"_blank\" rel=\"noopener noreferrer\">IHRA<\/a> (International Holocaust Remembrance Alliance \u2013 Alliance internationale pour la m\u00e9moire de l&rsquo;Holocauste). <\/strong><\/p>\n<p>Et ce, alors que des experts juridiques de premier plan, entre autres du Centre de recherche sur l&rsquo;antis\u00e9mitisme, mettent en garde contre le danger d&rsquo;utilisation abusive de la d\u00e9finition afin d&rsquo;assimiler \u00e0 de l&rsquo;antis\u00e9mitisme les critiques l\u00e9gitimes contre les violations isra\u00e9liennes des droits de l&rsquo;homme.<\/p>\n<p>De m\u00eame, l&rsquo;auteur principal de la d\u00e9finition de travail de l&rsquo;<strong>IHRA,<\/strong> Kenneth Stern, s&rsquo;est publiquement distanci\u00e9 de la fa\u00e7on dont elle est instrumentalis\u00e9e, alors que le rapporteur sp\u00e9cial des Nations unies pour la libert\u00e9 d&rsquo;expression met en garde, lui, contre tout usage imprudent de cette m\u00eame d\u00e9finition.<\/p>\n<p>Els Hertogen&nbsp;:<\/p>\n<blockquote>\n<p>\u00ab&nbsp;11.11.11 publie aujourd&rsquo;hui ce rapport pour emp\u00eacher que la Belgique devienne l&rsquo;une des prochaines cibles des autorit\u00e9s isra\u00e9liennes afin d&rsquo;imposer le silence au monde associatif en territoire palestinien occup\u00e9 et en Isra\u00ebl.<\/p>\n<p>Cela pourrait rev\u00eatir la forme concr\u00e8te d&rsquo;une r\u00e9solution parlementaire anti-BDS, comme en Tch\u00e9quie et en Allemagne.<\/p>\n<p>Semblable r\u00e9solution signifierait que les ONG palestiniennes, mais aussi belges, qui appellent \u00e0 un boycott (partiel) ou \u00e0 des sanctions, pourraient perdre le soutien financier et politique dont elles b\u00e9n\u00e9ficient.&nbsp;\u00bb<\/p>\n<\/blockquote>\n<p>C&rsquo;est pourquoi 11.11.11 invite les d\u00e9cideurs politiques belges et europ\u00e9ens \u2013 quelle que soit leur position \u00e0 propos du boycott ou des sanctions et \u00e0 propos du conflit isra\u00e9lo-palestinien \u2013 \u00e0 \u0153uvrer en faveur du droit \u00e0 la libert\u00e9 d&rsquo;expression.<\/p>\n<p>L&rsquo;organisation r\u00e9clame un soutien politique et financier durable aux organisations locales du monde associatif en Palestine et en Isra\u00ebl et elle invitent les d\u00e9cideurs politiques belges \u00e0 se montrer vigilants \u00e0 propos des campagnes isra\u00e9liennes de d\u00e9sinformation.<\/p>\n<hr>\n<p>Publi\u00e9 le 22 janvier 2020 sur <a href=\"https:\/\/www.dewereldmorgen.be\/artikel\/2020\/01\/22\/israel-richt-desinformatiecampagne-naar-europese-hoofdsteden\/\" target=\"_blank\" rel=\"noopener noreferrer\">De Wereld Morgen<\/a><br>Traduction : Jean-Marie Fl\u00e9mal<\/p>\n\n\n<p><\/p>\n","protected":false},"excerpt":{"rendered":"<p>Une tactique de la campagne isra\u00e9lienne de d\u00e9sinformation consiste \u00e0 instrumentaliser la d\u00e9finition de travail de l&rsquo;antis\u00e9mitisme utilis\u00e9e par l&rsquo;IHRA<\/p>\n","protected":false},"author":1,"featured_media":0,"comment_status":"closed","ping_status":"closed","sticky":false,"template":"","format":"standard","meta":{"ngg_post_thumbnail":0,"footnotes":""},"categories":[90,64,153,314],"tags":[],"class_list":["post-3797","post","type-post","status-publish","format-standard","hentry","category-bds","category-la-belgique","category-desinformation","category-ihra"],"yoast_head":"<!-- This site is optimized with the Yoast SEO plugin v27.3 - https:\/\/yoast.com\/product\/yoast-seo-wordpress\/ -->\n<title>Isra\u00ebl dirige sa d\u00e9sinformation vers les capitales europ\u00e9ennes -<\/title>\n<meta name=\"description\" content=\"Une tactique de la campagne isra\u00e9lienne de d\u00e9sinformation consiste \u00e0 instrumentaliser la d\u00e9finition de travail de l&#039;antis\u00e9mitisme utilis\u00e9e par l&#039;IHRA\" \/>\n<meta name=\"robots\" content=\"index, follow, max-snippet:-1, max-image-preview:large, max-video-preview:-1\" \/>\n<link rel=\"canonical\" href=\"https:\/\/charleroi-pourlapalestine.be\/index.php\/2020\/01\/26\/israel-dirige-sa-desinformation-vers-les-capitales-europeennes\/\" \/>\n<script type=\"application\/ld+json\" class=\"yoast-schema-graph\">{\"@context\":\"https:\\\/\\\/schema.org\",\"@graph\":[{\"@type\":\"Article\",\"@id\":\"https:\\\/\\\/charleroi-pourlapalestine.be\\\/index.php\\\/2020\\\/01\\\/26\\\/israel-dirige-sa-desinformation-vers-les-capitales-europeennes\\\/#article\",\"isPartOf\":{\"@id\":\"https:\\\/\\\/charleroi-pourlapalestine.be\\\/index.php\\\/2020\\\/01\\\/26\\\/israel-dirige-sa-desinformation-vers-les-capitales-europeennes\\\/\"},\"author\":{\"name\":\"admin1873\",\"@id\":\"https:\\\/\\\/charleroi-pourlapalestine.be\\\/#\\\/schema\\\/person\\\/c19ff515112f1299d8c12671d8fe3faa\"},\"headline\":\"Isra\u00ebl dirige sa d\u00e9sinformation vers les capitales europ\u00e9ennes\",\"datePublished\":\"2020-01-26T14:59:00+00:00\",\"dateModified\":\"2020-02-11T09:04:34+00:00\",\"mainEntityOfPage\":{\"@id\":\"https:\\\/\\\/charleroi-pourlapalestine.be\\\/index.php\\\/2020\\\/01\\\/26\\\/israel-dirige-sa-desinformation-vers-les-capitales-europeennes\\\/\"},\"wordCount\":1078,\"publisher\":{\"@id\":\"https:\\\/\\\/charleroi-pourlapalestine.be\\\/#organization\"},\"articleSection\":[\"BDS\",\"Belgique\",\"D\u00e9sinformation\",\"IHRA\"],\"inLanguage\":\"fr-FR\"},{\"@type\":\"WebPage\",\"@id\":\"https:\\\/\\\/charleroi-pourlapalestine.be\\\/index.php\\\/2020\\\/01\\\/26\\\/israel-dirige-sa-desinformation-vers-les-capitales-europeennes\\\/\",\"url\":\"https:\\\/\\\/charleroi-pourlapalestine.be\\\/index.php\\\/2020\\\/01\\\/26\\\/israel-dirige-sa-desinformation-vers-les-capitales-europeennes\\\/\",\"name\":\"Isra\u00ebl dirige sa d\u00e9sinformation vers les capitales europ\u00e9ennes -\",\"isPartOf\":{\"@id\":\"https:\\\/\\\/charleroi-pourlapalestine.be\\\/#website\"},\"datePublished\":\"2020-01-26T14:59:00+00:00\",\"dateModified\":\"2020-02-11T09:04:34+00:00\",\"description\":\"Une tactique de la campagne isra\u00e9lienne de d\u00e9sinformation consiste \u00e0 instrumentaliser la d\u00e9finition de travail de l'antis\u00e9mitisme utilis\u00e9e par l'IHRA\",\"breadcrumb\":{\"@id\":\"https:\\\/\\\/charleroi-pourlapalestine.be\\\/index.php\\\/2020\\\/01\\\/26\\\/israel-dirige-sa-desinformation-vers-les-capitales-europeennes\\\/#breadcrumb\"},\"inLanguage\":\"fr-FR\",\"potentialAction\":[{\"@type\":\"ReadAction\",\"target\":[\"https:\\\/\\\/charleroi-pourlapalestine.be\\\/index.php\\\/2020\\\/01\\\/26\\\/israel-dirige-sa-desinformation-vers-les-capitales-europeennes\\\/\"]}]},{\"@type\":\"BreadcrumbList\",\"@id\":\"https:\\\/\\\/charleroi-pourlapalestine.be\\\/index.php\\\/2020\\\/01\\\/26\\\/israel-dirige-sa-desinformation-vers-les-capitales-europeennes\\\/#breadcrumb\",\"itemListElement\":[{\"@type\":\"ListItem\",\"position\":1,\"name\":\"Accueil\",\"item\":\"https:\\\/\\\/charleroi-pourlapalestine.be\\\/\"},{\"@type\":\"ListItem\",\"position\":2,\"name\":\"Isra\u00ebl dirige sa d\u00e9sinformation vers les capitales europ\u00e9ennes\"}]},{\"@type\":\"WebSite\",\"@id\":\"https:\\\/\\\/charleroi-pourlapalestine.be\\\/#website\",\"url\":\"https:\\\/\\\/charleroi-pourlapalestine.be\\\/\",\"name\":\"Charleroi Pour la Palestine\",\"description\":\"\",\"publisher\":{\"@id\":\"https:\\\/\\\/charleroi-pourlapalestine.be\\\/#organization\"},\"potentialAction\":[{\"@type\":\"SearchAction\",\"target\":{\"@type\":\"EntryPoint\",\"urlTemplate\":\"https:\\\/\\\/charleroi-pourlapalestine.be\\\/?s={search_term_string}\"},\"query-input\":{\"@type\":\"PropertyValueSpecification\",\"valueRequired\":true,\"valueName\":\"search_term_string\"}}],\"inLanguage\":\"fr-FR\"},{\"@type\":\"Organization\",\"@id\":\"https:\\\/\\\/charleroi-pourlapalestine.be\\\/#organization\",\"name\":\"Plate-forme Charleroi-Palestine\",\"url\":\"https:\\\/\\\/charleroi-pourlapalestine.be\\\/\",\"logo\":{\"@type\":\"ImageObject\",\"inLanguage\":\"fr-FR\",\"@id\":\"https:\\\/\\\/charleroi-pourlapalestine.be\\\/#\\\/schema\\\/logo\\\/image\\\/\",\"url\":\"https:\\\/\\\/charleroi-pourlapalestine.be\\\/wp-content\\\/uploads\\\/2020\\\/01\\\/logo-Copy.jpg\",\"contentUrl\":\"https:\\\/\\\/charleroi-pourlapalestine.be\\\/wp-content\\\/uploads\\\/2020\\\/01\\\/logo-Copy.jpg\",\"width\":180,\"height\":180,\"caption\":\"Plate-forme Charleroi-Palestine\"},\"image\":{\"@id\":\"https:\\\/\\\/charleroi-pourlapalestine.be\\\/#\\\/schema\\\/logo\\\/image\\\/\"},\"sameAs\":[\"https:\\\/\\\/www.facebook.com\\\/PlateformeCharleroiPalestine\\\/\",\"https:\\\/\\\/x.com\\\/LaCharleroi\"]},{\"@type\":\"Person\",\"@id\":\"https:\\\/\\\/charleroi-pourlapalestine.be\\\/#\\\/schema\\\/person\\\/c19ff515112f1299d8c12671d8fe3faa\",\"name\":\"admin1873\",\"url\":\"https:\\\/\\\/charleroi-pourlapalestine.be\\\/index.php\\\/author\\\/admin1873\\\/\"}]}<\/script>\n<!-- \/ Yoast SEO plugin. -->","yoast_head_json":{"title":"Isra\u00ebl dirige sa d\u00e9sinformation vers les capitales europ\u00e9ennes -","description":"Une tactique de la campagne isra\u00e9lienne de d\u00e9sinformation consiste \u00e0 instrumentaliser la d\u00e9finition de travail de l'antis\u00e9mitisme utilis\u00e9e par l'IHRA","robots":{"index":"index","follow":"follow","max-snippet":"max-snippet:-1","max-image-preview":"max-image-preview:large","max-video-preview":"max-video-preview:-1"},"canonical":"https:\/\/charleroi-pourlapalestine.be\/index.php\/2020\/01\/26\/israel-dirige-sa-desinformation-vers-les-capitales-europeennes\/","schema":{"@context":"https:\/\/schema.org","@graph":[{"@type":"Article","@id":"https:\/\/charleroi-pourlapalestine.be\/index.php\/2020\/01\/26\/israel-dirige-sa-desinformation-vers-les-capitales-europeennes\/#article","isPartOf":{"@id":"https:\/\/charleroi-pourlapalestine.be\/index.php\/2020\/01\/26\/israel-dirige-sa-desinformation-vers-les-capitales-europeennes\/"},"author":{"name":"admin1873","@id":"https:\/\/charleroi-pourlapalestine.be\/#\/schema\/person\/c19ff515112f1299d8c12671d8fe3faa"},"headline":"Isra\u00ebl dirige sa d\u00e9sinformation vers les capitales europ\u00e9ennes","datePublished":"2020-01-26T14:59:00+00:00","dateModified":"2020-02-11T09:04:34+00:00","mainEntityOfPage":{"@id":"https:\/\/charleroi-pourlapalestine.be\/index.php\/2020\/01\/26\/israel-dirige-sa-desinformation-vers-les-capitales-europeennes\/"},"wordCount":1078,"publisher":{"@id":"https:\/\/charleroi-pourlapalestine.be\/#organization"},"articleSection":["BDS","Belgique","D\u00e9sinformation","IHRA"],"inLanguage":"fr-FR"},{"@type":"WebPage","@id":"https:\/\/charleroi-pourlapalestine.be\/index.php\/2020\/01\/26\/israel-dirige-sa-desinformation-vers-les-capitales-europeennes\/","url":"https:\/\/charleroi-pourlapalestine.be\/index.php\/2020\/01\/26\/israel-dirige-sa-desinformation-vers-les-capitales-europeennes\/","name":"Isra\u00ebl dirige sa d\u00e9sinformation vers les capitales europ\u00e9ennes -","isPartOf":{"@id":"https:\/\/charleroi-pourlapalestine.be\/#website"},"datePublished":"2020-01-26T14:59:00+00:00","dateModified":"2020-02-11T09:04:34+00:00","description":"Une tactique de la campagne isra\u00e9lienne de d\u00e9sinformation consiste \u00e0 instrumentaliser la d\u00e9finition de travail de l'antis\u00e9mitisme utilis\u00e9e par l'IHRA","breadcrumb":{"@id":"https:\/\/charleroi-pourlapalestine.be\/index.php\/2020\/01\/26\/israel-dirige-sa-desinformation-vers-les-capitales-europeennes\/#breadcrumb"},"inLanguage":"fr-FR","potentialAction":[{"@type":"ReadAction","target":["https:\/\/charleroi-pourlapalestine.be\/index.php\/2020\/01\/26\/israel-dirige-sa-desinformation-vers-les-capitales-europeennes\/"]}]},{"@type":"BreadcrumbList","@id":"https:\/\/charleroi-pourlapalestine.be\/index.php\/2020\/01\/26\/israel-dirige-sa-desinformation-vers-les-capitales-europeennes\/#breadcrumb","itemListElement":[{"@type":"ListItem","position":1,"name":"Accueil","item":"https:\/\/charleroi-pourlapalestine.be\/"},{"@type":"ListItem","position":2,"name":"Isra\u00ebl dirige sa d\u00e9sinformation vers les capitales europ\u00e9ennes"}]},{"@type":"WebSite","@id":"https:\/\/charleroi-pourlapalestine.be\/#website","url":"https:\/\/charleroi-pourlapalestine.be\/","name":"Charleroi Pour la Palestine","description":"","publisher":{"@id":"https:\/\/charleroi-pourlapalestine.be\/#organization"},"potentialAction":[{"@type":"SearchAction","target":{"@type":"EntryPoint","urlTemplate":"https:\/\/charleroi-pourlapalestine.be\/?s={search_term_string}"},"query-input":{"@type":"PropertyValueSpecification","valueRequired":true,"valueName":"search_term_string"}}],"inLanguage":"fr-FR"},{"@type":"Organization","@id":"https:\/\/charleroi-pourlapalestine.be\/#organization","name":"Plate-forme Charleroi-Palestine","url":"https:\/\/charleroi-pourlapalestine.be\/","logo":{"@type":"ImageObject","inLanguage":"fr-FR","@id":"https:\/\/charleroi-pourlapalestine.be\/#\/schema\/logo\/image\/","url":"https:\/\/charleroi-pourlapalestine.be\/wp-content\/uploads\/2020\/01\/logo-Copy.jpg","contentUrl":"https:\/\/charleroi-pourlapalestine.be\/wp-content\/uploads\/2020\/01\/logo-Copy.jpg","width":180,"height":180,"caption":"Plate-forme Charleroi-Palestine"},"image":{"@id":"https:\/\/charleroi-pourlapalestine.be\/#\/schema\/logo\/image\/"},"sameAs":["https:\/\/www.facebook.com\/PlateformeCharleroiPalestine\/","https:\/\/x.com\/LaCharleroi"]},{"@type":"Person","@id":"https:\/\/charleroi-pourlapalestine.be\/#\/schema\/person\/c19ff515112f1299d8c12671d8fe3faa","name":"admin1873","url":"https:\/\/charleroi-pourlapalestine.be\/index.php\/author\/admin1873\/"}]}},"_links":{"self":[{"href":"https:\/\/charleroi-pourlapalestine.be\/index.php\/wp-json\/wp\/v2\/posts\/3797","targetHints":{"allow":["GET"]}}],"collection":[{"href":"https:\/\/charleroi-pourlapalestine.be\/index.php\/wp-json\/wp\/v2\/posts"}],"about":[{"href":"https:\/\/charleroi-pourlapalestine.be\/index.php\/wp-json\/wp\/v2\/types\/post"}],"author":[{"embeddable":true,"href":"https:\/\/charleroi-pourlapalestine.be\/index.php\/wp-json\/wp\/v2\/users\/1"}],"replies":[{"embeddable":true,"href":"https:\/\/charleroi-pourlapalestine.be\/index.php\/wp-json\/wp\/v2\/comments?post=3797"}],"version-history":[{"count":0,"href":"https:\/\/charleroi-pourlapalestine.be\/index.php\/wp-json\/wp\/v2\/posts\/3797\/revisions"}],"wp:attachment":[{"href":"https:\/\/charleroi-pourlapalestine.be\/index.php\/wp-json\/wp\/v2\/media?parent=3797"}],"wp:term":[{"taxonomy":"category","embeddable":true,"href":"https:\/\/charleroi-pourlapalestine.be\/index.php\/wp-json\/wp\/v2\/categories?post=3797"},{"taxonomy":"post_tag","embeddable":true,"href":"https:\/\/charleroi-pourlapalestine.be\/index.php\/wp-json\/wp\/v2\/tags?post=3797"}],"curies":[{"name":"wp","href":"https:\/\/api.w.org\/{rel}","templated":true}]}}