{"id":38327,"date":"2022-04-27T09:27:18","date_gmt":"2022-04-27T07:27:18","guid":{"rendered":"https:\/\/charleroi-pourlapalestine.be\/?p=38327"},"modified":"2022-04-27T09:27:21","modified_gmt":"2022-04-27T07:27:21","slug":"israel-envoie-des-drones-pour-asperger-de-gaz-lacrymogene-les-fideles-dal-aqsa","status":"publish","type":"post","link":"https:\/\/charleroi-pourlapalestine.be\/index.php\/2022\/04\/27\/israel-envoie-des-drones-pour-asperger-de-gaz-lacrymogene-les-fideles-dal-aqsa\/","title":{"rendered":"Isra\u00ebl envoie des drones pour asperger de gaz lacrymog\u00e8ne les fid\u00e8les d\u2019al-Aqsa"},"content":{"rendered":"<p>Vendredi, \u00e0 J\u00e9rusalem, apr\u00e8s les pri\u00e8res de l\u2019aube, c\u2019est par des jets de pierres et des lancements de p\u00e9tards que les Palestiniens ont affront\u00e9 la police anti\u00e9meute isra\u00e9lienne stationn\u00e9e autour du site de la mosqu\u00e9e. La police isra\u00e9lienne a lanc\u00e9 des grenades de gaz lacrymog\u00e8ne, des balles m\u00e9talliques enrob\u00e9es de caoutchouc et des grenades incapacitantes vers les Palestiniens \u00e0 l\u2019int\u00e9rieur du site, mais n\u2019y a plus effectu\u00e9 de raid ni tir\u00e9 \u00e0 l\u2019int\u00e9rieur de la mosqu\u00e9e comme elle l\u2019avait fait vendredi dernier.<\/p>\n<p>&nbsp;<\/p>\n<p><img loading=\"lazy\" decoding=\"async\" class=\"aligncenter wp-image-38331 size-full\" src=\"https:\/\/charleroi-pourlapalestine.be\/wp-content\/uploads\/2022\/04\/jerusalem_jb_00_13-e1651042858895.jpg\" alt=\"\" width=\"480\" height=\"320\"><\/p>\n<p>&nbsp;<\/p>\n<p><a href=\"https:\/\/charleroi-pourlapalestine.be\/index.php\/tag\/maureen-clare-murphy\/\" target=\"_blank\" rel=\"noopener\"><strong>Maureen Clare Murphy<\/strong><\/a>, 22 avril 2022<\/p>\n<p><strong>L\u00e9gende photo :<\/strong> <em>22 avril 2022. Des Palestiniennes prient en face du d\u00f4me du Rocher, sur le site de la mosqu\u00e9e al-Aqsa \u00e0 J\u00e9rusalem. <\/em>(Photo : Jeries Bssier \/ APA images)<\/p>\n<p>On a rapport\u00e9 que des tirs de roquettes avaient eu lieu depuis Gaza vendredi dernier, apr\u00e8s que la police isra\u00e9lienne avait recouru \u00e0 la violence contre des fid\u00e8les palestiniens qui venaient de prier \u00e0 la mosqu\u00e9e <strong>al-Aqsa<\/strong>, \u00e0 <strong>J\u00e9rusalem<\/strong>, un peu plus t\u00f4t dans la journ\u00e9e.<\/p>\n<p>La violence isra\u00e9lienne contre les Palestiniens en ce troisi\u00e8me vendredi du Ramadan a de nouveau risqu\u00e9 de d\u00e9border, du c\u00f4t\u00e9 de Gaza.<\/p>\n<p>Suite \u00e0 l\u2019attaque isra\u00e9lienne contre le lieu saint la semaine derni\u00e8re, on a assist\u00e9 \u00e0 toute une vague d\u2019\u00e9changes diplomatiques afin de tenter d\u2019emp\u00eacher une confrontation \u00e0 grande \u00e9chelle \u00e0 Gaza, comme celle qui avait d\u00e9vast\u00e9 l\u2019enclave en mai dernier.<\/p>\n<p>Ces onze jours de lourds tirs de roquettes depuis Gaza et de bombardements isra\u00e9liens contre le territoire avaient \u00e9t\u00e9 pr\u00e9cipit\u00e9s pour une bonne part par la violence contre les fid\u00e8les du Ramadan \u00e0 al-Aqsa.<\/p>\n<p>La situation est rest\u00e9e pr\u00e9caire durant toute la semaine puisque, mercredi, <a href=\"https:\/\/charleroi-pourlapalestine.be\/index.php\/2022\/04\/26\/les-israeliens-scandent-mort-aux-arabes\/\"><strong>des nationalistes juifs isra\u00e9liens avaient d\u00e9fil\u00e9 dans J\u00e9rusalem en scandant des slogans antipalestiniens tels que \u00ab Mort aux Arabes \u00bb.<\/strong><\/a><\/p>\n<p>Plus tard, ce soir-l\u00e0, une roquette avait \u00e9t\u00e9 tir\u00e9e depuis Gaza et avait atterri dans une zone ouverte pr\u00e8s de <strong>Sderot,<\/strong> dans le sud d\u2019Isra\u00ebl. Isra\u00ebl avait effectu\u00e9 des raids a\u00e9riens sur Gaza tr\u00e8s t\u00f4t le jeudi. Ces raids avaient \u00e9t\u00e9 suivis de nouveaux tirs de roquettes et autres depuis l\u2019enclave assi\u00e9g\u00e9e.<\/p>\n<p>On n\u2019a pas fait \u00e9tat de blessures graves, ni \u00e0 Gaza, ni en Isra\u00ebl.<\/p>\n<p>Aussi bien le <strong>Hamas,<\/strong> qui g\u00e8re les affaires internes \u00e0 Gaza, que <strong>Naftali Bennett<\/strong>, le Premier ministre d\u2019Isra\u00ebl, semblent tenter d\u2019\u00e9viter une nouvelle escalade majeure.<\/p>\n<p>Cependant, des responsables du<strong> Hamas<\/strong> auraient dit \u00e0 des m\u00e9diateurs internationaux que <strong>la poursuite des violations \u00e0 al-Aqsa pourrait d\u00e9clencher une nouvelle confrontation militaire avec Isra\u00ebl.<\/strong><\/p>\n<p>Ces derniers jours, l\u2019organisation de r\u00e9sistance a r\u00e9clam\u00e9 \u00e0 de multiples reprises u<strong>ne mobilisation palestinienne massive dans le but de d\u00e9fendre al-Aqsa et J\u00e9rusalem.<\/strong><\/p>\n<p>Vendredi, \u00e0 J\u00e9rusalem, apr\u00e8s les pri\u00e8res de l\u2019aube, c\u2019est par des jets de pierres et des lancements de p\u00e9tards que les Palestiniens ont affront\u00e9 la police anti\u00e9meute isra\u00e9lienne stationn\u00e9e autour du site de la mosqu\u00e9e.<\/p>\n<p>La police isra\u00e9lienne a lanc\u00e9 des grenades de gaz lacrymog\u00e8ne, des balles m\u00e9talliques enrob\u00e9es de caoutchouc et des grenades incapacitantes vers les Palestiniens \u00e0 l\u2019int\u00e9rieur du site, mais n\u2019y a plus effectu\u00e9 de raid ni tir\u00e9 \u00e0 l\u2019int\u00e9rieur de la mosqu\u00e9e comme elle l\u2019avait fait vendredi dernier.<\/p>\n<p><blockquote class=\"twitter-tweet\" data-width=\"500\" data-dnt=\"true\"><p lang=\"en\" dir=\"ltr\"><a href=\"https:\/\/twitter.com\/hashtag\/palestineRCS?src=hash&amp;ref_src=twsrc%5Etfw\">#palestineRCS<\/a>  in  <a href=\"https:\/\/twitter.com\/hashtag\/Jerusalem?src=hash&amp;ref_src=twsrc%5Etfw\">#Jerusalem<\/a>: <br>31 injured worshippers were transferred from the AlAqsa Mosque to nearby hospitals including the PRCS field hospital. Injuries were due to rubber bullets, sound grenades or assaulting. Dozens of other injuries were treated in the field. <a href=\"https:\/\/t.co\/ZO4tw7nAN4\">pic.twitter.com\/ZO4tw7nAN4<\/a><\/p>&mdash; PRCS (@PalestineRCS) <a href=\"https:\/\/twitter.com\/PalestineRCS\/status\/1517404926946729984?ref_src=twsrc%5Etfw\">April 22, 2022<\/a><\/blockquote><script async src=\"https:\/\/platform.twitter.com\/widgets.js\" charset=\"utf-8\"><\/script><\/p>\n<p><blockquote class=\"twitter-tweet\" data-width=\"500\" data-dnt=\"true\"><p lang=\"en\" dir=\"ltr\">Israeli special forces are now on the grounds of Al Aqsa in Jerusalem. We are here. Rubber bullets and sound grenades fired. Snipers are positioned around the grounds. 27 people reported injured. I was with journalists when rubber bullets were fired in our direction. <a href=\"https:\/\/twitter.com\/VICENews?ref_src=twsrc%5Etfw\">@VICENews<\/a><\/p>&mdash; Hind Hassan (@HindHassanNews) <a href=\"https:\/\/twitter.com\/HindHassanNews\/status\/1517371313157029888?ref_src=twsrc%5Etfw\">April 22, 2022<\/a><\/blockquote><script async src=\"https:\/\/platform.twitter.com\/widgets.js\" charset=\"utf-8\"><\/script><\/p>\n<p>Plus de 150 fid\u00e8les ont \u00e9t\u00e9 bless\u00e9s vendredi dernier et plus de 400 arr\u00eat\u00e9s lors de l\u2019attaque contre la mosqu\u00e9e qu\u2019on a pu voir dans les dizaines de vid\u00e9os qui ont ensuite circul\u00e9 en ligne.<\/p>\n<p>La <strong>Soci\u00e9t\u00e9 du Croissant-Rouge palestinien<\/strong> a dit que plus de 30 Palestiniens avaient \u00e9t\u00e9 bless\u00e9s, dont 14 avaient d\u00fb se faire hospitaliser, ce vendredi qui marquait le d\u00e9but des dix derniers jours du Ramadan.<\/p>\n<p>Le site d\u2019<strong>al-Aqsa<\/strong>, o\u00f9 les extr\u00e9mistes isra\u00e9liens ont vainement cherch\u00e9 \u00e0 organiser un sacrifice animalier lors de la f\u00eate de la P\u00e2que juive, qui se termine samedi, est ferm\u00e9 aux non-musulmans au cours des dix jours terminaux du mois de je\u00fbne.<\/p>\n<p>On estime \u00e0 plus de 150 000, le nombre de Palestiniens qui ont assist\u00e9 aux pri\u00e8res de l\u2019apr\u00e8s-midi \u00e0 al-Aqsa vendredi.<\/p>\n<p>Des vid\u00e9os publi\u00e9es sur les m\u00e9dias sociaux montrent<strong> des drones larguant du gaz lacrymog\u00e8ne sur la foule des fid\u00e8les<\/strong>, ce m\u00eame vendredi, \u00e0 la mosqu\u00e9e d\u2019al-Aqsa :<\/p>\n<p><blockquote class=\"twitter-tweet\" data-width=\"500\" data-dnt=\"true\"><p lang=\"en\" dir=\"ltr\">Israel dropped tear gas using same drones I\u2019d witnessed being used against protesters in Gaza in 2019. I saw the drone above Al Aqsa compound &amp; recognised it immediately. Someone caught it on camera. It\u2019s the first time tear gas drones have been used in Al Aqsa. (Credit unknown) <a href=\"https:\/\/t.co\/2zpNJkfuZY\">pic.twitter.com\/2zpNJkfuZY<\/a><\/p>&mdash; Hind Hassan (@HindHassanNews) <a href=\"https:\/\/twitter.com\/HindHassanNews\/status\/1517511735829217280?ref_src=twsrc%5Etfw\">April 22, 2022<\/a><\/blockquote><script async src=\"https:\/\/platform.twitter.com\/widgets.js\" charset=\"utf-8\"><\/script><\/p>\n<p>Les forces isra\u00e9liennes ont \u00e9galement tir\u00e9 des balles m\u00e9talliques enrob\u00e9es de caoutchouc sur des journalistes pr\u00e9sents sur le site :<\/p>\n<p><blockquote class=\"twitter-tweet\" data-width=\"500\" data-dnt=\"true\"><p lang=\"en\" dir=\"ltr\">Today\u2019s scene inside the grounds of Al Aqsa, Jerusalem. Two of the journalists in this video were hit with rubber bullets. They were both Palestinian. Everyone clearly identified themselves to Israeli special forces as journalists in English, Arabic and Hebrew. <a href=\"https:\/\/twitter.com\/VICENews?ref_src=twsrc%5Etfw\">@VICENews<\/a> <a href=\"https:\/\/t.co\/dvJVwVzHVz\">pic.twitter.com\/dvJVwVzHVz<\/a><\/p>&mdash; Hind Hassan (@HindHassanNews) <a href=\"https:\/\/twitter.com\/HindHassanNews\/status\/1517418014878089217?ref_src=twsrc%5Etfw\">April 22, 2022<\/a><\/blockquote><script async src=\"https:\/\/platform.twitter.com\/widgets.js\" charset=\"utf-8\"><\/script><\/p>\n<p>Un projectile tir\u00e9 par les forces isra\u00e9liennes a enflamm\u00e9 un arbre \u00e0 l\u2019int\u00e9rieur m\u00eame du site :<\/p>\n<p><blockquote class=\"twitter-tweet\" data-width=\"500\" data-dnt=\"true\"><p lang=\"ar\" dir=\"rtl\">\u062a\u063a\u0637\u064a\u0629 \u0635\u062d\u0641\u064a\u0629: &quot;\u0627\u062d\u062a\u0631\u0627\u0642 \u0634\u062c\u0631\u0629 \u062f\u0627\u062e\u0644 \u0627\u0644\u0645\u0633\u062c\u062f \u0627\u0644\u0623\u0642\u0635\u0649 \u0628\u0642\u0646\u0627\u0628\u0644 \u0627\u0644\u0627\u062d\u062a\u0644\u0627\u0644 \u0627\u0644\u0625\u0633\u0631\u0627\u0626\u064a\u0644\u064a \u062e\u0644\u0627\u0644 \u0627\u0642\u062a\u062d\u0627\u0645\u0647 \u0635\u0628\u0627\u062d \u0627\u0644\u064a\u0648\u0645&quot;. <a href=\"https:\/\/t.co\/RfMr3knkqL\">pic.twitter.com\/RfMr3knkqL<\/a><\/p>&mdash; \u0634\u0628\u0643\u0629 \u0642\u062f\u0633 \u0627\u0644\u0625\u062e\u0628\u0627\u0631\u064a\u0629 (@qudsn) <a href=\"https:\/\/twitter.com\/qudsn\/status\/1517461286577180672?ref_src=twsrc%5Etfw\">April 22, 2022<\/a><\/blockquote><script async src=\"https:\/\/platform.twitter.com\/widgets.js\" charset=\"utf-8\"><\/script><\/p>\n<p>Vendredi, un drapeau palestinien a \u00e9t\u00e9 hiss\u00e9 sur le d\u00f4me du Rocher, \u00e0 l\u2019int\u00e9rieur du site de la mosqu\u00e9e al-Aqsa, et ce, para\u00eet-il, pour la premi\u00e8re fois depuis 20 ans :<\/p>\n<p><blockquote class=\"twitter-tweet\" data-width=\"500\" data-dnt=\"true\"><p lang=\"ar\" dir=\"rtl\">\u0634\u0627\u0647\u062f| \u0634\u0627\u0628 \u064a\u0631\u0641\u0639 \u0639\u0644\u0645 \u0641\u0644\u0633\u0637\u064a\u0646 \u0639\u0644\u0649 \u0642\u0628\u0629 \u0627\u0644\u0635\u062e\u0631\u0629 \u0641\u064a <a href=\"https:\/\/twitter.com\/hashtag\/%D8%A7%D9%84%D8%AC%D9%85%D8%B9%D8%A9?src=hash&amp;ref_src=twsrc%5Etfw\">#\u0627\u0644\u062c\u0645\u0639\u0629<\/a> \u0627\u0644\u062b\u0627\u0644\u062b\u0629 \u0645\u0646 \u0631\u0645\u0636\u0627\u0646. <a href=\"https:\/\/t.co\/4kgG1n6UZ1\">pic.twitter.com\/4kgG1n6UZ1<\/a><\/p>&mdash; \u0634\u0628\u0643\u0629 \u0642\u062f\u0633 \u0627\u0644\u0625\u062e\u0628\u0627\u0631\u064a\u0629 (@qudsn) <a href=\"https:\/\/twitter.com\/qudsn\/status\/1517481092009373697?ref_src=twsrc%5Etfw\">April 22, 2022<\/a><\/blockquote><script async src=\"https:\/\/platform.twitter.com\/widgets.js\" charset=\"utf-8\"><\/script><\/p>\n<h3><strong>\u00ab Apartheid \u00bb<\/strong><\/h3>\n<p>Vendredi, <strong>un sp\u00e9cialiste des droits humains de l\u2019ONU a d\u00e9nonc\u00e9 l\u2019\u00ab inaction internationale \u00bb<\/strong> face \u00e0 l\u2019escalade de la violence isra\u00e9lienne contre les Palestiniens ces derni\u00e8res semaines.<\/p>\n<p><strong>Michael Lynk<\/strong>, le<strong> rapporteur sp\u00e9cial de l\u2019ONU pour les droits humains en Cisjordanie et dans la bande de Gaza<\/strong>, a d\u00e9clar\u00e9 qu\u2019il<\/p>\n<blockquote>\n<p>\u00ab \u00e9tait devenu impossible de faire la distinction entre l\u2019occupation isra\u00e9lienne, longue de plusieurs d\u00e9cennies, et les pratiques de l\u2019apartheid \u00bb<\/p>\n<\/blockquote>\n<p>et que ce dernier<\/p>\n<blockquote>\n<p>\u00ab s\u2019appuyait sur la discrimination institutionnelle d\u2019un groupe racial-national-ethnique vis-\u00e0-vis de l\u2019autre \u00bb.<\/p>\n<\/blockquote>\n<p>Et d\u2019ajouter que<\/p>\n<blockquote>\n<p>\u00ab l\u2019histoire nous enseigne une am\u00e8re le\u00e7on, \u00e0 savoir qu\u2019une domination \u00e9trang\u00e8re prolong\u00e9e et ind\u00e9sirable est invariablement appliqu\u00e9e par la violence et qu\u2019on finit invariablement par lui r\u00e9sister par la violence \u00bb.<\/p>\n<\/blockquote>\n<p>Pendant ce temps, mercredi, <strong>le bureau du secr\u00e9taire g\u00e9n\u00e9ral de l\u2019ONU, Antonio Guterres<\/strong>, a r\u00e9it\u00e9r\u00e9 ses sempiternelles <em>\u00ab profondes inqui\u00e9tudes \u00bb.<\/em><\/p>\n<p>Le porte-parole de Guterres a d\u00e9clar\u00e9 que le haut responsable \u00e9tait pour l\u2019instant<\/p>\n<blockquote>\n<p>\u00ab activement engag\u00e9 avec des dirigeants afin de faire tout ce qui \u00e9tait en leur pouvoir pour r\u00e9duire les tensions, les actions et les discours incendiaires et r\u00e9tablir le calme \u00bb.<\/p>\n<\/blockquote>\n<p>Mardi, l\u2019envoy\u00e9 de Guterres au Moyen-Orient, <strong>Tor Wennesland,<\/strong> a insist\u00e9 de la m\u00eame fa\u00e7on en faveur de la d\u00e9sescalade en \u00e9tablissant une fausse parit\u00e9 entre les autorit\u00e9s d\u2019occupation isra\u00e9liennes, d\u2019une part, et les Palestiniens qui r\u00e9sistent \u00e0 l\u2019oppression coloniale, d\u2019autre part.<\/p>\n<p>Il a indirectement fait allusion \u00e0 la <em>\u00ab diffusion de m\u00e9sinformation et d\u2019incitation \u00bb<\/em>, tout en implorant <em>\u00ab les dirigeants de chaque camp \u00bb<\/em> de <em>\u00ab r\u00e9duire les tensions, de cr\u00e9er les conditions favorables au calme et de garantir que le statu quo soit prot\u00e9g\u00e9 [\u00e0 al-Aqsa] \u00bb<\/em>.<\/p>\n<p>Le journal <em>The Times of Israel<\/em> a fait remarquer que les allusions de Wennesland \u00e0 la m\u00e9sinformation et \u00e0 l\u2019incitation <em>\u00ab \u00e9taient presque identiques aux points de discussion employ\u00e9s par les responsables isra\u00e9liens \u00bb,<\/em> qui disent que le Hamas et d\u2019autres partis <em>\u00ab attisent les tensions \u00bb en pr\u00e9tendant qu\u2019Isra\u00ebl cherche \u00e0 modifier le statu quo \u00e0 al-Aqsa.<\/em><\/p>\n<p><strong>Des observateurs palestiniens attirent l\u2019attention sur une campagne de d\u00e9sinformation tendant \u00e0 minimiser la v\u00e9ritable menace pos\u00e9e contre le lieu saint par les extr\u00e9mistes juifs qui cherchent \u00e0 d\u00e9truire al-Aqsa et qui b\u00e9n\u00e9ficient du soutien des d\u00e9put\u00e9s isra\u00e9liens.<\/strong><\/p>\n<p>Une analyse de <strong>Nir Hasson<\/strong>, publi\u00e9e par le grand journal isra\u00e9lien <em>Haaretz<\/em>, rejette l\u2019id\u00e9e sugg\u00e9rant qu\u2019Isra\u00ebl a des <em>\u00ab plans secrets \u00bb<\/em> afin de forcer les musulmans \u00e0 abandonner al-Aqsa <em>\u00ab et de transformer le site en un site consacr\u00e9 au culte juif \u00bb.<\/em><\/p>\n<p>L\u2019argument veut que le pr\u00e9tendu mouvement du mont du temple, qui cherche la destruction d\u2019al-Aqsa et la construction d\u2019un temple juif \u00e0 sa place, est un groupe tr\u00e8s marginal et <em>\u00ab impopulaire aux yeux de la plupart des Isra\u00e9liens \u00bb.<\/em><\/p>\n<p>Mais, comme le fait remarquer <strong>Zvi Bar\u2019el<\/strong>, un autre commentateur de <em>Haaretz<\/em>, la saisie de biens palestiniens aux alentours du site de la mosqu\u00e9e et les constructions isra\u00e9liennes autour du lieu saint ne d\u00e9bouchent que sur un seul <em>\u00ab diagnostic r\u00e9aliste \u00bb<\/em>, c\u2019est qu\u2019une guerre autour du lieu saint <em>\u00ab n\u2019est d\u00e9sormais plus qu\u2019une question de temps \u00bb.<\/em><\/p>\n<p>Il existe d\u2019ailleurs un pr\u00e9c\u00e9dent historique au bouleversement du statu quo d\u2019un important lieu saint palestinien.<\/p>\n<p>Apr\u00e8s qu\u2019un colon juif n\u00e9 am\u00e9ricain avait massacr\u00e9 29 fid\u00e8les \u00e0 <strong>la mosqu\u00e9e Ibrahimi \u00e0 H\u00e9bron<\/strong>, en 1994, les forces isra\u00e9liennes avaient op\u00e9r\u00e9 la partition du lieu saint et avaient ferm\u00e9 l\u2019ancien quartier anim\u00e9 adjacent qu\u2019\u00e9tait la Vieille Ville.<\/p>\n<p>Les Palestiniens craignent que, sans une r\u00e9sistance bien d\u00e9termin\u00e9e, Isra\u00ebl ne saute sur l\u2019occasion pour imposer des mesures similaires \u00e0 al-Aqsa.<\/p>\n<h3><strong>Un ado meurt apr\u00e8s un \u00e9change de coups de feu<\/strong><\/h3>\n<p>Pendant ce temps, vendredi, <strong>Lutfi Labadi<\/strong>, 18 ans, est mort de ses blessures quatre jours apr\u00e8s avoir \u00e9t\u00e9 bless\u00e9 \u00e0 la t\u00eate par les forces isra\u00e9liennes au village de <strong>Yamoun,<\/strong> pr\u00e8s de la ville de J\u00e9nine, dans le nord de la Cisjordanie.<\/p>\n<p>Une photo de Lutfi Labadi a circul\u00e9 sur les m\u00e9dias sociaux apr\u00e8s l\u2019annonce de son d\u00e9c\u00e8s :<\/p>\n<p><blockquote class=\"twitter-tweet\" data-width=\"500\" data-dnt=\"true\"><p lang=\"ar\" dir=\"rtl\">\u0639\u0627\u062c\u0644| \u0645\u0635\u0627\u062f\u0631 \u0635\u062d\u0641\u064a\u0629: &quot;\u0627\u0631\u062a\u0642\u0627\u0621 \u0627\u0644\u0634\u0627\u0628 \u0644\u0637\u0641\u064a \u0625\u0628\u0631\u0627\u0647\u064a\u0645 \u0644\u0628\u062f\u064a (20 \u0639\u0627\u0645\u0627) \u0645\u0646 \u0628\u0644\u062f\u0629 \u0627\u0644\u064a\u0627\u0645\u0648\u0646 \u063a\u0631\u0628 \u062c\u0646\u064a\u0646 \u0645\u062a\u0623\u062b\u0631\u0627 \u0628\u0625\u0635\u0627\u0628\u062a\u0647 \u0628\u0631\u0635\u0627\u0635 \u0627\u0644\u0627\u062d\u062a\u0644\u0627\u0644 \u0627\u0644\u0623\u0633\u0628\u0648\u0639 \u0627\u0644\u0645\u0627\u0636\u064a&quot;. <a href=\"https:\/\/t.co\/rki5z1eErc\">pic.twitter.com\/rki5z1eErc<\/a><\/p>&mdash; \u0634\u0628\u0643\u0629 \u0642\u062f\u0633 \u0627\u0644\u0625\u062e\u0628\u0627\u0631\u064a\u0629 (@qudsn) <a href=\"https:\/\/twitter.com\/qudsn\/status\/1517294523377934339?ref_src=twsrc%5Etfw\">April 22, 2022<\/a><\/blockquote><script async src=\"https:\/\/platform.twitter.com\/widgets.js\" charset=\"utf-8\"><\/script><\/p>\n<p style=\"text-align: center;\">\u00b0\u00b0\u00b0\u00b0\u00b0<\/p>\n<p>Publi\u00e9 le 22 avril 2022 sur <a href=\"https:\/\/electronicintifada.net\/blogs\/maureen-clare-murphy\/israel-deploys-tear-gas-drones-against-al-aqsa-worshippers\" target=\"_blank\" rel=\"noopener\">The Electronic Intifada<\/a><br>Traduction : Jean-Marie Fl\u00e9mal, <a href=\"https:\/\/charleroi-pourlapalestine.be\/\">Charleroi pour la Palestine<\/a><\/p>\n\n\n<p><\/p>\n","protected":false},"excerpt":{"rendered":"<p>Vendredi, un sp\u00e9cialiste des droits humains de l\u2019ONU a d\u00e9nonc\u00e9 l\u2019\u00ab inaction internationale \u00bb face \u00e0 l\u2019escalade de la violence isra\u00e9lienne contre les Palestiniens ces derni\u00e8res semaines.<\/p>\n","protected":false},"author":1,"featured_media":38331,"comment_status":"closed","ping_status":"closed","sticky":false,"template":"","format":"standard","meta":{"ngg_post_thumbnail":0,"footnotes":""},"categories":[743,8,483],"tags":[],"class_list":["post-38327","post","type-post","status-publish","format-standard","has-post-thumbnail","hentry","category-al-aqsa","category-jerusalem","category-lieux-saints"],"yoast_head":"<!-- This site is optimized with the Yoast SEO plugin v27.3 - https:\/\/yoast.com\/product\/yoast-seo-wordpress\/ -->\n<title>Isra\u00ebl envoie des drones pour asperger de gaz lacrymog\u00e8ne les fid\u00e8les d\u2019al-Aqsa<\/title>\n<meta name=\"description\" content=\"La police isra\u00e9lienne a lanc\u00e9 des grenades de gaz lacrymog\u00e8ne et des grenades incapacitantes vers les Palestiniens \u00e0 l\u2019int\u00e9rieur du site\" \/>\n<meta name=\"robots\" content=\"index, follow, max-snippet:-1, max-image-preview:large, max-video-preview:-1\" \/>\n<link rel=\"canonical\" href=\"https:\/\/charleroi-pourlapalestine.be\/index.php\/2022\/04\/27\/israel-envoie-des-drones-pour-asperger-de-gaz-lacrymogene-les-fideles-dal-aqsa\/\" \/>\n<script type=\"application\/ld+json\" class=\"yoast-schema-graph\">{\"@context\":\"https:\\\/\\\/schema.org\",\"@graph\":[{\"@type\":\"Article\",\"@id\":\"https:\\\/\\\/charleroi-pourlapalestine.be\\\/index.php\\\/2022\\\/04\\\/27\\\/israel-envoie-des-drones-pour-asperger-de-gaz-lacrymogene-les-fideles-dal-aqsa\\\/#article\",\"isPartOf\":{\"@id\":\"https:\\\/\\\/charleroi-pourlapalestine.be\\\/index.php\\\/2022\\\/04\\\/27\\\/israel-envoie-des-drones-pour-asperger-de-gaz-lacrymogene-les-fideles-dal-aqsa\\\/\"},\"author\":{\"name\":\"admin1873\",\"@id\":\"https:\\\/\\\/charleroi-pourlapalestine.be\\\/#\\\/schema\\\/person\\\/c19ff515112f1299d8c12671d8fe3faa\"},\"headline\":\"Isra\u00ebl envoie des drones pour asperger de gaz lacrymog\u00e8ne les fid\u00e8les d\u2019al-Aqsa\",\"datePublished\":\"2022-04-27T07:27:18+00:00\",\"dateModified\":\"2022-04-27T07:27:21+00:00\",\"mainEntityOfPage\":{\"@id\":\"https:\\\/\\\/charleroi-pourlapalestine.be\\\/index.php\\\/2022\\\/04\\\/27\\\/israel-envoie-des-drones-pour-asperger-de-gaz-lacrymogene-les-fideles-dal-aqsa\\\/\"},\"wordCount\":1801,\"publisher\":{\"@id\":\"https:\\\/\\\/charleroi-pourlapalestine.be\\\/#organization\"},\"image\":{\"@id\":\"https:\\\/\\\/charleroi-pourlapalestine.be\\\/index.php\\\/2022\\\/04\\\/27\\\/israel-envoie-des-drones-pour-asperger-de-gaz-lacrymogene-les-fideles-dal-aqsa\\\/#primaryimage\"},\"thumbnailUrl\":\"https:\\\/\\\/charleroi-pourlapalestine.be\\\/wp-content\\\/uploads\\\/2022\\\/04\\\/jerusalem_jb_00_13-e1651042858895.jpg\",\"articleSection\":[\"Al-Aqsa\",\"J\u00e9rusalem\",\"Lieux saints\"],\"inLanguage\":\"fr-FR\"},{\"@type\":\"WebPage\",\"@id\":\"https:\\\/\\\/charleroi-pourlapalestine.be\\\/index.php\\\/2022\\\/04\\\/27\\\/israel-envoie-des-drones-pour-asperger-de-gaz-lacrymogene-les-fideles-dal-aqsa\\\/\",\"url\":\"https:\\\/\\\/charleroi-pourlapalestine.be\\\/index.php\\\/2022\\\/04\\\/27\\\/israel-envoie-des-drones-pour-asperger-de-gaz-lacrymogene-les-fideles-dal-aqsa\\\/\",\"name\":\"Isra\u00ebl envoie des drones pour asperger de gaz lacrymog\u00e8ne les fid\u00e8les d\u2019al-Aqsa\",\"isPartOf\":{\"@id\":\"https:\\\/\\\/charleroi-pourlapalestine.be\\\/#website\"},\"primaryImageOfPage\":{\"@id\":\"https:\\\/\\\/charleroi-pourlapalestine.be\\\/index.php\\\/2022\\\/04\\\/27\\\/israel-envoie-des-drones-pour-asperger-de-gaz-lacrymogene-les-fideles-dal-aqsa\\\/#primaryimage\"},\"image\":{\"@id\":\"https:\\\/\\\/charleroi-pourlapalestine.be\\\/index.php\\\/2022\\\/04\\\/27\\\/israel-envoie-des-drones-pour-asperger-de-gaz-lacrymogene-les-fideles-dal-aqsa\\\/#primaryimage\"},\"thumbnailUrl\":\"https:\\\/\\\/charleroi-pourlapalestine.be\\\/wp-content\\\/uploads\\\/2022\\\/04\\\/jerusalem_jb_00_13-e1651042858895.jpg\",\"datePublished\":\"2022-04-27T07:27:18+00:00\",\"dateModified\":\"2022-04-27T07:27:21+00:00\",\"description\":\"La police isra\u00e9lienne a lanc\u00e9 des grenades de gaz lacrymog\u00e8ne et des grenades incapacitantes vers les Palestiniens \u00e0 l\u2019int\u00e9rieur du site\",\"breadcrumb\":{\"@id\":\"https:\\\/\\\/charleroi-pourlapalestine.be\\\/index.php\\\/2022\\\/04\\\/27\\\/israel-envoie-des-drones-pour-asperger-de-gaz-lacrymogene-les-fideles-dal-aqsa\\\/#breadcrumb\"},\"inLanguage\":\"fr-FR\",\"potentialAction\":[{\"@type\":\"ReadAction\",\"target\":[\"https:\\\/\\\/charleroi-pourlapalestine.be\\\/index.php\\\/2022\\\/04\\\/27\\\/israel-envoie-des-drones-pour-asperger-de-gaz-lacrymogene-les-fideles-dal-aqsa\\\/\"]}]},{\"@type\":\"ImageObject\",\"inLanguage\":\"fr-FR\",\"@id\":\"https:\\\/\\\/charleroi-pourlapalestine.be\\\/index.php\\\/2022\\\/04\\\/27\\\/israel-envoie-des-drones-pour-asperger-de-gaz-lacrymogene-les-fideles-dal-aqsa\\\/#primaryimage\",\"url\":\"https:\\\/\\\/charleroi-pourlapalestine.be\\\/wp-content\\\/uploads\\\/2022\\\/04\\\/jerusalem_jb_00_13-e1651042858895.jpg\",\"contentUrl\":\"https:\\\/\\\/charleroi-pourlapalestine.be\\\/wp-content\\\/uploads\\\/2022\\\/04\\\/jerusalem_jb_00_13-e1651042858895.jpg\",\"width\":480,\"height\":320},{\"@type\":\"BreadcrumbList\",\"@id\":\"https:\\\/\\\/charleroi-pourlapalestine.be\\\/index.php\\\/2022\\\/04\\\/27\\\/israel-envoie-des-drones-pour-asperger-de-gaz-lacrymogene-les-fideles-dal-aqsa\\\/#breadcrumb\",\"itemListElement\":[{\"@type\":\"ListItem\",\"position\":1,\"name\":\"Accueil\",\"item\":\"https:\\\/\\\/charleroi-pourlapalestine.be\\\/\"},{\"@type\":\"ListItem\",\"position\":2,\"name\":\"Isra\u00ebl envoie des drones pour asperger de gaz lacrymog\u00e8ne les fid\u00e8les d\u2019al-Aqsa\"}]},{\"@type\":\"WebSite\",\"@id\":\"https:\\\/\\\/charleroi-pourlapalestine.be\\\/#website\",\"url\":\"https:\\\/\\\/charleroi-pourlapalestine.be\\\/\",\"name\":\"Charleroi Pour la Palestine\",\"description\":\"\",\"publisher\":{\"@id\":\"https:\\\/\\\/charleroi-pourlapalestine.be\\\/#organization\"},\"potentialAction\":[{\"@type\":\"SearchAction\",\"target\":{\"@type\":\"EntryPoint\",\"urlTemplate\":\"https:\\\/\\\/charleroi-pourlapalestine.be\\\/?s={search_term_string}\"},\"query-input\":{\"@type\":\"PropertyValueSpecification\",\"valueRequired\":true,\"valueName\":\"search_term_string\"}}],\"inLanguage\":\"fr-FR\"},{\"@type\":\"Organization\",\"@id\":\"https:\\\/\\\/charleroi-pourlapalestine.be\\\/#organization\",\"name\":\"Plate-forme Charleroi-Palestine\",\"url\":\"https:\\\/\\\/charleroi-pourlapalestine.be\\\/\",\"logo\":{\"@type\":\"ImageObject\",\"inLanguage\":\"fr-FR\",\"@id\":\"https:\\\/\\\/charleroi-pourlapalestine.be\\\/#\\\/schema\\\/logo\\\/image\\\/\",\"url\":\"https:\\\/\\\/charleroi-pourlapalestine.be\\\/wp-content\\\/uploads\\\/2020\\\/01\\\/logo-Copy.jpg\",\"contentUrl\":\"https:\\\/\\\/charleroi-pourlapalestine.be\\\/wp-content\\\/uploads\\\/2020\\\/01\\\/logo-Copy.jpg\",\"width\":180,\"height\":180,\"caption\":\"Plate-forme Charleroi-Palestine\"},\"image\":{\"@id\":\"https:\\\/\\\/charleroi-pourlapalestine.be\\\/#\\\/schema\\\/logo\\\/image\\\/\"},\"sameAs\":[\"https:\\\/\\\/www.facebook.com\\\/PlateformeCharleroiPalestine\\\/\",\"https:\\\/\\\/x.com\\\/LaCharleroi\"]},{\"@type\":\"Person\",\"@id\":\"https:\\\/\\\/charleroi-pourlapalestine.be\\\/#\\\/schema\\\/person\\\/c19ff515112f1299d8c12671d8fe3faa\",\"name\":\"admin1873\",\"url\":\"https:\\\/\\\/charleroi-pourlapalestine.be\\\/index.php\\\/author\\\/admin1873\\\/\"}]}<\/script>\n<!-- \/ Yoast SEO plugin. -->","yoast_head_json":{"title":"Isra\u00ebl envoie des drones pour asperger de gaz lacrymog\u00e8ne les fid\u00e8les d\u2019al-Aqsa","description":"La police isra\u00e9lienne a lanc\u00e9 des grenades de gaz lacrymog\u00e8ne et des grenades incapacitantes vers les Palestiniens \u00e0 l\u2019int\u00e9rieur du site","robots":{"index":"index","follow":"follow","max-snippet":"max-snippet:-1","max-image-preview":"max-image-preview:large","max-video-preview":"max-video-preview:-1"},"canonical":"https:\/\/charleroi-pourlapalestine.be\/index.php\/2022\/04\/27\/israel-envoie-des-drones-pour-asperger-de-gaz-lacrymogene-les-fideles-dal-aqsa\/","schema":{"@context":"https:\/\/schema.org","@graph":[{"@type":"Article","@id":"https:\/\/charleroi-pourlapalestine.be\/index.php\/2022\/04\/27\/israel-envoie-des-drones-pour-asperger-de-gaz-lacrymogene-les-fideles-dal-aqsa\/#article","isPartOf":{"@id":"https:\/\/charleroi-pourlapalestine.be\/index.php\/2022\/04\/27\/israel-envoie-des-drones-pour-asperger-de-gaz-lacrymogene-les-fideles-dal-aqsa\/"},"author":{"name":"admin1873","@id":"https:\/\/charleroi-pourlapalestine.be\/#\/schema\/person\/c19ff515112f1299d8c12671d8fe3faa"},"headline":"Isra\u00ebl envoie des drones pour asperger de gaz lacrymog\u00e8ne les fid\u00e8les d\u2019al-Aqsa","datePublished":"2022-04-27T07:27:18+00:00","dateModified":"2022-04-27T07:27:21+00:00","mainEntityOfPage":{"@id":"https:\/\/charleroi-pourlapalestine.be\/index.php\/2022\/04\/27\/israel-envoie-des-drones-pour-asperger-de-gaz-lacrymogene-les-fideles-dal-aqsa\/"},"wordCount":1801,"publisher":{"@id":"https:\/\/charleroi-pourlapalestine.be\/#organization"},"image":{"@id":"https:\/\/charleroi-pourlapalestine.be\/index.php\/2022\/04\/27\/israel-envoie-des-drones-pour-asperger-de-gaz-lacrymogene-les-fideles-dal-aqsa\/#primaryimage"},"thumbnailUrl":"https:\/\/charleroi-pourlapalestine.be\/wp-content\/uploads\/2022\/04\/jerusalem_jb_00_13-e1651042858895.jpg","articleSection":["Al-Aqsa","J\u00e9rusalem","Lieux saints"],"inLanguage":"fr-FR"},{"@type":"WebPage","@id":"https:\/\/charleroi-pourlapalestine.be\/index.php\/2022\/04\/27\/israel-envoie-des-drones-pour-asperger-de-gaz-lacrymogene-les-fideles-dal-aqsa\/","url":"https:\/\/charleroi-pourlapalestine.be\/index.php\/2022\/04\/27\/israel-envoie-des-drones-pour-asperger-de-gaz-lacrymogene-les-fideles-dal-aqsa\/","name":"Isra\u00ebl envoie des drones pour asperger de gaz lacrymog\u00e8ne les fid\u00e8les d\u2019al-Aqsa","isPartOf":{"@id":"https:\/\/charleroi-pourlapalestine.be\/#website"},"primaryImageOfPage":{"@id":"https:\/\/charleroi-pourlapalestine.be\/index.php\/2022\/04\/27\/israel-envoie-des-drones-pour-asperger-de-gaz-lacrymogene-les-fideles-dal-aqsa\/#primaryimage"},"image":{"@id":"https:\/\/charleroi-pourlapalestine.be\/index.php\/2022\/04\/27\/israel-envoie-des-drones-pour-asperger-de-gaz-lacrymogene-les-fideles-dal-aqsa\/#primaryimage"},"thumbnailUrl":"https:\/\/charleroi-pourlapalestine.be\/wp-content\/uploads\/2022\/04\/jerusalem_jb_00_13-e1651042858895.jpg","datePublished":"2022-04-27T07:27:18+00:00","dateModified":"2022-04-27T07:27:21+00:00","description":"La police isra\u00e9lienne a lanc\u00e9 des grenades de gaz lacrymog\u00e8ne et des grenades incapacitantes vers les Palestiniens \u00e0 l\u2019int\u00e9rieur du site","breadcrumb":{"@id":"https:\/\/charleroi-pourlapalestine.be\/index.php\/2022\/04\/27\/israel-envoie-des-drones-pour-asperger-de-gaz-lacrymogene-les-fideles-dal-aqsa\/#breadcrumb"},"inLanguage":"fr-FR","potentialAction":[{"@type":"ReadAction","target":["https:\/\/charleroi-pourlapalestine.be\/index.php\/2022\/04\/27\/israel-envoie-des-drones-pour-asperger-de-gaz-lacrymogene-les-fideles-dal-aqsa\/"]}]},{"@type":"ImageObject","inLanguage":"fr-FR","@id":"https:\/\/charleroi-pourlapalestine.be\/index.php\/2022\/04\/27\/israel-envoie-des-drones-pour-asperger-de-gaz-lacrymogene-les-fideles-dal-aqsa\/#primaryimage","url":"https:\/\/charleroi-pourlapalestine.be\/wp-content\/uploads\/2022\/04\/jerusalem_jb_00_13-e1651042858895.jpg","contentUrl":"https:\/\/charleroi-pourlapalestine.be\/wp-content\/uploads\/2022\/04\/jerusalem_jb_00_13-e1651042858895.jpg","width":480,"height":320},{"@type":"BreadcrumbList","@id":"https:\/\/charleroi-pourlapalestine.be\/index.php\/2022\/04\/27\/israel-envoie-des-drones-pour-asperger-de-gaz-lacrymogene-les-fideles-dal-aqsa\/#breadcrumb","itemListElement":[{"@type":"ListItem","position":1,"name":"Accueil","item":"https:\/\/charleroi-pourlapalestine.be\/"},{"@type":"ListItem","position":2,"name":"Isra\u00ebl envoie des drones pour asperger de gaz lacrymog\u00e8ne les fid\u00e8les d\u2019al-Aqsa"}]},{"@type":"WebSite","@id":"https:\/\/charleroi-pourlapalestine.be\/#website","url":"https:\/\/charleroi-pourlapalestine.be\/","name":"Charleroi Pour la Palestine","description":"","publisher":{"@id":"https:\/\/charleroi-pourlapalestine.be\/#organization"},"potentialAction":[{"@type":"SearchAction","target":{"@type":"EntryPoint","urlTemplate":"https:\/\/charleroi-pourlapalestine.be\/?s={search_term_string}"},"query-input":{"@type":"PropertyValueSpecification","valueRequired":true,"valueName":"search_term_string"}}],"inLanguage":"fr-FR"},{"@type":"Organization","@id":"https:\/\/charleroi-pourlapalestine.be\/#organization","name":"Plate-forme Charleroi-Palestine","url":"https:\/\/charleroi-pourlapalestine.be\/","logo":{"@type":"ImageObject","inLanguage":"fr-FR","@id":"https:\/\/charleroi-pourlapalestine.be\/#\/schema\/logo\/image\/","url":"https:\/\/charleroi-pourlapalestine.be\/wp-content\/uploads\/2020\/01\/logo-Copy.jpg","contentUrl":"https:\/\/charleroi-pourlapalestine.be\/wp-content\/uploads\/2020\/01\/logo-Copy.jpg","width":180,"height":180,"caption":"Plate-forme Charleroi-Palestine"},"image":{"@id":"https:\/\/charleroi-pourlapalestine.be\/#\/schema\/logo\/image\/"},"sameAs":["https:\/\/www.facebook.com\/PlateformeCharleroiPalestine\/","https:\/\/x.com\/LaCharleroi"]},{"@type":"Person","@id":"https:\/\/charleroi-pourlapalestine.be\/#\/schema\/person\/c19ff515112f1299d8c12671d8fe3faa","name":"admin1873","url":"https:\/\/charleroi-pourlapalestine.be\/index.php\/author\/admin1873\/"}]}},"_links":{"self":[{"href":"https:\/\/charleroi-pourlapalestine.be\/index.php\/wp-json\/wp\/v2\/posts\/38327","targetHints":{"allow":["GET"]}}],"collection":[{"href":"https:\/\/charleroi-pourlapalestine.be\/index.php\/wp-json\/wp\/v2\/posts"}],"about":[{"href":"https:\/\/charleroi-pourlapalestine.be\/index.php\/wp-json\/wp\/v2\/types\/post"}],"author":[{"embeddable":true,"href":"https:\/\/charleroi-pourlapalestine.be\/index.php\/wp-json\/wp\/v2\/users\/1"}],"replies":[{"embeddable":true,"href":"https:\/\/charleroi-pourlapalestine.be\/index.php\/wp-json\/wp\/v2\/comments?post=38327"}],"version-history":[{"count":0,"href":"https:\/\/charleroi-pourlapalestine.be\/index.php\/wp-json\/wp\/v2\/posts\/38327\/revisions"}],"wp:featuredmedia":[{"embeddable":true,"href":"https:\/\/charleroi-pourlapalestine.be\/index.php\/wp-json\/wp\/v2\/media\/38331"}],"wp:attachment":[{"href":"https:\/\/charleroi-pourlapalestine.be\/index.php\/wp-json\/wp\/v2\/media?parent=38327"}],"wp:term":[{"taxonomy":"category","embeddable":true,"href":"https:\/\/charleroi-pourlapalestine.be\/index.php\/wp-json\/wp\/v2\/categories?post=38327"},{"taxonomy":"post_tag","embeddable":true,"href":"https:\/\/charleroi-pourlapalestine.be\/index.php\/wp-json\/wp\/v2\/tags?post=38327"}],"curies":[{"name":"wp","href":"https:\/\/api.w.org\/{rel}","templated":true}]}}