{"id":38515,"date":"2022-05-01T14:26:23","date_gmt":"2022-05-01T12:26:23","guid":{"rendered":"https:\/\/charleroi-pourlapalestine.be\/?p=38515"},"modified":"2022-05-01T16:03:42","modified_gmt":"2022-05-01T14:03:42","slug":"les-liens-robustes-entre-la-france-et-israel-maintiennent-georges-abdallah-en-prison","status":"publish","type":"post","link":"https:\/\/charleroi-pourlapalestine.be\/index.php\/2022\/05\/01\/les-liens-robustes-entre-la-france-et-israel-maintiennent-georges-abdallah-en-prison\/","title":{"rendered":"Les liens robustes entre la France et Isra\u00ebl maintiennent Georges Abdallah en prison"},"content":{"rendered":"<p><a href=\"https:\/\/www.diplomatie.gouv.fr\/fr\/dossiers-pays\/israel-territoires-palestiniens\/relations-bilaterales\/\" target=\"_blank\" rel=\"noopener\">Sur son site Internet,<\/a> le minist\u00e8re fran\u00e7ais des Affaires \u00e9trang\u00e8res se targue de ce que Paris a \u00e9tabli des liens&nbsp; robustes avec \u00ab Isra\u00ebl \u00bb, <em>\u00ab marqu\u00e9es par un engagement constant envers son existence et sa s\u00e9curit\u00e9 \u00bb <\/em>et par une contribution \u00e0 sa puissance militaire.<\/p>\n<div id=\"attachment_38516\" style=\"width: 416px\" class=\"wp-caption aligncenter\"><img loading=\"lazy\" decoding=\"async\" aria-describedby=\"caption-attachment-38516\" class=\"wp-image-38516 size-full\" src=\"https:\/\/charleroi-pourlapalestine.be\/wp-content\/uploads\/2022\/05\/La-France-Israel-et-Georges-Abdallah-e1651384733359.png\" alt=\"Bennett, Macron, Georges Ibrahim Abdallah. (Photo : Al Mayadeen)\" width=\"406\" height=\"320\"><p id=\"caption-attachment-38516\" class=\"wp-caption-text\">Bennett, Macron, Georges Ibrahim Abdallah. (Photo : Al Mayadeen)<\/p><\/div>\n<p><strong>Ahmad Karakira<\/strong>, 25 avril 2022<\/p>\n<p>La France a \u00e9t\u00e9 l\u2019un des tout premiers pays \u00e0 \u00e9tablir des liens diplomatiques avec l\u2019occupation isra\u00e9lienne, le 11 mai 1949.<\/p>\n<p>En compagnie d\u2019\u00ab Isra\u00ebl \u00bb et de la Grande-Bretagne, la France avait attaqu\u00e9 l\u2019\u00c9gypte en octobre 1956 au cours de ce qu\u2019on avait appel\u00e9 l\u2019agression tripartite contre l\u2019\u00c9gypte, apr\u00e8s la nationalisation du canal de Suez par le pr\u00e9sident \u00e9gyptien de l\u2019\u00e9poque, Gamal Abdel Nasser.<\/p>\n<p>Mais, dans le sillage de la guerre des Six-Jours contre l\u2019\u00c9gypte, en 1967, qui vit \u00ab Isra\u00ebl \u00bb occuper la Cisjordanie, la bande de Gaza, la p\u00e9ninsule du Sina\u00ef et les hauteurs du Golan, la France adopta la R\u00e9solution 242 des Nations unies sommant \u00ab Isra\u00ebl \u00bb de se retirer <em>\u00ab des territoires occup\u00e9s \u00bb.<\/em><\/p>\n<p>Depuis lors, la politique officielle de la France a \u00e9t\u00e9 une combinaison de soutien au pr\u00e9tendu <em>\u00ab droit \u00e0 l\u2019existence et \u00e0 la s\u00e9curit\u00e9 \u00bb<\/em> de l\u2019occupation isra\u00e9lienne, de soutien \u00e0 la solution \u00e0 deux \u00c9tats, et de condamnation suppos\u00e9e de \u00ab la politique ill\u00e9gitime et ill\u00e9gale d\u2019\u00ab Isra\u00ebl \u00bb de mise en place de colonies dans les territoires palestiniens occup\u00e9s.<\/p>\n<p>Le minist\u00e8re fran\u00e7ais des Affaires \u00e9trang\u00e8res consid\u00e8re que <em>\u00ab l\u2019annexion de territoires palestiniens, quelle qu\u2019en soit l\u2019importance, constituerait une violation des lois internationales et en particulier de l\u2019interdiction de l\u2019acquisition de territoires en recourant \u00e0 la force \u00bb.<\/em><\/p>\n<p>Selon le minist\u00e8re, l\u2019annexion de territoires palestiniens<em> \u00ab aggraverait les tensions et compromettrait gravement la solution \u00e0 deux \u00c9tats, et elle serait contraire aux int\u00e9r\u00eats des Isra\u00e9liens comme des Palestiniens, ainsi qu\u2019\u00e0 ceux des Europ\u00e9ens et de la communaut\u00e9 internationale au sens plus large \u00bb.<\/em><\/p>\n<p>Il a \u00e9galement pr\u00e9tendu que l\u2019annexion <em>\u00ab ne pourrait avoir lieu sans riposte ou sans cons\u00e9quence pour les relations de l\u2019UE avec Isra\u00ebl \u00bb.<\/em><\/p>\n<p>Bien que la France pr\u00e9tende respecter les lois internationales, lors de l\u2019agression isra\u00e9lienne, en mai 2021, contre la bande de Gaza, le ministre fran\u00e7ais de l\u2019Int\u00e9rieur, G\u00e9rald Darmanin a annonc\u00e9 <strong>une interdiction des protestations de solidarit\u00e9 avec la Palestine.<\/strong><\/p>\n<p>La police de Paris a \u00e9galement publi\u00e9 <strong>un d\u00e9cret jugeant de telles manifestations ill\u00e9gales<\/strong> et pr\u00e9tendant qu\u2019elles pourraient aboutir \u00e0 ce que <em>\u00ab des \u00e9l\u00e9ments \u00e0 risque pourraient provoquer de violentes confrontations avec la police \u00bb.<\/em><\/p>\n<p>En outre, le pr\u00e9sident fran\u00e7ais<strong> Emmanuel Macron<\/strong> avait insist\u00e9, lors d\u2019un appel t\u00e9l\u00e9phonique adress\u00e9 le 14 mai au Premier ministre isra\u00e9lien du moment, Benjamin Netanyahou, sur son <em>\u00ab attachement ind\u00e9fectible \u00bb<\/em> \u00e0 la s\u00e9curit\u00e9 d\u2019\u00ab Isra\u00ebl \u00bb et il avait condamn\u00e9 en m\u00eame temps la r\u00e9sistance palestinienne.<\/p>\n<h3><strong>La collaboration \u00e9conomique<\/strong><\/h3>\n<p>Selon le ministre fran\u00e7ais des Affaires \u00e9trang\u00e8res, <em>\u00ab les relations bilat\u00e9rales entre la France et \u00ab Isra\u00ebl \u00bb sont \u00e9galement soutenues par la pr\u00e9sence en \u00ab Isra\u00ebl \u00bb d\u2019une importante communaut\u00e9 fran\u00e7aise (150 000 personnes), alors que la France, de son c\u00f4t\u00e9, h\u00e9berge la plus forte communaut\u00e9 juive d\u2019Europe \u00bb.<\/em><\/p>\n<p>La France est dans les chiffres la 12<sup>e<\/sup> fournisseuse d\u2019\u00ab Isra\u00ebl \u00bb et sa 10<sup>e<\/sup> cliente.<\/p>\n<p>En 2017, quelque 100 soci\u00e9t\u00e9s fran\u00e7aises se sont install\u00e9es en \u00ab Isra\u00ebl \u00bb, cr\u00e9ant 5 530 emplois et g\u00e9n\u00e9rant un revenu \u00e9valu\u00e9 \u00e0 534 millions d\u2019euros.<\/p>\n<p>Selon des donn\u00e9es de la Banque de France, le stock des investissements directs de la France \u00e0 l\u2019\u00e9tranger (IDE) pour \u00ab Isra\u00ebl \u00bb atteignait 2,9 milliards d\u2019euros fin 2017, ce qui repr\u00e9sentait une hausse annuelle de 6 % depuis 2012.<\/p>\n<h3><strong>La coop\u00e9ration scientifique et technique<\/strong><\/h3>\n<p>La France est la cinqui\u00e8me partenaire scientifique et technologique d\u2019\u00ab Isra\u00ebl \u00bb. La collaboration universitaire, y compris le laboratoire commun de l\u2019INSERM Nice et l\u2019Institut isra\u00e9lien de technologie Technion \u00e0 Ha\u00effa, en m\u00eame temps que l\u2019\u00e9change de jeunes chercheurs, sous-tend cette collaboration.<\/p>\n<p>Le Conseil sup\u00e9rieur franco-isra\u00e9lien pour la recherche et la coop\u00e9ration scientifique et technologique assure cette collaboration depuis 2003.<\/p>\n<h3><strong>Des accords militaires secrets<\/strong><\/h3>\n<p>Un article de recherche intitul\u00e9 <em>France and the Israeli occupation : talking the talk, but not walking the walk ? <\/em>(La France et l\u2019occupation isra\u00e9lienne : On tient le m\u00eame langage mais on ne joint pas les actes \u00e0 la parole) a r\u00e9v\u00e9l\u00e9 que,<em> \u00ab dans les ann\u00e9es 1950, la France \u00e9tait la principale fournisseuse d\u2019\u00e9quipements militaires \u00e0 Isra\u00ebl via un certain nombre de march\u00e9s secrets comprenant des avions, des chars et des munitions \u00bb.<\/em><\/p>\n<p><em>\u00ab Elle a \u00e9galement jou\u00e9 un r\u00f4le crucial dans l\u2019acquisition par Isra\u00ebl de capacit\u00e9s nucl\u00e9aires via la fourniture d\u2019expertise, de mat\u00e9riel et de technologie \u00bb<\/em>, ajoutait l\u2019article.<\/p>\n<p><em>\u00ab Dans un accord secret sign\u00e9 en 1956, la France s\u2019engageait \u00e0 aider Isra\u00ebl \u00e0 construire un r\u00e9acteur nucl\u00e9aire et \u00e0 lui fournir de l\u2019uranium \u00bb<\/em>, mentionnait encore l\u2019article de recherche.<\/p>\n<p>Dans le m\u00eame contexte, l\u2019historien militaire am\u00e9ricain Warner Farr avait mis en lumi\u00e8re le fait que <em>\u00ab la coop\u00e9ration fut si \u00e9troite qu\u2019Isra\u00ebl travailla avec la France au design de pr\u00e9production du premier avion \u00e0 r\u00e9action Mirage, destin\u00e9 \u00e0 \u00eatre capable de transporter des bombes nucl\u00e9aires \u00bb.<\/em><\/p>\n<p>Farr r\u00e9v\u00e9la que <em>\u00ab des experts avaient construit en secret le r\u00e9acteur souterrain d\u2019Isra\u00ebl \u00e0 Dimona, dans le d\u00e9sert du N\u00e9guev (Naqab). (\u2026) Des centaines d\u2019ing\u00e9nieurs et de techniciens fran\u00e7ais avaient envahi Beersheba (Beer Al-Sabe), la plus grande ville du N\u00e9guev \u00bb.<\/em><\/p>\n<h3><strong>Le plus ancien prisonnier politique d\u2019Europe<\/strong><\/h3>\n<p>Quand nous mentionnons les liens solides entre la France et l\u2019occupation isra\u00e9lienne, nous ne pouvons que mettre en lumi\u00e8re la juste cause de<a href=\"https:\/\/charleroi-pourlapalestine.be\/index.php\/tag\/georges-abdallah\/\"><strong> Georges Ibrahim Abdallah<\/strong><\/a>, ancien dirigeant des Fractions arm\u00e9es r\u00e9volutionnaires libanaises (FARL, une organisation marxiste-l\u00e9niniste). Abdallah a \u00e9t\u00e9 accus\u00e9 d\u2019avoir cofond\u00e9 les FARL.<\/p>\n<p><strong>&nbsp;<\/strong>Les FARL ont lutt\u00e9 pour arr\u00eater l\u2019invasion isra\u00e9lienne du Liban et elle a pris pour cibles plusieurs importantes personnalit\u00e9s am\u00e9ricaines et isra\u00e9liennes impliqu\u00e9es dans la guerre. Tous les membres des FARL ont \u00e9t\u00e9 rel\u00e2ch\u00e9s, sauf Abdallah.<\/p>\n<p>Les FARL a \u00e9galement revendiqu\u00e9 la responsabilit\u00e9 des op\u00e9rations men\u00e9es en riposte \u00e0 l\u2019occupation isra\u00e9lienne de la Palestine.<\/p>\n<p><strong>Abdallah est emprisonn\u00e9 \u00e0 Lannemezan (Hautes-Pyr\u00e9n\u00e9es, SO de la France) depuis 1984 et il a purg\u00e9 le terme minimum de sa sentence en 1999.<\/strong><\/p>\n<p>Il avait \u00e9t\u00e9 condamn\u00e9 \u00e0 la prison \u00e0 vie en 1987 pour son implication suppos\u00e9e dans l\u2019assassinat, en 1982, de l\u2019attach\u00e9 militaire am\u00e9ricain Charles Ray et dans celui du diplomate isra\u00e9lien Yakov Barsimentov \u00e0 Paris, ainsi que dans une tentative d\u2019assassinat sue la personne de Robert O. Homme, consul am\u00e9ricain \u00e0 Strasbourg.<\/p>\n<p><div class=\"video-container\"><iframe loading=\"lazy\" title=\"&quot;Fedayin&quot;: The Struggle of George Abdallah\" width=\"500\" height=\"375\" src=\"https:\/\/www.youtube.com\/embed\/xofbQKE4h7I?start=18&#038;feature=oembed&#038;wmode=opaque\" frameborder=\"0\" allow=\"accelerometer; autoplay; clipboard-write; encrypted-media; gyroscope; picture-in-picture; web-share\" referrerpolicy=\"strict-origin-when-cross-origin\" allowfullscreen><\/iframe><\/div><\/p>\n<p>Le r\u00e9volutionnaire n\u2019a jamais r\u00e9pondu \u00e0 la liste des accusations et a estim\u00e9 que le syst\u00e8me judiciaire fran\u00e7ais \u00e9tait <em>\u00ab m\u00e9prisable \u00bb<\/em> pour avoir extrait l\u2019action de r\u00e9sistance de son contexte.<\/p>\n<p>Il \u00e9tait d\u00e9j\u00e0 possible de lib\u00e9rer Abdallah en 1999, mais les autorit\u00e9s fran\u00e7aises ont rejet\u00e9 ses requ\u00eates de libert\u00e9 sur parole \u00e0 neuf reprises.<\/p>\n<p>En novembre 2003, l\u2019entit\u00e9 qui accorde la libert\u00e9 conditionnelle dans la ville de Pau \u2013 dont d\u00e9pend Lannemezan, o\u00f9 Georges Abdallah est actuellement d\u00e9tenu \u2013 avait donn\u00e9 son feu vert \u00e0 l\u2019une des requ\u00eates de lib\u00e9ration de Georges Abdallah.<\/p>\n<h3><strong>Pourquoi n\u2019a-t-il toujours pas \u00e9t\u00e9 lib\u00e9r\u00e9 ? <\/strong><\/h3>\n<p>Toutefois, le ministre fran\u00e7ais de la Justice, Dominique Perben, \u00e9tait all\u00e9 en appel de la d\u00e9cision, d\u00e9crivant l\u2019affaire comme <em>\u00ab extr\u00eamement grave \u00bb<\/em>, et avait maintenu Abdallah en prison, apr\u00e8s quoi son dossier avait \u00e9t\u00e9 transmis \u00e0 un autre tribunal.<\/p>\n<p>La requ\u00eate de lib\u00e9ration sur parole d\u2019Abdallah, en mai 2009, a de son c\u00f4t\u00e9 \u00e9t\u00e9 rejet\u00e9e par une cour d\u2019appel de Paris qui a pr\u00e9tendu, citant une loi fran\u00e7aise de 2008, que le prisonnier \u00e9tait <em>\u00ab un militant r\u00e9solu et impitoyable \u00bb<\/em>, qui pouvait reprendre \u00e0 nouveau son <em>\u00ab combat \u00bb<\/em> au Liban.<\/p>\n<p>Un juge de Paris approuvait la lib\u00e9ration de Georges Abdallah le jeudi 10 janvier 2013 et fixait la date de son extradition vers Beyrouth au lundi 14 janvier.<\/p>\n<p>Toutefois, la d\u00e9cision \u00e9tait retard\u00e9e en raison d\u2019un appel gouvernemental. La porte-parole de la Maison-Blanche, \u00e0 l\u2019\u00e9poque Victoria Nuland, avait d\u00e9clar\u00e9 que les EU \u2013 le plus grand alli\u00e9 d\u2019\u00ab Isra\u00ebl \u00bb \u2013 \u00e9tait toujours occup\u00e9 \u00e0 discuter avec le gouvernement fran\u00e7ais sur la fa\u00e7on de bloquer cette d\u00e9cision.<\/p>\n<p>Un document Wikileaks concernant l\u2019ancienne secr\u00e9taire d\u2019\u00c9tat am\u00e9ricaine Hillary Clinton laissait passer des courriels r\u00e9v\u00e9lant qu\u2019entre le 10 et le 14 janvier, elle avait adress\u00e9 un courriel \u00e0 l\u2019ancien ministre fran\u00e7ais des Affaires \u00e9trang\u00e8res, Laurent Fabius, disant que <em>\u00ab bien que le gouvernement fran\u00e7ais ne dispose pas de l\u2019autorit\u00e9 juridique d\u2019inverser la d\u00e9cision du 10 janvier de la cour d\u2019appel, nous esp\u00e9rons que les responsables fran\u00e7ais pourront trouver une autre base afin de contester la l\u00e9galit\u00e9 de cette d\u00e9cision \u00bb.<\/em><\/p>\n<p>En d\u2019autres termes, les EU ordonnaient au gouvernement fran\u00e7ais de pi\u00e9tiner son syst\u00e8me juridique ainsi que le principe de la s\u00e9paration des pouvoirs.<\/p>\n<p><em><img loading=\"lazy\" decoding=\"async\" class=\"size-medium wp-image-38528 aligncenter\" src=\"https:\/\/charleroi-pourlapalestine.be\/wp-content\/uploads\/2022\/05\/Wikileaks-300x197.png\" alt=\"\" width=\"300\" height=\"197\"><\/em><\/p>\n<p>L\u2019avocat d\u2019Abdallah, <strong>Jean-Louis Chalanset,<\/strong> expliqua aux m\u00e9dias fran\u00e7ais que les autorit\u00e9s libanaises avaient dit \u00e0 diverses reprises qu\u2019elles \u00e9taient pr\u00eates \u00e0 accueillir Georges Abdallah au Liban, o\u00f9 il est consid\u00e9r\u00e9 comme un prisonnier politique.<\/p>\n<p>Chalanset a d\u00e9clar\u00e9 qu\u2019une d\u00e9cision de lib\u00e9rer son client serait politique avant d\u2019\u00eatre judiciaire. Il croit que le garder en prison constitue de la part de paris une <em>\u00ab absence de courage \u00bb<\/em> et une marque de \u00ab servilit\u00e9 \u00bb.<\/p>\n<p>Au fil des ann\u00e9es, des parlementaires de gauche, des organisations des droits humains telle la Ligue des droits de l\u2019homme et m\u00eame le chef des renseignements fran\u00e7ais ont demand\u00e9 la lib\u00e9ration d\u2019Abdallah.<\/p>\n<h3><strong>M\u00e9lenchon soutient Georges Abdallah<\/strong><\/h3>\n<p>En relation avec l\u2019\u00e9lection pr\u00e9sidentielle fran\u00e7aise, le dirigeant de gauche <strong>Jean-Luc M\u00e9lenchon<\/strong> a exprim\u00e9 en maintes occasions sa solidarit\u00e9 avec la cause de Georges Abdallah.<\/p>\n<p>Selon le <strong>Collectif pour la lib\u00e9ration de Georges Ibrahim Abdallah<\/strong>, le parti de M\u00e9lenchon, <strong>La France insoumise<\/strong> (LFI), participe r\u00e9guli\u00e8rement aux protestations r\u00e9clamant la lib\u00e9ration imm\u00e9diate du r\u00e9volutionnaire libanais.<\/p>\n<p><blockquote class=\"twitter-tweet\" data-width=\"500\" data-dnt=\"true\"><p lang=\"en\" dir=\"ltr\">Watch | Protesters rally in Paris, <a href=\"https:\/\/twitter.com\/hashtag\/France?src=hash&amp;ref_src=twsrc%5Etfw\">#France<\/a> to demand the release of Georges Abdallah, the longest-held political prisoner in <a href=\"https:\/\/twitter.com\/hashtag\/Europe?src=hash&amp;ref_src=twsrc%5Etfw\">#Europe<\/a>, who has been imprisoned for 38 years. <a href=\"https:\/\/twitter.com\/hashtag\/FreeGeorgesAbdallah?src=hash&amp;ref_src=twsrc%5Etfw\">#FreeGeorgesAbdallah<\/a> <a href=\"https:\/\/t.co\/FnDDUBHT8f\">pic.twitter.com\/FnDDUBHT8f<\/a><\/p>&mdash; Al Mayadeen English (@MayadeenEnglish) <a href=\"https:\/\/twitter.com\/MayadeenEnglish\/status\/1486715994861015047?ref_src=twsrc%5Etfw\">January 27, 2022<\/a><\/blockquote><script async src=\"https:\/\/platform.twitter.com\/widgets.js\" charset=\"utf-8\"><\/script><\/p>\n<p>Parall\u00e8lement, la campagne de M\u00e9lenchon a d\u00e9clar\u00e9 qu\u2019il \u00e9tait pr\u00eat \u00e0 soutenir des sanctions contre l\u2019occupation isra\u00e9lienne \u00e0 propos de ses colonies ill\u00e9gales en Cisjordanie occup\u00e9e et du blocus qu\u2019elle impose \u00e0 la bande de Gaza.<\/p>\n<p>Le dirigeant de gauche a promis d\u2019annuler le fameux m\u00e9morandum du minist\u00e8re fran\u00e7ais de la Justice (appel\u00e9 la<em> \u00ab Circulaire Alliot-Marie \u00bb<\/em>) ordonnant aux procureurs de r\u00e9primer les activistes du mouvement <strong>BDS<\/strong>. Par ailleurs, le pr\u00e9sident fran\u00e7ais Emmanuel Macron a insist\u00e9 en 2017 pour dire que <em>\u00ab l\u2019\u00c9tat fran\u00e7ais condamnait BDS et tous les boycotts \u00bb.<\/em><\/p>\n<p><em>\u00ab Il soit \u00eatre clair que cela continuera si je suis \u00e9lu \u00e0 la pr\u00e9sidence \u00bb<\/em>, a-t-il ajout\u00e9 lors d\u2019une interview de la radio <em>Beur FM<\/em>.<\/p>\n<h3><strong>Comment Georges Abdallah passe-t-il son temps en d\u00e9tention ? <\/strong><\/h3>\n<p>En d\u00e9tention, en tant que prisonnier politique r\u00e9volutionnaire, Abdallah passe son temps \u00e0 lire livres et journaux en cinq langues, \u00e0 r\u00e9diger des d\u00e9clarations et analyses politiques sur l\u2019imp\u00e9rialisme, le capitalisme et le colonialisme, ainsi qu\u2019\u00e0 r\u00e9pondre aux lettres de solidarit\u00e9 qui lui viennent du monde entier.<\/p>\n<p>Le r\u00e9volutionnaire libanais \u00e9change des lettres avec des prisonniers palestiniens et lance des gr\u00e8ves de la faim en guise de soutien d\u2019autres prisonniers, dont la derni\u00e8re en date, le 16 avril, afin de r\u00e9clamer la lib\u00e9ration de Sibel Bala\u00e7 et de Gokhan Yildirim des prisons turques.<\/p>\n<div id=\"attachment_38534\" style=\"width: 530px\" class=\"wp-caption aligncenter\"><img loading=\"lazy\" decoding=\"async\" aria-describedby=\"caption-attachment-38534\" class=\"wp-image-38534 size-full\" src=\"https:\/\/charleroi-pourlapalestine.be\/wp-content\/uploads\/2022\/05\/Lettre-de-Georges-Abdallah-e1651388358138.jpg\" alt=\"Lettre adress\u00e9e par Georges Ibrahim Abdallah \u00e0 la directrice de la prison de Lannemezan pour l\u2019informer de sa gr\u00e8ve de la faim de solidarit\u00e9. (Photo : Al Mayadeen)\" width=\"520\" height=\"554\"><p id=\"caption-attachment-38534\" class=\"wp-caption-text\">Lettre adress\u00e9e par Georges Ibrahim Abdallah \u00e0 la directrice de la prison de Lannemezan pour l\u2019informer de sa gr\u00e8ve de la faim de solidarit\u00e9. (Photo : Al Mayadeen)<\/p><\/div>\n<h3><strong>Ses points de vue les plus r\u00e9cents<\/strong><\/h3>\n<p>En France, Abdallah consid\u00e8re que les r\u00e9voltes et mouvements populaires des masses, tels les Gilets jaunes, d\u00e9fient partiellement le capitalisme.<\/p>\n<p>Selon Tom Martin, de<strong> Samidoun,<\/strong> le R\u00e9seau de solidarit\u00e9 avec les prisonniers palestiniens, Abdallah voit d\u2019un bon \u0153il la r\u00e9sistance in\u00e9branlable du peuple palestinien et du peuple libanais face \u00e0 l\u2019imp\u00e9rialisme et au sionisme. N\u00e9anmoins, il pense que les organisations de r\u00e9sistance doivent intensifier leurs actions et viser un programme radical et clair contre le sionisme et l\u2019imp\u00e9rialisme.<\/p>\n<p>Dans sa seule d\u00e9claration sur la guerre en Ukraine, Abdallah a soulign\u00e9 l\u2019hypocrisie du camp imp\u00e9rialiste, notamment dans le fait qu\u2019il ferme les yeux sur la pr\u00e9sence de bataillons n\u00e9onazis ukrainiens, alors qu\u2019il criminalise les mouvements propalestiniens.<\/p>\n<p>Il croit que les Ukrainiens sont des victimes et que la solution de cette crise ne d\u00e9pendrait que de leurs efforts qui consisteraient \u00e0 s\u2019\u00e9carter de toutes les forces imp\u00e9rialistes.<\/p>\n<p style=\"text-align: center;\">\u00b0\u00b0\u00b0\u00b0\u00b0<\/p>\n<p style=\"text-align: left;\">Publi\u00e9 le 25 avril 2022 sur <a href=\"https:\/\/english.almayadeen.net\/news\/politics\/frances-robust-ties-with-israel-keep-georges-abdallah-in-pri\" target=\"_blank\" rel=\"noopener\">Al Mayadeen<\/a><br>Traduction : Jean-Marie Fl\u00e9mal, <a href=\"https:\/\/charleroi-pourlapalestine.be\/\">Charleroi pour la Palestine<\/a><\/p>\n\n\n<p><\/p>\n","protected":false},"excerpt":{"rendered":"<p>Il \u00e9tait d\u00e9j\u00e0 possible de lib\u00e9rer Abdallah en 1999, mais les autorit\u00e9s fran\u00e7aises ont rejet\u00e9 ses requ\u00eates de libert\u00e9 sur parole \u00e0 neuf reprises.<\/p>\n","protected":false},"author":1,"featured_media":38516,"comment_status":"closed","ping_status":"closed","sticky":false,"template":"","format":"standard","meta":{"ngg_post_thumbnail":0,"footnotes":""},"categories":[52,136,14,126,191,13],"tags":[216],"class_list":["post-38515","post","type-post","status-publish","format-standard","has-post-thumbnail","hentry","category-la-cour-penale-internationale","category-france","category-georges-ibrahim-abdallah","category-israel","category-liban","category-les-prisionners-palestiniens","tag-georges-abdallah"],"yoast_head":"<!-- This site is optimized with the Yoast SEO plugin v27.3 - https:\/\/yoast.com\/product\/yoast-seo-wordpress\/ -->\n<title>Les liens robustes entre la France et Isra\u00ebl maintiennent Georges Abdallah en prison<\/title>\n<meta name=\"description\" content=\"Sur son site Internet, le minist\u00e8re fran\u00e7ais des Affaires \u00e9trang\u00e8res se targue de ce que Paris a \u00e9tabli des liens\u00a0 robustes avec \u00ab Isra\u00ebl \u00bb\" \/>\n<meta name=\"robots\" content=\"index, follow, max-snippet:-1, max-image-preview:large, max-video-preview:-1\" \/>\n<link rel=\"canonical\" href=\"https:\/\/charleroi-pourlapalestine.be\/index.php\/2022\/05\/01\/les-liens-robustes-entre-la-france-et-israel-maintiennent-georges-abdallah-en-prison\/\" \/>\n<script type=\"application\/ld+json\" class=\"yoast-schema-graph\">{\"@context\":\"https:\\\/\\\/schema.org\",\"@graph\":[{\"@type\":\"Article\",\"@id\":\"https:\\\/\\\/charleroi-pourlapalestine.be\\\/index.php\\\/2022\\\/05\\\/01\\\/les-liens-robustes-entre-la-france-et-israel-maintiennent-georges-abdallah-en-prison\\\/#article\",\"isPartOf\":{\"@id\":\"https:\\\/\\\/charleroi-pourlapalestine.be\\\/index.php\\\/2022\\\/05\\\/01\\\/les-liens-robustes-entre-la-france-et-israel-maintiennent-georges-abdallah-en-prison\\\/\"},\"author\":{\"name\":\"admin1873\",\"@id\":\"https:\\\/\\\/charleroi-pourlapalestine.be\\\/#\\\/schema\\\/person\\\/c19ff515112f1299d8c12671d8fe3faa\"},\"headline\":\"Les liens robustes entre la France et Isra\u00ebl maintiennent Georges Abdallah en prison\",\"datePublished\":\"2022-05-01T12:26:23+00:00\",\"dateModified\":\"2022-05-01T14:03:42+00:00\",\"mainEntityOfPage\":{\"@id\":\"https:\\\/\\\/charleroi-pourlapalestine.be\\\/index.php\\\/2022\\\/05\\\/01\\\/les-liens-robustes-entre-la-france-et-israel-maintiennent-georges-abdallah-en-prison\\\/\"},\"wordCount\":2279,\"publisher\":{\"@id\":\"https:\\\/\\\/charleroi-pourlapalestine.be\\\/#organization\"},\"image\":{\"@id\":\"https:\\\/\\\/charleroi-pourlapalestine.be\\\/index.php\\\/2022\\\/05\\\/01\\\/les-liens-robustes-entre-la-france-et-israel-maintiennent-georges-abdallah-en-prison\\\/#primaryimage\"},\"thumbnailUrl\":\"https:\\\/\\\/charleroi-pourlapalestine.be\\\/wp-content\\\/uploads\\\/2022\\\/05\\\/La-France-Israel-et-Georges-Abdallah-e1651384733359.png\",\"keywords\":[\"Georges Abdallah\"],\"articleSection\":[\"Etats-Unis\",\"France\",\"Georges Abdallah\",\"Isra\u00ebl\",\"Liban\",\"Prisonniers\"],\"inLanguage\":\"fr-FR\"},{\"@type\":\"WebPage\",\"@id\":\"https:\\\/\\\/charleroi-pourlapalestine.be\\\/index.php\\\/2022\\\/05\\\/01\\\/les-liens-robustes-entre-la-france-et-israel-maintiennent-georges-abdallah-en-prison\\\/\",\"url\":\"https:\\\/\\\/charleroi-pourlapalestine.be\\\/index.php\\\/2022\\\/05\\\/01\\\/les-liens-robustes-entre-la-france-et-israel-maintiennent-georges-abdallah-en-prison\\\/\",\"name\":\"Les liens robustes entre la France et Isra\u00ebl maintiennent Georges Abdallah en prison\",\"isPartOf\":{\"@id\":\"https:\\\/\\\/charleroi-pourlapalestine.be\\\/#website\"},\"primaryImageOfPage\":{\"@id\":\"https:\\\/\\\/charleroi-pourlapalestine.be\\\/index.php\\\/2022\\\/05\\\/01\\\/les-liens-robustes-entre-la-france-et-israel-maintiennent-georges-abdallah-en-prison\\\/#primaryimage\"},\"image\":{\"@id\":\"https:\\\/\\\/charleroi-pourlapalestine.be\\\/index.php\\\/2022\\\/05\\\/01\\\/les-liens-robustes-entre-la-france-et-israel-maintiennent-georges-abdallah-en-prison\\\/#primaryimage\"},\"thumbnailUrl\":\"https:\\\/\\\/charleroi-pourlapalestine.be\\\/wp-content\\\/uploads\\\/2022\\\/05\\\/La-France-Israel-et-Georges-Abdallah-e1651384733359.png\",\"datePublished\":\"2022-05-01T12:26:23+00:00\",\"dateModified\":\"2022-05-01T14:03:42+00:00\",\"description\":\"Sur son site Internet, le minist\u00e8re fran\u00e7ais des Affaires \u00e9trang\u00e8res se targue de ce que Paris a \u00e9tabli des liens\u00a0 robustes avec \u00ab Isra\u00ebl \u00bb\",\"breadcrumb\":{\"@id\":\"https:\\\/\\\/charleroi-pourlapalestine.be\\\/index.php\\\/2022\\\/05\\\/01\\\/les-liens-robustes-entre-la-france-et-israel-maintiennent-georges-abdallah-en-prison\\\/#breadcrumb\"},\"inLanguage\":\"fr-FR\",\"potentialAction\":[{\"@type\":\"ReadAction\",\"target\":[\"https:\\\/\\\/charleroi-pourlapalestine.be\\\/index.php\\\/2022\\\/05\\\/01\\\/les-liens-robustes-entre-la-france-et-israel-maintiennent-georges-abdallah-en-prison\\\/\"]}]},{\"@type\":\"ImageObject\",\"inLanguage\":\"fr-FR\",\"@id\":\"https:\\\/\\\/charleroi-pourlapalestine.be\\\/index.php\\\/2022\\\/05\\\/01\\\/les-liens-robustes-entre-la-france-et-israel-maintiennent-georges-abdallah-en-prison\\\/#primaryimage\",\"url\":\"https:\\\/\\\/charleroi-pourlapalestine.be\\\/wp-content\\\/uploads\\\/2022\\\/05\\\/La-France-Israel-et-Georges-Abdallah-e1651384733359.png\",\"contentUrl\":\"https:\\\/\\\/charleroi-pourlapalestine.be\\\/wp-content\\\/uploads\\\/2022\\\/05\\\/La-France-Israel-et-Georges-Abdallah-e1651384733359.png\",\"width\":406,\"height\":320},{\"@type\":\"BreadcrumbList\",\"@id\":\"https:\\\/\\\/charleroi-pourlapalestine.be\\\/index.php\\\/2022\\\/05\\\/01\\\/les-liens-robustes-entre-la-france-et-israel-maintiennent-georges-abdallah-en-prison\\\/#breadcrumb\",\"itemListElement\":[{\"@type\":\"ListItem\",\"position\":1,\"name\":\"Accueil\",\"item\":\"https:\\\/\\\/charleroi-pourlapalestine.be\\\/\"},{\"@type\":\"ListItem\",\"position\":2,\"name\":\"Les liens robustes entre la France et Isra\u00ebl maintiennent Georges Abdallah en prison\"}]},{\"@type\":\"WebSite\",\"@id\":\"https:\\\/\\\/charleroi-pourlapalestine.be\\\/#website\",\"url\":\"https:\\\/\\\/charleroi-pourlapalestine.be\\\/\",\"name\":\"Charleroi Pour la Palestine\",\"description\":\"\",\"publisher\":{\"@id\":\"https:\\\/\\\/charleroi-pourlapalestine.be\\\/#organization\"},\"potentialAction\":[{\"@type\":\"SearchAction\",\"target\":{\"@type\":\"EntryPoint\",\"urlTemplate\":\"https:\\\/\\\/charleroi-pourlapalestine.be\\\/?s={search_term_string}\"},\"query-input\":{\"@type\":\"PropertyValueSpecification\",\"valueRequired\":true,\"valueName\":\"search_term_string\"}}],\"inLanguage\":\"fr-FR\"},{\"@type\":\"Organization\",\"@id\":\"https:\\\/\\\/charleroi-pourlapalestine.be\\\/#organization\",\"name\":\"Plate-forme Charleroi-Palestine\",\"url\":\"https:\\\/\\\/charleroi-pourlapalestine.be\\\/\",\"logo\":{\"@type\":\"ImageObject\",\"inLanguage\":\"fr-FR\",\"@id\":\"https:\\\/\\\/charleroi-pourlapalestine.be\\\/#\\\/schema\\\/logo\\\/image\\\/\",\"url\":\"https:\\\/\\\/charleroi-pourlapalestine.be\\\/wp-content\\\/uploads\\\/2020\\\/01\\\/logo-Copy.jpg\",\"contentUrl\":\"https:\\\/\\\/charleroi-pourlapalestine.be\\\/wp-content\\\/uploads\\\/2020\\\/01\\\/logo-Copy.jpg\",\"width\":180,\"height\":180,\"caption\":\"Plate-forme Charleroi-Palestine\"},\"image\":{\"@id\":\"https:\\\/\\\/charleroi-pourlapalestine.be\\\/#\\\/schema\\\/logo\\\/image\\\/\"},\"sameAs\":[\"https:\\\/\\\/www.facebook.com\\\/PlateformeCharleroiPalestine\\\/\",\"https:\\\/\\\/x.com\\\/LaCharleroi\"]},{\"@type\":\"Person\",\"@id\":\"https:\\\/\\\/charleroi-pourlapalestine.be\\\/#\\\/schema\\\/person\\\/c19ff515112f1299d8c12671d8fe3faa\",\"name\":\"admin1873\",\"url\":\"https:\\\/\\\/charleroi-pourlapalestine.be\\\/index.php\\\/author\\\/admin1873\\\/\"}]}<\/script>\n<!-- \/ Yoast SEO plugin. -->","yoast_head_json":{"title":"Les liens robustes entre la France et Isra\u00ebl maintiennent Georges Abdallah en prison","description":"Sur son site Internet, le minist\u00e8re fran\u00e7ais des Affaires \u00e9trang\u00e8res se targue de ce que Paris a \u00e9tabli des liens\u00a0 robustes avec \u00ab Isra\u00ebl \u00bb","robots":{"index":"index","follow":"follow","max-snippet":"max-snippet:-1","max-image-preview":"max-image-preview:large","max-video-preview":"max-video-preview:-1"},"canonical":"https:\/\/charleroi-pourlapalestine.be\/index.php\/2022\/05\/01\/les-liens-robustes-entre-la-france-et-israel-maintiennent-georges-abdallah-en-prison\/","schema":{"@context":"https:\/\/schema.org","@graph":[{"@type":"Article","@id":"https:\/\/charleroi-pourlapalestine.be\/index.php\/2022\/05\/01\/les-liens-robustes-entre-la-france-et-israel-maintiennent-georges-abdallah-en-prison\/#article","isPartOf":{"@id":"https:\/\/charleroi-pourlapalestine.be\/index.php\/2022\/05\/01\/les-liens-robustes-entre-la-france-et-israel-maintiennent-georges-abdallah-en-prison\/"},"author":{"name":"admin1873","@id":"https:\/\/charleroi-pourlapalestine.be\/#\/schema\/person\/c19ff515112f1299d8c12671d8fe3faa"},"headline":"Les liens robustes entre la France et Isra\u00ebl maintiennent Georges Abdallah en prison","datePublished":"2022-05-01T12:26:23+00:00","dateModified":"2022-05-01T14:03:42+00:00","mainEntityOfPage":{"@id":"https:\/\/charleroi-pourlapalestine.be\/index.php\/2022\/05\/01\/les-liens-robustes-entre-la-france-et-israel-maintiennent-georges-abdallah-en-prison\/"},"wordCount":2279,"publisher":{"@id":"https:\/\/charleroi-pourlapalestine.be\/#organization"},"image":{"@id":"https:\/\/charleroi-pourlapalestine.be\/index.php\/2022\/05\/01\/les-liens-robustes-entre-la-france-et-israel-maintiennent-georges-abdallah-en-prison\/#primaryimage"},"thumbnailUrl":"https:\/\/charleroi-pourlapalestine.be\/wp-content\/uploads\/2022\/05\/La-France-Israel-et-Georges-Abdallah-e1651384733359.png","keywords":["Georges Abdallah"],"articleSection":["Etats-Unis","France","Georges Abdallah","Isra\u00ebl","Liban","Prisonniers"],"inLanguage":"fr-FR"},{"@type":"WebPage","@id":"https:\/\/charleroi-pourlapalestine.be\/index.php\/2022\/05\/01\/les-liens-robustes-entre-la-france-et-israel-maintiennent-georges-abdallah-en-prison\/","url":"https:\/\/charleroi-pourlapalestine.be\/index.php\/2022\/05\/01\/les-liens-robustes-entre-la-france-et-israel-maintiennent-georges-abdallah-en-prison\/","name":"Les liens robustes entre la France et Isra\u00ebl maintiennent Georges Abdallah en prison","isPartOf":{"@id":"https:\/\/charleroi-pourlapalestine.be\/#website"},"primaryImageOfPage":{"@id":"https:\/\/charleroi-pourlapalestine.be\/index.php\/2022\/05\/01\/les-liens-robustes-entre-la-france-et-israel-maintiennent-georges-abdallah-en-prison\/#primaryimage"},"image":{"@id":"https:\/\/charleroi-pourlapalestine.be\/index.php\/2022\/05\/01\/les-liens-robustes-entre-la-france-et-israel-maintiennent-georges-abdallah-en-prison\/#primaryimage"},"thumbnailUrl":"https:\/\/charleroi-pourlapalestine.be\/wp-content\/uploads\/2022\/05\/La-France-Israel-et-Georges-Abdallah-e1651384733359.png","datePublished":"2022-05-01T12:26:23+00:00","dateModified":"2022-05-01T14:03:42+00:00","description":"Sur son site Internet, le minist\u00e8re fran\u00e7ais des Affaires \u00e9trang\u00e8res se targue de ce que Paris a \u00e9tabli des liens\u00a0 robustes avec \u00ab Isra\u00ebl \u00bb","breadcrumb":{"@id":"https:\/\/charleroi-pourlapalestine.be\/index.php\/2022\/05\/01\/les-liens-robustes-entre-la-france-et-israel-maintiennent-georges-abdallah-en-prison\/#breadcrumb"},"inLanguage":"fr-FR","potentialAction":[{"@type":"ReadAction","target":["https:\/\/charleroi-pourlapalestine.be\/index.php\/2022\/05\/01\/les-liens-robustes-entre-la-france-et-israel-maintiennent-georges-abdallah-en-prison\/"]}]},{"@type":"ImageObject","inLanguage":"fr-FR","@id":"https:\/\/charleroi-pourlapalestine.be\/index.php\/2022\/05\/01\/les-liens-robustes-entre-la-france-et-israel-maintiennent-georges-abdallah-en-prison\/#primaryimage","url":"https:\/\/charleroi-pourlapalestine.be\/wp-content\/uploads\/2022\/05\/La-France-Israel-et-Georges-Abdallah-e1651384733359.png","contentUrl":"https:\/\/charleroi-pourlapalestine.be\/wp-content\/uploads\/2022\/05\/La-France-Israel-et-Georges-Abdallah-e1651384733359.png","width":406,"height":320},{"@type":"BreadcrumbList","@id":"https:\/\/charleroi-pourlapalestine.be\/index.php\/2022\/05\/01\/les-liens-robustes-entre-la-france-et-israel-maintiennent-georges-abdallah-en-prison\/#breadcrumb","itemListElement":[{"@type":"ListItem","position":1,"name":"Accueil","item":"https:\/\/charleroi-pourlapalestine.be\/"},{"@type":"ListItem","position":2,"name":"Les liens robustes entre la France et Isra\u00ebl maintiennent Georges Abdallah en prison"}]},{"@type":"WebSite","@id":"https:\/\/charleroi-pourlapalestine.be\/#website","url":"https:\/\/charleroi-pourlapalestine.be\/","name":"Charleroi Pour la Palestine","description":"","publisher":{"@id":"https:\/\/charleroi-pourlapalestine.be\/#organization"},"potentialAction":[{"@type":"SearchAction","target":{"@type":"EntryPoint","urlTemplate":"https:\/\/charleroi-pourlapalestine.be\/?s={search_term_string}"},"query-input":{"@type":"PropertyValueSpecification","valueRequired":true,"valueName":"search_term_string"}}],"inLanguage":"fr-FR"},{"@type":"Organization","@id":"https:\/\/charleroi-pourlapalestine.be\/#organization","name":"Plate-forme Charleroi-Palestine","url":"https:\/\/charleroi-pourlapalestine.be\/","logo":{"@type":"ImageObject","inLanguage":"fr-FR","@id":"https:\/\/charleroi-pourlapalestine.be\/#\/schema\/logo\/image\/","url":"https:\/\/charleroi-pourlapalestine.be\/wp-content\/uploads\/2020\/01\/logo-Copy.jpg","contentUrl":"https:\/\/charleroi-pourlapalestine.be\/wp-content\/uploads\/2020\/01\/logo-Copy.jpg","width":180,"height":180,"caption":"Plate-forme Charleroi-Palestine"},"image":{"@id":"https:\/\/charleroi-pourlapalestine.be\/#\/schema\/logo\/image\/"},"sameAs":["https:\/\/www.facebook.com\/PlateformeCharleroiPalestine\/","https:\/\/x.com\/LaCharleroi"]},{"@type":"Person","@id":"https:\/\/charleroi-pourlapalestine.be\/#\/schema\/person\/c19ff515112f1299d8c12671d8fe3faa","name":"admin1873","url":"https:\/\/charleroi-pourlapalestine.be\/index.php\/author\/admin1873\/"}]}},"_links":{"self":[{"href":"https:\/\/charleroi-pourlapalestine.be\/index.php\/wp-json\/wp\/v2\/posts\/38515","targetHints":{"allow":["GET"]}}],"collection":[{"href":"https:\/\/charleroi-pourlapalestine.be\/index.php\/wp-json\/wp\/v2\/posts"}],"about":[{"href":"https:\/\/charleroi-pourlapalestine.be\/index.php\/wp-json\/wp\/v2\/types\/post"}],"author":[{"embeddable":true,"href":"https:\/\/charleroi-pourlapalestine.be\/index.php\/wp-json\/wp\/v2\/users\/1"}],"replies":[{"embeddable":true,"href":"https:\/\/charleroi-pourlapalestine.be\/index.php\/wp-json\/wp\/v2\/comments?post=38515"}],"version-history":[{"count":0,"href":"https:\/\/charleroi-pourlapalestine.be\/index.php\/wp-json\/wp\/v2\/posts\/38515\/revisions"}],"wp:featuredmedia":[{"embeddable":true,"href":"https:\/\/charleroi-pourlapalestine.be\/index.php\/wp-json\/wp\/v2\/media\/38516"}],"wp:attachment":[{"href":"https:\/\/charleroi-pourlapalestine.be\/index.php\/wp-json\/wp\/v2\/media?parent=38515"}],"wp:term":[{"taxonomy":"category","embeddable":true,"href":"https:\/\/charleroi-pourlapalestine.be\/index.php\/wp-json\/wp\/v2\/categories?post=38515"},{"taxonomy":"post_tag","embeddable":true,"href":"https:\/\/charleroi-pourlapalestine.be\/index.php\/wp-json\/wp\/v2\/tags?post=38515"}],"curies":[{"name":"wp","href":"https:\/\/api.w.org\/{rel}","templated":true}]}}