{"id":38592,"date":"2022-05-03T08:02:10","date_gmt":"2022-05-03T06:02:10","guid":{"rendered":"https:\/\/charleroi-pourlapalestine.be\/?p=38592"},"modified":"2022-05-03T08:02:12","modified_gmt":"2022-05-03T06:02:12","slug":"1er-mai-journee-internationale-de-luttes-des-travailleurs-et-travailleuses","status":"publish","type":"post","link":"https:\/\/charleroi-pourlapalestine.be\/index.php\/2022\/05\/03\/1er-mai-journee-internationale-de-luttes-des-travailleurs-et-travailleuses\/","title":{"rendered":"1er mai, journ\u00e9e internationale de luttes des travailleurs et travailleuses"},"content":{"rendered":"<p><a href=\"https:\/\/charleroi-pourlapalestine.be\/index.php\/tag\/georges-abdallah\/\">Georges Abdallah<\/a>, le plus ancien prisonnier politique en Europe, d\u00e9tenu depuis 37 ans en France et lib\u00e9rable depuis 1999, \u00e9tait bien pr\u00e9sent, cette ann\u00e9e encore, dans les cort\u00e8ges de manifestants du 1er Mai \u00e0 <strong>Paris, Marseille, Tarbes, Toulouse, Lille, Annecy, Grenoble, Bordeaux, Lyon<\/strong>\u2026 et ailleurs de par le monde ( <strong>Bruxelles, <a href=\"https:\/\/charleroi-pourlapalestine.be\/index.php\/2022\/05\/01\/samidoun-etait-present-au-1er-mai-de-la-fgtb-de-charleroi\/\">Charleroi<\/a>, Berlin, Madrid, Amsterdam, Sao Paulo, G\u00f6teborg, Stockholm<\/strong>).<\/p>\n<p><img loading=\"lazy\" decoding=\"async\" class=\"aligncenter wp-image-38597 size-full\" src=\"https:\/\/charleroi-pourlapalestine.be\/wp-content\/uploads\/2022\/05\/Georges-Abdallah-1er-Mai-2022.jpg\" alt=\"Georges Abdallah \u00e9tait pr\u00e9sent aux cort\u00e8ges et rassemblements du 1er Mai, en France et ailleurs\" width=\"368\" height=\"533\" srcset=\"https:\/\/charleroi-pourlapalestine.be\/wp-content\/uploads\/2022\/05\/Georges-Abdallah-1er-Mai-2022.jpg 368w, https:\/\/charleroi-pourlapalestine.be\/wp-content\/uploads\/2022\/05\/Georges-Abdallah-1er-Mai-2022-207x300.jpg 207w\" sizes=\"auto, (max-width: 368px) 100vw, 368px\" \/><\/p>\n<p>&nbsp;<\/p>\n<blockquote><p>\u00ab Avec l\u2019approfondissement de la crise, camarades, la criminalisation des diverses expressions de lutte est appel\u00e9e \u00e0 se g\u00e9n\u00e9raliser. Et cela est aussi vrai au niveau national qu\u2019au niveau mondial : r\u00e9pression des prol\u00e9taires en lutte contre la r\u00e9gression sociale, le terrorisme manag\u00e9rial du patronat, et le ch\u00f4mage dans les centres du syst\u00e8me et guerres de pillage et domination dans les p\u00e9riph\u00e9ries proches et lointaines\u2026 Bien entendu, le tout est accompagn\u00e9 de campagnes de propagande d\u2019intoxication et de d\u00e9sinformation. Ainsi la r\u00e9gression sociale se pr\u00e9sente sous les noms <em>\u00ab r\u00e9forme \u00bb<\/em> et <em>\u00ab modernisation \u00bb<\/em> ; les guerres des agresseurs imp\u00e9rialistes et les agressions de leurs affid\u00e9s r\u00e9gionaux se trouvent qualifi\u00e9es d\u2019 <em>\u00ab interventions pour la libert\u00e9 et la d\u00e9mocratie \u00bb<\/em>\u2026 tout naturellement ceux qui collaborent au service du capital se trouvent gratifi\u00e9s du nom des <em>\u00ab forces vives et modernes \u00bb<\/em> et surtout <em>\u00ab mod\u00e9r\u00e9es \u00bb<\/em>. Ici comme ailleurs, camarades, les prol\u00e9taires n\u2019ont d\u2019autre choix sur ce terrain aussi que d\u2019\u00e9tendre et renforcer la r\u00e9sistance en donnant \u00e0 la guerre id\u00e9ologique la dimension qu\u2019elle occupe r\u00e9ellement\u2026 \u00bb<\/p><\/blockquote>\n<p><strong>Georges Abdallah<\/strong> \u2013 octobre 2009<\/p>\n<blockquote><p>\u00ab La crise du capitalisme moribond dans sa phase de putr\u00e9faction avanc\u00e9e est d\u00e9j\u00e0 l\u00e0 devant nos yeux au niveau plan\u00e9taire\u2026 Crise sanitaire, crise \u00e9cologique, crise \u00e9conomique et sociale se conjuguent et s\u2019amplifient toujours plus. Pas de sortie de crise dans le cadre du capitalisme. Le capitalisme mondialis\u00e9 est le capitalisme r\u00e9ellement existant aujourd\u2019hui. L\u2019agonie de son monde ne s\u2019ach\u00e8vera que dans le d\u00e9passement du capitalisme, non pas \u00e0 travers des compromis historiques et d\u2019autres illusoires tentatives de sauvegarder les acquis d\u2019un soi-disant capitalisme d\u00e9mocratique \u00e0 visage humain, mais plut\u00f4t \u00e0 travers la lutte implacable de \u00abclasse contre classe\u00bb. \u00bb<\/p><\/blockquote>\n<p><strong>Georges Abdallah<\/strong> \u2013 octobre 2021<\/p>\n<p><em><strong>\u00ab Camarades, la convergence des luttes est une n\u00e9cessit\u00e9 indispensable pour faire face \u00e0 ce syst\u00e8me qui n\u2019est plus que destruction et gaspillage ; destruction de l\u2019Humain et gaspillage des ressources. \u00bb<\/strong><\/em><\/p>\n<p><a href=\"https:\/\/www.facebook.com\/FreeGeorgesAbdallah?fref=ts\" target=\"_blank\" rel=\"noopener\">Plus de photos encore ici<\/a><\/p>\n<p style=\"text-align: center;\">\u00b0\u00b0\u00b0\u00b0\u00b0<\/p>\n<p>Publi\u00e9 le 2 mai 2022 sur <a href=\"https:\/\/liberonsgeorges.samizdat.net\/mobilisation\/1er-mai-journee-internationale-de-luttes-des-travailleurs-et-travailleuses\/?utm_source=mailpoet&amp;utm_medium=email&amp;utm_campaign=newsletter-post-title_1\" target=\"_blank\" rel=\"noopener\">Lib\u00e9rez Georges Abdallah<\/a><\/p>\n<p>&nbsp;<\/p>\n","protected":false},"excerpt":{"rendered":"<p>Georges Abdallah \u00e9tait pr\u00e9sent dans les cort\u00e8ges de manifestants du 1er Mai en France et  et ailleurs de par le monde.<\/p>\n","protected":false},"author":1,"featured_media":38607,"comment_status":"closed","ping_status":"closed","sticky":false,"template":"","format":"standard","meta":{"ngg_post_thumbnail":0,"footnotes":""},"categories":[14,13,201],"tags":[],"class_list":["post-38592","post","type-post","status-publish","format-standard","has-post-thumbnail","hentry","category-georges-ibrahim-abdallah","category-les-prisionners-palestiniens","category-travailleurs"],"yoast_head":"<!-- This site is optimized with the Yoast SEO plugin v27.3 - https:\/\/yoast.com\/product\/yoast-seo-wordpress\/ -->\n<title>1er mai, journ\u00e9e internationale de luttes des travailleurs et travailleuses<\/title>\n<meta name=\"description\" content=\"Georges Abdallah \u00e9tait pr\u00e9sent dans les cort\u00e8ges de manifestants du 1er Mai en France et et ailleurs de par le monde.\" \/>\n<meta name=\"robots\" content=\"index, follow, max-snippet:-1, max-image-preview:large, max-video-preview:-1\" \/>\n<link rel=\"canonical\" href=\"https:\/\/charleroi-pourlapalestine.be\/index.php\/2022\/05\/03\/1er-mai-journee-internationale-de-luttes-des-travailleurs-et-travailleuses\/\" \/>\n<script type=\"application\/ld+json\" class=\"yoast-schema-graph\">{\"@context\":\"https:\\\/\\\/schema.org\",\"@graph\":[{\"@type\":\"Article\",\"@id\":\"https:\\\/\\\/charleroi-pourlapalestine.be\\\/index.php\\\/2022\\\/05\\\/03\\\/1er-mai-journee-internationale-de-luttes-des-travailleurs-et-travailleuses\\\/#article\",\"isPartOf\":{\"@id\":\"https:\\\/\\\/charleroi-pourlapalestine.be\\\/index.php\\\/2022\\\/05\\\/03\\\/1er-mai-journee-internationale-de-luttes-des-travailleurs-et-travailleuses\\\/\"},\"author\":{\"name\":\"admin1873\",\"@id\":\"https:\\\/\\\/charleroi-pourlapalestine.be\\\/#\\\/schema\\\/person\\\/c19ff515112f1299d8c12671d8fe3faa\"},\"headline\":\"1er mai, journ\u00e9e internationale de luttes des travailleurs et travailleuses\",\"datePublished\":\"2022-05-03T06:02:10+00:00\",\"dateModified\":\"2022-05-03T06:02:12+00:00\",\"mainEntityOfPage\":{\"@id\":\"https:\\\/\\\/charleroi-pourlapalestine.be\\\/index.php\\\/2022\\\/05\\\/03\\\/1er-mai-journee-internationale-de-luttes-des-travailleurs-et-travailleuses\\\/\"},\"wordCount\":431,\"publisher\":{\"@id\":\"https:\\\/\\\/charleroi-pourlapalestine.be\\\/#organization\"},\"image\":{\"@id\":\"https:\\\/\\\/charleroi-pourlapalestine.be\\\/index.php\\\/2022\\\/05\\\/03\\\/1er-mai-journee-internationale-de-luttes-des-travailleurs-et-travailleuses\\\/#primaryimage\"},\"thumbnailUrl\":\"https:\\\/\\\/charleroi-pourlapalestine.be\\\/wp-content\\\/uploads\\\/2022\\\/05\\\/Georges-Abdallah.jpg\",\"articleSection\":[\"Georges Abdallah\",\"Prisonniers\",\"Travailleurs\"],\"inLanguage\":\"fr-FR\"},{\"@type\":\"WebPage\",\"@id\":\"https:\\\/\\\/charleroi-pourlapalestine.be\\\/index.php\\\/2022\\\/05\\\/03\\\/1er-mai-journee-internationale-de-luttes-des-travailleurs-et-travailleuses\\\/\",\"url\":\"https:\\\/\\\/charleroi-pourlapalestine.be\\\/index.php\\\/2022\\\/05\\\/03\\\/1er-mai-journee-internationale-de-luttes-des-travailleurs-et-travailleuses\\\/\",\"name\":\"1er mai, journ\u00e9e internationale de luttes des travailleurs et travailleuses\",\"isPartOf\":{\"@id\":\"https:\\\/\\\/charleroi-pourlapalestine.be\\\/#website\"},\"primaryImageOfPage\":{\"@id\":\"https:\\\/\\\/charleroi-pourlapalestine.be\\\/index.php\\\/2022\\\/05\\\/03\\\/1er-mai-journee-internationale-de-luttes-des-travailleurs-et-travailleuses\\\/#primaryimage\"},\"image\":{\"@id\":\"https:\\\/\\\/charleroi-pourlapalestine.be\\\/index.php\\\/2022\\\/05\\\/03\\\/1er-mai-journee-internationale-de-luttes-des-travailleurs-et-travailleuses\\\/#primaryimage\"},\"thumbnailUrl\":\"https:\\\/\\\/charleroi-pourlapalestine.be\\\/wp-content\\\/uploads\\\/2022\\\/05\\\/Georges-Abdallah.jpg\",\"datePublished\":\"2022-05-03T06:02:10+00:00\",\"dateModified\":\"2022-05-03T06:02:12+00:00\",\"description\":\"Georges Abdallah \u00e9tait pr\u00e9sent dans les cort\u00e8ges de manifestants du 1er Mai en France et et ailleurs de par le monde.\",\"breadcrumb\":{\"@id\":\"https:\\\/\\\/charleroi-pourlapalestine.be\\\/index.php\\\/2022\\\/05\\\/03\\\/1er-mai-journee-internationale-de-luttes-des-travailleurs-et-travailleuses\\\/#breadcrumb\"},\"inLanguage\":\"fr-FR\",\"potentialAction\":[{\"@type\":\"ReadAction\",\"target\":[\"https:\\\/\\\/charleroi-pourlapalestine.be\\\/index.php\\\/2022\\\/05\\\/03\\\/1er-mai-journee-internationale-de-luttes-des-travailleurs-et-travailleuses\\\/\"]}]},{\"@type\":\"ImageObject\",\"inLanguage\":\"fr-FR\",\"@id\":\"https:\\\/\\\/charleroi-pourlapalestine.be\\\/index.php\\\/2022\\\/05\\\/03\\\/1er-mai-journee-internationale-de-luttes-des-travailleurs-et-travailleuses\\\/#primaryimage\",\"url\":\"https:\\\/\\\/charleroi-pourlapalestine.be\\\/wp-content\\\/uploads\\\/2022\\\/05\\\/Georges-Abdallah.jpg\",\"contentUrl\":\"https:\\\/\\\/charleroi-pourlapalestine.be\\\/wp-content\\\/uploads\\\/2022\\\/05\\\/Georges-Abdallah.jpg\",\"width\":367,\"height\":260},{\"@type\":\"BreadcrumbList\",\"@id\":\"https:\\\/\\\/charleroi-pourlapalestine.be\\\/index.php\\\/2022\\\/05\\\/03\\\/1er-mai-journee-internationale-de-luttes-des-travailleurs-et-travailleuses\\\/#breadcrumb\",\"itemListElement\":[{\"@type\":\"ListItem\",\"position\":1,\"name\":\"Accueil\",\"item\":\"https:\\\/\\\/charleroi-pourlapalestine.be\\\/\"},{\"@type\":\"ListItem\",\"position\":2,\"name\":\"1er mai, journ\u00e9e internationale de luttes des travailleurs et travailleuses\"}]},{\"@type\":\"WebSite\",\"@id\":\"https:\\\/\\\/charleroi-pourlapalestine.be\\\/#website\",\"url\":\"https:\\\/\\\/charleroi-pourlapalestine.be\\\/\",\"name\":\"Charleroi Pour la Palestine\",\"description\":\"\",\"publisher\":{\"@id\":\"https:\\\/\\\/charleroi-pourlapalestine.be\\\/#organization\"},\"potentialAction\":[{\"@type\":\"SearchAction\",\"target\":{\"@type\":\"EntryPoint\",\"urlTemplate\":\"https:\\\/\\\/charleroi-pourlapalestine.be\\\/?s={search_term_string}\"},\"query-input\":{\"@type\":\"PropertyValueSpecification\",\"valueRequired\":true,\"valueName\":\"search_term_string\"}}],\"inLanguage\":\"fr-FR\"},{\"@type\":\"Organization\",\"@id\":\"https:\\\/\\\/charleroi-pourlapalestine.be\\\/#organization\",\"name\":\"Plate-forme Charleroi-Palestine\",\"url\":\"https:\\\/\\\/charleroi-pourlapalestine.be\\\/\",\"logo\":{\"@type\":\"ImageObject\",\"inLanguage\":\"fr-FR\",\"@id\":\"https:\\\/\\\/charleroi-pourlapalestine.be\\\/#\\\/schema\\\/logo\\\/image\\\/\",\"url\":\"https:\\\/\\\/charleroi-pourlapalestine.be\\\/wp-content\\\/uploads\\\/2020\\\/01\\\/logo-Copy.jpg\",\"contentUrl\":\"https:\\\/\\\/charleroi-pourlapalestine.be\\\/wp-content\\\/uploads\\\/2020\\\/01\\\/logo-Copy.jpg\",\"width\":180,\"height\":180,\"caption\":\"Plate-forme Charleroi-Palestine\"},\"image\":{\"@id\":\"https:\\\/\\\/charleroi-pourlapalestine.be\\\/#\\\/schema\\\/logo\\\/image\\\/\"},\"sameAs\":[\"https:\\\/\\\/www.facebook.com\\\/PlateformeCharleroiPalestine\\\/\",\"https:\\\/\\\/x.com\\\/LaCharleroi\"]},{\"@type\":\"Person\",\"@id\":\"https:\\\/\\\/charleroi-pourlapalestine.be\\\/#\\\/schema\\\/person\\\/c19ff515112f1299d8c12671d8fe3faa\",\"name\":\"admin1873\",\"url\":\"https:\\\/\\\/charleroi-pourlapalestine.be\\\/index.php\\\/author\\\/admin1873\\\/\"}]}<\/script>\n<!-- \/ Yoast SEO plugin. -->","yoast_head_json":{"title":"1er mai, journ\u00e9e internationale de luttes des travailleurs et travailleuses","description":"Georges Abdallah \u00e9tait pr\u00e9sent dans les cort\u00e8ges de manifestants du 1er Mai en France et et ailleurs de par le monde.","robots":{"index":"index","follow":"follow","max-snippet":"max-snippet:-1","max-image-preview":"max-image-preview:large","max-video-preview":"max-video-preview:-1"},"canonical":"https:\/\/charleroi-pourlapalestine.be\/index.php\/2022\/05\/03\/1er-mai-journee-internationale-de-luttes-des-travailleurs-et-travailleuses\/","schema":{"@context":"https:\/\/schema.org","@graph":[{"@type":"Article","@id":"https:\/\/charleroi-pourlapalestine.be\/index.php\/2022\/05\/03\/1er-mai-journee-internationale-de-luttes-des-travailleurs-et-travailleuses\/#article","isPartOf":{"@id":"https:\/\/charleroi-pourlapalestine.be\/index.php\/2022\/05\/03\/1er-mai-journee-internationale-de-luttes-des-travailleurs-et-travailleuses\/"},"author":{"name":"admin1873","@id":"https:\/\/charleroi-pourlapalestine.be\/#\/schema\/person\/c19ff515112f1299d8c12671d8fe3faa"},"headline":"1er mai, journ\u00e9e internationale de luttes des travailleurs et travailleuses","datePublished":"2022-05-03T06:02:10+00:00","dateModified":"2022-05-03T06:02:12+00:00","mainEntityOfPage":{"@id":"https:\/\/charleroi-pourlapalestine.be\/index.php\/2022\/05\/03\/1er-mai-journee-internationale-de-luttes-des-travailleurs-et-travailleuses\/"},"wordCount":431,"publisher":{"@id":"https:\/\/charleroi-pourlapalestine.be\/#organization"},"image":{"@id":"https:\/\/charleroi-pourlapalestine.be\/index.php\/2022\/05\/03\/1er-mai-journee-internationale-de-luttes-des-travailleurs-et-travailleuses\/#primaryimage"},"thumbnailUrl":"https:\/\/charleroi-pourlapalestine.be\/wp-content\/uploads\/2022\/05\/Georges-Abdallah.jpg","articleSection":["Georges Abdallah","Prisonniers","Travailleurs"],"inLanguage":"fr-FR"},{"@type":"WebPage","@id":"https:\/\/charleroi-pourlapalestine.be\/index.php\/2022\/05\/03\/1er-mai-journee-internationale-de-luttes-des-travailleurs-et-travailleuses\/","url":"https:\/\/charleroi-pourlapalestine.be\/index.php\/2022\/05\/03\/1er-mai-journee-internationale-de-luttes-des-travailleurs-et-travailleuses\/","name":"1er mai, journ\u00e9e internationale de luttes des travailleurs et travailleuses","isPartOf":{"@id":"https:\/\/charleroi-pourlapalestine.be\/#website"},"primaryImageOfPage":{"@id":"https:\/\/charleroi-pourlapalestine.be\/index.php\/2022\/05\/03\/1er-mai-journee-internationale-de-luttes-des-travailleurs-et-travailleuses\/#primaryimage"},"image":{"@id":"https:\/\/charleroi-pourlapalestine.be\/index.php\/2022\/05\/03\/1er-mai-journee-internationale-de-luttes-des-travailleurs-et-travailleuses\/#primaryimage"},"thumbnailUrl":"https:\/\/charleroi-pourlapalestine.be\/wp-content\/uploads\/2022\/05\/Georges-Abdallah.jpg","datePublished":"2022-05-03T06:02:10+00:00","dateModified":"2022-05-03T06:02:12+00:00","description":"Georges Abdallah \u00e9tait pr\u00e9sent dans les cort\u00e8ges de manifestants du 1er Mai en France et et ailleurs de par le monde.","breadcrumb":{"@id":"https:\/\/charleroi-pourlapalestine.be\/index.php\/2022\/05\/03\/1er-mai-journee-internationale-de-luttes-des-travailleurs-et-travailleuses\/#breadcrumb"},"inLanguage":"fr-FR","potentialAction":[{"@type":"ReadAction","target":["https:\/\/charleroi-pourlapalestine.be\/index.php\/2022\/05\/03\/1er-mai-journee-internationale-de-luttes-des-travailleurs-et-travailleuses\/"]}]},{"@type":"ImageObject","inLanguage":"fr-FR","@id":"https:\/\/charleroi-pourlapalestine.be\/index.php\/2022\/05\/03\/1er-mai-journee-internationale-de-luttes-des-travailleurs-et-travailleuses\/#primaryimage","url":"https:\/\/charleroi-pourlapalestine.be\/wp-content\/uploads\/2022\/05\/Georges-Abdallah.jpg","contentUrl":"https:\/\/charleroi-pourlapalestine.be\/wp-content\/uploads\/2022\/05\/Georges-Abdallah.jpg","width":367,"height":260},{"@type":"BreadcrumbList","@id":"https:\/\/charleroi-pourlapalestine.be\/index.php\/2022\/05\/03\/1er-mai-journee-internationale-de-luttes-des-travailleurs-et-travailleuses\/#breadcrumb","itemListElement":[{"@type":"ListItem","position":1,"name":"Accueil","item":"https:\/\/charleroi-pourlapalestine.be\/"},{"@type":"ListItem","position":2,"name":"1er mai, journ\u00e9e internationale de luttes des travailleurs et travailleuses"}]},{"@type":"WebSite","@id":"https:\/\/charleroi-pourlapalestine.be\/#website","url":"https:\/\/charleroi-pourlapalestine.be\/","name":"Charleroi Pour la Palestine","description":"","publisher":{"@id":"https:\/\/charleroi-pourlapalestine.be\/#organization"},"potentialAction":[{"@type":"SearchAction","target":{"@type":"EntryPoint","urlTemplate":"https:\/\/charleroi-pourlapalestine.be\/?s={search_term_string}"},"query-input":{"@type":"PropertyValueSpecification","valueRequired":true,"valueName":"search_term_string"}}],"inLanguage":"fr-FR"},{"@type":"Organization","@id":"https:\/\/charleroi-pourlapalestine.be\/#organization","name":"Plate-forme Charleroi-Palestine","url":"https:\/\/charleroi-pourlapalestine.be\/","logo":{"@type":"ImageObject","inLanguage":"fr-FR","@id":"https:\/\/charleroi-pourlapalestine.be\/#\/schema\/logo\/image\/","url":"https:\/\/charleroi-pourlapalestine.be\/wp-content\/uploads\/2020\/01\/logo-Copy.jpg","contentUrl":"https:\/\/charleroi-pourlapalestine.be\/wp-content\/uploads\/2020\/01\/logo-Copy.jpg","width":180,"height":180,"caption":"Plate-forme Charleroi-Palestine"},"image":{"@id":"https:\/\/charleroi-pourlapalestine.be\/#\/schema\/logo\/image\/"},"sameAs":["https:\/\/www.facebook.com\/PlateformeCharleroiPalestine\/","https:\/\/x.com\/LaCharleroi"]},{"@type":"Person","@id":"https:\/\/charleroi-pourlapalestine.be\/#\/schema\/person\/c19ff515112f1299d8c12671d8fe3faa","name":"admin1873","url":"https:\/\/charleroi-pourlapalestine.be\/index.php\/author\/admin1873\/"}]}},"_links":{"self":[{"href":"https:\/\/charleroi-pourlapalestine.be\/index.php\/wp-json\/wp\/v2\/posts\/38592","targetHints":{"allow":["GET"]}}],"collection":[{"href":"https:\/\/charleroi-pourlapalestine.be\/index.php\/wp-json\/wp\/v2\/posts"}],"about":[{"href":"https:\/\/charleroi-pourlapalestine.be\/index.php\/wp-json\/wp\/v2\/types\/post"}],"author":[{"embeddable":true,"href":"https:\/\/charleroi-pourlapalestine.be\/index.php\/wp-json\/wp\/v2\/users\/1"}],"replies":[{"embeddable":true,"href":"https:\/\/charleroi-pourlapalestine.be\/index.php\/wp-json\/wp\/v2\/comments?post=38592"}],"version-history":[{"count":0,"href":"https:\/\/charleroi-pourlapalestine.be\/index.php\/wp-json\/wp\/v2\/posts\/38592\/revisions"}],"wp:featuredmedia":[{"embeddable":true,"href":"https:\/\/charleroi-pourlapalestine.be\/index.php\/wp-json\/wp\/v2\/media\/38607"}],"wp:attachment":[{"href":"https:\/\/charleroi-pourlapalestine.be\/index.php\/wp-json\/wp\/v2\/media?parent=38592"}],"wp:term":[{"taxonomy":"category","embeddable":true,"href":"https:\/\/charleroi-pourlapalestine.be\/index.php\/wp-json\/wp\/v2\/categories?post=38592"},{"taxonomy":"post_tag","embeddable":true,"href":"https:\/\/charleroi-pourlapalestine.be\/index.php\/wp-json\/wp\/v2\/tags?post=38592"}],"curies":[{"name":"wp","href":"https:\/\/api.w.org\/{rel}","templated":true}]}}