{"id":38638,"date":"2022-05-07T19:25:08","date_gmt":"2022-05-07T17:25:08","guid":{"rendered":"https:\/\/charleroi-pourlapalestine.be\/?p=38638"},"modified":"2022-05-07T19:42:58","modified_gmt":"2022-05-07T17:42:58","slug":"boycott-de-teva-la-justice-donne-a-nouveau-raison-a-olivia-zemor","status":"publish","type":"post","link":"https:\/\/charleroi-pourlapalestine.be\/index.php\/2022\/05\/07\/boycott-de-teva-la-justice-donne-a-nouveau-raison-a-olivia-zemor\/","title":{"rendered":"Boycott de TEVA : la justice donne \u00e0 nouveau raison \u00e0 Olivia Z\u00e9mor !"},"content":{"rendered":"<p>La<strong> Cour d\u2019Appel de Lyon<\/strong> saisie par <strong>TEVA et des officines sionistes<\/strong>, a confirm\u00e9 ce jeudi <strong>la relaxe d\u2019Olivia Z\u00e9mor<\/strong>, prononc\u00e9e en premi\u00e8re instance, sur les deux chefs d\u2019inculpation : la diffamation et la discrimination raciste.<\/p>\n<p><img loading=\"lazy\" decoding=\"async\" class=\"aligncenter wp-image-38641 size-full\" src=\"https:\/\/charleroi-pourlapalestine.be\/wp-content\/uploads\/2022\/05\/Victoire-pour-Olivia-Zemor-e1651941573655.jpeg\" alt=\"\" width=\"426\" height=\"320\"><\/p>\n<p>Trouvez ici l&rsquo;article publi\u00e9 sur <a href=\"https:\/\/europalestine.com\/2022\/05\/06\/boycott-des-medicaments-generiques-de-teva-la-justice-nous-donne-raison\/\" target=\"_blank\" rel=\"noopener\">CAPJPO-Europalestine<\/a> le 6 mai 2022.<\/p>\n<p><strong>Dire que les b\u00e9n\u00e9fices de TEVA contribuent au financement de l\u2019arm\u00e9e d\u2019occupation isra\u00e9lienne n\u2019est donc pas une diffamation, et appeler au boycott des g\u00e9n\u00e9riques TEVA, comme nous l\u2019avons fait, en relayant l\u2019action pacifique du Collectif 69 devant une pharmacie lyonnaise, ne constitue pas une discrimination et une incitation \u00e0 la haine raciale et \u00e0 la violence.<\/strong><\/p>\n<p>Pour rappel, le ministre fran\u00e7ais de la <strong>Justice, Eric Dupond-Moretti<\/strong>, faisant fi du jugement de la <strong>Cour europ\u00e9enne des Droits de l\u2019homme<\/strong> qui l\u00e9gitime l\u2019appel au boycott d\u2019Isra\u00ebl et des produits isra\u00e9liens et qui a condamn\u00e9 la France en juin 2020 \u00e0 verser 100.000 euros de dommages et int\u00e9r\u00eats \u00e0 12 militants de Mulhouse injustement condamn\u00e9s, avait demand\u00e9 dans une circulaire \u00e0 tous les magistrats de continuer \u00e0 condamner les militants appelant \u00e0 boycotter Isra\u00ebl\u2026 en motivant <em>\u00ab mieux \u00bb<\/em> leurs condamnations !<\/p>\n<p>Mais contrairement \u00e0 ce que s\u2019imaginent ce ministre et le lobby isra\u00e9lien, tous les juges ne sont pas \u00e0 leurs ordres.<\/p>\n<p>On vient d\u2019en avoir une preuve avec <a href=\"https:\/\/charleroi-pourlapalestine.be\/index.php\/2022\/04\/30\/pif-pouf-paf-trois-claques-dans-la-face-de-macron\/\">les r\u00e9centes d\u00e9cisions du<strong> Conseil d\u2019Etat<\/strong><\/a> qui a refus\u00e9 les dissolutions de deux associations pro-palestiniennes, le <strong>Collectif Palestine Vaincra<\/strong> et le <strong>Comit\u00e9 Action Palestine<\/strong>, prononc\u00e9es en mars par le gouvernement (de m\u00eame que la fermeture de la <strong>mosqu\u00e9e de Pessac<\/strong>).<\/p>\n<p>Dissolutions ou fermeture que le ministre de l\u2019int\u00e9rieur, <strong>Gerald Darmanin,<\/strong> justifiait par une soi-disant <em>\u00ab incitation \u00e0 la haine d\u2019Isra\u00ebl \u00bb<\/em>, une \u00ab apologie du terrorisme \u00bb ou encore l\u2019appel au boycott de l\u2019Etat d\u2019Apartheid. Autant d\u2019accusations qui ont \u00e9t\u00e9 rejet\u00e9es par le Conseil d\u2019Etat.<\/p>\n<p>Nous nous f\u00e9licitons de ces victoires de la libert\u00e9 d\u2019expression.<\/p>\n<p>Mais il est clair que le lobby isra\u00e9lien continue \u00e0 faire pression sur nos dirigeants (on l\u2019a encore vu lors du d\u00eener du<strong> CRIF<\/strong> o\u00f9<strong> Castex,<\/strong> au nom de Macron, a d\u00e9clar\u00e9 en violation du droit international et du droit fran\u00e7ais que <em>\u00ab J\u00e9rusalem resterait la capitale \u00e9ternelle du peuple juif<\/em> \u00bb).<\/p>\n<p>Ce jeudi, des militants de<strong> Montpellier<\/strong> ont \u00e9t\u00e9 par exemple oblig\u00e9s de faire appel en r\u00e9f\u00e9r\u00e9 d\u2019<a href=\"https:\/\/www.bdsfmontpellier.org\/la-mairie-de-montpellier-tenter-dempecher-la-presentation-du-rapport-damnesty-international-sur-lapartheid-israelien\/\" target=\"_blank\" rel=\"noopener\">une d\u00e9cision d\u2019interdire dans cette ville une projection du documentaire d\u2019<strong>Amnesty International<\/strong> <\/a>sur l\u2019apartheid isra\u00e9lien !(*)<\/p>\n<p>Et pendant ce temps, les Palestiniens r\u00e9sistent tous les jours h\u00e9ro\u00efquement \u00e0 l\u2019arm\u00e9e d\u2019occupation et aux colons isra\u00e9liens. Et cela sur tous les fronts : d\u00e9fense des lieux saints \u00e0 J\u00e9rusalem et \u00e0 H\u00e9bron, vol de terres, expulsions, d\u00e9molitions, assassinats, emprisonnements, torture, et aggravation de la situation \u00e0 Gaza sous blocus.<\/p>\n<h3>Comment soutenir la Palestine ?<\/h3>\n<p>Une r\u00e9sistance que nous devons continuer \u00e0 soutenir par tous les moyens :<\/p>\n<p>\u2013 en affichant et en exprimant publiquement notre soutien aux droits des Palestiniens (mettez un drapeau palestinien \u00e0 votre fen\u00eatre, proposez \u00e0 votre ville un jumelage avec une ville, un village ou un camp de r\u00e9fugi\u00e9s palestinien, portez un keffieh\u2026)<\/p>\n<p>\u2013 en amplifiant le boycott de tout ce qui est export\u00e9 par l\u2019Etat colonial : ses produits, ses spectacles, ou ses \u00e9quipes sportives, ainsi que les firmes internationales comme HP et PUMA qui participent \u00e0 la colonisation et \u00e0 la r\u00e9pression des Palestiniens.<\/p>\n<p>\u2013 en organisant des rassemblements et des \u00e9v\u00e9nements pour les droits des Palestiniens dans toutes les villes<\/p>\n<p>\u2013 en \u00e9tant solidaires de tous les militants, en France et \u00e0 l\u2019\u00e9tranger, d\u00e9fendant les droits des Palestiniens (*)<\/p>\n<p>\u2013 en contre-attaquant en justice les diffamations, incitations \u00e0 la haine des Palestiniens ou les d\u00e9cisions sc\u00e9l\u00e9rates prises \u00e0 l\u2019encontre des d\u00e9fenseurs du droit et de la justice<\/p>\n<p>\u2013 en aidant financi\u00e8rement les Palestiniens quand c\u2019est possible.<\/p>\n<p style=\"text-align: center;\">\u00b0\u00b0\u00b0\u00b0\u00b0<\/p>\n<p>(*) Mercredi 12 mai, le <em>Mouvement pour une Alternative Non-violente<\/em> et plusieurs associations (dont la <em>Campagne BDS France Montpellier<\/em>) organisent une r\u00e9union publique intitul\u00e9e \u00ab&nbsp;<span class=\"i author-a-az78zz122zuz80zpz71zqa6z71zswpaz78z\"><i class=\"\">L\u2019Apartheid&nbsp;<\/i><\/span><span class=\"author-a-z69zjz77zrdtuz84zz89zz78zoz65zz74zkz68zl i\"><i class=\"\">isra\u00e9lien envers le peuple p<\/i><\/span><span class=\"i author-a-az78zz122zuz80zpz71zqa6z71zswpaz78z\"><i class=\"\">alestinien<\/i><\/span><span class=\"author-a-z69zjz77zrdtuz84zz89zz78zoz65zz74zkz68zl i\"><i class=\"\">;<\/i><\/span><span class=\"i author-a-az78zz122zuz80zpz71zqa6z71zswpaz78z\"><i class=\"\"> Un syst\u00e8me cruel de domination et un crime contre l\u2019humanit\u00e9&nbsp;\u00bb<\/i> afin de pr\u00e9senter le r\u00e9cent rapport d\u2019<em>Amnesty International<\/em>. Alors que cette initiative devait avoir lieu dans une salle municipale, la mairie de Montpellier a subitement retir\u00e9 le pr\u00eat de la salle qu\u2019elle l\u2019avait accord\u00e9 d\u00e8s le 5 avril. Le <em>MAN<\/em> a d\u00e9pos\u00e9 un r\u00e9f\u00e9r\u00e9-libert\u00e9 devant le Tribunal Administratif afin de contester cette censure. Vendredi 6 mai, la juge a signifi\u00e9 que cette affaire relevait finalement d\u2019un juge judiciaire. Dans ces conditions, les organisateurs d\u00e9placent le lieu de <a href=\"https:\/\/man.non-violence-herault.org\/blog.php?lng=fr&amp;sel=pg&amp;tconfig=0&amp;pg=4227&amp;fbclid=IwAR2hpv6oj5FUz83GWVc9QwoBVB3qDVai_fbTf3_6AfUfiw_N_NkJD7FYPn8#z2\" data-et-has-event-already=\"true\">la r\u00e9union publique qui aura finalement lieu \u00e0 La Carmagnole d\u00e8s 19H. <\/a>(Info via <a href=\"https:\/\/palestinevaincra.com\/2022\/05\/la-mairie-socialiste-de-montpellier-tente-de-censurer-une-reunion-sur-lapartheid-israelien-avec-amnesty-international\/\" target=\"_blank\" rel=\"noopener\">Collectif Palestine Vaincra.<\/a><\/span><\/p>\n<p>(**) Le Comit\u00e9 belge de soutien \u00e0 Olivia Z\u00e9mor a organis\u00e9 le mardi 25 janvier un<a href=\"https:\/\/charleroi-pourlapalestine.be\/index.php\/2022\/01\/25\/boycott-teva-avec-toi-olivia\/\"> rassemblement<\/a> devant le consulat de France \u00e0 Bruxelles afin de r\u00e9agir par rapport \u00e0 la comparution l<span class=\"d2edcug0 hpfvmrgz qv66sw1b c1et5uql lr9zc1uh a8c37x1j fe6kdd0r mau55g9w c8b282yb keod5gw0 nxhoafnm aigsh9s9 d3f4x2em iv3no6db jq4qci2q a3bd9o3v b1v8xokw oo9gr5id\" dir=\"auto\">e 27 janvier d\u2019Olivia Z\u00e9mor devant la Cour d\u2019Appel de Lyon. Des membres de la Plate-forme Charleroi-Palestine y avaient particip\u00e9.<\/span><\/p>\n<p>&nbsp;<\/p>\n","protected":false},"excerpt":{"rendered":"<p>La Cour d\u2019Appel de Lyon a confirm\u00e9 ce jeudi la relaxe d\u2019Olivia Z\u00e9mor, prononc\u00e9e en premi\u00e8re instance, sur les deux chefs d\u2019inculpation : la diffamation et la discrimination raciste.<\/p>\n","protected":false},"author":1,"featured_media":38641,"comment_status":"closed","ping_status":"closed","sticky":false,"template":"","format":"standard","meta":{"ngg_post_thumbnail":0,"footnotes":""},"categories":[90,87],"tags":[],"class_list":["post-38638","post","type-post","status-publish","format-standard","has-post-thumbnail","hentry","category-bds","category-liberte-dexpression"],"yoast_head":"<!-- This site is optimized with the Yoast SEO plugin v27.3 - https:\/\/yoast.com\/product\/yoast-seo-wordpress\/ -->\n<title>Boycott de TEVA : la justice donne \u00e0 nouveau raison \u00e0 Olivia Z\u00e9mor !<\/title>\n<meta name=\"description\" content=\"La Cour d\u2019Appel de Lyon saisie par TEVA et des officines sionistes, a confirm\u00e9 ce jeudi la relaxe d\u2019Olivia Z\u00e9mor\" \/>\n<meta name=\"robots\" content=\"index, follow, max-snippet:-1, max-image-preview:large, max-video-preview:-1\" \/>\n<link rel=\"canonical\" href=\"https:\/\/charleroi-pourlapalestine.be\/index.php\/2022\/05\/07\/boycott-de-teva-la-justice-donne-a-nouveau-raison-a-olivia-zemor\/\" \/>\n<script type=\"application\/ld+json\" class=\"yoast-schema-graph\">{\"@context\":\"https:\\\/\\\/schema.org\",\"@graph\":[{\"@type\":\"Article\",\"@id\":\"https:\\\/\\\/charleroi-pourlapalestine.be\\\/index.php\\\/2022\\\/05\\\/07\\\/boycott-de-teva-la-justice-donne-a-nouveau-raison-a-olivia-zemor\\\/#article\",\"isPartOf\":{\"@id\":\"https:\\\/\\\/charleroi-pourlapalestine.be\\\/index.php\\\/2022\\\/05\\\/07\\\/boycott-de-teva-la-justice-donne-a-nouveau-raison-a-olivia-zemor\\\/\"},\"author\":{\"name\":\"admin1873\",\"@id\":\"https:\\\/\\\/charleroi-pourlapalestine.be\\\/#\\\/schema\\\/person\\\/c19ff515112f1299d8c12671d8fe3faa\"},\"headline\":\"Boycott de TEVA : la justice donne \u00e0 nouveau raison \u00e0 Olivia Z\u00e9mor !\",\"datePublished\":\"2022-05-07T17:25:08+00:00\",\"dateModified\":\"2022-05-07T17:42:58+00:00\",\"mainEntityOfPage\":{\"@id\":\"https:\\\/\\\/charleroi-pourlapalestine.be\\\/index.php\\\/2022\\\/05\\\/07\\\/boycott-de-teva-la-justice-donne-a-nouveau-raison-a-olivia-zemor\\\/\"},\"wordCount\":876,\"publisher\":{\"@id\":\"https:\\\/\\\/charleroi-pourlapalestine.be\\\/#organization\"},\"image\":{\"@id\":\"https:\\\/\\\/charleroi-pourlapalestine.be\\\/index.php\\\/2022\\\/05\\\/07\\\/boycott-de-teva-la-justice-donne-a-nouveau-raison-a-olivia-zemor\\\/#primaryimage\"},\"thumbnailUrl\":\"https:\\\/\\\/charleroi-pourlapalestine.be\\\/wp-content\\\/uploads\\\/2022\\\/05\\\/Victoire-pour-Olivia-Zemor-e1651941573655.jpeg\",\"articleSection\":[\"BDS\",\"Libert\u00e9 d'expression\"],\"inLanguage\":\"fr-FR\"},{\"@type\":\"WebPage\",\"@id\":\"https:\\\/\\\/charleroi-pourlapalestine.be\\\/index.php\\\/2022\\\/05\\\/07\\\/boycott-de-teva-la-justice-donne-a-nouveau-raison-a-olivia-zemor\\\/\",\"url\":\"https:\\\/\\\/charleroi-pourlapalestine.be\\\/index.php\\\/2022\\\/05\\\/07\\\/boycott-de-teva-la-justice-donne-a-nouveau-raison-a-olivia-zemor\\\/\",\"name\":\"Boycott de TEVA : la justice donne \u00e0 nouveau raison \u00e0 Olivia Z\u00e9mor !\",\"isPartOf\":{\"@id\":\"https:\\\/\\\/charleroi-pourlapalestine.be\\\/#website\"},\"primaryImageOfPage\":{\"@id\":\"https:\\\/\\\/charleroi-pourlapalestine.be\\\/index.php\\\/2022\\\/05\\\/07\\\/boycott-de-teva-la-justice-donne-a-nouveau-raison-a-olivia-zemor\\\/#primaryimage\"},\"image\":{\"@id\":\"https:\\\/\\\/charleroi-pourlapalestine.be\\\/index.php\\\/2022\\\/05\\\/07\\\/boycott-de-teva-la-justice-donne-a-nouveau-raison-a-olivia-zemor\\\/#primaryimage\"},\"thumbnailUrl\":\"https:\\\/\\\/charleroi-pourlapalestine.be\\\/wp-content\\\/uploads\\\/2022\\\/05\\\/Victoire-pour-Olivia-Zemor-e1651941573655.jpeg\",\"datePublished\":\"2022-05-07T17:25:08+00:00\",\"dateModified\":\"2022-05-07T17:42:58+00:00\",\"description\":\"La Cour d\u2019Appel de Lyon saisie par TEVA et des officines sionistes, a confirm\u00e9 ce jeudi la relaxe d\u2019Olivia Z\u00e9mor\",\"breadcrumb\":{\"@id\":\"https:\\\/\\\/charleroi-pourlapalestine.be\\\/index.php\\\/2022\\\/05\\\/07\\\/boycott-de-teva-la-justice-donne-a-nouveau-raison-a-olivia-zemor\\\/#breadcrumb\"},\"inLanguage\":\"fr-FR\",\"potentialAction\":[{\"@type\":\"ReadAction\",\"target\":[\"https:\\\/\\\/charleroi-pourlapalestine.be\\\/index.php\\\/2022\\\/05\\\/07\\\/boycott-de-teva-la-justice-donne-a-nouveau-raison-a-olivia-zemor\\\/\"]}]},{\"@type\":\"ImageObject\",\"inLanguage\":\"fr-FR\",\"@id\":\"https:\\\/\\\/charleroi-pourlapalestine.be\\\/index.php\\\/2022\\\/05\\\/07\\\/boycott-de-teva-la-justice-donne-a-nouveau-raison-a-olivia-zemor\\\/#primaryimage\",\"url\":\"https:\\\/\\\/charleroi-pourlapalestine.be\\\/wp-content\\\/uploads\\\/2022\\\/05\\\/Victoire-pour-Olivia-Zemor-e1651941573655.jpeg\",\"contentUrl\":\"https:\\\/\\\/charleroi-pourlapalestine.be\\\/wp-content\\\/uploads\\\/2022\\\/05\\\/Victoire-pour-Olivia-Zemor-e1651941573655.jpeg\",\"width\":426,\"height\":320},{\"@type\":\"BreadcrumbList\",\"@id\":\"https:\\\/\\\/charleroi-pourlapalestine.be\\\/index.php\\\/2022\\\/05\\\/07\\\/boycott-de-teva-la-justice-donne-a-nouveau-raison-a-olivia-zemor\\\/#breadcrumb\",\"itemListElement\":[{\"@type\":\"ListItem\",\"position\":1,\"name\":\"Accueil\",\"item\":\"https:\\\/\\\/charleroi-pourlapalestine.be\\\/\"},{\"@type\":\"ListItem\",\"position\":2,\"name\":\"Boycott de TEVA : la justice donne \u00e0 nouveau raison \u00e0 Olivia Z\u00e9mor !\"}]},{\"@type\":\"WebSite\",\"@id\":\"https:\\\/\\\/charleroi-pourlapalestine.be\\\/#website\",\"url\":\"https:\\\/\\\/charleroi-pourlapalestine.be\\\/\",\"name\":\"Charleroi Pour la Palestine\",\"description\":\"\",\"publisher\":{\"@id\":\"https:\\\/\\\/charleroi-pourlapalestine.be\\\/#organization\"},\"potentialAction\":[{\"@type\":\"SearchAction\",\"target\":{\"@type\":\"EntryPoint\",\"urlTemplate\":\"https:\\\/\\\/charleroi-pourlapalestine.be\\\/?s={search_term_string}\"},\"query-input\":{\"@type\":\"PropertyValueSpecification\",\"valueRequired\":true,\"valueName\":\"search_term_string\"}}],\"inLanguage\":\"fr-FR\"},{\"@type\":\"Organization\",\"@id\":\"https:\\\/\\\/charleroi-pourlapalestine.be\\\/#organization\",\"name\":\"Plate-forme Charleroi-Palestine\",\"url\":\"https:\\\/\\\/charleroi-pourlapalestine.be\\\/\",\"logo\":{\"@type\":\"ImageObject\",\"inLanguage\":\"fr-FR\",\"@id\":\"https:\\\/\\\/charleroi-pourlapalestine.be\\\/#\\\/schema\\\/logo\\\/image\\\/\",\"url\":\"https:\\\/\\\/charleroi-pourlapalestine.be\\\/wp-content\\\/uploads\\\/2020\\\/01\\\/logo-Copy.jpg\",\"contentUrl\":\"https:\\\/\\\/charleroi-pourlapalestine.be\\\/wp-content\\\/uploads\\\/2020\\\/01\\\/logo-Copy.jpg\",\"width\":180,\"height\":180,\"caption\":\"Plate-forme Charleroi-Palestine\"},\"image\":{\"@id\":\"https:\\\/\\\/charleroi-pourlapalestine.be\\\/#\\\/schema\\\/logo\\\/image\\\/\"},\"sameAs\":[\"https:\\\/\\\/www.facebook.com\\\/PlateformeCharleroiPalestine\\\/\",\"https:\\\/\\\/x.com\\\/LaCharleroi\"]},{\"@type\":\"Person\",\"@id\":\"https:\\\/\\\/charleroi-pourlapalestine.be\\\/#\\\/schema\\\/person\\\/c19ff515112f1299d8c12671d8fe3faa\",\"name\":\"admin1873\",\"url\":\"https:\\\/\\\/charleroi-pourlapalestine.be\\\/index.php\\\/author\\\/admin1873\\\/\"}]}<\/script>\n<!-- \/ Yoast SEO plugin. -->","yoast_head_json":{"title":"Boycott de TEVA : la justice donne \u00e0 nouveau raison \u00e0 Olivia Z\u00e9mor !","description":"La Cour d\u2019Appel de Lyon saisie par TEVA et des officines sionistes, a confirm\u00e9 ce jeudi la relaxe d\u2019Olivia Z\u00e9mor","robots":{"index":"index","follow":"follow","max-snippet":"max-snippet:-1","max-image-preview":"max-image-preview:large","max-video-preview":"max-video-preview:-1"},"canonical":"https:\/\/charleroi-pourlapalestine.be\/index.php\/2022\/05\/07\/boycott-de-teva-la-justice-donne-a-nouveau-raison-a-olivia-zemor\/","schema":{"@context":"https:\/\/schema.org","@graph":[{"@type":"Article","@id":"https:\/\/charleroi-pourlapalestine.be\/index.php\/2022\/05\/07\/boycott-de-teva-la-justice-donne-a-nouveau-raison-a-olivia-zemor\/#article","isPartOf":{"@id":"https:\/\/charleroi-pourlapalestine.be\/index.php\/2022\/05\/07\/boycott-de-teva-la-justice-donne-a-nouveau-raison-a-olivia-zemor\/"},"author":{"name":"admin1873","@id":"https:\/\/charleroi-pourlapalestine.be\/#\/schema\/person\/c19ff515112f1299d8c12671d8fe3faa"},"headline":"Boycott de TEVA : la justice donne \u00e0 nouveau raison \u00e0 Olivia Z\u00e9mor !","datePublished":"2022-05-07T17:25:08+00:00","dateModified":"2022-05-07T17:42:58+00:00","mainEntityOfPage":{"@id":"https:\/\/charleroi-pourlapalestine.be\/index.php\/2022\/05\/07\/boycott-de-teva-la-justice-donne-a-nouveau-raison-a-olivia-zemor\/"},"wordCount":876,"publisher":{"@id":"https:\/\/charleroi-pourlapalestine.be\/#organization"},"image":{"@id":"https:\/\/charleroi-pourlapalestine.be\/index.php\/2022\/05\/07\/boycott-de-teva-la-justice-donne-a-nouveau-raison-a-olivia-zemor\/#primaryimage"},"thumbnailUrl":"https:\/\/charleroi-pourlapalestine.be\/wp-content\/uploads\/2022\/05\/Victoire-pour-Olivia-Zemor-e1651941573655.jpeg","articleSection":["BDS","Libert\u00e9 d'expression"],"inLanguage":"fr-FR"},{"@type":"WebPage","@id":"https:\/\/charleroi-pourlapalestine.be\/index.php\/2022\/05\/07\/boycott-de-teva-la-justice-donne-a-nouveau-raison-a-olivia-zemor\/","url":"https:\/\/charleroi-pourlapalestine.be\/index.php\/2022\/05\/07\/boycott-de-teva-la-justice-donne-a-nouveau-raison-a-olivia-zemor\/","name":"Boycott de TEVA : la justice donne \u00e0 nouveau raison \u00e0 Olivia Z\u00e9mor !","isPartOf":{"@id":"https:\/\/charleroi-pourlapalestine.be\/#website"},"primaryImageOfPage":{"@id":"https:\/\/charleroi-pourlapalestine.be\/index.php\/2022\/05\/07\/boycott-de-teva-la-justice-donne-a-nouveau-raison-a-olivia-zemor\/#primaryimage"},"image":{"@id":"https:\/\/charleroi-pourlapalestine.be\/index.php\/2022\/05\/07\/boycott-de-teva-la-justice-donne-a-nouveau-raison-a-olivia-zemor\/#primaryimage"},"thumbnailUrl":"https:\/\/charleroi-pourlapalestine.be\/wp-content\/uploads\/2022\/05\/Victoire-pour-Olivia-Zemor-e1651941573655.jpeg","datePublished":"2022-05-07T17:25:08+00:00","dateModified":"2022-05-07T17:42:58+00:00","description":"La Cour d\u2019Appel de Lyon saisie par TEVA et des officines sionistes, a confirm\u00e9 ce jeudi la relaxe d\u2019Olivia Z\u00e9mor","breadcrumb":{"@id":"https:\/\/charleroi-pourlapalestine.be\/index.php\/2022\/05\/07\/boycott-de-teva-la-justice-donne-a-nouveau-raison-a-olivia-zemor\/#breadcrumb"},"inLanguage":"fr-FR","potentialAction":[{"@type":"ReadAction","target":["https:\/\/charleroi-pourlapalestine.be\/index.php\/2022\/05\/07\/boycott-de-teva-la-justice-donne-a-nouveau-raison-a-olivia-zemor\/"]}]},{"@type":"ImageObject","inLanguage":"fr-FR","@id":"https:\/\/charleroi-pourlapalestine.be\/index.php\/2022\/05\/07\/boycott-de-teva-la-justice-donne-a-nouveau-raison-a-olivia-zemor\/#primaryimage","url":"https:\/\/charleroi-pourlapalestine.be\/wp-content\/uploads\/2022\/05\/Victoire-pour-Olivia-Zemor-e1651941573655.jpeg","contentUrl":"https:\/\/charleroi-pourlapalestine.be\/wp-content\/uploads\/2022\/05\/Victoire-pour-Olivia-Zemor-e1651941573655.jpeg","width":426,"height":320},{"@type":"BreadcrumbList","@id":"https:\/\/charleroi-pourlapalestine.be\/index.php\/2022\/05\/07\/boycott-de-teva-la-justice-donne-a-nouveau-raison-a-olivia-zemor\/#breadcrumb","itemListElement":[{"@type":"ListItem","position":1,"name":"Accueil","item":"https:\/\/charleroi-pourlapalestine.be\/"},{"@type":"ListItem","position":2,"name":"Boycott de TEVA : la justice donne \u00e0 nouveau raison \u00e0 Olivia Z\u00e9mor !"}]},{"@type":"WebSite","@id":"https:\/\/charleroi-pourlapalestine.be\/#website","url":"https:\/\/charleroi-pourlapalestine.be\/","name":"Charleroi Pour la Palestine","description":"","publisher":{"@id":"https:\/\/charleroi-pourlapalestine.be\/#organization"},"potentialAction":[{"@type":"SearchAction","target":{"@type":"EntryPoint","urlTemplate":"https:\/\/charleroi-pourlapalestine.be\/?s={search_term_string}"},"query-input":{"@type":"PropertyValueSpecification","valueRequired":true,"valueName":"search_term_string"}}],"inLanguage":"fr-FR"},{"@type":"Organization","@id":"https:\/\/charleroi-pourlapalestine.be\/#organization","name":"Plate-forme Charleroi-Palestine","url":"https:\/\/charleroi-pourlapalestine.be\/","logo":{"@type":"ImageObject","inLanguage":"fr-FR","@id":"https:\/\/charleroi-pourlapalestine.be\/#\/schema\/logo\/image\/","url":"https:\/\/charleroi-pourlapalestine.be\/wp-content\/uploads\/2020\/01\/logo-Copy.jpg","contentUrl":"https:\/\/charleroi-pourlapalestine.be\/wp-content\/uploads\/2020\/01\/logo-Copy.jpg","width":180,"height":180,"caption":"Plate-forme Charleroi-Palestine"},"image":{"@id":"https:\/\/charleroi-pourlapalestine.be\/#\/schema\/logo\/image\/"},"sameAs":["https:\/\/www.facebook.com\/PlateformeCharleroiPalestine\/","https:\/\/x.com\/LaCharleroi"]},{"@type":"Person","@id":"https:\/\/charleroi-pourlapalestine.be\/#\/schema\/person\/c19ff515112f1299d8c12671d8fe3faa","name":"admin1873","url":"https:\/\/charleroi-pourlapalestine.be\/index.php\/author\/admin1873\/"}]}},"_links":{"self":[{"href":"https:\/\/charleroi-pourlapalestine.be\/index.php\/wp-json\/wp\/v2\/posts\/38638","targetHints":{"allow":["GET"]}}],"collection":[{"href":"https:\/\/charleroi-pourlapalestine.be\/index.php\/wp-json\/wp\/v2\/posts"}],"about":[{"href":"https:\/\/charleroi-pourlapalestine.be\/index.php\/wp-json\/wp\/v2\/types\/post"}],"author":[{"embeddable":true,"href":"https:\/\/charleroi-pourlapalestine.be\/index.php\/wp-json\/wp\/v2\/users\/1"}],"replies":[{"embeddable":true,"href":"https:\/\/charleroi-pourlapalestine.be\/index.php\/wp-json\/wp\/v2\/comments?post=38638"}],"version-history":[{"count":0,"href":"https:\/\/charleroi-pourlapalestine.be\/index.php\/wp-json\/wp\/v2\/posts\/38638\/revisions"}],"wp:featuredmedia":[{"embeddable":true,"href":"https:\/\/charleroi-pourlapalestine.be\/index.php\/wp-json\/wp\/v2\/media\/38641"}],"wp:attachment":[{"href":"https:\/\/charleroi-pourlapalestine.be\/index.php\/wp-json\/wp\/v2\/media?parent=38638"}],"wp:term":[{"taxonomy":"category","embeddable":true,"href":"https:\/\/charleroi-pourlapalestine.be\/index.php\/wp-json\/wp\/v2\/categories?post=38638"},{"taxonomy":"post_tag","embeddable":true,"href":"https:\/\/charleroi-pourlapalestine.be\/index.php\/wp-json\/wp\/v2\/tags?post=38638"}],"curies":[{"name":"wp","href":"https:\/\/api.w.org\/{rel}","templated":true}]}}