{"id":38684,"date":"2022-05-09T09:25:11","date_gmt":"2022-05-09T07:25:11","guid":{"rendered":"https:\/\/charleroi-pourlapalestine.be\/?p=38684"},"modified":"2022-05-09T09:37:33","modified_gmt":"2022-05-09T07:37:33","slug":"le-militant-palestinien-khaled-barakat-est-la-cible-dune-campagne-dintimidation-au-canada","status":"publish","type":"post","link":"https:\/\/charleroi-pourlapalestine.be\/index.php\/2022\/05\/09\/le-militant-palestinien-khaled-barakat-est-la-cible-dune-campagne-dintimidation-au-canada\/","title":{"rendered":"Le militant palestinien Khaled Barakat est la cible d\u2019une campagne d\u2019intimidation au Canada"},"content":{"rendered":"<p><strong><em>Samidoun Palestinian Prisoner Solidarity Network<\/em>&nbsp;condamne dans les termes les plus forts la campagne de diffamation visant l\u2019\u00e9crivain et militant de gauche canadien d\u2019origine palestinienne <a href=\"https:\/\/charleroi-pourlapalestine.be\/index.php\/tag\/khaled-barakat\/\">Khaled Barakat<\/a> ainsi que le travail de&nbsp;<em>Samidoun<\/em>&nbsp;par le journal de droite<em>&nbsp;National Post<\/em>&nbsp;qui fait intentionnellement avancer l\u2019agenda des organisations de lobby pro-Isra\u00ebl au Canada.<\/strong>&nbsp;<\/p>\n<p><img loading=\"lazy\" decoding=\"async\" class=\"aligncenter wp-image-38686 size-full\" src=\"https:\/\/charleroi-pourlapalestine.be\/wp-content\/uploads\/2022\/05\/Khaled-Barakat.jpg\" alt=\"\" width=\"416\" height=\"312\" srcset=\"https:\/\/charleroi-pourlapalestine.be\/wp-content\/uploads\/2022\/05\/Khaled-Barakat.jpg 416w, https:\/\/charleroi-pourlapalestine.be\/wp-content\/uploads\/2022\/05\/Khaled-Barakat-300x225.jpg 300w\" sizes=\"auto, (max-width: 416px) 100vw, 416px\" \/><\/p>\n<p>Il est clair qu\u2019il ne s\u2019agit pas d\u2019une attaque al\u00e9atoire. Le contenu est en r\u00e9alit\u00e9 une reprise r\u00e9chauff\u00e9e de diverses attaques du r\u00e9gime d\u2019occupation isra\u00e9lien et des publications sionistes au fil des ans, avec une tentative suppl\u00e9mentaire de criminaliser et de stigmatiser de mani\u00e8re sensationnaliste l\u2019organisation et le militantisme pour la Palestine au Canada.<\/p>\n<p><strong>Soyons clairs. Nous ne serons pas d\u00e9courag\u00e9s par les d\u00e9signations isra\u00e9liennes ou par des campagnes de diffamation comme celle-ci. Nous sommes aux c\u00f4t\u00e9s de Khaled Barakat. Nous sommes aux c\u00f4t\u00e9s du peuple palestinien, de sa r\u00e9sistance et de ses 4 500 prisonniers palestiniens, leaders de la r\u00e9sistance et du mouvement pour la justice et la lib\u00e9ration de la Palestine de la mer au Jourdain.<\/strong><\/p>\n<p>Cet article en une de ce journal co\u00efncide avec de multiples campagnes internationales soutenues par le gouvernement isra\u00e9lien et visant la communaut\u00e9 palestinienne et l\u2019organisation de la solidarit\u00e9 avec la Palestine. Il est clair que cela refl\u00e8te l\u2019angoisse et l\u2019inqui\u00e9tude croissantes de ces forces face \u00e0 la r\u00e9alit\u00e9 que la majorit\u00e9 des peuples dans le monde sont solidaires du peuple palestinien et de ses efforts pour se d\u00e9barrasser du colonialisme, de l\u2019occupation et de l\u2019apartheid. Et m\u00eame \u00e0 l\u2019int\u00e9rieur de pays comme le <strong>Canada<\/strong> et les <strong>\u00c9tats-Unis<\/strong> o\u00f9 les gouvernements fournissent \u00e0 l\u2019occupation isra\u00e9lienne un important soutien militaire, diplomatique et politique,<\/p>\n<p>Pourquoi le<em>&nbsp;National Post<\/em>&nbsp;a-t-il publi\u00e9 cet article ? Bien s\u00fbr, le<em>&nbsp;National Post<\/em>&nbsp;n\u2019a jamais h\u00e9sit\u00e9 \u00e0 se lancer dans des argumentations et des attaques de droite, pro-imp\u00e9rialistes et anti-palestiniennes.&nbsp;<strong>Plus r\u00e9cemment, au cours des deux derniers mois, quatre grandes associations \u00e9tudiantes d\u2019universit\u00e9s canadiennes ont adopt\u00e9 de nouvelles r\u00e9solutions et politiques en faveur des droits des Palestiniens et de la mise en \u0153uvre de politiques de boycott, de d\u00e9sinvestissement et de sanctions contre l\u2019occupation isra\u00e9lienne : \u00e0&nbsp;<a href=\"https:\/\/springmag.ca\/mcgill-students-adoption-of-the-palestine-solidarity-policy-is-a-historic-victory\">McGill<\/a>,&nbsp;<a href=\"https:\/\/bdscoalition.ca\/2022\/03\/22\/palestine-rights-victory-on-two-montreal-campuses-mcgill-and-concordia\/\">Concordia<\/a>,&nbsp;<a href=\"https:\/\/spheresofinfluence.ca\/ubc-divest-palestinian-rights\/\">l\u2019Universit\u00e9 de Colombie-Britannique<\/a>&nbsp;et&nbsp;<a href=\"https:\/\/sfss.ca\/sfss-council-supports-palestinian-struggle-for-freedom-passes-palestinian-issues-policy\/\">l\u2019Universit\u00e9 Simon Fraser<\/a>.<\/strong>&nbsp;Cela s\u2019ajoute aux multiples r\u00e9solutions adopt\u00e9es au fil des ans par&nbsp;<a href=\"https:\/\/www.midnightsunmag.ca\/labour-solidarity-with-palestine-is-non-negotiable\/\">les syndicats canadiens<\/a>, les syndicats \u00e9tudiants et les associations \u00e9tudiantes, et m\u00eame aux r\u00e9solutions limit\u00e9es adopt\u00e9es par&nbsp;<a href=\"https:\/\/www.palestineresolution2021.ca\/\">le&nbsp;<em>Nouveau parti d\u00e9mocratique (NPD)<\/em>&nbsp;f\u00e9d\u00e9ral.<\/a><\/p>\n<p><strong>Lors du soul\u00e8vement unitaire en Palestine en mai 2021, des dizaines de milliers de personnes sont descendues dans les rues des villes du Canada comme elles l\u2019ont fait dans le monde entier.<\/strong>&nbsp;Au moment m\u00eame o\u00f9 la r\u00e9sistance du peuple palestinien sur le terrain en Palestine montrait clairement que l\u2019occupation ne pourrait pas commettre librement ses crimes de guerre et ses crimes contre l\u2019humanit\u00e9 en cours, les peuples du Canada se mobilisaient pour exiger un changement de la politique canadienne et la fin de la complicit\u00e9 dans ces crimes \u2013 ainsi que la responsabilisation et une v\u00e9ritable justice pour les peuples autochtones de cette terre.<\/p>\n<p><strong>C\u2019est tr\u00e8s clair : la colonisation, l\u2019occupation et l\u2019apartheid isra\u00e9liens perdent du terrain.<\/strong>&nbsp;D\u2019importantes institutions juridiques et de d\u00e9fense des droits humains se sont exprim\u00e9es, de&nbsp;<a href=\"https:\/\/www.hrw.org\/report\/2021\/04\/27\/threshold-crossed\/israeli-authorities-and-crimes-apartheid-and-persecution\"><em>Human Rights Watch<\/em>&nbsp;<\/a>\u00e0&nbsp;<a href=\"https:\/\/www.amnesty.org\/en\/latest\/news\/2022\/02\/israels-apartheid-against-palestinians-a-cruel-system-of-domination-and-a-crime-against-humanity\/\"><em>Amnesty International<\/em><\/a>, en passant par la clinique juridique de la facult\u00e9 de droit&nbsp;<a href=\"https:\/\/mondoweiss.net\/2022\/04\/harvard-law-school-apartheid-report-leaves-israels-defenders-speechless\/\">de l\u2019universit\u00e9 de Harvard<\/a>&nbsp;et la&nbsp;<a href=\"https:\/\/oldwebsite.palestine-studies.org\/sites\/default\/files\/ESCWA%202017%20%28Richard%20Falk%29%2C%20Apartheid.pdf\">CESAO des Nations unies<\/a>. Des millions de personnes descendent dans la rue pour obtenir justice en Palestine. La r\u00e9sistance palestinienne est peut-\u00eatre plus forte que jamais, au milieu d\u2019un camp de r\u00e9sistance croissant dans la r\u00e9gion et au niveau international.<\/p>\n<p>La r\u00e9ponse de l\u2019occupation a \u00e9t\u00e9 d\u2019intensifier l\u2019utilisation de l\u2019\u00e9tiquette&nbsp;<em>\u00ab&nbsp;terroriste&nbsp;\u00bb<\/em>, \u00e0 tel point que des groupes de d\u00e9fense internationaux&nbsp;<a href=\"https:\/\/palestinevaincra.com\/2021\/02\/samidoun-nous-ne-serons-pas-reduits-au-silence-par-le-fait-detre-designe-comme-terroriste-par-israel\/\">comme&nbsp;<em>Samidoun<\/em><\/a>, des organisations communautaires palestiniennes en Europe et&nbsp;<a href=\"https:\/\/palestinevaincra.com\/2021\/10\/organisations-terroristes-pourles-reprimer-lesorganisations-palestiniennes\/\">six grandes ONG palestiniennes<\/a>&nbsp;comme&nbsp;<em>Addameer<\/em>,&nbsp;<em>Defense for Children International<\/em>&nbsp;et&nbsp;<em>Al-Haq<\/em>, sont actuellement qualifi\u00e9s de&nbsp;<em>\u00ab&nbsp;terroristes&nbsp;\u00bb<\/em>&nbsp;par le r\u00e9gime d\u2019occupation isra\u00e9lien. Le pr\u00e9sident isra\u00e9lien Isaac Herzog&nbsp;<a href=\"https:\/\/www.arabamericannews.com\/2021\/07\/29\/new-form-of-ice-cream-terrorism-how-ben-jerrys-has-exposed-israels-anti-bds-strategy\/\">a m\u00eame qualifi\u00e9 une marque de cr\u00e8me glac\u00e9e<\/a>&nbsp;qui ne vend plus dans les colonies ill\u00e9gales de&nbsp;<em>\u00ab&nbsp;nouvelle forme de terrorisme&nbsp;\u00bb<\/em>.<\/p>\n<p>Cela a \u00e9t\u00e9 combin\u00e9 avec des efforts pouss\u00e9s par diverses entit\u00e9s officielles (comme les services de renseignement isra\u00e9liens, le \u00ab&nbsp;minist\u00e8re des Affaires strat\u00e9giques&nbsp;\u00bb, le minist\u00e8re des Affaires \u00e9trang\u00e8res, etc.) de promouvoir des \u00ab&nbsp;dossiers&nbsp;\u00bb&nbsp;<a href=\"https:\/\/theintercept.com\/2021\/11\/04\/secret-israel-dossier-palestinian-rights-terrorist\/\">si peu \u00e9tay\u00e9s<\/a>&nbsp;que m\u00eame les gouvernements occidentaux les ont trouv\u00e9s insuffisants (mais semblent \u00eatre invoqu\u00e9s dans le rapport du&nbsp;<em>National Post<\/em>). La tentative de r\u00e9duire au silence la d\u00e9fense de la Palestine en utilisant l\u2019\u00e9tiquette&nbsp;<em>\u00ab&nbsp;terroriste&nbsp;\u00bb<\/em>&nbsp;est un \u00e9chec.&nbsp;<strong>En fait, depuis notre d\u00e9signation,&nbsp;<em>Samidoun<\/em>&nbsp;a connu une croissance plus importante en un an que dans toutes les ann\u00e9es pr\u00e9c\u00e9dentes.<\/strong><\/p>\n<p>En <strong>France,<\/strong> o\u00f9 ce sont exactement les m\u00eames types de diffamation qui ont \u00e9t\u00e9 utilis\u00e9s pour pousser le gouvernement fran\u00e7ais \u00e0 interdire le&nbsp;<em>Collectif Palestine Vaincra<\/em>&nbsp;et une autre association pro-palestinienne.<strong><a href=\"https:\/\/palestinevaincra.com\/2022\/04\/premiere-victoire-la-dissolution-du-collectif-palestine-vaincra-suspendue-par-le-conseil-detat\/\">&nbsp;Le Conseil d\u2019Etat a suspendu le d\u00e9cret de dissolution infligeant une premi\u00e8re d\u00e9faite au gouvernement.<\/a>&nbsp;<\/strong>Cela permet au Collectif de militer \u00e0 nouveau pour la Palestine et l\u2019Etat doit verser 4500\u20ac \u00e0 cette organisation. En mars de cette ann\u00e9e,<strong>&nbsp;un tribunal allemand a jug\u00e9 qu\u2019il \u00e9tait ill\u00e9gal pour le ministre de l\u2019int\u00e9rieur de Berlin d\u2019interdire le discours de Khaled Barakat<\/strong>&nbsp;sur la politique \u00e9trang\u00e8re des \u00c9tats-Unis, la Palestine et les pays arabes. N\u00e9anmoins, nous voyons le&nbsp;<em>National Post<\/em>, travaillant main dans la main avec des organisations express\u00e9ment sionistes, dans une tentative de pousser le gouvernement canadien sur une voie similaire de criminalisation par le biais d\u2019une campagne de diffamation et d\u2019attaques.<\/p>\n<p><strong>En tant que&nbsp;<em>Samidoun<\/em>, nous savons avant tout que les attaques contre nous visent principalement les prisonniers palestiniens, en cherchant \u00e0 les isoler de la solidarit\u00e9 et du soutien internationaux.<\/strong>&nbsp;\u00c0 l\u2019heure o\u00f9 nous \u00e9crivons ces lignes, il y a 4 500 Palestiniens emprisonn\u00e9s dans les prisons de l\u2019occupation. Parmi eux, plus de 500 sont emprisonn\u00e9s sans accusation ni proc\u00e8s dans le cadre de la d\u00e9tention administrative. Ils se sont engag\u00e9s dans un boycott des tribunaux militaires depuis le 1er janvier 2022. Deux d\u2019entre eux sont actuellement en gr\u00e8ve de la faim pour mettre fin \u00e0 leur d\u00e9tention arbitraire, <strong>Khalil Awawdeh <\/strong>et <strong>Raed Rayan.<\/strong> Ils sont rejoints par des centaines d\u2019enfants palestiniens enferm\u00e9s derri\u00e8re les barreaux. Chacun de ces prisonniers palestiniens m\u00e9rite une couverture en premi\u00e8re page des grands m\u00e9dias canadiens. Pas une campagne de d\u00e9nigrement mais un regard r\u00e9el sur leurs souffrances et leur d\u00e9termination, ainsi que sur l\u2019injustice dont ils sont victimes et qui est rendue possible par la complicit\u00e9 de gouvernements comme celui du Canada. Alors que le&nbsp;<em>National Post<\/em>&nbsp;peut trouver beaucoup de colonnes et d\u2019espace en premi\u00e8re page pour diffamer les Palestiniens de la diaspora,&nbsp;<a href=\"https:\/\/www.vice.com\/en\/article\/5db398\/cbc-journalists-told-they-cant-cover-israel-palestine-after-demanding-fairer-coverage\">les journalistes canadiens sont r\u00e9duits au silence<\/a>&nbsp;et&nbsp;<a href=\"https:\/\/cbc.radio-canada.ca\/en\/ombudsman\/reviews\/Awkward_Apology\">se sont excus\u00e9s pour avoir ne serait-ce que mentionn\u00e9 le mot&nbsp;<em>\u00ab&nbsp;Palestine&nbsp;\u00bb<\/em>.<\/a><\/p>\n<p><strong>En outre, il s\u2019agit clairement d\u2019une attaque contre les Palestiniens qui s\u2019organisent en exil et en diaspora.<\/strong>&nbsp;Le r\u00e9gime colonial isra\u00e9lien a d\u00e9j\u00e0 forc\u00e9 les Palestiniens \u00e0 quitter leurs maisons et leurs terres pendant plus de 74 ans de<strong> Nakba<\/strong> niant leur droit inali\u00e9nable au retour. Pourtant, il est incapable de jeter ces Palestiniens au Canada, aux \u00c9tats-Unis, en Europe, en Am\u00e9rique latine et ailleurs en d\u00e9tention administrative ou d\u2019envahir leurs maisons lors de raids nocturnes. Son incapacit\u00e9 \u00e0 le faire est apparemment frustrante, d\u2019autant plus que de nouvelles g\u00e9n\u00e9rations de Palestiniens s\u2019avancent pour mener la lutte \u00e0 l\u2019int\u00e9rieur et \u00e0 l\u2019ext\u00e9rieur de la Palestine. Ce type de campagne de d\u00e9nigrement est une tentative claire de faire taire la voix du peuple palestinien en exil et plus particuli\u00e8rement de la communaut\u00e9 palestino-canadienne.<\/p>\n<p>Nous voyons \u00e9galement dans ces campagnes une tentative de lutter contre notre solidarit\u00e9 collective en ciblant des individus et des organisations sp\u00e9cifiques et de contr\u00f4ler et le mouvement,&nbsp;<strong>ainsi que d\u2019instrumentaliser et de d\u00e9ployer le racisme anti-palestinien et d\u2019inciter \u00e0 la violence \u00e9tatique et individuelle contre Khaled Barakat et d\u2019autres militants palestiniens<\/strong>. Ces attaques soulignent plus que jamais l\u2019importance d\u2019une d\u00e9fense collective de nous tous contre les auteurs et les promoteurs du colonialisme, de l\u2019imp\u00e9rialisme et du racisme. Ce n\u2019est pas un exemple isol\u00e9, loin de l\u00e0, il refl\u00e8te les attaques contre<a href=\"https:\/\/mondoweiss.net\/2022\/02\/why-are-dr-rabab-abdulhadi-and-the-amed-program-under-attack-at-sfsu\/\">&nbsp;le professeur Rabab Abdulhadi aux \u00c9tats-Unis<\/a>, contre des centaines d\u2019\u00e9tudiants canadiens et am\u00e9ricains, pour la plupart palestiniens et arabes, dont le profil a \u00e9t\u00e9 \u00e9tabli sur&nbsp;<a href=\"https:\/\/www.jacobinmag.com\/2018\/04\/mccarthyism-canary-mission-bds-palestine-blacklist\">des sites Web de diffamation comme Canary Mission<\/a>, contre des \u00e9ducateurs&nbsp;<a href=\"https:\/\/electronicintifada.net\/blogs\/nora-barrows-friedman\/canadian-teacher-sues-israel-lobby-group\">comme Javier Davila et Nadia Shoufani<\/a>, ou contre des restaurants<a href=\"https:\/\/readpassage.com\/anti-foodbenders-campaign-shows-political-double-standard-on-hate\/\">&nbsp;comme Foodbenders \u00e0 Toronto<\/a>.<\/p>\n<p>De m\u00eame, nous notons que cette campagne de d\u00e9nigrement en premi\u00e8re page du<em>&nbsp;National Post<\/em>&nbsp;survient un jour avant que l\u2019<em>ADL<\/em>&nbsp;aux \u00c9tats-Unis n\u2019annonce une escalade dans ses campagnes de plusieurs d\u00e9cennies visant&nbsp;<a href=\"https:\/\/jewishcurrents.org\/the-adl-doubles-down-on-opposing-the-anti-zionist-left\">\u00e0 attaquer les organisations qui d\u00e9fendent la justice en Palestine.<\/a>&nbsp;Elle survient quelques jours apr\u00e8s que<em>&nbsp;B\u2019nai Brith Canada<\/em>&nbsp;ait publi\u00e9 un faux&nbsp;<a href=\"http:\/\/cpavancouver.org\/2022\/04\/the-false-foundation-of-bnai-briths-data\/\"><em>\u00ab&nbsp;audit de l\u2019antis\u00e9mitisme&nbsp;\u00bb<\/em><\/a>&nbsp;qui mettait en \u00e9vidence le slogan :<em>&nbsp;&nbsp;\u00bb Isra\u00ebl and Canada : Partners in Apartheid, Partners in Colonialism&nbsp;\u00bb<\/em>, indiquant que leur v\u00e9ritable cible est le mouvement antiraciste qui soutient la Palestine. Ce rapport a n\u00e9anmoins b\u00e9n\u00e9fici\u00e9 d\u2019une couverture favorable et incontestable dans les m\u00e9dias canadiens.<\/p>\n<p>Cela s\u2019est \u00e9galement produit au moment o\u00f9 l\u2019occupation (avec la complicit\u00e9 apparente des \u00c9tats-Unis) refusait le voyage \u00e0&nbsp;<a href=\"https:\/\/english.alaraby.co.uk\/news\/israel-bars-palestinian-human-rights-activists-travel\">deux d\u00e9fenseurs palestiniens des droits de l\u2019homme<\/a>&nbsp;\u2013 faisant partie des&nbsp;<em>\u00ab&nbsp;six organisations d\u00e9sign\u00e9es&nbsp;\u00bb<\/em>&nbsp;\u2013 pour assister au<em>&nbsp;Forum social mondial<\/em>&nbsp;au Mexique.&nbsp;<strong>Tout ceci est une tentative de faire taire les voix du peuple palestinien. Mais si 74 ans de Nakba, de violence d\u2019Etat, de colonialisme et d\u2019emprisonnement de masse n\u2019y sont pas parvenus, l\u2019escalade des campagnes de d\u00e9nigrement est certainement vou\u00e9e \u00e0 l\u2019\u00e9chec.<\/strong><\/p>\n<p><strong>La r\u00e9ponse la plus importante que nous pouvons apporter est de construire le mouvement pour la Palestine. L\u2019un des objectifs de ces campagnes est de d\u00e9tourner notre attention de nos campagnes en cours et d\u2019instiller la peur dans la communaut\u00e9. En organisant et en construisant le mouvement pour la Palestine, nous pouvons montrer notre soutien \u00e0 Khaled Barakat, au peuple palestinien et \u00e0 la cause dans son ensemble.<\/strong>&nbsp;Bien s\u00fbr, nous nous efforcerons de demander des comptes au&nbsp;<em>National Post<\/em>, mais c\u2019est le mouvement de lib\u00e9ration de la Palestine qui est au c\u0153ur du probl\u00e8me.<\/p>\n<p>Nous appelons tous les Canadiens \u00e0 descendre dans la rue le 15 mai et lors de la Semaine de la lutte palestinienne, pour se souvenir des 74 ans de la Nakba et c\u00e9l\u00e9brer la lutte pour la lib\u00e9ration. Nous exhortons \u00e9galement tout le monde \u00e0 se joindre \u00e0 nous du&nbsp;<a href=\"https:\/\/ilps-canada.ca\/ilps-canada-5th-country-chapter-assembly\/\">1er au 4 juin \u00e0 Ottawa pour l\u2019Assembl\u00e9e de la&nbsp;<em>Ligue internationale des luttes des peuples<\/em><\/a>.&nbsp;<strong>Khaled Barakat prendra la parole au nom de&nbsp;<em>Masar Badil (la Voie alternative r\u00e9volutionnaire palestinienne)<\/em>&nbsp;et nous entendrons \u00e9galement Charlotte Kates de&nbsp;<em>Samidoun<\/em>, Hanna Kawas de&nbsp;<em>Canada Palestine Association<\/em>, et bien d\u2019autres militants pour la justice \u2013 et nous discuterons de la mani\u00e8re dont nous pouvons construire et renforcer notre mouvement anti-imp\u00e9rialiste.<\/strong><\/p>\n<p><strong>Nous souhaitons \u00e9galement inviter les partisans de la justice et de la lib\u00e9ration en Palestine \u00e0 s\u2019impliquer dans&nbsp;<em>Samidoun<\/em>. Au Canada, nous sommes en train de nous organiser \u00e0 Vancouver, Toronto, Ottawa et ailleurs. En France, nous nous d\u00e9veloppons \u00e0 Toulouse et en R\u00e9gion Parisienne, et nous pouvons \u00eatre encore plus efficaces et plus forts si nous nous continuons \u00e0 nous construire.<\/strong>&nbsp;Nous voulons travailler avec vos organisations et groupes, d\u00e9velopper de nouvelles sections et accueillir de nouveaux membres, et nous vous invitons \u00e0 nous rejoindre dans la lutte. Contactez-nous \u00e0 l\u2019adresse&nbsp;<a href=\"mailto:samidoun@samidoun.net\">samidoun@samidoun.net<\/a>&nbsp;pour en savoir plus sur la fa\u00e7on dont vous pouvez vous impliquer,<a href=\"https:\/\/samidoun.net\/donate\">&nbsp;ou cliquez ici pour faire un don afin de soutenir notre travail.<\/a><\/p>\n<p><strong>De la mer au Jourdain, la Palestine sera libre !<\/strong><\/p>\n<p style=\"text-align: center;\">\u00b0\u00b0\u00b0\u00b0\u00b0<\/p>\n<p>Publi\u00e9 le 4 mai 2022 sur <a href=\"https:\/\/samidoun.net\/fr\/2022\/05\/le-militant-palestinien-khaled-barakat-est-la-cible-dune-campagne-dintimidation-au-canada\/\" target=\"_blank\" rel=\"noopener\">Samidoun<\/a><br \/>\nTraduction : Collectif Palestine Vaincra<\/p>\n","protected":false},"excerpt":{"rendered":"<p>Samidoun Palestinian Prisoner Solidarity Network\u00a0condamne dans les termes les plus forts la campagne de diffamation visant l\u2019\u00e9crivain et militant de gauche canadien d\u2019origine palestinienne Khaled Barakat<\/p>\n","protected":false},"author":1,"featured_media":38686,"comment_status":"closed","ping_status":"closed","sticky":false,"template":"","format":"standard","meta":{"ngg_post_thumbnail":0,"footnotes":""},"categories":[104,454,161,162],"tags":[273],"class_list":["post-38684","post","type-post","status-publish","format-standard","has-post-thumbnail","hentry","category-canada","category-criminalisation","category-lobby","category-medias","tag-khaled-barakat"],"yoast_head":"<!-- This site is optimized with the Yoast SEO plugin v27.3 - https:\/\/yoast.com\/product\/yoast-seo-wordpress\/ -->\n<title>Le militant palestinien Khaled Barakat est la cible d\u2019une campagne d\u2019intimidation au Canada<\/title>\n<meta name=\"description\" content=\"Samidoun condamne dans les termes les plus forts la campagne de diffamation visant l\u2019\u00e9crivain et militant de gauche Khaled Barakat\" \/>\n<meta name=\"robots\" content=\"index, follow, max-snippet:-1, max-image-preview:large, max-video-preview:-1\" \/>\n<link rel=\"canonical\" href=\"https:\/\/charleroi-pourlapalestine.be\/index.php\/2022\/05\/09\/le-militant-palestinien-khaled-barakat-est-la-cible-dune-campagne-dintimidation-au-canada\/\" \/>\n<script type=\"application\/ld+json\" class=\"yoast-schema-graph\">{\"@context\":\"https:\\\/\\\/schema.org\",\"@graph\":[{\"@type\":\"Article\",\"@id\":\"https:\\\/\\\/charleroi-pourlapalestine.be\\\/index.php\\\/2022\\\/05\\\/09\\\/le-militant-palestinien-khaled-barakat-est-la-cible-dune-campagne-dintimidation-au-canada\\\/#article\",\"isPartOf\":{\"@id\":\"https:\\\/\\\/charleroi-pourlapalestine.be\\\/index.php\\\/2022\\\/05\\\/09\\\/le-militant-palestinien-khaled-barakat-est-la-cible-dune-campagne-dintimidation-au-canada\\\/\"},\"author\":{\"name\":\"admin1873\",\"@id\":\"https:\\\/\\\/charleroi-pourlapalestine.be\\\/#\\\/schema\\\/person\\\/c19ff515112f1299d8c12671d8fe3faa\"},\"headline\":\"Le militant palestinien Khaled Barakat est la cible d\u2019une campagne d\u2019intimidation au Canada\",\"datePublished\":\"2022-05-09T07:25:11+00:00\",\"dateModified\":\"2022-05-09T07:37:33+00:00\",\"mainEntityOfPage\":{\"@id\":\"https:\\\/\\\/charleroi-pourlapalestine.be\\\/index.php\\\/2022\\\/05\\\/09\\\/le-militant-palestinien-khaled-barakat-est-la-cible-dune-campagne-dintimidation-au-canada\\\/\"},\"wordCount\":2258,\"publisher\":{\"@id\":\"https:\\\/\\\/charleroi-pourlapalestine.be\\\/#organization\"},\"image\":{\"@id\":\"https:\\\/\\\/charleroi-pourlapalestine.be\\\/index.php\\\/2022\\\/05\\\/09\\\/le-militant-palestinien-khaled-barakat-est-la-cible-dune-campagne-dintimidation-au-canada\\\/#primaryimage\"},\"thumbnailUrl\":\"https:\\\/\\\/charleroi-pourlapalestine.be\\\/wp-content\\\/uploads\\\/2022\\\/05\\\/Khaled-Barakat.jpg\",\"keywords\":[\"Khaled Barakat\"],\"articleSection\":[\"Canada\",\"criminalisation\",\"Lobby\",\"M\u00e9dias\"],\"inLanguage\":\"fr-FR\"},{\"@type\":\"WebPage\",\"@id\":\"https:\\\/\\\/charleroi-pourlapalestine.be\\\/index.php\\\/2022\\\/05\\\/09\\\/le-militant-palestinien-khaled-barakat-est-la-cible-dune-campagne-dintimidation-au-canada\\\/\",\"url\":\"https:\\\/\\\/charleroi-pourlapalestine.be\\\/index.php\\\/2022\\\/05\\\/09\\\/le-militant-palestinien-khaled-barakat-est-la-cible-dune-campagne-dintimidation-au-canada\\\/\",\"name\":\"Le militant palestinien Khaled Barakat est la cible d\u2019une campagne d\u2019intimidation au Canada\",\"isPartOf\":{\"@id\":\"https:\\\/\\\/charleroi-pourlapalestine.be\\\/#website\"},\"primaryImageOfPage\":{\"@id\":\"https:\\\/\\\/charleroi-pourlapalestine.be\\\/index.php\\\/2022\\\/05\\\/09\\\/le-militant-palestinien-khaled-barakat-est-la-cible-dune-campagne-dintimidation-au-canada\\\/#primaryimage\"},\"image\":{\"@id\":\"https:\\\/\\\/charleroi-pourlapalestine.be\\\/index.php\\\/2022\\\/05\\\/09\\\/le-militant-palestinien-khaled-barakat-est-la-cible-dune-campagne-dintimidation-au-canada\\\/#primaryimage\"},\"thumbnailUrl\":\"https:\\\/\\\/charleroi-pourlapalestine.be\\\/wp-content\\\/uploads\\\/2022\\\/05\\\/Khaled-Barakat.jpg\",\"datePublished\":\"2022-05-09T07:25:11+00:00\",\"dateModified\":\"2022-05-09T07:37:33+00:00\",\"description\":\"Samidoun condamne dans les termes les plus forts la campagne de diffamation visant l\u2019\u00e9crivain et militant de gauche Khaled Barakat\",\"breadcrumb\":{\"@id\":\"https:\\\/\\\/charleroi-pourlapalestine.be\\\/index.php\\\/2022\\\/05\\\/09\\\/le-militant-palestinien-khaled-barakat-est-la-cible-dune-campagne-dintimidation-au-canada\\\/#breadcrumb\"},\"inLanguage\":\"fr-FR\",\"potentialAction\":[{\"@type\":\"ReadAction\",\"target\":[\"https:\\\/\\\/charleroi-pourlapalestine.be\\\/index.php\\\/2022\\\/05\\\/09\\\/le-militant-palestinien-khaled-barakat-est-la-cible-dune-campagne-dintimidation-au-canada\\\/\"]}]},{\"@type\":\"ImageObject\",\"inLanguage\":\"fr-FR\",\"@id\":\"https:\\\/\\\/charleroi-pourlapalestine.be\\\/index.php\\\/2022\\\/05\\\/09\\\/le-militant-palestinien-khaled-barakat-est-la-cible-dune-campagne-dintimidation-au-canada\\\/#primaryimage\",\"url\":\"https:\\\/\\\/charleroi-pourlapalestine.be\\\/wp-content\\\/uploads\\\/2022\\\/05\\\/Khaled-Barakat.jpg\",\"contentUrl\":\"https:\\\/\\\/charleroi-pourlapalestine.be\\\/wp-content\\\/uploads\\\/2022\\\/05\\\/Khaled-Barakat.jpg\",\"width\":416,\"height\":312},{\"@type\":\"BreadcrumbList\",\"@id\":\"https:\\\/\\\/charleroi-pourlapalestine.be\\\/index.php\\\/2022\\\/05\\\/09\\\/le-militant-palestinien-khaled-barakat-est-la-cible-dune-campagne-dintimidation-au-canada\\\/#breadcrumb\",\"itemListElement\":[{\"@type\":\"ListItem\",\"position\":1,\"name\":\"Accueil\",\"item\":\"https:\\\/\\\/charleroi-pourlapalestine.be\\\/\"},{\"@type\":\"ListItem\",\"position\":2,\"name\":\"Le militant palestinien Khaled Barakat est la cible d\u2019une campagne d\u2019intimidation au Canada\"}]},{\"@type\":\"WebSite\",\"@id\":\"https:\\\/\\\/charleroi-pourlapalestine.be\\\/#website\",\"url\":\"https:\\\/\\\/charleroi-pourlapalestine.be\\\/\",\"name\":\"Charleroi Pour la Palestine\",\"description\":\"\",\"publisher\":{\"@id\":\"https:\\\/\\\/charleroi-pourlapalestine.be\\\/#organization\"},\"potentialAction\":[{\"@type\":\"SearchAction\",\"target\":{\"@type\":\"EntryPoint\",\"urlTemplate\":\"https:\\\/\\\/charleroi-pourlapalestine.be\\\/?s={search_term_string}\"},\"query-input\":{\"@type\":\"PropertyValueSpecification\",\"valueRequired\":true,\"valueName\":\"search_term_string\"}}],\"inLanguage\":\"fr-FR\"},{\"@type\":\"Organization\",\"@id\":\"https:\\\/\\\/charleroi-pourlapalestine.be\\\/#organization\",\"name\":\"Plate-forme Charleroi-Palestine\",\"url\":\"https:\\\/\\\/charleroi-pourlapalestine.be\\\/\",\"logo\":{\"@type\":\"ImageObject\",\"inLanguage\":\"fr-FR\",\"@id\":\"https:\\\/\\\/charleroi-pourlapalestine.be\\\/#\\\/schema\\\/logo\\\/image\\\/\",\"url\":\"https:\\\/\\\/charleroi-pourlapalestine.be\\\/wp-content\\\/uploads\\\/2020\\\/01\\\/logo-Copy.jpg\",\"contentUrl\":\"https:\\\/\\\/charleroi-pourlapalestine.be\\\/wp-content\\\/uploads\\\/2020\\\/01\\\/logo-Copy.jpg\",\"width\":180,\"height\":180,\"caption\":\"Plate-forme Charleroi-Palestine\"},\"image\":{\"@id\":\"https:\\\/\\\/charleroi-pourlapalestine.be\\\/#\\\/schema\\\/logo\\\/image\\\/\"},\"sameAs\":[\"https:\\\/\\\/www.facebook.com\\\/PlateformeCharleroiPalestine\\\/\",\"https:\\\/\\\/x.com\\\/LaCharleroi\"]},{\"@type\":\"Person\",\"@id\":\"https:\\\/\\\/charleroi-pourlapalestine.be\\\/#\\\/schema\\\/person\\\/c19ff515112f1299d8c12671d8fe3faa\",\"name\":\"admin1873\",\"url\":\"https:\\\/\\\/charleroi-pourlapalestine.be\\\/index.php\\\/author\\\/admin1873\\\/\"}]}<\/script>\n<!-- \/ Yoast SEO plugin. -->","yoast_head_json":{"title":"Le militant palestinien Khaled Barakat est la cible d\u2019une campagne d\u2019intimidation au Canada","description":"Samidoun condamne dans les termes les plus forts la campagne de diffamation visant l\u2019\u00e9crivain et militant de gauche Khaled Barakat","robots":{"index":"index","follow":"follow","max-snippet":"max-snippet:-1","max-image-preview":"max-image-preview:large","max-video-preview":"max-video-preview:-1"},"canonical":"https:\/\/charleroi-pourlapalestine.be\/index.php\/2022\/05\/09\/le-militant-palestinien-khaled-barakat-est-la-cible-dune-campagne-dintimidation-au-canada\/","schema":{"@context":"https:\/\/schema.org","@graph":[{"@type":"Article","@id":"https:\/\/charleroi-pourlapalestine.be\/index.php\/2022\/05\/09\/le-militant-palestinien-khaled-barakat-est-la-cible-dune-campagne-dintimidation-au-canada\/#article","isPartOf":{"@id":"https:\/\/charleroi-pourlapalestine.be\/index.php\/2022\/05\/09\/le-militant-palestinien-khaled-barakat-est-la-cible-dune-campagne-dintimidation-au-canada\/"},"author":{"name":"admin1873","@id":"https:\/\/charleroi-pourlapalestine.be\/#\/schema\/person\/c19ff515112f1299d8c12671d8fe3faa"},"headline":"Le militant palestinien Khaled Barakat est la cible d\u2019une campagne d\u2019intimidation au Canada","datePublished":"2022-05-09T07:25:11+00:00","dateModified":"2022-05-09T07:37:33+00:00","mainEntityOfPage":{"@id":"https:\/\/charleroi-pourlapalestine.be\/index.php\/2022\/05\/09\/le-militant-palestinien-khaled-barakat-est-la-cible-dune-campagne-dintimidation-au-canada\/"},"wordCount":2258,"publisher":{"@id":"https:\/\/charleroi-pourlapalestine.be\/#organization"},"image":{"@id":"https:\/\/charleroi-pourlapalestine.be\/index.php\/2022\/05\/09\/le-militant-palestinien-khaled-barakat-est-la-cible-dune-campagne-dintimidation-au-canada\/#primaryimage"},"thumbnailUrl":"https:\/\/charleroi-pourlapalestine.be\/wp-content\/uploads\/2022\/05\/Khaled-Barakat.jpg","keywords":["Khaled Barakat"],"articleSection":["Canada","criminalisation","Lobby","M\u00e9dias"],"inLanguage":"fr-FR"},{"@type":"WebPage","@id":"https:\/\/charleroi-pourlapalestine.be\/index.php\/2022\/05\/09\/le-militant-palestinien-khaled-barakat-est-la-cible-dune-campagne-dintimidation-au-canada\/","url":"https:\/\/charleroi-pourlapalestine.be\/index.php\/2022\/05\/09\/le-militant-palestinien-khaled-barakat-est-la-cible-dune-campagne-dintimidation-au-canada\/","name":"Le militant palestinien Khaled Barakat est la cible d\u2019une campagne d\u2019intimidation au Canada","isPartOf":{"@id":"https:\/\/charleroi-pourlapalestine.be\/#website"},"primaryImageOfPage":{"@id":"https:\/\/charleroi-pourlapalestine.be\/index.php\/2022\/05\/09\/le-militant-palestinien-khaled-barakat-est-la-cible-dune-campagne-dintimidation-au-canada\/#primaryimage"},"image":{"@id":"https:\/\/charleroi-pourlapalestine.be\/index.php\/2022\/05\/09\/le-militant-palestinien-khaled-barakat-est-la-cible-dune-campagne-dintimidation-au-canada\/#primaryimage"},"thumbnailUrl":"https:\/\/charleroi-pourlapalestine.be\/wp-content\/uploads\/2022\/05\/Khaled-Barakat.jpg","datePublished":"2022-05-09T07:25:11+00:00","dateModified":"2022-05-09T07:37:33+00:00","description":"Samidoun condamne dans les termes les plus forts la campagne de diffamation visant l\u2019\u00e9crivain et militant de gauche Khaled Barakat","breadcrumb":{"@id":"https:\/\/charleroi-pourlapalestine.be\/index.php\/2022\/05\/09\/le-militant-palestinien-khaled-barakat-est-la-cible-dune-campagne-dintimidation-au-canada\/#breadcrumb"},"inLanguage":"fr-FR","potentialAction":[{"@type":"ReadAction","target":["https:\/\/charleroi-pourlapalestine.be\/index.php\/2022\/05\/09\/le-militant-palestinien-khaled-barakat-est-la-cible-dune-campagne-dintimidation-au-canada\/"]}]},{"@type":"ImageObject","inLanguage":"fr-FR","@id":"https:\/\/charleroi-pourlapalestine.be\/index.php\/2022\/05\/09\/le-militant-palestinien-khaled-barakat-est-la-cible-dune-campagne-dintimidation-au-canada\/#primaryimage","url":"https:\/\/charleroi-pourlapalestine.be\/wp-content\/uploads\/2022\/05\/Khaled-Barakat.jpg","contentUrl":"https:\/\/charleroi-pourlapalestine.be\/wp-content\/uploads\/2022\/05\/Khaled-Barakat.jpg","width":416,"height":312},{"@type":"BreadcrumbList","@id":"https:\/\/charleroi-pourlapalestine.be\/index.php\/2022\/05\/09\/le-militant-palestinien-khaled-barakat-est-la-cible-dune-campagne-dintimidation-au-canada\/#breadcrumb","itemListElement":[{"@type":"ListItem","position":1,"name":"Accueil","item":"https:\/\/charleroi-pourlapalestine.be\/"},{"@type":"ListItem","position":2,"name":"Le militant palestinien Khaled Barakat est la cible d\u2019une campagne d\u2019intimidation au Canada"}]},{"@type":"WebSite","@id":"https:\/\/charleroi-pourlapalestine.be\/#website","url":"https:\/\/charleroi-pourlapalestine.be\/","name":"Charleroi Pour la Palestine","description":"","publisher":{"@id":"https:\/\/charleroi-pourlapalestine.be\/#organization"},"potentialAction":[{"@type":"SearchAction","target":{"@type":"EntryPoint","urlTemplate":"https:\/\/charleroi-pourlapalestine.be\/?s={search_term_string}"},"query-input":{"@type":"PropertyValueSpecification","valueRequired":true,"valueName":"search_term_string"}}],"inLanguage":"fr-FR"},{"@type":"Organization","@id":"https:\/\/charleroi-pourlapalestine.be\/#organization","name":"Plate-forme Charleroi-Palestine","url":"https:\/\/charleroi-pourlapalestine.be\/","logo":{"@type":"ImageObject","inLanguage":"fr-FR","@id":"https:\/\/charleroi-pourlapalestine.be\/#\/schema\/logo\/image\/","url":"https:\/\/charleroi-pourlapalestine.be\/wp-content\/uploads\/2020\/01\/logo-Copy.jpg","contentUrl":"https:\/\/charleroi-pourlapalestine.be\/wp-content\/uploads\/2020\/01\/logo-Copy.jpg","width":180,"height":180,"caption":"Plate-forme Charleroi-Palestine"},"image":{"@id":"https:\/\/charleroi-pourlapalestine.be\/#\/schema\/logo\/image\/"},"sameAs":["https:\/\/www.facebook.com\/PlateformeCharleroiPalestine\/","https:\/\/x.com\/LaCharleroi"]},{"@type":"Person","@id":"https:\/\/charleroi-pourlapalestine.be\/#\/schema\/person\/c19ff515112f1299d8c12671d8fe3faa","name":"admin1873","url":"https:\/\/charleroi-pourlapalestine.be\/index.php\/author\/admin1873\/"}]}},"_links":{"self":[{"href":"https:\/\/charleroi-pourlapalestine.be\/index.php\/wp-json\/wp\/v2\/posts\/38684","targetHints":{"allow":["GET"]}}],"collection":[{"href":"https:\/\/charleroi-pourlapalestine.be\/index.php\/wp-json\/wp\/v2\/posts"}],"about":[{"href":"https:\/\/charleroi-pourlapalestine.be\/index.php\/wp-json\/wp\/v2\/types\/post"}],"author":[{"embeddable":true,"href":"https:\/\/charleroi-pourlapalestine.be\/index.php\/wp-json\/wp\/v2\/users\/1"}],"replies":[{"embeddable":true,"href":"https:\/\/charleroi-pourlapalestine.be\/index.php\/wp-json\/wp\/v2\/comments?post=38684"}],"version-history":[{"count":0,"href":"https:\/\/charleroi-pourlapalestine.be\/index.php\/wp-json\/wp\/v2\/posts\/38684\/revisions"}],"wp:featuredmedia":[{"embeddable":true,"href":"https:\/\/charleroi-pourlapalestine.be\/index.php\/wp-json\/wp\/v2\/media\/38686"}],"wp:attachment":[{"href":"https:\/\/charleroi-pourlapalestine.be\/index.php\/wp-json\/wp\/v2\/media?parent=38684"}],"wp:term":[{"taxonomy":"category","embeddable":true,"href":"https:\/\/charleroi-pourlapalestine.be\/index.php\/wp-json\/wp\/v2\/categories?post=38684"},{"taxonomy":"post_tag","embeddable":true,"href":"https:\/\/charleroi-pourlapalestine.be\/index.php\/wp-json\/wp\/v2\/tags?post=38684"}],"curies":[{"name":"wp","href":"https:\/\/api.w.org\/{rel}","templated":true}]}}