{"id":3871,"date":"2020-01-27T22:07:31","date_gmt":"2020-01-27T21:07:31","guid":{"rendered":"https:\/\/charleroi-pourlapalestine.be\/?p=3871"},"modified":"2020-02-17T21:16:39","modified_gmt":"2020-02-17T20:16:39","slug":"holocauste-et-propagande","status":"publish","type":"post","link":"https:\/\/charleroi-pourlapalestine.be\/index.php\/2020\/01\/27\/holocauste-et-propagande\/","title":{"rendered":"Holocauste et propagande"},"content":{"rendered":"<h3>Johan Depoortere<\/h3>\n<p>Les morts ne parlent pas. Aussi les millions de juifs qui ont \u00e9t\u00e9 assassin\u00e9s par les nazis ne protestent-ils pas quand ils sont utilis\u00e9s pour justifier une autre injustice :<strong> le colonialisme d&rsquo;implantation<\/strong> qui a chass\u00e9 tout un peuple de ses foyers et de sa terre et un r\u00e9gime qui a grav\u00e9 dans la loi la discrimination et l&rsquo;apartheid.<\/p>\n<p>C&rsquo;est pourtant ce que fait le politicien de la N-VA Andr\u00e9 Gantman dans son interview r\u00e9cente publi\u00e9e par De Standaard, quand il invoque le sort tragique de sa famille et de tous les juifs pour <strong>assimiler l&rsquo;antisionisme \u00e0 l&rsquo;antis\u00e9mitisme<\/strong>, \u00e0 la jud\u00e9ophobie.<\/p>\n<p>Cela signifie que les six millions de Palestiniens qui vivent sous le pouvoir isra\u00e9lien et qui rejettent le sionisme sont catalogu\u00e9s comme jud\u00e9ophobes.<\/p>\n<p>Cela signifie qu&rsquo;un peuple qui n&rsquo;a strictement rien eu \u00e0 voir dans l&rsquo;extermination des Juifs europ\u00e9ens par les nazis doit payer avec r\u00e9signation le prix de ce crime ou \u00eatre accus\u00e9 d&rsquo;antis\u00e9mitisme.<\/p>\n<p>Les Palestiniens, les habitants originels de la terre qui s&rsquo;appelle aujourd&rsquo;hui Isra\u00ebl, ne ha\u00efssent pas le sionisme parce qu&rsquo;ils ha\u00efssent les juifs mais parce que c&rsquo;est au nom de cette id\u00e9ologie qu&rsquo;ils ont \u00e9t\u00e9 chass\u00e9s de leurs foyers et de leur terre, qu&rsquo;ils doivent vivre comme r\u00e9fugi\u00e9s et apatrides dans leur propre pays.<\/p>\n<p><strong>Le sionisme a d\u00e9truit leurs villages<\/strong> (et continue \u00e0 le faire \u00e0 ce jour), les a d\u00e9pouill\u00e9s, non seulement de leurs biens mat\u00e9riels mais aussi de leur identit\u00e9, de leur histoire et de leur langue, l&rsquo;arabe, qui, de langue officielle, a \u00e9t\u00e9 d\u00e9grad\u00e9 au rang de <em>\u00ab langue \u00e0 statut sp\u00e9cial \u00bb.<\/em> Quant \u00e0 leur droit \u00e0 l&rsquo;autod\u00e9termination, il leur a \u00e9t\u00e9 ravi par le biais d&rsquo;une loi.<\/p>\n<div id=\"attachment_3872\" style=\"width: 465px\" class=\"wp-caption aligncenter\"><img loading=\"lazy\" decoding=\"async\" aria-describedby=\"caption-attachment-3872\" class=\"wp-image-3872 size-full\" src=\"https:\/\/charleroi-pourlapalestine.be\/wp-content\/uploads\/2020\/01\/Ikrit-Copy.jpg\" alt=\"\" width=\"455\" height=\"304\"><p id=\"caption-attachment-3872\" class=\"wp-caption-text\">Vestiges d&rsquo;Ikrit, l&rsquo;un des 600 et quelques villages palestiniens d\u00e9truits et effac\u00e9s de la carte par Isra\u00ebl depuis 1948. (Photo : Johan Depoortere)<\/p><\/div>\n<p><img loading=\"lazy\" decoding=\"async\" class=\"aligncenter wp-image-3873 size-full\" src=\"https:\/\/charleroi-pourlapalestine.be\/wp-content\/uploads\/2020\/01\/ikrit-2-Copy.jpg\" alt=\"\" width=\"455\" height=\"304\"><\/p>\n<p>Que l&rsquo;on attelle les juifs assassin\u00e9s \u00e0 la charrette d&rsquo;une id\u00e9ologie dont ils \u00e9taient pour une bonne part les adversaires constitue un scandale et une insulte inou\u00efe \u00e0 l&rsquo;adresse des victimes du massacre.<\/p>\n<p>Jusqu&rsquo;\u00e0 l&rsquo;apparition des nazis et l&rsquo;extermination des Juifs europ\u00e9ens, le sionisme \u00e9tait l&rsquo;id\u00e9ologie d&rsquo;une minorit\u00e9 d&rsquo;entre eux. (Les Juifs du monde arabe ne s&rsquo;y int\u00e9ressaient absolument pas.)<\/p>\n<p>Jusqu&rsquo;\u00e0 la Premi\u00e8re Guerre mondiale, les critiques virulentes \u00e0 l&rsquo;\u00e9gard du sionisme venaient davantage du camp des juifs que de celui des non-juifs.<\/p>\n<p>Le mouvement fond\u00e9 par <strong>Theodor Herzl en 18<\/strong>97 connut une forte opposition, non seulement de la couche sup\u00e9rieure lib\u00e9rale juive des pays occidentaux, mais aussi des r\u00e9formateurs religieux et des juifs orthodoxes et ultra-orthodoxes.<\/p>\n<p>En Russie tsariste, les juifs la\u00efques, en grande majorit\u00e9 \u00e0 gauche et unis dans le Bund puis, plus tard, les communistes, furent des <strong>adversaires acharn\u00e9s du sionisme<\/strong> qu&rsquo;ils combattaient en tant que mouvement r\u00e9actionnaire, petit-bourgeois et utopique.<\/p>\n<p>Ils reprochaient entre autres aux sionistes de faire le jeu de l&rsquo;antis\u00e9mitisme en Europe. Et leurs reproches n&rsquo;\u00e9taient pas sans fondement.<\/p>\n<p><strong>Herzl<\/strong> lui-m\u00eame \u00e9crivait dans son journal&nbsp;: <em>\u00ab&nbsp;Les antis\u00e9mites seront nos amis les plus fiables et les pays antis\u00e9mites seront nos alli\u00e9s.&nbsp;\u00bb<\/em><\/p>\n<p>De plus, il croyait \u00e0 juste titre que les gouvernements des pays antis\u00e9mites allaient aider les sionistes \u00e0 cr\u00e9er leur propre pays, afin d&rsquo;\u00eatre ainsi d\u00e9barrass\u00e9s des juifs.<\/p>\n<p><img loading=\"lazy\" decoding=\"async\" class=\"aligncenter wp-image-3875 size-full\" src=\"https:\/\/charleroi-pourlapalestine.be\/wp-content\/uploads\/2020\/01\/Norman-Finkelstein.png\" alt=\"Norman Finkelstein : c'est surtout sa d\u00e9nonciation de l'usage abusif de l'Holocauste par Isra\u00ebl qui en a fait l'une des b\u00eates noirs du sionisme\" width=\"335\" height=\"220\"><\/p>\n<p>\u00c0 l&rsquo;instar d&rsquo;Andr\u00e9 Gantman, le politologue am\u00e9ricain <strong>Norman Finkelstein<\/strong> a v\u00e9cu le drame du massacre des juifs dans sa propre famille.<\/p>\n<p>Si ses deux parents ont surv\u00e9cu, il est vrai, aux camps d&rsquo;extermination d&rsquo;Auschwitz et de Majdanek, d&rsquo;autres membres de sa famille ont \u00e9t\u00e9 assassin\u00e9s par les nazis.<\/p>\n<p>Mais Finkelstein tire des conclusions tr\u00e8s diff\u00e9rentes de l&rsquo;histoire tragique du vingti\u00e8me si\u00e8cle.<\/p>\n<p>Dans ses ouvrages, ses conf\u00e9rences et son travail journalistique, il d\u00e9nonce les crimes d&rsquo;Isra\u00ebl, les violations permanentes des droits de l&rsquo;homme et du droit international, l&rsquo;oppression des Palestiniens et l&rsquo;apartheid officialis\u00e9 par la loi.<\/p>\n<p>Il dit de la fa\u00e7on dont Isra\u00ebl traite la population de la bande de Gaza que c&rsquo;est <em>\u00ab&nbsp;une des campagnes les plus horribles et persistantes de punitions collectives de l&rsquo;histoire moderne&nbsp;\u00bb.<\/em><\/p>\n<p>Mais c&rsquo;est surtout sa d\u00e9nonciation de <strong>l&rsquo;usage abusif de l&rsquo;Holocauste par Isra\u00ebl<\/strong> qui en a fait l&rsquo;une des b\u00eates noirs du sionisme et qui lui vaut d&rsquo;\u00eatre persona non grata en Isra\u00ebl.<\/p>\n<p>Que l&rsquo;<em>\u00ab&nbsp;Holocauste&nbsp;\u00bb<\/em> occupe aujourd&rsquo;hui une telle place centrale dans l&rsquo;apologie et la propagande de l&rsquo;\u00c9tat sioniste est une chose relativement r\u00e9cente.<\/p>\n<p>Quant \u00e0 la popularit\u00e9 du mot, nous la devons \u00e0 la s\u00e9rie t\u00e9l\u00e9vis\u00e9e am\u00e9ricaine du m\u00eame nom, datant de 1978, avec Meryl Streep, qui a contribu\u00e9 pour une part consid\u00e9rable \u00e0 la mise en image de ce que, dans la tradition juive, on appelle la <em>\u00ab Shoah \u00bb<\/em><\/p>\n<p>La mini-s\u00e9rie<em> \u00ab&nbsp;Holocauste&nbsp;\u00bb<\/em> a \u00e9t\u00e9 pr\u00e9sent\u00e9e en plusieurs langues sur les \u00e9crans. Elle a d\u00e9termin\u00e9 dans le monde occidental la mise en image du massacre des juifs en Europe.<\/p>\n<p>Dans les premi\u00e8res ann\u00e9es qui ont suivi la guerre, le massacre des Juifs europ\u00e9ens \u00e9tait un sujet tabou, en Isra\u00ebl.<\/p>\n<p>Dans son livre <strong><a href=\"https:\/\/www.nytimes.com\/1993\/05\/05\/books\/books-of-the-times-of-holocaust-survivors-and-palestine.html\" target=\"_blank\" rel=\"noopener noreferrer\"><em>The Seventh Million (Le septi\u00e8me million)<\/em><\/a><\/strong>, l&rsquo;historien isra\u00e9lien<strong> Tom Segev<\/strong> d\u00e9crit comment, apr\u00e8s la guerre, les survivants du jud\u00e9ocide \u00e9taient tout sauf les bienvenus en Isra\u00ebl.<\/p>\n<p>Ben-Gourion, le <em>\u00ab&nbsp;p\u00e8re de la patrie&nbsp;\u00bb<\/em>, disait d&rsquo;eux qu&rsquo;ils \u00e9taient de <em>\u00ab&nbsp;mauvaises gens&nbsp;\u00bb<\/em>&nbsp;: S&rsquo;ils avaient surv\u00e9cu au g\u00e9nocide, ils devaient donc avoir \u00e9t\u00e9 soit des collaborateurs soit des profiteurs qui avaient sauv\u00e9 leur peau au d\u00e9triment des autres.<\/p>\n<p>Un reproche plus grave encore \u00e9tait qu&rsquo;ils n&rsquo;avaient pas r\u00e9sist\u00e9&nbsp;: ils devaient \u00eatre des mauviettes qui s&rsquo;\u00e9taient laiss\u00e9 mener \u00e0 l&rsquo;abattoir comme des moutons.<\/p>\n<p>Et ce, au contraire des pionniers de l&rsquo;\u00c9tat d&rsquo;Isra\u00ebl qui allaient cr\u00e9er le <em>\u00ab&nbsp;juif nouveau&nbsp;\u00bb<\/em>, un homme fort qui ne se laisse plus opprimer. Un mot d&rsquo;insulte largement r\u00e9pandu \u00e9tait utilis\u00e9 pour d\u00e9signer les survivants des camps, explique Segev dans une interview \u00e0 la BBC. Ce mot \u00e9tait <em>\u00ab&nbsp;savonnette&nbsp;\u00bb.<\/em><\/p>\n<p><img loading=\"lazy\" decoding=\"async\" class=\"size-full wp-image-3879 alignright\" src=\"https:\/\/charleroi-pourlapalestine.be\/wp-content\/uploads\/2020\/01\/tom-segev-the-seventh-million-us-cover-1.jpg\" alt=\"\" width=\"200\" height=\"300\"><\/p>\n<p>Au lendemain de la guerre, les Juifs am\u00e9ricains influents, eux non plus, ne voulaient pas qu&rsquo;on leur rappelle l&rsquo;extermination en Allemagne.<\/p>\n<p>Dans le livre <a href=\"https:\/\/www.thenation.com\/article\/archive\/holocaust-creationism\/\" target=\"_blank\" rel=\"noopener noreferrer\"><em><strong>The Holocaust in American Life (L&rsquo;Holocauste dans la vie am\u00e9ricaine)<\/strong><\/em><\/a>, l&rsquo;historien <strong>Peter Novick<\/strong> explique comment aux \u00c9tats-Unis la guerre froide dominait les esprits.<\/p>\n<p>Parler des tentatives d&rsquo;Hitler d&rsquo;exterminer les juifs aurait fait le jeu des communistes dans leur lutte contre le r\u00e9armement de l&rsquo;Allemagne. Rappeler l&rsquo;Holocauste, \u00e9crit Novick, <em>\u00ab&nbsp;\u00e9tait quelque chose d&#8217;embarrassant&nbsp;\u00bb.<\/em><\/p>\n<p>Quand, \u00e0 la fin des ann\u00e9es 40, on r\u00e9alisa des plans en vue d&rsquo;\u00e9riger un monument de l&rsquo;Holocauste \u00e0 New York, ils furent en butte \u00e0 la r\u00e9sistance unanime de tr\u00e8s influentes organisations juives comme <em>The American Jewish Committee (Comit\u00e9 juif am\u00e9ricain),<\/em> <em>The anti-Defamation League (Ligue antidiffamation)<\/em> et d&rsquo;autres voies juives officielles.<\/p>\n<p>Toutes \u00e9taient d&rsquo;accord&nbsp;: <em>\u00ab&nbsp;Un tel m\u00e9morial repr\u00e9senterait un monument qui comm\u00e9morerait \u00e0 jamais la faiblesse et l&rsquo;impuissance du peuple juif&nbsp;\u00bb.<\/em><\/p>\n<p>Le changement vint au d\u00e9but des ann\u00e9es soixante, quand Eichmann fut d\u00e9busqu\u00e9 en Argentine et enlev\u00e9 pour \u00eatre ramen\u00e9 en Isra\u00ebl.<\/p>\n<p>Le proc\u00e8s d&rsquo;Eichmann confronta la communaut\u00e9 juive isra\u00e9lienne \u00e0 une histoire qu&rsquo;elle aurait surtout pr\u00e9f\u00e9r\u00e9 oublier.<\/p>\n<p>Mais, pour Ben-Gourion, c&rsquo;\u00e9tait l&rsquo;occasion r\u00eav\u00e9e de convaincre le monde que le soutien \u00e0 Isra\u00ebl \u00e9tait indispensable pour emp\u00eacher un nouvel Holocauste.<\/p>\n<p>Selon la philosophe juive <strong>Hannah Arendt<\/strong>, telle \u00e9tait la finalit\u00e9 propagandiste du proc\u00e8s.<\/p>\n<p>Dans son rapport c\u00e9l\u00e8bre \u2013 et tr\u00e8s controvers\u00e9, certes \u2013 <em><strong>Eichmann \u00e0 J\u00e9rusalem<\/strong><\/em>, elle va \u00e0 l&rsquo;encontre de l&rsquo;image d&rsquo;Eichmann en tant que <em>\u00ab&nbsp;monstre antis\u00e9mite contre lequel seul l&rsquo;\u00c9tat d&rsquo;Isra\u00ebl peut offrir une protection&nbsp;\u00bb<\/em>.<\/p>\n<p>Elle dit de lui qu&rsquo;il est la personnification de la <em>\u00ab&nbsp;banalit\u00e9 du mal&nbsp;\u00bb.<\/em> Et elle va m\u00eame un pas plus loin&nbsp;: elle voit un parall\u00e8le entre le sionisme et les nazis.<\/p>\n<p>Selon elle, un \u00c9tat moderne ne peut \u00eatre \u00e9tabli sur l&rsquo;identit\u00e9 juive, parce que, de ce fait, la pluralit\u00e9 humaine est ni\u00e9e.<\/p>\n<p>Le g\u00e9nocide des juifs fut \u00e9galement, toujours selon elle, une tentative de destruction de la pluralit\u00e9 humaine. <em>\u00ab&nbsp;Exactement \u00e0 l&rsquo;instar des sionistes, les nazis voulaient \u00e9tablir leur \u00c9tat sur base de la race et c&rsquo;est pourquoi ils purent r\u00e9aliser leurs id\u00e9aux en une collaboration mutuelle.&nbsp;\u00bb<\/em>(1)<\/p>\n<div id=\"attachment_3888\" style=\"width: 383px\" class=\"wp-caption aligncenter\"><img loading=\"lazy\" decoding=\"async\" aria-describedby=\"caption-attachment-3888\" class=\"wp-image-3888 size-full\" src=\"https:\/\/charleroi-pourlapalestine.be\/wp-content\/uploads\/2020\/01\/hannah-arendt-Copy.jpg\" alt=\"\" width=\"373\" height=\"441\" srcset=\"https:\/\/charleroi-pourlapalestine.be\/wp-content\/uploads\/2020\/01\/hannah-arendt-Copy.jpg 373w, https:\/\/charleroi-pourlapalestine.be\/wp-content\/uploads\/2020\/01\/hannah-arendt-Copy-254x300.jpg 254w\" sizes=\"auto, (max-width: 373px) 100vw, 373px\" \/><p id=\"caption-attachment-3888\" class=\"wp-caption-text\">Hanna Arendt<\/p><\/div>\n<p>Apr\u00e8s la guerre des Six-Jours, en 1967, qui ne fut plus per\u00e7ue comme une <em>\u00ab&nbsp;guerre d\u00e9fensive&nbsp;\u00bb<\/em>, Isra\u00ebl perdit une grande partie de la sympathie dont il avait b\u00e9n\u00e9fici\u00e9 sans partage jusqu&rsquo;alors, tant dans la gauche que dans la droite du monde occidental.<\/p>\n<p>La valeur propagandiste du mythe de <em>\u00ab&nbsp;David contre Goliath&nbsp;\u00bb \u2013<\/em> le petit Isra\u00ebl contre ses puissants voisins arabes \u2013 semblait avoir fait son temps.<\/p>\n<p><strong>D\u00e8s ce moment, la propagande isra\u00e9lienne et les d\u00e9fenseurs du sionisme jou\u00e8rent sans retenue la carte de l&rsquo;Holocauste.<\/strong><\/p>\n<p>Et c&rsquo;est le cas dans notre pays aussi \u2013 voyez Gantman, voyez les conflits \u00e0 propos du <em>\u00ab&nbsp;m\u00e9morial et mus\u00e9e de la caserne Dossin&nbsp;\u00bb,<\/em> o\u00f9 le lobby sioniste exige le droit exclusif d&rsquo;interpr\u00e9ter id\u00e9ologiquement le massacre des juifs \u00e0 des fins de propagande.<\/p>\n<p><em>(1) Eichmann in Jerusalem. A Report on the Banality of Evil,<\/em> <em>(Eichmann \u00e0 J\u00e9rusalem&nbsp;: un rapport sur la banalit\u00e9 du mal)<\/em>, Londres, Penguin Books, 2006, pp. 41-42. Arendt compare \u00e9galement les lois raciales de Nuremberg adopt\u00e9es par les nazis en 1935 \u2013 et sur base desquelles les mariages entre Allemands et juifs \u00e9taient interdits \u2013 avec la l\u00e9gislation isra\u00e9lienne qui n&rsquo;autorise que les mariages entre juifs (Arendt, 2006, p. 7).<\/p>\n<p>Ceci constitue la version longue d&rsquo;une contribution qui a \u00e9t\u00e9 publi\u00e9e dans <strong>De Standaard<\/strong> du 21 janvier 2020 sous une forme l\u00e9g\u00e8rement modifi\u00e9e.<\/p>\n<hr>\n<p>Publi\u00e9 le 21 janvier 2020 sur <a href=\"https:\/\/salonvansisyphus.wordpress.com\/2020\/01\/21\/holocaust-propaganda\/?fbclid=IwAR1Zjnf4YFsmft5y491uMpj7pJc8xSBLqjdK5Uj-R76TuzVCKh5pGESaBGY\" target=\"_blank\" rel=\"noopener noreferrer\">Salon van Sisuphus<\/a><br \/>\nTraduction : Jean-Marie Fl\u00e9mal<\/p>\n<p><a href=\"https:\/\/charleroi-pourlapalestine.be\/index.php\/category\/letat-colonial\/le-sionisme\/\" target=\"_blank\" rel=\"noopener noreferrer\">Lisez ici des articles concernant le sionisme, publi\u00e9s sur ce site<\/a><\/p>\n","protected":false},"excerpt":{"rendered":"<p>Que l&rsquo;\u00ab\u00a0Holocauste\u00a0\u00bb occupe aujourd&rsquo;hui une place centrale dans l&rsquo;apologie et la propagande de l&rsquo;\u00c9tat sioniste est une chose relativement r\u00e9cente.<\/p>\n","protected":false},"author":1,"featured_media":0,"comment_status":"closed","ping_status":"closed","sticky":false,"template":"","format":"standard","meta":{"ngg_post_thumbnail":0,"footnotes":""},"categories":[95,132,307,140,20,45,38],"tags":[],"class_list":["post-3871","post","type-post","status-publish","format-standard","hentry","category-hasbara-propagande-israelienne","category-histoire","category-holocauste","category-letat-colonial","category-la-nakba","category-le-nettoyage-ethique","category-le-sionisme"],"yoast_head":"<!-- This site is optimized with the Yoast SEO plugin v27.3 - https:\/\/yoast.com\/product\/yoast-seo-wordpress\/ -->\n<title>Holocauste et propagande - Charleroi Pour la Palestine<\/title>\n<meta name=\"description\" content=\"Que l&#039;\u00ab\u00a0Holocauste\u00a0\u00bb occupe aujourd&#039;hui une place centrale dans l&#039;apologie et la propagande de l&#039;\u00c9tat sioniste est une chose relativement r\u00e9cente.\" \/>\n<meta name=\"robots\" content=\"index, follow, max-snippet:-1, max-image-preview:large, max-video-preview:-1\" \/>\n<link rel=\"canonical\" href=\"https:\/\/charleroi-pourlapalestine.be\/index.php\/2020\/01\/27\/holocauste-et-propagande\/\" \/>\n<script type=\"application\/ld+json\" class=\"yoast-schema-graph\">{\"@context\":\"https:\\\/\\\/schema.org\",\"@graph\":[{\"@type\":\"Article\",\"@id\":\"https:\\\/\\\/charleroi-pourlapalestine.be\\\/index.php\\\/2020\\\/01\\\/27\\\/holocauste-et-propagande\\\/#article\",\"isPartOf\":{\"@id\":\"https:\\\/\\\/charleroi-pourlapalestine.be\\\/index.php\\\/2020\\\/01\\\/27\\\/holocauste-et-propagande\\\/\"},\"author\":{\"name\":\"admin1873\",\"@id\":\"https:\\\/\\\/charleroi-pourlapalestine.be\\\/#\\\/schema\\\/person\\\/c19ff515112f1299d8c12671d8fe3faa\"},\"headline\":\"Holocauste et propagande\",\"datePublished\":\"2020-01-27T21:07:31+00:00\",\"dateModified\":\"2020-02-17T20:16:39+00:00\",\"mainEntityOfPage\":{\"@id\":\"https:\\\/\\\/charleroi-pourlapalestine.be\\\/index.php\\\/2020\\\/01\\\/27\\\/holocauste-et-propagande\\\/\"},\"wordCount\":1794,\"publisher\":{\"@id\":\"https:\\\/\\\/charleroi-pourlapalestine.be\\\/#organization\"},\"image\":{\"@id\":\"https:\\\/\\\/charleroi-pourlapalestine.be\\\/index.php\\\/2020\\\/01\\\/27\\\/holocauste-et-propagande\\\/#primaryimage\"},\"thumbnailUrl\":\"https:\\\/\\\/charleroi-pourlapalestine.be\\\/wp-content\\\/uploads\\\/2020\\\/01\\\/Ikrit-Copy.jpg\",\"articleSection\":[\"Hasbara\",\"Histoire\",\"Holocauste\",\"L'Etat colonial\",\"Nakba\",\"Nettoyage ethnique\",\"Sionisme\"],\"inLanguage\":\"fr-FR\"},{\"@type\":\"WebPage\",\"@id\":\"https:\\\/\\\/charleroi-pourlapalestine.be\\\/index.php\\\/2020\\\/01\\\/27\\\/holocauste-et-propagande\\\/\",\"url\":\"https:\\\/\\\/charleroi-pourlapalestine.be\\\/index.php\\\/2020\\\/01\\\/27\\\/holocauste-et-propagande\\\/\",\"name\":\"Holocauste et propagande - Charleroi Pour la Palestine\",\"isPartOf\":{\"@id\":\"https:\\\/\\\/charleroi-pourlapalestine.be\\\/#website\"},\"primaryImageOfPage\":{\"@id\":\"https:\\\/\\\/charleroi-pourlapalestine.be\\\/index.php\\\/2020\\\/01\\\/27\\\/holocauste-et-propagande\\\/#primaryimage\"},\"image\":{\"@id\":\"https:\\\/\\\/charleroi-pourlapalestine.be\\\/index.php\\\/2020\\\/01\\\/27\\\/holocauste-et-propagande\\\/#primaryimage\"},\"thumbnailUrl\":\"https:\\\/\\\/charleroi-pourlapalestine.be\\\/wp-content\\\/uploads\\\/2020\\\/01\\\/Ikrit-Copy.jpg\",\"datePublished\":\"2020-01-27T21:07:31+00:00\",\"dateModified\":\"2020-02-17T20:16:39+00:00\",\"description\":\"Que l'\u00ab\u00a0Holocauste\u00a0\u00bb occupe aujourd'hui une place centrale dans l'apologie et la propagande de l'\u00c9tat sioniste est une chose relativement r\u00e9cente.\",\"breadcrumb\":{\"@id\":\"https:\\\/\\\/charleroi-pourlapalestine.be\\\/index.php\\\/2020\\\/01\\\/27\\\/holocauste-et-propagande\\\/#breadcrumb\"},\"inLanguage\":\"fr-FR\",\"potentialAction\":[{\"@type\":\"ReadAction\",\"target\":[\"https:\\\/\\\/charleroi-pourlapalestine.be\\\/index.php\\\/2020\\\/01\\\/27\\\/holocauste-et-propagande\\\/\"]}]},{\"@type\":\"ImageObject\",\"inLanguage\":\"fr-FR\",\"@id\":\"https:\\\/\\\/charleroi-pourlapalestine.be\\\/index.php\\\/2020\\\/01\\\/27\\\/holocauste-et-propagande\\\/#primaryimage\",\"url\":\"https:\\\/\\\/charleroi-pourlapalestine.be\\\/wp-content\\\/uploads\\\/2020\\\/01\\\/Ikrit-Copy.jpg\",\"contentUrl\":\"https:\\\/\\\/charleroi-pourlapalestine.be\\\/wp-content\\\/uploads\\\/2020\\\/01\\\/Ikrit-Copy.jpg\"},{\"@type\":\"BreadcrumbList\",\"@id\":\"https:\\\/\\\/charleroi-pourlapalestine.be\\\/index.php\\\/2020\\\/01\\\/27\\\/holocauste-et-propagande\\\/#breadcrumb\",\"itemListElement\":[{\"@type\":\"ListItem\",\"position\":1,\"name\":\"Accueil\",\"item\":\"https:\\\/\\\/charleroi-pourlapalestine.be\\\/\"},{\"@type\":\"ListItem\",\"position\":2,\"name\":\"Holocauste et propagande\"}]},{\"@type\":\"WebSite\",\"@id\":\"https:\\\/\\\/charleroi-pourlapalestine.be\\\/#website\",\"url\":\"https:\\\/\\\/charleroi-pourlapalestine.be\\\/\",\"name\":\"Charleroi Pour la Palestine\",\"description\":\"\",\"publisher\":{\"@id\":\"https:\\\/\\\/charleroi-pourlapalestine.be\\\/#organization\"},\"potentialAction\":[{\"@type\":\"SearchAction\",\"target\":{\"@type\":\"EntryPoint\",\"urlTemplate\":\"https:\\\/\\\/charleroi-pourlapalestine.be\\\/?s={search_term_string}\"},\"query-input\":{\"@type\":\"PropertyValueSpecification\",\"valueRequired\":true,\"valueName\":\"search_term_string\"}}],\"inLanguage\":\"fr-FR\"},{\"@type\":\"Organization\",\"@id\":\"https:\\\/\\\/charleroi-pourlapalestine.be\\\/#organization\",\"name\":\"Plate-forme Charleroi-Palestine\",\"url\":\"https:\\\/\\\/charleroi-pourlapalestine.be\\\/\",\"logo\":{\"@type\":\"ImageObject\",\"inLanguage\":\"fr-FR\",\"@id\":\"https:\\\/\\\/charleroi-pourlapalestine.be\\\/#\\\/schema\\\/logo\\\/image\\\/\",\"url\":\"https:\\\/\\\/charleroi-pourlapalestine.be\\\/wp-content\\\/uploads\\\/2020\\\/01\\\/logo-Copy.jpg\",\"contentUrl\":\"https:\\\/\\\/charleroi-pourlapalestine.be\\\/wp-content\\\/uploads\\\/2020\\\/01\\\/logo-Copy.jpg\",\"width\":180,\"height\":180,\"caption\":\"Plate-forme Charleroi-Palestine\"},\"image\":{\"@id\":\"https:\\\/\\\/charleroi-pourlapalestine.be\\\/#\\\/schema\\\/logo\\\/image\\\/\"},\"sameAs\":[\"https:\\\/\\\/www.facebook.com\\\/PlateformeCharleroiPalestine\\\/\",\"https:\\\/\\\/x.com\\\/LaCharleroi\"]},{\"@type\":\"Person\",\"@id\":\"https:\\\/\\\/charleroi-pourlapalestine.be\\\/#\\\/schema\\\/person\\\/c19ff515112f1299d8c12671d8fe3faa\",\"name\":\"admin1873\",\"url\":\"https:\\\/\\\/charleroi-pourlapalestine.be\\\/index.php\\\/author\\\/admin1873\\\/\"}]}<\/script>\n<!-- \/ Yoast SEO plugin. -->","yoast_head_json":{"title":"Holocauste et propagande - Charleroi Pour la Palestine","description":"Que l'\u00ab\u00a0Holocauste\u00a0\u00bb occupe aujourd'hui une place centrale dans l'apologie et la propagande de l'\u00c9tat sioniste est une chose relativement r\u00e9cente.","robots":{"index":"index","follow":"follow","max-snippet":"max-snippet:-1","max-image-preview":"max-image-preview:large","max-video-preview":"max-video-preview:-1"},"canonical":"https:\/\/charleroi-pourlapalestine.be\/index.php\/2020\/01\/27\/holocauste-et-propagande\/","schema":{"@context":"https:\/\/schema.org","@graph":[{"@type":"Article","@id":"https:\/\/charleroi-pourlapalestine.be\/index.php\/2020\/01\/27\/holocauste-et-propagande\/#article","isPartOf":{"@id":"https:\/\/charleroi-pourlapalestine.be\/index.php\/2020\/01\/27\/holocauste-et-propagande\/"},"author":{"name":"admin1873","@id":"https:\/\/charleroi-pourlapalestine.be\/#\/schema\/person\/c19ff515112f1299d8c12671d8fe3faa"},"headline":"Holocauste et propagande","datePublished":"2020-01-27T21:07:31+00:00","dateModified":"2020-02-17T20:16:39+00:00","mainEntityOfPage":{"@id":"https:\/\/charleroi-pourlapalestine.be\/index.php\/2020\/01\/27\/holocauste-et-propagande\/"},"wordCount":1794,"publisher":{"@id":"https:\/\/charleroi-pourlapalestine.be\/#organization"},"image":{"@id":"https:\/\/charleroi-pourlapalestine.be\/index.php\/2020\/01\/27\/holocauste-et-propagande\/#primaryimage"},"thumbnailUrl":"https:\/\/charleroi-pourlapalestine.be\/wp-content\/uploads\/2020\/01\/Ikrit-Copy.jpg","articleSection":["Hasbara","Histoire","Holocauste","L'Etat colonial","Nakba","Nettoyage ethnique","Sionisme"],"inLanguage":"fr-FR"},{"@type":"WebPage","@id":"https:\/\/charleroi-pourlapalestine.be\/index.php\/2020\/01\/27\/holocauste-et-propagande\/","url":"https:\/\/charleroi-pourlapalestine.be\/index.php\/2020\/01\/27\/holocauste-et-propagande\/","name":"Holocauste et propagande - Charleroi Pour la Palestine","isPartOf":{"@id":"https:\/\/charleroi-pourlapalestine.be\/#website"},"primaryImageOfPage":{"@id":"https:\/\/charleroi-pourlapalestine.be\/index.php\/2020\/01\/27\/holocauste-et-propagande\/#primaryimage"},"image":{"@id":"https:\/\/charleroi-pourlapalestine.be\/index.php\/2020\/01\/27\/holocauste-et-propagande\/#primaryimage"},"thumbnailUrl":"https:\/\/charleroi-pourlapalestine.be\/wp-content\/uploads\/2020\/01\/Ikrit-Copy.jpg","datePublished":"2020-01-27T21:07:31+00:00","dateModified":"2020-02-17T20:16:39+00:00","description":"Que l'\u00ab\u00a0Holocauste\u00a0\u00bb occupe aujourd'hui une place centrale dans l'apologie et la propagande de l'\u00c9tat sioniste est une chose relativement r\u00e9cente.","breadcrumb":{"@id":"https:\/\/charleroi-pourlapalestine.be\/index.php\/2020\/01\/27\/holocauste-et-propagande\/#breadcrumb"},"inLanguage":"fr-FR","potentialAction":[{"@type":"ReadAction","target":["https:\/\/charleroi-pourlapalestine.be\/index.php\/2020\/01\/27\/holocauste-et-propagande\/"]}]},{"@type":"ImageObject","inLanguage":"fr-FR","@id":"https:\/\/charleroi-pourlapalestine.be\/index.php\/2020\/01\/27\/holocauste-et-propagande\/#primaryimage","url":"https:\/\/charleroi-pourlapalestine.be\/wp-content\/uploads\/2020\/01\/Ikrit-Copy.jpg","contentUrl":"https:\/\/charleroi-pourlapalestine.be\/wp-content\/uploads\/2020\/01\/Ikrit-Copy.jpg"},{"@type":"BreadcrumbList","@id":"https:\/\/charleroi-pourlapalestine.be\/index.php\/2020\/01\/27\/holocauste-et-propagande\/#breadcrumb","itemListElement":[{"@type":"ListItem","position":1,"name":"Accueil","item":"https:\/\/charleroi-pourlapalestine.be\/"},{"@type":"ListItem","position":2,"name":"Holocauste et propagande"}]},{"@type":"WebSite","@id":"https:\/\/charleroi-pourlapalestine.be\/#website","url":"https:\/\/charleroi-pourlapalestine.be\/","name":"Charleroi Pour la Palestine","description":"","publisher":{"@id":"https:\/\/charleroi-pourlapalestine.be\/#organization"},"potentialAction":[{"@type":"SearchAction","target":{"@type":"EntryPoint","urlTemplate":"https:\/\/charleroi-pourlapalestine.be\/?s={search_term_string}"},"query-input":{"@type":"PropertyValueSpecification","valueRequired":true,"valueName":"search_term_string"}}],"inLanguage":"fr-FR"},{"@type":"Organization","@id":"https:\/\/charleroi-pourlapalestine.be\/#organization","name":"Plate-forme Charleroi-Palestine","url":"https:\/\/charleroi-pourlapalestine.be\/","logo":{"@type":"ImageObject","inLanguage":"fr-FR","@id":"https:\/\/charleroi-pourlapalestine.be\/#\/schema\/logo\/image\/","url":"https:\/\/charleroi-pourlapalestine.be\/wp-content\/uploads\/2020\/01\/logo-Copy.jpg","contentUrl":"https:\/\/charleroi-pourlapalestine.be\/wp-content\/uploads\/2020\/01\/logo-Copy.jpg","width":180,"height":180,"caption":"Plate-forme Charleroi-Palestine"},"image":{"@id":"https:\/\/charleroi-pourlapalestine.be\/#\/schema\/logo\/image\/"},"sameAs":["https:\/\/www.facebook.com\/PlateformeCharleroiPalestine\/","https:\/\/x.com\/LaCharleroi"]},{"@type":"Person","@id":"https:\/\/charleroi-pourlapalestine.be\/#\/schema\/person\/c19ff515112f1299d8c12671d8fe3faa","name":"admin1873","url":"https:\/\/charleroi-pourlapalestine.be\/index.php\/author\/admin1873\/"}]}},"_links":{"self":[{"href":"https:\/\/charleroi-pourlapalestine.be\/index.php\/wp-json\/wp\/v2\/posts\/3871","targetHints":{"allow":["GET"]}}],"collection":[{"href":"https:\/\/charleroi-pourlapalestine.be\/index.php\/wp-json\/wp\/v2\/posts"}],"about":[{"href":"https:\/\/charleroi-pourlapalestine.be\/index.php\/wp-json\/wp\/v2\/types\/post"}],"author":[{"embeddable":true,"href":"https:\/\/charleroi-pourlapalestine.be\/index.php\/wp-json\/wp\/v2\/users\/1"}],"replies":[{"embeddable":true,"href":"https:\/\/charleroi-pourlapalestine.be\/index.php\/wp-json\/wp\/v2\/comments?post=3871"}],"version-history":[{"count":0,"href":"https:\/\/charleroi-pourlapalestine.be\/index.php\/wp-json\/wp\/v2\/posts\/3871\/revisions"}],"wp:attachment":[{"href":"https:\/\/charleroi-pourlapalestine.be\/index.php\/wp-json\/wp\/v2\/media?parent=3871"}],"wp:term":[{"taxonomy":"category","embeddable":true,"href":"https:\/\/charleroi-pourlapalestine.be\/index.php\/wp-json\/wp\/v2\/categories?post=3871"},{"taxonomy":"post_tag","embeddable":true,"href":"https:\/\/charleroi-pourlapalestine.be\/index.php\/wp-json\/wp\/v2\/tags?post=3871"}],"curies":[{"name":"wp","href":"https:\/\/api.w.org\/{rel}","templated":true}]}}