{"id":38809,"date":"2022-05-14T11:11:08","date_gmt":"2022-05-14T09:11:08","guid":{"rendered":"https:\/\/charleroi-pourlapalestine.be\/?p=38809"},"modified":"2022-11-19T12:43:55","modified_gmt":"2022-11-19T11:43:55","slug":"cruaute-ultime-larmee-israelienne-attaque-le-cortege-funebre-de-shireen-abu-akleh","status":"publish","type":"post","link":"https:\/\/charleroi-pourlapalestine.be\/index.php\/2022\/05\/14\/cruaute-ultime-larmee-israelienne-attaque-le-cortege-funebre-de-shireen-abu-akleh\/","title":{"rendered":"Cruaut\u00e9 ultime : l\u2019arm\u00e9e isra\u00e9lienne attaque le cort\u00e8ge fun\u00e8bre de Shireen Abu Akleh"},"content":{"rendered":"<p><em>Les forces d\u2019occupation isra\u00e9liennes ont forc\u00e9 et attaqu\u00e9 violemment le cort\u00e8ge fun\u00e8bre de Shireen Abu Akleh.<\/em><\/p>\n<div id=\"attachment_38810\" style=\"width: 487px\" class=\"wp-caption aligncenter\"><img loading=\"lazy\" decoding=\"async\" aria-describedby=\"caption-attachment-38810\" class=\"wp-image-38810 size-full\" src=\"https:\/\/charleroi-pourlapalestine.be\/wp-content\/uploads\/2022\/05\/Cortege-funeraire-de-Shireen-Abu-Akleh-e1652516472169.jpg\" alt=\"13 mai 2022 - Des milliers de Palestiniens \u00e0 J\u00e9rusalem pleurent la mort de Shireen Abu Akleh, une \u00e9minente journaliste d'Al Jazeera tu\u00e9e d'une balle dans la t\u00eate par les forces coloniales isra\u00e9liennes le mercredi matin, alors qu'elle couvrait un raid des forces isra\u00e9liennes d'occupation \u00e0 J\u00e9nine. Des personnes en deuil, y compris des porteurs de cercueil, ont \u00e9t\u00e9 attaqu\u00e9es par la police avec des matraques, blessant 35 personnes et faisant presque tomber son cercueil. Sa mort a \u00e9t\u00e9 consid\u00e9r\u00e9e comme une trag\u00e9die nationale et fait partie de la volont\u00e9 isra\u00e9lienne de faire taire et de harceler les Palestiniens qui visent \u00e0 exposer la v\u00e9rit\u00e9 - Photo : Oren Ziv\/Activestills\" width=\"477\" height=\"320\"><p id=\"caption-attachment-38810\" class=\"wp-caption-text\">13 mai 2022 &#8211; Des milliers de Palestiniens \u00e0 J\u00e9rusalem pleurent la mort de Shireen Abu Akleh, une \u00e9minente journaliste d&rsquo;Al Jazeera tu\u00e9e d&rsquo;une balle dans la t\u00eate par les forces coloniales isra\u00e9liennes le mercredi matin, alors qu&rsquo;elle couvrait un raid des forces isra\u00e9liennes d&rsquo;occupation \u00e0 J\u00e9nine. Des personnes en deuil, y compris des porteurs de cercueil, ont \u00e9t\u00e9 attaqu\u00e9es par la police avec des matraques, blessant 35 personnes et faisant presque tomber son cercueil. Sa mort a \u00e9t\u00e9 consid\u00e9r\u00e9e comme une trag\u00e9die nationale et fait partie de la volont\u00e9 isra\u00e9lienne de faire taire et de harceler les Palestiniens qui visent \u00e0 exposer la v\u00e9rit\u00e9 &#8211; Photo : Oren Ziv\/Activestills<\/p><\/div>\n<p>La correspondante d\u2019<strong>Al Mayadeen<\/strong> \u00e0 <strong>Al-Qods<\/strong> [J\u00e9rusalem] sous occupation a rendu compte de la violence isra\u00e9lienne \u00e0 l\u2019\u00e9gard des personnes en deuil lors des fun\u00e9railles de la journaliste et martyre palestinienne <a href=\"https:\/\/charleroi-pourlapalestine.be\/index.php\/2022\/05\/11\/la-journaliste-palestinienne-shireen-abu-aqleh-assassinee-par-les-forces-doccupation-israeliennes-a-jenine\/\">Shireen Abu Akleh<\/a>, pr\u00e8s de l\u2019h\u00f4pital fran\u00e7ais.<\/p>\n<p>Notre correspondante a d\u00e9clar\u00e9 que les forces d\u2019occupation ont pris d\u2019assaut l\u2019h\u00f4pital, confirmant que le cort\u00e8ge fun\u00e8bre a \u00e9t\u00e9 attaqu\u00e9 et gravement perturb\u00e9 alors que l\u2019h\u00f4pital \u00e9tait encercl\u00e9.<\/p>\n<p>Elle a indiqu\u00e9 que les grandes foules de Palestiniens se sont rassembl\u00e9es devant l\u2019h\u00f4pital fran\u00e7ais pour participer au cort\u00e8ge, o\u00f9 les forces d\u2019occupation isra\u00e9liennes ont \u00e9t\u00e9 massivement d\u00e9ploy\u00e9es puis ont tent\u00e9 d\u2019emp\u00eacher la foule de suivre le transport du cercueil dans les rues.<\/p>\n<p>N\u00e9anmoins, a-t-elle rapport\u00e9, <em>\u00ab beaucoup de personnes en deuil ont tent\u00e9 d\u2019entrer dans la cour de l\u2019h\u00f4pital fran\u00e7ais malgr\u00e9 l\u2019interdiction par les troupes d\u2019occupation \u00bb.<\/em><\/p>\n<div class=\"video-container\"><iframe loading=\"lazy\" title=\"Israeli police \u200battack funeral procession of killed journalist Shireen Abu Aqleh\" width=\"500\" height=\"281\" src=\"https:\/\/www.youtube.com\/embed\/WHqytR_y0I8?feature=oembed&#038;wmode=opaque\" frameborder=\"0\" allow=\"accelerometer; autoplay; clipboard-write; encrypted-media; gyroscope; picture-in-picture; web-share\" referrerpolicy=\"strict-origin-when-cross-origin\" allowfullscreen><\/iframe><\/div>\n<p>La correspondante d\u2019Al Mayadeen a confirm\u00e9 que les soldats isra\u00e9liens avaient attaqu\u00e9 des personnes en deuil lors des fun\u00e9railles \u00e0 Al-Qod.<\/p>\n<p>Elle a expliqu\u00e9 que les personnes en deuil avaient tent\u00e9 de ramener le cercueil du martyr \u00e0 l\u2019h\u00f4pital pour le prot\u00e9ger des attaques des soldats de l\u2019occupation, ajoutant que<\/p>\n<blockquote><p>\u00ab les personnes en deuil devant l\u2019h\u00f4pital fran\u00e7ais ont affront\u00e9 les forces d\u2019occupation, qui ont utilis\u00e9 des balles en acier et caoutchouc et des grenades lacrymog\u00e8nes pour les disperser. \u00bb<\/p><\/blockquote>\n<p>Les Palestiniens se sont oppos\u00e9s \u00e0 la violence isra\u00e9lienne, alors que la police militaire tentait d\u2019arracher le drapeau palestinien du cercueil tout en harcelant les gens rassembl\u00e9s.<\/p>\n<blockquote class=\"twitter-tweet\" data-width=\"500\" data-dnt=\"true\">\n<p lang=\"en\" dir=\"ltr\">The IOF stormed the hospital going after the coffin of martyr <a href=\"https:\/\/twitter.com\/hashtag\/ShireenAbuAkleh?src=hash&amp;ref_src=twsrc%5Etfw\">#ShireenAbuAkleh<\/a>, in a sickening violation of all international laws and human rights. <a href=\"https:\/\/t.co\/7NkobCzfxx\">pic.twitter.com\/7NkobCzfxx<\/a><\/p>\n<p>&mdash; Al Mayadeen English (@MayadeenEnglish) <a href=\"https:\/\/twitter.com\/MayadeenEnglish\/status\/1525073799418372096?ref_src=twsrc%5Etfw\">May 13, 2022<\/a><\/p><\/blockquote>\n<p><script async src=\"https:\/\/platform.twitter.com\/widgets.js\" charset=\"utf-8\"><\/script><\/p>\n<p>En arrivant \u00e0 l\u2019\u00e9glise catholique romaine d\u2019Al-Qods sous occupation, les forces isra\u00e9liennes ont emp\u00each\u00e9 la foule des Palestiniens \u2013 qui a \u00e9t\u00e9 accueillie par un d\u00e9ploiement massif de soldats \u2013 d\u2019entrer dans le lieu pour participer \u00e0 la c\u00e9r\u00e9monie.<\/p>\n<p style=\"text-align: center;\">\u00b0\u00b0\u00b0\u00b0\u00b0<\/p>\n<p>Publi\u00e9 le 13 mai 2022 sur <a href=\"https:\/\/english.almayadeen.net\/news\/politics\/israeli-military-police-attack-shireen-abu-aklehs-funeral\" target=\"_blank\" rel=\"noopener\">Al-Mayadeen<\/a><br \/>\nTraduction : <a href=\"https:\/\/www.chroniquepalestine.com\/cruaute-ultime-armee-israelienne-attaque-cortege-funeraire-shireen-abu-akleh\/\" target=\"_blank\" rel=\"noopener\">Chronique de Palestine<\/a><\/p>\n","protected":false},"excerpt":{"rendered":"<p>Des personnes en deuil, y compris des porteurs de cercueil, ont \u00e9t\u00e9 attaqu\u00e9es par la police avec des matraques, blessant 35 personnes et faisant presque tomber son cercueil.<\/p>\n","protected":false},"author":1,"featured_media":38810,"comment_status":"closed","ping_status":"closed","sticky":false,"template":"","format":"standard","meta":{"ngg_post_thumbnail":0,"footnotes":""},"categories":[40,140,244,47,192],"tags":[809],"class_list":["post-38809","post","type-post","status-publish","format-standard","has-post-thumbnail","hentry","category-les-crimes-de-guerre","category-letat-colonial","category-medias-2","category-loccupation-militaire","category-palestine","tag-shireen-abu-akleh"],"yoast_head":"<!-- This site is optimized with the Yoast SEO plugin v27.3 - https:\/\/yoast.com\/product\/yoast-seo-wordpress\/ -->\n<title>Cruaut\u00e9 ultime : l\u2019arm\u00e9e isra\u00e9lienne attaque le cort\u00e8ge fun\u00e8bre de Shireen Abu Akleh<\/title>\n<meta name=\"description\" content=\"Les forces d\u2019occupation isra\u00e9liennes ont forc\u00e9 et attaqu\u00e9 violemment le cort\u00e8ge fun\u00e8bre de Shireen Abu Akleh\" \/>\n<meta name=\"robots\" content=\"index, follow, max-snippet:-1, max-image-preview:large, max-video-preview:-1\" \/>\n<link rel=\"canonical\" href=\"https:\/\/charleroi-pourlapalestine.be\/index.php\/2022\/05\/14\/cruaute-ultime-larmee-israelienne-attaque-le-cortege-funebre-de-shireen-abu-akleh\/\" \/>\n<script type=\"application\/ld+json\" class=\"yoast-schema-graph\">{\"@context\":\"https:\\\/\\\/schema.org\",\"@graph\":[{\"@type\":\"Article\",\"@id\":\"https:\\\/\\\/charleroi-pourlapalestine.be\\\/index.php\\\/2022\\\/05\\\/14\\\/cruaute-ultime-larmee-israelienne-attaque-le-cortege-funebre-de-shireen-abu-akleh\\\/#article\",\"isPartOf\":{\"@id\":\"https:\\\/\\\/charleroi-pourlapalestine.be\\\/index.php\\\/2022\\\/05\\\/14\\\/cruaute-ultime-larmee-israelienne-attaque-le-cortege-funebre-de-shireen-abu-akleh\\\/\"},\"author\":{\"name\":\"admin1873\",\"@id\":\"https:\\\/\\\/charleroi-pourlapalestine.be\\\/#\\\/schema\\\/person\\\/c19ff515112f1299d8c12671d8fe3faa\"},\"headline\":\"Cruaut\u00e9 ultime : l\u2019arm\u00e9e isra\u00e9lienne attaque le cort\u00e8ge fun\u00e8bre de Shireen Abu Akleh\",\"datePublished\":\"2022-05-14T09:11:08+00:00\",\"dateModified\":\"2022-11-19T11:43:55+00:00\",\"mainEntityOfPage\":{\"@id\":\"https:\\\/\\\/charleroi-pourlapalestine.be\\\/index.php\\\/2022\\\/05\\\/14\\\/cruaute-ultime-larmee-israelienne-attaque-le-cortege-funebre-de-shireen-abu-akleh\\\/\"},\"wordCount\":511,\"publisher\":{\"@id\":\"https:\\\/\\\/charleroi-pourlapalestine.be\\\/#organization\"},\"image\":{\"@id\":\"https:\\\/\\\/charleroi-pourlapalestine.be\\\/index.php\\\/2022\\\/05\\\/14\\\/cruaute-ultime-larmee-israelienne-attaque-le-cortege-funebre-de-shireen-abu-akleh\\\/#primaryimage\"},\"thumbnailUrl\":\"https:\\\/\\\/charleroi-pourlapalestine.be\\\/wp-content\\\/uploads\\\/2022\\\/05\\\/Cortege-funeraire-de-Shireen-Abu-Akleh-e1652516472169.jpg\",\"keywords\":[\"Shireen Abu Akleh\"],\"articleSection\":[\"Crimes de guerre\",\"L'Etat colonial\",\"M\u00e9dias\",\"Occupation\",\"Palestine\"],\"inLanguage\":\"fr-FR\"},{\"@type\":\"WebPage\",\"@id\":\"https:\\\/\\\/charleroi-pourlapalestine.be\\\/index.php\\\/2022\\\/05\\\/14\\\/cruaute-ultime-larmee-israelienne-attaque-le-cortege-funebre-de-shireen-abu-akleh\\\/\",\"url\":\"https:\\\/\\\/charleroi-pourlapalestine.be\\\/index.php\\\/2022\\\/05\\\/14\\\/cruaute-ultime-larmee-israelienne-attaque-le-cortege-funebre-de-shireen-abu-akleh\\\/\",\"name\":\"Cruaut\u00e9 ultime : l\u2019arm\u00e9e isra\u00e9lienne attaque le cort\u00e8ge fun\u00e8bre de Shireen Abu Akleh\",\"isPartOf\":{\"@id\":\"https:\\\/\\\/charleroi-pourlapalestine.be\\\/#website\"},\"primaryImageOfPage\":{\"@id\":\"https:\\\/\\\/charleroi-pourlapalestine.be\\\/index.php\\\/2022\\\/05\\\/14\\\/cruaute-ultime-larmee-israelienne-attaque-le-cortege-funebre-de-shireen-abu-akleh\\\/#primaryimage\"},\"image\":{\"@id\":\"https:\\\/\\\/charleroi-pourlapalestine.be\\\/index.php\\\/2022\\\/05\\\/14\\\/cruaute-ultime-larmee-israelienne-attaque-le-cortege-funebre-de-shireen-abu-akleh\\\/#primaryimage\"},\"thumbnailUrl\":\"https:\\\/\\\/charleroi-pourlapalestine.be\\\/wp-content\\\/uploads\\\/2022\\\/05\\\/Cortege-funeraire-de-Shireen-Abu-Akleh-e1652516472169.jpg\",\"datePublished\":\"2022-05-14T09:11:08+00:00\",\"dateModified\":\"2022-11-19T11:43:55+00:00\",\"description\":\"Les forces d\u2019occupation isra\u00e9liennes ont forc\u00e9 et attaqu\u00e9 violemment le cort\u00e8ge fun\u00e8bre de Shireen Abu Akleh\",\"breadcrumb\":{\"@id\":\"https:\\\/\\\/charleroi-pourlapalestine.be\\\/index.php\\\/2022\\\/05\\\/14\\\/cruaute-ultime-larmee-israelienne-attaque-le-cortege-funebre-de-shireen-abu-akleh\\\/#breadcrumb\"},\"inLanguage\":\"fr-FR\",\"potentialAction\":[{\"@type\":\"ReadAction\",\"target\":[\"https:\\\/\\\/charleroi-pourlapalestine.be\\\/index.php\\\/2022\\\/05\\\/14\\\/cruaute-ultime-larmee-israelienne-attaque-le-cortege-funebre-de-shireen-abu-akleh\\\/\"]}]},{\"@type\":\"ImageObject\",\"inLanguage\":\"fr-FR\",\"@id\":\"https:\\\/\\\/charleroi-pourlapalestine.be\\\/index.php\\\/2022\\\/05\\\/14\\\/cruaute-ultime-larmee-israelienne-attaque-le-cortege-funebre-de-shireen-abu-akleh\\\/#primaryimage\",\"url\":\"https:\\\/\\\/charleroi-pourlapalestine.be\\\/wp-content\\\/uploads\\\/2022\\\/05\\\/Cortege-funeraire-de-Shireen-Abu-Akleh-e1652516472169.jpg\",\"contentUrl\":\"https:\\\/\\\/charleroi-pourlapalestine.be\\\/wp-content\\\/uploads\\\/2022\\\/05\\\/Cortege-funeraire-de-Shireen-Abu-Akleh-e1652516472169.jpg\",\"width\":477,\"height\":320},{\"@type\":\"BreadcrumbList\",\"@id\":\"https:\\\/\\\/charleroi-pourlapalestine.be\\\/index.php\\\/2022\\\/05\\\/14\\\/cruaute-ultime-larmee-israelienne-attaque-le-cortege-funebre-de-shireen-abu-akleh\\\/#breadcrumb\",\"itemListElement\":[{\"@type\":\"ListItem\",\"position\":1,\"name\":\"Accueil\",\"item\":\"https:\\\/\\\/charleroi-pourlapalestine.be\\\/\"},{\"@type\":\"ListItem\",\"position\":2,\"name\":\"Cruaut\u00e9 ultime : l\u2019arm\u00e9e isra\u00e9lienne attaque le cort\u00e8ge fun\u00e8bre de Shireen Abu Akleh\"}]},{\"@type\":\"WebSite\",\"@id\":\"https:\\\/\\\/charleroi-pourlapalestine.be\\\/#website\",\"url\":\"https:\\\/\\\/charleroi-pourlapalestine.be\\\/\",\"name\":\"Charleroi Pour la Palestine\",\"description\":\"\",\"publisher\":{\"@id\":\"https:\\\/\\\/charleroi-pourlapalestine.be\\\/#organization\"},\"potentialAction\":[{\"@type\":\"SearchAction\",\"target\":{\"@type\":\"EntryPoint\",\"urlTemplate\":\"https:\\\/\\\/charleroi-pourlapalestine.be\\\/?s={search_term_string}\"},\"query-input\":{\"@type\":\"PropertyValueSpecification\",\"valueRequired\":true,\"valueName\":\"search_term_string\"}}],\"inLanguage\":\"fr-FR\"},{\"@type\":\"Organization\",\"@id\":\"https:\\\/\\\/charleroi-pourlapalestine.be\\\/#organization\",\"name\":\"Plate-forme Charleroi-Palestine\",\"url\":\"https:\\\/\\\/charleroi-pourlapalestine.be\\\/\",\"logo\":{\"@type\":\"ImageObject\",\"inLanguage\":\"fr-FR\",\"@id\":\"https:\\\/\\\/charleroi-pourlapalestine.be\\\/#\\\/schema\\\/logo\\\/image\\\/\",\"url\":\"https:\\\/\\\/charleroi-pourlapalestine.be\\\/wp-content\\\/uploads\\\/2020\\\/01\\\/logo-Copy.jpg\",\"contentUrl\":\"https:\\\/\\\/charleroi-pourlapalestine.be\\\/wp-content\\\/uploads\\\/2020\\\/01\\\/logo-Copy.jpg\",\"width\":180,\"height\":180,\"caption\":\"Plate-forme Charleroi-Palestine\"},\"image\":{\"@id\":\"https:\\\/\\\/charleroi-pourlapalestine.be\\\/#\\\/schema\\\/logo\\\/image\\\/\"},\"sameAs\":[\"https:\\\/\\\/www.facebook.com\\\/PlateformeCharleroiPalestine\\\/\",\"https:\\\/\\\/x.com\\\/LaCharleroi\"]},{\"@type\":\"Person\",\"@id\":\"https:\\\/\\\/charleroi-pourlapalestine.be\\\/#\\\/schema\\\/person\\\/c19ff515112f1299d8c12671d8fe3faa\",\"name\":\"admin1873\",\"url\":\"https:\\\/\\\/charleroi-pourlapalestine.be\\\/index.php\\\/author\\\/admin1873\\\/\"}]}<\/script>\n<!-- \/ Yoast SEO plugin. -->","yoast_head_json":{"title":"Cruaut\u00e9 ultime : l\u2019arm\u00e9e isra\u00e9lienne attaque le cort\u00e8ge fun\u00e8bre de Shireen Abu Akleh","description":"Les forces d\u2019occupation isra\u00e9liennes ont forc\u00e9 et attaqu\u00e9 violemment le cort\u00e8ge fun\u00e8bre de Shireen Abu Akleh","robots":{"index":"index","follow":"follow","max-snippet":"max-snippet:-1","max-image-preview":"max-image-preview:large","max-video-preview":"max-video-preview:-1"},"canonical":"https:\/\/charleroi-pourlapalestine.be\/index.php\/2022\/05\/14\/cruaute-ultime-larmee-israelienne-attaque-le-cortege-funebre-de-shireen-abu-akleh\/","schema":{"@context":"https:\/\/schema.org","@graph":[{"@type":"Article","@id":"https:\/\/charleroi-pourlapalestine.be\/index.php\/2022\/05\/14\/cruaute-ultime-larmee-israelienne-attaque-le-cortege-funebre-de-shireen-abu-akleh\/#article","isPartOf":{"@id":"https:\/\/charleroi-pourlapalestine.be\/index.php\/2022\/05\/14\/cruaute-ultime-larmee-israelienne-attaque-le-cortege-funebre-de-shireen-abu-akleh\/"},"author":{"name":"admin1873","@id":"https:\/\/charleroi-pourlapalestine.be\/#\/schema\/person\/c19ff515112f1299d8c12671d8fe3faa"},"headline":"Cruaut\u00e9 ultime : l\u2019arm\u00e9e isra\u00e9lienne attaque le cort\u00e8ge fun\u00e8bre de Shireen Abu Akleh","datePublished":"2022-05-14T09:11:08+00:00","dateModified":"2022-11-19T11:43:55+00:00","mainEntityOfPage":{"@id":"https:\/\/charleroi-pourlapalestine.be\/index.php\/2022\/05\/14\/cruaute-ultime-larmee-israelienne-attaque-le-cortege-funebre-de-shireen-abu-akleh\/"},"wordCount":511,"publisher":{"@id":"https:\/\/charleroi-pourlapalestine.be\/#organization"},"image":{"@id":"https:\/\/charleroi-pourlapalestine.be\/index.php\/2022\/05\/14\/cruaute-ultime-larmee-israelienne-attaque-le-cortege-funebre-de-shireen-abu-akleh\/#primaryimage"},"thumbnailUrl":"https:\/\/charleroi-pourlapalestine.be\/wp-content\/uploads\/2022\/05\/Cortege-funeraire-de-Shireen-Abu-Akleh-e1652516472169.jpg","keywords":["Shireen Abu Akleh"],"articleSection":["Crimes de guerre","L'Etat colonial","M\u00e9dias","Occupation","Palestine"],"inLanguage":"fr-FR"},{"@type":"WebPage","@id":"https:\/\/charleroi-pourlapalestine.be\/index.php\/2022\/05\/14\/cruaute-ultime-larmee-israelienne-attaque-le-cortege-funebre-de-shireen-abu-akleh\/","url":"https:\/\/charleroi-pourlapalestine.be\/index.php\/2022\/05\/14\/cruaute-ultime-larmee-israelienne-attaque-le-cortege-funebre-de-shireen-abu-akleh\/","name":"Cruaut\u00e9 ultime : l\u2019arm\u00e9e isra\u00e9lienne attaque le cort\u00e8ge fun\u00e8bre de Shireen Abu Akleh","isPartOf":{"@id":"https:\/\/charleroi-pourlapalestine.be\/#website"},"primaryImageOfPage":{"@id":"https:\/\/charleroi-pourlapalestine.be\/index.php\/2022\/05\/14\/cruaute-ultime-larmee-israelienne-attaque-le-cortege-funebre-de-shireen-abu-akleh\/#primaryimage"},"image":{"@id":"https:\/\/charleroi-pourlapalestine.be\/index.php\/2022\/05\/14\/cruaute-ultime-larmee-israelienne-attaque-le-cortege-funebre-de-shireen-abu-akleh\/#primaryimage"},"thumbnailUrl":"https:\/\/charleroi-pourlapalestine.be\/wp-content\/uploads\/2022\/05\/Cortege-funeraire-de-Shireen-Abu-Akleh-e1652516472169.jpg","datePublished":"2022-05-14T09:11:08+00:00","dateModified":"2022-11-19T11:43:55+00:00","description":"Les forces d\u2019occupation isra\u00e9liennes ont forc\u00e9 et attaqu\u00e9 violemment le cort\u00e8ge fun\u00e8bre de Shireen Abu Akleh","breadcrumb":{"@id":"https:\/\/charleroi-pourlapalestine.be\/index.php\/2022\/05\/14\/cruaute-ultime-larmee-israelienne-attaque-le-cortege-funebre-de-shireen-abu-akleh\/#breadcrumb"},"inLanguage":"fr-FR","potentialAction":[{"@type":"ReadAction","target":["https:\/\/charleroi-pourlapalestine.be\/index.php\/2022\/05\/14\/cruaute-ultime-larmee-israelienne-attaque-le-cortege-funebre-de-shireen-abu-akleh\/"]}]},{"@type":"ImageObject","inLanguage":"fr-FR","@id":"https:\/\/charleroi-pourlapalestine.be\/index.php\/2022\/05\/14\/cruaute-ultime-larmee-israelienne-attaque-le-cortege-funebre-de-shireen-abu-akleh\/#primaryimage","url":"https:\/\/charleroi-pourlapalestine.be\/wp-content\/uploads\/2022\/05\/Cortege-funeraire-de-Shireen-Abu-Akleh-e1652516472169.jpg","contentUrl":"https:\/\/charleroi-pourlapalestine.be\/wp-content\/uploads\/2022\/05\/Cortege-funeraire-de-Shireen-Abu-Akleh-e1652516472169.jpg","width":477,"height":320},{"@type":"BreadcrumbList","@id":"https:\/\/charleroi-pourlapalestine.be\/index.php\/2022\/05\/14\/cruaute-ultime-larmee-israelienne-attaque-le-cortege-funebre-de-shireen-abu-akleh\/#breadcrumb","itemListElement":[{"@type":"ListItem","position":1,"name":"Accueil","item":"https:\/\/charleroi-pourlapalestine.be\/"},{"@type":"ListItem","position":2,"name":"Cruaut\u00e9 ultime : l\u2019arm\u00e9e isra\u00e9lienne attaque le cort\u00e8ge fun\u00e8bre de Shireen Abu Akleh"}]},{"@type":"WebSite","@id":"https:\/\/charleroi-pourlapalestine.be\/#website","url":"https:\/\/charleroi-pourlapalestine.be\/","name":"Charleroi Pour la Palestine","description":"","publisher":{"@id":"https:\/\/charleroi-pourlapalestine.be\/#organization"},"potentialAction":[{"@type":"SearchAction","target":{"@type":"EntryPoint","urlTemplate":"https:\/\/charleroi-pourlapalestine.be\/?s={search_term_string}"},"query-input":{"@type":"PropertyValueSpecification","valueRequired":true,"valueName":"search_term_string"}}],"inLanguage":"fr-FR"},{"@type":"Organization","@id":"https:\/\/charleroi-pourlapalestine.be\/#organization","name":"Plate-forme Charleroi-Palestine","url":"https:\/\/charleroi-pourlapalestine.be\/","logo":{"@type":"ImageObject","inLanguage":"fr-FR","@id":"https:\/\/charleroi-pourlapalestine.be\/#\/schema\/logo\/image\/","url":"https:\/\/charleroi-pourlapalestine.be\/wp-content\/uploads\/2020\/01\/logo-Copy.jpg","contentUrl":"https:\/\/charleroi-pourlapalestine.be\/wp-content\/uploads\/2020\/01\/logo-Copy.jpg","width":180,"height":180,"caption":"Plate-forme Charleroi-Palestine"},"image":{"@id":"https:\/\/charleroi-pourlapalestine.be\/#\/schema\/logo\/image\/"},"sameAs":["https:\/\/www.facebook.com\/PlateformeCharleroiPalestine\/","https:\/\/x.com\/LaCharleroi"]},{"@type":"Person","@id":"https:\/\/charleroi-pourlapalestine.be\/#\/schema\/person\/c19ff515112f1299d8c12671d8fe3faa","name":"admin1873","url":"https:\/\/charleroi-pourlapalestine.be\/index.php\/author\/admin1873\/"}]}},"_links":{"self":[{"href":"https:\/\/charleroi-pourlapalestine.be\/index.php\/wp-json\/wp\/v2\/posts\/38809","targetHints":{"allow":["GET"]}}],"collection":[{"href":"https:\/\/charleroi-pourlapalestine.be\/index.php\/wp-json\/wp\/v2\/posts"}],"about":[{"href":"https:\/\/charleroi-pourlapalestine.be\/index.php\/wp-json\/wp\/v2\/types\/post"}],"author":[{"embeddable":true,"href":"https:\/\/charleroi-pourlapalestine.be\/index.php\/wp-json\/wp\/v2\/users\/1"}],"replies":[{"embeddable":true,"href":"https:\/\/charleroi-pourlapalestine.be\/index.php\/wp-json\/wp\/v2\/comments?post=38809"}],"version-history":[{"count":0,"href":"https:\/\/charleroi-pourlapalestine.be\/index.php\/wp-json\/wp\/v2\/posts\/38809\/revisions"}],"wp:featuredmedia":[{"embeddable":true,"href":"https:\/\/charleroi-pourlapalestine.be\/index.php\/wp-json\/wp\/v2\/media\/38810"}],"wp:attachment":[{"href":"https:\/\/charleroi-pourlapalestine.be\/index.php\/wp-json\/wp\/v2\/media?parent=38809"}],"wp:term":[{"taxonomy":"category","embeddable":true,"href":"https:\/\/charleroi-pourlapalestine.be\/index.php\/wp-json\/wp\/v2\/categories?post=38809"},{"taxonomy":"post_tag","embeddable":true,"href":"https:\/\/charleroi-pourlapalestine.be\/index.php\/wp-json\/wp\/v2\/tags?post=38809"}],"curies":[{"name":"wp","href":"https:\/\/api.w.org\/{rel}","templated":true}]}}