{"id":3907,"date":"2015-01-28T17:28:00","date_gmt":"2015-01-28T16:28:00","guid":{"rendered":"https:\/\/charleroi-pourlapalestine.be\/?p=3907"},"modified":"2020-04-20T10:33:36","modified_gmt":"2020-04-20T08:33:36","slug":"laffaire-du-poeme","status":"publish","type":"post","link":"https:\/\/charleroi-pourlapalestine.be\/index.php\/2015\/01\/28\/laffaire-du-poeme\/","title":{"rendered":"Hyst\u00e9rie isra\u00e9lienne \u00e0 propos d&rsquo;un po\u00e8me"},"content":{"rendered":"<p>Quand \u00e9clata la premi\u00e8re Intifada , Mahmoud Darwish \u00e9crit le po\u00e8me <em><strong>\u00ab Passant parmi les paroles passag\u00e8res \u00bb.<\/strong><\/em> Ce po\u00e8me, qui dit qu\u2019il est temps que la colonisation s\u2019arr\u00eate, provoque une vague d\u2019hyst\u00e9rie en Isra\u00ebl.<\/p>\n<p><strong>Mahmoud Darwish est interview\u00e9 par un journaliste isra\u00e9lien. Il relate cet entretien dans une lettre destin\u00e9e \u00e0 un autre po\u00e8te,&nbsp; Samih al-Qassim.<\/strong><\/p>\n<p>\u2013 Avez-vous dit : <em>\u00ab Sortez de notre blessure \u00bb<\/em> ?<br \/>\n\u2013 Je l\u2019ai dit.<\/p>\n<p>\u2013 Pourquoi ?<br \/>\n\u2013 Parce que ma blessure m\u2019appartient. C\u2019est une partie de mon identit\u00e9. Y avez-vous droit ?<\/p>\n<p>\u2013 Non, mais nous avez-vous dit : <em>\u00ab Sortez de notre bl\u00e9 \u00bb ?<\/em><br \/>\n\u2013 Oui, je l\u2019ai dit. Car mon bl\u00e9 est mon pain propre. Y avez-vous droit ?<\/p>\n<p>\u2013 Non. Mais nous avez-vous dit : <em>\u00ab Sortez de notre mer \u00bb ?<\/em><br \/>\n\u2013 Oui, je l\u2019ai dit. Et m\u00eame : <em>\u00ab Sortez de l\u2019air et la terre occup\u00e9e. \u00bb<\/em><\/p>\n<p>\u2013 Mais il n\u2019y a pas de mer en terre occup\u00e9e.<br \/>\n\u2013 Ne connaissez-vous pas la carte de la terre que vous occupez ? Gaza est sur la mer.<\/p>\n<p>\u2013 Voulez-vous dire par l\u00e0 qu\u2019il s\u2019agit de la mer de Gaza ?<br \/>\n\u2013 Cette mer s\u2019appelle la M\u00e9diterran\u00e9e, pas la mer de Gaza.<\/p>\n<p>\u2013 Voulez-vous dire que nous devrions nous noyer dans la mer ?<br \/>\n\u2013 Je vous ai dit : <em>\u00ab Sortez de la mer \u00bb<\/em> ; je ne vous ai pas dit : <em>\u00ab Allez \u00e0 la mer \u00bb.<\/em><\/p>\n<p>\u2013 Que voulez-vous dire alors par ces propos : <em>\u00ab Vous qui passez dans la mer de mes paroles \u00bb ?<\/em><br \/>\n\u2013 Je n\u2019ai pas dit cela. Il y a une petite diff\u00e9rence entre le mot<em> \u00ab mer \u00bb<\/em> bahr, et le mot <em>\u00ab parmi \u00bb<\/em>, bayn.<\/p>\n<p>\u2013 Maariv et d\u2019autres organes d\u2019information isra\u00e9liens affirment que vous avez dit <em>\u00ab mer des paroles \u00bb<\/em>.<br \/>\n\u2013 Je connais mieux mon po\u00e8me que ne le connaissent les organes d\u2019information. Et m\u00eame si j\u2019avais dit <em>\u00ab mer des paroles \u00bb<\/em>, o\u00f9 serait le probl\u00e8me ?<\/p>\n<p>\u2013 Cela serait une invitation \u00e0 nous jeter \u00e0 la mer.<br \/>\n\u2013 Vous me donnez envie de rire.<\/p>\n<p>\u2013 Avez-vous dit : <em>\u00ab nous avons ce qui n\u2019est pas en vous, une patrie et un avenir \u00bb ?<\/em><br \/>\n\u2013 Vous n\u2019avez pas de patrie ni d\u2019avenir dans l\u2019occupation.<\/p>\n<p>\u2013 Dites-moi quel est votre pays ?<br \/>\n\u2013 Mon pays, c\u2019est mon pays, la Palestine.<\/p>\n<p>\u2013 Toute la Palestine ?<br \/>\n\u2013 Oui, toute la Palestine est mon pays. Quelqu\u2019un vous a-t-il tromp\u00e9 en pr\u00e9tendants que la Palestine n\u2019est pas mon pays ?<\/p>\n<p>\u2013 Non, mais c\u2019est mon pays.<br \/>\n\u2013 Vous, vous estimez que votre pays s\u2019\u00e9tend du Nil \u00e0 l\u2019Euphrate, alors que moi je pense que seule la Palestine est mon pays.<\/p>\n<p>\u2013 Et nous, quelles sont nos fronti\u00e8res ?<br \/>\n\u2013 C\u2019est \u00e0 vous de dire quelles sont vos fronti\u00e8res, \u00e0 l\u2019int\u00e9rieur de notre pays. Car les bottes du soldat occupant ne peuvent pas tenir lieu de fronti\u00e8res,&nbsp; comme le pensait le g\u00e9n\u00e9ral Dayan. Nous, nous ne demandons pas quelle est notre patrie, parce que nous la connaissons tr\u00e8s bien. Nous nous demandons simplement sur quelle partie de la terre de notre patrie sera fond\u00e9 notre Etat. Nous, nous ne vous avons rien pris. Ce que nous prenons est \u00e0 vous. Si vous vous retirez de chez nous pour retourner dans ce qui est \u00e0 nous, cela ne veut pas dire pour autant que nous vous prenons quelque chose. Vous comprenez ?<\/p>\n<p>\u2013 Non, je ne comprends pas.<\/p>\n<p><strong>Source<\/strong> : Palestine mon pays. Mahmoud Darwich. Les Editions de Minuit. 1988.<\/p>\n<p><a href=\"https:\/\/charleroi-pourlapalestine.be\/index.php\/tag\/mahmoud-darwich\/\">Trouvez ici d&rsquo;autres articles ou po\u00e8mes de Mahmoud Darwich, publi\u00e9s sur ce site<\/a><\/p>\n<p>Lisez aussi : <a href=\"http:\/\/www.peripheries.net\/article143.html\" target=\"_blank\" rel=\"noopener noreferrer\">Guerre des pierres, guerre des mots<\/a><\/p>\n<p>&nbsp;<\/p>\n","protected":false},"excerpt":{"rendered":"<p>Mahmoud Darwish est interview\u00e9 par un journaliste isra\u00e9lien. Il relate cet entretien dans une lettre destin\u00e9e \u00e0 un autre po\u00e8te,\u00a0 Samih al-Qassim.<\/p>\n","protected":false},"author":1,"featured_media":811,"comment_status":"closed","ping_status":"closed","sticky":false,"template":"","format":"standard","meta":{"ngg_post_thumbnail":0,"footnotes":""},"categories":[178,26],"tags":[250,292],"class_list":["post-3907","post","type-post","status-publish","format-standard","has-post-thumbnail","hentry","category-culture-2","category-la-poesie","tag-mahmoud-darwich","tag-samih-al-qassim"],"yoast_head":"<!-- This site is optimized with the Yoast SEO plugin v27.3 - https:\/\/yoast.com\/product\/yoast-seo-wordpress\/ -->\n<title>Hyst\u00e9rie isra\u00e9lienne \u00e0 propos d&#039;un po\u00e8me de Mahmoud Darwich<\/title>\n<meta name=\"description\" content=\"Le po\u00e8me de Mahmoud Darwish qui dit qu\u2019il est temps que la colonisation s\u2019arr\u00eate, provoque une vague d\u2019hyst\u00e9rie en Isra\u00ebl.\" \/>\n<meta name=\"robots\" content=\"index, follow, max-snippet:-1, max-image-preview:large, max-video-preview:-1\" \/>\n<link rel=\"canonical\" href=\"https:\/\/charleroi-pourlapalestine.be\/index.php\/2015\/01\/28\/laffaire-du-poeme\/\" \/>\n<script type=\"application\/ld+json\" class=\"yoast-schema-graph\">{\"@context\":\"https:\\\/\\\/schema.org\",\"@graph\":[{\"@type\":\"Article\",\"@id\":\"https:\\\/\\\/charleroi-pourlapalestine.be\\\/index.php\\\/2015\\\/01\\\/28\\\/laffaire-du-poeme\\\/#article\",\"isPartOf\":{\"@id\":\"https:\\\/\\\/charleroi-pourlapalestine.be\\\/index.php\\\/2015\\\/01\\\/28\\\/laffaire-du-poeme\\\/\"},\"author\":{\"name\":\"admin1873\",\"@id\":\"https:\\\/\\\/charleroi-pourlapalestine.be\\\/#\\\/schema\\\/person\\\/c19ff515112f1299d8c12671d8fe3faa\"},\"headline\":\"Hyst\u00e9rie isra\u00e9lienne \u00e0 propos d&rsquo;un po\u00e8me\",\"datePublished\":\"2015-01-28T16:28:00+00:00\",\"dateModified\":\"2020-04-20T08:33:36+00:00\",\"mainEntityOfPage\":{\"@id\":\"https:\\\/\\\/charleroi-pourlapalestine.be\\\/index.php\\\/2015\\\/01\\\/28\\\/laffaire-du-poeme\\\/\"},\"wordCount\":592,\"publisher\":{\"@id\":\"https:\\\/\\\/charleroi-pourlapalestine.be\\\/#organization\"},\"image\":{\"@id\":\"https:\\\/\\\/charleroi-pourlapalestine.be\\\/index.php\\\/2015\\\/01\\\/28\\\/laffaire-du-poeme\\\/#primaryimage\"},\"thumbnailUrl\":\"https:\\\/\\\/charleroi-pourlapalestine.be\\\/wp-content\\\/uploads\\\/2019\\\/12\\\/mahmoud.jpg\",\"keywords\":[\"Mahmoud Darwich\",\"Samih al-Qassim\"],\"articleSection\":[\"Culture\",\"Po\u00e9sie\"],\"inLanguage\":\"fr-FR\"},{\"@type\":\"WebPage\",\"@id\":\"https:\\\/\\\/charleroi-pourlapalestine.be\\\/index.php\\\/2015\\\/01\\\/28\\\/laffaire-du-poeme\\\/\",\"url\":\"https:\\\/\\\/charleroi-pourlapalestine.be\\\/index.php\\\/2015\\\/01\\\/28\\\/laffaire-du-poeme\\\/\",\"name\":\"Hyst\u00e9rie isra\u00e9lienne \u00e0 propos d'un po\u00e8me de Mahmoud Darwich\",\"isPartOf\":{\"@id\":\"https:\\\/\\\/charleroi-pourlapalestine.be\\\/#website\"},\"primaryImageOfPage\":{\"@id\":\"https:\\\/\\\/charleroi-pourlapalestine.be\\\/index.php\\\/2015\\\/01\\\/28\\\/laffaire-du-poeme\\\/#primaryimage\"},\"image\":{\"@id\":\"https:\\\/\\\/charleroi-pourlapalestine.be\\\/index.php\\\/2015\\\/01\\\/28\\\/laffaire-du-poeme\\\/#primaryimage\"},\"thumbnailUrl\":\"https:\\\/\\\/charleroi-pourlapalestine.be\\\/wp-content\\\/uploads\\\/2019\\\/12\\\/mahmoud.jpg\",\"datePublished\":\"2015-01-28T16:28:00+00:00\",\"dateModified\":\"2020-04-20T08:33:36+00:00\",\"description\":\"Le po\u00e8me de Mahmoud Darwish qui dit qu\u2019il est temps que la colonisation s\u2019arr\u00eate, provoque une vague d\u2019hyst\u00e9rie en Isra\u00ebl.\",\"breadcrumb\":{\"@id\":\"https:\\\/\\\/charleroi-pourlapalestine.be\\\/index.php\\\/2015\\\/01\\\/28\\\/laffaire-du-poeme\\\/#breadcrumb\"},\"inLanguage\":\"fr-FR\",\"potentialAction\":[{\"@type\":\"ReadAction\",\"target\":[\"https:\\\/\\\/charleroi-pourlapalestine.be\\\/index.php\\\/2015\\\/01\\\/28\\\/laffaire-du-poeme\\\/\"]}]},{\"@type\":\"ImageObject\",\"inLanguage\":\"fr-FR\",\"@id\":\"https:\\\/\\\/charleroi-pourlapalestine.be\\\/index.php\\\/2015\\\/01\\\/28\\\/laffaire-du-poeme\\\/#primaryimage\",\"url\":\"https:\\\/\\\/charleroi-pourlapalestine.be\\\/wp-content\\\/uploads\\\/2019\\\/12\\\/mahmoud.jpg\",\"contentUrl\":\"https:\\\/\\\/charleroi-pourlapalestine.be\\\/wp-content\\\/uploads\\\/2019\\\/12\\\/mahmoud.jpg\",\"width\":277,\"height\":182},{\"@type\":\"BreadcrumbList\",\"@id\":\"https:\\\/\\\/charleroi-pourlapalestine.be\\\/index.php\\\/2015\\\/01\\\/28\\\/laffaire-du-poeme\\\/#breadcrumb\",\"itemListElement\":[{\"@type\":\"ListItem\",\"position\":1,\"name\":\"Accueil\",\"item\":\"https:\\\/\\\/charleroi-pourlapalestine.be\\\/\"},{\"@type\":\"ListItem\",\"position\":2,\"name\":\"Hyst\u00e9rie isra\u00e9lienne \u00e0 propos d&#8217;un po\u00e8me\"}]},{\"@type\":\"WebSite\",\"@id\":\"https:\\\/\\\/charleroi-pourlapalestine.be\\\/#website\",\"url\":\"https:\\\/\\\/charleroi-pourlapalestine.be\\\/\",\"name\":\"Charleroi Pour la Palestine\",\"description\":\"\",\"publisher\":{\"@id\":\"https:\\\/\\\/charleroi-pourlapalestine.be\\\/#organization\"},\"potentialAction\":[{\"@type\":\"SearchAction\",\"target\":{\"@type\":\"EntryPoint\",\"urlTemplate\":\"https:\\\/\\\/charleroi-pourlapalestine.be\\\/?s={search_term_string}\"},\"query-input\":{\"@type\":\"PropertyValueSpecification\",\"valueRequired\":true,\"valueName\":\"search_term_string\"}}],\"inLanguage\":\"fr-FR\"},{\"@type\":\"Organization\",\"@id\":\"https:\\\/\\\/charleroi-pourlapalestine.be\\\/#organization\",\"name\":\"Plate-forme Charleroi-Palestine\",\"url\":\"https:\\\/\\\/charleroi-pourlapalestine.be\\\/\",\"logo\":{\"@type\":\"ImageObject\",\"inLanguage\":\"fr-FR\",\"@id\":\"https:\\\/\\\/charleroi-pourlapalestine.be\\\/#\\\/schema\\\/logo\\\/image\\\/\",\"url\":\"https:\\\/\\\/charleroi-pourlapalestine.be\\\/wp-content\\\/uploads\\\/2020\\\/01\\\/logo-Copy.jpg\",\"contentUrl\":\"https:\\\/\\\/charleroi-pourlapalestine.be\\\/wp-content\\\/uploads\\\/2020\\\/01\\\/logo-Copy.jpg\",\"width\":180,\"height\":180,\"caption\":\"Plate-forme Charleroi-Palestine\"},\"image\":{\"@id\":\"https:\\\/\\\/charleroi-pourlapalestine.be\\\/#\\\/schema\\\/logo\\\/image\\\/\"},\"sameAs\":[\"https:\\\/\\\/www.facebook.com\\\/PlateformeCharleroiPalestine\\\/\",\"https:\\\/\\\/x.com\\\/LaCharleroi\"]},{\"@type\":\"Person\",\"@id\":\"https:\\\/\\\/charleroi-pourlapalestine.be\\\/#\\\/schema\\\/person\\\/c19ff515112f1299d8c12671d8fe3faa\",\"name\":\"admin1873\",\"url\":\"https:\\\/\\\/charleroi-pourlapalestine.be\\\/index.php\\\/author\\\/admin1873\\\/\"}]}<\/script>\n<!-- \/ Yoast SEO plugin. -->","yoast_head_json":{"title":"Hyst\u00e9rie isra\u00e9lienne \u00e0 propos d'un po\u00e8me de Mahmoud Darwich","description":"Le po\u00e8me de Mahmoud Darwish qui dit qu\u2019il est temps que la colonisation s\u2019arr\u00eate, provoque une vague d\u2019hyst\u00e9rie en Isra\u00ebl.","robots":{"index":"index","follow":"follow","max-snippet":"max-snippet:-1","max-image-preview":"max-image-preview:large","max-video-preview":"max-video-preview:-1"},"canonical":"https:\/\/charleroi-pourlapalestine.be\/index.php\/2015\/01\/28\/laffaire-du-poeme\/","schema":{"@context":"https:\/\/schema.org","@graph":[{"@type":"Article","@id":"https:\/\/charleroi-pourlapalestine.be\/index.php\/2015\/01\/28\/laffaire-du-poeme\/#article","isPartOf":{"@id":"https:\/\/charleroi-pourlapalestine.be\/index.php\/2015\/01\/28\/laffaire-du-poeme\/"},"author":{"name":"admin1873","@id":"https:\/\/charleroi-pourlapalestine.be\/#\/schema\/person\/c19ff515112f1299d8c12671d8fe3faa"},"headline":"Hyst\u00e9rie isra\u00e9lienne \u00e0 propos d&rsquo;un po\u00e8me","datePublished":"2015-01-28T16:28:00+00:00","dateModified":"2020-04-20T08:33:36+00:00","mainEntityOfPage":{"@id":"https:\/\/charleroi-pourlapalestine.be\/index.php\/2015\/01\/28\/laffaire-du-poeme\/"},"wordCount":592,"publisher":{"@id":"https:\/\/charleroi-pourlapalestine.be\/#organization"},"image":{"@id":"https:\/\/charleroi-pourlapalestine.be\/index.php\/2015\/01\/28\/laffaire-du-poeme\/#primaryimage"},"thumbnailUrl":"https:\/\/charleroi-pourlapalestine.be\/wp-content\/uploads\/2019\/12\/mahmoud.jpg","keywords":["Mahmoud Darwich","Samih al-Qassim"],"articleSection":["Culture","Po\u00e9sie"],"inLanguage":"fr-FR"},{"@type":"WebPage","@id":"https:\/\/charleroi-pourlapalestine.be\/index.php\/2015\/01\/28\/laffaire-du-poeme\/","url":"https:\/\/charleroi-pourlapalestine.be\/index.php\/2015\/01\/28\/laffaire-du-poeme\/","name":"Hyst\u00e9rie isra\u00e9lienne \u00e0 propos d'un po\u00e8me de Mahmoud Darwich","isPartOf":{"@id":"https:\/\/charleroi-pourlapalestine.be\/#website"},"primaryImageOfPage":{"@id":"https:\/\/charleroi-pourlapalestine.be\/index.php\/2015\/01\/28\/laffaire-du-poeme\/#primaryimage"},"image":{"@id":"https:\/\/charleroi-pourlapalestine.be\/index.php\/2015\/01\/28\/laffaire-du-poeme\/#primaryimage"},"thumbnailUrl":"https:\/\/charleroi-pourlapalestine.be\/wp-content\/uploads\/2019\/12\/mahmoud.jpg","datePublished":"2015-01-28T16:28:00+00:00","dateModified":"2020-04-20T08:33:36+00:00","description":"Le po\u00e8me de Mahmoud Darwish qui dit qu\u2019il est temps que la colonisation s\u2019arr\u00eate, provoque une vague d\u2019hyst\u00e9rie en Isra\u00ebl.","breadcrumb":{"@id":"https:\/\/charleroi-pourlapalestine.be\/index.php\/2015\/01\/28\/laffaire-du-poeme\/#breadcrumb"},"inLanguage":"fr-FR","potentialAction":[{"@type":"ReadAction","target":["https:\/\/charleroi-pourlapalestine.be\/index.php\/2015\/01\/28\/laffaire-du-poeme\/"]}]},{"@type":"ImageObject","inLanguage":"fr-FR","@id":"https:\/\/charleroi-pourlapalestine.be\/index.php\/2015\/01\/28\/laffaire-du-poeme\/#primaryimage","url":"https:\/\/charleroi-pourlapalestine.be\/wp-content\/uploads\/2019\/12\/mahmoud.jpg","contentUrl":"https:\/\/charleroi-pourlapalestine.be\/wp-content\/uploads\/2019\/12\/mahmoud.jpg","width":277,"height":182},{"@type":"BreadcrumbList","@id":"https:\/\/charleroi-pourlapalestine.be\/index.php\/2015\/01\/28\/laffaire-du-poeme\/#breadcrumb","itemListElement":[{"@type":"ListItem","position":1,"name":"Accueil","item":"https:\/\/charleroi-pourlapalestine.be\/"},{"@type":"ListItem","position":2,"name":"Hyst\u00e9rie isra\u00e9lienne \u00e0 propos d&#8217;un po\u00e8me"}]},{"@type":"WebSite","@id":"https:\/\/charleroi-pourlapalestine.be\/#website","url":"https:\/\/charleroi-pourlapalestine.be\/","name":"Charleroi Pour la Palestine","description":"","publisher":{"@id":"https:\/\/charleroi-pourlapalestine.be\/#organization"},"potentialAction":[{"@type":"SearchAction","target":{"@type":"EntryPoint","urlTemplate":"https:\/\/charleroi-pourlapalestine.be\/?s={search_term_string}"},"query-input":{"@type":"PropertyValueSpecification","valueRequired":true,"valueName":"search_term_string"}}],"inLanguage":"fr-FR"},{"@type":"Organization","@id":"https:\/\/charleroi-pourlapalestine.be\/#organization","name":"Plate-forme Charleroi-Palestine","url":"https:\/\/charleroi-pourlapalestine.be\/","logo":{"@type":"ImageObject","inLanguage":"fr-FR","@id":"https:\/\/charleroi-pourlapalestine.be\/#\/schema\/logo\/image\/","url":"https:\/\/charleroi-pourlapalestine.be\/wp-content\/uploads\/2020\/01\/logo-Copy.jpg","contentUrl":"https:\/\/charleroi-pourlapalestine.be\/wp-content\/uploads\/2020\/01\/logo-Copy.jpg","width":180,"height":180,"caption":"Plate-forme Charleroi-Palestine"},"image":{"@id":"https:\/\/charleroi-pourlapalestine.be\/#\/schema\/logo\/image\/"},"sameAs":["https:\/\/www.facebook.com\/PlateformeCharleroiPalestine\/","https:\/\/x.com\/LaCharleroi"]},{"@type":"Person","@id":"https:\/\/charleroi-pourlapalestine.be\/#\/schema\/person\/c19ff515112f1299d8c12671d8fe3faa","name":"admin1873","url":"https:\/\/charleroi-pourlapalestine.be\/index.php\/author\/admin1873\/"}]}},"_links":{"self":[{"href":"https:\/\/charleroi-pourlapalestine.be\/index.php\/wp-json\/wp\/v2\/posts\/3907","targetHints":{"allow":["GET"]}}],"collection":[{"href":"https:\/\/charleroi-pourlapalestine.be\/index.php\/wp-json\/wp\/v2\/posts"}],"about":[{"href":"https:\/\/charleroi-pourlapalestine.be\/index.php\/wp-json\/wp\/v2\/types\/post"}],"author":[{"embeddable":true,"href":"https:\/\/charleroi-pourlapalestine.be\/index.php\/wp-json\/wp\/v2\/users\/1"}],"replies":[{"embeddable":true,"href":"https:\/\/charleroi-pourlapalestine.be\/index.php\/wp-json\/wp\/v2\/comments?post=3907"}],"version-history":[{"count":0,"href":"https:\/\/charleroi-pourlapalestine.be\/index.php\/wp-json\/wp\/v2\/posts\/3907\/revisions"}],"wp:featuredmedia":[{"embeddable":true,"href":"https:\/\/charleroi-pourlapalestine.be\/index.php\/wp-json\/wp\/v2\/media\/811"}],"wp:attachment":[{"href":"https:\/\/charleroi-pourlapalestine.be\/index.php\/wp-json\/wp\/v2\/media?parent=3907"}],"wp:term":[{"taxonomy":"category","embeddable":true,"href":"https:\/\/charleroi-pourlapalestine.be\/index.php\/wp-json\/wp\/v2\/categories?post=3907"},{"taxonomy":"post_tag","embeddable":true,"href":"https:\/\/charleroi-pourlapalestine.be\/index.php\/wp-json\/wp\/v2\/tags?post=3907"}],"curies":[{"name":"wp","href":"https:\/\/api.w.org\/{rel}","templated":true}]}}