{"id":39217,"date":"2022-05-24T08:05:02","date_gmt":"2022-05-24T06:05:02","guid":{"rendered":"https:\/\/charleroi-pourlapalestine.be\/?p=39217"},"modified":"2022-11-19T12:43:04","modified_gmt":"2022-11-19T11:43:04","slug":"israel-refuse-denqueter-sur-les-militaires-qui-ont-tue-shireen-abu-akleh","status":"publish","type":"post","link":"https:\/\/charleroi-pourlapalestine.be\/index.php\/2022\/05\/24\/israel-refuse-denqueter-sur-les-militaires-qui-ont-tue-shireen-abu-akleh\/","title":{"rendered":"Isra\u00ebl refuse d\u2019enqu\u00eater sur les militaires qui ont tu\u00e9 Shireen Abu Akleh"},"content":{"rendered":"<p>Isra\u00ebl a annonc\u00e9 qu\u2019il n\u2019allait pas lancer d\u2019enqu\u00eate p\u00e9nale sur le d\u00e9c\u00e8s de la journaliste Shireen Abu Akleh, m\u00eame s\u2019il a admis qu\u2019un soldat lui avait tir\u00e9 dessus et l\u2019avait tu\u00e9e.<\/p>\n<div id=\"attachment_39224\" style=\"width: 490px\" class=\"wp-caption aligncenter\"><img loading=\"lazy\" decoding=\"async\" aria-describedby=\"caption-attachment-39224\" class=\"wp-image-39224 size-full\" src=\"https:\/\/charleroi-pourlapalestine.be\/wp-content\/uploads\/2022\/05\/Des-Palestiniens-a-Gaza-rendent-hommage-a-Shireen-Abu-Akleh-e1653370162346.jpg\" alt=\"11 mai 2022, Gaza. Des Palestiniens organisent une veille \u00e0 la m\u00e9moire de Shireen Abu Akleh. (Photo : Mohammed Zaanoun \/ ActiveStills)\" width=\"480\" height=\"320\"><p id=\"caption-attachment-39224\" class=\"wp-caption-text\">11 mai 2022, Gaza. Des Palestiniens organisent une veille \u00e0 la m\u00e9moire de Shireen Abu Akleh. (Photo : Mohammed Zaanoun \/ ActiveStills)<\/p><\/div>\n<p><a href=\"https:\/\/charleroi-pourlapalestine.be\/index.php\/tag\/maureen-clare-murphy\/\">Maureen Clare Murphy, <\/a>20 mai 2022<\/p>\n<p>Jeudi, l\u2019arm\u00e9e isra\u00e9lienne a d\u00e9clar\u00e9 qu\u2019elle avait<em> \u00ab identifi\u00e9 le fusil du soldat qui pouvait avoir tu\u00e9 \u00bb<\/em> l\u2019embl\u00e9matique correspondante d\u2019Al Jazeera la semaine derni\u00e8re, <em>\u00ab mais qu\u2019elle ne pouvait en \u00eatre s\u00fbre si les Palestiniens ne restituaient pas la balle \u00e0 des fins d\u2019analyse \u00bb,<\/em> a fait savoir l\u2019agence de presse AP.<\/p>\n<p>Le quotidien de Tel-Aviv, <em>Haaretz,<\/em> a rapport\u00e9 que l\u2019arm\u00e9e avait refus\u00e9 d\u2019ordonner une enqu\u00eate parce qu\u2019<em>\u00ab il n\u2019y avait pas de soup\u00e7on d\u2019acte criminel \u00bb.<\/em><\/p>\n<p>En d\u2019autres termes, l\u2019arm\u00e9e isra\u00e9lienne en est venue \u00e0 une conclusion sans prendre la peine d\u2019organiser une enqu\u00eate \u2013 malgr\u00e9 l\u2019attention et l\u2019indignation internationales qu\u2019a suscit\u00e9es l\u2019assassinat d\u2019une journaliste d\u2019un tel profil.<\/p>\n<p><strong><em>Haaretz<\/em>, r\u00e9p\u00e9tant sans rien y changer la propagande de l\u2019arm\u00e9e isra\u00e9lienne<\/strong>, a d\u00e9clar\u00e9 que <em>\u00ab les soldats avaient affirm\u00e9 qu\u2019ils n\u2019avaient pas vu du tout la journaliste et qu\u2019ils avaient dirig\u00e9 leurs tirs sur des tireurs qui se trouvaient effectivement \u00e0 proximit\u00e9 \u00bb.<\/em><\/p>\n<p>Le journal ajoutait que le fait d\u2019interroger les soldats en tant que suspects <em>\u00ab allait provoquer une opposition et une controverse au sein des FDI [l\u2019arm\u00e9e isra\u00e9lienne] et de la soci\u00e9t\u00e9 isra\u00e9lienne en g\u00e9n\u00e9ral \u00bb.<\/em><\/p>\n<p><strong>Yesh Din<\/strong>, une organisation isra\u00e9lienne qui a publi\u00e9 des donn\u00e9es indiquant que<strong> les auto-enqu\u00eates d\u2019Isra\u00ebl n\u2019\u00e9taient qu\u2019un vulgaire m\u00e9canisme de blanchiment<\/strong>, a d\u00e9clar\u00e9 que le refus d\u2019enqu\u00eater sur les soldats montrait que les autorit\u00e9s militaires<em> \u00ab ne se souciaient m\u00eame plus de donner l\u2019apparence de mener des enqu\u00eates \u00bb.<\/em><\/p>\n<p>Jusqu\u2019\u00e0 pr\u00e9sent, Isra\u00ebl n\u2019a fourni aucune preuve cr\u00e9dible que quelqu\u2019un d\u2019autre qu\u2019un soldat pourrait \u00eatre responsable de la mort de Shireen Abu Akleh alors qu\u2019elle portait un gilet de protection et un casque l\u2019identifiant comme appartenant \u00e0 la presse.<\/p>\n<h3><strong>Vis\u00e9e intentionnellement<\/strong><\/h3>\n<p>Les travailleurs des m\u00e9dias qui ont surv\u00e9cu \u00e0 l\u2019agression affirment qu\u2019ils ont \u00e9t\u00e9 vis\u00e9s intentionnellement.<\/p>\n<p><strong>Shatha Hanaysh<\/strong>a, qui \u00e9tait juste \u00e0 c\u00f4t\u00e9 de Shireen Abu Akleh quand elle a \u00e9t\u00e9 abattue, a d\u00e9clar\u00e9 que le soldat qui avait tir\u00e9 sur sa coll\u00e8gue <em>\u00ab avait l\u2019intention de la tuer parce qu\u2019il avait tir\u00e9 la balle vers un endroit de son corps qui n\u2019\u00e9tait pas prot\u00e9g\u00e9 \u00bb.<\/em><\/p>\n<p><strong>Ali Samoudi<\/strong>, qui a re\u00e7u une balle dans le dos au cours de cette attaque et dont la blessure n\u2019\u00e9tait pas tr\u00e8s grave, a expliqu\u00e9 : <em>\u00ab Nous allions filmer le raid de l\u2019arm\u00e9e isra\u00e9lienne et, brusquement, ils se sont mis \u00e0 nous tirer dessus sans nous demander de nous en aller ou de cesser de filmer. \u00bb<\/em><\/p>\n<p><em>\u00ab Il n\u2019y avait pas la moindre r\u00e9sistance militaire palestinienne, en cet endroit \u00bb<\/em>, a ajout\u00e9 Samoudi.<\/p>\n<p>La <strong>F\u00e9d\u00e9ration internationale des journalistes<\/strong> a rapport\u00e9 l\u2019assassinat de Shireen Abu Akleh \u00e0 la<strong> Cour p\u00e9nale internationale<\/strong> en disant qu\u2019il s\u2019agissait d\u2019un <em>\u00ab ciblage d\u00e9lib\u00e9r\u00e9 et syst\u00e9matique d\u2019une journaliste \u00bb.<\/em><\/p>\n<p>L\u2019an dernier,<strong> la CPI a ouvert une enqu\u00eate sur des crimes de guerre pr\u00e9sum\u00e9s perp\u00e9tr\u00e9s en Cisjordanie et dans la bande de Gaza, mais il s\u2019av\u00e8re qu\u2019elle a donn\u00e9 la priorit\u00e9 \u00e0 la d\u00e9pense de ses maigres ressources en faveur de la situation en Ukraine, ce qui accro\u00eet encore les doutes quant \u00e0 sa cr\u00e9dibilit\u00e9 r\u00e9elle.<\/strong><\/p>\n<p>Le refus d\u2019Isra\u00ebl de lancer une enqu\u00eate p\u00e9nale sur l\u2019assassinat de Shireen Abu Akleh fournit une preuve suppl\u00e9mentaire \u2013 mais est-elle bien n\u00e9cessaire ? \u2013 que les Palestiniens ne peuvent acc\u00e9der \u00e0 la justice au sein du syst\u00e8me isra\u00e9lien.<\/p>\n<p>Selon le principe de la compl\u00e9mentarit\u00e9, <strong>la CPI de La Haye n\u2019intente des proc\u00e8s que dans les cas o\u00f9 la justice ne peut \u00eatre rendue dans les tribunaux locaux.<\/strong><\/p>\n<p>Dans la poign\u00e9e de cas o\u00f9 un soldat a \u00e9t\u00e9 poursuivi par Isra\u00ebl \u00e0 cause du meurtre d\u2019un Palestinien, la sentence a toujours \u00e9t\u00e9, typiquement, un coup de r\u00e8gle sur les doigts.<\/p>\n<blockquote class=\"twitter-tweet\" data-width=\"500\" data-dnt=\"true\">\n<p lang=\"en\" dir=\"ltr\">When Nadim Nuwarah, 17, was shot while unarmed, his family found the bullet in his school backpack. After that + autopsy + <a href=\"https:\/\/twitter.com\/CNN?ref_src=twsrc%5Etfw\">@CNN<\/a> video of the shot + <a href=\"https:\/\/twitter.com\/ForensicArchi?ref_src=twsrc%5Etfw\">@ForensicArchi<\/a> reconstruction + <a href=\"https:\/\/twitter.com\/DCIPalestine?ref_src=twsrc%5Etfw\">@DCIPalestine<\/a> + <a href=\"https:\/\/twitter.com\/hrw?ref_src=twsrc%5Etfw\">@hrw<\/a> reports + etc, his killer got &lt;1 year   <a href=\"https:\/\/t.co\/XRK1sXCLhC\">https:\/\/t.co\/XRK1sXCLhC<\/a> <a href=\"https:\/\/t.co\/Wf4A1zEIBs\">https:\/\/t.co\/Wf4A1zEIBs<\/a><\/p>\n<p>&mdash; billvanesveld (@billvanesveld) <a href=\"https:\/\/twitter.com\/billvanesveld\/status\/1527406269589508102?ref_src=twsrc%5Etfw\">May 19, 2022<\/a><\/p><\/blockquote>\n<p><script async src=\"https:\/\/platform.twitter.com\/widgets.js\" charset=\"utf-8\"><\/script><\/p>\n<p>Les g\u00e9n\u00e9raux et hommes politiques qui mod\u00e8lent la politique qui s\u2019est sold\u00e9e par des milliers de d\u00e9c\u00e8s palestiniens ces derni\u00e8res ann\u00e9es n\u2019en ont jamais \u00e9t\u00e9 tenus pour responsables.<\/p>\n<p><strong>Si l\u2019on devait aller quelque peu de l\u2019avant, une enqu\u00eate de la CPI serait tr\u00e8s susceptible de se focaliser sur des responsables civils et militaires de haut rang.<\/strong><\/p>\n<p><strong>Les tout derniers moments de Shireen Abu Akleh<\/strong><\/p>\n<p>Shireen Abu Akleh et d\u2019autres m\u00e9dias couvraient un raid militaire dans le camp de r\u00e9fugi\u00e9s de <strong>J\u00e9nine<\/strong> o\u00f9 ils se sont retrouv\u00e9s sous des tirs dont l\u2019origine se situait du c\u00f4t\u00e9 des soldats isra\u00e9liens.<\/p>\n<p>Un responsable militaire isra\u00e9lien, rest\u00e9 dans l\u2019anonymat, a d\u00e9clar\u00e9 \u00e0 AP : <em>\u00ab Nous avons quasiment identifi\u00e9 l\u2019arme des FDI [l\u2019arm\u00e9e isra\u00e9lienne] qui pourrait avoir \u00e9t\u00e9 impliqu\u00e9e dans l\u2019\u00e9change de coups de feu en direction de Shireen. \u00bb<\/em><\/p>\n<p>Les journalistes qui accompagnaient Shireen Abu Akleh au moment de sa mort ont dit qu\u2019il n\u2019y avait pas d\u2019\u00e9change de coups de feu \u00e0 ce moment-l\u00e0 et que les tirs n\u2019\u00e9taient venus que d\u2019une seule direction \u2013 celle des soldats isra\u00e9liens pr\u00e9sents dans le camp.<\/p>\n<p>Une vid\u00e9o est apparue jeudi et montre <strong>les derniers moments de Shireen Abu Akleh<\/strong> :<\/p>\n<blockquote class=\"twitter-tweet\" data-width=\"500\" data-dnt=\"true\">\n<p lang=\"en\" dir=\"ltr\">New video emerges of moment <a href=\"https:\/\/twitter.com\/hashtag\/ShireenAbuAkleh?src=hash&amp;ref_src=twsrc%5Etfw\">#ShireenAbuAkleh<\/a> was shot dead. Significantly, the group is relaxed and no gunfire is apparent as they prepare to work. There are two instances of repeat single shots, not bursts, that appear to come towards them. Warning : distressing content <a href=\"https:\/\/t.co\/XpkOKFwizc\">pic.twitter.com\/XpkOKFwizc<\/a><\/p>\n<p>&mdash; Tom Bateman (@tombateman) <a href=\"https:\/\/twitter.com\/tombateman\/status\/1527306058359656449?ref_src=twsrc%5Etfw\">May 19, 2022<\/a><\/p><\/blockquote>\n<p><script async src=\"https:\/\/platform.twitter.com\/widgets.js\" charset=\"utf-8\"><\/script><\/p>\n<p>Le clip montre un groupe de personnes, dont l\u2019\u00e9quipe marqu\u00e9e distinctement comme faisant partie de la presse et se tenant dans une rue tout en plaisantant. Ces personnes n\u2019\u00e9prouvant manifestement aucune impression de danger ou d\u2019urgence comme cela aurait d\u00fb \u00eatre le cas s\u2019il y avait eu un \u00e9change de coups de feu en ce moment pr\u00e9cis.<\/p>\n<p>Les gens visibles sur la vid\u00e9o courent pour se mettre \u00e0 couvert d\u00e8s la premi\u00e8re bord\u00e9e de coups de feu, tous venant apparemment de la m\u00eame direction. Apr\u00e8s quelques secondes, plusieurs autres coups de feu sont encore tir\u00e9s, vraisemblablement de la m\u00eame direction que la premi\u00e8re vol\u00e9e.<\/p>\n<p>Apr\u00e8s la seconde fusillade, un homme que l\u2019on entend sans le voir sur la vid\u00e9o crie :<em> \u00ab Shireen, Shireen ! \u00bb<\/em> et, \u00e0 plusieurs reprises, r\u00e9clame une ambulance en s\u2019exprimant en arabe.<\/p>\n<p>Bien que n\u2019enqu\u00eatant pas sur le mort de Shireen Abu Akleh en tant qu\u2019acte criminel, l\u2019arm\u00e9e isra\u00e9lienne exige que l\u2019Autorit\u00e9 palestinienne restitue le fragment de balle r\u00e9cup\u00e9r\u00e9 sur la journaliste, pr\u00e9tendant qu\u2019elle en a besoin pour d\u00e9terminer de fa\u00e7on d\u00e9cisive si elle a bien \u00e9t\u00e9 tu\u00e9e par l\u2019arme du soldat.<\/p>\n<p><strong>Isra\u00ebl n\u2019a pas rendu publiques la totalit\u00e9 des prises de vue film\u00e9es par les soldats impliqu\u00e9s dans la mort de Shireen Abu Akleh ni non plus les positions GPS ou autres informations susceptibles de contribuer \u00e0 \u00e9tablir d\u00e9finitivement les responsabilit\u00e9s dans la mort de la journaliste.<\/strong><\/p>\n<blockquote class=\"twitter-tweet\" data-width=\"500\" data-dnt=\"true\">\n<p lang=\"en\" dir=\"ltr\">The new video of the <a href=\"https:\/\/twitter.com\/hashtag\/Shireen_Abu_Akleh?src=hash&amp;ref_src=twsrc%5Etfw\">#Shireen_Abu_Akleh<\/a> killing  provides a path to discover who shot the lethal round.<\/p>\n<p>We now a soundtrack of the killing. <\/p>\n<p>Compare it with the soundtrack of the soldier&#39;s body camera, or the body camera of soldiers near him.<a href=\"https:\/\/t.co\/Ca5kpNQMzS\">https:\/\/t.co\/Ca5kpNQMzS<\/a><\/p>\n<p>&mdash; Sarit Michaeli (@saritm0) <a href=\"https:\/\/twitter.com\/saritm0\/status\/1527324953976008708?ref_src=twsrc%5Etfw\">May 19, 2022<\/a><\/p><\/blockquote>\n<p><script async src=\"https:\/\/platform.twitter.com\/widgets.js\" charset=\"utf-8\"><\/script><\/p>\n<p>https:\/\/twitter.com\/YarnoRitzen\/status\/1525432457570426883?ref_src=twsrc%5Etfw%7Ctwcamp%5Etweetembed%7Ctwterm%5E1525432457570426883%7Ctwgr%5E%7Ctwcon%5Es1_&#038;ref_url=https%3A%2F%2Felectronicintifada.net%2Fblogs%2Fmaureen-clare-murphy%2Fisrael-refuses-probe-soldiers-who-killed-shireen-abu-akleh<\/p>\n<p>Les soldats qui op\u00e9raient \u00e0 J\u00e9nine le matin o\u00f9 Shireen Abu Akleh a \u00e9t\u00e9 tu\u00e9e portaient des cam\u00e9ras corporelles et l\u2019arm\u00e9e isra\u00e9lienne a publi\u00e9 un montage passablement modifi\u00e9 de leurs prises de vue :<\/p>\n<blockquote class=\"twitter-tweet\" data-width=\"500\" data-dnt=\"true\">\n<p lang=\"iw\" dir=\"rtl\">\u05ea\u05d9\u05e2\u05d5\u05d3 \u05de\u05e4\u05e2\u05d9\u05dc\u05d5\u05ea \u05db\u05d5\u05d7\u05d5\u05ea \u05e6\u05d4&quot;\u05dc \u05de\u05d2&#39;\u05e0\u05d9\u05df \u05dc\u05e4\u05e0\u05d5\u05ea \u05d1\u05d5\u05e7\u05e8: <a href=\"https:\/\/t.co\/fgSLM8d2n2\">pic.twitter.com\/fgSLM8d2n2<\/a><\/p>\n<p>&mdash; \u05e6\u05d1\u05d0 \u05d4\u05d4\u05d2\u05e0\u05d4 \u05dc\u05d9\u05e9\u05e8\u05d0\u05dc (@idfonline) <a href=\"https:\/\/twitter.com\/idfonline\/status\/1524373059561566209?ref_src=twsrc%5Etfw\">May 11, 2022<\/a><\/p><\/blockquote>\n<p><script async src=\"https:\/\/platform.twitter.com\/widgets.js\" charset=\"utf-8\"><\/script><\/p>\n<p><strong>Bellingcat<\/strong>, une organisation de recherche largement financ\u00e9e par des entrepreneurs occidentaux du renseignement, a analys\u00e9 des informations en open source, dont des vid\u00e9os de l\u2019incident partag\u00e9es sur les m\u00e9dias sociaux.<\/p>\n<p>Les chercheurs ont d\u00e9termin\u00e9 que les preuves disponibles<strong> confirment les t\u00e9moignages oculaires<\/strong> qui <em>\u00ab placent le bl\u00e2me de la mort de Shireen Abu Akleh sur les soldats des FDI [l\u2019arm\u00e9e isra\u00e9lienne] \u00bb.<\/em><\/p>\n<p>https:\/\/twitter.com\/N_Waters89\/status\/1525590017392918528?ref_src=twsrc%5Etfw%7Ctwcamp%5Etweetembed%7Ctwterm%5E1525590017392918528%7Ctwgr%5E%7Ctwcon%5Es1_&#038;ref_url=https%3A%2F%2Felectronicintifada.net%2Fblogs%2Fmaureen-clare-murphy%2Fisrael-refuses-probe-soldiers-who-killed-shireen-abu-akleh<\/p>\n<p><strong><em>Al Jazeera<\/em>,<\/strong> l\u2019employeur de Shireen Abu Akleh depuis 25 ans, rapportait jeudi que la cha\u00eene de diffusion, en compagnie de l\u2019Autorit\u00e9 palestinienne, du Qatar et de la famille de la journaliste tu\u00e9e, \u00e9taient en train d\u2019\u00e9laborer un plan en vue de chercher justice pour sa mort.<\/p>\n<p>Isra\u00ebl a trait\u00e9 l\u2019assassinat de Shireen Abu Akleh comme une crise de relations publiques et rien de plus.<\/p>\n<blockquote class=\"twitter-tweet\" data-width=\"500\" data-dnt=\"true\">\n<p lang=\"en\" dir=\"ltr\">A journalist is killed, the world is outraged, and the IDF sees the whole incident as nothing more than a PR exercise.<br \/>Let&#39;s be honest, our military establishment doesn&#39;t care about the truth of who shot her. That&#39;s why it cannot be trusted when it promises to investigate itself. <a href=\"https:\/\/t.co\/OnwtMnWSyv\">pic.twitter.com\/OnwtMnWSyv<\/a><\/p>\n<p>&mdash; Breaking the Silence (@BtSIsrael) <a href=\"https:\/\/twitter.com\/BtSIsrael\/status\/1527183088886943744?ref_src=twsrc%5Etfw\">May 19, 2022<\/a><\/p><\/blockquote>\n<p><script async src=\"https:\/\/platform.twitter.com\/widgets.js\" charset=\"utf-8\"><\/script><\/p>\n<p>Jeudi, <strong>la famille de Shireen Abu Akleh<\/strong> a d\u00e9clar\u00e9 \u00e0 Al Jazeera :<\/p>\n<blockquote><p>\u00ab Nous nous attendions \u00e0 cela de la part des Isra\u00e9liens. C\u2019est pourquoi nous ne voulons pas qu\u2019ils participent \u00e0 l\u2019enqu\u00eate. \u00bb<\/p><\/blockquote>\n<p>La famille a ajout\u00e9 :<\/p>\n<blockquote><p>\u00ab Nous avons insist\u00e9 particuli\u00e8rement aupr\u00e8s des \u00c9tats-Unis \u2013 puisqu\u2019elle est citoyenne am\u00e9ricaine \u2013 et de la communaut\u00e9 internationale pour ouvrir une enqu\u00eate honn\u00eate et transparente et pour mettre un terme \u00e0 ces assassinats. \u00bb<\/p><\/blockquote>\n<p>\u00c0 Washington<strong>, l\u2019administration du pr\u00e9sident am\u00e9ricain Joe Biden<\/strong> avait dit, pr\u00e9c\u00e9demment :<\/p>\n<blockquote><p>\u00ab Il importe, pour nous, que l\u2019on demande des comptes \u00e0 ceux qui sont responsables de la mort de Shireen Abu Akleh et que l\u2019arm\u00e9e isra\u00e9lienne sorte les moyens n\u00e9cessaires pour mener une enqu\u00eate approfondie et compl\u00e8te.<\/p><\/blockquote>\n<blockquote class=\"twitter-tweet\" data-width=\"500\" data-dnt=\"true\">\n<p lang=\"en\" dir=\"ltr\">&quot;Do you trust Israel investigating itself?&quot;<\/p>\n<p>Palestinian journalist <a href=\"https:\/\/twitter.com\/SMArikat?ref_src=twsrc%5Etfw\">@SMArikat<\/a> confronted U.S. State Dept spokesperson Ned Price over his claims Israel would fairly investigate its killing of <a href=\"https:\/\/twitter.com\/hashtag\/ShireenAbuAkleh?src=hash&amp;ref_src=twsrc%5Etfw\">#ShireenAbuAkleh<\/a>. <a href=\"https:\/\/t.co\/rtuyAhqwkI\">pic.twitter.com\/rtuyAhqwkI<\/a><\/p>\n<p>&mdash; AJ+ (@ajplus) <a href=\"https:\/\/twitter.com\/ajplus\/status\/1526369156815257600?ref_src=twsrc%5Etfw\">May 17, 2022<\/a><\/p><\/blockquote>\n<p><script async src=\"https:\/\/platform.twitter.com\/widgets.js\" charset=\"utf-8\"><\/script><\/p>\n<p>Jake Sullivan, le conseiller en s\u00e9curit\u00e9 nationale de <strong>Biden,<\/strong> a tweet\u00e9 mercredi qu\u2019il avait <em>\u00ab discut\u00e9 d\u2019un soutien bard\u00e9 de fer \u00e0 la s\u00e9curit\u00e9 d\u2019Isra\u00ebl \u00bb<\/em> avec<strong> Benny Gantz,<\/strong> le ministre isra\u00e9lien de la D\u00e9fense, lors d\u2019un rencontre le jour m\u00eame \u00e0 la Maison-Blanche.<\/p>\n<blockquote class=\"twitter-tweet\" data-width=\"500\" data-dnt=\"true\">\n<p lang=\"en\" dir=\"ltr\">How can the US expect Israel to conduct a credible investigation when it\u2019s own army stands accused of killing <a href=\"https:\/\/twitter.com\/hashtag\/ShireenAbuAkleh?src=hash&amp;ref_src=twsrc%5Etfw\">#ShireenAbuAkleh<\/a>?<\/p>\n<p>I asked @PentagonPresSec this as well as why no statement was made by @SecDef about the murder following his meeting with Israel\u2019s <a href=\"https:\/\/twitter.com\/gantzbe?ref_src=twsrc%5Etfw\">@gantzbe<\/a> today. <a href=\"https:\/\/t.co\/W45BA3g9ib\">pic.twitter.com\/W45BA3g9ib<\/a><\/p>\n<p>&mdash; Jamal Elshayyal \u062c\u0645\u0627\u0644 \u0627\u0644\u062f\u064a\u0646 \u0627\u0644\u0634\u064a\u0627\u0644 (@JamalsNews) <a href=\"https:\/\/twitter.com\/JamalsNews\/status\/1527402867044270082?ref_src=twsrc%5Etfw\">May 19, 2022<\/a><\/p><\/blockquote>\n<p><script async src=\"https:\/\/platform.twitter.com\/widgets.js\" charset=\"utf-8\"><\/script><\/p>\n<p>Quand, au cours d\u2019une conf\u00e9rence de presse, un journaliste d\u2019<em>Al Jazeera<\/em> lui a demand\u00e9 si on avait discut\u00e9 du meurtre de Shireen Abu Akleh lors de la rencontre, John Kirby, le secr\u00e9taire de presse du Pentagone, a d\u00e9clar\u00e9 que Sullivan <em>\u00ab avait bien accueilli \u00bb<\/em> l\u2019enqu\u00eate du gouvernement isra\u00e9lien sur la mort de la journaliste, bien qu\u2019on ait rapport\u00e9, ce jour-l\u00e0, qu\u2019il n\u2019y aurait pas d\u2019enqu\u00eate criminelle.<\/p>\n<p>Le journaliste d\u2019<em>Al Jazeera<\/em>, Jamal Elshayyal, a fait remarquer que Shireen Abu Akleh pourrait avoir \u00e9t\u00e9 tu\u00e9e par une arme fournie \u00e0 Isra\u00ebl par les EU.<\/p>\n<p>En sus de l\u2019assassinat de Shireen Abu Akleh, Isra\u00ebl s\u2019est retrouv\u00e9 sous les pressions internationales en raison de son agression choquante contre les fun\u00e9railles de la journaliste, vendredi dernier.<\/p>\n<p><strong>Michelle Bachelet, la haute commissaire de l\u2019ONU aux droits de l\u2019homme<\/strong>, a d\u00e9clar\u00e9 samedi que l\u2019agression, <em>\u00ab qui a \u00e9t\u00e9 film\u00e9e et diffus\u00e9e en direct, s\u2019est av\u00e9r\u00e9e inutile et doit faire l\u2019objet imm\u00e9diatement d\u2019une enqu\u00eate transparente \u00bb.<\/em><\/p>\n<p><em>\u00ab Il convient de mettre un terme aujourd\u2019hui m\u00eame \u00e0 cette culture de l\u2019impunit\u00e9 \u00bb<\/em>, a-t-elle ajout\u00e9.<\/p>\n<p>M\u00eame<strong> Tedros Ghebreyesus, le directeur de l\u2019Organisation mondiale de la sant\u00e9<\/strong>, a condamn\u00e9 les attaques d\u2019Isra\u00ebl contre les soins de sant\u00e9, ainsi que l\u2019agression par la police des porteurs de cercueil \u00e0 l\u2019ext\u00e9rieur de l\u2019h\u00f4pital de J\u00e9rusalem o\u00f9 le corps de Shireen Abu Akleh avait \u00e9t\u00e9 gard\u00e9 en attendant ses fun\u00e9railles.<\/p>\n<blockquote class=\"twitter-tweet\" data-width=\"500\" data-dnt=\"true\">\n<p lang=\"en\" dir=\"ltr\">We&#39;re deeply concerned that 58 attacks on healthcare in the occupied Palestinian territory have been verified by <a href=\"https:\/\/twitter.com\/WHO?ref_src=twsrc%5Etfw\">@WHO<\/a> since the beginning of 2022. They caused one death and 47 injuries. We strongly condemn attacks on health care. <a href=\"https:\/\/twitter.com\/hashtag\/NotATarget?src=hash&amp;ref_src=twsrc%5Etfw\">#NotATarget<\/a><a href=\"https:\/\/t.co\/Fpk0qZSFuc\">https:\/\/t.co\/Fpk0qZSFuc<\/a><\/p>\n<p>&mdash; Tedros Adhanom Ghebreyesus (@DrTedros) <a href=\"https:\/\/twitter.com\/DrTedros\/status\/1527194683167977472?ref_src=twsrc%5Etfw\">May 19, 2022<\/a><\/p><\/blockquote>\n<p><script async src=\"https:\/\/platform.twitter.com\/widgets.js\" charset=\"utf-8\"><\/script><\/p>\n<blockquote class=\"twitter-tweet\" data-width=\"500\" data-dnt=\"true\">\n<p lang=\"en\" dir=\"ltr\">Saint Joseph hospital releases CCTV footage from Friday, showing the Israeli police storming the hospital and attacking participants  in the funeral of <a href=\"https:\/\/twitter.com\/hashtag\/ShireenAbuAkleh?src=hash&amp;ref_src=twsrc%5Etfw\">#ShireenAbuAkleh<\/a> and also patients who arrived for treatment <a href=\"https:\/\/t.co\/ZQNM1CbAnl\">pic.twitter.com\/ZQNM1CbAnl<\/a><\/p>\n<p>&mdash; Oren Ziv (@OrenZiv_) <a href=\"https:\/\/twitter.com\/OrenZiv_\/status\/1526149050537545728?ref_src=twsrc%5Etfw\">May 16, 2022<\/a><\/p><\/blockquote>\n<p><script async src=\"https:\/\/platform.twitter.com\/widgets.js\" charset=\"utf-8\"><\/script><\/p>\n<h3><strong>Un autre enterrement agress\u00e9 \u00e0 J\u00e9rusalem<\/strong><\/h3>\n<p>Lundi, la police isra\u00e9lienne s\u2019en est prise avec violence aux fun\u00e9railles de <strong>Walid al-Sharif<\/strong>, un J\u00e9rusal\u00e9mite palestinien mort samedi des blessures subies apr\u00e8s avoir \u00e9t\u00e9 abattu d\u2019une balle \u00e0 pointe \u00e9ponge tir\u00e9e par la police alors qu\u2019elle agressant les fid\u00e8les du Ramadan \u00e0 la mosqu\u00e9e al-Aqsa, en avril dernier.<\/p>\n<blockquote class=\"twitter-tweet\" data-width=\"500\" data-dnt=\"true\">\n<p lang=\"zxx\" dir=\"ltr\"><a href=\"https:\/\/t.co\/NEAT98x5k4\">https:\/\/t.co\/NEAT98x5k4<\/a> via <a href=\"https:\/\/twitter.com\/SalehZighari?ref_src=twsrc%5Etfw\">@SalehZighari<\/a><\/p>\n<p>&mdash; Jalal \ud80c\udc86 (@JalalAK_jojo) <a href=\"https:\/\/twitter.com\/JalalAK_jojo\/status\/1526278500709285890?ref_src=twsrc%5Etfw\">May 16, 2022<\/a><\/p><\/blockquote>\n<p><script async src=\"https:\/\/platform.twitter.com\/widgets.js\" charset=\"utf-8\"><\/script><\/p>\n<blockquote class=\"twitter-tweet\" data-width=\"500\" data-dnt=\"true\">\n<p lang=\"en\" dir=\"ltr\">\u2757\ufe0f On Monday, Israeli forces &quot;shot directly&quot; at an ambulance with live ammunition and rubber-coated steel bullets as it was transferring the body of a killed Palestinian to the hospital. Israel also attacked the funeral procession, injuring 70+. \ud83c\udde8\ud83c\udde6 must condemn these attacks! <a href=\"https:\/\/t.co\/VUAAnnqcll\">https:\/\/t.co\/VUAAnnqcll<\/a><\/p>\n<p>&mdash; Canadians for Justice and Peace in the Middle East (@CJPME) <a href=\"https:\/\/twitter.com\/CJPME\/status\/1527017856118018048?ref_src=twsrc%5Etfw\">May 18, 2022<\/a><\/p><\/blockquote>\n<p><script async src=\"https:\/\/platform.twitter.com\/widgets.js\" charset=\"utf-8\"><\/script><\/p>\n<p>Lors de cette m\u00eame attaque de lundi, une<strong> ambulance de la Soci\u00e9t\u00e9 palestinienne du Croissant-Rouge<\/strong> a \u00e9t\u00e9 touch\u00e9e par des balles r\u00e9elles et des balles enrob\u00e9es de caoutchouc tir\u00e9es par la police isra\u00e9lienne.<\/p>\n<p>Plus d\u2019une douzaine de personnes ont \u00e9t\u00e9 hospitalis\u00e9es, dont deux avec des blessures aux yeux quand la police a tir\u00e9 des grenades de gaz lacrymog\u00e8ne et s\u2019est servie de b\u00e2tons contre les gens en deuil.<\/p>\n<p>Un parent du mort, <strong>Nader al-Sharif,<\/strong> a \u00e9t\u00e9 gri\u00e8vement bless\u00e9 par une balle \u00e0 pointe \u00e9ponge \u00e0 proximit\u00e9 du cimeti\u00e8re et, le lendemain matin, il a mis en \u00e9tat d\u2019arrestation, menott\u00e9 \u00e0 son lit dans l\u2019h\u00f4pital m\u00eame o\u00f9 on le traitait.<\/p>\n<p>La police isra\u00e9lienne a \u00e9galement agress\u00e9 les fr\u00e8res et le cousin de l\u2019homme \u00e0 l\u2019int\u00e9rieur de l\u2019h\u00f4pital.<\/p>\n<p>Ce lundi encore, la police isra\u00e9lienne a arr\u00eat\u00e9 <strong>Amro Abu Khudeir<\/strong>, 34 ans, <strong>l\u2019un des porteurs de cercueil qui s\u2019\u00e9tait fait tabasser par les policiers lors des fun\u00e9railles de Shireen Abu Akleh.<\/strong><\/p>\n<p>Il a \u00e9t\u00e9 interrog\u00e9 \u00e0 propos de sa participation au cort\u00e8ge fun\u00e8bre, a expliqu\u00e9 aux m\u00e9dias Khaldoun Najm, son avocat.<\/p>\n<p>M\u00eame si les images des brutalit\u00e9s isra\u00e9liennes ont fait le tour du monde r\u00e9cemment, une d\u00e9l\u00e9gation des forces de police isra\u00e9liennes a re\u00e7u un accueil on ne peut plus chaleureux en Grande-Bretagne.<\/p>\n<p>Certains policiers isra\u00e9liens ont m\u00eame pu participer \u00e0 des patrouilles dans la zone de Hackney, \u00e0 Londres.<\/p>\n<p>https:\/\/twitter.com\/netpol\/status\/1527299584888012802?ref_src=twsrc%5Etfw%7Ctwcamp%5Etweetembed%7Ctwterm%5E1527299584888012802%7Ctwgr%5E%7Ctwcon%5Es1_&#038;ref_url=https%3A%2F%2Felectronicintifada.net%2Fblogs%2Fmaureen-clare-murphy%2Fisrael-refuses-probe-soldiers-who-killed-shireen-abu-akleh<\/p>\n<p><em>Cet article a \u00e9t\u00e9 mis \u00e0 jour depuis sa premi\u00e8re publication.<\/em><\/p>\n<p style=\"text-align: center;\">\u00b0\u00b0\u00b0\u00b0\u00b0<\/p>\n<p>Publi\u00e9 le 20 mai 2022 sur <a href=\"https:\/\/electronicintifada.net\/blogs\/maureen-clare-murphy\/israel-refuses-probe-soldiers-who-killed-shireen-abu-akleh\" target=\"_blank\" rel=\"noopener\">The Electronic Intifada<\/a><br \/>\nTraduction : Jean-Marie Fl\u00e9mal,<a href=\"https:\/\/charleroi-pourlapalestine.be\/index.php\/tag\/maureen-clare-murphy\/\"> Charleroi pour la Palestine<\/a><\/p>\n","protected":false},"excerpt":{"rendered":"<p>Isra\u00ebl a annonc\u00e9 qu\u2019il n\u2019allait pas lancer d\u2019enqu\u00eate p\u00e9nale sur le d\u00e9c\u00e8s de la journaliste Shireen Abu Akleh, m\u00eame s\u2019il a admis qu\u2019un soldat lui avait tir\u00e9 dessus et l\u2019avait tu\u00e9e.<\/p>\n","protected":false},"author":1,"featured_media":39224,"comment_status":"closed","ping_status":"closed","sticky":false,"template":"","format":"standard","meta":{"ngg_post_thumbnail":0,"footnotes":""},"categories":[209,40,125],"tags":[809],"class_list":["post-39217","post","type-post","status-publish","format-standard","has-post-thumbnail","hentry","category-cpi","category-les-crimes-de-guerre","category-impunite","tag-shireen-abu-akleh"],"yoast_head":"<!-- This site is optimized with the Yoast SEO plugin v27.3 - https:\/\/yoast.com\/product\/yoast-seo-wordpress\/ -->\n<title>Isra\u00ebl refuse d\u2019enqu\u00eater sur les militaires qui ont tu\u00e9 Shireen Abu Akleh<\/title>\n<meta name=\"description\" content=\"Isra\u00ebl a annonc\u00e9 qu\u2019il n\u2019allait pas lancer d\u2019enqu\u00eate p\u00e9nale sur le d\u00e9c\u00e8s de la journaliste Shireen Abu Akleh,\" \/>\n<meta name=\"robots\" content=\"index, follow, max-snippet:-1, max-image-preview:large, max-video-preview:-1\" \/>\n<link rel=\"canonical\" href=\"https:\/\/charleroi-pourlapalestine.be\/index.php\/2022\/05\/24\/israel-refuse-denqueter-sur-les-militaires-qui-ont-tue-shireen-abu-akleh\/\" \/>\n<script type=\"application\/ld+json\" class=\"yoast-schema-graph\">{\"@context\":\"https:\\\/\\\/schema.org\",\"@graph\":[{\"@type\":\"Article\",\"@id\":\"https:\\\/\\\/charleroi-pourlapalestine.be\\\/index.php\\\/2022\\\/05\\\/24\\\/israel-refuse-denqueter-sur-les-militaires-qui-ont-tue-shireen-abu-akleh\\\/#article\",\"isPartOf\":{\"@id\":\"https:\\\/\\\/charleroi-pourlapalestine.be\\\/index.php\\\/2022\\\/05\\\/24\\\/israel-refuse-denqueter-sur-les-militaires-qui-ont-tue-shireen-abu-akleh\\\/\"},\"author\":{\"name\":\"admin1873\",\"@id\":\"https:\\\/\\\/charleroi-pourlapalestine.be\\\/#\\\/schema\\\/person\\\/c19ff515112f1299d8c12671d8fe3faa\"},\"headline\":\"Isra\u00ebl refuse d\u2019enqu\u00eater sur les militaires qui ont tu\u00e9 Shireen Abu Akleh\",\"datePublished\":\"2022-05-24T06:05:02+00:00\",\"dateModified\":\"2022-11-19T11:43:04+00:00\",\"mainEntityOfPage\":{\"@id\":\"https:\\\/\\\/charleroi-pourlapalestine.be\\\/index.php\\\/2022\\\/05\\\/24\\\/israel-refuse-denqueter-sur-les-militaires-qui-ont-tue-shireen-abu-akleh\\\/\"},\"wordCount\":2663,\"publisher\":{\"@id\":\"https:\\\/\\\/charleroi-pourlapalestine.be\\\/#organization\"},\"image\":{\"@id\":\"https:\\\/\\\/charleroi-pourlapalestine.be\\\/index.php\\\/2022\\\/05\\\/24\\\/israel-refuse-denqueter-sur-les-militaires-qui-ont-tue-shireen-abu-akleh\\\/#primaryimage\"},\"thumbnailUrl\":\"https:\\\/\\\/charleroi-pourlapalestine.be\\\/wp-content\\\/uploads\\\/2022\\\/05\\\/Des-Palestiniens-a-Gaza-rendent-hommage-a-Shireen-Abu-Akleh-e1653370162346.jpg\",\"keywords\":[\"Shireen Abu Akleh\"],\"articleSection\":[\"CPI\",\"Crimes de guerre\",\"Impunit\u00e9\"],\"inLanguage\":\"fr-FR\"},{\"@type\":\"WebPage\",\"@id\":\"https:\\\/\\\/charleroi-pourlapalestine.be\\\/index.php\\\/2022\\\/05\\\/24\\\/israel-refuse-denqueter-sur-les-militaires-qui-ont-tue-shireen-abu-akleh\\\/\",\"url\":\"https:\\\/\\\/charleroi-pourlapalestine.be\\\/index.php\\\/2022\\\/05\\\/24\\\/israel-refuse-denqueter-sur-les-militaires-qui-ont-tue-shireen-abu-akleh\\\/\",\"name\":\"Isra\u00ebl refuse d\u2019enqu\u00eater sur les militaires qui ont tu\u00e9 Shireen Abu Akleh\",\"isPartOf\":{\"@id\":\"https:\\\/\\\/charleroi-pourlapalestine.be\\\/#website\"},\"primaryImageOfPage\":{\"@id\":\"https:\\\/\\\/charleroi-pourlapalestine.be\\\/index.php\\\/2022\\\/05\\\/24\\\/israel-refuse-denqueter-sur-les-militaires-qui-ont-tue-shireen-abu-akleh\\\/#primaryimage\"},\"image\":{\"@id\":\"https:\\\/\\\/charleroi-pourlapalestine.be\\\/index.php\\\/2022\\\/05\\\/24\\\/israel-refuse-denqueter-sur-les-militaires-qui-ont-tue-shireen-abu-akleh\\\/#primaryimage\"},\"thumbnailUrl\":\"https:\\\/\\\/charleroi-pourlapalestine.be\\\/wp-content\\\/uploads\\\/2022\\\/05\\\/Des-Palestiniens-a-Gaza-rendent-hommage-a-Shireen-Abu-Akleh-e1653370162346.jpg\",\"datePublished\":\"2022-05-24T06:05:02+00:00\",\"dateModified\":\"2022-11-19T11:43:04+00:00\",\"description\":\"Isra\u00ebl a annonc\u00e9 qu\u2019il n\u2019allait pas lancer d\u2019enqu\u00eate p\u00e9nale sur le d\u00e9c\u00e8s de la journaliste Shireen Abu Akleh,\",\"breadcrumb\":{\"@id\":\"https:\\\/\\\/charleroi-pourlapalestine.be\\\/index.php\\\/2022\\\/05\\\/24\\\/israel-refuse-denqueter-sur-les-militaires-qui-ont-tue-shireen-abu-akleh\\\/#breadcrumb\"},\"inLanguage\":\"fr-FR\",\"potentialAction\":[{\"@type\":\"ReadAction\",\"target\":[\"https:\\\/\\\/charleroi-pourlapalestine.be\\\/index.php\\\/2022\\\/05\\\/24\\\/israel-refuse-denqueter-sur-les-militaires-qui-ont-tue-shireen-abu-akleh\\\/\"]}]},{\"@type\":\"ImageObject\",\"inLanguage\":\"fr-FR\",\"@id\":\"https:\\\/\\\/charleroi-pourlapalestine.be\\\/index.php\\\/2022\\\/05\\\/24\\\/israel-refuse-denqueter-sur-les-militaires-qui-ont-tue-shireen-abu-akleh\\\/#primaryimage\",\"url\":\"https:\\\/\\\/charleroi-pourlapalestine.be\\\/wp-content\\\/uploads\\\/2022\\\/05\\\/Des-Palestiniens-a-Gaza-rendent-hommage-a-Shireen-Abu-Akleh-e1653370162346.jpg\",\"contentUrl\":\"https:\\\/\\\/charleroi-pourlapalestine.be\\\/wp-content\\\/uploads\\\/2022\\\/05\\\/Des-Palestiniens-a-Gaza-rendent-hommage-a-Shireen-Abu-Akleh-e1653370162346.jpg\",\"width\":480,\"height\":320},{\"@type\":\"BreadcrumbList\",\"@id\":\"https:\\\/\\\/charleroi-pourlapalestine.be\\\/index.php\\\/2022\\\/05\\\/24\\\/israel-refuse-denqueter-sur-les-militaires-qui-ont-tue-shireen-abu-akleh\\\/#breadcrumb\",\"itemListElement\":[{\"@type\":\"ListItem\",\"position\":1,\"name\":\"Accueil\",\"item\":\"https:\\\/\\\/charleroi-pourlapalestine.be\\\/\"},{\"@type\":\"ListItem\",\"position\":2,\"name\":\"Isra\u00ebl refuse d\u2019enqu\u00eater sur les militaires qui ont tu\u00e9 Shireen Abu Akleh\"}]},{\"@type\":\"WebSite\",\"@id\":\"https:\\\/\\\/charleroi-pourlapalestine.be\\\/#website\",\"url\":\"https:\\\/\\\/charleroi-pourlapalestine.be\\\/\",\"name\":\"Charleroi Pour la Palestine\",\"description\":\"\",\"publisher\":{\"@id\":\"https:\\\/\\\/charleroi-pourlapalestine.be\\\/#organization\"},\"potentialAction\":[{\"@type\":\"SearchAction\",\"target\":{\"@type\":\"EntryPoint\",\"urlTemplate\":\"https:\\\/\\\/charleroi-pourlapalestine.be\\\/?s={search_term_string}\"},\"query-input\":{\"@type\":\"PropertyValueSpecification\",\"valueRequired\":true,\"valueName\":\"search_term_string\"}}],\"inLanguage\":\"fr-FR\"},{\"@type\":\"Organization\",\"@id\":\"https:\\\/\\\/charleroi-pourlapalestine.be\\\/#organization\",\"name\":\"Plate-forme Charleroi-Palestine\",\"url\":\"https:\\\/\\\/charleroi-pourlapalestine.be\\\/\",\"logo\":{\"@type\":\"ImageObject\",\"inLanguage\":\"fr-FR\",\"@id\":\"https:\\\/\\\/charleroi-pourlapalestine.be\\\/#\\\/schema\\\/logo\\\/image\\\/\",\"url\":\"https:\\\/\\\/charleroi-pourlapalestine.be\\\/wp-content\\\/uploads\\\/2020\\\/01\\\/logo-Copy.jpg\",\"contentUrl\":\"https:\\\/\\\/charleroi-pourlapalestine.be\\\/wp-content\\\/uploads\\\/2020\\\/01\\\/logo-Copy.jpg\",\"width\":180,\"height\":180,\"caption\":\"Plate-forme Charleroi-Palestine\"},\"image\":{\"@id\":\"https:\\\/\\\/charleroi-pourlapalestine.be\\\/#\\\/schema\\\/logo\\\/image\\\/\"},\"sameAs\":[\"https:\\\/\\\/www.facebook.com\\\/PlateformeCharleroiPalestine\\\/\",\"https:\\\/\\\/x.com\\\/LaCharleroi\"]},{\"@type\":\"Person\",\"@id\":\"https:\\\/\\\/charleroi-pourlapalestine.be\\\/#\\\/schema\\\/person\\\/c19ff515112f1299d8c12671d8fe3faa\",\"name\":\"admin1873\",\"url\":\"https:\\\/\\\/charleroi-pourlapalestine.be\\\/index.php\\\/author\\\/admin1873\\\/\"}]}<\/script>\n<!-- \/ Yoast SEO plugin. -->","yoast_head_json":{"title":"Isra\u00ebl refuse d\u2019enqu\u00eater sur les militaires qui ont tu\u00e9 Shireen Abu Akleh","description":"Isra\u00ebl a annonc\u00e9 qu\u2019il n\u2019allait pas lancer d\u2019enqu\u00eate p\u00e9nale sur le d\u00e9c\u00e8s de la journaliste Shireen Abu Akleh,","robots":{"index":"index","follow":"follow","max-snippet":"max-snippet:-1","max-image-preview":"max-image-preview:large","max-video-preview":"max-video-preview:-1"},"canonical":"https:\/\/charleroi-pourlapalestine.be\/index.php\/2022\/05\/24\/israel-refuse-denqueter-sur-les-militaires-qui-ont-tue-shireen-abu-akleh\/","schema":{"@context":"https:\/\/schema.org","@graph":[{"@type":"Article","@id":"https:\/\/charleroi-pourlapalestine.be\/index.php\/2022\/05\/24\/israel-refuse-denqueter-sur-les-militaires-qui-ont-tue-shireen-abu-akleh\/#article","isPartOf":{"@id":"https:\/\/charleroi-pourlapalestine.be\/index.php\/2022\/05\/24\/israel-refuse-denqueter-sur-les-militaires-qui-ont-tue-shireen-abu-akleh\/"},"author":{"name":"admin1873","@id":"https:\/\/charleroi-pourlapalestine.be\/#\/schema\/person\/c19ff515112f1299d8c12671d8fe3faa"},"headline":"Isra\u00ebl refuse d\u2019enqu\u00eater sur les militaires qui ont tu\u00e9 Shireen Abu Akleh","datePublished":"2022-05-24T06:05:02+00:00","dateModified":"2022-11-19T11:43:04+00:00","mainEntityOfPage":{"@id":"https:\/\/charleroi-pourlapalestine.be\/index.php\/2022\/05\/24\/israel-refuse-denqueter-sur-les-militaires-qui-ont-tue-shireen-abu-akleh\/"},"wordCount":2663,"publisher":{"@id":"https:\/\/charleroi-pourlapalestine.be\/#organization"},"image":{"@id":"https:\/\/charleroi-pourlapalestine.be\/index.php\/2022\/05\/24\/israel-refuse-denqueter-sur-les-militaires-qui-ont-tue-shireen-abu-akleh\/#primaryimage"},"thumbnailUrl":"https:\/\/charleroi-pourlapalestine.be\/wp-content\/uploads\/2022\/05\/Des-Palestiniens-a-Gaza-rendent-hommage-a-Shireen-Abu-Akleh-e1653370162346.jpg","keywords":["Shireen Abu Akleh"],"articleSection":["CPI","Crimes de guerre","Impunit\u00e9"],"inLanguage":"fr-FR"},{"@type":"WebPage","@id":"https:\/\/charleroi-pourlapalestine.be\/index.php\/2022\/05\/24\/israel-refuse-denqueter-sur-les-militaires-qui-ont-tue-shireen-abu-akleh\/","url":"https:\/\/charleroi-pourlapalestine.be\/index.php\/2022\/05\/24\/israel-refuse-denqueter-sur-les-militaires-qui-ont-tue-shireen-abu-akleh\/","name":"Isra\u00ebl refuse d\u2019enqu\u00eater sur les militaires qui ont tu\u00e9 Shireen Abu Akleh","isPartOf":{"@id":"https:\/\/charleroi-pourlapalestine.be\/#website"},"primaryImageOfPage":{"@id":"https:\/\/charleroi-pourlapalestine.be\/index.php\/2022\/05\/24\/israel-refuse-denqueter-sur-les-militaires-qui-ont-tue-shireen-abu-akleh\/#primaryimage"},"image":{"@id":"https:\/\/charleroi-pourlapalestine.be\/index.php\/2022\/05\/24\/israel-refuse-denqueter-sur-les-militaires-qui-ont-tue-shireen-abu-akleh\/#primaryimage"},"thumbnailUrl":"https:\/\/charleroi-pourlapalestine.be\/wp-content\/uploads\/2022\/05\/Des-Palestiniens-a-Gaza-rendent-hommage-a-Shireen-Abu-Akleh-e1653370162346.jpg","datePublished":"2022-05-24T06:05:02+00:00","dateModified":"2022-11-19T11:43:04+00:00","description":"Isra\u00ebl a annonc\u00e9 qu\u2019il n\u2019allait pas lancer d\u2019enqu\u00eate p\u00e9nale sur le d\u00e9c\u00e8s de la journaliste Shireen Abu Akleh,","breadcrumb":{"@id":"https:\/\/charleroi-pourlapalestine.be\/index.php\/2022\/05\/24\/israel-refuse-denqueter-sur-les-militaires-qui-ont-tue-shireen-abu-akleh\/#breadcrumb"},"inLanguage":"fr-FR","potentialAction":[{"@type":"ReadAction","target":["https:\/\/charleroi-pourlapalestine.be\/index.php\/2022\/05\/24\/israel-refuse-denqueter-sur-les-militaires-qui-ont-tue-shireen-abu-akleh\/"]}]},{"@type":"ImageObject","inLanguage":"fr-FR","@id":"https:\/\/charleroi-pourlapalestine.be\/index.php\/2022\/05\/24\/israel-refuse-denqueter-sur-les-militaires-qui-ont-tue-shireen-abu-akleh\/#primaryimage","url":"https:\/\/charleroi-pourlapalestine.be\/wp-content\/uploads\/2022\/05\/Des-Palestiniens-a-Gaza-rendent-hommage-a-Shireen-Abu-Akleh-e1653370162346.jpg","contentUrl":"https:\/\/charleroi-pourlapalestine.be\/wp-content\/uploads\/2022\/05\/Des-Palestiniens-a-Gaza-rendent-hommage-a-Shireen-Abu-Akleh-e1653370162346.jpg","width":480,"height":320},{"@type":"BreadcrumbList","@id":"https:\/\/charleroi-pourlapalestine.be\/index.php\/2022\/05\/24\/israel-refuse-denqueter-sur-les-militaires-qui-ont-tue-shireen-abu-akleh\/#breadcrumb","itemListElement":[{"@type":"ListItem","position":1,"name":"Accueil","item":"https:\/\/charleroi-pourlapalestine.be\/"},{"@type":"ListItem","position":2,"name":"Isra\u00ebl refuse d\u2019enqu\u00eater sur les militaires qui ont tu\u00e9 Shireen Abu Akleh"}]},{"@type":"WebSite","@id":"https:\/\/charleroi-pourlapalestine.be\/#website","url":"https:\/\/charleroi-pourlapalestine.be\/","name":"Charleroi Pour la Palestine","description":"","publisher":{"@id":"https:\/\/charleroi-pourlapalestine.be\/#organization"},"potentialAction":[{"@type":"SearchAction","target":{"@type":"EntryPoint","urlTemplate":"https:\/\/charleroi-pourlapalestine.be\/?s={search_term_string}"},"query-input":{"@type":"PropertyValueSpecification","valueRequired":true,"valueName":"search_term_string"}}],"inLanguage":"fr-FR"},{"@type":"Organization","@id":"https:\/\/charleroi-pourlapalestine.be\/#organization","name":"Plate-forme Charleroi-Palestine","url":"https:\/\/charleroi-pourlapalestine.be\/","logo":{"@type":"ImageObject","inLanguage":"fr-FR","@id":"https:\/\/charleroi-pourlapalestine.be\/#\/schema\/logo\/image\/","url":"https:\/\/charleroi-pourlapalestine.be\/wp-content\/uploads\/2020\/01\/logo-Copy.jpg","contentUrl":"https:\/\/charleroi-pourlapalestine.be\/wp-content\/uploads\/2020\/01\/logo-Copy.jpg","width":180,"height":180,"caption":"Plate-forme Charleroi-Palestine"},"image":{"@id":"https:\/\/charleroi-pourlapalestine.be\/#\/schema\/logo\/image\/"},"sameAs":["https:\/\/www.facebook.com\/PlateformeCharleroiPalestine\/","https:\/\/x.com\/LaCharleroi"]},{"@type":"Person","@id":"https:\/\/charleroi-pourlapalestine.be\/#\/schema\/person\/c19ff515112f1299d8c12671d8fe3faa","name":"admin1873","url":"https:\/\/charleroi-pourlapalestine.be\/index.php\/author\/admin1873\/"}]}},"_links":{"self":[{"href":"https:\/\/charleroi-pourlapalestine.be\/index.php\/wp-json\/wp\/v2\/posts\/39217","targetHints":{"allow":["GET"]}}],"collection":[{"href":"https:\/\/charleroi-pourlapalestine.be\/index.php\/wp-json\/wp\/v2\/posts"}],"about":[{"href":"https:\/\/charleroi-pourlapalestine.be\/index.php\/wp-json\/wp\/v2\/types\/post"}],"author":[{"embeddable":true,"href":"https:\/\/charleroi-pourlapalestine.be\/index.php\/wp-json\/wp\/v2\/users\/1"}],"replies":[{"embeddable":true,"href":"https:\/\/charleroi-pourlapalestine.be\/index.php\/wp-json\/wp\/v2\/comments?post=39217"}],"version-history":[{"count":0,"href":"https:\/\/charleroi-pourlapalestine.be\/index.php\/wp-json\/wp\/v2\/posts\/39217\/revisions"}],"wp:featuredmedia":[{"embeddable":true,"href":"https:\/\/charleroi-pourlapalestine.be\/index.php\/wp-json\/wp\/v2\/media\/39224"}],"wp:attachment":[{"href":"https:\/\/charleroi-pourlapalestine.be\/index.php\/wp-json\/wp\/v2\/media?parent=39217"}],"wp:term":[{"taxonomy":"category","embeddable":true,"href":"https:\/\/charleroi-pourlapalestine.be\/index.php\/wp-json\/wp\/v2\/categories?post=39217"},{"taxonomy":"post_tag","embeddable":true,"href":"https:\/\/charleroi-pourlapalestine.be\/index.php\/wp-json\/wp\/v2\/tags?post=39217"}],"curies":[{"name":"wp","href":"https:\/\/api.w.org\/{rel}","templated":true}]}}