{"id":39981,"date":"2022-06-10T08:24:31","date_gmt":"2022-06-10T06:24:31","guid":{"rendered":"https:\/\/charleroi-pourlapalestine.be\/?p=39981"},"modified":"2022-06-10T11:15:59","modified_gmt":"2022-06-10T09:15:59","slug":"la-detention-administrative-de-salah-hamouri-prolongee-de-trois-mois","status":"publish","type":"post","link":"https:\/\/charleroi-pourlapalestine.be\/index.php\/2022\/06\/10\/la-detention-administrative-de-salah-hamouri-prolongee-de-trois-mois\/","title":{"rendered":"La d\u00e9tention administrative de Salah Hamouri prolong\u00e9e de trois mois"},"content":{"rendered":"<p>Mauvaise nouvelle pour les proches de <strong><a href=\"https:\/\/charleroi-pourlapalestine.be\/index.php\/tag\/salah-hamouri\/\">Salah Hamouri<\/a>.<\/strong> Un nouvel ordre militaire par un juge isra\u00e9lien a \u00e9t\u00e9 \u00e9mis ce dimanche 5 juin, prolongeant de trois mois la d\u00e9tention administrative de cet avocat franco-palestinien de 33 ans qui devait s\u2019achever ce lundi.<\/p>\n<p><img loading=\"lazy\" decoding=\"async\" class=\"alignnone wp-image-39985 size-full\" src=\"https:\/\/charleroi-pourlapalestine.be\/wp-content\/uploads\/2022\/06\/Salah-Hamouri-1-2-e1654788294877.jpg\" alt=\"\" width=\"480\" height=\"320\"><\/p>\n<p>&nbsp;<\/p>\n<blockquote><p>\u00ab C\u2019est leur cadeau d\u2019anniversaire de mariage \u00bb<\/p><\/blockquote>\n<p>a ironis\u00e9<strong> Elsa Lefort<\/strong>, son \u00e9pouse. Il y a huit ans, jour pour jour, les deux se mariaient \u00e0 Ramallah.<\/p>\n<blockquote><p>\u00ab Toujours sans jugement ni charge, bas\u00e9 sur un dossier secret auquel ni Salah ni ses avocats n\u2019ont acc\u00e8s, sa d\u00e9tention arbitraire est donc prolong\u00e9e. Cette nouvelle d\u00e9cision inique t\u00e9moigne de l\u2019acharnement absolu des autorit\u00e9s isra\u00e9liennes contre Salah et du manque d\u2019action \u00e9vident de la diplomatie fran\u00e7aise \u00bb,<\/p><\/blockquote>\n<p>a r\u00e9agi son comit\u00e9 de soutien.<\/p>\n<p>Il y a trois mois, <strong>Salah Hamouri<\/strong> avait \u00e9t\u00e9 de nouveau arr\u00eat\u00e9 par l\u2019arm\u00e9e isra\u00e9lienne \u00e0 son domicile de J\u00e9rusalem. L\u2019acharnement des autorit\u00e9s isra\u00e9liennes \u00e0 l\u2019encontre de ce trentenaire ne date pas d\u2019hier.<\/p>\n<p><strong>Depuis vingt ans, elles tentent de le d\u00e9truire. Salah Hamouri, fran\u00e7ais par sa m\u00e8re, palestinien par son p\u00e8re, aujourd\u2019hui \u00e2g\u00e9 de 36 ans, a grandi \u00e0 J\u00e9rusalem<\/strong>. Il a \u00e9t\u00e9 une premi\u00e8re fois jet\u00e9 en prison <strong>\u00e0 l\u2019\u00e2ge de 19 ans,<\/strong> alors qu\u2019il n\u2019\u00e9tait qu\u2019\u00e9tudiant, pour son opposition \u00e0 l\u2019occupation isra\u00e9lienne en Palestine. <strong>Puis entre 2005 et 2011,<\/strong> accus\u00e9 d\u2019avoir voulu projeter une tentative d\u2019assassinat \u00e0 l\u2019encontre d\u2019un rabbin ultra-orthodoxe ainsi que pour son suppos\u00e9 appartenance au <strong>FPLP<\/strong> (Front Populaire de lib\u00e9ration de la Palestine).<\/p>\n<p><strong>Salah Hamouri<\/strong> a toujours ni\u00e9 ces accusations. Alain Jupp\u00e9, alors ministre des Affaires \u00e9trang\u00e8res avouera m\u00eame quelques mois apr\u00e8s la sortie de prison de Salah Hamouri que le \u00ab dossier d\u2019accusation \u00e9tait vide \u00bb.<\/p>\n<p>Libre, il \u00e9pouse alors <strong>Elsa Lefort,<\/strong> une Fran\u00e7aise, avec laquelle il aura deux enfants. En 2016, enceinte et munie d\u2019un visa d\u00e9livr\u00e9 par le consulat fran\u00e7ais,<strong> Elsa Lefort<\/strong>, de retour de vacances de No\u00ebl en France, sera expuls\u00e9e de l\u2019a\u00e9roport de Tel Aviv. Depuis ce jour, elle n\u2019a plus jamais \u00e9t\u00e9 autoris\u00e9e \u00e0 revenir en Palestine o\u00f9 elle vivait avec son mari.<\/p>\n<p>Apr\u00e8s sa sortie de prison fin 2011, <strong>Salah Hamouri<\/strong> fut plac\u00e9 plusieurs fois en d\u00e9tention administrative par les autorit\u00e9s isra\u00e9liennes, puis rel\u00e2ch\u00e9, sans jamais qu\u2019aucun proc\u00e8s n\u2019ait lieu. Lundi 18 octobre 2021, le minist\u00e8re isra\u00e9lien de l\u2019Int\u00e9rieur a annonc\u00e9 <strong>la r\u00e9vocation du statut de r\u00e9sident permanent<\/strong> de <strong>Salah Hamouri.<\/strong><\/p>\n<blockquote><p>\u00ab Cette d\u00e9cision inique a \u00e9t\u00e9 prise sous l\u2019\u00e9gide d\u2019un nouvel amendement \u00e0 une loi isra\u00e9lienne, pass\u00e9 en 2018, qui stipule que la r\u00e9sidence peut \u00eatre r\u00e9voqu\u00e9e \u00e0 la suite d\u2019une <em>\u00ab violation d\u2019all\u00e9geance \u00e0 l\u2019Etat d\u2019Isra\u00ebl \u00bb.<\/em> Je rappelle que J\u00e9rusalem est un territoire occup\u00e9 depuis 1967, et que les personnes, comme mon mari, qui vivent sous occupation ne sont pas tenues d\u2019\u00eatre loyales envers la puissance occupante \u00bb,<\/p><\/blockquote>\n<p>nous confiait Elsa Lefort il y a quelques mois (voir nos \u00e9ditions).<\/p>\n<p>Pour elle, les autorit\u00e9s isra\u00e9liennes se servent de son mari pour faire peur aux autres Palestiniens. \u00ab Elles disent<\/p>\n<blockquote><p>\u00ab Regardez, il est Fran\u00e7ais, et \u00e7a ne le prot\u00e8ge pas. Donc r\u00e9fl\u00e9chissez bien avant de vous engager contre l\u2019Occupation \u00bb.<\/p><\/blockquote>\n<p>Si mon mari repr\u00e9sentait un danger v\u00e9ritable, il aurait \u00e9t\u00e9 jet\u00e9 en prison 20 ans , d\u00e9nonce encore <strong>Elsa Lefort.<\/strong><\/p>\n<blockquote><p>\u00ab Les autorit\u00e9s isra\u00e9liennes sont clairement dans une logique de nettoyage ethnique en Palestine et en particulier \u00e0 J\u00e9rusalem. Tout est fait pour que les Palestiniens partent. Selon l\u2019ONG isra\u00e9lienne B\u2019Tselem, depuis l\u2019annexion de la ville par Isra\u00ebl en 1967, 15 000 Palestiniens ont perdu leur r\u00e9sidence \u00e0 J\u00e9rusalem \u00bb,<\/p><\/blockquote>\n<p>ajoute encore <strong>Elsa Lefort<\/strong>. Elle regrette l\u2019inaction des autorit\u00e9s fran\u00e7aises.<\/p>\n<blockquote><p>\u00ab Depuis de nombreuses ann\u00e9es, elles r\u00e9p\u00e8tent qu\u2019elles sont pleinement mobilis\u00e9es pour que Salah m\u00e8ne une vie normale \u00e0 J\u00e9rusalem et pour que sa famille, mes enfants et moi, puissent vivre \u00e0 ses c\u00f4t\u00e9s. Ce sont, d\u2019une part, des d\u00e9clarations <em>\u00ab hors-sol \u00bb<\/em>, pas un Palestinien ne m\u00e8ne une existence normale \u00e0 J\u00e9rusalem ! Et d\u2019autre part, on aimerait moins de d\u00e9clarations et plus d\u2019actes. On attend toujours les r\u00e9sultats. \u00bb<\/p><\/blockquote>\n<p>Ce dimanche 5 juin, la d\u00e9tention administrative a donc \u00e9t\u00e9 prolong\u00e9e jusqu\u2019au 5 septembre 2022. \u00ab <em>Loin d\u2019\u00eatre r\u00e9sign\u00e9s, nous continuerons \u00e0 nous battre contre ces injustices \u00bb<\/em>, promettent les proches de<strong> Salah Hamouri.<\/strong><\/p>\n<p style=\"text-align: center;\">\u00b0\u00b0\u00b0\u00b0\u00b0<\/p>\n<p>Publi\u00e9 le 5 juin sur<a href=\"https:\/\/www.lecourrierdelatlas.com\/la-detention-administrative-de-salah-hamouri-prolongee-de-trois-mois\/?fbclid=IwAR3SDHrFtc2yAw2lB6chO9ddZx9rRQbUj4ALWU1UDxdfanczASujxHA1pSs\" target=\"_blank\" rel=\"noopener\"> Le Courrier de l&rsquo;Atlas<\/a><\/p>\n<p>Lisez \u00e9galement : <a href=\"https:\/\/samidoun.net\/fr\/2022\/06\/freesalahhamouri-lavocat-franco-palestinien-condamne-a-3-mois-supplementaires-de-detention\/\" target=\"_blank\" rel=\"noopener\">#FreeSalahHamouri : L\u2019avocat franco-palestinien condamn\u00e9 \u00e0 3 mois suppl\u00e9mentaires de d\u00e9tention<\/a><\/p>\n","protected":false},"excerpt":{"rendered":"<p>Cette nouvelle d\u00e9cision inique t\u00e9moigne de l\u2019acharnement absolu des autorit\u00e9s isra\u00e9liennes contre Salah et du manque d\u2019action \u00e9vident de la diplomatie fran\u00e7aise<\/p>\n","protected":false},"author":1,"featured_media":39985,"comment_status":"closed","ping_status":"closed","sticky":false,"template":"","format":"standard","meta":{"ngg_post_thumbnail":0,"footnotes":""},"categories":[123,192,13],"tags":[],"class_list":["post-39981","post","type-post","status-publish","format-standard","has-post-thumbnail","hentry","category-familles-de-prisonniers","category-palestine","category-les-prisionners-palestiniens"],"yoast_head":"<!-- This site is optimized with the Yoast SEO plugin v27.3 - https:\/\/yoast.com\/product\/yoast-seo-wordpress\/ -->\n<title>La d\u00e9tention administrative de Salah Hamouri prolong\u00e9e de trois mois<\/title>\n<meta name=\"description\" content=\"Un nouvel ordre militaire concernant Salah Hamouri a \u00e9t\u00e9 \u00e9mis le 5 juin, prolongeant de trois mois son d\u00e9tention administrative\" \/>\n<meta name=\"robots\" content=\"index, follow, max-snippet:-1, max-image-preview:large, max-video-preview:-1\" \/>\n<link rel=\"canonical\" href=\"https:\/\/charleroi-pourlapalestine.be\/index.php\/2022\/06\/10\/la-detention-administrative-de-salah-hamouri-prolongee-de-trois-mois\/\" \/>\n<script type=\"application\/ld+json\" class=\"yoast-schema-graph\">{\"@context\":\"https:\\\/\\\/schema.org\",\"@graph\":[{\"@type\":\"Article\",\"@id\":\"https:\\\/\\\/charleroi-pourlapalestine.be\\\/index.php\\\/2022\\\/06\\\/10\\\/la-detention-administrative-de-salah-hamouri-prolongee-de-trois-mois\\\/#article\",\"isPartOf\":{\"@id\":\"https:\\\/\\\/charleroi-pourlapalestine.be\\\/index.php\\\/2022\\\/06\\\/10\\\/la-detention-administrative-de-salah-hamouri-prolongee-de-trois-mois\\\/\"},\"author\":{\"name\":\"admin1873\",\"@id\":\"https:\\\/\\\/charleroi-pourlapalestine.be\\\/#\\\/schema\\\/person\\\/c19ff515112f1299d8c12671d8fe3faa\"},\"headline\":\"La d\u00e9tention administrative de Salah Hamouri prolong\u00e9e de trois mois\",\"datePublished\":\"2022-06-10T06:24:31+00:00\",\"dateModified\":\"2022-06-10T09:15:59+00:00\",\"mainEntityOfPage\":{\"@id\":\"https:\\\/\\\/charleroi-pourlapalestine.be\\\/index.php\\\/2022\\\/06\\\/10\\\/la-detention-administrative-de-salah-hamouri-prolongee-de-trois-mois\\\/\"},\"wordCount\":804,\"publisher\":{\"@id\":\"https:\\\/\\\/charleroi-pourlapalestine.be\\\/#organization\"},\"image\":{\"@id\":\"https:\\\/\\\/charleroi-pourlapalestine.be\\\/index.php\\\/2022\\\/06\\\/10\\\/la-detention-administrative-de-salah-hamouri-prolongee-de-trois-mois\\\/#primaryimage\"},\"thumbnailUrl\":\"https:\\\/\\\/charleroi-pourlapalestine.be\\\/wp-content\\\/uploads\\\/2022\\\/06\\\/Salah-Hamouri-1-2-e1654788294877.jpg\",\"articleSection\":[\"Familles de prisonniers\",\"Palestine\",\"Prisonniers\"],\"inLanguage\":\"fr-FR\"},{\"@type\":\"WebPage\",\"@id\":\"https:\\\/\\\/charleroi-pourlapalestine.be\\\/index.php\\\/2022\\\/06\\\/10\\\/la-detention-administrative-de-salah-hamouri-prolongee-de-trois-mois\\\/\",\"url\":\"https:\\\/\\\/charleroi-pourlapalestine.be\\\/index.php\\\/2022\\\/06\\\/10\\\/la-detention-administrative-de-salah-hamouri-prolongee-de-trois-mois\\\/\",\"name\":\"La d\u00e9tention administrative de Salah Hamouri prolong\u00e9e de trois mois\",\"isPartOf\":{\"@id\":\"https:\\\/\\\/charleroi-pourlapalestine.be\\\/#website\"},\"primaryImageOfPage\":{\"@id\":\"https:\\\/\\\/charleroi-pourlapalestine.be\\\/index.php\\\/2022\\\/06\\\/10\\\/la-detention-administrative-de-salah-hamouri-prolongee-de-trois-mois\\\/#primaryimage\"},\"image\":{\"@id\":\"https:\\\/\\\/charleroi-pourlapalestine.be\\\/index.php\\\/2022\\\/06\\\/10\\\/la-detention-administrative-de-salah-hamouri-prolongee-de-trois-mois\\\/#primaryimage\"},\"thumbnailUrl\":\"https:\\\/\\\/charleroi-pourlapalestine.be\\\/wp-content\\\/uploads\\\/2022\\\/06\\\/Salah-Hamouri-1-2-e1654788294877.jpg\",\"datePublished\":\"2022-06-10T06:24:31+00:00\",\"dateModified\":\"2022-06-10T09:15:59+00:00\",\"description\":\"Un nouvel ordre militaire concernant Salah Hamouri a \u00e9t\u00e9 \u00e9mis le 5 juin, prolongeant de trois mois son d\u00e9tention administrative\",\"breadcrumb\":{\"@id\":\"https:\\\/\\\/charleroi-pourlapalestine.be\\\/index.php\\\/2022\\\/06\\\/10\\\/la-detention-administrative-de-salah-hamouri-prolongee-de-trois-mois\\\/#breadcrumb\"},\"inLanguage\":\"fr-FR\",\"potentialAction\":[{\"@type\":\"ReadAction\",\"target\":[\"https:\\\/\\\/charleroi-pourlapalestine.be\\\/index.php\\\/2022\\\/06\\\/10\\\/la-detention-administrative-de-salah-hamouri-prolongee-de-trois-mois\\\/\"]}]},{\"@type\":\"ImageObject\",\"inLanguage\":\"fr-FR\",\"@id\":\"https:\\\/\\\/charleroi-pourlapalestine.be\\\/index.php\\\/2022\\\/06\\\/10\\\/la-detention-administrative-de-salah-hamouri-prolongee-de-trois-mois\\\/#primaryimage\",\"url\":\"https:\\\/\\\/charleroi-pourlapalestine.be\\\/wp-content\\\/uploads\\\/2022\\\/06\\\/Salah-Hamouri-1-2-e1654788294877.jpg\",\"contentUrl\":\"https:\\\/\\\/charleroi-pourlapalestine.be\\\/wp-content\\\/uploads\\\/2022\\\/06\\\/Salah-Hamouri-1-2-e1654788294877.jpg\",\"width\":480,\"height\":320},{\"@type\":\"BreadcrumbList\",\"@id\":\"https:\\\/\\\/charleroi-pourlapalestine.be\\\/index.php\\\/2022\\\/06\\\/10\\\/la-detention-administrative-de-salah-hamouri-prolongee-de-trois-mois\\\/#breadcrumb\",\"itemListElement\":[{\"@type\":\"ListItem\",\"position\":1,\"name\":\"Accueil\",\"item\":\"https:\\\/\\\/charleroi-pourlapalestine.be\\\/\"},{\"@type\":\"ListItem\",\"position\":2,\"name\":\"La d\u00e9tention administrative de Salah Hamouri prolong\u00e9e de trois mois\"}]},{\"@type\":\"WebSite\",\"@id\":\"https:\\\/\\\/charleroi-pourlapalestine.be\\\/#website\",\"url\":\"https:\\\/\\\/charleroi-pourlapalestine.be\\\/\",\"name\":\"Charleroi Pour la Palestine\",\"description\":\"\",\"publisher\":{\"@id\":\"https:\\\/\\\/charleroi-pourlapalestine.be\\\/#organization\"},\"potentialAction\":[{\"@type\":\"SearchAction\",\"target\":{\"@type\":\"EntryPoint\",\"urlTemplate\":\"https:\\\/\\\/charleroi-pourlapalestine.be\\\/?s={search_term_string}\"},\"query-input\":{\"@type\":\"PropertyValueSpecification\",\"valueRequired\":true,\"valueName\":\"search_term_string\"}}],\"inLanguage\":\"fr-FR\"},{\"@type\":\"Organization\",\"@id\":\"https:\\\/\\\/charleroi-pourlapalestine.be\\\/#organization\",\"name\":\"Plate-forme Charleroi-Palestine\",\"url\":\"https:\\\/\\\/charleroi-pourlapalestine.be\\\/\",\"logo\":{\"@type\":\"ImageObject\",\"inLanguage\":\"fr-FR\",\"@id\":\"https:\\\/\\\/charleroi-pourlapalestine.be\\\/#\\\/schema\\\/logo\\\/image\\\/\",\"url\":\"https:\\\/\\\/charleroi-pourlapalestine.be\\\/wp-content\\\/uploads\\\/2020\\\/01\\\/logo-Copy.jpg\",\"contentUrl\":\"https:\\\/\\\/charleroi-pourlapalestine.be\\\/wp-content\\\/uploads\\\/2020\\\/01\\\/logo-Copy.jpg\",\"width\":180,\"height\":180,\"caption\":\"Plate-forme Charleroi-Palestine\"},\"image\":{\"@id\":\"https:\\\/\\\/charleroi-pourlapalestine.be\\\/#\\\/schema\\\/logo\\\/image\\\/\"},\"sameAs\":[\"https:\\\/\\\/www.facebook.com\\\/PlateformeCharleroiPalestine\\\/\",\"https:\\\/\\\/x.com\\\/LaCharleroi\"]},{\"@type\":\"Person\",\"@id\":\"https:\\\/\\\/charleroi-pourlapalestine.be\\\/#\\\/schema\\\/person\\\/c19ff515112f1299d8c12671d8fe3faa\",\"name\":\"admin1873\",\"url\":\"https:\\\/\\\/charleroi-pourlapalestine.be\\\/index.php\\\/author\\\/admin1873\\\/\"}]}<\/script>\n<!-- \/ Yoast SEO plugin. -->","yoast_head_json":{"title":"La d\u00e9tention administrative de Salah Hamouri prolong\u00e9e de trois mois","description":"Un nouvel ordre militaire concernant Salah Hamouri a \u00e9t\u00e9 \u00e9mis le 5 juin, prolongeant de trois mois son d\u00e9tention administrative","robots":{"index":"index","follow":"follow","max-snippet":"max-snippet:-1","max-image-preview":"max-image-preview:large","max-video-preview":"max-video-preview:-1"},"canonical":"https:\/\/charleroi-pourlapalestine.be\/index.php\/2022\/06\/10\/la-detention-administrative-de-salah-hamouri-prolongee-de-trois-mois\/","schema":{"@context":"https:\/\/schema.org","@graph":[{"@type":"Article","@id":"https:\/\/charleroi-pourlapalestine.be\/index.php\/2022\/06\/10\/la-detention-administrative-de-salah-hamouri-prolongee-de-trois-mois\/#article","isPartOf":{"@id":"https:\/\/charleroi-pourlapalestine.be\/index.php\/2022\/06\/10\/la-detention-administrative-de-salah-hamouri-prolongee-de-trois-mois\/"},"author":{"name":"admin1873","@id":"https:\/\/charleroi-pourlapalestine.be\/#\/schema\/person\/c19ff515112f1299d8c12671d8fe3faa"},"headline":"La d\u00e9tention administrative de Salah Hamouri prolong\u00e9e de trois mois","datePublished":"2022-06-10T06:24:31+00:00","dateModified":"2022-06-10T09:15:59+00:00","mainEntityOfPage":{"@id":"https:\/\/charleroi-pourlapalestine.be\/index.php\/2022\/06\/10\/la-detention-administrative-de-salah-hamouri-prolongee-de-trois-mois\/"},"wordCount":804,"publisher":{"@id":"https:\/\/charleroi-pourlapalestine.be\/#organization"},"image":{"@id":"https:\/\/charleroi-pourlapalestine.be\/index.php\/2022\/06\/10\/la-detention-administrative-de-salah-hamouri-prolongee-de-trois-mois\/#primaryimage"},"thumbnailUrl":"https:\/\/charleroi-pourlapalestine.be\/wp-content\/uploads\/2022\/06\/Salah-Hamouri-1-2-e1654788294877.jpg","articleSection":["Familles de prisonniers","Palestine","Prisonniers"],"inLanguage":"fr-FR"},{"@type":"WebPage","@id":"https:\/\/charleroi-pourlapalestine.be\/index.php\/2022\/06\/10\/la-detention-administrative-de-salah-hamouri-prolongee-de-trois-mois\/","url":"https:\/\/charleroi-pourlapalestine.be\/index.php\/2022\/06\/10\/la-detention-administrative-de-salah-hamouri-prolongee-de-trois-mois\/","name":"La d\u00e9tention administrative de Salah Hamouri prolong\u00e9e de trois mois","isPartOf":{"@id":"https:\/\/charleroi-pourlapalestine.be\/#website"},"primaryImageOfPage":{"@id":"https:\/\/charleroi-pourlapalestine.be\/index.php\/2022\/06\/10\/la-detention-administrative-de-salah-hamouri-prolongee-de-trois-mois\/#primaryimage"},"image":{"@id":"https:\/\/charleroi-pourlapalestine.be\/index.php\/2022\/06\/10\/la-detention-administrative-de-salah-hamouri-prolongee-de-trois-mois\/#primaryimage"},"thumbnailUrl":"https:\/\/charleroi-pourlapalestine.be\/wp-content\/uploads\/2022\/06\/Salah-Hamouri-1-2-e1654788294877.jpg","datePublished":"2022-06-10T06:24:31+00:00","dateModified":"2022-06-10T09:15:59+00:00","description":"Un nouvel ordre militaire concernant Salah Hamouri a \u00e9t\u00e9 \u00e9mis le 5 juin, prolongeant de trois mois son d\u00e9tention administrative","breadcrumb":{"@id":"https:\/\/charleroi-pourlapalestine.be\/index.php\/2022\/06\/10\/la-detention-administrative-de-salah-hamouri-prolongee-de-trois-mois\/#breadcrumb"},"inLanguage":"fr-FR","potentialAction":[{"@type":"ReadAction","target":["https:\/\/charleroi-pourlapalestine.be\/index.php\/2022\/06\/10\/la-detention-administrative-de-salah-hamouri-prolongee-de-trois-mois\/"]}]},{"@type":"ImageObject","inLanguage":"fr-FR","@id":"https:\/\/charleroi-pourlapalestine.be\/index.php\/2022\/06\/10\/la-detention-administrative-de-salah-hamouri-prolongee-de-trois-mois\/#primaryimage","url":"https:\/\/charleroi-pourlapalestine.be\/wp-content\/uploads\/2022\/06\/Salah-Hamouri-1-2-e1654788294877.jpg","contentUrl":"https:\/\/charleroi-pourlapalestine.be\/wp-content\/uploads\/2022\/06\/Salah-Hamouri-1-2-e1654788294877.jpg","width":480,"height":320},{"@type":"BreadcrumbList","@id":"https:\/\/charleroi-pourlapalestine.be\/index.php\/2022\/06\/10\/la-detention-administrative-de-salah-hamouri-prolongee-de-trois-mois\/#breadcrumb","itemListElement":[{"@type":"ListItem","position":1,"name":"Accueil","item":"https:\/\/charleroi-pourlapalestine.be\/"},{"@type":"ListItem","position":2,"name":"La d\u00e9tention administrative de Salah Hamouri prolong\u00e9e de trois mois"}]},{"@type":"WebSite","@id":"https:\/\/charleroi-pourlapalestine.be\/#website","url":"https:\/\/charleroi-pourlapalestine.be\/","name":"Charleroi Pour la Palestine","description":"","publisher":{"@id":"https:\/\/charleroi-pourlapalestine.be\/#organization"},"potentialAction":[{"@type":"SearchAction","target":{"@type":"EntryPoint","urlTemplate":"https:\/\/charleroi-pourlapalestine.be\/?s={search_term_string}"},"query-input":{"@type":"PropertyValueSpecification","valueRequired":true,"valueName":"search_term_string"}}],"inLanguage":"fr-FR"},{"@type":"Organization","@id":"https:\/\/charleroi-pourlapalestine.be\/#organization","name":"Plate-forme Charleroi-Palestine","url":"https:\/\/charleroi-pourlapalestine.be\/","logo":{"@type":"ImageObject","inLanguage":"fr-FR","@id":"https:\/\/charleroi-pourlapalestine.be\/#\/schema\/logo\/image\/","url":"https:\/\/charleroi-pourlapalestine.be\/wp-content\/uploads\/2020\/01\/logo-Copy.jpg","contentUrl":"https:\/\/charleroi-pourlapalestine.be\/wp-content\/uploads\/2020\/01\/logo-Copy.jpg","width":180,"height":180,"caption":"Plate-forme Charleroi-Palestine"},"image":{"@id":"https:\/\/charleroi-pourlapalestine.be\/#\/schema\/logo\/image\/"},"sameAs":["https:\/\/www.facebook.com\/PlateformeCharleroiPalestine\/","https:\/\/x.com\/LaCharleroi"]},{"@type":"Person","@id":"https:\/\/charleroi-pourlapalestine.be\/#\/schema\/person\/c19ff515112f1299d8c12671d8fe3faa","name":"admin1873","url":"https:\/\/charleroi-pourlapalestine.be\/index.php\/author\/admin1873\/"}]}},"_links":{"self":[{"href":"https:\/\/charleroi-pourlapalestine.be\/index.php\/wp-json\/wp\/v2\/posts\/39981","targetHints":{"allow":["GET"]}}],"collection":[{"href":"https:\/\/charleroi-pourlapalestine.be\/index.php\/wp-json\/wp\/v2\/posts"}],"about":[{"href":"https:\/\/charleroi-pourlapalestine.be\/index.php\/wp-json\/wp\/v2\/types\/post"}],"author":[{"embeddable":true,"href":"https:\/\/charleroi-pourlapalestine.be\/index.php\/wp-json\/wp\/v2\/users\/1"}],"replies":[{"embeddable":true,"href":"https:\/\/charleroi-pourlapalestine.be\/index.php\/wp-json\/wp\/v2\/comments?post=39981"}],"version-history":[{"count":0,"href":"https:\/\/charleroi-pourlapalestine.be\/index.php\/wp-json\/wp\/v2\/posts\/39981\/revisions"}],"wp:featuredmedia":[{"embeddable":true,"href":"https:\/\/charleroi-pourlapalestine.be\/index.php\/wp-json\/wp\/v2\/media\/39985"}],"wp:attachment":[{"href":"https:\/\/charleroi-pourlapalestine.be\/index.php\/wp-json\/wp\/v2\/media?parent=39981"}],"wp:term":[{"taxonomy":"category","embeddable":true,"href":"https:\/\/charleroi-pourlapalestine.be\/index.php\/wp-json\/wp\/v2\/categories?post=39981"},{"taxonomy":"post_tag","embeddable":true,"href":"https:\/\/charleroi-pourlapalestine.be\/index.php\/wp-json\/wp\/v2\/tags?post=39981"}],"curies":[{"name":"wp","href":"https:\/\/api.w.org\/{rel}","templated":true}]}}